{"id":25479,"date":"2018-09-12T12:00:03","date_gmt":"2018-09-12T10:00:03","guid":{"rendered":"http:\/\/dicodusport.fr\/blog\/?p=25479"},"modified":"2018-09-12T12:02:02","modified_gmt":"2018-09-12T10:02:02","slug":"face-a-face-benoit-paire-coupe-davis-justifie","status":"publish","type":"post","link":"https:\/\/dicodusport.fr\/blog\/face-a-face-benoit-paire-coupe-davis-justifie\/","title":{"rendered":"Face \u00e0 face : Beno\u00eet Paire chez les Mousquetaires, est-ce justifi\u00e9 ?"},"content":{"rendered":"<p style=\"text-align: justify;\"><strong><em>Chaque mercredi, les r\u00e9dacteurs de Dicodusport\u00a0entrent sur le ring et s\u2019affrontent dans un Face \u00e0 Face autour d\u2019un sujet d\u2019actualit\u00e9. Dans ce un-contre-un engag\u00e9, chaque r\u00e9dacteur ou r\u00e9dactrice tentera de convaincre son adversaire ainsi que vous, cher lecteur, qu\u2019il m\u00e9rite de remporter ce duel. Un arbitre sera alors charg\u00e9 de les d\u00e9partager et de d\u00e9signer un vainqueur.\u00a0Aujourd\u2019hui, le d\u00e9bat porte sur la pr\u00e9sence de Beno\u00eet Paire au sein de l&rsquo;\u00e9quipe de France de Coupe Davis, qui vient d&rsquo;\u00eatre s\u00e9lectionn\u00e9\u00a0par Yannick Noah.<\/em><\/strong><\/p>\n<hr \/>\n<div id=\"attachment_25505\" style=\"width: 310px\" class=\"wp-caption aligncenter\"><img loading=\"lazy\" decoding=\"async\" aria-describedby=\"caption-attachment-25505\" class=\"wp-image-25505 size-medium\" src=\"http:\/\/dicodusport.fr\/blog\/wp-content\/uploads\/2018\/09\/15135914_1254208707976860_7105126427153271095_n-300x300.jpg\" alt=\"Face \u00e0 face : Beno\u00eet Paire\" width=\"300\" height=\"300\" srcset=\"https:\/\/dicodusport.fr\/blog\/wp-content\/uploads\/2018\/09\/15135914_1254208707976860_7105126427153271095_n-300x300.jpg 300w, https:\/\/dicodusport.fr\/blog\/wp-content\/uploads\/2018\/09\/15135914_1254208707976860_7105126427153271095_n-150x150.jpg 150w, https:\/\/dicodusport.fr\/blog\/wp-content\/uploads\/2018\/09\/15135914_1254208707976860_7105126427153271095_n-768x768.jpg 768w, https:\/\/dicodusport.fr\/blog\/wp-content\/uploads\/2018\/09\/15135914_1254208707976860_7105126427153271095_n.jpg 960w\" sizes=\"auto, (max-width: 300px) 100vw, 300px\" \/><p id=\"caption-attachment-25505\" class=\"wp-caption-text\">Tom est satisfait de l&rsquo;arriv\u00e9e de Beno\u00eet Paire chez les Mousquetaires.<\/p><\/div>\n<h4 style=\"text-align: justify;\"><img decoding=\"async\" class=\"emoji\" src=\"https:\/\/s.w.org\/images\/core\/emoji\/11\/svg\/1f44d.svg\" alt=\"&#x1f44d;\" \/>\u00a0Tom : Oui, cette s\u00e9lection de Beno\u00eet Paire est justifi\u00e9e, et honn\u00eatement, ce n\u2019est pas trop t\u00f4t.<\/h4>\n<p style=\"text-align: justify;\">Onze ans sur le circuit professionnel, six ans dans le Top 100, le tout ponctu\u00e9 de deux titres ATP, six titres en Challenger, des victoires contre Djokovic, Wawrinka ou Del Potro, et toujours aucune nomination en \u00c9quipe de France, cela d\u00e9passait l\u2019entendement. Et cette fois, tous les \u00e9l\u00e9ments \u00e9taient en sa faveur de telle fa\u00e7on que cette s\u00e9lection ne pouvait lui \u00e9chapper.<\/p>\n<p style=\"text-align: justify;\">D\u2019abord, la surface de jeu. La France a choisi de jouer cette demi-finale sur dur indoor, les conditions de jeu de pr\u00e9dilection de Beno\u00eet Paire. L\u2019Avignonnais y a obtenu ses meilleurs r\u00e9sultats en carri\u00e8re\u00a0: 4 titres en Challenger, deux finales en ATP 250 et des victoires contre Wawrinka, Goffin ou encore Raonic. Ensuite, les nombreuses absences ou m\u00e9formes des joueurs fran\u00e7ais ont fortement jou\u00e9. Avec les blessures de Tsonga, Monfils et Herbert, et la m\u00e9forme de Simon ou Chardy, Yannick Noah n\u2019avait plus vraiment le choix. Enfin, il est clair qu\u2019en termes de talent pur, Beno\u00eet Paire surpasse les deux derniers cit\u00e9s, ainsi que les autres candidats \u00e0 cette derni\u00e8re place, encore trop inexp\u00e9riment\u00e9s (Humbert, Moutet, Halys).<\/p>\n<p style=\"text-align: justify;\">Le seul argument qui pourrait jouer en sa d\u00e9faveur serait bien s\u00fbr son mental. Ce qu\u2019il se passe dans la t\u00eate du 54<sup>\u00e8me<\/sup> mondial restera un grand myst\u00e8re. Mais, quand il branche ses neurones, il peut battre \u00e0 peu pr\u00e8s n\u2019importe qui. Or, dans le cas de la Coupe Davis, on peut \u00eatre s\u00fbr qu\u2019il sera totalement concentr\u00e9 et donnera son maximum. Il le r\u00e9p\u00e8te depuis des mois et des mois\u00a0: \u00ab\u00a0 <em>J&rsquo;ai vraiment envie de jouer en Coupe Davis\u00a0cette ann\u00e9e, parce qu\u2019elle sera morte en 2019\u00bb.<\/em> Et rien que pour voir l\u2019image du rejet\u00e9 Beno\u00eet Paire nous apporter le point de la victoire pour cette derni\u00e8re \u00e9dition de la Coupe Davis, je signe tout de suite.<\/p>\n<hr \/>\n<div id=\"attachment_25506\" style=\"width: 310px\" class=\"wp-caption aligncenter\"><img loading=\"lazy\" decoding=\"async\" aria-describedby=\"caption-attachment-25506\" class=\"size-medium wp-image-25506\" src=\"http:\/\/dicodusport.fr\/blog\/wp-content\/uploads\/2018\/09\/13912423_10210773760888513_101792134721500533_n-300x300.jpg\" alt=\"Face \u00e0 face : Beno\u00eet Pa\u00eere\" width=\"300\" height=\"300\" srcset=\"https:\/\/dicodusport.fr\/blog\/wp-content\/uploads\/2018\/09\/13912423_10210773760888513_101792134721500533_n-300x300.jpg 300w, https:\/\/dicodusport.fr\/blog\/wp-content\/uploads\/2018\/09\/13912423_10210773760888513_101792134721500533_n-150x150.jpg 150w, https:\/\/dicodusport.fr\/blog\/wp-content\/uploads\/2018\/09\/13912423_10210773760888513_101792134721500533_n.jpg 600w\" sizes=\"auto, (max-width: 300px) 100vw, 300px\" \/><p id=\"caption-attachment-25506\" class=\"wp-caption-text\">Romain n&rsquo;est pas vraiment pour la s\u00e9lection du tennisman fran\u00e7ais.<\/p><\/div>\n<h4 style=\"text-align: justify;\"><img decoding=\"async\" class=\"emoji\" src=\"https:\/\/s.w.org\/images\/core\/emoji\/11\/svg\/1f44e.svg\" alt=\"&#x1f44e;\" \/>\u00a0Romain : Non, la s\u00e9lection de Beno\u00eet Paire en Coupe Davis n\u2019est pas justifi\u00e9e.<\/h4>\n<p style=\"text-align: justify;\">Si les solutions manquaient \u00e0 l\u2019appel pour Yannick Noah, le choix de s\u00e9lectionner Beno\u00eet Paire n\u2019est pas pour autant une bonne id\u00e9e. Si le talent du joueur est incontestable, malgr\u00e9 un classement assez moyen (54<sup>\u00e8me<\/sup> mondial), il para\u00eet difficile aujourd\u2019hui de construire une \u00e9quipe avec celui qui a d\u00e9j\u00e0 claqu\u00e9 la porte au nez de l\u2019\u00e9quipe de France durant les Jeux Olympiques 2016 \u00e0 Rio.<\/p>\n<p style=\"text-align: justify;\">Temp\u00e9rament de feu, niveau de jeu al\u00e9atoire, relationnel compliqu\u00e9\u2026 Pour une premi\u00e8re s\u00e9lection en \u00e9quipe de France, c\u2019est un risque que prend Yannick Noah en convoquant Beno\u00eet Paire. Le fantasque avignonnais peut \u00eatre \u00e0 la fois une vraie surprise dans le groupe mais aussi une bombe \u00e0 retardement.<\/p>\n<p style=\"text-align: justify;\">Dans une comp\u00e9tition qu\u2019il ne conna\u00eet pas, au niveau d\u2019exigence et de professionnalisme encore plus pouss\u00e9 qu\u2019\u00e0 l\u2019accoutum\u00e9e, Beno\u00eet Paire va devoir faire preuve d\u2019exemplarit\u00e9 pour prouver aux fran\u00e7ais mais aussi au s\u00e9lectionneur sa v\u00e9ritable envie de jouer pour les Bleus.<\/p>\n<p style=\"text-align: justify;\">Sa capacit\u00e9 \u00e0 se fondre dans un effectif reste aussi une \u00e9nigme, notamment avec son caract\u00e8re bien tremp\u00e9. Son meilleur classement obtenu en 2015 (19<sup>\u00e8me<\/sup>), Beno\u00eet Paire ne repr\u00e9sente pas forc\u00e9ment l\u2019avenir de notre \u00c9quipe de France et c\u2019est certainement un grand coup de poker que Yannick Noah a tent\u00e9 ici.<\/p>\n<hr \/>\n<h4 style=\"text-align: justify;\">Verdict de l\u2019arbitre :<\/h4>\n<p style=\"text-align: justify;\">Nos deux r\u00e9dacteurs sont d&rsquo;accord sur un point : la s\u00e9lection de Beno\u00eet Paire est risqu\u00e9e, notamment sur le plan mental et sur son sens du collectif. Si le 54\u00e8me joueur mondial a souvent des sautes d&rsquo;humeur spectaculaires et a un niveau assez irr\u00e9gulier comme le souligne Romain, les autres choix \u00e0 sa place n&rsquo;\u00e9taient pas plus convaincants selon Tom. Sur un terrain dur indoor qui lui est plut\u00f4t favorable, le joueur a l&rsquo;air motiv\u00e9 et devrait tout donner pour les Mousquetaires. Je vais donc plut\u00f4t pencher pour l&rsquo;argumentaire de Tom, en esp\u00e9rant pour l&rsquo;\u00e9quipe de France qu&rsquo;il ait raison dans le futur !<\/p>\n<p><strong><img decoding=\"async\" class=\"emoji\" src=\"https:\/\/s.w.org\/images\/core\/emoji\/11\/svg\/1f3c6.svg\" alt=\"&#x1f3c6;\" \/>\u00a0Tom remporte donc ce d\u00e9bat !<\/strong><\/p>\n<p style=\"text-align: justify;\"><em><strong>Mathieu Veillon<br \/>\n<a href=\"https:\/\/twitter.com\/MathieuVeillon\" target=\"_blank\" rel=\"noopener noreferrer\"><img loading=\"lazy\" decoding=\"async\" class=\"alignnone wp-image-2908\" src=\"http:\/\/dicodusport.fr\/blog\/wp-content\/uploads\/2017\/07\/logo-twitter-150x150.png\" alt=\"\" width=\"39\" height=\"39\" \/><\/a><\/strong><\/em><\/p>\n","protected":false},"excerpt":{"rendered":"<p>Chaque mercredi, les r\u00e9dacteurs de Dicodusport\u00a0entrent sur le ring et s\u2019affrontent dans un Face \u00e0 Face autour d\u2019un sujet d\u2019actualit\u00e9. Dans ce un-contre-un engag\u00e9, chaque r\u00e9dacteur ou r\u00e9dactrice tentera de convaincre son adversaire ainsi que vous, cher lecteur, qu\u2019il m\u00e9rite de remporter ce duel. Un arbitre sera alors charg\u00e9 de les d\u00e9partager et de d\u00e9signer [&hellip;]<\/p>\n","protected":false},"author":21,"featured_media":25527,"comment_status":"open","ping_status":"closed","sticky":false,"template":"","format":"standard","meta":{"_acf_changed":false,"_daextam_enable_autolinks":"","footnotes":""},"categories":[2,2348,2365,2302],"tags":[156,5942,2540,199,30,136,995],"class_list":["post-25479","post","type-post","status-publish","format-standard","has-post-thumbnail","hentry","category-actualites","category-face-a-face","category-sports-de-raquette","category-tennis","tag-atp","tag-benoit-paire","tag-coupe-davis","tag-equipe-de-france","tag-france","tag-tennis","tag-yannick-noah"],"acf":[],"yoast_head":"<!-- This site is optimized with the Yoast SEO Premium plugin v26.7 (Yoast SEO v26.7) - https:\/\/yoast.com\/wordpress\/plugins\/seo\/ -->\n<title>Face \u00e0 face : Benoit Paire chez les mousquetaires, est-ce justifi\u00e9 ?<\/title>\n<meta name=\"description\" content=\"Pour le Face \u00e0 face de la semaine, les r\u00e9dacteurs de Dicodusport d\u00e9battent sur la pr\u00e9sence de Beno\u00eet Paire au sein de l&#039;\u00c9quipe de France de Coupe Davis.\" \/>\n<meta name=\"robots\" content=\"index, follow, max-snippet:-1, max-image-preview:large, max-video-preview:-1\" \/>\n<link rel=\"canonical\" href=\"https:\/\/dicodusport.fr\/blog\/face-a-face-benoit-paire-coupe-davis-justifie\/\" \/>\n<meta property=\"og:locale\" content=\"fr_FR\" \/>\n<meta property=\"og:type\" content=\"article\" \/>\n<meta property=\"og:title\" content=\"Face \u00e0 face : Beno\u00eet Paire chez les Mousquetaires, est-ce justifi\u00e9 ?\" \/>\n<meta property=\"og:description\" content=\"Pour le Face \u00e0 face de la semaine, les r\u00e9dacteurs de Dicodusport d\u00e9battent sur la pr\u00e9sence de Beno\u00eet Paire au sein de l&#039;\u00c9quipe de France de Coupe Davis.\" \/>\n<meta property=\"og:url\" content=\"https:\/\/dicodusport.fr\/blog\/face-a-face-benoit-paire-coupe-davis-justifie\/\" \/>\n<meta property=\"og:site_name\" content=\"Dicodusport\" \/>\n<meta property=\"article:publisher\" content=\"https:\/\/www.facebook.com\/dicodusport\" \/>\n<meta property=\"article:published_time\" content=\"2018-09-12T10:00:03+00:00\" \/>\n<meta property=\"article:modified_time\" content=\"2018-09-12T10:02:02+00:00\" \/>\n<meta property=\"og:image\" content=\"https:\/\/dicodusport.fr\/blog\/wp-content\/uploads\/2018\/09\/Beno\u00eet-Paire-Coupe-Davis.png\" \/>\n\t<meta property=\"og:image:width\" content=\"800\" \/>\n\t<meta property=\"og:image:height\" content=\"445\" \/>\n\t<meta property=\"og:image:type\" content=\"image\/png\" \/>\n<meta name=\"author\" content=\"Mathieu Veillon\" \/>\n<meta name=\"twitter:card\" content=\"summary_large_image\" \/>\n<meta name=\"twitter:creator\" content=\"@https:\/\/twitter.com\/MathieuVeillon\" \/>\n<meta name=\"twitter:site\" content=\"@dicodusport\" \/>\n<script type=\"application\/ld+json\" class=\"yoast-schema-graph\">{\"@context\":\"https:\/\/schema.org\",\"@graph\":[{\"@type\":\"NewsArticle\",\"@id\":\"https:\/\/dicodusport.fr\/blog\/face-a-face-benoit-paire-coupe-davis-justifie\/#article\",\"isPartOf\":{\"@id\":\"https:\/\/dicodusport.fr\/blog\/face-a-face-benoit-paire-coupe-davis-justifie\/\"},\"author\":{\"name\":\"Mathieu Veillon\",\"@id\":\"https:\/\/dicodusport.fr\/blog\/#\/schema\/person\/9731cdc747db1ceb457a2bfa9180a806\"},\"headline\":\"Face \u00e0 face : Beno\u00eet Paire chez les Mousquetaires, est-ce justifi\u00e9 ?\",\"datePublished\":\"2018-09-12T10:00:03+00:00\",\"dateModified\":\"2018-09-12T10:02:02+00:00\",\"mainEntityOfPage\":{\"@id\":\"https:\/\/dicodusport.fr\/blog\/face-a-face-benoit-paire-coupe-davis-justifie\/\"},\"wordCount\":876,\"commentCount\":0,\"publisher\":{\"@id\":\"https:\/\/dicodusport.fr\/blog\/#organization\"},\"image\":{\"@id\":\"https:\/\/dicodusport.fr\/blog\/face-a-face-benoit-paire-coupe-davis-justifie\/#primaryimage\"},\"thumbnailUrl\":\"https:\/\/dicodusport.fr\/blog\/wp-content\/uploads\/2018\/09\/Beno\u00eet-Paire-Coupe-Davis.png\",\"keywords\":[\"ATP\",\"Beno\u00eet Paire\",\"Coupe Davis\",\"\u00c9quipe de France\",\"France\",\"Tennis\",\"yannick noah\"],\"articleSection\":[\"Actualit\u00e9s\",\"Face \u00e0 face\",\"Sports de raquette\",\"Tennis\"],\"inLanguage\":\"fr-FR\",\"potentialAction\":[{\"@type\":\"CommentAction\",\"name\":\"Comment\",\"target\":[\"https:\/\/dicodusport.fr\/blog\/face-a-face-benoit-paire-coupe-davis-justifie\/#respond\"]}],\"copyrightYear\":\"2018\",\"copyrightHolder\":{\"@id\":\"https:\/\/dicodusport.fr\/blog\/#organization\"}},{\"@type\":\"WebPage\",\"@id\":\"https:\/\/dicodusport.fr\/blog\/face-a-face-benoit-paire-coupe-davis-justifie\/\",\"url\":\"https:\/\/dicodusport.fr\/blog\/face-a-face-benoit-paire-coupe-davis-justifie\/\",\"name\":\"Face \u00e0 face : Benoit Paire chez les mousquetaires, est-ce justifi\u00e9 ?\",\"isPartOf\":{\"@id\":\"https:\/\/dicodusport.fr\/blog\/#website\"},\"primaryImageOfPage\":{\"@id\":\"https:\/\/dicodusport.fr\/blog\/face-a-face-benoit-paire-coupe-davis-justifie\/#primaryimage\"},\"image\":{\"@id\":\"https:\/\/dicodusport.fr\/blog\/face-a-face-benoit-paire-coupe-davis-justifie\/#primaryimage\"},\"thumbnailUrl\":\"https:\/\/dicodusport.fr\/blog\/wp-content\/uploads\/2018\/09\/Beno\u00eet-Paire-Coupe-Davis.png\",\"datePublished\":\"2018-09-12T10:00:03+00:00\",\"dateModified\":\"2018-09-12T10:02:02+00:00\",\"description\":\"Pour le Face \u00e0 face de la semaine, les r\u00e9dacteurs de Dicodusport d\u00e9battent sur la pr\u00e9sence de Beno\u00eet Paire au sein de l'\u00c9quipe de France de Coupe Davis.\",\"breadcrumb\":{\"@id\":\"https:\/\/dicodusport.fr\/blog\/face-a-face-benoit-paire-coupe-davis-justifie\/#breadcrumb\"},\"inLanguage\":\"fr-FR\",\"potentialAction\":[{\"@type\":\"ReadAction\",\"target\":[\"https:\/\/dicodusport.fr\/blog\/face-a-face-benoit-paire-coupe-davis-justifie\/\"]}]},{\"@type\":\"ImageObject\",\"inLanguage\":\"fr-FR\",\"@id\":\"https:\/\/dicodusport.fr\/blog\/face-a-face-benoit-paire-coupe-davis-justifie\/#primaryimage\",\"url\":\"https:\/\/dicodusport.fr\/blog\/wp-content\/uploads\/2018\/09\/Beno\u00eet-Paire-Coupe-Davis.png\",\"contentUrl\":\"https:\/\/dicodusport.fr\/blog\/wp-content\/uploads\/2018\/09\/Beno\u00eet-Paire-Coupe-Davis.png\",\"width\":800,\"height\":445},{\"@type\":\"BreadcrumbList\",\"@id\":\"https:\/\/dicodusport.fr\/blog\/face-a-face-benoit-paire-coupe-davis-justifie\/#breadcrumb\",\"itemListElement\":[{\"@type\":\"ListItem\",\"position\":1,\"name\":\"Accueil\",\"item\":\"https:\/\/dicodusport.fr\/blog\/\"},{\"@type\":\"ListItem\",\"position\":2,\"name\":\"Face \u00e0 face : Beno\u00eet Paire chez les Mousquetaires, est-ce justifi\u00e9 ?\"}]},{\"@type\":\"WebSite\",\"@id\":\"https:\/\/dicodusport.fr\/blog\/#website\",\"url\":\"https:\/\/dicodusport.fr\/blog\/\",\"name\":\"Dicodusport\",\"description\":\"L&#039;encyclop\u00e9die de l&#039;actualit\u00e9 sportive\",\"publisher\":{\"@id\":\"https:\/\/dicodusport.fr\/blog\/#organization\"},\"potentialAction\":[{\"@type\":\"SearchAction\",\"target\":{\"@type\":\"EntryPoint\",\"urlTemplate\":\"https:\/\/dicodusport.fr\/blog\/?s={search_term_string}\"},\"query-input\":{\"@type\":\"PropertyValueSpecification\",\"valueRequired\":true,\"valueName\":\"search_term_string\"}}],\"inLanguage\":\"fr-FR\"},{\"@type\":\"NewsMediaOrganization\",\"@id\":\"https:\/\/dicodusport.fr\/blog\/#organization\",\"name\":\"Dicodusport\",\"url\":\"https:\/\/dicodusport.fr\/blog\/\",\"logo\":{\"@type\":\"ImageObject\",\"inLanguage\":\"fr-FR\",\"@id\":\"https:\/\/dicodusport.fr\/blog\/#\/schema\/logo\/image\/\",\"url\":\"https:\/\/dicodusport.fr\/blog\/wp-content\/uploads\/2020\/06\/cropped-LOGO-DICODUSPORT-2020-SANS-FOND-SANS-TEXTE.png\",\"contentUrl\":\"https:\/\/dicodusport.fr\/blog\/wp-content\/uploads\/2020\/06\/cropped-LOGO-DICODUSPORT-2020-SANS-FOND-SANS-TEXTE.png\",\"width\":512,\"height\":512,\"caption\":\"Dicodusport\"},\"image\":{\"@id\":\"https:\/\/dicodusport.fr\/blog\/#\/schema\/logo\/image\/\"},\"sameAs\":[\"https:\/\/www.facebook.com\/dicodusport\",\"https:\/\/x.com\/dicodusport\",\"https:\/\/www.instagram.com\/dicodusport\/\",\"https:\/\/www.youtube.com\/channel\/UC7V2KZ5sd3htJivAbA4ZG3w\"],\"description\":\"Dicodusport est l'encyclop\u00e9die de l'actualit\u00e9 sportive.\",\"email\":\"bonjour@dicodusport.fr\",\"legalName\":\"DICODUSPORT\",\"foundingDate\":\"2018-01-14\",\"vatID\":\"FR71834470973\",\"taxID\":\"83447097300043\",\"numberOfEmployees\":{\"@type\":\"QuantitativeValue\",\"minValue\":\"1\",\"maxValue\":\"10\"}},{\"@type\":\"Person\",\"@id\":\"https:\/\/dicodusport.fr\/blog\/#\/schema\/person\/9731cdc747db1ceb457a2bfa9180a806\",\"name\":\"Mathieu Veillon\",\"image\":{\"@type\":\"ImageObject\",\"inLanguage\":\"fr-FR\",\"@id\":\"https:\/\/dicodusport.fr\/blog\/#\/schema\/person\/image\/\",\"url\":\"https:\/\/dicodusport.fr\/blog\/wp-content\/uploads\/2021\/05\/Mathieu-Veillon-150x150.jpg\",\"contentUrl\":\"https:\/\/dicodusport.fr\/blog\/wp-content\/uploads\/2021\/05\/Mathieu-Veillon-150x150.jpg\",\"caption\":\"Mathieu Veillon\"},\"description\":\"Journaliste\/r\u00e9dacteur depuis septembre 2015 - Ma d\u00e9finition du bonheur ? Une galette-saucisse au Roazhon Park ou un caf\u00e9 devant un Lakers\/Celtics au petit matin. Fid\u00e8le membre de la team insomniaque de la r\u00e9dac, j\u2019ai le pouvoir de rester \u00e9veill\u00e9 jusqu\u2019\u00e0 l\u2019aube pour faire vivre aux lecteurs ma passion du sport. Ainsi, j\u2019\u00e9cris principalement sur la NBA, le biathlon, le cyclisme ou encore la F1. Comptez dans mes exploits sportifs le fait d\u2019avoir fait gagner le Tour de France 2018 \u00e0 Tony Gallopin sur Pro Cycling Manager, ou encore d\u2019avoir men\u00e9 l\u2019\u00e9quipe nationale de Bretagne en finale de Coupe du monde sur Football Manager.\",\"sameAs\":[\"https:\/\/x.com\/https:\/\/twitter.com\/MathieuVeillon\"],\"url\":\"https:\/\/dicodusport.fr\/blog\/author\/mathieu\/\"}]}<\/script>\n<!-- \/ Yoast SEO Premium plugin. -->","yoast_head_json":{"title":"Face \u00e0 face : Benoit Paire chez les mousquetaires, est-ce justifi\u00e9 ?","description":"Pour le Face \u00e0 face de la semaine, les r\u00e9dacteurs de Dicodusport d\u00e9battent sur la pr\u00e9sence de Beno\u00eet Paire au sein de l'\u00c9quipe de France de Coupe Davis.","robots":{"index":"index","follow":"follow","max-snippet":"max-snippet:-1","max-image-preview":"max-image-preview:large","max-video-preview":"max-video-preview:-1"},"canonical":"https:\/\/dicodusport.fr\/blog\/face-a-face-benoit-paire-coupe-davis-justifie\/","og_locale":"fr_FR","og_type":"article","og_title":"Face \u00e0 face : Beno\u00eet Paire chez les Mousquetaires, est-ce justifi\u00e9 ?","og_description":"Pour le Face \u00e0 face de la semaine, les r\u00e9dacteurs de Dicodusport d\u00e9battent sur la pr\u00e9sence de Beno\u00eet Paire au sein de l'\u00c9quipe de France de Coupe Davis.","og_url":"https:\/\/dicodusport.fr\/blog\/face-a-face-benoit-paire-coupe-davis-justifie\/","og_site_name":"Dicodusport","article_publisher":"https:\/\/www.facebook.com\/dicodusport","article_published_time":"2018-09-12T10:00:03+00:00","article_modified_time":"2018-09-12T10:02:02+00:00","og_image":[{"width":800,"height":445,"url":"https:\/\/dicodusport.fr\/blog\/wp-content\/uploads\/2018\/09\/Beno\u00eet-Paire-Coupe-Davis.png","type":"image\/png"}],"author":"Mathieu Veillon","twitter_card":"summary_large_image","twitter_creator":"@https:\/\/twitter.com\/MathieuVeillon","twitter_site":"@dicodusport","schema":{"@context":"https:\/\/schema.org","@graph":[{"@type":"NewsArticle","@id":"https:\/\/dicodusport.fr\/blog\/face-a-face-benoit-paire-coupe-davis-justifie\/#article","isPartOf":{"@id":"https:\/\/dicodusport.fr\/blog\/face-a-face-benoit-paire-coupe-davis-justifie\/"},"author":{"name":"Mathieu Veillon","@id":"https:\/\/dicodusport.fr\/blog\/#\/schema\/person\/9731cdc747db1ceb457a2bfa9180a806"},"headline":"Face \u00e0 face : Beno\u00eet Paire chez les Mousquetaires, est-ce justifi\u00e9 ?","datePublished":"2018-09-12T10:00:03+00:00","dateModified":"2018-09-12T10:02:02+00:00","mainEntityOfPage":{"@id":"https:\/\/dicodusport.fr\/blog\/face-a-face-benoit-paire-coupe-davis-justifie\/"},"wordCount":876,"commentCount":0,"publisher":{"@id":"https:\/\/dicodusport.fr\/blog\/#organization"},"image":{"@id":"https:\/\/dicodusport.fr\/blog\/face-a-face-benoit-paire-coupe-davis-justifie\/#primaryimage"},"thumbnailUrl":"https:\/\/dicodusport.fr\/blog\/wp-content\/uploads\/2018\/09\/Beno\u00eet-Paire-Coupe-Davis.png","keywords":["ATP","Beno\u00eet Paire","Coupe Davis","\u00c9quipe de France","France","Tennis","yannick noah"],"articleSection":["Actualit\u00e9s","Face \u00e0 face","Sports de raquette","Tennis"],"inLanguage":"fr-FR","potentialAction":[{"@type":"CommentAction","name":"Comment","target":["https:\/\/dicodusport.fr\/blog\/face-a-face-benoit-paire-coupe-davis-justifie\/#respond"]}],"copyrightYear":"2018","copyrightHolder":{"@id":"https:\/\/dicodusport.fr\/blog\/#organization"}},{"@type":"WebPage","@id":"https:\/\/dicodusport.fr\/blog\/face-a-face-benoit-paire-coupe-davis-justifie\/","url":"https:\/\/dicodusport.fr\/blog\/face-a-face-benoit-paire-coupe-davis-justifie\/","name":"Face \u00e0 face : Benoit Paire chez les mousquetaires, est-ce justifi\u00e9 ?","isPartOf":{"@id":"https:\/\/dicodusport.fr\/blog\/#website"},"primaryImageOfPage":{"@id":"https:\/\/dicodusport.fr\/blog\/face-a-face-benoit-paire-coupe-davis-justifie\/#primaryimage"},"image":{"@id":"https:\/\/dicodusport.fr\/blog\/face-a-face-benoit-paire-coupe-davis-justifie\/#primaryimage"},"thumbnailUrl":"https:\/\/dicodusport.fr\/blog\/wp-content\/uploads\/2018\/09\/Beno\u00eet-Paire-Coupe-Davis.png","datePublished":"2018-09-12T10:00:03+00:00","dateModified":"2018-09-12T10:02:02+00:00","description":"Pour le Face \u00e0 face de la semaine, les r\u00e9dacteurs de Dicodusport d\u00e9battent sur la pr\u00e9sence de Beno\u00eet Paire au sein de l'\u00c9quipe de France de Coupe Davis.","breadcrumb":{"@id":"https:\/\/dicodusport.fr\/blog\/face-a-face-benoit-paire-coupe-davis-justifie\/#breadcrumb"},"inLanguage":"fr-FR","potentialAction":[{"@type":"ReadAction","target":["https:\/\/dicodusport.fr\/blog\/face-a-face-benoit-paire-coupe-davis-justifie\/"]}]},{"@type":"ImageObject","inLanguage":"fr-FR","@id":"https:\/\/dicodusport.fr\/blog\/face-a-face-benoit-paire-coupe-davis-justifie\/#primaryimage","url":"https:\/\/dicodusport.fr\/blog\/wp-content\/uploads\/2018\/09\/Beno\u00eet-Paire-Coupe-Davis.png","contentUrl":"https:\/\/dicodusport.fr\/blog\/wp-content\/uploads\/2018\/09\/Beno\u00eet-Paire-Coupe-Davis.png","width":800,"height":445},{"@type":"BreadcrumbList","@id":"https:\/\/dicodusport.fr\/blog\/face-a-face-benoit-paire-coupe-davis-justifie\/#breadcrumb","itemListElement":[{"@type":"ListItem","position":1,"name":"Accueil","item":"https:\/\/dicodusport.fr\/blog\/"},{"@type":"ListItem","position":2,"name":"Face \u00e0 face : Beno\u00eet Paire chez les Mousquetaires, est-ce justifi\u00e9 ?"}]},{"@type":"WebSite","@id":"https:\/\/dicodusport.fr\/blog\/#website","url":"https:\/\/dicodusport.fr\/blog\/","name":"Dicodusport","description":"L&#039;encyclop\u00e9die de l&#039;actualit\u00e9 sportive","publisher":{"@id":"https:\/\/dicodusport.fr\/blog\/#organization"},"potentialAction":[{"@type":"SearchAction","target":{"@type":"EntryPoint","urlTemplate":"https:\/\/dicodusport.fr\/blog\/?s={search_term_string}"},"query-input":{"@type":"PropertyValueSpecification","valueRequired":true,"valueName":"search_term_string"}}],"inLanguage":"fr-FR"},{"@type":"NewsMediaOrganization","@id":"https:\/\/dicodusport.fr\/blog\/#organization","name":"Dicodusport","url":"https:\/\/dicodusport.fr\/blog\/","logo":{"@type":"ImageObject","inLanguage":"fr-FR","@id":"https:\/\/dicodusport.fr\/blog\/#\/schema\/logo\/image\/","url":"https:\/\/dicodusport.fr\/blog\/wp-content\/uploads\/2020\/06\/cropped-LOGO-DICODUSPORT-2020-SANS-FOND-SANS-TEXTE.png","contentUrl":"https:\/\/dicodusport.fr\/blog\/wp-content\/uploads\/2020\/06\/cropped-LOGO-DICODUSPORT-2020-SANS-FOND-SANS-TEXTE.png","width":512,"height":512,"caption":"Dicodusport"},"image":{"@id":"https:\/\/dicodusport.fr\/blog\/#\/schema\/logo\/image\/"},"sameAs":["https:\/\/www.facebook.com\/dicodusport","https:\/\/x.com\/dicodusport","https:\/\/www.instagram.com\/dicodusport\/","https:\/\/www.youtube.com\/channel\/UC7V2KZ5sd3htJivAbA4ZG3w"],"description":"Dicodusport est l'encyclop\u00e9die de l'actualit\u00e9 sportive.","email":"bonjour@dicodusport.fr","legalName":"DICODUSPORT","foundingDate":"2018-01-14","vatID":"FR71834470973","taxID":"83447097300043","numberOfEmployees":{"@type":"QuantitativeValue","minValue":"1","maxValue":"10"}},{"@type":"Person","@id":"https:\/\/dicodusport.fr\/blog\/#\/schema\/person\/9731cdc747db1ceb457a2bfa9180a806","name":"Mathieu Veillon","image":{"@type":"ImageObject","inLanguage":"fr-FR","@id":"https:\/\/dicodusport.fr\/blog\/#\/schema\/person\/image\/","url":"https:\/\/dicodusport.fr\/blog\/wp-content\/uploads\/2021\/05\/Mathieu-Veillon-150x150.jpg","contentUrl":"https:\/\/dicodusport.fr\/blog\/wp-content\/uploads\/2021\/05\/Mathieu-Veillon-150x150.jpg","caption":"Mathieu Veillon"},"description":"Journaliste\/r\u00e9dacteur depuis septembre 2015 - Ma d\u00e9finition du bonheur ? Une galette-saucisse au Roazhon Park ou un caf\u00e9 devant un Lakers\/Celtics au petit matin. Fid\u00e8le membre de la team insomniaque de la r\u00e9dac, j\u2019ai le pouvoir de rester \u00e9veill\u00e9 jusqu\u2019\u00e0 l\u2019aube pour faire vivre aux lecteurs ma passion du sport. Ainsi, j\u2019\u00e9cris principalement sur la NBA, le biathlon, le cyclisme ou encore la F1. Comptez dans mes exploits sportifs le fait d\u2019avoir fait gagner le Tour de France 2018 \u00e0 Tony Gallopin sur Pro Cycling Manager, ou encore d\u2019avoir men\u00e9 l\u2019\u00e9quipe nationale de Bretagne en finale de Coupe du monde sur Football Manager.","sameAs":["https:\/\/x.com\/https:\/\/twitter.com\/MathieuVeillon"],"url":"https:\/\/dicodusport.fr\/blog\/author\/mathieu\/"}]}},"_links":{"self":[{"href":"https:\/\/dicodusport.fr\/blog\/wp-json\/wp\/v2\/posts\/25479","targetHints":{"allow":["GET"]}}],"collection":[{"href":"https:\/\/dicodusport.fr\/blog\/wp-json\/wp\/v2\/posts"}],"about":[{"href":"https:\/\/dicodusport.fr\/blog\/wp-json\/wp\/v2\/types\/post"}],"author":[{"embeddable":true,"href":"https:\/\/dicodusport.fr\/blog\/wp-json\/wp\/v2\/users\/21"}],"replies":[{"embeddable":true,"href":"https:\/\/dicodusport.fr\/blog\/wp-json\/wp\/v2\/comments?post=25479"}],"version-history":[{"count":0,"href":"https:\/\/dicodusport.fr\/blog\/wp-json\/wp\/v2\/posts\/25479\/revisions"}],"wp:featuredmedia":[{"embeddable":true,"href":"https:\/\/dicodusport.fr\/blog\/wp-json\/wp\/v2\/media\/25527"}],"wp:attachment":[{"href":"https:\/\/dicodusport.fr\/blog\/wp-json\/wp\/v2\/media?parent=25479"}],"wp:term":[{"taxonomy":"category","embeddable":true,"href":"https:\/\/dicodusport.fr\/blog\/wp-json\/wp\/v2\/categories?post=25479"},{"taxonomy":"post_tag","embeddable":true,"href":"https:\/\/dicodusport.fr\/blog\/wp-json\/wp\/v2\/tags?post=25479"}],"curies":[{"name":"wp","href":"https:\/\/api.w.org\/{rel}","templated":true}]}}