{"id":255715,"date":"2022-08-25T17:45:59","date_gmt":"2022-08-25T15:45:59","guid":{"rendered":"https:\/\/dicodusport.fr\/blog\/?p=255715&#038;preview=true&#038;preview_id=255715"},"modified":"2022-08-29T17:56:51","modified_gmt":"2022-08-29T15:56:51","slug":"top-14-2022-2023-les-10-joueurs-les-plus-petits-de-la-saison","status":"publish","type":"post","link":"https:\/\/dicodusport.fr\/blog\/top-14-2022-2023-les-10-joueurs-les-plus-petits-de-la-saison\/","title":{"rendered":"Top 14 2022-2023 : Les 10 joueurs les plus petits de la saison"},"content":{"rendered":"<p style=\"text-align: justify;\"><em><strong><a href=\"https:\/\/dicodusport.fr\/blog\/actualites\/rugby\/rugby-a-xv\/top-14-2022-2023\/\">TOP 2022-2023<\/a> &#8211; D\u00e9couvrez les 10 joueurs les plus petits du Top 14 version 2022-2023. Des donn\u00e9es r\u00e9colt\u00e9es par nos confr\u00e8res d&rsquo;<a href=\"https:\/\/actu.fr\/sports\/rugby\/pro\/rugby-quel-est-le-joueur-le-plus-petit-du-top-14-on-vous-devoile-les-10-premiers-du-classement_53102804.html\" target=\"_blank\" rel=\"nofollow noopener\">Actu Rugby<\/a>, \u00e0 l&rsquo;aide de All Rugby et des sites des formations de Top 14.<\/strong><\/em><\/p>\n<p style=\"text-align: justify;\"><strong><span style=\"font-size: 24px;\">8\u00e8me ex-aequo &#8211; Thomas Berjon (Stade Rochelais) &#8211; 1m71<\/span><\/strong><\/p>\n<div id=\"attachment_228919\" style=\"width: 810px\" class=\"wp-caption aligncenter\"><a href=\"https:\/\/dicodusport.fr\/blog\/wp-content\/uploads\/2022\/06\/Thomas-Berjon-Un-joli-coup-de-bluff-de-Ronan-OGara.png\"><img loading=\"lazy\" decoding=\"async\" aria-describedby=\"caption-attachment-228919\" class=\"wp-image-228919 size-full\" src=\"https:\/\/dicodusport.fr\/blog\/wp-content\/uploads\/2022\/06\/Thomas-Berjon-Un-joli-coup-de-bluff-de-Ronan-OGara.png\" alt=\"\" width=\"800\" height=\"445\" srcset=\"https:\/\/dicodusport.fr\/blog\/wp-content\/uploads\/2022\/06\/Thomas-Berjon-Un-joli-coup-de-bluff-de-Ronan-OGara.png 800w, https:\/\/dicodusport.fr\/blog\/wp-content\/uploads\/2022\/06\/Thomas-Berjon-Un-joli-coup-de-bluff-de-Ronan-OGara-300x167.png 300w, https:\/\/dicodusport.fr\/blog\/wp-content\/uploads\/2022\/06\/Thomas-Berjon-Un-joli-coup-de-bluff-de-Ronan-OGara-768x427.png 768w\" sizes=\"auto, (max-width: 800px) 100vw, 800px\" \/><\/a><p id=\"caption-attachment-228919\" class=\"wp-caption-text\">Thomas Berjon &#8211; Photo Icon Sport<\/p><\/div>\n<p style=\"text-align: center;\"><a href=\"http:\/\/dicodusport.fr\/blog\/top-14-2022-2023-les-10-joueurs-les-plus-petits-de-la-saison\/2\/#neuf\" class=\"su-button su-button-style-flat\" style=\"color:#FFFFFF;background-color:#005f9b;border-color:#004c7c;border-radius:4px\" target=\"_self\"><span style=\"color:#FFFFFF;padding:0px 20px;font-size:16px;line-height:32px;border-color:#4d8fb9;border-radius:4px;text-shadow:none\"> <strong>Suivant<\/strong><\/span><\/a>\n<p><!--nextpage--><\/p>\n<p style=\"text-align: justify;\"><a id=\"neuf\"><\/a><strong><span style=\"font-size: 24px;\">8\u00e8me ex-aequo &#8211; Jules Gimbert (UBB) &#8211; 1m71<\/span><\/strong><\/p>\n<div id=\"attachment_181080\" style=\"width: 750px\" class=\"wp-caption aligncenter\"><a href=\"https:\/\/dicodusport.fr\/blog\/wp-content\/uploads\/2021\/11\/Jules-Gimbert-scaled.jpg\"><img loading=\"lazy\" decoding=\"async\" aria-describedby=\"caption-attachment-181080\" class=\"wp-image-181080 size-large\" src=\"https:\/\/dicodusport.fr\/blog\/wp-content\/uploads\/2021\/11\/Jules-Gimbert-1024x683.jpg\" alt=\"Jules Gimbert\" width=\"740\" height=\"494\" srcset=\"https:\/\/dicodusport.fr\/blog\/wp-content\/uploads\/2021\/11\/Jules-Gimbert-1024x683.jpg 1024w, https:\/\/dicodusport.fr\/blog\/wp-content\/uploads\/2021\/11\/Jules-Gimbert-300x200.jpg 300w, https:\/\/dicodusport.fr\/blog\/wp-content\/uploads\/2021\/11\/Jules-Gimbert-768x512.jpg 768w, https:\/\/dicodusport.fr\/blog\/wp-content\/uploads\/2021\/11\/Jules-Gimbert-1536x1024.jpg 1536w, https:\/\/dicodusport.fr\/blog\/wp-content\/uploads\/2021\/11\/Jules-Gimbert-2048x1365.jpg 2048w\" sizes=\"auto, (max-width: 740px) 100vw, 740px\" \/><\/a><p id=\"caption-attachment-181080\" class=\"wp-caption-text\">Jules Gimbert &#8211; Icon Sport<\/p><\/div>\n<p style=\"text-align: center;\"><a href=\"http:\/\/dicodusport.fr\/blog\/top-14-2022-2023-les-10-joueurs-les-plus-petits-de-la-saison\/3\/#huit\" class=\"su-button su-button-style-flat\" style=\"color:#FFFFFF;background-color:#005f9b;border-color:#004c7c;border-radius:4px\" target=\"_self\"><span style=\"color:#FFFFFF;padding:0px 20px;font-size:16px;line-height:32px;border-color:#4d8fb9;border-radius:4px;text-shadow:none\"> <strong>Suivant<\/strong><\/span><\/a>\n<p><!--nextpage--><\/p>\n<p style=\"text-align: justify;\"><a id=\"huit\"><\/a><strong><span style=\"font-size: 24px;\">8\u00e8me ex-aequo &#8211; Cheslin Kolbe (RC Toulon) &#8211; 1m71<\/span><\/strong><\/p>\n<div id=\"attachment_181077\" style=\"width: 750px\" class=\"wp-caption aligncenter\"><a href=\"https:\/\/dicodusport.fr\/blog\/wp-content\/uploads\/2021\/11\/Cheslin-Kolbe-scaled.jpg\"><img loading=\"lazy\" decoding=\"async\" aria-describedby=\"caption-attachment-181077\" class=\"wp-image-181077 size-large\" src=\"https:\/\/dicodusport.fr\/blog\/wp-content\/uploads\/2021\/11\/Cheslin-Kolbe-1024x683.jpg\" alt=\"Cheslin Kolbe\" width=\"740\" height=\"494\" srcset=\"https:\/\/dicodusport.fr\/blog\/wp-content\/uploads\/2021\/11\/Cheslin-Kolbe-1024x683.jpg 1024w, https:\/\/dicodusport.fr\/blog\/wp-content\/uploads\/2021\/11\/Cheslin-Kolbe-300x200.jpg 300w, https:\/\/dicodusport.fr\/blog\/wp-content\/uploads\/2021\/11\/Cheslin-Kolbe-768x512.jpg 768w, https:\/\/dicodusport.fr\/blog\/wp-content\/uploads\/2021\/11\/Cheslin-Kolbe-1536x1024.jpg 1536w, https:\/\/dicodusport.fr\/blog\/wp-content\/uploads\/2021\/11\/Cheslin-Kolbe-2048x1365.jpg 2048w\" sizes=\"auto, (max-width: 740px) 100vw, 740px\" \/><\/a><p id=\"caption-attachment-181077\" class=\"wp-caption-text\">Cheslin Kolbe &#8211; Icon Sport<\/p><\/div>\n<p style=\"text-align: center;\"><a href=\"http:\/\/dicodusport.fr\/blog\/top-14-2022-2023-les-10-joueurs-les-plus-petits-de-la-saison\/4\/#sept\" class=\"su-button su-button-style-flat\" style=\"color:#FFFFFF;background-color:#005f9b;border-color:#004c7c;border-radius:4px\" target=\"_self\"><span style=\"color:#FFFFFF;padding:0px 20px;font-size:16px;line-height:32px;border-color:#4d8fb9;border-radius:4px;text-shadow:none\"> <strong>Suivant<\/strong><\/span><\/a>\n<p><!--nextpage--><\/p>\n<p style=\"text-align: justify;\"><a id=\"sept\"><\/a><strong><span style=\"font-size: 24px;\">4\u00e8me ex-aequo &#8211; Jules Danglot (RC Toulon) &#8211; 1m70<\/span><\/strong><\/p>\n<div id=\"attachment_181079\" style=\"width: 750px\" class=\"wp-caption aligncenter\"><a href=\"https:\/\/dicodusport.fr\/blog\/wp-content\/uploads\/2021\/11\/Jules-Danglot-scaled.jpg\"><img loading=\"lazy\" decoding=\"async\" aria-describedby=\"caption-attachment-181079\" class=\"wp-image-181079 size-large\" src=\"https:\/\/dicodusport.fr\/blog\/wp-content\/uploads\/2021\/11\/Jules-Danglot-1024x683.jpg\" alt=\"Jules Danglot\" width=\"740\" height=\"494\" srcset=\"https:\/\/dicodusport.fr\/blog\/wp-content\/uploads\/2021\/11\/Jules-Danglot-1024x683.jpg 1024w, https:\/\/dicodusport.fr\/blog\/wp-content\/uploads\/2021\/11\/Jules-Danglot-300x200.jpg 300w, https:\/\/dicodusport.fr\/blog\/wp-content\/uploads\/2021\/11\/Jules-Danglot-768x512.jpg 768w, https:\/\/dicodusport.fr\/blog\/wp-content\/uploads\/2021\/11\/Jules-Danglot-1536x1024.jpg 1536w, https:\/\/dicodusport.fr\/blog\/wp-content\/uploads\/2021\/11\/Jules-Danglot-2048x1365.jpg 2048w\" sizes=\"auto, (max-width: 740px) 100vw, 740px\" \/><\/a><p id=\"caption-attachment-181079\" class=\"wp-caption-text\">Jules Danglot &#8211; Icon Sport<\/p><\/div>\n<p style=\"text-align: center;\"><a href=\"http:\/\/dicodusport.fr\/blog\/top-14-2022-2023-les-10-joueurs-les-plus-petits-de-la-saison\/5\/#six\" class=\"su-button su-button-style-flat\" style=\"color:#FFFFFF;background-color:#005f9b;border-color:#004c7c;border-radius:4px\" target=\"_self\"><span style=\"color:#FFFFFF;padding:0px 20px;font-size:16px;line-height:32px;border-color:#4d8fb9;border-radius:4px;text-shadow:none\"> <strong>Suivant<\/strong><\/span><\/a>\n<p><!--nextpage--><\/p>\n<p style=\"text-align: justify;\"><a id=\"six\"><\/a><strong><span style=\"font-size: 24px;\">4\u00e8me ex-aequo<\/span><\/strong><strong><span style=\"font-size: 24px;\">\u00a0&#8211; Matteo Rodor (USAP) &#8211; 1m70<\/span><\/strong><\/p>\n<div id=\"attachment_181083\" style=\"width: 750px\" class=\"wp-caption aligncenter\"><a href=\"https:\/\/dicodusport.fr\/blog\/wp-content\/uploads\/2021\/11\/Matteo-Rodor-scaled.jpg\"><img loading=\"lazy\" decoding=\"async\" aria-describedby=\"caption-attachment-181083\" class=\"wp-image-181083 size-large\" src=\"https:\/\/dicodusport.fr\/blog\/wp-content\/uploads\/2021\/11\/Matteo-Rodor-1024x683.jpg\" alt=\"Matteo Rodor\" width=\"740\" height=\"494\" srcset=\"https:\/\/dicodusport.fr\/blog\/wp-content\/uploads\/2021\/11\/Matteo-Rodor-1024x683.jpg 1024w, https:\/\/dicodusport.fr\/blog\/wp-content\/uploads\/2021\/11\/Matteo-Rodor-300x200.jpg 300w, https:\/\/dicodusport.fr\/blog\/wp-content\/uploads\/2021\/11\/Matteo-Rodor-768x512.jpg 768w, https:\/\/dicodusport.fr\/blog\/wp-content\/uploads\/2021\/11\/Matteo-Rodor-1536x1024.jpg 1536w, https:\/\/dicodusport.fr\/blog\/wp-content\/uploads\/2021\/11\/Matteo-Rodor-2048x1366.jpg 2048w\" sizes=\"auto, (max-width: 740px) 100vw, 740px\" \/><\/a><p id=\"caption-attachment-181083\" class=\"wp-caption-text\">Matteo Rodor &#8211; Icon Sport<\/p><\/div>\n<p style=\"text-align: center;\"><a href=\"http:\/\/dicodusport.fr\/blog\/top-14-2022-2023-les-10-joueurs-les-plus-petits-de-la-saison\/6\/#cinq\" class=\"su-button su-button-style-flat\" style=\"color:#FFFFFF;background-color:#005f9b;border-color:#004c7c;border-radius:4px\" target=\"_self\"><span style=\"color:#FFFFFF;padding:0px 20px;font-size:16px;line-height:32px;border-color:#4d8fb9;border-radius:4px;text-shadow:none\"> <strong>Suivant<\/strong><\/span><\/a>\n<p><!--nextpage--><\/p>\n<p style=\"text-align: justify;\"><a id=\"cinq\"><\/a><strong><span style=\"font-size: 24px;\">4\u00e8me ex-aequo &#8211; Arthur Reti\u00e8re (Stade Toulousain) &#8211; 1m70<\/span><\/strong><\/p>\n<div id=\"attachment_181075\" style=\"width: 750px\" class=\"wp-caption aligncenter\"><a href=\"https:\/\/dicodusport.fr\/blog\/wp-content\/uploads\/2021\/11\/Arthur-Retiere-scaled.jpg\"><img loading=\"lazy\" decoding=\"async\" aria-describedby=\"caption-attachment-181075\" class=\"wp-image-181075 size-large\" src=\"https:\/\/dicodusport.fr\/blog\/wp-content\/uploads\/2021\/11\/Arthur-Retiere-1024x683.jpg\" alt=\"Arthur Reti\u00e8re\" width=\"740\" height=\"494\" srcset=\"https:\/\/dicodusport.fr\/blog\/wp-content\/uploads\/2021\/11\/Arthur-Retiere-1024x683.jpg 1024w, https:\/\/dicodusport.fr\/blog\/wp-content\/uploads\/2021\/11\/Arthur-Retiere-300x200.jpg 300w, https:\/\/dicodusport.fr\/blog\/wp-content\/uploads\/2021\/11\/Arthur-Retiere-768x512.jpg 768w, https:\/\/dicodusport.fr\/blog\/wp-content\/uploads\/2021\/11\/Arthur-Retiere-1536x1024.jpg 1536w, https:\/\/dicodusport.fr\/blog\/wp-content\/uploads\/2021\/11\/Arthur-Retiere-2048x1365.jpg 2048w\" sizes=\"auto, (max-width: 740px) 100vw, 740px\" \/><\/a><p id=\"caption-attachment-181075\" class=\"wp-caption-text\">Arthur Reti\u00e8re &#8211; Icon Sport<\/p><\/div>\n<p style=\"text-align: center;\"><a href=\"http:\/\/dicodusport.fr\/blog\/top-14-2022-2023-les-10-joueurs-les-plus-petits-de-la-saison\/7\/#quatre\" class=\"su-button su-button-style-flat\" style=\"color:#FFFFFF;background-color:#005f9b;border-color:#004c7c;border-radius:4px\" target=\"_self\"><span style=\"color:#FFFFFF;padding:0px 20px;font-size:16px;line-height:32px;border-color:#4d8fb9;border-radius:4px;text-shadow:none\"> <strong>Suivant<\/strong><\/span><\/a>\n<p><!--nextpage--><\/p>\n<p style=\"text-align: justify;\"><a id=\"quatre\"><\/a><strong><span style=\"font-size: 24px;\">4\u00e8me ex-aequo &#8211; Teddy Iribaren (Racing 92) &#8211; 1m70<\/span><\/strong><\/p>\n<div id=\"attachment_181084\" style=\"width: 750px\" class=\"wp-caption aligncenter\"><a href=\"https:\/\/dicodusport.fr\/blog\/wp-content\/uploads\/2021\/11\/Teddy-Iribaren-scaled.jpg\"><img loading=\"lazy\" decoding=\"async\" aria-describedby=\"caption-attachment-181084\" class=\"wp-image-181084 size-large\" src=\"https:\/\/dicodusport.fr\/blog\/wp-content\/uploads\/2021\/11\/Teddy-Iribaren-1024x683.jpg\" alt=\"Teddy Iribaren\" width=\"740\" height=\"494\" srcset=\"https:\/\/dicodusport.fr\/blog\/wp-content\/uploads\/2021\/11\/Teddy-Iribaren-1024x683.jpg 1024w, https:\/\/dicodusport.fr\/blog\/wp-content\/uploads\/2021\/11\/Teddy-Iribaren-300x200.jpg 300w, https:\/\/dicodusport.fr\/blog\/wp-content\/uploads\/2021\/11\/Teddy-Iribaren-768x512.jpg 768w, https:\/\/dicodusport.fr\/blog\/wp-content\/uploads\/2021\/11\/Teddy-Iribaren-1536x1024.jpg 1536w, https:\/\/dicodusport.fr\/blog\/wp-content\/uploads\/2021\/11\/Teddy-Iribaren-2048x1365.jpg 2048w\" sizes=\"auto, (max-width: 740px) 100vw, 740px\" \/><\/a><p id=\"caption-attachment-181084\" class=\"wp-caption-text\">Teddy Iribaren &#8211; Icon Sport<\/p><\/div>\n<p style=\"text-align: center;\"><a href=\"https:\/\/dicodusport.fr\/blog\/top-14-2022-2023-les-10-joueurs-les-plus-petits-de-la-saison\/8\/#trois\" class=\"su-button su-button-style-flat\" style=\"color:#FFFFFF;background-color:#005f9b;border-color:#004c7c;border-radius:4px\" target=\"_self\"><span style=\"color:#FFFFFF;padding:0px 20px;font-size:16px;line-height:32px;border-color:#4d8fb9;border-radius:4px;text-shadow:none\"> <strong>Suivant<\/strong><\/span><\/a>\n<p><!--nextpage--><\/p>\n<p style=\"text-align: justify;\"><a id=\"trois\"><\/a><strong><span style=\"font-size: 24px;\">2\u00e8me ex-aequo &#8211; Guillaume Rouet (Aviron Bayonnais) &#8211; 1m68<\/span><\/strong><\/p>\n<div id=\"attachment_255842\" style=\"width: 810px\" class=\"wp-caption aligncenter\"><a href=\"https:\/\/dicodusport.fr\/blog\/wp-content\/uploads\/2022\/08\/Guillaume-Rouet.png\"><img loading=\"lazy\" decoding=\"async\" aria-describedby=\"caption-attachment-255842\" class=\"wp-image-255842 size-full\" src=\"https:\/\/dicodusport.fr\/blog\/wp-content\/uploads\/2022\/08\/Guillaume-Rouet.png\" alt=\"Guillaume Rouet\" width=\"800\" height=\"445\" srcset=\"https:\/\/dicodusport.fr\/blog\/wp-content\/uploads\/2022\/08\/Guillaume-Rouet.png 800w, https:\/\/dicodusport.fr\/blog\/wp-content\/uploads\/2022\/08\/Guillaume-Rouet-300x167.png 300w, https:\/\/dicodusport.fr\/blog\/wp-content\/uploads\/2022\/08\/Guillaume-Rouet-768x427.png 768w\" sizes=\"auto, (max-width: 800px) 100vw, 800px\" \/><\/a><p id=\"caption-attachment-255842\" class=\"wp-caption-text\">Guillaume Rouet &#8211; Photo Icon Sport<\/p><\/div>\n<p style=\"text-align: center;\"><a href=\"http:\/\/dicodusport.fr\/blog\/top-14-2022-2023-les-10-joueurs-les-plus-petits-de-la-saison\/9\/#deux\" class=\"su-button su-button-style-flat\" style=\"color:#FFFFFF;background-color:#005f9b;border-color:#004c7c;border-radius:4px\" target=\"_self\"><span style=\"color:#FFFFFF;padding:0px 20px;font-size:16px;line-height:32px;border-color:#4d8fb9;border-radius:4px;text-shadow:none\"> <strong>Suivant<\/strong><\/span><\/a>\n<p><!--nextpage--><\/p>\n<p style=\"text-align: justify;\"><a id=\"deux\"><\/a><strong><span style=\"font-size: 24px;\">2\u00e8me ex-aequo &#8211; Jules Le Bail (Stade Rochelais) &#8211; 1m68<\/span><\/strong><\/p>\n<div id=\"attachment_181082\" style=\"width: 750px\" class=\"wp-caption aligncenter\"><a href=\"https:\/\/dicodusport.fr\/blog\/wp-content\/uploads\/2021\/11\/Jules-Le-Bail-scaled.jpg\"><img loading=\"lazy\" decoding=\"async\" aria-describedby=\"caption-attachment-181082\" class=\"wp-image-181082 size-large\" src=\"https:\/\/dicodusport.fr\/blog\/wp-content\/uploads\/2021\/11\/Jules-Le-Bail-1024x683.jpg\" alt=\"Jules Le Bail\" width=\"740\" height=\"494\" srcset=\"https:\/\/dicodusport.fr\/blog\/wp-content\/uploads\/2021\/11\/Jules-Le-Bail-1024x683.jpg 1024w, https:\/\/dicodusport.fr\/blog\/wp-content\/uploads\/2021\/11\/Jules-Le-Bail-300x200.jpg 300w, https:\/\/dicodusport.fr\/blog\/wp-content\/uploads\/2021\/11\/Jules-Le-Bail-768x512.jpg 768w, https:\/\/dicodusport.fr\/blog\/wp-content\/uploads\/2021\/11\/Jules-Le-Bail-1536x1024.jpg 1536w, https:\/\/dicodusport.fr\/blog\/wp-content\/uploads\/2021\/11\/Jules-Le-Bail-2048x1366.jpg 2048w\" sizes=\"auto, (max-width: 740px) 100vw, 740px\" \/><\/a><p id=\"caption-attachment-181082\" class=\"wp-caption-text\">Jules Le Bail &#8211; Icon Sport<\/p><\/div>\n<p style=\"text-align: center;\"><a href=\"http:\/\/dicodusport.fr\/blog\/top-14-2022-2023-les-10-joueurs-les-plus-petits-de-la-saison\/10\/#un\" class=\"su-button su-button-style-flat\" style=\"color:#FFFFFF;background-color:#005f9b;border-color:#004c7c;border-radius:4px\" target=\"_self\"><span style=\"color:#FFFFFF;padding:0px 20px;font-size:16px;line-height:32px;border-color:#4d8fb9;border-radius:4px;text-shadow:none\"> <strong>Suivant<\/strong><\/span><\/a>\n<p><!--nextpage--><\/p>\n<p style=\"text-align: justify;\"><a id=\"un\"><\/a><strong><span style=\"font-size: 24px;\">1er &#8211; Alexis Levron (Section Paloise) &#8211; 1m65<\/span><\/strong><\/p>\n<div id=\"attachment_181073\" style=\"width: 750px\" class=\"wp-caption aligncenter\"><a href=\"https:\/\/dicodusport.fr\/blog\/wp-content\/uploads\/2021\/11\/Alexis-Levron-scaled.jpg\"><img loading=\"lazy\" decoding=\"async\" aria-describedby=\"caption-attachment-181073\" class=\"wp-image-181073 size-large\" src=\"https:\/\/dicodusport.fr\/blog\/wp-content\/uploads\/2021\/11\/Alexis-Levron-1024x683.jpg\" alt=\"Alexis Levron\" width=\"740\" height=\"494\" srcset=\"https:\/\/dicodusport.fr\/blog\/wp-content\/uploads\/2021\/11\/Alexis-Levron-1024x683.jpg 1024w, https:\/\/dicodusport.fr\/blog\/wp-content\/uploads\/2021\/11\/Alexis-Levron-300x200.jpg 300w, https:\/\/dicodusport.fr\/blog\/wp-content\/uploads\/2021\/11\/Alexis-Levron-768x512.jpg 768w, https:\/\/dicodusport.fr\/blog\/wp-content\/uploads\/2021\/11\/Alexis-Levron-1536x1024.jpg 1536w, https:\/\/dicodusport.fr\/blog\/wp-content\/uploads\/2021\/11\/Alexis-Levron-2048x1365.jpg 2048w\" sizes=\"auto, (max-width: 740px) 100vw, 740px\" \/><\/a><p id=\"caption-attachment-181073\" class=\"wp-caption-text\">Alexis Levron &#8211; Icon Sport<\/p><\/div>\n<p style=\"text-align: center;\"><a href=\"http:\/\/dicodusport.fr\/blog\/top-14-2022-2023-les-10-joueurs-les-plus-petits-de-la-saison\/\" class=\"su-button su-button-style-flat\" style=\"color:#FFFFFF;background-color:#005f9b;border-color:#004c7c;border-radius:4px\" target=\"_self\"><span style=\"color:#FFFFFF;padding:0px 20px;font-size:16px;line-height:32px;border-color:#4d8fb9;border-radius:4px;text-shadow:none\"> <strong>Revenir au d\u00e9but<\/strong><\/span><\/a>\n<h2 style=\"text-align: justify;\"><strong>\u00c0 lire aussi<\/strong><\/h2>\n<p><span class=\"5YBdRQxfRT4ujwUaeA29g8lank3AidtF1I0KPSbpM597OqVe8ZkBDJnhcWLGmhZi4xI2CQFCypbs6GMcvHDN0PvtEVLX\"><\/p>\n<blockquote class=\"wp-embedded-content\" data-secret=\"6P7Gc3AOom\"><p><a href=\"https:\/\/dicodusport.fr\/blog\/top-14-2022-2023-les-10-joueurs-les-plus-lourds-de-la-saison\/\">Top 14 2022-2023 : Les 10 joueurs les plus lourds de la saison<\/a><\/p><\/blockquote>\n<p><iframe loading=\"lazy\" class=\"wp-embedded-content\" sandbox=\"allow-scripts\" security=\"restricted\" style=\"position: absolute; clip: rect(1px, 1px, 1px, 1px);\" title=\"\u00ab\u00a0Top 14 2022-2023 : Les 10 joueurs les plus lourds de la saison\u00a0\u00bb &#8212; Dicodusport\" src=\"https:\/\/dicodusport.fr\/blog\/top-14-2022-2023-les-10-joueurs-les-plus-lourds-de-la-saison\/embed\/#?secret=2VHtPIHZjk#?secret=6P7Gc3AOom\" data-secret=\"6P7Gc3AOom\" width=\"600\" height=\"338\" frameborder=\"0\" marginwidth=\"0\" marginheight=\"0\" scrolling=\"no\"><\/iframe><\/span><\/p>\n<p>&nbsp;<\/p>\n","protected":false},"excerpt":{"rendered":"<p>TOP 2022-2023 &#8211; D\u00e9couvrez les 10 joueurs les plus petits du Top 14 version 2022-2023. Des donn\u00e9es r\u00e9colt\u00e9es par nos confr\u00e8res d&rsquo;Actu Rugby, \u00e0 l&rsquo;aide de All Rugby et des sites des formations de Top 14.<\/p>\n","protected":false},"author":4,"featured_media":255841,"comment_status":"open","ping_status":"closed","sticky":false,"template":"","format":"standard","meta":{"_acf_changed":false,"_daextam_enable_autolinks":"","footnotes":""},"categories":[47050],"tags":[13,2226,111],"class_list":["post-255715","post","type-post","status-publish","format-standard","has-post-thumbnail","hentry","category-top-14","tag-rugby","tag-rugby-a-15","tag-top-14"],"acf":[],"yoast_head":"<!-- This site is optimized with the Yoast SEO Premium plugin v26.7 (Yoast SEO v26.7) - https:\/\/yoast.com\/wordpress\/plugins\/seo\/ -->\n<title>Top 14 2022-2023 : Les 10 joueurs les plus petits de la saison<\/title>\n<meta name=\"description\" content=\"TOP 2022-2023 - D\u00e9couvrez les 10 joueurs les plus petits du Top 14 version 2022-2023. Des donn\u00e9es r\u00e9colt\u00e9es par nos confr\u00e8res d&#039;Actu Rugby.\" \/>\n<meta name=\"robots\" content=\"index, follow, max-snippet:-1, max-image-preview:large, max-video-preview:-1\" \/>\n<link rel=\"canonical\" href=\"https:\/\/dicodusport.fr\/blog\/top-14-2022-2023-les-10-joueurs-les-plus-petits-de-la-saison\/\" \/>\n<link rel=\"next\" href=\"https:\/\/dicodusport.fr\/blog\/top-14-2022-2023-les-10-joueurs-les-plus-petits-de-la-saison\/2\/\" \/>\n<meta property=\"og:locale\" content=\"fr_FR\" \/>\n<meta property=\"og:type\" content=\"article\" \/>\n<meta property=\"og:title\" content=\"Top 14 2022-2023 : Les 10 joueurs les plus petits de la saison\" \/>\n<meta property=\"og:description\" content=\"TOP 2022-2023 - D\u00e9couvrez les 10 joueurs les plus petits du Top 14 version 2022-2023. Des donn\u00e9es r\u00e9colt\u00e9es par nos confr\u00e8res d&#039;Actu Rugby.\" \/>\n<meta property=\"og:url\" content=\"https:\/\/dicodusport.fr\/blog\/top-14-2022-2023-les-10-joueurs-les-plus-petits-de-la-saison\/\" \/>\n<meta property=\"og:site_name\" content=\"Dicodusport\" \/>\n<meta property=\"article:publisher\" content=\"https:\/\/www.facebook.com\/dicodusport\" \/>\n<meta property=\"article:author\" content=\"https:\/\/www.facebook.com\/florent.ostermann\" \/>\n<meta property=\"article:published_time\" content=\"2022-08-25T15:45:59+00:00\" \/>\n<meta property=\"article:modified_time\" content=\"2022-08-29T15:56:51+00:00\" \/>\n<meta property=\"og:image\" content=\"https:\/\/dicodusport.fr\/blog\/wp-content\/uploads\/2022\/08\/Top-14-2022-2023-Les-10-joueurs-les-plus-petits-de-la-saison.png\" \/>\n\t<meta property=\"og:image:width\" content=\"800\" \/>\n\t<meta property=\"og:image:height\" content=\"445\" \/>\n\t<meta property=\"og:image:type\" content=\"image\/png\" \/>\n<meta name=\"author\" content=\"Flo Ostermann\" \/>\n<meta name=\"twitter:card\" content=\"summary_large_image\" \/>\n<meta name=\"twitter:title\" content=\"Top 14 2022-2023 : Les 10 joueurs les plus petits de la saison\" \/>\n<meta name=\"twitter:creator\" content=\"@https:\/\/twitter.com\/FlOstermann\" \/>\n<meta name=\"twitter:site\" content=\"@dicodusport\" \/>\n<script type=\"application\/ld+json\" class=\"yoast-schema-graph\">{\"@context\":\"https:\/\/schema.org\",\"@graph\":[{\"@type\":\"NewsArticle\",\"@id\":\"https:\/\/dicodusport.fr\/blog\/top-14-2022-2023-les-10-joueurs-les-plus-petits-de-la-saison\/#article\",\"isPartOf\":{\"@id\":\"https:\/\/dicodusport.fr\/blog\/top-14-2022-2023-les-10-joueurs-les-plus-petits-de-la-saison\/\"},\"author\":{\"name\":\"Flo Ostermann\",\"@id\":\"https:\/\/dicodusport.fr\/blog\/#\/schema\/person\/cb02af4c173ce4a653b55e9baf388d4a\"},\"headline\":\"Top 14 2022-2023 : Les 10 joueurs les plus petits de la saison\",\"datePublished\":\"2022-08-25T15:45:59+00:00\",\"dateModified\":\"2022-08-29T15:56:51+00:00\",\"mainEntityOfPage\":{\"@id\":\"https:\/\/dicodusport.fr\/blog\/top-14-2022-2023-les-10-joueurs-les-plus-petits-de-la-saison\/\"},\"wordCount\":507,\"commentCount\":0,\"publisher\":{\"@id\":\"https:\/\/dicodusport.fr\/blog\/#organization\"},\"image\":{\"@id\":\"https:\/\/dicodusport.fr\/blog\/top-14-2022-2023-les-10-joueurs-les-plus-petits-de-la-saison\/#primaryimage\"},\"thumbnailUrl\":\"https:\/\/dicodusport.fr\/blog\/wp-content\/uploads\/2022\/08\/Top-14-2022-2023-Les-10-joueurs-les-plus-petits-de-la-saison.png\",\"keywords\":[\"Rugby\",\"rugby \u00e0 15\",\"Top 14\"],\"articleSection\":[\"Top 14\"],\"inLanguage\":\"fr-FR\",\"potentialAction\":[{\"@type\":\"CommentAction\",\"name\":\"Comment\",\"target\":[\"https:\/\/dicodusport.fr\/blog\/top-14-2022-2023-les-10-joueurs-les-plus-petits-de-la-saison\/#respond\"]}],\"copyrightYear\":\"2022\",\"copyrightHolder\":{\"@id\":\"https:\/\/dicodusport.fr\/blog\/#organization\"}},{\"@type\":\"WebPage\",\"@id\":\"https:\/\/dicodusport.fr\/blog\/top-14-2022-2023-les-10-joueurs-les-plus-petits-de-la-saison\/\",\"url\":\"https:\/\/dicodusport.fr\/blog\/top-14-2022-2023-les-10-joueurs-les-plus-petits-de-la-saison\/\",\"name\":\"Top 14 2022-2023 : Les 10 joueurs les plus petits de la saison\",\"isPartOf\":{\"@id\":\"https:\/\/dicodusport.fr\/blog\/#website\"},\"primaryImageOfPage\":{\"@id\":\"https:\/\/dicodusport.fr\/blog\/top-14-2022-2023-les-10-joueurs-les-plus-petits-de-la-saison\/#primaryimage\"},\"image\":{\"@id\":\"https:\/\/dicodusport.fr\/blog\/top-14-2022-2023-les-10-joueurs-les-plus-petits-de-la-saison\/#primaryimage\"},\"thumbnailUrl\":\"https:\/\/dicodusport.fr\/blog\/wp-content\/uploads\/2022\/08\/Top-14-2022-2023-Les-10-joueurs-les-plus-petits-de-la-saison.png\",\"datePublished\":\"2022-08-25T15:45:59+00:00\",\"dateModified\":\"2022-08-29T15:56:51+00:00\",\"description\":\"TOP 2022-2023 - D\u00e9couvrez les 10 joueurs les plus petits du Top 14 version 2022-2023. Des donn\u00e9es r\u00e9colt\u00e9es par nos confr\u00e8res d'Actu Rugby.\",\"inLanguage\":\"fr-FR\",\"potentialAction\":[{\"@type\":\"ReadAction\",\"target\":[\"https:\/\/dicodusport.fr\/blog\/top-14-2022-2023-les-10-joueurs-les-plus-petits-de-la-saison\/\"]}]},{\"@type\":\"ImageObject\",\"inLanguage\":\"fr-FR\",\"@id\":\"https:\/\/dicodusport.fr\/blog\/top-14-2022-2023-les-10-joueurs-les-plus-petits-de-la-saison\/#primaryimage\",\"url\":\"https:\/\/dicodusport.fr\/blog\/wp-content\/uploads\/2022\/08\/Top-14-2022-2023-Les-10-joueurs-les-plus-petits-de-la-saison.png\",\"contentUrl\":\"https:\/\/dicodusport.fr\/blog\/wp-content\/uploads\/2022\/08\/Top-14-2022-2023-Les-10-joueurs-les-plus-petits-de-la-saison.png\",\"width\":800,\"height\":445,\"caption\":\"Top 14 2022-2023 Les 10 joueurs les plus petits de la saison\"},{\"@type\":\"WebSite\",\"@id\":\"https:\/\/dicodusport.fr\/blog\/#website\",\"url\":\"https:\/\/dicodusport.fr\/blog\/\",\"name\":\"Dicodusport\",\"description\":\"L&#039;encyclop\u00e9die de l&#039;actualit\u00e9 sportive\",\"publisher\":{\"@id\":\"https:\/\/dicodusport.fr\/blog\/#organization\"},\"potentialAction\":[{\"@type\":\"SearchAction\",\"target\":{\"@type\":\"EntryPoint\",\"urlTemplate\":\"https:\/\/dicodusport.fr\/blog\/?s={search_term_string}\"},\"query-input\":{\"@type\":\"PropertyValueSpecification\",\"valueRequired\":true,\"valueName\":\"search_term_string\"}}],\"inLanguage\":\"fr-FR\"},{\"@type\":\"NewsMediaOrganization\",\"@id\":\"https:\/\/dicodusport.fr\/blog\/#organization\",\"name\":\"Dicodusport\",\"url\":\"https:\/\/dicodusport.fr\/blog\/\",\"logo\":{\"@type\":\"ImageObject\",\"inLanguage\":\"fr-FR\",\"@id\":\"https:\/\/dicodusport.fr\/blog\/#\/schema\/logo\/image\/\",\"url\":\"https:\/\/dicodusport.fr\/blog\/wp-content\/uploads\/2020\/06\/cropped-LOGO-DICODUSPORT-2020-SANS-FOND-SANS-TEXTE.png\",\"contentUrl\":\"https:\/\/dicodusport.fr\/blog\/wp-content\/uploads\/2020\/06\/cropped-LOGO-DICODUSPORT-2020-SANS-FOND-SANS-TEXTE.png\",\"width\":512,\"height\":512,\"caption\":\"Dicodusport\"},\"image\":{\"@id\":\"https:\/\/dicodusport.fr\/blog\/#\/schema\/logo\/image\/\"},\"sameAs\":[\"https:\/\/www.facebook.com\/dicodusport\",\"https:\/\/x.com\/dicodusport\",\"https:\/\/www.instagram.com\/dicodusport\/\",\"https:\/\/www.youtube.com\/channel\/UC7V2KZ5sd3htJivAbA4ZG3w\"],\"description\":\"Dicodusport est l'encyclop\u00e9die de l'actualit\u00e9 sportive.\",\"email\":\"bonjour@dicodusport.fr\",\"legalName\":\"DICODUSPORT\",\"foundingDate\":\"2018-01-14\",\"vatID\":\"FR71834470973\",\"taxID\":\"83447097300043\",\"numberOfEmployees\":{\"@type\":\"QuantitativeValue\",\"minValue\":\"1\",\"maxValue\":\"10\"}},{\"@type\":\"Person\",\"@id\":\"https:\/\/dicodusport.fr\/blog\/#\/schema\/person\/cb02af4c173ce4a653b55e9baf388d4a\",\"name\":\"Flo Ostermann\",\"image\":{\"@type\":\"ImageObject\",\"inLanguage\":\"fr-FR\",\"@id\":\"https:\/\/dicodusport.fr\/blog\/#\/schema\/person\/image\/\",\"url\":\"https:\/\/dicodusport.fr\/blog\/wp-content\/uploads\/2021\/05\/Flo-Ostermann-150x150.jpg\",\"contentUrl\":\"https:\/\/dicodusport.fr\/blog\/wp-content\/uploads\/2021\/05\/Flo-Ostermann-150x150.jpg\",\"caption\":\"Flo Ostermann\"},\"description\":\"Journaliste\/R\u00e9dacteur depuis septembre 2015 - Mes premiers souvenirs dans le sport ? Les envol\u00e9es du Stade Toulousain et les duels Villeneuve-Schumacher et H\u00e4kkinen-Schumacher \u00e0 la fin des ann\u00e9es 90, la Coupe du monde de football en 1998, l\u2019exploit du XV de France face aux All Blacks en 1999, mais aussi Richard C\u0153ur de Lion qui vole sur les montagnes du Tour de France. Bien parti pour devenir professeur d\u2019EPS, les \u00e9v\u00e9nements de la vie (et la flemme d\u2019animer des s\u00e9ances de 3x500 m\u00e8tres toute ma vie) m\u2019ont conduit \u00e0 revoir mes plans. Me voil\u00e0 depuis fin 2017 sur Dicodusport, m\u00e9dia gr\u00e2ce (et pour) lequel je partage ma passion : le sport dans tous ses \u00e9tats. Le tout accompagn\u00e9 par les fous furieux et folles furieuses cit\u00e9s sur cette page !\",\"sameAs\":[\"https:\/\/www.facebook.com\/florent.ostermann\",\"https:\/\/x.com\/https:\/\/twitter.com\/FlOstermann\",\"admin\"],\"url\":\"https:\/\/dicodusport.fr\/blog\/author\/flo\/\"}]}<\/script>\n<!-- \/ Yoast SEO Premium plugin. -->","yoast_head_json":{"title":"Top 14 2022-2023 : Les 10 joueurs les plus petits de la saison","description":"TOP 2022-2023 - D\u00e9couvrez les 10 joueurs les plus petits du Top 14 version 2022-2023. Des donn\u00e9es r\u00e9colt\u00e9es par nos confr\u00e8res d'Actu Rugby.","robots":{"index":"index","follow":"follow","max-snippet":"max-snippet:-1","max-image-preview":"max-image-preview:large","max-video-preview":"max-video-preview:-1"},"canonical":"https:\/\/dicodusport.fr\/blog\/top-14-2022-2023-les-10-joueurs-les-plus-petits-de-la-saison\/","next":"https:\/\/dicodusport.fr\/blog\/top-14-2022-2023-les-10-joueurs-les-plus-petits-de-la-saison\/2\/","og_locale":"fr_FR","og_type":"article","og_title":"Top 14 2022-2023 : Les 10 joueurs les plus petits de la saison","og_description":"TOP 2022-2023 - D\u00e9couvrez les 10 joueurs les plus petits du Top 14 version 2022-2023. Des donn\u00e9es r\u00e9colt\u00e9es par nos confr\u00e8res d'Actu Rugby.","og_url":"https:\/\/dicodusport.fr\/blog\/top-14-2022-2023-les-10-joueurs-les-plus-petits-de-la-saison\/","og_site_name":"Dicodusport","article_publisher":"https:\/\/www.facebook.com\/dicodusport","article_author":"https:\/\/www.facebook.com\/florent.ostermann","article_published_time":"2022-08-25T15:45:59+00:00","article_modified_time":"2022-08-29T15:56:51+00:00","og_image":[{"width":800,"height":445,"url":"https:\/\/dicodusport.fr\/blog\/wp-content\/uploads\/2022\/08\/Top-14-2022-2023-Les-10-joueurs-les-plus-petits-de-la-saison.png","type":"image\/png"}],"author":"Flo Ostermann","twitter_card":"summary_large_image","twitter_title":"Top 14 2022-2023 : Les 10 joueurs les plus petits de la saison","twitter_creator":"@https:\/\/twitter.com\/FlOstermann","twitter_site":"@dicodusport","schema":{"@context":"https:\/\/schema.org","@graph":[{"@type":"NewsArticle","@id":"https:\/\/dicodusport.fr\/blog\/top-14-2022-2023-les-10-joueurs-les-plus-petits-de-la-saison\/#article","isPartOf":{"@id":"https:\/\/dicodusport.fr\/blog\/top-14-2022-2023-les-10-joueurs-les-plus-petits-de-la-saison\/"},"author":{"name":"Flo Ostermann","@id":"https:\/\/dicodusport.fr\/blog\/#\/schema\/person\/cb02af4c173ce4a653b55e9baf388d4a"},"headline":"Top 14 2022-2023 : Les 10 joueurs les plus petits de la saison","datePublished":"2022-08-25T15:45:59+00:00","dateModified":"2022-08-29T15:56:51+00:00","mainEntityOfPage":{"@id":"https:\/\/dicodusport.fr\/blog\/top-14-2022-2023-les-10-joueurs-les-plus-petits-de-la-saison\/"},"wordCount":507,"commentCount":0,"publisher":{"@id":"https:\/\/dicodusport.fr\/blog\/#organization"},"image":{"@id":"https:\/\/dicodusport.fr\/blog\/top-14-2022-2023-les-10-joueurs-les-plus-petits-de-la-saison\/#primaryimage"},"thumbnailUrl":"https:\/\/dicodusport.fr\/blog\/wp-content\/uploads\/2022\/08\/Top-14-2022-2023-Les-10-joueurs-les-plus-petits-de-la-saison.png","keywords":["Rugby","rugby \u00e0 15","Top 14"],"articleSection":["Top 14"],"inLanguage":"fr-FR","potentialAction":[{"@type":"CommentAction","name":"Comment","target":["https:\/\/dicodusport.fr\/blog\/top-14-2022-2023-les-10-joueurs-les-plus-petits-de-la-saison\/#respond"]}],"copyrightYear":"2022","copyrightHolder":{"@id":"https:\/\/dicodusport.fr\/blog\/#organization"}},{"@type":"WebPage","@id":"https:\/\/dicodusport.fr\/blog\/top-14-2022-2023-les-10-joueurs-les-plus-petits-de-la-saison\/","url":"https:\/\/dicodusport.fr\/blog\/top-14-2022-2023-les-10-joueurs-les-plus-petits-de-la-saison\/","name":"Top 14 2022-2023 : Les 10 joueurs les plus petits de la saison","isPartOf":{"@id":"https:\/\/dicodusport.fr\/blog\/#website"},"primaryImageOfPage":{"@id":"https:\/\/dicodusport.fr\/blog\/top-14-2022-2023-les-10-joueurs-les-plus-petits-de-la-saison\/#primaryimage"},"image":{"@id":"https:\/\/dicodusport.fr\/blog\/top-14-2022-2023-les-10-joueurs-les-plus-petits-de-la-saison\/#primaryimage"},"thumbnailUrl":"https:\/\/dicodusport.fr\/blog\/wp-content\/uploads\/2022\/08\/Top-14-2022-2023-Les-10-joueurs-les-plus-petits-de-la-saison.png","datePublished":"2022-08-25T15:45:59+00:00","dateModified":"2022-08-29T15:56:51+00:00","description":"TOP 2022-2023 - D\u00e9couvrez les 10 joueurs les plus petits du Top 14 version 2022-2023. Des donn\u00e9es r\u00e9colt\u00e9es par nos confr\u00e8res d'Actu Rugby.","inLanguage":"fr-FR","potentialAction":[{"@type":"ReadAction","target":["https:\/\/dicodusport.fr\/blog\/top-14-2022-2023-les-10-joueurs-les-plus-petits-de-la-saison\/"]}]},{"@type":"ImageObject","inLanguage":"fr-FR","@id":"https:\/\/dicodusport.fr\/blog\/top-14-2022-2023-les-10-joueurs-les-plus-petits-de-la-saison\/#primaryimage","url":"https:\/\/dicodusport.fr\/blog\/wp-content\/uploads\/2022\/08\/Top-14-2022-2023-Les-10-joueurs-les-plus-petits-de-la-saison.png","contentUrl":"https:\/\/dicodusport.fr\/blog\/wp-content\/uploads\/2022\/08\/Top-14-2022-2023-Les-10-joueurs-les-plus-petits-de-la-saison.png","width":800,"height":445,"caption":"Top 14 2022-2023 Les 10 joueurs les plus petits de la saison"},{"@type":"WebSite","@id":"https:\/\/dicodusport.fr\/blog\/#website","url":"https:\/\/dicodusport.fr\/blog\/","name":"Dicodusport","description":"L&#039;encyclop\u00e9die de l&#039;actualit\u00e9 sportive","publisher":{"@id":"https:\/\/dicodusport.fr\/blog\/#organization"},"potentialAction":[{"@type":"SearchAction","target":{"@type":"EntryPoint","urlTemplate":"https:\/\/dicodusport.fr\/blog\/?s={search_term_string}"},"query-input":{"@type":"PropertyValueSpecification","valueRequired":true,"valueName":"search_term_string"}}],"inLanguage":"fr-FR"},{"@type":"NewsMediaOrganization","@id":"https:\/\/dicodusport.fr\/blog\/#organization","name":"Dicodusport","url":"https:\/\/dicodusport.fr\/blog\/","logo":{"@type":"ImageObject","inLanguage":"fr-FR","@id":"https:\/\/dicodusport.fr\/blog\/#\/schema\/logo\/image\/","url":"https:\/\/dicodusport.fr\/blog\/wp-content\/uploads\/2020\/06\/cropped-LOGO-DICODUSPORT-2020-SANS-FOND-SANS-TEXTE.png","contentUrl":"https:\/\/dicodusport.fr\/blog\/wp-content\/uploads\/2020\/06\/cropped-LOGO-DICODUSPORT-2020-SANS-FOND-SANS-TEXTE.png","width":512,"height":512,"caption":"Dicodusport"},"image":{"@id":"https:\/\/dicodusport.fr\/blog\/#\/schema\/logo\/image\/"},"sameAs":["https:\/\/www.facebook.com\/dicodusport","https:\/\/x.com\/dicodusport","https:\/\/www.instagram.com\/dicodusport\/","https:\/\/www.youtube.com\/channel\/UC7V2KZ5sd3htJivAbA4ZG3w"],"description":"Dicodusport est l'encyclop\u00e9die de l'actualit\u00e9 sportive.","email":"bonjour@dicodusport.fr","legalName":"DICODUSPORT","foundingDate":"2018-01-14","vatID":"FR71834470973","taxID":"83447097300043","numberOfEmployees":{"@type":"QuantitativeValue","minValue":"1","maxValue":"10"}},{"@type":"Person","@id":"https:\/\/dicodusport.fr\/blog\/#\/schema\/person\/cb02af4c173ce4a653b55e9baf388d4a","name":"Flo Ostermann","image":{"@type":"ImageObject","inLanguage":"fr-FR","@id":"https:\/\/dicodusport.fr\/blog\/#\/schema\/person\/image\/","url":"https:\/\/dicodusport.fr\/blog\/wp-content\/uploads\/2021\/05\/Flo-Ostermann-150x150.jpg","contentUrl":"https:\/\/dicodusport.fr\/blog\/wp-content\/uploads\/2021\/05\/Flo-Ostermann-150x150.jpg","caption":"Flo Ostermann"},"description":"Journaliste\/R\u00e9dacteur depuis septembre 2015 - Mes premiers souvenirs dans le sport ? Les envol\u00e9es du Stade Toulousain et les duels Villeneuve-Schumacher et H\u00e4kkinen-Schumacher \u00e0 la fin des ann\u00e9es 90, la Coupe du monde de football en 1998, l\u2019exploit du XV de France face aux All Blacks en 1999, mais aussi Richard C\u0153ur de Lion qui vole sur les montagnes du Tour de France. Bien parti pour devenir professeur d\u2019EPS, les \u00e9v\u00e9nements de la vie (et la flemme d\u2019animer des s\u00e9ances de 3x500 m\u00e8tres toute ma vie) m\u2019ont conduit \u00e0 revoir mes plans. Me voil\u00e0 depuis fin 2017 sur Dicodusport, m\u00e9dia gr\u00e2ce (et pour) lequel je partage ma passion : le sport dans tous ses \u00e9tats. Le tout accompagn\u00e9 par les fous furieux et folles furieuses cit\u00e9s sur cette page !","sameAs":["https:\/\/www.facebook.com\/florent.ostermann","https:\/\/x.com\/https:\/\/twitter.com\/FlOstermann","admin"],"url":"https:\/\/dicodusport.fr\/blog\/author\/flo\/"}]}},"_links":{"self":[{"href":"https:\/\/dicodusport.fr\/blog\/wp-json\/wp\/v2\/posts\/255715","targetHints":{"allow":["GET"]}}],"collection":[{"href":"https:\/\/dicodusport.fr\/blog\/wp-json\/wp\/v2\/posts"}],"about":[{"href":"https:\/\/dicodusport.fr\/blog\/wp-json\/wp\/v2\/types\/post"}],"author":[{"embeddable":true,"href":"https:\/\/dicodusport.fr\/blog\/wp-json\/wp\/v2\/users\/4"}],"replies":[{"embeddable":true,"href":"https:\/\/dicodusport.fr\/blog\/wp-json\/wp\/v2\/comments?post=255715"}],"version-history":[{"count":0,"href":"https:\/\/dicodusport.fr\/blog\/wp-json\/wp\/v2\/posts\/255715\/revisions"}],"wp:featuredmedia":[{"embeddable":true,"href":"https:\/\/dicodusport.fr\/blog\/wp-json\/wp\/v2\/media\/255841"}],"wp:attachment":[{"href":"https:\/\/dicodusport.fr\/blog\/wp-json\/wp\/v2\/media?parent=255715"}],"wp:term":[{"taxonomy":"category","embeddable":true,"href":"https:\/\/dicodusport.fr\/blog\/wp-json\/wp\/v2\/categories?post=255715"},{"taxonomy":"post_tag","embeddable":true,"href":"https:\/\/dicodusport.fr\/blog\/wp-json\/wp\/v2\/tags?post=255715"}],"curies":[{"name":"wp","href":"https:\/\/api.w.org\/{rel}","templated":true}]}}