{"id":25592,"date":"2018-09-13T14:00:54","date_gmt":"2018-09-13T12:00:54","guid":{"rendered":"http:\/\/dicodusport.fr\/blog\/?p=25592"},"modified":"2018-09-13T13:55:18","modified_gmt":"2018-09-13T11:55:18","slug":"coupe-davis-france-espagne-benoit-paire-ouvrira-le-bal-face-a-pablo-carreno-busta","status":"publish","type":"post","link":"https:\/\/dicodusport.fr\/blog\/coupe-davis-france-espagne-benoit-paire-ouvrira-le-bal-face-a-pablo-carreno-busta\/","title":{"rendered":"Coupe Davis &#8211; France\/Espagne : Beno\u00eet Paire ouvrira le bal face \u00e0 Pablo Carre\u00f1o Busta"},"content":{"rendered":"<p style=\"text-align: justify;\"><strong><em>Le tirage au sort de la demi-finale de Coupe Davis entre la France et l&rsquo;Espagne a eu lieu \u00e0 12h30 au Stade Pierre Mauroy de Villeneuve d&rsquo;Ascq. Pour sa premi\u00e8re s\u00e9lection, Beno\u00eet Paire d\u00e9butera face \u00e0 Pable Carre\u00f1o Busta vendredi.<\/em><\/strong><\/p>\n<p style=\"text-align: justify;\">En l&rsquo;absence de Rafael Nadal qui a d\u00fb d\u00e9clarer forfait suite \u00e0 sa blessure au genou qui l&rsquo;avait pouss\u00e9 \u00e0 abandonner en demi-finale de l&rsquo;US Open, Pablo Carre\u00f1o Busta a \u00e9t\u00e9 propuls\u00e9 num\u00e9ro 1 de l&rsquo;\u00e9quipe d&rsquo;Espagne. Sans le num\u00e9ro 1 mondial, la montagne semble moins infranchissable pour les joueurs fran\u00e7ais qui ne sont quand m\u00eame pas les grands favoris. En effet, si Lucas Pouille est le meilleur joueur class\u00e9 (19e), la semaine derni\u00e8re, Pablo Carre\u00f1o Busta \u00e9tait 12e (22e cette semaine). Il avait d\u00fb d\u00e9clarer forfait au 2e tour de l&rsquo;US Open.<\/p>\n<p style=\"text-align: justify;\"><strong>Paire<\/strong> et <strong>Carre\u00f1o Busta<\/strong> se sont rencontr\u00e9s \u00e0 six reprises sur le circuit ATP. Chacun s&rsquo;est impos\u00e9 trois fois. La derni\u00e8re victoire de Paire remonte \u00e0 Madrid l&rsquo;ann\u00e9e derni\u00e8re au premier tour (6-3 6-4). L&rsquo;Espagnol s&rsquo;est impos\u00e9 cette ann\u00e9e \u00e0 Barcelone au 2e tour (6-3 6-3). Cette ann\u00e9e, Beno\u00eet Paire a \u00e9t\u00e9 demi-finaliste \u00e0 Pune et Sydney. Son meilleur r\u00e9sultat en Grand Chelem est un troisi\u00e8me tour \u00e0 Wimbledon. Pablo Carre\u00f1o Busta a \u00e9t\u00e9 demi-finaliste \u00e0 Miami, Barcelone, Estoril et Winston-Salem. En Grand Chelem, il a atteint les huiti\u00e8mes de finale en Australie. Malgr\u00e9 une alerte \u00e0 New-York, il s&rsquo;est bien entra\u00een\u00e9 \u00e0 Lille et est en totale possession de ses moyens pour d\u00e9fendre les couleurs de l&rsquo;Espagne. Egalit\u00e9 parfaite pour ses statistiques en Coupe Davis : 3 victoires pour 3 d\u00e9faites. Cette ann\u00e9e, il a remport\u00e9 le double avec Feliciano Lopez lors du premier tour face \u00e0 Dominic Inglot et Jamie Murray.<\/p>\n<p style=\"text-align: justify;\">Le deuxi\u00e8me match opposera <strong>Lucas Pouille<\/strong> \u00e0 <strong>Roberto Bautista Agut<\/strong>. Les deux joueurs ne se sont jamais rencontr\u00e9s en Coupe Davis. Sur le circuit, Bautista Agut m\u00e8ne 3-1. Il s&rsquo;est impos\u00e9 en d\u00e9but d&rsquo;ann\u00e9e en finale de Duba\u00ef (6-3 6-4). Pouille s&rsquo;est impos\u00e9 en 2016 au 2e tour de l&rsquo;US Open en 5 sets. Finaliste \u00e0 Marseille et Duba\u00ef, Pouille s&rsquo;est impos\u00e9 \u00e0 Montpellier. En Grand Chelem, il s&rsquo;est arr\u00eat\u00e9 au troisi\u00e8me tour \u00e0 Roland-Garros et \u00e0 l&rsquo;US Open. En Coupe Davis, Pouille a remport\u00e9 six de ses neuf simples disput\u00e9s. Cette ann\u00e9e, il s&rsquo;est impos\u00e9 face \u00e0 Seppi et Fognini lors des quarts de finale.<br \/>\nCette ann\u00e9e, Bautista Agut s&rsquo;est impos\u00e9 \u00e0 Auckland et Duba\u00ef en d\u00e9but d&rsquo;ann\u00e9e et a \u00e9t\u00e9 finaliste \u00e0 Gstaad. En Grand Chelem, il a \u00e9t\u00e9 \u00e9limin\u00e9 par Djokovic au troisi\u00e8me tour \u00e0 Roland-Garros. Dans l&rsquo;\u00e9quipe espagnole depuis 2014, il a remport\u00e9 six simples sur les dix disput\u00e9s. Cette ann\u00e9e, il a \u00e9t\u00e9 battu par Cameron Norrie au premier tour alors qu&rsquo;il avait remport\u00e9 les deux premiers sets.<\/p>\n<p style=\"text-align: justify;\">Comme souvent, le double pourra \u00eatre d\u00e9cisif. En l&rsquo;absence de Pierre-Hugues Herbert bless\u00e9, Julien Benneteau, fraichement retrait\u00e9, va honorer une nouvelle s\u00e9lection. Sauf changement, il devrait jouer avec Nicolas Mahut. L&rsquo;ann\u00e9e derni\u00e8re, les deux joueurs avaient remport\u00e9 le double face \u00e0 Inglot et Murray en quarts de finale.<\/p>\n<h4><\/h4>\n<h4 style=\"text-align: justify;\">Une derni\u00e8re pour l&rsquo;histoire<\/h4>\n<p style=\"text-align: justify;\">Cette saison \u00e9tant la derni\u00e8re ann\u00e9e de la comp\u00e9tition sous ce format, les quatre \u00e9quipes encore en lice mettront un point d&rsquo;honneur \u00e0 la remporter. La France va tenter de r\u00e9aliser le doubl\u00e9 alors que la derni\u00e8re victoire de l&rsquo;Espagne remonte \u00e0 2012. La Croatie s&rsquo;est impos\u00e9e une fois en 2005 et les Etats-Unis, en t\u00eate avec 32 titres, se sont impos\u00e9s en 2007.<\/p>\n<h4><\/h4>\n<h4 style=\"text-align: center;\">Programme de la rencontre<\/h4>\n<p style=\"text-align: center;\"><strong>Vendredi 14 septembre \u00e0 13h30<\/strong> <strong>:<\/strong> Paire-Carre\u00f1o Busta<br \/>\nsuivi de Pouille-Bautista Agut<br \/>\n<strong>Samedi 15 septembre \u00e0 14h :<\/strong> Benneteau\/Mahut-Granollers\/Lopez<br \/>\n<strong>Dimanche 16 septembre \u00e0 13 h :<\/strong> Pouille-Carre\u00f1o Busta<br \/>\nsuivi de Paire-Bautista Agut<\/p>\n<p style=\"text-align: justify;\">Les joueurs pour les rencontres du samedi et dimanche peuvent encore changer.<\/p>\n<p style=\"text-align: justify;\">En cas de victoire 3-0 pour l&rsquo;une des deux \u00e9quipes, le 4e match sera jou\u00e9 au meilleur des trois sets et le 5e match facultatif.<br \/>\nEn cas de victoire 3-1 pour l&rsquo;une des deux \u00e9quipes, le dernier match est facultatif<\/p>\n<p><strong><em>Arlette<\/em><\/strong><br \/>\n<a href=\"http:\/\/twitter.com\/Shiclette94\"><img loading=\"lazy\" decoding=\"async\" class=\"alignnone size-full wp-image-2908\" src=\"http:\/\/dicodusport.fr\/blog\/wp-content\/uploads\/2017\/07\/logo-twitter-e1516110106986.png\" alt=\"\" width=\"39\" height=\"39\" \/><\/a><\/p>\n","protected":false},"excerpt":{"rendered":"<p>Le tirage au sort de la demi-finale de Coupe Davis entre la France et l&rsquo;Espagne a eu lieu \u00e0 12h30 au Stade Pierre Mauroy de Villeneuve d&rsquo;Ascq. Pour sa premi\u00e8re s\u00e9lection, Beno\u00eet Paire d\u00e9butera face \u00e0 Pable Carre\u00f1o Busta vendredi.<\/p>\n","protected":false},"author":12,"featured_media":25591,"comment_status":"open","ping_status":"closed","sticky":false,"template":"","format":"standard","meta":{"_acf_changed":false,"_daextam_enable_autolinks":"","footnotes":""},"categories":[2,2365,2302],"tags":[5942,2540,2294,2544,2541,5951,995],"class_list":["post-25592","post","type-post","status-publish","format-standard","has-post-thumbnail","hentry","category-actualites","category-sports-de-raquette","category-tennis","tag-benoit-paire","tag-coupe-davis","tag-julien-benneteau","tag-lucas-pouille","tag-nicolas-mahut","tag-pablo-carreno-busta","tag-yannick-noah"],"acf":[],"yoast_head":"<!-- This site is optimized with the Yoast SEO Premium plugin v26.7 (Yoast SEO v26.7) - https:\/\/yoast.com\/wordpress\/plugins\/seo\/ -->\n<title>Coupe Davis - France\/Espagne : Beno\u00eet Paire ouvrira le bal face \u00e0 Pablo Carre\u00f1o Busta<\/title>\n<meta name=\"description\" content=\"Le tirage au sort de la demi-finale de Coupe Davis entre la France et l&#039;Espagne a eu lieu \u00e0 12h30 au Stade Pierre Mauroy de Villeneuve d&#039;Ascq. Pour sa premi\u00e8re s\u00e9lection, Beno\u00eet Paire d\u00e9butera face \u00e0 Pable Carre\u00f1o Busta vendredi.\" \/>\n<meta name=\"robots\" content=\"index, follow, max-snippet:-1, max-image-preview:large, max-video-preview:-1\" \/>\n<link rel=\"canonical\" href=\"https:\/\/dicodusport.fr\/blog\/coupe-davis-france-espagne-benoit-paire-ouvrira-le-bal-face-a-pablo-carreno-busta\/\" \/>\n<meta property=\"og:locale\" content=\"fr_FR\" \/>\n<meta property=\"og:type\" content=\"article\" \/>\n<meta property=\"og:title\" content=\"Coupe Davis - France\/Espagne : Beno\u00eet Paire ouvrira le bal face \u00e0 Pablo Carre\u00f1o Busta\" \/>\n<meta property=\"og:description\" content=\"Le tirage au sort de la demi-finale de Coupe Davis entre la France et l&#039;Espagne a eu lieu \u00e0 12h30 au Stade Pierre Mauroy de Villeneuve d&#039;Ascq. Pour sa premi\u00e8re s\u00e9lection, Beno\u00eet Paire d\u00e9butera face \u00e0 Pable Carre\u00f1o Busta vendredi.\" \/>\n<meta property=\"og:url\" content=\"https:\/\/dicodusport.fr\/blog\/coupe-davis-france-espagne-benoit-paire-ouvrira-le-bal-face-a-pablo-carreno-busta\/\" \/>\n<meta property=\"og:site_name\" content=\"Dicodusport\" \/>\n<meta property=\"article:publisher\" content=\"https:\/\/www.facebook.com\/dicodusport\" \/>\n<meta property=\"article:published_time\" content=\"2018-09-13T12:00:54+00:00\" \/>\n<meta property=\"og:image\" content=\"https:\/\/dicodusport.fr\/blog\/wp-content\/uploads\/2018\/09\/Coupe-Davis.png\" \/>\n\t<meta property=\"og:image:width\" content=\"1200\" \/>\n\t<meta property=\"og:image:height\" content=\"670\" \/>\n\t<meta property=\"og:image:type\" content=\"image\/png\" \/>\n<meta name=\"author\" content=\"Arlette Yeye\" \/>\n<meta name=\"twitter:card\" content=\"summary_large_image\" \/>\n<meta name=\"twitter:creator\" content=\"@https:\/\/twitter.com\/Shiclette94\" \/>\n<meta name=\"twitter:site\" content=\"@dicodusport\" \/>\n<script type=\"application\/ld+json\" class=\"yoast-schema-graph\">{\"@context\":\"https:\/\/schema.org\",\"@graph\":[{\"@type\":\"NewsArticle\",\"@id\":\"https:\/\/dicodusport.fr\/blog\/coupe-davis-france-espagne-benoit-paire-ouvrira-le-bal-face-a-pablo-carreno-busta\/#article\",\"isPartOf\":{\"@id\":\"https:\/\/dicodusport.fr\/blog\/coupe-davis-france-espagne-benoit-paire-ouvrira-le-bal-face-a-pablo-carreno-busta\/\"},\"author\":{\"name\":\"Arlette Yeye\",\"@id\":\"https:\/\/dicodusport.fr\/blog\/#\/schema\/person\/cce96fa88785bd8573e3d43078ac8c79\"},\"headline\":\"Coupe Davis &#8211; France\/Espagne : Beno\u00eet Paire ouvrira le bal face \u00e0 Pablo Carre\u00f1o Busta\",\"datePublished\":\"2018-09-13T12:00:54+00:00\",\"mainEntityOfPage\":{\"@id\":\"https:\/\/dicodusport.fr\/blog\/coupe-davis-france-espagne-benoit-paire-ouvrira-le-bal-face-a-pablo-carreno-busta\/\"},\"wordCount\":729,\"commentCount\":0,\"publisher\":{\"@id\":\"https:\/\/dicodusport.fr\/blog\/#organization\"},\"image\":{\"@id\":\"https:\/\/dicodusport.fr\/blog\/coupe-davis-france-espagne-benoit-paire-ouvrira-le-bal-face-a-pablo-carreno-busta\/#primaryimage\"},\"thumbnailUrl\":\"https:\/\/dicodusport.fr\/blog\/wp-content\/uploads\/2018\/09\/Coupe-Davis.png\",\"keywords\":[\"Beno\u00eet Paire\",\"Coupe Davis\",\"Julien Benneteau\",\"Lucas Pouille\",\"Nicolas Mahut\",\"Pablo Carreno Busta\",\"yannick noah\"],\"articleSection\":[\"Actualit\u00e9s\",\"Sports de raquette\",\"Tennis\"],\"inLanguage\":\"fr-FR\",\"potentialAction\":[{\"@type\":\"CommentAction\",\"name\":\"Comment\",\"target\":[\"https:\/\/dicodusport.fr\/blog\/coupe-davis-france-espagne-benoit-paire-ouvrira-le-bal-face-a-pablo-carreno-busta\/#respond\"]}],\"copyrightYear\":\"2018\",\"copyrightHolder\":{\"@id\":\"https:\/\/dicodusport.fr\/blog\/#organization\"}},{\"@type\":\"WebPage\",\"@id\":\"https:\/\/dicodusport.fr\/blog\/coupe-davis-france-espagne-benoit-paire-ouvrira-le-bal-face-a-pablo-carreno-busta\/\",\"url\":\"https:\/\/dicodusport.fr\/blog\/coupe-davis-france-espagne-benoit-paire-ouvrira-le-bal-face-a-pablo-carreno-busta\/\",\"name\":\"Coupe Davis - France\/Espagne : Beno\u00eet Paire ouvrira le bal face \u00e0 Pablo Carre\u00f1o Busta\",\"isPartOf\":{\"@id\":\"https:\/\/dicodusport.fr\/blog\/#website\"},\"primaryImageOfPage\":{\"@id\":\"https:\/\/dicodusport.fr\/blog\/coupe-davis-france-espagne-benoit-paire-ouvrira-le-bal-face-a-pablo-carreno-busta\/#primaryimage\"},\"image\":{\"@id\":\"https:\/\/dicodusport.fr\/blog\/coupe-davis-france-espagne-benoit-paire-ouvrira-le-bal-face-a-pablo-carreno-busta\/#primaryimage\"},\"thumbnailUrl\":\"https:\/\/dicodusport.fr\/blog\/wp-content\/uploads\/2018\/09\/Coupe-Davis.png\",\"datePublished\":\"2018-09-13T12:00:54+00:00\",\"description\":\"Le tirage au sort de la demi-finale de Coupe Davis entre la France et l'Espagne a eu lieu \u00e0 12h30 au Stade Pierre Mauroy de Villeneuve d'Ascq. Pour sa premi\u00e8re s\u00e9lection, Beno\u00eet Paire d\u00e9butera face \u00e0 Pable Carre\u00f1o Busta vendredi.\",\"breadcrumb\":{\"@id\":\"https:\/\/dicodusport.fr\/blog\/coupe-davis-france-espagne-benoit-paire-ouvrira-le-bal-face-a-pablo-carreno-busta\/#breadcrumb\"},\"inLanguage\":\"fr-FR\",\"potentialAction\":[{\"@type\":\"ReadAction\",\"target\":[\"https:\/\/dicodusport.fr\/blog\/coupe-davis-france-espagne-benoit-paire-ouvrira-le-bal-face-a-pablo-carreno-busta\/\"]}]},{\"@type\":\"ImageObject\",\"inLanguage\":\"fr-FR\",\"@id\":\"https:\/\/dicodusport.fr\/blog\/coupe-davis-france-espagne-benoit-paire-ouvrira-le-bal-face-a-pablo-carreno-busta\/#primaryimage\",\"url\":\"https:\/\/dicodusport.fr\/blog\/wp-content\/uploads\/2018\/09\/Coupe-Davis.png\",\"contentUrl\":\"https:\/\/dicodusport.fr\/blog\/wp-content\/uploads\/2018\/09\/Coupe-Davis.png\",\"width\":1200,\"height\":670},{\"@type\":\"BreadcrumbList\",\"@id\":\"https:\/\/dicodusport.fr\/blog\/coupe-davis-france-espagne-benoit-paire-ouvrira-le-bal-face-a-pablo-carreno-busta\/#breadcrumb\",\"itemListElement\":[{\"@type\":\"ListItem\",\"position\":1,\"name\":\"Accueil\",\"item\":\"https:\/\/dicodusport.fr\/blog\/\"},{\"@type\":\"ListItem\",\"position\":2,\"name\":\"Coupe Davis &#8211; France\/Espagne : Beno\u00eet Paire ouvrira le bal face \u00e0 Pablo Carre\u00f1o Busta\"}]},{\"@type\":\"WebSite\",\"@id\":\"https:\/\/dicodusport.fr\/blog\/#website\",\"url\":\"https:\/\/dicodusport.fr\/blog\/\",\"name\":\"Dicodusport\",\"description\":\"L&#039;encyclop\u00e9die de l&#039;actualit\u00e9 sportive\",\"publisher\":{\"@id\":\"https:\/\/dicodusport.fr\/blog\/#organization\"},\"potentialAction\":[{\"@type\":\"SearchAction\",\"target\":{\"@type\":\"EntryPoint\",\"urlTemplate\":\"https:\/\/dicodusport.fr\/blog\/?s={search_term_string}\"},\"query-input\":{\"@type\":\"PropertyValueSpecification\",\"valueRequired\":true,\"valueName\":\"search_term_string\"}}],\"inLanguage\":\"fr-FR\"},{\"@type\":\"NewsMediaOrganization\",\"@id\":\"https:\/\/dicodusport.fr\/blog\/#organization\",\"name\":\"Dicodusport\",\"url\":\"https:\/\/dicodusport.fr\/blog\/\",\"logo\":{\"@type\":\"ImageObject\",\"inLanguage\":\"fr-FR\",\"@id\":\"https:\/\/dicodusport.fr\/blog\/#\/schema\/logo\/image\/\",\"url\":\"https:\/\/dicodusport.fr\/blog\/wp-content\/uploads\/2020\/06\/cropped-LOGO-DICODUSPORT-2020-SANS-FOND-SANS-TEXTE.png\",\"contentUrl\":\"https:\/\/dicodusport.fr\/blog\/wp-content\/uploads\/2020\/06\/cropped-LOGO-DICODUSPORT-2020-SANS-FOND-SANS-TEXTE.png\",\"width\":512,\"height\":512,\"caption\":\"Dicodusport\"},\"image\":{\"@id\":\"https:\/\/dicodusport.fr\/blog\/#\/schema\/logo\/image\/\"},\"sameAs\":[\"https:\/\/www.facebook.com\/dicodusport\",\"https:\/\/x.com\/dicodusport\",\"https:\/\/www.instagram.com\/dicodusport\/\",\"https:\/\/www.youtube.com\/channel\/UC7V2KZ5sd3htJivAbA4ZG3w\"],\"description\":\"Dicodusport est l'encyclop\u00e9die de l'actualit\u00e9 sportive.\",\"email\":\"bonjour@dicodusport.fr\",\"legalName\":\"DICODUSPORT\",\"foundingDate\":\"2018-01-14\",\"vatID\":\"FR71834470973\",\"taxID\":\"83447097300043\",\"numberOfEmployees\":{\"@type\":\"QuantitativeValue\",\"minValue\":\"1\",\"maxValue\":\"10\"}},{\"@type\":\"Person\",\"@id\":\"https:\/\/dicodusport.fr\/blog\/#\/schema\/person\/cce96fa88785bd8573e3d43078ac8c79\",\"name\":\"Arlette Yeye\",\"image\":{\"@type\":\"ImageObject\",\"inLanguage\":\"fr-FR\",\"@id\":\"https:\/\/dicodusport.fr\/blog\/#\/schema\/person\/image\/\",\"url\":\"https:\/\/secure.gravatar.com\/avatar\/dca4a6239e6d708e46c45d60e160de6c?s=96&d=wp_user_avatar&r=g\",\"contentUrl\":\"https:\/\/secure.gravatar.com\/avatar\/dca4a6239e6d708e46c45d60e160de6c?s=96&d=wp_user_avatar&r=g\",\"caption\":\"Arlette Yeye\"},\"description\":\"Journaliste\/r\u00e9dactrice depuis septembre 2015 - Supportrice de Chelsea, j'ai pour sports de pr\u00e9dilection le handball, l'athl\u00e9tisme et le tennis. Si je tweete plus vite que mon ombre, vous pouvez aussi me retrouver les week-ends sur les playgrounds de Bruxelles pour un petit foot ou basket entre potes. Parcourir la France, l'Europe et plus si affinit\u00e9s pour suivre mes sportifs pr\u00e9f\u00e9r\u00e9s ? Mon kif ! Et c'est avec plaisir que je partage les r\u00e9sultats des sports populaires mais \u00e9galement plus confidentiels pour Dicodusport.\",\"sameAs\":[\"https:\/\/x.com\/https:\/\/twitter.com\/Shiclette94\"],\"url\":\"https:\/\/dicodusport.fr\/blog\/author\/arlette\/\"}]}<\/script>\n<!-- \/ Yoast SEO Premium plugin. -->","yoast_head_json":{"title":"Coupe Davis - France\/Espagne : Beno\u00eet Paire ouvrira le bal face \u00e0 Pablo Carre\u00f1o Busta","description":"Le tirage au sort de la demi-finale de Coupe Davis entre la France et l'Espagne a eu lieu \u00e0 12h30 au Stade Pierre Mauroy de Villeneuve d'Ascq. Pour sa premi\u00e8re s\u00e9lection, Beno\u00eet Paire d\u00e9butera face \u00e0 Pable Carre\u00f1o Busta vendredi.","robots":{"index":"index","follow":"follow","max-snippet":"max-snippet:-1","max-image-preview":"max-image-preview:large","max-video-preview":"max-video-preview:-1"},"canonical":"https:\/\/dicodusport.fr\/blog\/coupe-davis-france-espagne-benoit-paire-ouvrira-le-bal-face-a-pablo-carreno-busta\/","og_locale":"fr_FR","og_type":"article","og_title":"Coupe Davis - France\/Espagne : Beno\u00eet Paire ouvrira le bal face \u00e0 Pablo Carre\u00f1o Busta","og_description":"Le tirage au sort de la demi-finale de Coupe Davis entre la France et l'Espagne a eu lieu \u00e0 12h30 au Stade Pierre Mauroy de Villeneuve d'Ascq. Pour sa premi\u00e8re s\u00e9lection, Beno\u00eet Paire d\u00e9butera face \u00e0 Pable Carre\u00f1o Busta vendredi.","og_url":"https:\/\/dicodusport.fr\/blog\/coupe-davis-france-espagne-benoit-paire-ouvrira-le-bal-face-a-pablo-carreno-busta\/","og_site_name":"Dicodusport","article_publisher":"https:\/\/www.facebook.com\/dicodusport","article_published_time":"2018-09-13T12:00:54+00:00","og_image":[{"width":1200,"height":670,"url":"https:\/\/dicodusport.fr\/blog\/wp-content\/uploads\/2018\/09\/Coupe-Davis.png","type":"image\/png"}],"author":"Arlette Yeye","twitter_card":"summary_large_image","twitter_creator":"@https:\/\/twitter.com\/Shiclette94","twitter_site":"@dicodusport","schema":{"@context":"https:\/\/schema.org","@graph":[{"@type":"NewsArticle","@id":"https:\/\/dicodusport.fr\/blog\/coupe-davis-france-espagne-benoit-paire-ouvrira-le-bal-face-a-pablo-carreno-busta\/#article","isPartOf":{"@id":"https:\/\/dicodusport.fr\/blog\/coupe-davis-france-espagne-benoit-paire-ouvrira-le-bal-face-a-pablo-carreno-busta\/"},"author":{"name":"Arlette Yeye","@id":"https:\/\/dicodusport.fr\/blog\/#\/schema\/person\/cce96fa88785bd8573e3d43078ac8c79"},"headline":"Coupe Davis &#8211; France\/Espagne : Beno\u00eet Paire ouvrira le bal face \u00e0 Pablo Carre\u00f1o Busta","datePublished":"2018-09-13T12:00:54+00:00","mainEntityOfPage":{"@id":"https:\/\/dicodusport.fr\/blog\/coupe-davis-france-espagne-benoit-paire-ouvrira-le-bal-face-a-pablo-carreno-busta\/"},"wordCount":729,"commentCount":0,"publisher":{"@id":"https:\/\/dicodusport.fr\/blog\/#organization"},"image":{"@id":"https:\/\/dicodusport.fr\/blog\/coupe-davis-france-espagne-benoit-paire-ouvrira-le-bal-face-a-pablo-carreno-busta\/#primaryimage"},"thumbnailUrl":"https:\/\/dicodusport.fr\/blog\/wp-content\/uploads\/2018\/09\/Coupe-Davis.png","keywords":["Beno\u00eet Paire","Coupe Davis","Julien Benneteau","Lucas Pouille","Nicolas Mahut","Pablo Carreno Busta","yannick noah"],"articleSection":["Actualit\u00e9s","Sports de raquette","Tennis"],"inLanguage":"fr-FR","potentialAction":[{"@type":"CommentAction","name":"Comment","target":["https:\/\/dicodusport.fr\/blog\/coupe-davis-france-espagne-benoit-paire-ouvrira-le-bal-face-a-pablo-carreno-busta\/#respond"]}],"copyrightYear":"2018","copyrightHolder":{"@id":"https:\/\/dicodusport.fr\/blog\/#organization"}},{"@type":"WebPage","@id":"https:\/\/dicodusport.fr\/blog\/coupe-davis-france-espagne-benoit-paire-ouvrira-le-bal-face-a-pablo-carreno-busta\/","url":"https:\/\/dicodusport.fr\/blog\/coupe-davis-france-espagne-benoit-paire-ouvrira-le-bal-face-a-pablo-carreno-busta\/","name":"Coupe Davis - France\/Espagne : Beno\u00eet Paire ouvrira le bal face \u00e0 Pablo Carre\u00f1o Busta","isPartOf":{"@id":"https:\/\/dicodusport.fr\/blog\/#website"},"primaryImageOfPage":{"@id":"https:\/\/dicodusport.fr\/blog\/coupe-davis-france-espagne-benoit-paire-ouvrira-le-bal-face-a-pablo-carreno-busta\/#primaryimage"},"image":{"@id":"https:\/\/dicodusport.fr\/blog\/coupe-davis-france-espagne-benoit-paire-ouvrira-le-bal-face-a-pablo-carreno-busta\/#primaryimage"},"thumbnailUrl":"https:\/\/dicodusport.fr\/blog\/wp-content\/uploads\/2018\/09\/Coupe-Davis.png","datePublished":"2018-09-13T12:00:54+00:00","description":"Le tirage au sort de la demi-finale de Coupe Davis entre la France et l'Espagne a eu lieu \u00e0 12h30 au Stade Pierre Mauroy de Villeneuve d'Ascq. Pour sa premi\u00e8re s\u00e9lection, Beno\u00eet Paire d\u00e9butera face \u00e0 Pable Carre\u00f1o Busta vendredi.","breadcrumb":{"@id":"https:\/\/dicodusport.fr\/blog\/coupe-davis-france-espagne-benoit-paire-ouvrira-le-bal-face-a-pablo-carreno-busta\/#breadcrumb"},"inLanguage":"fr-FR","potentialAction":[{"@type":"ReadAction","target":["https:\/\/dicodusport.fr\/blog\/coupe-davis-france-espagne-benoit-paire-ouvrira-le-bal-face-a-pablo-carreno-busta\/"]}]},{"@type":"ImageObject","inLanguage":"fr-FR","@id":"https:\/\/dicodusport.fr\/blog\/coupe-davis-france-espagne-benoit-paire-ouvrira-le-bal-face-a-pablo-carreno-busta\/#primaryimage","url":"https:\/\/dicodusport.fr\/blog\/wp-content\/uploads\/2018\/09\/Coupe-Davis.png","contentUrl":"https:\/\/dicodusport.fr\/blog\/wp-content\/uploads\/2018\/09\/Coupe-Davis.png","width":1200,"height":670},{"@type":"BreadcrumbList","@id":"https:\/\/dicodusport.fr\/blog\/coupe-davis-france-espagne-benoit-paire-ouvrira-le-bal-face-a-pablo-carreno-busta\/#breadcrumb","itemListElement":[{"@type":"ListItem","position":1,"name":"Accueil","item":"https:\/\/dicodusport.fr\/blog\/"},{"@type":"ListItem","position":2,"name":"Coupe Davis &#8211; France\/Espagne : Beno\u00eet Paire ouvrira le bal face \u00e0 Pablo Carre\u00f1o Busta"}]},{"@type":"WebSite","@id":"https:\/\/dicodusport.fr\/blog\/#website","url":"https:\/\/dicodusport.fr\/blog\/","name":"Dicodusport","description":"L&#039;encyclop\u00e9die de l&#039;actualit\u00e9 sportive","publisher":{"@id":"https:\/\/dicodusport.fr\/blog\/#organization"},"potentialAction":[{"@type":"SearchAction","target":{"@type":"EntryPoint","urlTemplate":"https:\/\/dicodusport.fr\/blog\/?s={search_term_string}"},"query-input":{"@type":"PropertyValueSpecification","valueRequired":true,"valueName":"search_term_string"}}],"inLanguage":"fr-FR"},{"@type":"NewsMediaOrganization","@id":"https:\/\/dicodusport.fr\/blog\/#organization","name":"Dicodusport","url":"https:\/\/dicodusport.fr\/blog\/","logo":{"@type":"ImageObject","inLanguage":"fr-FR","@id":"https:\/\/dicodusport.fr\/blog\/#\/schema\/logo\/image\/","url":"https:\/\/dicodusport.fr\/blog\/wp-content\/uploads\/2020\/06\/cropped-LOGO-DICODUSPORT-2020-SANS-FOND-SANS-TEXTE.png","contentUrl":"https:\/\/dicodusport.fr\/blog\/wp-content\/uploads\/2020\/06\/cropped-LOGO-DICODUSPORT-2020-SANS-FOND-SANS-TEXTE.png","width":512,"height":512,"caption":"Dicodusport"},"image":{"@id":"https:\/\/dicodusport.fr\/blog\/#\/schema\/logo\/image\/"},"sameAs":["https:\/\/www.facebook.com\/dicodusport","https:\/\/x.com\/dicodusport","https:\/\/www.instagram.com\/dicodusport\/","https:\/\/www.youtube.com\/channel\/UC7V2KZ5sd3htJivAbA4ZG3w"],"description":"Dicodusport est l'encyclop\u00e9die de l'actualit\u00e9 sportive.","email":"bonjour@dicodusport.fr","legalName":"DICODUSPORT","foundingDate":"2018-01-14","vatID":"FR71834470973","taxID":"83447097300043","numberOfEmployees":{"@type":"QuantitativeValue","minValue":"1","maxValue":"10"}},{"@type":"Person","@id":"https:\/\/dicodusport.fr\/blog\/#\/schema\/person\/cce96fa88785bd8573e3d43078ac8c79","name":"Arlette Yeye","image":{"@type":"ImageObject","inLanguage":"fr-FR","@id":"https:\/\/dicodusport.fr\/blog\/#\/schema\/person\/image\/","url":"https:\/\/secure.gravatar.com\/avatar\/dca4a6239e6d708e46c45d60e160de6c?s=96&d=wp_user_avatar&r=g","contentUrl":"https:\/\/secure.gravatar.com\/avatar\/dca4a6239e6d708e46c45d60e160de6c?s=96&d=wp_user_avatar&r=g","caption":"Arlette Yeye"},"description":"Journaliste\/r\u00e9dactrice depuis septembre 2015 - Supportrice de Chelsea, j'ai pour sports de pr\u00e9dilection le handball, l'athl\u00e9tisme et le tennis. Si je tweete plus vite que mon ombre, vous pouvez aussi me retrouver les week-ends sur les playgrounds de Bruxelles pour un petit foot ou basket entre potes. Parcourir la France, l'Europe et plus si affinit\u00e9s pour suivre mes sportifs pr\u00e9f\u00e9r\u00e9s ? Mon kif ! Et c'est avec plaisir que je partage les r\u00e9sultats des sports populaires mais \u00e9galement plus confidentiels pour Dicodusport.","sameAs":["https:\/\/x.com\/https:\/\/twitter.com\/Shiclette94"],"url":"https:\/\/dicodusport.fr\/blog\/author\/arlette\/"}]}},"_links":{"self":[{"href":"https:\/\/dicodusport.fr\/blog\/wp-json\/wp\/v2\/posts\/25592","targetHints":{"allow":["GET"]}}],"collection":[{"href":"https:\/\/dicodusport.fr\/blog\/wp-json\/wp\/v2\/posts"}],"about":[{"href":"https:\/\/dicodusport.fr\/blog\/wp-json\/wp\/v2\/types\/post"}],"author":[{"embeddable":true,"href":"https:\/\/dicodusport.fr\/blog\/wp-json\/wp\/v2\/users\/12"}],"replies":[{"embeddable":true,"href":"https:\/\/dicodusport.fr\/blog\/wp-json\/wp\/v2\/comments?post=25592"}],"version-history":[{"count":0,"href":"https:\/\/dicodusport.fr\/blog\/wp-json\/wp\/v2\/posts\/25592\/revisions"}],"wp:featuredmedia":[{"embeddable":true,"href":"https:\/\/dicodusport.fr\/blog\/wp-json\/wp\/v2\/media\/25591"}],"wp:attachment":[{"href":"https:\/\/dicodusport.fr\/blog\/wp-json\/wp\/v2\/media?parent=25592"}],"wp:term":[{"taxonomy":"category","embeddable":true,"href":"https:\/\/dicodusport.fr\/blog\/wp-json\/wp\/v2\/categories?post=25592"},{"taxonomy":"post_tag","embeddable":true,"href":"https:\/\/dicodusport.fr\/blog\/wp-json\/wp\/v2\/tags?post=25592"}],"curies":[{"name":"wp","href":"https:\/\/api.w.org\/{rel}","templated":true}]}}