{"id":256036,"date":"2022-08-25T18:25:51","date_gmt":"2022-08-25T16:25:51","guid":{"rendered":"https:\/\/dicodusport.fr\/blog\/?p=256036&#038;preview=true&#038;preview_id=256036"},"modified":"2022-08-25T21:55:18","modified_gmt":"2022-08-25T19:55:18","slug":"mondiaux-vtt-xco-2022-paul-magnier-en-bronze-chez-juniors-paul-schehl-sacre","status":"publish","type":"post","link":"https:\/\/dicodusport.fr\/blog\/mondiaux-vtt-xco-2022-paul-magnier-en-bronze-chez-juniors-paul-schehl-sacre\/","title":{"rendered":"Mondiaux VTT XCO 2022 : Paul Magnier en bronze chez les juniors, Paul Schehl sacr\u00e9"},"content":{"rendered":"<p style=\"text-align: justify;\"><em><strong><a href=\"https:\/\/dicodusport.fr\/blog\/actualites\/cyclisme\/vtt\/championnats-du-monde-vtt-2022\/\">CHAMPIONNATS DU MONDE DE VTT 2022<\/a> &#8211; Ce jeudi, l&rsquo;Allemand Paul Schehl a d\u00e9croch\u00e9 le titre mondial XCO juniors, aux Gets. Le Fran\u00e7ais Paul Magnier a, quant \u00e0 lui, glan\u00e9 la m\u00e9daille de bronze, synonyme de premi\u00e8re r\u00e9compense pour l&rsquo;\u00e9quipe de France dans ces Mondiaux.<\/strong><\/em><\/p>\n<p style=\"text-align: justify;\">Elle est l\u00e0, la premi\u00e8re m\u00e9daille tricolore de ces <strong>championnats du monde de VTT 2022<\/strong> aux Gets. Apr\u00e8s <a href=\"https:\/\/dicodusport.fr\/blog\/mondiaux-vtt-2022-suisse-en-or-sur-relais-mixte-desillusion-pour-la-france\/\">un relais mixte malchanceux<\/a> et des juniors f\u00e9minines priv\u00e9es de leur meilleure carte, les juniors masculins ont pes\u00e9 sur la course. Mieux, <strong>Paul Magnier<\/strong>, 18 ans, est all\u00e9 d\u00e9crocher le bronze ce jeudi apr\u00e8s-midi. Dixi\u00e8me l&rsquo;an dernier \u00e0 Val di Sole, le Fran\u00e7ais a r\u00e9alis\u00e9 une course solide pour monter sur la troisi\u00e8me marche du podium. Devant lui, l&rsquo;Allemand <strong>Paul Schehl<\/strong> a \u00e9t\u00e9 le plus fort dans la derni\u00e8re des cinq boucles pour l&#8217;emporter. M\u00e9daill\u00e9 de bronze aux championnats d&rsquo;Europe il y a trois semaines et champion d&rsquo;Allemagne juniors, il a devanc\u00e9 le Suisse <strong>Jan Christen<\/strong> de 18 secondes, qui d\u00e9croche donc l&rsquo;argent, apportant d\u00e9j\u00e0 une quatri\u00e8me m\u00e9daille \u00e0 la d\u00e9l\u00e9gation suisse.<\/p>\n<blockquote class=\"twitter-tweet\">\n<p dir=\"ltr\" lang=\"en\">Dominating from start to finish! &#x1f4aa;<\/p>\n<p>Paul Schehl &#x1f1e9;&#x1f1ea; is Men Junior XCO World Champion! &#x1f308;&#x1f947;<a href=\"https:\/\/twitter.com\/hashtag\/LesGets2022?src=hash&amp;ref_src=twsrc%5Etfw\">#LesGets2022<\/a> <a href=\"https:\/\/t.co\/eIsl2QWBCn\">pic.twitter.com\/eIsl2QWBCn<\/a><\/p>\n<p>\u2014 UCI MTB (@UCI_MTB) <a href=\"https:\/\/twitter.com\/UCI_MTB\/status\/1562833373160423427?ref_src=twsrc%5Etfw\">August 25, 2022<\/a><\/p><\/blockquote>\n<p><script async src=\"https:\/\/platform.twitter.com\/widgets.js\" charset=\"utf-8\"><\/script><\/p>\n<h2 style=\"text-align: justify;\">\u00c0 lire aussi<\/h2>\n<ul>\n<li style=\"text-align: justify;\"><a href=\"https:\/\/dicodusport.fr\/blog\/mondiaux-vtt-2022-classement-xco-juniors-hommes\/\"><strong>Le classement de la course XCO juniors hommes des championnats du monde de VTT 2022<\/strong><\/a><\/li>\n<li style=\"text-align: justify;\"><a href=\"https:\/\/dicodusport.fr\/blog\/mondiaux-vtt-2022-programme-complet-et-resultats\/\"><strong>Programme et r\u00e9sultats des championnats du monde de VTT 2022<\/strong><\/a><\/li>\n<li style=\"text-align: justify;\"><a href=\"https:\/\/dicodusport.fr\/blog\/tableau-des-medailles-championnats-du-monde-de-vtt-2022\/\"><strong>Tableau des m\u00e9dailles des championnats du monde de VTT 2022<\/strong><\/a><\/li>\n<\/ul>\n","protected":false},"excerpt":{"rendered":"<p>CHAMPIONNATS DU MONDE DE VTT 2022 &#8211; Ce jeudi, l&rsquo;Allemand Paul Schehl a d\u00e9croch\u00e9 le titre mondial XCO juniors, aux Gets. Le Fran\u00e7ais Paul Magnier a quant \u00e0 lui glan\u00e9 la m\u00e9daille de bronze, synonyme de premi\u00e8re r\u00e9compense pour l&rsquo;\u00e9quipe de France dans ces Mondiaux.<\/p>\n","protected":false},"author":4,"featured_media":256145,"comment_status":"open","ping_status":"closed","sticky":false,"template":"","format":"standard","meta":{"_acf_changed":false,"_daextam_enable_autolinks":"","footnotes":""},"categories":[10279],"tags":[],"class_list":["post-256036","post","type-post","status-publish","format-standard","has-post-thumbnail","hentry","category-vtt"],"acf":[],"yoast_head":"<!-- This site is optimized with the Yoast SEO Premium plugin v26.7 (Yoast SEO v26.7) - https:\/\/yoast.com\/wordpress\/plugins\/seo\/ -->\n<title>Mondiaux VTT XCO 2022 : Paul Magnier en bronze chez les juniors, Paul Schehl sacr\u00e9<\/title>\n<meta name=\"description\" content=\"CHAMPIONNATS DU MONDE DE VTT 2022 - Ce jeudi, l&#039;Allemand Paul Schehl a d\u00e9croch\u00e9 le titre mondial XCO juniors, aux Gets.\" \/>\n<meta name=\"robots\" content=\"index, follow, max-snippet:-1, max-image-preview:large, max-video-preview:-1\" \/>\n<link rel=\"canonical\" href=\"https:\/\/dicodusport.fr\/blog\/mondiaux-vtt-xco-2022-paul-magnier-en-bronze-chez-juniors-paul-schehl-sacre\/\" \/>\n<meta property=\"og:locale\" content=\"fr_FR\" \/>\n<meta property=\"og:type\" content=\"article\" \/>\n<meta property=\"og:title\" content=\"Mondiaux VTT XCO 2022 : Paul Magnier en bronze chez les juniors, Paul Schehl sacr\u00e9\" \/>\n<meta property=\"og:description\" content=\"CHAMPIONNATS DU MONDE DE VTT 2022 - Ce jeudi, l&#039;Allemand Paul Schehl a d\u00e9croch\u00e9 le titre mondial XCO juniors, aux Gets.\" \/>\n<meta property=\"og:url\" content=\"https:\/\/dicodusport.fr\/blog\/mondiaux-vtt-xco-2022-paul-magnier-en-bronze-chez-juniors-paul-schehl-sacre\/\" \/>\n<meta property=\"og:site_name\" content=\"Dicodusport\" \/>\n<meta property=\"article:publisher\" content=\"https:\/\/www.facebook.com\/dicodusport\" \/>\n<meta property=\"article:author\" content=\"https:\/\/www.facebook.com\/florent.ostermann\" \/>\n<meta property=\"article:published_time\" content=\"2022-08-25T16:25:51+00:00\" \/>\n<meta property=\"article:modified_time\" content=\"2022-08-25T19:55:18+00:00\" \/>\n<meta property=\"og:image\" content=\"https:\/\/dicodusport.fr\/blog\/wp-content\/uploads\/2022\/08\/Mondiaux-VTT-XCO-2022-Paul-Magnier-en-bronze-chez-les-juniors-Paul-Schehl-sacre-1.png\" \/>\n\t<meta property=\"og:image:width\" content=\"800\" \/>\n\t<meta property=\"og:image:height\" content=\"445\" \/>\n\t<meta property=\"og:image:type\" content=\"image\/png\" \/>\n<meta name=\"author\" content=\"Flo Ostermann\" \/>\n<meta name=\"twitter:card\" content=\"summary_large_image\" \/>\n<meta name=\"twitter:title\" content=\"Mondiaux VTT XCO 2022 : Paul Magnier en bronze chez les juniors, Paul Schehl sacr\u00e9\" \/>\n<meta name=\"twitter:creator\" content=\"@https:\/\/twitter.com\/FlOstermann\" \/>\n<meta name=\"twitter:site\" content=\"@dicodusport\" \/>\n<script type=\"application\/ld+json\" class=\"yoast-schema-graph\">{\"@context\":\"https:\/\/schema.org\",\"@graph\":[{\"@type\":\"NewsArticle\",\"@id\":\"https:\/\/dicodusport.fr\/blog\/mondiaux-vtt-xco-2022-paul-magnier-en-bronze-chez-juniors-paul-schehl-sacre\/#article\",\"isPartOf\":{\"@id\":\"https:\/\/dicodusport.fr\/blog\/mondiaux-vtt-xco-2022-paul-magnier-en-bronze-chez-juniors-paul-schehl-sacre\/\"},\"author\":{\"name\":\"Flo Ostermann\",\"@id\":\"https:\/\/dicodusport.fr\/blog\/#\/schema\/person\/cb02af4c173ce4a653b55e9baf388d4a\"},\"headline\":\"Mondiaux VTT XCO 2022 : Paul Magnier en bronze chez les juniors, Paul Schehl sacr\u00e9\",\"datePublished\":\"2022-08-25T16:25:51+00:00\",\"dateModified\":\"2022-08-25T19:55:18+00:00\",\"mainEntityOfPage\":{\"@id\":\"https:\/\/dicodusport.fr\/blog\/mondiaux-vtt-xco-2022-paul-magnier-en-bronze-chez-juniors-paul-schehl-sacre\/\"},\"wordCount\":286,\"commentCount\":0,\"publisher\":{\"@id\":\"https:\/\/dicodusport.fr\/blog\/#organization\"},\"image\":{\"@id\":\"https:\/\/dicodusport.fr\/blog\/mondiaux-vtt-xco-2022-paul-magnier-en-bronze-chez-juniors-paul-schehl-sacre\/#primaryimage\"},\"thumbnailUrl\":\"https:\/\/dicodusport.fr\/blog\/wp-content\/uploads\/2022\/08\/Mondiaux-VTT-XCO-2022-Paul-Magnier-en-bronze-chez-les-juniors-Paul-Schehl-sacre-1.png\",\"articleSection\":[\"VTT\"],\"inLanguage\":\"fr-FR\",\"potentialAction\":[{\"@type\":\"CommentAction\",\"name\":\"Comment\",\"target\":[\"https:\/\/dicodusport.fr\/blog\/mondiaux-vtt-xco-2022-paul-magnier-en-bronze-chez-juniors-paul-schehl-sacre\/#respond\"]}],\"copyrightYear\":\"2022\",\"copyrightHolder\":{\"@id\":\"https:\/\/dicodusport.fr\/blog\/#organization\"}},{\"@type\":\"WebPage\",\"@id\":\"https:\/\/dicodusport.fr\/blog\/mondiaux-vtt-xco-2022-paul-magnier-en-bronze-chez-juniors-paul-schehl-sacre\/\",\"url\":\"https:\/\/dicodusport.fr\/blog\/mondiaux-vtt-xco-2022-paul-magnier-en-bronze-chez-juniors-paul-schehl-sacre\/\",\"name\":\"Mondiaux VTT XCO 2022 : Paul Magnier en bronze chez les juniors, Paul Schehl sacr\u00e9\",\"isPartOf\":{\"@id\":\"https:\/\/dicodusport.fr\/blog\/#website\"},\"primaryImageOfPage\":{\"@id\":\"https:\/\/dicodusport.fr\/blog\/mondiaux-vtt-xco-2022-paul-magnier-en-bronze-chez-juniors-paul-schehl-sacre\/#primaryimage\"},\"image\":{\"@id\":\"https:\/\/dicodusport.fr\/blog\/mondiaux-vtt-xco-2022-paul-magnier-en-bronze-chez-juniors-paul-schehl-sacre\/#primaryimage\"},\"thumbnailUrl\":\"https:\/\/dicodusport.fr\/blog\/wp-content\/uploads\/2022\/08\/Mondiaux-VTT-XCO-2022-Paul-Magnier-en-bronze-chez-les-juniors-Paul-Schehl-sacre-1.png\",\"datePublished\":\"2022-08-25T16:25:51+00:00\",\"dateModified\":\"2022-08-25T19:55:18+00:00\",\"description\":\"CHAMPIONNATS DU MONDE DE VTT 2022 - Ce jeudi, l'Allemand Paul Schehl a d\u00e9croch\u00e9 le titre mondial XCO juniors, aux Gets.\",\"breadcrumb\":{\"@id\":\"https:\/\/dicodusport.fr\/blog\/mondiaux-vtt-xco-2022-paul-magnier-en-bronze-chez-juniors-paul-schehl-sacre\/#breadcrumb\"},\"inLanguage\":\"fr-FR\",\"potentialAction\":[{\"@type\":\"ReadAction\",\"target\":[\"https:\/\/dicodusport.fr\/blog\/mondiaux-vtt-xco-2022-paul-magnier-en-bronze-chez-juniors-paul-schehl-sacre\/\"]}]},{\"@type\":\"ImageObject\",\"inLanguage\":\"fr-FR\",\"@id\":\"https:\/\/dicodusport.fr\/blog\/mondiaux-vtt-xco-2022-paul-magnier-en-bronze-chez-juniors-paul-schehl-sacre\/#primaryimage\",\"url\":\"https:\/\/dicodusport.fr\/blog\/wp-content\/uploads\/2022\/08\/Mondiaux-VTT-XCO-2022-Paul-Magnier-en-bronze-chez-les-juniors-Paul-Schehl-sacre-1.png\",\"contentUrl\":\"https:\/\/dicodusport.fr\/blog\/wp-content\/uploads\/2022\/08\/Mondiaux-VTT-XCO-2022-Paul-Magnier-en-bronze-chez-les-juniors-Paul-Schehl-sacre-1.png\",\"width\":800,\"height\":445,\"caption\":\"Mondiaux VTT XCO 2022 Paul Magnier en bronze chez les juniors, Paul Schehl sacr\u00e9 (1)\"},{\"@type\":\"BreadcrumbList\",\"@id\":\"https:\/\/dicodusport.fr\/blog\/mondiaux-vtt-xco-2022-paul-magnier-en-bronze-chez-juniors-paul-schehl-sacre\/#breadcrumb\",\"itemListElement\":[{\"@type\":\"ListItem\",\"position\":1,\"name\":\"Accueil\",\"item\":\"https:\/\/dicodusport.fr\/blog\/\"},{\"@type\":\"ListItem\",\"position\":2,\"name\":\"Mondiaux VTT XCO 2022 : Paul Magnier en bronze chez les juniors, Paul Schehl sacr\u00e9\"}]},{\"@type\":\"WebSite\",\"@id\":\"https:\/\/dicodusport.fr\/blog\/#website\",\"url\":\"https:\/\/dicodusport.fr\/blog\/\",\"name\":\"Dicodusport\",\"description\":\"L&#039;encyclop\u00e9die de l&#039;actualit\u00e9 sportive\",\"publisher\":{\"@id\":\"https:\/\/dicodusport.fr\/blog\/#organization\"},\"potentialAction\":[{\"@type\":\"SearchAction\",\"target\":{\"@type\":\"EntryPoint\",\"urlTemplate\":\"https:\/\/dicodusport.fr\/blog\/?s={search_term_string}\"},\"query-input\":{\"@type\":\"PropertyValueSpecification\",\"valueRequired\":true,\"valueName\":\"search_term_string\"}}],\"inLanguage\":\"fr-FR\"},{\"@type\":\"NewsMediaOrganization\",\"@id\":\"https:\/\/dicodusport.fr\/blog\/#organization\",\"name\":\"Dicodusport\",\"url\":\"https:\/\/dicodusport.fr\/blog\/\",\"logo\":{\"@type\":\"ImageObject\",\"inLanguage\":\"fr-FR\",\"@id\":\"https:\/\/dicodusport.fr\/blog\/#\/schema\/logo\/image\/\",\"url\":\"https:\/\/dicodusport.fr\/blog\/wp-content\/uploads\/2020\/06\/cropped-LOGO-DICODUSPORT-2020-SANS-FOND-SANS-TEXTE.png\",\"contentUrl\":\"https:\/\/dicodusport.fr\/blog\/wp-content\/uploads\/2020\/06\/cropped-LOGO-DICODUSPORT-2020-SANS-FOND-SANS-TEXTE.png\",\"width\":512,\"height\":512,\"caption\":\"Dicodusport\"},\"image\":{\"@id\":\"https:\/\/dicodusport.fr\/blog\/#\/schema\/logo\/image\/\"},\"sameAs\":[\"https:\/\/www.facebook.com\/dicodusport\",\"https:\/\/x.com\/dicodusport\",\"https:\/\/www.instagram.com\/dicodusport\/\",\"https:\/\/www.youtube.com\/channel\/UC7V2KZ5sd3htJivAbA4ZG3w\"],\"description\":\"Dicodusport est l'encyclop\u00e9die de l'actualit\u00e9 sportive.\",\"email\":\"bonjour@dicodusport.fr\",\"legalName\":\"DICODUSPORT\",\"foundingDate\":\"2018-01-14\",\"vatID\":\"FR71834470973\",\"taxID\":\"83447097300043\",\"numberOfEmployees\":{\"@type\":\"QuantitativeValue\",\"minValue\":\"1\",\"maxValue\":\"10\"}},{\"@type\":\"Person\",\"@id\":\"https:\/\/dicodusport.fr\/blog\/#\/schema\/person\/cb02af4c173ce4a653b55e9baf388d4a\",\"name\":\"Flo Ostermann\",\"image\":{\"@type\":\"ImageObject\",\"inLanguage\":\"fr-FR\",\"@id\":\"https:\/\/dicodusport.fr\/blog\/#\/schema\/person\/image\/\",\"url\":\"https:\/\/dicodusport.fr\/blog\/wp-content\/uploads\/2021\/05\/Flo-Ostermann-150x150.jpg\",\"contentUrl\":\"https:\/\/dicodusport.fr\/blog\/wp-content\/uploads\/2021\/05\/Flo-Ostermann-150x150.jpg\",\"caption\":\"Flo Ostermann\"},\"description\":\"Journaliste\/R\u00e9dacteur depuis septembre 2015 - Mes premiers souvenirs dans le sport ? Les envol\u00e9es du Stade Toulousain et les duels Villeneuve-Schumacher et H\u00e4kkinen-Schumacher \u00e0 la fin des ann\u00e9es 90, la Coupe du monde de football en 1998, l\u2019exploit du XV de France face aux All Blacks en 1999, mais aussi Richard C\u0153ur de Lion qui vole sur les montagnes du Tour de France. Bien parti pour devenir professeur d\u2019EPS, les \u00e9v\u00e9nements de la vie (et la flemme d\u2019animer des s\u00e9ances de 3x500 m\u00e8tres toute ma vie) m\u2019ont conduit \u00e0 revoir mes plans. Me voil\u00e0 depuis fin 2017 sur Dicodusport, m\u00e9dia gr\u00e2ce (et pour) lequel je partage ma passion : le sport dans tous ses \u00e9tats. Le tout accompagn\u00e9 par les fous furieux et folles furieuses cit\u00e9s sur cette page !\",\"sameAs\":[\"https:\/\/www.facebook.com\/florent.ostermann\",\"https:\/\/x.com\/https:\/\/twitter.com\/FlOstermann\",\"admin\"],\"url\":\"https:\/\/dicodusport.fr\/blog\/author\/flo\/\"}]}<\/script>\n<!-- \/ Yoast SEO Premium plugin. -->","yoast_head_json":{"title":"Mondiaux VTT XCO 2022 : Paul Magnier en bronze chez les juniors, Paul Schehl sacr\u00e9","description":"CHAMPIONNATS DU MONDE DE VTT 2022 - Ce jeudi, l'Allemand Paul Schehl a d\u00e9croch\u00e9 le titre mondial XCO juniors, aux Gets.","robots":{"index":"index","follow":"follow","max-snippet":"max-snippet:-1","max-image-preview":"max-image-preview:large","max-video-preview":"max-video-preview:-1"},"canonical":"https:\/\/dicodusport.fr\/blog\/mondiaux-vtt-xco-2022-paul-magnier-en-bronze-chez-juniors-paul-schehl-sacre\/","og_locale":"fr_FR","og_type":"article","og_title":"Mondiaux VTT XCO 2022 : Paul Magnier en bronze chez les juniors, Paul Schehl sacr\u00e9","og_description":"CHAMPIONNATS DU MONDE DE VTT 2022 - Ce jeudi, l'Allemand Paul Schehl a d\u00e9croch\u00e9 le titre mondial XCO juniors, aux Gets.","og_url":"https:\/\/dicodusport.fr\/blog\/mondiaux-vtt-xco-2022-paul-magnier-en-bronze-chez-juniors-paul-schehl-sacre\/","og_site_name":"Dicodusport","article_publisher":"https:\/\/www.facebook.com\/dicodusport","article_author":"https:\/\/www.facebook.com\/florent.ostermann","article_published_time":"2022-08-25T16:25:51+00:00","article_modified_time":"2022-08-25T19:55:18+00:00","og_image":[{"width":800,"height":445,"url":"https:\/\/dicodusport.fr\/blog\/wp-content\/uploads\/2022\/08\/Mondiaux-VTT-XCO-2022-Paul-Magnier-en-bronze-chez-les-juniors-Paul-Schehl-sacre-1.png","type":"image\/png"}],"author":"Flo Ostermann","twitter_card":"summary_large_image","twitter_title":"Mondiaux VTT XCO 2022 : Paul Magnier en bronze chez les juniors, Paul Schehl sacr\u00e9","twitter_creator":"@https:\/\/twitter.com\/FlOstermann","twitter_site":"@dicodusport","schema":{"@context":"https:\/\/schema.org","@graph":[{"@type":"NewsArticle","@id":"https:\/\/dicodusport.fr\/blog\/mondiaux-vtt-xco-2022-paul-magnier-en-bronze-chez-juniors-paul-schehl-sacre\/#article","isPartOf":{"@id":"https:\/\/dicodusport.fr\/blog\/mondiaux-vtt-xco-2022-paul-magnier-en-bronze-chez-juniors-paul-schehl-sacre\/"},"author":{"name":"Flo Ostermann","@id":"https:\/\/dicodusport.fr\/blog\/#\/schema\/person\/cb02af4c173ce4a653b55e9baf388d4a"},"headline":"Mondiaux VTT XCO 2022 : Paul Magnier en bronze chez les juniors, Paul Schehl sacr\u00e9","datePublished":"2022-08-25T16:25:51+00:00","dateModified":"2022-08-25T19:55:18+00:00","mainEntityOfPage":{"@id":"https:\/\/dicodusport.fr\/blog\/mondiaux-vtt-xco-2022-paul-magnier-en-bronze-chez-juniors-paul-schehl-sacre\/"},"wordCount":286,"commentCount":0,"publisher":{"@id":"https:\/\/dicodusport.fr\/blog\/#organization"},"image":{"@id":"https:\/\/dicodusport.fr\/blog\/mondiaux-vtt-xco-2022-paul-magnier-en-bronze-chez-juniors-paul-schehl-sacre\/#primaryimage"},"thumbnailUrl":"https:\/\/dicodusport.fr\/blog\/wp-content\/uploads\/2022\/08\/Mondiaux-VTT-XCO-2022-Paul-Magnier-en-bronze-chez-les-juniors-Paul-Schehl-sacre-1.png","articleSection":["VTT"],"inLanguage":"fr-FR","potentialAction":[{"@type":"CommentAction","name":"Comment","target":["https:\/\/dicodusport.fr\/blog\/mondiaux-vtt-xco-2022-paul-magnier-en-bronze-chez-juniors-paul-schehl-sacre\/#respond"]}],"copyrightYear":"2022","copyrightHolder":{"@id":"https:\/\/dicodusport.fr\/blog\/#organization"}},{"@type":"WebPage","@id":"https:\/\/dicodusport.fr\/blog\/mondiaux-vtt-xco-2022-paul-magnier-en-bronze-chez-juniors-paul-schehl-sacre\/","url":"https:\/\/dicodusport.fr\/blog\/mondiaux-vtt-xco-2022-paul-magnier-en-bronze-chez-juniors-paul-schehl-sacre\/","name":"Mondiaux VTT XCO 2022 : Paul Magnier en bronze chez les juniors, Paul Schehl sacr\u00e9","isPartOf":{"@id":"https:\/\/dicodusport.fr\/blog\/#website"},"primaryImageOfPage":{"@id":"https:\/\/dicodusport.fr\/blog\/mondiaux-vtt-xco-2022-paul-magnier-en-bronze-chez-juniors-paul-schehl-sacre\/#primaryimage"},"image":{"@id":"https:\/\/dicodusport.fr\/blog\/mondiaux-vtt-xco-2022-paul-magnier-en-bronze-chez-juniors-paul-schehl-sacre\/#primaryimage"},"thumbnailUrl":"https:\/\/dicodusport.fr\/blog\/wp-content\/uploads\/2022\/08\/Mondiaux-VTT-XCO-2022-Paul-Magnier-en-bronze-chez-les-juniors-Paul-Schehl-sacre-1.png","datePublished":"2022-08-25T16:25:51+00:00","dateModified":"2022-08-25T19:55:18+00:00","description":"CHAMPIONNATS DU MONDE DE VTT 2022 - Ce jeudi, l'Allemand Paul Schehl a d\u00e9croch\u00e9 le titre mondial XCO juniors, aux Gets.","breadcrumb":{"@id":"https:\/\/dicodusport.fr\/blog\/mondiaux-vtt-xco-2022-paul-magnier-en-bronze-chez-juniors-paul-schehl-sacre\/#breadcrumb"},"inLanguage":"fr-FR","potentialAction":[{"@type":"ReadAction","target":["https:\/\/dicodusport.fr\/blog\/mondiaux-vtt-xco-2022-paul-magnier-en-bronze-chez-juniors-paul-schehl-sacre\/"]}]},{"@type":"ImageObject","inLanguage":"fr-FR","@id":"https:\/\/dicodusport.fr\/blog\/mondiaux-vtt-xco-2022-paul-magnier-en-bronze-chez-juniors-paul-schehl-sacre\/#primaryimage","url":"https:\/\/dicodusport.fr\/blog\/wp-content\/uploads\/2022\/08\/Mondiaux-VTT-XCO-2022-Paul-Magnier-en-bronze-chez-les-juniors-Paul-Schehl-sacre-1.png","contentUrl":"https:\/\/dicodusport.fr\/blog\/wp-content\/uploads\/2022\/08\/Mondiaux-VTT-XCO-2022-Paul-Magnier-en-bronze-chez-les-juniors-Paul-Schehl-sacre-1.png","width":800,"height":445,"caption":"Mondiaux VTT XCO 2022 Paul Magnier en bronze chez les juniors, Paul Schehl sacr\u00e9 (1)"},{"@type":"BreadcrumbList","@id":"https:\/\/dicodusport.fr\/blog\/mondiaux-vtt-xco-2022-paul-magnier-en-bronze-chez-juniors-paul-schehl-sacre\/#breadcrumb","itemListElement":[{"@type":"ListItem","position":1,"name":"Accueil","item":"https:\/\/dicodusport.fr\/blog\/"},{"@type":"ListItem","position":2,"name":"Mondiaux VTT XCO 2022 : Paul Magnier en bronze chez les juniors, Paul Schehl sacr\u00e9"}]},{"@type":"WebSite","@id":"https:\/\/dicodusport.fr\/blog\/#website","url":"https:\/\/dicodusport.fr\/blog\/","name":"Dicodusport","description":"L&#039;encyclop\u00e9die de l&#039;actualit\u00e9 sportive","publisher":{"@id":"https:\/\/dicodusport.fr\/blog\/#organization"},"potentialAction":[{"@type":"SearchAction","target":{"@type":"EntryPoint","urlTemplate":"https:\/\/dicodusport.fr\/blog\/?s={search_term_string}"},"query-input":{"@type":"PropertyValueSpecification","valueRequired":true,"valueName":"search_term_string"}}],"inLanguage":"fr-FR"},{"@type":"NewsMediaOrganization","@id":"https:\/\/dicodusport.fr\/blog\/#organization","name":"Dicodusport","url":"https:\/\/dicodusport.fr\/blog\/","logo":{"@type":"ImageObject","inLanguage":"fr-FR","@id":"https:\/\/dicodusport.fr\/blog\/#\/schema\/logo\/image\/","url":"https:\/\/dicodusport.fr\/blog\/wp-content\/uploads\/2020\/06\/cropped-LOGO-DICODUSPORT-2020-SANS-FOND-SANS-TEXTE.png","contentUrl":"https:\/\/dicodusport.fr\/blog\/wp-content\/uploads\/2020\/06\/cropped-LOGO-DICODUSPORT-2020-SANS-FOND-SANS-TEXTE.png","width":512,"height":512,"caption":"Dicodusport"},"image":{"@id":"https:\/\/dicodusport.fr\/blog\/#\/schema\/logo\/image\/"},"sameAs":["https:\/\/www.facebook.com\/dicodusport","https:\/\/x.com\/dicodusport","https:\/\/www.instagram.com\/dicodusport\/","https:\/\/www.youtube.com\/channel\/UC7V2KZ5sd3htJivAbA4ZG3w"],"description":"Dicodusport est l'encyclop\u00e9die de l'actualit\u00e9 sportive.","email":"bonjour@dicodusport.fr","legalName":"DICODUSPORT","foundingDate":"2018-01-14","vatID":"FR71834470973","taxID":"83447097300043","numberOfEmployees":{"@type":"QuantitativeValue","minValue":"1","maxValue":"10"}},{"@type":"Person","@id":"https:\/\/dicodusport.fr\/blog\/#\/schema\/person\/cb02af4c173ce4a653b55e9baf388d4a","name":"Flo Ostermann","image":{"@type":"ImageObject","inLanguage":"fr-FR","@id":"https:\/\/dicodusport.fr\/blog\/#\/schema\/person\/image\/","url":"https:\/\/dicodusport.fr\/blog\/wp-content\/uploads\/2021\/05\/Flo-Ostermann-150x150.jpg","contentUrl":"https:\/\/dicodusport.fr\/blog\/wp-content\/uploads\/2021\/05\/Flo-Ostermann-150x150.jpg","caption":"Flo Ostermann"},"description":"Journaliste\/R\u00e9dacteur depuis septembre 2015 - Mes premiers souvenirs dans le sport ? Les envol\u00e9es du Stade Toulousain et les duels Villeneuve-Schumacher et H\u00e4kkinen-Schumacher \u00e0 la fin des ann\u00e9es 90, la Coupe du monde de football en 1998, l\u2019exploit du XV de France face aux All Blacks en 1999, mais aussi Richard C\u0153ur de Lion qui vole sur les montagnes du Tour de France. Bien parti pour devenir professeur d\u2019EPS, les \u00e9v\u00e9nements de la vie (et la flemme d\u2019animer des s\u00e9ances de 3x500 m\u00e8tres toute ma vie) m\u2019ont conduit \u00e0 revoir mes plans. Me voil\u00e0 depuis fin 2017 sur Dicodusport, m\u00e9dia gr\u00e2ce (et pour) lequel je partage ma passion : le sport dans tous ses \u00e9tats. Le tout accompagn\u00e9 par les fous furieux et folles furieuses cit\u00e9s sur cette page !","sameAs":["https:\/\/www.facebook.com\/florent.ostermann","https:\/\/x.com\/https:\/\/twitter.com\/FlOstermann","admin"],"url":"https:\/\/dicodusport.fr\/blog\/author\/flo\/"}]}},"_links":{"self":[{"href":"https:\/\/dicodusport.fr\/blog\/wp-json\/wp\/v2\/posts\/256036","targetHints":{"allow":["GET"]}}],"collection":[{"href":"https:\/\/dicodusport.fr\/blog\/wp-json\/wp\/v2\/posts"}],"about":[{"href":"https:\/\/dicodusport.fr\/blog\/wp-json\/wp\/v2\/types\/post"}],"author":[{"embeddable":true,"href":"https:\/\/dicodusport.fr\/blog\/wp-json\/wp\/v2\/users\/4"}],"replies":[{"embeddable":true,"href":"https:\/\/dicodusport.fr\/blog\/wp-json\/wp\/v2\/comments?post=256036"}],"version-history":[{"count":0,"href":"https:\/\/dicodusport.fr\/blog\/wp-json\/wp\/v2\/posts\/256036\/revisions"}],"wp:featuredmedia":[{"embeddable":true,"href":"https:\/\/dicodusport.fr\/blog\/wp-json\/wp\/v2\/media\/256145"}],"wp:attachment":[{"href":"https:\/\/dicodusport.fr\/blog\/wp-json\/wp\/v2\/media?parent=256036"}],"wp:term":[{"taxonomy":"category","embeddable":true,"href":"https:\/\/dicodusport.fr\/blog\/wp-json\/wp\/v2\/categories?post=256036"},{"taxonomy":"post_tag","embeddable":true,"href":"https:\/\/dicodusport.fr\/blog\/wp-json\/wp\/v2\/tags?post=256036"}],"curies":[{"name":"wp","href":"https:\/\/api.w.org\/{rel}","templated":true}]}}