{"id":256159,"date":"2022-08-25T20:19:31","date_gmt":"2022-08-25T18:19:31","guid":{"rendered":"https:\/\/dicodusport.fr\/blog\/?p=256159&#038;preview=true&#038;preview_id=256159"},"modified":"2022-08-25T20:49:17","modified_gmt":"2022-08-25T18:49:17","slug":"wta-cleveland-alize-cornet-dans-le-dernier-carre","status":"publish","type":"post","link":"https:\/\/dicodusport.fr\/blog\/wta-cleveland-alize-cornet-dans-le-dernier-carre\/","title":{"rendered":"WTA Cleveland : Aliz\u00e9 Cornet dans le dernier carr\u00e9"},"content":{"rendered":"<p style=\"text-align: justify;\"><i><b><a href=\"https:\/\/dicodusport.fr\/blog\/wta-250-le-tableau-du-tournoi-de-cleveland-2022\/\">WTA 250 de\u00a0 CLEVELAND<\/a> &#8211; Belle semaine pour Aliz\u00e9 Cornet qui, apr\u00e8s avoir franchi une barri\u00e8re significative au premier tour, disputera les demi-finales dans l&rsquo;Ohio apr\u00e8s un succ\u00e8s sur Zhang Shuai.<\/b><\/i><\/p>\n<p style=\"text-align: justify;\">Lundi soir, <strong>Aliz\u00e9 Cornet<\/strong> <a href=\"https:\/\/dicodusport.fr\/blog\/wta-cleveland-500eme-succes-en-carriere-pour-alize-cornet\/\">d\u00e9crochait son 500\u00e8me succ\u00e8s sur le circuit WTA<\/a>, devenant seulement la quatri\u00e8me Fran\u00e7aise \u00e0 accomplir cette performance. Aujourd&rsquo;hui, elle s&rsquo;est hiss\u00e9e dans le dernier carr\u00e9. Apr\u00e8s des succ\u00e8s sur <strong>Dayana Yastremska<\/strong> et <strong>Clara Tauson<\/strong>, elle a \u00e9cart\u00e9 aujourd&rsquo;hui <strong>Zhang Shuai<\/strong> en quarts de finale (<strong>6-4, 6-2<\/strong>). Un match ma\u00eetris\u00e9 de bout en bout face \u00e0 la Chinoise, qui menait pourtant <strong>4-2<\/strong> dans leurs confrontations directes. La Ni\u00e7oise disputera donc sa deuxi\u00e8me demi-finale de la saison, apr\u00e8s Bad Homburg, o\u00f9 elle avait chut\u00e9 contre une autre Tricolore, <strong>Caroline Garcia<\/strong>. Cette fois, ce sera contre <strong>Aliaksandra Sasnovich<\/strong>. Si la Bi\u00e9lorusse est l\u00e9g\u00e8rement mieux class\u00e9e, elle est largement \u00e0 la port\u00e9e d&rsquo;<strong>Aliz\u00e9 Cornet<\/strong>. La Fran\u00e7aise ne l&rsquo;a jamais battue en deux confrontations, mais elles ne se sont plus affront\u00e9es depuis 2018.<\/p>\n<blockquote class=\"twitter-tweet\">\n<p dir=\"ltr\" lang=\"de\">WTA 250 Cleveland &#8211; Hard (Quarterfinal)<br \/>\nAlize Cornet (FRA) def. Shuai Zhang (CHN)<br \/>\n6-4 6-2<\/p>\n<p>\u2014 TENIPO &#8211; Tennis Livescore (@TENIPOcom) <a href=\"https:\/\/twitter.com\/TENIPOcom\/status\/1562866694242021378?ref_src=twsrc%5Etfw\">August 25, 2022<\/a><\/p><\/blockquote>\n<p><script async src=\"https:\/\/platform.twitter.com\/widgets.js\" charset=\"utf-8\"><\/script><\/p>\n","protected":false},"excerpt":{"rendered":"<p>WTA 250 de\u00a0 CLEVELAND &#8211; Belle semaine pour Aliz\u00e9 Cornet qui, apr\u00e8s avoir franchi une barri\u00e8re significative au premier tour, disputera les demi-finales dans l&rsquo;Ohio apr\u00e8s un succ\u00e8s sur Zhang Shuai.<\/p>\n","protected":false},"author":59,"featured_media":256165,"comment_status":"open","ping_status":"closed","sticky":false,"template":"","format":"standard","meta":{"_acf_changed":false,"_daextam_enable_autolinks":"","footnotes":""},"categories":[2302],"tags":[4785],"class_list":["post-256159","post","type-post","status-publish","format-standard","has-post-thumbnail","hentry","category-tennis","tag-alize-cornet"],"acf":[],"yoast_head":"<!-- This site is optimized with the Yoast SEO Premium plugin v26.7 (Yoast SEO v26.7) - https:\/\/yoast.com\/wordpress\/plugins\/seo\/ -->\n<title>WTA Cleveland : Aliz\u00e9 Cornet dans le dernier carr\u00e9<\/title>\n<meta name=\"description\" content=\"WTA 250 de\u00a0 CLEVELAND - Aliz\u00e9 Cornet, apr\u00e8s avoir franchi une barri\u00e8re significative au premier tour, disputera les demi-finales dans l&#039;Ohio\" \/>\n<meta name=\"robots\" content=\"index, follow, max-snippet:-1, max-image-preview:large, max-video-preview:-1\" \/>\n<link rel=\"canonical\" href=\"https:\/\/dicodusport.fr\/blog\/wta-cleveland-alize-cornet-dans-le-dernier-carre\/\" \/>\n<meta property=\"og:locale\" content=\"fr_FR\" \/>\n<meta property=\"og:type\" content=\"article\" \/>\n<meta property=\"og:title\" content=\"WTA Cleveland : Aliz\u00e9 Cornet dans le dernier carr\u00e9\" \/>\n<meta property=\"og:description\" content=\"WTA 250 de\u00a0 CLEVELAND - Aliz\u00e9 Cornet, apr\u00e8s avoir franchi une barri\u00e8re significative au premier tour, disputera les demi-finales dans l&#039;Ohio\" \/>\n<meta property=\"og:url\" content=\"https:\/\/dicodusport.fr\/blog\/wta-cleveland-alize-cornet-dans-le-dernier-carre\/\" \/>\n<meta property=\"og:site_name\" content=\"Dicodusport\" \/>\n<meta property=\"article:publisher\" content=\"https:\/\/www.facebook.com\/dicodusport\" \/>\n<meta property=\"article:author\" content=\"https:\/\/www.facebook.com\/sebastien.gente\/\" \/>\n<meta property=\"article:published_time\" content=\"2022-08-25T18:19:31+00:00\" \/>\n<meta property=\"article:modified_time\" content=\"2022-08-25T18:49:17+00:00\" \/>\n<meta property=\"og:image\" content=\"https:\/\/dicodusport.fr\/blog\/wp-content\/uploads\/2022\/08\/WTA-Cleveland-Alize-Cornet-dans-le-dernier-carre.png\" \/>\n\t<meta property=\"og:image:width\" content=\"800\" \/>\n\t<meta property=\"og:image:height\" content=\"445\" \/>\n\t<meta property=\"og:image:type\" content=\"image\/png\" \/>\n<meta name=\"author\" content=\"S\u00e9bastien Gente\" \/>\n<meta name=\"twitter:card\" content=\"summary_large_image\" \/>\n<meta name=\"twitter:title\" content=\"WTA Cleveland : Aliz\u00e9 Cornet dans le dernier carr\u00e9\" \/>\n<meta name=\"twitter:creator\" content=\"@https:\/\/twitter.com\/globulo24\" \/>\n<meta name=\"twitter:site\" content=\"@dicodusport\" \/>\n<script type=\"application\/ld+json\" class=\"yoast-schema-graph\">{\"@context\":\"https:\/\/schema.org\",\"@graph\":[{\"@type\":\"NewsArticle\",\"@id\":\"https:\/\/dicodusport.fr\/blog\/wta-cleveland-alize-cornet-dans-le-dernier-carre\/#article\",\"isPartOf\":{\"@id\":\"https:\/\/dicodusport.fr\/blog\/wta-cleveland-alize-cornet-dans-le-dernier-carre\/\"},\"author\":{\"name\":\"S\u00e9bastien Gente\",\"@id\":\"https:\/\/dicodusport.fr\/blog\/#\/schema\/person\/627966a6cde45dbd8c5e36ac85d783da\"},\"headline\":\"WTA Cleveland : Aliz\u00e9 Cornet dans le dernier carr\u00e9\",\"datePublished\":\"2022-08-25T18:19:31+00:00\",\"dateModified\":\"2022-08-25T18:49:17+00:00\",\"mainEntityOfPage\":{\"@id\":\"https:\/\/dicodusport.fr\/blog\/wta-cleveland-alize-cornet-dans-le-dernier-carre\/\"},\"wordCount\":214,\"commentCount\":0,\"publisher\":{\"@id\":\"https:\/\/dicodusport.fr\/blog\/#organization\"},\"image\":{\"@id\":\"https:\/\/dicodusport.fr\/blog\/wta-cleveland-alize-cornet-dans-le-dernier-carre\/#primaryimage\"},\"thumbnailUrl\":\"https:\/\/dicodusport.fr\/blog\/wp-content\/uploads\/2022\/08\/WTA-Cleveland-Alize-Cornet-dans-le-dernier-carre.png\",\"keywords\":[\"Aliz\u00e9 Cornet\"],\"articleSection\":[\"Tennis\"],\"inLanguage\":\"fr-FR\",\"potentialAction\":[{\"@type\":\"CommentAction\",\"name\":\"Comment\",\"target\":[\"https:\/\/dicodusport.fr\/blog\/wta-cleveland-alize-cornet-dans-le-dernier-carre\/#respond\"]}],\"copyrightYear\":\"2022\",\"copyrightHolder\":{\"@id\":\"https:\/\/dicodusport.fr\/blog\/#organization\"}},{\"@type\":\"WebPage\",\"@id\":\"https:\/\/dicodusport.fr\/blog\/wta-cleveland-alize-cornet-dans-le-dernier-carre\/\",\"url\":\"https:\/\/dicodusport.fr\/blog\/wta-cleveland-alize-cornet-dans-le-dernier-carre\/\",\"name\":\"WTA Cleveland : Aliz\u00e9 Cornet dans le dernier carr\u00e9\",\"isPartOf\":{\"@id\":\"https:\/\/dicodusport.fr\/blog\/#website\"},\"primaryImageOfPage\":{\"@id\":\"https:\/\/dicodusport.fr\/blog\/wta-cleveland-alize-cornet-dans-le-dernier-carre\/#primaryimage\"},\"image\":{\"@id\":\"https:\/\/dicodusport.fr\/blog\/wta-cleveland-alize-cornet-dans-le-dernier-carre\/#primaryimage\"},\"thumbnailUrl\":\"https:\/\/dicodusport.fr\/blog\/wp-content\/uploads\/2022\/08\/WTA-Cleveland-Alize-Cornet-dans-le-dernier-carre.png\",\"datePublished\":\"2022-08-25T18:19:31+00:00\",\"dateModified\":\"2022-08-25T18:49:17+00:00\",\"description\":\"WTA 250 de\u00a0 CLEVELAND - Aliz\u00e9 Cornet, apr\u00e8s avoir franchi une barri\u00e8re significative au premier tour, disputera les demi-finales dans l'Ohio\",\"breadcrumb\":{\"@id\":\"https:\/\/dicodusport.fr\/blog\/wta-cleveland-alize-cornet-dans-le-dernier-carre\/#breadcrumb\"},\"inLanguage\":\"fr-FR\",\"potentialAction\":[{\"@type\":\"ReadAction\",\"target\":[\"https:\/\/dicodusport.fr\/blog\/wta-cleveland-alize-cornet-dans-le-dernier-carre\/\"]}]},{\"@type\":\"ImageObject\",\"inLanguage\":\"fr-FR\",\"@id\":\"https:\/\/dicodusport.fr\/blog\/wta-cleveland-alize-cornet-dans-le-dernier-carre\/#primaryimage\",\"url\":\"https:\/\/dicodusport.fr\/blog\/wp-content\/uploads\/2022\/08\/WTA-Cleveland-Alize-Cornet-dans-le-dernier-carre.png\",\"contentUrl\":\"https:\/\/dicodusport.fr\/blog\/wp-content\/uploads\/2022\/08\/WTA-Cleveland-Alize-Cornet-dans-le-dernier-carre.png\",\"width\":800,\"height\":445,\"caption\":\"WTA Cleveland Aliz\u00e9 Cornet dans le dernier carr\u00e9\"},{\"@type\":\"BreadcrumbList\",\"@id\":\"https:\/\/dicodusport.fr\/blog\/wta-cleveland-alize-cornet-dans-le-dernier-carre\/#breadcrumb\",\"itemListElement\":[{\"@type\":\"ListItem\",\"position\":1,\"name\":\"Accueil\",\"item\":\"https:\/\/dicodusport.fr\/blog\/\"},{\"@type\":\"ListItem\",\"position\":2,\"name\":\"WTA Cleveland : Aliz\u00e9 Cornet dans le dernier carr\u00e9\"}]},{\"@type\":\"WebSite\",\"@id\":\"https:\/\/dicodusport.fr\/blog\/#website\",\"url\":\"https:\/\/dicodusport.fr\/blog\/\",\"name\":\"Dicodusport\",\"description\":\"L&#039;encyclop\u00e9die de l&#039;actualit\u00e9 sportive\",\"publisher\":{\"@id\":\"https:\/\/dicodusport.fr\/blog\/#organization\"},\"potentialAction\":[{\"@type\":\"SearchAction\",\"target\":{\"@type\":\"EntryPoint\",\"urlTemplate\":\"https:\/\/dicodusport.fr\/blog\/?s={search_term_string}\"},\"query-input\":{\"@type\":\"PropertyValueSpecification\",\"valueRequired\":true,\"valueName\":\"search_term_string\"}}],\"inLanguage\":\"fr-FR\"},{\"@type\":\"NewsMediaOrganization\",\"@id\":\"https:\/\/dicodusport.fr\/blog\/#organization\",\"name\":\"Dicodusport\",\"url\":\"https:\/\/dicodusport.fr\/blog\/\",\"logo\":{\"@type\":\"ImageObject\",\"inLanguage\":\"fr-FR\",\"@id\":\"https:\/\/dicodusport.fr\/blog\/#\/schema\/logo\/image\/\",\"url\":\"https:\/\/dicodusport.fr\/blog\/wp-content\/uploads\/2020\/06\/cropped-LOGO-DICODUSPORT-2020-SANS-FOND-SANS-TEXTE.png\",\"contentUrl\":\"https:\/\/dicodusport.fr\/blog\/wp-content\/uploads\/2020\/06\/cropped-LOGO-DICODUSPORT-2020-SANS-FOND-SANS-TEXTE.png\",\"width\":512,\"height\":512,\"caption\":\"Dicodusport\"},\"image\":{\"@id\":\"https:\/\/dicodusport.fr\/blog\/#\/schema\/logo\/image\/\"},\"sameAs\":[\"https:\/\/www.facebook.com\/dicodusport\",\"https:\/\/x.com\/dicodusport\",\"https:\/\/www.instagram.com\/dicodusport\/\",\"https:\/\/www.youtube.com\/channel\/UC7V2KZ5sd3htJivAbA4ZG3w\"],\"description\":\"Dicodusport est l'encyclop\u00e9die de l'actualit\u00e9 sportive.\",\"email\":\"bonjour@dicodusport.fr\",\"legalName\":\"DICODUSPORT\",\"foundingDate\":\"2018-01-14\",\"vatID\":\"FR71834470973\",\"taxID\":\"83447097300043\",\"numberOfEmployees\":{\"@type\":\"QuantitativeValue\",\"minValue\":\"1\",\"maxValue\":\"10\"}},{\"@type\":\"Person\",\"@id\":\"https:\/\/dicodusport.fr\/blog\/#\/schema\/person\/627966a6cde45dbd8c5e36ac85d783da\",\"name\":\"S\u00e9bastien Gente\",\"image\":{\"@type\":\"ImageObject\",\"inLanguage\":\"fr-FR\",\"@id\":\"https:\/\/dicodusport.fr\/blog\/#\/schema\/person\/image\/\",\"url\":\"https:\/\/dicodusport.fr\/blog\/wp-content\/uploads\/2021\/09\/1510990_10205810251400683_4124423575079401707_n-150x150.jpg\",\"contentUrl\":\"https:\/\/dicodusport.fr\/blog\/wp-content\/uploads\/2021\/09\/1510990_10205810251400683_4124423575079401707_n-150x150.jpg\",\"caption\":\"S\u00e9bastien Gente\"},\"description\":\"John Stockton, Gianni Bugno, Zinedine Zidane, Steffi Graf, Frode Andresen, St\u00e9phane Stoecklin, Davis Kamoga, Primoz Peterka, Werner Schlager et Aur\u00e9lien Rougerie. Point commun entre ces sportifs? Ils m'ont fait r\u00eaver et ont berc\u00e9 mon adolescence. Je suis un fondu de sports et j'essaie de retranscrire ma passion \u00e0 travers mes articles. Originaire du P\u00e9rigord, ma passion pour les Girondins, les Jaunards et les Jazzmen transpire dans mes \u00e9crits. \u00c0 Dicodusport depuis 2021, je d\u00e9niche les sports m\u00e9connus dans lesquels la France brille, et il y en a !\",\"sameAs\":[\"https:\/\/www.facebook.com\/sebastien.gente\/\",\"https:\/\/www.instagram.com\/sebgente\/\",\"https:\/\/www.linkedin.com\/in\/sbastien-gente-a29583169\/\",\"https:\/\/x.com\/https:\/\/twitter.com\/globulo24\",\"SebastienGente\"],\"worksFor\":\"S\u00e9bastien GENTE\",\"url\":\"https:\/\/dicodusport.fr\/blog\/author\/sebastiengente\/\"}]}<\/script>\n<!-- \/ Yoast SEO Premium plugin. -->","yoast_head_json":{"title":"WTA Cleveland : Aliz\u00e9 Cornet dans le dernier carr\u00e9","description":"WTA 250 de\u00a0 CLEVELAND - Aliz\u00e9 Cornet, apr\u00e8s avoir franchi une barri\u00e8re significative au premier tour, disputera les demi-finales dans l'Ohio","robots":{"index":"index","follow":"follow","max-snippet":"max-snippet:-1","max-image-preview":"max-image-preview:large","max-video-preview":"max-video-preview:-1"},"canonical":"https:\/\/dicodusport.fr\/blog\/wta-cleveland-alize-cornet-dans-le-dernier-carre\/","og_locale":"fr_FR","og_type":"article","og_title":"WTA Cleveland : Aliz\u00e9 Cornet dans le dernier carr\u00e9","og_description":"WTA 250 de\u00a0 CLEVELAND - Aliz\u00e9 Cornet, apr\u00e8s avoir franchi une barri\u00e8re significative au premier tour, disputera les demi-finales dans l'Ohio","og_url":"https:\/\/dicodusport.fr\/blog\/wta-cleveland-alize-cornet-dans-le-dernier-carre\/","og_site_name":"Dicodusport","article_publisher":"https:\/\/www.facebook.com\/dicodusport","article_author":"https:\/\/www.facebook.com\/sebastien.gente\/","article_published_time":"2022-08-25T18:19:31+00:00","article_modified_time":"2022-08-25T18:49:17+00:00","og_image":[{"width":800,"height":445,"url":"https:\/\/dicodusport.fr\/blog\/wp-content\/uploads\/2022\/08\/WTA-Cleveland-Alize-Cornet-dans-le-dernier-carre.png","type":"image\/png"}],"author":"S\u00e9bastien Gente","twitter_card":"summary_large_image","twitter_title":"WTA Cleveland : Aliz\u00e9 Cornet dans le dernier carr\u00e9","twitter_creator":"@https:\/\/twitter.com\/globulo24","twitter_site":"@dicodusport","schema":{"@context":"https:\/\/schema.org","@graph":[{"@type":"NewsArticle","@id":"https:\/\/dicodusport.fr\/blog\/wta-cleveland-alize-cornet-dans-le-dernier-carre\/#article","isPartOf":{"@id":"https:\/\/dicodusport.fr\/blog\/wta-cleveland-alize-cornet-dans-le-dernier-carre\/"},"author":{"name":"S\u00e9bastien Gente","@id":"https:\/\/dicodusport.fr\/blog\/#\/schema\/person\/627966a6cde45dbd8c5e36ac85d783da"},"headline":"WTA Cleveland : Aliz\u00e9 Cornet dans le dernier carr\u00e9","datePublished":"2022-08-25T18:19:31+00:00","dateModified":"2022-08-25T18:49:17+00:00","mainEntityOfPage":{"@id":"https:\/\/dicodusport.fr\/blog\/wta-cleveland-alize-cornet-dans-le-dernier-carre\/"},"wordCount":214,"commentCount":0,"publisher":{"@id":"https:\/\/dicodusport.fr\/blog\/#organization"},"image":{"@id":"https:\/\/dicodusport.fr\/blog\/wta-cleveland-alize-cornet-dans-le-dernier-carre\/#primaryimage"},"thumbnailUrl":"https:\/\/dicodusport.fr\/blog\/wp-content\/uploads\/2022\/08\/WTA-Cleveland-Alize-Cornet-dans-le-dernier-carre.png","keywords":["Aliz\u00e9 Cornet"],"articleSection":["Tennis"],"inLanguage":"fr-FR","potentialAction":[{"@type":"CommentAction","name":"Comment","target":["https:\/\/dicodusport.fr\/blog\/wta-cleveland-alize-cornet-dans-le-dernier-carre\/#respond"]}],"copyrightYear":"2022","copyrightHolder":{"@id":"https:\/\/dicodusport.fr\/blog\/#organization"}},{"@type":"WebPage","@id":"https:\/\/dicodusport.fr\/blog\/wta-cleveland-alize-cornet-dans-le-dernier-carre\/","url":"https:\/\/dicodusport.fr\/blog\/wta-cleveland-alize-cornet-dans-le-dernier-carre\/","name":"WTA Cleveland : Aliz\u00e9 Cornet dans le dernier carr\u00e9","isPartOf":{"@id":"https:\/\/dicodusport.fr\/blog\/#website"},"primaryImageOfPage":{"@id":"https:\/\/dicodusport.fr\/blog\/wta-cleveland-alize-cornet-dans-le-dernier-carre\/#primaryimage"},"image":{"@id":"https:\/\/dicodusport.fr\/blog\/wta-cleveland-alize-cornet-dans-le-dernier-carre\/#primaryimage"},"thumbnailUrl":"https:\/\/dicodusport.fr\/blog\/wp-content\/uploads\/2022\/08\/WTA-Cleveland-Alize-Cornet-dans-le-dernier-carre.png","datePublished":"2022-08-25T18:19:31+00:00","dateModified":"2022-08-25T18:49:17+00:00","description":"WTA 250 de\u00a0 CLEVELAND - Aliz\u00e9 Cornet, apr\u00e8s avoir franchi une barri\u00e8re significative au premier tour, disputera les demi-finales dans l'Ohio","breadcrumb":{"@id":"https:\/\/dicodusport.fr\/blog\/wta-cleveland-alize-cornet-dans-le-dernier-carre\/#breadcrumb"},"inLanguage":"fr-FR","potentialAction":[{"@type":"ReadAction","target":["https:\/\/dicodusport.fr\/blog\/wta-cleveland-alize-cornet-dans-le-dernier-carre\/"]}]},{"@type":"ImageObject","inLanguage":"fr-FR","@id":"https:\/\/dicodusport.fr\/blog\/wta-cleveland-alize-cornet-dans-le-dernier-carre\/#primaryimage","url":"https:\/\/dicodusport.fr\/blog\/wp-content\/uploads\/2022\/08\/WTA-Cleveland-Alize-Cornet-dans-le-dernier-carre.png","contentUrl":"https:\/\/dicodusport.fr\/blog\/wp-content\/uploads\/2022\/08\/WTA-Cleveland-Alize-Cornet-dans-le-dernier-carre.png","width":800,"height":445,"caption":"WTA Cleveland Aliz\u00e9 Cornet dans le dernier carr\u00e9"},{"@type":"BreadcrumbList","@id":"https:\/\/dicodusport.fr\/blog\/wta-cleveland-alize-cornet-dans-le-dernier-carre\/#breadcrumb","itemListElement":[{"@type":"ListItem","position":1,"name":"Accueil","item":"https:\/\/dicodusport.fr\/blog\/"},{"@type":"ListItem","position":2,"name":"WTA Cleveland : Aliz\u00e9 Cornet dans le dernier carr\u00e9"}]},{"@type":"WebSite","@id":"https:\/\/dicodusport.fr\/blog\/#website","url":"https:\/\/dicodusport.fr\/blog\/","name":"Dicodusport","description":"L&#039;encyclop\u00e9die de l&#039;actualit\u00e9 sportive","publisher":{"@id":"https:\/\/dicodusport.fr\/blog\/#organization"},"potentialAction":[{"@type":"SearchAction","target":{"@type":"EntryPoint","urlTemplate":"https:\/\/dicodusport.fr\/blog\/?s={search_term_string}"},"query-input":{"@type":"PropertyValueSpecification","valueRequired":true,"valueName":"search_term_string"}}],"inLanguage":"fr-FR"},{"@type":"NewsMediaOrganization","@id":"https:\/\/dicodusport.fr\/blog\/#organization","name":"Dicodusport","url":"https:\/\/dicodusport.fr\/blog\/","logo":{"@type":"ImageObject","inLanguage":"fr-FR","@id":"https:\/\/dicodusport.fr\/blog\/#\/schema\/logo\/image\/","url":"https:\/\/dicodusport.fr\/blog\/wp-content\/uploads\/2020\/06\/cropped-LOGO-DICODUSPORT-2020-SANS-FOND-SANS-TEXTE.png","contentUrl":"https:\/\/dicodusport.fr\/blog\/wp-content\/uploads\/2020\/06\/cropped-LOGO-DICODUSPORT-2020-SANS-FOND-SANS-TEXTE.png","width":512,"height":512,"caption":"Dicodusport"},"image":{"@id":"https:\/\/dicodusport.fr\/blog\/#\/schema\/logo\/image\/"},"sameAs":["https:\/\/www.facebook.com\/dicodusport","https:\/\/x.com\/dicodusport","https:\/\/www.instagram.com\/dicodusport\/","https:\/\/www.youtube.com\/channel\/UC7V2KZ5sd3htJivAbA4ZG3w"],"description":"Dicodusport est l'encyclop\u00e9die de l'actualit\u00e9 sportive.","email":"bonjour@dicodusport.fr","legalName":"DICODUSPORT","foundingDate":"2018-01-14","vatID":"FR71834470973","taxID":"83447097300043","numberOfEmployees":{"@type":"QuantitativeValue","minValue":"1","maxValue":"10"}},{"@type":"Person","@id":"https:\/\/dicodusport.fr\/blog\/#\/schema\/person\/627966a6cde45dbd8c5e36ac85d783da","name":"S\u00e9bastien Gente","image":{"@type":"ImageObject","inLanguage":"fr-FR","@id":"https:\/\/dicodusport.fr\/blog\/#\/schema\/person\/image\/","url":"https:\/\/dicodusport.fr\/blog\/wp-content\/uploads\/2021\/09\/1510990_10205810251400683_4124423575079401707_n-150x150.jpg","contentUrl":"https:\/\/dicodusport.fr\/blog\/wp-content\/uploads\/2021\/09\/1510990_10205810251400683_4124423575079401707_n-150x150.jpg","caption":"S\u00e9bastien Gente"},"description":"John Stockton, Gianni Bugno, Zinedine Zidane, Steffi Graf, Frode Andresen, St\u00e9phane Stoecklin, Davis Kamoga, Primoz Peterka, Werner Schlager et Aur\u00e9lien Rougerie. Point commun entre ces sportifs? Ils m'ont fait r\u00eaver et ont berc\u00e9 mon adolescence. Je suis un fondu de sports et j'essaie de retranscrire ma passion \u00e0 travers mes articles. Originaire du P\u00e9rigord, ma passion pour les Girondins, les Jaunards et les Jazzmen transpire dans mes \u00e9crits. \u00c0 Dicodusport depuis 2021, je d\u00e9niche les sports m\u00e9connus dans lesquels la France brille, et il y en a !","sameAs":["https:\/\/www.facebook.com\/sebastien.gente\/","https:\/\/www.instagram.com\/sebgente\/","https:\/\/www.linkedin.com\/in\/sbastien-gente-a29583169\/","https:\/\/x.com\/https:\/\/twitter.com\/globulo24","SebastienGente"],"worksFor":"S\u00e9bastien GENTE","url":"https:\/\/dicodusport.fr\/blog\/author\/sebastiengente\/"}]}},"_links":{"self":[{"href":"https:\/\/dicodusport.fr\/blog\/wp-json\/wp\/v2\/posts\/256159","targetHints":{"allow":["GET"]}}],"collection":[{"href":"https:\/\/dicodusport.fr\/blog\/wp-json\/wp\/v2\/posts"}],"about":[{"href":"https:\/\/dicodusport.fr\/blog\/wp-json\/wp\/v2\/types\/post"}],"author":[{"embeddable":true,"href":"https:\/\/dicodusport.fr\/blog\/wp-json\/wp\/v2\/users\/59"}],"replies":[{"embeddable":true,"href":"https:\/\/dicodusport.fr\/blog\/wp-json\/wp\/v2\/comments?post=256159"}],"version-history":[{"count":0,"href":"https:\/\/dicodusport.fr\/blog\/wp-json\/wp\/v2\/posts\/256159\/revisions"}],"wp:featuredmedia":[{"embeddable":true,"href":"https:\/\/dicodusport.fr\/blog\/wp-json\/wp\/v2\/media\/256165"}],"wp:attachment":[{"href":"https:\/\/dicodusport.fr\/blog\/wp-json\/wp\/v2\/media?parent=256159"}],"wp:term":[{"taxonomy":"category","embeddable":true,"href":"https:\/\/dicodusport.fr\/blog\/wp-json\/wp\/v2\/categories?post=256159"},{"taxonomy":"post_tag","embeddable":true,"href":"https:\/\/dicodusport.fr\/blog\/wp-json\/wp\/v2\/tags?post=256159"}],"curies":[{"name":"wp","href":"https:\/\/api.w.org\/{rel}","templated":true}]}}