{"id":256239,"date":"2022-08-26T08:06:16","date_gmt":"2022-08-26T06:06:16","guid":{"rendered":"https:\/\/dicodusport.fr\/blog\/?p=256239&#038;preview=true&#038;preview_id=256239"},"modified":"2022-08-26T08:56:53","modified_gmt":"2022-08-26T06:56:53","slug":"atp-winston-salem-adrian-mannarino-seul-francais-en-demi-finales","status":"publish","type":"post","link":"https:\/\/dicodusport.fr\/blog\/atp-winston-salem-adrian-mannarino-seul-francais-en-demi-finales\/","title":{"rendered":"ATP Winston-Salem : Adrian Mannarino seul Fran\u00e7ais en demi-finales"},"content":{"rendered":"<p style=\"text-align: justify;\"><b><i><a href=\"https:\/\/dicodusport.fr\/blog\/atp-250-le-tableau-du-tournoi-de-winston-salem-2022\/\">TOURNOI ATP 250 DE WINSTON-SALEM<\/a> &#8211; Des trois Fran\u00e7ais engag\u00e9s en quarts de finale, seul Adrian Mannarino verra le dernier carr\u00e9, apr\u00e8s un succ\u00e8s convaincant sur Maxime Cressy.<\/i><\/b><\/p>\n<p style=\"text-align: justify;\"><strong>Adrian Mannarino<\/strong> \u00e9tait le premier des trois Tricolores \u00e0 disputer son quart de finale. Et il n&rsquo;en \u00e9tait pas le favori contre un <strong>Maxime Cressy<\/strong> en pleine ascension, et mieux class\u00e9 de 30 places. Mais le Fran\u00e7ais a livr\u00e9 une partition impeccable pour se d\u00e9faire du r\u00e9cent vainqueur du tournoi de Newport (<strong>6-4, 7-6<\/strong>). Il a \u00e9t\u00e9 inspir\u00e9 de faire le break en d\u00e9but de chaque manche. Si lors du premier set, il a r\u00e9ussi \u00e0 maintenir l&rsquo;avantage jusqu&rsquo;au bout, il a \u00e9t\u00e9 pouss\u00e9 au tie-break dans le second. Mais il a domin\u00e9 ce jeu d\u00e9cisif de la t\u00eate et des \u00e9paules. Le voil\u00e0 en demi-finales o\u00f9 il affrontera le joueur le mieux class\u00e9 encore en lice, <strong>Botic Van De Zandschulp<\/strong>.<\/p>\n<blockquote class=\"twitter-tweet\">\n<p dir=\"ltr\" lang=\"fr\">Solide Adrian !! &#x1f4aa;<\/p>\n<p>Adrian Mannarino se paie Maxime Cressy 6-4 7-6 pour booker sa 2e demie de la saison \u00e0 Winston Salem <a href=\"https:\/\/t.co\/zmOC80qwiO\">pic.twitter.com\/zmOC80qwiO<\/a><\/p>\n<p>\u2014 We Are Tennis France (@WeAreTennisFR) <a href=\"https:\/\/twitter.com\/WeAreTennisFR\/status\/1562904787276136456?ref_src=twsrc%5Etfw\">August 25, 2022<\/a><\/p><\/blockquote>\n<p style=\"text-align: justify;\"><script async src=\"https:\/\/platform.twitter.com\/widgets.js\" charset=\"utf-8\"><\/script><\/p>\n<h2 style=\"text-align: justify;\">Dommage pour Gasquet<\/h2>\n<p style=\"text-align: justify;\">Le N\u00e9erlandais a domin\u00e9 un autre Tricolore, <strong>Benjamin Bonzi<\/strong>, en deux tie-breaks. Rien d&rsquo;\u00e9tonnant dans ce match entre grands serveurs, qui ont toutefois conc\u00e9d\u00e9 chacun un break en seconde manche. Mais dans chaque jeu d\u00e9cisif, le favori n&rsquo;a pas trembl\u00e9, et verra le dernier carr\u00e9. Dernier Fran\u00e7ais \u00e0 p\u00e9n\u00e9trer sur le court, <strong>Richard Gasquet<\/strong> est pass\u00e9 \u00e0 un cheveu de la qualification contre<strong> Laslo Djere<\/strong>. Apr\u00e8s que chaque joueur a pris sa manche, les choses se sont r\u00e9gl\u00e9es au tie-break du troisi\u00e8me set. \u00ab\u00a0Ritchie\u00a0\u00bb s&rsquo;est procur\u00e9 deux balles de match, mais le Serbe a alors align\u00e9 quatre points cons\u00e9cutifs pour rafler la mise (<strong>6-4, 3-6, 7-6<\/strong>). Une belle occasion g\u00e2ch\u00e9e pour le Biterrois, qui laisse donc <strong>Adrian Mannarino<\/strong> comme seule chance de devenir le premier Fran\u00e7ais vainqueur de ce tournoi.<\/p>\n<blockquote class=\"twitter-tweet\">\n<p dir=\"ltr\" lang=\"en\">Reminiscent of <a href=\"https:\/\/twitter.com\/DjokerNole?ref_src=twsrc%5Etfw\">@DjokerNole<\/a>\u2019s match point save at the 2011 US Open\u2026<\/p>\n<p>&#x1f1f7;&#x1f1f8; Laslo Djere tonight vs Gasquet<a href=\"https:\/\/twitter.com\/WSOpen?ref_src=twsrc%5Etfw\">@WSOpen<\/a> <a href=\"https:\/\/t.co\/mYo4AkZoPb\">pic.twitter.com\/mYo4AkZoPb<\/a><\/p>\n<p>\u2014 Tennis TV (@TennisTV) <a href=\"https:\/\/twitter.com\/TennisTV\/status\/1562990180562522114?ref_src=twsrc%5Etfw\">August 26, 2022<\/a><\/p><\/blockquote>\n<p style=\"text-align: justify;\"><script async src=\"https:\/\/platform.twitter.com\/widgets.js\" charset=\"utf-8\"><\/script><\/p>\n","protected":false},"excerpt":{"rendered":"<p>TOURNOI ATP 250 DE WINSTON-SALEM &#8211; Des trois Fran\u00e7ais engag\u00e9s en quarts de finale, seul Adrian Mannarino verra le dernier carr\u00e9, apr\u00e8s un succ\u00e8s convaincant sur Maxime Cressy.<\/p>\n","protected":false},"author":59,"featured_media":256241,"comment_status":"open","ping_status":"closed","sticky":false,"template":"","format":"standard","meta":{"_acf_changed":false,"_daextam_enable_autolinks":"","footnotes":""},"categories":[2302],"tags":[4303,2571,2542,4792],"class_list":["post-256239","post","type-post","status-publish","format-standard","has-post-thumbnail","hentry","category-tennis","tag-adrian-mannarino","tag-benjamin-bonzi","tag-richard-gasquet","tag-tennis-francais"],"acf":[],"yoast_head":"<!-- This site is optimized with the Yoast SEO Premium plugin v26.7 (Yoast SEO v26.7) - https:\/\/yoast.com\/wordpress\/plugins\/seo\/ -->\n<title>ATP Winston-Salem : Adrian Mannarino seul Fran\u00e7ais en demi-finales<\/title>\n<meta name=\"description\" content=\"TOURNOI ATP 250 DE WINSTON-SALEM - Des trois Fran\u00e7ais engag\u00e9s en quarts de finale, seul Adrian Mannarino verra le dernier carr\u00e9.\" \/>\n<meta name=\"robots\" content=\"index, follow, max-snippet:-1, max-image-preview:large, max-video-preview:-1\" \/>\n<link rel=\"canonical\" href=\"https:\/\/dicodusport.fr\/blog\/atp-winston-salem-adrian-mannarino-seul-francais-en-demi-finales\/\" \/>\n<meta property=\"og:locale\" content=\"fr_FR\" \/>\n<meta property=\"og:type\" content=\"article\" \/>\n<meta property=\"og:title\" content=\"ATP Winston-Salem : Adrian Mannarino seul Fran\u00e7ais en demi-finales\" \/>\n<meta property=\"og:description\" content=\"TOURNOI ATP 250 DE WINSTON-SALEM - Des trois Fran\u00e7ais engag\u00e9s en quarts de finale, seul Adrian Mannarino verra le dernier carr\u00e9.\" \/>\n<meta property=\"og:url\" content=\"https:\/\/dicodusport.fr\/blog\/atp-winston-salem-adrian-mannarino-seul-francais-en-demi-finales\/\" \/>\n<meta property=\"og:site_name\" content=\"Dicodusport\" \/>\n<meta property=\"article:publisher\" content=\"https:\/\/www.facebook.com\/dicodusport\" \/>\n<meta property=\"article:author\" content=\"https:\/\/www.facebook.com\/sebastien.gente\/\" \/>\n<meta property=\"article:published_time\" content=\"2022-08-26T06:06:16+00:00\" \/>\n<meta property=\"article:modified_time\" content=\"2022-08-26T06:56:53+00:00\" \/>\n<meta property=\"og:image\" content=\"https:\/\/dicodusport.fr\/blog\/wp-content\/uploads\/2022\/08\/ATP-Winston-Salem-Adrian-Mannarino-seul-Francais-en-demi-finales.png\" \/>\n\t<meta property=\"og:image:width\" content=\"800\" \/>\n\t<meta property=\"og:image:height\" content=\"445\" \/>\n\t<meta property=\"og:image:type\" content=\"image\/png\" \/>\n<meta name=\"author\" content=\"S\u00e9bastien Gente\" \/>\n<meta name=\"twitter:card\" content=\"summary_large_image\" \/>\n<meta name=\"twitter:title\" content=\"ATP Winston-Salem : Adrian Mannarino seul Fran\u00e7ais en demi-finales\" \/>\n<meta name=\"twitter:creator\" content=\"@https:\/\/twitter.com\/globulo24\" \/>\n<meta name=\"twitter:site\" content=\"@dicodusport\" \/>\n<script type=\"application\/ld+json\" class=\"yoast-schema-graph\">{\"@context\":\"https:\/\/schema.org\",\"@graph\":[{\"@type\":\"NewsArticle\",\"@id\":\"https:\/\/dicodusport.fr\/blog\/atp-winston-salem-adrian-mannarino-seul-francais-en-demi-finales\/#article\",\"isPartOf\":{\"@id\":\"https:\/\/dicodusport.fr\/blog\/atp-winston-salem-adrian-mannarino-seul-francais-en-demi-finales\/\"},\"author\":{\"name\":\"S\u00e9bastien Gente\",\"@id\":\"https:\/\/dicodusport.fr\/blog\/#\/schema\/person\/627966a6cde45dbd8c5e36ac85d783da\"},\"headline\":\"ATP Winston-Salem : Adrian Mannarino seul Fran\u00e7ais en demi-finales\",\"datePublished\":\"2022-08-26T06:06:16+00:00\",\"dateModified\":\"2022-08-26T06:56:53+00:00\",\"mainEntityOfPage\":{\"@id\":\"https:\/\/dicodusport.fr\/blog\/atp-winston-salem-adrian-mannarino-seul-francais-en-demi-finales\/\"},\"wordCount\":382,\"commentCount\":0,\"publisher\":{\"@id\":\"https:\/\/dicodusport.fr\/blog\/#organization\"},\"image\":{\"@id\":\"https:\/\/dicodusport.fr\/blog\/atp-winston-salem-adrian-mannarino-seul-francais-en-demi-finales\/#primaryimage\"},\"thumbnailUrl\":\"https:\/\/dicodusport.fr\/blog\/wp-content\/uploads\/2022\/08\/ATP-Winston-Salem-Adrian-Mannarino-seul-Francais-en-demi-finales.png\",\"keywords\":[\"Adrian Mannarino\",\"Benjamin Bonzi\",\"Richard Gasquet\",\"Tennis fran\u00e7ais\"],\"articleSection\":[\"Tennis\"],\"inLanguage\":\"fr-FR\",\"potentialAction\":[{\"@type\":\"CommentAction\",\"name\":\"Comment\",\"target\":[\"https:\/\/dicodusport.fr\/blog\/atp-winston-salem-adrian-mannarino-seul-francais-en-demi-finales\/#respond\"]}],\"copyrightYear\":\"2022\",\"copyrightHolder\":{\"@id\":\"https:\/\/dicodusport.fr\/blog\/#organization\"}},{\"@type\":\"WebPage\",\"@id\":\"https:\/\/dicodusport.fr\/blog\/atp-winston-salem-adrian-mannarino-seul-francais-en-demi-finales\/\",\"url\":\"https:\/\/dicodusport.fr\/blog\/atp-winston-salem-adrian-mannarino-seul-francais-en-demi-finales\/\",\"name\":\"ATP Winston-Salem : Adrian Mannarino seul Fran\u00e7ais en demi-finales\",\"isPartOf\":{\"@id\":\"https:\/\/dicodusport.fr\/blog\/#website\"},\"primaryImageOfPage\":{\"@id\":\"https:\/\/dicodusport.fr\/blog\/atp-winston-salem-adrian-mannarino-seul-francais-en-demi-finales\/#primaryimage\"},\"image\":{\"@id\":\"https:\/\/dicodusport.fr\/blog\/atp-winston-salem-adrian-mannarino-seul-francais-en-demi-finales\/#primaryimage\"},\"thumbnailUrl\":\"https:\/\/dicodusport.fr\/blog\/wp-content\/uploads\/2022\/08\/ATP-Winston-Salem-Adrian-Mannarino-seul-Francais-en-demi-finales.png\",\"datePublished\":\"2022-08-26T06:06:16+00:00\",\"dateModified\":\"2022-08-26T06:56:53+00:00\",\"description\":\"TOURNOI ATP 250 DE WINSTON-SALEM - Des trois Fran\u00e7ais engag\u00e9s en quarts de finale, seul Adrian Mannarino verra le dernier carr\u00e9.\",\"breadcrumb\":{\"@id\":\"https:\/\/dicodusport.fr\/blog\/atp-winston-salem-adrian-mannarino-seul-francais-en-demi-finales\/#breadcrumb\"},\"inLanguage\":\"fr-FR\",\"potentialAction\":[{\"@type\":\"ReadAction\",\"target\":[\"https:\/\/dicodusport.fr\/blog\/atp-winston-salem-adrian-mannarino-seul-francais-en-demi-finales\/\"]}]},{\"@type\":\"ImageObject\",\"inLanguage\":\"fr-FR\",\"@id\":\"https:\/\/dicodusport.fr\/blog\/atp-winston-salem-adrian-mannarino-seul-francais-en-demi-finales\/#primaryimage\",\"url\":\"https:\/\/dicodusport.fr\/blog\/wp-content\/uploads\/2022\/08\/ATP-Winston-Salem-Adrian-Mannarino-seul-Francais-en-demi-finales.png\",\"contentUrl\":\"https:\/\/dicodusport.fr\/blog\/wp-content\/uploads\/2022\/08\/ATP-Winston-Salem-Adrian-Mannarino-seul-Francais-en-demi-finales.png\",\"width\":800,\"height\":445,\"caption\":\"ATP Winston-Salem Adrian Mannarino seul Fran\u00e7ais en demi-finales\"},{\"@type\":\"BreadcrumbList\",\"@id\":\"https:\/\/dicodusport.fr\/blog\/atp-winston-salem-adrian-mannarino-seul-francais-en-demi-finales\/#breadcrumb\",\"itemListElement\":[{\"@type\":\"ListItem\",\"position\":1,\"name\":\"Accueil\",\"item\":\"https:\/\/dicodusport.fr\/blog\/\"},{\"@type\":\"ListItem\",\"position\":2,\"name\":\"ATP Winston-Salem : Adrian Mannarino seul Fran\u00e7ais en demi-finales\"}]},{\"@type\":\"WebSite\",\"@id\":\"https:\/\/dicodusport.fr\/blog\/#website\",\"url\":\"https:\/\/dicodusport.fr\/blog\/\",\"name\":\"Dicodusport\",\"description\":\"L&#039;encyclop\u00e9die de l&#039;actualit\u00e9 sportive\",\"publisher\":{\"@id\":\"https:\/\/dicodusport.fr\/blog\/#organization\"},\"potentialAction\":[{\"@type\":\"SearchAction\",\"target\":{\"@type\":\"EntryPoint\",\"urlTemplate\":\"https:\/\/dicodusport.fr\/blog\/?s={search_term_string}\"},\"query-input\":{\"@type\":\"PropertyValueSpecification\",\"valueRequired\":true,\"valueName\":\"search_term_string\"}}],\"inLanguage\":\"fr-FR\"},{\"@type\":\"NewsMediaOrganization\",\"@id\":\"https:\/\/dicodusport.fr\/blog\/#organization\",\"name\":\"Dicodusport\",\"url\":\"https:\/\/dicodusport.fr\/blog\/\",\"logo\":{\"@type\":\"ImageObject\",\"inLanguage\":\"fr-FR\",\"@id\":\"https:\/\/dicodusport.fr\/blog\/#\/schema\/logo\/image\/\",\"url\":\"https:\/\/dicodusport.fr\/blog\/wp-content\/uploads\/2020\/06\/cropped-LOGO-DICODUSPORT-2020-SANS-FOND-SANS-TEXTE.png\",\"contentUrl\":\"https:\/\/dicodusport.fr\/blog\/wp-content\/uploads\/2020\/06\/cropped-LOGO-DICODUSPORT-2020-SANS-FOND-SANS-TEXTE.png\",\"width\":512,\"height\":512,\"caption\":\"Dicodusport\"},\"image\":{\"@id\":\"https:\/\/dicodusport.fr\/blog\/#\/schema\/logo\/image\/\"},\"sameAs\":[\"https:\/\/www.facebook.com\/dicodusport\",\"https:\/\/x.com\/dicodusport\",\"https:\/\/www.instagram.com\/dicodusport\/\",\"https:\/\/www.youtube.com\/channel\/UC7V2KZ5sd3htJivAbA4ZG3w\"],\"description\":\"Dicodusport est l'encyclop\u00e9die de l'actualit\u00e9 sportive.\",\"email\":\"bonjour@dicodusport.fr\",\"legalName\":\"DICODUSPORT\",\"foundingDate\":\"2018-01-14\",\"vatID\":\"FR71834470973\",\"taxID\":\"83447097300043\",\"numberOfEmployees\":{\"@type\":\"QuantitativeValue\",\"minValue\":\"1\",\"maxValue\":\"10\"}},{\"@type\":\"Person\",\"@id\":\"https:\/\/dicodusport.fr\/blog\/#\/schema\/person\/627966a6cde45dbd8c5e36ac85d783da\",\"name\":\"S\u00e9bastien Gente\",\"image\":{\"@type\":\"ImageObject\",\"inLanguage\":\"fr-FR\",\"@id\":\"https:\/\/dicodusport.fr\/blog\/#\/schema\/person\/image\/\",\"url\":\"https:\/\/dicodusport.fr\/blog\/wp-content\/uploads\/2021\/09\/1510990_10205810251400683_4124423575079401707_n-150x150.jpg\",\"contentUrl\":\"https:\/\/dicodusport.fr\/blog\/wp-content\/uploads\/2021\/09\/1510990_10205810251400683_4124423575079401707_n-150x150.jpg\",\"caption\":\"S\u00e9bastien Gente\"},\"description\":\"John Stockton, Gianni Bugno, Zinedine Zidane, Steffi Graf, Frode Andresen, St\u00e9phane Stoecklin, Davis Kamoga, Primoz Peterka, Werner Schlager et Aur\u00e9lien Rougerie. Point commun entre ces sportifs? Ils m'ont fait r\u00eaver et ont berc\u00e9 mon adolescence. Je suis un fondu de sports et j'essaie de retranscrire ma passion \u00e0 travers mes articles. Originaire du P\u00e9rigord, ma passion pour les Girondins, les Jaunards et les Jazzmen transpire dans mes \u00e9crits. \u00c0 Dicodusport depuis 2021, je d\u00e9niche les sports m\u00e9connus dans lesquels la France brille, et il y en a !\",\"sameAs\":[\"https:\/\/www.facebook.com\/sebastien.gente\/\",\"https:\/\/www.instagram.com\/sebgente\/\",\"https:\/\/www.linkedin.com\/in\/sbastien-gente-a29583169\/\",\"https:\/\/x.com\/https:\/\/twitter.com\/globulo24\",\"SebastienGente\"],\"worksFor\":\"S\u00e9bastien GENTE\",\"url\":\"https:\/\/dicodusport.fr\/blog\/author\/sebastiengente\/\"}]}<\/script>\n<!-- \/ Yoast SEO Premium plugin. -->","yoast_head_json":{"title":"ATP Winston-Salem : Adrian Mannarino seul Fran\u00e7ais en demi-finales","description":"TOURNOI ATP 250 DE WINSTON-SALEM - Des trois Fran\u00e7ais engag\u00e9s en quarts de finale, seul Adrian Mannarino verra le dernier carr\u00e9.","robots":{"index":"index","follow":"follow","max-snippet":"max-snippet:-1","max-image-preview":"max-image-preview:large","max-video-preview":"max-video-preview:-1"},"canonical":"https:\/\/dicodusport.fr\/blog\/atp-winston-salem-adrian-mannarino-seul-francais-en-demi-finales\/","og_locale":"fr_FR","og_type":"article","og_title":"ATP Winston-Salem : Adrian Mannarino seul Fran\u00e7ais en demi-finales","og_description":"TOURNOI ATP 250 DE WINSTON-SALEM - Des trois Fran\u00e7ais engag\u00e9s en quarts de finale, seul Adrian Mannarino verra le dernier carr\u00e9.","og_url":"https:\/\/dicodusport.fr\/blog\/atp-winston-salem-adrian-mannarino-seul-francais-en-demi-finales\/","og_site_name":"Dicodusport","article_publisher":"https:\/\/www.facebook.com\/dicodusport","article_author":"https:\/\/www.facebook.com\/sebastien.gente\/","article_published_time":"2022-08-26T06:06:16+00:00","article_modified_time":"2022-08-26T06:56:53+00:00","og_image":[{"width":800,"height":445,"url":"https:\/\/dicodusport.fr\/blog\/wp-content\/uploads\/2022\/08\/ATP-Winston-Salem-Adrian-Mannarino-seul-Francais-en-demi-finales.png","type":"image\/png"}],"author":"S\u00e9bastien Gente","twitter_card":"summary_large_image","twitter_title":"ATP Winston-Salem : Adrian Mannarino seul Fran\u00e7ais en demi-finales","twitter_creator":"@https:\/\/twitter.com\/globulo24","twitter_site":"@dicodusport","schema":{"@context":"https:\/\/schema.org","@graph":[{"@type":"NewsArticle","@id":"https:\/\/dicodusport.fr\/blog\/atp-winston-salem-adrian-mannarino-seul-francais-en-demi-finales\/#article","isPartOf":{"@id":"https:\/\/dicodusport.fr\/blog\/atp-winston-salem-adrian-mannarino-seul-francais-en-demi-finales\/"},"author":{"name":"S\u00e9bastien Gente","@id":"https:\/\/dicodusport.fr\/blog\/#\/schema\/person\/627966a6cde45dbd8c5e36ac85d783da"},"headline":"ATP Winston-Salem : Adrian Mannarino seul Fran\u00e7ais en demi-finales","datePublished":"2022-08-26T06:06:16+00:00","dateModified":"2022-08-26T06:56:53+00:00","mainEntityOfPage":{"@id":"https:\/\/dicodusport.fr\/blog\/atp-winston-salem-adrian-mannarino-seul-francais-en-demi-finales\/"},"wordCount":382,"commentCount":0,"publisher":{"@id":"https:\/\/dicodusport.fr\/blog\/#organization"},"image":{"@id":"https:\/\/dicodusport.fr\/blog\/atp-winston-salem-adrian-mannarino-seul-francais-en-demi-finales\/#primaryimage"},"thumbnailUrl":"https:\/\/dicodusport.fr\/blog\/wp-content\/uploads\/2022\/08\/ATP-Winston-Salem-Adrian-Mannarino-seul-Francais-en-demi-finales.png","keywords":["Adrian Mannarino","Benjamin Bonzi","Richard Gasquet","Tennis fran\u00e7ais"],"articleSection":["Tennis"],"inLanguage":"fr-FR","potentialAction":[{"@type":"CommentAction","name":"Comment","target":["https:\/\/dicodusport.fr\/blog\/atp-winston-salem-adrian-mannarino-seul-francais-en-demi-finales\/#respond"]}],"copyrightYear":"2022","copyrightHolder":{"@id":"https:\/\/dicodusport.fr\/blog\/#organization"}},{"@type":"WebPage","@id":"https:\/\/dicodusport.fr\/blog\/atp-winston-salem-adrian-mannarino-seul-francais-en-demi-finales\/","url":"https:\/\/dicodusport.fr\/blog\/atp-winston-salem-adrian-mannarino-seul-francais-en-demi-finales\/","name":"ATP Winston-Salem : Adrian Mannarino seul Fran\u00e7ais en demi-finales","isPartOf":{"@id":"https:\/\/dicodusport.fr\/blog\/#website"},"primaryImageOfPage":{"@id":"https:\/\/dicodusport.fr\/blog\/atp-winston-salem-adrian-mannarino-seul-francais-en-demi-finales\/#primaryimage"},"image":{"@id":"https:\/\/dicodusport.fr\/blog\/atp-winston-salem-adrian-mannarino-seul-francais-en-demi-finales\/#primaryimage"},"thumbnailUrl":"https:\/\/dicodusport.fr\/blog\/wp-content\/uploads\/2022\/08\/ATP-Winston-Salem-Adrian-Mannarino-seul-Francais-en-demi-finales.png","datePublished":"2022-08-26T06:06:16+00:00","dateModified":"2022-08-26T06:56:53+00:00","description":"TOURNOI ATP 250 DE WINSTON-SALEM - Des trois Fran\u00e7ais engag\u00e9s en quarts de finale, seul Adrian Mannarino verra le dernier carr\u00e9.","breadcrumb":{"@id":"https:\/\/dicodusport.fr\/blog\/atp-winston-salem-adrian-mannarino-seul-francais-en-demi-finales\/#breadcrumb"},"inLanguage":"fr-FR","potentialAction":[{"@type":"ReadAction","target":["https:\/\/dicodusport.fr\/blog\/atp-winston-salem-adrian-mannarino-seul-francais-en-demi-finales\/"]}]},{"@type":"ImageObject","inLanguage":"fr-FR","@id":"https:\/\/dicodusport.fr\/blog\/atp-winston-salem-adrian-mannarino-seul-francais-en-demi-finales\/#primaryimage","url":"https:\/\/dicodusport.fr\/blog\/wp-content\/uploads\/2022\/08\/ATP-Winston-Salem-Adrian-Mannarino-seul-Francais-en-demi-finales.png","contentUrl":"https:\/\/dicodusport.fr\/blog\/wp-content\/uploads\/2022\/08\/ATP-Winston-Salem-Adrian-Mannarino-seul-Francais-en-demi-finales.png","width":800,"height":445,"caption":"ATP Winston-Salem Adrian Mannarino seul Fran\u00e7ais en demi-finales"},{"@type":"BreadcrumbList","@id":"https:\/\/dicodusport.fr\/blog\/atp-winston-salem-adrian-mannarino-seul-francais-en-demi-finales\/#breadcrumb","itemListElement":[{"@type":"ListItem","position":1,"name":"Accueil","item":"https:\/\/dicodusport.fr\/blog\/"},{"@type":"ListItem","position":2,"name":"ATP Winston-Salem : Adrian Mannarino seul Fran\u00e7ais en demi-finales"}]},{"@type":"WebSite","@id":"https:\/\/dicodusport.fr\/blog\/#website","url":"https:\/\/dicodusport.fr\/blog\/","name":"Dicodusport","description":"L&#039;encyclop\u00e9die de l&#039;actualit\u00e9 sportive","publisher":{"@id":"https:\/\/dicodusport.fr\/blog\/#organization"},"potentialAction":[{"@type":"SearchAction","target":{"@type":"EntryPoint","urlTemplate":"https:\/\/dicodusport.fr\/blog\/?s={search_term_string}"},"query-input":{"@type":"PropertyValueSpecification","valueRequired":true,"valueName":"search_term_string"}}],"inLanguage":"fr-FR"},{"@type":"NewsMediaOrganization","@id":"https:\/\/dicodusport.fr\/blog\/#organization","name":"Dicodusport","url":"https:\/\/dicodusport.fr\/blog\/","logo":{"@type":"ImageObject","inLanguage":"fr-FR","@id":"https:\/\/dicodusport.fr\/blog\/#\/schema\/logo\/image\/","url":"https:\/\/dicodusport.fr\/blog\/wp-content\/uploads\/2020\/06\/cropped-LOGO-DICODUSPORT-2020-SANS-FOND-SANS-TEXTE.png","contentUrl":"https:\/\/dicodusport.fr\/blog\/wp-content\/uploads\/2020\/06\/cropped-LOGO-DICODUSPORT-2020-SANS-FOND-SANS-TEXTE.png","width":512,"height":512,"caption":"Dicodusport"},"image":{"@id":"https:\/\/dicodusport.fr\/blog\/#\/schema\/logo\/image\/"},"sameAs":["https:\/\/www.facebook.com\/dicodusport","https:\/\/x.com\/dicodusport","https:\/\/www.instagram.com\/dicodusport\/","https:\/\/www.youtube.com\/channel\/UC7V2KZ5sd3htJivAbA4ZG3w"],"description":"Dicodusport est l'encyclop\u00e9die de l'actualit\u00e9 sportive.","email":"bonjour@dicodusport.fr","legalName":"DICODUSPORT","foundingDate":"2018-01-14","vatID":"FR71834470973","taxID":"83447097300043","numberOfEmployees":{"@type":"QuantitativeValue","minValue":"1","maxValue":"10"}},{"@type":"Person","@id":"https:\/\/dicodusport.fr\/blog\/#\/schema\/person\/627966a6cde45dbd8c5e36ac85d783da","name":"S\u00e9bastien Gente","image":{"@type":"ImageObject","inLanguage":"fr-FR","@id":"https:\/\/dicodusport.fr\/blog\/#\/schema\/person\/image\/","url":"https:\/\/dicodusport.fr\/blog\/wp-content\/uploads\/2021\/09\/1510990_10205810251400683_4124423575079401707_n-150x150.jpg","contentUrl":"https:\/\/dicodusport.fr\/blog\/wp-content\/uploads\/2021\/09\/1510990_10205810251400683_4124423575079401707_n-150x150.jpg","caption":"S\u00e9bastien Gente"},"description":"John Stockton, Gianni Bugno, Zinedine Zidane, Steffi Graf, Frode Andresen, St\u00e9phane Stoecklin, Davis Kamoga, Primoz Peterka, Werner Schlager et Aur\u00e9lien Rougerie. Point commun entre ces sportifs? Ils m'ont fait r\u00eaver et ont berc\u00e9 mon adolescence. Je suis un fondu de sports et j'essaie de retranscrire ma passion \u00e0 travers mes articles. Originaire du P\u00e9rigord, ma passion pour les Girondins, les Jaunards et les Jazzmen transpire dans mes \u00e9crits. \u00c0 Dicodusport depuis 2021, je d\u00e9niche les sports m\u00e9connus dans lesquels la France brille, et il y en a !","sameAs":["https:\/\/www.facebook.com\/sebastien.gente\/","https:\/\/www.instagram.com\/sebgente\/","https:\/\/www.linkedin.com\/in\/sbastien-gente-a29583169\/","https:\/\/x.com\/https:\/\/twitter.com\/globulo24","SebastienGente"],"worksFor":"S\u00e9bastien GENTE","url":"https:\/\/dicodusport.fr\/blog\/author\/sebastiengente\/"}]}},"_links":{"self":[{"href":"https:\/\/dicodusport.fr\/blog\/wp-json\/wp\/v2\/posts\/256239","targetHints":{"allow":["GET"]}}],"collection":[{"href":"https:\/\/dicodusport.fr\/blog\/wp-json\/wp\/v2\/posts"}],"about":[{"href":"https:\/\/dicodusport.fr\/blog\/wp-json\/wp\/v2\/types\/post"}],"author":[{"embeddable":true,"href":"https:\/\/dicodusport.fr\/blog\/wp-json\/wp\/v2\/users\/59"}],"replies":[{"embeddable":true,"href":"https:\/\/dicodusport.fr\/blog\/wp-json\/wp\/v2\/comments?post=256239"}],"version-history":[{"count":0,"href":"https:\/\/dicodusport.fr\/blog\/wp-json\/wp\/v2\/posts\/256239\/revisions"}],"wp:featuredmedia":[{"embeddable":true,"href":"https:\/\/dicodusport.fr\/blog\/wp-json\/wp\/v2\/media\/256241"}],"wp:attachment":[{"href":"https:\/\/dicodusport.fr\/blog\/wp-json\/wp\/v2\/media?parent=256239"}],"wp:term":[{"taxonomy":"category","embeddable":true,"href":"https:\/\/dicodusport.fr\/blog\/wp-json\/wp\/v2\/categories?post=256239"},{"taxonomy":"post_tag","embeddable":true,"href":"https:\/\/dicodusport.fr\/blog\/wp-json\/wp\/v2\/tags?post=256239"}],"curies":[{"name":"wp","href":"https:\/\/api.w.org\/{rel}","templated":true}]}}