{"id":256257,"date":"2022-08-26T09:54:56","date_gmt":"2022-08-26T07:54:56","guid":{"rendered":"https:\/\/dicodusport.fr\/blog\/?p=256257&#038;preview=true&#038;preview_id=256257"},"modified":"2022-08-26T10:15:13","modified_gmt":"2022-08-26T08:15:13","slug":"mercato-ol-lyon-ne-devrait-pas-recruter-pour-remplacer-lucas-paqueta","status":"publish","type":"post","link":"https:\/\/dicodusport.fr\/blog\/mercato-ol-lyon-ne-devrait-pas-recruter-pour-remplacer-lucas-paqueta\/","title":{"rendered":"Mercato OL : Lyon ne devrait pas recruter pour remplacer Lucas Paqueta"},"content":{"rendered":"<p style=\"text-align: justify;\"><i><b>LIGUE 1 2022-2023 &#8211; Selon L&rsquo;\u00c9quipe, l&rsquo;Olympique Lyonnais ne devrait pas recruter de rempla\u00e7ant de Lucas Paqueta, si le d\u00e9part du Br\u00e9silien venait \u00e0 se confirmer.<\/b><\/i><\/p>\n<p style=\"text-align: justify;\">L&rsquo;<strong>Olympique Lyonnais<\/strong> et <strong>West Ham<\/strong> sont proches de tomber d&rsquo;accord autour d&rsquo;un transfert de 60 millions d&rsquo;euros bonus compris, pour <strong>Lucas Paqueta<\/strong>. Le <strong>Br\u00e9silien<\/strong> est lui proche d&rsquo;un accord avec le club de Premier League et la transaction pourrait donc \u00eatre boucl\u00e9e dans les prochaines heures. En cas de d\u00e9part de son joueur star, l&rsquo;<strong>OL<\/strong> ne devrait pas recruter de rempla\u00e7ant, puisque le club poss\u00e8de de nombreuses solutions en interne pour \u00e9voluer au milieu de terrain. En l&rsquo;espace de six mois, <strong>Lyon<\/strong> aura perdu ses deux milieux br\u00e9siliens, avec \u00e0 chaque fois plus de 50 millions d&rsquo;euros de transfert, bonus compris. L&rsquo;hiver dernier, c&rsquo;est <strong>Bruno Guimar\u00e3es<\/strong> qui avait quitt\u00e9 le Rh\u00f4ne pour la Premier League, en att\u00e9rissant \u00e0 Newcastle.<\/p>\n<blockquote class=\"twitter-tweet\">\n<p dir=\"ltr\" lang=\"fr\">Lucas Paqueta presque \u00e0 West Ham, le r\u00e9cit d&rsquo;une longue journ\u00e9e de n\u00e9gociations<\/p>\n<p>West Ham \u00e9tait hier soir tout proche d&rsquo;un accord avec les dirigeants lyonnais pour le transfert de Lucas Paqueta, autour d&rsquo;une indemnit\u00e9 de 60 M\u20ac bonus compris. <a href=\"https:\/\/t.co\/sv16EcoeKF\">https:\/\/t.co\/sv16EcoeKF<\/a> <a href=\"https:\/\/t.co\/vKK7jhzwSB\">pic.twitter.com\/vKK7jhzwSB<\/a><\/p>\n<p>\u2014 L&rsquo;\u00c9QUIPE (@lequipe) <a href=\"https:\/\/twitter.com\/lequipe\/status\/1563068521138900992?ref_src=twsrc%5Etfw\">August 26, 2022<\/a><\/p><\/blockquote>\n<p><script async src=\"https:\/\/platform.twitter.com\/widgets.js\" charset=\"utf-8\"><\/script><\/p>\n<ul>\n<li><strong>\u00c0 lire aussi &#8211; <a href=\"https:\/\/dicodusport.fr\/blog\/mercato-ol-tableau-des-transferts-2022-2023\/\">Le tableau du mercato de l&rsquo;OL<\/a><\/strong><\/li>\n<\/ul>\n","protected":false},"excerpt":{"rendered":"<p>LIGUE 1 2022-2023 &#8211; Selon L&rsquo;\u00c9quipe, l&rsquo;Olympique Lyonnais ne devrait pas recruter de rempla\u00e7ant \u00e0 Lucas Paqueta, si le d\u00e9part du Br\u00e9silien venait \u00e0 se confirmer.<\/p>\n","protected":false},"author":1,"featured_media":256267,"comment_status":"open","ping_status":"closed","sticky":false,"template":"","format":"standard","meta":{"_acf_changed":false,"_daextam_enable_autolinks":"","footnotes":""},"categories":[2301,47045],"tags":[75,21075,1145,8611],"class_list":["post-256257","post","type-post","status-publish","format-standard","has-post-thumbnail","hentry","category-football","category-ligue-1","tag-football","tag-lucas-paqueta","tag-ol","tag-west-ham"],"acf":[],"yoast_head":"<!-- This site is optimized with the Yoast SEO Premium plugin v26.7 (Yoast SEO v26.7) - https:\/\/yoast.com\/wordpress\/plugins\/seo\/ -->\n<title>Mercato OL : Lyon ne devrait pas recruter pour remplacer Lucas Paqueta<\/title>\n<meta name=\"description\" content=\"LIGUE 1 2022-2023 - Selon L&#039;\u00c9quipe, l&#039;Olympique Lyonnais ne devrait pas recruter de rempla\u00e7ant de Lucas Paqueta.\" \/>\n<meta name=\"robots\" content=\"index, follow, max-snippet:-1, max-image-preview:large, max-video-preview:-1\" \/>\n<link rel=\"canonical\" href=\"https:\/\/dicodusport.fr\/blog\/mercato-ol-lyon-ne-devrait-pas-recruter-pour-remplacer-lucas-paqueta\/\" \/>\n<meta property=\"og:locale\" content=\"fr_FR\" \/>\n<meta property=\"og:type\" content=\"article\" \/>\n<meta property=\"og:title\" content=\"Mercato OL : Lyon ne devrait pas recruter pour remplacer Lucas Paqueta\" \/>\n<meta property=\"og:description\" content=\"LIGUE 1 2022-2023 - Selon L&#039;\u00c9quipe, l&#039;Olympique Lyonnais ne devrait pas recruter de rempla\u00e7ant de Lucas Paqueta.\" \/>\n<meta property=\"og:url\" content=\"https:\/\/dicodusport.fr\/blog\/mercato-ol-lyon-ne-devrait-pas-recruter-pour-remplacer-lucas-paqueta\/\" \/>\n<meta property=\"og:site_name\" content=\"Dicodusport\" \/>\n<meta property=\"article:publisher\" content=\"https:\/\/www.facebook.com\/dicodusport\" \/>\n<meta property=\"article:author\" content=\"https:\/\/www.facebook.com\/dicodusport\" \/>\n<meta property=\"article:published_time\" content=\"2022-08-26T07:54:56+00:00\" \/>\n<meta property=\"article:modified_time\" content=\"2022-08-26T08:15:13+00:00\" \/>\n<meta property=\"og:image\" content=\"https:\/\/dicodusport.fr\/blog\/wp-content\/uploads\/2022\/08\/Mercato-OL-Lyon-ne-devrait-pas-recruter-pour-remplacer-Lucas-Paqueta.png\" \/>\n\t<meta property=\"og:image:width\" content=\"800\" \/>\n\t<meta property=\"og:image:height\" content=\"445\" \/>\n\t<meta property=\"og:image:type\" content=\"image\/png\" \/>\n<meta name=\"author\" content=\"Nicolas Jacquemard\" \/>\n<meta name=\"twitter:card\" content=\"summary_large_image\" \/>\n<meta name=\"twitter:title\" content=\"Mercato OL : Lyon ne devrait pas recruter pour remplacer Lucas Paqueta\" \/>\n<meta name=\"twitter:creator\" content=\"@https:\/\/twitter.com\/Nico_Jacquemard\" \/>\n<meta name=\"twitter:site\" content=\"@dicodusport\" \/>\n<script type=\"application\/ld+json\" class=\"yoast-schema-graph\">{\"@context\":\"https:\/\/schema.org\",\"@graph\":[{\"@type\":\"NewsArticle\",\"@id\":\"https:\/\/dicodusport.fr\/blog\/mercato-ol-lyon-ne-devrait-pas-recruter-pour-remplacer-lucas-paqueta\/#article\",\"isPartOf\":{\"@id\":\"https:\/\/dicodusport.fr\/blog\/mercato-ol-lyon-ne-devrait-pas-recruter-pour-remplacer-lucas-paqueta\/\"},\"author\":{\"name\":\"Nicolas Jacquemard\",\"@id\":\"https:\/\/dicodusport.fr\/blog\/#\/schema\/person\/55dcb50ad410894e431ed812bbb70191\"},\"headline\":\"Mercato OL : Lyon ne devrait pas recruter pour remplacer Lucas Paqueta\",\"datePublished\":\"2022-08-26T07:54:56+00:00\",\"dateModified\":\"2022-08-26T08:15:13+00:00\",\"mainEntityOfPage\":{\"@id\":\"https:\/\/dicodusport.fr\/blog\/mercato-ol-lyon-ne-devrait-pas-recruter-pour-remplacer-lucas-paqueta\/\"},\"wordCount\":242,\"commentCount\":0,\"publisher\":{\"@id\":\"https:\/\/dicodusport.fr\/blog\/#organization\"},\"image\":{\"@id\":\"https:\/\/dicodusport.fr\/blog\/mercato-ol-lyon-ne-devrait-pas-recruter-pour-remplacer-lucas-paqueta\/#primaryimage\"},\"thumbnailUrl\":\"https:\/\/dicodusport.fr\/blog\/wp-content\/uploads\/2022\/08\/Mercato-OL-Lyon-ne-devrait-pas-recruter-pour-remplacer-Lucas-Paqueta.png\",\"keywords\":[\"Football\",\"Lucas Paqueta\",\"OL\",\"West Ham\"],\"articleSection\":[\"Football\",\"Ligue 1\"],\"inLanguage\":\"fr-FR\",\"potentialAction\":[{\"@type\":\"CommentAction\",\"name\":\"Comment\",\"target\":[\"https:\/\/dicodusport.fr\/blog\/mercato-ol-lyon-ne-devrait-pas-recruter-pour-remplacer-lucas-paqueta\/#respond\"]}],\"copyrightYear\":\"2022\",\"copyrightHolder\":{\"@id\":\"https:\/\/dicodusport.fr\/blog\/#organization\"}},{\"@type\":\"WebPage\",\"@id\":\"https:\/\/dicodusport.fr\/blog\/mercato-ol-lyon-ne-devrait-pas-recruter-pour-remplacer-lucas-paqueta\/\",\"url\":\"https:\/\/dicodusport.fr\/blog\/mercato-ol-lyon-ne-devrait-pas-recruter-pour-remplacer-lucas-paqueta\/\",\"name\":\"Mercato OL : Lyon ne devrait pas recruter pour remplacer Lucas Paqueta\",\"isPartOf\":{\"@id\":\"https:\/\/dicodusport.fr\/blog\/#website\"},\"primaryImageOfPage\":{\"@id\":\"https:\/\/dicodusport.fr\/blog\/mercato-ol-lyon-ne-devrait-pas-recruter-pour-remplacer-lucas-paqueta\/#primaryimage\"},\"image\":{\"@id\":\"https:\/\/dicodusport.fr\/blog\/mercato-ol-lyon-ne-devrait-pas-recruter-pour-remplacer-lucas-paqueta\/#primaryimage\"},\"thumbnailUrl\":\"https:\/\/dicodusport.fr\/blog\/wp-content\/uploads\/2022\/08\/Mercato-OL-Lyon-ne-devrait-pas-recruter-pour-remplacer-Lucas-Paqueta.png\",\"datePublished\":\"2022-08-26T07:54:56+00:00\",\"dateModified\":\"2022-08-26T08:15:13+00:00\",\"description\":\"LIGUE 1 2022-2023 - Selon L'\u00c9quipe, l'Olympique Lyonnais ne devrait pas recruter de rempla\u00e7ant de Lucas Paqueta.\",\"breadcrumb\":{\"@id\":\"https:\/\/dicodusport.fr\/blog\/mercato-ol-lyon-ne-devrait-pas-recruter-pour-remplacer-lucas-paqueta\/#breadcrumb\"},\"inLanguage\":\"fr-FR\",\"potentialAction\":[{\"@type\":\"ReadAction\",\"target\":[\"https:\/\/dicodusport.fr\/blog\/mercato-ol-lyon-ne-devrait-pas-recruter-pour-remplacer-lucas-paqueta\/\"]}]},{\"@type\":\"ImageObject\",\"inLanguage\":\"fr-FR\",\"@id\":\"https:\/\/dicodusport.fr\/blog\/mercato-ol-lyon-ne-devrait-pas-recruter-pour-remplacer-lucas-paqueta\/#primaryimage\",\"url\":\"https:\/\/dicodusport.fr\/blog\/wp-content\/uploads\/2022\/08\/Mercato-OL-Lyon-ne-devrait-pas-recruter-pour-remplacer-Lucas-Paqueta.png\",\"contentUrl\":\"https:\/\/dicodusport.fr\/blog\/wp-content\/uploads\/2022\/08\/Mercato-OL-Lyon-ne-devrait-pas-recruter-pour-remplacer-Lucas-Paqueta.png\",\"width\":800,\"height\":445},{\"@type\":\"BreadcrumbList\",\"@id\":\"https:\/\/dicodusport.fr\/blog\/mercato-ol-lyon-ne-devrait-pas-recruter-pour-remplacer-lucas-paqueta\/#breadcrumb\",\"itemListElement\":[{\"@type\":\"ListItem\",\"position\":1,\"name\":\"Accueil\",\"item\":\"https:\/\/dicodusport.fr\/blog\/\"},{\"@type\":\"ListItem\",\"position\":2,\"name\":\"Mercato OL : Lyon ne devrait pas recruter pour remplacer Lucas Paqueta\"}]},{\"@type\":\"WebSite\",\"@id\":\"https:\/\/dicodusport.fr\/blog\/#website\",\"url\":\"https:\/\/dicodusport.fr\/blog\/\",\"name\":\"Dicodusport\",\"description\":\"L&#039;encyclop\u00e9die de l&#039;actualit\u00e9 sportive\",\"publisher\":{\"@id\":\"https:\/\/dicodusport.fr\/blog\/#organization\"},\"potentialAction\":[{\"@type\":\"SearchAction\",\"target\":{\"@type\":\"EntryPoint\",\"urlTemplate\":\"https:\/\/dicodusport.fr\/blog\/?s={search_term_string}\"},\"query-input\":{\"@type\":\"PropertyValueSpecification\",\"valueRequired\":true,\"valueName\":\"search_term_string\"}}],\"inLanguage\":\"fr-FR\"},{\"@type\":\"NewsMediaOrganization\",\"@id\":\"https:\/\/dicodusport.fr\/blog\/#organization\",\"name\":\"Dicodusport\",\"url\":\"https:\/\/dicodusport.fr\/blog\/\",\"logo\":{\"@type\":\"ImageObject\",\"inLanguage\":\"fr-FR\",\"@id\":\"https:\/\/dicodusport.fr\/blog\/#\/schema\/logo\/image\/\",\"url\":\"https:\/\/dicodusport.fr\/blog\/wp-content\/uploads\/2020\/06\/cropped-LOGO-DICODUSPORT-2020-SANS-FOND-SANS-TEXTE.png\",\"contentUrl\":\"https:\/\/dicodusport.fr\/blog\/wp-content\/uploads\/2020\/06\/cropped-LOGO-DICODUSPORT-2020-SANS-FOND-SANS-TEXTE.png\",\"width\":512,\"height\":512,\"caption\":\"Dicodusport\"},\"image\":{\"@id\":\"https:\/\/dicodusport.fr\/blog\/#\/schema\/logo\/image\/\"},\"sameAs\":[\"https:\/\/www.facebook.com\/dicodusport\",\"https:\/\/x.com\/dicodusport\",\"https:\/\/www.instagram.com\/dicodusport\/\",\"https:\/\/www.youtube.com\/channel\/UC7V2KZ5sd3htJivAbA4ZG3w\"],\"description\":\"Dicodusport est l'encyclop\u00e9die de l'actualit\u00e9 sportive.\",\"email\":\"bonjour@dicodusport.fr\",\"legalName\":\"DICODUSPORT\",\"foundingDate\":\"2018-01-14\",\"vatID\":\"FR71834470973\",\"taxID\":\"83447097300043\",\"numberOfEmployees\":{\"@type\":\"QuantitativeValue\",\"minValue\":\"1\",\"maxValue\":\"10\"}},{\"@type\":\"Person\",\"@id\":\"https:\/\/dicodusport.fr\/blog\/#\/schema\/person\/55dcb50ad410894e431ed812bbb70191\",\"name\":\"Nicolas Jacquemard\",\"image\":{\"@type\":\"ImageObject\",\"inLanguage\":\"fr-FR\",\"@id\":\"https:\/\/dicodusport.fr\/blog\/#\/schema\/person\/image\/\",\"url\":\"https:\/\/dicodusport.fr\/blog\/wp-content\/uploads\/2021\/05\/Nicolas-Jacquemard-150x150.jpeg\",\"contentUrl\":\"https:\/\/dicodusport.fr\/blog\/wp-content\/uploads\/2021\/05\/Nicolas-Jacquemard-150x150.jpeg\",\"caption\":\"Nicolas Jacquemard\"},\"description\":\"Passionn\u00e9 de sport et entrepreneur depuis mes 18 ans, la cr\u00e9ation de Dicodusport m'a sembl\u00e9 \u00e9vidente pour participer \u00e0 la m\u00e9diatisation d'un plus grand nombre de sports. Le chemin est long mais avec une \u00e9quipe des plus motiv\u00e9es et les Jeux Olympiques de Paris 2024 en point de mire, nous y arriverons ! Journaliste dans le monde du sport depuis plus de 5 ans, je traite aussi bien de football, de rugby, de biathlon que de cyclisme.\",\"sameAs\":[\"https:\/\/www.facebook.com\/dicodusport\",\"https:\/\/x.com\/https:\/\/twitter.com\/Nico_Jacquemard\"],\"url\":\"https:\/\/dicodusport.fr\/blog\/author\/dicodusport\/\"}]}<\/script>\n<!-- \/ Yoast SEO Premium plugin. -->","yoast_head_json":{"title":"Mercato OL : Lyon ne devrait pas recruter pour remplacer Lucas Paqueta","description":"LIGUE 1 2022-2023 - Selon L'\u00c9quipe, l'Olympique Lyonnais ne devrait pas recruter de rempla\u00e7ant de Lucas Paqueta.","robots":{"index":"index","follow":"follow","max-snippet":"max-snippet:-1","max-image-preview":"max-image-preview:large","max-video-preview":"max-video-preview:-1"},"canonical":"https:\/\/dicodusport.fr\/blog\/mercato-ol-lyon-ne-devrait-pas-recruter-pour-remplacer-lucas-paqueta\/","og_locale":"fr_FR","og_type":"article","og_title":"Mercato OL : Lyon ne devrait pas recruter pour remplacer Lucas Paqueta","og_description":"LIGUE 1 2022-2023 - Selon L'\u00c9quipe, l'Olympique Lyonnais ne devrait pas recruter de rempla\u00e7ant de Lucas Paqueta.","og_url":"https:\/\/dicodusport.fr\/blog\/mercato-ol-lyon-ne-devrait-pas-recruter-pour-remplacer-lucas-paqueta\/","og_site_name":"Dicodusport","article_publisher":"https:\/\/www.facebook.com\/dicodusport","article_author":"https:\/\/www.facebook.com\/dicodusport","article_published_time":"2022-08-26T07:54:56+00:00","article_modified_time":"2022-08-26T08:15:13+00:00","og_image":[{"width":800,"height":445,"url":"https:\/\/dicodusport.fr\/blog\/wp-content\/uploads\/2022\/08\/Mercato-OL-Lyon-ne-devrait-pas-recruter-pour-remplacer-Lucas-Paqueta.png","type":"image\/png"}],"author":"Nicolas Jacquemard","twitter_card":"summary_large_image","twitter_title":"Mercato OL : Lyon ne devrait pas recruter pour remplacer Lucas Paqueta","twitter_creator":"@https:\/\/twitter.com\/Nico_Jacquemard","twitter_site":"@dicodusport","schema":{"@context":"https:\/\/schema.org","@graph":[{"@type":"NewsArticle","@id":"https:\/\/dicodusport.fr\/blog\/mercato-ol-lyon-ne-devrait-pas-recruter-pour-remplacer-lucas-paqueta\/#article","isPartOf":{"@id":"https:\/\/dicodusport.fr\/blog\/mercato-ol-lyon-ne-devrait-pas-recruter-pour-remplacer-lucas-paqueta\/"},"author":{"name":"Nicolas Jacquemard","@id":"https:\/\/dicodusport.fr\/blog\/#\/schema\/person\/55dcb50ad410894e431ed812bbb70191"},"headline":"Mercato OL : Lyon ne devrait pas recruter pour remplacer Lucas Paqueta","datePublished":"2022-08-26T07:54:56+00:00","dateModified":"2022-08-26T08:15:13+00:00","mainEntityOfPage":{"@id":"https:\/\/dicodusport.fr\/blog\/mercato-ol-lyon-ne-devrait-pas-recruter-pour-remplacer-lucas-paqueta\/"},"wordCount":242,"commentCount":0,"publisher":{"@id":"https:\/\/dicodusport.fr\/blog\/#organization"},"image":{"@id":"https:\/\/dicodusport.fr\/blog\/mercato-ol-lyon-ne-devrait-pas-recruter-pour-remplacer-lucas-paqueta\/#primaryimage"},"thumbnailUrl":"https:\/\/dicodusport.fr\/blog\/wp-content\/uploads\/2022\/08\/Mercato-OL-Lyon-ne-devrait-pas-recruter-pour-remplacer-Lucas-Paqueta.png","keywords":["Football","Lucas Paqueta","OL","West Ham"],"articleSection":["Football","Ligue 1"],"inLanguage":"fr-FR","potentialAction":[{"@type":"CommentAction","name":"Comment","target":["https:\/\/dicodusport.fr\/blog\/mercato-ol-lyon-ne-devrait-pas-recruter-pour-remplacer-lucas-paqueta\/#respond"]}],"copyrightYear":"2022","copyrightHolder":{"@id":"https:\/\/dicodusport.fr\/blog\/#organization"}},{"@type":"WebPage","@id":"https:\/\/dicodusport.fr\/blog\/mercato-ol-lyon-ne-devrait-pas-recruter-pour-remplacer-lucas-paqueta\/","url":"https:\/\/dicodusport.fr\/blog\/mercato-ol-lyon-ne-devrait-pas-recruter-pour-remplacer-lucas-paqueta\/","name":"Mercato OL : Lyon ne devrait pas recruter pour remplacer Lucas Paqueta","isPartOf":{"@id":"https:\/\/dicodusport.fr\/blog\/#website"},"primaryImageOfPage":{"@id":"https:\/\/dicodusport.fr\/blog\/mercato-ol-lyon-ne-devrait-pas-recruter-pour-remplacer-lucas-paqueta\/#primaryimage"},"image":{"@id":"https:\/\/dicodusport.fr\/blog\/mercato-ol-lyon-ne-devrait-pas-recruter-pour-remplacer-lucas-paqueta\/#primaryimage"},"thumbnailUrl":"https:\/\/dicodusport.fr\/blog\/wp-content\/uploads\/2022\/08\/Mercato-OL-Lyon-ne-devrait-pas-recruter-pour-remplacer-Lucas-Paqueta.png","datePublished":"2022-08-26T07:54:56+00:00","dateModified":"2022-08-26T08:15:13+00:00","description":"LIGUE 1 2022-2023 - Selon L'\u00c9quipe, l'Olympique Lyonnais ne devrait pas recruter de rempla\u00e7ant de Lucas Paqueta.","breadcrumb":{"@id":"https:\/\/dicodusport.fr\/blog\/mercato-ol-lyon-ne-devrait-pas-recruter-pour-remplacer-lucas-paqueta\/#breadcrumb"},"inLanguage":"fr-FR","potentialAction":[{"@type":"ReadAction","target":["https:\/\/dicodusport.fr\/blog\/mercato-ol-lyon-ne-devrait-pas-recruter-pour-remplacer-lucas-paqueta\/"]}]},{"@type":"ImageObject","inLanguage":"fr-FR","@id":"https:\/\/dicodusport.fr\/blog\/mercato-ol-lyon-ne-devrait-pas-recruter-pour-remplacer-lucas-paqueta\/#primaryimage","url":"https:\/\/dicodusport.fr\/blog\/wp-content\/uploads\/2022\/08\/Mercato-OL-Lyon-ne-devrait-pas-recruter-pour-remplacer-Lucas-Paqueta.png","contentUrl":"https:\/\/dicodusport.fr\/blog\/wp-content\/uploads\/2022\/08\/Mercato-OL-Lyon-ne-devrait-pas-recruter-pour-remplacer-Lucas-Paqueta.png","width":800,"height":445},{"@type":"BreadcrumbList","@id":"https:\/\/dicodusport.fr\/blog\/mercato-ol-lyon-ne-devrait-pas-recruter-pour-remplacer-lucas-paqueta\/#breadcrumb","itemListElement":[{"@type":"ListItem","position":1,"name":"Accueil","item":"https:\/\/dicodusport.fr\/blog\/"},{"@type":"ListItem","position":2,"name":"Mercato OL : Lyon ne devrait pas recruter pour remplacer Lucas Paqueta"}]},{"@type":"WebSite","@id":"https:\/\/dicodusport.fr\/blog\/#website","url":"https:\/\/dicodusport.fr\/blog\/","name":"Dicodusport","description":"L&#039;encyclop\u00e9die de l&#039;actualit\u00e9 sportive","publisher":{"@id":"https:\/\/dicodusport.fr\/blog\/#organization"},"potentialAction":[{"@type":"SearchAction","target":{"@type":"EntryPoint","urlTemplate":"https:\/\/dicodusport.fr\/blog\/?s={search_term_string}"},"query-input":{"@type":"PropertyValueSpecification","valueRequired":true,"valueName":"search_term_string"}}],"inLanguage":"fr-FR"},{"@type":"NewsMediaOrganization","@id":"https:\/\/dicodusport.fr\/blog\/#organization","name":"Dicodusport","url":"https:\/\/dicodusport.fr\/blog\/","logo":{"@type":"ImageObject","inLanguage":"fr-FR","@id":"https:\/\/dicodusport.fr\/blog\/#\/schema\/logo\/image\/","url":"https:\/\/dicodusport.fr\/blog\/wp-content\/uploads\/2020\/06\/cropped-LOGO-DICODUSPORT-2020-SANS-FOND-SANS-TEXTE.png","contentUrl":"https:\/\/dicodusport.fr\/blog\/wp-content\/uploads\/2020\/06\/cropped-LOGO-DICODUSPORT-2020-SANS-FOND-SANS-TEXTE.png","width":512,"height":512,"caption":"Dicodusport"},"image":{"@id":"https:\/\/dicodusport.fr\/blog\/#\/schema\/logo\/image\/"},"sameAs":["https:\/\/www.facebook.com\/dicodusport","https:\/\/x.com\/dicodusport","https:\/\/www.instagram.com\/dicodusport\/","https:\/\/www.youtube.com\/channel\/UC7V2KZ5sd3htJivAbA4ZG3w"],"description":"Dicodusport est l'encyclop\u00e9die de l'actualit\u00e9 sportive.","email":"bonjour@dicodusport.fr","legalName":"DICODUSPORT","foundingDate":"2018-01-14","vatID":"FR71834470973","taxID":"83447097300043","numberOfEmployees":{"@type":"QuantitativeValue","minValue":"1","maxValue":"10"}},{"@type":"Person","@id":"https:\/\/dicodusport.fr\/blog\/#\/schema\/person\/55dcb50ad410894e431ed812bbb70191","name":"Nicolas Jacquemard","image":{"@type":"ImageObject","inLanguage":"fr-FR","@id":"https:\/\/dicodusport.fr\/blog\/#\/schema\/person\/image\/","url":"https:\/\/dicodusport.fr\/blog\/wp-content\/uploads\/2021\/05\/Nicolas-Jacquemard-150x150.jpeg","contentUrl":"https:\/\/dicodusport.fr\/blog\/wp-content\/uploads\/2021\/05\/Nicolas-Jacquemard-150x150.jpeg","caption":"Nicolas Jacquemard"},"description":"Passionn\u00e9 de sport et entrepreneur depuis mes 18 ans, la cr\u00e9ation de Dicodusport m'a sembl\u00e9 \u00e9vidente pour participer \u00e0 la m\u00e9diatisation d'un plus grand nombre de sports. Le chemin est long mais avec une \u00e9quipe des plus motiv\u00e9es et les Jeux Olympiques de Paris 2024 en point de mire, nous y arriverons ! Journaliste dans le monde du sport depuis plus de 5 ans, je traite aussi bien de football, de rugby, de biathlon que de cyclisme.","sameAs":["https:\/\/www.facebook.com\/dicodusport","https:\/\/x.com\/https:\/\/twitter.com\/Nico_Jacquemard"],"url":"https:\/\/dicodusport.fr\/blog\/author\/dicodusport\/"}]}},"_links":{"self":[{"href":"https:\/\/dicodusport.fr\/blog\/wp-json\/wp\/v2\/posts\/256257","targetHints":{"allow":["GET"]}}],"collection":[{"href":"https:\/\/dicodusport.fr\/blog\/wp-json\/wp\/v2\/posts"}],"about":[{"href":"https:\/\/dicodusport.fr\/blog\/wp-json\/wp\/v2\/types\/post"}],"author":[{"embeddable":true,"href":"https:\/\/dicodusport.fr\/blog\/wp-json\/wp\/v2\/users\/1"}],"replies":[{"embeddable":true,"href":"https:\/\/dicodusport.fr\/blog\/wp-json\/wp\/v2\/comments?post=256257"}],"version-history":[{"count":0,"href":"https:\/\/dicodusport.fr\/blog\/wp-json\/wp\/v2\/posts\/256257\/revisions"}],"wp:featuredmedia":[{"embeddable":true,"href":"https:\/\/dicodusport.fr\/blog\/wp-json\/wp\/v2\/media\/256267"}],"wp:attachment":[{"href":"https:\/\/dicodusport.fr\/blog\/wp-json\/wp\/v2\/media?parent=256257"}],"wp:term":[{"taxonomy":"category","embeddable":true,"href":"https:\/\/dicodusport.fr\/blog\/wp-json\/wp\/v2\/categories?post=256257"},{"taxonomy":"post_tag","embeddable":true,"href":"https:\/\/dicodusport.fr\/blog\/wp-json\/wp\/v2\/tags?post=256257"}],"curies":[{"name":"wp","href":"https:\/\/api.w.org\/{rel}","templated":true}]}}