{"id":256305,"date":"2022-08-26T12:24:26","date_gmt":"2022-08-26T10:24:26","guid":{"rendered":"https:\/\/dicodusport.fr\/blog\/?p=256305&#038;preview=true&#038;preview_id=256305"},"modified":"2022-08-26T13:08:38","modified_gmt":"2022-08-26T11:08:38","slug":"mondiaux-vtt-assistance-electrique-2022-jerome-gilloux-sacre-champion-du-monde","status":"publish","type":"post","link":"https:\/\/dicodusport.fr\/blog\/mondiaux-vtt-assistance-electrique-2022-jerome-gilloux-sacre-champion-du-monde\/","title":{"rendered":"Mondiaux VTT Assistance \u00e9lectrique 2022 : J\u00e9r\u00f4me Gilloux sacr\u00e9 champion du monde !"},"content":{"rendered":"<p style=\"text-align: justify;\"><em><strong><a href=\"https:\/\/dicodusport.fr\/blog\/actualites\/cyclisme\/vtt\/championnats-du-monde-vtt-2022\/\">CHAMPIONNATS DU MONDE DE VTT 2022<\/a> &#8211; Sacr\u00e9 l&rsquo;an dernier \u00e0 Val di Sole (Italie), J\u00e9r\u00f4me Gilloux a conserv\u00e9 son titre mondial de VTT \u00e0 assistance \u00e9lectrique ce vendredi, aux Gets ! Cerise sur le g\u00e2teau, il devance son compatriote Hugo Pigeon, pour un doubl\u00e9 tricolore \u00e0 domicile ! Le Suisse Joris Ryf compl\u00e8te le podium.<\/strong><\/em><\/p>\n<p style=\"text-align: justify;\">Et de deux pour <strong>J\u00e9r\u00f4me Gilloux<\/strong> ! \u00c0 28 ans, le Fran\u00e7ais est devenu champion du monde de E-MTB pour la deuxi\u00e8me ann\u00e9e cons\u00e9cutive. Apr\u00e8s Val di Sole (Italie) l&rsquo;an dernier, c&rsquo;est cette fois-ci aux Gets, \u00e0 domicile, qu&rsquo;il a domin\u00e9 la concurrence. En t\u00eate durant les 7 tours de la course, <strong>Gilloux<\/strong> a \u00e9c\u0153ur\u00e9 la concurrence. Lors des trois premi\u00e8res boucles, le Suisse <strong>Joris Ryf<\/strong> pointait \u00e0 10 secondes ou moins de Fran\u00e7ais, avant de craquer. Au point qu&rsquo;<strong>Hugo Pigeon<\/strong> ne passe devant l&rsquo;Helv\u00e8te, pour aller chercher la m\u00e9daille d&rsquo;argent, \u00e0 29 secondes de son compatriote. Comme en 2021, le pilote de 25 ans est vice-champion du monde, et encore derri\u00e8re <strong>J\u00e9r\u00f4me Gilloux<\/strong> ! <strong>Joris Ryf<\/strong>, lui, a s\u00e9curis\u00e9 la m\u00e9daille de bronze, \u00e0 42 secondes du nouveau double champion du monde.<\/p>\n<p style=\"text-align: justify;\">Avec ce deuxi\u00e8me sacre mondial, <strong>J\u00e9r\u00f4me Gilloux<\/strong> confirme sa domination dans la discipline. Vainqueur de 5 des 6 manches de Coupe du monde cette saison, le Tricolore devrait, sauf surprise, remporter le classement g\u00e9n\u00e9ral. Surtout, il apporte un premier titre \u00e0 la France aux Gets, pour, d\u00e9j\u00e0, une quatri\u00e8me m\u00e9daille. Enfin, on notera la 16\u00e8me place de <strong>Peter Sagan<\/strong>. Le Slovaque a termin\u00e9 \u00e0 5:25 de <strong>J\u00e9r\u00f4me Gilloux<\/strong>.<\/p>\n<blockquote class=\"twitter-tweet\">\n<p dir=\"ltr\" lang=\"en\">Winning on home soil &#x1f1eb;&#x1f1f7;&#x1f64c;<\/p>\n<p>Jerome Gilloux wins <a href=\"https:\/\/twitter.com\/hashtag\/LesGets2022?src=hash&amp;ref_src=twsrc%5Etfw\">#LesGets2022<\/a> and his second consecutive World Champion title! &#x1f308;<\/p>\n<p>Congrats! <a href=\"https:\/\/t.co\/GuUEduQ2Vr\">pic.twitter.com\/GuUEduQ2Vr<\/a><\/p>\n<p>\u2014 UCI MTB (@UCI_MTB) <a href=\"https:\/\/twitter.com\/UCI_MTB\/status\/1563110174659067908?ref_src=twsrc%5Etfw\">August 26, 2022<\/a><\/p><\/blockquote>\n<p><script async src=\"https:\/\/platform.twitter.com\/widgets.js\" charset=\"utf-8\"><\/script><\/p>\n<h2 style=\"text-align: justify;\"><strong>\u00c0 lire aussi<\/strong><\/h2>\n<ul>\n<li style=\"text-align: justify;\"><a href=\"https:\/\/dicodusport.fr\/blog\/mondiaux-vtt-2022-classement-e-mtb-hommes\/\"><strong>Classement de la course E-MTB hommes<\/strong><\/a><\/li>\n<li style=\"text-align: justify;\"><a href=\"https:\/\/dicodusport.fr\/blog\/mondiaux-vtt-2022-programme-complet-et-resultats\/\"><strong>Programme et r\u00e9sultats des championnats du monde de VTT 2022<\/strong><\/a><\/li>\n<li style=\"text-align: justify;\"><a href=\"https:\/\/dicodusport.fr\/blog\/tableau-des-medailles-championnats-du-monde-de-vtt-2022\/\"><strong>Tableau des m\u00e9dailles des championnats du monde de VTT 2022<\/strong><\/a><\/li>\n<\/ul>\n","protected":false},"excerpt":{"rendered":"<p>CHAMPIONNATS DU MONDE DE VTT 2022 &#8211; Sacr\u00e9 l&rsquo;an dernier \u00e0 Val di Sole (Italie), J\u00e9r\u00f4me Gilloux a conserv\u00e9 son titre mondial de VTT \u00e0 assistance \u00e9lectrique ce vendredi, aux Gets ! Cerise sur le g\u00e2teau, il devance son compatriote Hugo Pigeon, pour un doubl\u00e9 tricolore \u00e0 domicile ! Le Suisse Joris Ryf compl\u00e8te le [&hellip;]<\/p>\n","protected":false},"author":4,"featured_media":256331,"comment_status":"open","ping_status":"closed","sticky":false,"template":"","format":"standard","meta":{"_acf_changed":false,"_daextam_enable_autolinks":"","footnotes":""},"categories":[10279],"tags":[24,18892],"class_list":["post-256305","post","type-post","status-publish","format-standard","has-post-thumbnail","hentry","category-vtt","tag-sport","tag-vtt-assistance-electrique"],"acf":[],"yoast_head":"<!-- This site is optimized with the Yoast SEO Premium plugin v26.7 (Yoast SEO v26.7) - https:\/\/yoast.com\/wordpress\/plugins\/seo\/ -->\n<title>Mondiaux VTT Assistance \u00e9lectrique 2022 : J\u00e9r\u00f4me Gilloux sacr\u00e9 champion du monde !<\/title>\n<meta name=\"description\" content=\"CHAMPIONNATS DU MONDE DE VTT 2022 - Justine Tonso est devenue vice-championne du monde de E-MTB (assistance \u00e9lectrique) ce vendredi.\" \/>\n<meta name=\"robots\" content=\"index, follow, max-snippet:-1, max-image-preview:large, max-video-preview:-1\" \/>\n<link rel=\"canonical\" href=\"https:\/\/dicodusport.fr\/blog\/mondiaux-vtt-assistance-electrique-2022-jerome-gilloux-sacre-champion-du-monde\/\" \/>\n<meta property=\"og:locale\" content=\"fr_FR\" \/>\n<meta property=\"og:type\" content=\"article\" \/>\n<meta property=\"og:title\" content=\"Mondiaux VTT Assistance \u00e9lectrique 2022 : J\u00e9r\u00f4me Gilloux sacr\u00e9 champion du monde !\" \/>\n<meta property=\"og:description\" content=\"CHAMPIONNATS DU MONDE DE VTT 2022 - Justine Tonso est devenue vice-championne du monde de E-MTB (assistance \u00e9lectrique) ce vendredi.\" \/>\n<meta property=\"og:url\" content=\"https:\/\/dicodusport.fr\/blog\/mondiaux-vtt-assistance-electrique-2022-jerome-gilloux-sacre-champion-du-monde\/\" \/>\n<meta property=\"og:site_name\" content=\"Dicodusport\" \/>\n<meta property=\"article:publisher\" content=\"https:\/\/www.facebook.com\/dicodusport\" \/>\n<meta property=\"article:author\" content=\"https:\/\/www.facebook.com\/florent.ostermann\" \/>\n<meta property=\"article:published_time\" content=\"2022-08-26T10:24:26+00:00\" \/>\n<meta property=\"article:modified_time\" content=\"2022-08-26T11:08:38+00:00\" \/>\n<meta property=\"og:image\" content=\"https:\/\/dicodusport.fr\/blog\/wp-content\/uploads\/2022\/08\/Mondiaux-VTT-Assistance-electrique-2022-Jerome-Gilloux-sacre-champion-du-monde-1.png\" \/>\n\t<meta property=\"og:image:width\" content=\"800\" \/>\n\t<meta property=\"og:image:height\" content=\"445\" \/>\n\t<meta property=\"og:image:type\" content=\"image\/png\" \/>\n<meta name=\"author\" content=\"Flo Ostermann\" \/>\n<meta name=\"twitter:card\" content=\"summary_large_image\" \/>\n<meta name=\"twitter:title\" content=\"Mondiaux VTT Assistance \u00e9lectrique 2022 : J\u00e9r\u00f4me Gilloux sacr\u00e9 champion du monde !\" \/>\n<meta name=\"twitter:creator\" content=\"@https:\/\/twitter.com\/FlOstermann\" \/>\n<meta name=\"twitter:site\" content=\"@dicodusport\" \/>\n<script type=\"application\/ld+json\" class=\"yoast-schema-graph\">{\"@context\":\"https:\/\/schema.org\",\"@graph\":[{\"@type\":\"NewsArticle\",\"@id\":\"https:\/\/dicodusport.fr\/blog\/mondiaux-vtt-assistance-electrique-2022-jerome-gilloux-sacre-champion-du-monde\/#article\",\"isPartOf\":{\"@id\":\"https:\/\/dicodusport.fr\/blog\/mondiaux-vtt-assistance-electrique-2022-jerome-gilloux-sacre-champion-du-monde\/\"},\"author\":{\"name\":\"Flo Ostermann\",\"@id\":\"https:\/\/dicodusport.fr\/blog\/#\/schema\/person\/cb02af4c173ce4a653b55e9baf388d4a\"},\"headline\":\"Mondiaux VTT Assistance \u00e9lectrique 2022 : J\u00e9r\u00f4me Gilloux sacr\u00e9 champion du monde !\",\"datePublished\":\"2022-08-26T10:24:26+00:00\",\"dateModified\":\"2022-08-26T11:08:38+00:00\",\"mainEntityOfPage\":{\"@id\":\"https:\/\/dicodusport.fr\/blog\/mondiaux-vtt-assistance-electrique-2022-jerome-gilloux-sacre-champion-du-monde\/\"},\"wordCount\":348,\"commentCount\":0,\"publisher\":{\"@id\":\"https:\/\/dicodusport.fr\/blog\/#organization\"},\"image\":{\"@id\":\"https:\/\/dicodusport.fr\/blog\/mondiaux-vtt-assistance-electrique-2022-jerome-gilloux-sacre-champion-du-monde\/#primaryimage\"},\"thumbnailUrl\":\"https:\/\/dicodusport.fr\/blog\/wp-content\/uploads\/2022\/08\/Mondiaux-VTT-Assistance-electrique-2022-Jerome-Gilloux-sacre-champion-du-monde-1.png\",\"keywords\":[\"sport\",\"VTT Assistance \u00e9lectrique\"],\"articleSection\":[\"VTT\"],\"inLanguage\":\"fr-FR\",\"potentialAction\":[{\"@type\":\"CommentAction\",\"name\":\"Comment\",\"target\":[\"https:\/\/dicodusport.fr\/blog\/mondiaux-vtt-assistance-electrique-2022-jerome-gilloux-sacre-champion-du-monde\/#respond\"]}],\"copyrightYear\":\"2022\",\"copyrightHolder\":{\"@id\":\"https:\/\/dicodusport.fr\/blog\/#organization\"}},{\"@type\":\"WebPage\",\"@id\":\"https:\/\/dicodusport.fr\/blog\/mondiaux-vtt-assistance-electrique-2022-jerome-gilloux-sacre-champion-du-monde\/\",\"url\":\"https:\/\/dicodusport.fr\/blog\/mondiaux-vtt-assistance-electrique-2022-jerome-gilloux-sacre-champion-du-monde\/\",\"name\":\"Mondiaux VTT Assistance \u00e9lectrique 2022 : J\u00e9r\u00f4me Gilloux sacr\u00e9 champion du monde !\",\"isPartOf\":{\"@id\":\"https:\/\/dicodusport.fr\/blog\/#website\"},\"primaryImageOfPage\":{\"@id\":\"https:\/\/dicodusport.fr\/blog\/mondiaux-vtt-assistance-electrique-2022-jerome-gilloux-sacre-champion-du-monde\/#primaryimage\"},\"image\":{\"@id\":\"https:\/\/dicodusport.fr\/blog\/mondiaux-vtt-assistance-electrique-2022-jerome-gilloux-sacre-champion-du-monde\/#primaryimage\"},\"thumbnailUrl\":\"https:\/\/dicodusport.fr\/blog\/wp-content\/uploads\/2022\/08\/Mondiaux-VTT-Assistance-electrique-2022-Jerome-Gilloux-sacre-champion-du-monde-1.png\",\"datePublished\":\"2022-08-26T10:24:26+00:00\",\"dateModified\":\"2022-08-26T11:08:38+00:00\",\"description\":\"CHAMPIONNATS DU MONDE DE VTT 2022 - Justine Tonso est devenue vice-championne du monde de E-MTB (assistance \u00e9lectrique) ce vendredi.\",\"breadcrumb\":{\"@id\":\"https:\/\/dicodusport.fr\/blog\/mondiaux-vtt-assistance-electrique-2022-jerome-gilloux-sacre-champion-du-monde\/#breadcrumb\"},\"inLanguage\":\"fr-FR\",\"potentialAction\":[{\"@type\":\"ReadAction\",\"target\":[\"https:\/\/dicodusport.fr\/blog\/mondiaux-vtt-assistance-electrique-2022-jerome-gilloux-sacre-champion-du-monde\/\"]}]},{\"@type\":\"ImageObject\",\"inLanguage\":\"fr-FR\",\"@id\":\"https:\/\/dicodusport.fr\/blog\/mondiaux-vtt-assistance-electrique-2022-jerome-gilloux-sacre-champion-du-monde\/#primaryimage\",\"url\":\"https:\/\/dicodusport.fr\/blog\/wp-content\/uploads\/2022\/08\/Mondiaux-VTT-Assistance-electrique-2022-Jerome-Gilloux-sacre-champion-du-monde-1.png\",\"contentUrl\":\"https:\/\/dicodusport.fr\/blog\/wp-content\/uploads\/2022\/08\/Mondiaux-VTT-Assistance-electrique-2022-Jerome-Gilloux-sacre-champion-du-monde-1.png\",\"width\":800,\"height\":445,\"caption\":\"Mondiaux VTT Assistance \u00e9lectrique 2022 J\u00e9r\u00f4me Gilloux sacr\u00e9 champion du monde ! (1)\"},{\"@type\":\"BreadcrumbList\",\"@id\":\"https:\/\/dicodusport.fr\/blog\/mondiaux-vtt-assistance-electrique-2022-jerome-gilloux-sacre-champion-du-monde\/#breadcrumb\",\"itemListElement\":[{\"@type\":\"ListItem\",\"position\":1,\"name\":\"Accueil\",\"item\":\"https:\/\/dicodusport.fr\/blog\/\"},{\"@type\":\"ListItem\",\"position\":2,\"name\":\"Mondiaux VTT Assistance \u00e9lectrique 2022 : J\u00e9r\u00f4me Gilloux sacr\u00e9 champion du monde !\"}]},{\"@type\":\"WebSite\",\"@id\":\"https:\/\/dicodusport.fr\/blog\/#website\",\"url\":\"https:\/\/dicodusport.fr\/blog\/\",\"name\":\"Dicodusport\",\"description\":\"L&#039;encyclop\u00e9die de l&#039;actualit\u00e9 sportive\",\"publisher\":{\"@id\":\"https:\/\/dicodusport.fr\/blog\/#organization\"},\"potentialAction\":[{\"@type\":\"SearchAction\",\"target\":{\"@type\":\"EntryPoint\",\"urlTemplate\":\"https:\/\/dicodusport.fr\/blog\/?s={search_term_string}\"},\"query-input\":{\"@type\":\"PropertyValueSpecification\",\"valueRequired\":true,\"valueName\":\"search_term_string\"}}],\"inLanguage\":\"fr-FR\"},{\"@type\":\"NewsMediaOrganization\",\"@id\":\"https:\/\/dicodusport.fr\/blog\/#organization\",\"name\":\"Dicodusport\",\"url\":\"https:\/\/dicodusport.fr\/blog\/\",\"logo\":{\"@type\":\"ImageObject\",\"inLanguage\":\"fr-FR\",\"@id\":\"https:\/\/dicodusport.fr\/blog\/#\/schema\/logo\/image\/\",\"url\":\"https:\/\/dicodusport.fr\/blog\/wp-content\/uploads\/2020\/06\/cropped-LOGO-DICODUSPORT-2020-SANS-FOND-SANS-TEXTE.png\",\"contentUrl\":\"https:\/\/dicodusport.fr\/blog\/wp-content\/uploads\/2020\/06\/cropped-LOGO-DICODUSPORT-2020-SANS-FOND-SANS-TEXTE.png\",\"width\":512,\"height\":512,\"caption\":\"Dicodusport\"},\"image\":{\"@id\":\"https:\/\/dicodusport.fr\/blog\/#\/schema\/logo\/image\/\"},\"sameAs\":[\"https:\/\/www.facebook.com\/dicodusport\",\"https:\/\/x.com\/dicodusport\",\"https:\/\/www.instagram.com\/dicodusport\/\",\"https:\/\/www.youtube.com\/channel\/UC7V2KZ5sd3htJivAbA4ZG3w\"],\"description\":\"Dicodusport est l'encyclop\u00e9die de l'actualit\u00e9 sportive.\",\"email\":\"bonjour@dicodusport.fr\",\"legalName\":\"DICODUSPORT\",\"foundingDate\":\"2018-01-14\",\"vatID\":\"FR71834470973\",\"taxID\":\"83447097300043\",\"numberOfEmployees\":{\"@type\":\"QuantitativeValue\",\"minValue\":\"1\",\"maxValue\":\"10\"}},{\"@type\":\"Person\",\"@id\":\"https:\/\/dicodusport.fr\/blog\/#\/schema\/person\/cb02af4c173ce4a653b55e9baf388d4a\",\"name\":\"Flo Ostermann\",\"image\":{\"@type\":\"ImageObject\",\"inLanguage\":\"fr-FR\",\"@id\":\"https:\/\/dicodusport.fr\/blog\/#\/schema\/person\/image\/\",\"url\":\"https:\/\/dicodusport.fr\/blog\/wp-content\/uploads\/2021\/05\/Flo-Ostermann-150x150.jpg\",\"contentUrl\":\"https:\/\/dicodusport.fr\/blog\/wp-content\/uploads\/2021\/05\/Flo-Ostermann-150x150.jpg\",\"caption\":\"Flo Ostermann\"},\"description\":\"Journaliste\/R\u00e9dacteur depuis septembre 2015 - Mes premiers souvenirs dans le sport ? Les envol\u00e9es du Stade Toulousain et les duels Villeneuve-Schumacher et H\u00e4kkinen-Schumacher \u00e0 la fin des ann\u00e9es 90, la Coupe du monde de football en 1998, l\u2019exploit du XV de France face aux All Blacks en 1999, mais aussi Richard C\u0153ur de Lion qui vole sur les montagnes du Tour de France. Bien parti pour devenir professeur d\u2019EPS, les \u00e9v\u00e9nements de la vie (et la flemme d\u2019animer des s\u00e9ances de 3x500 m\u00e8tres toute ma vie) m\u2019ont conduit \u00e0 revoir mes plans. Me voil\u00e0 depuis fin 2017 sur Dicodusport, m\u00e9dia gr\u00e2ce (et pour) lequel je partage ma passion : le sport dans tous ses \u00e9tats. Le tout accompagn\u00e9 par les fous furieux et folles furieuses cit\u00e9s sur cette page !\",\"sameAs\":[\"https:\/\/www.facebook.com\/florent.ostermann\",\"https:\/\/x.com\/https:\/\/twitter.com\/FlOstermann\",\"admin\"],\"url\":\"https:\/\/dicodusport.fr\/blog\/author\/flo\/\"}]}<\/script>\n<!-- \/ Yoast SEO Premium plugin. -->","yoast_head_json":{"title":"Mondiaux VTT Assistance \u00e9lectrique 2022 : J\u00e9r\u00f4me Gilloux sacr\u00e9 champion du monde !","description":"CHAMPIONNATS DU MONDE DE VTT 2022 - Justine Tonso est devenue vice-championne du monde de E-MTB (assistance \u00e9lectrique) ce vendredi.","robots":{"index":"index","follow":"follow","max-snippet":"max-snippet:-1","max-image-preview":"max-image-preview:large","max-video-preview":"max-video-preview:-1"},"canonical":"https:\/\/dicodusport.fr\/blog\/mondiaux-vtt-assistance-electrique-2022-jerome-gilloux-sacre-champion-du-monde\/","og_locale":"fr_FR","og_type":"article","og_title":"Mondiaux VTT Assistance \u00e9lectrique 2022 : J\u00e9r\u00f4me Gilloux sacr\u00e9 champion du monde !","og_description":"CHAMPIONNATS DU MONDE DE VTT 2022 - Justine Tonso est devenue vice-championne du monde de E-MTB (assistance \u00e9lectrique) ce vendredi.","og_url":"https:\/\/dicodusport.fr\/blog\/mondiaux-vtt-assistance-electrique-2022-jerome-gilloux-sacre-champion-du-monde\/","og_site_name":"Dicodusport","article_publisher":"https:\/\/www.facebook.com\/dicodusport","article_author":"https:\/\/www.facebook.com\/florent.ostermann","article_published_time":"2022-08-26T10:24:26+00:00","article_modified_time":"2022-08-26T11:08:38+00:00","og_image":[{"width":800,"height":445,"url":"https:\/\/dicodusport.fr\/blog\/wp-content\/uploads\/2022\/08\/Mondiaux-VTT-Assistance-electrique-2022-Jerome-Gilloux-sacre-champion-du-monde-1.png","type":"image\/png"}],"author":"Flo Ostermann","twitter_card":"summary_large_image","twitter_title":"Mondiaux VTT Assistance \u00e9lectrique 2022 : J\u00e9r\u00f4me Gilloux sacr\u00e9 champion du monde !","twitter_creator":"@https:\/\/twitter.com\/FlOstermann","twitter_site":"@dicodusport","schema":{"@context":"https:\/\/schema.org","@graph":[{"@type":"NewsArticle","@id":"https:\/\/dicodusport.fr\/blog\/mondiaux-vtt-assistance-electrique-2022-jerome-gilloux-sacre-champion-du-monde\/#article","isPartOf":{"@id":"https:\/\/dicodusport.fr\/blog\/mondiaux-vtt-assistance-electrique-2022-jerome-gilloux-sacre-champion-du-monde\/"},"author":{"name":"Flo Ostermann","@id":"https:\/\/dicodusport.fr\/blog\/#\/schema\/person\/cb02af4c173ce4a653b55e9baf388d4a"},"headline":"Mondiaux VTT Assistance \u00e9lectrique 2022 : J\u00e9r\u00f4me Gilloux sacr\u00e9 champion du monde !","datePublished":"2022-08-26T10:24:26+00:00","dateModified":"2022-08-26T11:08:38+00:00","mainEntityOfPage":{"@id":"https:\/\/dicodusport.fr\/blog\/mondiaux-vtt-assistance-electrique-2022-jerome-gilloux-sacre-champion-du-monde\/"},"wordCount":348,"commentCount":0,"publisher":{"@id":"https:\/\/dicodusport.fr\/blog\/#organization"},"image":{"@id":"https:\/\/dicodusport.fr\/blog\/mondiaux-vtt-assistance-electrique-2022-jerome-gilloux-sacre-champion-du-monde\/#primaryimage"},"thumbnailUrl":"https:\/\/dicodusport.fr\/blog\/wp-content\/uploads\/2022\/08\/Mondiaux-VTT-Assistance-electrique-2022-Jerome-Gilloux-sacre-champion-du-monde-1.png","keywords":["sport","VTT Assistance \u00e9lectrique"],"articleSection":["VTT"],"inLanguage":"fr-FR","potentialAction":[{"@type":"CommentAction","name":"Comment","target":["https:\/\/dicodusport.fr\/blog\/mondiaux-vtt-assistance-electrique-2022-jerome-gilloux-sacre-champion-du-monde\/#respond"]}],"copyrightYear":"2022","copyrightHolder":{"@id":"https:\/\/dicodusport.fr\/blog\/#organization"}},{"@type":"WebPage","@id":"https:\/\/dicodusport.fr\/blog\/mondiaux-vtt-assistance-electrique-2022-jerome-gilloux-sacre-champion-du-monde\/","url":"https:\/\/dicodusport.fr\/blog\/mondiaux-vtt-assistance-electrique-2022-jerome-gilloux-sacre-champion-du-monde\/","name":"Mondiaux VTT Assistance \u00e9lectrique 2022 : J\u00e9r\u00f4me Gilloux sacr\u00e9 champion du monde !","isPartOf":{"@id":"https:\/\/dicodusport.fr\/blog\/#website"},"primaryImageOfPage":{"@id":"https:\/\/dicodusport.fr\/blog\/mondiaux-vtt-assistance-electrique-2022-jerome-gilloux-sacre-champion-du-monde\/#primaryimage"},"image":{"@id":"https:\/\/dicodusport.fr\/blog\/mondiaux-vtt-assistance-electrique-2022-jerome-gilloux-sacre-champion-du-monde\/#primaryimage"},"thumbnailUrl":"https:\/\/dicodusport.fr\/blog\/wp-content\/uploads\/2022\/08\/Mondiaux-VTT-Assistance-electrique-2022-Jerome-Gilloux-sacre-champion-du-monde-1.png","datePublished":"2022-08-26T10:24:26+00:00","dateModified":"2022-08-26T11:08:38+00:00","description":"CHAMPIONNATS DU MONDE DE VTT 2022 - Justine Tonso est devenue vice-championne du monde de E-MTB (assistance \u00e9lectrique) ce vendredi.","breadcrumb":{"@id":"https:\/\/dicodusport.fr\/blog\/mondiaux-vtt-assistance-electrique-2022-jerome-gilloux-sacre-champion-du-monde\/#breadcrumb"},"inLanguage":"fr-FR","potentialAction":[{"@type":"ReadAction","target":["https:\/\/dicodusport.fr\/blog\/mondiaux-vtt-assistance-electrique-2022-jerome-gilloux-sacre-champion-du-monde\/"]}]},{"@type":"ImageObject","inLanguage":"fr-FR","@id":"https:\/\/dicodusport.fr\/blog\/mondiaux-vtt-assistance-electrique-2022-jerome-gilloux-sacre-champion-du-monde\/#primaryimage","url":"https:\/\/dicodusport.fr\/blog\/wp-content\/uploads\/2022\/08\/Mondiaux-VTT-Assistance-electrique-2022-Jerome-Gilloux-sacre-champion-du-monde-1.png","contentUrl":"https:\/\/dicodusport.fr\/blog\/wp-content\/uploads\/2022\/08\/Mondiaux-VTT-Assistance-electrique-2022-Jerome-Gilloux-sacre-champion-du-monde-1.png","width":800,"height":445,"caption":"Mondiaux VTT Assistance \u00e9lectrique 2022 J\u00e9r\u00f4me Gilloux sacr\u00e9 champion du monde ! (1)"},{"@type":"BreadcrumbList","@id":"https:\/\/dicodusport.fr\/blog\/mondiaux-vtt-assistance-electrique-2022-jerome-gilloux-sacre-champion-du-monde\/#breadcrumb","itemListElement":[{"@type":"ListItem","position":1,"name":"Accueil","item":"https:\/\/dicodusport.fr\/blog\/"},{"@type":"ListItem","position":2,"name":"Mondiaux VTT Assistance \u00e9lectrique 2022 : J\u00e9r\u00f4me Gilloux sacr\u00e9 champion du monde !"}]},{"@type":"WebSite","@id":"https:\/\/dicodusport.fr\/blog\/#website","url":"https:\/\/dicodusport.fr\/blog\/","name":"Dicodusport","description":"L&#039;encyclop\u00e9die de l&#039;actualit\u00e9 sportive","publisher":{"@id":"https:\/\/dicodusport.fr\/blog\/#organization"},"potentialAction":[{"@type":"SearchAction","target":{"@type":"EntryPoint","urlTemplate":"https:\/\/dicodusport.fr\/blog\/?s={search_term_string}"},"query-input":{"@type":"PropertyValueSpecification","valueRequired":true,"valueName":"search_term_string"}}],"inLanguage":"fr-FR"},{"@type":"NewsMediaOrganization","@id":"https:\/\/dicodusport.fr\/blog\/#organization","name":"Dicodusport","url":"https:\/\/dicodusport.fr\/blog\/","logo":{"@type":"ImageObject","inLanguage":"fr-FR","@id":"https:\/\/dicodusport.fr\/blog\/#\/schema\/logo\/image\/","url":"https:\/\/dicodusport.fr\/blog\/wp-content\/uploads\/2020\/06\/cropped-LOGO-DICODUSPORT-2020-SANS-FOND-SANS-TEXTE.png","contentUrl":"https:\/\/dicodusport.fr\/blog\/wp-content\/uploads\/2020\/06\/cropped-LOGO-DICODUSPORT-2020-SANS-FOND-SANS-TEXTE.png","width":512,"height":512,"caption":"Dicodusport"},"image":{"@id":"https:\/\/dicodusport.fr\/blog\/#\/schema\/logo\/image\/"},"sameAs":["https:\/\/www.facebook.com\/dicodusport","https:\/\/x.com\/dicodusport","https:\/\/www.instagram.com\/dicodusport\/","https:\/\/www.youtube.com\/channel\/UC7V2KZ5sd3htJivAbA4ZG3w"],"description":"Dicodusport est l'encyclop\u00e9die de l'actualit\u00e9 sportive.","email":"bonjour@dicodusport.fr","legalName":"DICODUSPORT","foundingDate":"2018-01-14","vatID":"FR71834470973","taxID":"83447097300043","numberOfEmployees":{"@type":"QuantitativeValue","minValue":"1","maxValue":"10"}},{"@type":"Person","@id":"https:\/\/dicodusport.fr\/blog\/#\/schema\/person\/cb02af4c173ce4a653b55e9baf388d4a","name":"Flo Ostermann","image":{"@type":"ImageObject","inLanguage":"fr-FR","@id":"https:\/\/dicodusport.fr\/blog\/#\/schema\/person\/image\/","url":"https:\/\/dicodusport.fr\/blog\/wp-content\/uploads\/2021\/05\/Flo-Ostermann-150x150.jpg","contentUrl":"https:\/\/dicodusport.fr\/blog\/wp-content\/uploads\/2021\/05\/Flo-Ostermann-150x150.jpg","caption":"Flo Ostermann"},"description":"Journaliste\/R\u00e9dacteur depuis septembre 2015 - Mes premiers souvenirs dans le sport ? Les envol\u00e9es du Stade Toulousain et les duels Villeneuve-Schumacher et H\u00e4kkinen-Schumacher \u00e0 la fin des ann\u00e9es 90, la Coupe du monde de football en 1998, l\u2019exploit du XV de France face aux All Blacks en 1999, mais aussi Richard C\u0153ur de Lion qui vole sur les montagnes du Tour de France. Bien parti pour devenir professeur d\u2019EPS, les \u00e9v\u00e9nements de la vie (et la flemme d\u2019animer des s\u00e9ances de 3x500 m\u00e8tres toute ma vie) m\u2019ont conduit \u00e0 revoir mes plans. Me voil\u00e0 depuis fin 2017 sur Dicodusport, m\u00e9dia gr\u00e2ce (et pour) lequel je partage ma passion : le sport dans tous ses \u00e9tats. Le tout accompagn\u00e9 par les fous furieux et folles furieuses cit\u00e9s sur cette page !","sameAs":["https:\/\/www.facebook.com\/florent.ostermann","https:\/\/x.com\/https:\/\/twitter.com\/FlOstermann","admin"],"url":"https:\/\/dicodusport.fr\/blog\/author\/flo\/"}]}},"_links":{"self":[{"href":"https:\/\/dicodusport.fr\/blog\/wp-json\/wp\/v2\/posts\/256305","targetHints":{"allow":["GET"]}}],"collection":[{"href":"https:\/\/dicodusport.fr\/blog\/wp-json\/wp\/v2\/posts"}],"about":[{"href":"https:\/\/dicodusport.fr\/blog\/wp-json\/wp\/v2\/types\/post"}],"author":[{"embeddable":true,"href":"https:\/\/dicodusport.fr\/blog\/wp-json\/wp\/v2\/users\/4"}],"replies":[{"embeddable":true,"href":"https:\/\/dicodusport.fr\/blog\/wp-json\/wp\/v2\/comments?post=256305"}],"version-history":[{"count":0,"href":"https:\/\/dicodusport.fr\/blog\/wp-json\/wp\/v2\/posts\/256305\/revisions"}],"wp:featuredmedia":[{"embeddable":true,"href":"https:\/\/dicodusport.fr\/blog\/wp-json\/wp\/v2\/media\/256331"}],"wp:attachment":[{"href":"https:\/\/dicodusport.fr\/blog\/wp-json\/wp\/v2\/media?parent=256305"}],"wp:term":[{"taxonomy":"category","embeddable":true,"href":"https:\/\/dicodusport.fr\/blog\/wp-json\/wp\/v2\/categories?post=256305"},{"taxonomy":"post_tag","embeddable":true,"href":"https:\/\/dicodusport.fr\/blog\/wp-json\/wp\/v2\/tags?post=256305"}],"curies":[{"name":"wp","href":"https:\/\/api.w.org\/{rel}","templated":true}]}}