{"id":256417,"date":"2022-08-26T17:30:38","date_gmt":"2022-08-26T15:30:38","guid":{"rendered":"https:\/\/dicodusport.fr\/blog\/?p=256417&#038;preview=true&#038;preview_id=256417"},"modified":"2022-08-26T19:41:46","modified_gmt":"2022-08-26T17:41:46","slug":"mondiaux-vtt-xcc-2022-pauline-ferrand-prevot-championne-du-monde","status":"publish","type":"post","link":"https:\/\/dicodusport.fr\/blog\/mondiaux-vtt-xcc-2022-pauline-ferrand-prevot-championne-du-monde\/","title":{"rendered":"Mondiaux VTT XCC 2022 : Pauline Ferrand-Pr\u00e9vot championne du monde !"},"content":{"rendered":"<p style=\"text-align: justify;\"><em><strong><a href=\"https:\/\/dicodusport.fr\/blog\/actualites\/cyclisme\/vtt\/championnats-du-monde-vtt-2022\/\">CHAMPIONNATS DU MONDE DE VTT 2022<\/a> &#8211; Du bleu-blanc-rouge \u00e0 l&rsquo;arc-en-ciel ! En Haute-Savoie, Pauline Ferrand-Pr\u00e9vot est devenue championne du monde XCC et ajoute un nouveau titre \u00e0 son immense palmar\u00e8s. La Fran\u00e7aise s&rsquo;est impos\u00e9e 18 secondes devant Alessandra Keller et Gwendalyn Gibson.<\/strong><\/em><\/p>\n<p style=\"text-align: justify;\"><span style=\"font-weight: 400;\">Qui pour succ\u00e9der \u00e0 <\/span><b>Sina Frei<\/b><span style=\"font-weight: 400;\"> ? La Suissesse s&rsquo;\u00e9tait impos\u00e9e \u00e0 la photo finish il y a un an \u00e0 Val di Sole, emp\u00eachant <\/span><b>Evie Richards<\/b><span style=\"font-weight: 400;\"> de faire un historique doubl\u00e9 XCC\/XCO. Depuis, les formes ont \u00e9volu\u00e9. Ces deux jeunes femmes allaient avoir du mal \u00e0 r\u00e9it\u00e9rer pareille performance. La Britannique n&rsquo;a pas couru de la saison, \u00e0 cause de blessures et du Covid, tandis que <\/span><b>Frei<\/b><span style=\"font-weight: 400;\"> n&rsquo;a pas r\u00e9ussi \u00e0 beaucoup montrer son maillot iris\u00e9. Aujourd&rsquo;hui, aux Gets, la densit\u00e9 \u00e9tait \u00e9norme pour ce <\/span><i><span style=\"font-weight: 400;\">short track. <\/span><\/i><span style=\"font-weight: 400;\">Seule Fran\u00e7aise align\u00e9e ce vendredi, <\/span><b>Pauline Ferrand-Pr\u00e9vot<\/b><span style=\"font-weight: 400;\"> comptait bien aller chercher le titre de championne du monde, dans un format o\u00f9 elle se sent \u00e0 l&rsquo;aise.<\/span><\/p>\n<p style=\"text-align: justify;\"><span style=\"font-weight: 400;\">Les nuages ont sem\u00e9 de l&rsquo;eau toute la journ\u00e9e en Haute-Savoie, y compris aux Gets. La pluie tombe \u00e0 nouveau l\u00e9g\u00e8rement au moment o\u00f9 les VTTistes s&rsquo;\u00e9lancent, pour 9 tours \u00e0 couvrir. Sur ce circuit haut-savoyard, il \u00e9tait important d&rsquo;\u00eatre bien plac\u00e9 pour ne pas faire d&rsquo;efforts suppl\u00e9mentaires. C&rsquo;est ce qu&rsquo;a bien compris <\/span><b>PFP<\/b><span style=\"font-weight: 400;\">. La Fran\u00e7aise est aux avant-postes alors que personne n&rsquo;a acc\u00e9l\u00e9r\u00e9 \u00e0 l&rsquo;entame du 4\u00e8me tour.<\/span><\/p>\n<h2 style=\"text-align: justify;\">Pauline Ferrand-Pr\u00e9vot titr\u00e9e !<\/h2>\n<p style=\"text-align: justify;\"><span style=\"font-weight: 400;\">Un gros groupe est toujours en t\u00eate mais il est en file indienne. Nous assistons \u00e0 une course d&rsquo;usure avec une pluie qui commence \u00e0 redoubler. Le terrain devient alors l\u00e9g\u00e8rement plus boueux \u00e0 pr\u00e9sent. <\/span><b>Alessandra Keller <\/b><span style=\"font-weight: 400;\">est la premi\u00e8re pi\u00e9g\u00e9e. En sortie d&rsquo;un passage rocheux, <\/span><b>Keller <\/b><span style=\"font-weight: 400;\">a chut\u00e9 vers l&rsquo;avant et perd toutes ses chances de victoire. Deux tours \u00e0 couvrir et <\/span><b>Pauline Ferrand-Pr\u00e9vot <\/b><span style=\"font-weight: 400;\">attaque. La R\u00e9moise caresse les p\u00e9dales et para\u00eet sur une autre plan\u00e8te. <\/span><b>Annie Last<\/b><span style=\"font-weight: 400;\"> et <\/span><b>Greta Seiwald<\/b><span style=\"font-weight: 400;\"> partent en contre mais la premi\u00e8re cit\u00e9e tombe aussi sur ces chemins glissants. L&rsquo;avance est \u00e9norme : 14 secondes, le matelas est confortable.<\/span><\/p>\n<p style=\"text-align: justify;\"><span style=\"font-weight: 400;\">Tr\u00e8s adroite sur son v\u00e9lo, <\/span><b>PFP <\/b><span style=\"font-weight: 400;\">n&rsquo;avait simplement pas de concurrence. C&rsquo;est une d\u00e9monstration sous une pluie battante. Revenue du diable vauvert, <\/span><b>Alessandra Keller <\/b><span style=\"font-weight: 400;\">termine 2e alors que <\/span><b>Gwendalyn Gibson<\/b><span style=\"font-weight: 400;\">, victorieuse \u00e0 Snowshoe sur la distance, compl\u00e8te le podium. \u00c0 Val di Sole et lors de la saison 2023, il y aura au moins une Fran\u00e7aise avec un maillot de championne du monde. Le rendez-vous est pris pour dimanche midi, avec la course olympique. Demain, les espoirs courront avec une belle chance de titre pour la locale <\/span><b>Line Burquier<\/b><span style=\"font-weight: 400;\">.<\/span><\/p>\n<blockquote class=\"twitter-tweet\">\n<p dir=\"ltr\" lang=\"fr\">Pauline Ferrand-Pr\u00e9vot championne du monde de short-track \u00e0 domicile avec une avance monstre ! &#x1f4aa;&#x1f1eb;&#x1f1f7;<a href=\"https:\/\/twitter.com\/hashtag\/LesGets2022?src=hash&amp;ref_src=twsrc%5Etfw\">#LesGets2022<\/a> <a href=\"https:\/\/twitter.com\/hashtag\/lequipeVTT?src=hash&amp;ref_src=twsrc%5Etfw\">#lequipeVTT<\/a> <a href=\"https:\/\/t.co\/aXoKas8BCo\">pic.twitter.com\/aXoKas8BCo<\/a><\/p>\n<p>\u2014 L&rsquo;\u00c9QUIPE (@lequipe) <a href=\"https:\/\/twitter.com\/lequipe\/status\/1563186340325658633?ref_src=twsrc%5Etfw\">August 26, 2022<\/a><\/p><\/blockquote>\n<p><script async src=\"https:\/\/platform.twitter.com\/widgets.js\" charset=\"utf-8\"><\/script><\/p>\n<h2 style=\"text-align: justify;\">\u00c0 lire aussi<\/h2>\n<ul>\n<li style=\"text-align: justify;\"><a href=\"https:\/\/dicodusport.fr\/blog\/mondiaux-vtt-xcc-2022-classement-short-track-femmes\/\"><strong>Classement de la course VTT XCC Short-track femmes<\/strong><\/a><\/li>\n<li style=\"text-align: justify;\"><a href=\"https:\/\/dicodusport.fr\/blog\/mondiaux-vtt-2022-programme-complet-et-resultats\/\"><strong>Programme et r\u00e9sultats des championnats du monde de VTT 2022<\/strong><\/a><\/li>\n<li style=\"text-align: justify;\"><a href=\"https:\/\/dicodusport.fr\/blog\/tableau-des-medailles-championnats-du-monde-de-vtt-2022\/\"><strong>Tableau des m\u00e9dailles des championnats du monde de VTT 2022<\/strong><\/a><\/li>\n<\/ul>\n","protected":false},"excerpt":{"rendered":"<p>CHAMPIONNATS DU MONDE DE VTT 2022 &#8211; Du bleu-blanc-rouge \u00e0 l&rsquo;arc-en-ciel ! En Haute-Savoie, Pauline Ferrand-Pr\u00e9vot est devenue championne du monde XCC et ajoute un nouveau titre \u00e0 son immense palmar\u00e8s. La Fran\u00e7aise s&rsquo;est impos\u00e9e 18 secondes devant Alessandra Keller et Gwendalyn Gibson.<\/p>\n","protected":false},"author":61,"featured_media":256485,"comment_status":"open","ping_status":"closed","sticky":false,"template":"","format":"standard","meta":{"_acf_changed":false,"_daextam_enable_autolinks":"","footnotes":""},"categories":[10279],"tags":[24],"class_list":["post-256417","post","type-post","status-publish","format-standard","has-post-thumbnail","hentry","category-vtt","tag-sport"],"acf":[],"yoast_head":"<!-- This site is optimized with the Yoast SEO Premium plugin v26.7 (Yoast SEO v26.7) - https:\/\/yoast.com\/wordpress\/plugins\/seo\/ -->\n<title>Mondiaux VTT XCC 2022 : Pauline Ferrand-Pr\u00e9vot championne du monde !<\/title>\n<meta name=\"description\" content=\"CHAMPIONNATS DU MONDE DE VTT 2022 - Pauline Ferrand-Pr\u00e9vot est sacr\u00e9e championne du monde XCC et ajoute un nouveau titre \u00e0 son palmar\u00e8s.\" \/>\n<meta name=\"robots\" content=\"index, follow, max-snippet:-1, max-image-preview:large, max-video-preview:-1\" \/>\n<link rel=\"canonical\" href=\"https:\/\/dicodusport.fr\/blog\/mondiaux-vtt-xcc-2022-pauline-ferrand-prevot-championne-du-monde\/\" \/>\n<meta property=\"og:locale\" content=\"fr_FR\" \/>\n<meta property=\"og:type\" content=\"article\" \/>\n<meta property=\"og:title\" content=\"Mondiaux VTT XCC 2022 : Pauline Ferrand-Pr\u00e9vot championne du monde !\" \/>\n<meta property=\"og:description\" content=\"CHAMPIONNATS DU MONDE DE VTT 2022 - Pauline Ferrand-Pr\u00e9vot est sacr\u00e9e championne du monde XCC et ajoute un nouveau titre \u00e0 son palmar\u00e8s.\" \/>\n<meta property=\"og:url\" content=\"https:\/\/dicodusport.fr\/blog\/mondiaux-vtt-xcc-2022-pauline-ferrand-prevot-championne-du-monde\/\" \/>\n<meta property=\"og:site_name\" content=\"Dicodusport\" \/>\n<meta property=\"article:publisher\" content=\"https:\/\/www.facebook.com\/dicodusport\" \/>\n<meta property=\"article:published_time\" content=\"2022-08-26T15:30:38+00:00\" \/>\n<meta property=\"article:modified_time\" content=\"2022-08-26T17:41:46+00:00\" \/>\n<meta property=\"og:image\" content=\"https:\/\/dicodusport.fr\/blog\/wp-content\/uploads\/2022\/08\/Mondiaux-VTT-XCC-2022-Pauline-Ferrand-Prevot-championne-du-monde-.png\" \/>\n\t<meta property=\"og:image:width\" content=\"800\" \/>\n\t<meta property=\"og:image:height\" content=\"445\" \/>\n\t<meta property=\"og:image:type\" content=\"image\/png\" \/>\n<meta name=\"author\" content=\"Pierre Gorce\" \/>\n<meta name=\"twitter:card\" content=\"summary_large_image\" \/>\n<meta name=\"twitter:title\" content=\"Mondiaux VTT XCC 2022 : Pauline Ferrand-Pr\u00e9vot championne du monde !\" \/>\n<meta name=\"twitter:creator\" content=\"@https:\/\/twitter.com\/pierregorce12\" \/>\n<meta name=\"twitter:site\" content=\"@dicodusport\" \/>\n<script type=\"application\/ld+json\" class=\"yoast-schema-graph\">{\"@context\":\"https:\/\/schema.org\",\"@graph\":[{\"@type\":\"NewsArticle\",\"@id\":\"https:\/\/dicodusport.fr\/blog\/mondiaux-vtt-xcc-2022-pauline-ferrand-prevot-championne-du-monde\/#article\",\"isPartOf\":{\"@id\":\"https:\/\/dicodusport.fr\/blog\/mondiaux-vtt-xcc-2022-pauline-ferrand-prevot-championne-du-monde\/\"},\"author\":{\"name\":\"Pierre Gorce\",\"@id\":\"https:\/\/dicodusport.fr\/blog\/#\/schema\/person\/0eaf70b33d703a1a66b1155ac1bda018\"},\"headline\":\"Mondiaux VTT XCC 2022 : Pauline Ferrand-Pr\u00e9vot championne du monde !\",\"datePublished\":\"2022-08-26T15:30:38+00:00\",\"dateModified\":\"2022-08-26T17:41:46+00:00\",\"mainEntityOfPage\":{\"@id\":\"https:\/\/dicodusport.fr\/blog\/mondiaux-vtt-xcc-2022-pauline-ferrand-prevot-championne-du-monde\/\"},\"wordCount\":532,\"commentCount\":0,\"publisher\":{\"@id\":\"https:\/\/dicodusport.fr\/blog\/#organization\"},\"image\":{\"@id\":\"https:\/\/dicodusport.fr\/blog\/mondiaux-vtt-xcc-2022-pauline-ferrand-prevot-championne-du-monde\/#primaryimage\"},\"thumbnailUrl\":\"https:\/\/dicodusport.fr\/blog\/wp-content\/uploads\/2022\/08\/Mondiaux-VTT-XCC-2022-Pauline-Ferrand-Prevot-championne-du-monde-.png\",\"keywords\":[\"sport\"],\"articleSection\":[\"VTT\"],\"inLanguage\":\"fr-FR\",\"potentialAction\":[{\"@type\":\"CommentAction\",\"name\":\"Comment\",\"target\":[\"https:\/\/dicodusport.fr\/blog\/mondiaux-vtt-xcc-2022-pauline-ferrand-prevot-championne-du-monde\/#respond\"]}],\"copyrightYear\":\"2022\",\"copyrightHolder\":{\"@id\":\"https:\/\/dicodusport.fr\/blog\/#organization\"}},{\"@type\":\"WebPage\",\"@id\":\"https:\/\/dicodusport.fr\/blog\/mondiaux-vtt-xcc-2022-pauline-ferrand-prevot-championne-du-monde\/\",\"url\":\"https:\/\/dicodusport.fr\/blog\/mondiaux-vtt-xcc-2022-pauline-ferrand-prevot-championne-du-monde\/\",\"name\":\"Mondiaux VTT XCC 2022 : Pauline Ferrand-Pr\u00e9vot championne du monde !\",\"isPartOf\":{\"@id\":\"https:\/\/dicodusport.fr\/blog\/#website\"},\"primaryImageOfPage\":{\"@id\":\"https:\/\/dicodusport.fr\/blog\/mondiaux-vtt-xcc-2022-pauline-ferrand-prevot-championne-du-monde\/#primaryimage\"},\"image\":{\"@id\":\"https:\/\/dicodusport.fr\/blog\/mondiaux-vtt-xcc-2022-pauline-ferrand-prevot-championne-du-monde\/#primaryimage\"},\"thumbnailUrl\":\"https:\/\/dicodusport.fr\/blog\/wp-content\/uploads\/2022\/08\/Mondiaux-VTT-XCC-2022-Pauline-Ferrand-Prevot-championne-du-monde-.png\",\"datePublished\":\"2022-08-26T15:30:38+00:00\",\"dateModified\":\"2022-08-26T17:41:46+00:00\",\"description\":\"CHAMPIONNATS DU MONDE DE VTT 2022 - Pauline Ferrand-Pr\u00e9vot est sacr\u00e9e championne du monde XCC et ajoute un nouveau titre \u00e0 son palmar\u00e8s.\",\"breadcrumb\":{\"@id\":\"https:\/\/dicodusport.fr\/blog\/mondiaux-vtt-xcc-2022-pauline-ferrand-prevot-championne-du-monde\/#breadcrumb\"},\"inLanguage\":\"fr-FR\",\"potentialAction\":[{\"@type\":\"ReadAction\",\"target\":[\"https:\/\/dicodusport.fr\/blog\/mondiaux-vtt-xcc-2022-pauline-ferrand-prevot-championne-du-monde\/\"]}]},{\"@type\":\"ImageObject\",\"inLanguage\":\"fr-FR\",\"@id\":\"https:\/\/dicodusport.fr\/blog\/mondiaux-vtt-xcc-2022-pauline-ferrand-prevot-championne-du-monde\/#primaryimage\",\"url\":\"https:\/\/dicodusport.fr\/blog\/wp-content\/uploads\/2022\/08\/Mondiaux-VTT-XCC-2022-Pauline-Ferrand-Prevot-championne-du-monde-.png\",\"contentUrl\":\"https:\/\/dicodusport.fr\/blog\/wp-content\/uploads\/2022\/08\/Mondiaux-VTT-XCC-2022-Pauline-Ferrand-Prevot-championne-du-monde-.png\",\"width\":800,\"height\":445,\"caption\":\"Mondiaux VTT XCC 2022 Pauline Ferrand-Pr\u00e9vot championne du monde !\"},{\"@type\":\"BreadcrumbList\",\"@id\":\"https:\/\/dicodusport.fr\/blog\/mondiaux-vtt-xcc-2022-pauline-ferrand-prevot-championne-du-monde\/#breadcrumb\",\"itemListElement\":[{\"@type\":\"ListItem\",\"position\":1,\"name\":\"Accueil\",\"item\":\"https:\/\/dicodusport.fr\/blog\/\"},{\"@type\":\"ListItem\",\"position\":2,\"name\":\"Mondiaux VTT XCC 2022 : Pauline Ferrand-Pr\u00e9vot championne du monde !\"}]},{\"@type\":\"WebSite\",\"@id\":\"https:\/\/dicodusport.fr\/blog\/#website\",\"url\":\"https:\/\/dicodusport.fr\/blog\/\",\"name\":\"Dicodusport\",\"description\":\"L&#039;encyclop\u00e9die de l&#039;actualit\u00e9 sportive\",\"publisher\":{\"@id\":\"https:\/\/dicodusport.fr\/blog\/#organization\"},\"potentialAction\":[{\"@type\":\"SearchAction\",\"target\":{\"@type\":\"EntryPoint\",\"urlTemplate\":\"https:\/\/dicodusport.fr\/blog\/?s={search_term_string}\"},\"query-input\":{\"@type\":\"PropertyValueSpecification\",\"valueRequired\":true,\"valueName\":\"search_term_string\"}}],\"inLanguage\":\"fr-FR\"},{\"@type\":\"NewsMediaOrganization\",\"@id\":\"https:\/\/dicodusport.fr\/blog\/#organization\",\"name\":\"Dicodusport\",\"url\":\"https:\/\/dicodusport.fr\/blog\/\",\"logo\":{\"@type\":\"ImageObject\",\"inLanguage\":\"fr-FR\",\"@id\":\"https:\/\/dicodusport.fr\/blog\/#\/schema\/logo\/image\/\",\"url\":\"https:\/\/dicodusport.fr\/blog\/wp-content\/uploads\/2020\/06\/cropped-LOGO-DICODUSPORT-2020-SANS-FOND-SANS-TEXTE.png\",\"contentUrl\":\"https:\/\/dicodusport.fr\/blog\/wp-content\/uploads\/2020\/06\/cropped-LOGO-DICODUSPORT-2020-SANS-FOND-SANS-TEXTE.png\",\"width\":512,\"height\":512,\"caption\":\"Dicodusport\"},\"image\":{\"@id\":\"https:\/\/dicodusport.fr\/blog\/#\/schema\/logo\/image\/\"},\"sameAs\":[\"https:\/\/www.facebook.com\/dicodusport\",\"https:\/\/x.com\/dicodusport\",\"https:\/\/www.instagram.com\/dicodusport\/\",\"https:\/\/www.youtube.com\/channel\/UC7V2KZ5sd3htJivAbA4ZG3w\"],\"description\":\"Dicodusport est l'encyclop\u00e9die de l'actualit\u00e9 sportive.\",\"email\":\"bonjour@dicodusport.fr\",\"legalName\":\"DICODUSPORT\",\"foundingDate\":\"2018-01-14\",\"vatID\":\"FR71834470973\",\"taxID\":\"83447097300043\",\"numberOfEmployees\":{\"@type\":\"QuantitativeValue\",\"minValue\":\"1\",\"maxValue\":\"10\"}},{\"@type\":\"Person\",\"@id\":\"https:\/\/dicodusport.fr\/blog\/#\/schema\/person\/0eaf70b33d703a1a66b1155ac1bda018\",\"name\":\"Pierre Gorce\",\"image\":{\"@type\":\"ImageObject\",\"inLanguage\":\"fr-FR\",\"@id\":\"https:\/\/dicodusport.fr\/blog\/#\/schema\/person\/image\/\",\"url\":\"https:\/\/dicodusport.fr\/blog\/wp-content\/uploads\/2022\/03\/IMG_20211214_233053_722-150x150.jpg\",\"contentUrl\":\"https:\/\/dicodusport.fr\/blog\/wp-content\/uploads\/2022\/03\/IMG_20211214_233053_722-150x150.jpg\",\"caption\":\"Pierre Gorce\"},\"description\":\"Couteau suisse venant tout droit de Haute-Savoie. Habitu\u00e9 \u00e0 regarder du sport depuis petit, j'en ai maintenant fait mon m\u00e9tier. Des sports d'hiver au surf, en passant par le tennis, la F1, le handball et l'athl\u00e9tisme, j'essaie d'avoir mes yeux sur l'enti\u00e8ret\u00e9 de l'actualit\u00e9. Jeune homme berc\u00e9 par les exploits de Jean-Baptiste Grange, Sebastian Vettel et des Experts. Membre de la g\u00e9n\u00e9ration 1999 comme Luka Doncic, Sydney McLaughlin, Lando Norris et Loana Lecomte, mais avec beaucoup moins de talent qu'eux.\",\"sameAs\":[\"https:\/\/x.com\/https:\/\/twitter.com\/pierregorce12\"],\"birthDate\":\"1999-08-29\",\"url\":\"https:\/\/dicodusport.fr\/blog\/author\/pierreg\/\"}]}<\/script>\n<!-- \/ Yoast SEO Premium plugin. -->","yoast_head_json":{"title":"Mondiaux VTT XCC 2022 : Pauline Ferrand-Pr\u00e9vot championne du monde !","description":"CHAMPIONNATS DU MONDE DE VTT 2022 - Pauline Ferrand-Pr\u00e9vot est sacr\u00e9e championne du monde XCC et ajoute un nouveau titre \u00e0 son palmar\u00e8s.","robots":{"index":"index","follow":"follow","max-snippet":"max-snippet:-1","max-image-preview":"max-image-preview:large","max-video-preview":"max-video-preview:-1"},"canonical":"https:\/\/dicodusport.fr\/blog\/mondiaux-vtt-xcc-2022-pauline-ferrand-prevot-championne-du-monde\/","og_locale":"fr_FR","og_type":"article","og_title":"Mondiaux VTT XCC 2022 : Pauline Ferrand-Pr\u00e9vot championne du monde !","og_description":"CHAMPIONNATS DU MONDE DE VTT 2022 - Pauline Ferrand-Pr\u00e9vot est sacr\u00e9e championne du monde XCC et ajoute un nouveau titre \u00e0 son palmar\u00e8s.","og_url":"https:\/\/dicodusport.fr\/blog\/mondiaux-vtt-xcc-2022-pauline-ferrand-prevot-championne-du-monde\/","og_site_name":"Dicodusport","article_publisher":"https:\/\/www.facebook.com\/dicodusport","article_published_time":"2022-08-26T15:30:38+00:00","article_modified_time":"2022-08-26T17:41:46+00:00","og_image":[{"width":800,"height":445,"url":"https:\/\/dicodusport.fr\/blog\/wp-content\/uploads\/2022\/08\/Mondiaux-VTT-XCC-2022-Pauline-Ferrand-Prevot-championne-du-monde-.png","type":"image\/png"}],"author":"Pierre Gorce","twitter_card":"summary_large_image","twitter_title":"Mondiaux VTT XCC 2022 : Pauline Ferrand-Pr\u00e9vot championne du monde !","twitter_creator":"@https:\/\/twitter.com\/pierregorce12","twitter_site":"@dicodusport","schema":{"@context":"https:\/\/schema.org","@graph":[{"@type":"NewsArticle","@id":"https:\/\/dicodusport.fr\/blog\/mondiaux-vtt-xcc-2022-pauline-ferrand-prevot-championne-du-monde\/#article","isPartOf":{"@id":"https:\/\/dicodusport.fr\/blog\/mondiaux-vtt-xcc-2022-pauline-ferrand-prevot-championne-du-monde\/"},"author":{"name":"Pierre Gorce","@id":"https:\/\/dicodusport.fr\/blog\/#\/schema\/person\/0eaf70b33d703a1a66b1155ac1bda018"},"headline":"Mondiaux VTT XCC 2022 : Pauline Ferrand-Pr\u00e9vot championne du monde !","datePublished":"2022-08-26T15:30:38+00:00","dateModified":"2022-08-26T17:41:46+00:00","mainEntityOfPage":{"@id":"https:\/\/dicodusport.fr\/blog\/mondiaux-vtt-xcc-2022-pauline-ferrand-prevot-championne-du-monde\/"},"wordCount":532,"commentCount":0,"publisher":{"@id":"https:\/\/dicodusport.fr\/blog\/#organization"},"image":{"@id":"https:\/\/dicodusport.fr\/blog\/mondiaux-vtt-xcc-2022-pauline-ferrand-prevot-championne-du-monde\/#primaryimage"},"thumbnailUrl":"https:\/\/dicodusport.fr\/blog\/wp-content\/uploads\/2022\/08\/Mondiaux-VTT-XCC-2022-Pauline-Ferrand-Prevot-championne-du-monde-.png","keywords":["sport"],"articleSection":["VTT"],"inLanguage":"fr-FR","potentialAction":[{"@type":"CommentAction","name":"Comment","target":["https:\/\/dicodusport.fr\/blog\/mondiaux-vtt-xcc-2022-pauline-ferrand-prevot-championne-du-monde\/#respond"]}],"copyrightYear":"2022","copyrightHolder":{"@id":"https:\/\/dicodusport.fr\/blog\/#organization"}},{"@type":"WebPage","@id":"https:\/\/dicodusport.fr\/blog\/mondiaux-vtt-xcc-2022-pauline-ferrand-prevot-championne-du-monde\/","url":"https:\/\/dicodusport.fr\/blog\/mondiaux-vtt-xcc-2022-pauline-ferrand-prevot-championne-du-monde\/","name":"Mondiaux VTT XCC 2022 : Pauline Ferrand-Pr\u00e9vot championne du monde !","isPartOf":{"@id":"https:\/\/dicodusport.fr\/blog\/#website"},"primaryImageOfPage":{"@id":"https:\/\/dicodusport.fr\/blog\/mondiaux-vtt-xcc-2022-pauline-ferrand-prevot-championne-du-monde\/#primaryimage"},"image":{"@id":"https:\/\/dicodusport.fr\/blog\/mondiaux-vtt-xcc-2022-pauline-ferrand-prevot-championne-du-monde\/#primaryimage"},"thumbnailUrl":"https:\/\/dicodusport.fr\/blog\/wp-content\/uploads\/2022\/08\/Mondiaux-VTT-XCC-2022-Pauline-Ferrand-Prevot-championne-du-monde-.png","datePublished":"2022-08-26T15:30:38+00:00","dateModified":"2022-08-26T17:41:46+00:00","description":"CHAMPIONNATS DU MONDE DE VTT 2022 - Pauline Ferrand-Pr\u00e9vot est sacr\u00e9e championne du monde XCC et ajoute un nouveau titre \u00e0 son palmar\u00e8s.","breadcrumb":{"@id":"https:\/\/dicodusport.fr\/blog\/mondiaux-vtt-xcc-2022-pauline-ferrand-prevot-championne-du-monde\/#breadcrumb"},"inLanguage":"fr-FR","potentialAction":[{"@type":"ReadAction","target":["https:\/\/dicodusport.fr\/blog\/mondiaux-vtt-xcc-2022-pauline-ferrand-prevot-championne-du-monde\/"]}]},{"@type":"ImageObject","inLanguage":"fr-FR","@id":"https:\/\/dicodusport.fr\/blog\/mondiaux-vtt-xcc-2022-pauline-ferrand-prevot-championne-du-monde\/#primaryimage","url":"https:\/\/dicodusport.fr\/blog\/wp-content\/uploads\/2022\/08\/Mondiaux-VTT-XCC-2022-Pauline-Ferrand-Prevot-championne-du-monde-.png","contentUrl":"https:\/\/dicodusport.fr\/blog\/wp-content\/uploads\/2022\/08\/Mondiaux-VTT-XCC-2022-Pauline-Ferrand-Prevot-championne-du-monde-.png","width":800,"height":445,"caption":"Mondiaux VTT XCC 2022 Pauline Ferrand-Pr\u00e9vot championne du monde !"},{"@type":"BreadcrumbList","@id":"https:\/\/dicodusport.fr\/blog\/mondiaux-vtt-xcc-2022-pauline-ferrand-prevot-championne-du-monde\/#breadcrumb","itemListElement":[{"@type":"ListItem","position":1,"name":"Accueil","item":"https:\/\/dicodusport.fr\/blog\/"},{"@type":"ListItem","position":2,"name":"Mondiaux VTT XCC 2022 : Pauline Ferrand-Pr\u00e9vot championne du monde !"}]},{"@type":"WebSite","@id":"https:\/\/dicodusport.fr\/blog\/#website","url":"https:\/\/dicodusport.fr\/blog\/","name":"Dicodusport","description":"L&#039;encyclop\u00e9die de l&#039;actualit\u00e9 sportive","publisher":{"@id":"https:\/\/dicodusport.fr\/blog\/#organization"},"potentialAction":[{"@type":"SearchAction","target":{"@type":"EntryPoint","urlTemplate":"https:\/\/dicodusport.fr\/blog\/?s={search_term_string}"},"query-input":{"@type":"PropertyValueSpecification","valueRequired":true,"valueName":"search_term_string"}}],"inLanguage":"fr-FR"},{"@type":"NewsMediaOrganization","@id":"https:\/\/dicodusport.fr\/blog\/#organization","name":"Dicodusport","url":"https:\/\/dicodusport.fr\/blog\/","logo":{"@type":"ImageObject","inLanguage":"fr-FR","@id":"https:\/\/dicodusport.fr\/blog\/#\/schema\/logo\/image\/","url":"https:\/\/dicodusport.fr\/blog\/wp-content\/uploads\/2020\/06\/cropped-LOGO-DICODUSPORT-2020-SANS-FOND-SANS-TEXTE.png","contentUrl":"https:\/\/dicodusport.fr\/blog\/wp-content\/uploads\/2020\/06\/cropped-LOGO-DICODUSPORT-2020-SANS-FOND-SANS-TEXTE.png","width":512,"height":512,"caption":"Dicodusport"},"image":{"@id":"https:\/\/dicodusport.fr\/blog\/#\/schema\/logo\/image\/"},"sameAs":["https:\/\/www.facebook.com\/dicodusport","https:\/\/x.com\/dicodusport","https:\/\/www.instagram.com\/dicodusport\/","https:\/\/www.youtube.com\/channel\/UC7V2KZ5sd3htJivAbA4ZG3w"],"description":"Dicodusport est l'encyclop\u00e9die de l'actualit\u00e9 sportive.","email":"bonjour@dicodusport.fr","legalName":"DICODUSPORT","foundingDate":"2018-01-14","vatID":"FR71834470973","taxID":"83447097300043","numberOfEmployees":{"@type":"QuantitativeValue","minValue":"1","maxValue":"10"}},{"@type":"Person","@id":"https:\/\/dicodusport.fr\/blog\/#\/schema\/person\/0eaf70b33d703a1a66b1155ac1bda018","name":"Pierre Gorce","image":{"@type":"ImageObject","inLanguage":"fr-FR","@id":"https:\/\/dicodusport.fr\/blog\/#\/schema\/person\/image\/","url":"https:\/\/dicodusport.fr\/blog\/wp-content\/uploads\/2022\/03\/IMG_20211214_233053_722-150x150.jpg","contentUrl":"https:\/\/dicodusport.fr\/blog\/wp-content\/uploads\/2022\/03\/IMG_20211214_233053_722-150x150.jpg","caption":"Pierre Gorce"},"description":"Couteau suisse venant tout droit de Haute-Savoie. Habitu\u00e9 \u00e0 regarder du sport depuis petit, j'en ai maintenant fait mon m\u00e9tier. Des sports d'hiver au surf, en passant par le tennis, la F1, le handball et l'athl\u00e9tisme, j'essaie d'avoir mes yeux sur l'enti\u00e8ret\u00e9 de l'actualit\u00e9. Jeune homme berc\u00e9 par les exploits de Jean-Baptiste Grange, Sebastian Vettel et des Experts. Membre de la g\u00e9n\u00e9ration 1999 comme Luka Doncic, Sydney McLaughlin, Lando Norris et Loana Lecomte, mais avec beaucoup moins de talent qu'eux.","sameAs":["https:\/\/x.com\/https:\/\/twitter.com\/pierregorce12"],"birthDate":"1999-08-29","url":"https:\/\/dicodusport.fr\/blog\/author\/pierreg\/"}]}},"_links":{"self":[{"href":"https:\/\/dicodusport.fr\/blog\/wp-json\/wp\/v2\/posts\/256417","targetHints":{"allow":["GET"]}}],"collection":[{"href":"https:\/\/dicodusport.fr\/blog\/wp-json\/wp\/v2\/posts"}],"about":[{"href":"https:\/\/dicodusport.fr\/blog\/wp-json\/wp\/v2\/types\/post"}],"author":[{"embeddable":true,"href":"https:\/\/dicodusport.fr\/blog\/wp-json\/wp\/v2\/users\/61"}],"replies":[{"embeddable":true,"href":"https:\/\/dicodusport.fr\/blog\/wp-json\/wp\/v2\/comments?post=256417"}],"version-history":[{"count":0,"href":"https:\/\/dicodusport.fr\/blog\/wp-json\/wp\/v2\/posts\/256417\/revisions"}],"wp:featuredmedia":[{"embeddable":true,"href":"https:\/\/dicodusport.fr\/blog\/wp-json\/wp\/v2\/media\/256485"}],"wp:attachment":[{"href":"https:\/\/dicodusport.fr\/blog\/wp-json\/wp\/v2\/media?parent=256417"}],"wp:term":[{"taxonomy":"category","embeddable":true,"href":"https:\/\/dicodusport.fr\/blog\/wp-json\/wp\/v2\/categories?post=256417"},{"taxonomy":"post_tag","embeddable":true,"href":"https:\/\/dicodusport.fr\/blog\/wp-json\/wp\/v2\/tags?post=256417"}],"curies":[{"name":"wp","href":"https:\/\/api.w.org\/{rel}","templated":true}]}}