{"id":25642,"date":"2018-09-14T11:00:19","date_gmt":"2018-09-14T09:00:19","guid":{"rendered":"http:\/\/dicodusport.fr\/blog\/?p=25642"},"modified":"2018-09-14T09:49:58","modified_gmt":"2018-09-14T07:49:58","slug":"avaldnes-olympique-lyonnais-feminin-que-s-ouvrent-les-portes-du-valhalla","status":"publish","type":"post","link":"https:\/\/dicodusport.fr\/blog\/avaldnes-olympique-lyonnais-feminin-que-s-ouvrent-les-portes-du-valhalla\/","title":{"rendered":"Avaldnes \u2013 Olympique Lyonnais f\u00e9minin : que s\u2019ouvrent les portes du Valhalla"},"content":{"rendered":"<p style=\"text-align: justify;\"><em><strong>Au pays de Thor, d\u2019Odin, de Trolls et autres cr\u00e9atures fantastiques, les Lyonnaises ont lanc\u00e9 leur campagne europ\u00e9enne pour d\u00e9crocher on l\u2019esp\u00e8re, un 6\u00e8me titre, et acc\u00e9der peut-\u00eatre \u00e0 ce que les l\u00e9gendes scandinaves nomment le Valhalla, paradis des guerriers valeureux. Premi\u00e8re \u00e9tape franchie, avec cette victoire 2 buts \u00e0 rien face aux Norv\u00e9gienne d\u2019Avaldnes.<\/strong><\/em><\/p>\n<p style=\"text-align: justify;\">Le foot a l\u2019immense avantage de faire voyager. Et lorsque les rencontres, d\u2019une ann\u00e9e sur l\u2019autre, r\u00e9unissent une nouvelle fois deux \u00e9quipes, on a l\u2019impression de retrouver un lieu connu, auquel sont attach\u00e9s des souvenirs plus ou moins bon, selon l\u2019issue de la partie. Sur notre atlas du supporter, Avaldnes est une destination famili\u00e8re. On prend go\u00fbt \u00e0 y poser nos bagages.<\/p>\n<p style=\"text-align: justify;\">C\u2019est une \u00eele, une presqu\u2019\u00eele, baign\u00e9e par les Fjords, situ\u00e9e juste au-dessus de la p\u00e9troli\u00e8re Stavanger, c\u2019est \u00e0 700 km de Sunndals\u00f8ra, la ville natale d\u2019Ada Hegerberg, 11 heure de route sans s\u2019arr\u00eater. L\u2019enfant revient au pays. Mais un pays qui n\u2019est pas totalement le sien. Allez dire \u00e0 un Bayonnais \u00e0 Strasbourg qu\u2019il est chez lui.<\/p>\n<h4 style=\"text-align: justify;\">Avaldnes, premi\u00e8re victime<\/h4>\n<p style=\"text-align: justify;\">L\u2019ann\u00e9e derni\u00e8re, les Lyonnaises contre Avaldnes avaient fait carton plein, et en 1\/16\u00e8me de finale d\u00e9j\u00e0. D\u00e8s le match aller, elles avaient tu\u00e9 le suspens avec un 5-2, enfonc\u00e9 le clou au match retour : 5-0. Lorsque l\u2019arbitre espagnole Marta Frias Acedo a lanc\u00e9 la rencontre, il \u00e9tait 18h30, il ne faisait pas encore nuit. A cette \u00e9poque de l\u2019ann\u00e9e, \u00e0 Avaldnes, la saison ressemble aux n\u00f4tres. Les nuits ne durent pas tout le jour.<\/p>\n<p style=\"text-align: justify;\">D\u00e8s le d\u00e9but, les Lyonnaises ont fait ce qu\u2019elles font \u00e0 la perfection : attaquer. Evidentes, les ambitions de Pedros : Hegerberg, Le Sommer et Van de Sanden devant, Majri et Henry sur les c\u00f4t\u00e9s. Tant de talents dans une m\u00eame \u00e9quipe, \u00e7a tourne la t\u00eate. Pas celle des co\u00e9quipi\u00e8res de Waldus, capitaine d\u2019une formation d\u00e9cid\u00e9e \u00e0 d\u00e9fendre, subir, courir, coller au marquage, brouter la pelouse et voir des \u00e9toiles au besoin. Pour le spectacle on repassera. Chaque \u00e9quipe fait avec ce qu\u2019elle a.<\/p>\n<h4 style=\"text-align: justify;\">50 minutes d\u2019attente<\/h4>\n<p style=\"text-align: justify;\">La situation a mis un temps fou \u00e0 se d\u00e9canter : 50 minutes avant de voir cette superbe t\u00eate d\u00e9crois\u00e9e d\u2019Henry sur un corner du pied gauche de Bacha. Auparavant, tout une mi-temps d\u2019attaques, de combinaison, de frappes, de malchance. D\u2019abord la t\u00eate de Renard sur la transversale suite \u00e0 un corner de ah tiens ! Bacha ! Puis un but refus\u00e9 pour hors-jeu \u00e0 cette m\u00eame Renard, sans compter les inspirations d\u2019une gardienne norv\u00e9gienne des grands soirs : double parade sur les frappes de Le Sommer et M\u2019Bock (27\u2019).<\/p>\n<h4 style=\"text-align: justify;\">Johansen partout.<\/h4>\n<p style=\"text-align: justify;\">Mais Johansen finalement l\u00e2ch\u00e9e une seconde fois par ses co\u00e9quipi\u00e8res, dans le dernier quart d\u2019heure. Faut dire qu\u2019Avaldnes en avait aval\u00e9 des kilom\u00e8tres, et que Majri, de mani\u00e8re g\u00e9n\u00e9rale et plus que jamais en ce d\u00e9but de saison, il vaut mieux l\u2019avoir de son c\u00f4t\u00e9. Lanc\u00e9e par Le Sommer sur un contre efficace, elle marque, encore (2-0, 77\u2019).<\/p>\n<h4 style=\"text-align: justify;\">Amel Majrique<\/h4>\n<p style=\"text-align: justify;\">Ce but, c\u2019est le 5\u00e8me en trois matchs, toutes comp\u00e9titions confondues. On reconna\u00eet les joueuses exceptionnelles \u00e0 la tendance que l\u2019on a de les croire plus \u00e2g\u00e9es, tant on s\u2019accoutume \u00e0 leurs titularisations, leurs prestations de haute vol\u00e9e, la s\u00e9r\u00e9nit\u00e9 qu\u2019elles d\u00e9gagent.<\/p>\n<p style=\"text-align: justify;\">Amel Majri a 25 ans. Le match retour aura lieu \u00e0 D\u00e9cines, terre de mauvais souvenirs pour tout ce qui de pr\u00e8s ou de loin tape dans un ballon. Ce sera le 27 septembre. Entre temps, les Fenottes seront all\u00e9es se chauffer les gambettes \u00e0 Guingamp. C\u2019est que le temps de l\u2019accumulation des matchs a d\u00e9but\u00e9, pour notre plus grand bonheur. Surtout lorsque Lyon gagne \u00e0 la fin.<\/p>\n<p><strong><em>Camille Cordouan<\/em><\/strong><br \/>\n<a href=\"https:\/\/twitter.com\/CCordouan\" target=\"_blank\" rel=\"noopener\"><img loading=\"lazy\" decoding=\"async\" class=\"alignnone wp-image-2908\" src=\"http:\/\/dicodusport.fr\/blog\/wp-content\/uploads\/2017\/07\/logo-twitter-e1515054964892.png\" alt=\"\" width=\"39\" height=\"39\" \/><\/a><\/p>\n","protected":false},"excerpt":{"rendered":"<p>Au pays de Thor, d\u2019Odin, de Trolls et autres cr\u00e9atures fantastiques, les Lyonnaises ont lanc\u00e9 leur campagne europ\u00e9enne pour d\u00e9crocher on l\u2019esp\u00e8re, un 6\u00e8me titre, et acc\u00e9der peut-\u00eatre \u00e0 ce que les l\u00e9gendes scandinaves nomment le Valhalla, paradis des guerriers valeureux. Premi\u00e8re \u00e9tape franchie, avec cette victoire 2 buts \u00e0 rien face aux Norv\u00e9gienne d\u2019Avaldnes.<\/p>\n","protected":false},"author":4,"featured_media":25643,"comment_status":"open","ping_status":"closed","sticky":false,"template":"","format":"standard","meta":{"_acf_changed":false,"_daextam_enable_autolinks":"","footnotes":""},"categories":[2,2301],"tags":[75,2069,2814],"class_list":["post-25642","post","type-post","status-publish","format-standard","has-post-thumbnail","hentry","category-actualites","category-football","tag-football","tag-ol-feminin","tag-olympique-lyonnais-feminin"],"acf":[],"yoast_head":"<!-- This site is optimized with the Yoast SEO Premium plugin v26.7 (Yoast SEO v26.7) - https:\/\/yoast.com\/wordpress\/plugins\/seo\/ -->\n<title>Avaldnes \u2013 Olympique Lyonnais f\u00e9minin : que s\u2019ouvrent les portes du Valhalla<\/title>\n<meta name=\"description\" content=\"Au pays de Thor, d\u2019Odin, de Trolls et autres cr\u00e9atures fantastiques, les Fenottes ont lanc\u00e9 leur campagne europ\u00e9enne pour afin de d\u00e9crocher un 6\u00e8me titre.\" \/>\n<meta name=\"robots\" content=\"index, follow, max-snippet:-1, max-image-preview:large, max-video-preview:-1\" \/>\n<link rel=\"canonical\" href=\"https:\/\/dicodusport.fr\/blog\/avaldnes-olympique-lyonnais-feminin-que-s-ouvrent-les-portes-du-valhalla\/\" \/>\n<meta property=\"og:locale\" content=\"fr_FR\" \/>\n<meta property=\"og:type\" content=\"article\" \/>\n<meta property=\"og:title\" content=\"Avaldnes \u2013 Olympique Lyonnais f\u00e9minin : que s\u2019ouvrent les portes du Valhalla\" \/>\n<meta property=\"og:description\" content=\"Au pays de Thor, d\u2019Odin, de Trolls et autres cr\u00e9atures fantastiques, les Fenottes ont lanc\u00e9 leur campagne europ\u00e9enne pour afin de d\u00e9crocher un 6\u00e8me titre.\" \/>\n<meta property=\"og:url\" content=\"https:\/\/dicodusport.fr\/blog\/avaldnes-olympique-lyonnais-feminin-que-s-ouvrent-les-portes-du-valhalla\/\" \/>\n<meta property=\"og:site_name\" content=\"Dicodusport\" \/>\n<meta property=\"article:publisher\" content=\"https:\/\/www.facebook.com\/dicodusport\" \/>\n<meta property=\"article:author\" content=\"https:\/\/www.facebook.com\/florent.ostermann\" \/>\n<meta property=\"article:published_time\" content=\"2018-09-14T09:00:19+00:00\" \/>\n<meta property=\"og:image\" content=\"https:\/\/dicodusport.fr\/blog\/wp-content\/uploads\/2018\/09\/Avaldnes-OL-f\u00e9minin.png\" \/>\n\t<meta property=\"og:image:width\" content=\"800\" \/>\n\t<meta property=\"og:image:height\" content=\"445\" \/>\n\t<meta property=\"og:image:type\" content=\"image\/png\" \/>\n<meta name=\"author\" content=\"Flo Ostermann\" \/>\n<meta name=\"twitter:card\" content=\"summary_large_image\" \/>\n<meta name=\"twitter:creator\" content=\"@https:\/\/twitter.com\/FlOstermann\" \/>\n<meta name=\"twitter:site\" content=\"@dicodusport\" \/>\n<script type=\"application\/ld+json\" class=\"yoast-schema-graph\">{\"@context\":\"https:\/\/schema.org\",\"@graph\":[{\"@type\":\"NewsArticle\",\"@id\":\"https:\/\/dicodusport.fr\/blog\/avaldnes-olympique-lyonnais-feminin-que-s-ouvrent-les-portes-du-valhalla\/#article\",\"isPartOf\":{\"@id\":\"https:\/\/dicodusport.fr\/blog\/avaldnes-olympique-lyonnais-feminin-que-s-ouvrent-les-portes-du-valhalla\/\"},\"author\":{\"name\":\"Flo Ostermann\",\"@id\":\"https:\/\/dicodusport.fr\/blog\/#\/schema\/person\/cb02af4c173ce4a653b55e9baf388d4a\"},\"headline\":\"Avaldnes \u2013 Olympique Lyonnais f\u00e9minin : que s\u2019ouvrent les portes du Valhalla\",\"datePublished\":\"2018-09-14T09:00:19+00:00\",\"mainEntityOfPage\":{\"@id\":\"https:\/\/dicodusport.fr\/blog\/avaldnes-olympique-lyonnais-feminin-que-s-ouvrent-les-portes-du-valhalla\/\"},\"wordCount\":686,\"commentCount\":0,\"publisher\":{\"@id\":\"https:\/\/dicodusport.fr\/blog\/#organization\"},\"image\":{\"@id\":\"https:\/\/dicodusport.fr\/blog\/avaldnes-olympique-lyonnais-feminin-que-s-ouvrent-les-portes-du-valhalla\/#primaryimage\"},\"thumbnailUrl\":\"https:\/\/dicodusport.fr\/blog\/wp-content\/uploads\/2018\/09\/Avaldnes-OL-f\u00e9minin.png\",\"keywords\":[\"Football\",\"OL f\u00e9minin\",\"Olympique Lyonnais f\u00e9minin\"],\"articleSection\":[\"Actualit\u00e9s\",\"Football\"],\"inLanguage\":\"fr-FR\",\"potentialAction\":[{\"@type\":\"CommentAction\",\"name\":\"Comment\",\"target\":[\"https:\/\/dicodusport.fr\/blog\/avaldnes-olympique-lyonnais-feminin-que-s-ouvrent-les-portes-du-valhalla\/#respond\"]}],\"copyrightYear\":\"2018\",\"copyrightHolder\":{\"@id\":\"https:\/\/dicodusport.fr\/blog\/#organization\"}},{\"@type\":\"WebPage\",\"@id\":\"https:\/\/dicodusport.fr\/blog\/avaldnes-olympique-lyonnais-feminin-que-s-ouvrent-les-portes-du-valhalla\/\",\"url\":\"https:\/\/dicodusport.fr\/blog\/avaldnes-olympique-lyonnais-feminin-que-s-ouvrent-les-portes-du-valhalla\/\",\"name\":\"Avaldnes \u2013 Olympique Lyonnais f\u00e9minin : que s\u2019ouvrent les portes du Valhalla\",\"isPartOf\":{\"@id\":\"https:\/\/dicodusport.fr\/blog\/#website\"},\"primaryImageOfPage\":{\"@id\":\"https:\/\/dicodusport.fr\/blog\/avaldnes-olympique-lyonnais-feminin-que-s-ouvrent-les-portes-du-valhalla\/#primaryimage\"},\"image\":{\"@id\":\"https:\/\/dicodusport.fr\/blog\/avaldnes-olympique-lyonnais-feminin-que-s-ouvrent-les-portes-du-valhalla\/#primaryimage\"},\"thumbnailUrl\":\"https:\/\/dicodusport.fr\/blog\/wp-content\/uploads\/2018\/09\/Avaldnes-OL-f\u00e9minin.png\",\"datePublished\":\"2018-09-14T09:00:19+00:00\",\"description\":\"Au pays de Thor, d\u2019Odin, de Trolls et autres cr\u00e9atures fantastiques, les Fenottes ont lanc\u00e9 leur campagne europ\u00e9enne pour afin de d\u00e9crocher un 6\u00e8me titre.\",\"breadcrumb\":{\"@id\":\"https:\/\/dicodusport.fr\/blog\/avaldnes-olympique-lyonnais-feminin-que-s-ouvrent-les-portes-du-valhalla\/#breadcrumb\"},\"inLanguage\":\"fr-FR\",\"potentialAction\":[{\"@type\":\"ReadAction\",\"target\":[\"https:\/\/dicodusport.fr\/blog\/avaldnes-olympique-lyonnais-feminin-que-s-ouvrent-les-portes-du-valhalla\/\"]}]},{\"@type\":\"ImageObject\",\"inLanguage\":\"fr-FR\",\"@id\":\"https:\/\/dicodusport.fr\/blog\/avaldnes-olympique-lyonnais-feminin-que-s-ouvrent-les-portes-du-valhalla\/#primaryimage\",\"url\":\"https:\/\/dicodusport.fr\/blog\/wp-content\/uploads\/2018\/09\/Avaldnes-OL-f\u00e9minin.png\",\"contentUrl\":\"https:\/\/dicodusport.fr\/blog\/wp-content\/uploads\/2018\/09\/Avaldnes-OL-f\u00e9minin.png\",\"width\":800,\"height\":445},{\"@type\":\"BreadcrumbList\",\"@id\":\"https:\/\/dicodusport.fr\/blog\/avaldnes-olympique-lyonnais-feminin-que-s-ouvrent-les-portes-du-valhalla\/#breadcrumb\",\"itemListElement\":[{\"@type\":\"ListItem\",\"position\":1,\"name\":\"Accueil\",\"item\":\"https:\/\/dicodusport.fr\/blog\/\"},{\"@type\":\"ListItem\",\"position\":2,\"name\":\"Avaldnes \u2013 Olympique Lyonnais f\u00e9minin : que s\u2019ouvrent les portes du Valhalla\"}]},{\"@type\":\"WebSite\",\"@id\":\"https:\/\/dicodusport.fr\/blog\/#website\",\"url\":\"https:\/\/dicodusport.fr\/blog\/\",\"name\":\"Dicodusport\",\"description\":\"L&#039;encyclop\u00e9die de l&#039;actualit\u00e9 sportive\",\"publisher\":{\"@id\":\"https:\/\/dicodusport.fr\/blog\/#organization\"},\"potentialAction\":[{\"@type\":\"SearchAction\",\"target\":{\"@type\":\"EntryPoint\",\"urlTemplate\":\"https:\/\/dicodusport.fr\/blog\/?s={search_term_string}\"},\"query-input\":{\"@type\":\"PropertyValueSpecification\",\"valueRequired\":true,\"valueName\":\"search_term_string\"}}],\"inLanguage\":\"fr-FR\"},{\"@type\":\"NewsMediaOrganization\",\"@id\":\"https:\/\/dicodusport.fr\/blog\/#organization\",\"name\":\"Dicodusport\",\"url\":\"https:\/\/dicodusport.fr\/blog\/\",\"logo\":{\"@type\":\"ImageObject\",\"inLanguage\":\"fr-FR\",\"@id\":\"https:\/\/dicodusport.fr\/blog\/#\/schema\/logo\/image\/\",\"url\":\"https:\/\/dicodusport.fr\/blog\/wp-content\/uploads\/2020\/06\/cropped-LOGO-DICODUSPORT-2020-SANS-FOND-SANS-TEXTE.png\",\"contentUrl\":\"https:\/\/dicodusport.fr\/blog\/wp-content\/uploads\/2020\/06\/cropped-LOGO-DICODUSPORT-2020-SANS-FOND-SANS-TEXTE.png\",\"width\":512,\"height\":512,\"caption\":\"Dicodusport\"},\"image\":{\"@id\":\"https:\/\/dicodusport.fr\/blog\/#\/schema\/logo\/image\/\"},\"sameAs\":[\"https:\/\/www.facebook.com\/dicodusport\",\"https:\/\/x.com\/dicodusport\",\"https:\/\/www.instagram.com\/dicodusport\/\",\"https:\/\/www.youtube.com\/channel\/UC7V2KZ5sd3htJivAbA4ZG3w\"],\"description\":\"Dicodusport est l'encyclop\u00e9die de l'actualit\u00e9 sportive.\",\"email\":\"bonjour@dicodusport.fr\",\"legalName\":\"DICODUSPORT\",\"foundingDate\":\"2018-01-14\",\"vatID\":\"FR71834470973\",\"taxID\":\"83447097300043\",\"numberOfEmployees\":{\"@type\":\"QuantitativeValue\",\"minValue\":\"1\",\"maxValue\":\"10\"}},{\"@type\":\"Person\",\"@id\":\"https:\/\/dicodusport.fr\/blog\/#\/schema\/person\/cb02af4c173ce4a653b55e9baf388d4a\",\"name\":\"Flo Ostermann\",\"image\":{\"@type\":\"ImageObject\",\"inLanguage\":\"fr-FR\",\"@id\":\"https:\/\/dicodusport.fr\/blog\/#\/schema\/person\/image\/\",\"url\":\"https:\/\/dicodusport.fr\/blog\/wp-content\/uploads\/2021\/05\/Flo-Ostermann-150x150.jpg\",\"contentUrl\":\"https:\/\/dicodusport.fr\/blog\/wp-content\/uploads\/2021\/05\/Flo-Ostermann-150x150.jpg\",\"caption\":\"Flo Ostermann\"},\"description\":\"Journaliste\/R\u00e9dacteur depuis septembre 2015 - Mes premiers souvenirs dans le sport ? Les envol\u00e9es du Stade Toulousain et les duels Villeneuve-Schumacher et H\u00e4kkinen-Schumacher \u00e0 la fin des ann\u00e9es 90, la Coupe du monde de football en 1998, l\u2019exploit du XV de France face aux All Blacks en 1999, mais aussi Richard C\u0153ur de Lion qui vole sur les montagnes du Tour de France. Bien parti pour devenir professeur d\u2019EPS, les \u00e9v\u00e9nements de la vie (et la flemme d\u2019animer des s\u00e9ances de 3x500 m\u00e8tres toute ma vie) m\u2019ont conduit \u00e0 revoir mes plans. Me voil\u00e0 depuis fin 2017 sur Dicodusport, m\u00e9dia gr\u00e2ce (et pour) lequel je partage ma passion : le sport dans tous ses \u00e9tats. Le tout accompagn\u00e9 par les fous furieux et folles furieuses cit\u00e9s sur cette page !\",\"sameAs\":[\"https:\/\/www.facebook.com\/florent.ostermann\",\"https:\/\/x.com\/https:\/\/twitter.com\/FlOstermann\",\"admin\"],\"url\":\"https:\/\/dicodusport.fr\/blog\/author\/flo\/\"}]}<\/script>\n<!-- \/ Yoast SEO Premium plugin. -->","yoast_head_json":{"title":"Avaldnes \u2013 Olympique Lyonnais f\u00e9minin : que s\u2019ouvrent les portes du Valhalla","description":"Au pays de Thor, d\u2019Odin, de Trolls et autres cr\u00e9atures fantastiques, les Fenottes ont lanc\u00e9 leur campagne europ\u00e9enne pour afin de d\u00e9crocher un 6\u00e8me titre.","robots":{"index":"index","follow":"follow","max-snippet":"max-snippet:-1","max-image-preview":"max-image-preview:large","max-video-preview":"max-video-preview:-1"},"canonical":"https:\/\/dicodusport.fr\/blog\/avaldnes-olympique-lyonnais-feminin-que-s-ouvrent-les-portes-du-valhalla\/","og_locale":"fr_FR","og_type":"article","og_title":"Avaldnes \u2013 Olympique Lyonnais f\u00e9minin : que s\u2019ouvrent les portes du Valhalla","og_description":"Au pays de Thor, d\u2019Odin, de Trolls et autres cr\u00e9atures fantastiques, les Fenottes ont lanc\u00e9 leur campagne europ\u00e9enne pour afin de d\u00e9crocher un 6\u00e8me titre.","og_url":"https:\/\/dicodusport.fr\/blog\/avaldnes-olympique-lyonnais-feminin-que-s-ouvrent-les-portes-du-valhalla\/","og_site_name":"Dicodusport","article_publisher":"https:\/\/www.facebook.com\/dicodusport","article_author":"https:\/\/www.facebook.com\/florent.ostermann","article_published_time":"2018-09-14T09:00:19+00:00","og_image":[{"width":800,"height":445,"url":"https:\/\/dicodusport.fr\/blog\/wp-content\/uploads\/2018\/09\/Avaldnes-OL-f\u00e9minin.png","type":"image\/png"}],"author":"Flo Ostermann","twitter_card":"summary_large_image","twitter_creator":"@https:\/\/twitter.com\/FlOstermann","twitter_site":"@dicodusport","schema":{"@context":"https:\/\/schema.org","@graph":[{"@type":"NewsArticle","@id":"https:\/\/dicodusport.fr\/blog\/avaldnes-olympique-lyonnais-feminin-que-s-ouvrent-les-portes-du-valhalla\/#article","isPartOf":{"@id":"https:\/\/dicodusport.fr\/blog\/avaldnes-olympique-lyonnais-feminin-que-s-ouvrent-les-portes-du-valhalla\/"},"author":{"name":"Flo Ostermann","@id":"https:\/\/dicodusport.fr\/blog\/#\/schema\/person\/cb02af4c173ce4a653b55e9baf388d4a"},"headline":"Avaldnes \u2013 Olympique Lyonnais f\u00e9minin : que s\u2019ouvrent les portes du Valhalla","datePublished":"2018-09-14T09:00:19+00:00","mainEntityOfPage":{"@id":"https:\/\/dicodusport.fr\/blog\/avaldnes-olympique-lyonnais-feminin-que-s-ouvrent-les-portes-du-valhalla\/"},"wordCount":686,"commentCount":0,"publisher":{"@id":"https:\/\/dicodusport.fr\/blog\/#organization"},"image":{"@id":"https:\/\/dicodusport.fr\/blog\/avaldnes-olympique-lyonnais-feminin-que-s-ouvrent-les-portes-du-valhalla\/#primaryimage"},"thumbnailUrl":"https:\/\/dicodusport.fr\/blog\/wp-content\/uploads\/2018\/09\/Avaldnes-OL-f\u00e9minin.png","keywords":["Football","OL f\u00e9minin","Olympique Lyonnais f\u00e9minin"],"articleSection":["Actualit\u00e9s","Football"],"inLanguage":"fr-FR","potentialAction":[{"@type":"CommentAction","name":"Comment","target":["https:\/\/dicodusport.fr\/blog\/avaldnes-olympique-lyonnais-feminin-que-s-ouvrent-les-portes-du-valhalla\/#respond"]}],"copyrightYear":"2018","copyrightHolder":{"@id":"https:\/\/dicodusport.fr\/blog\/#organization"}},{"@type":"WebPage","@id":"https:\/\/dicodusport.fr\/blog\/avaldnes-olympique-lyonnais-feminin-que-s-ouvrent-les-portes-du-valhalla\/","url":"https:\/\/dicodusport.fr\/blog\/avaldnes-olympique-lyonnais-feminin-que-s-ouvrent-les-portes-du-valhalla\/","name":"Avaldnes \u2013 Olympique Lyonnais f\u00e9minin : que s\u2019ouvrent les portes du Valhalla","isPartOf":{"@id":"https:\/\/dicodusport.fr\/blog\/#website"},"primaryImageOfPage":{"@id":"https:\/\/dicodusport.fr\/blog\/avaldnes-olympique-lyonnais-feminin-que-s-ouvrent-les-portes-du-valhalla\/#primaryimage"},"image":{"@id":"https:\/\/dicodusport.fr\/blog\/avaldnes-olympique-lyonnais-feminin-que-s-ouvrent-les-portes-du-valhalla\/#primaryimage"},"thumbnailUrl":"https:\/\/dicodusport.fr\/blog\/wp-content\/uploads\/2018\/09\/Avaldnes-OL-f\u00e9minin.png","datePublished":"2018-09-14T09:00:19+00:00","description":"Au pays de Thor, d\u2019Odin, de Trolls et autres cr\u00e9atures fantastiques, les Fenottes ont lanc\u00e9 leur campagne europ\u00e9enne pour afin de d\u00e9crocher un 6\u00e8me titre.","breadcrumb":{"@id":"https:\/\/dicodusport.fr\/blog\/avaldnes-olympique-lyonnais-feminin-que-s-ouvrent-les-portes-du-valhalla\/#breadcrumb"},"inLanguage":"fr-FR","potentialAction":[{"@type":"ReadAction","target":["https:\/\/dicodusport.fr\/blog\/avaldnes-olympique-lyonnais-feminin-que-s-ouvrent-les-portes-du-valhalla\/"]}]},{"@type":"ImageObject","inLanguage":"fr-FR","@id":"https:\/\/dicodusport.fr\/blog\/avaldnes-olympique-lyonnais-feminin-que-s-ouvrent-les-portes-du-valhalla\/#primaryimage","url":"https:\/\/dicodusport.fr\/blog\/wp-content\/uploads\/2018\/09\/Avaldnes-OL-f\u00e9minin.png","contentUrl":"https:\/\/dicodusport.fr\/blog\/wp-content\/uploads\/2018\/09\/Avaldnes-OL-f\u00e9minin.png","width":800,"height":445},{"@type":"BreadcrumbList","@id":"https:\/\/dicodusport.fr\/blog\/avaldnes-olympique-lyonnais-feminin-que-s-ouvrent-les-portes-du-valhalla\/#breadcrumb","itemListElement":[{"@type":"ListItem","position":1,"name":"Accueil","item":"https:\/\/dicodusport.fr\/blog\/"},{"@type":"ListItem","position":2,"name":"Avaldnes \u2013 Olympique Lyonnais f\u00e9minin : que s\u2019ouvrent les portes du Valhalla"}]},{"@type":"WebSite","@id":"https:\/\/dicodusport.fr\/blog\/#website","url":"https:\/\/dicodusport.fr\/blog\/","name":"Dicodusport","description":"L&#039;encyclop\u00e9die de l&#039;actualit\u00e9 sportive","publisher":{"@id":"https:\/\/dicodusport.fr\/blog\/#organization"},"potentialAction":[{"@type":"SearchAction","target":{"@type":"EntryPoint","urlTemplate":"https:\/\/dicodusport.fr\/blog\/?s={search_term_string}"},"query-input":{"@type":"PropertyValueSpecification","valueRequired":true,"valueName":"search_term_string"}}],"inLanguage":"fr-FR"},{"@type":"NewsMediaOrganization","@id":"https:\/\/dicodusport.fr\/blog\/#organization","name":"Dicodusport","url":"https:\/\/dicodusport.fr\/blog\/","logo":{"@type":"ImageObject","inLanguage":"fr-FR","@id":"https:\/\/dicodusport.fr\/blog\/#\/schema\/logo\/image\/","url":"https:\/\/dicodusport.fr\/blog\/wp-content\/uploads\/2020\/06\/cropped-LOGO-DICODUSPORT-2020-SANS-FOND-SANS-TEXTE.png","contentUrl":"https:\/\/dicodusport.fr\/blog\/wp-content\/uploads\/2020\/06\/cropped-LOGO-DICODUSPORT-2020-SANS-FOND-SANS-TEXTE.png","width":512,"height":512,"caption":"Dicodusport"},"image":{"@id":"https:\/\/dicodusport.fr\/blog\/#\/schema\/logo\/image\/"},"sameAs":["https:\/\/www.facebook.com\/dicodusport","https:\/\/x.com\/dicodusport","https:\/\/www.instagram.com\/dicodusport\/","https:\/\/www.youtube.com\/channel\/UC7V2KZ5sd3htJivAbA4ZG3w"],"description":"Dicodusport est l'encyclop\u00e9die de l'actualit\u00e9 sportive.","email":"bonjour@dicodusport.fr","legalName":"DICODUSPORT","foundingDate":"2018-01-14","vatID":"FR71834470973","taxID":"83447097300043","numberOfEmployees":{"@type":"QuantitativeValue","minValue":"1","maxValue":"10"}},{"@type":"Person","@id":"https:\/\/dicodusport.fr\/blog\/#\/schema\/person\/cb02af4c173ce4a653b55e9baf388d4a","name":"Flo Ostermann","image":{"@type":"ImageObject","inLanguage":"fr-FR","@id":"https:\/\/dicodusport.fr\/blog\/#\/schema\/person\/image\/","url":"https:\/\/dicodusport.fr\/blog\/wp-content\/uploads\/2021\/05\/Flo-Ostermann-150x150.jpg","contentUrl":"https:\/\/dicodusport.fr\/blog\/wp-content\/uploads\/2021\/05\/Flo-Ostermann-150x150.jpg","caption":"Flo Ostermann"},"description":"Journaliste\/R\u00e9dacteur depuis septembre 2015 - Mes premiers souvenirs dans le sport ? Les envol\u00e9es du Stade Toulousain et les duels Villeneuve-Schumacher et H\u00e4kkinen-Schumacher \u00e0 la fin des ann\u00e9es 90, la Coupe du monde de football en 1998, l\u2019exploit du XV de France face aux All Blacks en 1999, mais aussi Richard C\u0153ur de Lion qui vole sur les montagnes du Tour de France. Bien parti pour devenir professeur d\u2019EPS, les \u00e9v\u00e9nements de la vie (et la flemme d\u2019animer des s\u00e9ances de 3x500 m\u00e8tres toute ma vie) m\u2019ont conduit \u00e0 revoir mes plans. Me voil\u00e0 depuis fin 2017 sur Dicodusport, m\u00e9dia gr\u00e2ce (et pour) lequel je partage ma passion : le sport dans tous ses \u00e9tats. Le tout accompagn\u00e9 par les fous furieux et folles furieuses cit\u00e9s sur cette page !","sameAs":["https:\/\/www.facebook.com\/florent.ostermann","https:\/\/x.com\/https:\/\/twitter.com\/FlOstermann","admin"],"url":"https:\/\/dicodusport.fr\/blog\/author\/flo\/"}]}},"_links":{"self":[{"href":"https:\/\/dicodusport.fr\/blog\/wp-json\/wp\/v2\/posts\/25642","targetHints":{"allow":["GET"]}}],"collection":[{"href":"https:\/\/dicodusport.fr\/blog\/wp-json\/wp\/v2\/posts"}],"about":[{"href":"https:\/\/dicodusport.fr\/blog\/wp-json\/wp\/v2\/types\/post"}],"author":[{"embeddable":true,"href":"https:\/\/dicodusport.fr\/blog\/wp-json\/wp\/v2\/users\/4"}],"replies":[{"embeddable":true,"href":"https:\/\/dicodusport.fr\/blog\/wp-json\/wp\/v2\/comments?post=25642"}],"version-history":[{"count":0,"href":"https:\/\/dicodusport.fr\/blog\/wp-json\/wp\/v2\/posts\/25642\/revisions"}],"wp:featuredmedia":[{"embeddable":true,"href":"https:\/\/dicodusport.fr\/blog\/wp-json\/wp\/v2\/media\/25643"}],"wp:attachment":[{"href":"https:\/\/dicodusport.fr\/blog\/wp-json\/wp\/v2\/media?parent=25642"}],"wp:term":[{"taxonomy":"category","embeddable":true,"href":"https:\/\/dicodusport.fr\/blog\/wp-json\/wp\/v2\/categories?post=25642"},{"taxonomy":"post_tag","embeddable":true,"href":"https:\/\/dicodusport.fr\/blog\/wp-json\/wp\/v2\/tags?post=25642"}],"curies":[{"name":"wp","href":"https:\/\/api.w.org\/{rel}","templated":true}]}}