{"id":256647,"date":"2022-08-27T11:31:33","date_gmt":"2022-08-27T09:31:33","guid":{"rendered":"https:\/\/dicodusport.fr\/blog\/?p=256647&#038;preview=true&#038;preview_id=256647"},"modified":"2022-08-27T11:57:18","modified_gmt":"2022-08-27T09:57:18","slug":"mondiaux-vtt-descente-2022-jenna-hastings-et-jordan-williams-titres","status":"publish","type":"post","link":"https:\/\/dicodusport.fr\/blog\/mondiaux-vtt-descente-2022-jenna-hastings-et-jordan-williams-titres\/","title":{"rendered":"Mondiaux VTT Descente 2022 : Jenna Hastings et Jordan Williams titr\u00e9s"},"content":{"rendered":"<p style=\"text-align: justify;\"><em><strong><a href=\"https:\/\/dicodusport.fr\/blog\/actualites\/cyclisme\/vtt\/championnats-du-monde-vtt-2022\/\">CHAMPIONNATS DU MONDE DE VTT 2022<\/a> &#8211; Ce samedi, la N\u00e9o-Z\u00e9landaise Jenna Hastings et le Britannique Jordan Williams ont d\u00e9croch\u00e9 le m\u00e9daille d&rsquo;or dans les \u00e9preuves de descentes juniors. Pas de breloque, en revanche, pour l&rsquo;\u00e9quipe de France.<\/strong><\/em><\/p>\n<p style=\"text-align: justify;\">Trois podiums en six manches de Coupe du monde juniors. Tel \u00e9tait le bilan de <strong>Jenna Hastings<\/strong> avant le d\u00e9but de Mondiaux, de quoi en faire une outsider l\u00e9gitime. Ce samedi, aux Gets, la N\u00e9o-Z\u00e9landaise a, en effet, fait parler la poudre pour d\u00e9crocher le titre mondial de VTT descente juniors. En 4:18.541, <strong>Hastings<\/strong>, impeccable techniquement, a devanc\u00e9 la Canadienne <strong>Gracey Hemstreet<\/strong> (+1.870). Cette derni\u00e8re, laur\u00e9ate de quatre manches de Coupe du monde et en bronze l&rsquo;ann\u00e9e pass\u00e9e en Val di Sole, faisait partie des grandes favorites. Derri\u00e8re, c&rsquo;est un peu la d\u00e9bandade. La Colombienne <strong>Valentina Roa Sanchez<\/strong>, avec une 4\u00e8me place en Coupe du monde comme meilleure performance cette saison, a r\u00e9ussi \u00e0 tirer son \u00e9pingle du jeu, en prenant le bronze, mais \u00e0 plus de 15 secondes de la laur\u00e9ate du jour. Premi\u00e8re Fran\u00e7aise, <strong>Lisa Bouladou<\/strong> se classe 5\u00e8me (+20.031).<\/p>\n<blockquote class=\"twitter-tweet\">\n<p dir=\"ltr\" lang=\"en\">Jenna Hastings is Women Junior DHI World Champion! &#x1f64c;<a href=\"https:\/\/twitter.com\/hashtag\/LesGets2022?src=hash&amp;ref_src=twsrc%5Etfw\">#LesGets2022<\/a> <a href=\"https:\/\/t.co\/wuk1HmptDe\">pic.twitter.com\/wuk1HmptDe<\/a><\/p>\n<p>\u2014 UCI MTB (@UCI_MTB) <a href=\"https:\/\/twitter.com\/UCI_MTB\/status\/1563437586852769793?ref_src=twsrc%5Etfw\">August 27, 2022<\/a><\/p><\/blockquote>\n<p><script async src=\"https:\/\/platform.twitter.com\/widgets.js\" charset=\"utf-8\"><\/script><\/p>\n<h2 style=\"text-align: justify;\"><strong>Jordan Williams tient son rang<\/strong><\/h2>\n<p style=\"text-align: justify;\">\u00c0 18 ans, <strong>Jordan Williams<\/strong> est une p\u00e9pite du VTT descente britannique. Vice-champion du monde l&rsquo;ann\u00e9e derni\u00e8re \u00e0 Val di Sole (Italie), il a cette fois mis la barre encore plus haute, en allant glaner l&rsquo;or. Avec six podiums en Coupe du monde cette saison, dont deux victoires, il a assum\u00e9 son statut de favori. En 3:28.324, il devance l&rsquo;Australien <strong>Remy Meier-Smith<\/strong> (+5.916). L&rsquo;Italien <strong>Davide Cappello<\/strong> a lui cr\u00e9e la surprise, en prenant la m\u00e9daille de bronze. C\u00f4t\u00e9 fran\u00e7ais, c&rsquo;est un peu la d\u00e9ception, avec une 8\u00e8me place pour <strong>Hugo Marini<\/strong>.<\/p>\n<blockquote class=\"twitter-tweet\">\n<p dir=\"ltr\" lang=\"en\">The first gold of <a href=\"https:\/\/twitter.com\/hashtag\/LesGets2022?src=hash&amp;ref_src=twsrc%5Etfw\">#LesGets2022<\/a> for <a href=\"https:\/\/twitter.com\/BritishCycling?ref_src=twsrc%5Etfw\">@BritishCycling<\/a> &#x1f3c5;<\/p>\n<p>Congrats Jordan Williams &#x1f1ec;&#x1f1e7; <a href=\"https:\/\/t.co\/cyoYBKwMCA\">pic.twitter.com\/cyoYBKwMCA<\/a><\/p>\n<p>\u2014 UCI MTB (@UCI_MTB) <a href=\"https:\/\/twitter.com\/UCI_MTB\/status\/1563460719961444358?ref_src=twsrc%5Etfw\">August 27, 2022<\/a><\/p><\/blockquote>\n<p><script async src=\"https:\/\/platform.twitter.com\/widgets.js\" charset=\"utf-8\"><\/script><\/p>\n<h2 style=\"text-align: justify;\">\u00c0 lire aussi<\/h2>\n<ul>\n<li style=\"text-align: justify;\"><a href=\"https:\/\/dicodusport.fr\/blog\/mondiaux-vtt-2022-classement-descente-juniors\/\"><strong>Classement de la course VTT Descente juniors femmes<\/strong><\/a><\/li>\n<li style=\"text-align: justify;\"><a href=\"https:\/\/dicodusport.fr\/blog\/mondiaux-vtt-2022-classement-descente-juniors-hommes\/\"><strong>Classement de la course VTT Descente juniors hommes<\/strong><\/a><\/li>\n<li style=\"text-align: justify;\"><a href=\"https:\/\/dicodusport.fr\/blog\/mondiaux-vtt-2022-programme-complet-et-resultats\/\"><strong>Programme et r\u00e9sultats des championnats du monde de VTT 2022<\/strong><\/a><\/li>\n<li style=\"text-align: justify;\"><a href=\"https:\/\/dicodusport.fr\/blog\/tableau-des-medailles-championnats-du-monde-de-vtt-2022\/\"><strong>Tableau des m\u00e9dailles des championnats du monde de VTT 2022<\/strong><\/a><\/li>\n<\/ul>\n","protected":false},"excerpt":{"rendered":"<p>CHAMPIONNATS DU MONDE DE VTT 2022 &#8211; Championne du monde de VTT XCC, Pauline Ferrand-Pr\u00e9vot \u00e9tait forc\u00e9ment heureuse face \u00e0 la presse vendredi soir. La Champenoise est d\u00e9j\u00e0 tourn\u00e9e vers dimanche et la course XCO.<\/p>\n","protected":false},"author":4,"featured_media":256652,"comment_status":"open","ping_status":"closed","sticky":false,"template":"","format":"standard","meta":{"_acf_changed":false,"_daextam_enable_autolinks":"","footnotes":""},"categories":[10279],"tags":[7768],"class_list":["post-256647","post","type-post","status-publish","format-standard","has-post-thumbnail","hentry","category-vtt","tag-vtt-descente"],"acf":[],"yoast_head":"<!-- This site is optimized with the Yoast SEO Premium plugin v26.7 (Yoast SEO v26.7) - https:\/\/yoast.com\/wordpress\/plugins\/seo\/ -->\n<title>Mondiaux VTT Descente 2022 : Jenna Hastings et Jordan Williams titr\u00e9s<\/title>\n<meta name=\"description\" content=\"CHAMPIONNATS DU MONDE DE VTT 2022 - Championne du monde de VTT XCC, Pauline Ferrand-Pr\u00e9vot \u00e9tait heureuse face \u00e0 la presse vendredi.\" \/>\n<meta name=\"robots\" content=\"index, follow, max-snippet:-1, max-image-preview:large, max-video-preview:-1\" \/>\n<link rel=\"canonical\" href=\"https:\/\/dicodusport.fr\/blog\/mondiaux-vtt-descente-2022-jenna-hastings-et-jordan-williams-titres\/\" \/>\n<meta property=\"og:locale\" content=\"fr_FR\" \/>\n<meta property=\"og:type\" content=\"article\" \/>\n<meta property=\"og:title\" content=\"Mondiaux VTT Descente 2022 : Jenna Hastings et Jordan Williams titr\u00e9s\" \/>\n<meta property=\"og:description\" content=\"CHAMPIONNATS DU MONDE DE VTT 2022 - Championne du monde de VTT XCC, Pauline Ferrand-Pr\u00e9vot \u00e9tait heureuse face \u00e0 la presse vendredi.\" \/>\n<meta property=\"og:url\" content=\"https:\/\/dicodusport.fr\/blog\/mondiaux-vtt-descente-2022-jenna-hastings-et-jordan-williams-titres\/\" \/>\n<meta property=\"og:site_name\" content=\"Dicodusport\" \/>\n<meta property=\"article:publisher\" content=\"https:\/\/www.facebook.com\/dicodusport\" \/>\n<meta property=\"article:author\" content=\"https:\/\/www.facebook.com\/florent.ostermann\" \/>\n<meta property=\"article:published_time\" content=\"2022-08-27T09:31:33+00:00\" \/>\n<meta property=\"article:modified_time\" content=\"2022-08-27T09:57:18+00:00\" \/>\n<meta property=\"og:image\" content=\"https:\/\/dicodusport.fr\/blog\/wp-content\/uploads\/2022\/08\/Mondiaux-VTT-Descente-2022-Jenna-Hastings-et-Jordan-Williams-titres.png\" \/>\n\t<meta property=\"og:image:width\" content=\"800\" \/>\n\t<meta property=\"og:image:height\" content=\"445\" \/>\n\t<meta property=\"og:image:type\" content=\"image\/png\" \/>\n<meta name=\"author\" content=\"Flo Ostermann\" \/>\n<meta name=\"twitter:card\" content=\"summary_large_image\" \/>\n<meta name=\"twitter:title\" content=\"Mondiaux VTT Descente 2022 : Jenna Hastings et Jordan Williams titr\u00e9s\" \/>\n<meta name=\"twitter:creator\" content=\"@https:\/\/twitter.com\/FlOstermann\" \/>\n<meta name=\"twitter:site\" content=\"@dicodusport\" \/>\n<script type=\"application\/ld+json\" class=\"yoast-schema-graph\">{\"@context\":\"https:\/\/schema.org\",\"@graph\":[{\"@type\":\"NewsArticle\",\"@id\":\"https:\/\/dicodusport.fr\/blog\/mondiaux-vtt-descente-2022-jenna-hastings-et-jordan-williams-titres\/#article\",\"isPartOf\":{\"@id\":\"https:\/\/dicodusport.fr\/blog\/mondiaux-vtt-descente-2022-jenna-hastings-et-jordan-williams-titres\/\"},\"author\":{\"name\":\"Flo Ostermann\",\"@id\":\"https:\/\/dicodusport.fr\/blog\/#\/schema\/person\/cb02af4c173ce4a653b55e9baf388d4a\"},\"headline\":\"Mondiaux VTT Descente 2022 : Jenna Hastings et Jordan Williams titr\u00e9s\",\"datePublished\":\"2022-08-27T09:31:33+00:00\",\"dateModified\":\"2022-08-27T09:57:18+00:00\",\"mainEntityOfPage\":{\"@id\":\"https:\/\/dicodusport.fr\/blog\/mondiaux-vtt-descente-2022-jenna-hastings-et-jordan-williams-titres\/\"},\"wordCount\":398,\"commentCount\":0,\"publisher\":{\"@id\":\"https:\/\/dicodusport.fr\/blog\/#organization\"},\"image\":{\"@id\":\"https:\/\/dicodusport.fr\/blog\/mondiaux-vtt-descente-2022-jenna-hastings-et-jordan-williams-titres\/#primaryimage\"},\"thumbnailUrl\":\"https:\/\/dicodusport.fr\/blog\/wp-content\/uploads\/2022\/08\/Mondiaux-VTT-Descente-2022-Jenna-Hastings-et-Jordan-Williams-titres.png\",\"keywords\":[\"VTT Descente\"],\"articleSection\":[\"VTT\"],\"inLanguage\":\"fr-FR\",\"potentialAction\":[{\"@type\":\"CommentAction\",\"name\":\"Comment\",\"target\":[\"https:\/\/dicodusport.fr\/blog\/mondiaux-vtt-descente-2022-jenna-hastings-et-jordan-williams-titres\/#respond\"]}],\"copyrightYear\":\"2022\",\"copyrightHolder\":{\"@id\":\"https:\/\/dicodusport.fr\/blog\/#organization\"}},{\"@type\":\"WebPage\",\"@id\":\"https:\/\/dicodusport.fr\/blog\/mondiaux-vtt-descente-2022-jenna-hastings-et-jordan-williams-titres\/\",\"url\":\"https:\/\/dicodusport.fr\/blog\/mondiaux-vtt-descente-2022-jenna-hastings-et-jordan-williams-titres\/\",\"name\":\"Mondiaux VTT Descente 2022 : Jenna Hastings et Jordan Williams titr\u00e9s\",\"isPartOf\":{\"@id\":\"https:\/\/dicodusport.fr\/blog\/#website\"},\"primaryImageOfPage\":{\"@id\":\"https:\/\/dicodusport.fr\/blog\/mondiaux-vtt-descente-2022-jenna-hastings-et-jordan-williams-titres\/#primaryimage\"},\"image\":{\"@id\":\"https:\/\/dicodusport.fr\/blog\/mondiaux-vtt-descente-2022-jenna-hastings-et-jordan-williams-titres\/#primaryimage\"},\"thumbnailUrl\":\"https:\/\/dicodusport.fr\/blog\/wp-content\/uploads\/2022\/08\/Mondiaux-VTT-Descente-2022-Jenna-Hastings-et-Jordan-Williams-titres.png\",\"datePublished\":\"2022-08-27T09:31:33+00:00\",\"dateModified\":\"2022-08-27T09:57:18+00:00\",\"description\":\"CHAMPIONNATS DU MONDE DE VTT 2022 - Championne du monde de VTT XCC, Pauline Ferrand-Pr\u00e9vot \u00e9tait heureuse face \u00e0 la presse vendredi.\",\"breadcrumb\":{\"@id\":\"https:\/\/dicodusport.fr\/blog\/mondiaux-vtt-descente-2022-jenna-hastings-et-jordan-williams-titres\/#breadcrumb\"},\"inLanguage\":\"fr-FR\",\"potentialAction\":[{\"@type\":\"ReadAction\",\"target\":[\"https:\/\/dicodusport.fr\/blog\/mondiaux-vtt-descente-2022-jenna-hastings-et-jordan-williams-titres\/\"]}]},{\"@type\":\"ImageObject\",\"inLanguage\":\"fr-FR\",\"@id\":\"https:\/\/dicodusport.fr\/blog\/mondiaux-vtt-descente-2022-jenna-hastings-et-jordan-williams-titres\/#primaryimage\",\"url\":\"https:\/\/dicodusport.fr\/blog\/wp-content\/uploads\/2022\/08\/Mondiaux-VTT-Descente-2022-Jenna-Hastings-et-Jordan-Williams-titres.png\",\"contentUrl\":\"https:\/\/dicodusport.fr\/blog\/wp-content\/uploads\/2022\/08\/Mondiaux-VTT-Descente-2022-Jenna-Hastings-et-Jordan-Williams-titres.png\",\"width\":800,\"height\":445,\"caption\":\"Mondiaux VTT Descente 2022 Jenna Hastings et Jordan Williams titr\u00e9s\"},{\"@type\":\"BreadcrumbList\",\"@id\":\"https:\/\/dicodusport.fr\/blog\/mondiaux-vtt-descente-2022-jenna-hastings-et-jordan-williams-titres\/#breadcrumb\",\"itemListElement\":[{\"@type\":\"ListItem\",\"position\":1,\"name\":\"Accueil\",\"item\":\"https:\/\/dicodusport.fr\/blog\/\"},{\"@type\":\"ListItem\",\"position\":2,\"name\":\"Mondiaux VTT Descente 2022 : Jenna Hastings et Jordan Williams titr\u00e9s\"}]},{\"@type\":\"WebSite\",\"@id\":\"https:\/\/dicodusport.fr\/blog\/#website\",\"url\":\"https:\/\/dicodusport.fr\/blog\/\",\"name\":\"Dicodusport\",\"description\":\"L&#039;encyclop\u00e9die de l&#039;actualit\u00e9 sportive\",\"publisher\":{\"@id\":\"https:\/\/dicodusport.fr\/blog\/#organization\"},\"potentialAction\":[{\"@type\":\"SearchAction\",\"target\":{\"@type\":\"EntryPoint\",\"urlTemplate\":\"https:\/\/dicodusport.fr\/blog\/?s={search_term_string}\"},\"query-input\":{\"@type\":\"PropertyValueSpecification\",\"valueRequired\":true,\"valueName\":\"search_term_string\"}}],\"inLanguage\":\"fr-FR\"},{\"@type\":\"NewsMediaOrganization\",\"@id\":\"https:\/\/dicodusport.fr\/blog\/#organization\",\"name\":\"Dicodusport\",\"url\":\"https:\/\/dicodusport.fr\/blog\/\",\"logo\":{\"@type\":\"ImageObject\",\"inLanguage\":\"fr-FR\",\"@id\":\"https:\/\/dicodusport.fr\/blog\/#\/schema\/logo\/image\/\",\"url\":\"https:\/\/dicodusport.fr\/blog\/wp-content\/uploads\/2020\/06\/cropped-LOGO-DICODUSPORT-2020-SANS-FOND-SANS-TEXTE.png\",\"contentUrl\":\"https:\/\/dicodusport.fr\/blog\/wp-content\/uploads\/2020\/06\/cropped-LOGO-DICODUSPORT-2020-SANS-FOND-SANS-TEXTE.png\",\"width\":512,\"height\":512,\"caption\":\"Dicodusport\"},\"image\":{\"@id\":\"https:\/\/dicodusport.fr\/blog\/#\/schema\/logo\/image\/\"},\"sameAs\":[\"https:\/\/www.facebook.com\/dicodusport\",\"https:\/\/x.com\/dicodusport\",\"https:\/\/www.instagram.com\/dicodusport\/\",\"https:\/\/www.youtube.com\/channel\/UC7V2KZ5sd3htJivAbA4ZG3w\"],\"description\":\"Dicodusport est l'encyclop\u00e9die de l'actualit\u00e9 sportive.\",\"email\":\"bonjour@dicodusport.fr\",\"legalName\":\"DICODUSPORT\",\"foundingDate\":\"2018-01-14\",\"vatID\":\"FR71834470973\",\"taxID\":\"83447097300043\",\"numberOfEmployees\":{\"@type\":\"QuantitativeValue\",\"minValue\":\"1\",\"maxValue\":\"10\"}},{\"@type\":\"Person\",\"@id\":\"https:\/\/dicodusport.fr\/blog\/#\/schema\/person\/cb02af4c173ce4a653b55e9baf388d4a\",\"name\":\"Flo Ostermann\",\"image\":{\"@type\":\"ImageObject\",\"inLanguage\":\"fr-FR\",\"@id\":\"https:\/\/dicodusport.fr\/blog\/#\/schema\/person\/image\/\",\"url\":\"https:\/\/dicodusport.fr\/blog\/wp-content\/uploads\/2021\/05\/Flo-Ostermann-150x150.jpg\",\"contentUrl\":\"https:\/\/dicodusport.fr\/blog\/wp-content\/uploads\/2021\/05\/Flo-Ostermann-150x150.jpg\",\"caption\":\"Flo Ostermann\"},\"description\":\"Journaliste\/R\u00e9dacteur depuis septembre 2015 - Mes premiers souvenirs dans le sport ? Les envol\u00e9es du Stade Toulousain et les duels Villeneuve-Schumacher et H\u00e4kkinen-Schumacher \u00e0 la fin des ann\u00e9es 90, la Coupe du monde de football en 1998, l\u2019exploit du XV de France face aux All Blacks en 1999, mais aussi Richard C\u0153ur de Lion qui vole sur les montagnes du Tour de France. Bien parti pour devenir professeur d\u2019EPS, les \u00e9v\u00e9nements de la vie (et la flemme d\u2019animer des s\u00e9ances de 3x500 m\u00e8tres toute ma vie) m\u2019ont conduit \u00e0 revoir mes plans. Me voil\u00e0 depuis fin 2017 sur Dicodusport, m\u00e9dia gr\u00e2ce (et pour) lequel je partage ma passion : le sport dans tous ses \u00e9tats. Le tout accompagn\u00e9 par les fous furieux et folles furieuses cit\u00e9s sur cette page !\",\"sameAs\":[\"https:\/\/www.facebook.com\/florent.ostermann\",\"https:\/\/x.com\/https:\/\/twitter.com\/FlOstermann\",\"admin\"],\"url\":\"https:\/\/dicodusport.fr\/blog\/author\/flo\/\"}]}<\/script>\n<!-- \/ Yoast SEO Premium plugin. -->","yoast_head_json":{"title":"Mondiaux VTT Descente 2022 : Jenna Hastings et Jordan Williams titr\u00e9s","description":"CHAMPIONNATS DU MONDE DE VTT 2022 - Championne du monde de VTT XCC, Pauline Ferrand-Pr\u00e9vot \u00e9tait heureuse face \u00e0 la presse vendredi.","robots":{"index":"index","follow":"follow","max-snippet":"max-snippet:-1","max-image-preview":"max-image-preview:large","max-video-preview":"max-video-preview:-1"},"canonical":"https:\/\/dicodusport.fr\/blog\/mondiaux-vtt-descente-2022-jenna-hastings-et-jordan-williams-titres\/","og_locale":"fr_FR","og_type":"article","og_title":"Mondiaux VTT Descente 2022 : Jenna Hastings et Jordan Williams titr\u00e9s","og_description":"CHAMPIONNATS DU MONDE DE VTT 2022 - Championne du monde de VTT XCC, Pauline Ferrand-Pr\u00e9vot \u00e9tait heureuse face \u00e0 la presse vendredi.","og_url":"https:\/\/dicodusport.fr\/blog\/mondiaux-vtt-descente-2022-jenna-hastings-et-jordan-williams-titres\/","og_site_name":"Dicodusport","article_publisher":"https:\/\/www.facebook.com\/dicodusport","article_author":"https:\/\/www.facebook.com\/florent.ostermann","article_published_time":"2022-08-27T09:31:33+00:00","article_modified_time":"2022-08-27T09:57:18+00:00","og_image":[{"width":800,"height":445,"url":"https:\/\/dicodusport.fr\/blog\/wp-content\/uploads\/2022\/08\/Mondiaux-VTT-Descente-2022-Jenna-Hastings-et-Jordan-Williams-titres.png","type":"image\/png"}],"author":"Flo Ostermann","twitter_card":"summary_large_image","twitter_title":"Mondiaux VTT Descente 2022 : Jenna Hastings et Jordan Williams titr\u00e9s","twitter_creator":"@https:\/\/twitter.com\/FlOstermann","twitter_site":"@dicodusport","schema":{"@context":"https:\/\/schema.org","@graph":[{"@type":"NewsArticle","@id":"https:\/\/dicodusport.fr\/blog\/mondiaux-vtt-descente-2022-jenna-hastings-et-jordan-williams-titres\/#article","isPartOf":{"@id":"https:\/\/dicodusport.fr\/blog\/mondiaux-vtt-descente-2022-jenna-hastings-et-jordan-williams-titres\/"},"author":{"name":"Flo Ostermann","@id":"https:\/\/dicodusport.fr\/blog\/#\/schema\/person\/cb02af4c173ce4a653b55e9baf388d4a"},"headline":"Mondiaux VTT Descente 2022 : Jenna Hastings et Jordan Williams titr\u00e9s","datePublished":"2022-08-27T09:31:33+00:00","dateModified":"2022-08-27T09:57:18+00:00","mainEntityOfPage":{"@id":"https:\/\/dicodusport.fr\/blog\/mondiaux-vtt-descente-2022-jenna-hastings-et-jordan-williams-titres\/"},"wordCount":398,"commentCount":0,"publisher":{"@id":"https:\/\/dicodusport.fr\/blog\/#organization"},"image":{"@id":"https:\/\/dicodusport.fr\/blog\/mondiaux-vtt-descente-2022-jenna-hastings-et-jordan-williams-titres\/#primaryimage"},"thumbnailUrl":"https:\/\/dicodusport.fr\/blog\/wp-content\/uploads\/2022\/08\/Mondiaux-VTT-Descente-2022-Jenna-Hastings-et-Jordan-Williams-titres.png","keywords":["VTT Descente"],"articleSection":["VTT"],"inLanguage":"fr-FR","potentialAction":[{"@type":"CommentAction","name":"Comment","target":["https:\/\/dicodusport.fr\/blog\/mondiaux-vtt-descente-2022-jenna-hastings-et-jordan-williams-titres\/#respond"]}],"copyrightYear":"2022","copyrightHolder":{"@id":"https:\/\/dicodusport.fr\/blog\/#organization"}},{"@type":"WebPage","@id":"https:\/\/dicodusport.fr\/blog\/mondiaux-vtt-descente-2022-jenna-hastings-et-jordan-williams-titres\/","url":"https:\/\/dicodusport.fr\/blog\/mondiaux-vtt-descente-2022-jenna-hastings-et-jordan-williams-titres\/","name":"Mondiaux VTT Descente 2022 : Jenna Hastings et Jordan Williams titr\u00e9s","isPartOf":{"@id":"https:\/\/dicodusport.fr\/blog\/#website"},"primaryImageOfPage":{"@id":"https:\/\/dicodusport.fr\/blog\/mondiaux-vtt-descente-2022-jenna-hastings-et-jordan-williams-titres\/#primaryimage"},"image":{"@id":"https:\/\/dicodusport.fr\/blog\/mondiaux-vtt-descente-2022-jenna-hastings-et-jordan-williams-titres\/#primaryimage"},"thumbnailUrl":"https:\/\/dicodusport.fr\/blog\/wp-content\/uploads\/2022\/08\/Mondiaux-VTT-Descente-2022-Jenna-Hastings-et-Jordan-Williams-titres.png","datePublished":"2022-08-27T09:31:33+00:00","dateModified":"2022-08-27T09:57:18+00:00","description":"CHAMPIONNATS DU MONDE DE VTT 2022 - Championne du monde de VTT XCC, Pauline Ferrand-Pr\u00e9vot \u00e9tait heureuse face \u00e0 la presse vendredi.","breadcrumb":{"@id":"https:\/\/dicodusport.fr\/blog\/mondiaux-vtt-descente-2022-jenna-hastings-et-jordan-williams-titres\/#breadcrumb"},"inLanguage":"fr-FR","potentialAction":[{"@type":"ReadAction","target":["https:\/\/dicodusport.fr\/blog\/mondiaux-vtt-descente-2022-jenna-hastings-et-jordan-williams-titres\/"]}]},{"@type":"ImageObject","inLanguage":"fr-FR","@id":"https:\/\/dicodusport.fr\/blog\/mondiaux-vtt-descente-2022-jenna-hastings-et-jordan-williams-titres\/#primaryimage","url":"https:\/\/dicodusport.fr\/blog\/wp-content\/uploads\/2022\/08\/Mondiaux-VTT-Descente-2022-Jenna-Hastings-et-Jordan-Williams-titres.png","contentUrl":"https:\/\/dicodusport.fr\/blog\/wp-content\/uploads\/2022\/08\/Mondiaux-VTT-Descente-2022-Jenna-Hastings-et-Jordan-Williams-titres.png","width":800,"height":445,"caption":"Mondiaux VTT Descente 2022 Jenna Hastings et Jordan Williams titr\u00e9s"},{"@type":"BreadcrumbList","@id":"https:\/\/dicodusport.fr\/blog\/mondiaux-vtt-descente-2022-jenna-hastings-et-jordan-williams-titres\/#breadcrumb","itemListElement":[{"@type":"ListItem","position":1,"name":"Accueil","item":"https:\/\/dicodusport.fr\/blog\/"},{"@type":"ListItem","position":2,"name":"Mondiaux VTT Descente 2022 : Jenna Hastings et Jordan Williams titr\u00e9s"}]},{"@type":"WebSite","@id":"https:\/\/dicodusport.fr\/blog\/#website","url":"https:\/\/dicodusport.fr\/blog\/","name":"Dicodusport","description":"L&#039;encyclop\u00e9die de l&#039;actualit\u00e9 sportive","publisher":{"@id":"https:\/\/dicodusport.fr\/blog\/#organization"},"potentialAction":[{"@type":"SearchAction","target":{"@type":"EntryPoint","urlTemplate":"https:\/\/dicodusport.fr\/blog\/?s={search_term_string}"},"query-input":{"@type":"PropertyValueSpecification","valueRequired":true,"valueName":"search_term_string"}}],"inLanguage":"fr-FR"},{"@type":"NewsMediaOrganization","@id":"https:\/\/dicodusport.fr\/blog\/#organization","name":"Dicodusport","url":"https:\/\/dicodusport.fr\/blog\/","logo":{"@type":"ImageObject","inLanguage":"fr-FR","@id":"https:\/\/dicodusport.fr\/blog\/#\/schema\/logo\/image\/","url":"https:\/\/dicodusport.fr\/blog\/wp-content\/uploads\/2020\/06\/cropped-LOGO-DICODUSPORT-2020-SANS-FOND-SANS-TEXTE.png","contentUrl":"https:\/\/dicodusport.fr\/blog\/wp-content\/uploads\/2020\/06\/cropped-LOGO-DICODUSPORT-2020-SANS-FOND-SANS-TEXTE.png","width":512,"height":512,"caption":"Dicodusport"},"image":{"@id":"https:\/\/dicodusport.fr\/blog\/#\/schema\/logo\/image\/"},"sameAs":["https:\/\/www.facebook.com\/dicodusport","https:\/\/x.com\/dicodusport","https:\/\/www.instagram.com\/dicodusport\/","https:\/\/www.youtube.com\/channel\/UC7V2KZ5sd3htJivAbA4ZG3w"],"description":"Dicodusport est l'encyclop\u00e9die de l'actualit\u00e9 sportive.","email":"bonjour@dicodusport.fr","legalName":"DICODUSPORT","foundingDate":"2018-01-14","vatID":"FR71834470973","taxID":"83447097300043","numberOfEmployees":{"@type":"QuantitativeValue","minValue":"1","maxValue":"10"}},{"@type":"Person","@id":"https:\/\/dicodusport.fr\/blog\/#\/schema\/person\/cb02af4c173ce4a653b55e9baf388d4a","name":"Flo Ostermann","image":{"@type":"ImageObject","inLanguage":"fr-FR","@id":"https:\/\/dicodusport.fr\/blog\/#\/schema\/person\/image\/","url":"https:\/\/dicodusport.fr\/blog\/wp-content\/uploads\/2021\/05\/Flo-Ostermann-150x150.jpg","contentUrl":"https:\/\/dicodusport.fr\/blog\/wp-content\/uploads\/2021\/05\/Flo-Ostermann-150x150.jpg","caption":"Flo Ostermann"},"description":"Journaliste\/R\u00e9dacteur depuis septembre 2015 - Mes premiers souvenirs dans le sport ? Les envol\u00e9es du Stade Toulousain et les duels Villeneuve-Schumacher et H\u00e4kkinen-Schumacher \u00e0 la fin des ann\u00e9es 90, la Coupe du monde de football en 1998, l\u2019exploit du XV de France face aux All Blacks en 1999, mais aussi Richard C\u0153ur de Lion qui vole sur les montagnes du Tour de France. Bien parti pour devenir professeur d\u2019EPS, les \u00e9v\u00e9nements de la vie (et la flemme d\u2019animer des s\u00e9ances de 3x500 m\u00e8tres toute ma vie) m\u2019ont conduit \u00e0 revoir mes plans. Me voil\u00e0 depuis fin 2017 sur Dicodusport, m\u00e9dia gr\u00e2ce (et pour) lequel je partage ma passion : le sport dans tous ses \u00e9tats. Le tout accompagn\u00e9 par les fous furieux et folles furieuses cit\u00e9s sur cette page !","sameAs":["https:\/\/www.facebook.com\/florent.ostermann","https:\/\/x.com\/https:\/\/twitter.com\/FlOstermann","admin"],"url":"https:\/\/dicodusport.fr\/blog\/author\/flo\/"}]}},"_links":{"self":[{"href":"https:\/\/dicodusport.fr\/blog\/wp-json\/wp\/v2\/posts\/256647","targetHints":{"allow":["GET"]}}],"collection":[{"href":"https:\/\/dicodusport.fr\/blog\/wp-json\/wp\/v2\/posts"}],"about":[{"href":"https:\/\/dicodusport.fr\/blog\/wp-json\/wp\/v2\/types\/post"}],"author":[{"embeddable":true,"href":"https:\/\/dicodusport.fr\/blog\/wp-json\/wp\/v2\/users\/4"}],"replies":[{"embeddable":true,"href":"https:\/\/dicodusport.fr\/blog\/wp-json\/wp\/v2\/comments?post=256647"}],"version-history":[{"count":0,"href":"https:\/\/dicodusport.fr\/blog\/wp-json\/wp\/v2\/posts\/256647\/revisions"}],"wp:featuredmedia":[{"embeddable":true,"href":"https:\/\/dicodusport.fr\/blog\/wp-json\/wp\/v2\/media\/256652"}],"wp:attachment":[{"href":"https:\/\/dicodusport.fr\/blog\/wp-json\/wp\/v2\/media?parent=256647"}],"wp:term":[{"taxonomy":"category","embeddable":true,"href":"https:\/\/dicodusport.fr\/blog\/wp-json\/wp\/v2\/categories?post=256647"},{"taxonomy":"post_tag","embeddable":true,"href":"https:\/\/dicodusport.fr\/blog\/wp-json\/wp\/v2\/tags?post=256647"}],"curies":[{"name":"wp","href":"https:\/\/api.w.org\/{rel}","templated":true}]}}