{"id":256710,"date":"2022-08-27T14:33:46","date_gmt":"2022-08-27T12:33:46","guid":{"rendered":"https:\/\/dicodusport.fr\/blog\/?p=256710&#038;preview=true&#038;preview_id=256710"},"modified":"2022-08-28T00:25:42","modified_gmt":"2022-08-27T22:25:42","slug":"mondiaux-vtt-descente-2022-myriam-nicole-bronze-valentina-holl-titree","status":"publish","type":"post","link":"https:\/\/dicodusport.fr\/blog\/mondiaux-vtt-descente-2022-myriam-nicole-bronze-valentina-holl-titree\/","title":{"rendered":"Mondiaux VTT Descente 2022 : Myriam Nicole en bronze, Valentina H\u00f6ll titr\u00e9e"},"content":{"rendered":"<p style=\"text-align: justify;\"><em><strong><a href=\"https:\/\/dicodusport.fr\/blog\/actualites\/cyclisme\/vtt\/championnats-du-monde-vtt-2022\/\">CHAMPIONNATS DU MONDE DE VTT 2022<\/a> &#8211; Championne du monde sortante, Myriam Nicole a d\u00e9croch\u00e9 la m\u00e9daille de bronze ce samedi, lors des Mondiaux de VTT Descente aux Gets (France). Le titre est revenu \u00e0 la surdou\u00e9e autrichienne Valentina H\u00f6ll.<\/strong><\/em><\/p>\n<p style=\"text-align: justify;\"><strong>Myriam Nicole<\/strong> a rendu sa couronne. La Fran\u00e7aise a pris ce samedi la m\u00e9daille de bronze des <strong>championnats du monde de VTT descente aux Gets (France)<\/strong>, dans une incroyable ambiance. Sacr\u00e9e en 2019 et 2021, l&rsquo;H\u00e9raultaise \u00e9tait la grande favorite \u00e0 sa propre succession. Sup\u00e9rieure \u00e0 la concurrence sur le haut du parcours, <strong>Myriam Nicole<\/strong> a ensuite \u00ab trop assur\u00e9 \u00bb selon ses propres mots. Cons\u00e9quence, devant elle, l&rsquo;Autrichienne <strong>Valentina H\u00f6ll<\/strong>, 20 ans, sacr\u00e9e chez les juniors en 2018 et 2019 en a profit\u00e9. Auteur d&rsquo;un parcours sans-faute en 3:53.857, elle devance l&rsquo;Allemande <strong>Nina Hoffmann<\/strong> (+0.906). Nicole, elle, d\u00e9croche tout de m\u00eame une 6\u00e8me m\u00e9daille mondiale chez les \u00e9lites.<\/p>\n<blockquote class=\"twitter-tweet\">\n<p dir=\"ltr\" lang=\"en\">Clean and hard on the pedals &#x1f525;<a href=\"https:\/\/twitter.com\/HllVali?ref_src=twsrc%5Etfw\">@HllVali<\/a> &#x1f1e6;&#x1f1f9; is Women Elite DHI World Champion &#x1f308;&#x1f947;<a href=\"https:\/\/twitter.com\/hashtag\/LesGets2022?src=hash&amp;ref_src=twsrc%5Etfw\">#LesGets2022<\/a> <a href=\"https:\/\/t.co\/JCzeA8JOMB\">pic.twitter.com\/JCzeA8JOMB<\/a><\/p>\n<p>\u2014 UCI MTB (@UCI_MTB) <a href=\"https:\/\/twitter.com\/UCI_MTB\/status\/1563504774091120642?ref_src=twsrc%5Etfw\">August 27, 2022<\/a><\/p><\/blockquote>\n<p><script async src=\"https:\/\/platform.twitter.com\/widgets.js\" charset=\"utf-8\"><\/script><\/p>\n<h2 style=\"text-align: justify;\">\u00c0 lire aussi<\/h2>\n<ul>\n<li style=\"text-align: justify;\"><a href=\"https:\/\/dicodusport.fr\/blog\/mondiaux-vtt-2022-classement-descente-elites-femmes\/\"><strong>Classement de la course VTT Descente \u00c9lites femmes<\/strong><\/a><\/li>\n<li style=\"text-align: justify;\"><a href=\"https:\/\/dicodusport.fr\/blog\/mondiaux-vtt-2022-programme-complet-et-resultats\/\"><strong>Programme et r\u00e9sultats des championnats du monde de VTT 2022<\/strong><\/a><\/li>\n<li style=\"text-align: justify;\"><a href=\"https:\/\/dicodusport.fr\/blog\/tableau-des-medailles-championnats-du-monde-de-vtt-2022\/\"><strong>Tableau des m\u00e9dailles des championnats du monde de VTT 2022<\/strong><\/a><\/li>\n<\/ul>\n","protected":false},"excerpt":{"rendered":"<p>CHAMPIONNATS DU MONDE DE VTT 2022 &#8211; Championne du monde sortante, Myriam Nicole a d\u00e9croch\u00e9 la m\u00e9daille de bronze ce samedi, lors des Mondiaux de VTT Descente aux Gets (France). Le titre est revenu \u00e0 la surdou\u00e9e autrichienne Valentina H\u00f6ll.<\/p>\n","protected":false},"author":4,"featured_media":256904,"comment_status":"open","ping_status":"closed","sticky":false,"template":"","format":"standard","meta":{"_acf_changed":false,"_daextam_enable_autolinks":"","footnotes":""},"categories":[10279],"tags":[7768],"class_list":["post-256710","post","type-post","status-publish","format-standard","has-post-thumbnail","hentry","category-vtt","tag-vtt-descente"],"acf":[],"yoast_head":"<!-- This site is optimized with the Yoast SEO Premium plugin v26.7 (Yoast SEO v26.7) - https:\/\/yoast.com\/wordpress\/plugins\/seo\/ -->\n<title>Mondiaux VTT Descente 2022 : Myriam Nicole en bronze, Valentina H\u00f6ll titr\u00e9e<\/title>\n<meta name=\"description\" content=\"Championne du monde sortante, Myriam Nicole a d\u00e9croch\u00e9 la m\u00e9daille de bronze ce samedi, lors des Mondiaux de VTT Descente aux Gets (France).\" \/>\n<meta name=\"robots\" content=\"index, follow, max-snippet:-1, max-image-preview:large, max-video-preview:-1\" \/>\n<link rel=\"canonical\" href=\"https:\/\/dicodusport.fr\/blog\/mondiaux-vtt-descente-2022-myriam-nicole-bronze-valentina-holl-titree\/\" \/>\n<meta property=\"og:locale\" content=\"fr_FR\" \/>\n<meta property=\"og:type\" content=\"article\" \/>\n<meta property=\"og:title\" content=\"Mondiaux VTT Descente 2022 : Myriam Nicole en bronze, Valentina H\u00f6ll titr\u00e9e\" \/>\n<meta property=\"og:description\" content=\"Championne du monde sortante, Myriam Nicole a d\u00e9croch\u00e9 la m\u00e9daille de bronze ce samedi, lors des Mondiaux de VTT Descente aux Gets (France).\" \/>\n<meta property=\"og:url\" content=\"https:\/\/dicodusport.fr\/blog\/mondiaux-vtt-descente-2022-myriam-nicole-bronze-valentina-holl-titree\/\" \/>\n<meta property=\"og:site_name\" content=\"Dicodusport\" \/>\n<meta property=\"article:publisher\" content=\"https:\/\/www.facebook.com\/dicodusport\" \/>\n<meta property=\"article:author\" content=\"https:\/\/www.facebook.com\/florent.ostermann\" \/>\n<meta property=\"article:published_time\" content=\"2022-08-27T12:33:46+00:00\" \/>\n<meta property=\"article:modified_time\" content=\"2022-08-27T22:25:42+00:00\" \/>\n<meta property=\"og:image\" content=\"https:\/\/dicodusport.fr\/blog\/wp-content\/uploads\/2022\/08\/Mondiaux-VTT-Descente-2022-Myriam-Nicole-en-bronze-Valentina-Holl-titree-1.png\" \/>\n\t<meta property=\"og:image:width\" content=\"800\" \/>\n\t<meta property=\"og:image:height\" content=\"445\" \/>\n\t<meta property=\"og:image:type\" content=\"image\/png\" \/>\n<meta name=\"author\" content=\"Flo Ostermann\" \/>\n<meta name=\"twitter:card\" content=\"summary_large_image\" \/>\n<meta name=\"twitter:title\" content=\"Mondiaux VTT Descente 2022 : Myriam Nicole en bronze, Valentina H\u00f6ll titr\u00e9e\" \/>\n<meta name=\"twitter:creator\" content=\"@https:\/\/twitter.com\/FlOstermann\" \/>\n<meta name=\"twitter:site\" content=\"@dicodusport\" \/>\n<script type=\"application\/ld+json\" class=\"yoast-schema-graph\">{\"@context\":\"https:\/\/schema.org\",\"@graph\":[{\"@type\":\"NewsArticle\",\"@id\":\"https:\/\/dicodusport.fr\/blog\/mondiaux-vtt-descente-2022-myriam-nicole-bronze-valentina-holl-titree\/#article\",\"isPartOf\":{\"@id\":\"https:\/\/dicodusport.fr\/blog\/mondiaux-vtt-descente-2022-myriam-nicole-bronze-valentina-holl-titree\/\"},\"author\":{\"name\":\"Flo Ostermann\",\"@id\":\"https:\/\/dicodusport.fr\/blog\/#\/schema\/person\/cb02af4c173ce4a653b55e9baf388d4a\"},\"headline\":\"Mondiaux VTT Descente 2022 : Myriam Nicole en bronze, Valentina H\u00f6ll titr\u00e9e\",\"datePublished\":\"2022-08-27T12:33:46+00:00\",\"dateModified\":\"2022-08-27T22:25:42+00:00\",\"mainEntityOfPage\":{\"@id\":\"https:\/\/dicodusport.fr\/blog\/mondiaux-vtt-descente-2022-myriam-nicole-bronze-valentina-holl-titree\/\"},\"wordCount\":233,\"commentCount\":0,\"publisher\":{\"@id\":\"https:\/\/dicodusport.fr\/blog\/#organization\"},\"image\":{\"@id\":\"https:\/\/dicodusport.fr\/blog\/mondiaux-vtt-descente-2022-myriam-nicole-bronze-valentina-holl-titree\/#primaryimage\"},\"thumbnailUrl\":\"https:\/\/dicodusport.fr\/blog\/wp-content\/uploads\/2022\/08\/Mondiaux-VTT-Descente-2022-Myriam-Nicole-en-bronze-Valentina-Holl-titree-1.png\",\"keywords\":[\"VTT Descente\"],\"articleSection\":[\"VTT\"],\"inLanguage\":\"fr-FR\",\"potentialAction\":[{\"@type\":\"CommentAction\",\"name\":\"Comment\",\"target\":[\"https:\/\/dicodusport.fr\/blog\/mondiaux-vtt-descente-2022-myriam-nicole-bronze-valentina-holl-titree\/#respond\"]}],\"copyrightYear\":\"2022\",\"copyrightHolder\":{\"@id\":\"https:\/\/dicodusport.fr\/blog\/#organization\"}},{\"@type\":\"WebPage\",\"@id\":\"https:\/\/dicodusport.fr\/blog\/mondiaux-vtt-descente-2022-myriam-nicole-bronze-valentina-holl-titree\/\",\"url\":\"https:\/\/dicodusport.fr\/blog\/mondiaux-vtt-descente-2022-myriam-nicole-bronze-valentina-holl-titree\/\",\"name\":\"Mondiaux VTT Descente 2022 : Myriam Nicole en bronze, Valentina H\u00f6ll titr\u00e9e\",\"isPartOf\":{\"@id\":\"https:\/\/dicodusport.fr\/blog\/#website\"},\"primaryImageOfPage\":{\"@id\":\"https:\/\/dicodusport.fr\/blog\/mondiaux-vtt-descente-2022-myriam-nicole-bronze-valentina-holl-titree\/#primaryimage\"},\"image\":{\"@id\":\"https:\/\/dicodusport.fr\/blog\/mondiaux-vtt-descente-2022-myriam-nicole-bronze-valentina-holl-titree\/#primaryimage\"},\"thumbnailUrl\":\"https:\/\/dicodusport.fr\/blog\/wp-content\/uploads\/2022\/08\/Mondiaux-VTT-Descente-2022-Myriam-Nicole-en-bronze-Valentina-Holl-titree-1.png\",\"datePublished\":\"2022-08-27T12:33:46+00:00\",\"dateModified\":\"2022-08-27T22:25:42+00:00\",\"description\":\"Championne du monde sortante, Myriam Nicole a d\u00e9croch\u00e9 la m\u00e9daille de bronze ce samedi, lors des Mondiaux de VTT Descente aux Gets (France).\",\"breadcrumb\":{\"@id\":\"https:\/\/dicodusport.fr\/blog\/mondiaux-vtt-descente-2022-myriam-nicole-bronze-valentina-holl-titree\/#breadcrumb\"},\"inLanguage\":\"fr-FR\",\"potentialAction\":[{\"@type\":\"ReadAction\",\"target\":[\"https:\/\/dicodusport.fr\/blog\/mondiaux-vtt-descente-2022-myriam-nicole-bronze-valentina-holl-titree\/\"]}]},{\"@type\":\"ImageObject\",\"inLanguage\":\"fr-FR\",\"@id\":\"https:\/\/dicodusport.fr\/blog\/mondiaux-vtt-descente-2022-myriam-nicole-bronze-valentina-holl-titree\/#primaryimage\",\"url\":\"https:\/\/dicodusport.fr\/blog\/wp-content\/uploads\/2022\/08\/Mondiaux-VTT-Descente-2022-Myriam-Nicole-en-bronze-Valentina-Holl-titree-1.png\",\"contentUrl\":\"https:\/\/dicodusport.fr\/blog\/wp-content\/uploads\/2022\/08\/Mondiaux-VTT-Descente-2022-Myriam-Nicole-en-bronze-Valentina-Holl-titree-1.png\",\"width\":800,\"height\":445,\"caption\":\"Mondiaux VTT Descente 2022 Myriam Nicole en bronze, Valentina H\u00f6ll titr\u00e9e (1)\"},{\"@type\":\"BreadcrumbList\",\"@id\":\"https:\/\/dicodusport.fr\/blog\/mondiaux-vtt-descente-2022-myriam-nicole-bronze-valentina-holl-titree\/#breadcrumb\",\"itemListElement\":[{\"@type\":\"ListItem\",\"position\":1,\"name\":\"Accueil\",\"item\":\"https:\/\/dicodusport.fr\/blog\/\"},{\"@type\":\"ListItem\",\"position\":2,\"name\":\"Mondiaux VTT Descente 2022 : Myriam Nicole en bronze, Valentina H\u00f6ll titr\u00e9e\"}]},{\"@type\":\"WebSite\",\"@id\":\"https:\/\/dicodusport.fr\/blog\/#website\",\"url\":\"https:\/\/dicodusport.fr\/blog\/\",\"name\":\"Dicodusport\",\"description\":\"L&#039;encyclop\u00e9die de l&#039;actualit\u00e9 sportive\",\"publisher\":{\"@id\":\"https:\/\/dicodusport.fr\/blog\/#organization\"},\"potentialAction\":[{\"@type\":\"SearchAction\",\"target\":{\"@type\":\"EntryPoint\",\"urlTemplate\":\"https:\/\/dicodusport.fr\/blog\/?s={search_term_string}\"},\"query-input\":{\"@type\":\"PropertyValueSpecification\",\"valueRequired\":true,\"valueName\":\"search_term_string\"}}],\"inLanguage\":\"fr-FR\"},{\"@type\":\"NewsMediaOrganization\",\"@id\":\"https:\/\/dicodusport.fr\/blog\/#organization\",\"name\":\"Dicodusport\",\"url\":\"https:\/\/dicodusport.fr\/blog\/\",\"logo\":{\"@type\":\"ImageObject\",\"inLanguage\":\"fr-FR\",\"@id\":\"https:\/\/dicodusport.fr\/blog\/#\/schema\/logo\/image\/\",\"url\":\"https:\/\/dicodusport.fr\/blog\/wp-content\/uploads\/2020\/06\/cropped-LOGO-DICODUSPORT-2020-SANS-FOND-SANS-TEXTE.png\",\"contentUrl\":\"https:\/\/dicodusport.fr\/blog\/wp-content\/uploads\/2020\/06\/cropped-LOGO-DICODUSPORT-2020-SANS-FOND-SANS-TEXTE.png\",\"width\":512,\"height\":512,\"caption\":\"Dicodusport\"},\"image\":{\"@id\":\"https:\/\/dicodusport.fr\/blog\/#\/schema\/logo\/image\/\"},\"sameAs\":[\"https:\/\/www.facebook.com\/dicodusport\",\"https:\/\/x.com\/dicodusport\",\"https:\/\/www.instagram.com\/dicodusport\/\",\"https:\/\/www.youtube.com\/channel\/UC7V2KZ5sd3htJivAbA4ZG3w\"],\"description\":\"Dicodusport est l'encyclop\u00e9die de l'actualit\u00e9 sportive.\",\"email\":\"bonjour@dicodusport.fr\",\"legalName\":\"DICODUSPORT\",\"foundingDate\":\"2018-01-14\",\"vatID\":\"FR71834470973\",\"taxID\":\"83447097300043\",\"numberOfEmployees\":{\"@type\":\"QuantitativeValue\",\"minValue\":\"1\",\"maxValue\":\"10\"}},{\"@type\":\"Person\",\"@id\":\"https:\/\/dicodusport.fr\/blog\/#\/schema\/person\/cb02af4c173ce4a653b55e9baf388d4a\",\"name\":\"Flo Ostermann\",\"image\":{\"@type\":\"ImageObject\",\"inLanguage\":\"fr-FR\",\"@id\":\"https:\/\/dicodusport.fr\/blog\/#\/schema\/person\/image\/\",\"url\":\"https:\/\/dicodusport.fr\/blog\/wp-content\/uploads\/2021\/05\/Flo-Ostermann-150x150.jpg\",\"contentUrl\":\"https:\/\/dicodusport.fr\/blog\/wp-content\/uploads\/2021\/05\/Flo-Ostermann-150x150.jpg\",\"caption\":\"Flo Ostermann\"},\"description\":\"Journaliste\/R\u00e9dacteur depuis septembre 2015 - Mes premiers souvenirs dans le sport ? Les envol\u00e9es du Stade Toulousain et les duels Villeneuve-Schumacher et H\u00e4kkinen-Schumacher \u00e0 la fin des ann\u00e9es 90, la Coupe du monde de football en 1998, l\u2019exploit du XV de France face aux All Blacks en 1999, mais aussi Richard C\u0153ur de Lion qui vole sur les montagnes du Tour de France. Bien parti pour devenir professeur d\u2019EPS, les \u00e9v\u00e9nements de la vie (et la flemme d\u2019animer des s\u00e9ances de 3x500 m\u00e8tres toute ma vie) m\u2019ont conduit \u00e0 revoir mes plans. Me voil\u00e0 depuis fin 2017 sur Dicodusport, m\u00e9dia gr\u00e2ce (et pour) lequel je partage ma passion : le sport dans tous ses \u00e9tats. Le tout accompagn\u00e9 par les fous furieux et folles furieuses cit\u00e9s sur cette page !\",\"sameAs\":[\"https:\/\/www.facebook.com\/florent.ostermann\",\"https:\/\/x.com\/https:\/\/twitter.com\/FlOstermann\",\"admin\"],\"url\":\"https:\/\/dicodusport.fr\/blog\/author\/flo\/\"}]}<\/script>\n<!-- \/ Yoast SEO Premium plugin. -->","yoast_head_json":{"title":"Mondiaux VTT Descente 2022 : Myriam Nicole en bronze, Valentina H\u00f6ll titr\u00e9e","description":"Championne du monde sortante, Myriam Nicole a d\u00e9croch\u00e9 la m\u00e9daille de bronze ce samedi, lors des Mondiaux de VTT Descente aux Gets (France).","robots":{"index":"index","follow":"follow","max-snippet":"max-snippet:-1","max-image-preview":"max-image-preview:large","max-video-preview":"max-video-preview:-1"},"canonical":"https:\/\/dicodusport.fr\/blog\/mondiaux-vtt-descente-2022-myriam-nicole-bronze-valentina-holl-titree\/","og_locale":"fr_FR","og_type":"article","og_title":"Mondiaux VTT Descente 2022 : Myriam Nicole en bronze, Valentina H\u00f6ll titr\u00e9e","og_description":"Championne du monde sortante, Myriam Nicole a d\u00e9croch\u00e9 la m\u00e9daille de bronze ce samedi, lors des Mondiaux de VTT Descente aux Gets (France).","og_url":"https:\/\/dicodusport.fr\/blog\/mondiaux-vtt-descente-2022-myriam-nicole-bronze-valentina-holl-titree\/","og_site_name":"Dicodusport","article_publisher":"https:\/\/www.facebook.com\/dicodusport","article_author":"https:\/\/www.facebook.com\/florent.ostermann","article_published_time":"2022-08-27T12:33:46+00:00","article_modified_time":"2022-08-27T22:25:42+00:00","og_image":[{"width":800,"height":445,"url":"https:\/\/dicodusport.fr\/blog\/wp-content\/uploads\/2022\/08\/Mondiaux-VTT-Descente-2022-Myriam-Nicole-en-bronze-Valentina-Holl-titree-1.png","type":"image\/png"}],"author":"Flo Ostermann","twitter_card":"summary_large_image","twitter_title":"Mondiaux VTT Descente 2022 : Myriam Nicole en bronze, Valentina H\u00f6ll titr\u00e9e","twitter_creator":"@https:\/\/twitter.com\/FlOstermann","twitter_site":"@dicodusport","schema":{"@context":"https:\/\/schema.org","@graph":[{"@type":"NewsArticle","@id":"https:\/\/dicodusport.fr\/blog\/mondiaux-vtt-descente-2022-myriam-nicole-bronze-valentina-holl-titree\/#article","isPartOf":{"@id":"https:\/\/dicodusport.fr\/blog\/mondiaux-vtt-descente-2022-myriam-nicole-bronze-valentina-holl-titree\/"},"author":{"name":"Flo Ostermann","@id":"https:\/\/dicodusport.fr\/blog\/#\/schema\/person\/cb02af4c173ce4a653b55e9baf388d4a"},"headline":"Mondiaux VTT Descente 2022 : Myriam Nicole en bronze, Valentina H\u00f6ll titr\u00e9e","datePublished":"2022-08-27T12:33:46+00:00","dateModified":"2022-08-27T22:25:42+00:00","mainEntityOfPage":{"@id":"https:\/\/dicodusport.fr\/blog\/mondiaux-vtt-descente-2022-myriam-nicole-bronze-valentina-holl-titree\/"},"wordCount":233,"commentCount":0,"publisher":{"@id":"https:\/\/dicodusport.fr\/blog\/#organization"},"image":{"@id":"https:\/\/dicodusport.fr\/blog\/mondiaux-vtt-descente-2022-myriam-nicole-bronze-valentina-holl-titree\/#primaryimage"},"thumbnailUrl":"https:\/\/dicodusport.fr\/blog\/wp-content\/uploads\/2022\/08\/Mondiaux-VTT-Descente-2022-Myriam-Nicole-en-bronze-Valentina-Holl-titree-1.png","keywords":["VTT Descente"],"articleSection":["VTT"],"inLanguage":"fr-FR","potentialAction":[{"@type":"CommentAction","name":"Comment","target":["https:\/\/dicodusport.fr\/blog\/mondiaux-vtt-descente-2022-myriam-nicole-bronze-valentina-holl-titree\/#respond"]}],"copyrightYear":"2022","copyrightHolder":{"@id":"https:\/\/dicodusport.fr\/blog\/#organization"}},{"@type":"WebPage","@id":"https:\/\/dicodusport.fr\/blog\/mondiaux-vtt-descente-2022-myriam-nicole-bronze-valentina-holl-titree\/","url":"https:\/\/dicodusport.fr\/blog\/mondiaux-vtt-descente-2022-myriam-nicole-bronze-valentina-holl-titree\/","name":"Mondiaux VTT Descente 2022 : Myriam Nicole en bronze, Valentina H\u00f6ll titr\u00e9e","isPartOf":{"@id":"https:\/\/dicodusport.fr\/blog\/#website"},"primaryImageOfPage":{"@id":"https:\/\/dicodusport.fr\/blog\/mondiaux-vtt-descente-2022-myriam-nicole-bronze-valentina-holl-titree\/#primaryimage"},"image":{"@id":"https:\/\/dicodusport.fr\/blog\/mondiaux-vtt-descente-2022-myriam-nicole-bronze-valentina-holl-titree\/#primaryimage"},"thumbnailUrl":"https:\/\/dicodusport.fr\/blog\/wp-content\/uploads\/2022\/08\/Mondiaux-VTT-Descente-2022-Myriam-Nicole-en-bronze-Valentina-Holl-titree-1.png","datePublished":"2022-08-27T12:33:46+00:00","dateModified":"2022-08-27T22:25:42+00:00","description":"Championne du monde sortante, Myriam Nicole a d\u00e9croch\u00e9 la m\u00e9daille de bronze ce samedi, lors des Mondiaux de VTT Descente aux Gets (France).","breadcrumb":{"@id":"https:\/\/dicodusport.fr\/blog\/mondiaux-vtt-descente-2022-myriam-nicole-bronze-valentina-holl-titree\/#breadcrumb"},"inLanguage":"fr-FR","potentialAction":[{"@type":"ReadAction","target":["https:\/\/dicodusport.fr\/blog\/mondiaux-vtt-descente-2022-myriam-nicole-bronze-valentina-holl-titree\/"]}]},{"@type":"ImageObject","inLanguage":"fr-FR","@id":"https:\/\/dicodusport.fr\/blog\/mondiaux-vtt-descente-2022-myriam-nicole-bronze-valentina-holl-titree\/#primaryimage","url":"https:\/\/dicodusport.fr\/blog\/wp-content\/uploads\/2022\/08\/Mondiaux-VTT-Descente-2022-Myriam-Nicole-en-bronze-Valentina-Holl-titree-1.png","contentUrl":"https:\/\/dicodusport.fr\/blog\/wp-content\/uploads\/2022\/08\/Mondiaux-VTT-Descente-2022-Myriam-Nicole-en-bronze-Valentina-Holl-titree-1.png","width":800,"height":445,"caption":"Mondiaux VTT Descente 2022 Myriam Nicole en bronze, Valentina H\u00f6ll titr\u00e9e (1)"},{"@type":"BreadcrumbList","@id":"https:\/\/dicodusport.fr\/blog\/mondiaux-vtt-descente-2022-myriam-nicole-bronze-valentina-holl-titree\/#breadcrumb","itemListElement":[{"@type":"ListItem","position":1,"name":"Accueil","item":"https:\/\/dicodusport.fr\/blog\/"},{"@type":"ListItem","position":2,"name":"Mondiaux VTT Descente 2022 : Myriam Nicole en bronze, Valentina H\u00f6ll titr\u00e9e"}]},{"@type":"WebSite","@id":"https:\/\/dicodusport.fr\/blog\/#website","url":"https:\/\/dicodusport.fr\/blog\/","name":"Dicodusport","description":"L&#039;encyclop\u00e9die de l&#039;actualit\u00e9 sportive","publisher":{"@id":"https:\/\/dicodusport.fr\/blog\/#organization"},"potentialAction":[{"@type":"SearchAction","target":{"@type":"EntryPoint","urlTemplate":"https:\/\/dicodusport.fr\/blog\/?s={search_term_string}"},"query-input":{"@type":"PropertyValueSpecification","valueRequired":true,"valueName":"search_term_string"}}],"inLanguage":"fr-FR"},{"@type":"NewsMediaOrganization","@id":"https:\/\/dicodusport.fr\/blog\/#organization","name":"Dicodusport","url":"https:\/\/dicodusport.fr\/blog\/","logo":{"@type":"ImageObject","inLanguage":"fr-FR","@id":"https:\/\/dicodusport.fr\/blog\/#\/schema\/logo\/image\/","url":"https:\/\/dicodusport.fr\/blog\/wp-content\/uploads\/2020\/06\/cropped-LOGO-DICODUSPORT-2020-SANS-FOND-SANS-TEXTE.png","contentUrl":"https:\/\/dicodusport.fr\/blog\/wp-content\/uploads\/2020\/06\/cropped-LOGO-DICODUSPORT-2020-SANS-FOND-SANS-TEXTE.png","width":512,"height":512,"caption":"Dicodusport"},"image":{"@id":"https:\/\/dicodusport.fr\/blog\/#\/schema\/logo\/image\/"},"sameAs":["https:\/\/www.facebook.com\/dicodusport","https:\/\/x.com\/dicodusport","https:\/\/www.instagram.com\/dicodusport\/","https:\/\/www.youtube.com\/channel\/UC7V2KZ5sd3htJivAbA4ZG3w"],"description":"Dicodusport est l'encyclop\u00e9die de l'actualit\u00e9 sportive.","email":"bonjour@dicodusport.fr","legalName":"DICODUSPORT","foundingDate":"2018-01-14","vatID":"FR71834470973","taxID":"83447097300043","numberOfEmployees":{"@type":"QuantitativeValue","minValue":"1","maxValue":"10"}},{"@type":"Person","@id":"https:\/\/dicodusport.fr\/blog\/#\/schema\/person\/cb02af4c173ce4a653b55e9baf388d4a","name":"Flo Ostermann","image":{"@type":"ImageObject","inLanguage":"fr-FR","@id":"https:\/\/dicodusport.fr\/blog\/#\/schema\/person\/image\/","url":"https:\/\/dicodusport.fr\/blog\/wp-content\/uploads\/2021\/05\/Flo-Ostermann-150x150.jpg","contentUrl":"https:\/\/dicodusport.fr\/blog\/wp-content\/uploads\/2021\/05\/Flo-Ostermann-150x150.jpg","caption":"Flo Ostermann"},"description":"Journaliste\/R\u00e9dacteur depuis septembre 2015 - Mes premiers souvenirs dans le sport ? Les envol\u00e9es du Stade Toulousain et les duels Villeneuve-Schumacher et H\u00e4kkinen-Schumacher \u00e0 la fin des ann\u00e9es 90, la Coupe du monde de football en 1998, l\u2019exploit du XV de France face aux All Blacks en 1999, mais aussi Richard C\u0153ur de Lion qui vole sur les montagnes du Tour de France. Bien parti pour devenir professeur d\u2019EPS, les \u00e9v\u00e9nements de la vie (et la flemme d\u2019animer des s\u00e9ances de 3x500 m\u00e8tres toute ma vie) m\u2019ont conduit \u00e0 revoir mes plans. Me voil\u00e0 depuis fin 2017 sur Dicodusport, m\u00e9dia gr\u00e2ce (et pour) lequel je partage ma passion : le sport dans tous ses \u00e9tats. Le tout accompagn\u00e9 par les fous furieux et folles furieuses cit\u00e9s sur cette page !","sameAs":["https:\/\/www.facebook.com\/florent.ostermann","https:\/\/x.com\/https:\/\/twitter.com\/FlOstermann","admin"],"url":"https:\/\/dicodusport.fr\/blog\/author\/flo\/"}]}},"_links":{"self":[{"href":"https:\/\/dicodusport.fr\/blog\/wp-json\/wp\/v2\/posts\/256710","targetHints":{"allow":["GET"]}}],"collection":[{"href":"https:\/\/dicodusport.fr\/blog\/wp-json\/wp\/v2\/posts"}],"about":[{"href":"https:\/\/dicodusport.fr\/blog\/wp-json\/wp\/v2\/types\/post"}],"author":[{"embeddable":true,"href":"https:\/\/dicodusport.fr\/blog\/wp-json\/wp\/v2\/users\/4"}],"replies":[{"embeddable":true,"href":"https:\/\/dicodusport.fr\/blog\/wp-json\/wp\/v2\/comments?post=256710"}],"version-history":[{"count":0,"href":"https:\/\/dicodusport.fr\/blog\/wp-json\/wp\/v2\/posts\/256710\/revisions"}],"wp:featuredmedia":[{"embeddable":true,"href":"https:\/\/dicodusport.fr\/blog\/wp-json\/wp\/v2\/media\/256904"}],"wp:attachment":[{"href":"https:\/\/dicodusport.fr\/blog\/wp-json\/wp\/v2\/media?parent=256710"}],"wp:term":[{"taxonomy":"category","embeddable":true,"href":"https:\/\/dicodusport.fr\/blog\/wp-json\/wp\/v2\/categories?post=256710"},{"taxonomy":"post_tag","embeddable":true,"href":"https:\/\/dicodusport.fr\/blog\/wp-json\/wp\/v2\/tags?post=256710"}],"curies":[{"name":"wp","href":"https:\/\/api.w.org\/{rel}","templated":true}]}}