{"id":256727,"date":"2022-08-27T16:39:16","date_gmt":"2022-08-27T14:39:16","guid":{"rendered":"https:\/\/dicodusport.fr\/blog\/?p=256727&#038;preview=true&#038;preview_id=256727"},"modified":"2022-08-27T16:39:16","modified_gmt":"2022-08-27T14:39:16","slug":"tour-de-lavenir-2022-cian-uijtdebroeks-double-la-mise-et-prend-tete-du-general","status":"publish","type":"post","link":"https:\/\/dicodusport.fr\/blog\/tour-de-lavenir-2022-cian-uijtdebroeks-double-la-mise-et-prend-tete-du-general\/","title":{"rendered":"Tour de l&rsquo;Avenir 2022 : Cian Uijtdebroeks double la mise et prend la t\u00eate du g\u00e9n\u00e9ral"},"content":{"rendered":"<p style=\"text-align: justify;\"><em><strong><a href=\"https:\/\/dicodusport.fr\/blog\/actualites\/cyclisme\/cyclisme-sur-route-2022\/\">CYCLISME SUR ROUTE 2022<\/a> &#8211; D\u00e9j\u00e0 vainqueur la veille sur les pentes du Col de la Madeleine, Cian Uijtdebroeks (Belgique) a r\u00e9cidiv\u00e9 ce samedi sur la 8\u00e8me \u00e9tape du Tour de l&rsquo;Avenir. Le coureur de la Bora-Hansgrohe s&rsquo;est impos\u00e9 \u00e0 La Toussuire. Et cette fois-ci, il s&#8217;empare bel et bien du maillot jaune de leader.<\/strong><\/em><\/p>\n<p style=\"text-align: justify;\">Il avait surclass\u00e9 la concurrence vendredi sur les pentes du Col de la Madeleine, vers Saint-Fran\u00e7ois-Longchamp. Vainqueur en solitaire, il avait, en revanche, manqu\u00e9 l&rsquo;occasion de prendre le maillot jaune de leader. La faute \u00e0 un bidon pris hors-zone, p\u00e9nalis\u00e9 de 20 secondes. Ce samedi, \u00e0 La Toussuire, <strong>Cian Uijtdebroeks<\/strong> n&rsquo;a cette fois pas loup\u00e9 le coche. Dans la station savoyarde, le Belge s&rsquo;est impos\u00e9 devant l&rsquo;Irlandais <strong>Archie Ryan<\/strong>, dernier courageux \u00e0 pouvoir suivre le coureur de la Bora-Hansgrohe, qui n&rsquo;aura rien laiss\u00e9 aux autres une fois de plus ce samedi. Avec cette fois donc, le maillot jaune en prime, puisque l&rsquo;Allemand <strong>Michel Hessmann<\/strong>, leader du g\u00e9n\u00e9ral, a c\u00e9d\u00e9 d\u00e8s le pied de la mont\u00e9e finale, lachant 2:11 sur le Belge.<\/p>\n<p style=\"text-align: justify;\">C\u00f4t\u00e9 fran\u00e7ais, <strong>Lenny Martinez<\/strong> a relev\u00e9 (un peu) la t\u00eate ce samedi, apr\u00e8s sa d\u00e9faillance de vendredi. Il termine 6\u00e8me de l&rsquo;\u00e9tape, \u00e0 2:08 de <strong>Uijtdebroeks<\/strong>. \u00c0 l&rsquo;attaque dans la descente du Col de la Madeleine, escalad\u00e9 cette fois-ci depuis le versant le plus classique, <strong>Romain Gr\u00e9goire<\/strong> prend la 11\u00e8me place.<\/p>\n<blockquote class=\"twitter-tweet\">\n<p dir=\"ltr\" lang=\"en\">He does it again!!<a href=\"https:\/\/twitter.com\/hashtag\/TDAV22?src=hash&amp;ref_src=twsrc%5Etfw\">#TDAV22<\/a> <a href=\"https:\/\/t.co\/k0WEIYI6fD\">pic.twitter.com\/k0WEIYI6fD<\/a><\/p>\n<p>\u2014 Tour de l&rsquo;Avenir (@tourdelavenir) <a href=\"https:\/\/twitter.com\/tourdelavenir\/status\/1563532618695864325?ref_src=twsrc%5Etfw\">August 27, 2022<\/a><\/p><\/blockquote>\n<p><script async src=\"https:\/\/platform.twitter.com\/widgets.js\" charset=\"utf-8\"><\/script><\/p>\n<h2 style=\"text-align: justify;\">\u00c0 lire aussi<\/h2>\n<ul>\n<li style=\"text-align: justify;\"><a href=\"https:\/\/dicodusport.fr\/blog\/tour-de-lavenir-2022-classement-8eme-etape\/\"><strong>Le classement de la 8\u00e8me \u00e9tape du Tour de l&rsquo;Avenir<\/strong><\/a><\/li>\n<li style=\"text-align: justify;\"><a href=\"https:\/\/dicodusport.fr\/blog\/tour-de-lavenir-2022-classement-general\/\"><strong>Le classement g\u00e9n\u00e9ral du Tour de l&rsquo;Avenir 2022<\/strong><\/a><\/li>\n<\/ul>\n","protected":false},"excerpt":{"rendered":"<p>CYCLISME SUR ROUTE 2022 &#8211; D\u00e9j\u00e0 vainqueur la veille sur les pentes du Col de la Madeleine, Cian Uijtdebroeks (Belgique) a r\u00e9cidiv\u00e9 ce samedi sur la 8\u00e8me \u00e9tape du Tour de l&rsquo;Avenir. Le coureur de la Bora-Hansgrohe s&rsquo;est impos\u00e9 \u00e0 La Toussuire. Et cette fois-ci, il s&#8217;empare bel et bien du maillot jaune de leader.<\/p>\n","protected":false},"author":4,"featured_media":256784,"comment_status":"open","ping_status":"closed","sticky":false,"template":"","format":"standard","meta":{"_acf_changed":false,"_daextam_enable_autolinks":"","footnotes":""},"categories":[46994],"tags":[1612],"class_list":["post-256727","post","type-post","status-publish","format-standard","has-post-thumbnail","hentry","category-cyclisme-sur-route","tag-tour-de-lavenir"],"acf":[],"yoast_head":"<!-- This site is optimized with the Yoast SEO Premium plugin v26.7 (Yoast SEO v26.7) - https:\/\/yoast.com\/wordpress\/plugins\/seo\/ -->\n<title>Tour de l&#039;Avenir 2022 : Cian Uijtdebroeks double la mise et prend la t\u00eate du g\u00e9n\u00e9ral<\/title>\n<meta name=\"description\" content=\"CYCLISME SUR ROUTE 2022 - Cian Uijtdebroeks (Belgique) a r\u00e9cidiv\u00e9 ce samedi sur la 8\u00e8me \u00e9tape du Tour de l&#039;Avenir.\" \/>\n<meta name=\"robots\" content=\"index, follow, max-snippet:-1, max-image-preview:large, max-video-preview:-1\" \/>\n<link rel=\"canonical\" href=\"https:\/\/dicodusport.fr\/blog\/tour-de-lavenir-2022-cian-uijtdebroeks-double-la-mise-et-prend-tete-du-general\/\" \/>\n<meta property=\"og:locale\" content=\"fr_FR\" \/>\n<meta property=\"og:type\" content=\"article\" \/>\n<meta property=\"og:title\" content=\"Tour de l&#039;Avenir 2022 : Cian Uijtdebroeks double la mise et prend la t\u00eate du g\u00e9n\u00e9ral\" \/>\n<meta property=\"og:description\" content=\"CYCLISME SUR ROUTE 2022 - Cian Uijtdebroeks (Belgique) a r\u00e9cidiv\u00e9 ce samedi sur la 8\u00e8me \u00e9tape du Tour de l&#039;Avenir.\" \/>\n<meta property=\"og:url\" content=\"https:\/\/dicodusport.fr\/blog\/tour-de-lavenir-2022-cian-uijtdebroeks-double-la-mise-et-prend-tete-du-general\/\" \/>\n<meta property=\"og:site_name\" content=\"Dicodusport\" \/>\n<meta property=\"article:publisher\" content=\"https:\/\/www.facebook.com\/dicodusport\" \/>\n<meta property=\"article:author\" content=\"https:\/\/www.facebook.com\/florent.ostermann\" \/>\n<meta property=\"article:published_time\" content=\"2022-08-27T14:39:16+00:00\" \/>\n<meta property=\"og:image\" content=\"https:\/\/dicodusport.fr\/blog\/wp-content\/uploads\/2022\/08\/Tour-de-lAvenir-2022-Cian-Uijtdebroeks-double-la-mise-et-prend-la-tete-du-general.png\" \/>\n\t<meta property=\"og:image:width\" content=\"800\" \/>\n\t<meta property=\"og:image:height\" content=\"445\" \/>\n\t<meta property=\"og:image:type\" content=\"image\/png\" \/>\n<meta name=\"author\" content=\"Flo Ostermann\" \/>\n<meta name=\"twitter:card\" content=\"summary_large_image\" \/>\n<meta name=\"twitter:title\" content=\"Tour de l&#039;Avenir 2022 : Cian Uijtdebroeks double la mise et prend la t\u00eate du g\u00e9n\u00e9ral\" \/>\n<meta name=\"twitter:creator\" content=\"@https:\/\/twitter.com\/FlOstermann\" \/>\n<meta name=\"twitter:site\" content=\"@dicodusport\" \/>\n<script type=\"application\/ld+json\" class=\"yoast-schema-graph\">{\"@context\":\"https:\/\/schema.org\",\"@graph\":[{\"@type\":\"NewsArticle\",\"@id\":\"https:\/\/dicodusport.fr\/blog\/tour-de-lavenir-2022-cian-uijtdebroeks-double-la-mise-et-prend-tete-du-general\/#article\",\"isPartOf\":{\"@id\":\"https:\/\/dicodusport.fr\/blog\/tour-de-lavenir-2022-cian-uijtdebroeks-double-la-mise-et-prend-tete-du-general\/\"},\"author\":{\"name\":\"Flo Ostermann\",\"@id\":\"https:\/\/dicodusport.fr\/blog\/#\/schema\/person\/cb02af4c173ce4a653b55e9baf388d4a\"},\"headline\":\"Tour de l&rsquo;Avenir 2022 : Cian Uijtdebroeks double la mise et prend la t\u00eate du g\u00e9n\u00e9ral\",\"datePublished\":\"2022-08-27T14:39:16+00:00\",\"mainEntityOfPage\":{\"@id\":\"https:\/\/dicodusport.fr\/blog\/tour-de-lavenir-2022-cian-uijtdebroeks-double-la-mise-et-prend-tete-du-general\/\"},\"wordCount\":301,\"commentCount\":0,\"publisher\":{\"@id\":\"https:\/\/dicodusport.fr\/blog\/#organization\"},\"image\":{\"@id\":\"https:\/\/dicodusport.fr\/blog\/tour-de-lavenir-2022-cian-uijtdebroeks-double-la-mise-et-prend-tete-du-general\/#primaryimage\"},\"thumbnailUrl\":\"https:\/\/dicodusport.fr\/blog\/wp-content\/uploads\/2022\/08\/Tour-de-lAvenir-2022-Cian-Uijtdebroeks-double-la-mise-et-prend-la-tete-du-general.png\",\"keywords\":[\"Tour de l'Avenir\"],\"articleSection\":[\"Cyclisme sur route\"],\"inLanguage\":\"fr-FR\",\"potentialAction\":[{\"@type\":\"CommentAction\",\"name\":\"Comment\",\"target\":[\"https:\/\/dicodusport.fr\/blog\/tour-de-lavenir-2022-cian-uijtdebroeks-double-la-mise-et-prend-tete-du-general\/#respond\"]}],\"copyrightYear\":\"2022\",\"copyrightHolder\":{\"@id\":\"https:\/\/dicodusport.fr\/blog\/#organization\"}},{\"@type\":\"WebPage\",\"@id\":\"https:\/\/dicodusport.fr\/blog\/tour-de-lavenir-2022-cian-uijtdebroeks-double-la-mise-et-prend-tete-du-general\/\",\"url\":\"https:\/\/dicodusport.fr\/blog\/tour-de-lavenir-2022-cian-uijtdebroeks-double-la-mise-et-prend-tete-du-general\/\",\"name\":\"Tour de l'Avenir 2022 : Cian Uijtdebroeks double la mise et prend la t\u00eate du g\u00e9n\u00e9ral\",\"isPartOf\":{\"@id\":\"https:\/\/dicodusport.fr\/blog\/#website\"},\"primaryImageOfPage\":{\"@id\":\"https:\/\/dicodusport.fr\/blog\/tour-de-lavenir-2022-cian-uijtdebroeks-double-la-mise-et-prend-tete-du-general\/#primaryimage\"},\"image\":{\"@id\":\"https:\/\/dicodusport.fr\/blog\/tour-de-lavenir-2022-cian-uijtdebroeks-double-la-mise-et-prend-tete-du-general\/#primaryimage\"},\"thumbnailUrl\":\"https:\/\/dicodusport.fr\/blog\/wp-content\/uploads\/2022\/08\/Tour-de-lAvenir-2022-Cian-Uijtdebroeks-double-la-mise-et-prend-la-tete-du-general.png\",\"datePublished\":\"2022-08-27T14:39:16+00:00\",\"description\":\"CYCLISME SUR ROUTE 2022 - Cian Uijtdebroeks (Belgique) a r\u00e9cidiv\u00e9 ce samedi sur la 8\u00e8me \u00e9tape du Tour de l'Avenir.\",\"breadcrumb\":{\"@id\":\"https:\/\/dicodusport.fr\/blog\/tour-de-lavenir-2022-cian-uijtdebroeks-double-la-mise-et-prend-tete-du-general\/#breadcrumb\"},\"inLanguage\":\"fr-FR\",\"potentialAction\":[{\"@type\":\"ReadAction\",\"target\":[\"https:\/\/dicodusport.fr\/blog\/tour-de-lavenir-2022-cian-uijtdebroeks-double-la-mise-et-prend-tete-du-general\/\"]}]},{\"@type\":\"ImageObject\",\"inLanguage\":\"fr-FR\",\"@id\":\"https:\/\/dicodusport.fr\/blog\/tour-de-lavenir-2022-cian-uijtdebroeks-double-la-mise-et-prend-tete-du-general\/#primaryimage\",\"url\":\"https:\/\/dicodusport.fr\/blog\/wp-content\/uploads\/2022\/08\/Tour-de-lAvenir-2022-Cian-Uijtdebroeks-double-la-mise-et-prend-la-tete-du-general.png\",\"contentUrl\":\"https:\/\/dicodusport.fr\/blog\/wp-content\/uploads\/2022\/08\/Tour-de-lAvenir-2022-Cian-Uijtdebroeks-double-la-mise-et-prend-la-tete-du-general.png\",\"width\":800,\"height\":445,\"caption\":\"Tour de l'Avenir 2022 Cian Uijtdebroeks double la mise et prend la t\u00eate du g\u00e9n\u00e9ral\"},{\"@type\":\"BreadcrumbList\",\"@id\":\"https:\/\/dicodusport.fr\/blog\/tour-de-lavenir-2022-cian-uijtdebroeks-double-la-mise-et-prend-tete-du-general\/#breadcrumb\",\"itemListElement\":[{\"@type\":\"ListItem\",\"position\":1,\"name\":\"Accueil\",\"item\":\"https:\/\/dicodusport.fr\/blog\/\"},{\"@type\":\"ListItem\",\"position\":2,\"name\":\"Tour de l&rsquo;Avenir 2022 : Cian Uijtdebroeks double la mise et prend la t\u00eate du g\u00e9n\u00e9ral\"}]},{\"@type\":\"WebSite\",\"@id\":\"https:\/\/dicodusport.fr\/blog\/#website\",\"url\":\"https:\/\/dicodusport.fr\/blog\/\",\"name\":\"Dicodusport\",\"description\":\"L&#039;encyclop\u00e9die de l&#039;actualit\u00e9 sportive\",\"publisher\":{\"@id\":\"https:\/\/dicodusport.fr\/blog\/#organization\"},\"potentialAction\":[{\"@type\":\"SearchAction\",\"target\":{\"@type\":\"EntryPoint\",\"urlTemplate\":\"https:\/\/dicodusport.fr\/blog\/?s={search_term_string}\"},\"query-input\":{\"@type\":\"PropertyValueSpecification\",\"valueRequired\":true,\"valueName\":\"search_term_string\"}}],\"inLanguage\":\"fr-FR\"},{\"@type\":\"NewsMediaOrganization\",\"@id\":\"https:\/\/dicodusport.fr\/blog\/#organization\",\"name\":\"Dicodusport\",\"url\":\"https:\/\/dicodusport.fr\/blog\/\",\"logo\":{\"@type\":\"ImageObject\",\"inLanguage\":\"fr-FR\",\"@id\":\"https:\/\/dicodusport.fr\/blog\/#\/schema\/logo\/image\/\",\"url\":\"https:\/\/dicodusport.fr\/blog\/wp-content\/uploads\/2020\/06\/cropped-LOGO-DICODUSPORT-2020-SANS-FOND-SANS-TEXTE.png\",\"contentUrl\":\"https:\/\/dicodusport.fr\/blog\/wp-content\/uploads\/2020\/06\/cropped-LOGO-DICODUSPORT-2020-SANS-FOND-SANS-TEXTE.png\",\"width\":512,\"height\":512,\"caption\":\"Dicodusport\"},\"image\":{\"@id\":\"https:\/\/dicodusport.fr\/blog\/#\/schema\/logo\/image\/\"},\"sameAs\":[\"https:\/\/www.facebook.com\/dicodusport\",\"https:\/\/x.com\/dicodusport\",\"https:\/\/www.instagram.com\/dicodusport\/\",\"https:\/\/www.youtube.com\/channel\/UC7V2KZ5sd3htJivAbA4ZG3w\"],\"description\":\"Dicodusport est l'encyclop\u00e9die de l'actualit\u00e9 sportive.\",\"email\":\"bonjour@dicodusport.fr\",\"legalName\":\"DICODUSPORT\",\"foundingDate\":\"2018-01-14\",\"vatID\":\"FR71834470973\",\"taxID\":\"83447097300043\",\"numberOfEmployees\":{\"@type\":\"QuantitativeValue\",\"minValue\":\"1\",\"maxValue\":\"10\"}},{\"@type\":\"Person\",\"@id\":\"https:\/\/dicodusport.fr\/blog\/#\/schema\/person\/cb02af4c173ce4a653b55e9baf388d4a\",\"name\":\"Flo Ostermann\",\"image\":{\"@type\":\"ImageObject\",\"inLanguage\":\"fr-FR\",\"@id\":\"https:\/\/dicodusport.fr\/blog\/#\/schema\/person\/image\/\",\"url\":\"https:\/\/dicodusport.fr\/blog\/wp-content\/uploads\/2021\/05\/Flo-Ostermann-150x150.jpg\",\"contentUrl\":\"https:\/\/dicodusport.fr\/blog\/wp-content\/uploads\/2021\/05\/Flo-Ostermann-150x150.jpg\",\"caption\":\"Flo Ostermann\"},\"description\":\"Journaliste\/R\u00e9dacteur depuis septembre 2015 - Mes premiers souvenirs dans le sport ? Les envol\u00e9es du Stade Toulousain et les duels Villeneuve-Schumacher et H\u00e4kkinen-Schumacher \u00e0 la fin des ann\u00e9es 90, la Coupe du monde de football en 1998, l\u2019exploit du XV de France face aux All Blacks en 1999, mais aussi Richard C\u0153ur de Lion qui vole sur les montagnes du Tour de France. Bien parti pour devenir professeur d\u2019EPS, les \u00e9v\u00e9nements de la vie (et la flemme d\u2019animer des s\u00e9ances de 3x500 m\u00e8tres toute ma vie) m\u2019ont conduit \u00e0 revoir mes plans. Me voil\u00e0 depuis fin 2017 sur Dicodusport, m\u00e9dia gr\u00e2ce (et pour) lequel je partage ma passion : le sport dans tous ses \u00e9tats. Le tout accompagn\u00e9 par les fous furieux et folles furieuses cit\u00e9s sur cette page !\",\"sameAs\":[\"https:\/\/www.facebook.com\/florent.ostermann\",\"https:\/\/x.com\/https:\/\/twitter.com\/FlOstermann\",\"admin\"],\"url\":\"https:\/\/dicodusport.fr\/blog\/author\/flo\/\"}]}<\/script>\n<!-- \/ Yoast SEO Premium plugin. -->","yoast_head_json":{"title":"Tour de l'Avenir 2022 : Cian Uijtdebroeks double la mise et prend la t\u00eate du g\u00e9n\u00e9ral","description":"CYCLISME SUR ROUTE 2022 - Cian Uijtdebroeks (Belgique) a r\u00e9cidiv\u00e9 ce samedi sur la 8\u00e8me \u00e9tape du Tour de l'Avenir.","robots":{"index":"index","follow":"follow","max-snippet":"max-snippet:-1","max-image-preview":"max-image-preview:large","max-video-preview":"max-video-preview:-1"},"canonical":"https:\/\/dicodusport.fr\/blog\/tour-de-lavenir-2022-cian-uijtdebroeks-double-la-mise-et-prend-tete-du-general\/","og_locale":"fr_FR","og_type":"article","og_title":"Tour de l'Avenir 2022 : Cian Uijtdebroeks double la mise et prend la t\u00eate du g\u00e9n\u00e9ral","og_description":"CYCLISME SUR ROUTE 2022 - Cian Uijtdebroeks (Belgique) a r\u00e9cidiv\u00e9 ce samedi sur la 8\u00e8me \u00e9tape du Tour de l'Avenir.","og_url":"https:\/\/dicodusport.fr\/blog\/tour-de-lavenir-2022-cian-uijtdebroeks-double-la-mise-et-prend-tete-du-general\/","og_site_name":"Dicodusport","article_publisher":"https:\/\/www.facebook.com\/dicodusport","article_author":"https:\/\/www.facebook.com\/florent.ostermann","article_published_time":"2022-08-27T14:39:16+00:00","og_image":[{"width":800,"height":445,"url":"https:\/\/dicodusport.fr\/blog\/wp-content\/uploads\/2022\/08\/Tour-de-lAvenir-2022-Cian-Uijtdebroeks-double-la-mise-et-prend-la-tete-du-general.png","type":"image\/png"}],"author":"Flo Ostermann","twitter_card":"summary_large_image","twitter_title":"Tour de l'Avenir 2022 : Cian Uijtdebroeks double la mise et prend la t\u00eate du g\u00e9n\u00e9ral","twitter_creator":"@https:\/\/twitter.com\/FlOstermann","twitter_site":"@dicodusport","schema":{"@context":"https:\/\/schema.org","@graph":[{"@type":"NewsArticle","@id":"https:\/\/dicodusport.fr\/blog\/tour-de-lavenir-2022-cian-uijtdebroeks-double-la-mise-et-prend-tete-du-general\/#article","isPartOf":{"@id":"https:\/\/dicodusport.fr\/blog\/tour-de-lavenir-2022-cian-uijtdebroeks-double-la-mise-et-prend-tete-du-general\/"},"author":{"name":"Flo Ostermann","@id":"https:\/\/dicodusport.fr\/blog\/#\/schema\/person\/cb02af4c173ce4a653b55e9baf388d4a"},"headline":"Tour de l&rsquo;Avenir 2022 : Cian Uijtdebroeks double la mise et prend la t\u00eate du g\u00e9n\u00e9ral","datePublished":"2022-08-27T14:39:16+00:00","mainEntityOfPage":{"@id":"https:\/\/dicodusport.fr\/blog\/tour-de-lavenir-2022-cian-uijtdebroeks-double-la-mise-et-prend-tete-du-general\/"},"wordCount":301,"commentCount":0,"publisher":{"@id":"https:\/\/dicodusport.fr\/blog\/#organization"},"image":{"@id":"https:\/\/dicodusport.fr\/blog\/tour-de-lavenir-2022-cian-uijtdebroeks-double-la-mise-et-prend-tete-du-general\/#primaryimage"},"thumbnailUrl":"https:\/\/dicodusport.fr\/blog\/wp-content\/uploads\/2022\/08\/Tour-de-lAvenir-2022-Cian-Uijtdebroeks-double-la-mise-et-prend-la-tete-du-general.png","keywords":["Tour de l'Avenir"],"articleSection":["Cyclisme sur route"],"inLanguage":"fr-FR","potentialAction":[{"@type":"CommentAction","name":"Comment","target":["https:\/\/dicodusport.fr\/blog\/tour-de-lavenir-2022-cian-uijtdebroeks-double-la-mise-et-prend-tete-du-general\/#respond"]}],"copyrightYear":"2022","copyrightHolder":{"@id":"https:\/\/dicodusport.fr\/blog\/#organization"}},{"@type":"WebPage","@id":"https:\/\/dicodusport.fr\/blog\/tour-de-lavenir-2022-cian-uijtdebroeks-double-la-mise-et-prend-tete-du-general\/","url":"https:\/\/dicodusport.fr\/blog\/tour-de-lavenir-2022-cian-uijtdebroeks-double-la-mise-et-prend-tete-du-general\/","name":"Tour de l'Avenir 2022 : Cian Uijtdebroeks double la mise et prend la t\u00eate du g\u00e9n\u00e9ral","isPartOf":{"@id":"https:\/\/dicodusport.fr\/blog\/#website"},"primaryImageOfPage":{"@id":"https:\/\/dicodusport.fr\/blog\/tour-de-lavenir-2022-cian-uijtdebroeks-double-la-mise-et-prend-tete-du-general\/#primaryimage"},"image":{"@id":"https:\/\/dicodusport.fr\/blog\/tour-de-lavenir-2022-cian-uijtdebroeks-double-la-mise-et-prend-tete-du-general\/#primaryimage"},"thumbnailUrl":"https:\/\/dicodusport.fr\/blog\/wp-content\/uploads\/2022\/08\/Tour-de-lAvenir-2022-Cian-Uijtdebroeks-double-la-mise-et-prend-la-tete-du-general.png","datePublished":"2022-08-27T14:39:16+00:00","description":"CYCLISME SUR ROUTE 2022 - Cian Uijtdebroeks (Belgique) a r\u00e9cidiv\u00e9 ce samedi sur la 8\u00e8me \u00e9tape du Tour de l'Avenir.","breadcrumb":{"@id":"https:\/\/dicodusport.fr\/blog\/tour-de-lavenir-2022-cian-uijtdebroeks-double-la-mise-et-prend-tete-du-general\/#breadcrumb"},"inLanguage":"fr-FR","potentialAction":[{"@type":"ReadAction","target":["https:\/\/dicodusport.fr\/blog\/tour-de-lavenir-2022-cian-uijtdebroeks-double-la-mise-et-prend-tete-du-general\/"]}]},{"@type":"ImageObject","inLanguage":"fr-FR","@id":"https:\/\/dicodusport.fr\/blog\/tour-de-lavenir-2022-cian-uijtdebroeks-double-la-mise-et-prend-tete-du-general\/#primaryimage","url":"https:\/\/dicodusport.fr\/blog\/wp-content\/uploads\/2022\/08\/Tour-de-lAvenir-2022-Cian-Uijtdebroeks-double-la-mise-et-prend-la-tete-du-general.png","contentUrl":"https:\/\/dicodusport.fr\/blog\/wp-content\/uploads\/2022\/08\/Tour-de-lAvenir-2022-Cian-Uijtdebroeks-double-la-mise-et-prend-la-tete-du-general.png","width":800,"height":445,"caption":"Tour de l'Avenir 2022 Cian Uijtdebroeks double la mise et prend la t\u00eate du g\u00e9n\u00e9ral"},{"@type":"BreadcrumbList","@id":"https:\/\/dicodusport.fr\/blog\/tour-de-lavenir-2022-cian-uijtdebroeks-double-la-mise-et-prend-tete-du-general\/#breadcrumb","itemListElement":[{"@type":"ListItem","position":1,"name":"Accueil","item":"https:\/\/dicodusport.fr\/blog\/"},{"@type":"ListItem","position":2,"name":"Tour de l&rsquo;Avenir 2022 : Cian Uijtdebroeks double la mise et prend la t\u00eate du g\u00e9n\u00e9ral"}]},{"@type":"WebSite","@id":"https:\/\/dicodusport.fr\/blog\/#website","url":"https:\/\/dicodusport.fr\/blog\/","name":"Dicodusport","description":"L&#039;encyclop\u00e9die de l&#039;actualit\u00e9 sportive","publisher":{"@id":"https:\/\/dicodusport.fr\/blog\/#organization"},"potentialAction":[{"@type":"SearchAction","target":{"@type":"EntryPoint","urlTemplate":"https:\/\/dicodusport.fr\/blog\/?s={search_term_string}"},"query-input":{"@type":"PropertyValueSpecification","valueRequired":true,"valueName":"search_term_string"}}],"inLanguage":"fr-FR"},{"@type":"NewsMediaOrganization","@id":"https:\/\/dicodusport.fr\/blog\/#organization","name":"Dicodusport","url":"https:\/\/dicodusport.fr\/blog\/","logo":{"@type":"ImageObject","inLanguage":"fr-FR","@id":"https:\/\/dicodusport.fr\/blog\/#\/schema\/logo\/image\/","url":"https:\/\/dicodusport.fr\/blog\/wp-content\/uploads\/2020\/06\/cropped-LOGO-DICODUSPORT-2020-SANS-FOND-SANS-TEXTE.png","contentUrl":"https:\/\/dicodusport.fr\/blog\/wp-content\/uploads\/2020\/06\/cropped-LOGO-DICODUSPORT-2020-SANS-FOND-SANS-TEXTE.png","width":512,"height":512,"caption":"Dicodusport"},"image":{"@id":"https:\/\/dicodusport.fr\/blog\/#\/schema\/logo\/image\/"},"sameAs":["https:\/\/www.facebook.com\/dicodusport","https:\/\/x.com\/dicodusport","https:\/\/www.instagram.com\/dicodusport\/","https:\/\/www.youtube.com\/channel\/UC7V2KZ5sd3htJivAbA4ZG3w"],"description":"Dicodusport est l'encyclop\u00e9die de l'actualit\u00e9 sportive.","email":"bonjour@dicodusport.fr","legalName":"DICODUSPORT","foundingDate":"2018-01-14","vatID":"FR71834470973","taxID":"83447097300043","numberOfEmployees":{"@type":"QuantitativeValue","minValue":"1","maxValue":"10"}},{"@type":"Person","@id":"https:\/\/dicodusport.fr\/blog\/#\/schema\/person\/cb02af4c173ce4a653b55e9baf388d4a","name":"Flo Ostermann","image":{"@type":"ImageObject","inLanguage":"fr-FR","@id":"https:\/\/dicodusport.fr\/blog\/#\/schema\/person\/image\/","url":"https:\/\/dicodusport.fr\/blog\/wp-content\/uploads\/2021\/05\/Flo-Ostermann-150x150.jpg","contentUrl":"https:\/\/dicodusport.fr\/blog\/wp-content\/uploads\/2021\/05\/Flo-Ostermann-150x150.jpg","caption":"Flo Ostermann"},"description":"Journaliste\/R\u00e9dacteur depuis septembre 2015 - Mes premiers souvenirs dans le sport ? Les envol\u00e9es du Stade Toulousain et les duels Villeneuve-Schumacher et H\u00e4kkinen-Schumacher \u00e0 la fin des ann\u00e9es 90, la Coupe du monde de football en 1998, l\u2019exploit du XV de France face aux All Blacks en 1999, mais aussi Richard C\u0153ur de Lion qui vole sur les montagnes du Tour de France. Bien parti pour devenir professeur d\u2019EPS, les \u00e9v\u00e9nements de la vie (et la flemme d\u2019animer des s\u00e9ances de 3x500 m\u00e8tres toute ma vie) m\u2019ont conduit \u00e0 revoir mes plans. Me voil\u00e0 depuis fin 2017 sur Dicodusport, m\u00e9dia gr\u00e2ce (et pour) lequel je partage ma passion : le sport dans tous ses \u00e9tats. Le tout accompagn\u00e9 par les fous furieux et folles furieuses cit\u00e9s sur cette page !","sameAs":["https:\/\/www.facebook.com\/florent.ostermann","https:\/\/x.com\/https:\/\/twitter.com\/FlOstermann","admin"],"url":"https:\/\/dicodusport.fr\/blog\/author\/flo\/"}]}},"_links":{"self":[{"href":"https:\/\/dicodusport.fr\/blog\/wp-json\/wp\/v2\/posts\/256727","targetHints":{"allow":["GET"]}}],"collection":[{"href":"https:\/\/dicodusport.fr\/blog\/wp-json\/wp\/v2\/posts"}],"about":[{"href":"https:\/\/dicodusport.fr\/blog\/wp-json\/wp\/v2\/types\/post"}],"author":[{"embeddable":true,"href":"https:\/\/dicodusport.fr\/blog\/wp-json\/wp\/v2\/users\/4"}],"replies":[{"embeddable":true,"href":"https:\/\/dicodusport.fr\/blog\/wp-json\/wp\/v2\/comments?post=256727"}],"version-history":[{"count":0,"href":"https:\/\/dicodusport.fr\/blog\/wp-json\/wp\/v2\/posts\/256727\/revisions"}],"wp:featuredmedia":[{"embeddable":true,"href":"https:\/\/dicodusport.fr\/blog\/wp-json\/wp\/v2\/media\/256784"}],"wp:attachment":[{"href":"https:\/\/dicodusport.fr\/blog\/wp-json\/wp\/v2\/media?parent=256727"}],"wp:term":[{"taxonomy":"category","embeddable":true,"href":"https:\/\/dicodusport.fr\/blog\/wp-json\/wp\/v2\/categories?post=256727"},{"taxonomy":"post_tag","embeddable":true,"href":"https:\/\/dicodusport.fr\/blog\/wp-json\/wp\/v2\/tags?post=256727"}],"curies":[{"name":"wp","href":"https:\/\/api.w.org\/{rel}","templated":true}]}}