{"id":257006,"date":"2022-08-28T10:18:56","date_gmt":"2022-08-28T08:18:56","guid":{"rendered":"https:\/\/dicodusport.fr\/blog\/?p=257006&#038;preview=true&#038;preview_id=257006"},"modified":"2022-08-28T11:09:12","modified_gmt":"2022-08-28T09:09:12","slug":"mondiaux-vtt-xco-2022-line-burquier-sacree-championne-du-monde-u23","status":"publish","type":"post","link":"https:\/\/dicodusport.fr\/blog\/mondiaux-vtt-xco-2022-line-burquier-sacree-championne-du-monde-u23\/","title":{"rendered":"Mondiaux VTT XCO 2022 : Line Burquier sacr\u00e9e championne du monde U23 !"},"content":{"rendered":"<p style=\"text-align: justify;\"><em><strong><a href=\"https:\/\/dicodusport.fr\/blog\/actualites\/cyclisme\/vtt\/championnats-du-monde-vtt-2022\/\">CHAMPIONNATS DU MONDE DE VTT 2022<\/a> &#8211; Grande favorite, la Fran\u00e7aise Line Burquier a tenu son rang en remportant le titre mondial U23 en VTT XCO ce dimanche, aux Gets (France). A\u00e9rienne et sans rivale, la Haut-Savoyarde r\u00e9alise l&rsquo;exploit de rafler le maillot arc-en-ciel chez les espoirs d\u00e8s sa premi\u00e8re ann\u00e9e, un an apr\u00e8s avoir d\u00e9croch\u00e9 le maillot arc-en-ciel dans la cat\u00e9gorie juniors !<\/strong><\/em><\/p>\n<p style=\"text-align: justify;\">Elle n&rsquo;a laiss\u00e9 que des miettes cette saison en Coupe du monde espoirs, et elle a r\u00e9cidiv\u00e9 ce dimanche ! \u00c0 19 ans, <strong>Line Burquier<\/strong> <strong>est devenue championne du monde espoirs de VTT XCO Cross-country<\/strong>, aux Gets (France). Au terme des 5 tours, la Fran\u00e7aise a devanc\u00e9 sa rivale n\u00e9erlandaise, la champione du monde espoirs de cyclo-cross <strong>Puck Pieterse <\/strong>(+0:43), ainsi que l&rsquo;Italienne <strong>Giada Specia<\/strong> (+0:59). Une jambe au-dessus des autres, <strong>Burquier<\/strong> a attendu la fin de la deuxi\u00e8me boucle pour attaquer et s&rsquo;envoler.<\/p>\n<p style=\"text-align: justify;\">Championne du monde juniors l&rsquo;an pass\u00e9 \u00e0 Val di Sole (Italie), la native de Saint-Paul-en-Chablais (Haute-Savoie) confirme son \u00e9norme potentiel, elle qui est \u00e9galement championne de France en titre de cyclo-cross, \u00e9lites et espoirs. \u00c0 noter qu&rsquo;une autre Fran\u00e7aise prend place dans le top 10, puisque <strong>No\u00e9mie Garnier<\/strong> termine en 10\u00e8me position. <strong>Olivia Onesti<\/strong> se contente quant \u00e0 elle de la 15\u00e8me place, tandis qu&rsquo;<strong>Isaure Medde<\/strong> se classe 31\u00e8me.<\/p>\n<blockquote class=\"twitter-tweet\">\n<p dir=\"ltr\" lang=\"fr\">&#x1f1eb;&#x1f1f7;&#x1f1eb;&#x1f1f7;&#x1f1eb;&#x1f1f7; Line Burquier est Championne du monde XCO espoirs !<\/p>\n<p>Suivez le direct &gt; <a href=\"https:\/\/t.co\/B0NiecTIqL\">https:\/\/t.co\/B0NiecTIqL<\/a><a href=\"https:\/\/twitter.com\/hashtag\/lequipeVTT?src=hash&amp;ref_src=twsrc%5Etfw\">#lequipeVTT<\/a> <a href=\"https:\/\/t.co\/zIUw6uyj8N\">pic.twitter.com\/zIUw6uyj8N<\/a><\/p>\n<p>\u2014 la chaine L&rsquo;\u00c9quipe (@lachainelequipe) <a href=\"https:\/\/twitter.com\/lachainelequipe\/status\/1563802718392688640?ref_src=twsrc%5Etfw\">August 28, 2022<\/a><\/p><\/blockquote>\n<p><script async src=\"https:\/\/platform.twitter.com\/widgets.js\" charset=\"utf-8\"><\/script><\/p>\n<p style=\"text-align: justify;\">Gr\u00e2ce \u00e0 cette victoire,<strong> Line Burquier<\/strong> apporte un quatri\u00e8me titre mondial \u00e0 la d\u00e9l\u00e9gation tricolore dans ces championnats du monde de VTT 2022, \u00e0 domicile. La France prend ainsi la t\u00eate au tableau des m\u00e9dailles.<\/p>\n<h2 style=\"text-align: justify;\">\u00c0 lire aussi<\/h2>\n<ul>\n<li style=\"text-align: justify;\"><a href=\"https:\/\/dicodusport.fr\/blog\/mondiaux-vtt-xco-2022-classement-cross-country-u23-femmes\/\"><strong>Le classement de la course XCO U23 femmes des championnats du monde de VTT 2022<\/strong><\/a><\/li>\n<li style=\"text-align: justify;\"><a href=\"https:\/\/dicodusport.fr\/blog\/mondiaux-vtt-2022-programme-complet-et-resultats\/\"><strong>Programme et r\u00e9sultats des championnats du monde de VTT 2022<\/strong><\/a><\/li>\n<li style=\"text-align: justify;\"><a href=\"https:\/\/dicodusport.fr\/blog\/tableau-des-medailles-championnats-du-monde-de-vtt-2022\/\"><strong>Tableau des m\u00e9dailles des championnats du monde de VTT 2022<\/strong><\/a><\/li>\n<\/ul>\n","protected":false},"excerpt":{"rendered":"<p>CHAMPIONNATS DU MONDE DE VTT 2022 &#8211; Grande favorite, la Fran\u00e7aise Line Burquier a tenu son rang en remportant le titre mondial U23 en VTT XCO ce dimanche, aux Gets (France). A\u00e9rienne et sans rivale, la Haut-Savoyarde r\u00e9alise l&rsquo;exploit de rafler le maillot arc-en-ciel chez les espoirs, un an apr\u00e8s avoir fait de m\u00eame dans la cat\u00e9gorie juniors !<\/p>\n","protected":false},"author":4,"featured_media":257028,"comment_status":"open","ping_status":"closed","sticky":false,"template":"","format":"standard","meta":{"_acf_changed":false,"_daextam_enable_autolinks":"","footnotes":""},"categories":[10279],"tags":[24],"class_list":["post-257006","post","type-post","status-publish","format-standard","has-post-thumbnail","hentry","category-vtt","tag-sport"],"acf":[],"yoast_head":"<!-- This site is optimized with the Yoast SEO Premium plugin v26.7 (Yoast SEO v26.7) - https:\/\/yoast.com\/wordpress\/plugins\/seo\/ -->\n<title>Mondiaux VTT XCO 2022 : Line Burquier sacr\u00e9e championne du monde U23 !<\/title>\n<meta name=\"description\" content=\"CHAMPIONNATS DU MONDE DE VTT 2022 - Line Burquier a tenu son rang en remportant le titre mondial U23 en VTT XCO ce dimanche, aux Gets.\" \/>\n<meta name=\"robots\" content=\"index, follow, max-snippet:-1, max-image-preview:large, max-video-preview:-1\" \/>\n<link rel=\"canonical\" href=\"https:\/\/dicodusport.fr\/blog\/mondiaux-vtt-xco-2022-line-burquier-sacree-championne-du-monde-u23\/\" \/>\n<meta property=\"og:locale\" content=\"fr_FR\" \/>\n<meta property=\"og:type\" content=\"article\" \/>\n<meta property=\"og:title\" content=\"Mondiaux VTT XCO 2022 : Line Burquier sacr\u00e9e championne du monde U23 !\" \/>\n<meta property=\"og:description\" content=\"CHAMPIONNATS DU MONDE DE VTT 2022 - Line Burquier a tenu son rang en remportant le titre mondial U23 en VTT XCO ce dimanche, aux Gets.\" \/>\n<meta property=\"og:url\" content=\"https:\/\/dicodusport.fr\/blog\/mondiaux-vtt-xco-2022-line-burquier-sacree-championne-du-monde-u23\/\" \/>\n<meta property=\"og:site_name\" content=\"Dicodusport\" \/>\n<meta property=\"article:publisher\" content=\"https:\/\/www.facebook.com\/dicodusport\" \/>\n<meta property=\"article:author\" content=\"https:\/\/www.facebook.com\/florent.ostermann\" \/>\n<meta property=\"article:published_time\" content=\"2022-08-28T08:18:56+00:00\" \/>\n<meta property=\"article:modified_time\" content=\"2022-08-28T09:09:12+00:00\" \/>\n<meta property=\"og:image\" content=\"https:\/\/dicodusport.fr\/blog\/wp-content\/uploads\/2022\/08\/Mondiaux-VTT-XCO-2022-Line-Burquier-sacree-championne-du-monde-U23-1.png\" \/>\n\t<meta property=\"og:image:width\" content=\"800\" \/>\n\t<meta property=\"og:image:height\" content=\"445\" \/>\n\t<meta property=\"og:image:type\" content=\"image\/png\" \/>\n<meta name=\"author\" content=\"Flo Ostermann\" \/>\n<meta name=\"twitter:card\" content=\"summary_large_image\" \/>\n<meta name=\"twitter:title\" content=\"Mondiaux VTT XCO 2022 : Line Burquier sacr\u00e9e championne du monde U23 !\" \/>\n<meta name=\"twitter:creator\" content=\"@https:\/\/twitter.com\/FlOstermann\" \/>\n<meta name=\"twitter:site\" content=\"@dicodusport\" \/>\n<script type=\"application\/ld+json\" class=\"yoast-schema-graph\">{\"@context\":\"https:\/\/schema.org\",\"@graph\":[{\"@type\":\"NewsArticle\",\"@id\":\"https:\/\/dicodusport.fr\/blog\/mondiaux-vtt-xco-2022-line-burquier-sacree-championne-du-monde-u23\/#article\",\"isPartOf\":{\"@id\":\"https:\/\/dicodusport.fr\/blog\/mondiaux-vtt-xco-2022-line-burquier-sacree-championne-du-monde-u23\/\"},\"author\":{\"name\":\"Flo Ostermann\",\"@id\":\"https:\/\/dicodusport.fr\/blog\/#\/schema\/person\/cb02af4c173ce4a653b55e9baf388d4a\"},\"headline\":\"Mondiaux VTT XCO 2022 : Line Burquier sacr\u00e9e championne du monde U23 !\",\"datePublished\":\"2022-08-28T08:18:56+00:00\",\"dateModified\":\"2022-08-28T09:09:12+00:00\",\"mainEntityOfPage\":{\"@id\":\"https:\/\/dicodusport.fr\/blog\/mondiaux-vtt-xco-2022-line-burquier-sacree-championne-du-monde-u23\/\"},\"wordCount\":359,\"commentCount\":0,\"publisher\":{\"@id\":\"https:\/\/dicodusport.fr\/blog\/#organization\"},\"image\":{\"@id\":\"https:\/\/dicodusport.fr\/blog\/mondiaux-vtt-xco-2022-line-burquier-sacree-championne-du-monde-u23\/#primaryimage\"},\"thumbnailUrl\":\"https:\/\/dicodusport.fr\/blog\/wp-content\/uploads\/2022\/08\/Mondiaux-VTT-XCO-2022-Line-Burquier-sacree-championne-du-monde-U23-1.png\",\"keywords\":[\"sport\"],\"articleSection\":[\"VTT\"],\"inLanguage\":\"fr-FR\",\"potentialAction\":[{\"@type\":\"CommentAction\",\"name\":\"Comment\",\"target\":[\"https:\/\/dicodusport.fr\/blog\/mondiaux-vtt-xco-2022-line-burquier-sacree-championne-du-monde-u23\/#respond\"]}],\"copyrightYear\":\"2022\",\"copyrightHolder\":{\"@id\":\"https:\/\/dicodusport.fr\/blog\/#organization\"}},{\"@type\":\"WebPage\",\"@id\":\"https:\/\/dicodusport.fr\/blog\/mondiaux-vtt-xco-2022-line-burquier-sacree-championne-du-monde-u23\/\",\"url\":\"https:\/\/dicodusport.fr\/blog\/mondiaux-vtt-xco-2022-line-burquier-sacree-championne-du-monde-u23\/\",\"name\":\"Mondiaux VTT XCO 2022 : Line Burquier sacr\u00e9e championne du monde U23 !\",\"isPartOf\":{\"@id\":\"https:\/\/dicodusport.fr\/blog\/#website\"},\"primaryImageOfPage\":{\"@id\":\"https:\/\/dicodusport.fr\/blog\/mondiaux-vtt-xco-2022-line-burquier-sacree-championne-du-monde-u23\/#primaryimage\"},\"image\":{\"@id\":\"https:\/\/dicodusport.fr\/blog\/mondiaux-vtt-xco-2022-line-burquier-sacree-championne-du-monde-u23\/#primaryimage\"},\"thumbnailUrl\":\"https:\/\/dicodusport.fr\/blog\/wp-content\/uploads\/2022\/08\/Mondiaux-VTT-XCO-2022-Line-Burquier-sacree-championne-du-monde-U23-1.png\",\"datePublished\":\"2022-08-28T08:18:56+00:00\",\"dateModified\":\"2022-08-28T09:09:12+00:00\",\"description\":\"CHAMPIONNATS DU MONDE DE VTT 2022 - Line Burquier a tenu son rang en remportant le titre mondial U23 en VTT XCO ce dimanche, aux Gets.\",\"breadcrumb\":{\"@id\":\"https:\/\/dicodusport.fr\/blog\/mondiaux-vtt-xco-2022-line-burquier-sacree-championne-du-monde-u23\/#breadcrumb\"},\"inLanguage\":\"fr-FR\",\"potentialAction\":[{\"@type\":\"ReadAction\",\"target\":[\"https:\/\/dicodusport.fr\/blog\/mondiaux-vtt-xco-2022-line-burquier-sacree-championne-du-monde-u23\/\"]}]},{\"@type\":\"ImageObject\",\"inLanguage\":\"fr-FR\",\"@id\":\"https:\/\/dicodusport.fr\/blog\/mondiaux-vtt-xco-2022-line-burquier-sacree-championne-du-monde-u23\/#primaryimage\",\"url\":\"https:\/\/dicodusport.fr\/blog\/wp-content\/uploads\/2022\/08\/Mondiaux-VTT-XCO-2022-Line-Burquier-sacree-championne-du-monde-U23-1.png\",\"contentUrl\":\"https:\/\/dicodusport.fr\/blog\/wp-content\/uploads\/2022\/08\/Mondiaux-VTT-XCO-2022-Line-Burquier-sacree-championne-du-monde-U23-1.png\",\"width\":800,\"height\":445,\"caption\":\"Mondiaux VTT XCO 2022 Line Burquier sacr\u00e9e championne du monde U23 ! (1)\"},{\"@type\":\"BreadcrumbList\",\"@id\":\"https:\/\/dicodusport.fr\/blog\/mondiaux-vtt-xco-2022-line-burquier-sacree-championne-du-monde-u23\/#breadcrumb\",\"itemListElement\":[{\"@type\":\"ListItem\",\"position\":1,\"name\":\"Accueil\",\"item\":\"https:\/\/dicodusport.fr\/blog\/\"},{\"@type\":\"ListItem\",\"position\":2,\"name\":\"Mondiaux VTT XCO 2022 : Line Burquier sacr\u00e9e championne du monde U23 !\"}]},{\"@type\":\"WebSite\",\"@id\":\"https:\/\/dicodusport.fr\/blog\/#website\",\"url\":\"https:\/\/dicodusport.fr\/blog\/\",\"name\":\"Dicodusport\",\"description\":\"L&#039;encyclop\u00e9die de l&#039;actualit\u00e9 sportive\",\"publisher\":{\"@id\":\"https:\/\/dicodusport.fr\/blog\/#organization\"},\"potentialAction\":[{\"@type\":\"SearchAction\",\"target\":{\"@type\":\"EntryPoint\",\"urlTemplate\":\"https:\/\/dicodusport.fr\/blog\/?s={search_term_string}\"},\"query-input\":{\"@type\":\"PropertyValueSpecification\",\"valueRequired\":true,\"valueName\":\"search_term_string\"}}],\"inLanguage\":\"fr-FR\"},{\"@type\":\"NewsMediaOrganization\",\"@id\":\"https:\/\/dicodusport.fr\/blog\/#organization\",\"name\":\"Dicodusport\",\"url\":\"https:\/\/dicodusport.fr\/blog\/\",\"logo\":{\"@type\":\"ImageObject\",\"inLanguage\":\"fr-FR\",\"@id\":\"https:\/\/dicodusport.fr\/blog\/#\/schema\/logo\/image\/\",\"url\":\"https:\/\/dicodusport.fr\/blog\/wp-content\/uploads\/2020\/06\/cropped-LOGO-DICODUSPORT-2020-SANS-FOND-SANS-TEXTE.png\",\"contentUrl\":\"https:\/\/dicodusport.fr\/blog\/wp-content\/uploads\/2020\/06\/cropped-LOGO-DICODUSPORT-2020-SANS-FOND-SANS-TEXTE.png\",\"width\":512,\"height\":512,\"caption\":\"Dicodusport\"},\"image\":{\"@id\":\"https:\/\/dicodusport.fr\/blog\/#\/schema\/logo\/image\/\"},\"sameAs\":[\"https:\/\/www.facebook.com\/dicodusport\",\"https:\/\/x.com\/dicodusport\",\"https:\/\/www.instagram.com\/dicodusport\/\",\"https:\/\/www.youtube.com\/channel\/UC7V2KZ5sd3htJivAbA4ZG3w\"],\"description\":\"Dicodusport est l'encyclop\u00e9die de l'actualit\u00e9 sportive.\",\"email\":\"bonjour@dicodusport.fr\",\"legalName\":\"DICODUSPORT\",\"foundingDate\":\"2018-01-14\",\"vatID\":\"FR71834470973\",\"taxID\":\"83447097300043\",\"numberOfEmployees\":{\"@type\":\"QuantitativeValue\",\"minValue\":\"1\",\"maxValue\":\"10\"}},{\"@type\":\"Person\",\"@id\":\"https:\/\/dicodusport.fr\/blog\/#\/schema\/person\/cb02af4c173ce4a653b55e9baf388d4a\",\"name\":\"Flo Ostermann\",\"image\":{\"@type\":\"ImageObject\",\"inLanguage\":\"fr-FR\",\"@id\":\"https:\/\/dicodusport.fr\/blog\/#\/schema\/person\/image\/\",\"url\":\"https:\/\/dicodusport.fr\/blog\/wp-content\/uploads\/2021\/05\/Flo-Ostermann-150x150.jpg\",\"contentUrl\":\"https:\/\/dicodusport.fr\/blog\/wp-content\/uploads\/2021\/05\/Flo-Ostermann-150x150.jpg\",\"caption\":\"Flo Ostermann\"},\"description\":\"Journaliste\/R\u00e9dacteur depuis septembre 2015 - Mes premiers souvenirs dans le sport ? Les envol\u00e9es du Stade Toulousain et les duels Villeneuve-Schumacher et H\u00e4kkinen-Schumacher \u00e0 la fin des ann\u00e9es 90, la Coupe du monde de football en 1998, l\u2019exploit du XV de France face aux All Blacks en 1999, mais aussi Richard C\u0153ur de Lion qui vole sur les montagnes du Tour de France. Bien parti pour devenir professeur d\u2019EPS, les \u00e9v\u00e9nements de la vie (et la flemme d\u2019animer des s\u00e9ances de 3x500 m\u00e8tres toute ma vie) m\u2019ont conduit \u00e0 revoir mes plans. Me voil\u00e0 depuis fin 2017 sur Dicodusport, m\u00e9dia gr\u00e2ce (et pour) lequel je partage ma passion : le sport dans tous ses \u00e9tats. Le tout accompagn\u00e9 par les fous furieux et folles furieuses cit\u00e9s sur cette page !\",\"sameAs\":[\"https:\/\/www.facebook.com\/florent.ostermann\",\"https:\/\/x.com\/https:\/\/twitter.com\/FlOstermann\",\"admin\"],\"url\":\"https:\/\/dicodusport.fr\/blog\/author\/flo\/\"}]}<\/script>\n<!-- \/ Yoast SEO Premium plugin. -->","yoast_head_json":{"title":"Mondiaux VTT XCO 2022 : Line Burquier sacr\u00e9e championne du monde U23 !","description":"CHAMPIONNATS DU MONDE DE VTT 2022 - Line Burquier a tenu son rang en remportant le titre mondial U23 en VTT XCO ce dimanche, aux Gets.","robots":{"index":"index","follow":"follow","max-snippet":"max-snippet:-1","max-image-preview":"max-image-preview:large","max-video-preview":"max-video-preview:-1"},"canonical":"https:\/\/dicodusport.fr\/blog\/mondiaux-vtt-xco-2022-line-burquier-sacree-championne-du-monde-u23\/","og_locale":"fr_FR","og_type":"article","og_title":"Mondiaux VTT XCO 2022 : Line Burquier sacr\u00e9e championne du monde U23 !","og_description":"CHAMPIONNATS DU MONDE DE VTT 2022 - Line Burquier a tenu son rang en remportant le titre mondial U23 en VTT XCO ce dimanche, aux Gets.","og_url":"https:\/\/dicodusport.fr\/blog\/mondiaux-vtt-xco-2022-line-burquier-sacree-championne-du-monde-u23\/","og_site_name":"Dicodusport","article_publisher":"https:\/\/www.facebook.com\/dicodusport","article_author":"https:\/\/www.facebook.com\/florent.ostermann","article_published_time":"2022-08-28T08:18:56+00:00","article_modified_time":"2022-08-28T09:09:12+00:00","og_image":[{"width":800,"height":445,"url":"https:\/\/dicodusport.fr\/blog\/wp-content\/uploads\/2022\/08\/Mondiaux-VTT-XCO-2022-Line-Burquier-sacree-championne-du-monde-U23-1.png","type":"image\/png"}],"author":"Flo Ostermann","twitter_card":"summary_large_image","twitter_title":"Mondiaux VTT XCO 2022 : Line Burquier sacr\u00e9e championne du monde U23 !","twitter_creator":"@https:\/\/twitter.com\/FlOstermann","twitter_site":"@dicodusport","schema":{"@context":"https:\/\/schema.org","@graph":[{"@type":"NewsArticle","@id":"https:\/\/dicodusport.fr\/blog\/mondiaux-vtt-xco-2022-line-burquier-sacree-championne-du-monde-u23\/#article","isPartOf":{"@id":"https:\/\/dicodusport.fr\/blog\/mondiaux-vtt-xco-2022-line-burquier-sacree-championne-du-monde-u23\/"},"author":{"name":"Flo Ostermann","@id":"https:\/\/dicodusport.fr\/blog\/#\/schema\/person\/cb02af4c173ce4a653b55e9baf388d4a"},"headline":"Mondiaux VTT XCO 2022 : Line Burquier sacr\u00e9e championne du monde U23 !","datePublished":"2022-08-28T08:18:56+00:00","dateModified":"2022-08-28T09:09:12+00:00","mainEntityOfPage":{"@id":"https:\/\/dicodusport.fr\/blog\/mondiaux-vtt-xco-2022-line-burquier-sacree-championne-du-monde-u23\/"},"wordCount":359,"commentCount":0,"publisher":{"@id":"https:\/\/dicodusport.fr\/blog\/#organization"},"image":{"@id":"https:\/\/dicodusport.fr\/blog\/mondiaux-vtt-xco-2022-line-burquier-sacree-championne-du-monde-u23\/#primaryimage"},"thumbnailUrl":"https:\/\/dicodusport.fr\/blog\/wp-content\/uploads\/2022\/08\/Mondiaux-VTT-XCO-2022-Line-Burquier-sacree-championne-du-monde-U23-1.png","keywords":["sport"],"articleSection":["VTT"],"inLanguage":"fr-FR","potentialAction":[{"@type":"CommentAction","name":"Comment","target":["https:\/\/dicodusport.fr\/blog\/mondiaux-vtt-xco-2022-line-burquier-sacree-championne-du-monde-u23\/#respond"]}],"copyrightYear":"2022","copyrightHolder":{"@id":"https:\/\/dicodusport.fr\/blog\/#organization"}},{"@type":"WebPage","@id":"https:\/\/dicodusport.fr\/blog\/mondiaux-vtt-xco-2022-line-burquier-sacree-championne-du-monde-u23\/","url":"https:\/\/dicodusport.fr\/blog\/mondiaux-vtt-xco-2022-line-burquier-sacree-championne-du-monde-u23\/","name":"Mondiaux VTT XCO 2022 : Line Burquier sacr\u00e9e championne du monde U23 !","isPartOf":{"@id":"https:\/\/dicodusport.fr\/blog\/#website"},"primaryImageOfPage":{"@id":"https:\/\/dicodusport.fr\/blog\/mondiaux-vtt-xco-2022-line-burquier-sacree-championne-du-monde-u23\/#primaryimage"},"image":{"@id":"https:\/\/dicodusport.fr\/blog\/mondiaux-vtt-xco-2022-line-burquier-sacree-championne-du-monde-u23\/#primaryimage"},"thumbnailUrl":"https:\/\/dicodusport.fr\/blog\/wp-content\/uploads\/2022\/08\/Mondiaux-VTT-XCO-2022-Line-Burquier-sacree-championne-du-monde-U23-1.png","datePublished":"2022-08-28T08:18:56+00:00","dateModified":"2022-08-28T09:09:12+00:00","description":"CHAMPIONNATS DU MONDE DE VTT 2022 - Line Burquier a tenu son rang en remportant le titre mondial U23 en VTT XCO ce dimanche, aux Gets.","breadcrumb":{"@id":"https:\/\/dicodusport.fr\/blog\/mondiaux-vtt-xco-2022-line-burquier-sacree-championne-du-monde-u23\/#breadcrumb"},"inLanguage":"fr-FR","potentialAction":[{"@type":"ReadAction","target":["https:\/\/dicodusport.fr\/blog\/mondiaux-vtt-xco-2022-line-burquier-sacree-championne-du-monde-u23\/"]}]},{"@type":"ImageObject","inLanguage":"fr-FR","@id":"https:\/\/dicodusport.fr\/blog\/mondiaux-vtt-xco-2022-line-burquier-sacree-championne-du-monde-u23\/#primaryimage","url":"https:\/\/dicodusport.fr\/blog\/wp-content\/uploads\/2022\/08\/Mondiaux-VTT-XCO-2022-Line-Burquier-sacree-championne-du-monde-U23-1.png","contentUrl":"https:\/\/dicodusport.fr\/blog\/wp-content\/uploads\/2022\/08\/Mondiaux-VTT-XCO-2022-Line-Burquier-sacree-championne-du-monde-U23-1.png","width":800,"height":445,"caption":"Mondiaux VTT XCO 2022 Line Burquier sacr\u00e9e championne du monde U23 ! (1)"},{"@type":"BreadcrumbList","@id":"https:\/\/dicodusport.fr\/blog\/mondiaux-vtt-xco-2022-line-burquier-sacree-championne-du-monde-u23\/#breadcrumb","itemListElement":[{"@type":"ListItem","position":1,"name":"Accueil","item":"https:\/\/dicodusport.fr\/blog\/"},{"@type":"ListItem","position":2,"name":"Mondiaux VTT XCO 2022 : Line Burquier sacr\u00e9e championne du monde U23 !"}]},{"@type":"WebSite","@id":"https:\/\/dicodusport.fr\/blog\/#website","url":"https:\/\/dicodusport.fr\/blog\/","name":"Dicodusport","description":"L&#039;encyclop\u00e9die de l&#039;actualit\u00e9 sportive","publisher":{"@id":"https:\/\/dicodusport.fr\/blog\/#organization"},"potentialAction":[{"@type":"SearchAction","target":{"@type":"EntryPoint","urlTemplate":"https:\/\/dicodusport.fr\/blog\/?s={search_term_string}"},"query-input":{"@type":"PropertyValueSpecification","valueRequired":true,"valueName":"search_term_string"}}],"inLanguage":"fr-FR"},{"@type":"NewsMediaOrganization","@id":"https:\/\/dicodusport.fr\/blog\/#organization","name":"Dicodusport","url":"https:\/\/dicodusport.fr\/blog\/","logo":{"@type":"ImageObject","inLanguage":"fr-FR","@id":"https:\/\/dicodusport.fr\/blog\/#\/schema\/logo\/image\/","url":"https:\/\/dicodusport.fr\/blog\/wp-content\/uploads\/2020\/06\/cropped-LOGO-DICODUSPORT-2020-SANS-FOND-SANS-TEXTE.png","contentUrl":"https:\/\/dicodusport.fr\/blog\/wp-content\/uploads\/2020\/06\/cropped-LOGO-DICODUSPORT-2020-SANS-FOND-SANS-TEXTE.png","width":512,"height":512,"caption":"Dicodusport"},"image":{"@id":"https:\/\/dicodusport.fr\/blog\/#\/schema\/logo\/image\/"},"sameAs":["https:\/\/www.facebook.com\/dicodusport","https:\/\/x.com\/dicodusport","https:\/\/www.instagram.com\/dicodusport\/","https:\/\/www.youtube.com\/channel\/UC7V2KZ5sd3htJivAbA4ZG3w"],"description":"Dicodusport est l'encyclop\u00e9die de l'actualit\u00e9 sportive.","email":"bonjour@dicodusport.fr","legalName":"DICODUSPORT","foundingDate":"2018-01-14","vatID":"FR71834470973","taxID":"83447097300043","numberOfEmployees":{"@type":"QuantitativeValue","minValue":"1","maxValue":"10"}},{"@type":"Person","@id":"https:\/\/dicodusport.fr\/blog\/#\/schema\/person\/cb02af4c173ce4a653b55e9baf388d4a","name":"Flo Ostermann","image":{"@type":"ImageObject","inLanguage":"fr-FR","@id":"https:\/\/dicodusport.fr\/blog\/#\/schema\/person\/image\/","url":"https:\/\/dicodusport.fr\/blog\/wp-content\/uploads\/2021\/05\/Flo-Ostermann-150x150.jpg","contentUrl":"https:\/\/dicodusport.fr\/blog\/wp-content\/uploads\/2021\/05\/Flo-Ostermann-150x150.jpg","caption":"Flo Ostermann"},"description":"Journaliste\/R\u00e9dacteur depuis septembre 2015 - Mes premiers souvenirs dans le sport ? Les envol\u00e9es du Stade Toulousain et les duels Villeneuve-Schumacher et H\u00e4kkinen-Schumacher \u00e0 la fin des ann\u00e9es 90, la Coupe du monde de football en 1998, l\u2019exploit du XV de France face aux All Blacks en 1999, mais aussi Richard C\u0153ur de Lion qui vole sur les montagnes du Tour de France. Bien parti pour devenir professeur d\u2019EPS, les \u00e9v\u00e9nements de la vie (et la flemme d\u2019animer des s\u00e9ances de 3x500 m\u00e8tres toute ma vie) m\u2019ont conduit \u00e0 revoir mes plans. Me voil\u00e0 depuis fin 2017 sur Dicodusport, m\u00e9dia gr\u00e2ce (et pour) lequel je partage ma passion : le sport dans tous ses \u00e9tats. Le tout accompagn\u00e9 par les fous furieux et folles furieuses cit\u00e9s sur cette page !","sameAs":["https:\/\/www.facebook.com\/florent.ostermann","https:\/\/x.com\/https:\/\/twitter.com\/FlOstermann","admin"],"url":"https:\/\/dicodusport.fr\/blog\/author\/flo\/"}]}},"_links":{"self":[{"href":"https:\/\/dicodusport.fr\/blog\/wp-json\/wp\/v2\/posts\/257006","targetHints":{"allow":["GET"]}}],"collection":[{"href":"https:\/\/dicodusport.fr\/blog\/wp-json\/wp\/v2\/posts"}],"about":[{"href":"https:\/\/dicodusport.fr\/blog\/wp-json\/wp\/v2\/types\/post"}],"author":[{"embeddable":true,"href":"https:\/\/dicodusport.fr\/blog\/wp-json\/wp\/v2\/users\/4"}],"replies":[{"embeddable":true,"href":"https:\/\/dicodusport.fr\/blog\/wp-json\/wp\/v2\/comments?post=257006"}],"version-history":[{"count":0,"href":"https:\/\/dicodusport.fr\/blog\/wp-json\/wp\/v2\/posts\/257006\/revisions"}],"wp:featuredmedia":[{"embeddable":true,"href":"https:\/\/dicodusport.fr\/blog\/wp-json\/wp\/v2\/media\/257028"}],"wp:attachment":[{"href":"https:\/\/dicodusport.fr\/blog\/wp-json\/wp\/v2\/media?parent=257006"}],"wp:term":[{"taxonomy":"category","embeddable":true,"href":"https:\/\/dicodusport.fr\/blog\/wp-json\/wp\/v2\/categories?post=257006"},{"taxonomy":"post_tag","embeddable":true,"href":"https:\/\/dicodusport.fr\/blog\/wp-json\/wp\/v2\/tags?post=257006"}],"curies":[{"name":"wp","href":"https:\/\/api.w.org\/{rel}","templated":true}]}}