{"id":257091,"date":"2022-08-28T14:23:28","date_gmt":"2022-08-28T12:23:28","guid":{"rendered":"https:\/\/dicodusport.fr\/blog\/?p=257091&#038;preview=true&#038;preview_id=257091"},"modified":"2022-08-28T16:41:55","modified_gmt":"2022-08-28T14:41:55","slug":"mondiaux-vtt-xco-2022-quatrieme-titre-mondial-xco-pour-pauline-ferrand-prevot","status":"publish","type":"post","link":"https:\/\/dicodusport.fr\/blog\/mondiaux-vtt-xco-2022-quatrieme-titre-mondial-xco-pour-pauline-ferrand-prevot\/","title":{"rendered":"Mondiaux VTT XCO 2022 : Quatri\u00e8me titre mondial XCO pour Pauline Ferrand-Pr\u00e9vot !"},"content":{"rendered":"<p style=\"text-align: justify;\"><em><strong><a href=\"https:\/\/dicodusport.fr\/blog\/actualites\/cyclisme\/vtt\/championnats-du-monde-vtt-2022\/\">CHAMPIONNATS DU MONDE DE VTT 2022<\/a> &#8211; Monstrueuse, Pauline Ferrand-Pr\u00e9vot a d\u00e9croch\u00e9 un quatri\u00e8me titre mondial en VTT XCO ce dimanche, aux Gets (France). \u00c9tincelante et seule au monde, la Champenoise \u00e9gale au palmar\u00e8s la Norv\u00e9gienne Gunn-Rita Dahle, sacr\u00e9e \u00e0 quatre reprises dans les ann\u00e9es 2000.<\/strong><\/em><\/p>\n<p style=\"text-align: justify;\">Exceptionnelle PFP ! Ce dimanche, la R\u00e9moise a \u00e9teint la concurrence. D\u00e9j\u00e0 titr\u00e9e en 2015, 2019 et 2020, <strong>Pauline Ferrand-Pr\u00e9vot<\/strong> est all\u00e9e chercher un quatri\u00e8me sacre mondial en <strong>VTT XCO<\/strong>, dans la station des Gets, \u00e0 domicile donc, dans une ambiance folle ! La pilote de 30 ans a adopt\u00e9 la m\u00eame strat\u00e9gie qu&rsquo;en 2020 \u00e0 Leogang : attaquer d\u00e8s la premi\u00e8re des six boucles du jour. Pour ne plus jamais \u00eatre revue. Puissante dans les mont\u00e9es et propre techniquement, elle r\u00e9alise un doubl\u00e9 historique, apr\u00e8s avoir rafl\u00e9 deux titres mondiaux en deux jours, <a href=\"https:\/\/dicodusport.fr\/blog\/mondiaux-vtt-xcc-2022-pauline-ferrand-prevot-championne-du-monde\/\">apr\u00e8s avoir conquis le maillot arc-en-ciel sur le XCC short-track vendredi<\/a>. Monumentale !<\/p>\n<blockquote class=\"twitter-tweet\">\n<p dir=\"ltr\" lang=\"fr\">&#x1f64c;&#x1f1eb;&#x1f1f7; CHAMPIONNE DU MONDE &#x1f308;&#x1f64c;<\/p>\n<p>Pauline Ferrand-Pr\u00e9vot survole le cross-country XCO aux Gets !<a href=\"https:\/\/twitter.com\/hashtag\/lequipeVTT?src=hash&amp;ref_src=twsrc%5Etfw\">#lequipeVTT<\/a> <a href=\"https:\/\/t.co\/0GsYZmXR5C\">pic.twitter.com\/0GsYZmXR5C<\/a><\/p>\n<p>\u2014 la chaine L&rsquo;\u00c9quipe (@lachainelequipe) <a href=\"https:\/\/twitter.com\/lachainelequipe\/status\/1563865639709818880?ref_src=twsrc%5Etfw\">August 28, 2022<\/a><\/p><\/blockquote>\n<p><script async src=\"https:\/\/platform.twitter.com\/widgets.js\" charset=\"utf-8\"><\/script><\/p>\n<h2 style=\"text-align: justify;\">Neff en argent, rendez-vous manqu\u00e9 pour Lecomte<\/h2>\n<p style=\"text-align: justify;\">Derri\u00e8re <strong>Pauline Ferrand-Pr\u00e9vot<\/strong>, la concurrence a tr\u00e8s vite compris qu&rsquo;elle ne ferait pas mieux que la m\u00e9daille d&rsquo;argent ce dimanche, tant la nouvelle quadruple championne du monde \u00e9tait imp\u00e9riale. Longtemps ensemble, l&rsquo;Am\u00e9ricaine <strong>Haley Batten<\/strong> et la Suissesse <strong>Alessandra Keller<\/strong> ont finalement vu revenir sur elles la championne olympique en titre, <strong>Jolanda Neff<\/strong>. Cette derni\u00e8re a tent\u00e9 de suivre PFP dans le premier tour, avant d&rsquo;exploser. Mais celle qui avait rafl\u00e9 le titre en 2017 a trouv\u00e9 un second souffle, lui permettant d&rsquo;aller glaner la deuxi\u00e8me place, \u00e0 1:35 de la Fran\u00e7aise. Pour la m\u00e9daille de bronze, c&rsquo;est l&rsquo;Am\u00e9ricaine <strong>Haley Batten<\/strong>, qui, au terme d&rsquo;une course solide, rafle la mise \u00e0 2:13 de la gagne.<\/p>\n<p style=\"text-align: justify;\">C\u00f4t\u00e9 <strong>Loana Lecomte<\/strong>, la d\u00e9ception est forc\u00e9ment de rigueur. Grande favorite de l&rsquo;\u00e9preuve aux c\u00f4t\u00e9s de PFP et championne d&rsquo;Europe il y a une semaine \u00e0 Munich (Allemagne), la locale de la course n&rsquo;a jamais \u00e9t\u00e9 dans le rythme. \u00c0 23 ans, la native d&rsquo;Annecy s&rsquo;est tout de m\u00eame d\u00e9pouill\u00e9e pour aller chercher la 4\u00e8me place, \u00e0 3:27. La pression, mais aussi de mauvaises sensations d\u00e8s l&rsquo;\u00e9chauffement selon ses propres mots, ont an\u00e9anti ses r\u00eaves de titre \u00e0 domicile. Mais la laur\u00e9ate du g\u00e9n\u00e9ral de la Coupe du monde 2021 avait n\u00e9anmoins le sourire \u00e0 l&rsquo;arriv\u00e9e. Comme toujours. Les autres pilotes fran\u00e7aises, <strong>H\u00e9l\u00e8ne Clauzel<\/strong> et <strong>L\u00e9na G\u00e9rault<\/strong>, ont respectivement termin\u00e9 aux 25\u00e8me et 34\u00e8me rang. <strong>Lucie Urruty<\/strong> a elle abandonn\u00e9.<\/p>\n<blockquote class=\"twitter-tweet\">\n<p dir=\"ltr\" lang=\"fr\">&#x1f4ac;&#x1f1eb;&#x1f1f7; La r\u00e9action de Loana Lecomte, 4e sur ce cross-country XCO !<a href=\"https:\/\/twitter.com\/hashtag\/lequipeVTT?src=hash&amp;ref_src=twsrc%5Etfw\">#lequipeVTT<\/a> <a href=\"https:\/\/t.co\/NtgMlZZvPf\">pic.twitter.com\/NtgMlZZvPf<\/a><\/p>\n<p>\u2014 la chaine L&rsquo;\u00c9quipe (@lachainelequipe) <a href=\"https:\/\/twitter.com\/lachainelequipe\/status\/1563867782218907649?ref_src=twsrc%5Etfw\">August 28, 2022<\/a><\/p><\/blockquote>\n<p><script async src=\"https:\/\/platform.twitter.com\/widgets.js\" charset=\"utf-8\"><\/script><\/p>\n<h2 style=\"text-align: justify;\">\u00c0 lire aussi<\/h2>\n<ul>\n<li style=\"text-align: justify;\"><a href=\"https:\/\/dicodusport.fr\/blog\/mondiaux-vtt-xco-2022-classement-cross-country-elites-femmes\/\"><strong>Le classement de la course XCO \u00c9lites femmes des championnats du monde de VTT 2022<\/strong><\/a><\/li>\n<li style=\"text-align: justify;\"><a href=\"https:\/\/dicodusport.fr\/blog\/mondiaux-vtt-2022-programme-complet-et-resultats\/\"><strong>Programme et r\u00e9sultats des championnats du monde de VTT 2022<\/strong><\/a><\/li>\n<li style=\"text-align: justify;\"><a href=\"https:\/\/dicodusport.fr\/blog\/tableau-des-medailles-championnats-du-monde-de-vtt-2022\/\"><strong>Tableau des m\u00e9dailles des championnats du monde de VTT 2022<\/strong><\/a><\/li>\n<\/ul>\n","protected":false},"excerpt":{"rendered":"<p>CHAMPIONNATS DU MONDE DE VTT 2022 &#8211; Monstrueuse, Pauline Ferrand-Pr\u00e9vot a d\u00e9croch\u00e9 un quatri\u00e8me titre mondial en VTT XCO ce dimanche, aux Gets (France). \u00c9tincelante et seule au monde, la Champenoise \u00e9gale au palmar\u00e8s la Norv\u00e9gienne Gunn-Rita Dahle, sacr\u00e9e \u00e0 quatre reprises dans les ann\u00e9es 2000.<\/p>\n","protected":false},"author":4,"featured_media":257095,"comment_status":"open","ping_status":"closed","sticky":false,"template":"","format":"standard","meta":{"_acf_changed":false,"_daextam_enable_autolinks":"","footnotes":""},"categories":[10279],"tags":[24],"class_list":["post-257091","post","type-post","status-publish","format-standard","has-post-thumbnail","hentry","category-vtt","tag-sport"],"acf":[],"yoast_head":"<!-- This site is optimized with the Yoast SEO Premium plugin v26.7 (Yoast SEO v26.7) - https:\/\/yoast.com\/wordpress\/plugins\/seo\/ -->\n<title>Mondiaux VTT XCO 2022 : Quatri\u00e8me titre mondial XCO pour Pauline Ferrand-Pr\u00e9vot !<\/title>\n<meta name=\"description\" content=\"CHAMPIONNATS DU MONDE DE VTT 2022 - Monstrueuse, Pauline Ferrand-Pr\u00e9vot a d\u00e9croch\u00e9 un quatri\u00e8me titre mondial en VTT XCO ce dimanche.\" \/>\n<meta name=\"robots\" content=\"index, follow, max-snippet:-1, max-image-preview:large, max-video-preview:-1\" \/>\n<link rel=\"canonical\" href=\"https:\/\/dicodusport.fr\/blog\/mondiaux-vtt-xco-2022-quatrieme-titre-mondial-xco-pour-pauline-ferrand-prevot\/\" \/>\n<meta property=\"og:locale\" content=\"fr_FR\" \/>\n<meta property=\"og:type\" content=\"article\" \/>\n<meta property=\"og:title\" content=\"Mondiaux VTT XCO 2022 : Quatri\u00e8me titre mondial XCO pour Pauline Ferrand-Pr\u00e9vot !\" \/>\n<meta property=\"og:description\" content=\"CHAMPIONNATS DU MONDE DE VTT 2022 - Monstrueuse, Pauline Ferrand-Pr\u00e9vot a d\u00e9croch\u00e9 un quatri\u00e8me titre mondial en VTT XCO ce dimanche.\" \/>\n<meta property=\"og:url\" content=\"https:\/\/dicodusport.fr\/blog\/mondiaux-vtt-xco-2022-quatrieme-titre-mondial-xco-pour-pauline-ferrand-prevot\/\" \/>\n<meta property=\"og:site_name\" content=\"Dicodusport\" \/>\n<meta property=\"article:publisher\" content=\"https:\/\/www.facebook.com\/dicodusport\" \/>\n<meta property=\"article:author\" content=\"https:\/\/www.facebook.com\/florent.ostermann\" \/>\n<meta property=\"article:published_time\" content=\"2022-08-28T12:23:28+00:00\" \/>\n<meta property=\"article:modified_time\" content=\"2022-08-28T14:41:55+00:00\" \/>\n<meta property=\"og:image\" content=\"https:\/\/dicodusport.fr\/blog\/wp-content\/uploads\/2022\/08\/Mondiaux-VTT-XCO-2022-Quatrieme-titre-mondial-XCO-pour-Pauline-Ferrand-Prevot.png\" \/>\n\t<meta property=\"og:image:width\" content=\"800\" \/>\n\t<meta property=\"og:image:height\" content=\"445\" \/>\n\t<meta property=\"og:image:type\" content=\"image\/png\" \/>\n<meta name=\"author\" content=\"Flo Ostermann\" \/>\n<meta name=\"twitter:card\" content=\"summary_large_image\" \/>\n<meta name=\"twitter:title\" content=\"Mondiaux VTT XCO 2022 : Quatri\u00e8me titre mondial XCO pour Pauline Ferrand-Pr\u00e9vot !\" \/>\n<meta name=\"twitter:creator\" content=\"@https:\/\/twitter.com\/FlOstermann\" \/>\n<meta name=\"twitter:site\" content=\"@dicodusport\" \/>\n<script type=\"application\/ld+json\" class=\"yoast-schema-graph\">{\"@context\":\"https:\/\/schema.org\",\"@graph\":[{\"@type\":\"NewsArticle\",\"@id\":\"https:\/\/dicodusport.fr\/blog\/mondiaux-vtt-xco-2022-quatrieme-titre-mondial-xco-pour-pauline-ferrand-prevot\/#article\",\"isPartOf\":{\"@id\":\"https:\/\/dicodusport.fr\/blog\/mondiaux-vtt-xco-2022-quatrieme-titre-mondial-xco-pour-pauline-ferrand-prevot\/\"},\"author\":{\"name\":\"Flo Ostermann\",\"@id\":\"https:\/\/dicodusport.fr\/blog\/#\/schema\/person\/cb02af4c173ce4a653b55e9baf388d4a\"},\"headline\":\"Mondiaux VTT XCO 2022 : Quatri\u00e8me titre mondial XCO pour Pauline Ferrand-Pr\u00e9vot !\",\"datePublished\":\"2022-08-28T12:23:28+00:00\",\"dateModified\":\"2022-08-28T14:41:55+00:00\",\"mainEntityOfPage\":{\"@id\":\"https:\/\/dicodusport.fr\/blog\/mondiaux-vtt-xco-2022-quatrieme-titre-mondial-xco-pour-pauline-ferrand-prevot\/\"},\"wordCount\":553,\"commentCount\":0,\"publisher\":{\"@id\":\"https:\/\/dicodusport.fr\/blog\/#organization\"},\"image\":{\"@id\":\"https:\/\/dicodusport.fr\/blog\/mondiaux-vtt-xco-2022-quatrieme-titre-mondial-xco-pour-pauline-ferrand-prevot\/#primaryimage\"},\"thumbnailUrl\":\"https:\/\/dicodusport.fr\/blog\/wp-content\/uploads\/2022\/08\/Mondiaux-VTT-XCO-2022-Quatrieme-titre-mondial-XCO-pour-Pauline-Ferrand-Prevot.png\",\"keywords\":[\"sport\"],\"articleSection\":[\"VTT\"],\"inLanguage\":\"fr-FR\",\"potentialAction\":[{\"@type\":\"CommentAction\",\"name\":\"Comment\",\"target\":[\"https:\/\/dicodusport.fr\/blog\/mondiaux-vtt-xco-2022-quatrieme-titre-mondial-xco-pour-pauline-ferrand-prevot\/#respond\"]}],\"copyrightYear\":\"2022\",\"copyrightHolder\":{\"@id\":\"https:\/\/dicodusport.fr\/blog\/#organization\"}},{\"@type\":\"WebPage\",\"@id\":\"https:\/\/dicodusport.fr\/blog\/mondiaux-vtt-xco-2022-quatrieme-titre-mondial-xco-pour-pauline-ferrand-prevot\/\",\"url\":\"https:\/\/dicodusport.fr\/blog\/mondiaux-vtt-xco-2022-quatrieme-titre-mondial-xco-pour-pauline-ferrand-prevot\/\",\"name\":\"Mondiaux VTT XCO 2022 : Quatri\u00e8me titre mondial XCO pour Pauline Ferrand-Pr\u00e9vot !\",\"isPartOf\":{\"@id\":\"https:\/\/dicodusport.fr\/blog\/#website\"},\"primaryImageOfPage\":{\"@id\":\"https:\/\/dicodusport.fr\/blog\/mondiaux-vtt-xco-2022-quatrieme-titre-mondial-xco-pour-pauline-ferrand-prevot\/#primaryimage\"},\"image\":{\"@id\":\"https:\/\/dicodusport.fr\/blog\/mondiaux-vtt-xco-2022-quatrieme-titre-mondial-xco-pour-pauline-ferrand-prevot\/#primaryimage\"},\"thumbnailUrl\":\"https:\/\/dicodusport.fr\/blog\/wp-content\/uploads\/2022\/08\/Mondiaux-VTT-XCO-2022-Quatrieme-titre-mondial-XCO-pour-Pauline-Ferrand-Prevot.png\",\"datePublished\":\"2022-08-28T12:23:28+00:00\",\"dateModified\":\"2022-08-28T14:41:55+00:00\",\"description\":\"CHAMPIONNATS DU MONDE DE VTT 2022 - Monstrueuse, Pauline Ferrand-Pr\u00e9vot a d\u00e9croch\u00e9 un quatri\u00e8me titre mondial en VTT XCO ce dimanche.\",\"breadcrumb\":{\"@id\":\"https:\/\/dicodusport.fr\/blog\/mondiaux-vtt-xco-2022-quatrieme-titre-mondial-xco-pour-pauline-ferrand-prevot\/#breadcrumb\"},\"inLanguage\":\"fr-FR\",\"potentialAction\":[{\"@type\":\"ReadAction\",\"target\":[\"https:\/\/dicodusport.fr\/blog\/mondiaux-vtt-xco-2022-quatrieme-titre-mondial-xco-pour-pauline-ferrand-prevot\/\"]}]},{\"@type\":\"ImageObject\",\"inLanguage\":\"fr-FR\",\"@id\":\"https:\/\/dicodusport.fr\/blog\/mondiaux-vtt-xco-2022-quatrieme-titre-mondial-xco-pour-pauline-ferrand-prevot\/#primaryimage\",\"url\":\"https:\/\/dicodusport.fr\/blog\/wp-content\/uploads\/2022\/08\/Mondiaux-VTT-XCO-2022-Quatrieme-titre-mondial-XCO-pour-Pauline-Ferrand-Prevot.png\",\"contentUrl\":\"https:\/\/dicodusport.fr\/blog\/wp-content\/uploads\/2022\/08\/Mondiaux-VTT-XCO-2022-Quatrieme-titre-mondial-XCO-pour-Pauline-Ferrand-Prevot.png\",\"width\":800,\"height\":445,\"caption\":\"Mondiaux VTT XCO 2022 - Quatri\u00e8me titre mondial XCO pour Pauline Ferrand-Pr\u00e9vot - Photo Icon Sport\"},{\"@type\":\"BreadcrumbList\",\"@id\":\"https:\/\/dicodusport.fr\/blog\/mondiaux-vtt-xco-2022-quatrieme-titre-mondial-xco-pour-pauline-ferrand-prevot\/#breadcrumb\",\"itemListElement\":[{\"@type\":\"ListItem\",\"position\":1,\"name\":\"Accueil\",\"item\":\"https:\/\/dicodusport.fr\/blog\/\"},{\"@type\":\"ListItem\",\"position\":2,\"name\":\"Mondiaux VTT XCO 2022 : Quatri\u00e8me titre mondial XCO pour Pauline Ferrand-Pr\u00e9vot !\"}]},{\"@type\":\"WebSite\",\"@id\":\"https:\/\/dicodusport.fr\/blog\/#website\",\"url\":\"https:\/\/dicodusport.fr\/blog\/\",\"name\":\"Dicodusport\",\"description\":\"L&#039;encyclop\u00e9die de l&#039;actualit\u00e9 sportive\",\"publisher\":{\"@id\":\"https:\/\/dicodusport.fr\/blog\/#organization\"},\"potentialAction\":[{\"@type\":\"SearchAction\",\"target\":{\"@type\":\"EntryPoint\",\"urlTemplate\":\"https:\/\/dicodusport.fr\/blog\/?s={search_term_string}\"},\"query-input\":{\"@type\":\"PropertyValueSpecification\",\"valueRequired\":true,\"valueName\":\"search_term_string\"}}],\"inLanguage\":\"fr-FR\"},{\"@type\":\"NewsMediaOrganization\",\"@id\":\"https:\/\/dicodusport.fr\/blog\/#organization\",\"name\":\"Dicodusport\",\"url\":\"https:\/\/dicodusport.fr\/blog\/\",\"logo\":{\"@type\":\"ImageObject\",\"inLanguage\":\"fr-FR\",\"@id\":\"https:\/\/dicodusport.fr\/blog\/#\/schema\/logo\/image\/\",\"url\":\"https:\/\/dicodusport.fr\/blog\/wp-content\/uploads\/2020\/06\/cropped-LOGO-DICODUSPORT-2020-SANS-FOND-SANS-TEXTE.png\",\"contentUrl\":\"https:\/\/dicodusport.fr\/blog\/wp-content\/uploads\/2020\/06\/cropped-LOGO-DICODUSPORT-2020-SANS-FOND-SANS-TEXTE.png\",\"width\":512,\"height\":512,\"caption\":\"Dicodusport\"},\"image\":{\"@id\":\"https:\/\/dicodusport.fr\/blog\/#\/schema\/logo\/image\/\"},\"sameAs\":[\"https:\/\/www.facebook.com\/dicodusport\",\"https:\/\/x.com\/dicodusport\",\"https:\/\/www.instagram.com\/dicodusport\/\",\"https:\/\/www.youtube.com\/channel\/UC7V2KZ5sd3htJivAbA4ZG3w\"],\"description\":\"Dicodusport est l'encyclop\u00e9die de l'actualit\u00e9 sportive.\",\"email\":\"bonjour@dicodusport.fr\",\"legalName\":\"DICODUSPORT\",\"foundingDate\":\"2018-01-14\",\"vatID\":\"FR71834470973\",\"taxID\":\"83447097300043\",\"numberOfEmployees\":{\"@type\":\"QuantitativeValue\",\"minValue\":\"1\",\"maxValue\":\"10\"}},{\"@type\":\"Person\",\"@id\":\"https:\/\/dicodusport.fr\/blog\/#\/schema\/person\/cb02af4c173ce4a653b55e9baf388d4a\",\"name\":\"Flo Ostermann\",\"image\":{\"@type\":\"ImageObject\",\"inLanguage\":\"fr-FR\",\"@id\":\"https:\/\/dicodusport.fr\/blog\/#\/schema\/person\/image\/\",\"url\":\"https:\/\/dicodusport.fr\/blog\/wp-content\/uploads\/2021\/05\/Flo-Ostermann-150x150.jpg\",\"contentUrl\":\"https:\/\/dicodusport.fr\/blog\/wp-content\/uploads\/2021\/05\/Flo-Ostermann-150x150.jpg\",\"caption\":\"Flo Ostermann\"},\"description\":\"Journaliste\/R\u00e9dacteur depuis septembre 2015 - Mes premiers souvenirs dans le sport ? Les envol\u00e9es du Stade Toulousain et les duels Villeneuve-Schumacher et H\u00e4kkinen-Schumacher \u00e0 la fin des ann\u00e9es 90, la Coupe du monde de football en 1998, l\u2019exploit du XV de France face aux All Blacks en 1999, mais aussi Richard C\u0153ur de Lion qui vole sur les montagnes du Tour de France. Bien parti pour devenir professeur d\u2019EPS, les \u00e9v\u00e9nements de la vie (et la flemme d\u2019animer des s\u00e9ances de 3x500 m\u00e8tres toute ma vie) m\u2019ont conduit \u00e0 revoir mes plans. Me voil\u00e0 depuis fin 2017 sur Dicodusport, m\u00e9dia gr\u00e2ce (et pour) lequel je partage ma passion : le sport dans tous ses \u00e9tats. Le tout accompagn\u00e9 par les fous furieux et folles furieuses cit\u00e9s sur cette page !\",\"sameAs\":[\"https:\/\/www.facebook.com\/florent.ostermann\",\"https:\/\/x.com\/https:\/\/twitter.com\/FlOstermann\",\"admin\"],\"url\":\"https:\/\/dicodusport.fr\/blog\/author\/flo\/\"}]}<\/script>\n<!-- \/ Yoast SEO Premium plugin. -->","yoast_head_json":{"title":"Mondiaux VTT XCO 2022 : Quatri\u00e8me titre mondial XCO pour Pauline Ferrand-Pr\u00e9vot !","description":"CHAMPIONNATS DU MONDE DE VTT 2022 - Monstrueuse, Pauline Ferrand-Pr\u00e9vot a d\u00e9croch\u00e9 un quatri\u00e8me titre mondial en VTT XCO ce dimanche.","robots":{"index":"index","follow":"follow","max-snippet":"max-snippet:-1","max-image-preview":"max-image-preview:large","max-video-preview":"max-video-preview:-1"},"canonical":"https:\/\/dicodusport.fr\/blog\/mondiaux-vtt-xco-2022-quatrieme-titre-mondial-xco-pour-pauline-ferrand-prevot\/","og_locale":"fr_FR","og_type":"article","og_title":"Mondiaux VTT XCO 2022 : Quatri\u00e8me titre mondial XCO pour Pauline Ferrand-Pr\u00e9vot !","og_description":"CHAMPIONNATS DU MONDE DE VTT 2022 - Monstrueuse, Pauline Ferrand-Pr\u00e9vot a d\u00e9croch\u00e9 un quatri\u00e8me titre mondial en VTT XCO ce dimanche.","og_url":"https:\/\/dicodusport.fr\/blog\/mondiaux-vtt-xco-2022-quatrieme-titre-mondial-xco-pour-pauline-ferrand-prevot\/","og_site_name":"Dicodusport","article_publisher":"https:\/\/www.facebook.com\/dicodusport","article_author":"https:\/\/www.facebook.com\/florent.ostermann","article_published_time":"2022-08-28T12:23:28+00:00","article_modified_time":"2022-08-28T14:41:55+00:00","og_image":[{"width":800,"height":445,"url":"https:\/\/dicodusport.fr\/blog\/wp-content\/uploads\/2022\/08\/Mondiaux-VTT-XCO-2022-Quatrieme-titre-mondial-XCO-pour-Pauline-Ferrand-Prevot.png","type":"image\/png"}],"author":"Flo Ostermann","twitter_card":"summary_large_image","twitter_title":"Mondiaux VTT XCO 2022 : Quatri\u00e8me titre mondial XCO pour Pauline Ferrand-Pr\u00e9vot !","twitter_creator":"@https:\/\/twitter.com\/FlOstermann","twitter_site":"@dicodusport","schema":{"@context":"https:\/\/schema.org","@graph":[{"@type":"NewsArticle","@id":"https:\/\/dicodusport.fr\/blog\/mondiaux-vtt-xco-2022-quatrieme-titre-mondial-xco-pour-pauline-ferrand-prevot\/#article","isPartOf":{"@id":"https:\/\/dicodusport.fr\/blog\/mondiaux-vtt-xco-2022-quatrieme-titre-mondial-xco-pour-pauline-ferrand-prevot\/"},"author":{"name":"Flo Ostermann","@id":"https:\/\/dicodusport.fr\/blog\/#\/schema\/person\/cb02af4c173ce4a653b55e9baf388d4a"},"headline":"Mondiaux VTT XCO 2022 : Quatri\u00e8me titre mondial XCO pour Pauline Ferrand-Pr\u00e9vot !","datePublished":"2022-08-28T12:23:28+00:00","dateModified":"2022-08-28T14:41:55+00:00","mainEntityOfPage":{"@id":"https:\/\/dicodusport.fr\/blog\/mondiaux-vtt-xco-2022-quatrieme-titre-mondial-xco-pour-pauline-ferrand-prevot\/"},"wordCount":553,"commentCount":0,"publisher":{"@id":"https:\/\/dicodusport.fr\/blog\/#organization"},"image":{"@id":"https:\/\/dicodusport.fr\/blog\/mondiaux-vtt-xco-2022-quatrieme-titre-mondial-xco-pour-pauline-ferrand-prevot\/#primaryimage"},"thumbnailUrl":"https:\/\/dicodusport.fr\/blog\/wp-content\/uploads\/2022\/08\/Mondiaux-VTT-XCO-2022-Quatrieme-titre-mondial-XCO-pour-Pauline-Ferrand-Prevot.png","keywords":["sport"],"articleSection":["VTT"],"inLanguage":"fr-FR","potentialAction":[{"@type":"CommentAction","name":"Comment","target":["https:\/\/dicodusport.fr\/blog\/mondiaux-vtt-xco-2022-quatrieme-titre-mondial-xco-pour-pauline-ferrand-prevot\/#respond"]}],"copyrightYear":"2022","copyrightHolder":{"@id":"https:\/\/dicodusport.fr\/blog\/#organization"}},{"@type":"WebPage","@id":"https:\/\/dicodusport.fr\/blog\/mondiaux-vtt-xco-2022-quatrieme-titre-mondial-xco-pour-pauline-ferrand-prevot\/","url":"https:\/\/dicodusport.fr\/blog\/mondiaux-vtt-xco-2022-quatrieme-titre-mondial-xco-pour-pauline-ferrand-prevot\/","name":"Mondiaux VTT XCO 2022 : Quatri\u00e8me titre mondial XCO pour Pauline Ferrand-Pr\u00e9vot !","isPartOf":{"@id":"https:\/\/dicodusport.fr\/blog\/#website"},"primaryImageOfPage":{"@id":"https:\/\/dicodusport.fr\/blog\/mondiaux-vtt-xco-2022-quatrieme-titre-mondial-xco-pour-pauline-ferrand-prevot\/#primaryimage"},"image":{"@id":"https:\/\/dicodusport.fr\/blog\/mondiaux-vtt-xco-2022-quatrieme-titre-mondial-xco-pour-pauline-ferrand-prevot\/#primaryimage"},"thumbnailUrl":"https:\/\/dicodusport.fr\/blog\/wp-content\/uploads\/2022\/08\/Mondiaux-VTT-XCO-2022-Quatrieme-titre-mondial-XCO-pour-Pauline-Ferrand-Prevot.png","datePublished":"2022-08-28T12:23:28+00:00","dateModified":"2022-08-28T14:41:55+00:00","description":"CHAMPIONNATS DU MONDE DE VTT 2022 - Monstrueuse, Pauline Ferrand-Pr\u00e9vot a d\u00e9croch\u00e9 un quatri\u00e8me titre mondial en VTT XCO ce dimanche.","breadcrumb":{"@id":"https:\/\/dicodusport.fr\/blog\/mondiaux-vtt-xco-2022-quatrieme-titre-mondial-xco-pour-pauline-ferrand-prevot\/#breadcrumb"},"inLanguage":"fr-FR","potentialAction":[{"@type":"ReadAction","target":["https:\/\/dicodusport.fr\/blog\/mondiaux-vtt-xco-2022-quatrieme-titre-mondial-xco-pour-pauline-ferrand-prevot\/"]}]},{"@type":"ImageObject","inLanguage":"fr-FR","@id":"https:\/\/dicodusport.fr\/blog\/mondiaux-vtt-xco-2022-quatrieme-titre-mondial-xco-pour-pauline-ferrand-prevot\/#primaryimage","url":"https:\/\/dicodusport.fr\/blog\/wp-content\/uploads\/2022\/08\/Mondiaux-VTT-XCO-2022-Quatrieme-titre-mondial-XCO-pour-Pauline-Ferrand-Prevot.png","contentUrl":"https:\/\/dicodusport.fr\/blog\/wp-content\/uploads\/2022\/08\/Mondiaux-VTT-XCO-2022-Quatrieme-titre-mondial-XCO-pour-Pauline-Ferrand-Prevot.png","width":800,"height":445,"caption":"Mondiaux VTT XCO 2022 - Quatri\u00e8me titre mondial XCO pour Pauline Ferrand-Pr\u00e9vot - Photo Icon Sport"},{"@type":"BreadcrumbList","@id":"https:\/\/dicodusport.fr\/blog\/mondiaux-vtt-xco-2022-quatrieme-titre-mondial-xco-pour-pauline-ferrand-prevot\/#breadcrumb","itemListElement":[{"@type":"ListItem","position":1,"name":"Accueil","item":"https:\/\/dicodusport.fr\/blog\/"},{"@type":"ListItem","position":2,"name":"Mondiaux VTT XCO 2022 : Quatri\u00e8me titre mondial XCO pour Pauline Ferrand-Pr\u00e9vot !"}]},{"@type":"WebSite","@id":"https:\/\/dicodusport.fr\/blog\/#website","url":"https:\/\/dicodusport.fr\/blog\/","name":"Dicodusport","description":"L&#039;encyclop\u00e9die de l&#039;actualit\u00e9 sportive","publisher":{"@id":"https:\/\/dicodusport.fr\/blog\/#organization"},"potentialAction":[{"@type":"SearchAction","target":{"@type":"EntryPoint","urlTemplate":"https:\/\/dicodusport.fr\/blog\/?s={search_term_string}"},"query-input":{"@type":"PropertyValueSpecification","valueRequired":true,"valueName":"search_term_string"}}],"inLanguage":"fr-FR"},{"@type":"NewsMediaOrganization","@id":"https:\/\/dicodusport.fr\/blog\/#organization","name":"Dicodusport","url":"https:\/\/dicodusport.fr\/blog\/","logo":{"@type":"ImageObject","inLanguage":"fr-FR","@id":"https:\/\/dicodusport.fr\/blog\/#\/schema\/logo\/image\/","url":"https:\/\/dicodusport.fr\/blog\/wp-content\/uploads\/2020\/06\/cropped-LOGO-DICODUSPORT-2020-SANS-FOND-SANS-TEXTE.png","contentUrl":"https:\/\/dicodusport.fr\/blog\/wp-content\/uploads\/2020\/06\/cropped-LOGO-DICODUSPORT-2020-SANS-FOND-SANS-TEXTE.png","width":512,"height":512,"caption":"Dicodusport"},"image":{"@id":"https:\/\/dicodusport.fr\/blog\/#\/schema\/logo\/image\/"},"sameAs":["https:\/\/www.facebook.com\/dicodusport","https:\/\/x.com\/dicodusport","https:\/\/www.instagram.com\/dicodusport\/","https:\/\/www.youtube.com\/channel\/UC7V2KZ5sd3htJivAbA4ZG3w"],"description":"Dicodusport est l'encyclop\u00e9die de l'actualit\u00e9 sportive.","email":"bonjour@dicodusport.fr","legalName":"DICODUSPORT","foundingDate":"2018-01-14","vatID":"FR71834470973","taxID":"83447097300043","numberOfEmployees":{"@type":"QuantitativeValue","minValue":"1","maxValue":"10"}},{"@type":"Person","@id":"https:\/\/dicodusport.fr\/blog\/#\/schema\/person\/cb02af4c173ce4a653b55e9baf388d4a","name":"Flo Ostermann","image":{"@type":"ImageObject","inLanguage":"fr-FR","@id":"https:\/\/dicodusport.fr\/blog\/#\/schema\/person\/image\/","url":"https:\/\/dicodusport.fr\/blog\/wp-content\/uploads\/2021\/05\/Flo-Ostermann-150x150.jpg","contentUrl":"https:\/\/dicodusport.fr\/blog\/wp-content\/uploads\/2021\/05\/Flo-Ostermann-150x150.jpg","caption":"Flo Ostermann"},"description":"Journaliste\/R\u00e9dacteur depuis septembre 2015 - Mes premiers souvenirs dans le sport ? Les envol\u00e9es du Stade Toulousain et les duels Villeneuve-Schumacher et H\u00e4kkinen-Schumacher \u00e0 la fin des ann\u00e9es 90, la Coupe du monde de football en 1998, l\u2019exploit du XV de France face aux All Blacks en 1999, mais aussi Richard C\u0153ur de Lion qui vole sur les montagnes du Tour de France. Bien parti pour devenir professeur d\u2019EPS, les \u00e9v\u00e9nements de la vie (et la flemme d\u2019animer des s\u00e9ances de 3x500 m\u00e8tres toute ma vie) m\u2019ont conduit \u00e0 revoir mes plans. Me voil\u00e0 depuis fin 2017 sur Dicodusport, m\u00e9dia gr\u00e2ce (et pour) lequel je partage ma passion : le sport dans tous ses \u00e9tats. Le tout accompagn\u00e9 par les fous furieux et folles furieuses cit\u00e9s sur cette page !","sameAs":["https:\/\/www.facebook.com\/florent.ostermann","https:\/\/x.com\/https:\/\/twitter.com\/FlOstermann","admin"],"url":"https:\/\/dicodusport.fr\/blog\/author\/flo\/"}]}},"_links":{"self":[{"href":"https:\/\/dicodusport.fr\/blog\/wp-json\/wp\/v2\/posts\/257091","targetHints":{"allow":["GET"]}}],"collection":[{"href":"https:\/\/dicodusport.fr\/blog\/wp-json\/wp\/v2\/posts"}],"about":[{"href":"https:\/\/dicodusport.fr\/blog\/wp-json\/wp\/v2\/types\/post"}],"author":[{"embeddable":true,"href":"https:\/\/dicodusport.fr\/blog\/wp-json\/wp\/v2\/users\/4"}],"replies":[{"embeddable":true,"href":"https:\/\/dicodusport.fr\/blog\/wp-json\/wp\/v2\/comments?post=257091"}],"version-history":[{"count":0,"href":"https:\/\/dicodusport.fr\/blog\/wp-json\/wp\/v2\/posts\/257091\/revisions"}],"wp:featuredmedia":[{"embeddable":true,"href":"https:\/\/dicodusport.fr\/blog\/wp-json\/wp\/v2\/media\/257095"}],"wp:attachment":[{"href":"https:\/\/dicodusport.fr\/blog\/wp-json\/wp\/v2\/media?parent=257091"}],"wp:term":[{"taxonomy":"category","embeddable":true,"href":"https:\/\/dicodusport.fr\/blog\/wp-json\/wp\/v2\/categories?post=257091"},{"taxonomy":"post_tag","embeddable":true,"href":"https:\/\/dicodusport.fr\/blog\/wp-json\/wp\/v2\/tags?post=257091"}],"curies":[{"name":"wp","href":"https:\/\/api.w.org\/{rel}","templated":true}]}}