{"id":257312,"date":"2022-08-29T08:00:45","date_gmt":"2022-08-29T06:00:45","guid":{"rendered":"https:\/\/dicodusport.fr\/blog\/?p=257312&#038;preview=true&#038;preview_id=257312"},"modified":"2022-08-29T01:20:46","modified_gmt":"2022-08-28T23:20:46","slug":"judo-lequipe-de-france-est-championne-du-monde-cadette","status":"publish","type":"post","link":"https:\/\/dicodusport.fr\/blog\/judo-lequipe-de-france-est-championne-du-monde-cadette\/","title":{"rendered":"Judo : L&rsquo;\u00e9quipe de France est championne du monde cadette par \u00e9quipes !"},"content":{"rendered":"<p style=\"text-align: justify;\"><strong><em><a title=\"Judo \u2013 Championnats du monde cadets 2022 : le programme complet\" href=\"https:\/\/dicodusport.fr\/blog\/judo-championnats-du-monde-cadets-2022-le-programme-complet\/\" target=\"_blank\" rel=\"noopener\">MONDIAUX CADETS DE JUDO<\/a> &#8211; La France conclut sa magnifique comp\u00e9tition avec le titre par \u00e9quipes au terme d&rsquo;une journ\u00e9e riche en \u00e9motions !<br \/>\n<\/em><\/strong><\/p>\n<p style=\"text-align: justify;\">Au premier tour, la France affrontait le<strong> Br\u00e9sil<\/strong>. Elle s&rsquo;est impos\u00e9e 4-2 avec des victoires de <strong>Kelvin Ray<\/strong> face \u00e0 Pedro Paes (-60 kg), <strong>Gr\u00e2ce-Esther<\/strong> <strong>Mienandi Lalou<\/strong> face \u00e0 Emily Santos (+63 kg), <strong>Math\u00e9o Akiana Mongo<\/strong> face \u00e0 Gabriel Santos (+81 kg) et <strong>Alyssia Poulange<\/strong> face \u00e0 Mariana Nunes (- 48 kg).<\/p>\n<h2 style=\"text-align: justify;\">Les Bleus pouss\u00e9s \u00e0 bout par la Turquie<\/h2>\n<p style=\"text-align: justify;\">Les jeunes Bleus ont failli s&rsquo;incliner en quarts de finale, pouss\u00e9s \u00e0 bout par une \u00e9quipe de<strong> Turquie<\/strong> solide. Apr\u00e8s sa d\u00e9faite face au Br\u00e9sil, <strong>Doria Boursas<\/strong> a donn\u00e9 le premier point \u00e0 la France face \u00e0 Sinem Oruc (-48 kg). Erman Gurgen a \u00e9galis\u00e9 face \u00e0 <strong>Thomas Puchly<\/strong> (-81 kg). <strong>Gr\u00e2ce-Esther Mienandi Lalou<\/strong> a permis aux Bleus de repasser devant face \u00e0 Elif Baskut (+63 kg) avant qu&rsquo;Ibrahim Tataroglu n&rsquo;\u00e9galise une nouvelle fois face \u00e0 <strong>Math\u00e9o Akiana Mongo<\/strong> (+81 kg). Pour la premi\u00e8re fois, la Turquie est pass\u00e9e devant avec la victoire de Zeynep Betul Sarikaya sur <strong>Alyssia Poulange<\/strong> (-48 kg). Mais sans tra\u00eener, <strong>Kelvin Ray<\/strong> a \u00e9galis\u00e9 face \u00e0 Abdulsamet Cakir (-60 kg). Les deux \u00e9quipes \u00e9tant \u00e0 \u00e9galit\u00e9 \u00e0 3-3, c&rsquo;est un tirage au sort qui a d\u00e9termin\u00e9 le combat qui d\u00e9signerait le vainqueur et la France l&rsquo;a emport\u00e9.<\/p>\n<p style=\"text-align: justify;\">La demi-finale a \u00e9t\u00e9 plus \u00ab\u00a0simple\u00a0\u00bb face \u00e0 la <strong>Tunisie<\/strong> avec une victoire 4-1. Thomas Puchly, Gr\u00e2ce-Esther Mienandi Lalou (par forfait), Alyssia Poulange et Kelvin Ray ont remport\u00e9 leur combat.<\/p>\n<h2 style=\"text-align: justify;\">La folle remont\u00e9e face \u00e0 l&rsquo;Azerba\u00efdjan<\/h2>\n<p style=\"text-align: justify;\">Les Bleus ont tr\u00e8s mal d\u00e9but\u00e9 avec trois d\u00e9faites inaugurales. <strong>Gr\u00e2ce-Esther Mienandi Lalou<\/strong> (+63 kg) a d&rsquo;abord subi une d\u00e9faite sur ippon face \u00e0 Niga Suleymanova, ponctu\u00e9e par une blessure \u00e0 la jambe droite. M\u00eame sort pour <strong>Math\u00e9o Akiana Mongo<\/strong> face \u00e0 Ramazan Ahmadov (+81 kg). <strong>Aydan Valiyeva<\/strong> a inscrit un waza-ari dans son combat face \u00e0 Mel Le Cam. La Fran\u00e7aise a finalement \u00e9cop\u00e9 d&rsquo;une 3e p\u00e9nalit\u00e9 en toute fin de combat. Menant alors 3-0, l&rsquo;Azerba\u00efdjan voyait alors le titre lui tendre grand les bras.<\/p>\n<p style=\"text-align: justify;\">Pourtant, <strong>Kelvin Ray<\/strong> (-60 kg) a d&rsquo;abord redonn\u00e9 de l&rsquo;espoir aux siens avec un joli ippon face \u00e0 Nizami Imranov. <strong>Doria Boursas<\/strong> a ensuite gagn\u00e9 par forfait dans la cat\u00e9gorie des -63 kg. En effet,<strong> Fidan Alizada<\/strong> s&rsquo;\u00e9tait bless\u00e9e lors de la demi-finale face \u00e0 l&rsquo;Ukraine. <strong>Thomas Pulchy<\/strong> avait donc une partie du sort de la France entre ses mains face \u00e0 Ali Hajizada (-81 kg). Une victoire et il y avait encore un espoir de victoire, une d\u00e9faite et le titre revenait \u00e0 l&rsquo;Azerba\u00efdjan. Et c&rsquo;est finalement le Fran\u00e7ais qui s&rsquo;est impos\u00e9 sur ippon. 3-3, tirage au sort pour d\u00e9terminer la cat\u00e9gorie qui d\u00e9signera le vainqueur. Et la chance \u00e9tait du c\u00f4t\u00e9 fran\u00e7ais puisque ce sont les <strong>-63 kg<\/strong> qui ont \u00e9t\u00e9 choisis ! La France est ainsi devenue <strong>championne du monde<\/strong> !<\/p>\n<blockquote class=\"twitter-tweet\">\n<p dir=\"ltr\" lang=\"fr\">F\u00e9licitations \u00e0 l&rsquo;\u00e9quipe de France! &#x1f1eb;&#x1f1f7;&#x1f947;<a href=\"https:\/\/twitter.com\/hashtag\/JudoCadets?src=hash&amp;ref_src=twsrc%5Etfw\">#JudoCadets<\/a> <a href=\"https:\/\/twitter.com\/hashtag\/Judo?src=hash&amp;ref_src=twsrc%5Etfw\">#Judo<\/a> <a href=\"https:\/\/twitter.com\/hashtag\/Sport?src=hash&amp;ref_src=twsrc%5Etfw\">#Sport<\/a> <a href=\"https:\/\/twitter.com\/hashtag\/sarajevo?src=hash&amp;ref_src=twsrc%5Etfw\">#sarajevo<\/a> <a href=\"https:\/\/twitter.com\/hashtag\/cadets?src=hash&amp;ref_src=twsrc%5Etfw\">#cadets<\/a> <a href=\"https:\/\/twitter.com\/hashtag\/JudoKids?src=hash&amp;ref_src=twsrc%5Etfw\">#JudoKids<\/a> <a href=\"https:\/\/t.co\/C62xWokiFV\">pic.twitter.com\/C62xWokiFV<\/a><\/p>\n<p>\u2014 Judo (@Judo) <a href=\"https:\/\/twitter.com\/Judo\/status\/1563933132553945088?ref_src=twsrc%5Etfw\">August 28, 2022<\/a><\/p><\/blockquote>\n<p><script async src=\"https:\/\/platform.twitter.com\/widgets.js\" charset=\"utf-8\"><\/script><\/p>\n<p style=\"text-align: justify;\">Coach de cette \u00e9quipe, une certaine <strong>Automne Pavia<\/strong> \u00e9tait ravie de ce r\u00e9sultat.<\/p>\n<blockquote>\n<p style=\"text-align: justify;\">J&rsquo;aime vraiment mon nouveau r\u00f4le, en particulier avec les cadets qui \u00e9coutent beaucoup et sont toujours enthousiastes pour aller s&rsquo;entra\u00eener donc c&rsquo;est un plaisir de faire partir de cela. Pour moi, regarder est vraiment dur, c&rsquo;est comme si je ne pouvais pas parler. Je suis tellement stress\u00e9e pour eux et en fait, je pr\u00e9f\u00e8re le stress qu&rsquo;on a en \u00e9tant athl\u00e8te parce que je ne peux pas aller sur le tatami et combattre \u00e0 leur place donc ce n&rsquo;est pas de mon ressort. Je suis tellement contente pour eux et \u00e0 la fois un peu jalouse car je n&rsquo;ai particip\u00e9 qu&rsquo;\u00e0 une comp\u00e9tition par \u00e9quipes (mixte, NDLR) et j&rsquo;aurais ador\u00e9 en faire plus quand j&rsquo;\u00e9tais en comp\u00e9tition.<\/p>\n<\/blockquote>\n<p style=\"text-align: justify;\">Premi\u00e8re au tableau des m\u00e9dailles apr\u00e8s les \u00e9preuves individuelles, la France aura tout rafl\u00e9 ce week-end !<\/p>\n<p style=\"text-align: justify;\">Tr\u00e8s \u00e0 l&rsquo;aise dans cette <strong>comp\u00e9tition mixte par \u00e9quipes<\/strong> depuis sa g\u00e9n\u00e9ralisation, la <strong>France<\/strong> remporte une troisi\u00e8me m\u00e9daille en cette ann\u00e9e 2022, pour 3 participations. En effet, au niveau europ\u00e9en, les cadets avaient obtenu l&rsquo;argent, battus par l&rsquo;Ukraine en juin dernier. Les juniors avaient eux remport\u00e9 le bronze lors des Mondiaux.<\/p>\n","protected":false},"excerpt":{"rendered":"<p>MONDIAUX CADETS DE JUDO &#8211; La France conclut sa magnifique comp\u00e9tition avec le titre par \u00e9quipes au terme d&rsquo;une journ\u00e9e riche en \u00e9motions !<\/p>\n","protected":false},"author":12,"featured_media":257344,"comment_status":"open","ping_status":"closed","sticky":false,"template":"","format":"standard","meta":{"_acf_changed":false,"_daextam_enable_autolinks":"","footnotes":""},"categories":[8651],"tags":[25452,25453],"class_list":["post-257312","post","type-post","status-publish","format-standard","has-post-thumbnail","hentry","category-judo","tag-championnats-du-monde-cadets-de-judo","tag-mondiaux-cadets-de-judo"],"acf":[],"yoast_head":"<!-- This site is optimized with the Yoast SEO Premium plugin v26.7 (Yoast SEO v26.7) - https:\/\/yoast.com\/wordpress\/plugins\/seo\/ -->\n<title>Judo : L&#039;\u00e9quipe de France est championne du monde cadette par \u00e9quipes !<\/title>\n<meta name=\"description\" content=\"MONDIAUX CADETS DE JUDO - La France conclut sa magnifique comp\u00e9tition avec le titre par \u00e9quipes au terme d&#039;une journ\u00e9e riche en \u00e9motions !\" \/>\n<meta name=\"robots\" content=\"index, follow, max-snippet:-1, max-image-preview:large, max-video-preview:-1\" \/>\n<link rel=\"canonical\" href=\"https:\/\/dicodusport.fr\/blog\/judo-lequipe-de-france-est-championne-du-monde-cadette\/\" \/>\n<meta property=\"og:locale\" content=\"fr_FR\" \/>\n<meta property=\"og:type\" content=\"article\" \/>\n<meta property=\"og:title\" content=\"Judo : L&#039;\u00e9quipe de France est championne du monde cadette par \u00e9quipes !\" \/>\n<meta property=\"og:description\" content=\"MONDIAUX CADETS DE JUDO - La France conclut sa magnifique comp\u00e9tition avec le titre par \u00e9quipes au terme d&#039;une journ\u00e9e riche en \u00e9motions !\" \/>\n<meta property=\"og:url\" content=\"https:\/\/dicodusport.fr\/blog\/judo-lequipe-de-france-est-championne-du-monde-cadette\/\" \/>\n<meta property=\"og:site_name\" content=\"Dicodusport\" \/>\n<meta property=\"article:publisher\" content=\"https:\/\/www.facebook.com\/dicodusport\" \/>\n<meta property=\"article:published_time\" content=\"2022-08-29T06:00:45+00:00\" \/>\n<meta property=\"og:image\" content=\"https:\/\/dicodusport.fr\/blog\/wp-content\/uploads\/2022\/08\/Judo-Lequipe-de-France-est-championne-du-monde-cadette-.jpg\" \/>\n\t<meta property=\"og:image:width\" content=\"800\" \/>\n\t<meta property=\"og:image:height\" content=\"445\" \/>\n\t<meta property=\"og:image:type\" content=\"image\/jpeg\" \/>\n<meta name=\"author\" content=\"Arlette Yeye\" \/>\n<meta name=\"twitter:card\" content=\"summary_large_image\" \/>\n<meta name=\"twitter:title\" content=\"Judo : L&#039;\u00e9quipe de France est championne du monde cadette par \u00e9quipes !\" \/>\n<meta name=\"twitter:creator\" content=\"@https:\/\/twitter.com\/Shiclette94\" \/>\n<meta name=\"twitter:site\" content=\"@dicodusport\" \/>\n<script type=\"application\/ld+json\" class=\"yoast-schema-graph\">{\"@context\":\"https:\/\/schema.org\",\"@graph\":[{\"@type\":\"NewsArticle\",\"@id\":\"https:\/\/dicodusport.fr\/blog\/judo-lequipe-de-france-est-championne-du-monde-cadette\/#article\",\"isPartOf\":{\"@id\":\"https:\/\/dicodusport.fr\/blog\/judo-lequipe-de-france-est-championne-du-monde-cadette\/\"},\"author\":{\"name\":\"Arlette Yeye\",\"@id\":\"https:\/\/dicodusport.fr\/blog\/#\/schema\/person\/cce96fa88785bd8573e3d43078ac8c79\"},\"headline\":\"Judo : L&rsquo;\u00e9quipe de France est championne du monde cadette par \u00e9quipes !\",\"datePublished\":\"2022-08-29T06:00:45+00:00\",\"mainEntityOfPage\":{\"@id\":\"https:\/\/dicodusport.fr\/blog\/judo-lequipe-de-france-est-championne-du-monde-cadette\/\"},\"wordCount\":772,\"commentCount\":0,\"publisher\":{\"@id\":\"https:\/\/dicodusport.fr\/blog\/#organization\"},\"image\":{\"@id\":\"https:\/\/dicodusport.fr\/blog\/judo-lequipe-de-france-est-championne-du-monde-cadette\/#primaryimage\"},\"thumbnailUrl\":\"https:\/\/dicodusport.fr\/blog\/wp-content\/uploads\/2022\/08\/Judo-Lequipe-de-France-est-championne-du-monde-cadette-.jpg\",\"keywords\":[\"championnats du monde cadets de judo\",\"Mondiaux cadets de judo\"],\"articleSection\":[\"Judo\"],\"inLanguage\":\"fr-FR\",\"potentialAction\":[{\"@type\":\"CommentAction\",\"name\":\"Comment\",\"target\":[\"https:\/\/dicodusport.fr\/blog\/judo-lequipe-de-france-est-championne-du-monde-cadette\/#respond\"]}],\"copyrightYear\":\"2022\",\"copyrightHolder\":{\"@id\":\"https:\/\/dicodusport.fr\/blog\/#organization\"}},{\"@type\":\"WebPage\",\"@id\":\"https:\/\/dicodusport.fr\/blog\/judo-lequipe-de-france-est-championne-du-monde-cadette\/\",\"url\":\"https:\/\/dicodusport.fr\/blog\/judo-lequipe-de-france-est-championne-du-monde-cadette\/\",\"name\":\"Judo : L'\u00e9quipe de France est championne du monde cadette par \u00e9quipes !\",\"isPartOf\":{\"@id\":\"https:\/\/dicodusport.fr\/blog\/#website\"},\"primaryImageOfPage\":{\"@id\":\"https:\/\/dicodusport.fr\/blog\/judo-lequipe-de-france-est-championne-du-monde-cadette\/#primaryimage\"},\"image\":{\"@id\":\"https:\/\/dicodusport.fr\/blog\/judo-lequipe-de-france-est-championne-du-monde-cadette\/#primaryimage\"},\"thumbnailUrl\":\"https:\/\/dicodusport.fr\/blog\/wp-content\/uploads\/2022\/08\/Judo-Lequipe-de-France-est-championne-du-monde-cadette-.jpg\",\"datePublished\":\"2022-08-29T06:00:45+00:00\",\"description\":\"MONDIAUX CADETS DE JUDO - La France conclut sa magnifique comp\u00e9tition avec le titre par \u00e9quipes au terme d'une journ\u00e9e riche en \u00e9motions !\",\"breadcrumb\":{\"@id\":\"https:\/\/dicodusport.fr\/blog\/judo-lequipe-de-france-est-championne-du-monde-cadette\/#breadcrumb\"},\"inLanguage\":\"fr-FR\",\"potentialAction\":[{\"@type\":\"ReadAction\",\"target\":[\"https:\/\/dicodusport.fr\/blog\/judo-lequipe-de-france-est-championne-du-monde-cadette\/\"]}]},{\"@type\":\"ImageObject\",\"inLanguage\":\"fr-FR\",\"@id\":\"https:\/\/dicodusport.fr\/blog\/judo-lequipe-de-france-est-championne-du-monde-cadette\/#primaryimage\",\"url\":\"https:\/\/dicodusport.fr\/blog\/wp-content\/uploads\/2022\/08\/Judo-Lequipe-de-France-est-championne-du-monde-cadette-.jpg\",\"contentUrl\":\"https:\/\/dicodusport.fr\/blog\/wp-content\/uploads\/2022\/08\/Judo-Lequipe-de-France-est-championne-du-monde-cadette-.jpg\",\"width\":800,\"height\":445,\"caption\":\"Judo L'\u00e9quipe de France est championne du monde cadette !\"},{\"@type\":\"BreadcrumbList\",\"@id\":\"https:\/\/dicodusport.fr\/blog\/judo-lequipe-de-france-est-championne-du-monde-cadette\/#breadcrumb\",\"itemListElement\":[{\"@type\":\"ListItem\",\"position\":1,\"name\":\"Accueil\",\"item\":\"https:\/\/dicodusport.fr\/blog\/\"},{\"@type\":\"ListItem\",\"position\":2,\"name\":\"Judo : L&rsquo;\u00e9quipe de France est championne du monde cadette par \u00e9quipes !\"}]},{\"@type\":\"WebSite\",\"@id\":\"https:\/\/dicodusport.fr\/blog\/#website\",\"url\":\"https:\/\/dicodusport.fr\/blog\/\",\"name\":\"Dicodusport\",\"description\":\"L&#039;encyclop\u00e9die de l&#039;actualit\u00e9 sportive\",\"publisher\":{\"@id\":\"https:\/\/dicodusport.fr\/blog\/#organization\"},\"potentialAction\":[{\"@type\":\"SearchAction\",\"target\":{\"@type\":\"EntryPoint\",\"urlTemplate\":\"https:\/\/dicodusport.fr\/blog\/?s={search_term_string}\"},\"query-input\":{\"@type\":\"PropertyValueSpecification\",\"valueRequired\":true,\"valueName\":\"search_term_string\"}}],\"inLanguage\":\"fr-FR\"},{\"@type\":\"NewsMediaOrganization\",\"@id\":\"https:\/\/dicodusport.fr\/blog\/#organization\",\"name\":\"Dicodusport\",\"url\":\"https:\/\/dicodusport.fr\/blog\/\",\"logo\":{\"@type\":\"ImageObject\",\"inLanguage\":\"fr-FR\",\"@id\":\"https:\/\/dicodusport.fr\/blog\/#\/schema\/logo\/image\/\",\"url\":\"https:\/\/dicodusport.fr\/blog\/wp-content\/uploads\/2020\/06\/cropped-LOGO-DICODUSPORT-2020-SANS-FOND-SANS-TEXTE.png\",\"contentUrl\":\"https:\/\/dicodusport.fr\/blog\/wp-content\/uploads\/2020\/06\/cropped-LOGO-DICODUSPORT-2020-SANS-FOND-SANS-TEXTE.png\",\"width\":512,\"height\":512,\"caption\":\"Dicodusport\"},\"image\":{\"@id\":\"https:\/\/dicodusport.fr\/blog\/#\/schema\/logo\/image\/\"},\"sameAs\":[\"https:\/\/www.facebook.com\/dicodusport\",\"https:\/\/x.com\/dicodusport\",\"https:\/\/www.instagram.com\/dicodusport\/\",\"https:\/\/www.youtube.com\/channel\/UC7V2KZ5sd3htJivAbA4ZG3w\"],\"description\":\"Dicodusport est l'encyclop\u00e9die de l'actualit\u00e9 sportive.\",\"email\":\"bonjour@dicodusport.fr\",\"legalName\":\"DICODUSPORT\",\"foundingDate\":\"2018-01-14\",\"vatID\":\"FR71834470973\",\"taxID\":\"83447097300043\",\"numberOfEmployees\":{\"@type\":\"QuantitativeValue\",\"minValue\":\"1\",\"maxValue\":\"10\"}},{\"@type\":\"Person\",\"@id\":\"https:\/\/dicodusport.fr\/blog\/#\/schema\/person\/cce96fa88785bd8573e3d43078ac8c79\",\"name\":\"Arlette Yeye\",\"image\":{\"@type\":\"ImageObject\",\"inLanguage\":\"fr-FR\",\"@id\":\"https:\/\/dicodusport.fr\/blog\/#\/schema\/person\/image\/\",\"url\":\"https:\/\/secure.gravatar.com\/avatar\/dca4a6239e6d708e46c45d60e160de6c?s=96&d=wp_user_avatar&r=g\",\"contentUrl\":\"https:\/\/secure.gravatar.com\/avatar\/dca4a6239e6d708e46c45d60e160de6c?s=96&d=wp_user_avatar&r=g\",\"caption\":\"Arlette Yeye\"},\"description\":\"Journaliste\/r\u00e9dactrice depuis septembre 2015 - Supportrice de Chelsea, j'ai pour sports de pr\u00e9dilection le handball, l'athl\u00e9tisme et le tennis. Si je tweete plus vite que mon ombre, vous pouvez aussi me retrouver les week-ends sur les playgrounds de Bruxelles pour un petit foot ou basket entre potes. Parcourir la France, l'Europe et plus si affinit\u00e9s pour suivre mes sportifs pr\u00e9f\u00e9r\u00e9s ? Mon kif ! Et c'est avec plaisir que je partage les r\u00e9sultats des sports populaires mais \u00e9galement plus confidentiels pour Dicodusport.\",\"sameAs\":[\"https:\/\/x.com\/https:\/\/twitter.com\/Shiclette94\"],\"url\":\"https:\/\/dicodusport.fr\/blog\/author\/arlette\/\"}]}<\/script>\n<!-- \/ Yoast SEO Premium plugin. -->","yoast_head_json":{"title":"Judo : L'\u00e9quipe de France est championne du monde cadette par \u00e9quipes !","description":"MONDIAUX CADETS DE JUDO - La France conclut sa magnifique comp\u00e9tition avec le titre par \u00e9quipes au terme d'une journ\u00e9e riche en \u00e9motions !","robots":{"index":"index","follow":"follow","max-snippet":"max-snippet:-1","max-image-preview":"max-image-preview:large","max-video-preview":"max-video-preview:-1"},"canonical":"https:\/\/dicodusport.fr\/blog\/judo-lequipe-de-france-est-championne-du-monde-cadette\/","og_locale":"fr_FR","og_type":"article","og_title":"Judo : L'\u00e9quipe de France est championne du monde cadette par \u00e9quipes !","og_description":"MONDIAUX CADETS DE JUDO - La France conclut sa magnifique comp\u00e9tition avec le titre par \u00e9quipes au terme d'une journ\u00e9e riche en \u00e9motions !","og_url":"https:\/\/dicodusport.fr\/blog\/judo-lequipe-de-france-est-championne-du-monde-cadette\/","og_site_name":"Dicodusport","article_publisher":"https:\/\/www.facebook.com\/dicodusport","article_published_time":"2022-08-29T06:00:45+00:00","og_image":[{"width":800,"height":445,"url":"https:\/\/dicodusport.fr\/blog\/wp-content\/uploads\/2022\/08\/Judo-Lequipe-de-France-est-championne-du-monde-cadette-.jpg","type":"image\/jpeg"}],"author":"Arlette Yeye","twitter_card":"summary_large_image","twitter_title":"Judo : L'\u00e9quipe de France est championne du monde cadette par \u00e9quipes !","twitter_creator":"@https:\/\/twitter.com\/Shiclette94","twitter_site":"@dicodusport","schema":{"@context":"https:\/\/schema.org","@graph":[{"@type":"NewsArticle","@id":"https:\/\/dicodusport.fr\/blog\/judo-lequipe-de-france-est-championne-du-monde-cadette\/#article","isPartOf":{"@id":"https:\/\/dicodusport.fr\/blog\/judo-lequipe-de-france-est-championne-du-monde-cadette\/"},"author":{"name":"Arlette Yeye","@id":"https:\/\/dicodusport.fr\/blog\/#\/schema\/person\/cce96fa88785bd8573e3d43078ac8c79"},"headline":"Judo : L&rsquo;\u00e9quipe de France est championne du monde cadette par \u00e9quipes !","datePublished":"2022-08-29T06:00:45+00:00","mainEntityOfPage":{"@id":"https:\/\/dicodusport.fr\/blog\/judo-lequipe-de-france-est-championne-du-monde-cadette\/"},"wordCount":772,"commentCount":0,"publisher":{"@id":"https:\/\/dicodusport.fr\/blog\/#organization"},"image":{"@id":"https:\/\/dicodusport.fr\/blog\/judo-lequipe-de-france-est-championne-du-monde-cadette\/#primaryimage"},"thumbnailUrl":"https:\/\/dicodusport.fr\/blog\/wp-content\/uploads\/2022\/08\/Judo-Lequipe-de-France-est-championne-du-monde-cadette-.jpg","keywords":["championnats du monde cadets de judo","Mondiaux cadets de judo"],"articleSection":["Judo"],"inLanguage":"fr-FR","potentialAction":[{"@type":"CommentAction","name":"Comment","target":["https:\/\/dicodusport.fr\/blog\/judo-lequipe-de-france-est-championne-du-monde-cadette\/#respond"]}],"copyrightYear":"2022","copyrightHolder":{"@id":"https:\/\/dicodusport.fr\/blog\/#organization"}},{"@type":"WebPage","@id":"https:\/\/dicodusport.fr\/blog\/judo-lequipe-de-france-est-championne-du-monde-cadette\/","url":"https:\/\/dicodusport.fr\/blog\/judo-lequipe-de-france-est-championne-du-monde-cadette\/","name":"Judo : L'\u00e9quipe de France est championne du monde cadette par \u00e9quipes !","isPartOf":{"@id":"https:\/\/dicodusport.fr\/blog\/#website"},"primaryImageOfPage":{"@id":"https:\/\/dicodusport.fr\/blog\/judo-lequipe-de-france-est-championne-du-monde-cadette\/#primaryimage"},"image":{"@id":"https:\/\/dicodusport.fr\/blog\/judo-lequipe-de-france-est-championne-du-monde-cadette\/#primaryimage"},"thumbnailUrl":"https:\/\/dicodusport.fr\/blog\/wp-content\/uploads\/2022\/08\/Judo-Lequipe-de-France-est-championne-du-monde-cadette-.jpg","datePublished":"2022-08-29T06:00:45+00:00","description":"MONDIAUX CADETS DE JUDO - La France conclut sa magnifique comp\u00e9tition avec le titre par \u00e9quipes au terme d'une journ\u00e9e riche en \u00e9motions !","breadcrumb":{"@id":"https:\/\/dicodusport.fr\/blog\/judo-lequipe-de-france-est-championne-du-monde-cadette\/#breadcrumb"},"inLanguage":"fr-FR","potentialAction":[{"@type":"ReadAction","target":["https:\/\/dicodusport.fr\/blog\/judo-lequipe-de-france-est-championne-du-monde-cadette\/"]}]},{"@type":"ImageObject","inLanguage":"fr-FR","@id":"https:\/\/dicodusport.fr\/blog\/judo-lequipe-de-france-est-championne-du-monde-cadette\/#primaryimage","url":"https:\/\/dicodusport.fr\/blog\/wp-content\/uploads\/2022\/08\/Judo-Lequipe-de-France-est-championne-du-monde-cadette-.jpg","contentUrl":"https:\/\/dicodusport.fr\/blog\/wp-content\/uploads\/2022\/08\/Judo-Lequipe-de-France-est-championne-du-monde-cadette-.jpg","width":800,"height":445,"caption":"Judo L'\u00e9quipe de France est championne du monde cadette !"},{"@type":"BreadcrumbList","@id":"https:\/\/dicodusport.fr\/blog\/judo-lequipe-de-france-est-championne-du-monde-cadette\/#breadcrumb","itemListElement":[{"@type":"ListItem","position":1,"name":"Accueil","item":"https:\/\/dicodusport.fr\/blog\/"},{"@type":"ListItem","position":2,"name":"Judo : L&rsquo;\u00e9quipe de France est championne du monde cadette par \u00e9quipes !"}]},{"@type":"WebSite","@id":"https:\/\/dicodusport.fr\/blog\/#website","url":"https:\/\/dicodusport.fr\/blog\/","name":"Dicodusport","description":"L&#039;encyclop\u00e9die de l&#039;actualit\u00e9 sportive","publisher":{"@id":"https:\/\/dicodusport.fr\/blog\/#organization"},"potentialAction":[{"@type":"SearchAction","target":{"@type":"EntryPoint","urlTemplate":"https:\/\/dicodusport.fr\/blog\/?s={search_term_string}"},"query-input":{"@type":"PropertyValueSpecification","valueRequired":true,"valueName":"search_term_string"}}],"inLanguage":"fr-FR"},{"@type":"NewsMediaOrganization","@id":"https:\/\/dicodusport.fr\/blog\/#organization","name":"Dicodusport","url":"https:\/\/dicodusport.fr\/blog\/","logo":{"@type":"ImageObject","inLanguage":"fr-FR","@id":"https:\/\/dicodusport.fr\/blog\/#\/schema\/logo\/image\/","url":"https:\/\/dicodusport.fr\/blog\/wp-content\/uploads\/2020\/06\/cropped-LOGO-DICODUSPORT-2020-SANS-FOND-SANS-TEXTE.png","contentUrl":"https:\/\/dicodusport.fr\/blog\/wp-content\/uploads\/2020\/06\/cropped-LOGO-DICODUSPORT-2020-SANS-FOND-SANS-TEXTE.png","width":512,"height":512,"caption":"Dicodusport"},"image":{"@id":"https:\/\/dicodusport.fr\/blog\/#\/schema\/logo\/image\/"},"sameAs":["https:\/\/www.facebook.com\/dicodusport","https:\/\/x.com\/dicodusport","https:\/\/www.instagram.com\/dicodusport\/","https:\/\/www.youtube.com\/channel\/UC7V2KZ5sd3htJivAbA4ZG3w"],"description":"Dicodusport est l'encyclop\u00e9die de l'actualit\u00e9 sportive.","email":"bonjour@dicodusport.fr","legalName":"DICODUSPORT","foundingDate":"2018-01-14","vatID":"FR71834470973","taxID":"83447097300043","numberOfEmployees":{"@type":"QuantitativeValue","minValue":"1","maxValue":"10"}},{"@type":"Person","@id":"https:\/\/dicodusport.fr\/blog\/#\/schema\/person\/cce96fa88785bd8573e3d43078ac8c79","name":"Arlette Yeye","image":{"@type":"ImageObject","inLanguage":"fr-FR","@id":"https:\/\/dicodusport.fr\/blog\/#\/schema\/person\/image\/","url":"https:\/\/secure.gravatar.com\/avatar\/dca4a6239e6d708e46c45d60e160de6c?s=96&d=wp_user_avatar&r=g","contentUrl":"https:\/\/secure.gravatar.com\/avatar\/dca4a6239e6d708e46c45d60e160de6c?s=96&d=wp_user_avatar&r=g","caption":"Arlette Yeye"},"description":"Journaliste\/r\u00e9dactrice depuis septembre 2015 - Supportrice de Chelsea, j'ai pour sports de pr\u00e9dilection le handball, l'athl\u00e9tisme et le tennis. Si je tweete plus vite que mon ombre, vous pouvez aussi me retrouver les week-ends sur les playgrounds de Bruxelles pour un petit foot ou basket entre potes. Parcourir la France, l'Europe et plus si affinit\u00e9s pour suivre mes sportifs pr\u00e9f\u00e9r\u00e9s ? Mon kif ! Et c'est avec plaisir que je partage les r\u00e9sultats des sports populaires mais \u00e9galement plus confidentiels pour Dicodusport.","sameAs":["https:\/\/x.com\/https:\/\/twitter.com\/Shiclette94"],"url":"https:\/\/dicodusport.fr\/blog\/author\/arlette\/"}]}},"_links":{"self":[{"href":"https:\/\/dicodusport.fr\/blog\/wp-json\/wp\/v2\/posts\/257312","targetHints":{"allow":["GET"]}}],"collection":[{"href":"https:\/\/dicodusport.fr\/blog\/wp-json\/wp\/v2\/posts"}],"about":[{"href":"https:\/\/dicodusport.fr\/blog\/wp-json\/wp\/v2\/types\/post"}],"author":[{"embeddable":true,"href":"https:\/\/dicodusport.fr\/blog\/wp-json\/wp\/v2\/users\/12"}],"replies":[{"embeddable":true,"href":"https:\/\/dicodusport.fr\/blog\/wp-json\/wp\/v2\/comments?post=257312"}],"version-history":[{"count":0,"href":"https:\/\/dicodusport.fr\/blog\/wp-json\/wp\/v2\/posts\/257312\/revisions"}],"wp:featuredmedia":[{"embeddable":true,"href":"https:\/\/dicodusport.fr\/blog\/wp-json\/wp\/v2\/media\/257344"}],"wp:attachment":[{"href":"https:\/\/dicodusport.fr\/blog\/wp-json\/wp\/v2\/media?parent=257312"}],"wp:term":[{"taxonomy":"category","embeddable":true,"href":"https:\/\/dicodusport.fr\/blog\/wp-json\/wp\/v2\/categories?post=257312"},{"taxonomy":"post_tag","embeddable":true,"href":"https:\/\/dicodusport.fr\/blog\/wp-json\/wp\/v2\/tags?post=257312"}],"curies":[{"name":"wp","href":"https:\/\/api.w.org\/{rel}","templated":true}]}}