{"id":257398,"date":"2022-08-29T13:20:34","date_gmt":"2022-08-29T11:20:34","guid":{"rendered":"https:\/\/dicodusport.fr\/blog\/?p=257398&#038;preview=true&#038;preview_id=257398"},"modified":"2022-08-29T13:28:05","modified_gmt":"2022-08-29T11:28:05","slug":"romain-gregoire-quand-je-suis-attendu-je-reponds-present","status":"publish","type":"post","link":"https:\/\/dicodusport.fr\/blog\/romain-gregoire-quand-je-suis-attendu-je-reponds-present\/","title":{"rendered":"Romain Gr\u00e9goire : \u00ab\u00a0Quand je suis attendu, je r\u00e9ponds pr\u00e9sent\u00a0\u00bb"},"content":{"rendered":"<p style=\"text-align: justify;\"><b><i>CYCLISME SUR ROUTE 2022 &#8211; Dans les colonnes de <a href=\"https:\/\/www.directvelo.com\/actualite\/99208\/romain-gregoire-peut-voir-plus-haut\" target=\"_blank\" rel=\"nofollow noopener\">Direct V\u00e9lo<\/a>, Romain Gr\u00e9goire a dress\u00e9 le bilan de son Tour de l&rsquo;Avenir 2022.\u00a0<\/i><\/b><\/p>\n<p style=\"text-align: justify;\">Treizi\u00e8me au <a href=\"https:\/\/dicodusport.fr\/blog\/tour-de-lavenir-2022-classement-general\/\" target=\"_blank\" rel=\"noopener\">classement g\u00e9n\u00e9ral du Tour de l&rsquo;Avenir<\/a> \u00e0 plus de 12 minutes du vainqueur, le Belge <strong>Cian Uijtdebroeks<\/strong>, <strong>Romain Gr\u00e9goire<\/strong> s&rsquo;est montr\u00e9 satisfait de sa victoire d&rsquo;\u00e9tape mercredi dernier, \u00e0 Oyonnax.<\/p>\n<blockquote>\n<p style=\"text-align: justify;\">Le principal point positif est d\u2019avoir r\u00e9pondu pr\u00e9sent sur l\u2019\u00e9tape qui me convenait le mieux. Quand je suis attendu, je r\u00e9ponds pr\u00e9sent. Je ne suis pas encore au niveau des tout meilleurs dans ce domaine mais le comportement en montagne n\u2019a pas \u00e9t\u00e9 mauvais. Samedi, j\u2019ai tent\u00e9 de loin avec panache, dimanche je bascule avec les meilleurs. Je ne suis pas haut plac\u00e9 dans le classement g\u00e9n\u00e9ral mais je peux \u00eatre satisfait de mon Tour de l\u2019Avenir.<\/p>\n<\/blockquote>\n<p style=\"text-align: justify;\">Le futur coureur de la <strong>Groupama-FDJ<\/strong> a aussi expliqu\u00e9 qu&rsquo;il ne devrait pas \u00eatre au d\u00e9part du <strong>Tour de l&rsquo;Avenir<\/strong> en 2023 :<\/p>\n<blockquote>\n<p style=\"text-align: justify;\">Je pense que je ne reviendrai pas. Si je passe en WorldTour, c\u2019est que l&rsquo;\u00e9quipe croit en moi pour marcher \u00e0 ce niveau-l\u00e0. J\u2019ai fait mes gammes en Espoirs, j\u2019ai disput\u00e9 mon Tour de l\u2019Avenir et je peux en ressortir satisfait. Je ne vais pas tirer un trait d\u00e9finitif mais \u00e7a m\u2019\u00e9tonnerait que je revienne.<\/p>\n<\/blockquote>\n<blockquote class=\"twitter-tweet\">\n<p dir=\"ltr\" lang=\"fr\">Romain Gr\u00e9goire peut voir plus haut <a href=\"https:\/\/t.co\/KmxApPBPMc\">https:\/\/t.co\/KmxApPBPMc<\/a> <a href=\"https:\/\/twitter.com\/hashtag\/directvelo?src=hash&amp;ref_src=twsrc%5Etfw\">#directvelo<\/a><\/p>\n<p>\u2014 DirectVelo (@directvelo) <a href=\"https:\/\/twitter.com\/directvelo\/status\/1564139549600763906?ref_src=twsrc%5Etfw\">August 29, 2022<\/a><\/p><\/blockquote>\n<p style=\"text-align: justify;\"><script async src=\"https:\/\/platform.twitter.com\/widgets.js\" charset=\"utf-8\"><\/script><\/p>\n","protected":false},"excerpt":{"rendered":"<p>CYCLISME SUR ROUTE 2022 &#8211; Dans les colonnes de Direct V\u00e9lo, Romain Gr\u00e9goire a dress\u00e9 le bilan de son Tour de l&rsquo;Avenir 2022.\u00a0<\/p>\n","protected":false},"author":1,"featured_media":257405,"comment_status":"open","ping_status":"closed","sticky":false,"template":"","format":"standard","meta":{"_acf_changed":false,"_daextam_enable_autolinks":"","footnotes":""},"categories":[46994],"tags":[19485,1612],"class_list":["post-257398","post","type-post","status-publish","format-standard","has-post-thumbnail","hentry","category-cyclisme-sur-route","tag-romain-gregoire","tag-tour-de-lavenir"],"acf":[],"yoast_head":"<!-- This site is optimized with the Yoast SEO Premium plugin v26.7 (Yoast SEO v26.7) - https:\/\/yoast.com\/wordpress\/plugins\/seo\/ -->\n<title>Romain Gr\u00e9goire : &quot;Quand je suis attendu, je r\u00e9ponds pr\u00e9sent&quot;<\/title>\n<meta name=\"description\" content=\"CYCLISME SUR ROUTE 2022 - Dans les colonnes de Direct V\u00e9lo, Romain Gr\u00e9goire a dress\u00e9 le bilan de son Tour de l&#039;Avenir 2022.\u00a0\" \/>\n<meta name=\"robots\" content=\"index, follow, max-snippet:-1, max-image-preview:large, max-video-preview:-1\" \/>\n<link rel=\"canonical\" href=\"https:\/\/dicodusport.fr\/blog\/romain-gregoire-quand-je-suis-attendu-je-reponds-present\/\" \/>\n<meta property=\"og:locale\" content=\"fr_FR\" \/>\n<meta property=\"og:type\" content=\"article\" \/>\n<meta property=\"og:title\" content=\"Romain Gr\u00e9goire : &quot;Quand je suis attendu, je r\u00e9ponds pr\u00e9sent&quot;\" \/>\n<meta property=\"og:description\" content=\"CYCLISME SUR ROUTE 2022 - Dans les colonnes de Direct V\u00e9lo, Romain Gr\u00e9goire a dress\u00e9 le bilan de son Tour de l&#039;Avenir 2022.\u00a0\" \/>\n<meta property=\"og:url\" content=\"https:\/\/dicodusport.fr\/blog\/romain-gregoire-quand-je-suis-attendu-je-reponds-present\/\" \/>\n<meta property=\"og:site_name\" content=\"Dicodusport\" \/>\n<meta property=\"article:publisher\" content=\"https:\/\/www.facebook.com\/dicodusport\" \/>\n<meta property=\"article:author\" content=\"https:\/\/www.facebook.com\/dicodusport\" \/>\n<meta property=\"article:published_time\" content=\"2022-08-29T11:20:34+00:00\" \/>\n<meta property=\"article:modified_time\" content=\"2022-08-29T11:28:05+00:00\" \/>\n<meta property=\"og:image\" content=\"https:\/\/dicodusport.fr\/blog\/wp-content\/uploads\/2022\/08\/Romain-Gre\u0301goire-Quand-je-suis-attendu-je-re\u0301ponds-pre\u0301sent.png\" \/>\n\t<meta property=\"og:image:width\" content=\"800\" \/>\n\t<meta property=\"og:image:height\" content=\"445\" \/>\n\t<meta property=\"og:image:type\" content=\"image\/png\" \/>\n<meta name=\"author\" content=\"Nicolas Jacquemard\" \/>\n<meta name=\"twitter:card\" content=\"summary_large_image\" \/>\n<meta name=\"twitter:title\" content=\"Romain Gr\u00e9goire : &quot;Quand je suis attendu, je r\u00e9ponds pr\u00e9sent&quot;\" \/>\n<meta name=\"twitter:creator\" content=\"@https:\/\/twitter.com\/Nico_Jacquemard\" \/>\n<meta name=\"twitter:site\" content=\"@dicodusport\" \/>\n<script type=\"application\/ld+json\" class=\"yoast-schema-graph\">{\"@context\":\"https:\/\/schema.org\",\"@graph\":[{\"@type\":\"NewsArticle\",\"@id\":\"https:\/\/dicodusport.fr\/blog\/romain-gregoire-quand-je-suis-attendu-je-reponds-present\/#article\",\"isPartOf\":{\"@id\":\"https:\/\/dicodusport.fr\/blog\/romain-gregoire-quand-je-suis-attendu-je-reponds-present\/\"},\"author\":{\"name\":\"Nicolas Jacquemard\",\"@id\":\"https:\/\/dicodusport.fr\/blog\/#\/schema\/person\/55dcb50ad410894e431ed812bbb70191\"},\"headline\":\"Romain Gr\u00e9goire : \u00ab\u00a0Quand je suis attendu, je r\u00e9ponds pr\u00e9sent\u00a0\u00bb\",\"datePublished\":\"2022-08-29T11:20:34+00:00\",\"dateModified\":\"2022-08-29T11:28:05+00:00\",\"mainEntityOfPage\":{\"@id\":\"https:\/\/dicodusport.fr\/blog\/romain-gregoire-quand-je-suis-attendu-je-reponds-present\/\"},\"wordCount\":260,\"commentCount\":0,\"publisher\":{\"@id\":\"https:\/\/dicodusport.fr\/blog\/#organization\"},\"image\":{\"@id\":\"https:\/\/dicodusport.fr\/blog\/romain-gregoire-quand-je-suis-attendu-je-reponds-present\/#primaryimage\"},\"thumbnailUrl\":\"https:\/\/dicodusport.fr\/blog\/wp-content\/uploads\/2022\/08\/Romain-Gre\u0301goire-Quand-je-suis-attendu-je-re\u0301ponds-pre\u0301sent.png\",\"keywords\":[\"Romain Gr\u00e9goire\",\"Tour de l'Avenir\"],\"articleSection\":[\"Cyclisme sur route\"],\"inLanguage\":\"fr-FR\",\"potentialAction\":[{\"@type\":\"CommentAction\",\"name\":\"Comment\",\"target\":[\"https:\/\/dicodusport.fr\/blog\/romain-gregoire-quand-je-suis-attendu-je-reponds-present\/#respond\"]}],\"copyrightYear\":\"2022\",\"copyrightHolder\":{\"@id\":\"https:\/\/dicodusport.fr\/blog\/#organization\"}},{\"@type\":\"WebPage\",\"@id\":\"https:\/\/dicodusport.fr\/blog\/romain-gregoire-quand-je-suis-attendu-je-reponds-present\/\",\"url\":\"https:\/\/dicodusport.fr\/blog\/romain-gregoire-quand-je-suis-attendu-je-reponds-present\/\",\"name\":\"Romain Gr\u00e9goire : \\\"Quand je suis attendu, je r\u00e9ponds pr\u00e9sent\\\"\",\"isPartOf\":{\"@id\":\"https:\/\/dicodusport.fr\/blog\/#website\"},\"primaryImageOfPage\":{\"@id\":\"https:\/\/dicodusport.fr\/blog\/romain-gregoire-quand-je-suis-attendu-je-reponds-present\/#primaryimage\"},\"image\":{\"@id\":\"https:\/\/dicodusport.fr\/blog\/romain-gregoire-quand-je-suis-attendu-je-reponds-present\/#primaryimage\"},\"thumbnailUrl\":\"https:\/\/dicodusport.fr\/blog\/wp-content\/uploads\/2022\/08\/Romain-Gre\u0301goire-Quand-je-suis-attendu-je-re\u0301ponds-pre\u0301sent.png\",\"datePublished\":\"2022-08-29T11:20:34+00:00\",\"dateModified\":\"2022-08-29T11:28:05+00:00\",\"description\":\"CYCLISME SUR ROUTE 2022 - Dans les colonnes de Direct V\u00e9lo, Romain Gr\u00e9goire a dress\u00e9 le bilan de son Tour de l'Avenir 2022.\u00a0\",\"breadcrumb\":{\"@id\":\"https:\/\/dicodusport.fr\/blog\/romain-gregoire-quand-je-suis-attendu-je-reponds-present\/#breadcrumb\"},\"inLanguage\":\"fr-FR\",\"potentialAction\":[{\"@type\":\"ReadAction\",\"target\":[\"https:\/\/dicodusport.fr\/blog\/romain-gregoire-quand-je-suis-attendu-je-reponds-present\/\"]}]},{\"@type\":\"ImageObject\",\"inLanguage\":\"fr-FR\",\"@id\":\"https:\/\/dicodusport.fr\/blog\/romain-gregoire-quand-je-suis-attendu-je-reponds-present\/#primaryimage\",\"url\":\"https:\/\/dicodusport.fr\/blog\/wp-content\/uploads\/2022\/08\/Romain-Gre\u0301goire-Quand-je-suis-attendu-je-re\u0301ponds-pre\u0301sent.png\",\"contentUrl\":\"https:\/\/dicodusport.fr\/blog\/wp-content\/uploads\/2022\/08\/Romain-Gre\u0301goire-Quand-je-suis-attendu-je-re\u0301ponds-pre\u0301sent.png\",\"width\":800,\"height\":445},{\"@type\":\"BreadcrumbList\",\"@id\":\"https:\/\/dicodusport.fr\/blog\/romain-gregoire-quand-je-suis-attendu-je-reponds-present\/#breadcrumb\",\"itemListElement\":[{\"@type\":\"ListItem\",\"position\":1,\"name\":\"Accueil\",\"item\":\"https:\/\/dicodusport.fr\/blog\/\"},{\"@type\":\"ListItem\",\"position\":2,\"name\":\"Romain Gr\u00e9goire : \u00ab\u00a0Quand je suis attendu, je r\u00e9ponds pr\u00e9sent\u00a0\u00bb\"}]},{\"@type\":\"WebSite\",\"@id\":\"https:\/\/dicodusport.fr\/blog\/#website\",\"url\":\"https:\/\/dicodusport.fr\/blog\/\",\"name\":\"Dicodusport\",\"description\":\"L&#039;encyclop\u00e9die de l&#039;actualit\u00e9 sportive\",\"publisher\":{\"@id\":\"https:\/\/dicodusport.fr\/blog\/#organization\"},\"potentialAction\":[{\"@type\":\"SearchAction\",\"target\":{\"@type\":\"EntryPoint\",\"urlTemplate\":\"https:\/\/dicodusport.fr\/blog\/?s={search_term_string}\"},\"query-input\":{\"@type\":\"PropertyValueSpecification\",\"valueRequired\":true,\"valueName\":\"search_term_string\"}}],\"inLanguage\":\"fr-FR\"},{\"@type\":\"NewsMediaOrganization\",\"@id\":\"https:\/\/dicodusport.fr\/blog\/#organization\",\"name\":\"Dicodusport\",\"url\":\"https:\/\/dicodusport.fr\/blog\/\",\"logo\":{\"@type\":\"ImageObject\",\"inLanguage\":\"fr-FR\",\"@id\":\"https:\/\/dicodusport.fr\/blog\/#\/schema\/logo\/image\/\",\"url\":\"https:\/\/dicodusport.fr\/blog\/wp-content\/uploads\/2020\/06\/cropped-LOGO-DICODUSPORT-2020-SANS-FOND-SANS-TEXTE.png\",\"contentUrl\":\"https:\/\/dicodusport.fr\/blog\/wp-content\/uploads\/2020\/06\/cropped-LOGO-DICODUSPORT-2020-SANS-FOND-SANS-TEXTE.png\",\"width\":512,\"height\":512,\"caption\":\"Dicodusport\"},\"image\":{\"@id\":\"https:\/\/dicodusport.fr\/blog\/#\/schema\/logo\/image\/\"},\"sameAs\":[\"https:\/\/www.facebook.com\/dicodusport\",\"https:\/\/x.com\/dicodusport\",\"https:\/\/www.instagram.com\/dicodusport\/\",\"https:\/\/www.youtube.com\/channel\/UC7V2KZ5sd3htJivAbA4ZG3w\"],\"description\":\"Dicodusport est l'encyclop\u00e9die de l'actualit\u00e9 sportive.\",\"email\":\"bonjour@dicodusport.fr\",\"legalName\":\"DICODUSPORT\",\"foundingDate\":\"2018-01-14\",\"vatID\":\"FR71834470973\",\"taxID\":\"83447097300043\",\"numberOfEmployees\":{\"@type\":\"QuantitativeValue\",\"minValue\":\"1\",\"maxValue\":\"10\"}},{\"@type\":\"Person\",\"@id\":\"https:\/\/dicodusport.fr\/blog\/#\/schema\/person\/55dcb50ad410894e431ed812bbb70191\",\"name\":\"Nicolas Jacquemard\",\"image\":{\"@type\":\"ImageObject\",\"inLanguage\":\"fr-FR\",\"@id\":\"https:\/\/dicodusport.fr\/blog\/#\/schema\/person\/image\/\",\"url\":\"https:\/\/dicodusport.fr\/blog\/wp-content\/uploads\/2021\/05\/Nicolas-Jacquemard-150x150.jpeg\",\"contentUrl\":\"https:\/\/dicodusport.fr\/blog\/wp-content\/uploads\/2021\/05\/Nicolas-Jacquemard-150x150.jpeg\",\"caption\":\"Nicolas Jacquemard\"},\"description\":\"Passionn\u00e9 de sport et entrepreneur depuis mes 18 ans, la cr\u00e9ation de Dicodusport m'a sembl\u00e9 \u00e9vidente pour participer \u00e0 la m\u00e9diatisation d'un plus grand nombre de sports. Le chemin est long mais avec une \u00e9quipe des plus motiv\u00e9es et les Jeux Olympiques de Paris 2024 en point de mire, nous y arriverons ! Journaliste dans le monde du sport depuis plus de 5 ans, je traite aussi bien de football, de rugby, de biathlon que de cyclisme.\",\"sameAs\":[\"https:\/\/www.facebook.com\/dicodusport\",\"https:\/\/x.com\/https:\/\/twitter.com\/Nico_Jacquemard\"],\"url\":\"https:\/\/dicodusport.fr\/blog\/author\/dicodusport\/\"}]}<\/script>\n<!-- \/ Yoast SEO Premium plugin. -->","yoast_head_json":{"title":"Romain Gr\u00e9goire : \"Quand je suis attendu, je r\u00e9ponds pr\u00e9sent\"","description":"CYCLISME SUR ROUTE 2022 - Dans les colonnes de Direct V\u00e9lo, Romain Gr\u00e9goire a dress\u00e9 le bilan de son Tour de l'Avenir 2022.\u00a0","robots":{"index":"index","follow":"follow","max-snippet":"max-snippet:-1","max-image-preview":"max-image-preview:large","max-video-preview":"max-video-preview:-1"},"canonical":"https:\/\/dicodusport.fr\/blog\/romain-gregoire-quand-je-suis-attendu-je-reponds-present\/","og_locale":"fr_FR","og_type":"article","og_title":"Romain Gr\u00e9goire : \"Quand je suis attendu, je r\u00e9ponds pr\u00e9sent\"","og_description":"CYCLISME SUR ROUTE 2022 - Dans les colonnes de Direct V\u00e9lo, Romain Gr\u00e9goire a dress\u00e9 le bilan de son Tour de l'Avenir 2022.\u00a0","og_url":"https:\/\/dicodusport.fr\/blog\/romain-gregoire-quand-je-suis-attendu-je-reponds-present\/","og_site_name":"Dicodusport","article_publisher":"https:\/\/www.facebook.com\/dicodusport","article_author":"https:\/\/www.facebook.com\/dicodusport","article_published_time":"2022-08-29T11:20:34+00:00","article_modified_time":"2022-08-29T11:28:05+00:00","og_image":[{"width":800,"height":445,"url":"https:\/\/dicodusport.fr\/blog\/wp-content\/uploads\/2022\/08\/Romain-Gre\u0301goire-Quand-je-suis-attendu-je-re\u0301ponds-pre\u0301sent.png","type":"image\/png"}],"author":"Nicolas Jacquemard","twitter_card":"summary_large_image","twitter_title":"Romain Gr\u00e9goire : \"Quand je suis attendu, je r\u00e9ponds pr\u00e9sent\"","twitter_creator":"@https:\/\/twitter.com\/Nico_Jacquemard","twitter_site":"@dicodusport","schema":{"@context":"https:\/\/schema.org","@graph":[{"@type":"NewsArticle","@id":"https:\/\/dicodusport.fr\/blog\/romain-gregoire-quand-je-suis-attendu-je-reponds-present\/#article","isPartOf":{"@id":"https:\/\/dicodusport.fr\/blog\/romain-gregoire-quand-je-suis-attendu-je-reponds-present\/"},"author":{"name":"Nicolas Jacquemard","@id":"https:\/\/dicodusport.fr\/blog\/#\/schema\/person\/55dcb50ad410894e431ed812bbb70191"},"headline":"Romain Gr\u00e9goire : \u00ab\u00a0Quand je suis attendu, je r\u00e9ponds pr\u00e9sent\u00a0\u00bb","datePublished":"2022-08-29T11:20:34+00:00","dateModified":"2022-08-29T11:28:05+00:00","mainEntityOfPage":{"@id":"https:\/\/dicodusport.fr\/blog\/romain-gregoire-quand-je-suis-attendu-je-reponds-present\/"},"wordCount":260,"commentCount":0,"publisher":{"@id":"https:\/\/dicodusport.fr\/blog\/#organization"},"image":{"@id":"https:\/\/dicodusport.fr\/blog\/romain-gregoire-quand-je-suis-attendu-je-reponds-present\/#primaryimage"},"thumbnailUrl":"https:\/\/dicodusport.fr\/blog\/wp-content\/uploads\/2022\/08\/Romain-Gre\u0301goire-Quand-je-suis-attendu-je-re\u0301ponds-pre\u0301sent.png","keywords":["Romain Gr\u00e9goire","Tour de l'Avenir"],"articleSection":["Cyclisme sur route"],"inLanguage":"fr-FR","potentialAction":[{"@type":"CommentAction","name":"Comment","target":["https:\/\/dicodusport.fr\/blog\/romain-gregoire-quand-je-suis-attendu-je-reponds-present\/#respond"]}],"copyrightYear":"2022","copyrightHolder":{"@id":"https:\/\/dicodusport.fr\/blog\/#organization"}},{"@type":"WebPage","@id":"https:\/\/dicodusport.fr\/blog\/romain-gregoire-quand-je-suis-attendu-je-reponds-present\/","url":"https:\/\/dicodusport.fr\/blog\/romain-gregoire-quand-je-suis-attendu-je-reponds-present\/","name":"Romain Gr\u00e9goire : \"Quand je suis attendu, je r\u00e9ponds pr\u00e9sent\"","isPartOf":{"@id":"https:\/\/dicodusport.fr\/blog\/#website"},"primaryImageOfPage":{"@id":"https:\/\/dicodusport.fr\/blog\/romain-gregoire-quand-je-suis-attendu-je-reponds-present\/#primaryimage"},"image":{"@id":"https:\/\/dicodusport.fr\/blog\/romain-gregoire-quand-je-suis-attendu-je-reponds-present\/#primaryimage"},"thumbnailUrl":"https:\/\/dicodusport.fr\/blog\/wp-content\/uploads\/2022\/08\/Romain-Gre\u0301goire-Quand-je-suis-attendu-je-re\u0301ponds-pre\u0301sent.png","datePublished":"2022-08-29T11:20:34+00:00","dateModified":"2022-08-29T11:28:05+00:00","description":"CYCLISME SUR ROUTE 2022 - Dans les colonnes de Direct V\u00e9lo, Romain Gr\u00e9goire a dress\u00e9 le bilan de son Tour de l'Avenir 2022.\u00a0","breadcrumb":{"@id":"https:\/\/dicodusport.fr\/blog\/romain-gregoire-quand-je-suis-attendu-je-reponds-present\/#breadcrumb"},"inLanguage":"fr-FR","potentialAction":[{"@type":"ReadAction","target":["https:\/\/dicodusport.fr\/blog\/romain-gregoire-quand-je-suis-attendu-je-reponds-present\/"]}]},{"@type":"ImageObject","inLanguage":"fr-FR","@id":"https:\/\/dicodusport.fr\/blog\/romain-gregoire-quand-je-suis-attendu-je-reponds-present\/#primaryimage","url":"https:\/\/dicodusport.fr\/blog\/wp-content\/uploads\/2022\/08\/Romain-Gre\u0301goire-Quand-je-suis-attendu-je-re\u0301ponds-pre\u0301sent.png","contentUrl":"https:\/\/dicodusport.fr\/blog\/wp-content\/uploads\/2022\/08\/Romain-Gre\u0301goire-Quand-je-suis-attendu-je-re\u0301ponds-pre\u0301sent.png","width":800,"height":445},{"@type":"BreadcrumbList","@id":"https:\/\/dicodusport.fr\/blog\/romain-gregoire-quand-je-suis-attendu-je-reponds-present\/#breadcrumb","itemListElement":[{"@type":"ListItem","position":1,"name":"Accueil","item":"https:\/\/dicodusport.fr\/blog\/"},{"@type":"ListItem","position":2,"name":"Romain Gr\u00e9goire : \u00ab\u00a0Quand je suis attendu, je r\u00e9ponds pr\u00e9sent\u00a0\u00bb"}]},{"@type":"WebSite","@id":"https:\/\/dicodusport.fr\/blog\/#website","url":"https:\/\/dicodusport.fr\/blog\/","name":"Dicodusport","description":"L&#039;encyclop\u00e9die de l&#039;actualit\u00e9 sportive","publisher":{"@id":"https:\/\/dicodusport.fr\/blog\/#organization"},"potentialAction":[{"@type":"SearchAction","target":{"@type":"EntryPoint","urlTemplate":"https:\/\/dicodusport.fr\/blog\/?s={search_term_string}"},"query-input":{"@type":"PropertyValueSpecification","valueRequired":true,"valueName":"search_term_string"}}],"inLanguage":"fr-FR"},{"@type":"NewsMediaOrganization","@id":"https:\/\/dicodusport.fr\/blog\/#organization","name":"Dicodusport","url":"https:\/\/dicodusport.fr\/blog\/","logo":{"@type":"ImageObject","inLanguage":"fr-FR","@id":"https:\/\/dicodusport.fr\/blog\/#\/schema\/logo\/image\/","url":"https:\/\/dicodusport.fr\/blog\/wp-content\/uploads\/2020\/06\/cropped-LOGO-DICODUSPORT-2020-SANS-FOND-SANS-TEXTE.png","contentUrl":"https:\/\/dicodusport.fr\/blog\/wp-content\/uploads\/2020\/06\/cropped-LOGO-DICODUSPORT-2020-SANS-FOND-SANS-TEXTE.png","width":512,"height":512,"caption":"Dicodusport"},"image":{"@id":"https:\/\/dicodusport.fr\/blog\/#\/schema\/logo\/image\/"},"sameAs":["https:\/\/www.facebook.com\/dicodusport","https:\/\/x.com\/dicodusport","https:\/\/www.instagram.com\/dicodusport\/","https:\/\/www.youtube.com\/channel\/UC7V2KZ5sd3htJivAbA4ZG3w"],"description":"Dicodusport est l'encyclop\u00e9die de l'actualit\u00e9 sportive.","email":"bonjour@dicodusport.fr","legalName":"DICODUSPORT","foundingDate":"2018-01-14","vatID":"FR71834470973","taxID":"83447097300043","numberOfEmployees":{"@type":"QuantitativeValue","minValue":"1","maxValue":"10"}},{"@type":"Person","@id":"https:\/\/dicodusport.fr\/blog\/#\/schema\/person\/55dcb50ad410894e431ed812bbb70191","name":"Nicolas Jacquemard","image":{"@type":"ImageObject","inLanguage":"fr-FR","@id":"https:\/\/dicodusport.fr\/blog\/#\/schema\/person\/image\/","url":"https:\/\/dicodusport.fr\/blog\/wp-content\/uploads\/2021\/05\/Nicolas-Jacquemard-150x150.jpeg","contentUrl":"https:\/\/dicodusport.fr\/blog\/wp-content\/uploads\/2021\/05\/Nicolas-Jacquemard-150x150.jpeg","caption":"Nicolas Jacquemard"},"description":"Passionn\u00e9 de sport et entrepreneur depuis mes 18 ans, la cr\u00e9ation de Dicodusport m'a sembl\u00e9 \u00e9vidente pour participer \u00e0 la m\u00e9diatisation d'un plus grand nombre de sports. Le chemin est long mais avec une \u00e9quipe des plus motiv\u00e9es et les Jeux Olympiques de Paris 2024 en point de mire, nous y arriverons ! Journaliste dans le monde du sport depuis plus de 5 ans, je traite aussi bien de football, de rugby, de biathlon que de cyclisme.","sameAs":["https:\/\/www.facebook.com\/dicodusport","https:\/\/x.com\/https:\/\/twitter.com\/Nico_Jacquemard"],"url":"https:\/\/dicodusport.fr\/blog\/author\/dicodusport\/"}]}},"_links":{"self":[{"href":"https:\/\/dicodusport.fr\/blog\/wp-json\/wp\/v2\/posts\/257398","targetHints":{"allow":["GET"]}}],"collection":[{"href":"https:\/\/dicodusport.fr\/blog\/wp-json\/wp\/v2\/posts"}],"about":[{"href":"https:\/\/dicodusport.fr\/blog\/wp-json\/wp\/v2\/types\/post"}],"author":[{"embeddable":true,"href":"https:\/\/dicodusport.fr\/blog\/wp-json\/wp\/v2\/users\/1"}],"replies":[{"embeddable":true,"href":"https:\/\/dicodusport.fr\/blog\/wp-json\/wp\/v2\/comments?post=257398"}],"version-history":[{"count":0,"href":"https:\/\/dicodusport.fr\/blog\/wp-json\/wp\/v2\/posts\/257398\/revisions"}],"wp:featuredmedia":[{"embeddable":true,"href":"https:\/\/dicodusport.fr\/blog\/wp-json\/wp\/v2\/media\/257405"}],"wp:attachment":[{"href":"https:\/\/dicodusport.fr\/blog\/wp-json\/wp\/v2\/media?parent=257398"}],"wp:term":[{"taxonomy":"category","embeddable":true,"href":"https:\/\/dicodusport.fr\/blog\/wp-json\/wp\/v2\/categories?post=257398"},{"taxonomy":"post_tag","embeddable":true,"href":"https:\/\/dicodusport.fr\/blog\/wp-json\/wp\/v2\/tags?post=257398"}],"curies":[{"name":"wp","href":"https:\/\/api.w.org\/{rel}","templated":true}]}}