{"id":257417,"date":"2022-08-29T14:31:11","date_gmt":"2022-08-29T12:31:11","guid":{"rendered":"https:\/\/dicodusport.fr\/blog\/?p=257417&#038;preview=true&#038;preview_id=257417"},"modified":"2022-08-29T16:01:45","modified_gmt":"2022-08-29T14:01:45","slug":"rallye-raphael-astier-et-frederic-vauclare-remportent-la-coupe-du-monde-fia-r-gt","status":"publish","type":"post","link":"https:\/\/dicodusport.fr\/blog\/rallye-raphael-astier-et-frederic-vauclare-remportent-la-coupe-du-monde-fia-r-gt\/","title":{"rendered":"Rallye : Rapha\u00ebl Astier et Fr\u00e9d\u00e9ric Vauclare remportent la Coupe du monde FIA R-GT"},"content":{"rendered":"<p style=\"text-align: justify;\"><b><i>COUPE DU MONDE DE RALLYE &#8211; Succ\u00e8s fran\u00e7ais dans la cat\u00e9gorie des voitures de tourisme en rallye, avec la victoire de Rapha\u00ebl Astier et Fr\u00e9d\u00e9ric Vauclare lors de la Coupe du monde FIA R-GT.<\/i><\/b><\/p>\n<p style=\"text-align: justify;\">La Coupe du monde de rallye FIA R-GT ne se compose que de cinq \u00e9preuves. Mais elle est depuis sa cr\u00e9ation en 2015 une sp\u00e9cialit\u00e9 fran\u00e7aise. Apr\u00e8s le succ\u00e8s de<strong> Pierre Ragues<\/strong> et <strong>Julien Pesenti<\/strong> l&rsquo;an dernier, c&rsquo;est le duo constitu\u00e9 de <strong>Rapha\u00ebl Astier<\/strong> et <strong>Fr\u00e9d\u00e9ric Vauclare<\/strong> qui a rafl\u00e9 la mise cette saison, au volant d&rsquo;une Alpine 110. Lors du Barum Czech Rally Zl\u00edn, l&rsquo;\u00e9quipage tricolore a remport\u00e9 la course de fort belle mani\u00e8re, son troisi\u00e8me succ\u00e8s en quatre \u00e9preuves. Le tout devant un autre \u00e9quipage fran\u00e7ais, <strong>Manu Guigou<\/strong> et <strong>K\u00e9vin Bronner<\/strong>. La paire<strong> Astier \/ Vauclare<\/strong> est ainsi parvenue \u00e0 reconqu\u00e9rir un titre qu&rsquo;elle avait remport\u00e9 en 2018. Une preuve de plus de la bonne sant\u00e9 du sport automobile en France.<\/p>\n<blockquote class=\"twitter-tweet\">\n<p dir=\"ltr\" lang=\"fr\">En signant une seconde victoire cons\u00e9cutive en <a href=\"https:\/\/twitter.com\/FIAERC?ref_src=twsrc%5Etfw\">@FIAERC<\/a>, Rapha\u00ebl Astier et Fr\u00e9d\u00e9ric Vauclare remportent la &#8211;<\/p>\n<p>F\u00e9licitations les gars ! &#x2764;&#xfe0f; <a href=\"https:\/\/t.co\/qXKrHegsPz\">pic.twitter.com\/qXKrHegsPz<\/a><\/p>\n<p>\u2014 FFSA (@FFSportAuto) <a href=\"https:\/\/twitter.com\/FFSportAuto\/status\/1564157957604102144?ref_src=twsrc%5Etfw\">August 29, 2022<\/a><\/p><\/blockquote>\n<p style=\"text-align: justify;\"><script async src=\"https:\/\/platform.twitter.com\/widgets.js\" charset=\"utf-8\"><\/script><\/p>\n","protected":false},"excerpt":{"rendered":"<p>COUPE DU MONDE DE RALLYE &#8211; Succ\u00e8s fran\u00e7ais dans la cat\u00e9gorie des voitures de tourisme en rallye, avec la victoire de Rapha\u00ebl Astier et Fr\u00e9d\u00e9ric Vauclare lors de la Coupe du monde FIA R-GT.<\/p>\n","protected":false},"author":59,"featured_media":257423,"comment_status":"open","ping_status":"closed","sticky":false,"template":"","format":"standard","meta":{"_acf_changed":false,"_daextam_enable_autolinks":"","footnotes":""},"categories":[9237],"tags":[3858],"class_list":["post-257417","post","type-post","status-publish","format-standard","has-post-thumbnail","hentry","category-rallye","tag-rallye"],"acf":[],"yoast_head":"<!-- This site is optimized with the Yoast SEO Premium plugin v26.7 (Yoast SEO v26.7) - https:\/\/yoast.com\/wordpress\/plugins\/seo\/ -->\n<title>Rallye : Rapha\u00ebl Astier et Fr\u00e9d\u00e9ric Vauclare remportent la Coupe du monde FIA R-GT<\/title>\n<meta name=\"description\" content=\"COUPE DU MONDE DE RALLYE - victoire de Rapha\u00ebl Astier et Fr\u00e9d\u00e9ric Vauclare lors de la Coupe du monde FIA R-GT.\" \/>\n<meta name=\"robots\" content=\"index, follow, max-snippet:-1, max-image-preview:large, max-video-preview:-1\" \/>\n<link rel=\"canonical\" href=\"https:\/\/dicodusport.fr\/blog\/rallye-raphael-astier-et-frederic-vauclare-remportent-la-coupe-du-monde-fia-r-gt\/\" \/>\n<meta property=\"og:locale\" content=\"fr_FR\" \/>\n<meta property=\"og:type\" content=\"article\" \/>\n<meta property=\"og:title\" content=\"Rallye : Rapha\u00ebl Astier et Fr\u00e9d\u00e9ric Vauclare remportent la Coupe du monde FIA R-GT\" \/>\n<meta property=\"og:description\" content=\"COUPE DU MONDE DE RALLYE - victoire de Rapha\u00ebl Astier et Fr\u00e9d\u00e9ric Vauclare lors de la Coupe du monde FIA R-GT.\" \/>\n<meta property=\"og:url\" content=\"https:\/\/dicodusport.fr\/blog\/rallye-raphael-astier-et-frederic-vauclare-remportent-la-coupe-du-monde-fia-r-gt\/\" \/>\n<meta property=\"og:site_name\" content=\"Dicodusport\" \/>\n<meta property=\"article:publisher\" content=\"https:\/\/www.facebook.com\/dicodusport\" \/>\n<meta property=\"article:author\" content=\"https:\/\/www.facebook.com\/sebastien.gente\/\" \/>\n<meta property=\"article:published_time\" content=\"2022-08-29T12:31:11+00:00\" \/>\n<meta property=\"article:modified_time\" content=\"2022-08-29T14:01:45+00:00\" \/>\n<meta property=\"og:image\" content=\"https:\/\/dicodusport.fr\/blog\/wp-content\/uploads\/2022\/08\/Rallye-Raphael-Astier-et-Frederic-Vauclare-remportent-la-Coupe-du-monde-FIA-R-GT.png\" \/>\n\t<meta property=\"og:image:width\" content=\"800\" \/>\n\t<meta property=\"og:image:height\" content=\"445\" \/>\n\t<meta property=\"og:image:type\" content=\"image\/png\" \/>\n<meta name=\"author\" content=\"S\u00e9bastien Gente\" \/>\n<meta name=\"twitter:card\" content=\"summary_large_image\" \/>\n<meta name=\"twitter:title\" content=\"Rallye : Rapha\u00ebl Astier et Fr\u00e9d\u00e9ric Vauclare remportent la Coupe du monde FIA R-GT\" \/>\n<meta name=\"twitter:creator\" content=\"@https:\/\/twitter.com\/globulo24\" \/>\n<meta name=\"twitter:site\" content=\"@dicodusport\" \/>\n<script type=\"application\/ld+json\" class=\"yoast-schema-graph\">{\"@context\":\"https:\/\/schema.org\",\"@graph\":[{\"@type\":\"NewsArticle\",\"@id\":\"https:\/\/dicodusport.fr\/blog\/rallye-raphael-astier-et-frederic-vauclare-remportent-la-coupe-du-monde-fia-r-gt\/#article\",\"isPartOf\":{\"@id\":\"https:\/\/dicodusport.fr\/blog\/rallye-raphael-astier-et-frederic-vauclare-remportent-la-coupe-du-monde-fia-r-gt\/\"},\"author\":{\"name\":\"S\u00e9bastien Gente\",\"@id\":\"https:\/\/dicodusport.fr\/blog\/#\/schema\/person\/627966a6cde45dbd8c5e36ac85d783da\"},\"headline\":\"Rallye : Rapha\u00ebl Astier et Fr\u00e9d\u00e9ric Vauclare remportent la Coupe du monde FIA R-GT\",\"datePublished\":\"2022-08-29T12:31:11+00:00\",\"dateModified\":\"2022-08-29T14:01:45+00:00\",\"mainEntityOfPage\":{\"@id\":\"https:\/\/dicodusport.fr\/blog\/rallye-raphael-astier-et-frederic-vauclare-remportent-la-coupe-du-monde-fia-r-gt\/\"},\"wordCount\":228,\"commentCount\":0,\"publisher\":{\"@id\":\"https:\/\/dicodusport.fr\/blog\/#organization\"},\"image\":{\"@id\":\"https:\/\/dicodusport.fr\/blog\/rallye-raphael-astier-et-frederic-vauclare-remportent-la-coupe-du-monde-fia-r-gt\/#primaryimage\"},\"thumbnailUrl\":\"https:\/\/dicodusport.fr\/blog\/wp-content\/uploads\/2022\/08\/Rallye-Raphael-Astier-et-Frederic-Vauclare-remportent-la-Coupe-du-monde-FIA-R-GT.png\",\"keywords\":[\"Rallye\"],\"articleSection\":[\"Rallye\"],\"inLanguage\":\"fr-FR\",\"potentialAction\":[{\"@type\":\"CommentAction\",\"name\":\"Comment\",\"target\":[\"https:\/\/dicodusport.fr\/blog\/rallye-raphael-astier-et-frederic-vauclare-remportent-la-coupe-du-monde-fia-r-gt\/#respond\"]}],\"copyrightYear\":\"2022\",\"copyrightHolder\":{\"@id\":\"https:\/\/dicodusport.fr\/blog\/#organization\"}},{\"@type\":\"WebPage\",\"@id\":\"https:\/\/dicodusport.fr\/blog\/rallye-raphael-astier-et-frederic-vauclare-remportent-la-coupe-du-monde-fia-r-gt\/\",\"url\":\"https:\/\/dicodusport.fr\/blog\/rallye-raphael-astier-et-frederic-vauclare-remportent-la-coupe-du-monde-fia-r-gt\/\",\"name\":\"Rallye : Rapha\u00ebl Astier et Fr\u00e9d\u00e9ric Vauclare remportent la Coupe du monde FIA R-GT\",\"isPartOf\":{\"@id\":\"https:\/\/dicodusport.fr\/blog\/#website\"},\"primaryImageOfPage\":{\"@id\":\"https:\/\/dicodusport.fr\/blog\/rallye-raphael-astier-et-frederic-vauclare-remportent-la-coupe-du-monde-fia-r-gt\/#primaryimage\"},\"image\":{\"@id\":\"https:\/\/dicodusport.fr\/blog\/rallye-raphael-astier-et-frederic-vauclare-remportent-la-coupe-du-monde-fia-r-gt\/#primaryimage\"},\"thumbnailUrl\":\"https:\/\/dicodusport.fr\/blog\/wp-content\/uploads\/2022\/08\/Rallye-Raphael-Astier-et-Frederic-Vauclare-remportent-la-Coupe-du-monde-FIA-R-GT.png\",\"datePublished\":\"2022-08-29T12:31:11+00:00\",\"dateModified\":\"2022-08-29T14:01:45+00:00\",\"description\":\"COUPE DU MONDE DE RALLYE - victoire de Rapha\u00ebl Astier et Fr\u00e9d\u00e9ric Vauclare lors de la Coupe du monde FIA R-GT.\",\"breadcrumb\":{\"@id\":\"https:\/\/dicodusport.fr\/blog\/rallye-raphael-astier-et-frederic-vauclare-remportent-la-coupe-du-monde-fia-r-gt\/#breadcrumb\"},\"inLanguage\":\"fr-FR\",\"potentialAction\":[{\"@type\":\"ReadAction\",\"target\":[\"https:\/\/dicodusport.fr\/blog\/rallye-raphael-astier-et-frederic-vauclare-remportent-la-coupe-du-monde-fia-r-gt\/\"]}]},{\"@type\":\"ImageObject\",\"inLanguage\":\"fr-FR\",\"@id\":\"https:\/\/dicodusport.fr\/blog\/rallye-raphael-astier-et-frederic-vauclare-remportent-la-coupe-du-monde-fia-r-gt\/#primaryimage\",\"url\":\"https:\/\/dicodusport.fr\/blog\/wp-content\/uploads\/2022\/08\/Rallye-Raphael-Astier-et-Frederic-Vauclare-remportent-la-Coupe-du-monde-FIA-R-GT.png\",\"contentUrl\":\"https:\/\/dicodusport.fr\/blog\/wp-content\/uploads\/2022\/08\/Rallye-Raphael-Astier-et-Frederic-Vauclare-remportent-la-Coupe-du-monde-FIA-R-GT.png\",\"width\":800,\"height\":445,\"caption\":\"Rallye Rapha\u00ebl Astier et Fr\u00e9d\u00e9ric Vauclare remportent la Coupe du monde FIA R-GT\"},{\"@type\":\"BreadcrumbList\",\"@id\":\"https:\/\/dicodusport.fr\/blog\/rallye-raphael-astier-et-frederic-vauclare-remportent-la-coupe-du-monde-fia-r-gt\/#breadcrumb\",\"itemListElement\":[{\"@type\":\"ListItem\",\"position\":1,\"name\":\"Accueil\",\"item\":\"https:\/\/dicodusport.fr\/blog\/\"},{\"@type\":\"ListItem\",\"position\":2,\"name\":\"Rallye : Rapha\u00ebl Astier et Fr\u00e9d\u00e9ric Vauclare remportent la Coupe du monde FIA R-GT\"}]},{\"@type\":\"WebSite\",\"@id\":\"https:\/\/dicodusport.fr\/blog\/#website\",\"url\":\"https:\/\/dicodusport.fr\/blog\/\",\"name\":\"Dicodusport\",\"description\":\"L&#039;encyclop\u00e9die de l&#039;actualit\u00e9 sportive\",\"publisher\":{\"@id\":\"https:\/\/dicodusport.fr\/blog\/#organization\"},\"potentialAction\":[{\"@type\":\"SearchAction\",\"target\":{\"@type\":\"EntryPoint\",\"urlTemplate\":\"https:\/\/dicodusport.fr\/blog\/?s={search_term_string}\"},\"query-input\":{\"@type\":\"PropertyValueSpecification\",\"valueRequired\":true,\"valueName\":\"search_term_string\"}}],\"inLanguage\":\"fr-FR\"},{\"@type\":\"NewsMediaOrganization\",\"@id\":\"https:\/\/dicodusport.fr\/blog\/#organization\",\"name\":\"Dicodusport\",\"url\":\"https:\/\/dicodusport.fr\/blog\/\",\"logo\":{\"@type\":\"ImageObject\",\"inLanguage\":\"fr-FR\",\"@id\":\"https:\/\/dicodusport.fr\/blog\/#\/schema\/logo\/image\/\",\"url\":\"https:\/\/dicodusport.fr\/blog\/wp-content\/uploads\/2020\/06\/cropped-LOGO-DICODUSPORT-2020-SANS-FOND-SANS-TEXTE.png\",\"contentUrl\":\"https:\/\/dicodusport.fr\/blog\/wp-content\/uploads\/2020\/06\/cropped-LOGO-DICODUSPORT-2020-SANS-FOND-SANS-TEXTE.png\",\"width\":512,\"height\":512,\"caption\":\"Dicodusport\"},\"image\":{\"@id\":\"https:\/\/dicodusport.fr\/blog\/#\/schema\/logo\/image\/\"},\"sameAs\":[\"https:\/\/www.facebook.com\/dicodusport\",\"https:\/\/x.com\/dicodusport\",\"https:\/\/www.instagram.com\/dicodusport\/\",\"https:\/\/www.youtube.com\/channel\/UC7V2KZ5sd3htJivAbA4ZG3w\"],\"description\":\"Dicodusport est l'encyclop\u00e9die de l'actualit\u00e9 sportive.\",\"email\":\"bonjour@dicodusport.fr\",\"legalName\":\"DICODUSPORT\",\"foundingDate\":\"2018-01-14\",\"vatID\":\"FR71834470973\",\"taxID\":\"83447097300043\",\"numberOfEmployees\":{\"@type\":\"QuantitativeValue\",\"minValue\":\"1\",\"maxValue\":\"10\"}},{\"@type\":\"Person\",\"@id\":\"https:\/\/dicodusport.fr\/blog\/#\/schema\/person\/627966a6cde45dbd8c5e36ac85d783da\",\"name\":\"S\u00e9bastien Gente\",\"image\":{\"@type\":\"ImageObject\",\"inLanguage\":\"fr-FR\",\"@id\":\"https:\/\/dicodusport.fr\/blog\/#\/schema\/person\/image\/\",\"url\":\"https:\/\/dicodusport.fr\/blog\/wp-content\/uploads\/2021\/09\/1510990_10205810251400683_4124423575079401707_n-150x150.jpg\",\"contentUrl\":\"https:\/\/dicodusport.fr\/blog\/wp-content\/uploads\/2021\/09\/1510990_10205810251400683_4124423575079401707_n-150x150.jpg\",\"caption\":\"S\u00e9bastien Gente\"},\"description\":\"John Stockton, Gianni Bugno, Zinedine Zidane, Steffi Graf, Frode Andresen, St\u00e9phane Stoecklin, Davis Kamoga, Primoz Peterka, Werner Schlager et Aur\u00e9lien Rougerie. Point commun entre ces sportifs? Ils m'ont fait r\u00eaver et ont berc\u00e9 mon adolescence. Je suis un fondu de sports et j'essaie de retranscrire ma passion \u00e0 travers mes articles. Originaire du P\u00e9rigord, ma passion pour les Girondins, les Jaunards et les Jazzmen transpire dans mes \u00e9crits. \u00c0 Dicodusport depuis 2021, je d\u00e9niche les sports m\u00e9connus dans lesquels la France brille, et il y en a !\",\"sameAs\":[\"https:\/\/www.facebook.com\/sebastien.gente\/\",\"https:\/\/www.instagram.com\/sebgente\/\",\"https:\/\/www.linkedin.com\/in\/sbastien-gente-a29583169\/\",\"https:\/\/x.com\/https:\/\/twitter.com\/globulo24\",\"SebastienGente\"],\"worksFor\":\"S\u00e9bastien GENTE\",\"url\":\"https:\/\/dicodusport.fr\/blog\/author\/sebastiengente\/\"}]}<\/script>\n<!-- \/ Yoast SEO Premium plugin. -->","yoast_head_json":{"title":"Rallye : Rapha\u00ebl Astier et Fr\u00e9d\u00e9ric Vauclare remportent la Coupe du monde FIA R-GT","description":"COUPE DU MONDE DE RALLYE - victoire de Rapha\u00ebl Astier et Fr\u00e9d\u00e9ric Vauclare lors de la Coupe du monde FIA R-GT.","robots":{"index":"index","follow":"follow","max-snippet":"max-snippet:-1","max-image-preview":"max-image-preview:large","max-video-preview":"max-video-preview:-1"},"canonical":"https:\/\/dicodusport.fr\/blog\/rallye-raphael-astier-et-frederic-vauclare-remportent-la-coupe-du-monde-fia-r-gt\/","og_locale":"fr_FR","og_type":"article","og_title":"Rallye : Rapha\u00ebl Astier et Fr\u00e9d\u00e9ric Vauclare remportent la Coupe du monde FIA R-GT","og_description":"COUPE DU MONDE DE RALLYE - victoire de Rapha\u00ebl Astier et Fr\u00e9d\u00e9ric Vauclare lors de la Coupe du monde FIA R-GT.","og_url":"https:\/\/dicodusport.fr\/blog\/rallye-raphael-astier-et-frederic-vauclare-remportent-la-coupe-du-monde-fia-r-gt\/","og_site_name":"Dicodusport","article_publisher":"https:\/\/www.facebook.com\/dicodusport","article_author":"https:\/\/www.facebook.com\/sebastien.gente\/","article_published_time":"2022-08-29T12:31:11+00:00","article_modified_time":"2022-08-29T14:01:45+00:00","og_image":[{"width":800,"height":445,"url":"https:\/\/dicodusport.fr\/blog\/wp-content\/uploads\/2022\/08\/Rallye-Raphael-Astier-et-Frederic-Vauclare-remportent-la-Coupe-du-monde-FIA-R-GT.png","type":"image\/png"}],"author":"S\u00e9bastien Gente","twitter_card":"summary_large_image","twitter_title":"Rallye : Rapha\u00ebl Astier et Fr\u00e9d\u00e9ric Vauclare remportent la Coupe du monde FIA R-GT","twitter_creator":"@https:\/\/twitter.com\/globulo24","twitter_site":"@dicodusport","schema":{"@context":"https:\/\/schema.org","@graph":[{"@type":"NewsArticle","@id":"https:\/\/dicodusport.fr\/blog\/rallye-raphael-astier-et-frederic-vauclare-remportent-la-coupe-du-monde-fia-r-gt\/#article","isPartOf":{"@id":"https:\/\/dicodusport.fr\/blog\/rallye-raphael-astier-et-frederic-vauclare-remportent-la-coupe-du-monde-fia-r-gt\/"},"author":{"name":"S\u00e9bastien Gente","@id":"https:\/\/dicodusport.fr\/blog\/#\/schema\/person\/627966a6cde45dbd8c5e36ac85d783da"},"headline":"Rallye : Rapha\u00ebl Astier et Fr\u00e9d\u00e9ric Vauclare remportent la Coupe du monde FIA R-GT","datePublished":"2022-08-29T12:31:11+00:00","dateModified":"2022-08-29T14:01:45+00:00","mainEntityOfPage":{"@id":"https:\/\/dicodusport.fr\/blog\/rallye-raphael-astier-et-frederic-vauclare-remportent-la-coupe-du-monde-fia-r-gt\/"},"wordCount":228,"commentCount":0,"publisher":{"@id":"https:\/\/dicodusport.fr\/blog\/#organization"},"image":{"@id":"https:\/\/dicodusport.fr\/blog\/rallye-raphael-astier-et-frederic-vauclare-remportent-la-coupe-du-monde-fia-r-gt\/#primaryimage"},"thumbnailUrl":"https:\/\/dicodusport.fr\/blog\/wp-content\/uploads\/2022\/08\/Rallye-Raphael-Astier-et-Frederic-Vauclare-remportent-la-Coupe-du-monde-FIA-R-GT.png","keywords":["Rallye"],"articleSection":["Rallye"],"inLanguage":"fr-FR","potentialAction":[{"@type":"CommentAction","name":"Comment","target":["https:\/\/dicodusport.fr\/blog\/rallye-raphael-astier-et-frederic-vauclare-remportent-la-coupe-du-monde-fia-r-gt\/#respond"]}],"copyrightYear":"2022","copyrightHolder":{"@id":"https:\/\/dicodusport.fr\/blog\/#organization"}},{"@type":"WebPage","@id":"https:\/\/dicodusport.fr\/blog\/rallye-raphael-astier-et-frederic-vauclare-remportent-la-coupe-du-monde-fia-r-gt\/","url":"https:\/\/dicodusport.fr\/blog\/rallye-raphael-astier-et-frederic-vauclare-remportent-la-coupe-du-monde-fia-r-gt\/","name":"Rallye : Rapha\u00ebl Astier et Fr\u00e9d\u00e9ric Vauclare remportent la Coupe du monde FIA R-GT","isPartOf":{"@id":"https:\/\/dicodusport.fr\/blog\/#website"},"primaryImageOfPage":{"@id":"https:\/\/dicodusport.fr\/blog\/rallye-raphael-astier-et-frederic-vauclare-remportent-la-coupe-du-monde-fia-r-gt\/#primaryimage"},"image":{"@id":"https:\/\/dicodusport.fr\/blog\/rallye-raphael-astier-et-frederic-vauclare-remportent-la-coupe-du-monde-fia-r-gt\/#primaryimage"},"thumbnailUrl":"https:\/\/dicodusport.fr\/blog\/wp-content\/uploads\/2022\/08\/Rallye-Raphael-Astier-et-Frederic-Vauclare-remportent-la-Coupe-du-monde-FIA-R-GT.png","datePublished":"2022-08-29T12:31:11+00:00","dateModified":"2022-08-29T14:01:45+00:00","description":"COUPE DU MONDE DE RALLYE - victoire de Rapha\u00ebl Astier et Fr\u00e9d\u00e9ric Vauclare lors de la Coupe du monde FIA R-GT.","breadcrumb":{"@id":"https:\/\/dicodusport.fr\/blog\/rallye-raphael-astier-et-frederic-vauclare-remportent-la-coupe-du-monde-fia-r-gt\/#breadcrumb"},"inLanguage":"fr-FR","potentialAction":[{"@type":"ReadAction","target":["https:\/\/dicodusport.fr\/blog\/rallye-raphael-astier-et-frederic-vauclare-remportent-la-coupe-du-monde-fia-r-gt\/"]}]},{"@type":"ImageObject","inLanguage":"fr-FR","@id":"https:\/\/dicodusport.fr\/blog\/rallye-raphael-astier-et-frederic-vauclare-remportent-la-coupe-du-monde-fia-r-gt\/#primaryimage","url":"https:\/\/dicodusport.fr\/blog\/wp-content\/uploads\/2022\/08\/Rallye-Raphael-Astier-et-Frederic-Vauclare-remportent-la-Coupe-du-monde-FIA-R-GT.png","contentUrl":"https:\/\/dicodusport.fr\/blog\/wp-content\/uploads\/2022\/08\/Rallye-Raphael-Astier-et-Frederic-Vauclare-remportent-la-Coupe-du-monde-FIA-R-GT.png","width":800,"height":445,"caption":"Rallye Rapha\u00ebl Astier et Fr\u00e9d\u00e9ric Vauclare remportent la Coupe du monde FIA R-GT"},{"@type":"BreadcrumbList","@id":"https:\/\/dicodusport.fr\/blog\/rallye-raphael-astier-et-frederic-vauclare-remportent-la-coupe-du-monde-fia-r-gt\/#breadcrumb","itemListElement":[{"@type":"ListItem","position":1,"name":"Accueil","item":"https:\/\/dicodusport.fr\/blog\/"},{"@type":"ListItem","position":2,"name":"Rallye : Rapha\u00ebl Astier et Fr\u00e9d\u00e9ric Vauclare remportent la Coupe du monde FIA R-GT"}]},{"@type":"WebSite","@id":"https:\/\/dicodusport.fr\/blog\/#website","url":"https:\/\/dicodusport.fr\/blog\/","name":"Dicodusport","description":"L&#039;encyclop\u00e9die de l&#039;actualit\u00e9 sportive","publisher":{"@id":"https:\/\/dicodusport.fr\/blog\/#organization"},"potentialAction":[{"@type":"SearchAction","target":{"@type":"EntryPoint","urlTemplate":"https:\/\/dicodusport.fr\/blog\/?s={search_term_string}"},"query-input":{"@type":"PropertyValueSpecification","valueRequired":true,"valueName":"search_term_string"}}],"inLanguage":"fr-FR"},{"@type":"NewsMediaOrganization","@id":"https:\/\/dicodusport.fr\/blog\/#organization","name":"Dicodusport","url":"https:\/\/dicodusport.fr\/blog\/","logo":{"@type":"ImageObject","inLanguage":"fr-FR","@id":"https:\/\/dicodusport.fr\/blog\/#\/schema\/logo\/image\/","url":"https:\/\/dicodusport.fr\/blog\/wp-content\/uploads\/2020\/06\/cropped-LOGO-DICODUSPORT-2020-SANS-FOND-SANS-TEXTE.png","contentUrl":"https:\/\/dicodusport.fr\/blog\/wp-content\/uploads\/2020\/06\/cropped-LOGO-DICODUSPORT-2020-SANS-FOND-SANS-TEXTE.png","width":512,"height":512,"caption":"Dicodusport"},"image":{"@id":"https:\/\/dicodusport.fr\/blog\/#\/schema\/logo\/image\/"},"sameAs":["https:\/\/www.facebook.com\/dicodusport","https:\/\/x.com\/dicodusport","https:\/\/www.instagram.com\/dicodusport\/","https:\/\/www.youtube.com\/channel\/UC7V2KZ5sd3htJivAbA4ZG3w"],"description":"Dicodusport est l'encyclop\u00e9die de l'actualit\u00e9 sportive.","email":"bonjour@dicodusport.fr","legalName":"DICODUSPORT","foundingDate":"2018-01-14","vatID":"FR71834470973","taxID":"83447097300043","numberOfEmployees":{"@type":"QuantitativeValue","minValue":"1","maxValue":"10"}},{"@type":"Person","@id":"https:\/\/dicodusport.fr\/blog\/#\/schema\/person\/627966a6cde45dbd8c5e36ac85d783da","name":"S\u00e9bastien Gente","image":{"@type":"ImageObject","inLanguage":"fr-FR","@id":"https:\/\/dicodusport.fr\/blog\/#\/schema\/person\/image\/","url":"https:\/\/dicodusport.fr\/blog\/wp-content\/uploads\/2021\/09\/1510990_10205810251400683_4124423575079401707_n-150x150.jpg","contentUrl":"https:\/\/dicodusport.fr\/blog\/wp-content\/uploads\/2021\/09\/1510990_10205810251400683_4124423575079401707_n-150x150.jpg","caption":"S\u00e9bastien Gente"},"description":"John Stockton, Gianni Bugno, Zinedine Zidane, Steffi Graf, Frode Andresen, St\u00e9phane Stoecklin, Davis Kamoga, Primoz Peterka, Werner Schlager et Aur\u00e9lien Rougerie. Point commun entre ces sportifs? Ils m'ont fait r\u00eaver et ont berc\u00e9 mon adolescence. Je suis un fondu de sports et j'essaie de retranscrire ma passion \u00e0 travers mes articles. Originaire du P\u00e9rigord, ma passion pour les Girondins, les Jaunards et les Jazzmen transpire dans mes \u00e9crits. \u00c0 Dicodusport depuis 2021, je d\u00e9niche les sports m\u00e9connus dans lesquels la France brille, et il y en a !","sameAs":["https:\/\/www.facebook.com\/sebastien.gente\/","https:\/\/www.instagram.com\/sebgente\/","https:\/\/www.linkedin.com\/in\/sbastien-gente-a29583169\/","https:\/\/x.com\/https:\/\/twitter.com\/globulo24","SebastienGente"],"worksFor":"S\u00e9bastien GENTE","url":"https:\/\/dicodusport.fr\/blog\/author\/sebastiengente\/"}]}},"_links":{"self":[{"href":"https:\/\/dicodusport.fr\/blog\/wp-json\/wp\/v2\/posts\/257417","targetHints":{"allow":["GET"]}}],"collection":[{"href":"https:\/\/dicodusport.fr\/blog\/wp-json\/wp\/v2\/posts"}],"about":[{"href":"https:\/\/dicodusport.fr\/blog\/wp-json\/wp\/v2\/types\/post"}],"author":[{"embeddable":true,"href":"https:\/\/dicodusport.fr\/blog\/wp-json\/wp\/v2\/users\/59"}],"replies":[{"embeddable":true,"href":"https:\/\/dicodusport.fr\/blog\/wp-json\/wp\/v2\/comments?post=257417"}],"version-history":[{"count":0,"href":"https:\/\/dicodusport.fr\/blog\/wp-json\/wp\/v2\/posts\/257417\/revisions"}],"wp:featuredmedia":[{"embeddable":true,"href":"https:\/\/dicodusport.fr\/blog\/wp-json\/wp\/v2\/media\/257423"}],"wp:attachment":[{"href":"https:\/\/dicodusport.fr\/blog\/wp-json\/wp\/v2\/media?parent=257417"}],"wp:term":[{"taxonomy":"category","embeddable":true,"href":"https:\/\/dicodusport.fr\/blog\/wp-json\/wp\/v2\/categories?post=257417"},{"taxonomy":"post_tag","embeddable":true,"href":"https:\/\/dicodusport.fr\/blog\/wp-json\/wp\/v2\/tags?post=257417"}],"curies":[{"name":"wp","href":"https:\/\/api.w.org\/{rel}","templated":true}]}}