{"id":257625,"date":"2022-08-30T15:03:30","date_gmt":"2022-08-30T13:03:30","guid":{"rendered":"https:\/\/dicodusport.fr\/blog\/?p=257625&#038;preview=true&#038;preview_id=257625"},"modified":"2022-08-30T15:12:41","modified_gmt":"2022-08-30T13:12:41","slug":"racing-92-gael-fickou-absent-plusieurs-semaines","status":"publish","type":"post","link":"https:\/\/dicodusport.fr\/blog\/racing-92-gael-fickou-absent-plusieurs-semaines\/","title":{"rendered":"Racing 92 : Ga\u00ebl Fickou absent plusieurs semaines"},"content":{"rendered":"<p style=\"text-align: justify;\"><b><i><a href=\"https:\/\/dicodusport.fr\/blog\/actualites\/rugby\/rugby-a-xv\/top-14-2022-2023\/\">TOP 14 2022-2023<\/a> &#8211; Ga\u00ebl Fickou (Racing 92) devrait manquer un mois de comp\u00e9tition suite \u00e0 sa blessure en match amical la semaine pass\u00e9e.\u00a0<\/i><\/b><\/p>\n<p style=\"text-align: justify;\">Le centre international <strong>Ga\u00ebl Fickou<\/strong> est sorti bless\u00e9 au genou lors du match amical de son \u00e9quipe face \u00e0 <strong>Brive<\/strong> il y a quelques jours. S&rsquo;il semblait touch\u00e9 au genou, la nature exacte de la blessure n&rsquo;a pas \u00e9t\u00e9 communiqu\u00e9e apr\u00e8s les examens compl\u00e9mentaires qu&rsquo;il a pass\u00e9s lundi. Cependant, le staff m\u00e9dical du Racing 92 a expliqu\u00e9 que <strong>Ga\u00ebl Fickou<\/strong> serait absent quatre \u00e0 cinq semaines. M\u00eame si le club francilien ne manque pas de solutions de rechange, c&rsquo;est un coup dur, puisque le centre du XV de France est un pilier de <strong>Laurent Travers<\/strong> en d\u00e9fense.<\/p>\n<blockquote class=\"twitter-tweet\">\n<p dir=\"ltr\" lang=\"fr\">Ga\u00ebl Fickou, sorti bless\u00e9 en fin de premi\u00e8re mi-temps du match amical face \u00e0 Brive vendredi dernier, devrait \u00eatre absent entre quatre et cinq semaines selon le staff technique du Racing 92. <a href=\"https:\/\/t.co\/EPxkEdvxqe\">pic.twitter.com\/EPxkEdvxqe<\/a><\/p>\n<p>\u2014 RUGBYRAMA (@RugbyramaFR) <a href=\"https:\/\/twitter.com\/RugbyramaFR\/status\/1564595846338969607?ref_src=twsrc%5Etfw\">August 30, 2022<\/a><\/p><\/blockquote>\n<p style=\"text-align: justify;\"><script async src=\"https:\/\/platform.twitter.com\/widgets.js\" charset=\"utf-8\"><\/script><\/p>\n","protected":false},"excerpt":{"rendered":"<p>TOP 14 2022-2023 &#8211; Ga\u00ebl Fickou (Racing 92) devrait manquer un mois de comp\u00e9tition suite \u00e0 sa blessure en match amical la semaine pass\u00e9e.\u00a0<\/p>\n","protected":false},"author":1,"featured_media":257626,"comment_status":"open","ping_status":"closed","sticky":false,"template":"","format":"standard","meta":{"_acf_changed":false,"_daextam_enable_autolinks":"","footnotes":""},"categories":[9129,47050],"tags":[6704,3131],"class_list":["post-257625","post","type-post","status-publish","format-standard","has-post-thumbnail","hentry","category-rugby-a-xv","category-top-14","tag-gael-fickou","tag-racing-92"],"acf":[],"yoast_head":"<!-- This site is optimized with the Yoast SEO Premium plugin v26.7 (Yoast SEO v26.7) - https:\/\/yoast.com\/wordpress\/plugins\/seo\/ -->\n<title>Racing 92 : Ga\u00ebl Fickou absent plusieurs semaines<\/title>\n<meta name=\"description\" content=\"TOP 14 2022-2023 - Ga\u00ebl Fickou devrait manquer un mois de comp\u00e9tition suite \u00e0 sa blessure en amical la semaine pass\u00e9e.\u00a0\" \/>\n<meta name=\"robots\" content=\"index, follow, max-snippet:-1, max-image-preview:large, max-video-preview:-1\" \/>\n<link rel=\"canonical\" href=\"https:\/\/dicodusport.fr\/blog\/racing-92-gael-fickou-absent-plusieurs-semaines\/\" \/>\n<meta property=\"og:locale\" content=\"fr_FR\" \/>\n<meta property=\"og:type\" content=\"article\" \/>\n<meta property=\"og:title\" content=\"Racing 92 : Ga\u00ebl Fickou absent plusieurs semaines\" \/>\n<meta property=\"og:description\" content=\"TOP 14 2022-2023 - Ga\u00ebl Fickou devrait manquer un mois de comp\u00e9tition suite \u00e0 sa blessure en amical la semaine pass\u00e9e.\u00a0\" \/>\n<meta property=\"og:url\" content=\"https:\/\/dicodusport.fr\/blog\/racing-92-gael-fickou-absent-plusieurs-semaines\/\" \/>\n<meta property=\"og:site_name\" content=\"Dicodusport\" \/>\n<meta property=\"article:publisher\" content=\"https:\/\/www.facebook.com\/dicodusport\" \/>\n<meta property=\"article:author\" content=\"https:\/\/www.facebook.com\/dicodusport\" \/>\n<meta property=\"article:published_time\" content=\"2022-08-30T13:03:30+00:00\" \/>\n<meta property=\"article:modified_time\" content=\"2022-08-30T13:12:41+00:00\" \/>\n<meta property=\"og:image\" content=\"https:\/\/dicodusport.fr\/blog\/wp-content\/uploads\/2022\/08\/Racing-92-Gae\u0308l-Fickou-absent-plusieurs-semaines.png\" \/>\n\t<meta property=\"og:image:width\" content=\"800\" \/>\n\t<meta property=\"og:image:height\" content=\"445\" \/>\n\t<meta property=\"og:image:type\" content=\"image\/png\" \/>\n<meta name=\"author\" content=\"Nicolas Jacquemard\" \/>\n<meta name=\"twitter:card\" content=\"summary_large_image\" \/>\n<meta name=\"twitter:title\" content=\"Racing 92 : Ga\u00ebl Fickou absent plusieurs semaines\" \/>\n<meta name=\"twitter:creator\" content=\"@https:\/\/twitter.com\/Nico_Jacquemard\" \/>\n<meta name=\"twitter:site\" content=\"@dicodusport\" \/>\n<script type=\"application\/ld+json\" class=\"yoast-schema-graph\">{\"@context\":\"https:\/\/schema.org\",\"@graph\":[{\"@type\":\"NewsArticle\",\"@id\":\"https:\/\/dicodusport.fr\/blog\/racing-92-gael-fickou-absent-plusieurs-semaines\/#article\",\"isPartOf\":{\"@id\":\"https:\/\/dicodusport.fr\/blog\/racing-92-gael-fickou-absent-plusieurs-semaines\/\"},\"author\":{\"name\":\"Nicolas Jacquemard\",\"@id\":\"https:\/\/dicodusport.fr\/blog\/#\/schema\/person\/55dcb50ad410894e431ed812bbb70191\"},\"headline\":\"Racing 92 : Ga\u00ebl Fickou absent plusieurs semaines\",\"datePublished\":\"2022-08-30T13:03:30+00:00\",\"dateModified\":\"2022-08-30T13:12:41+00:00\",\"mainEntityOfPage\":{\"@id\":\"https:\/\/dicodusport.fr\/blog\/racing-92-gael-fickou-absent-plusieurs-semaines\/\"},\"wordCount\":177,\"commentCount\":0,\"publisher\":{\"@id\":\"https:\/\/dicodusport.fr\/blog\/#organization\"},\"image\":{\"@id\":\"https:\/\/dicodusport.fr\/blog\/racing-92-gael-fickou-absent-plusieurs-semaines\/#primaryimage\"},\"thumbnailUrl\":\"https:\/\/dicodusport.fr\/blog\/wp-content\/uploads\/2022\/08\/Racing-92-Gae\u0308l-Fickou-absent-plusieurs-semaines.png\",\"keywords\":[\"Ga\u00ebl Fickou\",\"Racing 92\"],\"articleSection\":[\"Rugby \u00e0 XV\",\"Top 14\"],\"inLanguage\":\"fr-FR\",\"potentialAction\":[{\"@type\":\"CommentAction\",\"name\":\"Comment\",\"target\":[\"https:\/\/dicodusport.fr\/blog\/racing-92-gael-fickou-absent-plusieurs-semaines\/#respond\"]}],\"copyrightYear\":\"2022\",\"copyrightHolder\":{\"@id\":\"https:\/\/dicodusport.fr\/blog\/#organization\"}},{\"@type\":\"WebPage\",\"@id\":\"https:\/\/dicodusport.fr\/blog\/racing-92-gael-fickou-absent-plusieurs-semaines\/\",\"url\":\"https:\/\/dicodusport.fr\/blog\/racing-92-gael-fickou-absent-plusieurs-semaines\/\",\"name\":\"Racing 92 : Ga\u00ebl Fickou absent plusieurs semaines\",\"isPartOf\":{\"@id\":\"https:\/\/dicodusport.fr\/blog\/#website\"},\"primaryImageOfPage\":{\"@id\":\"https:\/\/dicodusport.fr\/blog\/racing-92-gael-fickou-absent-plusieurs-semaines\/#primaryimage\"},\"image\":{\"@id\":\"https:\/\/dicodusport.fr\/blog\/racing-92-gael-fickou-absent-plusieurs-semaines\/#primaryimage\"},\"thumbnailUrl\":\"https:\/\/dicodusport.fr\/blog\/wp-content\/uploads\/2022\/08\/Racing-92-Gae\u0308l-Fickou-absent-plusieurs-semaines.png\",\"datePublished\":\"2022-08-30T13:03:30+00:00\",\"dateModified\":\"2022-08-30T13:12:41+00:00\",\"description\":\"TOP 14 2022-2023 - Ga\u00ebl Fickou devrait manquer un mois de comp\u00e9tition suite \u00e0 sa blessure en amical la semaine pass\u00e9e.\u00a0\",\"breadcrumb\":{\"@id\":\"https:\/\/dicodusport.fr\/blog\/racing-92-gael-fickou-absent-plusieurs-semaines\/#breadcrumb\"},\"inLanguage\":\"fr-FR\",\"potentialAction\":[{\"@type\":\"ReadAction\",\"target\":[\"https:\/\/dicodusport.fr\/blog\/racing-92-gael-fickou-absent-plusieurs-semaines\/\"]}]},{\"@type\":\"ImageObject\",\"inLanguage\":\"fr-FR\",\"@id\":\"https:\/\/dicodusport.fr\/blog\/racing-92-gael-fickou-absent-plusieurs-semaines\/#primaryimage\",\"url\":\"https:\/\/dicodusport.fr\/blog\/wp-content\/uploads\/2022\/08\/Racing-92-Gae\u0308l-Fickou-absent-plusieurs-semaines.png\",\"contentUrl\":\"https:\/\/dicodusport.fr\/blog\/wp-content\/uploads\/2022\/08\/Racing-92-Gae\u0308l-Fickou-absent-plusieurs-semaines.png\",\"width\":800,\"height\":445},{\"@type\":\"BreadcrumbList\",\"@id\":\"https:\/\/dicodusport.fr\/blog\/racing-92-gael-fickou-absent-plusieurs-semaines\/#breadcrumb\",\"itemListElement\":[{\"@type\":\"ListItem\",\"position\":1,\"name\":\"Accueil\",\"item\":\"https:\/\/dicodusport.fr\/blog\/\"},{\"@type\":\"ListItem\",\"position\":2,\"name\":\"Racing 92 : Ga\u00ebl Fickou absent plusieurs semaines\"}]},{\"@type\":\"WebSite\",\"@id\":\"https:\/\/dicodusport.fr\/blog\/#website\",\"url\":\"https:\/\/dicodusport.fr\/blog\/\",\"name\":\"Dicodusport\",\"description\":\"L&#039;encyclop\u00e9die de l&#039;actualit\u00e9 sportive\",\"publisher\":{\"@id\":\"https:\/\/dicodusport.fr\/blog\/#organization\"},\"potentialAction\":[{\"@type\":\"SearchAction\",\"target\":{\"@type\":\"EntryPoint\",\"urlTemplate\":\"https:\/\/dicodusport.fr\/blog\/?s={search_term_string}\"},\"query-input\":{\"@type\":\"PropertyValueSpecification\",\"valueRequired\":true,\"valueName\":\"search_term_string\"}}],\"inLanguage\":\"fr-FR\"},{\"@type\":\"NewsMediaOrganization\",\"@id\":\"https:\/\/dicodusport.fr\/blog\/#organization\",\"name\":\"Dicodusport\",\"url\":\"https:\/\/dicodusport.fr\/blog\/\",\"logo\":{\"@type\":\"ImageObject\",\"inLanguage\":\"fr-FR\",\"@id\":\"https:\/\/dicodusport.fr\/blog\/#\/schema\/logo\/image\/\",\"url\":\"https:\/\/dicodusport.fr\/blog\/wp-content\/uploads\/2020\/06\/cropped-LOGO-DICODUSPORT-2020-SANS-FOND-SANS-TEXTE.png\",\"contentUrl\":\"https:\/\/dicodusport.fr\/blog\/wp-content\/uploads\/2020\/06\/cropped-LOGO-DICODUSPORT-2020-SANS-FOND-SANS-TEXTE.png\",\"width\":512,\"height\":512,\"caption\":\"Dicodusport\"},\"image\":{\"@id\":\"https:\/\/dicodusport.fr\/blog\/#\/schema\/logo\/image\/\"},\"sameAs\":[\"https:\/\/www.facebook.com\/dicodusport\",\"https:\/\/x.com\/dicodusport\",\"https:\/\/www.instagram.com\/dicodusport\/\",\"https:\/\/www.youtube.com\/channel\/UC7V2KZ5sd3htJivAbA4ZG3w\"],\"description\":\"Dicodusport est l'encyclop\u00e9die de l'actualit\u00e9 sportive.\",\"email\":\"bonjour@dicodusport.fr\",\"legalName\":\"DICODUSPORT\",\"foundingDate\":\"2018-01-14\",\"vatID\":\"FR71834470973\",\"taxID\":\"83447097300043\",\"numberOfEmployees\":{\"@type\":\"QuantitativeValue\",\"minValue\":\"1\",\"maxValue\":\"10\"}},{\"@type\":\"Person\",\"@id\":\"https:\/\/dicodusport.fr\/blog\/#\/schema\/person\/55dcb50ad410894e431ed812bbb70191\",\"name\":\"Nicolas Jacquemard\",\"image\":{\"@type\":\"ImageObject\",\"inLanguage\":\"fr-FR\",\"@id\":\"https:\/\/dicodusport.fr\/blog\/#\/schema\/person\/image\/\",\"url\":\"https:\/\/dicodusport.fr\/blog\/wp-content\/uploads\/2021\/05\/Nicolas-Jacquemard-150x150.jpeg\",\"contentUrl\":\"https:\/\/dicodusport.fr\/blog\/wp-content\/uploads\/2021\/05\/Nicolas-Jacquemard-150x150.jpeg\",\"caption\":\"Nicolas Jacquemard\"},\"description\":\"Passionn\u00e9 de sport et entrepreneur depuis mes 18 ans, la cr\u00e9ation de Dicodusport m'a sembl\u00e9 \u00e9vidente pour participer \u00e0 la m\u00e9diatisation d'un plus grand nombre de sports. Le chemin est long mais avec une \u00e9quipe des plus motiv\u00e9es et les Jeux Olympiques de Paris 2024 en point de mire, nous y arriverons ! Journaliste dans le monde du sport depuis plus de 5 ans, je traite aussi bien de football, de rugby, de biathlon que de cyclisme.\",\"sameAs\":[\"https:\/\/www.facebook.com\/dicodusport\",\"https:\/\/x.com\/https:\/\/twitter.com\/Nico_Jacquemard\"],\"url\":\"https:\/\/dicodusport.fr\/blog\/author\/dicodusport\/\"}]}<\/script>\n<!-- \/ Yoast SEO Premium plugin. -->","yoast_head_json":{"title":"Racing 92 : Ga\u00ebl Fickou absent plusieurs semaines","description":"TOP 14 2022-2023 - Ga\u00ebl Fickou devrait manquer un mois de comp\u00e9tition suite \u00e0 sa blessure en amical la semaine pass\u00e9e.\u00a0","robots":{"index":"index","follow":"follow","max-snippet":"max-snippet:-1","max-image-preview":"max-image-preview:large","max-video-preview":"max-video-preview:-1"},"canonical":"https:\/\/dicodusport.fr\/blog\/racing-92-gael-fickou-absent-plusieurs-semaines\/","og_locale":"fr_FR","og_type":"article","og_title":"Racing 92 : Ga\u00ebl Fickou absent plusieurs semaines","og_description":"TOP 14 2022-2023 - Ga\u00ebl Fickou devrait manquer un mois de comp\u00e9tition suite \u00e0 sa blessure en amical la semaine pass\u00e9e.\u00a0","og_url":"https:\/\/dicodusport.fr\/blog\/racing-92-gael-fickou-absent-plusieurs-semaines\/","og_site_name":"Dicodusport","article_publisher":"https:\/\/www.facebook.com\/dicodusport","article_author":"https:\/\/www.facebook.com\/dicodusport","article_published_time":"2022-08-30T13:03:30+00:00","article_modified_time":"2022-08-30T13:12:41+00:00","og_image":[{"width":800,"height":445,"url":"https:\/\/dicodusport.fr\/blog\/wp-content\/uploads\/2022\/08\/Racing-92-Gae\u0308l-Fickou-absent-plusieurs-semaines.png","type":"image\/png"}],"author":"Nicolas Jacquemard","twitter_card":"summary_large_image","twitter_title":"Racing 92 : Ga\u00ebl Fickou absent plusieurs semaines","twitter_creator":"@https:\/\/twitter.com\/Nico_Jacquemard","twitter_site":"@dicodusport","schema":{"@context":"https:\/\/schema.org","@graph":[{"@type":"NewsArticle","@id":"https:\/\/dicodusport.fr\/blog\/racing-92-gael-fickou-absent-plusieurs-semaines\/#article","isPartOf":{"@id":"https:\/\/dicodusport.fr\/blog\/racing-92-gael-fickou-absent-plusieurs-semaines\/"},"author":{"name":"Nicolas Jacquemard","@id":"https:\/\/dicodusport.fr\/blog\/#\/schema\/person\/55dcb50ad410894e431ed812bbb70191"},"headline":"Racing 92 : Ga\u00ebl Fickou absent plusieurs semaines","datePublished":"2022-08-30T13:03:30+00:00","dateModified":"2022-08-30T13:12:41+00:00","mainEntityOfPage":{"@id":"https:\/\/dicodusport.fr\/blog\/racing-92-gael-fickou-absent-plusieurs-semaines\/"},"wordCount":177,"commentCount":0,"publisher":{"@id":"https:\/\/dicodusport.fr\/blog\/#organization"},"image":{"@id":"https:\/\/dicodusport.fr\/blog\/racing-92-gael-fickou-absent-plusieurs-semaines\/#primaryimage"},"thumbnailUrl":"https:\/\/dicodusport.fr\/blog\/wp-content\/uploads\/2022\/08\/Racing-92-Gae\u0308l-Fickou-absent-plusieurs-semaines.png","keywords":["Ga\u00ebl Fickou","Racing 92"],"articleSection":["Rugby \u00e0 XV","Top 14"],"inLanguage":"fr-FR","potentialAction":[{"@type":"CommentAction","name":"Comment","target":["https:\/\/dicodusport.fr\/blog\/racing-92-gael-fickou-absent-plusieurs-semaines\/#respond"]}],"copyrightYear":"2022","copyrightHolder":{"@id":"https:\/\/dicodusport.fr\/blog\/#organization"}},{"@type":"WebPage","@id":"https:\/\/dicodusport.fr\/blog\/racing-92-gael-fickou-absent-plusieurs-semaines\/","url":"https:\/\/dicodusport.fr\/blog\/racing-92-gael-fickou-absent-plusieurs-semaines\/","name":"Racing 92 : Ga\u00ebl Fickou absent plusieurs semaines","isPartOf":{"@id":"https:\/\/dicodusport.fr\/blog\/#website"},"primaryImageOfPage":{"@id":"https:\/\/dicodusport.fr\/blog\/racing-92-gael-fickou-absent-plusieurs-semaines\/#primaryimage"},"image":{"@id":"https:\/\/dicodusport.fr\/blog\/racing-92-gael-fickou-absent-plusieurs-semaines\/#primaryimage"},"thumbnailUrl":"https:\/\/dicodusport.fr\/blog\/wp-content\/uploads\/2022\/08\/Racing-92-Gae\u0308l-Fickou-absent-plusieurs-semaines.png","datePublished":"2022-08-30T13:03:30+00:00","dateModified":"2022-08-30T13:12:41+00:00","description":"TOP 14 2022-2023 - Ga\u00ebl Fickou devrait manquer un mois de comp\u00e9tition suite \u00e0 sa blessure en amical la semaine pass\u00e9e.\u00a0","breadcrumb":{"@id":"https:\/\/dicodusport.fr\/blog\/racing-92-gael-fickou-absent-plusieurs-semaines\/#breadcrumb"},"inLanguage":"fr-FR","potentialAction":[{"@type":"ReadAction","target":["https:\/\/dicodusport.fr\/blog\/racing-92-gael-fickou-absent-plusieurs-semaines\/"]}]},{"@type":"ImageObject","inLanguage":"fr-FR","@id":"https:\/\/dicodusport.fr\/blog\/racing-92-gael-fickou-absent-plusieurs-semaines\/#primaryimage","url":"https:\/\/dicodusport.fr\/blog\/wp-content\/uploads\/2022\/08\/Racing-92-Gae\u0308l-Fickou-absent-plusieurs-semaines.png","contentUrl":"https:\/\/dicodusport.fr\/blog\/wp-content\/uploads\/2022\/08\/Racing-92-Gae\u0308l-Fickou-absent-plusieurs-semaines.png","width":800,"height":445},{"@type":"BreadcrumbList","@id":"https:\/\/dicodusport.fr\/blog\/racing-92-gael-fickou-absent-plusieurs-semaines\/#breadcrumb","itemListElement":[{"@type":"ListItem","position":1,"name":"Accueil","item":"https:\/\/dicodusport.fr\/blog\/"},{"@type":"ListItem","position":2,"name":"Racing 92 : Ga\u00ebl Fickou absent plusieurs semaines"}]},{"@type":"WebSite","@id":"https:\/\/dicodusport.fr\/blog\/#website","url":"https:\/\/dicodusport.fr\/blog\/","name":"Dicodusport","description":"L&#039;encyclop\u00e9die de l&#039;actualit\u00e9 sportive","publisher":{"@id":"https:\/\/dicodusport.fr\/blog\/#organization"},"potentialAction":[{"@type":"SearchAction","target":{"@type":"EntryPoint","urlTemplate":"https:\/\/dicodusport.fr\/blog\/?s={search_term_string}"},"query-input":{"@type":"PropertyValueSpecification","valueRequired":true,"valueName":"search_term_string"}}],"inLanguage":"fr-FR"},{"@type":"NewsMediaOrganization","@id":"https:\/\/dicodusport.fr\/blog\/#organization","name":"Dicodusport","url":"https:\/\/dicodusport.fr\/blog\/","logo":{"@type":"ImageObject","inLanguage":"fr-FR","@id":"https:\/\/dicodusport.fr\/blog\/#\/schema\/logo\/image\/","url":"https:\/\/dicodusport.fr\/blog\/wp-content\/uploads\/2020\/06\/cropped-LOGO-DICODUSPORT-2020-SANS-FOND-SANS-TEXTE.png","contentUrl":"https:\/\/dicodusport.fr\/blog\/wp-content\/uploads\/2020\/06\/cropped-LOGO-DICODUSPORT-2020-SANS-FOND-SANS-TEXTE.png","width":512,"height":512,"caption":"Dicodusport"},"image":{"@id":"https:\/\/dicodusport.fr\/blog\/#\/schema\/logo\/image\/"},"sameAs":["https:\/\/www.facebook.com\/dicodusport","https:\/\/x.com\/dicodusport","https:\/\/www.instagram.com\/dicodusport\/","https:\/\/www.youtube.com\/channel\/UC7V2KZ5sd3htJivAbA4ZG3w"],"description":"Dicodusport est l'encyclop\u00e9die de l'actualit\u00e9 sportive.","email":"bonjour@dicodusport.fr","legalName":"DICODUSPORT","foundingDate":"2018-01-14","vatID":"FR71834470973","taxID":"83447097300043","numberOfEmployees":{"@type":"QuantitativeValue","minValue":"1","maxValue":"10"}},{"@type":"Person","@id":"https:\/\/dicodusport.fr\/blog\/#\/schema\/person\/55dcb50ad410894e431ed812bbb70191","name":"Nicolas Jacquemard","image":{"@type":"ImageObject","inLanguage":"fr-FR","@id":"https:\/\/dicodusport.fr\/blog\/#\/schema\/person\/image\/","url":"https:\/\/dicodusport.fr\/blog\/wp-content\/uploads\/2021\/05\/Nicolas-Jacquemard-150x150.jpeg","contentUrl":"https:\/\/dicodusport.fr\/blog\/wp-content\/uploads\/2021\/05\/Nicolas-Jacquemard-150x150.jpeg","caption":"Nicolas Jacquemard"},"description":"Passionn\u00e9 de sport et entrepreneur depuis mes 18 ans, la cr\u00e9ation de Dicodusport m'a sembl\u00e9 \u00e9vidente pour participer \u00e0 la m\u00e9diatisation d'un plus grand nombre de sports. Le chemin est long mais avec une \u00e9quipe des plus motiv\u00e9es et les Jeux Olympiques de Paris 2024 en point de mire, nous y arriverons ! Journaliste dans le monde du sport depuis plus de 5 ans, je traite aussi bien de football, de rugby, de biathlon que de cyclisme.","sameAs":["https:\/\/www.facebook.com\/dicodusport","https:\/\/x.com\/https:\/\/twitter.com\/Nico_Jacquemard"],"url":"https:\/\/dicodusport.fr\/blog\/author\/dicodusport\/"}]}},"_links":{"self":[{"href":"https:\/\/dicodusport.fr\/blog\/wp-json\/wp\/v2\/posts\/257625","targetHints":{"allow":["GET"]}}],"collection":[{"href":"https:\/\/dicodusport.fr\/blog\/wp-json\/wp\/v2\/posts"}],"about":[{"href":"https:\/\/dicodusport.fr\/blog\/wp-json\/wp\/v2\/types\/post"}],"author":[{"embeddable":true,"href":"https:\/\/dicodusport.fr\/blog\/wp-json\/wp\/v2\/users\/1"}],"replies":[{"embeddable":true,"href":"https:\/\/dicodusport.fr\/blog\/wp-json\/wp\/v2\/comments?post=257625"}],"version-history":[{"count":0,"href":"https:\/\/dicodusport.fr\/blog\/wp-json\/wp\/v2\/posts\/257625\/revisions"}],"wp:featuredmedia":[{"embeddable":true,"href":"https:\/\/dicodusport.fr\/blog\/wp-json\/wp\/v2\/media\/257626"}],"wp:attachment":[{"href":"https:\/\/dicodusport.fr\/blog\/wp-json\/wp\/v2\/media?parent=257625"}],"wp:term":[{"taxonomy":"category","embeddable":true,"href":"https:\/\/dicodusport.fr\/blog\/wp-json\/wp\/v2\/categories?post=257625"},{"taxonomy":"post_tag","embeddable":true,"href":"https:\/\/dicodusport.fr\/blog\/wp-json\/wp\/v2\/tags?post=257625"}],"curies":[{"name":"wp","href":"https:\/\/api.w.org\/{rel}","templated":true}]}}