{"id":257727,"date":"2022-09-15T09:01:30","date_gmt":"2022-09-15T07:01:30","guid":{"rendered":"https:\/\/dicodusport.fr\/blog\/?p=257727&#038;preview=true&#038;preview_id=257727"},"modified":"2022-09-15T09:28:26","modified_gmt":"2022-09-15T07:28:26","slug":"mondiaux-cyclisme-2022-parcours-et-profil-contre-la-montre-elites-femmes-et-hommes","status":"publish","type":"post","link":"https:\/\/dicodusport.fr\/blog\/mondiaux-cyclisme-2022-parcours-et-profil-contre-la-montre-elites-femmes-et-hommes\/","title":{"rendered":"Mondiaux Cyclisme 2022 &#8211; Parcours et profil Contre-la-montre \u00e9lites femmes et hommes"},"content":{"rendered":"<p style=\"text-align: justify;\"><em><strong><a href=\"https:\/\/dicodusport.fr\/blog\/mondiaux-cyclisme-2022-programme-complet-et-resultats\/\">MONDIAUX CYCLISME SUR ROUTE 2022<\/a> &#8211; <\/strong><\/em><em><strong><span class=\"tojvnm2t a6sixzi8 abs2jz4q a8s20v7p t1p8iaqh k5wvi7nf q3lfd5jv pk4s997a bipmatt0 cebpdrjk qowsmv63 owwhemhu dp1hu0rb dhp61c6y iyyx5f41\"><span class=\"f7rl1if4 adechonz f6oz4yja dahkl6ri axrg9lpx rufpak1n qtovjlwq qbmienfq rfyhaz4c rdmi1yqr ohrdq8us nswx41af fawcizw8 l1aqi3e3 sdu1flz4\">Le dimanche 18 septembre, pour la toute premi\u00e8re fois, les \u00e9preuves hommes \u00e9lite et femmes du contre-la-montre se disputeront sur le m\u00eame parcours et sur la m\u00eame distance \u00e0 Wollongong. Un contre la montre avec deux tours de circuit pour une distance totale de 37,6 km dans la cit\u00e9 australienne. Le parcours s&rsquo;annoncera technique avec plus de 24 virages.<\/span><\/span><\/strong><\/em><\/p>\n<p style=\"text-align: justify;\"><span class=\"f7rl1if4 adechonz f6oz4yja dahkl6ri axrg9lpx rufpak1n qtovjlwq qbmienfq rfyhaz4c rdmi1yqr ohrdq8us nswx41af fawcizw8 l1aqi3e3 sdu1flz4\">D&rsquo;abord, le d\u00e9part sera donn\u00e9 sur la <strong>Market Street<\/strong> pour 4 premiers kilom\u00e8tres et proposera des petits faux plats montants via <strong>Beaton Park<\/strong> et jusqu&rsquo;\u00e0<strong> Keiraville<\/strong>. <\/span><span class=\"f7rl1if4 adechonz f6oz4yja dahkl6ri axrg9lpx rufpak1n qtovjlwq qbmienfq rfyhaz4c rdmi1yqr ohrdq8us nswx41af fawcizw8 l1aqi3e3 sdu1flz4\">Puis, apr\u00e8s plus de six kilom\u00e8tres, les coureurs feront face \u00e0 la seule vraie mont\u00e9e du circuit, sur le <strong>Mount Ousley<\/strong>. <\/span><\/p>\n<p style=\"text-align: justify;\"><span class=\"f7rl1if4 adechonz f6oz4yja dahkl6ri axrg9lpx rufpak1n qtovjlwq qbmienfq rfyhaz4c rdmi1yqr ohrdq8us nswx41af fawcizw8 l1aqi3e3 sdu1flz4\">Ensuite, ce sera une portion descendante jusqu&rsquo;\u00e0 <strong>Fairy Meadow<\/strong> sur presque 3 kilom\u00e8tres. <\/span><span class=\"f7rl1if4 adechonz f6oz4yja dahkl6ri axrg9lpx rufpak1n qtovjlwq qbmienfq rfyhaz4c rdmi1yqr ohrdq8us nswx41af fawcizw8 l1aqi3e3 sdu1flz4\">Enfin, le reste du circuit sera tout plat, avec juste un petit faux-plat montant en longeant l&rsquo;oc\u00e9an sur la <strong>Squires Way<\/strong>. L&rsquo;arriv\u00e9e se situera sur la Marine Drive pr\u00e8s de la <strong>South Wollongong Beach<\/strong> sur les bords de l&rsquo;Oc\u00e9an Pacifique.<\/span><\/p>\n<h2 style=\"text-align: justify;\">Parcours et profil du contre-la-montre \u00e9lites &#8211; Mondiaux sur route Wollongong 2022<\/h2>\n<div id=\"attachment_262135\" style=\"width: 734px\" class=\"wp-caption aligncenter\"><a href=\"https:\/\/dicodusport.fr\/blog\/wp-content\/uploads\/2022\/08\/Carte-du-parcours-et-profil-du-contre-la-montre-elites-femmes-et-hommes-des-Mondiaux-de-Wollongong-2022.jpg\"><img loading=\"lazy\" decoding=\"async\" aria-describedby=\"caption-attachment-262135\" class=\"wp-image-262135 size-large\" src=\"https:\/\/dicodusport.fr\/blog\/wp-content\/uploads\/2022\/08\/Carte-du-parcours-et-profil-du-contre-la-montre-elites-femmes-et-hommes-des-Mondiaux-de-Wollongong-2022-724x1024.jpg\" alt=\"Carte du parcours et profil du contre-la-montre \u00e9lites femmes et hommes des Mondiaux de Wollongong 2022\" width=\"724\" height=\"1024\" srcset=\"https:\/\/dicodusport.fr\/blog\/wp-content\/uploads\/2022\/08\/Carte-du-parcours-et-profil-du-contre-la-montre-elites-femmes-et-hommes-des-Mondiaux-de-Wollongong-2022-724x1024.jpg 724w, https:\/\/dicodusport.fr\/blog\/wp-content\/uploads\/2022\/08\/Carte-du-parcours-et-profil-du-contre-la-montre-elites-femmes-et-hommes-des-Mondiaux-de-Wollongong-2022-212x300.jpg 212w, https:\/\/dicodusport.fr\/blog\/wp-content\/uploads\/2022\/08\/Carte-du-parcours-et-profil-du-contre-la-montre-elites-femmes-et-hommes-des-Mondiaux-de-Wollongong-2022-768x1086.jpg 768w, https:\/\/dicodusport.fr\/blog\/wp-content\/uploads\/2022\/08\/Carte-du-parcours-et-profil-du-contre-la-montre-elites-femmes-et-hommes-des-Mondiaux-de-Wollongong-2022.jpg 1000w\" sizes=\"auto, (max-width: 724px) 100vw, 724px\" \/><\/a><p id=\"caption-attachment-262135\" class=\"wp-caption-text\">Carte du parcours et profil du contre-la-montre \u00e9lites femmes et hommes des Mondiaux de Wollongong 2022 &#8211; Via wollongong2022.com.au<\/p><\/div>\n<h2 style=\"text-align: justify;\">\u00c0 lire aussi<\/h2>\n<ul>\n<li style=\"text-align: justify;\"><strong>Ordre et horaires de d\u00e9part des contre-la-montre (\u00e0 venir)<\/strong><\/li>\n<\/ul>\n","protected":false},"excerpt":{"rendered":"<p>MONDIAUX CYCLISME SUR ROUTE 2022 &#8211; Le dimanche 18 septembre, pour la toute premi\u00e8re fois, les \u00e9preuves hommes \u00e9lite et femmes du contre-la-montre se disputeront sur le m\u00eame parcours et sur la m\u00eame distance \u00e0 Wollongong. Un contre la montre avec deux tours de circuit pour une distance totale de 37,6 km dans la cit\u00e9 australienne. Le parcours s&rsquo;annoncera technique avec plus de 24 virages.<\/p>\n","protected":false},"author":48,"featured_media":262138,"comment_status":"open","ping_status":"closed","sticky":false,"template":"","format":"standard","meta":{"_acf_changed":false,"_daextam_enable_autolinks":"","footnotes":""},"categories":[46994],"tags":[574],"class_list":["post-257727","post","type-post","status-publish","format-standard","has-post-thumbnail","hentry","category-cyclisme-sur-route","tag-cyclisme"],"acf":[],"yoast_head":"<!-- This site is optimized with the Yoast SEO Premium plugin v26.7 (Yoast SEO v26.7) - https:\/\/yoast.com\/wordpress\/plugins\/seo\/ -->\n<title>Mondiaux Cyclisme 2022 - Parcours et profil Contre-la-montre \u00e9lites femmes et hommes<\/title>\n<meta name=\"description\" content=\"MONDIAUX CYCLISME SUR ROUTE 2022 - D\u00e9couvrez le parcours et le profil du contre-la-montre \u00e9lites femmes et hommes de Wollongong (37,6 km).\" \/>\n<meta name=\"robots\" content=\"index, follow, max-snippet:-1, max-image-preview:large, max-video-preview:-1\" \/>\n<link rel=\"canonical\" href=\"https:\/\/dicodusport.fr\/blog\/mondiaux-cyclisme-2022-parcours-et-profil-contre-la-montre-elites-femmes-et-hommes\/\" \/>\n<meta property=\"og:locale\" content=\"fr_FR\" \/>\n<meta property=\"og:type\" content=\"article\" \/>\n<meta property=\"og:title\" content=\"Mondiaux Cyclisme 2022 - Parcours et profil Contre-la-montre \u00e9lites femmes et hommes\" \/>\n<meta property=\"og:description\" content=\"MONDIAUX CYCLISME SUR ROUTE 2022 - D\u00e9couvrez le parcours et le profil du contre-la-montre \u00e9lites femmes et hommes de Wollongong (37,6 km).\" \/>\n<meta property=\"og:url\" content=\"https:\/\/dicodusport.fr\/blog\/mondiaux-cyclisme-2022-parcours-et-profil-contre-la-montre-elites-femmes-et-hommes\/\" \/>\n<meta property=\"og:site_name\" content=\"Dicodusport\" \/>\n<meta property=\"article:publisher\" content=\"https:\/\/www.facebook.com\/dicodusport\" \/>\n<meta property=\"article:author\" content=\"https:\/\/www.facebook.com\/groups\/LesRoisDuPeloton\" \/>\n<meta property=\"article:published_time\" content=\"2022-09-15T07:01:30+00:00\" \/>\n<meta property=\"article:modified_time\" content=\"2022-09-15T07:28:26+00:00\" \/>\n<meta property=\"og:image\" content=\"https:\/\/dicodusport.fr\/blog\/wp-content\/uploads\/2022\/08\/Mondiaux-Cyclisme-2022-Parcours-et-profil-Contre-la-montre-elites-femmes-et-hommes.png\" \/>\n\t<meta property=\"og:image:width\" content=\"800\" \/>\n\t<meta property=\"og:image:height\" content=\"445\" \/>\n\t<meta property=\"og:image:type\" content=\"image\/png\" \/>\n<meta name=\"author\" content=\"Emilien Descampiaux\" \/>\n<meta name=\"twitter:card\" content=\"summary_large_image\" \/>\n<meta name=\"twitter:title\" content=\"Mondiaux Cyclisme 2022 - Parcours et profil Contre-la-montre \u00e9lites femmes et hommes\" \/>\n<meta name=\"twitter:creator\" content=\"@https:\/\/twitter.com\/LRoisDuPeloton\" \/>\n<meta name=\"twitter:site\" content=\"@dicodusport\" \/>\n<script type=\"application\/ld+json\" class=\"yoast-schema-graph\">{\"@context\":\"https:\/\/schema.org\",\"@graph\":[{\"@type\":\"NewsArticle\",\"@id\":\"https:\/\/dicodusport.fr\/blog\/mondiaux-cyclisme-2022-parcours-et-profil-contre-la-montre-elites-femmes-et-hommes\/#article\",\"isPartOf\":{\"@id\":\"https:\/\/dicodusport.fr\/blog\/mondiaux-cyclisme-2022-parcours-et-profil-contre-la-montre-elites-femmes-et-hommes\/\"},\"author\":{\"name\":\"Emilien Descampiaux\",\"@id\":\"https:\/\/dicodusport.fr\/blog\/#\/schema\/person\/6db4bae06b171592211be385b32876a7\"},\"headline\":\"Mondiaux Cyclisme 2022 &#8211; Parcours et profil Contre-la-montre \u00e9lites femmes et hommes\",\"datePublished\":\"2022-09-15T07:01:30+00:00\",\"dateModified\":\"2022-09-15T07:28:26+00:00\",\"mainEntityOfPage\":{\"@id\":\"https:\/\/dicodusport.fr\/blog\/mondiaux-cyclisme-2022-parcours-et-profil-contre-la-montre-elites-femmes-et-hommes\/\"},\"wordCount\":235,\"commentCount\":0,\"publisher\":{\"@id\":\"https:\/\/dicodusport.fr\/blog\/#organization\"},\"image\":{\"@id\":\"https:\/\/dicodusport.fr\/blog\/mondiaux-cyclisme-2022-parcours-et-profil-contre-la-montre-elites-femmes-et-hommes\/#primaryimage\"},\"thumbnailUrl\":\"https:\/\/dicodusport.fr\/blog\/wp-content\/uploads\/2022\/08\/Mondiaux-Cyclisme-2022-Parcours-et-profil-Contre-la-montre-elites-femmes-et-hommes.png\",\"keywords\":[\"Cyclisme\"],\"articleSection\":[\"Cyclisme sur route\"],\"inLanguage\":\"fr-FR\",\"potentialAction\":[{\"@type\":\"CommentAction\",\"name\":\"Comment\",\"target\":[\"https:\/\/dicodusport.fr\/blog\/mondiaux-cyclisme-2022-parcours-et-profil-contre-la-montre-elites-femmes-et-hommes\/#respond\"]}],\"copyrightYear\":\"2022\",\"copyrightHolder\":{\"@id\":\"https:\/\/dicodusport.fr\/blog\/#organization\"}},{\"@type\":\"WebPage\",\"@id\":\"https:\/\/dicodusport.fr\/blog\/mondiaux-cyclisme-2022-parcours-et-profil-contre-la-montre-elites-femmes-et-hommes\/\",\"url\":\"https:\/\/dicodusport.fr\/blog\/mondiaux-cyclisme-2022-parcours-et-profil-contre-la-montre-elites-femmes-et-hommes\/\",\"name\":\"Mondiaux Cyclisme 2022 - Parcours et profil Contre-la-montre \u00e9lites femmes et hommes\",\"isPartOf\":{\"@id\":\"https:\/\/dicodusport.fr\/blog\/#website\"},\"primaryImageOfPage\":{\"@id\":\"https:\/\/dicodusport.fr\/blog\/mondiaux-cyclisme-2022-parcours-et-profil-contre-la-montre-elites-femmes-et-hommes\/#primaryimage\"},\"image\":{\"@id\":\"https:\/\/dicodusport.fr\/blog\/mondiaux-cyclisme-2022-parcours-et-profil-contre-la-montre-elites-femmes-et-hommes\/#primaryimage\"},\"thumbnailUrl\":\"https:\/\/dicodusport.fr\/blog\/wp-content\/uploads\/2022\/08\/Mondiaux-Cyclisme-2022-Parcours-et-profil-Contre-la-montre-elites-femmes-et-hommes.png\",\"datePublished\":\"2022-09-15T07:01:30+00:00\",\"dateModified\":\"2022-09-15T07:28:26+00:00\",\"description\":\"MONDIAUX CYCLISME SUR ROUTE 2022 - D\u00e9couvrez le parcours et le profil du contre-la-montre \u00e9lites femmes et hommes de Wollongong (37,6 km).\",\"breadcrumb\":{\"@id\":\"https:\/\/dicodusport.fr\/blog\/mondiaux-cyclisme-2022-parcours-et-profil-contre-la-montre-elites-femmes-et-hommes\/#breadcrumb\"},\"inLanguage\":\"fr-FR\",\"potentialAction\":[{\"@type\":\"ReadAction\",\"target\":[\"https:\/\/dicodusport.fr\/blog\/mondiaux-cyclisme-2022-parcours-et-profil-contre-la-montre-elites-femmes-et-hommes\/\"]}]},{\"@type\":\"ImageObject\",\"inLanguage\":\"fr-FR\",\"@id\":\"https:\/\/dicodusport.fr\/blog\/mondiaux-cyclisme-2022-parcours-et-profil-contre-la-montre-elites-femmes-et-hommes\/#primaryimage\",\"url\":\"https:\/\/dicodusport.fr\/blog\/wp-content\/uploads\/2022\/08\/Mondiaux-Cyclisme-2022-Parcours-et-profil-Contre-la-montre-elites-femmes-et-hommes.png\",\"contentUrl\":\"https:\/\/dicodusport.fr\/blog\/wp-content\/uploads\/2022\/08\/Mondiaux-Cyclisme-2022-Parcours-et-profil-Contre-la-montre-elites-femmes-et-hommes.png\",\"width\":800,\"height\":445,\"caption\":\"Mondiaux Cyclisme 2022 - Parcours et profil Contre-la-montre \u00e9lites femmes et hommes\"},{\"@type\":\"BreadcrumbList\",\"@id\":\"https:\/\/dicodusport.fr\/blog\/mondiaux-cyclisme-2022-parcours-et-profil-contre-la-montre-elites-femmes-et-hommes\/#breadcrumb\",\"itemListElement\":[{\"@type\":\"ListItem\",\"position\":1,\"name\":\"Accueil\",\"item\":\"https:\/\/dicodusport.fr\/blog\/\"},{\"@type\":\"ListItem\",\"position\":2,\"name\":\"Mondiaux Cyclisme 2022 &#8211; Parcours et profil Contre-la-montre \u00e9lites femmes et hommes\"}]},{\"@type\":\"WebSite\",\"@id\":\"https:\/\/dicodusport.fr\/blog\/#website\",\"url\":\"https:\/\/dicodusport.fr\/blog\/\",\"name\":\"Dicodusport\",\"description\":\"L&#039;encyclop\u00e9die de l&#039;actualit\u00e9 sportive\",\"publisher\":{\"@id\":\"https:\/\/dicodusport.fr\/blog\/#organization\"},\"potentialAction\":[{\"@type\":\"SearchAction\",\"target\":{\"@type\":\"EntryPoint\",\"urlTemplate\":\"https:\/\/dicodusport.fr\/blog\/?s={search_term_string}\"},\"query-input\":{\"@type\":\"PropertyValueSpecification\",\"valueRequired\":true,\"valueName\":\"search_term_string\"}}],\"inLanguage\":\"fr-FR\"},{\"@type\":\"NewsMediaOrganization\",\"@id\":\"https:\/\/dicodusport.fr\/blog\/#organization\",\"name\":\"Dicodusport\",\"url\":\"https:\/\/dicodusport.fr\/blog\/\",\"logo\":{\"@type\":\"ImageObject\",\"inLanguage\":\"fr-FR\",\"@id\":\"https:\/\/dicodusport.fr\/blog\/#\/schema\/logo\/image\/\",\"url\":\"https:\/\/dicodusport.fr\/blog\/wp-content\/uploads\/2020\/06\/cropped-LOGO-DICODUSPORT-2020-SANS-FOND-SANS-TEXTE.png\",\"contentUrl\":\"https:\/\/dicodusport.fr\/blog\/wp-content\/uploads\/2020\/06\/cropped-LOGO-DICODUSPORT-2020-SANS-FOND-SANS-TEXTE.png\",\"width\":512,\"height\":512,\"caption\":\"Dicodusport\"},\"image\":{\"@id\":\"https:\/\/dicodusport.fr\/blog\/#\/schema\/logo\/image\/\"},\"sameAs\":[\"https:\/\/www.facebook.com\/dicodusport\",\"https:\/\/x.com\/dicodusport\",\"https:\/\/www.instagram.com\/dicodusport\/\",\"https:\/\/www.youtube.com\/channel\/UC7V2KZ5sd3htJivAbA4ZG3w\"],\"description\":\"Dicodusport est l'encyclop\u00e9die de l'actualit\u00e9 sportive.\",\"email\":\"bonjour@dicodusport.fr\",\"legalName\":\"DICODUSPORT\",\"foundingDate\":\"2018-01-14\",\"vatID\":\"FR71834470973\",\"taxID\":\"83447097300043\",\"numberOfEmployees\":{\"@type\":\"QuantitativeValue\",\"minValue\":\"1\",\"maxValue\":\"10\"}},{\"@type\":\"Person\",\"@id\":\"https:\/\/dicodusport.fr\/blog\/#\/schema\/person\/6db4bae06b171592211be385b32876a7\",\"name\":\"Emilien Descampiaux\",\"image\":{\"@type\":\"ImageObject\",\"inLanguage\":\"fr-FR\",\"@id\":\"https:\/\/dicodusport.fr\/blog\/#\/schema\/person\/image\/\",\"url\":\"https:\/\/dicodusport.fr\/blog\/wp-content\/uploads\/2021\/05\/Emilien-Descampiaux-150x150.jpg\",\"contentUrl\":\"https:\/\/dicodusport.fr\/blog\/wp-content\/uploads\/2021\/05\/Emilien-Descampiaux-150x150.jpg\",\"caption\":\"Emilien Descampiaux\"},\"description\":\"Journaliste\/r\u00e9dacteur depuis 2014 - Fan de la classe de Frank Vandenbroucke, je vis cyclisme (et de ses paysages) depuis plus de 20 ans. Je suis tr\u00e8s impliqu\u00e9 sur mes diff\u00e9rents r\u00e9seaux sociaux pour partager ma passion sur le monde et l'Histoire de la bicyclette avec ma voix sur les images en noir et blanc du succ\u00e8s de Rik Van Steenbergen lors du Ronde sur le V\u00e9lodrome de Gand.\",\"sameAs\":[\"https:\/\/www.facebook.com\/groups\/LesRoisDuPeloton\",\"https:\/\/x.com\/https:\/\/twitter.com\/LRoisDuPeloton\"],\"url\":\"https:\/\/dicodusport.fr\/blog\/author\/emiliend\/\"}]}<\/script>\n<!-- \/ Yoast SEO Premium plugin. -->","yoast_head_json":{"title":"Mondiaux Cyclisme 2022 - Parcours et profil Contre-la-montre \u00e9lites femmes et hommes","description":"MONDIAUX CYCLISME SUR ROUTE 2022 - D\u00e9couvrez le parcours et le profil du contre-la-montre \u00e9lites femmes et hommes de Wollongong (37,6 km).","robots":{"index":"index","follow":"follow","max-snippet":"max-snippet:-1","max-image-preview":"max-image-preview:large","max-video-preview":"max-video-preview:-1"},"canonical":"https:\/\/dicodusport.fr\/blog\/mondiaux-cyclisme-2022-parcours-et-profil-contre-la-montre-elites-femmes-et-hommes\/","og_locale":"fr_FR","og_type":"article","og_title":"Mondiaux Cyclisme 2022 - Parcours et profil Contre-la-montre \u00e9lites femmes et hommes","og_description":"MONDIAUX CYCLISME SUR ROUTE 2022 - D\u00e9couvrez le parcours et le profil du contre-la-montre \u00e9lites femmes et hommes de Wollongong (37,6 km).","og_url":"https:\/\/dicodusport.fr\/blog\/mondiaux-cyclisme-2022-parcours-et-profil-contre-la-montre-elites-femmes-et-hommes\/","og_site_name":"Dicodusport","article_publisher":"https:\/\/www.facebook.com\/dicodusport","article_author":"https:\/\/www.facebook.com\/groups\/LesRoisDuPeloton","article_published_time":"2022-09-15T07:01:30+00:00","article_modified_time":"2022-09-15T07:28:26+00:00","og_image":[{"width":800,"height":445,"url":"https:\/\/dicodusport.fr\/blog\/wp-content\/uploads\/2022\/08\/Mondiaux-Cyclisme-2022-Parcours-et-profil-Contre-la-montre-elites-femmes-et-hommes.png","type":"image\/png"}],"author":"Emilien Descampiaux","twitter_card":"summary_large_image","twitter_title":"Mondiaux Cyclisme 2022 - Parcours et profil Contre-la-montre \u00e9lites femmes et hommes","twitter_creator":"@https:\/\/twitter.com\/LRoisDuPeloton","twitter_site":"@dicodusport","schema":{"@context":"https:\/\/schema.org","@graph":[{"@type":"NewsArticle","@id":"https:\/\/dicodusport.fr\/blog\/mondiaux-cyclisme-2022-parcours-et-profil-contre-la-montre-elites-femmes-et-hommes\/#article","isPartOf":{"@id":"https:\/\/dicodusport.fr\/blog\/mondiaux-cyclisme-2022-parcours-et-profil-contre-la-montre-elites-femmes-et-hommes\/"},"author":{"name":"Emilien Descampiaux","@id":"https:\/\/dicodusport.fr\/blog\/#\/schema\/person\/6db4bae06b171592211be385b32876a7"},"headline":"Mondiaux Cyclisme 2022 &#8211; Parcours et profil Contre-la-montre \u00e9lites femmes et hommes","datePublished":"2022-09-15T07:01:30+00:00","dateModified":"2022-09-15T07:28:26+00:00","mainEntityOfPage":{"@id":"https:\/\/dicodusport.fr\/blog\/mondiaux-cyclisme-2022-parcours-et-profil-contre-la-montre-elites-femmes-et-hommes\/"},"wordCount":235,"commentCount":0,"publisher":{"@id":"https:\/\/dicodusport.fr\/blog\/#organization"},"image":{"@id":"https:\/\/dicodusport.fr\/blog\/mondiaux-cyclisme-2022-parcours-et-profil-contre-la-montre-elites-femmes-et-hommes\/#primaryimage"},"thumbnailUrl":"https:\/\/dicodusport.fr\/blog\/wp-content\/uploads\/2022\/08\/Mondiaux-Cyclisme-2022-Parcours-et-profil-Contre-la-montre-elites-femmes-et-hommes.png","keywords":["Cyclisme"],"articleSection":["Cyclisme sur route"],"inLanguage":"fr-FR","potentialAction":[{"@type":"CommentAction","name":"Comment","target":["https:\/\/dicodusport.fr\/blog\/mondiaux-cyclisme-2022-parcours-et-profil-contre-la-montre-elites-femmes-et-hommes\/#respond"]}],"copyrightYear":"2022","copyrightHolder":{"@id":"https:\/\/dicodusport.fr\/blog\/#organization"}},{"@type":"WebPage","@id":"https:\/\/dicodusport.fr\/blog\/mondiaux-cyclisme-2022-parcours-et-profil-contre-la-montre-elites-femmes-et-hommes\/","url":"https:\/\/dicodusport.fr\/blog\/mondiaux-cyclisme-2022-parcours-et-profil-contre-la-montre-elites-femmes-et-hommes\/","name":"Mondiaux Cyclisme 2022 - Parcours et profil Contre-la-montre \u00e9lites femmes et hommes","isPartOf":{"@id":"https:\/\/dicodusport.fr\/blog\/#website"},"primaryImageOfPage":{"@id":"https:\/\/dicodusport.fr\/blog\/mondiaux-cyclisme-2022-parcours-et-profil-contre-la-montre-elites-femmes-et-hommes\/#primaryimage"},"image":{"@id":"https:\/\/dicodusport.fr\/blog\/mondiaux-cyclisme-2022-parcours-et-profil-contre-la-montre-elites-femmes-et-hommes\/#primaryimage"},"thumbnailUrl":"https:\/\/dicodusport.fr\/blog\/wp-content\/uploads\/2022\/08\/Mondiaux-Cyclisme-2022-Parcours-et-profil-Contre-la-montre-elites-femmes-et-hommes.png","datePublished":"2022-09-15T07:01:30+00:00","dateModified":"2022-09-15T07:28:26+00:00","description":"MONDIAUX CYCLISME SUR ROUTE 2022 - D\u00e9couvrez le parcours et le profil du contre-la-montre \u00e9lites femmes et hommes de Wollongong (37,6 km).","breadcrumb":{"@id":"https:\/\/dicodusport.fr\/blog\/mondiaux-cyclisme-2022-parcours-et-profil-contre-la-montre-elites-femmes-et-hommes\/#breadcrumb"},"inLanguage":"fr-FR","potentialAction":[{"@type":"ReadAction","target":["https:\/\/dicodusport.fr\/blog\/mondiaux-cyclisme-2022-parcours-et-profil-contre-la-montre-elites-femmes-et-hommes\/"]}]},{"@type":"ImageObject","inLanguage":"fr-FR","@id":"https:\/\/dicodusport.fr\/blog\/mondiaux-cyclisme-2022-parcours-et-profil-contre-la-montre-elites-femmes-et-hommes\/#primaryimage","url":"https:\/\/dicodusport.fr\/blog\/wp-content\/uploads\/2022\/08\/Mondiaux-Cyclisme-2022-Parcours-et-profil-Contre-la-montre-elites-femmes-et-hommes.png","contentUrl":"https:\/\/dicodusport.fr\/blog\/wp-content\/uploads\/2022\/08\/Mondiaux-Cyclisme-2022-Parcours-et-profil-Contre-la-montre-elites-femmes-et-hommes.png","width":800,"height":445,"caption":"Mondiaux Cyclisme 2022 - Parcours et profil Contre-la-montre \u00e9lites femmes et hommes"},{"@type":"BreadcrumbList","@id":"https:\/\/dicodusport.fr\/blog\/mondiaux-cyclisme-2022-parcours-et-profil-contre-la-montre-elites-femmes-et-hommes\/#breadcrumb","itemListElement":[{"@type":"ListItem","position":1,"name":"Accueil","item":"https:\/\/dicodusport.fr\/blog\/"},{"@type":"ListItem","position":2,"name":"Mondiaux Cyclisme 2022 &#8211; Parcours et profil Contre-la-montre \u00e9lites femmes et hommes"}]},{"@type":"WebSite","@id":"https:\/\/dicodusport.fr\/blog\/#website","url":"https:\/\/dicodusport.fr\/blog\/","name":"Dicodusport","description":"L&#039;encyclop\u00e9die de l&#039;actualit\u00e9 sportive","publisher":{"@id":"https:\/\/dicodusport.fr\/blog\/#organization"},"potentialAction":[{"@type":"SearchAction","target":{"@type":"EntryPoint","urlTemplate":"https:\/\/dicodusport.fr\/blog\/?s={search_term_string}"},"query-input":{"@type":"PropertyValueSpecification","valueRequired":true,"valueName":"search_term_string"}}],"inLanguage":"fr-FR"},{"@type":"NewsMediaOrganization","@id":"https:\/\/dicodusport.fr\/blog\/#organization","name":"Dicodusport","url":"https:\/\/dicodusport.fr\/blog\/","logo":{"@type":"ImageObject","inLanguage":"fr-FR","@id":"https:\/\/dicodusport.fr\/blog\/#\/schema\/logo\/image\/","url":"https:\/\/dicodusport.fr\/blog\/wp-content\/uploads\/2020\/06\/cropped-LOGO-DICODUSPORT-2020-SANS-FOND-SANS-TEXTE.png","contentUrl":"https:\/\/dicodusport.fr\/blog\/wp-content\/uploads\/2020\/06\/cropped-LOGO-DICODUSPORT-2020-SANS-FOND-SANS-TEXTE.png","width":512,"height":512,"caption":"Dicodusport"},"image":{"@id":"https:\/\/dicodusport.fr\/blog\/#\/schema\/logo\/image\/"},"sameAs":["https:\/\/www.facebook.com\/dicodusport","https:\/\/x.com\/dicodusport","https:\/\/www.instagram.com\/dicodusport\/","https:\/\/www.youtube.com\/channel\/UC7V2KZ5sd3htJivAbA4ZG3w"],"description":"Dicodusport est l'encyclop\u00e9die de l'actualit\u00e9 sportive.","email":"bonjour@dicodusport.fr","legalName":"DICODUSPORT","foundingDate":"2018-01-14","vatID":"FR71834470973","taxID":"83447097300043","numberOfEmployees":{"@type":"QuantitativeValue","minValue":"1","maxValue":"10"}},{"@type":"Person","@id":"https:\/\/dicodusport.fr\/blog\/#\/schema\/person\/6db4bae06b171592211be385b32876a7","name":"Emilien Descampiaux","image":{"@type":"ImageObject","inLanguage":"fr-FR","@id":"https:\/\/dicodusport.fr\/blog\/#\/schema\/person\/image\/","url":"https:\/\/dicodusport.fr\/blog\/wp-content\/uploads\/2021\/05\/Emilien-Descampiaux-150x150.jpg","contentUrl":"https:\/\/dicodusport.fr\/blog\/wp-content\/uploads\/2021\/05\/Emilien-Descampiaux-150x150.jpg","caption":"Emilien Descampiaux"},"description":"Journaliste\/r\u00e9dacteur depuis 2014 - Fan de la classe de Frank Vandenbroucke, je vis cyclisme (et de ses paysages) depuis plus de 20 ans. Je suis tr\u00e8s impliqu\u00e9 sur mes diff\u00e9rents r\u00e9seaux sociaux pour partager ma passion sur le monde et l'Histoire de la bicyclette avec ma voix sur les images en noir et blanc du succ\u00e8s de Rik Van Steenbergen lors du Ronde sur le V\u00e9lodrome de Gand.","sameAs":["https:\/\/www.facebook.com\/groups\/LesRoisDuPeloton","https:\/\/x.com\/https:\/\/twitter.com\/LRoisDuPeloton"],"url":"https:\/\/dicodusport.fr\/blog\/author\/emiliend\/"}]}},"_links":{"self":[{"href":"https:\/\/dicodusport.fr\/blog\/wp-json\/wp\/v2\/posts\/257727","targetHints":{"allow":["GET"]}}],"collection":[{"href":"https:\/\/dicodusport.fr\/blog\/wp-json\/wp\/v2\/posts"}],"about":[{"href":"https:\/\/dicodusport.fr\/blog\/wp-json\/wp\/v2\/types\/post"}],"author":[{"embeddable":true,"href":"https:\/\/dicodusport.fr\/blog\/wp-json\/wp\/v2\/users\/48"}],"replies":[{"embeddable":true,"href":"https:\/\/dicodusport.fr\/blog\/wp-json\/wp\/v2\/comments?post=257727"}],"version-history":[{"count":0,"href":"https:\/\/dicodusport.fr\/blog\/wp-json\/wp\/v2\/posts\/257727\/revisions"}],"wp:featuredmedia":[{"embeddable":true,"href":"https:\/\/dicodusport.fr\/blog\/wp-json\/wp\/v2\/media\/262138"}],"wp:attachment":[{"href":"https:\/\/dicodusport.fr\/blog\/wp-json\/wp\/v2\/media?parent=257727"}],"wp:term":[{"taxonomy":"category","embeddable":true,"href":"https:\/\/dicodusport.fr\/blog\/wp-json\/wp\/v2\/categories?post=257727"},{"taxonomy":"post_tag","embeddable":true,"href":"https:\/\/dicodusport.fr\/blog\/wp-json\/wp\/v2\/tags?post=257727"}],"curies":[{"name":"wp","href":"https:\/\/api.w.org\/{rel}","templated":true}]}}