{"id":257732,"date":"2022-08-31T08:35:16","date_gmt":"2022-08-31T06:35:16","guid":{"rendered":"https:\/\/dicodusport.fr\/blog\/?p=257732&#038;preview=true&#038;preview_id=257732"},"modified":"2022-08-31T08:31:42","modified_gmt":"2022-08-31T06:31:42","slug":"chl-les-bruleurs-de-loups-amorcent-une-campagne-europeenne-sacrement-corsee","status":"publish","type":"post","link":"https:\/\/dicodusport.fr\/blog\/chl-les-bruleurs-de-loups-amorcent-une-campagne-europeenne-sacrement-corsee\/","title":{"rendered":"CHL\u00a0: Les Br\u00fbleurs de Loups amorcent une campagne europ\u00e9enne sacr\u00e9ment cors\u00e9e"},"content":{"rendered":"<p align=\"justify\"><i><b>CHL 2022-2023 \u2013 L\u2019heure de la reprise a sonn\u00e9 pour les Br\u00fbleurs de Loups\u00a0! Ce jeudi 1<sup>er<\/sup> septembre, le champion de France en titre entame sa campagne europ\u00e9enne avec la r\u00e9ception de l\u2019Eisb\u00e4ren Berlin. Positionn\u00e9s dans un groupe extr\u00eamement relev\u00e9, les hommes de Jyrki Aho auront fort \u00e0 faire pour tenter d\u2019aller chercher une place en phase finale. Pr\u00e9sentation des forces en pr\u00e9sence.<\/b><\/i><\/p>\n<p align=\"justify\">C\u2019est toujours un moment attendu avec impatience par les fans de hockey sur glace europ\u00e9en. Alors que les championnats n\u2019ont pas encore d\u00e9but\u00e9, la <b>Champions Hockey League<\/b> sera lanc\u00e9e ce jeudi. Cela signifie donc que la saison de hockey sur glace est sur le point de d\u00e9buter. Apr\u00e8s avoir \u00e9cras\u00e9 la <b>Ligue Magnus <\/b>l\u2019ann\u00e9e derni\u00e8re, <b>Grenoble<\/b> va essayer de s\u2019offrir le meilleur parcours possible dans la reine des comp\u00e9titions europ\u00e9ennes. Tout sauf une sin\u00e9cure.<\/p>\n<h2 style=\"text-align: justify;\" align=\"justify\">Une adversit\u00e9 relev\u00e9e<\/h2>\n<p align=\"justify\">Effectivement, avant de penser \u00e0 marcher dans les pas des <b>Dragons de Rouen<\/b>, quarts de finaliste lors de la derni\u00e8re \u00e9dition, les hommes de <b>Jyrki Aho<\/b> vont avoir fort \u00e0 faire. L\u00e0 o\u00f9 les Dragons avaient b\u00e9n\u00e9fici\u00e9 d\u2019un tirage cl\u00e9ment en phase de poules, les <b>Br\u00fbleurs de Loups <\/b>ont eux h\u00e9rit\u00e9 de trois cadors continentaux.\u00a0: l\u2019<b>Eisb<\/b><b>\u00e4<\/b><b>ren Berlin<\/b>, <b>Mountfield<\/b> et le <b>Fr\u00f6lunda<\/b>. Sur le papier, le club fran\u00e7ais est clairement le petit poucet de ce groupe, et ce malgr\u00e9 la qualit\u00e9 ph\u00e9nom\u00e9nale de son effectif, sans doute le plus puissant jamais assembl\u00e9 en Ligue Magnus.<\/p>\n<p align=\"justify\">Ainsi, les premiers matchs s\u2019annoncent d\u00e9j\u00e0 d\u00e9cisifs. Les Grenoblois ont l\u2019avantage de recevoir successivement ce jeudi Berlin, puis samedi Mountfield. Devant le public de<b> P\u00f4le Sud<\/b>, il faudra cr\u00e9er l\u2019exploit afin de pr\u00e9server les espoirs de qualification. Plus facile \u00e0 dire qu\u2019\u00e0 faire. Si les recrutements de l\u2019\u00e9t\u00e9, combin\u00e9s <a href=\"https:\/\/dicodusport.fr\/blog\/ligue-magnus-grenoble-met-en-place-un-partenariat-global-avec-lausanne\/\">au partenariat avec Lausanne<\/a>, permettent de b\u00e9n\u00e9ficier de solides certitudes, <b>Grenoble<\/b> devra cravacher pour gratter une place dans les deux premiers de la poule. Pour d\u00e9buter en fanfare, c\u2019est tout simplement le double champion d\u2019Allemagne en titre, l\u2019<b>Eisb\u00e4ren Berlin<\/b>, qui se pr\u00e9sentera en Is\u00e8re.<\/p>\n<blockquote class=\"twitter-tweet\">\n<p dir=\"ltr\" lang=\"fr\">&#x1f4ac; <a href=\"https:\/\/twitter.com\/KoudriAdel?ref_src=twsrc%5Etfw\">@KoudriAdel<\/a> est pr\u00eat \u00e0 en d\u00e9coudre ! Les Rouge et Bleu tenteront jeudi d&rsquo;aller chercher un gros r\u00e9sultat face \u00e0 <a href=\"https:\/\/twitter.com\/Eisbaeren_B?ref_src=twsrc%5Etfw\">@Eisbaeren_B<\/a> !<\/p>\n<p>&#x1f39f;&#xfe0f; Vos billets ici &#x27a1;&#xfe0f; <a href=\"https:\/\/t.co\/feVwJjF23j\">https:\/\/t.co\/feVwJjF23j<\/a><a href=\"https:\/\/twitter.com\/hashtag\/ChampionsGoBeyond?src=hash&amp;ref_src=twsrc%5Etfw\">#ChampionsGoBeyond<\/a><a href=\"https:\/\/twitter.com\/championshockey?ref_src=twsrc%5Etfw\">@championshockey<\/a> <a href=\"https:\/\/t.co\/9EmaZVq5GI\">pic.twitter.com\/9EmaZVq5GI<\/a><\/p>\n<p>\u2014 Br\u00fbleurs De Loups (@bruleursdeloups) <a href=\"https:\/\/twitter.com\/bruleursdeloups\/status\/1564644110241132544?ref_src=twsrc%5Etfw\">August 30, 2022<\/a><\/p><\/blockquote>\n<p><script async src=\"https:\/\/platform.twitter.com\/widgets.js\" charset=\"utf-8\"><\/script><\/p>\n<h2 style=\"text-align: justify;\" align=\"justify\">L\u2019Esib\u00e4ren, la puissance allemande dans le doute ?<\/h2>\n<p align=\"justify\">Port\u00e9 par son duo offensif majeur <b>Marcel Noebels \u2013 L\u00e9o Pf\u00f6rdel<\/b>, le club allemand dispose d\u2019un effectif riche en quantit\u00e9 et en qualit\u00e9. De nombreuses anciennes connaissances de NHL garnissent ses rangs (Zach Boychuk, Brendan Guhle, Peter Regin, Morgan Ellis\u2026), et seul le poste de gardien semble un peu l\u00e9ger par manque d\u2019exp\u00e9rience, puisqu&rsquo;<b>aucun des trois <\/b><b>derniers remparts<\/b><b> ne d\u00e9passe les 21 ans.<\/b> Malgr\u00e9 tout, le club berlinois dispose d\u2019une belle exp\u00e9rience dans la comp\u00e9tition, et est revanchard apr\u00e8s son \u00e9limination pr\u00e9matur\u00e9e en phase de poules lors de la derni\u00e8re campagne.<\/p>\n<p align=\"justify\">Soulignons toutefois que la dynamique de la pr\u00e9paration n\u2019est pas folle pour les hommes de <b>Serge Aubin<\/b>. Apr\u00e8s une premi\u00e8re victoire face aux Suisses de Biel, ils ont ensuite encha\u00een\u00e9 <b>quatre d\u00e9faites de rang<\/b>, et aborderont donc le premier rendez-vous \u00e0 P\u00f4le Sud sans v\u00e9ritables certitudes.<\/p>\n<blockquote class=\"twitter-tweet\">\n<p dir=\"ltr\" lang=\"fi\">HC Ambr\u00ec Piotta &#8211; Eisb\u00e4ren Berlin 6:1 | ENDE | Tor: Marcel Noebels (52.) <a href=\"https:\/\/twitter.com\/hashtag\/HCAPvsEBB?src=hash&amp;ref_src=twsrc%5Etfw\">#HCAPvsEBB<\/a> <a href=\"https:\/\/t.co\/wDSaNLy77P\">pic.twitter.com\/wDSaNLy77P<\/a><\/p>\n<p>\u2014 Eisb\u00e4ren Berlin (@Eisbaeren_B) <a href=\"https:\/\/twitter.com\/Eisbaeren_B\/status\/1563615698647146496?ref_src=twsrc%5Etfw\">August 27, 2022<\/a><\/p><\/blockquote>\n<p><script async src=\"https:\/\/platform.twitter.com\/widgets.js\" charset=\"utf-8\"><\/script><\/p>\n<h2 style=\"text-align: justify;\" align=\"justify\">Mountfield, un ancien finaliste aux dents longues<\/h2>\n<p align=\"justify\">De son c\u00f4t\u00e9, <b>Mountfield<\/b> n\u2019\u00e9tait pas de la derni\u00e8re \u00e9dition, mais sa derni\u00e8re participation a marqu\u00e9 les esprits. Avant la coupure impos\u00e9e par le Covid, <b>le club tch\u00e8que s\u2019\u00e9tait hiss\u00e9 jusqu\u2019en finale<\/b> avant d\u2019\u00e9chouer sur le Fr\u00f6lunda. C&rsquo;est donc une formation extr\u00eamement revanchard cette saison, d\u2019autant plus suite \u00e0 la terrible d\u00e9convenue subie en championnat. Malgr\u00e9 une premi\u00e8re place en saison r\u00e9guli\u00e8re pour les joueurs de Mountfield, le Mlada Boleslav les a sortis s\u00e8chement d\u00e8s les quarts de finale (1-4).<\/p>\n<p align=\"justify\">Une v\u00e9ritable d\u00e9sillusion pour un collectif bien r\u00f4d\u00e9 et men\u00e9 d\u2019une main de ma\u00eetre par <b>Tomas Martinec<\/b> depuis plusieurs saisons. La pr\u00e9paration s\u2019est d\u00e9roul\u00e9e de mani\u00e8re id\u00e9ale avec quatre victoires et dix-neuf buts inscrits en l\u2019espace de quatre rencontres. Si Ahti Oksanen, meilleur pointeur du club la saison pass\u00e9e, s\u2019en est all\u00e9, <b>Ales Jergl <\/b>est toujours l\u00e0 pour empiler les points, et c\u2019est tout le collectif qui est capable de se montrer dangereux. De la premi\u00e8re \u00e0 la derni\u00e8re ligne, le danger peut venir de partout. Membre du quatri\u00e8me bloc, l\u2019international tricolore <b>Jordann Perret<\/b> repr\u00e9sente bien la menace qui peut planer \u00e0 tout instant sur les Br\u00fbleurs de Loups.<\/p>\n<blockquote class=\"twitter-tweet\">\n<p dir=\"ltr\" lang=\"cs\">&#x2705;&#x2705;&#x2705;&#x2705; Pokra\u010dujeme v j\u00edzd\u011b na v\u00edt\u011bzn\u00e9 vln\u011b &#x1f3c4; Tentokr\u00e1t to odnesli sedmi g\u00f3ly <a href=\"https:\/\/twitter.com\/graz99ers?ref_src=twsrc%5Etfw\">@graz99ers<\/a>. A te\u010f hur\u00e1 na <a href=\"https:\/\/twitter.com\/championshockey?ref_src=twsrc%5Etfw\">@championshockey<\/a>! &#x1f60d;<a href=\"https:\/\/t.co\/lXbxUe85ee\">https:\/\/t.co\/lXbxUe85ee<\/a> <a href=\"https:\/\/t.co\/KpX8csJ8Ky\">pic.twitter.com\/KpX8csJ8Ky<\/a><\/p>\n<p>\u2014 Mountfield HK (@MountfieldHK) <a href=\"https:\/\/twitter.com\/MountfieldHK\/status\/1562850056910548992?ref_src=twsrc%5Etfw\">August 25, 2022<\/a><\/p><\/blockquote>\n<p><script async src=\"https:\/\/platform.twitter.com\/widgets.js\" charset=\"utf-8\"><\/script><\/p>\n<h2 style=\"text-align: justify;\" align=\"justify\">L\u2019\u00e9pouvantail Fr\u00f6lunda<\/h2>\n<p align=\"justify\">S\u2019il y a une \u00e9quipe que tout le monde souhaite \u00e9viter sur la sc\u00e8ne europ\u00e9enne, c\u2019est bien le <b>Fr\u00f6lunda<\/b>. Sur les huit \u00e9ditions de la CHL s\u2019\u00e9tant d\u00e9roul\u00e9es depuis 2014, <b>l\u2019ogre su\u00e9dois en a rafl\u00e9 quatre, soit la moiti\u00e9\u00a0!<\/b> Auteur de deux back-to-back (2016-2017 puis 2019-2020), <a href=\"https:\/\/dicodusport.fr\/blog\/chl-rogle-acheve-le-frolunda-et-souvre-les-portes-de-la-finale\/\">il a en revanche \u00e9chou\u00e9 seulement en demi-finales la saison pass\u00e9e face au futur champion, R\u00f6gle<\/a>. Comme toujours, la pancarte sera clairement sur leur dos dans ce groupe relev\u00e9.<\/p>\n<p align=\"justify\">L\u2019effectif fait trembler rien qu\u2019en mentionnant les noms. Devant les filets, l\u2019exp\u00e9riment\u00e9 international su\u00e9dois <b>Lars Johansson<\/b> est revenu au pays apr\u00e8s cinq ann\u00e9es o\u00f9 il s\u2019est impos\u00e9 comme le meilleur dernier rempart de KHL. \u00c9ternel capitaine, <b>Lars Johansson<\/b> a rempil\u00e9 \u00e0 40 ans pour accompagner ses camarades comme <b>Ryan Lasch <\/b>et <b>Anders Gr\u00f6nlund<\/b>, cadres ind\u00e9boulonnables. \u00c0 noter \u00e9galement la pr\u00e9sence de plusieurs prospects NHL \u00e0 l\u2019image en <b>Liam Dower Nilsson<\/b> (Red Wings), <b>Filip Johansson<\/b> (Canucks) et <b>Frederik Dichow<\/b> (Canadiens). Bref, la t\u00e2che s\u2019annonce ardue. Et ce n\u2019est pas une campagne de pr\u00e9paration quasi parfaite (4 victoire pour 1 d\u00e9faite ne prolongation) qui va rassurer les futurs adversaires des Su\u00e9dois\u00a0!<\/p>\n<blockquote class=\"twitter-tweet\">\n<p dir=\"ltr\" lang=\"sv\">Seger! Vi besegrar Link\u00f6ping med 5-1 i Fr\u00f6lundaborg. <a href=\"https:\/\/t.co\/JjAjNUuOXu\">pic.twitter.com\/JjAjNUuOXu<\/a><\/p>\n<p>\u2014 Fr\u00f6lunda HC (@frolunda_hc) <a href=\"https:\/\/twitter.com\/frolunda_hc\/status\/1562864520472567809?ref_src=twsrc%5Etfw\">August 25, 2022<\/a><\/p><\/blockquote>\n<p><script async src=\"https:\/\/platform.twitter.com\/widgets.js\" charset=\"utf-8\"><\/script><\/p>\n<h3 style=\"text-align: justify;\" align=\"justify\"><span style=\"text-decoration: underline;\"><em>Le calendrier des Br\u00fbleurs de Loups\u00a0:<\/em><\/span><\/h3>\n<p style=\"text-align: justify;\" align=\"justify\"><strong><em>01\/09\u00a0:<\/em><\/strong> Br\u00fbleurs de Loups \u2013 Eisb\u00e4ren Berlin (\u00e0 20h15)<\/p>\n<p style=\"text-align: justify;\" align=\"justify\"><strong><em>03\/09\u00a0:<\/em><\/strong> Br\u00fbleurs de Loups \u2013 Mountfield HK (\u00e0 18h30)<\/p>\n<p style=\"text-align: justify;\" align=\"justify\"><em><strong>08\/09\u00a0:<\/strong><\/em> Mountfield HK \u2013 Br\u00fbleurs de Loups (\u00e0 17h30)<\/p>\n<p style=\"text-align: justify;\" align=\"justify\"><em><strong>10\/09\u00a0:<\/strong><\/em> Eisb\u00e4ren Berlin \u2013 Br\u00fbleurs de Loups (\u00e0 17h00)<\/p>\n<p style=\"text-align: justify;\" align=\"justify\"><em><strong>04\/10\u00a0:<\/strong><\/em> Br\u00fbleurs de Loups \u2013 Fr\u00f6lunda (\u00e0 20h35)<\/p>\n<p style=\"text-align: justify;\" align=\"justify\"><em><strong>11\/10\u00a0:<\/strong><\/em> Fr\u00f6lunda \u2013 Br\u00fbleurs de Loups (\u00e0 19h05)<\/p>\n","protected":false},"excerpt":{"rendered":"<p>CHL 2022-2023 \u2013 L\u2019heure de la reprise a sonn\u00e9 pour les Br\u00fbleurs de Loups\u00a0! Ce jeudi 1er septembre, le champion de France en titre entame sa campagne europ\u00e9enne avec la r\u00e9ception de l\u2019Eisb\u00e4ren Berlin. Positionn\u00e9s dans un groupe extr\u00eamement relev\u00e9, les hommes de Jyrki Aho auront fort \u00e0 faire pour tenter d\u2019aller chercher une place en phase finale. Pr\u00e9sentation des forces en pr\u00e9sence.<\/p>\n","protected":false},"author":55,"featured_media":257754,"comment_status":"open","ping_status":"closed","sticky":false,"template":"","format":"standard","meta":{"_acf_changed":false,"_daextam_enable_autolinks":"","footnotes":""},"categories":[10575],"tags":[17488,16765,16345,20069],"class_list":["post-257732","post","type-post","status-publish","format-standard","has-post-thumbnail","hentry","category-hockey-sur-glace","tag-bruleurs-de-loups-de-grenoble","tag-chl","tag-eisbaren-berlin","tag-frolunda"],"acf":[],"yoast_head":"<!-- This site is optimized with the Yoast SEO Premium plugin v26.7 (Yoast SEO v26.7) - https:\/\/yoast.com\/wordpress\/plugins\/seo\/ -->\n<title>CHL\u00a0: Les Br\u00fbleurs de Loups amorcent une campagne europ\u00e9enne sacr\u00e9ment cors\u00e9e<\/title>\n<meta name=\"description\" content=\"Pr\u00e9sentation des futurs adversaires des Br\u00fbleurs de Loups de Grenoble en CHL \u00e0 l&#039;heure du premier match face \u00e0 Berlin.\" \/>\n<meta name=\"robots\" content=\"index, follow, max-snippet:-1, max-image-preview:large, max-video-preview:-1\" \/>\n<link rel=\"canonical\" href=\"https:\/\/dicodusport.fr\/blog\/chl-les-bruleurs-de-loups-amorcent-une-campagne-europeenne-sacrement-corsee\/\" \/>\n<meta property=\"og:locale\" content=\"fr_FR\" \/>\n<meta property=\"og:type\" content=\"article\" \/>\n<meta property=\"og:title\" content=\"CHL\u00a0: Les Br\u00fbleurs de Loups amorcent une campagne europ\u00e9enne sacr\u00e9ment cors\u00e9e\" \/>\n<meta property=\"og:description\" content=\"Pr\u00e9sentation des futurs adversaires des Br\u00fbleurs de Loups de Grenoble en CHL \u00e0 l&#039;heure du premier match face \u00e0 Berlin.\" \/>\n<meta property=\"og:url\" content=\"https:\/\/dicodusport.fr\/blog\/chl-les-bruleurs-de-loups-amorcent-une-campagne-europeenne-sacrement-corsee\/\" \/>\n<meta property=\"og:site_name\" content=\"Dicodusport\" \/>\n<meta property=\"article:publisher\" content=\"https:\/\/www.facebook.com\/dicodusport\" \/>\n<meta property=\"article:published_time\" content=\"2022-08-31T06:35:16+00:00\" \/>\n<meta property=\"og:image\" content=\"https:\/\/dicodusport.fr\/blog\/wp-content\/uploads\/2022\/08\/CHL-Les-Bruleurs-de-Loups-amorcent-une-campagne-europeenne-sacrement-corsee.png\" \/>\n\t<meta property=\"og:image:width\" content=\"800\" \/>\n\t<meta property=\"og:image:height\" content=\"445\" \/>\n\t<meta property=\"og:image:type\" content=\"image\/png\" \/>\n<meta name=\"author\" content=\"Maxime Cazenave\" \/>\n<meta name=\"twitter:card\" content=\"summary_large_image\" \/>\n<meta name=\"twitter:title\" content=\"CHL\u00a0: Les Br\u00fbleurs de Loups amorcent une campagne europ\u00e9enne sacr\u00e9ment cors\u00e9e\" \/>\n<meta name=\"twitter:creator\" content=\"@https:\/\/twitter.com\/Maxime_Caze\" \/>\n<meta name=\"twitter:site\" content=\"@dicodusport\" \/>\n<script type=\"application\/ld+json\" class=\"yoast-schema-graph\">{\"@context\":\"https:\/\/schema.org\",\"@graph\":[{\"@type\":\"NewsArticle\",\"@id\":\"https:\/\/dicodusport.fr\/blog\/chl-les-bruleurs-de-loups-amorcent-une-campagne-europeenne-sacrement-corsee\/#article\",\"isPartOf\":{\"@id\":\"https:\/\/dicodusport.fr\/blog\/chl-les-bruleurs-de-loups-amorcent-une-campagne-europeenne-sacrement-corsee\/\"},\"author\":{\"name\":\"Maxime Cazenave\",\"@id\":\"https:\/\/dicodusport.fr\/blog\/#\/schema\/person\/37def232098a7a5cbab3974a3690abb0\"},\"headline\":\"CHL\u00a0: Les Br\u00fbleurs de Loups amorcent une campagne europ\u00e9enne sacr\u00e9ment cors\u00e9e\",\"datePublished\":\"2022-08-31T06:35:16+00:00\",\"mainEntityOfPage\":{\"@id\":\"https:\/\/dicodusport.fr\/blog\/chl-les-bruleurs-de-loups-amorcent-une-campagne-europeenne-sacrement-corsee\/\"},\"wordCount\":1204,\"commentCount\":0,\"publisher\":{\"@id\":\"https:\/\/dicodusport.fr\/blog\/#organization\"},\"image\":{\"@id\":\"https:\/\/dicodusport.fr\/blog\/chl-les-bruleurs-de-loups-amorcent-une-campagne-europeenne-sacrement-corsee\/#primaryimage\"},\"thumbnailUrl\":\"https:\/\/dicodusport.fr\/blog\/wp-content\/uploads\/2022\/08\/CHL-Les-Bruleurs-de-Loups-amorcent-une-campagne-europeenne-sacrement-corsee.png\",\"keywords\":[\"Br\u00fbleurs de Loups de Grenoble\",\"CHL\",\"Eisbaren Berlin\",\"Fr\u00f6lunda\"],\"articleSection\":[\"Hockey sur glace\"],\"inLanguage\":\"fr-FR\",\"potentialAction\":[{\"@type\":\"CommentAction\",\"name\":\"Comment\",\"target\":[\"https:\/\/dicodusport.fr\/blog\/chl-les-bruleurs-de-loups-amorcent-une-campagne-europeenne-sacrement-corsee\/#respond\"]}],\"copyrightYear\":\"2022\",\"copyrightHolder\":{\"@id\":\"https:\/\/dicodusport.fr\/blog\/#organization\"}},{\"@type\":\"WebPage\",\"@id\":\"https:\/\/dicodusport.fr\/blog\/chl-les-bruleurs-de-loups-amorcent-une-campagne-europeenne-sacrement-corsee\/\",\"url\":\"https:\/\/dicodusport.fr\/blog\/chl-les-bruleurs-de-loups-amorcent-une-campagne-europeenne-sacrement-corsee\/\",\"name\":\"CHL\u00a0: Les Br\u00fbleurs de Loups amorcent une campagne europ\u00e9enne sacr\u00e9ment cors\u00e9e\",\"isPartOf\":{\"@id\":\"https:\/\/dicodusport.fr\/blog\/#website\"},\"primaryImageOfPage\":{\"@id\":\"https:\/\/dicodusport.fr\/blog\/chl-les-bruleurs-de-loups-amorcent-une-campagne-europeenne-sacrement-corsee\/#primaryimage\"},\"image\":{\"@id\":\"https:\/\/dicodusport.fr\/blog\/chl-les-bruleurs-de-loups-amorcent-une-campagne-europeenne-sacrement-corsee\/#primaryimage\"},\"thumbnailUrl\":\"https:\/\/dicodusport.fr\/blog\/wp-content\/uploads\/2022\/08\/CHL-Les-Bruleurs-de-Loups-amorcent-une-campagne-europeenne-sacrement-corsee.png\",\"datePublished\":\"2022-08-31T06:35:16+00:00\",\"description\":\"Pr\u00e9sentation des futurs adversaires des Br\u00fbleurs de Loups de Grenoble en CHL \u00e0 l'heure du premier match face \u00e0 Berlin.\",\"breadcrumb\":{\"@id\":\"https:\/\/dicodusport.fr\/blog\/chl-les-bruleurs-de-loups-amorcent-une-campagne-europeenne-sacrement-corsee\/#breadcrumb\"},\"inLanguage\":\"fr-FR\",\"potentialAction\":[{\"@type\":\"ReadAction\",\"target\":[\"https:\/\/dicodusport.fr\/blog\/chl-les-bruleurs-de-loups-amorcent-une-campagne-europeenne-sacrement-corsee\/\"]}]},{\"@type\":\"ImageObject\",\"inLanguage\":\"fr-FR\",\"@id\":\"https:\/\/dicodusport.fr\/blog\/chl-les-bruleurs-de-loups-amorcent-une-campagne-europeenne-sacrement-corsee\/#primaryimage\",\"url\":\"https:\/\/dicodusport.fr\/blog\/wp-content\/uploads\/2022\/08\/CHL-Les-Bruleurs-de-Loups-amorcent-une-campagne-europeenne-sacrement-corsee.png\",\"contentUrl\":\"https:\/\/dicodusport.fr\/blog\/wp-content\/uploads\/2022\/08\/CHL-Les-Bruleurs-de-Loups-amorcent-une-campagne-europeenne-sacrement-corsee.png\",\"width\":800,\"height\":445,\"caption\":\"CHL\u00a0 Les Br\u00fbleurs de Loups amorcent une campagne europ\u00e9enne sacr\u00e9ment cors\u00e9e\"},{\"@type\":\"BreadcrumbList\",\"@id\":\"https:\/\/dicodusport.fr\/blog\/chl-les-bruleurs-de-loups-amorcent-une-campagne-europeenne-sacrement-corsee\/#breadcrumb\",\"itemListElement\":[{\"@type\":\"ListItem\",\"position\":1,\"name\":\"Accueil\",\"item\":\"https:\/\/dicodusport.fr\/blog\/\"},{\"@type\":\"ListItem\",\"position\":2,\"name\":\"CHL\u00a0: Les Br\u00fbleurs de Loups amorcent une campagne europ\u00e9enne sacr\u00e9ment cors\u00e9e\"}]},{\"@type\":\"WebSite\",\"@id\":\"https:\/\/dicodusport.fr\/blog\/#website\",\"url\":\"https:\/\/dicodusport.fr\/blog\/\",\"name\":\"Dicodusport\",\"description\":\"L&#039;encyclop\u00e9die de l&#039;actualit\u00e9 sportive\",\"publisher\":{\"@id\":\"https:\/\/dicodusport.fr\/blog\/#organization\"},\"potentialAction\":[{\"@type\":\"SearchAction\",\"target\":{\"@type\":\"EntryPoint\",\"urlTemplate\":\"https:\/\/dicodusport.fr\/blog\/?s={search_term_string}\"},\"query-input\":{\"@type\":\"PropertyValueSpecification\",\"valueRequired\":true,\"valueName\":\"search_term_string\"}}],\"inLanguage\":\"fr-FR\"},{\"@type\":\"NewsMediaOrganization\",\"@id\":\"https:\/\/dicodusport.fr\/blog\/#organization\",\"name\":\"Dicodusport\",\"url\":\"https:\/\/dicodusport.fr\/blog\/\",\"logo\":{\"@type\":\"ImageObject\",\"inLanguage\":\"fr-FR\",\"@id\":\"https:\/\/dicodusport.fr\/blog\/#\/schema\/logo\/image\/\",\"url\":\"https:\/\/dicodusport.fr\/blog\/wp-content\/uploads\/2020\/06\/cropped-LOGO-DICODUSPORT-2020-SANS-FOND-SANS-TEXTE.png\",\"contentUrl\":\"https:\/\/dicodusport.fr\/blog\/wp-content\/uploads\/2020\/06\/cropped-LOGO-DICODUSPORT-2020-SANS-FOND-SANS-TEXTE.png\",\"width\":512,\"height\":512,\"caption\":\"Dicodusport\"},\"image\":{\"@id\":\"https:\/\/dicodusport.fr\/blog\/#\/schema\/logo\/image\/\"},\"sameAs\":[\"https:\/\/www.facebook.com\/dicodusport\",\"https:\/\/x.com\/dicodusport\",\"https:\/\/www.instagram.com\/dicodusport\/\",\"https:\/\/www.youtube.com\/channel\/UC7V2KZ5sd3htJivAbA4ZG3w\"],\"description\":\"Dicodusport est l'encyclop\u00e9die de l'actualit\u00e9 sportive.\",\"email\":\"bonjour@dicodusport.fr\",\"legalName\":\"DICODUSPORT\",\"foundingDate\":\"2018-01-14\",\"vatID\":\"FR71834470973\",\"taxID\":\"83447097300043\",\"numberOfEmployees\":{\"@type\":\"QuantitativeValue\",\"minValue\":\"1\",\"maxValue\":\"10\"}},{\"@type\":\"Person\",\"@id\":\"https:\/\/dicodusport.fr\/blog\/#\/schema\/person\/37def232098a7a5cbab3974a3690abb0\",\"name\":\"Maxime Cazenave\",\"image\":{\"@type\":\"ImageObject\",\"inLanguage\":\"fr-FR\",\"@id\":\"https:\/\/dicodusport.fr\/blog\/#\/schema\/person\/image\/\",\"url\":\"https:\/\/dicodusport.fr\/blog\/wp-content\/uploads\/2021\/05\/Maxime-Cazenave-150x150.jpg\",\"contentUrl\":\"https:\/\/dicodusport.fr\/blog\/wp-content\/uploads\/2021\/05\/Maxime-Cazenave-150x150.jpg\",\"caption\":\"Maxime Cazenave\"},\"description\":\"Journaliste\/R\u00e9dacteur depuis 2012 - Berc\u00e9 par l\u2019amour des Girondins de Bordeaux, les \u00e9checs de Christophe Moreau sur le Tour de France sous l'\u00e8re Lance Armstrong et le fade-away l\u00e9tal de Dirk Nowitzki, ma passion d\u00e9vorante pour le sport a toujours \u00e9t\u00e9 un pan incontournable de ma vie. Transmettre ma passion \u00e0 l\u2019\u00e9crit a \u00e9t\u00e9 une transition naturelle. Suiveur assidu de basket et de hockey sur glace, je garde toujours un peu de place pour suivre le cyclisme, le football et le maximum de performances fran\u00e7aises.\",\"sameAs\":[\"https:\/\/x.com\/https:\/\/twitter.com\/Maxime_Caze\"],\"url\":\"https:\/\/dicodusport.fr\/blog\/author\/maximec\/\"}]}<\/script>\n<!-- \/ Yoast SEO Premium plugin. -->","yoast_head_json":{"title":"CHL\u00a0: Les Br\u00fbleurs de Loups amorcent une campagne europ\u00e9enne sacr\u00e9ment cors\u00e9e","description":"Pr\u00e9sentation des futurs adversaires des Br\u00fbleurs de Loups de Grenoble en CHL \u00e0 l'heure du premier match face \u00e0 Berlin.","robots":{"index":"index","follow":"follow","max-snippet":"max-snippet:-1","max-image-preview":"max-image-preview:large","max-video-preview":"max-video-preview:-1"},"canonical":"https:\/\/dicodusport.fr\/blog\/chl-les-bruleurs-de-loups-amorcent-une-campagne-europeenne-sacrement-corsee\/","og_locale":"fr_FR","og_type":"article","og_title":"CHL\u00a0: Les Br\u00fbleurs de Loups amorcent une campagne europ\u00e9enne sacr\u00e9ment cors\u00e9e","og_description":"Pr\u00e9sentation des futurs adversaires des Br\u00fbleurs de Loups de Grenoble en CHL \u00e0 l'heure du premier match face \u00e0 Berlin.","og_url":"https:\/\/dicodusport.fr\/blog\/chl-les-bruleurs-de-loups-amorcent-une-campagne-europeenne-sacrement-corsee\/","og_site_name":"Dicodusport","article_publisher":"https:\/\/www.facebook.com\/dicodusport","article_published_time":"2022-08-31T06:35:16+00:00","og_image":[{"width":800,"height":445,"url":"https:\/\/dicodusport.fr\/blog\/wp-content\/uploads\/2022\/08\/CHL-Les-Bruleurs-de-Loups-amorcent-une-campagne-europeenne-sacrement-corsee.png","type":"image\/png"}],"author":"Maxime Cazenave","twitter_card":"summary_large_image","twitter_title":"CHL\u00a0: Les Br\u00fbleurs de Loups amorcent une campagne europ\u00e9enne sacr\u00e9ment cors\u00e9e","twitter_creator":"@https:\/\/twitter.com\/Maxime_Caze","twitter_site":"@dicodusport","schema":{"@context":"https:\/\/schema.org","@graph":[{"@type":"NewsArticle","@id":"https:\/\/dicodusport.fr\/blog\/chl-les-bruleurs-de-loups-amorcent-une-campagne-europeenne-sacrement-corsee\/#article","isPartOf":{"@id":"https:\/\/dicodusport.fr\/blog\/chl-les-bruleurs-de-loups-amorcent-une-campagne-europeenne-sacrement-corsee\/"},"author":{"name":"Maxime Cazenave","@id":"https:\/\/dicodusport.fr\/blog\/#\/schema\/person\/37def232098a7a5cbab3974a3690abb0"},"headline":"CHL\u00a0: Les Br\u00fbleurs de Loups amorcent une campagne europ\u00e9enne sacr\u00e9ment cors\u00e9e","datePublished":"2022-08-31T06:35:16+00:00","mainEntityOfPage":{"@id":"https:\/\/dicodusport.fr\/blog\/chl-les-bruleurs-de-loups-amorcent-une-campagne-europeenne-sacrement-corsee\/"},"wordCount":1204,"commentCount":0,"publisher":{"@id":"https:\/\/dicodusport.fr\/blog\/#organization"},"image":{"@id":"https:\/\/dicodusport.fr\/blog\/chl-les-bruleurs-de-loups-amorcent-une-campagne-europeenne-sacrement-corsee\/#primaryimage"},"thumbnailUrl":"https:\/\/dicodusport.fr\/blog\/wp-content\/uploads\/2022\/08\/CHL-Les-Bruleurs-de-Loups-amorcent-une-campagne-europeenne-sacrement-corsee.png","keywords":["Br\u00fbleurs de Loups de Grenoble","CHL","Eisbaren Berlin","Fr\u00f6lunda"],"articleSection":["Hockey sur glace"],"inLanguage":"fr-FR","potentialAction":[{"@type":"CommentAction","name":"Comment","target":["https:\/\/dicodusport.fr\/blog\/chl-les-bruleurs-de-loups-amorcent-une-campagne-europeenne-sacrement-corsee\/#respond"]}],"copyrightYear":"2022","copyrightHolder":{"@id":"https:\/\/dicodusport.fr\/blog\/#organization"}},{"@type":"WebPage","@id":"https:\/\/dicodusport.fr\/blog\/chl-les-bruleurs-de-loups-amorcent-une-campagne-europeenne-sacrement-corsee\/","url":"https:\/\/dicodusport.fr\/blog\/chl-les-bruleurs-de-loups-amorcent-une-campagne-europeenne-sacrement-corsee\/","name":"CHL\u00a0: Les Br\u00fbleurs de Loups amorcent une campagne europ\u00e9enne sacr\u00e9ment cors\u00e9e","isPartOf":{"@id":"https:\/\/dicodusport.fr\/blog\/#website"},"primaryImageOfPage":{"@id":"https:\/\/dicodusport.fr\/blog\/chl-les-bruleurs-de-loups-amorcent-une-campagne-europeenne-sacrement-corsee\/#primaryimage"},"image":{"@id":"https:\/\/dicodusport.fr\/blog\/chl-les-bruleurs-de-loups-amorcent-une-campagne-europeenne-sacrement-corsee\/#primaryimage"},"thumbnailUrl":"https:\/\/dicodusport.fr\/blog\/wp-content\/uploads\/2022\/08\/CHL-Les-Bruleurs-de-Loups-amorcent-une-campagne-europeenne-sacrement-corsee.png","datePublished":"2022-08-31T06:35:16+00:00","description":"Pr\u00e9sentation des futurs adversaires des Br\u00fbleurs de Loups de Grenoble en CHL \u00e0 l'heure du premier match face \u00e0 Berlin.","breadcrumb":{"@id":"https:\/\/dicodusport.fr\/blog\/chl-les-bruleurs-de-loups-amorcent-une-campagne-europeenne-sacrement-corsee\/#breadcrumb"},"inLanguage":"fr-FR","potentialAction":[{"@type":"ReadAction","target":["https:\/\/dicodusport.fr\/blog\/chl-les-bruleurs-de-loups-amorcent-une-campagne-europeenne-sacrement-corsee\/"]}]},{"@type":"ImageObject","inLanguage":"fr-FR","@id":"https:\/\/dicodusport.fr\/blog\/chl-les-bruleurs-de-loups-amorcent-une-campagne-europeenne-sacrement-corsee\/#primaryimage","url":"https:\/\/dicodusport.fr\/blog\/wp-content\/uploads\/2022\/08\/CHL-Les-Bruleurs-de-Loups-amorcent-une-campagne-europeenne-sacrement-corsee.png","contentUrl":"https:\/\/dicodusport.fr\/blog\/wp-content\/uploads\/2022\/08\/CHL-Les-Bruleurs-de-Loups-amorcent-une-campagne-europeenne-sacrement-corsee.png","width":800,"height":445,"caption":"CHL\u00a0 Les Br\u00fbleurs de Loups amorcent une campagne europ\u00e9enne sacr\u00e9ment cors\u00e9e"},{"@type":"BreadcrumbList","@id":"https:\/\/dicodusport.fr\/blog\/chl-les-bruleurs-de-loups-amorcent-une-campagne-europeenne-sacrement-corsee\/#breadcrumb","itemListElement":[{"@type":"ListItem","position":1,"name":"Accueil","item":"https:\/\/dicodusport.fr\/blog\/"},{"@type":"ListItem","position":2,"name":"CHL\u00a0: Les Br\u00fbleurs de Loups amorcent une campagne europ\u00e9enne sacr\u00e9ment cors\u00e9e"}]},{"@type":"WebSite","@id":"https:\/\/dicodusport.fr\/blog\/#website","url":"https:\/\/dicodusport.fr\/blog\/","name":"Dicodusport","description":"L&#039;encyclop\u00e9die de l&#039;actualit\u00e9 sportive","publisher":{"@id":"https:\/\/dicodusport.fr\/blog\/#organization"},"potentialAction":[{"@type":"SearchAction","target":{"@type":"EntryPoint","urlTemplate":"https:\/\/dicodusport.fr\/blog\/?s={search_term_string}"},"query-input":{"@type":"PropertyValueSpecification","valueRequired":true,"valueName":"search_term_string"}}],"inLanguage":"fr-FR"},{"@type":"NewsMediaOrganization","@id":"https:\/\/dicodusport.fr\/blog\/#organization","name":"Dicodusport","url":"https:\/\/dicodusport.fr\/blog\/","logo":{"@type":"ImageObject","inLanguage":"fr-FR","@id":"https:\/\/dicodusport.fr\/blog\/#\/schema\/logo\/image\/","url":"https:\/\/dicodusport.fr\/blog\/wp-content\/uploads\/2020\/06\/cropped-LOGO-DICODUSPORT-2020-SANS-FOND-SANS-TEXTE.png","contentUrl":"https:\/\/dicodusport.fr\/blog\/wp-content\/uploads\/2020\/06\/cropped-LOGO-DICODUSPORT-2020-SANS-FOND-SANS-TEXTE.png","width":512,"height":512,"caption":"Dicodusport"},"image":{"@id":"https:\/\/dicodusport.fr\/blog\/#\/schema\/logo\/image\/"},"sameAs":["https:\/\/www.facebook.com\/dicodusport","https:\/\/x.com\/dicodusport","https:\/\/www.instagram.com\/dicodusport\/","https:\/\/www.youtube.com\/channel\/UC7V2KZ5sd3htJivAbA4ZG3w"],"description":"Dicodusport est l'encyclop\u00e9die de l'actualit\u00e9 sportive.","email":"bonjour@dicodusport.fr","legalName":"DICODUSPORT","foundingDate":"2018-01-14","vatID":"FR71834470973","taxID":"83447097300043","numberOfEmployees":{"@type":"QuantitativeValue","minValue":"1","maxValue":"10"}},{"@type":"Person","@id":"https:\/\/dicodusport.fr\/blog\/#\/schema\/person\/37def232098a7a5cbab3974a3690abb0","name":"Maxime Cazenave","image":{"@type":"ImageObject","inLanguage":"fr-FR","@id":"https:\/\/dicodusport.fr\/blog\/#\/schema\/person\/image\/","url":"https:\/\/dicodusport.fr\/blog\/wp-content\/uploads\/2021\/05\/Maxime-Cazenave-150x150.jpg","contentUrl":"https:\/\/dicodusport.fr\/blog\/wp-content\/uploads\/2021\/05\/Maxime-Cazenave-150x150.jpg","caption":"Maxime Cazenave"},"description":"Journaliste\/R\u00e9dacteur depuis 2012 - Berc\u00e9 par l\u2019amour des Girondins de Bordeaux, les \u00e9checs de Christophe Moreau sur le Tour de France sous l'\u00e8re Lance Armstrong et le fade-away l\u00e9tal de Dirk Nowitzki, ma passion d\u00e9vorante pour le sport a toujours \u00e9t\u00e9 un pan incontournable de ma vie. Transmettre ma passion \u00e0 l\u2019\u00e9crit a \u00e9t\u00e9 une transition naturelle. Suiveur assidu de basket et de hockey sur glace, je garde toujours un peu de place pour suivre le cyclisme, le football et le maximum de performances fran\u00e7aises.","sameAs":["https:\/\/x.com\/https:\/\/twitter.com\/Maxime_Caze"],"url":"https:\/\/dicodusport.fr\/blog\/author\/maximec\/"}]}},"_links":{"self":[{"href":"https:\/\/dicodusport.fr\/blog\/wp-json\/wp\/v2\/posts\/257732","targetHints":{"allow":["GET"]}}],"collection":[{"href":"https:\/\/dicodusport.fr\/blog\/wp-json\/wp\/v2\/posts"}],"about":[{"href":"https:\/\/dicodusport.fr\/blog\/wp-json\/wp\/v2\/types\/post"}],"author":[{"embeddable":true,"href":"https:\/\/dicodusport.fr\/blog\/wp-json\/wp\/v2\/users\/55"}],"replies":[{"embeddable":true,"href":"https:\/\/dicodusport.fr\/blog\/wp-json\/wp\/v2\/comments?post=257732"}],"version-history":[{"count":0,"href":"https:\/\/dicodusport.fr\/blog\/wp-json\/wp\/v2\/posts\/257732\/revisions"}],"wp:featuredmedia":[{"embeddable":true,"href":"https:\/\/dicodusport.fr\/blog\/wp-json\/wp\/v2\/media\/257754"}],"wp:attachment":[{"href":"https:\/\/dicodusport.fr\/blog\/wp-json\/wp\/v2\/media?parent=257732"}],"wp:term":[{"taxonomy":"category","embeddable":true,"href":"https:\/\/dicodusport.fr\/blog\/wp-json\/wp\/v2\/categories?post=257732"},{"taxonomy":"post_tag","embeddable":true,"href":"https:\/\/dicodusport.fr\/blog\/wp-json\/wp\/v2\/tags?post=257732"}],"curies":[{"name":"wp","href":"https:\/\/api.w.org\/{rel}","templated":true}]}}