{"id":257775,"date":"2022-08-31T10:46:06","date_gmt":"2022-08-31T08:46:06","guid":{"rendered":"https:\/\/dicodusport.fr\/blog\/?p=257775&#038;preview=true&#038;preview_id=257775"},"modified":"2022-08-31T10:46:06","modified_gmt":"2022-08-31T08:46:06","slug":"pierre-gasly-chez-alpine-red-bull-ne-ferme-pas-la-porte-a-un-depart-du-francais","status":"publish","type":"post","link":"https:\/\/dicodusport.fr\/blog\/pierre-gasly-chez-alpine-red-bull-ne-ferme-pas-la-porte-a-un-depart-du-francais\/","title":{"rendered":"Pierre Gasly chez Alpine ? Red Bull ne ferme pas la porte \u00e0 un d\u00e9part du Fran\u00e7ais"},"content":{"rendered":"<p style=\"text-align: justify;\"><b><i><a href=\"https:\/\/dicodusport.fr\/blog\/actualites\/sports-mecaniques\/formule-1\/f1-2023\/\">F1 2023<\/a> &#8211; Un duo franco-fran\u00e7ais chez Alpine en 2023 ? C&rsquo;est en tout cas l&rsquo;une des rumeurs qui enflent dans le paddock depuis le GP de Belgique le week-end dernier. Pierre Gasly (AlphaTauri) pourrait en effet rebondir au sein de l&rsquo;\u00e9curie fran\u00e7aise. Et Red Bull, avec qui le Normand est sous contrat, ne ferme pas la porte.<\/i><\/b><\/p>\n<p style=\"text-align: justify;\">La rumeur enfle. Et elle est bien aliment\u00e9e par les cadres de Red Bull. Si <strong>Helmut Marko<\/strong>, l&rsquo;un des hommes forts de Red Bull Racing, a confirm\u00e9 qu&rsquo;il n&rsquo;y avait pas de clause lib\u00e9ratoire dans le contrat de <strong>Pierre Gasly<\/strong>, il n&rsquo;a pas non plus ferm\u00e9 la porte \u00e0 un d\u00e9part du Fran\u00e7ais, comme l&rsquo;a confirm\u00e9 <em>Michael Schmidt (Auto Motor und Sport)<\/em>. M\u00eame chose du c\u00f4t\u00e9 de <strong>Christian Horner<\/strong>. Le patron de l&rsquo;\u00e9curie Red Bull, dans des propos rapport\u00e9s par <em>Sky Sports<\/em>, n&rsquo;exclut rien, bien au contraire.<\/p>\n<blockquote>\n<p style=\"text-align: justify;\">Le march\u00e9 des transferts est assez volatile pour le moment. Pour nous, \u00e9videmment, Pierre est toujours un pilote sous contrat avec Red Bull Racing jusqu\u2019\u00e0 la fin de la saison prochaine. Mais bien s\u00fbr, nous avons un contrat avec Checo [Perez] pour les deux prochaines ann\u00e9es et Max est sign\u00e9 sur le long terme. Il faut voir ce qui peut se passer pour Pierre dans les bonnes circonstances.<\/p>\n<\/blockquote>\n<h2 style=\"text-align: justify;\">Tout d\u00e9pendra de l&rsquo;issue de l&rsquo;affaire Piastri<\/h2>\n<p style=\"text-align: justify;\">Et c&rsquo;est bien cette derni\u00e8re phrase, prononc\u00e9e par <strong>Christian Horner<\/strong>, qui prouve que RBR ne serait pas contre un d\u00e9part du pilote normand aux 100 Grands Prix en F1. N\u00e9anmoins, le boss de l&rsquo;\u00e9curie britanno-autrichienne a soulev\u00e9 un point important : tout d\u00e9pendra de l&rsquo;issue de l&rsquo;affaire <strong>Oscar Piastri<\/strong>. En effet, le Comit\u00e9 de Reconnaissance des Contrats de la FIA (CRB) doit se prononcer sur la validit\u00e9, ou non, du contrat liant le pilote australien \u00e0 Alpine, <strong>Piastri<\/strong> ayant, pour rappel, <a href=\"https:\/\/dicodusport.fr\/blog\/oscar-piastri-cest-faux-je-nai-pas-signe-de-contrat-pour-alpine\/\">d\u00e9menti avoir sign\u00e9 un contrat avec l&rsquo;\u00e9curie fran\u00e7aise pour 2023<\/a>. Le pilote de 21 ans est en effet envoy\u00e9 chez McLaren la saison prochaine, o\u00f9 il aurait d\u00e9j\u00e0 sign\u00e9 un contrat, ce dernier \u00e9tant \u00e9galement examin\u00e9 par le CRB.<\/p>\n<p style=\"text-align: justify;\">Ainsi, si le Comit\u00e9 estime que le contrat d&rsquo;Alpine est l\u00e9gal, la firme britannique devra d\u00e9dommager l&rsquo;\u00e9curie fran\u00e7aise pour signer <strong>Oscar Piastri<\/strong>. De l&rsquo;argent qui pourrait alors servir \u00e0 s&rsquo;attacher les services de <strong>Pierre Gasly<\/strong> en vue de la saison 2023, pour former un tandem 100 % fran\u00e7ais ? Les choses devraient se d\u00e9canter dans les prochains jours.<\/p>\n<blockquote class=\"twitter-tweet\">\n<p dir=\"ltr\" lang=\"fr\">&#x1f534; Selon Michael Schmidt de chez <a href=\"https:\/\/twitter.com\/hashtag\/AMuS?src=hash&amp;ref_src=twsrc%5Etfw\">#AMuS<\/a>, Helmut Marko a confirm\u00e9 que Red Bull ne s&rsquo;opposerait pas \u00e0 un transfert de Pierre Gasly chez Alpine.<\/p>\n<p>Cependant, ils attendent qu&rsquo;une bonne offre d&rsquo;Alpine pour Pierre Gasly soit faite pour le lib\u00e9rer de son contrat avec Red Bull. &#x1f4c4;<a href=\"https:\/\/twitter.com\/hashtag\/F1?src=hash&amp;ref_src=twsrc%5Etfw\">#F1<\/a> <a href=\"https:\/\/t.co\/4FYfP9h6bc\">pic.twitter.com\/4FYfP9h6bc<\/a><\/p>\n<p>\u2014 Off Track (@OffTrack_FR) <a href=\"https:\/\/twitter.com\/OffTrack_FR\/status\/1564674365366718466?ref_src=twsrc%5Etfw\">August 30, 2022<\/a><\/p><\/blockquote>\n<p><script async src=\"https:\/\/platform.twitter.com\/widgets.js\" charset=\"utf-8\"><\/script><\/p>\n<p>&nbsp;<\/p>\n","protected":false},"excerpt":{"rendered":"<p>F1 2023 &#8211; Un duo franco-fran\u00e7ais chez Alpine en 2023 ? C&rsquo;est en tout cas l&rsquo;une des rumeurs qui enflent dans le paddock depuis le GP de Belgique le week-end dernier. Pierre Gasly (AlphaTauri) pourrait en effet rebondir au sein de l&rsquo;\u00e9curie fran\u00e7aise. Et Red Bull, avec qui le Normand est sous contrat, ne ferme pas la porte.<\/p>\n","protected":false},"author":4,"featured_media":257782,"comment_status":"open","ping_status":"closed","sticky":false,"template":"","format":"standard","meta":{"_acf_changed":false,"_daextam_enable_autolinks":"","footnotes":""},"categories":[8653],"tags":[11586,3166,4216],"class_list":["post-257775","post","type-post","status-publish","format-standard","has-post-thumbnail","hentry","category-formule-1","tag-alpine","tag-f1","tag-pierre-gasly"],"acf":[],"yoast_head":"<!-- This site is optimized with the Yoast SEO Premium plugin v26.7 (Yoast SEO v26.7) - https:\/\/yoast.com\/wordpress\/plugins\/seo\/ -->\n<title>Pierre Gasly chez Alpine ? Red Bull ne ferme pas la porte \u00e0 un d\u00e9part du Fran\u00e7ais<\/title>\n<meta name=\"description\" content=\"F1 2023 - Un duo franco-fran\u00e7ais chez Alpine en 2023 ? C&#039;est en tout cas l&#039;une des rumeurs qui enflent dans le paddock.\" \/>\n<meta name=\"robots\" content=\"index, follow, max-snippet:-1, max-image-preview:large, max-video-preview:-1\" \/>\n<link rel=\"canonical\" href=\"https:\/\/dicodusport.fr\/blog\/pierre-gasly-chez-alpine-red-bull-ne-ferme-pas-la-porte-a-un-depart-du-francais\/\" \/>\n<meta property=\"og:locale\" content=\"fr_FR\" \/>\n<meta property=\"og:type\" content=\"article\" \/>\n<meta property=\"og:title\" content=\"Pierre Gasly chez Alpine ? Red Bull ne ferme pas la porte \u00e0 un d\u00e9part du Fran\u00e7ais\" \/>\n<meta property=\"og:description\" content=\"F1 2023 - Un duo franco-fran\u00e7ais chez Alpine en 2023 ? C&#039;est en tout cas l&#039;une des rumeurs qui enflent dans le paddock.\" \/>\n<meta property=\"og:url\" content=\"https:\/\/dicodusport.fr\/blog\/pierre-gasly-chez-alpine-red-bull-ne-ferme-pas-la-porte-a-un-depart-du-francais\/\" \/>\n<meta property=\"og:site_name\" content=\"Dicodusport\" \/>\n<meta property=\"article:publisher\" content=\"https:\/\/www.facebook.com\/dicodusport\" \/>\n<meta property=\"article:author\" content=\"https:\/\/www.facebook.com\/florent.ostermann\" \/>\n<meta property=\"article:published_time\" content=\"2022-08-31T08:46:06+00:00\" \/>\n<meta property=\"og:image\" content=\"https:\/\/dicodusport.fr\/blog\/wp-content\/uploads\/2022\/08\/Pierre-Gasly-chez-Alpine-Red-Bull-ne-ferme-pas-la-porte-a-un-depart-du-Francais.png\" \/>\n\t<meta property=\"og:image:width\" content=\"800\" \/>\n\t<meta property=\"og:image:height\" content=\"445\" \/>\n\t<meta property=\"og:image:type\" content=\"image\/png\" \/>\n<meta name=\"author\" content=\"Flo Ostermann\" \/>\n<meta name=\"twitter:card\" content=\"summary_large_image\" \/>\n<meta name=\"twitter:title\" content=\"Pierre Gasly chez Alpine ? Red Bull ne ferme pas la porte \u00e0 un d\u00e9part du Fran\u00e7ais\" \/>\n<meta name=\"twitter:creator\" content=\"@https:\/\/twitter.com\/FlOstermann\" \/>\n<meta name=\"twitter:site\" content=\"@dicodusport\" \/>\n<script type=\"application\/ld+json\" class=\"yoast-schema-graph\">{\"@context\":\"https:\/\/schema.org\",\"@graph\":[{\"@type\":\"NewsArticle\",\"@id\":\"https:\/\/dicodusport.fr\/blog\/pierre-gasly-chez-alpine-red-bull-ne-ferme-pas-la-porte-a-un-depart-du-francais\/#article\",\"isPartOf\":{\"@id\":\"https:\/\/dicodusport.fr\/blog\/pierre-gasly-chez-alpine-red-bull-ne-ferme-pas-la-porte-a-un-depart-du-francais\/\"},\"author\":{\"name\":\"Flo Ostermann\",\"@id\":\"https:\/\/dicodusport.fr\/blog\/#\/schema\/person\/cb02af4c173ce4a653b55e9baf388d4a\"},\"headline\":\"Pierre Gasly chez Alpine ? Red Bull ne ferme pas la porte \u00e0 un d\u00e9part du Fran\u00e7ais\",\"datePublished\":\"2022-08-31T08:46:06+00:00\",\"mainEntityOfPage\":{\"@id\":\"https:\/\/dicodusport.fr\/blog\/pierre-gasly-chez-alpine-red-bull-ne-ferme-pas-la-porte-a-un-depart-du-francais\/\"},\"wordCount\":513,\"commentCount\":0,\"publisher\":{\"@id\":\"https:\/\/dicodusport.fr\/blog\/#organization\"},\"image\":{\"@id\":\"https:\/\/dicodusport.fr\/blog\/pierre-gasly-chez-alpine-red-bull-ne-ferme-pas-la-porte-a-un-depart-du-francais\/#primaryimage\"},\"thumbnailUrl\":\"https:\/\/dicodusport.fr\/blog\/wp-content\/uploads\/2022\/08\/Pierre-Gasly-chez-Alpine-Red-Bull-ne-ferme-pas-la-porte-a-un-depart-du-Francais.png\",\"keywords\":[\"Alpine\",\"F1\",\"Pierre Gasly\"],\"articleSection\":[\"Formule 1\"],\"inLanguage\":\"fr-FR\",\"potentialAction\":[{\"@type\":\"CommentAction\",\"name\":\"Comment\",\"target\":[\"https:\/\/dicodusport.fr\/blog\/pierre-gasly-chez-alpine-red-bull-ne-ferme-pas-la-porte-a-un-depart-du-francais\/#respond\"]}],\"copyrightYear\":\"2022\",\"copyrightHolder\":{\"@id\":\"https:\/\/dicodusport.fr\/blog\/#organization\"}},{\"@type\":\"WebPage\",\"@id\":\"https:\/\/dicodusport.fr\/blog\/pierre-gasly-chez-alpine-red-bull-ne-ferme-pas-la-porte-a-un-depart-du-francais\/\",\"url\":\"https:\/\/dicodusport.fr\/blog\/pierre-gasly-chez-alpine-red-bull-ne-ferme-pas-la-porte-a-un-depart-du-francais\/\",\"name\":\"Pierre Gasly chez Alpine ? Red Bull ne ferme pas la porte \u00e0 un d\u00e9part du Fran\u00e7ais\",\"isPartOf\":{\"@id\":\"https:\/\/dicodusport.fr\/blog\/#website\"},\"primaryImageOfPage\":{\"@id\":\"https:\/\/dicodusport.fr\/blog\/pierre-gasly-chez-alpine-red-bull-ne-ferme-pas-la-porte-a-un-depart-du-francais\/#primaryimage\"},\"image\":{\"@id\":\"https:\/\/dicodusport.fr\/blog\/pierre-gasly-chez-alpine-red-bull-ne-ferme-pas-la-porte-a-un-depart-du-francais\/#primaryimage\"},\"thumbnailUrl\":\"https:\/\/dicodusport.fr\/blog\/wp-content\/uploads\/2022\/08\/Pierre-Gasly-chez-Alpine-Red-Bull-ne-ferme-pas-la-porte-a-un-depart-du-Francais.png\",\"datePublished\":\"2022-08-31T08:46:06+00:00\",\"description\":\"F1 2023 - Un duo franco-fran\u00e7ais chez Alpine en 2023 ? C'est en tout cas l'une des rumeurs qui enflent dans le paddock.\",\"breadcrumb\":{\"@id\":\"https:\/\/dicodusport.fr\/blog\/pierre-gasly-chez-alpine-red-bull-ne-ferme-pas-la-porte-a-un-depart-du-francais\/#breadcrumb\"},\"inLanguage\":\"fr-FR\",\"potentialAction\":[{\"@type\":\"ReadAction\",\"target\":[\"https:\/\/dicodusport.fr\/blog\/pierre-gasly-chez-alpine-red-bull-ne-ferme-pas-la-porte-a-un-depart-du-francais\/\"]}]},{\"@type\":\"ImageObject\",\"inLanguage\":\"fr-FR\",\"@id\":\"https:\/\/dicodusport.fr\/blog\/pierre-gasly-chez-alpine-red-bull-ne-ferme-pas-la-porte-a-un-depart-du-francais\/#primaryimage\",\"url\":\"https:\/\/dicodusport.fr\/blog\/wp-content\/uploads\/2022\/08\/Pierre-Gasly-chez-Alpine-Red-Bull-ne-ferme-pas-la-porte-a-un-depart-du-Francais.png\",\"contentUrl\":\"https:\/\/dicodusport.fr\/blog\/wp-content\/uploads\/2022\/08\/Pierre-Gasly-chez-Alpine-Red-Bull-ne-ferme-pas-la-porte-a-un-depart-du-Francais.png\",\"width\":800,\"height\":445,\"caption\":\"Pierre Gasly chez Alpine Red Bull ne ferme pas la porte \u00e0 un d\u00e9part du Fran\u00e7ais\"},{\"@type\":\"BreadcrumbList\",\"@id\":\"https:\/\/dicodusport.fr\/blog\/pierre-gasly-chez-alpine-red-bull-ne-ferme-pas-la-porte-a-un-depart-du-francais\/#breadcrumb\",\"itemListElement\":[{\"@type\":\"ListItem\",\"position\":1,\"name\":\"Accueil\",\"item\":\"https:\/\/dicodusport.fr\/blog\/\"},{\"@type\":\"ListItem\",\"position\":2,\"name\":\"Pierre Gasly chez Alpine ? Red Bull ne ferme pas la porte \u00e0 un d\u00e9part du Fran\u00e7ais\"}]},{\"@type\":\"WebSite\",\"@id\":\"https:\/\/dicodusport.fr\/blog\/#website\",\"url\":\"https:\/\/dicodusport.fr\/blog\/\",\"name\":\"Dicodusport\",\"description\":\"L&#039;encyclop\u00e9die de l&#039;actualit\u00e9 sportive\",\"publisher\":{\"@id\":\"https:\/\/dicodusport.fr\/blog\/#organization\"},\"potentialAction\":[{\"@type\":\"SearchAction\",\"target\":{\"@type\":\"EntryPoint\",\"urlTemplate\":\"https:\/\/dicodusport.fr\/blog\/?s={search_term_string}\"},\"query-input\":{\"@type\":\"PropertyValueSpecification\",\"valueRequired\":true,\"valueName\":\"search_term_string\"}}],\"inLanguage\":\"fr-FR\"},{\"@type\":\"NewsMediaOrganization\",\"@id\":\"https:\/\/dicodusport.fr\/blog\/#organization\",\"name\":\"Dicodusport\",\"url\":\"https:\/\/dicodusport.fr\/blog\/\",\"logo\":{\"@type\":\"ImageObject\",\"inLanguage\":\"fr-FR\",\"@id\":\"https:\/\/dicodusport.fr\/blog\/#\/schema\/logo\/image\/\",\"url\":\"https:\/\/dicodusport.fr\/blog\/wp-content\/uploads\/2020\/06\/cropped-LOGO-DICODUSPORT-2020-SANS-FOND-SANS-TEXTE.png\",\"contentUrl\":\"https:\/\/dicodusport.fr\/blog\/wp-content\/uploads\/2020\/06\/cropped-LOGO-DICODUSPORT-2020-SANS-FOND-SANS-TEXTE.png\",\"width\":512,\"height\":512,\"caption\":\"Dicodusport\"},\"image\":{\"@id\":\"https:\/\/dicodusport.fr\/blog\/#\/schema\/logo\/image\/\"},\"sameAs\":[\"https:\/\/www.facebook.com\/dicodusport\",\"https:\/\/x.com\/dicodusport\",\"https:\/\/www.instagram.com\/dicodusport\/\",\"https:\/\/www.youtube.com\/channel\/UC7V2KZ5sd3htJivAbA4ZG3w\"],\"description\":\"Dicodusport est l'encyclop\u00e9die de l'actualit\u00e9 sportive.\",\"email\":\"bonjour@dicodusport.fr\",\"legalName\":\"DICODUSPORT\",\"foundingDate\":\"2018-01-14\",\"vatID\":\"FR71834470973\",\"taxID\":\"83447097300043\",\"numberOfEmployees\":{\"@type\":\"QuantitativeValue\",\"minValue\":\"1\",\"maxValue\":\"10\"}},{\"@type\":\"Person\",\"@id\":\"https:\/\/dicodusport.fr\/blog\/#\/schema\/person\/cb02af4c173ce4a653b55e9baf388d4a\",\"name\":\"Flo Ostermann\",\"image\":{\"@type\":\"ImageObject\",\"inLanguage\":\"fr-FR\",\"@id\":\"https:\/\/dicodusport.fr\/blog\/#\/schema\/person\/image\/\",\"url\":\"https:\/\/dicodusport.fr\/blog\/wp-content\/uploads\/2021\/05\/Flo-Ostermann-150x150.jpg\",\"contentUrl\":\"https:\/\/dicodusport.fr\/blog\/wp-content\/uploads\/2021\/05\/Flo-Ostermann-150x150.jpg\",\"caption\":\"Flo Ostermann\"},\"description\":\"Journaliste\/R\u00e9dacteur depuis septembre 2015 - Mes premiers souvenirs dans le sport ? Les envol\u00e9es du Stade Toulousain et les duels Villeneuve-Schumacher et H\u00e4kkinen-Schumacher \u00e0 la fin des ann\u00e9es 90, la Coupe du monde de football en 1998, l\u2019exploit du XV de France face aux All Blacks en 1999, mais aussi Richard C\u0153ur de Lion qui vole sur les montagnes du Tour de France. Bien parti pour devenir professeur d\u2019EPS, les \u00e9v\u00e9nements de la vie (et la flemme d\u2019animer des s\u00e9ances de 3x500 m\u00e8tres toute ma vie) m\u2019ont conduit \u00e0 revoir mes plans. Me voil\u00e0 depuis fin 2017 sur Dicodusport, m\u00e9dia gr\u00e2ce (et pour) lequel je partage ma passion : le sport dans tous ses \u00e9tats. Le tout accompagn\u00e9 par les fous furieux et folles furieuses cit\u00e9s sur cette page !\",\"sameAs\":[\"https:\/\/www.facebook.com\/florent.ostermann\",\"https:\/\/x.com\/https:\/\/twitter.com\/FlOstermann\",\"admin\"],\"url\":\"https:\/\/dicodusport.fr\/blog\/author\/flo\/\"}]}<\/script>\n<!-- \/ Yoast SEO Premium plugin. -->","yoast_head_json":{"title":"Pierre Gasly chez Alpine ? Red Bull ne ferme pas la porte \u00e0 un d\u00e9part du Fran\u00e7ais","description":"F1 2023 - Un duo franco-fran\u00e7ais chez Alpine en 2023 ? C'est en tout cas l'une des rumeurs qui enflent dans le paddock.","robots":{"index":"index","follow":"follow","max-snippet":"max-snippet:-1","max-image-preview":"max-image-preview:large","max-video-preview":"max-video-preview:-1"},"canonical":"https:\/\/dicodusport.fr\/blog\/pierre-gasly-chez-alpine-red-bull-ne-ferme-pas-la-porte-a-un-depart-du-francais\/","og_locale":"fr_FR","og_type":"article","og_title":"Pierre Gasly chez Alpine ? Red Bull ne ferme pas la porte \u00e0 un d\u00e9part du Fran\u00e7ais","og_description":"F1 2023 - Un duo franco-fran\u00e7ais chez Alpine en 2023 ? C'est en tout cas l'une des rumeurs qui enflent dans le paddock.","og_url":"https:\/\/dicodusport.fr\/blog\/pierre-gasly-chez-alpine-red-bull-ne-ferme-pas-la-porte-a-un-depart-du-francais\/","og_site_name":"Dicodusport","article_publisher":"https:\/\/www.facebook.com\/dicodusport","article_author":"https:\/\/www.facebook.com\/florent.ostermann","article_published_time":"2022-08-31T08:46:06+00:00","og_image":[{"width":800,"height":445,"url":"https:\/\/dicodusport.fr\/blog\/wp-content\/uploads\/2022\/08\/Pierre-Gasly-chez-Alpine-Red-Bull-ne-ferme-pas-la-porte-a-un-depart-du-Francais.png","type":"image\/png"}],"author":"Flo Ostermann","twitter_card":"summary_large_image","twitter_title":"Pierre Gasly chez Alpine ? Red Bull ne ferme pas la porte \u00e0 un d\u00e9part du Fran\u00e7ais","twitter_creator":"@https:\/\/twitter.com\/FlOstermann","twitter_site":"@dicodusport","schema":{"@context":"https:\/\/schema.org","@graph":[{"@type":"NewsArticle","@id":"https:\/\/dicodusport.fr\/blog\/pierre-gasly-chez-alpine-red-bull-ne-ferme-pas-la-porte-a-un-depart-du-francais\/#article","isPartOf":{"@id":"https:\/\/dicodusport.fr\/blog\/pierre-gasly-chez-alpine-red-bull-ne-ferme-pas-la-porte-a-un-depart-du-francais\/"},"author":{"name":"Flo Ostermann","@id":"https:\/\/dicodusport.fr\/blog\/#\/schema\/person\/cb02af4c173ce4a653b55e9baf388d4a"},"headline":"Pierre Gasly chez Alpine ? Red Bull ne ferme pas la porte \u00e0 un d\u00e9part du Fran\u00e7ais","datePublished":"2022-08-31T08:46:06+00:00","mainEntityOfPage":{"@id":"https:\/\/dicodusport.fr\/blog\/pierre-gasly-chez-alpine-red-bull-ne-ferme-pas-la-porte-a-un-depart-du-francais\/"},"wordCount":513,"commentCount":0,"publisher":{"@id":"https:\/\/dicodusport.fr\/blog\/#organization"},"image":{"@id":"https:\/\/dicodusport.fr\/blog\/pierre-gasly-chez-alpine-red-bull-ne-ferme-pas-la-porte-a-un-depart-du-francais\/#primaryimage"},"thumbnailUrl":"https:\/\/dicodusport.fr\/blog\/wp-content\/uploads\/2022\/08\/Pierre-Gasly-chez-Alpine-Red-Bull-ne-ferme-pas-la-porte-a-un-depart-du-Francais.png","keywords":["Alpine","F1","Pierre Gasly"],"articleSection":["Formule 1"],"inLanguage":"fr-FR","potentialAction":[{"@type":"CommentAction","name":"Comment","target":["https:\/\/dicodusport.fr\/blog\/pierre-gasly-chez-alpine-red-bull-ne-ferme-pas-la-porte-a-un-depart-du-francais\/#respond"]}],"copyrightYear":"2022","copyrightHolder":{"@id":"https:\/\/dicodusport.fr\/blog\/#organization"}},{"@type":"WebPage","@id":"https:\/\/dicodusport.fr\/blog\/pierre-gasly-chez-alpine-red-bull-ne-ferme-pas-la-porte-a-un-depart-du-francais\/","url":"https:\/\/dicodusport.fr\/blog\/pierre-gasly-chez-alpine-red-bull-ne-ferme-pas-la-porte-a-un-depart-du-francais\/","name":"Pierre Gasly chez Alpine ? Red Bull ne ferme pas la porte \u00e0 un d\u00e9part du Fran\u00e7ais","isPartOf":{"@id":"https:\/\/dicodusport.fr\/blog\/#website"},"primaryImageOfPage":{"@id":"https:\/\/dicodusport.fr\/blog\/pierre-gasly-chez-alpine-red-bull-ne-ferme-pas-la-porte-a-un-depart-du-francais\/#primaryimage"},"image":{"@id":"https:\/\/dicodusport.fr\/blog\/pierre-gasly-chez-alpine-red-bull-ne-ferme-pas-la-porte-a-un-depart-du-francais\/#primaryimage"},"thumbnailUrl":"https:\/\/dicodusport.fr\/blog\/wp-content\/uploads\/2022\/08\/Pierre-Gasly-chez-Alpine-Red-Bull-ne-ferme-pas-la-porte-a-un-depart-du-Francais.png","datePublished":"2022-08-31T08:46:06+00:00","description":"F1 2023 - Un duo franco-fran\u00e7ais chez Alpine en 2023 ? C'est en tout cas l'une des rumeurs qui enflent dans le paddock.","breadcrumb":{"@id":"https:\/\/dicodusport.fr\/blog\/pierre-gasly-chez-alpine-red-bull-ne-ferme-pas-la-porte-a-un-depart-du-francais\/#breadcrumb"},"inLanguage":"fr-FR","potentialAction":[{"@type":"ReadAction","target":["https:\/\/dicodusport.fr\/blog\/pierre-gasly-chez-alpine-red-bull-ne-ferme-pas-la-porte-a-un-depart-du-francais\/"]}]},{"@type":"ImageObject","inLanguage":"fr-FR","@id":"https:\/\/dicodusport.fr\/blog\/pierre-gasly-chez-alpine-red-bull-ne-ferme-pas-la-porte-a-un-depart-du-francais\/#primaryimage","url":"https:\/\/dicodusport.fr\/blog\/wp-content\/uploads\/2022\/08\/Pierre-Gasly-chez-Alpine-Red-Bull-ne-ferme-pas-la-porte-a-un-depart-du-Francais.png","contentUrl":"https:\/\/dicodusport.fr\/blog\/wp-content\/uploads\/2022\/08\/Pierre-Gasly-chez-Alpine-Red-Bull-ne-ferme-pas-la-porte-a-un-depart-du-Francais.png","width":800,"height":445,"caption":"Pierre Gasly chez Alpine Red Bull ne ferme pas la porte \u00e0 un d\u00e9part du Fran\u00e7ais"},{"@type":"BreadcrumbList","@id":"https:\/\/dicodusport.fr\/blog\/pierre-gasly-chez-alpine-red-bull-ne-ferme-pas-la-porte-a-un-depart-du-francais\/#breadcrumb","itemListElement":[{"@type":"ListItem","position":1,"name":"Accueil","item":"https:\/\/dicodusport.fr\/blog\/"},{"@type":"ListItem","position":2,"name":"Pierre Gasly chez Alpine ? Red Bull ne ferme pas la porte \u00e0 un d\u00e9part du Fran\u00e7ais"}]},{"@type":"WebSite","@id":"https:\/\/dicodusport.fr\/blog\/#website","url":"https:\/\/dicodusport.fr\/blog\/","name":"Dicodusport","description":"L&#039;encyclop\u00e9die de l&#039;actualit\u00e9 sportive","publisher":{"@id":"https:\/\/dicodusport.fr\/blog\/#organization"},"potentialAction":[{"@type":"SearchAction","target":{"@type":"EntryPoint","urlTemplate":"https:\/\/dicodusport.fr\/blog\/?s={search_term_string}"},"query-input":{"@type":"PropertyValueSpecification","valueRequired":true,"valueName":"search_term_string"}}],"inLanguage":"fr-FR"},{"@type":"NewsMediaOrganization","@id":"https:\/\/dicodusport.fr\/blog\/#organization","name":"Dicodusport","url":"https:\/\/dicodusport.fr\/blog\/","logo":{"@type":"ImageObject","inLanguage":"fr-FR","@id":"https:\/\/dicodusport.fr\/blog\/#\/schema\/logo\/image\/","url":"https:\/\/dicodusport.fr\/blog\/wp-content\/uploads\/2020\/06\/cropped-LOGO-DICODUSPORT-2020-SANS-FOND-SANS-TEXTE.png","contentUrl":"https:\/\/dicodusport.fr\/blog\/wp-content\/uploads\/2020\/06\/cropped-LOGO-DICODUSPORT-2020-SANS-FOND-SANS-TEXTE.png","width":512,"height":512,"caption":"Dicodusport"},"image":{"@id":"https:\/\/dicodusport.fr\/blog\/#\/schema\/logo\/image\/"},"sameAs":["https:\/\/www.facebook.com\/dicodusport","https:\/\/x.com\/dicodusport","https:\/\/www.instagram.com\/dicodusport\/","https:\/\/www.youtube.com\/channel\/UC7V2KZ5sd3htJivAbA4ZG3w"],"description":"Dicodusport est l'encyclop\u00e9die de l'actualit\u00e9 sportive.","email":"bonjour@dicodusport.fr","legalName":"DICODUSPORT","foundingDate":"2018-01-14","vatID":"FR71834470973","taxID":"83447097300043","numberOfEmployees":{"@type":"QuantitativeValue","minValue":"1","maxValue":"10"}},{"@type":"Person","@id":"https:\/\/dicodusport.fr\/blog\/#\/schema\/person\/cb02af4c173ce4a653b55e9baf388d4a","name":"Flo Ostermann","image":{"@type":"ImageObject","inLanguage":"fr-FR","@id":"https:\/\/dicodusport.fr\/blog\/#\/schema\/person\/image\/","url":"https:\/\/dicodusport.fr\/blog\/wp-content\/uploads\/2021\/05\/Flo-Ostermann-150x150.jpg","contentUrl":"https:\/\/dicodusport.fr\/blog\/wp-content\/uploads\/2021\/05\/Flo-Ostermann-150x150.jpg","caption":"Flo Ostermann"},"description":"Journaliste\/R\u00e9dacteur depuis septembre 2015 - Mes premiers souvenirs dans le sport ? Les envol\u00e9es du Stade Toulousain et les duels Villeneuve-Schumacher et H\u00e4kkinen-Schumacher \u00e0 la fin des ann\u00e9es 90, la Coupe du monde de football en 1998, l\u2019exploit du XV de France face aux All Blacks en 1999, mais aussi Richard C\u0153ur de Lion qui vole sur les montagnes du Tour de France. Bien parti pour devenir professeur d\u2019EPS, les \u00e9v\u00e9nements de la vie (et la flemme d\u2019animer des s\u00e9ances de 3x500 m\u00e8tres toute ma vie) m\u2019ont conduit \u00e0 revoir mes plans. Me voil\u00e0 depuis fin 2017 sur Dicodusport, m\u00e9dia gr\u00e2ce (et pour) lequel je partage ma passion : le sport dans tous ses \u00e9tats. Le tout accompagn\u00e9 par les fous furieux et folles furieuses cit\u00e9s sur cette page !","sameAs":["https:\/\/www.facebook.com\/florent.ostermann","https:\/\/x.com\/https:\/\/twitter.com\/FlOstermann","admin"],"url":"https:\/\/dicodusport.fr\/blog\/author\/flo\/"}]}},"_links":{"self":[{"href":"https:\/\/dicodusport.fr\/blog\/wp-json\/wp\/v2\/posts\/257775","targetHints":{"allow":["GET"]}}],"collection":[{"href":"https:\/\/dicodusport.fr\/blog\/wp-json\/wp\/v2\/posts"}],"about":[{"href":"https:\/\/dicodusport.fr\/blog\/wp-json\/wp\/v2\/types\/post"}],"author":[{"embeddable":true,"href":"https:\/\/dicodusport.fr\/blog\/wp-json\/wp\/v2\/users\/4"}],"replies":[{"embeddable":true,"href":"https:\/\/dicodusport.fr\/blog\/wp-json\/wp\/v2\/comments?post=257775"}],"version-history":[{"count":0,"href":"https:\/\/dicodusport.fr\/blog\/wp-json\/wp\/v2\/posts\/257775\/revisions"}],"wp:featuredmedia":[{"embeddable":true,"href":"https:\/\/dicodusport.fr\/blog\/wp-json\/wp\/v2\/media\/257782"}],"wp:attachment":[{"href":"https:\/\/dicodusport.fr\/blog\/wp-json\/wp\/v2\/media?parent=257775"}],"wp:term":[{"taxonomy":"category","embeddable":true,"href":"https:\/\/dicodusport.fr\/blog\/wp-json\/wp\/v2\/categories?post=257775"},{"taxonomy":"post_tag","embeddable":true,"href":"https:\/\/dicodusport.fr\/blog\/wp-json\/wp\/v2\/tags?post=257775"}],"curies":[{"name":"wp","href":"https:\/\/api.w.org\/{rel}","templated":true}]}}