{"id":257793,"date":"2022-08-31T11:39:34","date_gmt":"2022-08-31T09:39:34","guid":{"rendered":"https:\/\/dicodusport.fr\/blog\/?p=257793&#038;preview=true&#038;preview_id=257793"},"modified":"2022-08-31T12:09:56","modified_gmt":"2022-08-31T10:09:56","slug":"pavel-sivakov-et-simon-yates-contraints-de-quitter-le-tour-despagne","status":"publish","type":"post","link":"https:\/\/dicodusport.fr\/blog\/pavel-sivakov-et-simon-yates-contraints-de-quitter-le-tour-despagne\/","title":{"rendered":"Pavel Sivakov et Simon Yates contraints de quitter le Tour d&rsquo;Espagne"},"content":{"rendered":"<p style=\"text-align: justify;\"><b><i><a href=\"https:\/\/dicodusport.fr\/blog\/actualites\/cyclisme\/cyclisme-sur-route-2022\/tour-espagne-2022\/\">TOUR D&rsquo;ESPAGNE 2022<\/a> &#8211; Test\u00e9s positifs \u00e0 la Covid-19, Pavel Sivakov (INEOS Greandiers) et Simon Yates (BikeExchange Jayco) ne seront pas au d\u00e9part de la 11\u00e8me \u00e9tape du Tour d&rsquo;Espagne 2022.\u00a0<\/i><\/b><\/p>\n<p style=\"text-align: justify;\">La <strong>Vuelta 2022<\/strong> vient de perdre deux membres du Top 10 au classement g\u00e9n\u00e9ral avant la 11\u00e8me \u00e9tape. <strong>Simon Yates<\/strong>, cinqui\u00e8me, et <strong>Pavel Sivakov<\/strong>, neuvi\u00e8me, doivent renoncer \u00e0 prendre le d\u00e9part de la 11\u00e8me \u00e9tape apr\u00e8s avoir \u00e9t\u00e9 test\u00e9s positifs \u00e0 la Covid-19. C&rsquo;est un coup dur pour la formation <strong>BikeExchange Jayco<\/strong> qui a grand besoin de points UCI sur cette fin de saison 2022, afin de se maintenir en <strong>World Tour<\/strong>. L&rsquo;\u00e9quipe australienne est actuellement 17\u00e8me au <a href=\"https:\/\/dicodusport.fr\/blog\/cyclisme-classement-uci-par-equipes-2020-2022\/\">classement UCI par \u00e9quipes<\/a> sur les trois derni\u00e8res saisons. Pour INEOS Grenadiers, si <strong>Pavel Sivakov<\/strong> n&rsquo;\u00e9tait pas le mieux plac\u00e9 au g\u00e9n\u00e9ral, il \u00e9tait un fid\u00e8le lieutenant pour <strong>Carlos Rodriguez<\/strong> en montagne.<\/p>\n<blockquote class=\"twitter-tweet\">\n<p dir=\"ltr\" lang=\"fr\">Pavel Sivakov (Ineos Grenadiers) quitte \u00e9galement le Tour d&rsquo;Espagne en raison d&rsquo;un test positif au Covid. Le Fran\u00e7ais, 9e ce matin, est le 2e membre du top 10 \u00e0 \u00eatre non-partant sur cette 11e \u00e9tape apr\u00e8s Simon Yates. <a href=\"https:\/\/twitter.com\/hashtag\/LaVuelta22?src=hash&amp;ref_src=twsrc%5Etfw\">#LaVuelta22<\/a><\/p>\n<p>\u2014 Le Gruppetto (@LeGruppetto) <a href=\"https:\/\/twitter.com\/LeGruppetto\/status\/1564908978202624001?ref_src=twsrc%5Etfw\">August 31, 2022<\/a><\/p><\/blockquote>\n<p><script async src=\"https:\/\/platform.twitter.com\/widgets.js\" charset=\"utf-8\"><\/script><\/p>\n<h2>\u00c0 lire aussi<\/h2>\n<ul>\n<li><a href=\"https:\/\/dicodusport.fr\/blog\/tour-despagne-2022-classement-general-maillot-rouge\/\"><strong>Le classement g\u00e9n\u00e9ral du Tour d\u2019Espagne 2022<\/strong><\/a><\/li>\n<\/ul>\n","protected":false},"excerpt":{"rendered":"<p>TOUR D&rsquo;ESPAGNE 2022 &#8211; Test\u00e9s positifs \u00e0 la Covid-19, Pavel Sivakov (INEOS Greandiers) et Simon Yates (BikeExchange Jayco) ne seront pas au d\u00e9part de la 11\u00e8me \u00e9tape du Tour d&rsquo;Espagne 2022.\u00a0<\/p>\n","protected":false},"author":1,"featured_media":257795,"comment_status":"open","ping_status":"closed","sticky":false,"template":"","format":"standard","meta":{"_acf_changed":false,"_daextam_enable_autolinks":"","footnotes":""},"categories":[47042],"tags":[22165,1671,1670],"class_list":["post-257793","post","type-post","status-publish","format-standard","has-post-thumbnail","hentry","category-tour-d-espagne","tag-pavel-sivakov","tag-tour-despagne","tag-vuelta"],"acf":[],"yoast_head":"<!-- This site is optimized with the Yoast SEO Premium plugin v26.7 (Yoast SEO v26.7) - https:\/\/yoast.com\/wordpress\/plugins\/seo\/ -->\n<title>Pavel Sivakov et Simon Yates contraints de quitter le Tour d&#039;Espagne<\/title>\n<meta name=\"description\" content=\"TOUR D&#039;ESPAGNE 2022 - Test\u00e9s positifs \u00e0 la Covid-19, Pavel Sivakov et Simon Yates ne seront pas au d\u00e9part de la 11\u00e8me \u00e9tape du Tour d&#039;Espagne 2022.\u00a0\" \/>\n<meta name=\"robots\" content=\"index, follow, max-snippet:-1, max-image-preview:large, max-video-preview:-1\" \/>\n<link rel=\"canonical\" href=\"https:\/\/dicodusport.fr\/blog\/pavel-sivakov-et-simon-yates-contraints-de-quitter-le-tour-despagne\/\" \/>\n<meta property=\"og:locale\" content=\"fr_FR\" \/>\n<meta property=\"og:type\" content=\"article\" \/>\n<meta property=\"og:title\" content=\"Pavel Sivakov et Simon Yates contraints de quitter le Tour d&#039;Espagne\" \/>\n<meta property=\"og:description\" content=\"TOUR D&#039;ESPAGNE 2022 - Test\u00e9s positifs \u00e0 la Covid-19, Pavel Sivakov et Simon Yates ne seront pas au d\u00e9part de la 11\u00e8me \u00e9tape du Tour d&#039;Espagne 2022.\u00a0\" \/>\n<meta property=\"og:url\" content=\"https:\/\/dicodusport.fr\/blog\/pavel-sivakov-et-simon-yates-contraints-de-quitter-le-tour-despagne\/\" \/>\n<meta property=\"og:site_name\" content=\"Dicodusport\" \/>\n<meta property=\"article:publisher\" content=\"https:\/\/www.facebook.com\/dicodusport\" \/>\n<meta property=\"article:author\" content=\"https:\/\/www.facebook.com\/dicodusport\" \/>\n<meta property=\"article:published_time\" content=\"2022-08-31T09:39:34+00:00\" \/>\n<meta property=\"article:modified_time\" content=\"2022-08-31T10:09:56+00:00\" \/>\n<meta property=\"og:image\" content=\"https:\/\/dicodusport.fr\/blog\/wp-content\/uploads\/2022\/08\/Pavel-Sivakov-et-Simon-Yates-contraints-de-quitter-le-Tour-dEspagne.png\" \/>\n\t<meta property=\"og:image:width\" content=\"800\" \/>\n\t<meta property=\"og:image:height\" content=\"445\" \/>\n\t<meta property=\"og:image:type\" content=\"image\/png\" \/>\n<meta name=\"author\" content=\"Nicolas Jacquemard\" \/>\n<meta name=\"twitter:card\" content=\"summary_large_image\" \/>\n<meta name=\"twitter:title\" content=\"Pavel Sivakov et Simon Yates contraints de quitter le Tour d&#039;Espagne\" \/>\n<meta name=\"twitter:creator\" content=\"@https:\/\/twitter.com\/Nico_Jacquemard\" \/>\n<meta name=\"twitter:site\" content=\"@dicodusport\" \/>\n<script type=\"application\/ld+json\" class=\"yoast-schema-graph\">{\"@context\":\"https:\/\/schema.org\",\"@graph\":[{\"@type\":\"NewsArticle\",\"@id\":\"https:\/\/dicodusport.fr\/blog\/pavel-sivakov-et-simon-yates-contraints-de-quitter-le-tour-despagne\/#article\",\"isPartOf\":{\"@id\":\"https:\/\/dicodusport.fr\/blog\/pavel-sivakov-et-simon-yates-contraints-de-quitter-le-tour-despagne\/\"},\"author\":{\"name\":\"Nicolas Jacquemard\",\"@id\":\"https:\/\/dicodusport.fr\/blog\/#\/schema\/person\/55dcb50ad410894e431ed812bbb70191\"},\"headline\":\"Pavel Sivakov et Simon Yates contraints de quitter le Tour d&rsquo;Espagne\",\"datePublished\":\"2022-08-31T09:39:34+00:00\",\"dateModified\":\"2022-08-31T10:09:56+00:00\",\"mainEntityOfPage\":{\"@id\":\"https:\/\/dicodusport.fr\/blog\/pavel-sivakov-et-simon-yates-contraints-de-quitter-le-tour-despagne\/\"},\"wordCount\":219,\"commentCount\":0,\"publisher\":{\"@id\":\"https:\/\/dicodusport.fr\/blog\/#organization\"},\"image\":{\"@id\":\"https:\/\/dicodusport.fr\/blog\/pavel-sivakov-et-simon-yates-contraints-de-quitter-le-tour-despagne\/#primaryimage\"},\"thumbnailUrl\":\"https:\/\/dicodusport.fr\/blog\/wp-content\/uploads\/2022\/08\/Pavel-Sivakov-et-Simon-Yates-contraints-de-quitter-le-Tour-dEspagne.png\",\"keywords\":[\"Pavel Sivakov\",\"Tour d'Espagne\",\"Vuelta\"],\"articleSection\":[\"Tour d'Espagne\"],\"inLanguage\":\"fr-FR\",\"potentialAction\":[{\"@type\":\"CommentAction\",\"name\":\"Comment\",\"target\":[\"https:\/\/dicodusport.fr\/blog\/pavel-sivakov-et-simon-yates-contraints-de-quitter-le-tour-despagne\/#respond\"]}],\"copyrightYear\":\"2022\",\"copyrightHolder\":{\"@id\":\"https:\/\/dicodusport.fr\/blog\/#organization\"}},{\"@type\":\"WebPage\",\"@id\":\"https:\/\/dicodusport.fr\/blog\/pavel-sivakov-et-simon-yates-contraints-de-quitter-le-tour-despagne\/\",\"url\":\"https:\/\/dicodusport.fr\/blog\/pavel-sivakov-et-simon-yates-contraints-de-quitter-le-tour-despagne\/\",\"name\":\"Pavel Sivakov et Simon Yates contraints de quitter le Tour d'Espagne\",\"isPartOf\":{\"@id\":\"https:\/\/dicodusport.fr\/blog\/#website\"},\"primaryImageOfPage\":{\"@id\":\"https:\/\/dicodusport.fr\/blog\/pavel-sivakov-et-simon-yates-contraints-de-quitter-le-tour-despagne\/#primaryimage\"},\"image\":{\"@id\":\"https:\/\/dicodusport.fr\/blog\/pavel-sivakov-et-simon-yates-contraints-de-quitter-le-tour-despagne\/#primaryimage\"},\"thumbnailUrl\":\"https:\/\/dicodusport.fr\/blog\/wp-content\/uploads\/2022\/08\/Pavel-Sivakov-et-Simon-Yates-contraints-de-quitter-le-Tour-dEspagne.png\",\"datePublished\":\"2022-08-31T09:39:34+00:00\",\"dateModified\":\"2022-08-31T10:09:56+00:00\",\"description\":\"TOUR D'ESPAGNE 2022 - Test\u00e9s positifs \u00e0 la Covid-19, Pavel Sivakov et Simon Yates ne seront pas au d\u00e9part de la 11\u00e8me \u00e9tape du Tour d'Espagne 2022.\u00a0\",\"breadcrumb\":{\"@id\":\"https:\/\/dicodusport.fr\/blog\/pavel-sivakov-et-simon-yates-contraints-de-quitter-le-tour-despagne\/#breadcrumb\"},\"inLanguage\":\"fr-FR\",\"potentialAction\":[{\"@type\":\"ReadAction\",\"target\":[\"https:\/\/dicodusport.fr\/blog\/pavel-sivakov-et-simon-yates-contraints-de-quitter-le-tour-despagne\/\"]}]},{\"@type\":\"ImageObject\",\"inLanguage\":\"fr-FR\",\"@id\":\"https:\/\/dicodusport.fr\/blog\/pavel-sivakov-et-simon-yates-contraints-de-quitter-le-tour-despagne\/#primaryimage\",\"url\":\"https:\/\/dicodusport.fr\/blog\/wp-content\/uploads\/2022\/08\/Pavel-Sivakov-et-Simon-Yates-contraints-de-quitter-le-Tour-dEspagne.png\",\"contentUrl\":\"https:\/\/dicodusport.fr\/blog\/wp-content\/uploads\/2022\/08\/Pavel-Sivakov-et-Simon-Yates-contraints-de-quitter-le-Tour-dEspagne.png\",\"width\":800,\"height\":445},{\"@type\":\"BreadcrumbList\",\"@id\":\"https:\/\/dicodusport.fr\/blog\/pavel-sivakov-et-simon-yates-contraints-de-quitter-le-tour-despagne\/#breadcrumb\",\"itemListElement\":[{\"@type\":\"ListItem\",\"position\":1,\"name\":\"Accueil\",\"item\":\"https:\/\/dicodusport.fr\/blog\/\"},{\"@type\":\"ListItem\",\"position\":2,\"name\":\"Pavel Sivakov et Simon Yates contraints de quitter le Tour d&rsquo;Espagne\"}]},{\"@type\":\"WebSite\",\"@id\":\"https:\/\/dicodusport.fr\/blog\/#website\",\"url\":\"https:\/\/dicodusport.fr\/blog\/\",\"name\":\"Dicodusport\",\"description\":\"L&#039;encyclop\u00e9die de l&#039;actualit\u00e9 sportive\",\"publisher\":{\"@id\":\"https:\/\/dicodusport.fr\/blog\/#organization\"},\"potentialAction\":[{\"@type\":\"SearchAction\",\"target\":{\"@type\":\"EntryPoint\",\"urlTemplate\":\"https:\/\/dicodusport.fr\/blog\/?s={search_term_string}\"},\"query-input\":{\"@type\":\"PropertyValueSpecification\",\"valueRequired\":true,\"valueName\":\"search_term_string\"}}],\"inLanguage\":\"fr-FR\"},{\"@type\":\"NewsMediaOrganization\",\"@id\":\"https:\/\/dicodusport.fr\/blog\/#organization\",\"name\":\"Dicodusport\",\"url\":\"https:\/\/dicodusport.fr\/blog\/\",\"logo\":{\"@type\":\"ImageObject\",\"inLanguage\":\"fr-FR\",\"@id\":\"https:\/\/dicodusport.fr\/blog\/#\/schema\/logo\/image\/\",\"url\":\"https:\/\/dicodusport.fr\/blog\/wp-content\/uploads\/2020\/06\/cropped-LOGO-DICODUSPORT-2020-SANS-FOND-SANS-TEXTE.png\",\"contentUrl\":\"https:\/\/dicodusport.fr\/blog\/wp-content\/uploads\/2020\/06\/cropped-LOGO-DICODUSPORT-2020-SANS-FOND-SANS-TEXTE.png\",\"width\":512,\"height\":512,\"caption\":\"Dicodusport\"},\"image\":{\"@id\":\"https:\/\/dicodusport.fr\/blog\/#\/schema\/logo\/image\/\"},\"sameAs\":[\"https:\/\/www.facebook.com\/dicodusport\",\"https:\/\/x.com\/dicodusport\",\"https:\/\/www.instagram.com\/dicodusport\/\",\"https:\/\/www.youtube.com\/channel\/UC7V2KZ5sd3htJivAbA4ZG3w\"],\"description\":\"Dicodusport est l'encyclop\u00e9die de l'actualit\u00e9 sportive.\",\"email\":\"bonjour@dicodusport.fr\",\"legalName\":\"DICODUSPORT\",\"foundingDate\":\"2018-01-14\",\"vatID\":\"FR71834470973\",\"taxID\":\"83447097300043\",\"numberOfEmployees\":{\"@type\":\"QuantitativeValue\",\"minValue\":\"1\",\"maxValue\":\"10\"}},{\"@type\":\"Person\",\"@id\":\"https:\/\/dicodusport.fr\/blog\/#\/schema\/person\/55dcb50ad410894e431ed812bbb70191\",\"name\":\"Nicolas Jacquemard\",\"image\":{\"@type\":\"ImageObject\",\"inLanguage\":\"fr-FR\",\"@id\":\"https:\/\/dicodusport.fr\/blog\/#\/schema\/person\/image\/\",\"url\":\"https:\/\/dicodusport.fr\/blog\/wp-content\/uploads\/2021\/05\/Nicolas-Jacquemard-150x150.jpeg\",\"contentUrl\":\"https:\/\/dicodusport.fr\/blog\/wp-content\/uploads\/2021\/05\/Nicolas-Jacquemard-150x150.jpeg\",\"caption\":\"Nicolas Jacquemard\"},\"description\":\"Passionn\u00e9 de sport et entrepreneur depuis mes 18 ans, la cr\u00e9ation de Dicodusport m'a sembl\u00e9 \u00e9vidente pour participer \u00e0 la m\u00e9diatisation d'un plus grand nombre de sports. Le chemin est long mais avec une \u00e9quipe des plus motiv\u00e9es et les Jeux Olympiques de Paris 2024 en point de mire, nous y arriverons ! Journaliste dans le monde du sport depuis plus de 5 ans, je traite aussi bien de football, de rugby, de biathlon que de cyclisme.\",\"sameAs\":[\"https:\/\/www.facebook.com\/dicodusport\",\"https:\/\/x.com\/https:\/\/twitter.com\/Nico_Jacquemard\"],\"url\":\"https:\/\/dicodusport.fr\/blog\/author\/dicodusport\/\"}]}<\/script>\n<!-- \/ Yoast SEO Premium plugin. -->","yoast_head_json":{"title":"Pavel Sivakov et Simon Yates contraints de quitter le Tour d'Espagne","description":"TOUR D'ESPAGNE 2022 - Test\u00e9s positifs \u00e0 la Covid-19, Pavel Sivakov et Simon Yates ne seront pas au d\u00e9part de la 11\u00e8me \u00e9tape du Tour d'Espagne 2022.\u00a0","robots":{"index":"index","follow":"follow","max-snippet":"max-snippet:-1","max-image-preview":"max-image-preview:large","max-video-preview":"max-video-preview:-1"},"canonical":"https:\/\/dicodusport.fr\/blog\/pavel-sivakov-et-simon-yates-contraints-de-quitter-le-tour-despagne\/","og_locale":"fr_FR","og_type":"article","og_title":"Pavel Sivakov et Simon Yates contraints de quitter le Tour d'Espagne","og_description":"TOUR D'ESPAGNE 2022 - Test\u00e9s positifs \u00e0 la Covid-19, Pavel Sivakov et Simon Yates ne seront pas au d\u00e9part de la 11\u00e8me \u00e9tape du Tour d'Espagne 2022.\u00a0","og_url":"https:\/\/dicodusport.fr\/blog\/pavel-sivakov-et-simon-yates-contraints-de-quitter-le-tour-despagne\/","og_site_name":"Dicodusport","article_publisher":"https:\/\/www.facebook.com\/dicodusport","article_author":"https:\/\/www.facebook.com\/dicodusport","article_published_time":"2022-08-31T09:39:34+00:00","article_modified_time":"2022-08-31T10:09:56+00:00","og_image":[{"width":800,"height":445,"url":"https:\/\/dicodusport.fr\/blog\/wp-content\/uploads\/2022\/08\/Pavel-Sivakov-et-Simon-Yates-contraints-de-quitter-le-Tour-dEspagne.png","type":"image\/png"}],"author":"Nicolas Jacquemard","twitter_card":"summary_large_image","twitter_title":"Pavel Sivakov et Simon Yates contraints de quitter le Tour d'Espagne","twitter_creator":"@https:\/\/twitter.com\/Nico_Jacquemard","twitter_site":"@dicodusport","schema":{"@context":"https:\/\/schema.org","@graph":[{"@type":"NewsArticle","@id":"https:\/\/dicodusport.fr\/blog\/pavel-sivakov-et-simon-yates-contraints-de-quitter-le-tour-despagne\/#article","isPartOf":{"@id":"https:\/\/dicodusport.fr\/blog\/pavel-sivakov-et-simon-yates-contraints-de-quitter-le-tour-despagne\/"},"author":{"name":"Nicolas Jacquemard","@id":"https:\/\/dicodusport.fr\/blog\/#\/schema\/person\/55dcb50ad410894e431ed812bbb70191"},"headline":"Pavel Sivakov et Simon Yates contraints de quitter le Tour d&rsquo;Espagne","datePublished":"2022-08-31T09:39:34+00:00","dateModified":"2022-08-31T10:09:56+00:00","mainEntityOfPage":{"@id":"https:\/\/dicodusport.fr\/blog\/pavel-sivakov-et-simon-yates-contraints-de-quitter-le-tour-despagne\/"},"wordCount":219,"commentCount":0,"publisher":{"@id":"https:\/\/dicodusport.fr\/blog\/#organization"},"image":{"@id":"https:\/\/dicodusport.fr\/blog\/pavel-sivakov-et-simon-yates-contraints-de-quitter-le-tour-despagne\/#primaryimage"},"thumbnailUrl":"https:\/\/dicodusport.fr\/blog\/wp-content\/uploads\/2022\/08\/Pavel-Sivakov-et-Simon-Yates-contraints-de-quitter-le-Tour-dEspagne.png","keywords":["Pavel Sivakov","Tour d'Espagne","Vuelta"],"articleSection":["Tour d'Espagne"],"inLanguage":"fr-FR","potentialAction":[{"@type":"CommentAction","name":"Comment","target":["https:\/\/dicodusport.fr\/blog\/pavel-sivakov-et-simon-yates-contraints-de-quitter-le-tour-despagne\/#respond"]}],"copyrightYear":"2022","copyrightHolder":{"@id":"https:\/\/dicodusport.fr\/blog\/#organization"}},{"@type":"WebPage","@id":"https:\/\/dicodusport.fr\/blog\/pavel-sivakov-et-simon-yates-contraints-de-quitter-le-tour-despagne\/","url":"https:\/\/dicodusport.fr\/blog\/pavel-sivakov-et-simon-yates-contraints-de-quitter-le-tour-despagne\/","name":"Pavel Sivakov et Simon Yates contraints de quitter le Tour d'Espagne","isPartOf":{"@id":"https:\/\/dicodusport.fr\/blog\/#website"},"primaryImageOfPage":{"@id":"https:\/\/dicodusport.fr\/blog\/pavel-sivakov-et-simon-yates-contraints-de-quitter-le-tour-despagne\/#primaryimage"},"image":{"@id":"https:\/\/dicodusport.fr\/blog\/pavel-sivakov-et-simon-yates-contraints-de-quitter-le-tour-despagne\/#primaryimage"},"thumbnailUrl":"https:\/\/dicodusport.fr\/blog\/wp-content\/uploads\/2022\/08\/Pavel-Sivakov-et-Simon-Yates-contraints-de-quitter-le-Tour-dEspagne.png","datePublished":"2022-08-31T09:39:34+00:00","dateModified":"2022-08-31T10:09:56+00:00","description":"TOUR D'ESPAGNE 2022 - Test\u00e9s positifs \u00e0 la Covid-19, Pavel Sivakov et Simon Yates ne seront pas au d\u00e9part de la 11\u00e8me \u00e9tape du Tour d'Espagne 2022.\u00a0","breadcrumb":{"@id":"https:\/\/dicodusport.fr\/blog\/pavel-sivakov-et-simon-yates-contraints-de-quitter-le-tour-despagne\/#breadcrumb"},"inLanguage":"fr-FR","potentialAction":[{"@type":"ReadAction","target":["https:\/\/dicodusport.fr\/blog\/pavel-sivakov-et-simon-yates-contraints-de-quitter-le-tour-despagne\/"]}]},{"@type":"ImageObject","inLanguage":"fr-FR","@id":"https:\/\/dicodusport.fr\/blog\/pavel-sivakov-et-simon-yates-contraints-de-quitter-le-tour-despagne\/#primaryimage","url":"https:\/\/dicodusport.fr\/blog\/wp-content\/uploads\/2022\/08\/Pavel-Sivakov-et-Simon-Yates-contraints-de-quitter-le-Tour-dEspagne.png","contentUrl":"https:\/\/dicodusport.fr\/blog\/wp-content\/uploads\/2022\/08\/Pavel-Sivakov-et-Simon-Yates-contraints-de-quitter-le-Tour-dEspagne.png","width":800,"height":445},{"@type":"BreadcrumbList","@id":"https:\/\/dicodusport.fr\/blog\/pavel-sivakov-et-simon-yates-contraints-de-quitter-le-tour-despagne\/#breadcrumb","itemListElement":[{"@type":"ListItem","position":1,"name":"Accueil","item":"https:\/\/dicodusport.fr\/blog\/"},{"@type":"ListItem","position":2,"name":"Pavel Sivakov et Simon Yates contraints de quitter le Tour d&rsquo;Espagne"}]},{"@type":"WebSite","@id":"https:\/\/dicodusport.fr\/blog\/#website","url":"https:\/\/dicodusport.fr\/blog\/","name":"Dicodusport","description":"L&#039;encyclop\u00e9die de l&#039;actualit\u00e9 sportive","publisher":{"@id":"https:\/\/dicodusport.fr\/blog\/#organization"},"potentialAction":[{"@type":"SearchAction","target":{"@type":"EntryPoint","urlTemplate":"https:\/\/dicodusport.fr\/blog\/?s={search_term_string}"},"query-input":{"@type":"PropertyValueSpecification","valueRequired":true,"valueName":"search_term_string"}}],"inLanguage":"fr-FR"},{"@type":"NewsMediaOrganization","@id":"https:\/\/dicodusport.fr\/blog\/#organization","name":"Dicodusport","url":"https:\/\/dicodusport.fr\/blog\/","logo":{"@type":"ImageObject","inLanguage":"fr-FR","@id":"https:\/\/dicodusport.fr\/blog\/#\/schema\/logo\/image\/","url":"https:\/\/dicodusport.fr\/blog\/wp-content\/uploads\/2020\/06\/cropped-LOGO-DICODUSPORT-2020-SANS-FOND-SANS-TEXTE.png","contentUrl":"https:\/\/dicodusport.fr\/blog\/wp-content\/uploads\/2020\/06\/cropped-LOGO-DICODUSPORT-2020-SANS-FOND-SANS-TEXTE.png","width":512,"height":512,"caption":"Dicodusport"},"image":{"@id":"https:\/\/dicodusport.fr\/blog\/#\/schema\/logo\/image\/"},"sameAs":["https:\/\/www.facebook.com\/dicodusport","https:\/\/x.com\/dicodusport","https:\/\/www.instagram.com\/dicodusport\/","https:\/\/www.youtube.com\/channel\/UC7V2KZ5sd3htJivAbA4ZG3w"],"description":"Dicodusport est l'encyclop\u00e9die de l'actualit\u00e9 sportive.","email":"bonjour@dicodusport.fr","legalName":"DICODUSPORT","foundingDate":"2018-01-14","vatID":"FR71834470973","taxID":"83447097300043","numberOfEmployees":{"@type":"QuantitativeValue","minValue":"1","maxValue":"10"}},{"@type":"Person","@id":"https:\/\/dicodusport.fr\/blog\/#\/schema\/person\/55dcb50ad410894e431ed812bbb70191","name":"Nicolas Jacquemard","image":{"@type":"ImageObject","inLanguage":"fr-FR","@id":"https:\/\/dicodusport.fr\/blog\/#\/schema\/person\/image\/","url":"https:\/\/dicodusport.fr\/blog\/wp-content\/uploads\/2021\/05\/Nicolas-Jacquemard-150x150.jpeg","contentUrl":"https:\/\/dicodusport.fr\/blog\/wp-content\/uploads\/2021\/05\/Nicolas-Jacquemard-150x150.jpeg","caption":"Nicolas Jacquemard"},"description":"Passionn\u00e9 de sport et entrepreneur depuis mes 18 ans, la cr\u00e9ation de Dicodusport m'a sembl\u00e9 \u00e9vidente pour participer \u00e0 la m\u00e9diatisation d'un plus grand nombre de sports. Le chemin est long mais avec une \u00e9quipe des plus motiv\u00e9es et les Jeux Olympiques de Paris 2024 en point de mire, nous y arriverons ! Journaliste dans le monde du sport depuis plus de 5 ans, je traite aussi bien de football, de rugby, de biathlon que de cyclisme.","sameAs":["https:\/\/www.facebook.com\/dicodusport","https:\/\/x.com\/https:\/\/twitter.com\/Nico_Jacquemard"],"url":"https:\/\/dicodusport.fr\/blog\/author\/dicodusport\/"}]}},"_links":{"self":[{"href":"https:\/\/dicodusport.fr\/blog\/wp-json\/wp\/v2\/posts\/257793","targetHints":{"allow":["GET"]}}],"collection":[{"href":"https:\/\/dicodusport.fr\/blog\/wp-json\/wp\/v2\/posts"}],"about":[{"href":"https:\/\/dicodusport.fr\/blog\/wp-json\/wp\/v2\/types\/post"}],"author":[{"embeddable":true,"href":"https:\/\/dicodusport.fr\/blog\/wp-json\/wp\/v2\/users\/1"}],"replies":[{"embeddable":true,"href":"https:\/\/dicodusport.fr\/blog\/wp-json\/wp\/v2\/comments?post=257793"}],"version-history":[{"count":0,"href":"https:\/\/dicodusport.fr\/blog\/wp-json\/wp\/v2\/posts\/257793\/revisions"}],"wp:featuredmedia":[{"embeddable":true,"href":"https:\/\/dicodusport.fr\/blog\/wp-json\/wp\/v2\/media\/257795"}],"wp:attachment":[{"href":"https:\/\/dicodusport.fr\/blog\/wp-json\/wp\/v2\/media?parent=257793"}],"wp:term":[{"taxonomy":"category","embeddable":true,"href":"https:\/\/dicodusport.fr\/blog\/wp-json\/wp\/v2\/categories?post=257793"},{"taxonomy":"post_tag","embeddable":true,"href":"https:\/\/dicodusport.fr\/blog\/wp-json\/wp\/v2\/tags?post=257793"}],"curies":[{"name":"wp","href":"https:\/\/api.w.org\/{rel}","templated":true}]}}