{"id":258022,"date":"2022-09-01T15:33:50","date_gmt":"2022-09-01T13:33:50","guid":{"rendered":"https:\/\/dicodusport.fr\/blog\/?p=258022&#038;preview=true&#038;preview_id=258022"},"modified":"2022-09-01T17:11:03","modified_gmt":"2022-09-01T15:11:03","slug":"mercato-direction-la-premier-league-pour-memphis-depay","status":"publish","type":"post","link":"https:\/\/dicodusport.fr\/blog\/mercato-direction-la-premier-league-pour-memphis-depay\/","title":{"rendered":"Mercato : Direction la Premier League pour Memphis Depay ?"},"content":{"rendered":"<p style=\"text-align: justify;\"><b><i>MERCATO FOOTBALL &#8211; Selon le tr\u00e8s bien renseign\u00e9 Gerard Romero, Memphis Depay aurait demand\u00e9 \u00e0 quitter le FC Barcelone ce jeudi, derni\u00e8re journ\u00e9e du mercato estival. Chelsea serait sur les rangs.<\/i><\/b><\/p>\n<p style=\"text-align: justify;\">Annonc\u00e9 restant apr\u00e8s son transfert avort\u00e9 \u00e0 la Juventus, <strong>Memphis Depay<\/strong> a toujours des envies de d\u00e9part. L&rsquo;attaquant n\u00e9erlandais de 28 ans, arriv\u00e9 au FC Barcelone en 2021, a fait savoir qu&rsquo;il voulait quitter la Catalogne avant la fin du mercato, ce jeudi soir. Selon <em>Gerard Romero<\/em>, l&rsquo;ancien Lyonnais pourrait filer \u00e0&#8230; Chelsea, en Premier League. Le club londonien a d\u00e9j\u00e0 attir\u00e9 dans ses filets un attaquant du Bar\u00e7a ce jeudi, en la personne de <strong>Pierre-Emerick Aubameyang<\/strong>. Selon les derni\u00e8res informations, Catalans et Blues chercheraient un accord avant ce soir, malgr\u00e9 des discussions compliqu\u00e9es. Par ailleurs, le Bar\u00e7a sera pr\u00eat \u00e0 r\u00e9silier le contrat de <strong>Memphis Depay<\/strong>, si et seulement si le joueur parvient \u00e0 se mettre d&rsquo;accord avec Chelsea.<\/p>\n<blockquote class=\"twitter-tweet\">\n<p dir=\"ltr\" lang=\"en\">Memphis Depay update &#x1f6a8;&#x1f1f3;&#x1f1f1; <a href=\"https:\/\/twitter.com\/hashtag\/FCB?src=hash&amp;ref_src=twsrc%5Etfw\">#FCB<\/a><\/p>\n<p>&#x25ab;&#xfe0f; No advanced talks with Chelsea, as of now &#8211; focus on Auba;<\/p>\n<p>&#x25ab;&#xfe0f; Memphis closer to staying than leaving but it\u2019s still a long day;<\/p>\n<p>&#x25ab;&#xfe0f; Termination of contract ready but only in case Depay will agree with another club, otherwise it won\u2019t happen. <a href=\"https:\/\/t.co\/TAjV4bXWiU\">pic.twitter.com\/TAjV4bXWiU<\/a><\/p>\n<p>\u2014 Fabrizio Romano (@FabrizioRomano) <a href=\"https:\/\/twitter.com\/FabrizioRomano\/status\/1565320458760818690?ref_src=twsrc%5Etfw\">September 1, 2022<\/a><\/p><\/blockquote>\n<p><script async src=\"https:\/\/platform.twitter.com\/widgets.js\" charset=\"utf-8\"><\/script><\/p>\n<p>&nbsp;<\/p>\n","protected":false},"excerpt":{"rendered":"<p>MERCATO FOOTBALL &#8211; Selon le tr\u00e8s bien renseign\u00e9 Gerard Romero, Memphis Depay aurait demand\u00e9 \u00e0 quitter le FC Barcelone ce jeudi, derni\u00e8re journ\u00e9e du mercato estival. Chelsea serait sur les rangs.<\/p>\n","protected":false},"author":4,"featured_media":244474,"comment_status":"open","ping_status":"closed","sticky":false,"template":"","format":"standard","meta":{"_acf_changed":false,"_daextam_enable_autolinks":"","footnotes":""},"categories":[2301],"tags":[2760,4203,75,2583,14093],"class_list":["post-258022","post","type-post","status-publish","format-standard","has-post-thumbnail","hentry","category-football","tag-chelsea","tag-fc-barcelone","tag-football","tag-memphis-depay","tag-mercato-football"],"acf":[],"yoast_head":"<!-- This site is optimized with the Yoast SEO Premium plugin v26.7 (Yoast SEO v26.7) - https:\/\/yoast.com\/wordpress\/plugins\/seo\/ -->\n<title>Mercato : Direction la Premier League pour Memphis Depay ?<\/title>\n<meta name=\"description\" content=\"MERCATO FOOTBALL - Memphis Depay aurait demand\u00e9 \u00e0 quitter le FC Barcelone ce jeudi, derni\u00e8re journ\u00e9e du mercato estival.\" \/>\n<meta name=\"robots\" content=\"index, follow, max-snippet:-1, max-image-preview:large, max-video-preview:-1\" \/>\n<link rel=\"canonical\" href=\"https:\/\/dicodusport.fr\/blog\/mercato-direction-la-premier-league-pour-memphis-depay\/\" \/>\n<meta property=\"og:locale\" content=\"fr_FR\" \/>\n<meta property=\"og:type\" content=\"article\" \/>\n<meta property=\"og:title\" content=\"Mercato : Direction la Premier League pour Memphis Depay ?\" \/>\n<meta property=\"og:description\" content=\"MERCATO FOOTBALL - Memphis Depay aurait demand\u00e9 \u00e0 quitter le FC Barcelone ce jeudi, derni\u00e8re journ\u00e9e du mercato estival.\" \/>\n<meta property=\"og:url\" content=\"https:\/\/dicodusport.fr\/blog\/mercato-direction-la-premier-league-pour-memphis-depay\/\" \/>\n<meta property=\"og:site_name\" content=\"Dicodusport\" \/>\n<meta property=\"article:publisher\" content=\"https:\/\/www.facebook.com\/dicodusport\" \/>\n<meta property=\"article:author\" content=\"https:\/\/www.facebook.com\/florent.ostermann\" \/>\n<meta property=\"article:published_time\" content=\"2022-09-01T13:33:50+00:00\" \/>\n<meta property=\"article:modified_time\" content=\"2022-09-01T15:11:03+00:00\" \/>\n<meta property=\"og:image\" content=\"https:\/\/dicodusport.fr\/blog\/wp-content\/uploads\/2022\/07\/Mercato-Quel-avenir-pour-Memphis-Depay-.png\" \/>\n\t<meta property=\"og:image:width\" content=\"800\" \/>\n\t<meta property=\"og:image:height\" content=\"445\" \/>\n\t<meta property=\"og:image:type\" content=\"image\/png\" \/>\n<meta name=\"author\" content=\"Flo Ostermann\" \/>\n<meta name=\"twitter:card\" content=\"summary_large_image\" \/>\n<meta name=\"twitter:title\" content=\"Mercato : Direction la Premier League pour Memphis Depay ?\" \/>\n<meta name=\"twitter:creator\" content=\"@https:\/\/twitter.com\/FlOstermann\" \/>\n<meta name=\"twitter:site\" content=\"@dicodusport\" \/>\n<script type=\"application\/ld+json\" class=\"yoast-schema-graph\">{\"@context\":\"https:\/\/schema.org\",\"@graph\":[{\"@type\":\"NewsArticle\",\"@id\":\"https:\/\/dicodusport.fr\/blog\/mercato-direction-la-premier-league-pour-memphis-depay\/#article\",\"isPartOf\":{\"@id\":\"https:\/\/dicodusport.fr\/blog\/mercato-direction-la-premier-league-pour-memphis-depay\/\"},\"author\":{\"name\":\"Flo Ostermann\",\"@id\":\"https:\/\/dicodusport.fr\/blog\/#\/schema\/person\/cb02af4c173ce4a653b55e9baf388d4a\"},\"headline\":\"Mercato : Direction la Premier League pour Memphis Depay ?\",\"datePublished\":\"2022-09-01T13:33:50+00:00\",\"dateModified\":\"2022-09-01T15:11:03+00:00\",\"mainEntityOfPage\":{\"@id\":\"https:\/\/dicodusport.fr\/blog\/mercato-direction-la-premier-league-pour-memphis-depay\/\"},\"wordCount\":248,\"commentCount\":0,\"publisher\":{\"@id\":\"https:\/\/dicodusport.fr\/blog\/#organization\"},\"image\":{\"@id\":\"https:\/\/dicodusport.fr\/blog\/mercato-direction-la-premier-league-pour-memphis-depay\/#primaryimage\"},\"thumbnailUrl\":\"https:\/\/dicodusport.fr\/blog\/wp-content\/uploads\/2022\/07\/Mercato-Quel-avenir-pour-Memphis-Depay-.png\",\"keywords\":[\"Chelsea\",\"FC Barcelone\",\"Football\",\"Memphis Depay\",\"Mercato football\"],\"articleSection\":[\"Football\"],\"inLanguage\":\"fr-FR\",\"potentialAction\":[{\"@type\":\"CommentAction\",\"name\":\"Comment\",\"target\":[\"https:\/\/dicodusport.fr\/blog\/mercato-direction-la-premier-league-pour-memphis-depay\/#respond\"]}],\"copyrightYear\":\"2022\",\"copyrightHolder\":{\"@id\":\"https:\/\/dicodusport.fr\/blog\/#organization\"}},{\"@type\":\"WebPage\",\"@id\":\"https:\/\/dicodusport.fr\/blog\/mercato-direction-la-premier-league-pour-memphis-depay\/\",\"url\":\"https:\/\/dicodusport.fr\/blog\/mercato-direction-la-premier-league-pour-memphis-depay\/\",\"name\":\"Mercato : Direction la Premier League pour Memphis Depay ?\",\"isPartOf\":{\"@id\":\"https:\/\/dicodusport.fr\/blog\/#website\"},\"primaryImageOfPage\":{\"@id\":\"https:\/\/dicodusport.fr\/blog\/mercato-direction-la-premier-league-pour-memphis-depay\/#primaryimage\"},\"image\":{\"@id\":\"https:\/\/dicodusport.fr\/blog\/mercato-direction-la-premier-league-pour-memphis-depay\/#primaryimage\"},\"thumbnailUrl\":\"https:\/\/dicodusport.fr\/blog\/wp-content\/uploads\/2022\/07\/Mercato-Quel-avenir-pour-Memphis-Depay-.png\",\"datePublished\":\"2022-09-01T13:33:50+00:00\",\"dateModified\":\"2022-09-01T15:11:03+00:00\",\"description\":\"MERCATO FOOTBALL - Memphis Depay aurait demand\u00e9 \u00e0 quitter le FC Barcelone ce jeudi, derni\u00e8re journ\u00e9e du mercato estival.\",\"breadcrumb\":{\"@id\":\"https:\/\/dicodusport.fr\/blog\/mercato-direction-la-premier-league-pour-memphis-depay\/#breadcrumb\"},\"inLanguage\":\"fr-FR\",\"potentialAction\":[{\"@type\":\"ReadAction\",\"target\":[\"https:\/\/dicodusport.fr\/blog\/mercato-direction-la-premier-league-pour-memphis-depay\/\"]}]},{\"@type\":\"ImageObject\",\"inLanguage\":\"fr-FR\",\"@id\":\"https:\/\/dicodusport.fr\/blog\/mercato-direction-la-premier-league-pour-memphis-depay\/#primaryimage\",\"url\":\"https:\/\/dicodusport.fr\/blog\/wp-content\/uploads\/2022\/07\/Mercato-Quel-avenir-pour-Memphis-Depay-.png\",\"contentUrl\":\"https:\/\/dicodusport.fr\/blog\/wp-content\/uploads\/2022\/07\/Mercato-Quel-avenir-pour-Memphis-Depay-.png\",\"width\":800,\"height\":445,\"caption\":\"Mercato Quel avenir pour Memphis Depay\"},{\"@type\":\"BreadcrumbList\",\"@id\":\"https:\/\/dicodusport.fr\/blog\/mercato-direction-la-premier-league-pour-memphis-depay\/#breadcrumb\",\"itemListElement\":[{\"@type\":\"ListItem\",\"position\":1,\"name\":\"Accueil\",\"item\":\"https:\/\/dicodusport.fr\/blog\/\"},{\"@type\":\"ListItem\",\"position\":2,\"name\":\"Mercato : Direction la Premier League pour Memphis Depay ?\"}]},{\"@type\":\"WebSite\",\"@id\":\"https:\/\/dicodusport.fr\/blog\/#website\",\"url\":\"https:\/\/dicodusport.fr\/blog\/\",\"name\":\"Dicodusport\",\"description\":\"L&#039;encyclop\u00e9die de l&#039;actualit\u00e9 sportive\",\"publisher\":{\"@id\":\"https:\/\/dicodusport.fr\/blog\/#organization\"},\"potentialAction\":[{\"@type\":\"SearchAction\",\"target\":{\"@type\":\"EntryPoint\",\"urlTemplate\":\"https:\/\/dicodusport.fr\/blog\/?s={search_term_string}\"},\"query-input\":{\"@type\":\"PropertyValueSpecification\",\"valueRequired\":true,\"valueName\":\"search_term_string\"}}],\"inLanguage\":\"fr-FR\"},{\"@type\":\"NewsMediaOrganization\",\"@id\":\"https:\/\/dicodusport.fr\/blog\/#organization\",\"name\":\"Dicodusport\",\"url\":\"https:\/\/dicodusport.fr\/blog\/\",\"logo\":{\"@type\":\"ImageObject\",\"inLanguage\":\"fr-FR\",\"@id\":\"https:\/\/dicodusport.fr\/blog\/#\/schema\/logo\/image\/\",\"url\":\"https:\/\/dicodusport.fr\/blog\/wp-content\/uploads\/2020\/06\/cropped-LOGO-DICODUSPORT-2020-SANS-FOND-SANS-TEXTE.png\",\"contentUrl\":\"https:\/\/dicodusport.fr\/blog\/wp-content\/uploads\/2020\/06\/cropped-LOGO-DICODUSPORT-2020-SANS-FOND-SANS-TEXTE.png\",\"width\":512,\"height\":512,\"caption\":\"Dicodusport\"},\"image\":{\"@id\":\"https:\/\/dicodusport.fr\/blog\/#\/schema\/logo\/image\/\"},\"sameAs\":[\"https:\/\/www.facebook.com\/dicodusport\",\"https:\/\/x.com\/dicodusport\",\"https:\/\/www.instagram.com\/dicodusport\/\",\"https:\/\/www.youtube.com\/channel\/UC7V2KZ5sd3htJivAbA4ZG3w\"],\"description\":\"Dicodusport est l'encyclop\u00e9die de l'actualit\u00e9 sportive.\",\"email\":\"bonjour@dicodusport.fr\",\"legalName\":\"DICODUSPORT\",\"foundingDate\":\"2018-01-14\",\"vatID\":\"FR71834470973\",\"taxID\":\"83447097300043\",\"numberOfEmployees\":{\"@type\":\"QuantitativeValue\",\"minValue\":\"1\",\"maxValue\":\"10\"}},{\"@type\":\"Person\",\"@id\":\"https:\/\/dicodusport.fr\/blog\/#\/schema\/person\/cb02af4c173ce4a653b55e9baf388d4a\",\"name\":\"Flo Ostermann\",\"image\":{\"@type\":\"ImageObject\",\"inLanguage\":\"fr-FR\",\"@id\":\"https:\/\/dicodusport.fr\/blog\/#\/schema\/person\/image\/\",\"url\":\"https:\/\/dicodusport.fr\/blog\/wp-content\/uploads\/2021\/05\/Flo-Ostermann-150x150.jpg\",\"contentUrl\":\"https:\/\/dicodusport.fr\/blog\/wp-content\/uploads\/2021\/05\/Flo-Ostermann-150x150.jpg\",\"caption\":\"Flo Ostermann\"},\"description\":\"Journaliste\/R\u00e9dacteur depuis septembre 2015 - Mes premiers souvenirs dans le sport ? Les envol\u00e9es du Stade Toulousain et les duels Villeneuve-Schumacher et H\u00e4kkinen-Schumacher \u00e0 la fin des ann\u00e9es 90, la Coupe du monde de football en 1998, l\u2019exploit du XV de France face aux All Blacks en 1999, mais aussi Richard C\u0153ur de Lion qui vole sur les montagnes du Tour de France. Bien parti pour devenir professeur d\u2019EPS, les \u00e9v\u00e9nements de la vie (et la flemme d\u2019animer des s\u00e9ances de 3x500 m\u00e8tres toute ma vie) m\u2019ont conduit \u00e0 revoir mes plans. Me voil\u00e0 depuis fin 2017 sur Dicodusport, m\u00e9dia gr\u00e2ce (et pour) lequel je partage ma passion : le sport dans tous ses \u00e9tats. Le tout accompagn\u00e9 par les fous furieux et folles furieuses cit\u00e9s sur cette page !\",\"sameAs\":[\"https:\/\/www.facebook.com\/florent.ostermann\",\"https:\/\/x.com\/https:\/\/twitter.com\/FlOstermann\",\"admin\"],\"url\":\"https:\/\/dicodusport.fr\/blog\/author\/flo\/\"}]}<\/script>\n<!-- \/ Yoast SEO Premium plugin. -->","yoast_head_json":{"title":"Mercato : Direction la Premier League pour Memphis Depay ?","description":"MERCATO FOOTBALL - Memphis Depay aurait demand\u00e9 \u00e0 quitter le FC Barcelone ce jeudi, derni\u00e8re journ\u00e9e du mercato estival.","robots":{"index":"index","follow":"follow","max-snippet":"max-snippet:-1","max-image-preview":"max-image-preview:large","max-video-preview":"max-video-preview:-1"},"canonical":"https:\/\/dicodusport.fr\/blog\/mercato-direction-la-premier-league-pour-memphis-depay\/","og_locale":"fr_FR","og_type":"article","og_title":"Mercato : Direction la Premier League pour Memphis Depay ?","og_description":"MERCATO FOOTBALL - Memphis Depay aurait demand\u00e9 \u00e0 quitter le FC Barcelone ce jeudi, derni\u00e8re journ\u00e9e du mercato estival.","og_url":"https:\/\/dicodusport.fr\/blog\/mercato-direction-la-premier-league-pour-memphis-depay\/","og_site_name":"Dicodusport","article_publisher":"https:\/\/www.facebook.com\/dicodusport","article_author":"https:\/\/www.facebook.com\/florent.ostermann","article_published_time":"2022-09-01T13:33:50+00:00","article_modified_time":"2022-09-01T15:11:03+00:00","og_image":[{"width":800,"height":445,"url":"https:\/\/dicodusport.fr\/blog\/wp-content\/uploads\/2022\/07\/Mercato-Quel-avenir-pour-Memphis-Depay-.png","type":"image\/png"}],"author":"Flo Ostermann","twitter_card":"summary_large_image","twitter_title":"Mercato : Direction la Premier League pour Memphis Depay ?","twitter_creator":"@https:\/\/twitter.com\/FlOstermann","twitter_site":"@dicodusport","schema":{"@context":"https:\/\/schema.org","@graph":[{"@type":"NewsArticle","@id":"https:\/\/dicodusport.fr\/blog\/mercato-direction-la-premier-league-pour-memphis-depay\/#article","isPartOf":{"@id":"https:\/\/dicodusport.fr\/blog\/mercato-direction-la-premier-league-pour-memphis-depay\/"},"author":{"name":"Flo Ostermann","@id":"https:\/\/dicodusport.fr\/blog\/#\/schema\/person\/cb02af4c173ce4a653b55e9baf388d4a"},"headline":"Mercato : Direction la Premier League pour Memphis Depay ?","datePublished":"2022-09-01T13:33:50+00:00","dateModified":"2022-09-01T15:11:03+00:00","mainEntityOfPage":{"@id":"https:\/\/dicodusport.fr\/blog\/mercato-direction-la-premier-league-pour-memphis-depay\/"},"wordCount":248,"commentCount":0,"publisher":{"@id":"https:\/\/dicodusport.fr\/blog\/#organization"},"image":{"@id":"https:\/\/dicodusport.fr\/blog\/mercato-direction-la-premier-league-pour-memphis-depay\/#primaryimage"},"thumbnailUrl":"https:\/\/dicodusport.fr\/blog\/wp-content\/uploads\/2022\/07\/Mercato-Quel-avenir-pour-Memphis-Depay-.png","keywords":["Chelsea","FC Barcelone","Football","Memphis Depay","Mercato football"],"articleSection":["Football"],"inLanguage":"fr-FR","potentialAction":[{"@type":"CommentAction","name":"Comment","target":["https:\/\/dicodusport.fr\/blog\/mercato-direction-la-premier-league-pour-memphis-depay\/#respond"]}],"copyrightYear":"2022","copyrightHolder":{"@id":"https:\/\/dicodusport.fr\/blog\/#organization"}},{"@type":"WebPage","@id":"https:\/\/dicodusport.fr\/blog\/mercato-direction-la-premier-league-pour-memphis-depay\/","url":"https:\/\/dicodusport.fr\/blog\/mercato-direction-la-premier-league-pour-memphis-depay\/","name":"Mercato : Direction la Premier League pour Memphis Depay ?","isPartOf":{"@id":"https:\/\/dicodusport.fr\/blog\/#website"},"primaryImageOfPage":{"@id":"https:\/\/dicodusport.fr\/blog\/mercato-direction-la-premier-league-pour-memphis-depay\/#primaryimage"},"image":{"@id":"https:\/\/dicodusport.fr\/blog\/mercato-direction-la-premier-league-pour-memphis-depay\/#primaryimage"},"thumbnailUrl":"https:\/\/dicodusport.fr\/blog\/wp-content\/uploads\/2022\/07\/Mercato-Quel-avenir-pour-Memphis-Depay-.png","datePublished":"2022-09-01T13:33:50+00:00","dateModified":"2022-09-01T15:11:03+00:00","description":"MERCATO FOOTBALL - Memphis Depay aurait demand\u00e9 \u00e0 quitter le FC Barcelone ce jeudi, derni\u00e8re journ\u00e9e du mercato estival.","breadcrumb":{"@id":"https:\/\/dicodusport.fr\/blog\/mercato-direction-la-premier-league-pour-memphis-depay\/#breadcrumb"},"inLanguage":"fr-FR","potentialAction":[{"@type":"ReadAction","target":["https:\/\/dicodusport.fr\/blog\/mercato-direction-la-premier-league-pour-memphis-depay\/"]}]},{"@type":"ImageObject","inLanguage":"fr-FR","@id":"https:\/\/dicodusport.fr\/blog\/mercato-direction-la-premier-league-pour-memphis-depay\/#primaryimage","url":"https:\/\/dicodusport.fr\/blog\/wp-content\/uploads\/2022\/07\/Mercato-Quel-avenir-pour-Memphis-Depay-.png","contentUrl":"https:\/\/dicodusport.fr\/blog\/wp-content\/uploads\/2022\/07\/Mercato-Quel-avenir-pour-Memphis-Depay-.png","width":800,"height":445,"caption":"Mercato Quel avenir pour Memphis Depay"},{"@type":"BreadcrumbList","@id":"https:\/\/dicodusport.fr\/blog\/mercato-direction-la-premier-league-pour-memphis-depay\/#breadcrumb","itemListElement":[{"@type":"ListItem","position":1,"name":"Accueil","item":"https:\/\/dicodusport.fr\/blog\/"},{"@type":"ListItem","position":2,"name":"Mercato : Direction la Premier League pour Memphis Depay ?"}]},{"@type":"WebSite","@id":"https:\/\/dicodusport.fr\/blog\/#website","url":"https:\/\/dicodusport.fr\/blog\/","name":"Dicodusport","description":"L&#039;encyclop\u00e9die de l&#039;actualit\u00e9 sportive","publisher":{"@id":"https:\/\/dicodusport.fr\/blog\/#organization"},"potentialAction":[{"@type":"SearchAction","target":{"@type":"EntryPoint","urlTemplate":"https:\/\/dicodusport.fr\/blog\/?s={search_term_string}"},"query-input":{"@type":"PropertyValueSpecification","valueRequired":true,"valueName":"search_term_string"}}],"inLanguage":"fr-FR"},{"@type":"NewsMediaOrganization","@id":"https:\/\/dicodusport.fr\/blog\/#organization","name":"Dicodusport","url":"https:\/\/dicodusport.fr\/blog\/","logo":{"@type":"ImageObject","inLanguage":"fr-FR","@id":"https:\/\/dicodusport.fr\/blog\/#\/schema\/logo\/image\/","url":"https:\/\/dicodusport.fr\/blog\/wp-content\/uploads\/2020\/06\/cropped-LOGO-DICODUSPORT-2020-SANS-FOND-SANS-TEXTE.png","contentUrl":"https:\/\/dicodusport.fr\/blog\/wp-content\/uploads\/2020\/06\/cropped-LOGO-DICODUSPORT-2020-SANS-FOND-SANS-TEXTE.png","width":512,"height":512,"caption":"Dicodusport"},"image":{"@id":"https:\/\/dicodusport.fr\/blog\/#\/schema\/logo\/image\/"},"sameAs":["https:\/\/www.facebook.com\/dicodusport","https:\/\/x.com\/dicodusport","https:\/\/www.instagram.com\/dicodusport\/","https:\/\/www.youtube.com\/channel\/UC7V2KZ5sd3htJivAbA4ZG3w"],"description":"Dicodusport est l'encyclop\u00e9die de l'actualit\u00e9 sportive.","email":"bonjour@dicodusport.fr","legalName":"DICODUSPORT","foundingDate":"2018-01-14","vatID":"FR71834470973","taxID":"83447097300043","numberOfEmployees":{"@type":"QuantitativeValue","minValue":"1","maxValue":"10"}},{"@type":"Person","@id":"https:\/\/dicodusport.fr\/blog\/#\/schema\/person\/cb02af4c173ce4a653b55e9baf388d4a","name":"Flo Ostermann","image":{"@type":"ImageObject","inLanguage":"fr-FR","@id":"https:\/\/dicodusport.fr\/blog\/#\/schema\/person\/image\/","url":"https:\/\/dicodusport.fr\/blog\/wp-content\/uploads\/2021\/05\/Flo-Ostermann-150x150.jpg","contentUrl":"https:\/\/dicodusport.fr\/blog\/wp-content\/uploads\/2021\/05\/Flo-Ostermann-150x150.jpg","caption":"Flo Ostermann"},"description":"Journaliste\/R\u00e9dacteur depuis septembre 2015 - Mes premiers souvenirs dans le sport ? Les envol\u00e9es du Stade Toulousain et les duels Villeneuve-Schumacher et H\u00e4kkinen-Schumacher \u00e0 la fin des ann\u00e9es 90, la Coupe du monde de football en 1998, l\u2019exploit du XV de France face aux All Blacks en 1999, mais aussi Richard C\u0153ur de Lion qui vole sur les montagnes du Tour de France. Bien parti pour devenir professeur d\u2019EPS, les \u00e9v\u00e9nements de la vie (et la flemme d\u2019animer des s\u00e9ances de 3x500 m\u00e8tres toute ma vie) m\u2019ont conduit \u00e0 revoir mes plans. Me voil\u00e0 depuis fin 2017 sur Dicodusport, m\u00e9dia gr\u00e2ce (et pour) lequel je partage ma passion : le sport dans tous ses \u00e9tats. Le tout accompagn\u00e9 par les fous furieux et folles furieuses cit\u00e9s sur cette page !","sameAs":["https:\/\/www.facebook.com\/florent.ostermann","https:\/\/x.com\/https:\/\/twitter.com\/FlOstermann","admin"],"url":"https:\/\/dicodusport.fr\/blog\/author\/flo\/"}]}},"_links":{"self":[{"href":"https:\/\/dicodusport.fr\/blog\/wp-json\/wp\/v2\/posts\/258022","targetHints":{"allow":["GET"]}}],"collection":[{"href":"https:\/\/dicodusport.fr\/blog\/wp-json\/wp\/v2\/posts"}],"about":[{"href":"https:\/\/dicodusport.fr\/blog\/wp-json\/wp\/v2\/types\/post"}],"author":[{"embeddable":true,"href":"https:\/\/dicodusport.fr\/blog\/wp-json\/wp\/v2\/users\/4"}],"replies":[{"embeddable":true,"href":"https:\/\/dicodusport.fr\/blog\/wp-json\/wp\/v2\/comments?post=258022"}],"version-history":[{"count":0,"href":"https:\/\/dicodusport.fr\/blog\/wp-json\/wp\/v2\/posts\/258022\/revisions"}],"wp:featuredmedia":[{"embeddable":true,"href":"https:\/\/dicodusport.fr\/blog\/wp-json\/wp\/v2\/media\/244474"}],"wp:attachment":[{"href":"https:\/\/dicodusport.fr\/blog\/wp-json\/wp\/v2\/media?parent=258022"}],"wp:term":[{"taxonomy":"category","embeddable":true,"href":"https:\/\/dicodusport.fr\/blog\/wp-json\/wp\/v2\/categories?post=258022"},{"taxonomy":"post_tag","embeddable":true,"href":"https:\/\/dicodusport.fr\/blog\/wp-json\/wp\/v2\/tags?post=258022"}],"curies":[{"name":"wp","href":"https:\/\/api.w.org\/{rel}","templated":true}]}}