{"id":258066,"date":"2022-09-01T17:48:19","date_gmt":"2022-09-01T15:48:19","guid":{"rendered":"https:\/\/dicodusport.fr\/blog\/?p=258066&#038;preview=true&#038;preview_id=258066"},"modified":"2022-09-01T17:57:09","modified_gmt":"2022-09-01T15:57:09","slug":"mercato-psg-paris-confirme-le-pret-de-deux-defenseurs","status":"publish","type":"post","link":"https:\/\/dicodusport.fr\/blog\/mercato-psg-paris-confirme-le-pret-de-deux-defenseurs\/","title":{"rendered":"Mercato PSG : Paris confirme le pr\u00eat de deux d\u00e9fenseurs"},"content":{"rendered":"<p style=\"text-align: justify;\"><b><i>LIGUE 1 2022-2023 &#8211; Le Paris Saint-Germain a confirm\u00e9 le pr\u00eat de deux d\u00e9fenseurs, Layvin Kurzawa et Abdou Diallo.<\/i><\/b><\/p>\n<p style=\"text-align: justify;\">La derni\u00e8re journ\u00e9e du mercato est synonyme de d\u00e9graissage pour le <strong>PSG<\/strong>. <strong>Abdou Diallo<\/strong> est pr\u00eat\u00e9 pour une saison \u00e0 Leipzig avec une option d&rsquo;achat en faveur du club allemand. Malgr\u00e9 le manque de solutions pour la d\u00e9fense centrale \u00e0 trois dans l&rsquo;effectif de <strong>Christophe Galtier<\/strong>, Paris n&rsquo;a pas souhait\u00e9 le conserver. L&rsquo;international s\u00e9n\u00e9galais conna\u00eet bien le championnat allemand, puisqu&rsquo;il y \u00e9voluait avec <strong>Dortmund<\/strong> avant de signer au <strong>PSG<\/strong>.<\/p>\n<p style=\"text-align: justify;\">C&rsquo;\u00e9tait dans les tuyaux, c&rsquo;est officiel, <strong>Layvin Kurzawa<\/strong> rejoint <strong>Fulham<\/strong> en pr\u00eat mais sans option d&rsquo;achat. Cela signifie que le lat\u00e9ral gauche fran\u00e7ais sera de retour en juin prochain \u00e0 <strong>Paris,<\/strong> puisque son contrat court jusqu&rsquo;en juin 2024.<\/p>\n<blockquote class=\"twitter-tweet\">\n<p dir=\"ltr\" lang=\"fr\">Le d\u00e9fenseur fran\u00e7ais Layvin Kurzawa est pr\u00eat\u00e9 jusqu\u2019\u00e0 la fin de la saison au Fulham FC, club de Premier League. &#x270d;&#xfe0f;<\/p>\n<p>Le Paris Saint-Germain souhaite \u00e0 Layvin une tr\u00e8s belle saison 2022-2023 avec le Fulham FC.<\/p>\n<p>\u2014 Paris Saint-Germain (@PSG_inside) <a href=\"https:\/\/twitter.com\/PSG_inside\/status\/1565363349847769091?ref_src=twsrc%5Etfw\">September 1, 2022<\/a><\/p><\/blockquote>\n<p style=\"text-align: justify;\"><script async src=\"https:\/\/platform.twitter.com\/widgets.js\" charset=\"utf-8\"><\/script><\/p>\n<ul>\n<li style=\"text-align: justify;\"><strong>\u00c0 lire aussi &#8211; <\/strong><a href=\"https:\/\/dicodusport.fr\/blog\/mercato-psg-tableau-des-transferts-2022-2023\/\"><strong>Le tableau des transferts du PSG<\/strong><\/a><\/li>\n<\/ul>\n","protected":false},"excerpt":{"rendered":"<p>LIGUE 1 2022-2023 &#8211; Le Paris Saint-Germain a confirm\u00e9 le pr\u00eat de deux d\u00e9fenseurs, Layvin Kurzawa et Abdou Diallo.<\/p>\n","protected":false},"author":1,"featured_media":158074,"comment_status":"open","ping_status":"closed","sticky":false,"template":"","format":"standard","meta":{"_acf_changed":false,"_daextam_enable_autolinks":"","footnotes":""},"categories":[2301,47045],"tags":[75,7762,910],"class_list":["post-258066","post","type-post","status-publish","format-standard","has-post-thumbnail","hentry","category-football","category-ligue-1","tag-football","tag-mercato-psg","tag-psg"],"acf":[],"yoast_head":"<!-- This site is optimized with the Yoast SEO Premium plugin v26.7 (Yoast SEO v26.7) - https:\/\/yoast.com\/wordpress\/plugins\/seo\/ -->\n<title>Mercato PSG : Paris confirme le pr\u00eat de deux d\u00e9fenseurs<\/title>\n<meta name=\"description\" content=\"LIGUE 1 2022-2023 - Le Paris Saint-Germain a confirm\u00e9 le pr\u00eat de deux d\u00e9fenseurs, Layvin Kurzawa et Abdou Diallo.\" \/>\n<meta name=\"robots\" content=\"index, follow, max-snippet:-1, max-image-preview:large, max-video-preview:-1\" \/>\n<link rel=\"canonical\" href=\"https:\/\/dicodusport.fr\/blog\/mercato-psg-paris-confirme-le-pret-de-deux-defenseurs\/\" \/>\n<meta property=\"og:locale\" content=\"fr_FR\" \/>\n<meta property=\"og:type\" content=\"article\" \/>\n<meta property=\"og:title\" content=\"Mercato PSG : Paris confirme le pr\u00eat de deux d\u00e9fenseurs\" \/>\n<meta property=\"og:description\" content=\"LIGUE 1 2022-2023 - Le Paris Saint-Germain a confirm\u00e9 le pr\u00eat de deux d\u00e9fenseurs, Layvin Kurzawa et Abdou Diallo.\" \/>\n<meta property=\"og:url\" content=\"https:\/\/dicodusport.fr\/blog\/mercato-psg-paris-confirme-le-pret-de-deux-defenseurs\/\" \/>\n<meta property=\"og:site_name\" content=\"Dicodusport\" \/>\n<meta property=\"article:publisher\" content=\"https:\/\/www.facebook.com\/dicodusport\" \/>\n<meta property=\"article:author\" content=\"https:\/\/www.facebook.com\/dicodusport\" \/>\n<meta property=\"article:published_time\" content=\"2022-09-01T15:48:19+00:00\" \/>\n<meta property=\"article:modified_time\" content=\"2022-09-01T15:57:09+00:00\" \/>\n<meta property=\"og:image\" content=\"https:\/\/dicodusport.fr\/blog\/wp-content\/uploads\/2021\/08\/Mercato-Lyon-vise-Layvin-Kurzawa.png\" \/>\n\t<meta property=\"og:image:width\" content=\"800\" \/>\n\t<meta property=\"og:image:height\" content=\"445\" \/>\n\t<meta property=\"og:image:type\" content=\"image\/png\" \/>\n<meta name=\"author\" content=\"Nicolas Jacquemard\" \/>\n<meta name=\"twitter:card\" content=\"summary_large_image\" \/>\n<meta name=\"twitter:title\" content=\"Mercato PSG : Paris confirme le pr\u00eat de deux d\u00e9fenseurs\" \/>\n<meta name=\"twitter:creator\" content=\"@https:\/\/twitter.com\/Nico_Jacquemard\" \/>\n<meta name=\"twitter:site\" content=\"@dicodusport\" \/>\n<script type=\"application\/ld+json\" class=\"yoast-schema-graph\">{\"@context\":\"https:\/\/schema.org\",\"@graph\":[{\"@type\":\"NewsArticle\",\"@id\":\"https:\/\/dicodusport.fr\/blog\/mercato-psg-paris-confirme-le-pret-de-deux-defenseurs\/#article\",\"isPartOf\":{\"@id\":\"https:\/\/dicodusport.fr\/blog\/mercato-psg-paris-confirme-le-pret-de-deux-defenseurs\/\"},\"author\":{\"name\":\"Nicolas Jacquemard\",\"@id\":\"https:\/\/dicodusport.fr\/blog\/#\/schema\/person\/55dcb50ad410894e431ed812bbb70191\"},\"headline\":\"Mercato PSG : Paris confirme le pr\u00eat de deux d\u00e9fenseurs\",\"datePublished\":\"2022-09-01T15:48:19+00:00\",\"dateModified\":\"2022-09-01T15:57:09+00:00\",\"mainEntityOfPage\":{\"@id\":\"https:\/\/dicodusport.fr\/blog\/mercato-psg-paris-confirme-le-pret-de-deux-defenseurs\/\"},\"wordCount\":210,\"commentCount\":0,\"publisher\":{\"@id\":\"https:\/\/dicodusport.fr\/blog\/#organization\"},\"image\":{\"@id\":\"https:\/\/dicodusport.fr\/blog\/mercato-psg-paris-confirme-le-pret-de-deux-defenseurs\/#primaryimage\"},\"thumbnailUrl\":\"https:\/\/dicodusport.fr\/blog\/wp-content\/uploads\/2021\/08\/Mercato-Lyon-vise-Layvin-Kurzawa.png\",\"keywords\":[\"Football\",\"Mercato PSG\",\"PSG\"],\"articleSection\":[\"Football\",\"Ligue 1\"],\"inLanguage\":\"fr-FR\",\"potentialAction\":[{\"@type\":\"CommentAction\",\"name\":\"Comment\",\"target\":[\"https:\/\/dicodusport.fr\/blog\/mercato-psg-paris-confirme-le-pret-de-deux-defenseurs\/#respond\"]}],\"copyrightYear\":\"2022\",\"copyrightHolder\":{\"@id\":\"https:\/\/dicodusport.fr\/blog\/#organization\"}},{\"@type\":\"WebPage\",\"@id\":\"https:\/\/dicodusport.fr\/blog\/mercato-psg-paris-confirme-le-pret-de-deux-defenseurs\/\",\"url\":\"https:\/\/dicodusport.fr\/blog\/mercato-psg-paris-confirme-le-pret-de-deux-defenseurs\/\",\"name\":\"Mercato PSG : Paris confirme le pr\u00eat de deux d\u00e9fenseurs\",\"isPartOf\":{\"@id\":\"https:\/\/dicodusport.fr\/blog\/#website\"},\"primaryImageOfPage\":{\"@id\":\"https:\/\/dicodusport.fr\/blog\/mercato-psg-paris-confirme-le-pret-de-deux-defenseurs\/#primaryimage\"},\"image\":{\"@id\":\"https:\/\/dicodusport.fr\/blog\/mercato-psg-paris-confirme-le-pret-de-deux-defenseurs\/#primaryimage\"},\"thumbnailUrl\":\"https:\/\/dicodusport.fr\/blog\/wp-content\/uploads\/2021\/08\/Mercato-Lyon-vise-Layvin-Kurzawa.png\",\"datePublished\":\"2022-09-01T15:48:19+00:00\",\"dateModified\":\"2022-09-01T15:57:09+00:00\",\"description\":\"LIGUE 1 2022-2023 - Le Paris Saint-Germain a confirm\u00e9 le pr\u00eat de deux d\u00e9fenseurs, Layvin Kurzawa et Abdou Diallo.\",\"breadcrumb\":{\"@id\":\"https:\/\/dicodusport.fr\/blog\/mercato-psg-paris-confirme-le-pret-de-deux-defenseurs\/#breadcrumb\"},\"inLanguage\":\"fr-FR\",\"potentialAction\":[{\"@type\":\"ReadAction\",\"target\":[\"https:\/\/dicodusport.fr\/blog\/mercato-psg-paris-confirme-le-pret-de-deux-defenseurs\/\"]}]},{\"@type\":\"ImageObject\",\"inLanguage\":\"fr-FR\",\"@id\":\"https:\/\/dicodusport.fr\/blog\/mercato-psg-paris-confirme-le-pret-de-deux-defenseurs\/#primaryimage\",\"url\":\"https:\/\/dicodusport.fr\/blog\/wp-content\/uploads\/2021\/08\/Mercato-Lyon-vise-Layvin-Kurzawa.png\",\"contentUrl\":\"https:\/\/dicodusport.fr\/blog\/wp-content\/uploads\/2021\/08\/Mercato-Lyon-vise-Layvin-Kurzawa.png\",\"width\":800,\"height\":445,\"caption\":\"Mercato Lyon vise Layvin Kurzawa\"},{\"@type\":\"BreadcrumbList\",\"@id\":\"https:\/\/dicodusport.fr\/blog\/mercato-psg-paris-confirme-le-pret-de-deux-defenseurs\/#breadcrumb\",\"itemListElement\":[{\"@type\":\"ListItem\",\"position\":1,\"name\":\"Accueil\",\"item\":\"https:\/\/dicodusport.fr\/blog\/\"},{\"@type\":\"ListItem\",\"position\":2,\"name\":\"Mercato PSG : Paris confirme le pr\u00eat de deux d\u00e9fenseurs\"}]},{\"@type\":\"WebSite\",\"@id\":\"https:\/\/dicodusport.fr\/blog\/#website\",\"url\":\"https:\/\/dicodusport.fr\/blog\/\",\"name\":\"Dicodusport\",\"description\":\"L&#039;encyclop\u00e9die de l&#039;actualit\u00e9 sportive\",\"publisher\":{\"@id\":\"https:\/\/dicodusport.fr\/blog\/#organization\"},\"potentialAction\":[{\"@type\":\"SearchAction\",\"target\":{\"@type\":\"EntryPoint\",\"urlTemplate\":\"https:\/\/dicodusport.fr\/blog\/?s={search_term_string}\"},\"query-input\":{\"@type\":\"PropertyValueSpecification\",\"valueRequired\":true,\"valueName\":\"search_term_string\"}}],\"inLanguage\":\"fr-FR\"},{\"@type\":\"NewsMediaOrganization\",\"@id\":\"https:\/\/dicodusport.fr\/blog\/#organization\",\"name\":\"Dicodusport\",\"url\":\"https:\/\/dicodusport.fr\/blog\/\",\"logo\":{\"@type\":\"ImageObject\",\"inLanguage\":\"fr-FR\",\"@id\":\"https:\/\/dicodusport.fr\/blog\/#\/schema\/logo\/image\/\",\"url\":\"https:\/\/dicodusport.fr\/blog\/wp-content\/uploads\/2020\/06\/cropped-LOGO-DICODUSPORT-2020-SANS-FOND-SANS-TEXTE.png\",\"contentUrl\":\"https:\/\/dicodusport.fr\/blog\/wp-content\/uploads\/2020\/06\/cropped-LOGO-DICODUSPORT-2020-SANS-FOND-SANS-TEXTE.png\",\"width\":512,\"height\":512,\"caption\":\"Dicodusport\"},\"image\":{\"@id\":\"https:\/\/dicodusport.fr\/blog\/#\/schema\/logo\/image\/\"},\"sameAs\":[\"https:\/\/www.facebook.com\/dicodusport\",\"https:\/\/x.com\/dicodusport\",\"https:\/\/www.instagram.com\/dicodusport\/\",\"https:\/\/www.youtube.com\/channel\/UC7V2KZ5sd3htJivAbA4ZG3w\"],\"description\":\"Dicodusport est l'encyclop\u00e9die de l'actualit\u00e9 sportive.\",\"email\":\"bonjour@dicodusport.fr\",\"legalName\":\"DICODUSPORT\",\"foundingDate\":\"2018-01-14\",\"vatID\":\"FR71834470973\",\"taxID\":\"83447097300043\",\"numberOfEmployees\":{\"@type\":\"QuantitativeValue\",\"minValue\":\"1\",\"maxValue\":\"10\"}},{\"@type\":\"Person\",\"@id\":\"https:\/\/dicodusport.fr\/blog\/#\/schema\/person\/55dcb50ad410894e431ed812bbb70191\",\"name\":\"Nicolas Jacquemard\",\"image\":{\"@type\":\"ImageObject\",\"inLanguage\":\"fr-FR\",\"@id\":\"https:\/\/dicodusport.fr\/blog\/#\/schema\/person\/image\/\",\"url\":\"https:\/\/dicodusport.fr\/blog\/wp-content\/uploads\/2021\/05\/Nicolas-Jacquemard-150x150.jpeg\",\"contentUrl\":\"https:\/\/dicodusport.fr\/blog\/wp-content\/uploads\/2021\/05\/Nicolas-Jacquemard-150x150.jpeg\",\"caption\":\"Nicolas Jacquemard\"},\"description\":\"Passionn\u00e9 de sport et entrepreneur depuis mes 18 ans, la cr\u00e9ation de Dicodusport m'a sembl\u00e9 \u00e9vidente pour participer \u00e0 la m\u00e9diatisation d'un plus grand nombre de sports. Le chemin est long mais avec une \u00e9quipe des plus motiv\u00e9es et les Jeux Olympiques de Paris 2024 en point de mire, nous y arriverons ! Journaliste dans le monde du sport depuis plus de 5 ans, je traite aussi bien de football, de rugby, de biathlon que de cyclisme.\",\"sameAs\":[\"https:\/\/www.facebook.com\/dicodusport\",\"https:\/\/x.com\/https:\/\/twitter.com\/Nico_Jacquemard\"],\"url\":\"https:\/\/dicodusport.fr\/blog\/author\/dicodusport\/\"}]}<\/script>\n<!-- \/ Yoast SEO Premium plugin. -->","yoast_head_json":{"title":"Mercato PSG : Paris confirme le pr\u00eat de deux d\u00e9fenseurs","description":"LIGUE 1 2022-2023 - Le Paris Saint-Germain a confirm\u00e9 le pr\u00eat de deux d\u00e9fenseurs, Layvin Kurzawa et Abdou Diallo.","robots":{"index":"index","follow":"follow","max-snippet":"max-snippet:-1","max-image-preview":"max-image-preview:large","max-video-preview":"max-video-preview:-1"},"canonical":"https:\/\/dicodusport.fr\/blog\/mercato-psg-paris-confirme-le-pret-de-deux-defenseurs\/","og_locale":"fr_FR","og_type":"article","og_title":"Mercato PSG : Paris confirme le pr\u00eat de deux d\u00e9fenseurs","og_description":"LIGUE 1 2022-2023 - Le Paris Saint-Germain a confirm\u00e9 le pr\u00eat de deux d\u00e9fenseurs, Layvin Kurzawa et Abdou Diallo.","og_url":"https:\/\/dicodusport.fr\/blog\/mercato-psg-paris-confirme-le-pret-de-deux-defenseurs\/","og_site_name":"Dicodusport","article_publisher":"https:\/\/www.facebook.com\/dicodusport","article_author":"https:\/\/www.facebook.com\/dicodusport","article_published_time":"2022-09-01T15:48:19+00:00","article_modified_time":"2022-09-01T15:57:09+00:00","og_image":[{"width":800,"height":445,"url":"https:\/\/dicodusport.fr\/blog\/wp-content\/uploads\/2021\/08\/Mercato-Lyon-vise-Layvin-Kurzawa.png","type":"image\/png"}],"author":"Nicolas Jacquemard","twitter_card":"summary_large_image","twitter_title":"Mercato PSG : Paris confirme le pr\u00eat de deux d\u00e9fenseurs","twitter_creator":"@https:\/\/twitter.com\/Nico_Jacquemard","twitter_site":"@dicodusport","schema":{"@context":"https:\/\/schema.org","@graph":[{"@type":"NewsArticle","@id":"https:\/\/dicodusport.fr\/blog\/mercato-psg-paris-confirme-le-pret-de-deux-defenseurs\/#article","isPartOf":{"@id":"https:\/\/dicodusport.fr\/blog\/mercato-psg-paris-confirme-le-pret-de-deux-defenseurs\/"},"author":{"name":"Nicolas Jacquemard","@id":"https:\/\/dicodusport.fr\/blog\/#\/schema\/person\/55dcb50ad410894e431ed812bbb70191"},"headline":"Mercato PSG : Paris confirme le pr\u00eat de deux d\u00e9fenseurs","datePublished":"2022-09-01T15:48:19+00:00","dateModified":"2022-09-01T15:57:09+00:00","mainEntityOfPage":{"@id":"https:\/\/dicodusport.fr\/blog\/mercato-psg-paris-confirme-le-pret-de-deux-defenseurs\/"},"wordCount":210,"commentCount":0,"publisher":{"@id":"https:\/\/dicodusport.fr\/blog\/#organization"},"image":{"@id":"https:\/\/dicodusport.fr\/blog\/mercato-psg-paris-confirme-le-pret-de-deux-defenseurs\/#primaryimage"},"thumbnailUrl":"https:\/\/dicodusport.fr\/blog\/wp-content\/uploads\/2021\/08\/Mercato-Lyon-vise-Layvin-Kurzawa.png","keywords":["Football","Mercato PSG","PSG"],"articleSection":["Football","Ligue 1"],"inLanguage":"fr-FR","potentialAction":[{"@type":"CommentAction","name":"Comment","target":["https:\/\/dicodusport.fr\/blog\/mercato-psg-paris-confirme-le-pret-de-deux-defenseurs\/#respond"]}],"copyrightYear":"2022","copyrightHolder":{"@id":"https:\/\/dicodusport.fr\/blog\/#organization"}},{"@type":"WebPage","@id":"https:\/\/dicodusport.fr\/blog\/mercato-psg-paris-confirme-le-pret-de-deux-defenseurs\/","url":"https:\/\/dicodusport.fr\/blog\/mercato-psg-paris-confirme-le-pret-de-deux-defenseurs\/","name":"Mercato PSG : Paris confirme le pr\u00eat de deux d\u00e9fenseurs","isPartOf":{"@id":"https:\/\/dicodusport.fr\/blog\/#website"},"primaryImageOfPage":{"@id":"https:\/\/dicodusport.fr\/blog\/mercato-psg-paris-confirme-le-pret-de-deux-defenseurs\/#primaryimage"},"image":{"@id":"https:\/\/dicodusport.fr\/blog\/mercato-psg-paris-confirme-le-pret-de-deux-defenseurs\/#primaryimage"},"thumbnailUrl":"https:\/\/dicodusport.fr\/blog\/wp-content\/uploads\/2021\/08\/Mercato-Lyon-vise-Layvin-Kurzawa.png","datePublished":"2022-09-01T15:48:19+00:00","dateModified":"2022-09-01T15:57:09+00:00","description":"LIGUE 1 2022-2023 - Le Paris Saint-Germain a confirm\u00e9 le pr\u00eat de deux d\u00e9fenseurs, Layvin Kurzawa et Abdou Diallo.","breadcrumb":{"@id":"https:\/\/dicodusport.fr\/blog\/mercato-psg-paris-confirme-le-pret-de-deux-defenseurs\/#breadcrumb"},"inLanguage":"fr-FR","potentialAction":[{"@type":"ReadAction","target":["https:\/\/dicodusport.fr\/blog\/mercato-psg-paris-confirme-le-pret-de-deux-defenseurs\/"]}]},{"@type":"ImageObject","inLanguage":"fr-FR","@id":"https:\/\/dicodusport.fr\/blog\/mercato-psg-paris-confirme-le-pret-de-deux-defenseurs\/#primaryimage","url":"https:\/\/dicodusport.fr\/blog\/wp-content\/uploads\/2021\/08\/Mercato-Lyon-vise-Layvin-Kurzawa.png","contentUrl":"https:\/\/dicodusport.fr\/blog\/wp-content\/uploads\/2021\/08\/Mercato-Lyon-vise-Layvin-Kurzawa.png","width":800,"height":445,"caption":"Mercato Lyon vise Layvin Kurzawa"},{"@type":"BreadcrumbList","@id":"https:\/\/dicodusport.fr\/blog\/mercato-psg-paris-confirme-le-pret-de-deux-defenseurs\/#breadcrumb","itemListElement":[{"@type":"ListItem","position":1,"name":"Accueil","item":"https:\/\/dicodusport.fr\/blog\/"},{"@type":"ListItem","position":2,"name":"Mercato PSG : Paris confirme le pr\u00eat de deux d\u00e9fenseurs"}]},{"@type":"WebSite","@id":"https:\/\/dicodusport.fr\/blog\/#website","url":"https:\/\/dicodusport.fr\/blog\/","name":"Dicodusport","description":"L&#039;encyclop\u00e9die de l&#039;actualit\u00e9 sportive","publisher":{"@id":"https:\/\/dicodusport.fr\/blog\/#organization"},"potentialAction":[{"@type":"SearchAction","target":{"@type":"EntryPoint","urlTemplate":"https:\/\/dicodusport.fr\/blog\/?s={search_term_string}"},"query-input":{"@type":"PropertyValueSpecification","valueRequired":true,"valueName":"search_term_string"}}],"inLanguage":"fr-FR"},{"@type":"NewsMediaOrganization","@id":"https:\/\/dicodusport.fr\/blog\/#organization","name":"Dicodusport","url":"https:\/\/dicodusport.fr\/blog\/","logo":{"@type":"ImageObject","inLanguage":"fr-FR","@id":"https:\/\/dicodusport.fr\/blog\/#\/schema\/logo\/image\/","url":"https:\/\/dicodusport.fr\/blog\/wp-content\/uploads\/2020\/06\/cropped-LOGO-DICODUSPORT-2020-SANS-FOND-SANS-TEXTE.png","contentUrl":"https:\/\/dicodusport.fr\/blog\/wp-content\/uploads\/2020\/06\/cropped-LOGO-DICODUSPORT-2020-SANS-FOND-SANS-TEXTE.png","width":512,"height":512,"caption":"Dicodusport"},"image":{"@id":"https:\/\/dicodusport.fr\/blog\/#\/schema\/logo\/image\/"},"sameAs":["https:\/\/www.facebook.com\/dicodusport","https:\/\/x.com\/dicodusport","https:\/\/www.instagram.com\/dicodusport\/","https:\/\/www.youtube.com\/channel\/UC7V2KZ5sd3htJivAbA4ZG3w"],"description":"Dicodusport est l'encyclop\u00e9die de l'actualit\u00e9 sportive.","email":"bonjour@dicodusport.fr","legalName":"DICODUSPORT","foundingDate":"2018-01-14","vatID":"FR71834470973","taxID":"83447097300043","numberOfEmployees":{"@type":"QuantitativeValue","minValue":"1","maxValue":"10"}},{"@type":"Person","@id":"https:\/\/dicodusport.fr\/blog\/#\/schema\/person\/55dcb50ad410894e431ed812bbb70191","name":"Nicolas Jacquemard","image":{"@type":"ImageObject","inLanguage":"fr-FR","@id":"https:\/\/dicodusport.fr\/blog\/#\/schema\/person\/image\/","url":"https:\/\/dicodusport.fr\/blog\/wp-content\/uploads\/2021\/05\/Nicolas-Jacquemard-150x150.jpeg","contentUrl":"https:\/\/dicodusport.fr\/blog\/wp-content\/uploads\/2021\/05\/Nicolas-Jacquemard-150x150.jpeg","caption":"Nicolas Jacquemard"},"description":"Passionn\u00e9 de sport et entrepreneur depuis mes 18 ans, la cr\u00e9ation de Dicodusport m'a sembl\u00e9 \u00e9vidente pour participer \u00e0 la m\u00e9diatisation d'un plus grand nombre de sports. Le chemin est long mais avec une \u00e9quipe des plus motiv\u00e9es et les Jeux Olympiques de Paris 2024 en point de mire, nous y arriverons ! Journaliste dans le monde du sport depuis plus de 5 ans, je traite aussi bien de football, de rugby, de biathlon que de cyclisme.","sameAs":["https:\/\/www.facebook.com\/dicodusport","https:\/\/x.com\/https:\/\/twitter.com\/Nico_Jacquemard"],"url":"https:\/\/dicodusport.fr\/blog\/author\/dicodusport\/"}]}},"_links":{"self":[{"href":"https:\/\/dicodusport.fr\/blog\/wp-json\/wp\/v2\/posts\/258066","targetHints":{"allow":["GET"]}}],"collection":[{"href":"https:\/\/dicodusport.fr\/blog\/wp-json\/wp\/v2\/posts"}],"about":[{"href":"https:\/\/dicodusport.fr\/blog\/wp-json\/wp\/v2\/types\/post"}],"author":[{"embeddable":true,"href":"https:\/\/dicodusport.fr\/blog\/wp-json\/wp\/v2\/users\/1"}],"replies":[{"embeddable":true,"href":"https:\/\/dicodusport.fr\/blog\/wp-json\/wp\/v2\/comments?post=258066"}],"version-history":[{"count":0,"href":"https:\/\/dicodusport.fr\/blog\/wp-json\/wp\/v2\/posts\/258066\/revisions"}],"wp:featuredmedia":[{"embeddable":true,"href":"https:\/\/dicodusport.fr\/blog\/wp-json\/wp\/v2\/media\/158074"}],"wp:attachment":[{"href":"https:\/\/dicodusport.fr\/blog\/wp-json\/wp\/v2\/media?parent=258066"}],"wp:term":[{"taxonomy":"category","embeddable":true,"href":"https:\/\/dicodusport.fr\/blog\/wp-json\/wp\/v2\/categories?post=258066"},{"taxonomy":"post_tag","embeddable":true,"href":"https:\/\/dicodusport.fr\/blog\/wp-json\/wp\/v2\/tags?post=258066"}],"curies":[{"name":"wp","href":"https:\/\/api.w.org\/{rel}","templated":true}]}}