{"id":258116,"date":"2022-09-01T23:10:51","date_gmt":"2022-09-01T21:10:51","guid":{"rendered":"https:\/\/dicodusport.fr\/blog\/?p=258116&#038;preview=true&#038;preview_id=258116"},"modified":"2022-09-02T08:34:53","modified_gmt":"2022-09-02T06:34:53","slug":"eurobasket-2022-les-notes-des-bleus-contre-lallemagne","status":"publish","type":"post","link":"https:\/\/dicodusport.fr\/blog\/eurobasket-2022-les-notes-des-bleus-contre-lallemagne\/","title":{"rendered":"EuroBasket 2022 : Les notes des Bleus contre l&rsquo;Allemagne"},"content":{"rendered":"<p style=\"text-align: justify;\"><b><i><a href=\"https:\/\/dicodusport.fr\/blog\/calendrier-et-resultats-eurobasket-2022\/\">EuroBasket 2022<\/a> &#8211; L&rsquo;\u00c9quipe de France <a title=\"EuroBasket 2022 : La France s\u2019incline d\u2019entr\u00e9e face \u00e0 l\u2019Allemagne\" href=\"https:\/\/dicodusport.fr\/blog\/eurobasket-2022-la-france-sincline-dentree-face-a-lallemagne\/\" target=\"_blank\" rel=\"noopener\">a chut\u00e9 lors de son premier match<\/a> contre les h\u00f4tes de la comp\u00e9tition, l&rsquo;Allemagne (score final 63-76). Voici nos notes des Bleus.<br \/>\n<\/i><\/b><\/p>\n<p style=\"text-align: justify;\"><strong>Andrew Albicy (2) :<\/strong> Envoy\u00e9 dans une mission d\u00e9fensive sur Dennis Schr\u00f6der qui n&rsquo;aura dur\u00e9 que quelques minutes. \u00c9tonnant de mettre meneur titulaire un joueur qui revient de blessure et ne semble clairement pas \u00e0 100% de ses capacit\u00e9s.<\/p>\n<p style=\"text-align: justify;\"><strong>\u00c9lie Okobo (2) :<\/strong> Surprise du chef, Vincent Collet a d\u00e9cid\u00e9 de l&rsquo;enlever du banc pour le mettre dans le 5 majeur. Il aurait peut-\u00eatre mieux fait de l&rsquo;y laisser.<\/p>\n<p style=\"text-align: justify;\"><strong>Evan Fournier (3) :<\/strong> Matrix\u00e9 par son passage aux Knicks, le natif de Charenton se cantonne de plus en plus au shoot ext\u00e9rieur. Un r\u00f4le trop unidimensionnel pour celui qui est cens\u00e9 \u00eatre notre meilleur attaquant. Et quand \u00e7a ne rentre pas comme ce soir (2\/10 au tir), \u00e7a se voit.<\/p>\n<p style=\"text-align: justify;\"><strong>Guerschon Yabusele (8) :<\/strong> Heureusement que l&rsquo;ours Yabusele \u00e9tait l\u00e0. Une belle activit\u00e9 sous l&rsquo;arceau, et une agressivit\u00e9 des deux c\u00f4t\u00e9s du terrain qui a manqu\u00e9 \u00e0 tous ses co\u00e9quipiers. Le pensionnaire du Real Madrid a m\u00eame battu son record de points chez les Bleus (18).<\/p>\n<p style=\"text-align: justify;\"><strong>Rudy Gobert (3) :<\/strong> En double-double (11 points, 12 rebonds) gr\u00e2ce \u00e0 un rel\u00e2chement allemand en fin de match. Dans un cinq majeur tr\u00e8s petit, il \u00e9tait l\u00e0 pour ramasser les pots cass\u00e9s, mais a \u00e9t\u00e9 bien trop mis en difficult\u00e9 par les int\u00e9rieurs fuyants de l&rsquo;Allemagne. On attend beaucoup plus du triple d\u00e9fenseur de l&rsquo;ann\u00e9e en NBA.<\/p>\n<p style=\"text-align: justify;\"><strong>Timoth\u00e9 Luwawu-Cabarrot (4) :<\/strong> Bon pressing d\u00e9fensif sur les ext\u00e9rieurs allemands. 100% au tir en attaque. Malheureusement, trop de maladresses en essayant de poser des dribbles, alors que ce n&rsquo;est absolument pas ce qu&rsquo;on lui demande.<\/p>\n<p style=\"text-align: justify;\"><strong>Vincent Poirier (5,5) :<\/strong> Bonne intensit\u00e9 dans le jeu (8 points, 4 rebonds), il aurait gagn\u00e9 \u00e0 \u00eatre davantage associ\u00e9 \u00e0 Rudy Gobert.<\/p>\n<p style=\"text-align: justify;\"><strong>Thomas Heurtel (4,5) :<\/strong> Contrairement \u00e0 beaucoup, on ne peut pas lui reprocher de ne pas avoir tent\u00e9. 6 points et 8 passes avec quelques belles prises de risque en attaque. Mais trop maladroit techniquement (3 turnovers).<\/p>\n<p style=\"text-align: justify;\"><strong>Th\u00e9o Maledon (4) :<\/strong> Superbe entr\u00e9e en premi\u00e8re mi-temps avec plusieurs drives r\u00e9ussis \u00e0 la cl\u00e9. Mais \u00e7a n&rsquo;aura dur\u00e9 que quelques minutes. Choix du coach.<\/p>\n<p style=\"text-align: justify;\"><strong>Terry Tarpey, Amath M&rsquo;Baye (non-not\u00e9s) :<\/strong>\u00a0 Temps de jeu limit\u00e9 pour ces deux joueurs. Tarpey ne peut pas \u00eatre le sauveur des Bleus \u00e0 chaque match. M&rsquo;Baye ne l&rsquo;a pas \u00e9t\u00e9 depuis un bon bout de temps.<\/p>\n<blockquote class=\"twitter-tweet\">\n<p dir=\"ltr\" lang=\"fr\">Pas le d\u00e9but de comp\u00e9tition esp\u00e9r\u00e9. R\u00e9action attendue samedi face \u00e0 la Lituanie &#x1f4aa;<a href=\"https:\/\/twitter.com\/hashtag\/TeamFranceBasket?src=hash&amp;ref_src=twsrc%5Etfw\">#TeamFranceBasket<\/a> | <a href=\"https:\/\/twitter.com\/hashtag\/Passionn%C3%A9mentBleu?src=hash&amp;ref_src=twsrc%5Etfw\">#Passionn\u00e9mentBleu<\/a> | <a href=\"https:\/\/twitter.com\/hashtag\/EuroBasket?src=hash&amp;ref_src=twsrc%5Etfw\">#EuroBasket<\/a> | <a href=\"https:\/\/twitter.com\/hashtag\/FRAGER?src=hash&amp;ref_src=twsrc%5Etfw\">#FRAGER<\/a> <a href=\"https:\/\/t.co\/35orlbMbiH\">pic.twitter.com\/35orlbMbiH<\/a><\/p>\n<p>\u2014 \u00c9quipes de France de Basket (@FRABasketball) <a href=\"https:\/\/twitter.com\/FRABasketball\/status\/1565441097492566028?ref_src=twsrc%5Etfw\">September 1, 2022<\/a><\/p><\/blockquote>\n<p style=\"text-align: justify;\"><script async src=\"https:\/\/platform.twitter.com\/widgets.js\" charset=\"utf-8\"><\/script><\/p>\n","protected":false},"excerpt":{"rendered":"<p>EuroBasket 2022 &#8211; L&rsquo;\u00c9quipe de France a chut\u00e9 lors de son premier match contre les h\u00f4tes de la comp\u00e9tition, l&rsquo;Allemagne (score final 63-76). Voici nos notes des Bleus. Andrew Albicy (2) : Envoy\u00e9 dans une mission d\u00e9fensive sur Dennis Schr\u00f6der qui n&rsquo;aura dur\u00e9 que quelques minutes. \u00c9tonnant de mettre meneur titulaire un joueur qui revient [&hellip;]<\/p>\n","protected":false},"author":13,"featured_media":258209,"comment_status":"open","ping_status":"closed","sticky":false,"template":"","format":"standard","meta":{"_acf_changed":false,"_daextam_enable_autolinks":"","footnotes":""},"categories":[47000],"tags":[18249],"class_list":["post-258116","post","type-post","status-publish","format-standard","has-post-thumbnail","hentry","category-eurobasket","tag-equipe-de-france-basket"],"acf":[],"yoast_head":"<!-- This site is optimized with the Yoast SEO Premium plugin v26.7 (Yoast SEO v26.7) - https:\/\/yoast.com\/wordpress\/plugins\/seo\/ -->\n<title>EuroBasket 2022 : Les notes des Bleus contre l&#039;Allemagne<\/title>\n<meta name=\"description\" content=\"EuroBasket 2022 - Nous avons not\u00e9 la performance des Bleus sur 10 pour leur premier match contre l&#039;Allemagne, sold\u00e9 par une d\u00e9faite d\u00e9cevante.\" \/>\n<meta name=\"robots\" content=\"index, follow, max-snippet:-1, max-image-preview:large, max-video-preview:-1\" \/>\n<link rel=\"canonical\" href=\"https:\/\/dicodusport.fr\/blog\/eurobasket-2022-les-notes-des-bleus-contre-lallemagne\/\" \/>\n<meta property=\"og:locale\" content=\"fr_FR\" \/>\n<meta property=\"og:type\" content=\"article\" \/>\n<meta property=\"og:title\" content=\"EuroBasket 2022 : Les notes des Bleus contre l&#039;Allemagne\" \/>\n<meta property=\"og:description\" content=\"EuroBasket 2022 - Nous avons not\u00e9 la performance des Bleus sur 10 pour leur premier match contre l&#039;Allemagne, sold\u00e9 par une d\u00e9faite d\u00e9cevante.\" \/>\n<meta property=\"og:url\" content=\"https:\/\/dicodusport.fr\/blog\/eurobasket-2022-les-notes-des-bleus-contre-lallemagne\/\" \/>\n<meta property=\"og:site_name\" content=\"Dicodusport\" \/>\n<meta property=\"article:publisher\" content=\"https:\/\/www.facebook.com\/dicodusport\" \/>\n<meta property=\"article:published_time\" content=\"2022-09-01T21:10:51+00:00\" \/>\n<meta property=\"article:modified_time\" content=\"2022-09-02T06:34:53+00:00\" \/>\n<meta property=\"og:image\" content=\"https:\/\/dicodusport.fr\/blog\/wp-content\/uploads\/2022\/09\/eurobasket-2022-les-notes-des-bleus-contre-lallemagne.png\" \/>\n\t<meta property=\"og:image:width\" content=\"800\" \/>\n\t<meta property=\"og:image:height\" content=\"445\" \/>\n\t<meta property=\"og:image:type\" content=\"image\/png\" \/>\n<meta name=\"author\" content=\"Tom Compayrot\" \/>\n<meta name=\"twitter:card\" content=\"summary_large_image\" \/>\n<meta name=\"twitter:title\" content=\"EuroBasket 2022 : Les notes des Bleus contre l&#039;Allemagne\" \/>\n<meta name=\"twitter:creator\" content=\"@https:\/\/twitter.com\/Tom_Cprt\" \/>\n<meta name=\"twitter:site\" content=\"@dicodusport\" \/>\n<script type=\"application\/ld+json\" class=\"yoast-schema-graph\">{\"@context\":\"https:\/\/schema.org\",\"@graph\":[{\"@type\":\"NewsArticle\",\"@id\":\"https:\/\/dicodusport.fr\/blog\/eurobasket-2022-les-notes-des-bleus-contre-lallemagne\/#article\",\"isPartOf\":{\"@id\":\"https:\/\/dicodusport.fr\/blog\/eurobasket-2022-les-notes-des-bleus-contre-lallemagne\/\"},\"author\":{\"name\":\"Tom Compayrot\",\"@id\":\"https:\/\/dicodusport.fr\/blog\/#\/schema\/person\/bf1e4f404e108bd2be5b447b16bde9a7\"},\"headline\":\"EuroBasket 2022 : Les notes des Bleus contre l&rsquo;Allemagne\",\"datePublished\":\"2022-09-01T21:10:51+00:00\",\"dateModified\":\"2022-09-02T06:34:53+00:00\",\"mainEntityOfPage\":{\"@id\":\"https:\/\/dicodusport.fr\/blog\/eurobasket-2022-les-notes-des-bleus-contre-lallemagne\/\"},\"wordCount\":456,\"commentCount\":0,\"publisher\":{\"@id\":\"https:\/\/dicodusport.fr\/blog\/#organization\"},\"image\":{\"@id\":\"https:\/\/dicodusport.fr\/blog\/eurobasket-2022-les-notes-des-bleus-contre-lallemagne\/#primaryimage\"},\"thumbnailUrl\":\"https:\/\/dicodusport.fr\/blog\/wp-content\/uploads\/2022\/09\/eurobasket-2022-les-notes-des-bleus-contre-lallemagne.png\",\"keywords\":[\"\u00c9quipe de France basket\"],\"articleSection\":[\"EuroBasket\"],\"inLanguage\":\"fr-FR\",\"potentialAction\":[{\"@type\":\"CommentAction\",\"name\":\"Comment\",\"target\":[\"https:\/\/dicodusport.fr\/blog\/eurobasket-2022-les-notes-des-bleus-contre-lallemagne\/#respond\"]}],\"copyrightYear\":\"2022\",\"copyrightHolder\":{\"@id\":\"https:\/\/dicodusport.fr\/blog\/#organization\"}},{\"@type\":\"WebPage\",\"@id\":\"https:\/\/dicodusport.fr\/blog\/eurobasket-2022-les-notes-des-bleus-contre-lallemagne\/\",\"url\":\"https:\/\/dicodusport.fr\/blog\/eurobasket-2022-les-notes-des-bleus-contre-lallemagne\/\",\"name\":\"EuroBasket 2022 : Les notes des Bleus contre l'Allemagne\",\"isPartOf\":{\"@id\":\"https:\/\/dicodusport.fr\/blog\/#website\"},\"primaryImageOfPage\":{\"@id\":\"https:\/\/dicodusport.fr\/blog\/eurobasket-2022-les-notes-des-bleus-contre-lallemagne\/#primaryimage\"},\"image\":{\"@id\":\"https:\/\/dicodusport.fr\/blog\/eurobasket-2022-les-notes-des-bleus-contre-lallemagne\/#primaryimage\"},\"thumbnailUrl\":\"https:\/\/dicodusport.fr\/blog\/wp-content\/uploads\/2022\/09\/eurobasket-2022-les-notes-des-bleus-contre-lallemagne.png\",\"datePublished\":\"2022-09-01T21:10:51+00:00\",\"dateModified\":\"2022-09-02T06:34:53+00:00\",\"description\":\"EuroBasket 2022 - Nous avons not\u00e9 la performance des Bleus sur 10 pour leur premier match contre l'Allemagne, sold\u00e9 par une d\u00e9faite d\u00e9cevante.\",\"breadcrumb\":{\"@id\":\"https:\/\/dicodusport.fr\/blog\/eurobasket-2022-les-notes-des-bleus-contre-lallemagne\/#breadcrumb\"},\"inLanguage\":\"fr-FR\",\"potentialAction\":[{\"@type\":\"ReadAction\",\"target\":[\"https:\/\/dicodusport.fr\/blog\/eurobasket-2022-les-notes-des-bleus-contre-lallemagne\/\"]}]},{\"@type\":\"ImageObject\",\"inLanguage\":\"fr-FR\",\"@id\":\"https:\/\/dicodusport.fr\/blog\/eurobasket-2022-les-notes-des-bleus-contre-lallemagne\/#primaryimage\",\"url\":\"https:\/\/dicodusport.fr\/blog\/wp-content\/uploads\/2022\/09\/eurobasket-2022-les-notes-des-bleus-contre-lallemagne.png\",\"contentUrl\":\"https:\/\/dicodusport.fr\/blog\/wp-content\/uploads\/2022\/09\/eurobasket-2022-les-notes-des-bleus-contre-lallemagne.png\",\"width\":800,\"height\":445},{\"@type\":\"BreadcrumbList\",\"@id\":\"https:\/\/dicodusport.fr\/blog\/eurobasket-2022-les-notes-des-bleus-contre-lallemagne\/#breadcrumb\",\"itemListElement\":[{\"@type\":\"ListItem\",\"position\":1,\"name\":\"Accueil\",\"item\":\"https:\/\/dicodusport.fr\/blog\/\"},{\"@type\":\"ListItem\",\"position\":2,\"name\":\"EuroBasket 2022 : Les notes des Bleus contre l&rsquo;Allemagne\"}]},{\"@type\":\"WebSite\",\"@id\":\"https:\/\/dicodusport.fr\/blog\/#website\",\"url\":\"https:\/\/dicodusport.fr\/blog\/\",\"name\":\"Dicodusport\",\"description\":\"L&#039;encyclop\u00e9die de l&#039;actualit\u00e9 sportive\",\"publisher\":{\"@id\":\"https:\/\/dicodusport.fr\/blog\/#organization\"},\"potentialAction\":[{\"@type\":\"SearchAction\",\"target\":{\"@type\":\"EntryPoint\",\"urlTemplate\":\"https:\/\/dicodusport.fr\/blog\/?s={search_term_string}\"},\"query-input\":{\"@type\":\"PropertyValueSpecification\",\"valueRequired\":true,\"valueName\":\"search_term_string\"}}],\"inLanguage\":\"fr-FR\"},{\"@type\":\"NewsMediaOrganization\",\"@id\":\"https:\/\/dicodusport.fr\/blog\/#organization\",\"name\":\"Dicodusport\",\"url\":\"https:\/\/dicodusport.fr\/blog\/\",\"logo\":{\"@type\":\"ImageObject\",\"inLanguage\":\"fr-FR\",\"@id\":\"https:\/\/dicodusport.fr\/blog\/#\/schema\/logo\/image\/\",\"url\":\"https:\/\/dicodusport.fr\/blog\/wp-content\/uploads\/2020\/06\/cropped-LOGO-DICODUSPORT-2020-SANS-FOND-SANS-TEXTE.png\",\"contentUrl\":\"https:\/\/dicodusport.fr\/blog\/wp-content\/uploads\/2020\/06\/cropped-LOGO-DICODUSPORT-2020-SANS-FOND-SANS-TEXTE.png\",\"width\":512,\"height\":512,\"caption\":\"Dicodusport\"},\"image\":{\"@id\":\"https:\/\/dicodusport.fr\/blog\/#\/schema\/logo\/image\/\"},\"sameAs\":[\"https:\/\/www.facebook.com\/dicodusport\",\"https:\/\/x.com\/dicodusport\",\"https:\/\/www.instagram.com\/dicodusport\/\",\"https:\/\/www.youtube.com\/channel\/UC7V2KZ5sd3htJivAbA4ZG3w\"],\"description\":\"Dicodusport est l'encyclop\u00e9die de l'actualit\u00e9 sportive.\",\"email\":\"bonjour@dicodusport.fr\",\"legalName\":\"DICODUSPORT\",\"foundingDate\":\"2018-01-14\",\"vatID\":\"FR71834470973\",\"taxID\":\"83447097300043\",\"numberOfEmployees\":{\"@type\":\"QuantitativeValue\",\"minValue\":\"1\",\"maxValue\":\"10\"}},{\"@type\":\"Person\",\"@id\":\"https:\/\/dicodusport.fr\/blog\/#\/schema\/person\/bf1e4f404e108bd2be5b447b16bde9a7\",\"name\":\"Tom Compayrot\",\"image\":{\"@type\":\"ImageObject\",\"inLanguage\":\"fr-FR\",\"@id\":\"https:\/\/dicodusport.fr\/blog\/#\/schema\/person\/image\/\",\"url\":\"https:\/\/dicodusport.fr\/blog\/wp-content\/uploads\/2021\/05\/Tom-Compayrot-150x150.jpg\",\"contentUrl\":\"https:\/\/dicodusport.fr\/blog\/wp-content\/uploads\/2021\/05\/Tom-Compayrot-150x150.jpg\",\"caption\":\"Tom Compayrot\"},\"description\":\"Journaliste\/r\u00e9dacteur depuis mars 2017 - Amoureux de la petite balle jaune et du gros ballon orange qui tra\u00eene sa carcasse sur Dicodusport depuis 2017. Rafael Nadal et LeBron James sont les meilleurs joueurs de l'histoire.\",\"sameAs\":[\"https:\/\/x.com\/https:\/\/twitter.com\/Tom_Cprt\"],\"url\":\"https:\/\/dicodusport.fr\/blog\/author\/tom\/\"}]}<\/script>\n<!-- \/ Yoast SEO Premium plugin. -->","yoast_head_json":{"title":"EuroBasket 2022 : Les notes des Bleus contre l'Allemagne","description":"EuroBasket 2022 - Nous avons not\u00e9 la performance des Bleus sur 10 pour leur premier match contre l'Allemagne, sold\u00e9 par une d\u00e9faite d\u00e9cevante.","robots":{"index":"index","follow":"follow","max-snippet":"max-snippet:-1","max-image-preview":"max-image-preview:large","max-video-preview":"max-video-preview:-1"},"canonical":"https:\/\/dicodusport.fr\/blog\/eurobasket-2022-les-notes-des-bleus-contre-lallemagne\/","og_locale":"fr_FR","og_type":"article","og_title":"EuroBasket 2022 : Les notes des Bleus contre l'Allemagne","og_description":"EuroBasket 2022 - Nous avons not\u00e9 la performance des Bleus sur 10 pour leur premier match contre l'Allemagne, sold\u00e9 par une d\u00e9faite d\u00e9cevante.","og_url":"https:\/\/dicodusport.fr\/blog\/eurobasket-2022-les-notes-des-bleus-contre-lallemagne\/","og_site_name":"Dicodusport","article_publisher":"https:\/\/www.facebook.com\/dicodusport","article_published_time":"2022-09-01T21:10:51+00:00","article_modified_time":"2022-09-02T06:34:53+00:00","og_image":[{"width":800,"height":445,"url":"https:\/\/dicodusport.fr\/blog\/wp-content\/uploads\/2022\/09\/eurobasket-2022-les-notes-des-bleus-contre-lallemagne.png","type":"image\/png"}],"author":"Tom Compayrot","twitter_card":"summary_large_image","twitter_title":"EuroBasket 2022 : Les notes des Bleus contre l'Allemagne","twitter_creator":"@https:\/\/twitter.com\/Tom_Cprt","twitter_site":"@dicodusport","schema":{"@context":"https:\/\/schema.org","@graph":[{"@type":"NewsArticle","@id":"https:\/\/dicodusport.fr\/blog\/eurobasket-2022-les-notes-des-bleus-contre-lallemagne\/#article","isPartOf":{"@id":"https:\/\/dicodusport.fr\/blog\/eurobasket-2022-les-notes-des-bleus-contre-lallemagne\/"},"author":{"name":"Tom Compayrot","@id":"https:\/\/dicodusport.fr\/blog\/#\/schema\/person\/bf1e4f404e108bd2be5b447b16bde9a7"},"headline":"EuroBasket 2022 : Les notes des Bleus contre l&rsquo;Allemagne","datePublished":"2022-09-01T21:10:51+00:00","dateModified":"2022-09-02T06:34:53+00:00","mainEntityOfPage":{"@id":"https:\/\/dicodusport.fr\/blog\/eurobasket-2022-les-notes-des-bleus-contre-lallemagne\/"},"wordCount":456,"commentCount":0,"publisher":{"@id":"https:\/\/dicodusport.fr\/blog\/#organization"},"image":{"@id":"https:\/\/dicodusport.fr\/blog\/eurobasket-2022-les-notes-des-bleus-contre-lallemagne\/#primaryimage"},"thumbnailUrl":"https:\/\/dicodusport.fr\/blog\/wp-content\/uploads\/2022\/09\/eurobasket-2022-les-notes-des-bleus-contre-lallemagne.png","keywords":["\u00c9quipe de France basket"],"articleSection":["EuroBasket"],"inLanguage":"fr-FR","potentialAction":[{"@type":"CommentAction","name":"Comment","target":["https:\/\/dicodusport.fr\/blog\/eurobasket-2022-les-notes-des-bleus-contre-lallemagne\/#respond"]}],"copyrightYear":"2022","copyrightHolder":{"@id":"https:\/\/dicodusport.fr\/blog\/#organization"}},{"@type":"WebPage","@id":"https:\/\/dicodusport.fr\/blog\/eurobasket-2022-les-notes-des-bleus-contre-lallemagne\/","url":"https:\/\/dicodusport.fr\/blog\/eurobasket-2022-les-notes-des-bleus-contre-lallemagne\/","name":"EuroBasket 2022 : Les notes des Bleus contre l'Allemagne","isPartOf":{"@id":"https:\/\/dicodusport.fr\/blog\/#website"},"primaryImageOfPage":{"@id":"https:\/\/dicodusport.fr\/blog\/eurobasket-2022-les-notes-des-bleus-contre-lallemagne\/#primaryimage"},"image":{"@id":"https:\/\/dicodusport.fr\/blog\/eurobasket-2022-les-notes-des-bleus-contre-lallemagne\/#primaryimage"},"thumbnailUrl":"https:\/\/dicodusport.fr\/blog\/wp-content\/uploads\/2022\/09\/eurobasket-2022-les-notes-des-bleus-contre-lallemagne.png","datePublished":"2022-09-01T21:10:51+00:00","dateModified":"2022-09-02T06:34:53+00:00","description":"EuroBasket 2022 - Nous avons not\u00e9 la performance des Bleus sur 10 pour leur premier match contre l'Allemagne, sold\u00e9 par une d\u00e9faite d\u00e9cevante.","breadcrumb":{"@id":"https:\/\/dicodusport.fr\/blog\/eurobasket-2022-les-notes-des-bleus-contre-lallemagne\/#breadcrumb"},"inLanguage":"fr-FR","potentialAction":[{"@type":"ReadAction","target":["https:\/\/dicodusport.fr\/blog\/eurobasket-2022-les-notes-des-bleus-contre-lallemagne\/"]}]},{"@type":"ImageObject","inLanguage":"fr-FR","@id":"https:\/\/dicodusport.fr\/blog\/eurobasket-2022-les-notes-des-bleus-contre-lallemagne\/#primaryimage","url":"https:\/\/dicodusport.fr\/blog\/wp-content\/uploads\/2022\/09\/eurobasket-2022-les-notes-des-bleus-contre-lallemagne.png","contentUrl":"https:\/\/dicodusport.fr\/blog\/wp-content\/uploads\/2022\/09\/eurobasket-2022-les-notes-des-bleus-contre-lallemagne.png","width":800,"height":445},{"@type":"BreadcrumbList","@id":"https:\/\/dicodusport.fr\/blog\/eurobasket-2022-les-notes-des-bleus-contre-lallemagne\/#breadcrumb","itemListElement":[{"@type":"ListItem","position":1,"name":"Accueil","item":"https:\/\/dicodusport.fr\/blog\/"},{"@type":"ListItem","position":2,"name":"EuroBasket 2022 : Les notes des Bleus contre l&rsquo;Allemagne"}]},{"@type":"WebSite","@id":"https:\/\/dicodusport.fr\/blog\/#website","url":"https:\/\/dicodusport.fr\/blog\/","name":"Dicodusport","description":"L&#039;encyclop\u00e9die de l&#039;actualit\u00e9 sportive","publisher":{"@id":"https:\/\/dicodusport.fr\/blog\/#organization"},"potentialAction":[{"@type":"SearchAction","target":{"@type":"EntryPoint","urlTemplate":"https:\/\/dicodusport.fr\/blog\/?s={search_term_string}"},"query-input":{"@type":"PropertyValueSpecification","valueRequired":true,"valueName":"search_term_string"}}],"inLanguage":"fr-FR"},{"@type":"NewsMediaOrganization","@id":"https:\/\/dicodusport.fr\/blog\/#organization","name":"Dicodusport","url":"https:\/\/dicodusport.fr\/blog\/","logo":{"@type":"ImageObject","inLanguage":"fr-FR","@id":"https:\/\/dicodusport.fr\/blog\/#\/schema\/logo\/image\/","url":"https:\/\/dicodusport.fr\/blog\/wp-content\/uploads\/2020\/06\/cropped-LOGO-DICODUSPORT-2020-SANS-FOND-SANS-TEXTE.png","contentUrl":"https:\/\/dicodusport.fr\/blog\/wp-content\/uploads\/2020\/06\/cropped-LOGO-DICODUSPORT-2020-SANS-FOND-SANS-TEXTE.png","width":512,"height":512,"caption":"Dicodusport"},"image":{"@id":"https:\/\/dicodusport.fr\/blog\/#\/schema\/logo\/image\/"},"sameAs":["https:\/\/www.facebook.com\/dicodusport","https:\/\/x.com\/dicodusport","https:\/\/www.instagram.com\/dicodusport\/","https:\/\/www.youtube.com\/channel\/UC7V2KZ5sd3htJivAbA4ZG3w"],"description":"Dicodusport est l'encyclop\u00e9die de l'actualit\u00e9 sportive.","email":"bonjour@dicodusport.fr","legalName":"DICODUSPORT","foundingDate":"2018-01-14","vatID":"FR71834470973","taxID":"83447097300043","numberOfEmployees":{"@type":"QuantitativeValue","minValue":"1","maxValue":"10"}},{"@type":"Person","@id":"https:\/\/dicodusport.fr\/blog\/#\/schema\/person\/bf1e4f404e108bd2be5b447b16bde9a7","name":"Tom Compayrot","image":{"@type":"ImageObject","inLanguage":"fr-FR","@id":"https:\/\/dicodusport.fr\/blog\/#\/schema\/person\/image\/","url":"https:\/\/dicodusport.fr\/blog\/wp-content\/uploads\/2021\/05\/Tom-Compayrot-150x150.jpg","contentUrl":"https:\/\/dicodusport.fr\/blog\/wp-content\/uploads\/2021\/05\/Tom-Compayrot-150x150.jpg","caption":"Tom Compayrot"},"description":"Journaliste\/r\u00e9dacteur depuis mars 2017 - Amoureux de la petite balle jaune et du gros ballon orange qui tra\u00eene sa carcasse sur Dicodusport depuis 2017. Rafael Nadal et LeBron James sont les meilleurs joueurs de l'histoire.","sameAs":["https:\/\/x.com\/https:\/\/twitter.com\/Tom_Cprt"],"url":"https:\/\/dicodusport.fr\/blog\/author\/tom\/"}]}},"_links":{"self":[{"href":"https:\/\/dicodusport.fr\/blog\/wp-json\/wp\/v2\/posts\/258116","targetHints":{"allow":["GET"]}}],"collection":[{"href":"https:\/\/dicodusport.fr\/blog\/wp-json\/wp\/v2\/posts"}],"about":[{"href":"https:\/\/dicodusport.fr\/blog\/wp-json\/wp\/v2\/types\/post"}],"author":[{"embeddable":true,"href":"https:\/\/dicodusport.fr\/blog\/wp-json\/wp\/v2\/users\/13"}],"replies":[{"embeddable":true,"href":"https:\/\/dicodusport.fr\/blog\/wp-json\/wp\/v2\/comments?post=258116"}],"version-history":[{"count":0,"href":"https:\/\/dicodusport.fr\/blog\/wp-json\/wp\/v2\/posts\/258116\/revisions"}],"wp:featuredmedia":[{"embeddable":true,"href":"https:\/\/dicodusport.fr\/blog\/wp-json\/wp\/v2\/media\/258209"}],"wp:attachment":[{"href":"https:\/\/dicodusport.fr\/blog\/wp-json\/wp\/v2\/media?parent=258116"}],"wp:term":[{"taxonomy":"category","embeddable":true,"href":"https:\/\/dicodusport.fr\/blog\/wp-json\/wp\/v2\/categories?post=258116"},{"taxonomy":"post_tag","embeddable":true,"href":"https:\/\/dicodusport.fr\/blog\/wp-json\/wp\/v2\/tags?post=258116"}],"curies":[{"name":"wp","href":"https:\/\/api.w.org\/{rel}","templated":true}]}}