{"id":25813,"date":"2018-09-17T17:00:40","date_gmt":"2018-09-17T15:00:40","guid":{"rendered":"http:\/\/dicodusport.fr\/blog\/?p=25813"},"modified":"2018-09-17T16:15:12","modified_gmt":"2018-09-17T14:15:12","slug":"en-avant-guigamp-ol-feminin-0-3-la-victoire-meme-les-jours-sans","status":"publish","type":"post","link":"https:\/\/dicodusport.fr\/blog\/en-avant-guigamp-ol-feminin-0-3-la-victoire-meme-les-jours-sans\/","title":{"rendered":"En avant Guigamp \u2013 OL f\u00e9minin : 0-3, la victoire, m\u00eame les jours sans"},"content":{"rendered":"<p style=\"text-align: justify;\"><em><strong>67 minutes de mutisme pour les Lyonnaises. 67 minutes d\u2019espoir pour les Guingampaises qui ont cru pouvoir enfin dompter la force Fenotte. Finalement, Le Sommer a eu la bonne id\u00e9e de lancer son compteur \u00e0 but personnel, marquant \u00e0 trois reprises dans la derni\u00e8re demi-heure.<\/strong><\/em><\/p>\n<p style=\"text-align: justify;\">Ce que Reynald Pedros a dit \u00e0 la mi-temps du match contre l\u2019En Avant Guingamp restera entre les quatre murs du vestiaire visiteuses.<\/p>\n<p style=\"text-align: justify;\">On devine que \u00e7a a d\u00fb s\u00e9rieusement tanguer. La capitaine Renard elle-m\u00eame a qualifi\u00e9 la premi\u00e8re mi-temps d\u2019<em>\u00ab inadmissible \u00bb<\/em>. Et Reynald Pedros : <em>\u00ab C\u2019est la premi\u00e8re fois que je hausse le ton. Il y a des moments pour le faire et je pense que c\u2019\u00e9tait le moment \u00bb<\/em>. Le coach des Fenottes manie l\u2019art de la litote avec volupt\u00e9 lorsqu\u2019il \u00e9voque la seconde mi-temps de ses joueuses, <em>\u00ab Plus conforme \u00e0 ce qu\u2019on se doit de faire \u00bb<\/em>. L\u2019art de dire le moins pour sugg\u00e9rer le plus.<\/p>\n<p style=\"text-align: justify;\">Les Lyonnaises ont pris le match \u00e0 l\u2019envers. Avant de jeter pour toujours la premi\u00e8re mi-temps \u00e0 la poubelle, simplement ceci : la Marozsan des grands soirs manque. Dans ce onze in\u00e9dit align\u00e9 par Reynald Pedros, chance \u00e9tait donn\u00e9e aux nouvelles recrues de briller, aux jeunes pousses, aux doublures d\u2019exister, de compter dans les sch\u00e9mas futurs. Bouhaddi, M\u2019Bock, Bacha, Kumagai, Van de Sanden sur le banc, bonjour Buchanan, Laurent, Simon, Weiss, Christiansen. Toutes ces filles poss\u00e8dent un talent impensable, dont r\u00eavent en public tous les clubs de France, de Navarre et du monde entier. Mais contre Guigamp, \u00e7a a cal\u00e9.<\/p>\n<h4 style=\"text-align: justify;\">Une premi\u00e8re mi-temps \u00e0 la Inspecteur Derrick<\/h4>\n<p style=\"text-align: justify;\">Trop d\u2019approximations, de d\u00e9chets, duels perdus, un rythme \u00e0 la Inspecteur Derrick, des rouages qui ne s\u2019\u00e9pousent pas. En face, des Guingampaises disciplin\u00e9es, compactes, harcelant les Fenottes d\u00e9boussol\u00e9es. Les filles de Fr\u00e9d\u00e9ric Biancalani font leurs griffes, gagnent saisons apr\u00e8s saison en maturit\u00e9. Hier, le temps des 8-0 semblait aussi loin que le sacre de Charlemagne.<\/p>\n<p style=\"text-align: justify;\">Il y a bien eu quelques tentatives lyonnaises, par Eug\u00e9nie Le Sommer (37\u2019), ou Wendie Renard (40\u2019), en pr\u00e9vention de la soufflante de Pedros \u00e0 la mi-temps. La soufflante, parlons-en. Elle a eu son effet. Au retour sur la pelouse, message re\u00e7u 5\/5 : une copie conforme de la premi\u00e8re mi-temps, et c\u2019est la napalmisation assur\u00e9e 45 minutes plus tard. Il y a un classement \u00e0 maintenir, une diff\u00e9rence de buts \u00e0 soigner. Derri\u00e8re, le Paris Saint Germain pousse. L\u2019atomisation en r\u00e8gle des Sojaldiciennes 6 buts \u00e0 0 est plus qu\u2019un message, un ultimatum. Et si Montpellier et le Paris FC se r\u00e9veillaient aussi ?<\/p>\n<h4 style=\"text-align: justify;\">Il faut que tout change pour que tout change (Le Gu\u00e9pard ou presque)<\/h4>\n<p style=\"text-align: justify;\">Il fallait changer les intentions et certaines joueuses. Kumagai pour Majri d\u00e8s la 56\u2019, Van de Sanden pour Laurent (62\u2019) et Bacha pour Hegerberg (73\u2019), diminu\u00e9e par des douleurs \u00e0 la cuisse. Sur la pelouse synth\u00e9tique du Stade du Centre de formation de l&rsquo;EAG, quelque chose s\u2019est dessin\u00e9. Et Le Sommer de d\u00e9cider qu\u2019il \u00e9tait temps de soigner ses stats 2018-2019.<\/p>\n<p style=\"text-align: justify;\">Dans cette derni\u00e8re demi-heure, la num\u00e9ro 9 fut comme envoy\u00e9e par la providence, faisant d\u2019une occasion un but.<br \/>\nInterminables, ces 67 minutes sans le moindre sourire sur les l\u00e8vres Fenottes. La passe longue de Bronze pour le Sommer a tout chang\u00e9. 0-1, une \u00e9tincelle dans le Sahara lyonnais, \u00e9tincelle qui enclenche la m\u00e9canique. Moins de cinq minutes plus tard, sur un service de Christiansen, d\u2019une frappe s\u00e8che, Le Sommer plante le 2\u00e8me but (0-2, ; 71\u2019). Et parce que qui dit but dit Henry, c\u2019est elle qui livre la passe d\u00e9cisive \u00e0 la crucifixion de Durand selon Le Sommer (0-3, 86\u2019). Tripl\u00e9, victoire, vestiaires.<\/p>\n<h4 style=\"text-align: justify;\">Lyon ne serait plus Lyon ?<\/h4>\n<p style=\"text-align: justify;\">On lit ici et l\u00e0 que Lyon a chang\u00e9, que ce n\u2019est plus tout \u00e0 fait pareil. La large victoire sur les Lilloises lors de la 1\u00e8re journ\u00e9e a fait oublier, un instant, les d\u00e9buts de match sur courant alternatif des filles de Pedros depuis la saison derni\u00e8re. L\u2019efficacit\u00e9 vient \u00e0 son rythme. Mais contre Guingamp, c\u2019\u00e9tait un match sans. Et \u00e7a arrive, m\u00eame aux plus grandes.<\/p>\n<p style=\"text-align: justify;\">Avant de crier au loup regardons l\u2019histoire de la bergerie : 12 titres de championnes de France, 5 de championnes d\u2019Europe, sans parler des Coupes de France. Calmos les amis. L\u2019OL reste de loin la plus grosse cylindr\u00e9e, peut-\u00eatre encore en rodage en ce d\u00e9but de saison. De quoi donner envie aux autres \u00e9quipes d\u2019enrayer la m\u00e9canique. Pour la beaut\u00e9 du sport, l\u2019int\u00e9r\u00eat de la comp\u00e9tition, on ne demande pas mieux !<\/p>\n<p><strong><em>Camille Cordouan<\/em><\/strong><br \/>\n<a href=\"https:\/\/twitter.com\/CCordouan\" target=\"_blank\" rel=\"noopener\"><img loading=\"lazy\" decoding=\"async\" class=\"alignnone wp-image-2908\" src=\"http:\/\/dicodusport.fr\/blog\/wp-content\/uploads\/2017\/07\/logo-twitter-e1515054964892.png\" alt=\"\" width=\"39\" height=\"39\" \/><\/a><\/p>\n","protected":false},"excerpt":{"rendered":"<p>67 minutes de mutisme pour les Lyonnaises. 67 minutes d\u2019espoir pour les Guingampaises qui ont cru pouvoir enfin dompter la force Fenotte. <\/p>\n","protected":false},"author":4,"featured_media":25816,"comment_status":"open","ping_status":"closed","sticky":false,"template":"","format":"standard","meta":{"_acf_changed":false,"_daextam_enable_autolinks":"","footnotes":""},"categories":[2,2301],"tags":[75,2069,2814],"class_list":["post-25813","post","type-post","status-publish","format-standard","has-post-thumbnail","hentry","category-actualites","category-football","tag-football","tag-ol-feminin","tag-olympique-lyonnais-feminin"],"acf":[],"yoast_head":"<!-- This site is optimized with the Yoast SEO Premium plugin v26.7 (Yoast SEO v26.7) - https:\/\/yoast.com\/wordpress\/plugins\/seo\/ -->\n<title>En avant Guigamp \u2013 OL f\u00e9minin : 0-3, la victoire, m\u00eame les jours sans<\/title>\n<meta name=\"description\" content=\"67 minutes de mutisme pour les Lyonnaises. 67 minutes d\u2019espoir pour les Guingampaises qui ont cru pouvoir enfin dompter la force Fenotte.\" \/>\n<meta name=\"robots\" content=\"index, follow, max-snippet:-1, max-image-preview:large, max-video-preview:-1\" \/>\n<link rel=\"canonical\" href=\"https:\/\/dicodusport.fr\/blog\/en-avant-guigamp-ol-feminin-0-3-la-victoire-meme-les-jours-sans\/\" \/>\n<meta property=\"og:locale\" content=\"fr_FR\" \/>\n<meta property=\"og:type\" content=\"article\" \/>\n<meta property=\"og:title\" content=\"En avant Guigamp \u2013 OL f\u00e9minin : 0-3, la victoire, m\u00eame les jours sans\" \/>\n<meta property=\"og:description\" content=\"67 minutes de mutisme pour les Lyonnaises. 67 minutes d\u2019espoir pour les Guingampaises qui ont cru pouvoir enfin dompter la force Fenotte.\" \/>\n<meta property=\"og:url\" content=\"https:\/\/dicodusport.fr\/blog\/en-avant-guigamp-ol-feminin-0-3-la-victoire-meme-les-jours-sans\/\" \/>\n<meta property=\"og:site_name\" content=\"Dicodusport\" \/>\n<meta property=\"article:publisher\" content=\"https:\/\/www.facebook.com\/dicodusport\" \/>\n<meta property=\"article:author\" content=\"https:\/\/www.facebook.com\/florent.ostermann\" \/>\n<meta property=\"article:published_time\" content=\"2018-09-17T15:00:40+00:00\" \/>\n<meta property=\"og:image\" content=\"https:\/\/dicodusport.fr\/blog\/wp-content\/uploads\/2018\/09\/Guingamp-OL-F\u00e9minin.png\" \/>\n\t<meta property=\"og:image:width\" content=\"800\" \/>\n\t<meta property=\"og:image:height\" content=\"445\" \/>\n\t<meta property=\"og:image:type\" content=\"image\/png\" \/>\n<meta name=\"author\" content=\"Flo Ostermann\" \/>\n<meta name=\"twitter:card\" content=\"summary_large_image\" \/>\n<meta name=\"twitter:creator\" content=\"@https:\/\/twitter.com\/FlOstermann\" \/>\n<meta name=\"twitter:site\" content=\"@dicodusport\" \/>\n<script type=\"application\/ld+json\" class=\"yoast-schema-graph\">{\"@context\":\"https:\/\/schema.org\",\"@graph\":[{\"@type\":\"NewsArticle\",\"@id\":\"https:\/\/dicodusport.fr\/blog\/en-avant-guigamp-ol-feminin-0-3-la-victoire-meme-les-jours-sans\/#article\",\"isPartOf\":{\"@id\":\"https:\/\/dicodusport.fr\/blog\/en-avant-guigamp-ol-feminin-0-3-la-victoire-meme-les-jours-sans\/\"},\"author\":{\"name\":\"Flo Ostermann\",\"@id\":\"https:\/\/dicodusport.fr\/blog\/#\/schema\/person\/cb02af4c173ce4a653b55e9baf388d4a\"},\"headline\":\"En avant Guigamp \u2013 OL f\u00e9minin : 0-3, la victoire, m\u00eame les jours sans\",\"datePublished\":\"2018-09-17T15:00:40+00:00\",\"mainEntityOfPage\":{\"@id\":\"https:\/\/dicodusport.fr\/blog\/en-avant-guigamp-ol-feminin-0-3-la-victoire-meme-les-jours-sans\/\"},\"wordCount\":800,\"commentCount\":0,\"publisher\":{\"@id\":\"https:\/\/dicodusport.fr\/blog\/#organization\"},\"image\":{\"@id\":\"https:\/\/dicodusport.fr\/blog\/en-avant-guigamp-ol-feminin-0-3-la-victoire-meme-les-jours-sans\/#primaryimage\"},\"thumbnailUrl\":\"https:\/\/dicodusport.fr\/blog\/wp-content\/uploads\/2018\/09\/Guingamp-OL-F\u00e9minin.png\",\"keywords\":[\"Football\",\"OL f\u00e9minin\",\"Olympique Lyonnais f\u00e9minin\"],\"articleSection\":[\"Actualit\u00e9s\",\"Football\"],\"inLanguage\":\"fr-FR\",\"potentialAction\":[{\"@type\":\"CommentAction\",\"name\":\"Comment\",\"target\":[\"https:\/\/dicodusport.fr\/blog\/en-avant-guigamp-ol-feminin-0-3-la-victoire-meme-les-jours-sans\/#respond\"]}],\"copyrightYear\":\"2018\",\"copyrightHolder\":{\"@id\":\"https:\/\/dicodusport.fr\/blog\/#organization\"}},{\"@type\":\"WebPage\",\"@id\":\"https:\/\/dicodusport.fr\/blog\/en-avant-guigamp-ol-feminin-0-3-la-victoire-meme-les-jours-sans\/\",\"url\":\"https:\/\/dicodusport.fr\/blog\/en-avant-guigamp-ol-feminin-0-3-la-victoire-meme-les-jours-sans\/\",\"name\":\"En avant Guigamp \u2013 OL f\u00e9minin : 0-3, la victoire, m\u00eame les jours sans\",\"isPartOf\":{\"@id\":\"https:\/\/dicodusport.fr\/blog\/#website\"},\"primaryImageOfPage\":{\"@id\":\"https:\/\/dicodusport.fr\/blog\/en-avant-guigamp-ol-feminin-0-3-la-victoire-meme-les-jours-sans\/#primaryimage\"},\"image\":{\"@id\":\"https:\/\/dicodusport.fr\/blog\/en-avant-guigamp-ol-feminin-0-3-la-victoire-meme-les-jours-sans\/#primaryimage\"},\"thumbnailUrl\":\"https:\/\/dicodusport.fr\/blog\/wp-content\/uploads\/2018\/09\/Guingamp-OL-F\u00e9minin.png\",\"datePublished\":\"2018-09-17T15:00:40+00:00\",\"description\":\"67 minutes de mutisme pour les Lyonnaises. 67 minutes d\u2019espoir pour les Guingampaises qui ont cru pouvoir enfin dompter la force Fenotte.\",\"breadcrumb\":{\"@id\":\"https:\/\/dicodusport.fr\/blog\/en-avant-guigamp-ol-feminin-0-3-la-victoire-meme-les-jours-sans\/#breadcrumb\"},\"inLanguage\":\"fr-FR\",\"potentialAction\":[{\"@type\":\"ReadAction\",\"target\":[\"https:\/\/dicodusport.fr\/blog\/en-avant-guigamp-ol-feminin-0-3-la-victoire-meme-les-jours-sans\/\"]}]},{\"@type\":\"ImageObject\",\"inLanguage\":\"fr-FR\",\"@id\":\"https:\/\/dicodusport.fr\/blog\/en-avant-guigamp-ol-feminin-0-3-la-victoire-meme-les-jours-sans\/#primaryimage\",\"url\":\"https:\/\/dicodusport.fr\/blog\/wp-content\/uploads\/2018\/09\/Guingamp-OL-F\u00e9minin.png\",\"contentUrl\":\"https:\/\/dicodusport.fr\/blog\/wp-content\/uploads\/2018\/09\/Guingamp-OL-F\u00e9minin.png\",\"width\":800,\"height\":445},{\"@type\":\"BreadcrumbList\",\"@id\":\"https:\/\/dicodusport.fr\/blog\/en-avant-guigamp-ol-feminin-0-3-la-victoire-meme-les-jours-sans\/#breadcrumb\",\"itemListElement\":[{\"@type\":\"ListItem\",\"position\":1,\"name\":\"Accueil\",\"item\":\"https:\/\/dicodusport.fr\/blog\/\"},{\"@type\":\"ListItem\",\"position\":2,\"name\":\"En avant Guigamp \u2013 OL f\u00e9minin : 0-3, la victoire, m\u00eame les jours sans\"}]},{\"@type\":\"WebSite\",\"@id\":\"https:\/\/dicodusport.fr\/blog\/#website\",\"url\":\"https:\/\/dicodusport.fr\/blog\/\",\"name\":\"Dicodusport\",\"description\":\"L&#039;encyclop\u00e9die de l&#039;actualit\u00e9 sportive\",\"publisher\":{\"@id\":\"https:\/\/dicodusport.fr\/blog\/#organization\"},\"potentialAction\":[{\"@type\":\"SearchAction\",\"target\":{\"@type\":\"EntryPoint\",\"urlTemplate\":\"https:\/\/dicodusport.fr\/blog\/?s={search_term_string}\"},\"query-input\":{\"@type\":\"PropertyValueSpecification\",\"valueRequired\":true,\"valueName\":\"search_term_string\"}}],\"inLanguage\":\"fr-FR\"},{\"@type\":\"NewsMediaOrganization\",\"@id\":\"https:\/\/dicodusport.fr\/blog\/#organization\",\"name\":\"Dicodusport\",\"url\":\"https:\/\/dicodusport.fr\/blog\/\",\"logo\":{\"@type\":\"ImageObject\",\"inLanguage\":\"fr-FR\",\"@id\":\"https:\/\/dicodusport.fr\/blog\/#\/schema\/logo\/image\/\",\"url\":\"https:\/\/dicodusport.fr\/blog\/wp-content\/uploads\/2020\/06\/cropped-LOGO-DICODUSPORT-2020-SANS-FOND-SANS-TEXTE.png\",\"contentUrl\":\"https:\/\/dicodusport.fr\/blog\/wp-content\/uploads\/2020\/06\/cropped-LOGO-DICODUSPORT-2020-SANS-FOND-SANS-TEXTE.png\",\"width\":512,\"height\":512,\"caption\":\"Dicodusport\"},\"image\":{\"@id\":\"https:\/\/dicodusport.fr\/blog\/#\/schema\/logo\/image\/\"},\"sameAs\":[\"https:\/\/www.facebook.com\/dicodusport\",\"https:\/\/x.com\/dicodusport\",\"https:\/\/www.instagram.com\/dicodusport\/\",\"https:\/\/www.youtube.com\/channel\/UC7V2KZ5sd3htJivAbA4ZG3w\"],\"description\":\"Dicodusport est l'encyclop\u00e9die de l'actualit\u00e9 sportive.\",\"email\":\"bonjour@dicodusport.fr\",\"legalName\":\"DICODUSPORT\",\"foundingDate\":\"2018-01-14\",\"vatID\":\"FR71834470973\",\"taxID\":\"83447097300043\",\"numberOfEmployees\":{\"@type\":\"QuantitativeValue\",\"minValue\":\"1\",\"maxValue\":\"10\"}},{\"@type\":\"Person\",\"@id\":\"https:\/\/dicodusport.fr\/blog\/#\/schema\/person\/cb02af4c173ce4a653b55e9baf388d4a\",\"name\":\"Flo Ostermann\",\"image\":{\"@type\":\"ImageObject\",\"inLanguage\":\"fr-FR\",\"@id\":\"https:\/\/dicodusport.fr\/blog\/#\/schema\/person\/image\/\",\"url\":\"https:\/\/dicodusport.fr\/blog\/wp-content\/uploads\/2021\/05\/Flo-Ostermann-150x150.jpg\",\"contentUrl\":\"https:\/\/dicodusport.fr\/blog\/wp-content\/uploads\/2021\/05\/Flo-Ostermann-150x150.jpg\",\"caption\":\"Flo Ostermann\"},\"description\":\"Journaliste\/R\u00e9dacteur depuis septembre 2015 - Mes premiers souvenirs dans le sport ? Les envol\u00e9es du Stade Toulousain et les duels Villeneuve-Schumacher et H\u00e4kkinen-Schumacher \u00e0 la fin des ann\u00e9es 90, la Coupe du monde de football en 1998, l\u2019exploit du XV de France face aux All Blacks en 1999, mais aussi Richard C\u0153ur de Lion qui vole sur les montagnes du Tour de France. Bien parti pour devenir professeur d\u2019EPS, les \u00e9v\u00e9nements de la vie (et la flemme d\u2019animer des s\u00e9ances de 3x500 m\u00e8tres toute ma vie) m\u2019ont conduit \u00e0 revoir mes plans. Me voil\u00e0 depuis fin 2017 sur Dicodusport, m\u00e9dia gr\u00e2ce (et pour) lequel je partage ma passion : le sport dans tous ses \u00e9tats. Le tout accompagn\u00e9 par les fous furieux et folles furieuses cit\u00e9s sur cette page !\",\"sameAs\":[\"https:\/\/www.facebook.com\/florent.ostermann\",\"https:\/\/x.com\/https:\/\/twitter.com\/FlOstermann\",\"admin\"],\"url\":\"https:\/\/dicodusport.fr\/blog\/author\/flo\/\"}]}<\/script>\n<!-- \/ Yoast SEO Premium plugin. -->","yoast_head_json":{"title":"En avant Guigamp \u2013 OL f\u00e9minin : 0-3, la victoire, m\u00eame les jours sans","description":"67 minutes de mutisme pour les Lyonnaises. 67 minutes d\u2019espoir pour les Guingampaises qui ont cru pouvoir enfin dompter la force Fenotte.","robots":{"index":"index","follow":"follow","max-snippet":"max-snippet:-1","max-image-preview":"max-image-preview:large","max-video-preview":"max-video-preview:-1"},"canonical":"https:\/\/dicodusport.fr\/blog\/en-avant-guigamp-ol-feminin-0-3-la-victoire-meme-les-jours-sans\/","og_locale":"fr_FR","og_type":"article","og_title":"En avant Guigamp \u2013 OL f\u00e9minin : 0-3, la victoire, m\u00eame les jours sans","og_description":"67 minutes de mutisme pour les Lyonnaises. 67 minutes d\u2019espoir pour les Guingampaises qui ont cru pouvoir enfin dompter la force Fenotte.","og_url":"https:\/\/dicodusport.fr\/blog\/en-avant-guigamp-ol-feminin-0-3-la-victoire-meme-les-jours-sans\/","og_site_name":"Dicodusport","article_publisher":"https:\/\/www.facebook.com\/dicodusport","article_author":"https:\/\/www.facebook.com\/florent.ostermann","article_published_time":"2018-09-17T15:00:40+00:00","og_image":[{"width":800,"height":445,"url":"https:\/\/dicodusport.fr\/blog\/wp-content\/uploads\/2018\/09\/Guingamp-OL-F\u00e9minin.png","type":"image\/png"}],"author":"Flo Ostermann","twitter_card":"summary_large_image","twitter_creator":"@https:\/\/twitter.com\/FlOstermann","twitter_site":"@dicodusport","schema":{"@context":"https:\/\/schema.org","@graph":[{"@type":"NewsArticle","@id":"https:\/\/dicodusport.fr\/blog\/en-avant-guigamp-ol-feminin-0-3-la-victoire-meme-les-jours-sans\/#article","isPartOf":{"@id":"https:\/\/dicodusport.fr\/blog\/en-avant-guigamp-ol-feminin-0-3-la-victoire-meme-les-jours-sans\/"},"author":{"name":"Flo Ostermann","@id":"https:\/\/dicodusport.fr\/blog\/#\/schema\/person\/cb02af4c173ce4a653b55e9baf388d4a"},"headline":"En avant Guigamp \u2013 OL f\u00e9minin : 0-3, la victoire, m\u00eame les jours sans","datePublished":"2018-09-17T15:00:40+00:00","mainEntityOfPage":{"@id":"https:\/\/dicodusport.fr\/blog\/en-avant-guigamp-ol-feminin-0-3-la-victoire-meme-les-jours-sans\/"},"wordCount":800,"commentCount":0,"publisher":{"@id":"https:\/\/dicodusport.fr\/blog\/#organization"},"image":{"@id":"https:\/\/dicodusport.fr\/blog\/en-avant-guigamp-ol-feminin-0-3-la-victoire-meme-les-jours-sans\/#primaryimage"},"thumbnailUrl":"https:\/\/dicodusport.fr\/blog\/wp-content\/uploads\/2018\/09\/Guingamp-OL-F\u00e9minin.png","keywords":["Football","OL f\u00e9minin","Olympique Lyonnais f\u00e9minin"],"articleSection":["Actualit\u00e9s","Football"],"inLanguage":"fr-FR","potentialAction":[{"@type":"CommentAction","name":"Comment","target":["https:\/\/dicodusport.fr\/blog\/en-avant-guigamp-ol-feminin-0-3-la-victoire-meme-les-jours-sans\/#respond"]}],"copyrightYear":"2018","copyrightHolder":{"@id":"https:\/\/dicodusport.fr\/blog\/#organization"}},{"@type":"WebPage","@id":"https:\/\/dicodusport.fr\/blog\/en-avant-guigamp-ol-feminin-0-3-la-victoire-meme-les-jours-sans\/","url":"https:\/\/dicodusport.fr\/blog\/en-avant-guigamp-ol-feminin-0-3-la-victoire-meme-les-jours-sans\/","name":"En avant Guigamp \u2013 OL f\u00e9minin : 0-3, la victoire, m\u00eame les jours sans","isPartOf":{"@id":"https:\/\/dicodusport.fr\/blog\/#website"},"primaryImageOfPage":{"@id":"https:\/\/dicodusport.fr\/blog\/en-avant-guigamp-ol-feminin-0-3-la-victoire-meme-les-jours-sans\/#primaryimage"},"image":{"@id":"https:\/\/dicodusport.fr\/blog\/en-avant-guigamp-ol-feminin-0-3-la-victoire-meme-les-jours-sans\/#primaryimage"},"thumbnailUrl":"https:\/\/dicodusport.fr\/blog\/wp-content\/uploads\/2018\/09\/Guingamp-OL-F\u00e9minin.png","datePublished":"2018-09-17T15:00:40+00:00","description":"67 minutes de mutisme pour les Lyonnaises. 67 minutes d\u2019espoir pour les Guingampaises qui ont cru pouvoir enfin dompter la force Fenotte.","breadcrumb":{"@id":"https:\/\/dicodusport.fr\/blog\/en-avant-guigamp-ol-feminin-0-3-la-victoire-meme-les-jours-sans\/#breadcrumb"},"inLanguage":"fr-FR","potentialAction":[{"@type":"ReadAction","target":["https:\/\/dicodusport.fr\/blog\/en-avant-guigamp-ol-feminin-0-3-la-victoire-meme-les-jours-sans\/"]}]},{"@type":"ImageObject","inLanguage":"fr-FR","@id":"https:\/\/dicodusport.fr\/blog\/en-avant-guigamp-ol-feminin-0-3-la-victoire-meme-les-jours-sans\/#primaryimage","url":"https:\/\/dicodusport.fr\/blog\/wp-content\/uploads\/2018\/09\/Guingamp-OL-F\u00e9minin.png","contentUrl":"https:\/\/dicodusport.fr\/blog\/wp-content\/uploads\/2018\/09\/Guingamp-OL-F\u00e9minin.png","width":800,"height":445},{"@type":"BreadcrumbList","@id":"https:\/\/dicodusport.fr\/blog\/en-avant-guigamp-ol-feminin-0-3-la-victoire-meme-les-jours-sans\/#breadcrumb","itemListElement":[{"@type":"ListItem","position":1,"name":"Accueil","item":"https:\/\/dicodusport.fr\/blog\/"},{"@type":"ListItem","position":2,"name":"En avant Guigamp \u2013 OL f\u00e9minin : 0-3, la victoire, m\u00eame les jours sans"}]},{"@type":"WebSite","@id":"https:\/\/dicodusport.fr\/blog\/#website","url":"https:\/\/dicodusport.fr\/blog\/","name":"Dicodusport","description":"L&#039;encyclop\u00e9die de l&#039;actualit\u00e9 sportive","publisher":{"@id":"https:\/\/dicodusport.fr\/blog\/#organization"},"potentialAction":[{"@type":"SearchAction","target":{"@type":"EntryPoint","urlTemplate":"https:\/\/dicodusport.fr\/blog\/?s={search_term_string}"},"query-input":{"@type":"PropertyValueSpecification","valueRequired":true,"valueName":"search_term_string"}}],"inLanguage":"fr-FR"},{"@type":"NewsMediaOrganization","@id":"https:\/\/dicodusport.fr\/blog\/#organization","name":"Dicodusport","url":"https:\/\/dicodusport.fr\/blog\/","logo":{"@type":"ImageObject","inLanguage":"fr-FR","@id":"https:\/\/dicodusport.fr\/blog\/#\/schema\/logo\/image\/","url":"https:\/\/dicodusport.fr\/blog\/wp-content\/uploads\/2020\/06\/cropped-LOGO-DICODUSPORT-2020-SANS-FOND-SANS-TEXTE.png","contentUrl":"https:\/\/dicodusport.fr\/blog\/wp-content\/uploads\/2020\/06\/cropped-LOGO-DICODUSPORT-2020-SANS-FOND-SANS-TEXTE.png","width":512,"height":512,"caption":"Dicodusport"},"image":{"@id":"https:\/\/dicodusport.fr\/blog\/#\/schema\/logo\/image\/"},"sameAs":["https:\/\/www.facebook.com\/dicodusport","https:\/\/x.com\/dicodusport","https:\/\/www.instagram.com\/dicodusport\/","https:\/\/www.youtube.com\/channel\/UC7V2KZ5sd3htJivAbA4ZG3w"],"description":"Dicodusport est l'encyclop\u00e9die de l'actualit\u00e9 sportive.","email":"bonjour@dicodusport.fr","legalName":"DICODUSPORT","foundingDate":"2018-01-14","vatID":"FR71834470973","taxID":"83447097300043","numberOfEmployees":{"@type":"QuantitativeValue","minValue":"1","maxValue":"10"}},{"@type":"Person","@id":"https:\/\/dicodusport.fr\/blog\/#\/schema\/person\/cb02af4c173ce4a653b55e9baf388d4a","name":"Flo Ostermann","image":{"@type":"ImageObject","inLanguage":"fr-FR","@id":"https:\/\/dicodusport.fr\/blog\/#\/schema\/person\/image\/","url":"https:\/\/dicodusport.fr\/blog\/wp-content\/uploads\/2021\/05\/Flo-Ostermann-150x150.jpg","contentUrl":"https:\/\/dicodusport.fr\/blog\/wp-content\/uploads\/2021\/05\/Flo-Ostermann-150x150.jpg","caption":"Flo Ostermann"},"description":"Journaliste\/R\u00e9dacteur depuis septembre 2015 - Mes premiers souvenirs dans le sport ? Les envol\u00e9es du Stade Toulousain et les duels Villeneuve-Schumacher et H\u00e4kkinen-Schumacher \u00e0 la fin des ann\u00e9es 90, la Coupe du monde de football en 1998, l\u2019exploit du XV de France face aux All Blacks en 1999, mais aussi Richard C\u0153ur de Lion qui vole sur les montagnes du Tour de France. Bien parti pour devenir professeur d\u2019EPS, les \u00e9v\u00e9nements de la vie (et la flemme d\u2019animer des s\u00e9ances de 3x500 m\u00e8tres toute ma vie) m\u2019ont conduit \u00e0 revoir mes plans. Me voil\u00e0 depuis fin 2017 sur Dicodusport, m\u00e9dia gr\u00e2ce (et pour) lequel je partage ma passion : le sport dans tous ses \u00e9tats. Le tout accompagn\u00e9 par les fous furieux et folles furieuses cit\u00e9s sur cette page !","sameAs":["https:\/\/www.facebook.com\/florent.ostermann","https:\/\/x.com\/https:\/\/twitter.com\/FlOstermann","admin"],"url":"https:\/\/dicodusport.fr\/blog\/author\/flo\/"}]}},"_links":{"self":[{"href":"https:\/\/dicodusport.fr\/blog\/wp-json\/wp\/v2\/posts\/25813","targetHints":{"allow":["GET"]}}],"collection":[{"href":"https:\/\/dicodusport.fr\/blog\/wp-json\/wp\/v2\/posts"}],"about":[{"href":"https:\/\/dicodusport.fr\/blog\/wp-json\/wp\/v2\/types\/post"}],"author":[{"embeddable":true,"href":"https:\/\/dicodusport.fr\/blog\/wp-json\/wp\/v2\/users\/4"}],"replies":[{"embeddable":true,"href":"https:\/\/dicodusport.fr\/blog\/wp-json\/wp\/v2\/comments?post=25813"}],"version-history":[{"count":0,"href":"https:\/\/dicodusport.fr\/blog\/wp-json\/wp\/v2\/posts\/25813\/revisions"}],"wp:featuredmedia":[{"embeddable":true,"href":"https:\/\/dicodusport.fr\/blog\/wp-json\/wp\/v2\/media\/25816"}],"wp:attachment":[{"href":"https:\/\/dicodusport.fr\/blog\/wp-json\/wp\/v2\/media?parent=25813"}],"wp:term":[{"taxonomy":"category","embeddable":true,"href":"https:\/\/dicodusport.fr\/blog\/wp-json\/wp\/v2\/categories?post=25813"},{"taxonomy":"post_tag","embeddable":true,"href":"https:\/\/dicodusport.fr\/blog\/wp-json\/wp\/v2\/tags?post=25813"}],"curies":[{"name":"wp","href":"https:\/\/api.w.org\/{rel}","templated":true}]}}