{"id":258171,"date":"2022-09-01T22:04:10","date_gmt":"2022-09-01T20:04:10","guid":{"rendered":"https:\/\/dicodusport.fr\/blog\/?p=258171&#038;preview=true&#038;preview_id=258171"},"modified":"2022-09-02T06:57:52","modified_gmt":"2022-09-02T04:57:52","slug":"mercato-le-stade-rennais-casse-sa-tirelire-pour-signer-amine-gouiri","status":"publish","type":"post","link":"https:\/\/dicodusport.fr\/blog\/mercato-le-stade-rennais-casse-sa-tirelire-pour-signer-amine-gouiri\/","title":{"rendered":"Mercato : Le Stade Rennais casse sa tirelire pour signer Amine Gouiri"},"content":{"rendered":"<p style=\"text-align: justify;\"><b><i>LIGUE 1 2022-2023 &#8211; Le Stade Rennais a confirm\u00e9 la signature de l&rsquo;attaquant de Nice, Amine Gouri.<\/i><\/b><\/p>\n<p style=\"text-align: justify;\">Le <strong>Stade Rennais<\/strong> vient de r\u00e9aliser le plus gros transfert de son histoire en s&rsquo;offrant <strong>Amine Gouri<\/strong> pour 28 millions d&rsquo;euros. L&rsquo;international espoir avait r\u00e9alis\u00e9 un tr\u00e8s bon d\u00e9but de saison l&rsquo;an pass\u00e9 avant de baisser de r\u00e9gime. Cons\u00e9quence, il ne faisait pas forc\u00e9ment partie des plans de <strong>Lucien Favre<\/strong>. Rennes mise donc tr\u00e8s gros sur le jeune attaquant fran\u00e7ais, puisque 28 millions d&rsquo;euros ont \u00e9t\u00e9 d\u00e9bours\u00e9s pour finaliser la transaction.<\/p>\n<p style=\"text-align: justify;\">Comme attendu, <strong>Ga\u00ebtan Laborde<\/strong> fait le chemin inverse puisqu&rsquo;il quitte <strong>Rennes<\/strong> pour s&rsquo;engager avec <strong>Nice<\/strong>. L&rsquo;op\u00e9ration devrait co\u00fbter autour de 10 millions d&rsquo;euros aux <strong>Aiglons<\/strong> qui auront bien chamboul\u00e9 leur secteur offensif lors de ce mercato estival.<\/p>\n<blockquote class=\"twitter-tweet\">\n<p dir=\"ltr\" lang=\"fr\">[<a href=\"https:\/\/twitter.com\/hashtag\/MercatoSRFC?src=hash&amp;ref_src=twsrc%5Etfw\">#MercatoSRFC<\/a>]\n<p>, \u2019 \u2019\u0301. &#x270d;<\/p>\n<p>Bienvenue chez toi <a href=\"https:\/\/twitter.com\/aminegouiri?ref_src=twsrc%5Etfw\">@aminegouiri<\/a> ! &#x2728; <a href=\"https:\/\/t.co\/OQ6bYHJMkh\">pic.twitter.com\/OQ6bYHJMkh<\/a><\/p>\n<p>\u2014 Stade Rennais F.C. (@staderennais) <a href=\"https:\/\/twitter.com\/staderennais\/status\/1565424399590768642?ref_src=twsrc%5Etfw\">September 1, 2022<\/a><\/p><\/blockquote>\n<p style=\"text-align: justify;\"><script async src=\"https:\/\/platform.twitter.com\/widgets.js\" charset=\"utf-8\"><\/script><\/p>\n","protected":false},"excerpt":{"rendered":"<p>LIGUE 1 2022-2023 &#8211; Le Stade Rennais a confirm\u00e9 la signature de l&rsquo;attaquant de Nice, Amine Gouri.<\/p>\n","protected":false},"author":1,"featured_media":258174,"comment_status":"open","ping_status":"closed","sticky":false,"template":"","format":"standard","meta":{"_acf_changed":false,"_daextam_enable_autolinks":"","footnotes":""},"categories":[2301,47045],"tags":[5628,75,1840],"class_list":["post-258171","post","type-post","status-publish","format-standard","has-post-thumbnail","hentry","category-football","category-ligue-1","tag-amine-gouiri","tag-football","tag-rennes"],"acf":[],"yoast_head":"<!-- This site is optimized with the Yoast SEO Premium plugin v26.7 (Yoast SEO v26.7) - https:\/\/yoast.com\/wordpress\/plugins\/seo\/ -->\n<title>Mercato : Le Stade Rennais casse sa tirelire pour signer Amine Gouiri<\/title>\n<meta name=\"description\" content=\"LIGUE 1 2022-2023 - Le Stade Rennais a confirm\u00e9 la signature de l&#039;attaquant de Nice, Amine Gouri.\" \/>\n<meta name=\"robots\" content=\"index, follow, max-snippet:-1, max-image-preview:large, max-video-preview:-1\" \/>\n<link rel=\"canonical\" href=\"https:\/\/dicodusport.fr\/blog\/mercato-le-stade-rennais-casse-sa-tirelire-pour-signer-amine-gouiri\/\" \/>\n<meta property=\"og:locale\" content=\"fr_FR\" \/>\n<meta property=\"og:type\" content=\"article\" \/>\n<meta property=\"og:title\" content=\"Mercato : Le Stade Rennais casse sa tirelire pour signer Amine Gouiri\" \/>\n<meta property=\"og:description\" content=\"LIGUE 1 2022-2023 - Le Stade Rennais a confirm\u00e9 la signature de l&#039;attaquant de Nice, Amine Gouri.\" \/>\n<meta property=\"og:url\" content=\"https:\/\/dicodusport.fr\/blog\/mercato-le-stade-rennais-casse-sa-tirelire-pour-signer-amine-gouiri\/\" \/>\n<meta property=\"og:site_name\" content=\"Dicodusport\" \/>\n<meta property=\"article:publisher\" content=\"https:\/\/www.facebook.com\/dicodusport\" \/>\n<meta property=\"article:author\" content=\"https:\/\/www.facebook.com\/dicodusport\" \/>\n<meta property=\"article:published_time\" content=\"2022-09-01T20:04:10+00:00\" \/>\n<meta property=\"article:modified_time\" content=\"2022-09-02T04:57:52+00:00\" \/>\n<meta property=\"og:image\" content=\"https:\/\/dicodusport.fr\/blog\/wp-content\/uploads\/2022\/09\/Mercato-Le-Stade-Rennais-casse-sa-tirelire-pour-signer-Amine-Gouiri.png\" \/>\n\t<meta property=\"og:image:width\" content=\"800\" \/>\n\t<meta property=\"og:image:height\" content=\"445\" \/>\n\t<meta property=\"og:image:type\" content=\"image\/png\" \/>\n<meta name=\"author\" content=\"Nicolas Jacquemard\" \/>\n<meta name=\"twitter:card\" content=\"summary_large_image\" \/>\n<meta name=\"twitter:title\" content=\"Mercato : Le Stade Rennais casse sa tirelire pour signer Amine Gouiri\" \/>\n<meta name=\"twitter:creator\" content=\"@https:\/\/twitter.com\/Nico_Jacquemard\" \/>\n<meta name=\"twitter:site\" content=\"@dicodusport\" \/>\n<script type=\"application\/ld+json\" class=\"yoast-schema-graph\">{\"@context\":\"https:\/\/schema.org\",\"@graph\":[{\"@type\":\"NewsArticle\",\"@id\":\"https:\/\/dicodusport.fr\/blog\/mercato-le-stade-rennais-casse-sa-tirelire-pour-signer-amine-gouiri\/#article\",\"isPartOf\":{\"@id\":\"https:\/\/dicodusport.fr\/blog\/mercato-le-stade-rennais-casse-sa-tirelire-pour-signer-amine-gouiri\/\"},\"author\":{\"name\":\"Nicolas Jacquemard\",\"@id\":\"https:\/\/dicodusport.fr\/blog\/#\/schema\/person\/55dcb50ad410894e431ed812bbb70191\"},\"headline\":\"Mercato : Le Stade Rennais casse sa tirelire pour signer Amine Gouiri\",\"datePublished\":\"2022-09-01T20:04:10+00:00\",\"dateModified\":\"2022-09-02T04:57:52+00:00\",\"mainEntityOfPage\":{\"@id\":\"https:\/\/dicodusport.fr\/blog\/mercato-le-stade-rennais-casse-sa-tirelire-pour-signer-amine-gouiri\/\"},\"wordCount\":175,\"commentCount\":0,\"publisher\":{\"@id\":\"https:\/\/dicodusport.fr\/blog\/#organization\"},\"image\":{\"@id\":\"https:\/\/dicodusport.fr\/blog\/mercato-le-stade-rennais-casse-sa-tirelire-pour-signer-amine-gouiri\/#primaryimage\"},\"thumbnailUrl\":\"https:\/\/dicodusport.fr\/blog\/wp-content\/uploads\/2022\/09\/Mercato-Le-Stade-Rennais-casse-sa-tirelire-pour-signer-Amine-Gouiri.png\",\"keywords\":[\"Amine Gouiri\",\"Football\",\"Rennes\"],\"articleSection\":[\"Football\",\"Ligue 1\"],\"inLanguage\":\"fr-FR\",\"potentialAction\":[{\"@type\":\"CommentAction\",\"name\":\"Comment\",\"target\":[\"https:\/\/dicodusport.fr\/blog\/mercato-le-stade-rennais-casse-sa-tirelire-pour-signer-amine-gouiri\/#respond\"]}],\"copyrightYear\":\"2022\",\"copyrightHolder\":{\"@id\":\"https:\/\/dicodusport.fr\/blog\/#organization\"}},{\"@type\":\"WebPage\",\"@id\":\"https:\/\/dicodusport.fr\/blog\/mercato-le-stade-rennais-casse-sa-tirelire-pour-signer-amine-gouiri\/\",\"url\":\"https:\/\/dicodusport.fr\/blog\/mercato-le-stade-rennais-casse-sa-tirelire-pour-signer-amine-gouiri\/\",\"name\":\"Mercato : Le Stade Rennais casse sa tirelire pour signer Amine Gouiri\",\"isPartOf\":{\"@id\":\"https:\/\/dicodusport.fr\/blog\/#website\"},\"primaryImageOfPage\":{\"@id\":\"https:\/\/dicodusport.fr\/blog\/mercato-le-stade-rennais-casse-sa-tirelire-pour-signer-amine-gouiri\/#primaryimage\"},\"image\":{\"@id\":\"https:\/\/dicodusport.fr\/blog\/mercato-le-stade-rennais-casse-sa-tirelire-pour-signer-amine-gouiri\/#primaryimage\"},\"thumbnailUrl\":\"https:\/\/dicodusport.fr\/blog\/wp-content\/uploads\/2022\/09\/Mercato-Le-Stade-Rennais-casse-sa-tirelire-pour-signer-Amine-Gouiri.png\",\"datePublished\":\"2022-09-01T20:04:10+00:00\",\"dateModified\":\"2022-09-02T04:57:52+00:00\",\"description\":\"LIGUE 1 2022-2023 - Le Stade Rennais a confirm\u00e9 la signature de l'attaquant de Nice, Amine Gouri.\",\"breadcrumb\":{\"@id\":\"https:\/\/dicodusport.fr\/blog\/mercato-le-stade-rennais-casse-sa-tirelire-pour-signer-amine-gouiri\/#breadcrumb\"},\"inLanguage\":\"fr-FR\",\"potentialAction\":[{\"@type\":\"ReadAction\",\"target\":[\"https:\/\/dicodusport.fr\/blog\/mercato-le-stade-rennais-casse-sa-tirelire-pour-signer-amine-gouiri\/\"]}]},{\"@type\":\"ImageObject\",\"inLanguage\":\"fr-FR\",\"@id\":\"https:\/\/dicodusport.fr\/blog\/mercato-le-stade-rennais-casse-sa-tirelire-pour-signer-amine-gouiri\/#primaryimage\",\"url\":\"https:\/\/dicodusport.fr\/blog\/wp-content\/uploads\/2022\/09\/Mercato-Le-Stade-Rennais-casse-sa-tirelire-pour-signer-Amine-Gouiri.png\",\"contentUrl\":\"https:\/\/dicodusport.fr\/blog\/wp-content\/uploads\/2022\/09\/Mercato-Le-Stade-Rennais-casse-sa-tirelire-pour-signer-Amine-Gouiri.png\",\"width\":800,\"height\":445},{\"@type\":\"BreadcrumbList\",\"@id\":\"https:\/\/dicodusport.fr\/blog\/mercato-le-stade-rennais-casse-sa-tirelire-pour-signer-amine-gouiri\/#breadcrumb\",\"itemListElement\":[{\"@type\":\"ListItem\",\"position\":1,\"name\":\"Accueil\",\"item\":\"https:\/\/dicodusport.fr\/blog\/\"},{\"@type\":\"ListItem\",\"position\":2,\"name\":\"Mercato : Le Stade Rennais casse sa tirelire pour signer Amine Gouiri\"}]},{\"@type\":\"WebSite\",\"@id\":\"https:\/\/dicodusport.fr\/blog\/#website\",\"url\":\"https:\/\/dicodusport.fr\/blog\/\",\"name\":\"Dicodusport\",\"description\":\"L&#039;encyclop\u00e9die de l&#039;actualit\u00e9 sportive\",\"publisher\":{\"@id\":\"https:\/\/dicodusport.fr\/blog\/#organization\"},\"potentialAction\":[{\"@type\":\"SearchAction\",\"target\":{\"@type\":\"EntryPoint\",\"urlTemplate\":\"https:\/\/dicodusport.fr\/blog\/?s={search_term_string}\"},\"query-input\":{\"@type\":\"PropertyValueSpecification\",\"valueRequired\":true,\"valueName\":\"search_term_string\"}}],\"inLanguage\":\"fr-FR\"},{\"@type\":\"NewsMediaOrganization\",\"@id\":\"https:\/\/dicodusport.fr\/blog\/#organization\",\"name\":\"Dicodusport\",\"url\":\"https:\/\/dicodusport.fr\/blog\/\",\"logo\":{\"@type\":\"ImageObject\",\"inLanguage\":\"fr-FR\",\"@id\":\"https:\/\/dicodusport.fr\/blog\/#\/schema\/logo\/image\/\",\"url\":\"https:\/\/dicodusport.fr\/blog\/wp-content\/uploads\/2020\/06\/cropped-LOGO-DICODUSPORT-2020-SANS-FOND-SANS-TEXTE.png\",\"contentUrl\":\"https:\/\/dicodusport.fr\/blog\/wp-content\/uploads\/2020\/06\/cropped-LOGO-DICODUSPORT-2020-SANS-FOND-SANS-TEXTE.png\",\"width\":512,\"height\":512,\"caption\":\"Dicodusport\"},\"image\":{\"@id\":\"https:\/\/dicodusport.fr\/blog\/#\/schema\/logo\/image\/\"},\"sameAs\":[\"https:\/\/www.facebook.com\/dicodusport\",\"https:\/\/x.com\/dicodusport\",\"https:\/\/www.instagram.com\/dicodusport\/\",\"https:\/\/www.youtube.com\/channel\/UC7V2KZ5sd3htJivAbA4ZG3w\"],\"description\":\"Dicodusport est l'encyclop\u00e9die de l'actualit\u00e9 sportive.\",\"email\":\"bonjour@dicodusport.fr\",\"legalName\":\"DICODUSPORT\",\"foundingDate\":\"2018-01-14\",\"vatID\":\"FR71834470973\",\"taxID\":\"83447097300043\",\"numberOfEmployees\":{\"@type\":\"QuantitativeValue\",\"minValue\":\"1\",\"maxValue\":\"10\"}},{\"@type\":\"Person\",\"@id\":\"https:\/\/dicodusport.fr\/blog\/#\/schema\/person\/55dcb50ad410894e431ed812bbb70191\",\"name\":\"Nicolas Jacquemard\",\"image\":{\"@type\":\"ImageObject\",\"inLanguage\":\"fr-FR\",\"@id\":\"https:\/\/dicodusport.fr\/blog\/#\/schema\/person\/image\/\",\"url\":\"https:\/\/dicodusport.fr\/blog\/wp-content\/uploads\/2021\/05\/Nicolas-Jacquemard-150x150.jpeg\",\"contentUrl\":\"https:\/\/dicodusport.fr\/blog\/wp-content\/uploads\/2021\/05\/Nicolas-Jacquemard-150x150.jpeg\",\"caption\":\"Nicolas Jacquemard\"},\"description\":\"Passionn\u00e9 de sport et entrepreneur depuis mes 18 ans, la cr\u00e9ation de Dicodusport m'a sembl\u00e9 \u00e9vidente pour participer \u00e0 la m\u00e9diatisation d'un plus grand nombre de sports. Le chemin est long mais avec une \u00e9quipe des plus motiv\u00e9es et les Jeux Olympiques de Paris 2024 en point de mire, nous y arriverons ! Journaliste dans le monde du sport depuis plus de 5 ans, je traite aussi bien de football, de rugby, de biathlon que de cyclisme.\",\"sameAs\":[\"https:\/\/www.facebook.com\/dicodusport\",\"https:\/\/x.com\/https:\/\/twitter.com\/Nico_Jacquemard\"],\"url\":\"https:\/\/dicodusport.fr\/blog\/author\/dicodusport\/\"}]}<\/script>\n<!-- \/ Yoast SEO Premium plugin. -->","yoast_head_json":{"title":"Mercato : Le Stade Rennais casse sa tirelire pour signer Amine Gouiri","description":"LIGUE 1 2022-2023 - Le Stade Rennais a confirm\u00e9 la signature de l'attaquant de Nice, Amine Gouri.","robots":{"index":"index","follow":"follow","max-snippet":"max-snippet:-1","max-image-preview":"max-image-preview:large","max-video-preview":"max-video-preview:-1"},"canonical":"https:\/\/dicodusport.fr\/blog\/mercato-le-stade-rennais-casse-sa-tirelire-pour-signer-amine-gouiri\/","og_locale":"fr_FR","og_type":"article","og_title":"Mercato : Le Stade Rennais casse sa tirelire pour signer Amine Gouiri","og_description":"LIGUE 1 2022-2023 - Le Stade Rennais a confirm\u00e9 la signature de l'attaquant de Nice, Amine Gouri.","og_url":"https:\/\/dicodusport.fr\/blog\/mercato-le-stade-rennais-casse-sa-tirelire-pour-signer-amine-gouiri\/","og_site_name":"Dicodusport","article_publisher":"https:\/\/www.facebook.com\/dicodusport","article_author":"https:\/\/www.facebook.com\/dicodusport","article_published_time":"2022-09-01T20:04:10+00:00","article_modified_time":"2022-09-02T04:57:52+00:00","og_image":[{"width":800,"height":445,"url":"https:\/\/dicodusport.fr\/blog\/wp-content\/uploads\/2022\/09\/Mercato-Le-Stade-Rennais-casse-sa-tirelire-pour-signer-Amine-Gouiri.png","type":"image\/png"}],"author":"Nicolas Jacquemard","twitter_card":"summary_large_image","twitter_title":"Mercato : Le Stade Rennais casse sa tirelire pour signer Amine Gouiri","twitter_creator":"@https:\/\/twitter.com\/Nico_Jacquemard","twitter_site":"@dicodusport","schema":{"@context":"https:\/\/schema.org","@graph":[{"@type":"NewsArticle","@id":"https:\/\/dicodusport.fr\/blog\/mercato-le-stade-rennais-casse-sa-tirelire-pour-signer-amine-gouiri\/#article","isPartOf":{"@id":"https:\/\/dicodusport.fr\/blog\/mercato-le-stade-rennais-casse-sa-tirelire-pour-signer-amine-gouiri\/"},"author":{"name":"Nicolas Jacquemard","@id":"https:\/\/dicodusport.fr\/blog\/#\/schema\/person\/55dcb50ad410894e431ed812bbb70191"},"headline":"Mercato : Le Stade Rennais casse sa tirelire pour signer Amine Gouiri","datePublished":"2022-09-01T20:04:10+00:00","dateModified":"2022-09-02T04:57:52+00:00","mainEntityOfPage":{"@id":"https:\/\/dicodusport.fr\/blog\/mercato-le-stade-rennais-casse-sa-tirelire-pour-signer-amine-gouiri\/"},"wordCount":175,"commentCount":0,"publisher":{"@id":"https:\/\/dicodusport.fr\/blog\/#organization"},"image":{"@id":"https:\/\/dicodusport.fr\/blog\/mercato-le-stade-rennais-casse-sa-tirelire-pour-signer-amine-gouiri\/#primaryimage"},"thumbnailUrl":"https:\/\/dicodusport.fr\/blog\/wp-content\/uploads\/2022\/09\/Mercato-Le-Stade-Rennais-casse-sa-tirelire-pour-signer-Amine-Gouiri.png","keywords":["Amine Gouiri","Football","Rennes"],"articleSection":["Football","Ligue 1"],"inLanguage":"fr-FR","potentialAction":[{"@type":"CommentAction","name":"Comment","target":["https:\/\/dicodusport.fr\/blog\/mercato-le-stade-rennais-casse-sa-tirelire-pour-signer-amine-gouiri\/#respond"]}],"copyrightYear":"2022","copyrightHolder":{"@id":"https:\/\/dicodusport.fr\/blog\/#organization"}},{"@type":"WebPage","@id":"https:\/\/dicodusport.fr\/blog\/mercato-le-stade-rennais-casse-sa-tirelire-pour-signer-amine-gouiri\/","url":"https:\/\/dicodusport.fr\/blog\/mercato-le-stade-rennais-casse-sa-tirelire-pour-signer-amine-gouiri\/","name":"Mercato : Le Stade Rennais casse sa tirelire pour signer Amine Gouiri","isPartOf":{"@id":"https:\/\/dicodusport.fr\/blog\/#website"},"primaryImageOfPage":{"@id":"https:\/\/dicodusport.fr\/blog\/mercato-le-stade-rennais-casse-sa-tirelire-pour-signer-amine-gouiri\/#primaryimage"},"image":{"@id":"https:\/\/dicodusport.fr\/blog\/mercato-le-stade-rennais-casse-sa-tirelire-pour-signer-amine-gouiri\/#primaryimage"},"thumbnailUrl":"https:\/\/dicodusport.fr\/blog\/wp-content\/uploads\/2022\/09\/Mercato-Le-Stade-Rennais-casse-sa-tirelire-pour-signer-Amine-Gouiri.png","datePublished":"2022-09-01T20:04:10+00:00","dateModified":"2022-09-02T04:57:52+00:00","description":"LIGUE 1 2022-2023 - Le Stade Rennais a confirm\u00e9 la signature de l'attaquant de Nice, Amine Gouri.","breadcrumb":{"@id":"https:\/\/dicodusport.fr\/blog\/mercato-le-stade-rennais-casse-sa-tirelire-pour-signer-amine-gouiri\/#breadcrumb"},"inLanguage":"fr-FR","potentialAction":[{"@type":"ReadAction","target":["https:\/\/dicodusport.fr\/blog\/mercato-le-stade-rennais-casse-sa-tirelire-pour-signer-amine-gouiri\/"]}]},{"@type":"ImageObject","inLanguage":"fr-FR","@id":"https:\/\/dicodusport.fr\/blog\/mercato-le-stade-rennais-casse-sa-tirelire-pour-signer-amine-gouiri\/#primaryimage","url":"https:\/\/dicodusport.fr\/blog\/wp-content\/uploads\/2022\/09\/Mercato-Le-Stade-Rennais-casse-sa-tirelire-pour-signer-Amine-Gouiri.png","contentUrl":"https:\/\/dicodusport.fr\/blog\/wp-content\/uploads\/2022\/09\/Mercato-Le-Stade-Rennais-casse-sa-tirelire-pour-signer-Amine-Gouiri.png","width":800,"height":445},{"@type":"BreadcrumbList","@id":"https:\/\/dicodusport.fr\/blog\/mercato-le-stade-rennais-casse-sa-tirelire-pour-signer-amine-gouiri\/#breadcrumb","itemListElement":[{"@type":"ListItem","position":1,"name":"Accueil","item":"https:\/\/dicodusport.fr\/blog\/"},{"@type":"ListItem","position":2,"name":"Mercato : Le Stade Rennais casse sa tirelire pour signer Amine Gouiri"}]},{"@type":"WebSite","@id":"https:\/\/dicodusport.fr\/blog\/#website","url":"https:\/\/dicodusport.fr\/blog\/","name":"Dicodusport","description":"L&#039;encyclop\u00e9die de l&#039;actualit\u00e9 sportive","publisher":{"@id":"https:\/\/dicodusport.fr\/blog\/#organization"},"potentialAction":[{"@type":"SearchAction","target":{"@type":"EntryPoint","urlTemplate":"https:\/\/dicodusport.fr\/blog\/?s={search_term_string}"},"query-input":{"@type":"PropertyValueSpecification","valueRequired":true,"valueName":"search_term_string"}}],"inLanguage":"fr-FR"},{"@type":"NewsMediaOrganization","@id":"https:\/\/dicodusport.fr\/blog\/#organization","name":"Dicodusport","url":"https:\/\/dicodusport.fr\/blog\/","logo":{"@type":"ImageObject","inLanguage":"fr-FR","@id":"https:\/\/dicodusport.fr\/blog\/#\/schema\/logo\/image\/","url":"https:\/\/dicodusport.fr\/blog\/wp-content\/uploads\/2020\/06\/cropped-LOGO-DICODUSPORT-2020-SANS-FOND-SANS-TEXTE.png","contentUrl":"https:\/\/dicodusport.fr\/blog\/wp-content\/uploads\/2020\/06\/cropped-LOGO-DICODUSPORT-2020-SANS-FOND-SANS-TEXTE.png","width":512,"height":512,"caption":"Dicodusport"},"image":{"@id":"https:\/\/dicodusport.fr\/blog\/#\/schema\/logo\/image\/"},"sameAs":["https:\/\/www.facebook.com\/dicodusport","https:\/\/x.com\/dicodusport","https:\/\/www.instagram.com\/dicodusport\/","https:\/\/www.youtube.com\/channel\/UC7V2KZ5sd3htJivAbA4ZG3w"],"description":"Dicodusport est l'encyclop\u00e9die de l'actualit\u00e9 sportive.","email":"bonjour@dicodusport.fr","legalName":"DICODUSPORT","foundingDate":"2018-01-14","vatID":"FR71834470973","taxID":"83447097300043","numberOfEmployees":{"@type":"QuantitativeValue","minValue":"1","maxValue":"10"}},{"@type":"Person","@id":"https:\/\/dicodusport.fr\/blog\/#\/schema\/person\/55dcb50ad410894e431ed812bbb70191","name":"Nicolas Jacquemard","image":{"@type":"ImageObject","inLanguage":"fr-FR","@id":"https:\/\/dicodusport.fr\/blog\/#\/schema\/person\/image\/","url":"https:\/\/dicodusport.fr\/blog\/wp-content\/uploads\/2021\/05\/Nicolas-Jacquemard-150x150.jpeg","contentUrl":"https:\/\/dicodusport.fr\/blog\/wp-content\/uploads\/2021\/05\/Nicolas-Jacquemard-150x150.jpeg","caption":"Nicolas Jacquemard"},"description":"Passionn\u00e9 de sport et entrepreneur depuis mes 18 ans, la cr\u00e9ation de Dicodusport m'a sembl\u00e9 \u00e9vidente pour participer \u00e0 la m\u00e9diatisation d'un plus grand nombre de sports. Le chemin est long mais avec une \u00e9quipe des plus motiv\u00e9es et les Jeux Olympiques de Paris 2024 en point de mire, nous y arriverons ! Journaliste dans le monde du sport depuis plus de 5 ans, je traite aussi bien de football, de rugby, de biathlon que de cyclisme.","sameAs":["https:\/\/www.facebook.com\/dicodusport","https:\/\/x.com\/https:\/\/twitter.com\/Nico_Jacquemard"],"url":"https:\/\/dicodusport.fr\/blog\/author\/dicodusport\/"}]}},"_links":{"self":[{"href":"https:\/\/dicodusport.fr\/blog\/wp-json\/wp\/v2\/posts\/258171","targetHints":{"allow":["GET"]}}],"collection":[{"href":"https:\/\/dicodusport.fr\/blog\/wp-json\/wp\/v2\/posts"}],"about":[{"href":"https:\/\/dicodusport.fr\/blog\/wp-json\/wp\/v2\/types\/post"}],"author":[{"embeddable":true,"href":"https:\/\/dicodusport.fr\/blog\/wp-json\/wp\/v2\/users\/1"}],"replies":[{"embeddable":true,"href":"https:\/\/dicodusport.fr\/blog\/wp-json\/wp\/v2\/comments?post=258171"}],"version-history":[{"count":0,"href":"https:\/\/dicodusport.fr\/blog\/wp-json\/wp\/v2\/posts\/258171\/revisions"}],"wp:featuredmedia":[{"embeddable":true,"href":"https:\/\/dicodusport.fr\/blog\/wp-json\/wp\/v2\/media\/258174"}],"wp:attachment":[{"href":"https:\/\/dicodusport.fr\/blog\/wp-json\/wp\/v2\/media?parent=258171"}],"wp:term":[{"taxonomy":"category","embeddable":true,"href":"https:\/\/dicodusport.fr\/blog\/wp-json\/wp\/v2\/categories?post=258171"},{"taxonomy":"post_tag","embeddable":true,"href":"https:\/\/dicodusport.fr\/blog\/wp-json\/wp\/v2\/tags?post=258171"}],"curies":[{"name":"wp","href":"https:\/\/api.w.org\/{rel}","templated":true}]}}