{"id":258297,"date":"2022-09-02T17:30:29","date_gmt":"2022-09-02T15:30:29","guid":{"rendered":"https:\/\/dicodusport.fr\/blog\/?p=258297&#038;preview=true&#038;preview_id=258297"},"modified":"2022-09-02T17:43:59","modified_gmt":"2022-09-02T15:43:59","slug":"tour-despagne-2022-mads-pedersen-sadjuge-la-13eme-etape","status":"publish","type":"post","link":"https:\/\/dicodusport.fr\/blog\/tour-despagne-2022-mads-pedersen-sadjuge-la-13eme-etape\/","title":{"rendered":"Tour d&rsquo;Espagne 2022 : Mads Pedersen s&rsquo;adjuge la 13\u00e8me \u00e9tape"},"content":{"rendered":"<p style=\"text-align: justify;\"><em><strong><a href=\"https:\/\/dicodusport.fr\/blog\/actualites\/cyclisme\/cyclisme-sur-route-2022\/tour-espagne-2022\/\">TOUR D&rsquo;ESPAGNE 2022<\/a> &#8211; Tr\u00e8s r\u00e9gulier depuis le d\u00e9but de La Vuelta, Mads Pedersen (Trek Segafredo) a trouv\u00e9 l&rsquo;ouverture pour gagner la treizi\u00e8me<span class=\"red\"> \u00e9tape du Tour d&rsquo;Espagne, ce vendredi, \u00e0 Montilla<\/span><span class=\"tojvnm2t a6sixzi8 abs2jz4q a8s20v7p t1p8iaqh k5wvi7nf q3lfd5jv pk4s997a bipmatt0 cebpdrjk qowsmv63 owwhemhu dp1hu0rb dhp61c6y iyyx5f41\">. Il a devanc\u00e9 Bryan Coquard (Cofidis) et Pascal Ackermann (UAE Team Emirates). Remco Evenepoel (Quick-Step Alpha Vinyl) a conserv\u00e9 son maillot rouge.<br \/>\n<\/span><\/strong><\/em><\/p>\n<p style=\"text-align: justify;\"><span class=\"f7rl1if4 adechonz f6oz4yja dahkl6ri axrg9lpx rufpak1n qtovjlwq qbmienfq rfyhaz4c rdmi1yqr ohrdq8us nswx41af fawcizw8 l1aqi3e3 sdu1flz4\">D&rsquo;abord, trois coureurs ont anim\u00e9 cette \u00e9tape de plaine en plein c\u0153ur de l&rsquo;Andalousie : <strong>Julius van den Berg<\/strong> (EF Education-EasyPost), <strong>Ander Okamika<\/strong> (Burgos-BH) et <strong>Joan Bou<\/strong> (Euskatel Euskadi). Mais, le peloton n&rsquo;a pas laiss\u00e9 beaucoup de marge de man\u0153uvre aux fuyards avec 3 minutes et 10 secondes d&rsquo;avance au maximum. <\/span><\/p>\n<h2 style=\"text-align: justify;\">Une \u00e9tape sans remous<\/h2>\n<p style=\"text-align: justify;\"><span class=\"f7rl1if4 adechonz f6oz4yja dahkl6ri axrg9lpx rufpak1n qtovjlwq qbmienfq rfyhaz4c rdmi1yqr ohrdq8us nswx41af fawcizw8 l1aqi3e3 sdu1flz4\">Puis, les \u00e9quipes <strong>Trek Segafredo, Cofidis<\/strong> et <strong>BikeExchange Jayco<\/strong> se sont positionn\u00e9es en t\u00eate du peloton pour contr\u00f4ler l&rsquo;\u00e9cart dans la premi\u00e8re moiti\u00e9 de l&rsquo;\u00e9tape. Par la suite, les formations <strong>Alpecin-Deceuninck<\/strong> et <strong>Bora Hansgrohe<\/strong> sont venues apporter leur contribution dans la poursuite.<\/span><\/p>\n<p style=\"text-align: justify;\"><span class=\"f7rl1if4 adechonz f6oz4yja dahkl6ri axrg9lpx rufpak1n qtovjlwq qbmienfq rfyhaz4c rdmi1yqr ohrdq8us nswx41af fawcizw8 l1aqi3e3 sdu1flz4\">Au sprint interm\u00e9diaire d&rsquo;Espejo, <strong>Ander Okamika<\/strong> est pass\u00e9 en premi\u00e8re position alors que l&rsquo;\u00e9cart n&rsquo;\u00e9tait plus que 14 secondes. <strong>Pedersen<\/strong> a pris la quatri\u00e8me place pour renforcer son maillot vert avec 13 nouveaux points. Par la suite, les deux coureurs espagnols ont \u00e9t\u00e9 repris \u00e0 9 kilom\u00e8tres du terme apr\u00e8s une belle r\u00e9sistance sur une grande ligne droite avec du vent de face.<\/span><\/p>\n<p style=\"text-align: justify;\"><span class=\"f7rl1if4 adechonz f6oz4yja dahkl6ri axrg9lpx rufpak1n qtovjlwq qbmienfq rfyhaz4c rdmi1yqr ohrdq8us nswx41af fawcizw8 l1aqi3e3 sdu1flz4\">Dans les dernier kilom\u00e8tre, le peloton a pris tout la largeur de la route pour placer les diff\u00e9rents leaders \u00e0 l&rsquo;avant du peloton. La Jumbo Visma a pris les commandes du peloton \u00e0 l&rsquo;amorce du dernier kilom\u00e8tre avec <strong>Primoz Roglic<\/strong> en excellente position pour jouer la gagne. Mais le Slov\u00e8ne a fini 9e de l&rsquo;\u00e9tape.<br \/>\n<\/span><\/p>\n<h2 style=\"text-align: justify;\"><span class=\"f7rl1if4 adechonz f6oz4yja dahkl6ri axrg9lpx rufpak1n qtovjlwq qbmienfq rfyhaz4c rdmi1yqr ohrdq8us nswx41af fawcizw8 l1aqi3e3 sdu1flz4\">Mads Pedersen<\/span> enfin r\u00e9compens\u00e9<\/h2>\n<p style=\"text-align: justify;\"><span class=\"f7rl1if4 adechonz f6oz4yja dahkl6ri axrg9lpx rufpak1n qtovjlwq qbmienfq rfyhaz4c rdmi1yqr ohrdq8us nswx41af fawcizw8 l1aqi3e3 sdu1flz4\">Finalement, <strong>Pascal Ackermann<\/strong> (UAE Team Emirates) a lanc\u00e9 de tr\u00e8s loin son sprint \u00e0 250 m\u00e8tres de la ligne sur un final en mont\u00e9e. Mais, <strong>Mads Pedersen<\/strong> (Trek Segafredo) est rest\u00e9 dans le sillage du sprinteur allemand avant de le d\u00e9border dans les 100 derniers m\u00e8tres. L&rsquo;ancien champion du monde a devanc\u00e9 <strong>Bryan Coquard<\/strong> (Cofidis), revenu de tr\u00e8s loin mais mal plac\u00e9 dans l&#8217;emballage final. Le Danois avait fini 2e des \u00e9tapes de La Guardia, de Breda et d&rsquo;Utrecht. <strong>Pascal Ackermann<\/strong> a compl\u00e9t\u00e9 le podium de l&rsquo;\u00e9tape du jour devant <strong>Fred Wright<\/strong> (Bahrain Victorious) et <strong>Danny van Poppel<\/strong> (Bora Hansgrohe). <\/span><\/p>\n<p style=\"text-align: justify;\"><span class=\"f7rl1if4 adechonz f6oz4yja dahkl6ri axrg9lpx rufpak1n qtovjlwq qbmienfq rfyhaz4c rdmi1yqr ohrdq8us nswx41af fawcizw8 l1aqi3e3 sdu1flz4\"><strong>Remco Evenepoel<\/strong> (Quick-Step-Alpha Vinyl) conserve son maillot rouge avant un weekend montagneux. Deux arriv\u00e9es au sommet seront propos\u00e9es \u00e0 la Sierra de la Pandera et \u00e0 la Sierra Nevada. Du c\u00f4t\u00e9 du maillot vert, <strong>Mads Pedersen<\/strong> compte 297 points et a 151 d&rsquo;avance sur son dauphin <strong>Marc Soler<\/strong>.<br \/>\n<\/span><\/p>\n<h2 style=\"text-align: justify;\">\u00c0 lire aussi<\/h2>\n<ul>\n<li style=\"text-align: justify;\"><a href=\"https:\/\/dicodusport.fr\/blog\/tour-d-espagne-2022-classement-13eme-etape\/\"><strong>Le classement de la 13\u00e8me \u00e9tape du Tour d&rsquo;Espagne 2022<\/strong><\/a><\/li>\n<li style=\"text-align: justify;\"><a href=\"https:\/\/dicodusport.fr\/blog\/tour-despagne-2022-classement-general-maillot-rouge\/\"><strong>Le classement g\u00e9n\u00e9ral du Tour d&rsquo;Espagne 2022<\/strong><\/a><\/li>\n<\/ul>\n","protected":false},"excerpt":{"rendered":"<p>TOUR D&rsquo;ESPAGNE 2022 &#8211; Tr\u00e8s r\u00e9gulier depuis le d\u00e9but de La Vuelta, Mads Pedersen (Trek Segafredo) a trouv\u00e9 l&rsquo;ouverture pour gagner la treizi\u00e8me \u00e9tape du Tour d&rsquo;Espagne, ce vendredi, \u00e0 Montilla. Il a devanc\u00e9 Bryan Coquard (Cofidis) et Pascal Ackermann (UAE Team Emirates). Remco Evenepoel (Quick-Step Alpha Vinyl) a conserv\u00e9 son maillot rouge.<\/p>\n","protected":false},"author":48,"featured_media":258370,"comment_status":"open","ping_status":"closed","sticky":false,"template":"","format":"standard","meta":{"_acf_changed":false,"_daextam_enable_autolinks":"","footnotes":""},"categories":[47042],"tags":[574,26327,24],"class_list":["post-258297","post","type-post","status-publish","format-standard","has-post-thumbnail","hentry","category-tour-d-espagne","tag-cyclisme","tag-mads-pedersen","tag-sport"],"acf":[],"yoast_head":"<!-- This site is optimized with the Yoast SEO Premium plugin v26.7 (Yoast SEO v26.7) - https:\/\/yoast.com\/wordpress\/plugins\/seo\/ -->\n<title>Tour d&#039;Espagne 2022 : Mads Pedersen s&#039;adjuge la 13\u00e8me \u00e9tape<\/title>\n<meta name=\"description\" content=\"TOUR D&#039;ESPAGNE 2022 - Mads Pedersen (Trek Segafredo) a trouv\u00e9 l&#039;ouverture pour gagner la treizi\u00e8me \u00e9tape du Tour d&#039;Espagne\" \/>\n<meta name=\"robots\" content=\"index, follow, max-snippet:-1, max-image-preview:large, max-video-preview:-1\" \/>\n<link rel=\"canonical\" href=\"https:\/\/dicodusport.fr\/blog\/tour-despagne-2022-mads-pedersen-sadjuge-la-13eme-etape\/\" \/>\n<meta property=\"og:locale\" content=\"fr_FR\" \/>\n<meta property=\"og:type\" content=\"article\" \/>\n<meta property=\"og:title\" content=\"Tour d&#039;Espagne 2022 : Mads Pedersen s&#039;adjuge la 13\u00e8me \u00e9tape\" \/>\n<meta property=\"og:description\" content=\"TOUR D&#039;ESPAGNE 2022 - Mads Pedersen (Trek Segafredo) a trouv\u00e9 l&#039;ouverture pour gagner la treizi\u00e8me \u00e9tape du Tour d&#039;Espagne\" \/>\n<meta property=\"og:url\" content=\"https:\/\/dicodusport.fr\/blog\/tour-despagne-2022-mads-pedersen-sadjuge-la-13eme-etape\/\" \/>\n<meta property=\"og:site_name\" content=\"Dicodusport\" \/>\n<meta property=\"article:publisher\" content=\"https:\/\/www.facebook.com\/dicodusport\" \/>\n<meta property=\"article:author\" content=\"https:\/\/www.facebook.com\/groups\/LesRoisDuPeloton\" \/>\n<meta property=\"article:published_time\" content=\"2022-09-02T15:30:29+00:00\" \/>\n<meta property=\"article:modified_time\" content=\"2022-09-02T15:43:59+00:00\" \/>\n<meta property=\"og:image\" content=\"https:\/\/dicodusport.fr\/blog\/wp-content\/uploads\/2022\/09\/Tour-dEspagne-2022-Mads-Pedersen-sadjuge-la-13eme-etape.png\" \/>\n\t<meta property=\"og:image:width\" content=\"800\" \/>\n\t<meta property=\"og:image:height\" content=\"445\" \/>\n\t<meta property=\"og:image:type\" content=\"image\/png\" \/>\n<meta name=\"author\" content=\"Emilien Descampiaux\" \/>\n<meta name=\"twitter:card\" content=\"summary_large_image\" \/>\n<meta name=\"twitter:title\" content=\"Tour d&#039;Espagne 2022 : Mads Pedersen s&#039;adjuge la 13\u00e8me \u00e9tape\" \/>\n<meta name=\"twitter:creator\" content=\"@https:\/\/twitter.com\/LRoisDuPeloton\" \/>\n<meta name=\"twitter:site\" content=\"@dicodusport\" \/>\n<script type=\"application\/ld+json\" class=\"yoast-schema-graph\">{\"@context\":\"https:\/\/schema.org\",\"@graph\":[{\"@type\":\"NewsArticle\",\"@id\":\"https:\/\/dicodusport.fr\/blog\/tour-despagne-2022-mads-pedersen-sadjuge-la-13eme-etape\/#article\",\"isPartOf\":{\"@id\":\"https:\/\/dicodusport.fr\/blog\/tour-despagne-2022-mads-pedersen-sadjuge-la-13eme-etape\/\"},\"author\":{\"name\":\"Emilien Descampiaux\",\"@id\":\"https:\/\/dicodusport.fr\/blog\/#\/schema\/person\/6db4bae06b171592211be385b32876a7\"},\"headline\":\"Tour d&rsquo;Espagne 2022 : Mads Pedersen s&rsquo;adjuge la 13\u00e8me \u00e9tape\",\"datePublished\":\"2022-09-02T15:30:29+00:00\",\"dateModified\":\"2022-09-02T15:43:59+00:00\",\"mainEntityOfPage\":{\"@id\":\"https:\/\/dicodusport.fr\/blog\/tour-despagne-2022-mads-pedersen-sadjuge-la-13eme-etape\/\"},\"wordCount\":484,\"commentCount\":0,\"publisher\":{\"@id\":\"https:\/\/dicodusport.fr\/blog\/#organization\"},\"image\":{\"@id\":\"https:\/\/dicodusport.fr\/blog\/tour-despagne-2022-mads-pedersen-sadjuge-la-13eme-etape\/#primaryimage\"},\"thumbnailUrl\":\"https:\/\/dicodusport.fr\/blog\/wp-content\/uploads\/2022\/09\/Tour-dEspagne-2022-Mads-Pedersen-sadjuge-la-13eme-etape.png\",\"keywords\":[\"Cyclisme\",\"Mads Pedersen\",\"sport\"],\"articleSection\":[\"Tour d'Espagne\"],\"inLanguage\":\"fr-FR\",\"potentialAction\":[{\"@type\":\"CommentAction\",\"name\":\"Comment\",\"target\":[\"https:\/\/dicodusport.fr\/blog\/tour-despagne-2022-mads-pedersen-sadjuge-la-13eme-etape\/#respond\"]}],\"copyrightYear\":\"2022\",\"copyrightHolder\":{\"@id\":\"https:\/\/dicodusport.fr\/blog\/#organization\"}},{\"@type\":\"WebPage\",\"@id\":\"https:\/\/dicodusport.fr\/blog\/tour-despagne-2022-mads-pedersen-sadjuge-la-13eme-etape\/\",\"url\":\"https:\/\/dicodusport.fr\/blog\/tour-despagne-2022-mads-pedersen-sadjuge-la-13eme-etape\/\",\"name\":\"Tour d'Espagne 2022 : Mads Pedersen s'adjuge la 13\u00e8me \u00e9tape\",\"isPartOf\":{\"@id\":\"https:\/\/dicodusport.fr\/blog\/#website\"},\"primaryImageOfPage\":{\"@id\":\"https:\/\/dicodusport.fr\/blog\/tour-despagne-2022-mads-pedersen-sadjuge-la-13eme-etape\/#primaryimage\"},\"image\":{\"@id\":\"https:\/\/dicodusport.fr\/blog\/tour-despagne-2022-mads-pedersen-sadjuge-la-13eme-etape\/#primaryimage\"},\"thumbnailUrl\":\"https:\/\/dicodusport.fr\/blog\/wp-content\/uploads\/2022\/09\/Tour-dEspagne-2022-Mads-Pedersen-sadjuge-la-13eme-etape.png\",\"datePublished\":\"2022-09-02T15:30:29+00:00\",\"dateModified\":\"2022-09-02T15:43:59+00:00\",\"description\":\"TOUR D'ESPAGNE 2022 - Mads Pedersen (Trek Segafredo) a trouv\u00e9 l'ouverture pour gagner la treizi\u00e8me \u00e9tape du Tour d'Espagne\",\"breadcrumb\":{\"@id\":\"https:\/\/dicodusport.fr\/blog\/tour-despagne-2022-mads-pedersen-sadjuge-la-13eme-etape\/#breadcrumb\"},\"inLanguage\":\"fr-FR\",\"potentialAction\":[{\"@type\":\"ReadAction\",\"target\":[\"https:\/\/dicodusport.fr\/blog\/tour-despagne-2022-mads-pedersen-sadjuge-la-13eme-etape\/\"]}]},{\"@type\":\"ImageObject\",\"inLanguage\":\"fr-FR\",\"@id\":\"https:\/\/dicodusport.fr\/blog\/tour-despagne-2022-mads-pedersen-sadjuge-la-13eme-etape\/#primaryimage\",\"url\":\"https:\/\/dicodusport.fr\/blog\/wp-content\/uploads\/2022\/09\/Tour-dEspagne-2022-Mads-Pedersen-sadjuge-la-13eme-etape.png\",\"contentUrl\":\"https:\/\/dicodusport.fr\/blog\/wp-content\/uploads\/2022\/09\/Tour-dEspagne-2022-Mads-Pedersen-sadjuge-la-13eme-etape.png\",\"width\":800,\"height\":445,\"caption\":\"Tour d'Espagne 2022 Mads Pedersen s'adjuge la 13\u00e8me \u00e9tape\"},{\"@type\":\"BreadcrumbList\",\"@id\":\"https:\/\/dicodusport.fr\/blog\/tour-despagne-2022-mads-pedersen-sadjuge-la-13eme-etape\/#breadcrumb\",\"itemListElement\":[{\"@type\":\"ListItem\",\"position\":1,\"name\":\"Accueil\",\"item\":\"https:\/\/dicodusport.fr\/blog\/\"},{\"@type\":\"ListItem\",\"position\":2,\"name\":\"Tour d&rsquo;Espagne 2022 : Mads Pedersen s&rsquo;adjuge la 13\u00e8me \u00e9tape\"}]},{\"@type\":\"WebSite\",\"@id\":\"https:\/\/dicodusport.fr\/blog\/#website\",\"url\":\"https:\/\/dicodusport.fr\/blog\/\",\"name\":\"Dicodusport\",\"description\":\"L&#039;encyclop\u00e9die de l&#039;actualit\u00e9 sportive\",\"publisher\":{\"@id\":\"https:\/\/dicodusport.fr\/blog\/#organization\"},\"potentialAction\":[{\"@type\":\"SearchAction\",\"target\":{\"@type\":\"EntryPoint\",\"urlTemplate\":\"https:\/\/dicodusport.fr\/blog\/?s={search_term_string}\"},\"query-input\":{\"@type\":\"PropertyValueSpecification\",\"valueRequired\":true,\"valueName\":\"search_term_string\"}}],\"inLanguage\":\"fr-FR\"},{\"@type\":\"NewsMediaOrganization\",\"@id\":\"https:\/\/dicodusport.fr\/blog\/#organization\",\"name\":\"Dicodusport\",\"url\":\"https:\/\/dicodusport.fr\/blog\/\",\"logo\":{\"@type\":\"ImageObject\",\"inLanguage\":\"fr-FR\",\"@id\":\"https:\/\/dicodusport.fr\/blog\/#\/schema\/logo\/image\/\",\"url\":\"https:\/\/dicodusport.fr\/blog\/wp-content\/uploads\/2020\/06\/cropped-LOGO-DICODUSPORT-2020-SANS-FOND-SANS-TEXTE.png\",\"contentUrl\":\"https:\/\/dicodusport.fr\/blog\/wp-content\/uploads\/2020\/06\/cropped-LOGO-DICODUSPORT-2020-SANS-FOND-SANS-TEXTE.png\",\"width\":512,\"height\":512,\"caption\":\"Dicodusport\"},\"image\":{\"@id\":\"https:\/\/dicodusport.fr\/blog\/#\/schema\/logo\/image\/\"},\"sameAs\":[\"https:\/\/www.facebook.com\/dicodusport\",\"https:\/\/x.com\/dicodusport\",\"https:\/\/www.instagram.com\/dicodusport\/\",\"https:\/\/www.youtube.com\/channel\/UC7V2KZ5sd3htJivAbA4ZG3w\"],\"description\":\"Dicodusport est l'encyclop\u00e9die de l'actualit\u00e9 sportive.\",\"email\":\"bonjour@dicodusport.fr\",\"legalName\":\"DICODUSPORT\",\"foundingDate\":\"2018-01-14\",\"vatID\":\"FR71834470973\",\"taxID\":\"83447097300043\",\"numberOfEmployees\":{\"@type\":\"QuantitativeValue\",\"minValue\":\"1\",\"maxValue\":\"10\"}},{\"@type\":\"Person\",\"@id\":\"https:\/\/dicodusport.fr\/blog\/#\/schema\/person\/6db4bae06b171592211be385b32876a7\",\"name\":\"Emilien Descampiaux\",\"image\":{\"@type\":\"ImageObject\",\"inLanguage\":\"fr-FR\",\"@id\":\"https:\/\/dicodusport.fr\/blog\/#\/schema\/person\/image\/\",\"url\":\"https:\/\/dicodusport.fr\/blog\/wp-content\/uploads\/2021\/05\/Emilien-Descampiaux-150x150.jpg\",\"contentUrl\":\"https:\/\/dicodusport.fr\/blog\/wp-content\/uploads\/2021\/05\/Emilien-Descampiaux-150x150.jpg\",\"caption\":\"Emilien Descampiaux\"},\"description\":\"Journaliste\/r\u00e9dacteur depuis 2014 - Fan de la classe de Frank Vandenbroucke, je vis cyclisme (et de ses paysages) depuis plus de 20 ans. Je suis tr\u00e8s impliqu\u00e9 sur mes diff\u00e9rents r\u00e9seaux sociaux pour partager ma passion sur le monde et l'Histoire de la bicyclette avec ma voix sur les images en noir et blanc du succ\u00e8s de Rik Van Steenbergen lors du Ronde sur le V\u00e9lodrome de Gand.\",\"sameAs\":[\"https:\/\/www.facebook.com\/groups\/LesRoisDuPeloton\",\"https:\/\/x.com\/https:\/\/twitter.com\/LRoisDuPeloton\"],\"url\":\"https:\/\/dicodusport.fr\/blog\/author\/emiliend\/\"}]}<\/script>\n<!-- \/ Yoast SEO Premium plugin. -->","yoast_head_json":{"title":"Tour d'Espagne 2022 : Mads Pedersen s'adjuge la 13\u00e8me \u00e9tape","description":"TOUR D'ESPAGNE 2022 - Mads Pedersen (Trek Segafredo) a trouv\u00e9 l'ouverture pour gagner la treizi\u00e8me \u00e9tape du Tour d'Espagne","robots":{"index":"index","follow":"follow","max-snippet":"max-snippet:-1","max-image-preview":"max-image-preview:large","max-video-preview":"max-video-preview:-1"},"canonical":"https:\/\/dicodusport.fr\/blog\/tour-despagne-2022-mads-pedersen-sadjuge-la-13eme-etape\/","og_locale":"fr_FR","og_type":"article","og_title":"Tour d'Espagne 2022 : Mads Pedersen s'adjuge la 13\u00e8me \u00e9tape","og_description":"TOUR D'ESPAGNE 2022 - Mads Pedersen (Trek Segafredo) a trouv\u00e9 l'ouverture pour gagner la treizi\u00e8me \u00e9tape du Tour d'Espagne","og_url":"https:\/\/dicodusport.fr\/blog\/tour-despagne-2022-mads-pedersen-sadjuge-la-13eme-etape\/","og_site_name":"Dicodusport","article_publisher":"https:\/\/www.facebook.com\/dicodusport","article_author":"https:\/\/www.facebook.com\/groups\/LesRoisDuPeloton","article_published_time":"2022-09-02T15:30:29+00:00","article_modified_time":"2022-09-02T15:43:59+00:00","og_image":[{"width":800,"height":445,"url":"https:\/\/dicodusport.fr\/blog\/wp-content\/uploads\/2022\/09\/Tour-dEspagne-2022-Mads-Pedersen-sadjuge-la-13eme-etape.png","type":"image\/png"}],"author":"Emilien Descampiaux","twitter_card":"summary_large_image","twitter_title":"Tour d'Espagne 2022 : Mads Pedersen s'adjuge la 13\u00e8me \u00e9tape","twitter_creator":"@https:\/\/twitter.com\/LRoisDuPeloton","twitter_site":"@dicodusport","schema":{"@context":"https:\/\/schema.org","@graph":[{"@type":"NewsArticle","@id":"https:\/\/dicodusport.fr\/blog\/tour-despagne-2022-mads-pedersen-sadjuge-la-13eme-etape\/#article","isPartOf":{"@id":"https:\/\/dicodusport.fr\/blog\/tour-despagne-2022-mads-pedersen-sadjuge-la-13eme-etape\/"},"author":{"name":"Emilien Descampiaux","@id":"https:\/\/dicodusport.fr\/blog\/#\/schema\/person\/6db4bae06b171592211be385b32876a7"},"headline":"Tour d&rsquo;Espagne 2022 : Mads Pedersen s&rsquo;adjuge la 13\u00e8me \u00e9tape","datePublished":"2022-09-02T15:30:29+00:00","dateModified":"2022-09-02T15:43:59+00:00","mainEntityOfPage":{"@id":"https:\/\/dicodusport.fr\/blog\/tour-despagne-2022-mads-pedersen-sadjuge-la-13eme-etape\/"},"wordCount":484,"commentCount":0,"publisher":{"@id":"https:\/\/dicodusport.fr\/blog\/#organization"},"image":{"@id":"https:\/\/dicodusport.fr\/blog\/tour-despagne-2022-mads-pedersen-sadjuge-la-13eme-etape\/#primaryimage"},"thumbnailUrl":"https:\/\/dicodusport.fr\/blog\/wp-content\/uploads\/2022\/09\/Tour-dEspagne-2022-Mads-Pedersen-sadjuge-la-13eme-etape.png","keywords":["Cyclisme","Mads Pedersen","sport"],"articleSection":["Tour d'Espagne"],"inLanguage":"fr-FR","potentialAction":[{"@type":"CommentAction","name":"Comment","target":["https:\/\/dicodusport.fr\/blog\/tour-despagne-2022-mads-pedersen-sadjuge-la-13eme-etape\/#respond"]}],"copyrightYear":"2022","copyrightHolder":{"@id":"https:\/\/dicodusport.fr\/blog\/#organization"}},{"@type":"WebPage","@id":"https:\/\/dicodusport.fr\/blog\/tour-despagne-2022-mads-pedersen-sadjuge-la-13eme-etape\/","url":"https:\/\/dicodusport.fr\/blog\/tour-despagne-2022-mads-pedersen-sadjuge-la-13eme-etape\/","name":"Tour d'Espagne 2022 : Mads Pedersen s'adjuge la 13\u00e8me \u00e9tape","isPartOf":{"@id":"https:\/\/dicodusport.fr\/blog\/#website"},"primaryImageOfPage":{"@id":"https:\/\/dicodusport.fr\/blog\/tour-despagne-2022-mads-pedersen-sadjuge-la-13eme-etape\/#primaryimage"},"image":{"@id":"https:\/\/dicodusport.fr\/blog\/tour-despagne-2022-mads-pedersen-sadjuge-la-13eme-etape\/#primaryimage"},"thumbnailUrl":"https:\/\/dicodusport.fr\/blog\/wp-content\/uploads\/2022\/09\/Tour-dEspagne-2022-Mads-Pedersen-sadjuge-la-13eme-etape.png","datePublished":"2022-09-02T15:30:29+00:00","dateModified":"2022-09-02T15:43:59+00:00","description":"TOUR D'ESPAGNE 2022 - Mads Pedersen (Trek Segafredo) a trouv\u00e9 l'ouverture pour gagner la treizi\u00e8me \u00e9tape du Tour d'Espagne","breadcrumb":{"@id":"https:\/\/dicodusport.fr\/blog\/tour-despagne-2022-mads-pedersen-sadjuge-la-13eme-etape\/#breadcrumb"},"inLanguage":"fr-FR","potentialAction":[{"@type":"ReadAction","target":["https:\/\/dicodusport.fr\/blog\/tour-despagne-2022-mads-pedersen-sadjuge-la-13eme-etape\/"]}]},{"@type":"ImageObject","inLanguage":"fr-FR","@id":"https:\/\/dicodusport.fr\/blog\/tour-despagne-2022-mads-pedersen-sadjuge-la-13eme-etape\/#primaryimage","url":"https:\/\/dicodusport.fr\/blog\/wp-content\/uploads\/2022\/09\/Tour-dEspagne-2022-Mads-Pedersen-sadjuge-la-13eme-etape.png","contentUrl":"https:\/\/dicodusport.fr\/blog\/wp-content\/uploads\/2022\/09\/Tour-dEspagne-2022-Mads-Pedersen-sadjuge-la-13eme-etape.png","width":800,"height":445,"caption":"Tour d'Espagne 2022 Mads Pedersen s'adjuge la 13\u00e8me \u00e9tape"},{"@type":"BreadcrumbList","@id":"https:\/\/dicodusport.fr\/blog\/tour-despagne-2022-mads-pedersen-sadjuge-la-13eme-etape\/#breadcrumb","itemListElement":[{"@type":"ListItem","position":1,"name":"Accueil","item":"https:\/\/dicodusport.fr\/blog\/"},{"@type":"ListItem","position":2,"name":"Tour d&rsquo;Espagne 2022 : Mads Pedersen s&rsquo;adjuge la 13\u00e8me \u00e9tape"}]},{"@type":"WebSite","@id":"https:\/\/dicodusport.fr\/blog\/#website","url":"https:\/\/dicodusport.fr\/blog\/","name":"Dicodusport","description":"L&#039;encyclop\u00e9die de l&#039;actualit\u00e9 sportive","publisher":{"@id":"https:\/\/dicodusport.fr\/blog\/#organization"},"potentialAction":[{"@type":"SearchAction","target":{"@type":"EntryPoint","urlTemplate":"https:\/\/dicodusport.fr\/blog\/?s={search_term_string}"},"query-input":{"@type":"PropertyValueSpecification","valueRequired":true,"valueName":"search_term_string"}}],"inLanguage":"fr-FR"},{"@type":"NewsMediaOrganization","@id":"https:\/\/dicodusport.fr\/blog\/#organization","name":"Dicodusport","url":"https:\/\/dicodusport.fr\/blog\/","logo":{"@type":"ImageObject","inLanguage":"fr-FR","@id":"https:\/\/dicodusport.fr\/blog\/#\/schema\/logo\/image\/","url":"https:\/\/dicodusport.fr\/blog\/wp-content\/uploads\/2020\/06\/cropped-LOGO-DICODUSPORT-2020-SANS-FOND-SANS-TEXTE.png","contentUrl":"https:\/\/dicodusport.fr\/blog\/wp-content\/uploads\/2020\/06\/cropped-LOGO-DICODUSPORT-2020-SANS-FOND-SANS-TEXTE.png","width":512,"height":512,"caption":"Dicodusport"},"image":{"@id":"https:\/\/dicodusport.fr\/blog\/#\/schema\/logo\/image\/"},"sameAs":["https:\/\/www.facebook.com\/dicodusport","https:\/\/x.com\/dicodusport","https:\/\/www.instagram.com\/dicodusport\/","https:\/\/www.youtube.com\/channel\/UC7V2KZ5sd3htJivAbA4ZG3w"],"description":"Dicodusport est l'encyclop\u00e9die de l'actualit\u00e9 sportive.","email":"bonjour@dicodusport.fr","legalName":"DICODUSPORT","foundingDate":"2018-01-14","vatID":"FR71834470973","taxID":"83447097300043","numberOfEmployees":{"@type":"QuantitativeValue","minValue":"1","maxValue":"10"}},{"@type":"Person","@id":"https:\/\/dicodusport.fr\/blog\/#\/schema\/person\/6db4bae06b171592211be385b32876a7","name":"Emilien Descampiaux","image":{"@type":"ImageObject","inLanguage":"fr-FR","@id":"https:\/\/dicodusport.fr\/blog\/#\/schema\/person\/image\/","url":"https:\/\/dicodusport.fr\/blog\/wp-content\/uploads\/2021\/05\/Emilien-Descampiaux-150x150.jpg","contentUrl":"https:\/\/dicodusport.fr\/blog\/wp-content\/uploads\/2021\/05\/Emilien-Descampiaux-150x150.jpg","caption":"Emilien Descampiaux"},"description":"Journaliste\/r\u00e9dacteur depuis 2014 - Fan de la classe de Frank Vandenbroucke, je vis cyclisme (et de ses paysages) depuis plus de 20 ans. Je suis tr\u00e8s impliqu\u00e9 sur mes diff\u00e9rents r\u00e9seaux sociaux pour partager ma passion sur le monde et l'Histoire de la bicyclette avec ma voix sur les images en noir et blanc du succ\u00e8s de Rik Van Steenbergen lors du Ronde sur le V\u00e9lodrome de Gand.","sameAs":["https:\/\/www.facebook.com\/groups\/LesRoisDuPeloton","https:\/\/x.com\/https:\/\/twitter.com\/LRoisDuPeloton"],"url":"https:\/\/dicodusport.fr\/blog\/author\/emiliend\/"}]}},"_links":{"self":[{"href":"https:\/\/dicodusport.fr\/blog\/wp-json\/wp\/v2\/posts\/258297","targetHints":{"allow":["GET"]}}],"collection":[{"href":"https:\/\/dicodusport.fr\/blog\/wp-json\/wp\/v2\/posts"}],"about":[{"href":"https:\/\/dicodusport.fr\/blog\/wp-json\/wp\/v2\/types\/post"}],"author":[{"embeddable":true,"href":"https:\/\/dicodusport.fr\/blog\/wp-json\/wp\/v2\/users\/48"}],"replies":[{"embeddable":true,"href":"https:\/\/dicodusport.fr\/blog\/wp-json\/wp\/v2\/comments?post=258297"}],"version-history":[{"count":0,"href":"https:\/\/dicodusport.fr\/blog\/wp-json\/wp\/v2\/posts\/258297\/revisions"}],"wp:featuredmedia":[{"embeddable":true,"href":"https:\/\/dicodusport.fr\/blog\/wp-json\/wp\/v2\/media\/258370"}],"wp:attachment":[{"href":"https:\/\/dicodusport.fr\/blog\/wp-json\/wp\/v2\/media?parent=258297"}],"wp:term":[{"taxonomy":"category","embeddable":true,"href":"https:\/\/dicodusport.fr\/blog\/wp-json\/wp\/v2\/categories?post=258297"},{"taxonomy":"post_tag","embeddable":true,"href":"https:\/\/dicodusport.fr\/blog\/wp-json\/wp\/v2\/tags?post=258297"}],"curies":[{"name":"wp","href":"https:\/\/api.w.org\/{rel}","templated":true}]}}