{"id":25950,"date":"2018-09-20T10:00:30","date_gmt":"2018-09-20T08:00:30","guid":{"rendered":"http:\/\/dicodusport.fr\/blog\/?p=25950"},"modified":"2018-09-20T13:14:03","modified_gmt":"2018-09-20T11:14:03","slug":"atp-metz-les-francais-en-nombre-en-moselle","status":"publish","type":"post","link":"https:\/\/dicodusport.fr\/blog\/atp-metz-les-francais-en-nombre-en-moselle\/","title":{"rendered":"ATP Metz\u00a0: les Fran\u00e7ais en nombre en Moselle"},"content":{"rendered":"<p style=\"text-align: justify;\"><em><strong>Onze Fran\u00e7ais sont sur les courts de l\u2019ATP de Metz cette semaine. L\u2019occasion pour eux de se ressourcer mais aussi de tester leur niveau de jeu sur un tournoi qui prend de l\u2019ampleur dans l\u2019Est fran\u00e7ais.<\/strong><\/em><\/p>\n<h4 style=\"text-align: justify;\">Tsonga, retour perdant<\/h4>\n<p style=\"text-align: justify;\">\u00c0 33 ans, Jo-Wilfried Tsonga attendait son retour sur les terrains avec impatience. Op\u00e9r\u00e9 en avril dernier au m\u00e9nisque, le Manceau venait se tester sur les courts de Metz pour retrouver les sensations qu\u2019il n\u2019avait pas ressenti depuis f\u00e9vrier 2018. Au 1<sup>er<\/sup> tour du tournoi mosellan, le Fran\u00e7ais affrontait le tenant du titre, l\u2019Allemand Peter Gojowczyk. Une entr\u00e9e en mati\u00e8re d\u00e9licate, o\u00f9 \u00ab\u00a0Jo\u00a0\u00bb a tout de m\u00eame pris le premier set avant de s\u2019incliner sur les deux suivants (6-7, 6-3,6-4). Rassurant pour Tsonga qui va continuer \u00e0 s\u2019entra\u00eener, notamment sur le Challenger d\u2019Orl\u00e9ans la semaine prochaine.<\/p>\n<p style=\"text-align: justify;\">Comme Tsonga, 5 autres Fran\u00e7ais sont d\u00e9j\u00e0 pass\u00e9s \u00e0 la trappe \u00e0 Metz. Le talentueux Corentin Moutet, sorti de mani\u00e8re exp\u00e9ditive par Krajinovic (6-1,6-1), Pierre-Hugues Herbert et Adrian Mannarino \u00e9limin\u00e9s respectivement par Albot (6-3,6-4) et Fucsovics (6-3,6-2). On notera aussi la sortie de Quentin Halys face \u00e0 son compatriote, r\u00e9cent vainqueur en Coupe Davis, Benoit Paire (7-6,6-2).<\/p>\n<div id=\"attachment_25953\" style=\"width: 1570px\" class=\"wp-caption alignnone\"><img loading=\"lazy\" decoding=\"async\" aria-describedby=\"caption-attachment-25953\" class=\"size-full wp-image-25953\" src=\"http:\/\/dicodusport.fr\/blog\/wp-content\/uploads\/2018\/09\/Tsonga-Metz.jpg\" alt=\"\" width=\"1560\" height=\"624\" srcset=\"https:\/\/dicodusport.fr\/blog\/wp-content\/uploads\/2018\/09\/Tsonga-Metz.jpg 1560w, https:\/\/dicodusport.fr\/blog\/wp-content\/uploads\/2018\/09\/Tsonga-Metz-300x120.jpg 300w, https:\/\/dicodusport.fr\/blog\/wp-content\/uploads\/2018\/09\/Tsonga-Metz-768x307.jpg 768w, https:\/\/dicodusport.fr\/blog\/wp-content\/uploads\/2018\/09\/Tsonga-Metz-1024x410.jpg 1024w\" sizes=\"auto, (max-width: 1560px) 100vw, 1560px\" \/><p id=\"caption-attachment-25953\" class=\"wp-caption-text\">Tsonga un peu court au 1er tour de l&rsquo;Open de Metz &#8211; AFP<\/p><\/div>\n<h4 style=\"text-align: justify;\">Un 2<sup>\u00e8me<\/sup> tour int\u00e9ressant<\/h4>\n<p style=\"text-align: justify;\">Star du tournoi et t\u00eate de s\u00e9rie n\u00b01, le Japonais Kei Nishikori a r\u00e9ussi son entr\u00e9e en mati\u00e8re en Moselle au 2<sup>\u00e8me<\/sup> tour face au tenant du titre Gojowczyk (7-6,6-3). Le Nippon affrontera au prochain tour le vainqueur du match entre Ugo Humbert, surprise fran\u00e7aise de cette fin de saison et Basilashvili. Messin d&rsquo;origine, Ugo Humbert a d\u2019ailleurs \u00e9limin\u00e9 le revenant Bernard Tomic au 1<sup>er<\/sup> tour, une belle performance (6-7, 6-4,6-3). Richard Gasquet est de son c\u00f4t\u00e9 d\u00e9j\u00e0 qualifi\u00e9 pour les quarts de finale apr\u00e8s avoir battu le Fran\u00e7ais Constant Lestienne en deux sets (6-4,6-2).<\/p>\n<p style=\"text-align: justify;\">Aujourd\u2019hui, nous retrouverons \u00e0 Metz deux duels franco-allemands, Lucas Pouille, de retour de Coupe Davis, contre Bachinger et Benoit Paire qui devra se d\u00e9faire de Maden.<\/p>\n<p style=\"text-align: justify;\">Gilles Simon, non s\u00e9lectionn\u00e9 en Coupe Davis par Yannick Noah la semaine derni\u00e8re, affrontera Krajinovic, pour un bon test. \u00c0 noter que la t\u00eate de s\u00e9rie n\u00b02 du tournoi de Metz et aussi 15<sup>\u00e8me<\/sup> mondial, Stefanos Tsitsipas, entre en piste contre le Lituanien Berankis aujourd\u2019hui en Moselle.<\/p>\n<div id=\"attachment_25954\" style=\"width: 634px\" class=\"wp-caption aligncenter\"><img loading=\"lazy\" decoding=\"async\" aria-describedby=\"caption-attachment-25954\" class=\"size-full wp-image-25954\" src=\"http:\/\/dicodusport.fr\/blog\/wp-content\/uploads\/2018\/09\/Ugo-Humbert-Metz.jpg\" alt=\"\" width=\"624\" height=\"416\" srcset=\"https:\/\/dicodusport.fr\/blog\/wp-content\/uploads\/2018\/09\/Ugo-Humbert-Metz.jpg 624w, https:\/\/dicodusport.fr\/blog\/wp-content\/uploads\/2018\/09\/Ugo-Humbert-Metz-300x200.jpg 300w\" sizes=\"auto, (max-width: 624px) 100vw, 624px\" \/><p id=\"caption-attachment-25954\" class=\"wp-caption-text\">Le messin Ugo Humbert veut briller \u00e0 domicile &#8211; L&rsquo;\u00c9quipe<\/p><\/div>\n<p><em><strong>Romain Delanis<br \/>\n<\/strong><\/em><em><strong><a href=\"https:\/\/twitter.com\/RDelanis\" target=\"_blank\" rel=\"noopener noreferrer\"><img loading=\"lazy\" decoding=\"async\" class=\"alignnone wp-image-2908\" src=\"http:\/\/dicodusport.fr\/blog\/wp-content\/uploads\/2017\/07\/logo-twitter-150x150.png\" alt=\"\" width=\"39\" height=\"39\" \/><\/a><\/strong><\/em><\/p>\n","protected":false},"excerpt":{"rendered":"<p>11 fran\u00e7ais sont sur les courts de l\u2019ATP de Metz cette semaine. L\u2019occasion pour eux de se ressourcer mais aussi de tester leur niveau de jeu.<\/p>\n","protected":false},"author":14,"featured_media":0,"comment_status":"open","ping_status":"closed","sticky":false,"template":"","format":"standard","meta":{"_acf_changed":false,"_daextam_enable_autolinks":"","footnotes":""},"categories":[2,2302],"tags":[6026,5942,2543,4947,2542,4693,136],"class_list":["post-25950","post","type-post","status-publish","format-standard","hentry","category-actualites","category-tennis","tag-atp-metz","tag-benoit-paire","tag-jo-wilfried-tsonga","tag-kei-nishikori","tag-richard-gasquet","tag-stefanos-tsitsipas","tag-tennis"],"acf":[],"yoast_head":"<!-- This site is optimized with the Yoast SEO Premium plugin v26.7 (Yoast SEO v26.7) - https:\/\/yoast.com\/wordpress\/plugins\/seo\/ -->\n<title>ATP Metz\u00a0: les Fran\u00e7ais en nombre en Moselle<\/title>\n<meta name=\"description\" content=\"11 fran\u00e7ais sont sur les courts de l\u2019ATP de Metz cette semaine. L\u2019occasion pour eux de se ressourcer mais aussi de tester leur niveau de jeu.\" \/>\n<meta name=\"robots\" content=\"index, follow, max-snippet:-1, max-image-preview:large, max-video-preview:-1\" \/>\n<link rel=\"canonical\" href=\"https:\/\/dicodusport.fr\/blog\/atp-metz-les-francais-en-nombre-en-moselle\/\" \/>\n<meta property=\"og:locale\" content=\"fr_FR\" \/>\n<meta property=\"og:type\" content=\"article\" \/>\n<meta property=\"og:title\" content=\"ATP Metz\u00a0: les Fran\u00e7ais en nombre en Moselle\" \/>\n<meta property=\"og:description\" content=\"11 fran\u00e7ais sont sur les courts de l\u2019ATP de Metz cette semaine. L\u2019occasion pour eux de se ressourcer mais aussi de tester leur niveau de jeu.\" \/>\n<meta property=\"og:url\" content=\"https:\/\/dicodusport.fr\/blog\/atp-metz-les-francais-en-nombre-en-moselle\/\" \/>\n<meta property=\"og:site_name\" content=\"Dicodusport\" \/>\n<meta property=\"article:publisher\" content=\"https:\/\/www.facebook.com\/dicodusport\" \/>\n<meta property=\"article:published_time\" content=\"2018-09-20T08:00:30+00:00\" \/>\n<meta property=\"article:modified_time\" content=\"2018-09-20T11:14:03+00:00\" \/>\n<meta property=\"og:image\" content=\"http:\/\/dicodusport.fr\/blog\/wp-content\/uploads\/2018\/09\/Tsonga-Metz.jpg\" \/>\n<meta name=\"author\" content=\"Romain Delanis\" \/>\n<meta name=\"twitter:card\" content=\"summary_large_image\" \/>\n<meta name=\"twitter:creator\" content=\"@https:\/\/twitter.com\/RDelanis\" \/>\n<meta name=\"twitter:site\" content=\"@dicodusport\" \/>\n<script type=\"application\/ld+json\" class=\"yoast-schema-graph\">{\"@context\":\"https:\/\/schema.org\",\"@graph\":[{\"@type\":\"NewsArticle\",\"@id\":\"https:\/\/dicodusport.fr\/blog\/atp-metz-les-francais-en-nombre-en-moselle\/#article\",\"isPartOf\":{\"@id\":\"https:\/\/dicodusport.fr\/blog\/atp-metz-les-francais-en-nombre-en-moselle\/\"},\"author\":{\"name\":\"Romain Delanis\",\"@id\":\"https:\/\/dicodusport.fr\/blog\/#\/schema\/person\/8c78730a59f8a1e617f7a19026ebc14a\"},\"headline\":\"ATP Metz\u00a0: les Fran\u00e7ais en nombre en Moselle\",\"datePublished\":\"2018-09-20T08:00:30+00:00\",\"dateModified\":\"2018-09-20T11:14:03+00:00\",\"mainEntityOfPage\":{\"@id\":\"https:\/\/dicodusport.fr\/blog\/atp-metz-les-francais-en-nombre-en-moselle\/\"},\"wordCount\":460,\"commentCount\":0,\"publisher\":{\"@id\":\"https:\/\/dicodusport.fr\/blog\/#organization\"},\"image\":{\"@id\":\"https:\/\/dicodusport.fr\/blog\/atp-metz-les-francais-en-nombre-en-moselle\/#primaryimage\"},\"thumbnailUrl\":\"http:\/\/dicodusport.fr\/blog\/wp-content\/uploads\/2018\/09\/Tsonga-Metz.jpg\",\"keywords\":[\"ATP Metz\",\"Beno\u00eet Paire\",\"Jo-Wilfried Tsonga\",\"Kei Nishikori\",\"Richard Gasquet\",\"Stefanos Tsitsipas\",\"Tennis\"],\"articleSection\":[\"Actualit\u00e9s\",\"Tennis\"],\"inLanguage\":\"fr-FR\",\"potentialAction\":[{\"@type\":\"CommentAction\",\"name\":\"Comment\",\"target\":[\"https:\/\/dicodusport.fr\/blog\/atp-metz-les-francais-en-nombre-en-moselle\/#respond\"]}],\"copyrightYear\":\"2018\",\"copyrightHolder\":{\"@id\":\"https:\/\/dicodusport.fr\/blog\/#organization\"}},{\"@type\":\"WebPage\",\"@id\":\"https:\/\/dicodusport.fr\/blog\/atp-metz-les-francais-en-nombre-en-moselle\/\",\"url\":\"https:\/\/dicodusport.fr\/blog\/atp-metz-les-francais-en-nombre-en-moselle\/\",\"name\":\"ATP Metz\u00a0: les Fran\u00e7ais en nombre en Moselle\",\"isPartOf\":{\"@id\":\"https:\/\/dicodusport.fr\/blog\/#website\"},\"primaryImageOfPage\":{\"@id\":\"https:\/\/dicodusport.fr\/blog\/atp-metz-les-francais-en-nombre-en-moselle\/#primaryimage\"},\"image\":{\"@id\":\"https:\/\/dicodusport.fr\/blog\/atp-metz-les-francais-en-nombre-en-moselle\/#primaryimage\"},\"thumbnailUrl\":\"http:\/\/dicodusport.fr\/blog\/wp-content\/uploads\/2018\/09\/Tsonga-Metz.jpg\",\"datePublished\":\"2018-09-20T08:00:30+00:00\",\"dateModified\":\"2018-09-20T11:14:03+00:00\",\"description\":\"11 fran\u00e7ais sont sur les courts de l\u2019ATP de Metz cette semaine. L\u2019occasion pour eux de se ressourcer mais aussi de tester leur niveau de jeu.\",\"breadcrumb\":{\"@id\":\"https:\/\/dicodusport.fr\/blog\/atp-metz-les-francais-en-nombre-en-moselle\/#breadcrumb\"},\"inLanguage\":\"fr-FR\",\"potentialAction\":[{\"@type\":\"ReadAction\",\"target\":[\"https:\/\/dicodusport.fr\/blog\/atp-metz-les-francais-en-nombre-en-moselle\/\"]}]},{\"@type\":\"ImageObject\",\"inLanguage\":\"fr-FR\",\"@id\":\"https:\/\/dicodusport.fr\/blog\/atp-metz-les-francais-en-nombre-en-moselle\/#primaryimage\",\"url\":\"http:\/\/dicodusport.fr\/blog\/wp-content\/uploads\/2018\/09\/Tsonga-Metz.jpg\",\"contentUrl\":\"http:\/\/dicodusport.fr\/blog\/wp-content\/uploads\/2018\/09\/Tsonga-Metz.jpg\"},{\"@type\":\"BreadcrumbList\",\"@id\":\"https:\/\/dicodusport.fr\/blog\/atp-metz-les-francais-en-nombre-en-moselle\/#breadcrumb\",\"itemListElement\":[{\"@type\":\"ListItem\",\"position\":1,\"name\":\"Accueil\",\"item\":\"https:\/\/dicodusport.fr\/blog\/\"},{\"@type\":\"ListItem\",\"position\":2,\"name\":\"ATP Metz\u00a0: les Fran\u00e7ais en nombre en Moselle\"}]},{\"@type\":\"WebSite\",\"@id\":\"https:\/\/dicodusport.fr\/blog\/#website\",\"url\":\"https:\/\/dicodusport.fr\/blog\/\",\"name\":\"Dicodusport\",\"description\":\"L&#039;encyclop\u00e9die de l&#039;actualit\u00e9 sportive\",\"publisher\":{\"@id\":\"https:\/\/dicodusport.fr\/blog\/#organization\"},\"potentialAction\":[{\"@type\":\"SearchAction\",\"target\":{\"@type\":\"EntryPoint\",\"urlTemplate\":\"https:\/\/dicodusport.fr\/blog\/?s={search_term_string}\"},\"query-input\":{\"@type\":\"PropertyValueSpecification\",\"valueRequired\":true,\"valueName\":\"search_term_string\"}}],\"inLanguage\":\"fr-FR\"},{\"@type\":\"NewsMediaOrganization\",\"@id\":\"https:\/\/dicodusport.fr\/blog\/#organization\",\"name\":\"Dicodusport\",\"url\":\"https:\/\/dicodusport.fr\/blog\/\",\"logo\":{\"@type\":\"ImageObject\",\"inLanguage\":\"fr-FR\",\"@id\":\"https:\/\/dicodusport.fr\/blog\/#\/schema\/logo\/image\/\",\"url\":\"https:\/\/dicodusport.fr\/blog\/wp-content\/uploads\/2020\/06\/cropped-LOGO-DICODUSPORT-2020-SANS-FOND-SANS-TEXTE.png\",\"contentUrl\":\"https:\/\/dicodusport.fr\/blog\/wp-content\/uploads\/2020\/06\/cropped-LOGO-DICODUSPORT-2020-SANS-FOND-SANS-TEXTE.png\",\"width\":512,\"height\":512,\"caption\":\"Dicodusport\"},\"image\":{\"@id\":\"https:\/\/dicodusport.fr\/blog\/#\/schema\/logo\/image\/\"},\"sameAs\":[\"https:\/\/www.facebook.com\/dicodusport\",\"https:\/\/x.com\/dicodusport\",\"https:\/\/www.instagram.com\/dicodusport\/\",\"https:\/\/www.youtube.com\/channel\/UC7V2KZ5sd3htJivAbA4ZG3w\"],\"description\":\"Dicodusport est l'encyclop\u00e9die de l'actualit\u00e9 sportive.\",\"email\":\"bonjour@dicodusport.fr\",\"legalName\":\"DICODUSPORT\",\"foundingDate\":\"2018-01-14\",\"vatID\":\"FR71834470973\",\"taxID\":\"83447097300043\",\"numberOfEmployees\":{\"@type\":\"QuantitativeValue\",\"minValue\":\"1\",\"maxValue\":\"10\"}},{\"@type\":\"Person\",\"@id\":\"https:\/\/dicodusport.fr\/blog\/#\/schema\/person\/8c78730a59f8a1e617f7a19026ebc14a\",\"name\":\"Romain Delanis\",\"image\":{\"@type\":\"ImageObject\",\"inLanguage\":\"fr-FR\",\"@id\":\"https:\/\/dicodusport.fr\/blog\/#\/schema\/person\/image\/\",\"url\":\"https:\/\/dicodusport.fr\/blog\/wp-content\/uploads\/2021\/05\/Romain-Delanis-150x150.jpg\",\"contentUrl\":\"https:\/\/dicodusport.fr\/blog\/wp-content\/uploads\/2021\/05\/Romain-Delanis-150x150.jpg\",\"caption\":\"Romain Delanis\"},\"description\":\"Journaliste\/R\u00e9dacteur depuis novembre 2015 - Capable de passer un samedi apr\u00e8s-midi devant la Ligue 2 puis le biathlon sans oublier la finale de l\u2019ATP Rotterdam, j\u2019aime aussi mettre mon r\u00e9veil pour me faire un Pistons\/Bulls qui rappelle de bons souvenirs. Tout cela, j\u2019ai choisi il y a maintenant quelques temps de vous le raconter avec Dicodusport, pour vous faire vivre ma passion parfois inconsid\u00e9r\u00e9e pour le sport en g\u00e9n\u00e9ral (mais surtout le foot faut se l\u2019avouer).\",\"sameAs\":[\"https:\/\/x.com\/https:\/\/twitter.com\/RDelanis\"],\"url\":\"https:\/\/dicodusport.fr\/blog\/author\/romain\/\"}]}<\/script>\n<!-- \/ Yoast SEO Premium plugin. -->","yoast_head_json":{"title":"ATP Metz\u00a0: les Fran\u00e7ais en nombre en Moselle","description":"11 fran\u00e7ais sont sur les courts de l\u2019ATP de Metz cette semaine. L\u2019occasion pour eux de se ressourcer mais aussi de tester leur niveau de jeu.","robots":{"index":"index","follow":"follow","max-snippet":"max-snippet:-1","max-image-preview":"max-image-preview:large","max-video-preview":"max-video-preview:-1"},"canonical":"https:\/\/dicodusport.fr\/blog\/atp-metz-les-francais-en-nombre-en-moselle\/","og_locale":"fr_FR","og_type":"article","og_title":"ATP Metz\u00a0: les Fran\u00e7ais en nombre en Moselle","og_description":"11 fran\u00e7ais sont sur les courts de l\u2019ATP de Metz cette semaine. L\u2019occasion pour eux de se ressourcer mais aussi de tester leur niveau de jeu.","og_url":"https:\/\/dicodusport.fr\/blog\/atp-metz-les-francais-en-nombre-en-moselle\/","og_site_name":"Dicodusport","article_publisher":"https:\/\/www.facebook.com\/dicodusport","article_published_time":"2018-09-20T08:00:30+00:00","article_modified_time":"2018-09-20T11:14:03+00:00","og_image":[{"url":"http:\/\/dicodusport.fr\/blog\/wp-content\/uploads\/2018\/09\/Tsonga-Metz.jpg","type":"","width":"","height":""}],"author":"Romain Delanis","twitter_card":"summary_large_image","twitter_creator":"@https:\/\/twitter.com\/RDelanis","twitter_site":"@dicodusport","schema":{"@context":"https:\/\/schema.org","@graph":[{"@type":"NewsArticle","@id":"https:\/\/dicodusport.fr\/blog\/atp-metz-les-francais-en-nombre-en-moselle\/#article","isPartOf":{"@id":"https:\/\/dicodusport.fr\/blog\/atp-metz-les-francais-en-nombre-en-moselle\/"},"author":{"name":"Romain Delanis","@id":"https:\/\/dicodusport.fr\/blog\/#\/schema\/person\/8c78730a59f8a1e617f7a19026ebc14a"},"headline":"ATP Metz\u00a0: les Fran\u00e7ais en nombre en Moselle","datePublished":"2018-09-20T08:00:30+00:00","dateModified":"2018-09-20T11:14:03+00:00","mainEntityOfPage":{"@id":"https:\/\/dicodusport.fr\/blog\/atp-metz-les-francais-en-nombre-en-moselle\/"},"wordCount":460,"commentCount":0,"publisher":{"@id":"https:\/\/dicodusport.fr\/blog\/#organization"},"image":{"@id":"https:\/\/dicodusport.fr\/blog\/atp-metz-les-francais-en-nombre-en-moselle\/#primaryimage"},"thumbnailUrl":"http:\/\/dicodusport.fr\/blog\/wp-content\/uploads\/2018\/09\/Tsonga-Metz.jpg","keywords":["ATP Metz","Beno\u00eet Paire","Jo-Wilfried Tsonga","Kei Nishikori","Richard Gasquet","Stefanos Tsitsipas","Tennis"],"articleSection":["Actualit\u00e9s","Tennis"],"inLanguage":"fr-FR","potentialAction":[{"@type":"CommentAction","name":"Comment","target":["https:\/\/dicodusport.fr\/blog\/atp-metz-les-francais-en-nombre-en-moselle\/#respond"]}],"copyrightYear":"2018","copyrightHolder":{"@id":"https:\/\/dicodusport.fr\/blog\/#organization"}},{"@type":"WebPage","@id":"https:\/\/dicodusport.fr\/blog\/atp-metz-les-francais-en-nombre-en-moselle\/","url":"https:\/\/dicodusport.fr\/blog\/atp-metz-les-francais-en-nombre-en-moselle\/","name":"ATP Metz\u00a0: les Fran\u00e7ais en nombre en Moselle","isPartOf":{"@id":"https:\/\/dicodusport.fr\/blog\/#website"},"primaryImageOfPage":{"@id":"https:\/\/dicodusport.fr\/blog\/atp-metz-les-francais-en-nombre-en-moselle\/#primaryimage"},"image":{"@id":"https:\/\/dicodusport.fr\/blog\/atp-metz-les-francais-en-nombre-en-moselle\/#primaryimage"},"thumbnailUrl":"http:\/\/dicodusport.fr\/blog\/wp-content\/uploads\/2018\/09\/Tsonga-Metz.jpg","datePublished":"2018-09-20T08:00:30+00:00","dateModified":"2018-09-20T11:14:03+00:00","description":"11 fran\u00e7ais sont sur les courts de l\u2019ATP de Metz cette semaine. L\u2019occasion pour eux de se ressourcer mais aussi de tester leur niveau de jeu.","breadcrumb":{"@id":"https:\/\/dicodusport.fr\/blog\/atp-metz-les-francais-en-nombre-en-moselle\/#breadcrumb"},"inLanguage":"fr-FR","potentialAction":[{"@type":"ReadAction","target":["https:\/\/dicodusport.fr\/blog\/atp-metz-les-francais-en-nombre-en-moselle\/"]}]},{"@type":"ImageObject","inLanguage":"fr-FR","@id":"https:\/\/dicodusport.fr\/blog\/atp-metz-les-francais-en-nombre-en-moselle\/#primaryimage","url":"http:\/\/dicodusport.fr\/blog\/wp-content\/uploads\/2018\/09\/Tsonga-Metz.jpg","contentUrl":"http:\/\/dicodusport.fr\/blog\/wp-content\/uploads\/2018\/09\/Tsonga-Metz.jpg"},{"@type":"BreadcrumbList","@id":"https:\/\/dicodusport.fr\/blog\/atp-metz-les-francais-en-nombre-en-moselle\/#breadcrumb","itemListElement":[{"@type":"ListItem","position":1,"name":"Accueil","item":"https:\/\/dicodusport.fr\/blog\/"},{"@type":"ListItem","position":2,"name":"ATP Metz\u00a0: les Fran\u00e7ais en nombre en Moselle"}]},{"@type":"WebSite","@id":"https:\/\/dicodusport.fr\/blog\/#website","url":"https:\/\/dicodusport.fr\/blog\/","name":"Dicodusport","description":"L&#039;encyclop\u00e9die de l&#039;actualit\u00e9 sportive","publisher":{"@id":"https:\/\/dicodusport.fr\/blog\/#organization"},"potentialAction":[{"@type":"SearchAction","target":{"@type":"EntryPoint","urlTemplate":"https:\/\/dicodusport.fr\/blog\/?s={search_term_string}"},"query-input":{"@type":"PropertyValueSpecification","valueRequired":true,"valueName":"search_term_string"}}],"inLanguage":"fr-FR"},{"@type":"NewsMediaOrganization","@id":"https:\/\/dicodusport.fr\/blog\/#organization","name":"Dicodusport","url":"https:\/\/dicodusport.fr\/blog\/","logo":{"@type":"ImageObject","inLanguage":"fr-FR","@id":"https:\/\/dicodusport.fr\/blog\/#\/schema\/logo\/image\/","url":"https:\/\/dicodusport.fr\/blog\/wp-content\/uploads\/2020\/06\/cropped-LOGO-DICODUSPORT-2020-SANS-FOND-SANS-TEXTE.png","contentUrl":"https:\/\/dicodusport.fr\/blog\/wp-content\/uploads\/2020\/06\/cropped-LOGO-DICODUSPORT-2020-SANS-FOND-SANS-TEXTE.png","width":512,"height":512,"caption":"Dicodusport"},"image":{"@id":"https:\/\/dicodusport.fr\/blog\/#\/schema\/logo\/image\/"},"sameAs":["https:\/\/www.facebook.com\/dicodusport","https:\/\/x.com\/dicodusport","https:\/\/www.instagram.com\/dicodusport\/","https:\/\/www.youtube.com\/channel\/UC7V2KZ5sd3htJivAbA4ZG3w"],"description":"Dicodusport est l'encyclop\u00e9die de l'actualit\u00e9 sportive.","email":"bonjour@dicodusport.fr","legalName":"DICODUSPORT","foundingDate":"2018-01-14","vatID":"FR71834470973","taxID":"83447097300043","numberOfEmployees":{"@type":"QuantitativeValue","minValue":"1","maxValue":"10"}},{"@type":"Person","@id":"https:\/\/dicodusport.fr\/blog\/#\/schema\/person\/8c78730a59f8a1e617f7a19026ebc14a","name":"Romain Delanis","image":{"@type":"ImageObject","inLanguage":"fr-FR","@id":"https:\/\/dicodusport.fr\/blog\/#\/schema\/person\/image\/","url":"https:\/\/dicodusport.fr\/blog\/wp-content\/uploads\/2021\/05\/Romain-Delanis-150x150.jpg","contentUrl":"https:\/\/dicodusport.fr\/blog\/wp-content\/uploads\/2021\/05\/Romain-Delanis-150x150.jpg","caption":"Romain Delanis"},"description":"Journaliste\/R\u00e9dacteur depuis novembre 2015 - Capable de passer un samedi apr\u00e8s-midi devant la Ligue 2 puis le biathlon sans oublier la finale de l\u2019ATP Rotterdam, j\u2019aime aussi mettre mon r\u00e9veil pour me faire un Pistons\/Bulls qui rappelle de bons souvenirs. Tout cela, j\u2019ai choisi il y a maintenant quelques temps de vous le raconter avec Dicodusport, pour vous faire vivre ma passion parfois inconsid\u00e9r\u00e9e pour le sport en g\u00e9n\u00e9ral (mais surtout le foot faut se l\u2019avouer).","sameAs":["https:\/\/x.com\/https:\/\/twitter.com\/RDelanis"],"url":"https:\/\/dicodusport.fr\/blog\/author\/romain\/"}]}},"_links":{"self":[{"href":"https:\/\/dicodusport.fr\/blog\/wp-json\/wp\/v2\/posts\/25950","targetHints":{"allow":["GET"]}}],"collection":[{"href":"https:\/\/dicodusport.fr\/blog\/wp-json\/wp\/v2\/posts"}],"about":[{"href":"https:\/\/dicodusport.fr\/blog\/wp-json\/wp\/v2\/types\/post"}],"author":[{"embeddable":true,"href":"https:\/\/dicodusport.fr\/blog\/wp-json\/wp\/v2\/users\/14"}],"replies":[{"embeddable":true,"href":"https:\/\/dicodusport.fr\/blog\/wp-json\/wp\/v2\/comments?post=25950"}],"version-history":[{"count":0,"href":"https:\/\/dicodusport.fr\/blog\/wp-json\/wp\/v2\/posts\/25950\/revisions"}],"wp:attachment":[{"href":"https:\/\/dicodusport.fr\/blog\/wp-json\/wp\/v2\/media?parent=25950"}],"wp:term":[{"taxonomy":"category","embeddable":true,"href":"https:\/\/dicodusport.fr\/blog\/wp-json\/wp\/v2\/categories?post=25950"},{"taxonomy":"post_tag","embeddable":true,"href":"https:\/\/dicodusport.fr\/blog\/wp-json\/wp\/v2\/tags?post=25950"}],"curies":[{"name":"wp","href":"https:\/\/api.w.org\/{rel}","templated":true}]}}