{"id":259697,"date":"2022-09-07T15:18:34","date_gmt":"2022-09-07T13:18:34","guid":{"rendered":"https:\/\/dicodusport.fr\/blog\/?p=259697&#038;preview=true&#038;preview_id=259697"},"modified":"2022-09-09T12:45:30","modified_gmt":"2022-09-09T10:45:30","slug":"xv-de-france-feminin-la-composition-pour-le-deuxieme-test-face-a-litalie","status":"publish","type":"post","link":"https:\/\/dicodusport.fr\/blog\/xv-de-france-feminin-la-composition-pour-le-deuxieme-test-face-a-litalie\/","title":{"rendered":"XV de France F\u00e9minin : La composition pour le deuxi\u00e8me test face \u00e0 l&rsquo;Italie"},"content":{"rendered":"<p style=\"text-align: justify;\"><b><i>RUGBY \u00c0 XV &#8211; Le staff de l&rsquo;\u00e9quipe de France a d\u00e9voil\u00e9 la composition de l&rsquo;\u00e9quipe de France pour le deuxi\u00e8me match face \u00e0 l&rsquo;Italie, qui aura lieu ce vendredi (18h).<\/i><\/b><\/p>\n<p style=\"text-align: justify;\">Quelques changements ont \u00e9t\u00e9 effectu\u00e9s par rapport au premier match face aux Italiennes le week-end pass\u00e9. <strong>Lina Queyroi<\/strong> sera titulaire \u00e0 la charni\u00e8re alors que <strong>Caroline Drouin<\/strong> passe au centre. <strong>Manae Feleu<\/strong>, habituellement utilis\u00e9e en deuxi\u00e8me ligne, est titularis\u00e9e en troisi\u00e8me ligne.<\/p>\n<blockquote class=\"twitter-tweet\">\n<p dir=\"ltr\" lang=\"fr\">!<\/p>\n<p>Pour leur dernier match de pr\u00e9paration \u00e0 la Coupe du Monde <a href=\"https:\/\/twitter.com\/hashtag\/RWC2021?src=hash&amp;ref_src=twsrc%5Etfw\">#RWC2021<\/a>, notre \u00e9quipe affrontera l\u2019Italie <a href=\"https:\/\/twitter.com\/hashtag\/ITAFRA?src=hash&amp;ref_src=twsrc%5Etfw\">#ITAFRA<\/a><\/p>\n<p>18h00<br \/>\nFrance 4<a href=\"https:\/\/twitter.com\/hashtag\/XVdeFrance?src=hash&amp;ref_src=twsrc%5Etfw\">#XVdeFrance<\/a> <a href=\"https:\/\/twitter.com\/hashtag\/NeFaisonsXV?src=hash&amp;ref_src=twsrc%5Etfw\">#NeFaisonsXV<\/a> <a href=\"https:\/\/t.co\/SlocMSRcZZ\">pic.twitter.com\/SlocMSRcZZ<\/a><\/p>\n<p>\u2014 France Rugby (@FranceRugby) <a href=\"https:\/\/twitter.com\/FranceRugby\/status\/1567475266632523776?ref_src=twsrc%5Etfw\">September 7, 2022<\/a><\/p><\/blockquote>\n<p style=\"text-align: justify;\"><script async src=\"https:\/\/platform.twitter.com\/widgets.js\" charset=\"utf-8\"><\/script><\/p>\n","protected":false},"excerpt":{"rendered":"<p>RUGBY \u00c0 XV &#8211; Le staff de l&rsquo;\u00e9quipe de France a d\u00e9voil\u00e9 la composition de l&rsquo;\u00e9quipe de France pour le deuxi\u00e8me match face \u00e0 l&rsquo;Italie, qui aura lieu ce samedi (18h).<\/p>\n","protected":false},"author":1,"featured_media":259717,"comment_status":"open","ping_status":"closed","sticky":false,"template":"","format":"standard","meta":{"_acf_changed":false,"_daextam_enable_autolinks":"","footnotes":""},"categories":[9129,19951],"tags":[30,3939,374,13,3643],"class_list":["post-259697","post","type-post","status-publish","format-standard","has-post-thumbnail","hentry","category-rugby-a-xv","category-xv-de-france","tag-france","tag-france-italie","tag-italie","tag-rugby","tag-xv-de-france-feminin"],"acf":[],"yoast_head":"<!-- This site is optimized with the Yoast SEO Premium plugin v26.7 (Yoast SEO v26.7) - https:\/\/yoast.com\/wordpress\/plugins\/seo\/ -->\n<title>XV de France F\u00e9minin : La composition pour le deuxi\u00e8me test face \u00e0 l&#039;Italie<\/title>\n<meta name=\"description\" content=\"RUGBY \u00c0 XV - Le staff de l&#039;\u00e9quipe de France a d\u00e9voil\u00e9 la composition de l&#039;\u00e9quipe de France pour le deuxi\u00e8me match face \u00e0 l&#039;Italie.\" \/>\n<meta name=\"robots\" content=\"index, follow, max-snippet:-1, max-image-preview:large, max-video-preview:-1\" \/>\n<link rel=\"canonical\" href=\"https:\/\/dicodusport.fr\/blog\/xv-de-france-feminin-la-composition-pour-le-deuxieme-test-face-a-litalie\/\" \/>\n<meta property=\"og:locale\" content=\"fr_FR\" \/>\n<meta property=\"og:type\" content=\"article\" \/>\n<meta property=\"og:title\" content=\"XV de France F\u00e9minin : La composition pour le deuxi\u00e8me test face \u00e0 l&#039;Italie\" \/>\n<meta property=\"og:description\" content=\"RUGBY \u00c0 XV - Le staff de l&#039;\u00e9quipe de France a d\u00e9voil\u00e9 la composition de l&#039;\u00e9quipe de France pour le deuxi\u00e8me match face \u00e0 l&#039;Italie.\" \/>\n<meta property=\"og:url\" content=\"https:\/\/dicodusport.fr\/blog\/xv-de-france-feminin-la-composition-pour-le-deuxieme-test-face-a-litalie\/\" \/>\n<meta property=\"og:site_name\" content=\"Dicodusport\" \/>\n<meta property=\"article:publisher\" content=\"https:\/\/www.facebook.com\/dicodusport\" \/>\n<meta property=\"article:author\" content=\"https:\/\/www.facebook.com\/dicodusport\" \/>\n<meta property=\"article:published_time\" content=\"2022-09-07T13:18:34+00:00\" \/>\n<meta property=\"article:modified_time\" content=\"2022-09-09T10:45:30+00:00\" \/>\n<meta property=\"og:image\" content=\"https:\/\/dicodusport.fr\/blog\/wp-content\/uploads\/2022\/09\/XV-de-France-Fe\u0301minin-La-composition-pour-le-deuxie\u0300me-test-face-a\u0300-lItalie.png\" \/>\n\t<meta property=\"og:image:width\" content=\"800\" \/>\n\t<meta property=\"og:image:height\" content=\"445\" \/>\n\t<meta property=\"og:image:type\" content=\"image\/png\" \/>\n<meta name=\"author\" content=\"Nicolas Jacquemard\" \/>\n<meta name=\"twitter:card\" content=\"summary_large_image\" \/>\n<meta name=\"twitter:title\" content=\"XV de France F\u00e9minin : La composition pour le deuxi\u00e8me test face \u00e0 l&#039;Italie\" \/>\n<meta name=\"twitter:creator\" content=\"@https:\/\/twitter.com\/Nico_Jacquemard\" \/>\n<meta name=\"twitter:site\" content=\"@dicodusport\" \/>\n<script type=\"application\/ld+json\" class=\"yoast-schema-graph\">{\"@context\":\"https:\/\/schema.org\",\"@graph\":[{\"@type\":\"NewsArticle\",\"@id\":\"https:\/\/dicodusport.fr\/blog\/xv-de-france-feminin-la-composition-pour-le-deuxieme-test-face-a-litalie\/#article\",\"isPartOf\":{\"@id\":\"https:\/\/dicodusport.fr\/blog\/xv-de-france-feminin-la-composition-pour-le-deuxieme-test-face-a-litalie\/\"},\"author\":{\"name\":\"Nicolas Jacquemard\",\"@id\":\"https:\/\/dicodusport.fr\/blog\/#\/schema\/person\/55dcb50ad410894e431ed812bbb70191\"},\"headline\":\"XV de France F\u00e9minin : La composition pour le deuxi\u00e8me test face \u00e0 l&rsquo;Italie\",\"datePublished\":\"2022-09-07T13:18:34+00:00\",\"dateModified\":\"2022-09-09T10:45:30+00:00\",\"mainEntityOfPage\":{\"@id\":\"https:\/\/dicodusport.fr\/blog\/xv-de-france-feminin-la-composition-pour-le-deuxieme-test-face-a-litalie\/\"},\"wordCount\":126,\"commentCount\":0,\"publisher\":{\"@id\":\"https:\/\/dicodusport.fr\/blog\/#organization\"},\"image\":{\"@id\":\"https:\/\/dicodusport.fr\/blog\/xv-de-france-feminin-la-composition-pour-le-deuxieme-test-face-a-litalie\/#primaryimage\"},\"thumbnailUrl\":\"https:\/\/dicodusport.fr\/blog\/wp-content\/uploads\/2022\/09\/XV-de-France-Fe\u0301minin-La-composition-pour-le-deuxie\u0300me-test-face-a\u0300-lItalie.png\",\"keywords\":[\"France\",\"France Italie\",\"Italie\",\"Rugby\",\"XV de France f\u00e9minin\"],\"articleSection\":[\"Rugby \u00e0 XV\",\"XV de France\"],\"inLanguage\":\"fr-FR\",\"potentialAction\":[{\"@type\":\"CommentAction\",\"name\":\"Comment\",\"target\":[\"https:\/\/dicodusport.fr\/blog\/xv-de-france-feminin-la-composition-pour-le-deuxieme-test-face-a-litalie\/#respond\"]}],\"copyrightYear\":\"2022\",\"copyrightHolder\":{\"@id\":\"https:\/\/dicodusport.fr\/blog\/#organization\"}},{\"@type\":\"WebPage\",\"@id\":\"https:\/\/dicodusport.fr\/blog\/xv-de-france-feminin-la-composition-pour-le-deuxieme-test-face-a-litalie\/\",\"url\":\"https:\/\/dicodusport.fr\/blog\/xv-de-france-feminin-la-composition-pour-le-deuxieme-test-face-a-litalie\/\",\"name\":\"XV de France F\u00e9minin : La composition pour le deuxi\u00e8me test face \u00e0 l'Italie\",\"isPartOf\":{\"@id\":\"https:\/\/dicodusport.fr\/blog\/#website\"},\"primaryImageOfPage\":{\"@id\":\"https:\/\/dicodusport.fr\/blog\/xv-de-france-feminin-la-composition-pour-le-deuxieme-test-face-a-litalie\/#primaryimage\"},\"image\":{\"@id\":\"https:\/\/dicodusport.fr\/blog\/xv-de-france-feminin-la-composition-pour-le-deuxieme-test-face-a-litalie\/#primaryimage\"},\"thumbnailUrl\":\"https:\/\/dicodusport.fr\/blog\/wp-content\/uploads\/2022\/09\/XV-de-France-Fe\u0301minin-La-composition-pour-le-deuxie\u0300me-test-face-a\u0300-lItalie.png\",\"datePublished\":\"2022-09-07T13:18:34+00:00\",\"dateModified\":\"2022-09-09T10:45:30+00:00\",\"description\":\"RUGBY \u00c0 XV - Le staff de l'\u00e9quipe de France a d\u00e9voil\u00e9 la composition de l'\u00e9quipe de France pour le deuxi\u00e8me match face \u00e0 l'Italie.\",\"breadcrumb\":{\"@id\":\"https:\/\/dicodusport.fr\/blog\/xv-de-france-feminin-la-composition-pour-le-deuxieme-test-face-a-litalie\/#breadcrumb\"},\"inLanguage\":\"fr-FR\",\"potentialAction\":[{\"@type\":\"ReadAction\",\"target\":[\"https:\/\/dicodusport.fr\/blog\/xv-de-france-feminin-la-composition-pour-le-deuxieme-test-face-a-litalie\/\"]}]},{\"@type\":\"ImageObject\",\"inLanguage\":\"fr-FR\",\"@id\":\"https:\/\/dicodusport.fr\/blog\/xv-de-france-feminin-la-composition-pour-le-deuxieme-test-face-a-litalie\/#primaryimage\",\"url\":\"https:\/\/dicodusport.fr\/blog\/wp-content\/uploads\/2022\/09\/XV-de-France-Fe\u0301minin-La-composition-pour-le-deuxie\u0300me-test-face-a\u0300-lItalie.png\",\"contentUrl\":\"https:\/\/dicodusport.fr\/blog\/wp-content\/uploads\/2022\/09\/XV-de-France-Fe\u0301minin-La-composition-pour-le-deuxie\u0300me-test-face-a\u0300-lItalie.png\",\"width\":800,\"height\":445},{\"@type\":\"BreadcrumbList\",\"@id\":\"https:\/\/dicodusport.fr\/blog\/xv-de-france-feminin-la-composition-pour-le-deuxieme-test-face-a-litalie\/#breadcrumb\",\"itemListElement\":[{\"@type\":\"ListItem\",\"position\":1,\"name\":\"Accueil\",\"item\":\"https:\/\/dicodusport.fr\/blog\/\"},{\"@type\":\"ListItem\",\"position\":2,\"name\":\"XV de France F\u00e9minin : La composition pour le deuxi\u00e8me test face \u00e0 l&rsquo;Italie\"}]},{\"@type\":\"WebSite\",\"@id\":\"https:\/\/dicodusport.fr\/blog\/#website\",\"url\":\"https:\/\/dicodusport.fr\/blog\/\",\"name\":\"Dicodusport\",\"description\":\"L&#039;encyclop\u00e9die de l&#039;actualit\u00e9 sportive\",\"publisher\":{\"@id\":\"https:\/\/dicodusport.fr\/blog\/#organization\"},\"potentialAction\":[{\"@type\":\"SearchAction\",\"target\":{\"@type\":\"EntryPoint\",\"urlTemplate\":\"https:\/\/dicodusport.fr\/blog\/?s={search_term_string}\"},\"query-input\":{\"@type\":\"PropertyValueSpecification\",\"valueRequired\":true,\"valueName\":\"search_term_string\"}}],\"inLanguage\":\"fr-FR\"},{\"@type\":\"NewsMediaOrganization\",\"@id\":\"https:\/\/dicodusport.fr\/blog\/#organization\",\"name\":\"Dicodusport\",\"url\":\"https:\/\/dicodusport.fr\/blog\/\",\"logo\":{\"@type\":\"ImageObject\",\"inLanguage\":\"fr-FR\",\"@id\":\"https:\/\/dicodusport.fr\/blog\/#\/schema\/logo\/image\/\",\"url\":\"https:\/\/dicodusport.fr\/blog\/wp-content\/uploads\/2020\/06\/cropped-LOGO-DICODUSPORT-2020-SANS-FOND-SANS-TEXTE.png\",\"contentUrl\":\"https:\/\/dicodusport.fr\/blog\/wp-content\/uploads\/2020\/06\/cropped-LOGO-DICODUSPORT-2020-SANS-FOND-SANS-TEXTE.png\",\"width\":512,\"height\":512,\"caption\":\"Dicodusport\"},\"image\":{\"@id\":\"https:\/\/dicodusport.fr\/blog\/#\/schema\/logo\/image\/\"},\"sameAs\":[\"https:\/\/www.facebook.com\/dicodusport\",\"https:\/\/x.com\/dicodusport\",\"https:\/\/www.instagram.com\/dicodusport\/\",\"https:\/\/www.youtube.com\/channel\/UC7V2KZ5sd3htJivAbA4ZG3w\"],\"description\":\"Dicodusport est l'encyclop\u00e9die de l'actualit\u00e9 sportive.\",\"email\":\"bonjour@dicodusport.fr\",\"legalName\":\"DICODUSPORT\",\"foundingDate\":\"2018-01-14\",\"vatID\":\"FR71834470973\",\"taxID\":\"83447097300043\",\"numberOfEmployees\":{\"@type\":\"QuantitativeValue\",\"minValue\":\"1\",\"maxValue\":\"10\"}},{\"@type\":\"Person\",\"@id\":\"https:\/\/dicodusport.fr\/blog\/#\/schema\/person\/55dcb50ad410894e431ed812bbb70191\",\"name\":\"Nicolas Jacquemard\",\"image\":{\"@type\":\"ImageObject\",\"inLanguage\":\"fr-FR\",\"@id\":\"https:\/\/dicodusport.fr\/blog\/#\/schema\/person\/image\/\",\"url\":\"https:\/\/dicodusport.fr\/blog\/wp-content\/uploads\/2021\/05\/Nicolas-Jacquemard-150x150.jpeg\",\"contentUrl\":\"https:\/\/dicodusport.fr\/blog\/wp-content\/uploads\/2021\/05\/Nicolas-Jacquemard-150x150.jpeg\",\"caption\":\"Nicolas Jacquemard\"},\"description\":\"Passionn\u00e9 de sport et entrepreneur depuis mes 18 ans, la cr\u00e9ation de Dicodusport m'a sembl\u00e9 \u00e9vidente pour participer \u00e0 la m\u00e9diatisation d'un plus grand nombre de sports. Le chemin est long mais avec une \u00e9quipe des plus motiv\u00e9es et les Jeux Olympiques de Paris 2024 en point de mire, nous y arriverons ! Journaliste dans le monde du sport depuis plus de 5 ans, je traite aussi bien de football, de rugby, de biathlon que de cyclisme.\",\"sameAs\":[\"https:\/\/www.facebook.com\/dicodusport\",\"https:\/\/x.com\/https:\/\/twitter.com\/Nico_Jacquemard\"],\"url\":\"https:\/\/dicodusport.fr\/blog\/author\/dicodusport\/\"}]}<\/script>\n<!-- \/ Yoast SEO Premium plugin. -->","yoast_head_json":{"title":"XV de France F\u00e9minin : La composition pour le deuxi\u00e8me test face \u00e0 l'Italie","description":"RUGBY \u00c0 XV - Le staff de l'\u00e9quipe de France a d\u00e9voil\u00e9 la composition de l'\u00e9quipe de France pour le deuxi\u00e8me match face \u00e0 l'Italie.","robots":{"index":"index","follow":"follow","max-snippet":"max-snippet:-1","max-image-preview":"max-image-preview:large","max-video-preview":"max-video-preview:-1"},"canonical":"https:\/\/dicodusport.fr\/blog\/xv-de-france-feminin-la-composition-pour-le-deuxieme-test-face-a-litalie\/","og_locale":"fr_FR","og_type":"article","og_title":"XV de France F\u00e9minin : La composition pour le deuxi\u00e8me test face \u00e0 l'Italie","og_description":"RUGBY \u00c0 XV - Le staff de l'\u00e9quipe de France a d\u00e9voil\u00e9 la composition de l'\u00e9quipe de France pour le deuxi\u00e8me match face \u00e0 l'Italie.","og_url":"https:\/\/dicodusport.fr\/blog\/xv-de-france-feminin-la-composition-pour-le-deuxieme-test-face-a-litalie\/","og_site_name":"Dicodusport","article_publisher":"https:\/\/www.facebook.com\/dicodusport","article_author":"https:\/\/www.facebook.com\/dicodusport","article_published_time":"2022-09-07T13:18:34+00:00","article_modified_time":"2022-09-09T10:45:30+00:00","og_image":[{"width":800,"height":445,"url":"https:\/\/dicodusport.fr\/blog\/wp-content\/uploads\/2022\/09\/XV-de-France-Fe\u0301minin-La-composition-pour-le-deuxie\u0300me-test-face-a\u0300-lItalie.png","type":"image\/png"}],"author":"Nicolas Jacquemard","twitter_card":"summary_large_image","twitter_title":"XV de France F\u00e9minin : La composition pour le deuxi\u00e8me test face \u00e0 l'Italie","twitter_creator":"@https:\/\/twitter.com\/Nico_Jacquemard","twitter_site":"@dicodusport","schema":{"@context":"https:\/\/schema.org","@graph":[{"@type":"NewsArticle","@id":"https:\/\/dicodusport.fr\/blog\/xv-de-france-feminin-la-composition-pour-le-deuxieme-test-face-a-litalie\/#article","isPartOf":{"@id":"https:\/\/dicodusport.fr\/blog\/xv-de-france-feminin-la-composition-pour-le-deuxieme-test-face-a-litalie\/"},"author":{"name":"Nicolas Jacquemard","@id":"https:\/\/dicodusport.fr\/blog\/#\/schema\/person\/55dcb50ad410894e431ed812bbb70191"},"headline":"XV de France F\u00e9minin : La composition pour le deuxi\u00e8me test face \u00e0 l&rsquo;Italie","datePublished":"2022-09-07T13:18:34+00:00","dateModified":"2022-09-09T10:45:30+00:00","mainEntityOfPage":{"@id":"https:\/\/dicodusport.fr\/blog\/xv-de-france-feminin-la-composition-pour-le-deuxieme-test-face-a-litalie\/"},"wordCount":126,"commentCount":0,"publisher":{"@id":"https:\/\/dicodusport.fr\/blog\/#organization"},"image":{"@id":"https:\/\/dicodusport.fr\/blog\/xv-de-france-feminin-la-composition-pour-le-deuxieme-test-face-a-litalie\/#primaryimage"},"thumbnailUrl":"https:\/\/dicodusport.fr\/blog\/wp-content\/uploads\/2022\/09\/XV-de-France-Fe\u0301minin-La-composition-pour-le-deuxie\u0300me-test-face-a\u0300-lItalie.png","keywords":["France","France Italie","Italie","Rugby","XV de France f\u00e9minin"],"articleSection":["Rugby \u00e0 XV","XV de France"],"inLanguage":"fr-FR","potentialAction":[{"@type":"CommentAction","name":"Comment","target":["https:\/\/dicodusport.fr\/blog\/xv-de-france-feminin-la-composition-pour-le-deuxieme-test-face-a-litalie\/#respond"]}],"copyrightYear":"2022","copyrightHolder":{"@id":"https:\/\/dicodusport.fr\/blog\/#organization"}},{"@type":"WebPage","@id":"https:\/\/dicodusport.fr\/blog\/xv-de-france-feminin-la-composition-pour-le-deuxieme-test-face-a-litalie\/","url":"https:\/\/dicodusport.fr\/blog\/xv-de-france-feminin-la-composition-pour-le-deuxieme-test-face-a-litalie\/","name":"XV de France F\u00e9minin : La composition pour le deuxi\u00e8me test face \u00e0 l'Italie","isPartOf":{"@id":"https:\/\/dicodusport.fr\/blog\/#website"},"primaryImageOfPage":{"@id":"https:\/\/dicodusport.fr\/blog\/xv-de-france-feminin-la-composition-pour-le-deuxieme-test-face-a-litalie\/#primaryimage"},"image":{"@id":"https:\/\/dicodusport.fr\/blog\/xv-de-france-feminin-la-composition-pour-le-deuxieme-test-face-a-litalie\/#primaryimage"},"thumbnailUrl":"https:\/\/dicodusport.fr\/blog\/wp-content\/uploads\/2022\/09\/XV-de-France-Fe\u0301minin-La-composition-pour-le-deuxie\u0300me-test-face-a\u0300-lItalie.png","datePublished":"2022-09-07T13:18:34+00:00","dateModified":"2022-09-09T10:45:30+00:00","description":"RUGBY \u00c0 XV - Le staff de l'\u00e9quipe de France a d\u00e9voil\u00e9 la composition de l'\u00e9quipe de France pour le deuxi\u00e8me match face \u00e0 l'Italie.","breadcrumb":{"@id":"https:\/\/dicodusport.fr\/blog\/xv-de-france-feminin-la-composition-pour-le-deuxieme-test-face-a-litalie\/#breadcrumb"},"inLanguage":"fr-FR","potentialAction":[{"@type":"ReadAction","target":["https:\/\/dicodusport.fr\/blog\/xv-de-france-feminin-la-composition-pour-le-deuxieme-test-face-a-litalie\/"]}]},{"@type":"ImageObject","inLanguage":"fr-FR","@id":"https:\/\/dicodusport.fr\/blog\/xv-de-france-feminin-la-composition-pour-le-deuxieme-test-face-a-litalie\/#primaryimage","url":"https:\/\/dicodusport.fr\/blog\/wp-content\/uploads\/2022\/09\/XV-de-France-Fe\u0301minin-La-composition-pour-le-deuxie\u0300me-test-face-a\u0300-lItalie.png","contentUrl":"https:\/\/dicodusport.fr\/blog\/wp-content\/uploads\/2022\/09\/XV-de-France-Fe\u0301minin-La-composition-pour-le-deuxie\u0300me-test-face-a\u0300-lItalie.png","width":800,"height":445},{"@type":"BreadcrumbList","@id":"https:\/\/dicodusport.fr\/blog\/xv-de-france-feminin-la-composition-pour-le-deuxieme-test-face-a-litalie\/#breadcrumb","itemListElement":[{"@type":"ListItem","position":1,"name":"Accueil","item":"https:\/\/dicodusport.fr\/blog\/"},{"@type":"ListItem","position":2,"name":"XV de France F\u00e9minin : La composition pour le deuxi\u00e8me test face \u00e0 l&rsquo;Italie"}]},{"@type":"WebSite","@id":"https:\/\/dicodusport.fr\/blog\/#website","url":"https:\/\/dicodusport.fr\/blog\/","name":"Dicodusport","description":"L&#039;encyclop\u00e9die de l&#039;actualit\u00e9 sportive","publisher":{"@id":"https:\/\/dicodusport.fr\/blog\/#organization"},"potentialAction":[{"@type":"SearchAction","target":{"@type":"EntryPoint","urlTemplate":"https:\/\/dicodusport.fr\/blog\/?s={search_term_string}"},"query-input":{"@type":"PropertyValueSpecification","valueRequired":true,"valueName":"search_term_string"}}],"inLanguage":"fr-FR"},{"@type":"NewsMediaOrganization","@id":"https:\/\/dicodusport.fr\/blog\/#organization","name":"Dicodusport","url":"https:\/\/dicodusport.fr\/blog\/","logo":{"@type":"ImageObject","inLanguage":"fr-FR","@id":"https:\/\/dicodusport.fr\/blog\/#\/schema\/logo\/image\/","url":"https:\/\/dicodusport.fr\/blog\/wp-content\/uploads\/2020\/06\/cropped-LOGO-DICODUSPORT-2020-SANS-FOND-SANS-TEXTE.png","contentUrl":"https:\/\/dicodusport.fr\/blog\/wp-content\/uploads\/2020\/06\/cropped-LOGO-DICODUSPORT-2020-SANS-FOND-SANS-TEXTE.png","width":512,"height":512,"caption":"Dicodusport"},"image":{"@id":"https:\/\/dicodusport.fr\/blog\/#\/schema\/logo\/image\/"},"sameAs":["https:\/\/www.facebook.com\/dicodusport","https:\/\/x.com\/dicodusport","https:\/\/www.instagram.com\/dicodusport\/","https:\/\/www.youtube.com\/channel\/UC7V2KZ5sd3htJivAbA4ZG3w"],"description":"Dicodusport est l'encyclop\u00e9die de l'actualit\u00e9 sportive.","email":"bonjour@dicodusport.fr","legalName":"DICODUSPORT","foundingDate":"2018-01-14","vatID":"FR71834470973","taxID":"83447097300043","numberOfEmployees":{"@type":"QuantitativeValue","minValue":"1","maxValue":"10"}},{"@type":"Person","@id":"https:\/\/dicodusport.fr\/blog\/#\/schema\/person\/55dcb50ad410894e431ed812bbb70191","name":"Nicolas Jacquemard","image":{"@type":"ImageObject","inLanguage":"fr-FR","@id":"https:\/\/dicodusport.fr\/blog\/#\/schema\/person\/image\/","url":"https:\/\/dicodusport.fr\/blog\/wp-content\/uploads\/2021\/05\/Nicolas-Jacquemard-150x150.jpeg","contentUrl":"https:\/\/dicodusport.fr\/blog\/wp-content\/uploads\/2021\/05\/Nicolas-Jacquemard-150x150.jpeg","caption":"Nicolas Jacquemard"},"description":"Passionn\u00e9 de sport et entrepreneur depuis mes 18 ans, la cr\u00e9ation de Dicodusport m'a sembl\u00e9 \u00e9vidente pour participer \u00e0 la m\u00e9diatisation d'un plus grand nombre de sports. Le chemin est long mais avec une \u00e9quipe des plus motiv\u00e9es et les Jeux Olympiques de Paris 2024 en point de mire, nous y arriverons ! Journaliste dans le monde du sport depuis plus de 5 ans, je traite aussi bien de football, de rugby, de biathlon que de cyclisme.","sameAs":["https:\/\/www.facebook.com\/dicodusport","https:\/\/x.com\/https:\/\/twitter.com\/Nico_Jacquemard"],"url":"https:\/\/dicodusport.fr\/blog\/author\/dicodusport\/"}]}},"_links":{"self":[{"href":"https:\/\/dicodusport.fr\/blog\/wp-json\/wp\/v2\/posts\/259697","targetHints":{"allow":["GET"]}}],"collection":[{"href":"https:\/\/dicodusport.fr\/blog\/wp-json\/wp\/v2\/posts"}],"about":[{"href":"https:\/\/dicodusport.fr\/blog\/wp-json\/wp\/v2\/types\/post"}],"author":[{"embeddable":true,"href":"https:\/\/dicodusport.fr\/blog\/wp-json\/wp\/v2\/users\/1"}],"replies":[{"embeddable":true,"href":"https:\/\/dicodusport.fr\/blog\/wp-json\/wp\/v2\/comments?post=259697"}],"version-history":[{"count":0,"href":"https:\/\/dicodusport.fr\/blog\/wp-json\/wp\/v2\/posts\/259697\/revisions"}],"wp:featuredmedia":[{"embeddable":true,"href":"https:\/\/dicodusport.fr\/blog\/wp-json\/wp\/v2\/media\/259717"}],"wp:attachment":[{"href":"https:\/\/dicodusport.fr\/blog\/wp-json\/wp\/v2\/media?parent=259697"}],"wp:term":[{"taxonomy":"category","embeddable":true,"href":"https:\/\/dicodusport.fr\/blog\/wp-json\/wp\/v2\/categories?post=259697"},{"taxonomy":"post_tag","embeddable":true,"href":"https:\/\/dicodusport.fr\/blog\/wp-json\/wp\/v2\/tags?post=259697"}],"curies":[{"name":"wp","href":"https:\/\/api.w.org\/{rel}","templated":true}]}}