{"id":260021,"date":"2022-09-08T19:31:24","date_gmt":"2022-09-08T17:31:24","guid":{"rendered":"https:\/\/dicodusport.fr\/blog\/?p=260021&#038;preview=true&#038;preview_id=260021"},"modified":"2022-09-08T20:01:06","modified_gmt":"2022-09-08T18:01:06","slug":"challenge-by-la-vuelta-2022-imperiale-annemiek-van-vleuten-fait-coup-double-lors-de-la-2eme-etape","status":"publish","type":"post","link":"https:\/\/dicodusport.fr\/blog\/challenge-by-la-vuelta-2022-imperiale-annemiek-van-vleuten-fait-coup-double-lors-de-la-2eme-etape\/","title":{"rendered":"Challenge by La Vuelta 2022 : Imp\u00e9riale, Annemiek van Vleuten fait coup double lors de la 2\u00e8me \u00e9tape"},"content":{"rendered":"<p style=\"text-align: justify;\"><em><strong>CHALLENGE BY LA VUELTA 2022 &#8211; On n&rsquo;a vu qu&rsquo;elle aujourd&rsquo;hui. Grande favorite, Annemiek van Vleuten (Movistar) a remport\u00e9 la deuxi\u00e8me \u00e9tape avec une facilit\u00e9 d\u00e9concertante, et prend le maillot rouge de leader.\u00a0<\/strong><\/em><\/p>\n<p style=\"text-align: justify;\">Apr\u00e8s le succ\u00e8s de la Trek-Segafredo <a href=\"https:\/\/dicodusport.fr\/blog\/challenge-by-la-vuelta-2022-la-trek-segafredo-gagne-la-premiere-etape\/\">lors du contre-la-montre par \u00e9quipes hier<\/a>, les choses s\u00e9rieuses commen\u00e7aient aujourd&rsquo;hui dans ce <strong>Challenge by La Vuelta 2022<\/strong>. Une premi\u00e8re \u00e9tape en ligne vallonn\u00e9e, qui permettrait probablement d&rsquo;y voir plus clair sur les ambitions des favorites. Mais ce sont d&rsquo;abord deux outsiders qui ont anim\u00e9 l&rsquo;\u00e9tape : <strong>Lucinda Brand<\/strong> (Trek-Segafredo) et <strong>Sarah Roy<\/strong> (Canyon\/\/SRAM Racing).<\/p>\n<blockquote class=\"twitter-tweet\">\n<p dir=\"ltr\" lang=\"en\">After 44 kilometers it&rsquo;s still Sarah Roy and Lucinda Brand in the lead and the gap is growing to more than 2 minutes!<a href=\"https:\/\/twitter.com\/hashtag\/CeratizitChallenge22?src=hash&amp;ref_src=twsrc%5Etfw\">#CeratizitChallenge22<\/a> <a href=\"https:\/\/t.co\/Xm4xvEE3zH\">pic.twitter.com\/Xm4xvEE3zH<\/a><\/p>\n<p>\u2014 UCI_WWT (@UCI_WWT) <a href=\"https:\/\/twitter.com\/UCI_WWT\/status\/1567902340652343297?ref_src=twsrc%5Etfw\">September 8, 2022<\/a><\/p><\/blockquote>\n<p style=\"text-align: justify;\"><script async src=\"https:\/\/platform.twitter.com\/widgets.js\" charset=\"utf-8\"><\/script><\/p>\n<p style=\"text-align: justify;\">Les duettistes ont rapidement mis les voiles, creusant petit \u00e0 petit un \u00e9cart cons\u00e9quent. Derri\u00e8re, le maillot rouge<strong> Elisa Longo Borghini<\/strong> (Trek-Segafredo) a subi une chute sans gravit\u00e9. Le peloton a viss\u00e9 pour r\u00e9duire l&rsquo;\u00e9cart, sous l&rsquo;impulsion de la Movistar, pour ramener le peloton \u00e0 moins d&rsquo;une minute au pied de l&rsquo;Alto Fuente Las Varas, avant-derni\u00e8re difficult\u00e9 de la journ\u00e9e, mais clairement la plus dure (6.1 km \u00e0 5.9%). Une mont\u00e9e d\u00e9j\u00e0 emprunt\u00e9e dans l&rsquo;autre sens en d\u00e9but d&rsquo;\u00e9tape.<\/p>\n<h2 style=\"text-align: justify;\">Le Show van Vleuten<\/h2>\n<p style=\"text-align: justify;\">C&rsquo;est fatalement dans cette mont\u00e9e que la s\u00e9lection s&rsquo;est cr\u00e9\u00e9e. D\u00e8s que les fuyardes ont \u00e9t\u00e9 reprises, <strong>Annemiek van Vleuten<\/strong> (Movistar) a plant\u00e9 comme attendu une premi\u00e8re banderille. Elle a emmen\u00e9 sur son porte-bagage <strong>Elisa Longo Borghini, Demi Vollering<\/strong> (Team SD-Worx), <strong>Liane Lippert<\/strong> (Team DSM) et <strong>Mavi Garcia<\/strong> (UAE Team ADQ). La reine n\u00e9erlandaise a acc\u00e9l\u00e9r\u00e9, et l\u00e2ch\u00e9 une par une toutes ses rivales. Avec une facilit\u00e9 d\u00e9concertante, elle est pass\u00e9e en t\u00eate au sommet avec plus de 40 secondes d&rsquo;avance sur <strong>Demi Vollering<\/strong>.<\/p>\n<p style=\"text-align: justify;\">Ne restait plus qu&rsquo;une ascension, l&rsquo;Alto Campo La Cruz (3.1 km \u00e0 7.9%). L&rsquo;occasion pour la N\u00e9erlandaise de creuser encore plus l&rsquo;\u00e9cart. Elle est en effet pass\u00e9e au sommet avec 1 minute 45 d&rsquo;avance, \u00e0 15 km de l&rsquo;arriv\u00e9e. Il n&rsquo;y avait plus qu&rsquo;\u00e0 g\u00e9rer la descente avant d&rsquo;aller lever les bras. Au final, <strong>Annemiek van Vleuten<\/strong> s&rsquo;impose avec 2 minutes 15 d&rsquo;avance sur <strong>Elisa Longo Borghini, Liane Lippert <\/strong>et<strong> Demi Vollering<\/strong>. Elle prend du m\u00eame coup les commandes du classement g\u00e9n\u00e9ral, et se rapproche d&rsquo;un tripl\u00e9 historique Tour d&rsquo;Italie &#8211; Tour de France &#8211; Tour d&rsquo;Espagne.<\/p>\n<blockquote class=\"twitter-tweet\">\n<p dir=\"ltr\" lang=\"en\">&#x1f920; MASTERCLASS <a href=\"https:\/\/twitter.com\/AvVleuten?ref_src=twsrc%5Etfw\">@AvVleuten<\/a><\/p>\n<p>&#x1f49c; <a href=\"https:\/\/twitter.com\/hashtag\/CERATIZITChallenge22?src=hash&amp;ref_src=twsrc%5Etfw\">#CERATIZITChallenge22<\/a> <a href=\"https:\/\/t.co\/a13BmG69CH\">pic.twitter.com\/a13BmG69CH<\/a><\/p>\n<p>\u2014 CERATIZIT Challenge by La Vuelta (@ChallengeVuelta) <a href=\"https:\/\/twitter.com\/ChallengeVuelta\/status\/1567926214601461760?ref_src=twsrc%5Etfw\">September 8, 2022<\/a><\/p><\/blockquote>\n<p><script async src=\"https:\/\/platform.twitter.com\/widgets.js\" charset=\"utf-8\"><\/script><\/p>\n<h2 style=\"text-align: justify;\">\u00c0 lire aussi<\/h2>\n<ul>\n<li style=\"text-align: justify;\"><a href=\"https:\/\/dicodusport.fr\/blog\/challenge-by-la-vuelta-2022-classement-2eme-etape\/\"><strong>Le classement de la 2\u00e8me <span class=\"red\">\u00e9tape du <\/span>Challenge by La Vuelta 2022<\/strong><\/a><\/li>\n<li style=\"text-align: justify;\"><a href=\"https:\/\/dicodusport.fr\/blog\/challenge-by-la-vuelta-classement-general\/\"><strong>Le classement g\u00e9n\u00e9ral du Challenge by La Vuelta 2022<\/strong><\/a><\/li>\n<\/ul>\n","protected":false},"excerpt":{"rendered":"<p>CHALLENGE BY LA VUELTA 2022 &#8211; On n&rsquo;a vu qu&rsquo;elle aujourd&rsquo;hui. Grande favorite, Annemiek van Vleuten (Movistar) a remport\u00e9 la deuxi\u00e8me \u00e9tape avec une facilit\u00e9 d\u00e9concertante, et prend le maillot rouge de leader.\u00a0<\/p>\n","protected":false},"author":59,"featured_media":260078,"comment_status":"open","ping_status":"closed","sticky":false,"template":"","format":"standard","meta":{"_acf_changed":false,"_daextam_enable_autolinks":"","footnotes":""},"categories":[47042],"tags":[6120,26447,574,2875],"class_list":["post-260021","post","type-post","status-publish","format-standard","has-post-thumbnail","hentry","category-tour-d-espagne","tag-annemiek-van-vleuten","tag-challenge-by-la-vuelta","tag-cyclisme","tag-cyclisme-feminin"],"acf":[],"yoast_head":"<!-- This site is optimized with the Yoast SEO Premium plugin v26.7 (Yoast SEO v26.7) - https:\/\/yoast.com\/wordpress\/plugins\/seo\/ -->\n<title>Challenge by La Vuelta 2022 : Imp\u00e9riale, Annemiek van Vleuten fait coup double lors de la 2\u00e8me \u00e9tape<\/title>\n<meta name=\"description\" content=\"CHALLENGE BY LA VUELTA 2022 -Annemiek van Vleuten (Movistar) a remport\u00e9 la deuxi\u00e8me \u00e9tape avec une facilit\u00e9 d\u00e9concertante\" \/>\n<meta name=\"robots\" content=\"index, follow, max-snippet:-1, max-image-preview:large, max-video-preview:-1\" \/>\n<link rel=\"canonical\" href=\"https:\/\/dicodusport.fr\/blog\/challenge-by-la-vuelta-2022-imperiale-annemiek-van-vleuten-fait-coup-double-lors-de-la-2eme-etape\/\" \/>\n<meta property=\"og:locale\" content=\"fr_FR\" \/>\n<meta property=\"og:type\" content=\"article\" \/>\n<meta property=\"og:title\" content=\"Challenge by La Vuelta 2022 : Imp\u00e9riale, Annemiek van Vleuten fait coup double lors de la 2\u00e8me \u00e9tape\" \/>\n<meta property=\"og:description\" content=\"CHALLENGE BY LA VUELTA 2022 -Annemiek van Vleuten (Movistar) a remport\u00e9 la deuxi\u00e8me \u00e9tape avec une facilit\u00e9 d\u00e9concertante\" \/>\n<meta property=\"og:url\" content=\"https:\/\/dicodusport.fr\/blog\/challenge-by-la-vuelta-2022-imperiale-annemiek-van-vleuten-fait-coup-double-lors-de-la-2eme-etape\/\" \/>\n<meta property=\"og:site_name\" content=\"Dicodusport\" \/>\n<meta property=\"article:publisher\" content=\"https:\/\/www.facebook.com\/dicodusport\" \/>\n<meta property=\"article:author\" content=\"https:\/\/www.facebook.com\/sebastien.gente\/\" \/>\n<meta property=\"article:published_time\" content=\"2022-09-08T17:31:24+00:00\" \/>\n<meta property=\"article:modified_time\" content=\"2022-09-08T18:01:06+00:00\" \/>\n<meta property=\"og:image\" content=\"https:\/\/dicodusport.fr\/blog\/wp-content\/uploads\/2022\/09\/Challenge-by-La-Vuelta-2022-Imperiale-Annemiek-Van-Vleuten-fait-coup-double-lors-de-la-2eme-etape.png\" \/>\n\t<meta property=\"og:image:width\" content=\"800\" \/>\n\t<meta property=\"og:image:height\" content=\"445\" \/>\n\t<meta property=\"og:image:type\" content=\"image\/png\" \/>\n<meta name=\"author\" content=\"S\u00e9bastien Gente\" \/>\n<meta name=\"twitter:card\" content=\"summary_large_image\" \/>\n<meta name=\"twitter:title\" content=\"Challenge by La Vuelta 2022 : Imp\u00e9riale, Annemiek van Vleuten fait coup double lors de la 2\u00e8me \u00e9tape\" \/>\n<meta name=\"twitter:creator\" content=\"@https:\/\/twitter.com\/globulo24\" \/>\n<meta name=\"twitter:site\" content=\"@dicodusport\" \/>\n<script type=\"application\/ld+json\" class=\"yoast-schema-graph\">{\"@context\":\"https:\/\/schema.org\",\"@graph\":[{\"@type\":\"NewsArticle\",\"@id\":\"https:\/\/dicodusport.fr\/blog\/challenge-by-la-vuelta-2022-imperiale-annemiek-van-vleuten-fait-coup-double-lors-de-la-2eme-etape\/#article\",\"isPartOf\":{\"@id\":\"https:\/\/dicodusport.fr\/blog\/challenge-by-la-vuelta-2022-imperiale-annemiek-van-vleuten-fait-coup-double-lors-de-la-2eme-etape\/\"},\"author\":{\"name\":\"S\u00e9bastien Gente\",\"@id\":\"https:\/\/dicodusport.fr\/blog\/#\/schema\/person\/627966a6cde45dbd8c5e36ac85d783da\"},\"headline\":\"Challenge by La Vuelta 2022 : Imp\u00e9riale, Annemiek van Vleuten fait coup double lors de la 2\u00e8me \u00e9tape\",\"datePublished\":\"2022-09-08T17:31:24+00:00\",\"dateModified\":\"2022-09-08T18:01:06+00:00\",\"mainEntityOfPage\":{\"@id\":\"https:\/\/dicodusport.fr\/blog\/challenge-by-la-vuelta-2022-imperiale-annemiek-van-vleuten-fait-coup-double-lors-de-la-2eme-etape\/\"},\"wordCount\":501,\"commentCount\":0,\"publisher\":{\"@id\":\"https:\/\/dicodusport.fr\/blog\/#organization\"},\"image\":{\"@id\":\"https:\/\/dicodusport.fr\/blog\/challenge-by-la-vuelta-2022-imperiale-annemiek-van-vleuten-fait-coup-double-lors-de-la-2eme-etape\/#primaryimage\"},\"thumbnailUrl\":\"https:\/\/dicodusport.fr\/blog\/wp-content\/uploads\/2022\/09\/Challenge-by-La-Vuelta-2022-Imperiale-Annemiek-Van-Vleuten-fait-coup-double-lors-de-la-2eme-etape.png\",\"keywords\":[\"Annemiek Van Vleuten\",\"Challenge by La Vuelta\",\"Cyclisme\",\"cyclisme f\u00e9minin\"],\"articleSection\":[\"Tour d'Espagne\"],\"inLanguage\":\"fr-FR\",\"potentialAction\":[{\"@type\":\"CommentAction\",\"name\":\"Comment\",\"target\":[\"https:\/\/dicodusport.fr\/blog\/challenge-by-la-vuelta-2022-imperiale-annemiek-van-vleuten-fait-coup-double-lors-de-la-2eme-etape\/#respond\"]}],\"copyrightYear\":\"2022\",\"copyrightHolder\":{\"@id\":\"https:\/\/dicodusport.fr\/blog\/#organization\"}},{\"@type\":\"WebPage\",\"@id\":\"https:\/\/dicodusport.fr\/blog\/challenge-by-la-vuelta-2022-imperiale-annemiek-van-vleuten-fait-coup-double-lors-de-la-2eme-etape\/\",\"url\":\"https:\/\/dicodusport.fr\/blog\/challenge-by-la-vuelta-2022-imperiale-annemiek-van-vleuten-fait-coup-double-lors-de-la-2eme-etape\/\",\"name\":\"Challenge by La Vuelta 2022 : Imp\u00e9riale, Annemiek van Vleuten fait coup double lors de la 2\u00e8me \u00e9tape\",\"isPartOf\":{\"@id\":\"https:\/\/dicodusport.fr\/blog\/#website\"},\"primaryImageOfPage\":{\"@id\":\"https:\/\/dicodusport.fr\/blog\/challenge-by-la-vuelta-2022-imperiale-annemiek-van-vleuten-fait-coup-double-lors-de-la-2eme-etape\/#primaryimage\"},\"image\":{\"@id\":\"https:\/\/dicodusport.fr\/blog\/challenge-by-la-vuelta-2022-imperiale-annemiek-van-vleuten-fait-coup-double-lors-de-la-2eme-etape\/#primaryimage\"},\"thumbnailUrl\":\"https:\/\/dicodusport.fr\/blog\/wp-content\/uploads\/2022\/09\/Challenge-by-La-Vuelta-2022-Imperiale-Annemiek-Van-Vleuten-fait-coup-double-lors-de-la-2eme-etape.png\",\"datePublished\":\"2022-09-08T17:31:24+00:00\",\"dateModified\":\"2022-09-08T18:01:06+00:00\",\"description\":\"CHALLENGE BY LA VUELTA 2022 -Annemiek van Vleuten (Movistar) a remport\u00e9 la deuxi\u00e8me \u00e9tape avec une facilit\u00e9 d\u00e9concertante\",\"breadcrumb\":{\"@id\":\"https:\/\/dicodusport.fr\/blog\/challenge-by-la-vuelta-2022-imperiale-annemiek-van-vleuten-fait-coup-double-lors-de-la-2eme-etape\/#breadcrumb\"},\"inLanguage\":\"fr-FR\",\"potentialAction\":[{\"@type\":\"ReadAction\",\"target\":[\"https:\/\/dicodusport.fr\/blog\/challenge-by-la-vuelta-2022-imperiale-annemiek-van-vleuten-fait-coup-double-lors-de-la-2eme-etape\/\"]}]},{\"@type\":\"ImageObject\",\"inLanguage\":\"fr-FR\",\"@id\":\"https:\/\/dicodusport.fr\/blog\/challenge-by-la-vuelta-2022-imperiale-annemiek-van-vleuten-fait-coup-double-lors-de-la-2eme-etape\/#primaryimage\",\"url\":\"https:\/\/dicodusport.fr\/blog\/wp-content\/uploads\/2022\/09\/Challenge-by-La-Vuelta-2022-Imperiale-Annemiek-Van-Vleuten-fait-coup-double-lors-de-la-2eme-etape.png\",\"contentUrl\":\"https:\/\/dicodusport.fr\/blog\/wp-content\/uploads\/2022\/09\/Challenge-by-La-Vuelta-2022-Imperiale-Annemiek-Van-Vleuten-fait-coup-double-lors-de-la-2eme-etape.png\",\"width\":800,\"height\":445,\"caption\":\"Challenge by La Vuelta 2022 Imp\u00e9riale, Annemiek Van Vleuten fait coup double lors de la 2\u00e8me \u00e9tape\"},{\"@type\":\"BreadcrumbList\",\"@id\":\"https:\/\/dicodusport.fr\/blog\/challenge-by-la-vuelta-2022-imperiale-annemiek-van-vleuten-fait-coup-double-lors-de-la-2eme-etape\/#breadcrumb\",\"itemListElement\":[{\"@type\":\"ListItem\",\"position\":1,\"name\":\"Accueil\",\"item\":\"https:\/\/dicodusport.fr\/blog\/\"},{\"@type\":\"ListItem\",\"position\":2,\"name\":\"Challenge by La Vuelta 2022 : Imp\u00e9riale, Annemiek van Vleuten fait coup double lors de la 2\u00e8me \u00e9tape\"}]},{\"@type\":\"WebSite\",\"@id\":\"https:\/\/dicodusport.fr\/blog\/#website\",\"url\":\"https:\/\/dicodusport.fr\/blog\/\",\"name\":\"Dicodusport\",\"description\":\"L&#039;encyclop\u00e9die de l&#039;actualit\u00e9 sportive\",\"publisher\":{\"@id\":\"https:\/\/dicodusport.fr\/blog\/#organization\"},\"potentialAction\":[{\"@type\":\"SearchAction\",\"target\":{\"@type\":\"EntryPoint\",\"urlTemplate\":\"https:\/\/dicodusport.fr\/blog\/?s={search_term_string}\"},\"query-input\":{\"@type\":\"PropertyValueSpecification\",\"valueRequired\":true,\"valueName\":\"search_term_string\"}}],\"inLanguage\":\"fr-FR\"},{\"@type\":\"NewsMediaOrganization\",\"@id\":\"https:\/\/dicodusport.fr\/blog\/#organization\",\"name\":\"Dicodusport\",\"url\":\"https:\/\/dicodusport.fr\/blog\/\",\"logo\":{\"@type\":\"ImageObject\",\"inLanguage\":\"fr-FR\",\"@id\":\"https:\/\/dicodusport.fr\/blog\/#\/schema\/logo\/image\/\",\"url\":\"https:\/\/dicodusport.fr\/blog\/wp-content\/uploads\/2020\/06\/cropped-LOGO-DICODUSPORT-2020-SANS-FOND-SANS-TEXTE.png\",\"contentUrl\":\"https:\/\/dicodusport.fr\/blog\/wp-content\/uploads\/2020\/06\/cropped-LOGO-DICODUSPORT-2020-SANS-FOND-SANS-TEXTE.png\",\"width\":512,\"height\":512,\"caption\":\"Dicodusport\"},\"image\":{\"@id\":\"https:\/\/dicodusport.fr\/blog\/#\/schema\/logo\/image\/\"},\"sameAs\":[\"https:\/\/www.facebook.com\/dicodusport\",\"https:\/\/x.com\/dicodusport\",\"https:\/\/www.instagram.com\/dicodusport\/\",\"https:\/\/www.youtube.com\/channel\/UC7V2KZ5sd3htJivAbA4ZG3w\"],\"description\":\"Dicodusport est l'encyclop\u00e9die de l'actualit\u00e9 sportive.\",\"email\":\"bonjour@dicodusport.fr\",\"legalName\":\"DICODUSPORT\",\"foundingDate\":\"2018-01-14\",\"vatID\":\"FR71834470973\",\"taxID\":\"83447097300043\",\"numberOfEmployees\":{\"@type\":\"QuantitativeValue\",\"minValue\":\"1\",\"maxValue\":\"10\"}},{\"@type\":\"Person\",\"@id\":\"https:\/\/dicodusport.fr\/blog\/#\/schema\/person\/627966a6cde45dbd8c5e36ac85d783da\",\"name\":\"S\u00e9bastien Gente\",\"image\":{\"@type\":\"ImageObject\",\"inLanguage\":\"fr-FR\",\"@id\":\"https:\/\/dicodusport.fr\/blog\/#\/schema\/person\/image\/\",\"url\":\"https:\/\/dicodusport.fr\/blog\/wp-content\/uploads\/2021\/09\/1510990_10205810251400683_4124423575079401707_n-150x150.jpg\",\"contentUrl\":\"https:\/\/dicodusport.fr\/blog\/wp-content\/uploads\/2021\/09\/1510990_10205810251400683_4124423575079401707_n-150x150.jpg\",\"caption\":\"S\u00e9bastien Gente\"},\"description\":\"John Stockton, Gianni Bugno, Zinedine Zidane, Steffi Graf, Frode Andresen, St\u00e9phane Stoecklin, Davis Kamoga, Primoz Peterka, Werner Schlager et Aur\u00e9lien Rougerie. Point commun entre ces sportifs? Ils m'ont fait r\u00eaver et ont berc\u00e9 mon adolescence. Je suis un fondu de sports et j'essaie de retranscrire ma passion \u00e0 travers mes articles. Originaire du P\u00e9rigord, ma passion pour les Girondins, les Jaunards et les Jazzmen transpire dans mes \u00e9crits. \u00c0 Dicodusport depuis 2021, je d\u00e9niche les sports m\u00e9connus dans lesquels la France brille, et il y en a !\",\"sameAs\":[\"https:\/\/www.facebook.com\/sebastien.gente\/\",\"https:\/\/www.instagram.com\/sebgente\/\",\"https:\/\/www.linkedin.com\/in\/sbastien-gente-a29583169\/\",\"https:\/\/x.com\/https:\/\/twitter.com\/globulo24\",\"SebastienGente\"],\"worksFor\":\"S\u00e9bastien GENTE\",\"url\":\"https:\/\/dicodusport.fr\/blog\/author\/sebastiengente\/\"}]}<\/script>\n<!-- \/ Yoast SEO Premium plugin. -->","yoast_head_json":{"title":"Challenge by La Vuelta 2022 : Imp\u00e9riale, Annemiek van Vleuten fait coup double lors de la 2\u00e8me \u00e9tape","description":"CHALLENGE BY LA VUELTA 2022 -Annemiek van Vleuten (Movistar) a remport\u00e9 la deuxi\u00e8me \u00e9tape avec une facilit\u00e9 d\u00e9concertante","robots":{"index":"index","follow":"follow","max-snippet":"max-snippet:-1","max-image-preview":"max-image-preview:large","max-video-preview":"max-video-preview:-1"},"canonical":"https:\/\/dicodusport.fr\/blog\/challenge-by-la-vuelta-2022-imperiale-annemiek-van-vleuten-fait-coup-double-lors-de-la-2eme-etape\/","og_locale":"fr_FR","og_type":"article","og_title":"Challenge by La Vuelta 2022 : Imp\u00e9riale, Annemiek van Vleuten fait coup double lors de la 2\u00e8me \u00e9tape","og_description":"CHALLENGE BY LA VUELTA 2022 -Annemiek van Vleuten (Movistar) a remport\u00e9 la deuxi\u00e8me \u00e9tape avec une facilit\u00e9 d\u00e9concertante","og_url":"https:\/\/dicodusport.fr\/blog\/challenge-by-la-vuelta-2022-imperiale-annemiek-van-vleuten-fait-coup-double-lors-de-la-2eme-etape\/","og_site_name":"Dicodusport","article_publisher":"https:\/\/www.facebook.com\/dicodusport","article_author":"https:\/\/www.facebook.com\/sebastien.gente\/","article_published_time":"2022-09-08T17:31:24+00:00","article_modified_time":"2022-09-08T18:01:06+00:00","og_image":[{"width":800,"height":445,"url":"https:\/\/dicodusport.fr\/blog\/wp-content\/uploads\/2022\/09\/Challenge-by-La-Vuelta-2022-Imperiale-Annemiek-Van-Vleuten-fait-coup-double-lors-de-la-2eme-etape.png","type":"image\/png"}],"author":"S\u00e9bastien Gente","twitter_card":"summary_large_image","twitter_title":"Challenge by La Vuelta 2022 : Imp\u00e9riale, Annemiek van Vleuten fait coup double lors de la 2\u00e8me \u00e9tape","twitter_creator":"@https:\/\/twitter.com\/globulo24","twitter_site":"@dicodusport","schema":{"@context":"https:\/\/schema.org","@graph":[{"@type":"NewsArticle","@id":"https:\/\/dicodusport.fr\/blog\/challenge-by-la-vuelta-2022-imperiale-annemiek-van-vleuten-fait-coup-double-lors-de-la-2eme-etape\/#article","isPartOf":{"@id":"https:\/\/dicodusport.fr\/blog\/challenge-by-la-vuelta-2022-imperiale-annemiek-van-vleuten-fait-coup-double-lors-de-la-2eme-etape\/"},"author":{"name":"S\u00e9bastien Gente","@id":"https:\/\/dicodusport.fr\/blog\/#\/schema\/person\/627966a6cde45dbd8c5e36ac85d783da"},"headline":"Challenge by La Vuelta 2022 : Imp\u00e9riale, Annemiek van Vleuten fait coup double lors de la 2\u00e8me \u00e9tape","datePublished":"2022-09-08T17:31:24+00:00","dateModified":"2022-09-08T18:01:06+00:00","mainEntityOfPage":{"@id":"https:\/\/dicodusport.fr\/blog\/challenge-by-la-vuelta-2022-imperiale-annemiek-van-vleuten-fait-coup-double-lors-de-la-2eme-etape\/"},"wordCount":501,"commentCount":0,"publisher":{"@id":"https:\/\/dicodusport.fr\/blog\/#organization"},"image":{"@id":"https:\/\/dicodusport.fr\/blog\/challenge-by-la-vuelta-2022-imperiale-annemiek-van-vleuten-fait-coup-double-lors-de-la-2eme-etape\/#primaryimage"},"thumbnailUrl":"https:\/\/dicodusport.fr\/blog\/wp-content\/uploads\/2022\/09\/Challenge-by-La-Vuelta-2022-Imperiale-Annemiek-Van-Vleuten-fait-coup-double-lors-de-la-2eme-etape.png","keywords":["Annemiek Van Vleuten","Challenge by La Vuelta","Cyclisme","cyclisme f\u00e9minin"],"articleSection":["Tour d'Espagne"],"inLanguage":"fr-FR","potentialAction":[{"@type":"CommentAction","name":"Comment","target":["https:\/\/dicodusport.fr\/blog\/challenge-by-la-vuelta-2022-imperiale-annemiek-van-vleuten-fait-coup-double-lors-de-la-2eme-etape\/#respond"]}],"copyrightYear":"2022","copyrightHolder":{"@id":"https:\/\/dicodusport.fr\/blog\/#organization"}},{"@type":"WebPage","@id":"https:\/\/dicodusport.fr\/blog\/challenge-by-la-vuelta-2022-imperiale-annemiek-van-vleuten-fait-coup-double-lors-de-la-2eme-etape\/","url":"https:\/\/dicodusport.fr\/blog\/challenge-by-la-vuelta-2022-imperiale-annemiek-van-vleuten-fait-coup-double-lors-de-la-2eme-etape\/","name":"Challenge by La Vuelta 2022 : Imp\u00e9riale, Annemiek van Vleuten fait coup double lors de la 2\u00e8me \u00e9tape","isPartOf":{"@id":"https:\/\/dicodusport.fr\/blog\/#website"},"primaryImageOfPage":{"@id":"https:\/\/dicodusport.fr\/blog\/challenge-by-la-vuelta-2022-imperiale-annemiek-van-vleuten-fait-coup-double-lors-de-la-2eme-etape\/#primaryimage"},"image":{"@id":"https:\/\/dicodusport.fr\/blog\/challenge-by-la-vuelta-2022-imperiale-annemiek-van-vleuten-fait-coup-double-lors-de-la-2eme-etape\/#primaryimage"},"thumbnailUrl":"https:\/\/dicodusport.fr\/blog\/wp-content\/uploads\/2022\/09\/Challenge-by-La-Vuelta-2022-Imperiale-Annemiek-Van-Vleuten-fait-coup-double-lors-de-la-2eme-etape.png","datePublished":"2022-09-08T17:31:24+00:00","dateModified":"2022-09-08T18:01:06+00:00","description":"CHALLENGE BY LA VUELTA 2022 -Annemiek van Vleuten (Movistar) a remport\u00e9 la deuxi\u00e8me \u00e9tape avec une facilit\u00e9 d\u00e9concertante","breadcrumb":{"@id":"https:\/\/dicodusport.fr\/blog\/challenge-by-la-vuelta-2022-imperiale-annemiek-van-vleuten-fait-coup-double-lors-de-la-2eme-etape\/#breadcrumb"},"inLanguage":"fr-FR","potentialAction":[{"@type":"ReadAction","target":["https:\/\/dicodusport.fr\/blog\/challenge-by-la-vuelta-2022-imperiale-annemiek-van-vleuten-fait-coup-double-lors-de-la-2eme-etape\/"]}]},{"@type":"ImageObject","inLanguage":"fr-FR","@id":"https:\/\/dicodusport.fr\/blog\/challenge-by-la-vuelta-2022-imperiale-annemiek-van-vleuten-fait-coup-double-lors-de-la-2eme-etape\/#primaryimage","url":"https:\/\/dicodusport.fr\/blog\/wp-content\/uploads\/2022\/09\/Challenge-by-La-Vuelta-2022-Imperiale-Annemiek-Van-Vleuten-fait-coup-double-lors-de-la-2eme-etape.png","contentUrl":"https:\/\/dicodusport.fr\/blog\/wp-content\/uploads\/2022\/09\/Challenge-by-La-Vuelta-2022-Imperiale-Annemiek-Van-Vleuten-fait-coup-double-lors-de-la-2eme-etape.png","width":800,"height":445,"caption":"Challenge by La Vuelta 2022 Imp\u00e9riale, Annemiek Van Vleuten fait coup double lors de la 2\u00e8me \u00e9tape"},{"@type":"BreadcrumbList","@id":"https:\/\/dicodusport.fr\/blog\/challenge-by-la-vuelta-2022-imperiale-annemiek-van-vleuten-fait-coup-double-lors-de-la-2eme-etape\/#breadcrumb","itemListElement":[{"@type":"ListItem","position":1,"name":"Accueil","item":"https:\/\/dicodusport.fr\/blog\/"},{"@type":"ListItem","position":2,"name":"Challenge by La Vuelta 2022 : Imp\u00e9riale, Annemiek van Vleuten fait coup double lors de la 2\u00e8me \u00e9tape"}]},{"@type":"WebSite","@id":"https:\/\/dicodusport.fr\/blog\/#website","url":"https:\/\/dicodusport.fr\/blog\/","name":"Dicodusport","description":"L&#039;encyclop\u00e9die de l&#039;actualit\u00e9 sportive","publisher":{"@id":"https:\/\/dicodusport.fr\/blog\/#organization"},"potentialAction":[{"@type":"SearchAction","target":{"@type":"EntryPoint","urlTemplate":"https:\/\/dicodusport.fr\/blog\/?s={search_term_string}"},"query-input":{"@type":"PropertyValueSpecification","valueRequired":true,"valueName":"search_term_string"}}],"inLanguage":"fr-FR"},{"@type":"NewsMediaOrganization","@id":"https:\/\/dicodusport.fr\/blog\/#organization","name":"Dicodusport","url":"https:\/\/dicodusport.fr\/blog\/","logo":{"@type":"ImageObject","inLanguage":"fr-FR","@id":"https:\/\/dicodusport.fr\/blog\/#\/schema\/logo\/image\/","url":"https:\/\/dicodusport.fr\/blog\/wp-content\/uploads\/2020\/06\/cropped-LOGO-DICODUSPORT-2020-SANS-FOND-SANS-TEXTE.png","contentUrl":"https:\/\/dicodusport.fr\/blog\/wp-content\/uploads\/2020\/06\/cropped-LOGO-DICODUSPORT-2020-SANS-FOND-SANS-TEXTE.png","width":512,"height":512,"caption":"Dicodusport"},"image":{"@id":"https:\/\/dicodusport.fr\/blog\/#\/schema\/logo\/image\/"},"sameAs":["https:\/\/www.facebook.com\/dicodusport","https:\/\/x.com\/dicodusport","https:\/\/www.instagram.com\/dicodusport\/","https:\/\/www.youtube.com\/channel\/UC7V2KZ5sd3htJivAbA4ZG3w"],"description":"Dicodusport est l'encyclop\u00e9die de l'actualit\u00e9 sportive.","email":"bonjour@dicodusport.fr","legalName":"DICODUSPORT","foundingDate":"2018-01-14","vatID":"FR71834470973","taxID":"83447097300043","numberOfEmployees":{"@type":"QuantitativeValue","minValue":"1","maxValue":"10"}},{"@type":"Person","@id":"https:\/\/dicodusport.fr\/blog\/#\/schema\/person\/627966a6cde45dbd8c5e36ac85d783da","name":"S\u00e9bastien Gente","image":{"@type":"ImageObject","inLanguage":"fr-FR","@id":"https:\/\/dicodusport.fr\/blog\/#\/schema\/person\/image\/","url":"https:\/\/dicodusport.fr\/blog\/wp-content\/uploads\/2021\/09\/1510990_10205810251400683_4124423575079401707_n-150x150.jpg","contentUrl":"https:\/\/dicodusport.fr\/blog\/wp-content\/uploads\/2021\/09\/1510990_10205810251400683_4124423575079401707_n-150x150.jpg","caption":"S\u00e9bastien Gente"},"description":"John Stockton, Gianni Bugno, Zinedine Zidane, Steffi Graf, Frode Andresen, St\u00e9phane Stoecklin, Davis Kamoga, Primoz Peterka, Werner Schlager et Aur\u00e9lien Rougerie. Point commun entre ces sportifs? Ils m'ont fait r\u00eaver et ont berc\u00e9 mon adolescence. Je suis un fondu de sports et j'essaie de retranscrire ma passion \u00e0 travers mes articles. Originaire du P\u00e9rigord, ma passion pour les Girondins, les Jaunards et les Jazzmen transpire dans mes \u00e9crits. \u00c0 Dicodusport depuis 2021, je d\u00e9niche les sports m\u00e9connus dans lesquels la France brille, et il y en a !","sameAs":["https:\/\/www.facebook.com\/sebastien.gente\/","https:\/\/www.instagram.com\/sebgente\/","https:\/\/www.linkedin.com\/in\/sbastien-gente-a29583169\/","https:\/\/x.com\/https:\/\/twitter.com\/globulo24","SebastienGente"],"worksFor":"S\u00e9bastien GENTE","url":"https:\/\/dicodusport.fr\/blog\/author\/sebastiengente\/"}]}},"_links":{"self":[{"href":"https:\/\/dicodusport.fr\/blog\/wp-json\/wp\/v2\/posts\/260021","targetHints":{"allow":["GET"]}}],"collection":[{"href":"https:\/\/dicodusport.fr\/blog\/wp-json\/wp\/v2\/posts"}],"about":[{"href":"https:\/\/dicodusport.fr\/blog\/wp-json\/wp\/v2\/types\/post"}],"author":[{"embeddable":true,"href":"https:\/\/dicodusport.fr\/blog\/wp-json\/wp\/v2\/users\/59"}],"replies":[{"embeddable":true,"href":"https:\/\/dicodusport.fr\/blog\/wp-json\/wp\/v2\/comments?post=260021"}],"version-history":[{"count":0,"href":"https:\/\/dicodusport.fr\/blog\/wp-json\/wp\/v2\/posts\/260021\/revisions"}],"wp:featuredmedia":[{"embeddable":true,"href":"https:\/\/dicodusport.fr\/blog\/wp-json\/wp\/v2\/media\/260078"}],"wp:attachment":[{"href":"https:\/\/dicodusport.fr\/blog\/wp-json\/wp\/v2\/media?parent=260021"}],"wp:term":[{"taxonomy":"category","embeddable":true,"href":"https:\/\/dicodusport.fr\/blog\/wp-json\/wp\/v2\/categories?post=260021"},{"taxonomy":"post_tag","embeddable":true,"href":"https:\/\/dicodusport.fr\/blog\/wp-json\/wp\/v2\/tags?post=260021"}],"curies":[{"name":"wp","href":"https:\/\/api.w.org\/{rel}","templated":true}]}}