{"id":260337,"date":"2022-09-09T18:34:20","date_gmt":"2022-09-09T16:34:20","guid":{"rendered":"https:\/\/dicodusport.fr\/blog\/?p=260337&#038;preview=true&#038;preview_id=260337"},"modified":"2022-09-09T18:34:20","modified_gmt":"2022-09-09T16:34:20","slug":"ligue-magnus-les-pionniers-mettent-le-grappin-sur-antti-virtanen","status":"publish","type":"post","link":"https:\/\/dicodusport.fr\/blog\/ligue-magnus-les-pionniers-mettent-le-grappin-sur-antti-virtanen\/","title":{"rendered":"Ligue Magnus : Les Pionniers mettent le grappin sur Antti Virtanen"},"content":{"rendered":"<p style=\"text-align: justify;\"><b><i><a href=\"https:\/\/dicodusport.fr\/blog\/?s=ligue+magnus\">LIGUE MAGNUS 2022-2023<\/a> &#8211; Avant le d\u00e9but de la saison vendredi soir, Chamonix a annonc\u00e9 une nouvelle recrue en d\u00e9fense. Auteur d&rsquo;un cursus universitaire aux \u00c9tats-Unis durant quatre ans, le Finlandais Antti Virtanen revient en Europe pour lancer sa carri\u00e8re professionnelle sous le maillot des Pionniers.<\/i><\/b><\/p>\n<p style=\"text-align: justify;\">Histoire de bien se chauffer pour la reprise, les Pionniers ont fait l&rsquo;actualit\u00e9. \u00c0 la veille de leur premi\u00e8re rencontre (r\u00e9ception de Cergy-Pontoise), ces dernier ont tout simplement officialis\u00e9 une recrue suppl\u00e9mentaire avec <strong>Antti Virtanen<\/strong>. Le jeune d\u00e9fenseur de 24 ans vient ainsi compl\u00e9ter la grosse colonie finlandaise implant\u00e9e en Haute-Savoie, avec 5 joueurs. Cela sera sans doute un atout puisque sur le m\u00eame poste, il pourra compter sur le soutien des deux trentenaires, <strong>Mikko Kuukka<\/strong> et <strong>Christian Silfver<\/strong>.<\/p>\n<h2 style=\"text-align: justify;\">Un court passage au Tappara cet \u00e9t\u00e9<\/h2>\n<p style=\"text-align: justify;\">En effet, apr\u00e8s de longues ann\u00e9es outre-Atlantique, <strong>Virtanen<\/strong> a d\u00e9cid\u00e9 de revenir en Europe afin de lancer sa carri\u00e8re professionnelle. Adolescent, il a \u00e9t\u00e9 form\u00e9 au sein du club de <strong>RoKi<\/strong> avant de passer \u00e0 16 ans au sein des structures du mastodonte <strong>K\u00e4rp\u00e4t Oulu<\/strong>. Sa formation et ses performances lui permettent m\u00eame d&rsquo;int\u00e9grer la s\u00e9lection nationale, les U16 \u00e0 trois reprises en 2014, puis les U20 en 2017 pour trois matchs. Il d\u00e9cide alors de partir aux \u00c9tats-Unis \u00e0 17 ans, et effectue une premi\u00e8re saison convaincante en USHL avec les<strong> Sioux Falls Stampede<\/strong>. La saison suivante, il int\u00e8gre l&rsquo;<strong>Universit\u00e9 d&rsquo;Alaska-Fairbanks<\/strong> pour \u00e9voluer sur le circuit NCAA.<\/p>\n<p style=\"text-align: justify;\">Durant quatre ann\u00e9es, il va rester au sein de cette formation, bouclant son cursus par une saison 2021-2022 de haute vol\u00e9e. Concentr\u00e9 uniquement sur le travail d\u00e9fensif jusque-l\u00e0 (12 points en 67 matchs),<strong> il va exceller dans la cr\u00e9ation au point d&rsquo;\u00eatre le cinqui\u00e8me meilleur pointeur de l&rsquo;\u00e9quipe (19 points dont 16 assistances en 30 matchs).<\/strong> Cela ne laisse alors pas insensible plusieurs \u00e9quipes europ\u00e9ennes. Son choix se porte finalement sur l&rsquo;une des institutions les plus puissantes de Finlande, le<strong> Tappara Tampere<\/strong>.<\/p>\n<p style=\"text-align: justify;\">A la fin du mois de mai, le club annonce ainsi sa signature aux c\u00f4t\u00e9s notamment de <strong>Philip Granath<\/strong> et <strong>Tyler Kelleher<\/strong>. Ce contrat s&rsquo;\u00e9tendait uniquement jusqu&rsquo;au 30 septembre, mais a \u00e9t\u00e9 \u00e9court\u00e9 le 18 ao\u00fbt dernier suite \u00e0 une entente entre les deux parties. <strong>Chamonix<\/strong> a donc saisi l&rsquo;opportunit\u00e9 de r\u00e9cup\u00e9rer le joueur pour apporter plus de profondeur et de talent \u00e0 sa d\u00e9fensive.<\/p>\n<blockquote class=\"twitter-tweet\">\n<p dir=\"ltr\" lang=\"fr\">&#x1f6a8; <a href=\"https:\/\/twitter.com\/hashtag\/ARRIV%C3%89E?src=hash&amp;ref_src=twsrc%5Etfw\">#ARRIV\u00c9E<\/a> &#x1f6a8;<\/p>\n<p>&#x1f3d2; Ce vendredi, les <a href=\"https:\/\/twitter.com\/PionniersHockey?ref_src=twsrc%5Etfw\">@PionniersHockey<\/a> sont heureux d&rsquo;annoncer la signature d&rsquo;un jeune d\u00e9fenseur de 24 ans, le finlandais Antti Virtanen ! &#x1f945;<\/p>\n<p>&#x1f1eb;&#x1f1ee; Tervetuloa Antti ! &#x1f1eb;&#x1f1ee;<\/p>\n<p>&#x1f4dd; Retrouvez l&rsquo;annonce : <a href=\"https:\/\/t.co\/SOQk9J0dfV\">https:\/\/t.co\/SOQk9J0dfV<\/a><a href=\"https:\/\/twitter.com\/hashtag\/GoPionniers?src=hash&amp;ref_src=twsrc%5Etfw\">#GoPionniers<\/a> &#x1f534;&#x26aa; <a href=\"https:\/\/t.co\/txJdO4ZhUh\">pic.twitter.com\/txJdO4ZhUh<\/a><\/p>\n<p>\u2014 Pionniers Chamonix (@PionniersHockey) <a href=\"https:\/\/twitter.com\/PionniersHockey\/status\/1568147205361369088?ref_src=twsrc%5Etfw\">September 9, 2022<\/a><\/p><\/blockquote>\n<p><script async src=\"https:\/\/platform.twitter.com\/widgets.js\" charset=\"utf-8\"><\/script><\/p>\n","protected":false},"excerpt":{"rendered":"<p>LIGUE MAGNUS 2022-2023 &#8211; Avant le d\u00e9but de la saison vendredi soir, Chamonix a annonc\u00e9 une nouvelle recrue en d\u00e9fense. Auteur d&rsquo;un cursus universitaire aux \u00c9tats-Unis durant quatre ans, le Finlandais Antti Virtanen revient en Europe pour lancer sa carri\u00e8re professionnelle sous le maillot des Pionniers.<\/p>\n","protected":false},"author":55,"featured_media":260397,"comment_status":"open","ping_status":"closed","sticky":false,"template":"","format":"standard","meta":{"_acf_changed":false,"_daextam_enable_autolinks":"","footnotes":""},"categories":[10575],"tags":[5835,836,19633],"class_list":["post-260337","post","type-post","status-publish","format-standard","has-post-thumbnail","hentry","category-hockey-sur-glace","tag-chamonix","tag-ligue-magnus","tag-pionniers-de-chamonix"],"acf":[],"yoast_head":"<!-- This site is optimized with the Yoast SEO Premium plugin v26.7 (Yoast SEO v26.7) - https:\/\/yoast.com\/wordpress\/plugins\/seo\/ -->\n<title>Ligue Magnus : Les Pionniers mettent le grappin sur Antti Virtanen<\/title>\n<meta name=\"description\" content=\"Le d\u00e9fenseur finlandais de 24 ans, Antti Virtanen, a sign\u00e9 en Ligue Magnus avec les Pionniers de Chamonix - Mont-Blanc.\" \/>\n<meta name=\"robots\" content=\"index, follow, max-snippet:-1, max-image-preview:large, max-video-preview:-1\" \/>\n<link rel=\"canonical\" href=\"https:\/\/dicodusport.fr\/blog\/ligue-magnus-les-pionniers-mettent-le-grappin-sur-antti-virtanen\/\" \/>\n<meta property=\"og:locale\" content=\"fr_FR\" \/>\n<meta property=\"og:type\" content=\"article\" \/>\n<meta property=\"og:title\" content=\"Ligue Magnus : Les Pionniers mettent le grappin sur Antti Virtanen\" \/>\n<meta property=\"og:description\" content=\"Le d\u00e9fenseur finlandais de 24 ans, Antti Virtanen, a sign\u00e9 en Ligue Magnus avec les Pionniers de Chamonix - Mont-Blanc.\" \/>\n<meta property=\"og:url\" content=\"https:\/\/dicodusport.fr\/blog\/ligue-magnus-les-pionniers-mettent-le-grappin-sur-antti-virtanen\/\" \/>\n<meta property=\"og:site_name\" content=\"Dicodusport\" \/>\n<meta property=\"article:publisher\" content=\"https:\/\/www.facebook.com\/dicodusport\" \/>\n<meta property=\"article:published_time\" content=\"2022-09-09T16:34:20+00:00\" \/>\n<meta property=\"og:image\" content=\"https:\/\/dicodusport.fr\/blog\/wp-content\/uploads\/2022\/09\/Ligue-Magnus-Les-Pionniers-mettent-le-grappin-sur-Antti-Virtanen.png\" \/>\n\t<meta property=\"og:image:width\" content=\"800\" \/>\n\t<meta property=\"og:image:height\" content=\"445\" \/>\n\t<meta property=\"og:image:type\" content=\"image\/png\" \/>\n<meta name=\"author\" content=\"Maxime Cazenave\" \/>\n<meta name=\"twitter:card\" content=\"summary_large_image\" \/>\n<meta name=\"twitter:title\" content=\"Ligue Magnus : Les Pionniers mettent le grappin sur Antti Virtanen\" \/>\n<meta name=\"twitter:creator\" content=\"@https:\/\/twitter.com\/Maxime_Caze\" \/>\n<meta name=\"twitter:site\" content=\"@dicodusport\" \/>\n<script type=\"application\/ld+json\" class=\"yoast-schema-graph\">{\"@context\":\"https:\/\/schema.org\",\"@graph\":[{\"@type\":\"NewsArticle\",\"@id\":\"https:\/\/dicodusport.fr\/blog\/ligue-magnus-les-pionniers-mettent-le-grappin-sur-antti-virtanen\/#article\",\"isPartOf\":{\"@id\":\"https:\/\/dicodusport.fr\/blog\/ligue-magnus-les-pionniers-mettent-le-grappin-sur-antti-virtanen\/\"},\"author\":{\"name\":\"Maxime Cazenave\",\"@id\":\"https:\/\/dicodusport.fr\/blog\/#\/schema\/person\/37def232098a7a5cbab3974a3690abb0\"},\"headline\":\"Ligue Magnus : Les Pionniers mettent le grappin sur Antti Virtanen\",\"datePublished\":\"2022-09-09T16:34:20+00:00\",\"mainEntityOfPage\":{\"@id\":\"https:\/\/dicodusport.fr\/blog\/ligue-magnus-les-pionniers-mettent-le-grappin-sur-antti-virtanen\/\"},\"wordCount\":497,\"commentCount\":0,\"publisher\":{\"@id\":\"https:\/\/dicodusport.fr\/blog\/#organization\"},\"image\":{\"@id\":\"https:\/\/dicodusport.fr\/blog\/ligue-magnus-les-pionniers-mettent-le-grappin-sur-antti-virtanen\/#primaryimage\"},\"thumbnailUrl\":\"https:\/\/dicodusport.fr\/blog\/wp-content\/uploads\/2022\/09\/Ligue-Magnus-Les-Pionniers-mettent-le-grappin-sur-Antti-Virtanen.png\",\"keywords\":[\"Chamonix\",\"ligue magnus\",\"Pionniers de Chamonix\"],\"articleSection\":[\"Hockey sur glace\"],\"inLanguage\":\"fr-FR\",\"potentialAction\":[{\"@type\":\"CommentAction\",\"name\":\"Comment\",\"target\":[\"https:\/\/dicodusport.fr\/blog\/ligue-magnus-les-pionniers-mettent-le-grappin-sur-antti-virtanen\/#respond\"]}],\"copyrightYear\":\"2022\",\"copyrightHolder\":{\"@id\":\"https:\/\/dicodusport.fr\/blog\/#organization\"}},{\"@type\":\"WebPage\",\"@id\":\"https:\/\/dicodusport.fr\/blog\/ligue-magnus-les-pionniers-mettent-le-grappin-sur-antti-virtanen\/\",\"url\":\"https:\/\/dicodusport.fr\/blog\/ligue-magnus-les-pionniers-mettent-le-grappin-sur-antti-virtanen\/\",\"name\":\"Ligue Magnus : Les Pionniers mettent le grappin sur Antti Virtanen\",\"isPartOf\":{\"@id\":\"https:\/\/dicodusport.fr\/blog\/#website\"},\"primaryImageOfPage\":{\"@id\":\"https:\/\/dicodusport.fr\/blog\/ligue-magnus-les-pionniers-mettent-le-grappin-sur-antti-virtanen\/#primaryimage\"},\"image\":{\"@id\":\"https:\/\/dicodusport.fr\/blog\/ligue-magnus-les-pionniers-mettent-le-grappin-sur-antti-virtanen\/#primaryimage\"},\"thumbnailUrl\":\"https:\/\/dicodusport.fr\/blog\/wp-content\/uploads\/2022\/09\/Ligue-Magnus-Les-Pionniers-mettent-le-grappin-sur-Antti-Virtanen.png\",\"datePublished\":\"2022-09-09T16:34:20+00:00\",\"description\":\"Le d\u00e9fenseur finlandais de 24 ans, Antti Virtanen, a sign\u00e9 en Ligue Magnus avec les Pionniers de Chamonix - Mont-Blanc.\",\"breadcrumb\":{\"@id\":\"https:\/\/dicodusport.fr\/blog\/ligue-magnus-les-pionniers-mettent-le-grappin-sur-antti-virtanen\/#breadcrumb\"},\"inLanguage\":\"fr-FR\",\"potentialAction\":[{\"@type\":\"ReadAction\",\"target\":[\"https:\/\/dicodusport.fr\/blog\/ligue-magnus-les-pionniers-mettent-le-grappin-sur-antti-virtanen\/\"]}]},{\"@type\":\"ImageObject\",\"inLanguage\":\"fr-FR\",\"@id\":\"https:\/\/dicodusport.fr\/blog\/ligue-magnus-les-pionniers-mettent-le-grappin-sur-antti-virtanen\/#primaryimage\",\"url\":\"https:\/\/dicodusport.fr\/blog\/wp-content\/uploads\/2022\/09\/Ligue-Magnus-Les-Pionniers-mettent-le-grappin-sur-Antti-Virtanen.png\",\"contentUrl\":\"https:\/\/dicodusport.fr\/blog\/wp-content\/uploads\/2022\/09\/Ligue-Magnus-Les-Pionniers-mettent-le-grappin-sur-Antti-Virtanen.png\",\"width\":800,\"height\":445,\"caption\":\"Ligue Magnus Les Pionniers mettent le grappin sur Antti Virtanen\"},{\"@type\":\"BreadcrumbList\",\"@id\":\"https:\/\/dicodusport.fr\/blog\/ligue-magnus-les-pionniers-mettent-le-grappin-sur-antti-virtanen\/#breadcrumb\",\"itemListElement\":[{\"@type\":\"ListItem\",\"position\":1,\"name\":\"Accueil\",\"item\":\"https:\/\/dicodusport.fr\/blog\/\"},{\"@type\":\"ListItem\",\"position\":2,\"name\":\"Ligue Magnus : Les Pionniers mettent le grappin sur Antti Virtanen\"}]},{\"@type\":\"WebSite\",\"@id\":\"https:\/\/dicodusport.fr\/blog\/#website\",\"url\":\"https:\/\/dicodusport.fr\/blog\/\",\"name\":\"Dicodusport\",\"description\":\"L&#039;encyclop\u00e9die de l&#039;actualit\u00e9 sportive\",\"publisher\":{\"@id\":\"https:\/\/dicodusport.fr\/blog\/#organization\"},\"potentialAction\":[{\"@type\":\"SearchAction\",\"target\":{\"@type\":\"EntryPoint\",\"urlTemplate\":\"https:\/\/dicodusport.fr\/blog\/?s={search_term_string}\"},\"query-input\":{\"@type\":\"PropertyValueSpecification\",\"valueRequired\":true,\"valueName\":\"search_term_string\"}}],\"inLanguage\":\"fr-FR\"},{\"@type\":\"NewsMediaOrganization\",\"@id\":\"https:\/\/dicodusport.fr\/blog\/#organization\",\"name\":\"Dicodusport\",\"url\":\"https:\/\/dicodusport.fr\/blog\/\",\"logo\":{\"@type\":\"ImageObject\",\"inLanguage\":\"fr-FR\",\"@id\":\"https:\/\/dicodusport.fr\/blog\/#\/schema\/logo\/image\/\",\"url\":\"https:\/\/dicodusport.fr\/blog\/wp-content\/uploads\/2020\/06\/cropped-LOGO-DICODUSPORT-2020-SANS-FOND-SANS-TEXTE.png\",\"contentUrl\":\"https:\/\/dicodusport.fr\/blog\/wp-content\/uploads\/2020\/06\/cropped-LOGO-DICODUSPORT-2020-SANS-FOND-SANS-TEXTE.png\",\"width\":512,\"height\":512,\"caption\":\"Dicodusport\"},\"image\":{\"@id\":\"https:\/\/dicodusport.fr\/blog\/#\/schema\/logo\/image\/\"},\"sameAs\":[\"https:\/\/www.facebook.com\/dicodusport\",\"https:\/\/x.com\/dicodusport\",\"https:\/\/www.instagram.com\/dicodusport\/\",\"https:\/\/www.youtube.com\/channel\/UC7V2KZ5sd3htJivAbA4ZG3w\"],\"description\":\"Dicodusport est l'encyclop\u00e9die de l'actualit\u00e9 sportive.\",\"email\":\"bonjour@dicodusport.fr\",\"legalName\":\"DICODUSPORT\",\"foundingDate\":\"2018-01-14\",\"vatID\":\"FR71834470973\",\"taxID\":\"83447097300043\",\"numberOfEmployees\":{\"@type\":\"QuantitativeValue\",\"minValue\":\"1\",\"maxValue\":\"10\"}},{\"@type\":\"Person\",\"@id\":\"https:\/\/dicodusport.fr\/blog\/#\/schema\/person\/37def232098a7a5cbab3974a3690abb0\",\"name\":\"Maxime Cazenave\",\"image\":{\"@type\":\"ImageObject\",\"inLanguage\":\"fr-FR\",\"@id\":\"https:\/\/dicodusport.fr\/blog\/#\/schema\/person\/image\/\",\"url\":\"https:\/\/dicodusport.fr\/blog\/wp-content\/uploads\/2021\/05\/Maxime-Cazenave-150x150.jpg\",\"contentUrl\":\"https:\/\/dicodusport.fr\/blog\/wp-content\/uploads\/2021\/05\/Maxime-Cazenave-150x150.jpg\",\"caption\":\"Maxime Cazenave\"},\"description\":\"Journaliste\/R\u00e9dacteur depuis 2012 - Berc\u00e9 par l\u2019amour des Girondins de Bordeaux, les \u00e9checs de Christophe Moreau sur le Tour de France sous l'\u00e8re Lance Armstrong et le fade-away l\u00e9tal de Dirk Nowitzki, ma passion d\u00e9vorante pour le sport a toujours \u00e9t\u00e9 un pan incontournable de ma vie. Transmettre ma passion \u00e0 l\u2019\u00e9crit a \u00e9t\u00e9 une transition naturelle. Suiveur assidu de basket et de hockey sur glace, je garde toujours un peu de place pour suivre le cyclisme, le football et le maximum de performances fran\u00e7aises.\",\"sameAs\":[\"https:\/\/x.com\/https:\/\/twitter.com\/Maxime_Caze\"],\"url\":\"https:\/\/dicodusport.fr\/blog\/author\/maximec\/\"}]}<\/script>\n<!-- \/ Yoast SEO Premium plugin. -->","yoast_head_json":{"title":"Ligue Magnus : Les Pionniers mettent le grappin sur Antti Virtanen","description":"Le d\u00e9fenseur finlandais de 24 ans, Antti Virtanen, a sign\u00e9 en Ligue Magnus avec les Pionniers de Chamonix - Mont-Blanc.","robots":{"index":"index","follow":"follow","max-snippet":"max-snippet:-1","max-image-preview":"max-image-preview:large","max-video-preview":"max-video-preview:-1"},"canonical":"https:\/\/dicodusport.fr\/blog\/ligue-magnus-les-pionniers-mettent-le-grappin-sur-antti-virtanen\/","og_locale":"fr_FR","og_type":"article","og_title":"Ligue Magnus : Les Pionniers mettent le grappin sur Antti Virtanen","og_description":"Le d\u00e9fenseur finlandais de 24 ans, Antti Virtanen, a sign\u00e9 en Ligue Magnus avec les Pionniers de Chamonix - Mont-Blanc.","og_url":"https:\/\/dicodusport.fr\/blog\/ligue-magnus-les-pionniers-mettent-le-grappin-sur-antti-virtanen\/","og_site_name":"Dicodusport","article_publisher":"https:\/\/www.facebook.com\/dicodusport","article_published_time":"2022-09-09T16:34:20+00:00","og_image":[{"width":800,"height":445,"url":"https:\/\/dicodusport.fr\/blog\/wp-content\/uploads\/2022\/09\/Ligue-Magnus-Les-Pionniers-mettent-le-grappin-sur-Antti-Virtanen.png","type":"image\/png"}],"author":"Maxime Cazenave","twitter_card":"summary_large_image","twitter_title":"Ligue Magnus : Les Pionniers mettent le grappin sur Antti Virtanen","twitter_creator":"@https:\/\/twitter.com\/Maxime_Caze","twitter_site":"@dicodusport","schema":{"@context":"https:\/\/schema.org","@graph":[{"@type":"NewsArticle","@id":"https:\/\/dicodusport.fr\/blog\/ligue-magnus-les-pionniers-mettent-le-grappin-sur-antti-virtanen\/#article","isPartOf":{"@id":"https:\/\/dicodusport.fr\/blog\/ligue-magnus-les-pionniers-mettent-le-grappin-sur-antti-virtanen\/"},"author":{"name":"Maxime Cazenave","@id":"https:\/\/dicodusport.fr\/blog\/#\/schema\/person\/37def232098a7a5cbab3974a3690abb0"},"headline":"Ligue Magnus : Les Pionniers mettent le grappin sur Antti Virtanen","datePublished":"2022-09-09T16:34:20+00:00","mainEntityOfPage":{"@id":"https:\/\/dicodusport.fr\/blog\/ligue-magnus-les-pionniers-mettent-le-grappin-sur-antti-virtanen\/"},"wordCount":497,"commentCount":0,"publisher":{"@id":"https:\/\/dicodusport.fr\/blog\/#organization"},"image":{"@id":"https:\/\/dicodusport.fr\/blog\/ligue-magnus-les-pionniers-mettent-le-grappin-sur-antti-virtanen\/#primaryimage"},"thumbnailUrl":"https:\/\/dicodusport.fr\/blog\/wp-content\/uploads\/2022\/09\/Ligue-Magnus-Les-Pionniers-mettent-le-grappin-sur-Antti-Virtanen.png","keywords":["Chamonix","ligue magnus","Pionniers de Chamonix"],"articleSection":["Hockey sur glace"],"inLanguage":"fr-FR","potentialAction":[{"@type":"CommentAction","name":"Comment","target":["https:\/\/dicodusport.fr\/blog\/ligue-magnus-les-pionniers-mettent-le-grappin-sur-antti-virtanen\/#respond"]}],"copyrightYear":"2022","copyrightHolder":{"@id":"https:\/\/dicodusport.fr\/blog\/#organization"}},{"@type":"WebPage","@id":"https:\/\/dicodusport.fr\/blog\/ligue-magnus-les-pionniers-mettent-le-grappin-sur-antti-virtanen\/","url":"https:\/\/dicodusport.fr\/blog\/ligue-magnus-les-pionniers-mettent-le-grappin-sur-antti-virtanen\/","name":"Ligue Magnus : Les Pionniers mettent le grappin sur Antti Virtanen","isPartOf":{"@id":"https:\/\/dicodusport.fr\/blog\/#website"},"primaryImageOfPage":{"@id":"https:\/\/dicodusport.fr\/blog\/ligue-magnus-les-pionniers-mettent-le-grappin-sur-antti-virtanen\/#primaryimage"},"image":{"@id":"https:\/\/dicodusport.fr\/blog\/ligue-magnus-les-pionniers-mettent-le-grappin-sur-antti-virtanen\/#primaryimage"},"thumbnailUrl":"https:\/\/dicodusport.fr\/blog\/wp-content\/uploads\/2022\/09\/Ligue-Magnus-Les-Pionniers-mettent-le-grappin-sur-Antti-Virtanen.png","datePublished":"2022-09-09T16:34:20+00:00","description":"Le d\u00e9fenseur finlandais de 24 ans, Antti Virtanen, a sign\u00e9 en Ligue Magnus avec les Pionniers de Chamonix - Mont-Blanc.","breadcrumb":{"@id":"https:\/\/dicodusport.fr\/blog\/ligue-magnus-les-pionniers-mettent-le-grappin-sur-antti-virtanen\/#breadcrumb"},"inLanguage":"fr-FR","potentialAction":[{"@type":"ReadAction","target":["https:\/\/dicodusport.fr\/blog\/ligue-magnus-les-pionniers-mettent-le-grappin-sur-antti-virtanen\/"]}]},{"@type":"ImageObject","inLanguage":"fr-FR","@id":"https:\/\/dicodusport.fr\/blog\/ligue-magnus-les-pionniers-mettent-le-grappin-sur-antti-virtanen\/#primaryimage","url":"https:\/\/dicodusport.fr\/blog\/wp-content\/uploads\/2022\/09\/Ligue-Magnus-Les-Pionniers-mettent-le-grappin-sur-Antti-Virtanen.png","contentUrl":"https:\/\/dicodusport.fr\/blog\/wp-content\/uploads\/2022\/09\/Ligue-Magnus-Les-Pionniers-mettent-le-grappin-sur-Antti-Virtanen.png","width":800,"height":445,"caption":"Ligue Magnus Les Pionniers mettent le grappin sur Antti Virtanen"},{"@type":"BreadcrumbList","@id":"https:\/\/dicodusport.fr\/blog\/ligue-magnus-les-pionniers-mettent-le-grappin-sur-antti-virtanen\/#breadcrumb","itemListElement":[{"@type":"ListItem","position":1,"name":"Accueil","item":"https:\/\/dicodusport.fr\/blog\/"},{"@type":"ListItem","position":2,"name":"Ligue Magnus : Les Pionniers mettent le grappin sur Antti Virtanen"}]},{"@type":"WebSite","@id":"https:\/\/dicodusport.fr\/blog\/#website","url":"https:\/\/dicodusport.fr\/blog\/","name":"Dicodusport","description":"L&#039;encyclop\u00e9die de l&#039;actualit\u00e9 sportive","publisher":{"@id":"https:\/\/dicodusport.fr\/blog\/#organization"},"potentialAction":[{"@type":"SearchAction","target":{"@type":"EntryPoint","urlTemplate":"https:\/\/dicodusport.fr\/blog\/?s={search_term_string}"},"query-input":{"@type":"PropertyValueSpecification","valueRequired":true,"valueName":"search_term_string"}}],"inLanguage":"fr-FR"},{"@type":"NewsMediaOrganization","@id":"https:\/\/dicodusport.fr\/blog\/#organization","name":"Dicodusport","url":"https:\/\/dicodusport.fr\/blog\/","logo":{"@type":"ImageObject","inLanguage":"fr-FR","@id":"https:\/\/dicodusport.fr\/blog\/#\/schema\/logo\/image\/","url":"https:\/\/dicodusport.fr\/blog\/wp-content\/uploads\/2020\/06\/cropped-LOGO-DICODUSPORT-2020-SANS-FOND-SANS-TEXTE.png","contentUrl":"https:\/\/dicodusport.fr\/blog\/wp-content\/uploads\/2020\/06\/cropped-LOGO-DICODUSPORT-2020-SANS-FOND-SANS-TEXTE.png","width":512,"height":512,"caption":"Dicodusport"},"image":{"@id":"https:\/\/dicodusport.fr\/blog\/#\/schema\/logo\/image\/"},"sameAs":["https:\/\/www.facebook.com\/dicodusport","https:\/\/x.com\/dicodusport","https:\/\/www.instagram.com\/dicodusport\/","https:\/\/www.youtube.com\/channel\/UC7V2KZ5sd3htJivAbA4ZG3w"],"description":"Dicodusport est l'encyclop\u00e9die de l'actualit\u00e9 sportive.","email":"bonjour@dicodusport.fr","legalName":"DICODUSPORT","foundingDate":"2018-01-14","vatID":"FR71834470973","taxID":"83447097300043","numberOfEmployees":{"@type":"QuantitativeValue","minValue":"1","maxValue":"10"}},{"@type":"Person","@id":"https:\/\/dicodusport.fr\/blog\/#\/schema\/person\/37def232098a7a5cbab3974a3690abb0","name":"Maxime Cazenave","image":{"@type":"ImageObject","inLanguage":"fr-FR","@id":"https:\/\/dicodusport.fr\/blog\/#\/schema\/person\/image\/","url":"https:\/\/dicodusport.fr\/blog\/wp-content\/uploads\/2021\/05\/Maxime-Cazenave-150x150.jpg","contentUrl":"https:\/\/dicodusport.fr\/blog\/wp-content\/uploads\/2021\/05\/Maxime-Cazenave-150x150.jpg","caption":"Maxime Cazenave"},"description":"Journaliste\/R\u00e9dacteur depuis 2012 - Berc\u00e9 par l\u2019amour des Girondins de Bordeaux, les \u00e9checs de Christophe Moreau sur le Tour de France sous l'\u00e8re Lance Armstrong et le fade-away l\u00e9tal de Dirk Nowitzki, ma passion d\u00e9vorante pour le sport a toujours \u00e9t\u00e9 un pan incontournable de ma vie. Transmettre ma passion \u00e0 l\u2019\u00e9crit a \u00e9t\u00e9 une transition naturelle. Suiveur assidu de basket et de hockey sur glace, je garde toujours un peu de place pour suivre le cyclisme, le football et le maximum de performances fran\u00e7aises.","sameAs":["https:\/\/x.com\/https:\/\/twitter.com\/Maxime_Caze"],"url":"https:\/\/dicodusport.fr\/blog\/author\/maximec\/"}]}},"_links":{"self":[{"href":"https:\/\/dicodusport.fr\/blog\/wp-json\/wp\/v2\/posts\/260337","targetHints":{"allow":["GET"]}}],"collection":[{"href":"https:\/\/dicodusport.fr\/blog\/wp-json\/wp\/v2\/posts"}],"about":[{"href":"https:\/\/dicodusport.fr\/blog\/wp-json\/wp\/v2\/types\/post"}],"author":[{"embeddable":true,"href":"https:\/\/dicodusport.fr\/blog\/wp-json\/wp\/v2\/users\/55"}],"replies":[{"embeddable":true,"href":"https:\/\/dicodusport.fr\/blog\/wp-json\/wp\/v2\/comments?post=260337"}],"version-history":[{"count":0,"href":"https:\/\/dicodusport.fr\/blog\/wp-json\/wp\/v2\/posts\/260337\/revisions"}],"wp:featuredmedia":[{"embeddable":true,"href":"https:\/\/dicodusport.fr\/blog\/wp-json\/wp\/v2\/media\/260397"}],"wp:attachment":[{"href":"https:\/\/dicodusport.fr\/blog\/wp-json\/wp\/v2\/media?parent=260337"}],"wp:term":[{"taxonomy":"category","embeddable":true,"href":"https:\/\/dicodusport.fr\/blog\/wp-json\/wp\/v2\/categories?post=260337"},{"taxonomy":"post_tag","embeddable":true,"href":"https:\/\/dicodusport.fr\/blog\/wp-json\/wp\/v2\/tags?post=260337"}],"curies":[{"name":"wp","href":"https:\/\/api.w.org\/{rel}","templated":true}]}}