{"id":260387,"date":"2022-09-09T21:54:37","date_gmt":"2022-09-09T19:54:37","guid":{"rendered":"https:\/\/dicodusport.fr\/blog\/?p=260387&#038;preview=true&#038;preview_id=260387"},"modified":"2022-09-10T11:24:43","modified_gmt":"2022-09-10T09:24:43","slug":"grand-prix-de-quebec-2022-benoit-cosnefroy-s-impose-en-costaud","status":"publish","type":"post","link":"https:\/\/dicodusport.fr\/blog\/grand-prix-de-quebec-2022-benoit-cosnefroy-s-impose-en-costaud\/","title":{"rendered":"Grand Prix de Qu\u00e9bec 2022 : Beno\u00eet Cosnefroy s&rsquo;impose en costaud !"},"content":{"rendered":"<p style=\"text-align: justify;\"><em><strong><a href=\"https:\/\/dicodusport.fr\/blog\/actualites\/cyclisme\/cyclisme-sur-route-2022\/\">CYCLISME SUR ROUTE 2022<\/a> &#8211; Beno\u00eet Cosnefroy (AG2r Citro\u00ebn) <\/strong><\/em><em><strong><span class=\"tojvnm2t a6sixzi8 abs2jz4q a8s20v7p t1p8iaqh k5wvi7nf q3lfd5jv pk4s997a bipmatt0 cebpdrjk qowsmv63 owwhemhu dp1hu0rb dhp61c6y iyyx5f41\"><span class=\"f7rl1if4 adechonz f6oz4yja dahkl6ri axrg9lpx rufpak1n qtovjlwq qbmienfq rfyhaz4c rdmi1yqr ohrdq8us nswx41af fawcizw8 l1aqi3e3 sdu1flz4\">a remport\u00e9 le Grand Prix Cycliste de Qu\u00e9bec, ce vendredi. Il a devanc\u00e9 Michael Matthews (Team BikeExchange Jayco) et Biniam Girmay (Intermarch\u00e9 Wanty Gobert).<br \/>\n<\/span><\/span><\/strong><\/em><\/p>\n<p style=\"text-align: justify;\">D&rsquo;abord, d\u00e8s les premiers kilom\u00e8tres de course, cinq coureurs ont form\u00e9 l&rsquo;\u00e9chapp\u00e9e matinale avec <strong>S\u00e9bastien Grignard<\/strong> (Lotto Soudal), <strong>Carson Miles<\/strong> (Canada), <strong>Stan van Tricht<\/strong> (Quick-Step Alpha Vinyl), <strong>Hugo Toumire<\/strong> (Cofidis) et <strong>Damiano Caruso<\/strong> (Bahrain Victorious). Leur avance a d\u00e9pass\u00e9 les 4 minutes avant d&rsquo;\u00eatre maintenue \u00e0 4 minutes pendant de longs kilom\u00e8tres par les formations <strong><span class=\"tojvnm2t a6sixzi8 abs2jz4q a8s20v7p t1p8iaqh k5wvi7nf q3lfd5jv pk4s997a bipmatt0 cebpdrjk qowsmv63 owwhemhu dp1hu0rb dhp61c6y iyyx5f41\"><span class=\"f7rl1if4 adechonz f6oz4yja dahkl6ri axrg9lpx rufpak1n qtovjlwq qbmienfq rfyhaz4c rdmi1yqr ohrdq8us nswx41af fawcizw8 l1aqi3e3 sdu1flz4\">Team BikeExchange Jayco, Jumbo-Visma <\/span><\/span><\/strong><span class=\"tojvnm2t a6sixzi8 abs2jz4q a8s20v7p t1p8iaqh k5wvi7nf q3lfd5jv pk4s997a bipmatt0 cebpdrjk qowsmv63 owwhemhu dp1hu0rb dhp61c6y iyyx5f41\"><span class=\"f7rl1if4 adechonz f6oz4yja dahkl6ri axrg9lpx rufpak1n qtovjlwq qbmienfq rfyhaz4c rdmi1yqr ohrdq8us nswx41af fawcizw8 l1aqi3e3 sdu1flz4\">et <\/span><\/span><strong><span class=\"tojvnm2t a6sixzi8 abs2jz4q a8s20v7p t1p8iaqh k5wvi7nf q3lfd5jv pk4s997a bipmatt0 cebpdrjk qowsmv63 owwhemhu dp1hu0rb dhp61c6y iyyx5f41\"><span class=\"f7rl1if4 adechonz f6oz4yja dahkl6ri axrg9lpx rufpak1n qtovjlwq qbmienfq rfyhaz4c rdmi1yqr ohrdq8us nswx41af fawcizw8 l1aqi3e3 sdu1flz4\">Intermarch\u00e9 Wanty Gobert. <\/span><\/span><\/strong><\/p>\n<h2 style=\"text-align: justify;\">Une course \u00e0 une allure rapide<\/h2>\n<p style=\"text-align: justify;\">Ensuite, <strong>Carson<\/strong> a \u00e9t\u00e9 l\u00e2ch\u00e9 de l&rsquo;\u00e9chapp\u00e9e \u00e0 67 kilom\u00e8tres du terme alors que l&rsquo;\u00e9cart a commenc\u00e9 \u00e0 diminuer. Cependant, les premiers mouvements au sein du peloton ont eu lieu \u00e0 41 kilom\u00e8tres du terme avec une attaque de <strong>Quinn Simmons<\/strong> (Trek Segafredo). Le coureur am\u00e9ricain a \u00e9t\u00e9 suivi par <strong>Pascal Eenkhoorn<\/strong> (Jumbo-Visma), <strong>Simon Clarke<\/strong> (Israel Premier Tech), <strong>Andrea Piccolo<\/strong> (EF Eduction EasyPost) et <strong>Jan Tratnik<\/strong> (Bahrain Victorious). Ces 5 coureurs ont fait la jonction avec le quatuor 13 kilom\u00e8tres plus loin.<\/p>\n<p style=\"text-align: justify;\">Mais, apr\u00e8s une p\u00e9riode d&rsquo;observation, la poursuite s&rsquo;est \u00e0 nouveau organis\u00e9e avec les \u00e9quipes <strong>Movistar<\/strong>, <strong>UAE Team Emirates<\/strong> et <strong><span class=\"tojvnm2t a6sixzi8 abs2jz4q a8s20v7p t1p8iaqh k5wvi7nf q3lfd5jv pk4s997a bipmatt0 cebpdrjk qowsmv63 owwhemhu dp1hu0rb dhp61c6y iyyx5f41\"><span class=\"f7rl1if4 adechonz f6oz4yja dahkl6ri axrg9lpx rufpak1n qtovjlwq qbmienfq rfyhaz4c rdmi1yqr ohrdq8us nswx41af fawcizw8 l1aqi3e3 sdu1flz4\">Team BikeExchange Jayco <\/span><\/span><\/strong><span class=\"tojvnm2t a6sixzi8 abs2jz4q a8s20v7p t1p8iaqh k5wvi7nf q3lfd5jv pk4s997a bipmatt0 cebpdrjk qowsmv63 owwhemhu dp1hu0rb dhp61c6y iyyx5f41\"><span class=\"f7rl1if4 adechonz f6oz4yja dahkl6ri axrg9lpx rufpak1n qtovjlwq qbmienfq rfyhaz4c rdmi1yqr ohrdq8us nswx41af fawcizw8 l1aqi3e3 sdu1flz4\">afin de revenir sur les attaquants \u00e0 23 kilom\u00e8tres de l&rsquo;arriv\u00e9e. Dans l&rsquo;avant-dernier tour, on a assist\u00e9 \u00e0 de nouvelles attaques de la part de <strong>David Gaudu<\/strong> (Groupama FDJ) dans la C\u00f4te de la Montagne et de <strong>Romain Bardet<\/strong> (Team DSM) dans la C\u00f4te de la Potasse. Mais, ces offensives ont \u00e9t\u00e9 neutralis\u00e9es \u00e0 l&rsquo;entame du dernier tour. <\/span><\/span><\/p>\n<h2 style=\"text-align: justify;\">Beno\u00eet Cosnefroy s&rsquo;envole !<\/h2>\n<p style=\"text-align: justify;\">Malgr\u00e9 une petite \u00e9chapp\u00e9e de quatre coureurs en d\u00e9but de circuit, le peloton est rest\u00e9 group\u00e9 dans le <span class=\"tojvnm2t a6sixzi8 abs2jz4q a8s20v7p t1p8iaqh k5wvi7nf q3lfd5jv pk4s997a bipmatt0 cebpdrjk qowsmv63 owwhemhu dp1hu0rb dhp61c6y iyyx5f41\"><span class=\"f7rl1if4 adechonz f6oz4yja dahkl6ri axrg9lpx rufpak1n qtovjlwq qbmienfq rfyhaz4c rdmi1yqr ohrdq8us nswx41af fawcizw8 l1aqi3e3 sdu1flz4\">C\u00f4te de la Montagne<\/span><\/span>. Mais, <strong>Beno\u00eet Cosnefroy <\/strong>(AG2r Citro\u00ebn) a port\u00e9 une violente attaque dans les plus forts pourcentages de la C\u00f4te de la Potasse \u00e0 2 kilom\u00e8tres de la ligne. Le coureur normand a \u00e9t\u00e9 tr\u00e8s fort pour r\u00e9sister jusqu&rsquo;\u00e0 la ligne d&rsquo;arriv\u00e9e. <strong>Cosnefroy <\/strong>est devenu le deuxi\u00e8me fran\u00e7ais \u00e0 remporter la classique canadienne apr\u00e8s <strong>Thomas Voeckler<\/strong> lors de la premi\u00e8re \u00e9dition. Le coureur de la formation savoyarde a d\u00e9croch\u00e9 sa deuxi\u00e8me victoire en World Tour apr\u00e8s la Bretagne Classic en 2021.<\/p>\n<blockquote class=\"twitter-tweet\">\n<p dir=\"ltr\" lang=\"fr\">&#x1f64c; SUPERBE, BENO\u00ceT COSNEFROY !<\/p>\n<p>Sorti \u00e0 l&rsquo;approche du dernier kilom\u00e8tre, le Fran\u00e7ais &#x1f1eb;&#x1f1f7; remporte en solitaire le GP de Qu\u00e9bec ! <a href=\"https:\/\/twitter.com\/hashtag\/GPCQM?src=hash&amp;ref_src=twsrc%5Etfw\">#GPCQM<\/a> <a href=\"https:\/\/twitter.com\/BenoitCosnefroy?ref_src=twsrc%5Etfw\">@BenoitCosnefroy<\/a> <a href=\"https:\/\/twitter.com\/AG2RCITROENTEAM?ref_src=twsrc%5Etfw\">@AG2RCITROENTEAM<\/a> <a href=\"https:\/\/t.co\/voIs3obxFC\">pic.twitter.com\/voIs3obxFC<\/a><\/p>\n<p>\u2014 Eurosport France (@Eurosport_FR) <a href=\"https:\/\/twitter.com\/Eurosport_FR\/status\/1568327494536957952?ref_src=twsrc%5Etfw\">September 9, 2022<\/a><\/p><\/blockquote>\n<p><script async src=\"https:\/\/platform.twitter.com\/widgets.js\" charset=\"utf-8\"><\/script><\/p>\n<p style=\"text-align: justify;\">Derri\u00e8re, \u00e0 4 secondes, le double tenant du titre <strong><span class=\"tojvnm2t a6sixzi8 abs2jz4q a8s20v7p t1p8iaqh k5wvi7nf q3lfd5jv pk4s997a bipmatt0 cebpdrjk qowsmv63 owwhemhu dp1hu0rb dhp61c6y iyyx5f41\"><span class=\"f7rl1if4 adechonz f6oz4yja dahkl6ri axrg9lpx rufpak1n qtovjlwq qbmienfq rfyhaz4c rdmi1yqr ohrdq8us nswx41af fawcizw8 l1aqi3e3 sdu1flz4\">Michael Matthews (Team BikeExchange Jayco) <\/span><\/span><\/strong><span class=\"tojvnm2t a6sixzi8 abs2jz4q a8s20v7p t1p8iaqh k5wvi7nf q3lfd5jv pk4s997a bipmatt0 cebpdrjk qowsmv63 owwhemhu dp1hu0rb dhp61c6y iyyx5f41\"><span class=\"f7rl1if4 adechonz f6oz4yja dahkl6ri axrg9lpx rufpak1n qtovjlwq qbmienfq rfyhaz4c rdmi1yqr ohrdq8us nswx41af fawcizw8 l1aqi3e3 sdu1flz4\">a devanc\u00e9<\/span><\/span> <strong><span class=\"tojvnm2t a6sixzi8 abs2jz4q a8s20v7p t1p8iaqh k5wvi7nf q3lfd5jv pk4s997a bipmatt0 cebpdrjk qowsmv63 owwhemhu dp1hu0rb dhp61c6y iyyx5f41\"><span class=\"f7rl1if4 adechonz f6oz4yja dahkl6ri axrg9lpx rufpak1n qtovjlwq qbmienfq rfyhaz4c rdmi1yqr ohrdq8us nswx41af fawcizw8 l1aqi3e3 sdu1flz4\">Biniam Girmay <\/span><\/span><\/strong><span class=\"tojvnm2t a6sixzi8 abs2jz4q a8s20v7p t1p8iaqh k5wvi7nf q3lfd5jv pk4s997a bipmatt0 cebpdrjk qowsmv63 owwhemhu dp1hu0rb dhp61c6y iyyx5f41\"><span class=\"f7rl1if4 adechonz f6oz4yja dahkl6ri axrg9lpx rufpak1n qtovjlwq qbmienfq rfyhaz4c rdmi1yqr ohrdq8us nswx41af fawcizw8 l1aqi3e3 sdu1flz4\">(Intermarch\u00e9 Wanty Gobert),<\/span><\/span><strong><span class=\"tojvnm2t a6sixzi8 abs2jz4q a8s20v7p t1p8iaqh k5wvi7nf q3lfd5jv pk4s997a bipmatt0 cebpdrjk qowsmv63 owwhemhu dp1hu0rb dhp61c6y iyyx5f41\"><span class=\"f7rl1if4 adechonz f6oz4yja dahkl6ri axrg9lpx rufpak1n qtovjlwq qbmienfq rfyhaz4c rdmi1yqr ohrdq8us nswx41af fawcizw8 l1aqi3e3 sdu1flz4\"> Wout van Aert <\/span><\/span><\/strong><span class=\"tojvnm2t a6sixzi8 abs2jz4q a8s20v7p t1p8iaqh k5wvi7nf q3lfd5jv pk4s997a bipmatt0 cebpdrjk qowsmv63 owwhemhu dp1hu0rb dhp61c6y iyyx5f41\"><span class=\"f7rl1if4 adechonz f6oz4yja dahkl6ri axrg9lpx rufpak1n qtovjlwq qbmienfq rfyhaz4c rdmi1yqr ohrdq8us nswx41af fawcizw8 l1aqi3e3 sdu1flz4\">(Jumbo Visma) et<\/span><\/span><strong><span class=\"tojvnm2t a6sixzi8 abs2jz4q a8s20v7p t1p8iaqh k5wvi7nf q3lfd5jv pk4s997a bipmatt0 cebpdrjk qowsmv63 owwhemhu dp1hu0rb dhp61c6y iyyx5f41\"><span class=\"f7rl1if4 adechonz f6oz4yja dahkl6ri axrg9lpx rufpak1n qtovjlwq qbmienfq rfyhaz4c rdmi1yqr ohrdq8us nswx41af fawcizw8 l1aqi3e3 sdu1flz4\"> Ivan Garcia Cortina <\/span><\/span><\/strong><span class=\"tojvnm2t a6sixzi8 abs2jz4q a8s20v7p t1p8iaqh k5wvi7nf q3lfd5jv pk4s997a bipmatt0 cebpdrjk qowsmv63 owwhemhu dp1hu0rb dhp61c6y iyyx5f41\"><span class=\"f7rl1if4 adechonz f6oz4yja dahkl6ri axrg9lpx rufpak1n qtovjlwq qbmienfq rfyhaz4c rdmi1yqr ohrdq8us nswx41af fawcizw8 l1aqi3e3 sdu1flz4\">(Movistar). <strong>Matthews <\/strong>est mont\u00e9 pour la cinqui\u00e8me fois de sa carri\u00e8re sur le podium \u00e0 Qu\u00e9bec.<br \/>\n<\/span><\/span><\/p>\n<h2 style=\"text-align: justify;\">\u00c0 lire aussi<\/h2>\n<ul>\n<li style=\"text-align: justify;\"><a href=\"https:\/\/dicodusport.fr\/blog\/classement-grand-prix-de-quebec-2022\/\"><strong>Le classement du Grand Prix de Qu\u00e9bec 2022<\/strong><\/a><\/li>\n<\/ul>\n","protected":false},"excerpt":{"rendered":"<p>CYCLISME SUR ROUTE 2022 &#8211; Beno\u00eet Cosnefroy (AG2r Citro\u00ebn) a remport\u00e9 le Grand Prix Cycliste de Qu\u00e9bec, ce vendredi. Il a devanc\u00e9 Michael Matthews (Team BikeExchange Jayco) et Biniam Girmay (Intermarch\u00e9 Wanty Gobert).<\/p>\n","protected":false},"author":48,"featured_media":260453,"comment_status":"open","ping_status":"closed","sticky":false,"template":"","format":"standard","meta":{"_acf_changed":false,"_daextam_enable_autolinks":"","footnotes":""},"categories":[46994],"tags":[574,26288,8764,24],"class_list":["post-260387","post","type-post","status-publish","format-standard","has-post-thumbnail","hentry","category-cyclisme-sur-route","tag-cyclisme","tag-grand-prix-cycliste-de-quebec","tag-grand-prix-de-quebec","tag-sport"],"acf":[],"yoast_head":"<!-- This site is optimized with the Yoast SEO Premium plugin v26.7 (Yoast SEO v26.7) - https:\/\/yoast.com\/wordpress\/plugins\/seo\/ -->\n<title>Grand Prix de Qu\u00e9bec 2022 : Beno\u00eet Cosnefroy s&#039;impose en costaud !<\/title>\n<meta name=\"description\" content=\"CYCLISME SUR ROUTE 2022 - Beno\u00eet Cosnefroy (AG2r Citro\u00ebn) a remport\u00e9 le Grand Prix Cycliste de Qu\u00e9bec, ce vendredi.\" \/>\n<meta name=\"robots\" content=\"index, follow, max-snippet:-1, max-image-preview:large, max-video-preview:-1\" \/>\n<link rel=\"canonical\" href=\"https:\/\/dicodusport.fr\/blog\/grand-prix-de-quebec-2022-benoit-cosnefroy-s-impose-en-costaud\/\" \/>\n<meta property=\"og:locale\" content=\"fr_FR\" \/>\n<meta property=\"og:type\" content=\"article\" \/>\n<meta property=\"og:title\" content=\"Grand Prix de Qu\u00e9bec 2022 : Beno\u00eet Cosnefroy s&#039;impose en costaud !\" \/>\n<meta property=\"og:description\" content=\"CYCLISME SUR ROUTE 2022 - Beno\u00eet Cosnefroy (AG2r Citro\u00ebn) a remport\u00e9 le Grand Prix Cycliste de Qu\u00e9bec, ce vendredi.\" \/>\n<meta property=\"og:url\" content=\"https:\/\/dicodusport.fr\/blog\/grand-prix-de-quebec-2022-benoit-cosnefroy-s-impose-en-costaud\/\" \/>\n<meta property=\"og:site_name\" content=\"Dicodusport\" \/>\n<meta property=\"article:publisher\" content=\"https:\/\/www.facebook.com\/dicodusport\" \/>\n<meta property=\"article:author\" content=\"https:\/\/www.facebook.com\/groups\/LesRoisDuPeloton\" \/>\n<meta property=\"article:published_time\" content=\"2022-09-09T19:54:37+00:00\" \/>\n<meta property=\"article:modified_time\" content=\"2022-09-10T09:24:43+00:00\" \/>\n<meta property=\"og:image\" content=\"https:\/\/dicodusport.fr\/blog\/wp-content\/uploads\/2022\/09\/Grand-Prix-de-Quebec-2022-Benoit-Cosnefroy-simpose-en-costaud-.png\" \/>\n\t<meta property=\"og:image:width\" content=\"800\" \/>\n\t<meta property=\"og:image:height\" content=\"445\" \/>\n\t<meta property=\"og:image:type\" content=\"image\/png\" \/>\n<meta name=\"author\" content=\"Emilien Descampiaux\" \/>\n<meta name=\"twitter:card\" content=\"summary_large_image\" \/>\n<meta name=\"twitter:title\" content=\"Grand Prix de Qu\u00e9bec 2022 : Beno\u00eet Cosnefroy s&#039;impose en costaud !\" \/>\n<meta name=\"twitter:creator\" content=\"@https:\/\/twitter.com\/LRoisDuPeloton\" \/>\n<meta name=\"twitter:site\" content=\"@dicodusport\" \/>\n<script type=\"application\/ld+json\" class=\"yoast-schema-graph\">{\"@context\":\"https:\/\/schema.org\",\"@graph\":[{\"@type\":\"NewsArticle\",\"@id\":\"https:\/\/dicodusport.fr\/blog\/grand-prix-de-quebec-2022-benoit-cosnefroy-s-impose-en-costaud\/#article\",\"isPartOf\":{\"@id\":\"https:\/\/dicodusport.fr\/blog\/grand-prix-de-quebec-2022-benoit-cosnefroy-s-impose-en-costaud\/\"},\"author\":{\"name\":\"Emilien Descampiaux\",\"@id\":\"https:\/\/dicodusport.fr\/blog\/#\/schema\/person\/6db4bae06b171592211be385b32876a7\"},\"headline\":\"Grand Prix de Qu\u00e9bec 2022 : Beno\u00eet Cosnefroy s&rsquo;impose en costaud !\",\"datePublished\":\"2022-09-09T19:54:37+00:00\",\"dateModified\":\"2022-09-10T09:24:43+00:00\",\"mainEntityOfPage\":{\"@id\":\"https:\/\/dicodusport.fr\/blog\/grand-prix-de-quebec-2022-benoit-cosnefroy-s-impose-en-costaud\/\"},\"wordCount\":516,\"commentCount\":0,\"publisher\":{\"@id\":\"https:\/\/dicodusport.fr\/blog\/#organization\"},\"image\":{\"@id\":\"https:\/\/dicodusport.fr\/blog\/grand-prix-de-quebec-2022-benoit-cosnefroy-s-impose-en-costaud\/#primaryimage\"},\"thumbnailUrl\":\"https:\/\/dicodusport.fr\/blog\/wp-content\/uploads\/2022\/09\/Grand-Prix-de-Quebec-2022-Benoit-Cosnefroy-simpose-en-costaud-.png\",\"keywords\":[\"Cyclisme\",\"Grand Prix Cycliste de Qu\u00e9bec\",\"Grand Prix de Qu\u00e9bec\",\"sport\"],\"articleSection\":[\"Cyclisme sur route\"],\"inLanguage\":\"fr-FR\",\"potentialAction\":[{\"@type\":\"CommentAction\",\"name\":\"Comment\",\"target\":[\"https:\/\/dicodusport.fr\/blog\/grand-prix-de-quebec-2022-benoit-cosnefroy-s-impose-en-costaud\/#respond\"]}],\"copyrightYear\":\"2022\",\"copyrightHolder\":{\"@id\":\"https:\/\/dicodusport.fr\/blog\/#organization\"}},{\"@type\":\"WebPage\",\"@id\":\"https:\/\/dicodusport.fr\/blog\/grand-prix-de-quebec-2022-benoit-cosnefroy-s-impose-en-costaud\/\",\"url\":\"https:\/\/dicodusport.fr\/blog\/grand-prix-de-quebec-2022-benoit-cosnefroy-s-impose-en-costaud\/\",\"name\":\"Grand Prix de Qu\u00e9bec 2022 : Beno\u00eet Cosnefroy s'impose en costaud !\",\"isPartOf\":{\"@id\":\"https:\/\/dicodusport.fr\/blog\/#website\"},\"primaryImageOfPage\":{\"@id\":\"https:\/\/dicodusport.fr\/blog\/grand-prix-de-quebec-2022-benoit-cosnefroy-s-impose-en-costaud\/#primaryimage\"},\"image\":{\"@id\":\"https:\/\/dicodusport.fr\/blog\/grand-prix-de-quebec-2022-benoit-cosnefroy-s-impose-en-costaud\/#primaryimage\"},\"thumbnailUrl\":\"https:\/\/dicodusport.fr\/blog\/wp-content\/uploads\/2022\/09\/Grand-Prix-de-Quebec-2022-Benoit-Cosnefroy-simpose-en-costaud-.png\",\"datePublished\":\"2022-09-09T19:54:37+00:00\",\"dateModified\":\"2022-09-10T09:24:43+00:00\",\"description\":\"CYCLISME SUR ROUTE 2022 - Beno\u00eet Cosnefroy (AG2r Citro\u00ebn) a remport\u00e9 le Grand Prix Cycliste de Qu\u00e9bec, ce vendredi.\",\"breadcrumb\":{\"@id\":\"https:\/\/dicodusport.fr\/blog\/grand-prix-de-quebec-2022-benoit-cosnefroy-s-impose-en-costaud\/#breadcrumb\"},\"inLanguage\":\"fr-FR\",\"potentialAction\":[{\"@type\":\"ReadAction\",\"target\":[\"https:\/\/dicodusport.fr\/blog\/grand-prix-de-quebec-2022-benoit-cosnefroy-s-impose-en-costaud\/\"]}]},{\"@type\":\"ImageObject\",\"inLanguage\":\"fr-FR\",\"@id\":\"https:\/\/dicodusport.fr\/blog\/grand-prix-de-quebec-2022-benoit-cosnefroy-s-impose-en-costaud\/#primaryimage\",\"url\":\"https:\/\/dicodusport.fr\/blog\/wp-content\/uploads\/2022\/09\/Grand-Prix-de-Quebec-2022-Benoit-Cosnefroy-simpose-en-costaud-.png\",\"contentUrl\":\"https:\/\/dicodusport.fr\/blog\/wp-content\/uploads\/2022\/09\/Grand-Prix-de-Quebec-2022-Benoit-Cosnefroy-simpose-en-costaud-.png\",\"width\":800,\"height\":445,\"caption\":\"Grand Prix de Qu\u00e9bec 2022 Beno\u00eet Cosnefroy s'impose en costaud !\"},{\"@type\":\"BreadcrumbList\",\"@id\":\"https:\/\/dicodusport.fr\/blog\/grand-prix-de-quebec-2022-benoit-cosnefroy-s-impose-en-costaud\/#breadcrumb\",\"itemListElement\":[{\"@type\":\"ListItem\",\"position\":1,\"name\":\"Accueil\",\"item\":\"https:\/\/dicodusport.fr\/blog\/\"},{\"@type\":\"ListItem\",\"position\":2,\"name\":\"Grand Prix de Qu\u00e9bec 2022 : Beno\u00eet Cosnefroy s&rsquo;impose en costaud !\"}]},{\"@type\":\"WebSite\",\"@id\":\"https:\/\/dicodusport.fr\/blog\/#website\",\"url\":\"https:\/\/dicodusport.fr\/blog\/\",\"name\":\"Dicodusport\",\"description\":\"L&#039;encyclop\u00e9die de l&#039;actualit\u00e9 sportive\",\"publisher\":{\"@id\":\"https:\/\/dicodusport.fr\/blog\/#organization\"},\"potentialAction\":[{\"@type\":\"SearchAction\",\"target\":{\"@type\":\"EntryPoint\",\"urlTemplate\":\"https:\/\/dicodusport.fr\/blog\/?s={search_term_string}\"},\"query-input\":{\"@type\":\"PropertyValueSpecification\",\"valueRequired\":true,\"valueName\":\"search_term_string\"}}],\"inLanguage\":\"fr-FR\"},{\"@type\":\"NewsMediaOrganization\",\"@id\":\"https:\/\/dicodusport.fr\/blog\/#organization\",\"name\":\"Dicodusport\",\"url\":\"https:\/\/dicodusport.fr\/blog\/\",\"logo\":{\"@type\":\"ImageObject\",\"inLanguage\":\"fr-FR\",\"@id\":\"https:\/\/dicodusport.fr\/blog\/#\/schema\/logo\/image\/\",\"url\":\"https:\/\/dicodusport.fr\/blog\/wp-content\/uploads\/2020\/06\/cropped-LOGO-DICODUSPORT-2020-SANS-FOND-SANS-TEXTE.png\",\"contentUrl\":\"https:\/\/dicodusport.fr\/blog\/wp-content\/uploads\/2020\/06\/cropped-LOGO-DICODUSPORT-2020-SANS-FOND-SANS-TEXTE.png\",\"width\":512,\"height\":512,\"caption\":\"Dicodusport\"},\"image\":{\"@id\":\"https:\/\/dicodusport.fr\/blog\/#\/schema\/logo\/image\/\"},\"sameAs\":[\"https:\/\/www.facebook.com\/dicodusport\",\"https:\/\/x.com\/dicodusport\",\"https:\/\/www.instagram.com\/dicodusport\/\",\"https:\/\/www.youtube.com\/channel\/UC7V2KZ5sd3htJivAbA4ZG3w\"],\"description\":\"Dicodusport est l'encyclop\u00e9die de l'actualit\u00e9 sportive.\",\"email\":\"bonjour@dicodusport.fr\",\"legalName\":\"DICODUSPORT\",\"foundingDate\":\"2018-01-14\",\"vatID\":\"FR71834470973\",\"taxID\":\"83447097300043\",\"numberOfEmployees\":{\"@type\":\"QuantitativeValue\",\"minValue\":\"1\",\"maxValue\":\"10\"}},{\"@type\":\"Person\",\"@id\":\"https:\/\/dicodusport.fr\/blog\/#\/schema\/person\/6db4bae06b171592211be385b32876a7\",\"name\":\"Emilien Descampiaux\",\"image\":{\"@type\":\"ImageObject\",\"inLanguage\":\"fr-FR\",\"@id\":\"https:\/\/dicodusport.fr\/blog\/#\/schema\/person\/image\/\",\"url\":\"https:\/\/dicodusport.fr\/blog\/wp-content\/uploads\/2021\/05\/Emilien-Descampiaux-150x150.jpg\",\"contentUrl\":\"https:\/\/dicodusport.fr\/blog\/wp-content\/uploads\/2021\/05\/Emilien-Descampiaux-150x150.jpg\",\"caption\":\"Emilien Descampiaux\"},\"description\":\"Journaliste\/r\u00e9dacteur depuis 2014 - Fan de la classe de Frank Vandenbroucke, je vis cyclisme (et de ses paysages) depuis plus de 20 ans. Je suis tr\u00e8s impliqu\u00e9 sur mes diff\u00e9rents r\u00e9seaux sociaux pour partager ma passion sur le monde et l'Histoire de la bicyclette avec ma voix sur les images en noir et blanc du succ\u00e8s de Rik Van Steenbergen lors du Ronde sur le V\u00e9lodrome de Gand.\",\"sameAs\":[\"https:\/\/www.facebook.com\/groups\/LesRoisDuPeloton\",\"https:\/\/x.com\/https:\/\/twitter.com\/LRoisDuPeloton\"],\"url\":\"https:\/\/dicodusport.fr\/blog\/author\/emiliend\/\"}]}<\/script>\n<!-- \/ Yoast SEO Premium plugin. -->","yoast_head_json":{"title":"Grand Prix de Qu\u00e9bec 2022 : Beno\u00eet Cosnefroy s'impose en costaud !","description":"CYCLISME SUR ROUTE 2022 - Beno\u00eet Cosnefroy (AG2r Citro\u00ebn) a remport\u00e9 le Grand Prix Cycliste de Qu\u00e9bec, ce vendredi.","robots":{"index":"index","follow":"follow","max-snippet":"max-snippet:-1","max-image-preview":"max-image-preview:large","max-video-preview":"max-video-preview:-1"},"canonical":"https:\/\/dicodusport.fr\/blog\/grand-prix-de-quebec-2022-benoit-cosnefroy-s-impose-en-costaud\/","og_locale":"fr_FR","og_type":"article","og_title":"Grand Prix de Qu\u00e9bec 2022 : Beno\u00eet Cosnefroy s'impose en costaud !","og_description":"CYCLISME SUR ROUTE 2022 - Beno\u00eet Cosnefroy (AG2r Citro\u00ebn) a remport\u00e9 le Grand Prix Cycliste de Qu\u00e9bec, ce vendredi.","og_url":"https:\/\/dicodusport.fr\/blog\/grand-prix-de-quebec-2022-benoit-cosnefroy-s-impose-en-costaud\/","og_site_name":"Dicodusport","article_publisher":"https:\/\/www.facebook.com\/dicodusport","article_author":"https:\/\/www.facebook.com\/groups\/LesRoisDuPeloton","article_published_time":"2022-09-09T19:54:37+00:00","article_modified_time":"2022-09-10T09:24:43+00:00","og_image":[{"width":800,"height":445,"url":"https:\/\/dicodusport.fr\/blog\/wp-content\/uploads\/2022\/09\/Grand-Prix-de-Quebec-2022-Benoit-Cosnefroy-simpose-en-costaud-.png","type":"image\/png"}],"author":"Emilien Descampiaux","twitter_card":"summary_large_image","twitter_title":"Grand Prix de Qu\u00e9bec 2022 : Beno\u00eet Cosnefroy s'impose en costaud !","twitter_creator":"@https:\/\/twitter.com\/LRoisDuPeloton","twitter_site":"@dicodusport","schema":{"@context":"https:\/\/schema.org","@graph":[{"@type":"NewsArticle","@id":"https:\/\/dicodusport.fr\/blog\/grand-prix-de-quebec-2022-benoit-cosnefroy-s-impose-en-costaud\/#article","isPartOf":{"@id":"https:\/\/dicodusport.fr\/blog\/grand-prix-de-quebec-2022-benoit-cosnefroy-s-impose-en-costaud\/"},"author":{"name":"Emilien Descampiaux","@id":"https:\/\/dicodusport.fr\/blog\/#\/schema\/person\/6db4bae06b171592211be385b32876a7"},"headline":"Grand Prix de Qu\u00e9bec 2022 : Beno\u00eet Cosnefroy s&rsquo;impose en costaud !","datePublished":"2022-09-09T19:54:37+00:00","dateModified":"2022-09-10T09:24:43+00:00","mainEntityOfPage":{"@id":"https:\/\/dicodusport.fr\/blog\/grand-prix-de-quebec-2022-benoit-cosnefroy-s-impose-en-costaud\/"},"wordCount":516,"commentCount":0,"publisher":{"@id":"https:\/\/dicodusport.fr\/blog\/#organization"},"image":{"@id":"https:\/\/dicodusport.fr\/blog\/grand-prix-de-quebec-2022-benoit-cosnefroy-s-impose-en-costaud\/#primaryimage"},"thumbnailUrl":"https:\/\/dicodusport.fr\/blog\/wp-content\/uploads\/2022\/09\/Grand-Prix-de-Quebec-2022-Benoit-Cosnefroy-simpose-en-costaud-.png","keywords":["Cyclisme","Grand Prix Cycliste de Qu\u00e9bec","Grand Prix de Qu\u00e9bec","sport"],"articleSection":["Cyclisme sur route"],"inLanguage":"fr-FR","potentialAction":[{"@type":"CommentAction","name":"Comment","target":["https:\/\/dicodusport.fr\/blog\/grand-prix-de-quebec-2022-benoit-cosnefroy-s-impose-en-costaud\/#respond"]}],"copyrightYear":"2022","copyrightHolder":{"@id":"https:\/\/dicodusport.fr\/blog\/#organization"}},{"@type":"WebPage","@id":"https:\/\/dicodusport.fr\/blog\/grand-prix-de-quebec-2022-benoit-cosnefroy-s-impose-en-costaud\/","url":"https:\/\/dicodusport.fr\/blog\/grand-prix-de-quebec-2022-benoit-cosnefroy-s-impose-en-costaud\/","name":"Grand Prix de Qu\u00e9bec 2022 : Beno\u00eet Cosnefroy s'impose en costaud !","isPartOf":{"@id":"https:\/\/dicodusport.fr\/blog\/#website"},"primaryImageOfPage":{"@id":"https:\/\/dicodusport.fr\/blog\/grand-prix-de-quebec-2022-benoit-cosnefroy-s-impose-en-costaud\/#primaryimage"},"image":{"@id":"https:\/\/dicodusport.fr\/blog\/grand-prix-de-quebec-2022-benoit-cosnefroy-s-impose-en-costaud\/#primaryimage"},"thumbnailUrl":"https:\/\/dicodusport.fr\/blog\/wp-content\/uploads\/2022\/09\/Grand-Prix-de-Quebec-2022-Benoit-Cosnefroy-simpose-en-costaud-.png","datePublished":"2022-09-09T19:54:37+00:00","dateModified":"2022-09-10T09:24:43+00:00","description":"CYCLISME SUR ROUTE 2022 - Beno\u00eet Cosnefroy (AG2r Citro\u00ebn) a remport\u00e9 le Grand Prix Cycliste de Qu\u00e9bec, ce vendredi.","breadcrumb":{"@id":"https:\/\/dicodusport.fr\/blog\/grand-prix-de-quebec-2022-benoit-cosnefroy-s-impose-en-costaud\/#breadcrumb"},"inLanguage":"fr-FR","potentialAction":[{"@type":"ReadAction","target":["https:\/\/dicodusport.fr\/blog\/grand-prix-de-quebec-2022-benoit-cosnefroy-s-impose-en-costaud\/"]}]},{"@type":"ImageObject","inLanguage":"fr-FR","@id":"https:\/\/dicodusport.fr\/blog\/grand-prix-de-quebec-2022-benoit-cosnefroy-s-impose-en-costaud\/#primaryimage","url":"https:\/\/dicodusport.fr\/blog\/wp-content\/uploads\/2022\/09\/Grand-Prix-de-Quebec-2022-Benoit-Cosnefroy-simpose-en-costaud-.png","contentUrl":"https:\/\/dicodusport.fr\/blog\/wp-content\/uploads\/2022\/09\/Grand-Prix-de-Quebec-2022-Benoit-Cosnefroy-simpose-en-costaud-.png","width":800,"height":445,"caption":"Grand Prix de Qu\u00e9bec 2022 Beno\u00eet Cosnefroy s'impose en costaud !"},{"@type":"BreadcrumbList","@id":"https:\/\/dicodusport.fr\/blog\/grand-prix-de-quebec-2022-benoit-cosnefroy-s-impose-en-costaud\/#breadcrumb","itemListElement":[{"@type":"ListItem","position":1,"name":"Accueil","item":"https:\/\/dicodusport.fr\/blog\/"},{"@type":"ListItem","position":2,"name":"Grand Prix de Qu\u00e9bec 2022 : Beno\u00eet Cosnefroy s&rsquo;impose en costaud !"}]},{"@type":"WebSite","@id":"https:\/\/dicodusport.fr\/blog\/#website","url":"https:\/\/dicodusport.fr\/blog\/","name":"Dicodusport","description":"L&#039;encyclop\u00e9die de l&#039;actualit\u00e9 sportive","publisher":{"@id":"https:\/\/dicodusport.fr\/blog\/#organization"},"potentialAction":[{"@type":"SearchAction","target":{"@type":"EntryPoint","urlTemplate":"https:\/\/dicodusport.fr\/blog\/?s={search_term_string}"},"query-input":{"@type":"PropertyValueSpecification","valueRequired":true,"valueName":"search_term_string"}}],"inLanguage":"fr-FR"},{"@type":"NewsMediaOrganization","@id":"https:\/\/dicodusport.fr\/blog\/#organization","name":"Dicodusport","url":"https:\/\/dicodusport.fr\/blog\/","logo":{"@type":"ImageObject","inLanguage":"fr-FR","@id":"https:\/\/dicodusport.fr\/blog\/#\/schema\/logo\/image\/","url":"https:\/\/dicodusport.fr\/blog\/wp-content\/uploads\/2020\/06\/cropped-LOGO-DICODUSPORT-2020-SANS-FOND-SANS-TEXTE.png","contentUrl":"https:\/\/dicodusport.fr\/blog\/wp-content\/uploads\/2020\/06\/cropped-LOGO-DICODUSPORT-2020-SANS-FOND-SANS-TEXTE.png","width":512,"height":512,"caption":"Dicodusport"},"image":{"@id":"https:\/\/dicodusport.fr\/blog\/#\/schema\/logo\/image\/"},"sameAs":["https:\/\/www.facebook.com\/dicodusport","https:\/\/x.com\/dicodusport","https:\/\/www.instagram.com\/dicodusport\/","https:\/\/www.youtube.com\/channel\/UC7V2KZ5sd3htJivAbA4ZG3w"],"description":"Dicodusport est l'encyclop\u00e9die de l'actualit\u00e9 sportive.","email":"bonjour@dicodusport.fr","legalName":"DICODUSPORT","foundingDate":"2018-01-14","vatID":"FR71834470973","taxID":"83447097300043","numberOfEmployees":{"@type":"QuantitativeValue","minValue":"1","maxValue":"10"}},{"@type":"Person","@id":"https:\/\/dicodusport.fr\/blog\/#\/schema\/person\/6db4bae06b171592211be385b32876a7","name":"Emilien Descampiaux","image":{"@type":"ImageObject","inLanguage":"fr-FR","@id":"https:\/\/dicodusport.fr\/blog\/#\/schema\/person\/image\/","url":"https:\/\/dicodusport.fr\/blog\/wp-content\/uploads\/2021\/05\/Emilien-Descampiaux-150x150.jpg","contentUrl":"https:\/\/dicodusport.fr\/blog\/wp-content\/uploads\/2021\/05\/Emilien-Descampiaux-150x150.jpg","caption":"Emilien Descampiaux"},"description":"Journaliste\/r\u00e9dacteur depuis 2014 - Fan de la classe de Frank Vandenbroucke, je vis cyclisme (et de ses paysages) depuis plus de 20 ans. Je suis tr\u00e8s impliqu\u00e9 sur mes diff\u00e9rents r\u00e9seaux sociaux pour partager ma passion sur le monde et l'Histoire de la bicyclette avec ma voix sur les images en noir et blanc du succ\u00e8s de Rik Van Steenbergen lors du Ronde sur le V\u00e9lodrome de Gand.","sameAs":["https:\/\/www.facebook.com\/groups\/LesRoisDuPeloton","https:\/\/x.com\/https:\/\/twitter.com\/LRoisDuPeloton"],"url":"https:\/\/dicodusport.fr\/blog\/author\/emiliend\/"}]}},"_links":{"self":[{"href":"https:\/\/dicodusport.fr\/blog\/wp-json\/wp\/v2\/posts\/260387","targetHints":{"allow":["GET"]}}],"collection":[{"href":"https:\/\/dicodusport.fr\/blog\/wp-json\/wp\/v2\/posts"}],"about":[{"href":"https:\/\/dicodusport.fr\/blog\/wp-json\/wp\/v2\/types\/post"}],"author":[{"embeddable":true,"href":"https:\/\/dicodusport.fr\/blog\/wp-json\/wp\/v2\/users\/48"}],"replies":[{"embeddable":true,"href":"https:\/\/dicodusport.fr\/blog\/wp-json\/wp\/v2\/comments?post=260387"}],"version-history":[{"count":0,"href":"https:\/\/dicodusport.fr\/blog\/wp-json\/wp\/v2\/posts\/260387\/revisions"}],"wp:featuredmedia":[{"embeddable":true,"href":"https:\/\/dicodusport.fr\/blog\/wp-json\/wp\/v2\/media\/260453"}],"wp:attachment":[{"href":"https:\/\/dicodusport.fr\/blog\/wp-json\/wp\/v2\/media?parent=260387"}],"wp:term":[{"taxonomy":"category","embeddable":true,"href":"https:\/\/dicodusport.fr\/blog\/wp-json\/wp\/v2\/categories?post=260387"},{"taxonomy":"post_tag","embeddable":true,"href":"https:\/\/dicodusport.fr\/blog\/wp-json\/wp\/v2\/tags?post=260387"}],"curies":[{"name":"wp","href":"https:\/\/api.w.org\/{rel}","templated":true}]}}