{"id":260877,"date":"2022-09-11T11:56:37","date_gmt":"2022-09-11T09:56:37","guid":{"rendered":"https:\/\/dicodusport.fr\/blog\/?p=260877&#038;preview=true&#038;preview_id=260877"},"modified":"2022-09-11T11:56:17","modified_gmt":"2022-09-11T09:56:17","slug":"formule-3-victor-martins-sacre-champion-au-bout-du-suspense","status":"publish","type":"post","link":"https:\/\/dicodusport.fr\/blog\/formule-3-victor-martins-sacre-champion-au-bout-du-suspense\/","title":{"rendered":"Formule 3 : Victor Martins sacr\u00e9 champion au bout du suspense !"},"content":{"rendered":"<p style=\"text-align: justify;\"><b><i>FORMULE 3 &#8211; C&rsquo;est fait ! Au bout d&rsquo;une attente interminable, le Fran\u00e7ais Victor Martins est devenu ce dimanche champion du monde de F3, \u00e0 Monza (Italie). Il succ\u00e8de au palmar\u00e8s au regrett\u00e9 Anthoine Hubert, dernier pilote tricolore sacr\u00e9 dans la cat\u00e9gorie en 2018.<\/i><\/b><\/p>\n<p style=\"text-align: justify;\">Il l&rsquo;a fait ! Au terme d&rsquo;une ultime course \u00e9touffante, <strong>Victor Martins<\/strong> <strong>devient champion de Formule 3 2022<\/strong> ! Mais que l&rsquo;attente fut longue pour le pilote fran\u00e7ais de 21 ans ! Dixi\u00e8me de la course courte samedi, Martins disposait d&rsquo;un matelas de 6 points d&rsquo;avance (127 contre 121) sur son compatriote <strong>Isack Hadjar<\/strong>, membre de l&rsquo;Acad\u00e9mie Red Bull et <a href=\"https:\/\/dicodusport.fr\/blog\/f3-autriche-double-francais-a-spielberg-isack-hadjar-en-patron\/\">auteur d&rsquo;une premi\u00e8re saison en <strong>F3<\/strong> de grande qualit\u00e9<\/a>.<\/p>\n<p style=\"text-align: justify;\">Ce dimanche, sur la grille de la course longue, le pilote prot\u00e9g\u00e9 par Alpine s&rsquo;\u00e9lan\u00e7ait de la 4\u00e8me place, tandis qu&rsquo;<strong>Hadjar<\/strong> n&rsquo;\u00e9tait que 16\u00e8me sur la grille. Mais <strong>Victor Martins<\/strong> devait aussi regarder au-del\u00e0 d&rsquo;<strong>Isack Hadjar<\/strong> : <strong>Maloney<\/strong> et <strong>Stanek<\/strong> (Trident), \u00e0 18 points de Martins au classement, pouvaient \u00e9galement y croire, tout comme l&rsquo;homme en forme de cette fin de saison, <strong>Oliver Bearman<\/strong> (Prema), troisi\u00e8me \u00e0 12 points. Ce dernier s&rsquo;\u00e9lan\u00e7ait depuis la 8\u00e8me place sur la grille.<\/p>\n<h2 style=\"text-align: justify;\">Martins fait le job et un d\u00e9nouement heureux<\/h2>\n<p style=\"text-align: justify;\">D\u00e8s le d\u00e9part de la course longue de 22 tours, <strong>Victor Martins<\/strong> montre qu&rsquo;il n&rsquo;est pas leader du classement des pilotes pour rien. Il passe en troisi\u00e8me position d\u00e8s le premier virage. Le Tricolore s&#8217;empare m\u00eame de la t\u00eate de la course apr\u00e8s la relance, suite \u00e0 une premi\u00e8re intervention de la safety-car<span class=\"name\">. Finalement, Maloney parviendra \u00e0 revenir sur le Fran\u00e7ais, et \u00e0 le d\u00e9passer. Puis c&rsquo;est au tour d&rsquo;<strong>Oliver Bearman<\/strong>, en mode avion de chasse une nouvelle fois, de doubler un <strong>Victor Martins<\/strong> en gestion. Bearman finira par passer Maloney, avant le tournant de la course, et de la saison !\u00a0<\/span><\/p>\n<p style=\"text-align: justify;\">\u00c0 5 tours de l&rsquo;arriv\u00e9e, <strong>Brad Benavides<\/strong> et <strong>Kush Maini<\/strong> se crashent violemment. La safety-car, puis le drapeau rouge, sont d\u00e9ploy\u00e9s. Finalement, la course ne repartira pas. Malgr\u00e9 5 secondes de p\u00e9nalit\u00e9 re\u00e7ues pour track limits et une d\u00e9cision longue \u00e0 venir, <strong>Victor Martins<\/strong>, 4\u00e8me de la course, est sacr\u00e9 champion de Formule 3. Le natif de l&rsquo;Essonne d\u00e9croche son deuxi\u00e8me titre majeur en carri\u00e8re, apr\u00e8s son sacre de champion de Formula Renault Eurocup en 2020. L&rsquo;an prochain, le pilote de 21 ans devrait passer en F2, toujours sous le giron Alpine. M\u00eame chose pour <strong>Isack Hadjar<\/strong>, finalement 4\u00e8me du championnat pour sa premi\u00e8re saison F3. \u00c0 17 ans, il devrait arriver en Formule 2 d\u00e8s la saison prochaine.<\/p>\n<blockquote class=\"twitter-tweet\">\n<p dir=\"ltr\" lang=\"fr\">&#x1f5e8;&#xfe0f; \u00ab\u00a0C&rsquo;\u00e9tait trop pour moi, c&rsquo;\u00e9tait trop pour tout le monde je crois\u00a0\u00bb<\/p>\n<p>Le nouveau champion de F3 <a href=\"https:\/\/twitter.com\/VictorMartinsFR?ref_src=twsrc%5Etfw\">@VictorMartinsFR<\/a> revient sur cette fin de championnat totalement folle ! &#x1f3c6;&#x1f1eb;&#x1f1f7;<a href=\"https:\/\/twitter.com\/hashtag\/ItalianGP?src=hash&amp;ref_src=twsrc%5Etfw\">#ItalianGP<\/a> <a href=\"https:\/\/t.co\/5rOsPQyQco\">pic.twitter.com\/5rOsPQyQco<\/a><\/p>\n<p>\u2014 CANAL+ F1\u00ae (@CanalplusF1) <a href=\"https:\/\/twitter.com\/CanalplusF1\/status\/1568874004911472643?ref_src=twsrc%5Etfw\">September 11, 2022<\/a><\/p><\/blockquote>\n<p><script async src=\"https:\/\/platform.twitter.com\/widgets.js\" charset=\"utf-8\"><\/script><\/p>\n","protected":false},"excerpt":{"rendered":"<p>FORMULE 3 &#8211; C&rsquo;est fait ! Au bout d&rsquo;une attente interminable, le Fran\u00e7ais Victor Martins est devenu ce dimanche champion du monde de F3, \u00e0 Monza (Italie). Il succ\u00e8de au palmar\u00e8s au regrett\u00e9 Anthoine Hubert, dernier pilote tricolore sacr\u00e9 dans la cat\u00e9gorie en 2018.<\/p>\n","protected":false},"author":4,"featured_media":260899,"comment_status":"open","ping_status":"closed","sticky":false,"template":"","format":"standard","meta":{"_acf_changed":false,"_daextam_enable_autolinks":"","footnotes":""},"categories":[47086],"tags":[6271,24],"class_list":["post-260877","post","type-post","status-publish","format-standard","has-post-thumbnail","hentry","category-formules-de-promotion","tag-formule-3","tag-sport"],"acf":[],"yoast_head":"<!-- This site is optimized with the Yoast SEO Premium plugin v26.7 (Yoast SEO v26.7) - https:\/\/yoast.com\/wordpress\/plugins\/seo\/ -->\n<title>Formule 3 : Victor Martins sacr\u00e9 champion au bout du suspense !<\/title>\n<meta name=\"description\" content=\"FORMULE 3 - C&#039;est fait ! Au bout d&#039;une attente interminable, le Fran\u00e7ais Victor Martins est devenu ce dimanche champion du monde de F3.\" \/>\n<meta name=\"robots\" content=\"index, follow, max-snippet:-1, max-image-preview:large, max-video-preview:-1\" \/>\n<link rel=\"canonical\" href=\"https:\/\/dicodusport.fr\/blog\/formule-3-victor-martins-sacre-champion-au-bout-du-suspense\/\" \/>\n<meta property=\"og:locale\" content=\"fr_FR\" \/>\n<meta property=\"og:type\" content=\"article\" \/>\n<meta property=\"og:title\" content=\"Formule 3 : Victor Martins sacr\u00e9 champion au bout du suspense !\" \/>\n<meta property=\"og:description\" content=\"FORMULE 3 - C&#039;est fait ! Au bout d&#039;une attente interminable, le Fran\u00e7ais Victor Martins est devenu ce dimanche champion du monde de F3.\" \/>\n<meta property=\"og:url\" content=\"https:\/\/dicodusport.fr\/blog\/formule-3-victor-martins-sacre-champion-au-bout-du-suspense\/\" \/>\n<meta property=\"og:site_name\" content=\"Dicodusport\" \/>\n<meta property=\"article:publisher\" content=\"https:\/\/www.facebook.com\/dicodusport\" \/>\n<meta property=\"article:author\" content=\"https:\/\/www.facebook.com\/florent.ostermann\" \/>\n<meta property=\"article:published_time\" content=\"2022-09-11T09:56:37+00:00\" \/>\n<meta property=\"og:image\" content=\"https:\/\/dicodusport.fr\/blog\/wp-content\/uploads\/2022\/09\/Formule-3-Victor-Martins-sacre-champion-au-bout-du-suspense-.png\" \/>\n\t<meta property=\"og:image:width\" content=\"800\" \/>\n\t<meta property=\"og:image:height\" content=\"445\" \/>\n\t<meta property=\"og:image:type\" content=\"image\/png\" \/>\n<meta name=\"author\" content=\"Flo Ostermann\" \/>\n<meta name=\"twitter:card\" content=\"summary_large_image\" \/>\n<meta name=\"twitter:title\" content=\"Formule 3 : Victor Martins sacr\u00e9 champion au bout du suspense !\" \/>\n<meta name=\"twitter:creator\" content=\"@https:\/\/twitter.com\/FlOstermann\" \/>\n<meta name=\"twitter:site\" content=\"@dicodusport\" \/>\n<script type=\"application\/ld+json\" class=\"yoast-schema-graph\">{\"@context\":\"https:\/\/schema.org\",\"@graph\":[{\"@type\":\"NewsArticle\",\"@id\":\"https:\/\/dicodusport.fr\/blog\/formule-3-victor-martins-sacre-champion-au-bout-du-suspense\/#article\",\"isPartOf\":{\"@id\":\"https:\/\/dicodusport.fr\/blog\/formule-3-victor-martins-sacre-champion-au-bout-du-suspense\/\"},\"author\":{\"name\":\"Flo Ostermann\",\"@id\":\"https:\/\/dicodusport.fr\/blog\/#\/schema\/person\/cb02af4c173ce4a653b55e9baf388d4a\"},\"headline\":\"Formule 3 : Victor Martins sacr\u00e9 champion au bout du suspense !\",\"datePublished\":\"2022-09-11T09:56:37+00:00\",\"mainEntityOfPage\":{\"@id\":\"https:\/\/dicodusport.fr\/blog\/formule-3-victor-martins-sacre-champion-au-bout-du-suspense\/\"},\"wordCount\":507,\"commentCount\":0,\"publisher\":{\"@id\":\"https:\/\/dicodusport.fr\/blog\/#organization\"},\"image\":{\"@id\":\"https:\/\/dicodusport.fr\/blog\/formule-3-victor-martins-sacre-champion-au-bout-du-suspense\/#primaryimage\"},\"thumbnailUrl\":\"https:\/\/dicodusport.fr\/blog\/wp-content\/uploads\/2022\/09\/Formule-3-Victor-Martins-sacre-champion-au-bout-du-suspense-.png\",\"keywords\":[\"Formule 3\",\"sport\"],\"articleSection\":[\"Formules de promotion\"],\"inLanguage\":\"fr-FR\",\"potentialAction\":[{\"@type\":\"CommentAction\",\"name\":\"Comment\",\"target\":[\"https:\/\/dicodusport.fr\/blog\/formule-3-victor-martins-sacre-champion-au-bout-du-suspense\/#respond\"]}],\"copyrightYear\":\"2022\",\"copyrightHolder\":{\"@id\":\"https:\/\/dicodusport.fr\/blog\/#organization\"}},{\"@type\":\"WebPage\",\"@id\":\"https:\/\/dicodusport.fr\/blog\/formule-3-victor-martins-sacre-champion-au-bout-du-suspense\/\",\"url\":\"https:\/\/dicodusport.fr\/blog\/formule-3-victor-martins-sacre-champion-au-bout-du-suspense\/\",\"name\":\"Formule 3 : Victor Martins sacr\u00e9 champion au bout du suspense !\",\"isPartOf\":{\"@id\":\"https:\/\/dicodusport.fr\/blog\/#website\"},\"primaryImageOfPage\":{\"@id\":\"https:\/\/dicodusport.fr\/blog\/formule-3-victor-martins-sacre-champion-au-bout-du-suspense\/#primaryimage\"},\"image\":{\"@id\":\"https:\/\/dicodusport.fr\/blog\/formule-3-victor-martins-sacre-champion-au-bout-du-suspense\/#primaryimage\"},\"thumbnailUrl\":\"https:\/\/dicodusport.fr\/blog\/wp-content\/uploads\/2022\/09\/Formule-3-Victor-Martins-sacre-champion-au-bout-du-suspense-.png\",\"datePublished\":\"2022-09-11T09:56:37+00:00\",\"description\":\"FORMULE 3 - C'est fait ! Au bout d'une attente interminable, le Fran\u00e7ais Victor Martins est devenu ce dimanche champion du monde de F3.\",\"breadcrumb\":{\"@id\":\"https:\/\/dicodusport.fr\/blog\/formule-3-victor-martins-sacre-champion-au-bout-du-suspense\/#breadcrumb\"},\"inLanguage\":\"fr-FR\",\"potentialAction\":[{\"@type\":\"ReadAction\",\"target\":[\"https:\/\/dicodusport.fr\/blog\/formule-3-victor-martins-sacre-champion-au-bout-du-suspense\/\"]}]},{\"@type\":\"ImageObject\",\"inLanguage\":\"fr-FR\",\"@id\":\"https:\/\/dicodusport.fr\/blog\/formule-3-victor-martins-sacre-champion-au-bout-du-suspense\/#primaryimage\",\"url\":\"https:\/\/dicodusport.fr\/blog\/wp-content\/uploads\/2022\/09\/Formule-3-Victor-Martins-sacre-champion-au-bout-du-suspense-.png\",\"contentUrl\":\"https:\/\/dicodusport.fr\/blog\/wp-content\/uploads\/2022\/09\/Formule-3-Victor-Martins-sacre-champion-au-bout-du-suspense-.png\",\"width\":800,\"height\":445,\"caption\":\"Formule 3 Victor Martins sacr\u00e9 champion au bout du suspense !\"},{\"@type\":\"BreadcrumbList\",\"@id\":\"https:\/\/dicodusport.fr\/blog\/formule-3-victor-martins-sacre-champion-au-bout-du-suspense\/#breadcrumb\",\"itemListElement\":[{\"@type\":\"ListItem\",\"position\":1,\"name\":\"Accueil\",\"item\":\"https:\/\/dicodusport.fr\/blog\/\"},{\"@type\":\"ListItem\",\"position\":2,\"name\":\"Formule 3 : Victor Martins sacr\u00e9 champion au bout du suspense !\"}]},{\"@type\":\"WebSite\",\"@id\":\"https:\/\/dicodusport.fr\/blog\/#website\",\"url\":\"https:\/\/dicodusport.fr\/blog\/\",\"name\":\"Dicodusport\",\"description\":\"L&#039;encyclop\u00e9die de l&#039;actualit\u00e9 sportive\",\"publisher\":{\"@id\":\"https:\/\/dicodusport.fr\/blog\/#organization\"},\"potentialAction\":[{\"@type\":\"SearchAction\",\"target\":{\"@type\":\"EntryPoint\",\"urlTemplate\":\"https:\/\/dicodusport.fr\/blog\/?s={search_term_string}\"},\"query-input\":{\"@type\":\"PropertyValueSpecification\",\"valueRequired\":true,\"valueName\":\"search_term_string\"}}],\"inLanguage\":\"fr-FR\"},{\"@type\":\"NewsMediaOrganization\",\"@id\":\"https:\/\/dicodusport.fr\/blog\/#organization\",\"name\":\"Dicodusport\",\"url\":\"https:\/\/dicodusport.fr\/blog\/\",\"logo\":{\"@type\":\"ImageObject\",\"inLanguage\":\"fr-FR\",\"@id\":\"https:\/\/dicodusport.fr\/blog\/#\/schema\/logo\/image\/\",\"url\":\"https:\/\/dicodusport.fr\/blog\/wp-content\/uploads\/2020\/06\/cropped-LOGO-DICODUSPORT-2020-SANS-FOND-SANS-TEXTE.png\",\"contentUrl\":\"https:\/\/dicodusport.fr\/blog\/wp-content\/uploads\/2020\/06\/cropped-LOGO-DICODUSPORT-2020-SANS-FOND-SANS-TEXTE.png\",\"width\":512,\"height\":512,\"caption\":\"Dicodusport\"},\"image\":{\"@id\":\"https:\/\/dicodusport.fr\/blog\/#\/schema\/logo\/image\/\"},\"sameAs\":[\"https:\/\/www.facebook.com\/dicodusport\",\"https:\/\/x.com\/dicodusport\",\"https:\/\/www.instagram.com\/dicodusport\/\",\"https:\/\/www.youtube.com\/channel\/UC7V2KZ5sd3htJivAbA4ZG3w\"],\"description\":\"Dicodusport est l'encyclop\u00e9die de l'actualit\u00e9 sportive.\",\"email\":\"bonjour@dicodusport.fr\",\"legalName\":\"DICODUSPORT\",\"foundingDate\":\"2018-01-14\",\"vatID\":\"FR71834470973\",\"taxID\":\"83447097300043\",\"numberOfEmployees\":{\"@type\":\"QuantitativeValue\",\"minValue\":\"1\",\"maxValue\":\"10\"}},{\"@type\":\"Person\",\"@id\":\"https:\/\/dicodusport.fr\/blog\/#\/schema\/person\/cb02af4c173ce4a653b55e9baf388d4a\",\"name\":\"Flo Ostermann\",\"image\":{\"@type\":\"ImageObject\",\"inLanguage\":\"fr-FR\",\"@id\":\"https:\/\/dicodusport.fr\/blog\/#\/schema\/person\/image\/\",\"url\":\"https:\/\/dicodusport.fr\/blog\/wp-content\/uploads\/2021\/05\/Flo-Ostermann-150x150.jpg\",\"contentUrl\":\"https:\/\/dicodusport.fr\/blog\/wp-content\/uploads\/2021\/05\/Flo-Ostermann-150x150.jpg\",\"caption\":\"Flo Ostermann\"},\"description\":\"Journaliste\/R\u00e9dacteur depuis septembre 2015 - Mes premiers souvenirs dans le sport ? Les envol\u00e9es du Stade Toulousain et les duels Villeneuve-Schumacher et H\u00e4kkinen-Schumacher \u00e0 la fin des ann\u00e9es 90, la Coupe du monde de football en 1998, l\u2019exploit du XV de France face aux All Blacks en 1999, mais aussi Richard C\u0153ur de Lion qui vole sur les montagnes du Tour de France. Bien parti pour devenir professeur d\u2019EPS, les \u00e9v\u00e9nements de la vie (et la flemme d\u2019animer des s\u00e9ances de 3x500 m\u00e8tres toute ma vie) m\u2019ont conduit \u00e0 revoir mes plans. Me voil\u00e0 depuis fin 2017 sur Dicodusport, m\u00e9dia gr\u00e2ce (et pour) lequel je partage ma passion : le sport dans tous ses \u00e9tats. Le tout accompagn\u00e9 par les fous furieux et folles furieuses cit\u00e9s sur cette page !\",\"sameAs\":[\"https:\/\/www.facebook.com\/florent.ostermann\",\"https:\/\/x.com\/https:\/\/twitter.com\/FlOstermann\",\"admin\"],\"url\":\"https:\/\/dicodusport.fr\/blog\/author\/flo\/\"}]}<\/script>\n<!-- \/ Yoast SEO Premium plugin. -->","yoast_head_json":{"title":"Formule 3 : Victor Martins sacr\u00e9 champion au bout du suspense !","description":"FORMULE 3 - C'est fait ! Au bout d'une attente interminable, le Fran\u00e7ais Victor Martins est devenu ce dimanche champion du monde de F3.","robots":{"index":"index","follow":"follow","max-snippet":"max-snippet:-1","max-image-preview":"max-image-preview:large","max-video-preview":"max-video-preview:-1"},"canonical":"https:\/\/dicodusport.fr\/blog\/formule-3-victor-martins-sacre-champion-au-bout-du-suspense\/","og_locale":"fr_FR","og_type":"article","og_title":"Formule 3 : Victor Martins sacr\u00e9 champion au bout du suspense !","og_description":"FORMULE 3 - C'est fait ! Au bout d'une attente interminable, le Fran\u00e7ais Victor Martins est devenu ce dimanche champion du monde de F3.","og_url":"https:\/\/dicodusport.fr\/blog\/formule-3-victor-martins-sacre-champion-au-bout-du-suspense\/","og_site_name":"Dicodusport","article_publisher":"https:\/\/www.facebook.com\/dicodusport","article_author":"https:\/\/www.facebook.com\/florent.ostermann","article_published_time":"2022-09-11T09:56:37+00:00","og_image":[{"width":800,"height":445,"url":"https:\/\/dicodusport.fr\/blog\/wp-content\/uploads\/2022\/09\/Formule-3-Victor-Martins-sacre-champion-au-bout-du-suspense-.png","type":"image\/png"}],"author":"Flo Ostermann","twitter_card":"summary_large_image","twitter_title":"Formule 3 : Victor Martins sacr\u00e9 champion au bout du suspense !","twitter_creator":"@https:\/\/twitter.com\/FlOstermann","twitter_site":"@dicodusport","schema":{"@context":"https:\/\/schema.org","@graph":[{"@type":"NewsArticle","@id":"https:\/\/dicodusport.fr\/blog\/formule-3-victor-martins-sacre-champion-au-bout-du-suspense\/#article","isPartOf":{"@id":"https:\/\/dicodusport.fr\/blog\/formule-3-victor-martins-sacre-champion-au-bout-du-suspense\/"},"author":{"name":"Flo Ostermann","@id":"https:\/\/dicodusport.fr\/blog\/#\/schema\/person\/cb02af4c173ce4a653b55e9baf388d4a"},"headline":"Formule 3 : Victor Martins sacr\u00e9 champion au bout du suspense !","datePublished":"2022-09-11T09:56:37+00:00","mainEntityOfPage":{"@id":"https:\/\/dicodusport.fr\/blog\/formule-3-victor-martins-sacre-champion-au-bout-du-suspense\/"},"wordCount":507,"commentCount":0,"publisher":{"@id":"https:\/\/dicodusport.fr\/blog\/#organization"},"image":{"@id":"https:\/\/dicodusport.fr\/blog\/formule-3-victor-martins-sacre-champion-au-bout-du-suspense\/#primaryimage"},"thumbnailUrl":"https:\/\/dicodusport.fr\/blog\/wp-content\/uploads\/2022\/09\/Formule-3-Victor-Martins-sacre-champion-au-bout-du-suspense-.png","keywords":["Formule 3","sport"],"articleSection":["Formules de promotion"],"inLanguage":"fr-FR","potentialAction":[{"@type":"CommentAction","name":"Comment","target":["https:\/\/dicodusport.fr\/blog\/formule-3-victor-martins-sacre-champion-au-bout-du-suspense\/#respond"]}],"copyrightYear":"2022","copyrightHolder":{"@id":"https:\/\/dicodusport.fr\/blog\/#organization"}},{"@type":"WebPage","@id":"https:\/\/dicodusport.fr\/blog\/formule-3-victor-martins-sacre-champion-au-bout-du-suspense\/","url":"https:\/\/dicodusport.fr\/blog\/formule-3-victor-martins-sacre-champion-au-bout-du-suspense\/","name":"Formule 3 : Victor Martins sacr\u00e9 champion au bout du suspense !","isPartOf":{"@id":"https:\/\/dicodusport.fr\/blog\/#website"},"primaryImageOfPage":{"@id":"https:\/\/dicodusport.fr\/blog\/formule-3-victor-martins-sacre-champion-au-bout-du-suspense\/#primaryimage"},"image":{"@id":"https:\/\/dicodusport.fr\/blog\/formule-3-victor-martins-sacre-champion-au-bout-du-suspense\/#primaryimage"},"thumbnailUrl":"https:\/\/dicodusport.fr\/blog\/wp-content\/uploads\/2022\/09\/Formule-3-Victor-Martins-sacre-champion-au-bout-du-suspense-.png","datePublished":"2022-09-11T09:56:37+00:00","description":"FORMULE 3 - C'est fait ! Au bout d'une attente interminable, le Fran\u00e7ais Victor Martins est devenu ce dimanche champion du monde de F3.","breadcrumb":{"@id":"https:\/\/dicodusport.fr\/blog\/formule-3-victor-martins-sacre-champion-au-bout-du-suspense\/#breadcrumb"},"inLanguage":"fr-FR","potentialAction":[{"@type":"ReadAction","target":["https:\/\/dicodusport.fr\/blog\/formule-3-victor-martins-sacre-champion-au-bout-du-suspense\/"]}]},{"@type":"ImageObject","inLanguage":"fr-FR","@id":"https:\/\/dicodusport.fr\/blog\/formule-3-victor-martins-sacre-champion-au-bout-du-suspense\/#primaryimage","url":"https:\/\/dicodusport.fr\/blog\/wp-content\/uploads\/2022\/09\/Formule-3-Victor-Martins-sacre-champion-au-bout-du-suspense-.png","contentUrl":"https:\/\/dicodusport.fr\/blog\/wp-content\/uploads\/2022\/09\/Formule-3-Victor-Martins-sacre-champion-au-bout-du-suspense-.png","width":800,"height":445,"caption":"Formule 3 Victor Martins sacr\u00e9 champion au bout du suspense !"},{"@type":"BreadcrumbList","@id":"https:\/\/dicodusport.fr\/blog\/formule-3-victor-martins-sacre-champion-au-bout-du-suspense\/#breadcrumb","itemListElement":[{"@type":"ListItem","position":1,"name":"Accueil","item":"https:\/\/dicodusport.fr\/blog\/"},{"@type":"ListItem","position":2,"name":"Formule 3 : Victor Martins sacr\u00e9 champion au bout du suspense !"}]},{"@type":"WebSite","@id":"https:\/\/dicodusport.fr\/blog\/#website","url":"https:\/\/dicodusport.fr\/blog\/","name":"Dicodusport","description":"L&#039;encyclop\u00e9die de l&#039;actualit\u00e9 sportive","publisher":{"@id":"https:\/\/dicodusport.fr\/blog\/#organization"},"potentialAction":[{"@type":"SearchAction","target":{"@type":"EntryPoint","urlTemplate":"https:\/\/dicodusport.fr\/blog\/?s={search_term_string}"},"query-input":{"@type":"PropertyValueSpecification","valueRequired":true,"valueName":"search_term_string"}}],"inLanguage":"fr-FR"},{"@type":"NewsMediaOrganization","@id":"https:\/\/dicodusport.fr\/blog\/#organization","name":"Dicodusport","url":"https:\/\/dicodusport.fr\/blog\/","logo":{"@type":"ImageObject","inLanguage":"fr-FR","@id":"https:\/\/dicodusport.fr\/blog\/#\/schema\/logo\/image\/","url":"https:\/\/dicodusport.fr\/blog\/wp-content\/uploads\/2020\/06\/cropped-LOGO-DICODUSPORT-2020-SANS-FOND-SANS-TEXTE.png","contentUrl":"https:\/\/dicodusport.fr\/blog\/wp-content\/uploads\/2020\/06\/cropped-LOGO-DICODUSPORT-2020-SANS-FOND-SANS-TEXTE.png","width":512,"height":512,"caption":"Dicodusport"},"image":{"@id":"https:\/\/dicodusport.fr\/blog\/#\/schema\/logo\/image\/"},"sameAs":["https:\/\/www.facebook.com\/dicodusport","https:\/\/x.com\/dicodusport","https:\/\/www.instagram.com\/dicodusport\/","https:\/\/www.youtube.com\/channel\/UC7V2KZ5sd3htJivAbA4ZG3w"],"description":"Dicodusport est l'encyclop\u00e9die de l'actualit\u00e9 sportive.","email":"bonjour@dicodusport.fr","legalName":"DICODUSPORT","foundingDate":"2018-01-14","vatID":"FR71834470973","taxID":"83447097300043","numberOfEmployees":{"@type":"QuantitativeValue","minValue":"1","maxValue":"10"}},{"@type":"Person","@id":"https:\/\/dicodusport.fr\/blog\/#\/schema\/person\/cb02af4c173ce4a653b55e9baf388d4a","name":"Flo Ostermann","image":{"@type":"ImageObject","inLanguage":"fr-FR","@id":"https:\/\/dicodusport.fr\/blog\/#\/schema\/person\/image\/","url":"https:\/\/dicodusport.fr\/blog\/wp-content\/uploads\/2021\/05\/Flo-Ostermann-150x150.jpg","contentUrl":"https:\/\/dicodusport.fr\/blog\/wp-content\/uploads\/2021\/05\/Flo-Ostermann-150x150.jpg","caption":"Flo Ostermann"},"description":"Journaliste\/R\u00e9dacteur depuis septembre 2015 - Mes premiers souvenirs dans le sport ? Les envol\u00e9es du Stade Toulousain et les duels Villeneuve-Schumacher et H\u00e4kkinen-Schumacher \u00e0 la fin des ann\u00e9es 90, la Coupe du monde de football en 1998, l\u2019exploit du XV de France face aux All Blacks en 1999, mais aussi Richard C\u0153ur de Lion qui vole sur les montagnes du Tour de France. Bien parti pour devenir professeur d\u2019EPS, les \u00e9v\u00e9nements de la vie (et la flemme d\u2019animer des s\u00e9ances de 3x500 m\u00e8tres toute ma vie) m\u2019ont conduit \u00e0 revoir mes plans. Me voil\u00e0 depuis fin 2017 sur Dicodusport, m\u00e9dia gr\u00e2ce (et pour) lequel je partage ma passion : le sport dans tous ses \u00e9tats. Le tout accompagn\u00e9 par les fous furieux et folles furieuses cit\u00e9s sur cette page !","sameAs":["https:\/\/www.facebook.com\/florent.ostermann","https:\/\/x.com\/https:\/\/twitter.com\/FlOstermann","admin"],"url":"https:\/\/dicodusport.fr\/blog\/author\/flo\/"}]}},"_links":{"self":[{"href":"https:\/\/dicodusport.fr\/blog\/wp-json\/wp\/v2\/posts\/260877","targetHints":{"allow":["GET"]}}],"collection":[{"href":"https:\/\/dicodusport.fr\/blog\/wp-json\/wp\/v2\/posts"}],"about":[{"href":"https:\/\/dicodusport.fr\/blog\/wp-json\/wp\/v2\/types\/post"}],"author":[{"embeddable":true,"href":"https:\/\/dicodusport.fr\/blog\/wp-json\/wp\/v2\/users\/4"}],"replies":[{"embeddable":true,"href":"https:\/\/dicodusport.fr\/blog\/wp-json\/wp\/v2\/comments?post=260877"}],"version-history":[{"count":0,"href":"https:\/\/dicodusport.fr\/blog\/wp-json\/wp\/v2\/posts\/260877\/revisions"}],"wp:featuredmedia":[{"embeddable":true,"href":"https:\/\/dicodusport.fr\/blog\/wp-json\/wp\/v2\/media\/260899"}],"wp:attachment":[{"href":"https:\/\/dicodusport.fr\/blog\/wp-json\/wp\/v2\/media?parent=260877"}],"wp:term":[{"taxonomy":"category","embeddable":true,"href":"https:\/\/dicodusport.fr\/blog\/wp-json\/wp\/v2\/categories?post=260877"},{"taxonomy":"post_tag","embeddable":true,"href":"https:\/\/dicodusport.fr\/blog\/wp-json\/wp\/v2\/tags?post=260877"}],"curies":[{"name":"wp","href":"https:\/\/api.w.org\/{rel}","templated":true}]}}