{"id":261380,"date":"2022-09-12T13:08:36","date_gmt":"2022-09-12T11:08:36","guid":{"rendered":"https:\/\/dicodusport.fr\/blog\/?p=261380&#038;preview=true&#038;preview_id=261380"},"modified":"2022-09-12T13:12:42","modified_gmt":"2022-09-12T11:12:42","slug":"mercato-winner-anacona-devrait-quitter-arkea-samsic-a-la-fin-de-la-saison","status":"publish","type":"post","link":"https:\/\/dicodusport.fr\/blog\/mercato-winner-anacona-devrait-quitter-arkea-samsic-a-la-fin-de-la-saison\/","title":{"rendered":"Mercato : Winner Anacona devrait quitter Ark\u00e9a-Samsic \u00e0 la fin de la saison"},"content":{"rendered":"<p style=\"text-align: justify;\"><b><i>CYCLISME SUR ROUTE 2023 &#8211; Selon Ciclismo Internacional, Winner Anacona ne devrait pas prolonger l&rsquo;aventure avec la Team Ark\u00e9a-Samsic.<\/i><\/b><\/p>\n<p style=\"text-align: justify;\">Si ce n&rsquo;est pas compl\u00e8tement act\u00e9, <strong>Winner Anacona<\/strong> a laiss\u00e9 entendre \u00e0 nos confr\u00e8res de <em>Ciclismo Internacional<\/em> que son aventure dans l&rsquo;\u00e9quipe bretonne devrait prendre fin dans quelques semaines. Arriv\u00e9 en 2020 chez <strong>Ark\u00e9a-Samsic<\/strong> avec <strong>Nairo Quintana<\/strong>, il a v\u00e9cu trois saison compliqu\u00e9es, sans aucun r\u00e9sultat notoire. Si \u00e0 sa d\u00e9charge, il a souvent \u00e9t\u00e9 un fid\u00e8le lieutenant pour son compatriote, son avenir devrait s&rsquo;\u00e9crire ailleurs. Et il se peut m\u00eame que sa situation et son avenir deviendront plus clair lorsque le litige entre <strong>Nairo Quintana<\/strong> et <strong>Ark\u00e9a-Samsic<\/strong> sera r\u00e9gl\u00e9. <a href=\"https:\/\/dicodusport.fr\/blog\/affaire-du-tramadol-nairo-quintana-avance-ses-pions-pour-sa-defense\/\"><strong>Nairo Quintana<\/strong> attend en effet toujours le r\u00e9sultat du <strong>TAS<\/strong> pour le dossier du tramadol<\/a>, alors que sa prolongation, pourtant annonc\u00e9e, <a href=\"https:\/\/dicodusport.fr\/blog\/mercato-nairo-quintana-finalement-pas-prolonge-par-arkea-samsic\/\">n&rsquo;aurait pas \u00e9t\u00e9 sign\u00e9e<\/a>.<\/p>\n<blockquote class=\"twitter-tweet\">\n<p dir=\"ltr\" lang=\"fr\"><a href=\"https:\/\/twitter.com\/hashtag\/Mercato?src=hash&amp;ref_src=twsrc%5Etfw\">#Mercato<\/a> &#x270d;&#x1f3fb; \/ &#x1f1e8;&#x1f1f4; Winner Anacona ne prolongera pas son contrat avec Ark\u00e9a-Samsic. <a href=\"https:\/\/t.co\/MYgHuRSy7f\">https:\/\/t.co\/MYgHuRSy7f<\/a> (&#x1f1ea;&#x1f1f8;)<\/p>\n<p>\u2014 Renaud Breban (@RenaudB31) <a href=\"https:\/\/twitter.com\/RenaudB31\/status\/1568841770896695298?ref_src=twsrc%5Etfw\">September 11, 2022<\/a><\/p><\/blockquote>\n<p style=\"text-align: justify;\"><script async src=\"https:\/\/platform.twitter.com\/widgets.js\" charset=\"utf-8\"><\/script><\/p>\n","protected":false},"excerpt":{"rendered":"<p>CYCLISME SUR ROUTE 2023 &#8211; Selon Ciclismo Internacional, Winner Anacona ne devrait pas prolonger l&rsquo;aventure avec la Team Ark\u00e9a-Samsic.<\/p>\n","protected":false},"author":1,"featured_media":261381,"comment_status":"open","ping_status":"closed","sticky":false,"template":"","format":"standard","meta":{"_acf_changed":false,"_daextam_enable_autolinks":"","footnotes":""},"categories":[46994],"tags":[7045],"class_list":["post-261380","post","type-post","status-publish","format-standard","has-post-thumbnail","hentry","category-cyclisme-sur-route","tag-arkea-samsic"],"acf":[],"yoast_head":"<!-- This site is optimized with the Yoast SEO Premium plugin v26.7 (Yoast SEO v26.7) - https:\/\/yoast.com\/wordpress\/plugins\/seo\/ -->\n<title>Mercato : Winner Anacona devrait quitter Ark\u00e9a-Samsic \u00e0 la fin de la saison<\/title>\n<meta name=\"description\" content=\"CYCLISME SUR ROUTE 2022 - Selon Ciclismo Internacional, Winner Anacona ne devrait pas prolonger l&#039;aventure avec la Team Ark\u00e9a-Samsic.\" \/>\n<meta name=\"robots\" content=\"index, follow, max-snippet:-1, max-image-preview:large, max-video-preview:-1\" \/>\n<link rel=\"canonical\" href=\"https:\/\/dicodusport.fr\/blog\/mercato-winner-anacona-devrait-quitter-arkea-samsic-a-la-fin-de-la-saison\/\" \/>\n<meta property=\"og:locale\" content=\"fr_FR\" \/>\n<meta property=\"og:type\" content=\"article\" \/>\n<meta property=\"og:title\" content=\"Mercato : Winner Anacona devrait quitter Ark\u00e9a-Samsic \u00e0 la fin de la saison\" \/>\n<meta property=\"og:description\" content=\"CYCLISME SUR ROUTE 2022 - Selon Ciclismo Internacional, Winner Anacona ne devrait pas prolonger l&#039;aventure avec la Team Ark\u00e9a-Samsic.\" \/>\n<meta property=\"og:url\" content=\"https:\/\/dicodusport.fr\/blog\/mercato-winner-anacona-devrait-quitter-arkea-samsic-a-la-fin-de-la-saison\/\" \/>\n<meta property=\"og:site_name\" content=\"Dicodusport\" \/>\n<meta property=\"article:publisher\" content=\"https:\/\/www.facebook.com\/dicodusport\" \/>\n<meta property=\"article:author\" content=\"https:\/\/www.facebook.com\/dicodusport\" \/>\n<meta property=\"article:published_time\" content=\"2022-09-12T11:08:36+00:00\" \/>\n<meta property=\"article:modified_time\" content=\"2022-09-12T11:12:42+00:00\" \/>\n<meta property=\"og:image\" content=\"https:\/\/dicodusport.fr\/blog\/wp-content\/uploads\/2022\/09\/Mercato-Winner-Anacona-devrait-quitter-Arke\u0301a-Samsic-a\u0300-la-fin-de-la-saison.png\" \/>\n\t<meta property=\"og:image:width\" content=\"800\" \/>\n\t<meta property=\"og:image:height\" content=\"445\" \/>\n\t<meta property=\"og:image:type\" content=\"image\/png\" \/>\n<meta name=\"author\" content=\"Nicolas Jacquemard\" \/>\n<meta name=\"twitter:card\" content=\"summary_large_image\" \/>\n<meta name=\"twitter:title\" content=\"Mercato : Winner Anacona devrait quitter Ark\u00e9a-Samsic \u00e0 la fin de la saison\" \/>\n<meta name=\"twitter:creator\" content=\"@https:\/\/twitter.com\/Nico_Jacquemard\" \/>\n<meta name=\"twitter:site\" content=\"@dicodusport\" \/>\n<script type=\"application\/ld+json\" class=\"yoast-schema-graph\">{\"@context\":\"https:\/\/schema.org\",\"@graph\":[{\"@type\":\"NewsArticle\",\"@id\":\"https:\/\/dicodusport.fr\/blog\/mercato-winner-anacona-devrait-quitter-arkea-samsic-a-la-fin-de-la-saison\/#article\",\"isPartOf\":{\"@id\":\"https:\/\/dicodusport.fr\/blog\/mercato-winner-anacona-devrait-quitter-arkea-samsic-a-la-fin-de-la-saison\/\"},\"author\":{\"name\":\"Nicolas Jacquemard\",\"@id\":\"https:\/\/dicodusport.fr\/blog\/#\/schema\/person\/55dcb50ad410894e431ed812bbb70191\"},\"headline\":\"Mercato : Winner Anacona devrait quitter Ark\u00e9a-Samsic \u00e0 la fin de la saison\",\"datePublished\":\"2022-09-12T11:08:36+00:00\",\"dateModified\":\"2022-09-12T11:12:42+00:00\",\"mainEntityOfPage\":{\"@id\":\"https:\/\/dicodusport.fr\/blog\/mercato-winner-anacona-devrait-quitter-arkea-samsic-a-la-fin-de-la-saison\/\"},\"wordCount\":199,\"commentCount\":0,\"publisher\":{\"@id\":\"https:\/\/dicodusport.fr\/blog\/#organization\"},\"image\":{\"@id\":\"https:\/\/dicodusport.fr\/blog\/mercato-winner-anacona-devrait-quitter-arkea-samsic-a-la-fin-de-la-saison\/#primaryimage\"},\"thumbnailUrl\":\"https:\/\/dicodusport.fr\/blog\/wp-content\/uploads\/2022\/09\/Mercato-Winner-Anacona-devrait-quitter-Arke\u0301a-Samsic-a\u0300-la-fin-de-la-saison.png\",\"keywords\":[\"Arkea-Samsic\"],\"articleSection\":[\"Cyclisme sur route\"],\"inLanguage\":\"fr-FR\",\"potentialAction\":[{\"@type\":\"CommentAction\",\"name\":\"Comment\",\"target\":[\"https:\/\/dicodusport.fr\/blog\/mercato-winner-anacona-devrait-quitter-arkea-samsic-a-la-fin-de-la-saison\/#respond\"]}],\"copyrightYear\":\"2022\",\"copyrightHolder\":{\"@id\":\"https:\/\/dicodusport.fr\/blog\/#organization\"}},{\"@type\":\"WebPage\",\"@id\":\"https:\/\/dicodusport.fr\/blog\/mercato-winner-anacona-devrait-quitter-arkea-samsic-a-la-fin-de-la-saison\/\",\"url\":\"https:\/\/dicodusport.fr\/blog\/mercato-winner-anacona-devrait-quitter-arkea-samsic-a-la-fin-de-la-saison\/\",\"name\":\"Mercato : Winner Anacona devrait quitter Ark\u00e9a-Samsic \u00e0 la fin de la saison\",\"isPartOf\":{\"@id\":\"https:\/\/dicodusport.fr\/blog\/#website\"},\"primaryImageOfPage\":{\"@id\":\"https:\/\/dicodusport.fr\/blog\/mercato-winner-anacona-devrait-quitter-arkea-samsic-a-la-fin-de-la-saison\/#primaryimage\"},\"image\":{\"@id\":\"https:\/\/dicodusport.fr\/blog\/mercato-winner-anacona-devrait-quitter-arkea-samsic-a-la-fin-de-la-saison\/#primaryimage\"},\"thumbnailUrl\":\"https:\/\/dicodusport.fr\/blog\/wp-content\/uploads\/2022\/09\/Mercato-Winner-Anacona-devrait-quitter-Arke\u0301a-Samsic-a\u0300-la-fin-de-la-saison.png\",\"datePublished\":\"2022-09-12T11:08:36+00:00\",\"dateModified\":\"2022-09-12T11:12:42+00:00\",\"description\":\"CYCLISME SUR ROUTE 2022 - Selon Ciclismo Internacional, Winner Anacona ne devrait pas prolonger l'aventure avec la Team Ark\u00e9a-Samsic.\",\"breadcrumb\":{\"@id\":\"https:\/\/dicodusport.fr\/blog\/mercato-winner-anacona-devrait-quitter-arkea-samsic-a-la-fin-de-la-saison\/#breadcrumb\"},\"inLanguage\":\"fr-FR\",\"potentialAction\":[{\"@type\":\"ReadAction\",\"target\":[\"https:\/\/dicodusport.fr\/blog\/mercato-winner-anacona-devrait-quitter-arkea-samsic-a-la-fin-de-la-saison\/\"]}]},{\"@type\":\"ImageObject\",\"inLanguage\":\"fr-FR\",\"@id\":\"https:\/\/dicodusport.fr\/blog\/mercato-winner-anacona-devrait-quitter-arkea-samsic-a-la-fin-de-la-saison\/#primaryimage\",\"url\":\"https:\/\/dicodusport.fr\/blog\/wp-content\/uploads\/2022\/09\/Mercato-Winner-Anacona-devrait-quitter-Arke\u0301a-Samsic-a\u0300-la-fin-de-la-saison.png\",\"contentUrl\":\"https:\/\/dicodusport.fr\/blog\/wp-content\/uploads\/2022\/09\/Mercato-Winner-Anacona-devrait-quitter-Arke\u0301a-Samsic-a\u0300-la-fin-de-la-saison.png\",\"width\":800,\"height\":445},{\"@type\":\"BreadcrumbList\",\"@id\":\"https:\/\/dicodusport.fr\/blog\/mercato-winner-anacona-devrait-quitter-arkea-samsic-a-la-fin-de-la-saison\/#breadcrumb\",\"itemListElement\":[{\"@type\":\"ListItem\",\"position\":1,\"name\":\"Accueil\",\"item\":\"https:\/\/dicodusport.fr\/blog\/\"},{\"@type\":\"ListItem\",\"position\":2,\"name\":\"Mercato : Winner Anacona devrait quitter Ark\u00e9a-Samsic \u00e0 la fin de la saison\"}]},{\"@type\":\"WebSite\",\"@id\":\"https:\/\/dicodusport.fr\/blog\/#website\",\"url\":\"https:\/\/dicodusport.fr\/blog\/\",\"name\":\"Dicodusport\",\"description\":\"L&#039;encyclop\u00e9die de l&#039;actualit\u00e9 sportive\",\"publisher\":{\"@id\":\"https:\/\/dicodusport.fr\/blog\/#organization\"},\"potentialAction\":[{\"@type\":\"SearchAction\",\"target\":{\"@type\":\"EntryPoint\",\"urlTemplate\":\"https:\/\/dicodusport.fr\/blog\/?s={search_term_string}\"},\"query-input\":{\"@type\":\"PropertyValueSpecification\",\"valueRequired\":true,\"valueName\":\"search_term_string\"}}],\"inLanguage\":\"fr-FR\"},{\"@type\":\"NewsMediaOrganization\",\"@id\":\"https:\/\/dicodusport.fr\/blog\/#organization\",\"name\":\"Dicodusport\",\"url\":\"https:\/\/dicodusport.fr\/blog\/\",\"logo\":{\"@type\":\"ImageObject\",\"inLanguage\":\"fr-FR\",\"@id\":\"https:\/\/dicodusport.fr\/blog\/#\/schema\/logo\/image\/\",\"url\":\"https:\/\/dicodusport.fr\/blog\/wp-content\/uploads\/2020\/06\/cropped-LOGO-DICODUSPORT-2020-SANS-FOND-SANS-TEXTE.png\",\"contentUrl\":\"https:\/\/dicodusport.fr\/blog\/wp-content\/uploads\/2020\/06\/cropped-LOGO-DICODUSPORT-2020-SANS-FOND-SANS-TEXTE.png\",\"width\":512,\"height\":512,\"caption\":\"Dicodusport\"},\"image\":{\"@id\":\"https:\/\/dicodusport.fr\/blog\/#\/schema\/logo\/image\/\"},\"sameAs\":[\"https:\/\/www.facebook.com\/dicodusport\",\"https:\/\/x.com\/dicodusport\",\"https:\/\/www.instagram.com\/dicodusport\/\",\"https:\/\/www.youtube.com\/channel\/UC7V2KZ5sd3htJivAbA4ZG3w\"],\"description\":\"Dicodusport est l'encyclop\u00e9die de l'actualit\u00e9 sportive.\",\"email\":\"bonjour@dicodusport.fr\",\"legalName\":\"DICODUSPORT\",\"foundingDate\":\"2018-01-14\",\"vatID\":\"FR71834470973\",\"taxID\":\"83447097300043\",\"numberOfEmployees\":{\"@type\":\"QuantitativeValue\",\"minValue\":\"1\",\"maxValue\":\"10\"}},{\"@type\":\"Person\",\"@id\":\"https:\/\/dicodusport.fr\/blog\/#\/schema\/person\/55dcb50ad410894e431ed812bbb70191\",\"name\":\"Nicolas Jacquemard\",\"image\":{\"@type\":\"ImageObject\",\"inLanguage\":\"fr-FR\",\"@id\":\"https:\/\/dicodusport.fr\/blog\/#\/schema\/person\/image\/\",\"url\":\"https:\/\/dicodusport.fr\/blog\/wp-content\/uploads\/2021\/05\/Nicolas-Jacquemard-150x150.jpeg\",\"contentUrl\":\"https:\/\/dicodusport.fr\/blog\/wp-content\/uploads\/2021\/05\/Nicolas-Jacquemard-150x150.jpeg\",\"caption\":\"Nicolas Jacquemard\"},\"description\":\"Passionn\u00e9 de sport et entrepreneur depuis mes 18 ans, la cr\u00e9ation de Dicodusport m'a sembl\u00e9 \u00e9vidente pour participer \u00e0 la m\u00e9diatisation d'un plus grand nombre de sports. Le chemin est long mais avec une \u00e9quipe des plus motiv\u00e9es et les Jeux Olympiques de Paris 2024 en point de mire, nous y arriverons ! Journaliste dans le monde du sport depuis plus de 5 ans, je traite aussi bien de football, de rugby, de biathlon que de cyclisme.\",\"sameAs\":[\"https:\/\/www.facebook.com\/dicodusport\",\"https:\/\/x.com\/https:\/\/twitter.com\/Nico_Jacquemard\"],\"url\":\"https:\/\/dicodusport.fr\/blog\/author\/dicodusport\/\"}]}<\/script>\n<!-- \/ Yoast SEO Premium plugin. -->","yoast_head_json":{"title":"Mercato : Winner Anacona devrait quitter Ark\u00e9a-Samsic \u00e0 la fin de la saison","description":"CYCLISME SUR ROUTE 2022 - Selon Ciclismo Internacional, Winner Anacona ne devrait pas prolonger l'aventure avec la Team Ark\u00e9a-Samsic.","robots":{"index":"index","follow":"follow","max-snippet":"max-snippet:-1","max-image-preview":"max-image-preview:large","max-video-preview":"max-video-preview:-1"},"canonical":"https:\/\/dicodusport.fr\/blog\/mercato-winner-anacona-devrait-quitter-arkea-samsic-a-la-fin-de-la-saison\/","og_locale":"fr_FR","og_type":"article","og_title":"Mercato : Winner Anacona devrait quitter Ark\u00e9a-Samsic \u00e0 la fin de la saison","og_description":"CYCLISME SUR ROUTE 2022 - Selon Ciclismo Internacional, Winner Anacona ne devrait pas prolonger l'aventure avec la Team Ark\u00e9a-Samsic.","og_url":"https:\/\/dicodusport.fr\/blog\/mercato-winner-anacona-devrait-quitter-arkea-samsic-a-la-fin-de-la-saison\/","og_site_name":"Dicodusport","article_publisher":"https:\/\/www.facebook.com\/dicodusport","article_author":"https:\/\/www.facebook.com\/dicodusport","article_published_time":"2022-09-12T11:08:36+00:00","article_modified_time":"2022-09-12T11:12:42+00:00","og_image":[{"width":800,"height":445,"url":"https:\/\/dicodusport.fr\/blog\/wp-content\/uploads\/2022\/09\/Mercato-Winner-Anacona-devrait-quitter-Arke\u0301a-Samsic-a\u0300-la-fin-de-la-saison.png","type":"image\/png"}],"author":"Nicolas Jacquemard","twitter_card":"summary_large_image","twitter_title":"Mercato : Winner Anacona devrait quitter Ark\u00e9a-Samsic \u00e0 la fin de la saison","twitter_creator":"@https:\/\/twitter.com\/Nico_Jacquemard","twitter_site":"@dicodusport","schema":{"@context":"https:\/\/schema.org","@graph":[{"@type":"NewsArticle","@id":"https:\/\/dicodusport.fr\/blog\/mercato-winner-anacona-devrait-quitter-arkea-samsic-a-la-fin-de-la-saison\/#article","isPartOf":{"@id":"https:\/\/dicodusport.fr\/blog\/mercato-winner-anacona-devrait-quitter-arkea-samsic-a-la-fin-de-la-saison\/"},"author":{"name":"Nicolas Jacquemard","@id":"https:\/\/dicodusport.fr\/blog\/#\/schema\/person\/55dcb50ad410894e431ed812bbb70191"},"headline":"Mercato : Winner Anacona devrait quitter Ark\u00e9a-Samsic \u00e0 la fin de la saison","datePublished":"2022-09-12T11:08:36+00:00","dateModified":"2022-09-12T11:12:42+00:00","mainEntityOfPage":{"@id":"https:\/\/dicodusport.fr\/blog\/mercato-winner-anacona-devrait-quitter-arkea-samsic-a-la-fin-de-la-saison\/"},"wordCount":199,"commentCount":0,"publisher":{"@id":"https:\/\/dicodusport.fr\/blog\/#organization"},"image":{"@id":"https:\/\/dicodusport.fr\/blog\/mercato-winner-anacona-devrait-quitter-arkea-samsic-a-la-fin-de-la-saison\/#primaryimage"},"thumbnailUrl":"https:\/\/dicodusport.fr\/blog\/wp-content\/uploads\/2022\/09\/Mercato-Winner-Anacona-devrait-quitter-Arke\u0301a-Samsic-a\u0300-la-fin-de-la-saison.png","keywords":["Arkea-Samsic"],"articleSection":["Cyclisme sur route"],"inLanguage":"fr-FR","potentialAction":[{"@type":"CommentAction","name":"Comment","target":["https:\/\/dicodusport.fr\/blog\/mercato-winner-anacona-devrait-quitter-arkea-samsic-a-la-fin-de-la-saison\/#respond"]}],"copyrightYear":"2022","copyrightHolder":{"@id":"https:\/\/dicodusport.fr\/blog\/#organization"}},{"@type":"WebPage","@id":"https:\/\/dicodusport.fr\/blog\/mercato-winner-anacona-devrait-quitter-arkea-samsic-a-la-fin-de-la-saison\/","url":"https:\/\/dicodusport.fr\/blog\/mercato-winner-anacona-devrait-quitter-arkea-samsic-a-la-fin-de-la-saison\/","name":"Mercato : Winner Anacona devrait quitter Ark\u00e9a-Samsic \u00e0 la fin de la saison","isPartOf":{"@id":"https:\/\/dicodusport.fr\/blog\/#website"},"primaryImageOfPage":{"@id":"https:\/\/dicodusport.fr\/blog\/mercato-winner-anacona-devrait-quitter-arkea-samsic-a-la-fin-de-la-saison\/#primaryimage"},"image":{"@id":"https:\/\/dicodusport.fr\/blog\/mercato-winner-anacona-devrait-quitter-arkea-samsic-a-la-fin-de-la-saison\/#primaryimage"},"thumbnailUrl":"https:\/\/dicodusport.fr\/blog\/wp-content\/uploads\/2022\/09\/Mercato-Winner-Anacona-devrait-quitter-Arke\u0301a-Samsic-a\u0300-la-fin-de-la-saison.png","datePublished":"2022-09-12T11:08:36+00:00","dateModified":"2022-09-12T11:12:42+00:00","description":"CYCLISME SUR ROUTE 2022 - Selon Ciclismo Internacional, Winner Anacona ne devrait pas prolonger l'aventure avec la Team Ark\u00e9a-Samsic.","breadcrumb":{"@id":"https:\/\/dicodusport.fr\/blog\/mercato-winner-anacona-devrait-quitter-arkea-samsic-a-la-fin-de-la-saison\/#breadcrumb"},"inLanguage":"fr-FR","potentialAction":[{"@type":"ReadAction","target":["https:\/\/dicodusport.fr\/blog\/mercato-winner-anacona-devrait-quitter-arkea-samsic-a-la-fin-de-la-saison\/"]}]},{"@type":"ImageObject","inLanguage":"fr-FR","@id":"https:\/\/dicodusport.fr\/blog\/mercato-winner-anacona-devrait-quitter-arkea-samsic-a-la-fin-de-la-saison\/#primaryimage","url":"https:\/\/dicodusport.fr\/blog\/wp-content\/uploads\/2022\/09\/Mercato-Winner-Anacona-devrait-quitter-Arke\u0301a-Samsic-a\u0300-la-fin-de-la-saison.png","contentUrl":"https:\/\/dicodusport.fr\/blog\/wp-content\/uploads\/2022\/09\/Mercato-Winner-Anacona-devrait-quitter-Arke\u0301a-Samsic-a\u0300-la-fin-de-la-saison.png","width":800,"height":445},{"@type":"BreadcrumbList","@id":"https:\/\/dicodusport.fr\/blog\/mercato-winner-anacona-devrait-quitter-arkea-samsic-a-la-fin-de-la-saison\/#breadcrumb","itemListElement":[{"@type":"ListItem","position":1,"name":"Accueil","item":"https:\/\/dicodusport.fr\/blog\/"},{"@type":"ListItem","position":2,"name":"Mercato : Winner Anacona devrait quitter Ark\u00e9a-Samsic \u00e0 la fin de la saison"}]},{"@type":"WebSite","@id":"https:\/\/dicodusport.fr\/blog\/#website","url":"https:\/\/dicodusport.fr\/blog\/","name":"Dicodusport","description":"L&#039;encyclop\u00e9die de l&#039;actualit\u00e9 sportive","publisher":{"@id":"https:\/\/dicodusport.fr\/blog\/#organization"},"potentialAction":[{"@type":"SearchAction","target":{"@type":"EntryPoint","urlTemplate":"https:\/\/dicodusport.fr\/blog\/?s={search_term_string}"},"query-input":{"@type":"PropertyValueSpecification","valueRequired":true,"valueName":"search_term_string"}}],"inLanguage":"fr-FR"},{"@type":"NewsMediaOrganization","@id":"https:\/\/dicodusport.fr\/blog\/#organization","name":"Dicodusport","url":"https:\/\/dicodusport.fr\/blog\/","logo":{"@type":"ImageObject","inLanguage":"fr-FR","@id":"https:\/\/dicodusport.fr\/blog\/#\/schema\/logo\/image\/","url":"https:\/\/dicodusport.fr\/blog\/wp-content\/uploads\/2020\/06\/cropped-LOGO-DICODUSPORT-2020-SANS-FOND-SANS-TEXTE.png","contentUrl":"https:\/\/dicodusport.fr\/blog\/wp-content\/uploads\/2020\/06\/cropped-LOGO-DICODUSPORT-2020-SANS-FOND-SANS-TEXTE.png","width":512,"height":512,"caption":"Dicodusport"},"image":{"@id":"https:\/\/dicodusport.fr\/blog\/#\/schema\/logo\/image\/"},"sameAs":["https:\/\/www.facebook.com\/dicodusport","https:\/\/x.com\/dicodusport","https:\/\/www.instagram.com\/dicodusport\/","https:\/\/www.youtube.com\/channel\/UC7V2KZ5sd3htJivAbA4ZG3w"],"description":"Dicodusport est l'encyclop\u00e9die de l'actualit\u00e9 sportive.","email":"bonjour@dicodusport.fr","legalName":"DICODUSPORT","foundingDate":"2018-01-14","vatID":"FR71834470973","taxID":"83447097300043","numberOfEmployees":{"@type":"QuantitativeValue","minValue":"1","maxValue":"10"}},{"@type":"Person","@id":"https:\/\/dicodusport.fr\/blog\/#\/schema\/person\/55dcb50ad410894e431ed812bbb70191","name":"Nicolas Jacquemard","image":{"@type":"ImageObject","inLanguage":"fr-FR","@id":"https:\/\/dicodusport.fr\/blog\/#\/schema\/person\/image\/","url":"https:\/\/dicodusport.fr\/blog\/wp-content\/uploads\/2021\/05\/Nicolas-Jacquemard-150x150.jpeg","contentUrl":"https:\/\/dicodusport.fr\/blog\/wp-content\/uploads\/2021\/05\/Nicolas-Jacquemard-150x150.jpeg","caption":"Nicolas Jacquemard"},"description":"Passionn\u00e9 de sport et entrepreneur depuis mes 18 ans, la cr\u00e9ation de Dicodusport m'a sembl\u00e9 \u00e9vidente pour participer \u00e0 la m\u00e9diatisation d'un plus grand nombre de sports. Le chemin est long mais avec une \u00e9quipe des plus motiv\u00e9es et les Jeux Olympiques de Paris 2024 en point de mire, nous y arriverons ! Journaliste dans le monde du sport depuis plus de 5 ans, je traite aussi bien de football, de rugby, de biathlon que de cyclisme.","sameAs":["https:\/\/www.facebook.com\/dicodusport","https:\/\/x.com\/https:\/\/twitter.com\/Nico_Jacquemard"],"url":"https:\/\/dicodusport.fr\/blog\/author\/dicodusport\/"}]}},"_links":{"self":[{"href":"https:\/\/dicodusport.fr\/blog\/wp-json\/wp\/v2\/posts\/261380","targetHints":{"allow":["GET"]}}],"collection":[{"href":"https:\/\/dicodusport.fr\/blog\/wp-json\/wp\/v2\/posts"}],"about":[{"href":"https:\/\/dicodusport.fr\/blog\/wp-json\/wp\/v2\/types\/post"}],"author":[{"embeddable":true,"href":"https:\/\/dicodusport.fr\/blog\/wp-json\/wp\/v2\/users\/1"}],"replies":[{"embeddable":true,"href":"https:\/\/dicodusport.fr\/blog\/wp-json\/wp\/v2\/comments?post=261380"}],"version-history":[{"count":0,"href":"https:\/\/dicodusport.fr\/blog\/wp-json\/wp\/v2\/posts\/261380\/revisions"}],"wp:featuredmedia":[{"embeddable":true,"href":"https:\/\/dicodusport.fr\/blog\/wp-json\/wp\/v2\/media\/261381"}],"wp:attachment":[{"href":"https:\/\/dicodusport.fr\/blog\/wp-json\/wp\/v2\/media?parent=261380"}],"wp:term":[{"taxonomy":"category","embeddable":true,"href":"https:\/\/dicodusport.fr\/blog\/wp-json\/wp\/v2\/categories?post=261380"},{"taxonomy":"post_tag","embeddable":true,"href":"https:\/\/dicodusport.fr\/blog\/wp-json\/wp\/v2\/tags?post=261380"}],"curies":[{"name":"wp","href":"https:\/\/api.w.org\/{rel}","templated":true}]}}