{"id":261390,"date":"2022-09-25T09:16:43","date_gmt":"2022-09-25T07:16:43","guid":{"rendered":"https:\/\/dicodusport.fr\/blog\/?p=261390&#038;preview=true&#038;preview_id=261390"},"modified":"2022-09-25T10:24:43","modified_gmt":"2022-09-25T08:24:43","slug":"mondiaux-cyclisme-2022-programme-complet-et-resultats","status":"publish","type":"post","link":"https:\/\/dicodusport.fr\/blog\/mondiaux-cyclisme-2022-programme-complet-et-resultats\/","title":{"rendered":"Mondiaux Cyclisme 2022 &#8211; Palmar\u00e8s et r\u00e9sultats complets"},"content":{"rendered":"<p style=\"text-align: justify;\"><strong><em><a href=\"https:\/\/dicodusport.fr\/blog\/actualites\/cyclisme\/cyclisme-sur-route-2022\/mondiaux-cyclisme-sur-route-2022\/\">CHAMPIONNATS DU MONDE CYCLISME SUR ROUTE 2022<\/a> &#8211; D\u00e9couvrez le programme complet et les r\u00e9sultats des Mondiaux de cyclisme sur route 2022, qui se d\u00e9roulent \u00e0 Wollongong (Australie) du 18 au 25 septembre 2022.<\/em><\/strong><\/p>\n<p style=\"text-align: justify;\">Les <strong>championnats du monde de cyclisme sur route 2022<\/strong> d\u00e9butent ce dimanche 18 septembre, \u00e0 Wollongong (Australie). C&rsquo;est la deuxi\u00e8me fois que l&rsquo;Australie accueillera les <strong>Mondiaux sur route<\/strong>, apr\u00e8s 2010, ann\u00e9e o\u00f9 la comp\u00e9tition s&rsquo;\u00e9tait d\u00e9roul\u00e9e \u00e0 Melbourne et Geelong.<\/p>\n<p style=\"text-align: justify;\">L&rsquo;an dernier, en Flandre (Belgique), les <strong>Mondiaux sur route<\/strong> avaient \u00e9t\u00e9 domin\u00e9s par l&rsquo;<strong>Italie<\/strong>, avec 4 m\u00e9dailles dont 3 titres, gr\u00e2ce \u00e0 <strong>Filippo Ganna<\/strong> sur le CLM \u00e9lites hommes, <strong>Filippo Baroncini<\/strong> sur la course en ligne U23 et <strong>Elisa Balsamo<\/strong> lors de la course en ligne \u00e9lites femmes. C\u00f4t\u00e9 \u00e9quipe de France, les Bleus avaient rafl\u00e9 deux m\u00e9dailles. <strong>Julian Alaphilippe<\/strong> avait en effet remport\u00e9 l&rsquo;or et donc son deuxi\u00e8me titre mondial cons\u00e9cutif. <strong>Romain Gr\u00e9goire<\/strong>, lui, \u00e9tait devenu vice-champion du monde juniors sur la course en ligne. Ces deux-l\u00e0 devraient \u00eatre les t\u00eates d&rsquo;affiche de la France en Australie.<\/p>\n<p style=\"text-align: justify;\">Niveau retransmission TV, <strong>Eurosport<\/strong> diffusera l&rsquo;int\u00e9gralit\u00e9 des \u00e9preuves. <strong>France T\u00e9l\u00e9visions<\/strong> retransmettra les deux derni\u00e8res heures du contre-la-montre \u00e9lites hommes (dimanche 18\/09, 7h), le final de la course en ligne U23 masculine (vendredi 23\/09, 7h), les deux derni\u00e8res heures de la course en ligne \u00e9lites femmes (samedi 24\/09, 7h), ainsi que les quatre derni\u00e8res heures de la course en ligne messieurs (dimanche 25\/09, 5h).<\/p>\n<h2 style=\"text-align: justify;\">Programme et r\u00e9sultats des Mondiaux de Cyclisme sur route 2022<\/h2>\n<p><span style=\"color: #ff0000;\"><strong>Horaires indiqu\u00e9s \u00e0 l&rsquo;heure fran\u00e7aise.<\/strong><\/span><\/p>\n<div class=\"su-tabs su-tabs-style-default su-tabs-mobile-stack\" data-active=\"6\" data-scroll-offset=\"0\" data-anchor-in-url=\"no\"><div class=\"su-tabs-nav\"><span class=\"\" data-url=\"\" data-target=\"blank\" tabindex=\"0\" role=\"button\">Dimanche 18 septembre<\/span><span class=\"\" data-url=\"\" data-target=\"blank\" tabindex=\"0\" role=\"button\">Lundi 19 septembre<\/span><span class=\"\" data-url=\"\" data-target=\"blank\" tabindex=\"0\" role=\"button\">Mardi 20 septembre<\/span><span class=\"\" data-url=\"\" data-target=\"blank\" tabindex=\"0\" role=\"button\">Mercredi 21 septembre<\/span><span class=\"\" data-url=\"\" data-target=\"blank\" tabindex=\"0\" role=\"button\">Vendredi 23 septembre<\/span><span class=\"\" data-url=\"\" data-target=\"blank\" tabindex=\"0\" role=\"button\">Samedi 24 septembre<\/span><span class=\"\" data-url=\"\" data-target=\"blank\" tabindex=\"0\" role=\"button\">Dimanche 25 septembre<\/span><\/div><div class=\"su-tabs-panes\"><div class=\"su-tabs-pane su-u-clearfix su-u-trim\" data-title=\"Dimanche 18 septembre\">\n<p style=\"text-align: justify;\"><strong>1h35 &#8211; 4h30 : Contre-la-montre \u00e9lites femmes (34,2 km)<\/strong><\/p>\n<p style=\"text-align: justify;\"><strong>5h40 &#8211; 9h : Contre-la-montre \u00e9lites hommes (34,2 km)<\/strong><\/p>\n<ul>\n<li style=\"text-align: justify;\"><a href=\"https:\/\/dicodusport.fr\/blog\/mondiaux-cyclisme-2022-parcours-et-profil-contre-la-montre-elites-femmes-et-hommes\/\"><span style=\"font-size: 14px;\"><strong>Le parcours du contre-la-montre \u00e0 la loupe<\/strong><\/span><\/a><\/li>\n<\/ul>\n<\/div>\n<div class=\"su-tabs-pane su-u-clearfix su-u-trim\" data-title=\"Lundi 19 septembre\">\n<p style=\"text-align: justify;\"><strong>5h20 &#8211; 9h : Contre-la-montre U23 hommes (28,8 km)<\/strong><\/p>\n<\/div>\n<div class=\"su-tabs-pane su-u-clearfix su-u-trim\" data-title=\"Mardi 20 septembre\">\n<p style=\"text-align: justify;\"><strong>1h30 &#8211; 3h05 : Contre-la-montre juniors femmes (14,1 km)<br \/>\n<\/strong><\/p>\n<ul>\n<li style=\"text-align: justify;\"><a href=\"https:\/\/dicodusport.fr\/blog\/mondiaux-cyclisme-2022-ordre-et-horaires-de-depart-contre-la-montre-juniors-femmes\/\"><span style=\"font-size: 14px;\"><strong>Ordre et horaires de d\u00e9part du contre-la-montre<\/strong><\/span><\/a><\/li>\n<\/ul>\n<p style=\"text-align: justify;\"><strong>5h20 &#8211; 9h : Contre-la-montre juniors hommes (28,8 km)<\/strong><\/p>\n<ul>\n<li style=\"text-align: justify;\"><a href=\"https:\/\/dicodusport.fr\/blog\/mondiaux-cyclisme-2022-ordre-et-horaires-de-depart-contre-la-montre-juniors-hommes\/\"><span style=\"font-size: 14px;\"><strong>Ordre et horaires de d\u00e9part du contre-la-montre<\/strong><\/span><\/a><\/li>\n<\/ul>\n<\/div>\n<div class=\"su-tabs-pane su-u-clearfix su-u-trim\" data-title=\"Mercredi 21 septembre\">\n<p style=\"text-align: justify;\"><strong>6h20 &#8211; 9h05 : Contre-la-montre par \u00e9quipes relais mixte (28,8 km)<\/strong><\/p>\n<ul>\n<li class=\"mvp-post-title left entry-title\" style=\"text-align: justify;\"><a href=\"https:\/\/dicodusport.fr\/blog\/mondiaux-cyclisme-2022-engages-ordre-et-horaires-de-depart-du-relais-mixte\/\"><span style=\"font-size: 14px;\"><strong>Engag\u00e9s, ordre et horaires de d\u00e9part du relais mixte<\/strong><\/span><\/a><\/li>\n<\/ul>\n<\/div>\n<div class=\"su-tabs-pane su-u-clearfix su-u-trim\" data-title=\"Vendredi 23 septembre\">\n<p style=\"text-align: justify;\"><strong>0h15 &#8211; 3h35 : Course en ligne juniors hommes (135,6 km)<br \/>\n<\/strong><\/p>\n<ul>\n<li style=\"text-align: justify;\"><a href=\"https:\/\/dicodusport.fr\/blog\/mondiaux-cyclisme-2022-les-engages-de-la-course-en-ligne-juniors-hommes\/\"><span style=\"font-size: 14px;\"><strong>Liste des engag\u00e9s<\/strong><\/span><\/a><\/li>\n<\/ul>\n<p style=\"text-align: justify;\"><strong>5h &#8211; 9h10 : Course en ligne U23 hommes (169,8 km)<\/strong><\/p>\n<ul>\n<li style=\"text-align: justify;\"><a href=\"https:\/\/dicodusport.fr\/blog\/mondiaux-cyclisme-2022-les-engages-de-la-course-en-ligne-espoirs-hommes\/\"><span style=\"font-size: 14px;\"><strong>Liste des engag\u00e9s<\/strong><\/span><\/a><\/li>\n<\/ul>\n<\/div>\n<div class=\"su-tabs-pane su-u-clearfix su-u-trim\" data-title=\"Samedi 24 septembre\">\n<p style=\"text-align: justify;\"><strong>0h &#8211; 1h50 : Course en ligne juniors femmes (67,2 km)<br \/>\n<\/strong><\/p>\n<ul>\n<li style=\"text-align: justify;\"><a href=\"https:\/\/dicodusport.fr\/blog\/mondiaux-cyclisme-2022-les-engagees-de-la-course-en-ligne-juniors-femmes\/\"><span style=\"font-size: 14px;\"><strong>Liste des engag\u00e9es<\/strong><\/span><\/a><\/li>\n<\/ul>\n<p style=\"text-align: justify;\"><strong>4h25 &#8211; 9h : Course en ligne \u00e9lites femmes (164,3 km)<\/strong><\/p>\n<ul>\n<li style=\"text-align: justify;\"><a href=\"https:\/\/dicodusport.fr\/blog\/mondiaux-cyclisme-2022-les-engagees-de-la-course-en-ligne-elites-femmes\/\"><span style=\"font-size: 14px;\"><strong>Liste des engag\u00e9es<\/strong><\/span><\/a><\/li>\n<\/ul>\n<\/div>\n<div class=\"su-tabs-pane su-u-clearfix su-u-trim\" data-title=\"Dimanche 25 septembre\">\n<p style=\"text-align: justify;\"><strong>2h15 &#8211; 8h50 : Course en ligne \u00e9lites hommes (266,9 km)<\/strong><\/p>\n<ul>\n<li style=\"text-align: justify;\"><a href=\"https:\/\/dicodusport.fr\/blog\/mondiaux-cyclisme-2022-parcours-et-profil-de-la-course-en-ligne\/\"><span style=\"font-size: 14px;\"><strong>Parcours et profil de la course<\/strong><\/span><\/a><\/li>\n<li style=\"text-align: justify;\"><a href=\"https:\/\/dicodusport.fr\/blog\/mondiaux-cyclisme-2022-les-engages-de-la-course-en-ligne-hommes\/\"><span style=\"font-size: 14px;\"><strong>Les engag\u00e9s<\/strong><\/span><\/a><\/li>\n<li style=\"text-align: justify;\"><a href=\"https:\/\/dicodusport.fr\/blog\/mondiaux-cyclisme-2022-a-quelle-heure-et-sur-quelle-chaine-la-course-en-ligne-hommes\/\"><span style=\"font-size: 14px;\"><strong>\u00c0 quelle heure et sur quelle cha\u00eene ?<\/strong><\/span><\/a><\/li>\n<\/ul>\n<\/div><\/div><\/div>\n<h2 style=\"text-align: justify;\">Palmar\u00e8s et r\u00e9sultats des championnats du monde de cyclisme 2022<\/h2>\n<div class=\"su-table su-table-alternate\">\n<table style=\"width: 800px;border-collapse: collapse\">\n<tbody>\n<tr>\n<td style=\"text-align: center;width: 200px;vertical-align: middle\"><strong>\u00c9preuves<\/strong><\/td>\n<td style=\"background-color: #fff242;text-align: center;width: 200px;vertical-align: middle\"><strong>&#x1f947; Or<\/strong><\/td>\n<td style=\"background-color: #a8a8a8;text-align: center;width: 200px;vertical-align: middle\"><strong>&#x1f948; Argent<\/strong><\/td>\n<td style=\"background-color: #c97159;text-align: center;width: 200px;vertical-align: middle\"><strong>&#x1f949; Bronze<\/strong><\/td>\n<\/tr>\n<tr>\n<td style=\"text-align: center;width: 200px;vertical-align: middle\"><strong>Contre-la-montre \u00e9lites femmes<br \/>\n<span style=\"font-size: 0.9em\"><em><span style=\"font-size: 0.8em\"><a href=\"https:\/\/dicodusport.fr\/blog\/mondiaux-cyclisme-2022-ellen-van-dijk-titree-pour-la-troisieme-fois-sur-le-chrono\/\">R\u00e9sum\u00e9<\/a> &#8211; <a href=\"https:\/\/dicodusport.fr\/blog\/mondiaux-cyclisme-2022-classement-contre-la-montre-femmes\/\">Classement<\/a><\/span><\/em><\/span><br \/>\n<\/strong><\/td>\n<td style=\"text-align: center;width: 200px;vertical-align: middle\"><span style=\"font-size: 0.9em\"><b>&#x1f1f3;&#x1f1f1; ELLEN VAN DIJK<\/b><\/span><\/td>\n<td style=\"text-align: center;width: 200px;vertical-align: middle\"><span style=\"font-size: 0.9em\"><b><strong>&#x1f1e6;&#x1f1fa; GRACE BROWN<\/strong><\/b><\/span><\/td>\n<td style=\"text-align: center;width: 200px;vertical-align: middle\"><span style=\"font-size: 0.9em\"><b>&#x1f1e8;&#x1f1ed; MARLEN REUSSER<\/b><\/span><\/td>\n<\/tr>\n<tr>\n<td style=\"text-align: center;width: 200px;vertical-align: middle\"><strong>Contre-la-montre \u00e9lites hommes<br \/>\n<span style=\"font-size: 0.9em\"><em><span style=\"font-size: 0.8em\"><a href=\"https:\/\/dicodusport.fr\/blog\/mondiaux-cyclisme-2022-tobias-foss-sacre-champion-du-monde-du-contre-la-montre\/\">R\u00e9sum\u00e9<\/a> &#8211; <a href=\"https:\/\/dicodusport.fr\/blog\/mondiaux-cyclisme-2022-classement-contre-la-montre-hommes\/\">Classement<\/a><\/span><\/em><\/span><br \/>\n<\/strong><\/td>\n<td style=\"text-align: center;width: 200px;vertical-align: middle\"><span style=\"font-size: 0.9em\"><b>&#x1f1f3;&#x1f1f4; TOBIAS FOSS<\/b><\/span><\/td>\n<td style=\"text-align: center;width: 200px;vertical-align: middle\"><span style=\"font-size: 0.9em\"><b>&#x1f1e8;&#x1f1ed; STEFAN K\u00dcNG<\/b><\/span><\/td>\n<td style=\"text-align: center;width: 200px;vertical-align: middle\"><span style=\"font-size: 0.9em\"><b>&#x1f1e7;&#x1f1ea; REMCO EVENEPOEL<\/b><\/span><\/td>\n<\/tr>\n<tr>\n<td style=\"text-align: center;width: 200px;vertical-align: middle\"><strong>Contre-la-montre U23 femmes<br \/>\n<span style=\"font-size: 0.9em\"><em><span style=\"font-size: 0.8em\"><a href=\"https:\/\/dicodusport.fr\/blog\/mondiaux-cyclisme-2022-ellen-van-dijk-titree-pour-la-troisieme-fois-sur-le-chrono\/\">R\u00e9sum\u00e9<\/a> &#8211; <a href=\"https:\/\/dicodusport.fr\/blog\/mondiaux-cyclisme-2022-classement-contre-la-montre-femmes\/\">Classement<\/a><\/span><\/em><\/span><br \/>\n<\/strong><\/td>\n<td style=\"text-align: center;width: 200px;vertical-align: middle\"><span style=\"font-size: 0.9em\"><b>&#x1f1ee;&#x1f1f9; VITTORIA GUAZZINI<\/b><\/span><\/td>\n<td style=\"text-align: center;width: 200px;vertical-align: middle\"><span style=\"font-size: 0.9em\"><b><strong>&#x1f1f3;&#x1f1f1; <\/strong>SHIRIN VAN ANROOIJ\u00a0<\/b><\/span><\/td>\n<td style=\"text-align: center;width: 200px;vertical-align: middle\"><span style=\"font-size: 0.9em\"><b>&#x1f1e9;&#x1f1ea; RICARDA BAUERNFEIND<\/b><\/span><\/td>\n<\/tr>\n<tr>\n<td style=\"text-align: center;width: 200px;vertical-align: middle\"><strong>Contre-la-montre U23 hommes<br \/>\n<span style=\"font-size: 0.9em\"><em><span style=\"font-size: 0.8em\"><a href=\"https:\/\/dicodusport.fr\/blog\/mondiaux-cyclisme-2022-soren-waerenskjold-titre-sur-le-contre-la-montre-espoirs\/\">R\u00e9sum\u00e9<\/a> &#8211; <a href=\"https:\/\/dicodusport.fr\/blog\/mondiaux-cyclisme-2022-classement-contre-la-montre-espoirs-hommes\/\">Classement<\/a><\/span><\/em><\/span><br \/>\n<\/strong><\/td>\n<td style=\"text-align: center;width: 200px;vertical-align: middle\"><span style=\"font-size: 0.9em\"><b>&#x1f1f3;&#x1f1f4; SOREN WAERENSKJOLD<\/b><\/span><\/td>\n<td style=\"text-align: center;width: 200px;vertical-align: middle\"><span style=\"font-size: 0.9em\"><b>&#x1f1e7;&#x1f1ea; ALEC SEGAERT<\/b><\/span><\/td>\n<td style=\"text-align: center;width: 200px;vertical-align: middle\"><span style=\"font-size: 0.9em\"><b>&#x1f1ec;&#x1f1e7; LEO HAYTER<\/b><\/span><\/td>\n<\/tr>\n<tr>\n<td style=\"text-align: center;width: 200px;vertical-align: middle\"><strong>Contre-la-montre juniors femmes<br \/>\n<span style=\"font-size: 0.9em\"><em><span style=\"font-size: 0.8em\"><a href=\"https:\/\/dicodusport.fr\/blog\/mondiaux-cyclisme-2022-zoe-backstedt-championne-du-monde-juniors-du-chrono\/\">R\u00e9sum\u00e9<\/a> &#8211; <a href=\"https:\/\/dicodusport.fr\/blog\/mondiaux-cyclisme-2022-classement-contre-la-montre-juniors-femmes\/\">Classement<\/a><\/span><\/em><\/span><br \/>\n<\/strong><\/td>\n<td style=\"text-align: center;width: 200px;vertical-align: middle\"><span style=\"font-size: 0.9em\"><b>&#x1f1ec;&#x1f1e7; ZOE B\u00c4CKSTEDT<\/b><\/span><\/td>\n<td style=\"text-align: center;width: 200px;vertical-align: middle\"><span style=\"font-size: 0.9em\"><b>&#x1f1e9;&#x1f1ea; JUSTYNA CZAPLA<\/b><\/span><\/td>\n<td style=\"text-align: center;width: 200px;vertical-align: middle\"><span style=\"font-size: 0.9em\"><b><strong>&#x1f1e7;&#x1f1ea;<\/strong> FEBE JOORIS<\/b><\/span><\/td>\n<\/tr>\n<tr>\n<td style=\"text-align: center;width: 200px;vertical-align: middle\"><strong>Contre-la-montre juniors hommes<br \/>\n<span style=\"font-size: 0.9em\"><em><span style=\"font-size: 0.8em\"><a href=\"https:\/\/dicodusport.fr\/blog\/mondiaux-cyclisme-2022-joshua-tarling-champion-du-monde-juniors-sur-le-chrono\/\">R\u00e9sum\u00e9<\/a> &#8211; <a href=\"https:\/\/dicodusport.fr\/blog\/mondiaux-cyclisme-2022-classement-contre-la-montre-juniors-hommes\/\">Classement<\/a><\/span><\/em><\/span><br \/>\n<\/strong><\/td>\n<td style=\"text-align: center;width: 200px;vertical-align: middle\"><span style=\"font-size: 0.9em\"><b>&#x1f1ec;&#x1f1e7; JOSHUA TARLING<\/b><\/span><\/td>\n<td style=\"text-align: center;width: 200px;vertical-align: middle\"><span style=\"font-size: 0.9em\"><b><strong>&#x1f1e6;&#x1f1fa; HAMISH MCKENZIE<\/strong><\/b><\/span><\/td>\n<td style=\"text-align: center;width: 200px;vertical-align: middle\"><span style=\"font-size: 0.9em\"><b>&#x1f1e9;&#x1f1ea; EMIL HERZOG<\/b><\/span><\/td>\n<\/tr>\n<tr>\n<td style=\"text-align: center;width: 200px;vertical-align: middle\"><strong>Contre-la-montre par \u00e9quipes &#8211; Relais mixte<br \/>\n<span style=\"font-size: 0.9em\"><em><span style=\"font-size: 0.8em\"><a href=\"https:\/\/dicodusport.fr\/blog\/mondiaux-cyclisme-2022-suisse-championne-du-monde-relais-mixte\/\">R\u00e9sum\u00e9<\/a> &#8211; <a href=\"https:\/\/dicodusport.fr\/blog\/mondiaux-cyclisme-2022-classement-relais-mixte\/\">Classement<\/a><\/span><\/em><\/span><br \/>\n<\/strong><\/td>\n<td style=\"text-align: center;width: 200px;vertical-align: middle\"><span style=\"font-size: 0.9em\"><b>&#x1f1e8;&#x1f1ed; SUISSE<\/b><\/span><\/td>\n<td style=\"text-align: center;width: 200px;vertical-align: middle\"><span style=\"font-size: 0.9em\"><b>&#x1f1ee;&#x1f1f9; ITALIE<\/b><\/span><\/td>\n<td style=\"text-align: center;width: 200px;vertical-align: middle\"><span style=\"font-size: 0.9em\"><b><strong>&#x1f1e6;&#x1f1fa; AUSTRALIE<\/strong><\/b><\/span><\/td>\n<\/tr>\n<tr>\n<td style=\"text-align: center;width: 200px;vertical-align: middle\"><strong>Course en ligne juniors femmes<br \/>\n<span style=\"font-size: 0.9em\"><em><span style=\"font-size: 0.8em\"><a href=\"https:\/\/dicodusport.fr\/blog\/mondiaux-cyclisme-2022-le-double-pour-zoe-backstedt-eglantine-rayer-en-argent\/\">R\u00e9sum\u00e9<\/a> &#8211; <a href=\"https:\/\/dicodusport.fr\/blog\/mondiaux-cyclisme-2022-classement-course-en-ligne-juniors-femmes\/\">Classement<\/a><\/span><\/em><\/span><br \/>\n<\/strong><\/td>\n<td style=\"text-align: center;width: 200px;vertical-align: middle\"><span style=\"font-size: 0.9em\"><b>&#x1f1ec;&#x1f1e7; ZOE B\u00c4CKSTEDT<\/b><\/span><\/td>\n<td style=\"text-align: center;width: 200px;vertical-align: middle\"><span style=\"font-size: 0.9em\"><b>&#x1f1eb;&#x1f1f7; \u00c9GLANTINE RAYER<\/b><\/span><\/td>\n<td style=\"text-align: center;width: 200px;vertical-align: middle\"><span style=\"font-size: 0.9em\"><b><strong>&#x1f1f3;&#x1f1f1; <\/strong>NIENKE VINKE<\/b><\/span><\/td>\n<\/tr>\n<tr>\n<td style=\"text-align: center;width: 200px;vertical-align: middle\"><strong>Course en ligne juniors hommes<br \/>\n<span style=\"font-size: 0.9em\"><em><span style=\"font-size: 0.8em\"><a href=\"https:\/\/dicodusport.fr\/blog\/mondiaux-cyclisme-2022-emil-herzog-champion-du-monde-juniors-sur-la-course-en-ligne\/\">R\u00e9sum\u00e9<\/a> &#8211; <a href=\"https:\/\/dicodusport.fr\/blog\/mondiaux-cyclisme-2022-classement-course-en-ligne-juniors-hommes\/\">Classement<\/a><\/span><\/em><\/span><br \/>\n<\/strong><\/td>\n<td style=\"text-align: center;width: 200px;vertical-align: middle\"><span style=\"font-size: 0.9em\"><strong style=\"font-size: 14.4px\"><strong style=\"font-size: 0.9em\">&#x1f1e9;&#x1f1ea;<\/strong> EMIL HERZOG<\/strong><\/span><\/td>\n<td style=\"text-align: center;width: 200px;vertical-align: middle\"><strong style=\"font-size: 0.9em\">&#x1f1f5;&#x1f1f9; ANTONIO MORGADO<\/strong><\/td>\n<td style=\"text-align: center;width: 200px;vertical-align: middle\"><span style=\"font-size: 0.9em\"><b><strong>&#x1f1e7;&#x1f1ea;<\/strong> VLAD VAN MECHELEN<\/b><\/span><\/td>\n<\/tr>\n<tr>\n<td style=\"text-align: center;width: 200px;vertical-align: middle\"><strong>Course en ligne U23 hommes<br \/>\n<span style=\"font-size: 0.9em\"><em><span style=\"font-size: 0.8em\"><a href=\"https:\/\/dicodusport.fr\/blog\/mondiaux-cyclisme-2022-yevgeniy-fedorov-titre-sur-la-course-en-ligne-des-espoirs\/\">R\u00e9sum\u00e9<\/a> &#8211; <a href=\"https:\/\/dicodusport.fr\/blog\/mondiaux-cyclisme-2022-classement-course-en-ligne-espoirs-hommes\/\">Classement<\/a><\/span><\/em><\/span><br \/>\n<\/strong><\/td>\n<td style=\"text-align: center;width: 200px;vertical-align: middle\"><strong style=\"font-size: 0.9em\">&#x1f1f0;&#x1f1ff; YEVGENIY FEDOROV<\/strong><\/td>\n<td style=\"text-align: center;width: 200px;vertical-align: middle\"><strong style=\"font-size: 0.9em\">&#x1f1e8;&#x1f1ff; MATHIAS VACEK<\/strong><\/td>\n<td style=\"text-align: center;width: 200px;vertical-align: middle\"><span style=\"font-size: 0.9em\"><b>&#x1f1f3;&#x1f1f4; SOREN WAERENSKJOLD<\/b><\/span><\/td>\n<\/tr>\n<tr>\n<td style=\"text-align: center;width: 200px;vertical-align: middle\"><strong>Course en ligne U23 femmes<\/strong><\/td>\n<td style=\"text-align: center;width: 200px;vertical-align: middle\"><span style=\"font-size: 0.9em\"><b>&#x1f1f3;&#x1f1ff; NIAMH FISHER-BLACK<\/b><\/span><\/td>\n<td style=\"text-align: center;width: 200px;vertical-align: middle\"><span style=\"font-size: 0.9em\"><b>&#x1f1ec;&#x1f1e7; PFEIFFER GEORGI\u00a0<\/b><\/span><\/td>\n<td style=\"text-align: center;width: 200px;vertical-align: middle\"><span style=\"font-size: 0.9em\"><strong style=\"font-size: 14.4px\"><strong style=\"font-size: 0.9em\">&#x1f1e9;&#x1f1ea;<\/strong> RICARDA BAUERNFEIND<\/strong><\/span><\/td>\n<\/tr>\n<tr>\n<td style=\"text-align: center;width: 200px;vertical-align: middle\"><strong>Course en ligne \u00e9lites femmes<br \/>\n<span style=\"font-size: 0.9em\"><em><span style=\"font-size: 0.8em\"><a href=\"https:\/\/dicodusport.fr\/blog\/mondiaux-cyclisme-2022-annemiek-van-vleuten-sacree-sur-course-en-ligne\/\">R\u00e9sum\u00e9<\/a> &#8211; <a href=\"https:\/\/dicodusport.fr\/blog\/mondiaux-cyclisme-2022-classement-course-en-ligne-elites-femmes\/\">Classement<\/a><\/span><\/em><\/span><br \/>\n<\/strong><\/td>\n<td style=\"text-align: center;width: 200px;vertical-align: middle\"><span style=\"font-size: 0.9em\"><b><strong>&#x1f1f3;&#x1f1f1; <\/strong>ANNEMIEK VAN VLEUTEN<\/b><\/span><\/td>\n<td style=\"text-align: center;width: 200px;vertical-align: middle\"><span style=\"font-size: 0.9em\"><b><strong>&#x1f1e7;&#x1f1ea;<\/strong> LOTTE KOPECKY<\/b><\/span><\/td>\n<td style=\"text-align: center;width: 200px;vertical-align: middle\"><span style=\"font-size: 0.9em\"><b>&#x1f1ee;&#x1f1f9; SILVIA PERSICO<\/b><\/span><\/td>\n<\/tr>\n<tr>\n<td style=\"text-align: center;width: 200px;vertical-align: middle\"><strong>Course en ligne \u00e9lites hommes<br \/>\n<span style=\"font-size: 0.9em\"><em><span style=\"font-size: 0.8em\"><a href=\"https:\/\/dicodusport.fr\/blog\/mondiaux-cyclisme-2022-remco-evenepoel-sacre-christophe-laporte-en-argent\/\">R\u00e9sum\u00e9<\/a> &#8211; <a href=\"https:\/\/dicodusport.fr\/blog\/mondiaux-cyclisme-2022-classement-course-en-ligne-elites-hommes\/\">Classement<\/a><\/span><\/em><\/span><br \/>\n<\/strong><\/td>\n<td style=\"text-align: center;width: 200px;vertical-align: middle\"><span style=\"font-size: 0.9em\"><b>&#x1f1e7;&#x1f1ea; REMCO EVENEPOEL<\/b><\/span><\/td>\n<td style=\"text-align: center;width: 200px;vertical-align: middle\"><span style=\"font-size: 0.9em\"><b>&#x1f1eb;&#x1f1f7; CHRISTOPHE LAPORTE<\/b><\/span><\/td>\n<td style=\"text-align: center;width: 200px;vertical-align: middle\"><span style=\"font-size: 0.9em\"><b><strong>&#x1f1e6;&#x1f1fa; MICHAEL MATTHEWS<\/strong><\/b><\/span><\/td>\n<\/tr>\n<\/tbody>\n<\/table>\n<\/div>\n<h2 style=\"text-align: justify;\"><strong>\u00c0 lire aussi<\/strong><\/h2>\n<ul>\n<li style=\"text-align: justify;\"><strong><a href=\"https:\/\/dicodusport.fr\/blog\/tableau-des-medailles-championnats-du-monde-cyclisme-sur-route-2022\/\">Tableau des m\u00e9dailles des championnats du monde de cyclisme sur route 2022<\/a>\u00a0<\/strong><\/li>\n<li style=\"text-align: justify;\"><a href=\"https:\/\/dicodusport.fr\/blog\/mondiaux-cyclisme-2022-les-selections-de-toutes-les-nations\/\"><strong>Les s\u00e9lections de toutes les nations pour les Mondiaux sur route 2022<\/strong><\/a><\/li>\n<\/ul>\n","protected":false},"excerpt":{"rendered":"<p>CHAMPIONNATS DU MONDE CYCLISME SUR ROUTE 2022 &#8211; D\u00e9couvrez le programme complet et les r\u00e9sultats des Mondiaux de cyclisme sur route 2022, qui se d\u00e9roulent \u00e0 Wollongong (Australie) du 18 au 25 septembre 2022.<\/p>\n","protected":false},"author":4,"featured_media":261393,"comment_status":"open","ping_status":"closed","sticky":false,"template":"","format":"standard","meta":{"_acf_changed":false,"_daextam_enable_autolinks":"","footnotes":""},"categories":[46994],"tags":[10812],"class_list":["post-261390","post","type-post","status-publish","format-standard","has-post-thumbnail","hentry","category-cyclisme-sur-route","tag-championnats-du-monde-de-cyclisme"],"acf":[],"yoast_head":"<!-- This site is optimized with the Yoast SEO Premium plugin v26.7 (Yoast SEO v26.7) - https:\/\/yoast.com\/wordpress\/plugins\/seo\/ -->\n<title>Mondiaux Cyclisme 2022 - Palmar\u00e8s et r\u00e9sultats complets<\/title>\n<meta name=\"description\" content=\"CHAMPIONNATS DU MONDE CYCLISME SUR ROUTE 2022 - D\u00e9couvrez le programme complet et les r\u00e9sultats des Mondiaux de cyclisme sur route 2022.\" \/>\n<meta name=\"robots\" content=\"index, follow, max-snippet:-1, max-image-preview:large, max-video-preview:-1\" \/>\n<link rel=\"canonical\" href=\"https:\/\/dicodusport.fr\/blog\/mondiaux-cyclisme-2022-programme-complet-et-resultats\/\" \/>\n<meta property=\"og:locale\" content=\"fr_FR\" \/>\n<meta property=\"og:type\" content=\"article\" \/>\n<meta property=\"og:title\" content=\"Mondiaux Cyclisme 2022 - Palmar\u00e8s et r\u00e9sultats complets\" \/>\n<meta property=\"og:description\" content=\"CHAMPIONNATS DU MONDE CYCLISME SUR ROUTE 2022 - D\u00e9couvrez le programme complet et les r\u00e9sultats des Mondiaux de cyclisme sur route 2022.\" \/>\n<meta property=\"og:url\" content=\"https:\/\/dicodusport.fr\/blog\/mondiaux-cyclisme-2022-programme-complet-et-resultats\/\" \/>\n<meta property=\"og:site_name\" content=\"Dicodusport\" \/>\n<meta property=\"article:publisher\" content=\"https:\/\/www.facebook.com\/dicodusport\" \/>\n<meta property=\"article:author\" content=\"https:\/\/www.facebook.com\/florent.ostermann\" \/>\n<meta property=\"article:published_time\" content=\"2022-09-25T07:16:43+00:00\" \/>\n<meta property=\"article:modified_time\" content=\"2022-09-25T08:24:43+00:00\" \/>\n<meta property=\"og:image\" content=\"https:\/\/dicodusport.fr\/blog\/wp-content\/uploads\/2022\/09\/Mondiaux-Cyclisme-2022-Programme-complet-et-resultats.png\" \/>\n\t<meta property=\"og:image:width\" content=\"800\" \/>\n\t<meta property=\"og:image:height\" content=\"445\" \/>\n\t<meta property=\"og:image:type\" content=\"image\/png\" \/>\n<meta name=\"author\" content=\"Flo Ostermann\" \/>\n<meta name=\"twitter:card\" content=\"summary_large_image\" \/>\n<meta name=\"twitter:title\" content=\"Mondiaux Cyclisme 2022 - Palmar\u00e8s et r\u00e9sultats complets\" \/>\n<meta name=\"twitter:creator\" content=\"@https:\/\/twitter.com\/FlOstermann\" \/>\n<meta name=\"twitter:site\" content=\"@dicodusport\" \/>\n<script type=\"application\/ld+json\" class=\"yoast-schema-graph\">{\"@context\":\"https:\/\/schema.org\",\"@graph\":[{\"@type\":\"NewsArticle\",\"@id\":\"https:\/\/dicodusport.fr\/blog\/mondiaux-cyclisme-2022-programme-complet-et-resultats\/#article\",\"isPartOf\":{\"@id\":\"https:\/\/dicodusport.fr\/blog\/mondiaux-cyclisme-2022-programme-complet-et-resultats\/\"},\"author\":{\"name\":\"Flo Ostermann\",\"@id\":\"https:\/\/dicodusport.fr\/blog\/#\/schema\/person\/cb02af4c173ce4a653b55e9baf388d4a\"},\"headline\":\"Mondiaux Cyclisme 2022 &#8211; Palmar\u00e8s et r\u00e9sultats complets\",\"datePublished\":\"2022-09-25T07:16:43+00:00\",\"dateModified\":\"2022-09-25T08:24:43+00:00\",\"mainEntityOfPage\":{\"@id\":\"https:\/\/dicodusport.fr\/blog\/mondiaux-cyclisme-2022-programme-complet-et-resultats\/\"},\"wordCount\":1007,\"commentCount\":2,\"publisher\":{\"@id\":\"https:\/\/dicodusport.fr\/blog\/#organization\"},\"image\":{\"@id\":\"https:\/\/dicodusport.fr\/blog\/mondiaux-cyclisme-2022-programme-complet-et-resultats\/#primaryimage\"},\"thumbnailUrl\":\"https:\/\/dicodusport.fr\/blog\/wp-content\/uploads\/2022\/09\/Mondiaux-Cyclisme-2022-Programme-complet-et-resultats.png\",\"keywords\":[\"Championnats du monde de cyclisme\"],\"articleSection\":[\"Cyclisme sur route\"],\"inLanguage\":\"fr-FR\",\"potentialAction\":[{\"@type\":\"CommentAction\",\"name\":\"Comment\",\"target\":[\"https:\/\/dicodusport.fr\/blog\/mondiaux-cyclisme-2022-programme-complet-et-resultats\/#respond\"]}],\"copyrightYear\":\"2022\",\"copyrightHolder\":{\"@id\":\"https:\/\/dicodusport.fr\/blog\/#organization\"}},{\"@type\":\"WebPage\",\"@id\":\"https:\/\/dicodusport.fr\/blog\/mondiaux-cyclisme-2022-programme-complet-et-resultats\/\",\"url\":\"https:\/\/dicodusport.fr\/blog\/mondiaux-cyclisme-2022-programme-complet-et-resultats\/\",\"name\":\"Mondiaux Cyclisme 2022 - Palmar\u00e8s et r\u00e9sultats complets\",\"isPartOf\":{\"@id\":\"https:\/\/dicodusport.fr\/blog\/#website\"},\"primaryImageOfPage\":{\"@id\":\"https:\/\/dicodusport.fr\/blog\/mondiaux-cyclisme-2022-programme-complet-et-resultats\/#primaryimage\"},\"image\":{\"@id\":\"https:\/\/dicodusport.fr\/blog\/mondiaux-cyclisme-2022-programme-complet-et-resultats\/#primaryimage\"},\"thumbnailUrl\":\"https:\/\/dicodusport.fr\/blog\/wp-content\/uploads\/2022\/09\/Mondiaux-Cyclisme-2022-Programme-complet-et-resultats.png\",\"datePublished\":\"2022-09-25T07:16:43+00:00\",\"dateModified\":\"2022-09-25T08:24:43+00:00\",\"description\":\"CHAMPIONNATS DU MONDE CYCLISME SUR ROUTE 2022 - D\u00e9couvrez le programme complet et les r\u00e9sultats des Mondiaux de cyclisme sur route 2022.\",\"breadcrumb\":{\"@id\":\"https:\/\/dicodusport.fr\/blog\/mondiaux-cyclisme-2022-programme-complet-et-resultats\/#breadcrumb\"},\"inLanguage\":\"fr-FR\",\"potentialAction\":[{\"@type\":\"ReadAction\",\"target\":[\"https:\/\/dicodusport.fr\/blog\/mondiaux-cyclisme-2022-programme-complet-et-resultats\/\"]}]},{\"@type\":\"ImageObject\",\"inLanguage\":\"fr-FR\",\"@id\":\"https:\/\/dicodusport.fr\/blog\/mondiaux-cyclisme-2022-programme-complet-et-resultats\/#primaryimage\",\"url\":\"https:\/\/dicodusport.fr\/blog\/wp-content\/uploads\/2022\/09\/Mondiaux-Cyclisme-2022-Programme-complet-et-resultats.png\",\"contentUrl\":\"https:\/\/dicodusport.fr\/blog\/wp-content\/uploads\/2022\/09\/Mondiaux-Cyclisme-2022-Programme-complet-et-resultats.png\",\"width\":800,\"height\":445,\"caption\":\"Mondiaux Cyclisme 2022 - Programme complet et r\u00e9sultats\"},{\"@type\":\"BreadcrumbList\",\"@id\":\"https:\/\/dicodusport.fr\/blog\/mondiaux-cyclisme-2022-programme-complet-et-resultats\/#breadcrumb\",\"itemListElement\":[{\"@type\":\"ListItem\",\"position\":1,\"name\":\"Accueil\",\"item\":\"https:\/\/dicodusport.fr\/blog\/\"},{\"@type\":\"ListItem\",\"position\":2,\"name\":\"Mondiaux Cyclisme 2022 &#8211; Palmar\u00e8s et r\u00e9sultats complets\"}]},{\"@type\":\"WebSite\",\"@id\":\"https:\/\/dicodusport.fr\/blog\/#website\",\"url\":\"https:\/\/dicodusport.fr\/blog\/\",\"name\":\"Dicodusport\",\"description\":\"L&#039;encyclop\u00e9die de l&#039;actualit\u00e9 sportive\",\"publisher\":{\"@id\":\"https:\/\/dicodusport.fr\/blog\/#organization\"},\"potentialAction\":[{\"@type\":\"SearchAction\",\"target\":{\"@type\":\"EntryPoint\",\"urlTemplate\":\"https:\/\/dicodusport.fr\/blog\/?s={search_term_string}\"},\"query-input\":{\"@type\":\"PropertyValueSpecification\",\"valueRequired\":true,\"valueName\":\"search_term_string\"}}],\"inLanguage\":\"fr-FR\"},{\"@type\":\"NewsMediaOrganization\",\"@id\":\"https:\/\/dicodusport.fr\/blog\/#organization\",\"name\":\"Dicodusport\",\"url\":\"https:\/\/dicodusport.fr\/blog\/\",\"logo\":{\"@type\":\"ImageObject\",\"inLanguage\":\"fr-FR\",\"@id\":\"https:\/\/dicodusport.fr\/blog\/#\/schema\/logo\/image\/\",\"url\":\"https:\/\/dicodusport.fr\/blog\/wp-content\/uploads\/2020\/06\/cropped-LOGO-DICODUSPORT-2020-SANS-FOND-SANS-TEXTE.png\",\"contentUrl\":\"https:\/\/dicodusport.fr\/blog\/wp-content\/uploads\/2020\/06\/cropped-LOGO-DICODUSPORT-2020-SANS-FOND-SANS-TEXTE.png\",\"width\":512,\"height\":512,\"caption\":\"Dicodusport\"},\"image\":{\"@id\":\"https:\/\/dicodusport.fr\/blog\/#\/schema\/logo\/image\/\"},\"sameAs\":[\"https:\/\/www.facebook.com\/dicodusport\",\"https:\/\/x.com\/dicodusport\",\"https:\/\/www.instagram.com\/dicodusport\/\",\"https:\/\/www.youtube.com\/channel\/UC7V2KZ5sd3htJivAbA4ZG3w\"],\"description\":\"Dicodusport est l'encyclop\u00e9die de l'actualit\u00e9 sportive.\",\"email\":\"bonjour@dicodusport.fr\",\"legalName\":\"DICODUSPORT\",\"foundingDate\":\"2018-01-14\",\"vatID\":\"FR71834470973\",\"taxID\":\"83447097300043\",\"numberOfEmployees\":{\"@type\":\"QuantitativeValue\",\"minValue\":\"1\",\"maxValue\":\"10\"}},{\"@type\":\"Person\",\"@id\":\"https:\/\/dicodusport.fr\/blog\/#\/schema\/person\/cb02af4c173ce4a653b55e9baf388d4a\",\"name\":\"Flo Ostermann\",\"image\":{\"@type\":\"ImageObject\",\"inLanguage\":\"fr-FR\",\"@id\":\"https:\/\/dicodusport.fr\/blog\/#\/schema\/person\/image\/\",\"url\":\"https:\/\/dicodusport.fr\/blog\/wp-content\/uploads\/2021\/05\/Flo-Ostermann-150x150.jpg\",\"contentUrl\":\"https:\/\/dicodusport.fr\/blog\/wp-content\/uploads\/2021\/05\/Flo-Ostermann-150x150.jpg\",\"caption\":\"Flo Ostermann\"},\"description\":\"Journaliste\/R\u00e9dacteur depuis septembre 2015 - Mes premiers souvenirs dans le sport ? Les envol\u00e9es du Stade Toulousain et les duels Villeneuve-Schumacher et H\u00e4kkinen-Schumacher \u00e0 la fin des ann\u00e9es 90, la Coupe du monde de football en 1998, l\u2019exploit du XV de France face aux All Blacks en 1999, mais aussi Richard C\u0153ur de Lion qui vole sur les montagnes du Tour de France. Bien parti pour devenir professeur d\u2019EPS, les \u00e9v\u00e9nements de la vie (et la flemme d\u2019animer des s\u00e9ances de 3x500 m\u00e8tres toute ma vie) m\u2019ont conduit \u00e0 revoir mes plans. Me voil\u00e0 depuis fin 2017 sur Dicodusport, m\u00e9dia gr\u00e2ce (et pour) lequel je partage ma passion : le sport dans tous ses \u00e9tats. Le tout accompagn\u00e9 par les fous furieux et folles furieuses cit\u00e9s sur cette page !\",\"sameAs\":[\"https:\/\/www.facebook.com\/florent.ostermann\",\"https:\/\/x.com\/https:\/\/twitter.com\/FlOstermann\",\"admin\"],\"url\":\"https:\/\/dicodusport.fr\/blog\/author\/flo\/\"}]}<\/script>\n<!-- \/ Yoast SEO Premium plugin. -->","yoast_head_json":{"title":"Mondiaux Cyclisme 2022 - Palmar\u00e8s et r\u00e9sultats complets","description":"CHAMPIONNATS DU MONDE CYCLISME SUR ROUTE 2022 - D\u00e9couvrez le programme complet et les r\u00e9sultats des Mondiaux de cyclisme sur route 2022.","robots":{"index":"index","follow":"follow","max-snippet":"max-snippet:-1","max-image-preview":"max-image-preview:large","max-video-preview":"max-video-preview:-1"},"canonical":"https:\/\/dicodusport.fr\/blog\/mondiaux-cyclisme-2022-programme-complet-et-resultats\/","og_locale":"fr_FR","og_type":"article","og_title":"Mondiaux Cyclisme 2022 - Palmar\u00e8s et r\u00e9sultats complets","og_description":"CHAMPIONNATS DU MONDE CYCLISME SUR ROUTE 2022 - D\u00e9couvrez le programme complet et les r\u00e9sultats des Mondiaux de cyclisme sur route 2022.","og_url":"https:\/\/dicodusport.fr\/blog\/mondiaux-cyclisme-2022-programme-complet-et-resultats\/","og_site_name":"Dicodusport","article_publisher":"https:\/\/www.facebook.com\/dicodusport","article_author":"https:\/\/www.facebook.com\/florent.ostermann","article_published_time":"2022-09-25T07:16:43+00:00","article_modified_time":"2022-09-25T08:24:43+00:00","og_image":[{"width":800,"height":445,"url":"https:\/\/dicodusport.fr\/blog\/wp-content\/uploads\/2022\/09\/Mondiaux-Cyclisme-2022-Programme-complet-et-resultats.png","type":"image\/png"}],"author":"Flo Ostermann","twitter_card":"summary_large_image","twitter_title":"Mondiaux Cyclisme 2022 - Palmar\u00e8s et r\u00e9sultats complets","twitter_creator":"@https:\/\/twitter.com\/FlOstermann","twitter_site":"@dicodusport","schema":{"@context":"https:\/\/schema.org","@graph":[{"@type":"NewsArticle","@id":"https:\/\/dicodusport.fr\/blog\/mondiaux-cyclisme-2022-programme-complet-et-resultats\/#article","isPartOf":{"@id":"https:\/\/dicodusport.fr\/blog\/mondiaux-cyclisme-2022-programme-complet-et-resultats\/"},"author":{"name":"Flo Ostermann","@id":"https:\/\/dicodusport.fr\/blog\/#\/schema\/person\/cb02af4c173ce4a653b55e9baf388d4a"},"headline":"Mondiaux Cyclisme 2022 &#8211; Palmar\u00e8s et r\u00e9sultats complets","datePublished":"2022-09-25T07:16:43+00:00","dateModified":"2022-09-25T08:24:43+00:00","mainEntityOfPage":{"@id":"https:\/\/dicodusport.fr\/blog\/mondiaux-cyclisme-2022-programme-complet-et-resultats\/"},"wordCount":1007,"commentCount":2,"publisher":{"@id":"https:\/\/dicodusport.fr\/blog\/#organization"},"image":{"@id":"https:\/\/dicodusport.fr\/blog\/mondiaux-cyclisme-2022-programme-complet-et-resultats\/#primaryimage"},"thumbnailUrl":"https:\/\/dicodusport.fr\/blog\/wp-content\/uploads\/2022\/09\/Mondiaux-Cyclisme-2022-Programme-complet-et-resultats.png","keywords":["Championnats du monde de cyclisme"],"articleSection":["Cyclisme sur route"],"inLanguage":"fr-FR","potentialAction":[{"@type":"CommentAction","name":"Comment","target":["https:\/\/dicodusport.fr\/blog\/mondiaux-cyclisme-2022-programme-complet-et-resultats\/#respond"]}],"copyrightYear":"2022","copyrightHolder":{"@id":"https:\/\/dicodusport.fr\/blog\/#organization"}},{"@type":"WebPage","@id":"https:\/\/dicodusport.fr\/blog\/mondiaux-cyclisme-2022-programme-complet-et-resultats\/","url":"https:\/\/dicodusport.fr\/blog\/mondiaux-cyclisme-2022-programme-complet-et-resultats\/","name":"Mondiaux Cyclisme 2022 - Palmar\u00e8s et r\u00e9sultats complets","isPartOf":{"@id":"https:\/\/dicodusport.fr\/blog\/#website"},"primaryImageOfPage":{"@id":"https:\/\/dicodusport.fr\/blog\/mondiaux-cyclisme-2022-programme-complet-et-resultats\/#primaryimage"},"image":{"@id":"https:\/\/dicodusport.fr\/blog\/mondiaux-cyclisme-2022-programme-complet-et-resultats\/#primaryimage"},"thumbnailUrl":"https:\/\/dicodusport.fr\/blog\/wp-content\/uploads\/2022\/09\/Mondiaux-Cyclisme-2022-Programme-complet-et-resultats.png","datePublished":"2022-09-25T07:16:43+00:00","dateModified":"2022-09-25T08:24:43+00:00","description":"CHAMPIONNATS DU MONDE CYCLISME SUR ROUTE 2022 - D\u00e9couvrez le programme complet et les r\u00e9sultats des Mondiaux de cyclisme sur route 2022.","breadcrumb":{"@id":"https:\/\/dicodusport.fr\/blog\/mondiaux-cyclisme-2022-programme-complet-et-resultats\/#breadcrumb"},"inLanguage":"fr-FR","potentialAction":[{"@type":"ReadAction","target":["https:\/\/dicodusport.fr\/blog\/mondiaux-cyclisme-2022-programme-complet-et-resultats\/"]}]},{"@type":"ImageObject","inLanguage":"fr-FR","@id":"https:\/\/dicodusport.fr\/blog\/mondiaux-cyclisme-2022-programme-complet-et-resultats\/#primaryimage","url":"https:\/\/dicodusport.fr\/blog\/wp-content\/uploads\/2022\/09\/Mondiaux-Cyclisme-2022-Programme-complet-et-resultats.png","contentUrl":"https:\/\/dicodusport.fr\/blog\/wp-content\/uploads\/2022\/09\/Mondiaux-Cyclisme-2022-Programme-complet-et-resultats.png","width":800,"height":445,"caption":"Mondiaux Cyclisme 2022 - Programme complet et r\u00e9sultats"},{"@type":"BreadcrumbList","@id":"https:\/\/dicodusport.fr\/blog\/mondiaux-cyclisme-2022-programme-complet-et-resultats\/#breadcrumb","itemListElement":[{"@type":"ListItem","position":1,"name":"Accueil","item":"https:\/\/dicodusport.fr\/blog\/"},{"@type":"ListItem","position":2,"name":"Mondiaux Cyclisme 2022 &#8211; Palmar\u00e8s et r\u00e9sultats complets"}]},{"@type":"WebSite","@id":"https:\/\/dicodusport.fr\/blog\/#website","url":"https:\/\/dicodusport.fr\/blog\/","name":"Dicodusport","description":"L&#039;encyclop\u00e9die de l&#039;actualit\u00e9 sportive","publisher":{"@id":"https:\/\/dicodusport.fr\/blog\/#organization"},"potentialAction":[{"@type":"SearchAction","target":{"@type":"EntryPoint","urlTemplate":"https:\/\/dicodusport.fr\/blog\/?s={search_term_string}"},"query-input":{"@type":"PropertyValueSpecification","valueRequired":true,"valueName":"search_term_string"}}],"inLanguage":"fr-FR"},{"@type":"NewsMediaOrganization","@id":"https:\/\/dicodusport.fr\/blog\/#organization","name":"Dicodusport","url":"https:\/\/dicodusport.fr\/blog\/","logo":{"@type":"ImageObject","inLanguage":"fr-FR","@id":"https:\/\/dicodusport.fr\/blog\/#\/schema\/logo\/image\/","url":"https:\/\/dicodusport.fr\/blog\/wp-content\/uploads\/2020\/06\/cropped-LOGO-DICODUSPORT-2020-SANS-FOND-SANS-TEXTE.png","contentUrl":"https:\/\/dicodusport.fr\/blog\/wp-content\/uploads\/2020\/06\/cropped-LOGO-DICODUSPORT-2020-SANS-FOND-SANS-TEXTE.png","width":512,"height":512,"caption":"Dicodusport"},"image":{"@id":"https:\/\/dicodusport.fr\/blog\/#\/schema\/logo\/image\/"},"sameAs":["https:\/\/www.facebook.com\/dicodusport","https:\/\/x.com\/dicodusport","https:\/\/www.instagram.com\/dicodusport\/","https:\/\/www.youtube.com\/channel\/UC7V2KZ5sd3htJivAbA4ZG3w"],"description":"Dicodusport est l'encyclop\u00e9die de l'actualit\u00e9 sportive.","email":"bonjour@dicodusport.fr","legalName":"DICODUSPORT","foundingDate":"2018-01-14","vatID":"FR71834470973","taxID":"83447097300043","numberOfEmployees":{"@type":"QuantitativeValue","minValue":"1","maxValue":"10"}},{"@type":"Person","@id":"https:\/\/dicodusport.fr\/blog\/#\/schema\/person\/cb02af4c173ce4a653b55e9baf388d4a","name":"Flo Ostermann","image":{"@type":"ImageObject","inLanguage":"fr-FR","@id":"https:\/\/dicodusport.fr\/blog\/#\/schema\/person\/image\/","url":"https:\/\/dicodusport.fr\/blog\/wp-content\/uploads\/2021\/05\/Flo-Ostermann-150x150.jpg","contentUrl":"https:\/\/dicodusport.fr\/blog\/wp-content\/uploads\/2021\/05\/Flo-Ostermann-150x150.jpg","caption":"Flo Ostermann"},"description":"Journaliste\/R\u00e9dacteur depuis septembre 2015 - Mes premiers souvenirs dans le sport ? Les envol\u00e9es du Stade Toulousain et les duels Villeneuve-Schumacher et H\u00e4kkinen-Schumacher \u00e0 la fin des ann\u00e9es 90, la Coupe du monde de football en 1998, l\u2019exploit du XV de France face aux All Blacks en 1999, mais aussi Richard C\u0153ur de Lion qui vole sur les montagnes du Tour de France. Bien parti pour devenir professeur d\u2019EPS, les \u00e9v\u00e9nements de la vie (et la flemme d\u2019animer des s\u00e9ances de 3x500 m\u00e8tres toute ma vie) m\u2019ont conduit \u00e0 revoir mes plans. Me voil\u00e0 depuis fin 2017 sur Dicodusport, m\u00e9dia gr\u00e2ce (et pour) lequel je partage ma passion : le sport dans tous ses \u00e9tats. Le tout accompagn\u00e9 par les fous furieux et folles furieuses cit\u00e9s sur cette page !","sameAs":["https:\/\/www.facebook.com\/florent.ostermann","https:\/\/x.com\/https:\/\/twitter.com\/FlOstermann","admin"],"url":"https:\/\/dicodusport.fr\/blog\/author\/flo\/"}]}},"_links":{"self":[{"href":"https:\/\/dicodusport.fr\/blog\/wp-json\/wp\/v2\/posts\/261390","targetHints":{"allow":["GET"]}}],"collection":[{"href":"https:\/\/dicodusport.fr\/blog\/wp-json\/wp\/v2\/posts"}],"about":[{"href":"https:\/\/dicodusport.fr\/blog\/wp-json\/wp\/v2\/types\/post"}],"author":[{"embeddable":true,"href":"https:\/\/dicodusport.fr\/blog\/wp-json\/wp\/v2\/users\/4"}],"replies":[{"embeddable":true,"href":"https:\/\/dicodusport.fr\/blog\/wp-json\/wp\/v2\/comments?post=261390"}],"version-history":[{"count":0,"href":"https:\/\/dicodusport.fr\/blog\/wp-json\/wp\/v2\/posts\/261390\/revisions"}],"wp:featuredmedia":[{"embeddable":true,"href":"https:\/\/dicodusport.fr\/blog\/wp-json\/wp\/v2\/media\/261393"}],"wp:attachment":[{"href":"https:\/\/dicodusport.fr\/blog\/wp-json\/wp\/v2\/media?parent=261390"}],"wp:term":[{"taxonomy":"category","embeddable":true,"href":"https:\/\/dicodusport.fr\/blog\/wp-json\/wp\/v2\/categories?post=261390"},{"taxonomy":"post_tag","embeddable":true,"href":"https:\/\/dicodusport.fr\/blog\/wp-json\/wp\/v2\/tags?post=261390"}],"curies":[{"name":"wp","href":"https:\/\/api.w.org\/{rel}","templated":true}]}}