{"id":261642,"date":"2022-09-13T16:12:31","date_gmt":"2022-09-13T14:12:31","guid":{"rendered":"https:\/\/dicodusport.fr\/blog\/?p=261642&#038;preview=true&#038;preview_id=261642"},"modified":"2022-09-13T16:21:17","modified_gmt":"2022-09-13T14:21:17","slug":"fff-noel-le-graet-vers-la-sortie","status":"publish","type":"post","link":"https:\/\/dicodusport.fr\/blog\/fff-noel-le-graet-vers-la-sortie\/","title":{"rendered":"FFF : No\u00ebl Le Gra\u00ebt vers la sortie ?"},"content":{"rendered":"<p style=\"text-align: justify;\"><b><i>FOOTBALL &#8211; Selon nos confr\u00e8res de So Foot et Foot Amateur, No\u00ebl Le Gra\u00ebt pourrait quitter la F\u00e9d\u00e9ration Fran\u00e7aise de Football en janvier 2023.\u00a0<\/i><\/b><\/p>\n<p style=\"text-align: justify;\">Pr\u00e9sident de la 3F depuis 2011, <strong>No\u00ebl Le Gra\u00ebt<\/strong> pourrait finalement passer la main dans quelques mois. C&rsquo;est en tout cas la rumeur qui prend de l&rsquo;ampleur ces derniers jours, alors que nos confr\u00e8res de <em>So Foot<\/em> viennent de sortir une enqu\u00eate \u00e0 charge contre l&rsquo;homme de 80 ans. Le pr\u00e9sident de la <strong>FFF<\/strong> aurait donc dit \u00e0 des collaborateurs qu&rsquo;il ne lui restait plus que quatre mois comme pr\u00e9sident, et qu&rsquo;il allait se retirer lors de la prochaine Assembl\u00e9e F\u00e9d\u00e9rale, le 7 janvier 2023. Si plusieurs sources concordantes avancent cette date de fin pour la pr\u00e9sidence de <strong>No\u00ebl Le Gra\u00ebt<\/strong>, son entourage temporise pour le moment en d\u00e9mentant cette information. Affaire \u00e0 suivre donc !<\/p>\n<blockquote class=\"twitter-tweet\">\n<p dir=\"ltr\" lang=\"fr\">No\u00ebl apr\u00e8s l&rsquo;heure. <a href=\"https:\/\/t.co\/k05XtasZAY\">https:\/\/t.co\/k05XtasZAY<\/a><\/p>\n<p>\u2014 SO FOOT (@sofoot) <a href=\"https:\/\/twitter.com\/sofoot\/status\/1569676882949406728?ref_src=twsrc%5Etfw\">September 13, 2022<\/a><\/p><\/blockquote>\n<p><script async src=\"https:\/\/platform.twitter.com\/widgets.js\" charset=\"utf-8\"><\/script><\/p>\n","protected":false},"excerpt":{"rendered":"<p>FOOTBALL &#8211; Selon nos confr\u00e8res de So Foot et Foot Amateur, No\u00ebl Le Gra\u00ebt pourrait quitter la F\u00e9d\u00e9ration Fran\u00e7aise de Football en janvier 2023.\u00a0<\/p>\n","protected":false},"author":1,"featured_media":261644,"comment_status":"open","ping_status":"closed","sticky":false,"template":"","format":"standard","meta":{"_acf_changed":false,"_daextam_enable_autolinks":"","footnotes":""},"categories":[2301],"tags":[4856,75,9607],"class_list":["post-261642","post","type-post","status-publish","format-standard","has-post-thumbnail","hentry","category-football","tag-fff","tag-football","tag-noel-le-graet"],"acf":[],"yoast_head":"<!-- This site is optimized with the Yoast SEO Premium plugin v26.7 (Yoast SEO v26.7) - https:\/\/yoast.com\/wordpress\/plugins\/seo\/ -->\n<title>FFF : No\u00ebl Le Gra\u00ebt vers la sortie ?<\/title>\n<meta name=\"description\" content=\"Selon nos confr\u00e8res de So Foot et Foot Amateur, No\u00ebl Le Gra\u00ebt pourrait quitter la F\u00e9d\u00e9ration Fran\u00e7aise de Football en janvier 2023.\u00a0\" \/>\n<meta name=\"robots\" content=\"index, follow, max-snippet:-1, max-image-preview:large, max-video-preview:-1\" \/>\n<link rel=\"canonical\" href=\"https:\/\/dicodusport.fr\/blog\/fff-noel-le-graet-vers-la-sortie\/\" \/>\n<meta property=\"og:locale\" content=\"fr_FR\" \/>\n<meta property=\"og:type\" content=\"article\" \/>\n<meta property=\"og:title\" content=\"FFF : No\u00ebl Le Gra\u00ebt vers la sortie ?\" \/>\n<meta property=\"og:description\" content=\"Selon nos confr\u00e8res de So Foot et Foot Amateur, No\u00ebl Le Gra\u00ebt pourrait quitter la F\u00e9d\u00e9ration Fran\u00e7aise de Football en janvier 2023.\u00a0\" \/>\n<meta property=\"og:url\" content=\"https:\/\/dicodusport.fr\/blog\/fff-noel-le-graet-vers-la-sortie\/\" \/>\n<meta property=\"og:site_name\" content=\"Dicodusport\" \/>\n<meta property=\"article:publisher\" content=\"https:\/\/www.facebook.com\/dicodusport\" \/>\n<meta property=\"article:author\" content=\"https:\/\/www.facebook.com\/dicodusport\" \/>\n<meta property=\"article:published_time\" content=\"2022-09-13T14:12:31+00:00\" \/>\n<meta property=\"article:modified_time\" content=\"2022-09-13T14:21:17+00:00\" \/>\n<meta property=\"og:image\" content=\"https:\/\/dicodusport.fr\/blog\/wp-content\/uploads\/2022\/09\/FFF-Noe\u0308l-Le-Grae\u0308t-vers-la-sortie-.png\" \/>\n\t<meta property=\"og:image:width\" content=\"800\" \/>\n\t<meta property=\"og:image:height\" content=\"445\" \/>\n\t<meta property=\"og:image:type\" content=\"image\/png\" \/>\n<meta name=\"author\" content=\"Nicolas Jacquemard\" \/>\n<meta name=\"twitter:card\" content=\"summary_large_image\" \/>\n<meta name=\"twitter:title\" content=\"FFF : No\u00ebl Le Gra\u00ebt vers la sortie ?\" \/>\n<meta name=\"twitter:creator\" content=\"@https:\/\/twitter.com\/Nico_Jacquemard\" \/>\n<meta name=\"twitter:site\" content=\"@dicodusport\" \/>\n<script type=\"application\/ld+json\" class=\"yoast-schema-graph\">{\"@context\":\"https:\/\/schema.org\",\"@graph\":[{\"@type\":\"NewsArticle\",\"@id\":\"https:\/\/dicodusport.fr\/blog\/fff-noel-le-graet-vers-la-sortie\/#article\",\"isPartOf\":{\"@id\":\"https:\/\/dicodusport.fr\/blog\/fff-noel-le-graet-vers-la-sortie\/\"},\"author\":{\"name\":\"Nicolas Jacquemard\",\"@id\":\"https:\/\/dicodusport.fr\/blog\/#\/schema\/person\/55dcb50ad410894e431ed812bbb70191\"},\"headline\":\"FFF : No\u00ebl Le Gra\u00ebt vers la sortie ?\",\"datePublished\":\"2022-09-13T14:12:31+00:00\",\"dateModified\":\"2022-09-13T14:21:17+00:00\",\"mainEntityOfPage\":{\"@id\":\"https:\/\/dicodusport.fr\/blog\/fff-noel-le-graet-vers-la-sortie\/\"},\"wordCount\":180,\"commentCount\":0,\"publisher\":{\"@id\":\"https:\/\/dicodusport.fr\/blog\/#organization\"},\"image\":{\"@id\":\"https:\/\/dicodusport.fr\/blog\/fff-noel-le-graet-vers-la-sortie\/#primaryimage\"},\"thumbnailUrl\":\"https:\/\/dicodusport.fr\/blog\/wp-content\/uploads\/2022\/09\/FFF-Noe\u0308l-Le-Grae\u0308t-vers-la-sortie-.png\",\"keywords\":[\"FFF\",\"Football\",\"No\u00ebl Le Gra\u00ebt\"],\"articleSection\":[\"Football\"],\"inLanguage\":\"fr-FR\",\"potentialAction\":[{\"@type\":\"CommentAction\",\"name\":\"Comment\",\"target\":[\"https:\/\/dicodusport.fr\/blog\/fff-noel-le-graet-vers-la-sortie\/#respond\"]}],\"copyrightYear\":\"2022\",\"copyrightHolder\":{\"@id\":\"https:\/\/dicodusport.fr\/blog\/#organization\"}},{\"@type\":\"WebPage\",\"@id\":\"https:\/\/dicodusport.fr\/blog\/fff-noel-le-graet-vers-la-sortie\/\",\"url\":\"https:\/\/dicodusport.fr\/blog\/fff-noel-le-graet-vers-la-sortie\/\",\"name\":\"FFF : No\u00ebl Le Gra\u00ebt vers la sortie ?\",\"isPartOf\":{\"@id\":\"https:\/\/dicodusport.fr\/blog\/#website\"},\"primaryImageOfPage\":{\"@id\":\"https:\/\/dicodusport.fr\/blog\/fff-noel-le-graet-vers-la-sortie\/#primaryimage\"},\"image\":{\"@id\":\"https:\/\/dicodusport.fr\/blog\/fff-noel-le-graet-vers-la-sortie\/#primaryimage\"},\"thumbnailUrl\":\"https:\/\/dicodusport.fr\/blog\/wp-content\/uploads\/2022\/09\/FFF-Noe\u0308l-Le-Grae\u0308t-vers-la-sortie-.png\",\"datePublished\":\"2022-09-13T14:12:31+00:00\",\"dateModified\":\"2022-09-13T14:21:17+00:00\",\"description\":\"Selon nos confr\u00e8res de So Foot et Foot Amateur, No\u00ebl Le Gra\u00ebt pourrait quitter la F\u00e9d\u00e9ration Fran\u00e7aise de Football en janvier 2023.\u00a0\",\"breadcrumb\":{\"@id\":\"https:\/\/dicodusport.fr\/blog\/fff-noel-le-graet-vers-la-sortie\/#breadcrumb\"},\"inLanguage\":\"fr-FR\",\"potentialAction\":[{\"@type\":\"ReadAction\",\"target\":[\"https:\/\/dicodusport.fr\/blog\/fff-noel-le-graet-vers-la-sortie\/\"]}]},{\"@type\":\"ImageObject\",\"inLanguage\":\"fr-FR\",\"@id\":\"https:\/\/dicodusport.fr\/blog\/fff-noel-le-graet-vers-la-sortie\/#primaryimage\",\"url\":\"https:\/\/dicodusport.fr\/blog\/wp-content\/uploads\/2022\/09\/FFF-Noe\u0308l-Le-Grae\u0308t-vers-la-sortie-.png\",\"contentUrl\":\"https:\/\/dicodusport.fr\/blog\/wp-content\/uploads\/2022\/09\/FFF-Noe\u0308l-Le-Grae\u0308t-vers-la-sortie-.png\",\"width\":800,\"height\":445},{\"@type\":\"BreadcrumbList\",\"@id\":\"https:\/\/dicodusport.fr\/blog\/fff-noel-le-graet-vers-la-sortie\/#breadcrumb\",\"itemListElement\":[{\"@type\":\"ListItem\",\"position\":1,\"name\":\"Accueil\",\"item\":\"https:\/\/dicodusport.fr\/blog\/\"},{\"@type\":\"ListItem\",\"position\":2,\"name\":\"FFF : No\u00ebl Le Gra\u00ebt vers la sortie ?\"}]},{\"@type\":\"WebSite\",\"@id\":\"https:\/\/dicodusport.fr\/blog\/#website\",\"url\":\"https:\/\/dicodusport.fr\/blog\/\",\"name\":\"Dicodusport\",\"description\":\"L&#039;encyclop\u00e9die de l&#039;actualit\u00e9 sportive\",\"publisher\":{\"@id\":\"https:\/\/dicodusport.fr\/blog\/#organization\"},\"potentialAction\":[{\"@type\":\"SearchAction\",\"target\":{\"@type\":\"EntryPoint\",\"urlTemplate\":\"https:\/\/dicodusport.fr\/blog\/?s={search_term_string}\"},\"query-input\":{\"@type\":\"PropertyValueSpecification\",\"valueRequired\":true,\"valueName\":\"search_term_string\"}}],\"inLanguage\":\"fr-FR\"},{\"@type\":\"NewsMediaOrganization\",\"@id\":\"https:\/\/dicodusport.fr\/blog\/#organization\",\"name\":\"Dicodusport\",\"url\":\"https:\/\/dicodusport.fr\/blog\/\",\"logo\":{\"@type\":\"ImageObject\",\"inLanguage\":\"fr-FR\",\"@id\":\"https:\/\/dicodusport.fr\/blog\/#\/schema\/logo\/image\/\",\"url\":\"https:\/\/dicodusport.fr\/blog\/wp-content\/uploads\/2020\/06\/cropped-LOGO-DICODUSPORT-2020-SANS-FOND-SANS-TEXTE.png\",\"contentUrl\":\"https:\/\/dicodusport.fr\/blog\/wp-content\/uploads\/2020\/06\/cropped-LOGO-DICODUSPORT-2020-SANS-FOND-SANS-TEXTE.png\",\"width\":512,\"height\":512,\"caption\":\"Dicodusport\"},\"image\":{\"@id\":\"https:\/\/dicodusport.fr\/blog\/#\/schema\/logo\/image\/\"},\"sameAs\":[\"https:\/\/www.facebook.com\/dicodusport\",\"https:\/\/x.com\/dicodusport\",\"https:\/\/www.instagram.com\/dicodusport\/\",\"https:\/\/www.youtube.com\/channel\/UC7V2KZ5sd3htJivAbA4ZG3w\"],\"description\":\"Dicodusport est l'encyclop\u00e9die de l'actualit\u00e9 sportive.\",\"email\":\"bonjour@dicodusport.fr\",\"legalName\":\"DICODUSPORT\",\"foundingDate\":\"2018-01-14\",\"vatID\":\"FR71834470973\",\"taxID\":\"83447097300043\",\"numberOfEmployees\":{\"@type\":\"QuantitativeValue\",\"minValue\":\"1\",\"maxValue\":\"10\"}},{\"@type\":\"Person\",\"@id\":\"https:\/\/dicodusport.fr\/blog\/#\/schema\/person\/55dcb50ad410894e431ed812bbb70191\",\"name\":\"Nicolas Jacquemard\",\"image\":{\"@type\":\"ImageObject\",\"inLanguage\":\"fr-FR\",\"@id\":\"https:\/\/dicodusport.fr\/blog\/#\/schema\/person\/image\/\",\"url\":\"https:\/\/dicodusport.fr\/blog\/wp-content\/uploads\/2021\/05\/Nicolas-Jacquemard-150x150.jpeg\",\"contentUrl\":\"https:\/\/dicodusport.fr\/blog\/wp-content\/uploads\/2021\/05\/Nicolas-Jacquemard-150x150.jpeg\",\"caption\":\"Nicolas Jacquemard\"},\"description\":\"Passionn\u00e9 de sport et entrepreneur depuis mes 18 ans, la cr\u00e9ation de Dicodusport m'a sembl\u00e9 \u00e9vidente pour participer \u00e0 la m\u00e9diatisation d'un plus grand nombre de sports. Le chemin est long mais avec une \u00e9quipe des plus motiv\u00e9es et les Jeux Olympiques de Paris 2024 en point de mire, nous y arriverons ! Journaliste dans le monde du sport depuis plus de 5 ans, je traite aussi bien de football, de rugby, de biathlon que de cyclisme.\",\"sameAs\":[\"https:\/\/www.facebook.com\/dicodusport\",\"https:\/\/x.com\/https:\/\/twitter.com\/Nico_Jacquemard\"],\"url\":\"https:\/\/dicodusport.fr\/blog\/author\/dicodusport\/\"}]}<\/script>\n<!-- \/ Yoast SEO Premium plugin. -->","yoast_head_json":{"title":"FFF : No\u00ebl Le Gra\u00ebt vers la sortie ?","description":"Selon nos confr\u00e8res de So Foot et Foot Amateur, No\u00ebl Le Gra\u00ebt pourrait quitter la F\u00e9d\u00e9ration Fran\u00e7aise de Football en janvier 2023.\u00a0","robots":{"index":"index","follow":"follow","max-snippet":"max-snippet:-1","max-image-preview":"max-image-preview:large","max-video-preview":"max-video-preview:-1"},"canonical":"https:\/\/dicodusport.fr\/blog\/fff-noel-le-graet-vers-la-sortie\/","og_locale":"fr_FR","og_type":"article","og_title":"FFF : No\u00ebl Le Gra\u00ebt vers la sortie ?","og_description":"Selon nos confr\u00e8res de So Foot et Foot Amateur, No\u00ebl Le Gra\u00ebt pourrait quitter la F\u00e9d\u00e9ration Fran\u00e7aise de Football en janvier 2023.\u00a0","og_url":"https:\/\/dicodusport.fr\/blog\/fff-noel-le-graet-vers-la-sortie\/","og_site_name":"Dicodusport","article_publisher":"https:\/\/www.facebook.com\/dicodusport","article_author":"https:\/\/www.facebook.com\/dicodusport","article_published_time":"2022-09-13T14:12:31+00:00","article_modified_time":"2022-09-13T14:21:17+00:00","og_image":[{"width":800,"height":445,"url":"https:\/\/dicodusport.fr\/blog\/wp-content\/uploads\/2022\/09\/FFF-Noe\u0308l-Le-Grae\u0308t-vers-la-sortie-.png","type":"image\/png"}],"author":"Nicolas Jacquemard","twitter_card":"summary_large_image","twitter_title":"FFF : No\u00ebl Le Gra\u00ebt vers la sortie ?","twitter_creator":"@https:\/\/twitter.com\/Nico_Jacquemard","twitter_site":"@dicodusport","schema":{"@context":"https:\/\/schema.org","@graph":[{"@type":"NewsArticle","@id":"https:\/\/dicodusport.fr\/blog\/fff-noel-le-graet-vers-la-sortie\/#article","isPartOf":{"@id":"https:\/\/dicodusport.fr\/blog\/fff-noel-le-graet-vers-la-sortie\/"},"author":{"name":"Nicolas Jacquemard","@id":"https:\/\/dicodusport.fr\/blog\/#\/schema\/person\/55dcb50ad410894e431ed812bbb70191"},"headline":"FFF : No\u00ebl Le Gra\u00ebt vers la sortie ?","datePublished":"2022-09-13T14:12:31+00:00","dateModified":"2022-09-13T14:21:17+00:00","mainEntityOfPage":{"@id":"https:\/\/dicodusport.fr\/blog\/fff-noel-le-graet-vers-la-sortie\/"},"wordCount":180,"commentCount":0,"publisher":{"@id":"https:\/\/dicodusport.fr\/blog\/#organization"},"image":{"@id":"https:\/\/dicodusport.fr\/blog\/fff-noel-le-graet-vers-la-sortie\/#primaryimage"},"thumbnailUrl":"https:\/\/dicodusport.fr\/blog\/wp-content\/uploads\/2022\/09\/FFF-Noe\u0308l-Le-Grae\u0308t-vers-la-sortie-.png","keywords":["FFF","Football","No\u00ebl Le Gra\u00ebt"],"articleSection":["Football"],"inLanguage":"fr-FR","potentialAction":[{"@type":"CommentAction","name":"Comment","target":["https:\/\/dicodusport.fr\/blog\/fff-noel-le-graet-vers-la-sortie\/#respond"]}],"copyrightYear":"2022","copyrightHolder":{"@id":"https:\/\/dicodusport.fr\/blog\/#organization"}},{"@type":"WebPage","@id":"https:\/\/dicodusport.fr\/blog\/fff-noel-le-graet-vers-la-sortie\/","url":"https:\/\/dicodusport.fr\/blog\/fff-noel-le-graet-vers-la-sortie\/","name":"FFF : No\u00ebl Le Gra\u00ebt vers la sortie ?","isPartOf":{"@id":"https:\/\/dicodusport.fr\/blog\/#website"},"primaryImageOfPage":{"@id":"https:\/\/dicodusport.fr\/blog\/fff-noel-le-graet-vers-la-sortie\/#primaryimage"},"image":{"@id":"https:\/\/dicodusport.fr\/blog\/fff-noel-le-graet-vers-la-sortie\/#primaryimage"},"thumbnailUrl":"https:\/\/dicodusport.fr\/blog\/wp-content\/uploads\/2022\/09\/FFF-Noe\u0308l-Le-Grae\u0308t-vers-la-sortie-.png","datePublished":"2022-09-13T14:12:31+00:00","dateModified":"2022-09-13T14:21:17+00:00","description":"Selon nos confr\u00e8res de So Foot et Foot Amateur, No\u00ebl Le Gra\u00ebt pourrait quitter la F\u00e9d\u00e9ration Fran\u00e7aise de Football en janvier 2023.\u00a0","breadcrumb":{"@id":"https:\/\/dicodusport.fr\/blog\/fff-noel-le-graet-vers-la-sortie\/#breadcrumb"},"inLanguage":"fr-FR","potentialAction":[{"@type":"ReadAction","target":["https:\/\/dicodusport.fr\/blog\/fff-noel-le-graet-vers-la-sortie\/"]}]},{"@type":"ImageObject","inLanguage":"fr-FR","@id":"https:\/\/dicodusport.fr\/blog\/fff-noel-le-graet-vers-la-sortie\/#primaryimage","url":"https:\/\/dicodusport.fr\/blog\/wp-content\/uploads\/2022\/09\/FFF-Noe\u0308l-Le-Grae\u0308t-vers-la-sortie-.png","contentUrl":"https:\/\/dicodusport.fr\/blog\/wp-content\/uploads\/2022\/09\/FFF-Noe\u0308l-Le-Grae\u0308t-vers-la-sortie-.png","width":800,"height":445},{"@type":"BreadcrumbList","@id":"https:\/\/dicodusport.fr\/blog\/fff-noel-le-graet-vers-la-sortie\/#breadcrumb","itemListElement":[{"@type":"ListItem","position":1,"name":"Accueil","item":"https:\/\/dicodusport.fr\/blog\/"},{"@type":"ListItem","position":2,"name":"FFF : No\u00ebl Le Gra\u00ebt vers la sortie ?"}]},{"@type":"WebSite","@id":"https:\/\/dicodusport.fr\/blog\/#website","url":"https:\/\/dicodusport.fr\/blog\/","name":"Dicodusport","description":"L&#039;encyclop\u00e9die de l&#039;actualit\u00e9 sportive","publisher":{"@id":"https:\/\/dicodusport.fr\/blog\/#organization"},"potentialAction":[{"@type":"SearchAction","target":{"@type":"EntryPoint","urlTemplate":"https:\/\/dicodusport.fr\/blog\/?s={search_term_string}"},"query-input":{"@type":"PropertyValueSpecification","valueRequired":true,"valueName":"search_term_string"}}],"inLanguage":"fr-FR"},{"@type":"NewsMediaOrganization","@id":"https:\/\/dicodusport.fr\/blog\/#organization","name":"Dicodusport","url":"https:\/\/dicodusport.fr\/blog\/","logo":{"@type":"ImageObject","inLanguage":"fr-FR","@id":"https:\/\/dicodusport.fr\/blog\/#\/schema\/logo\/image\/","url":"https:\/\/dicodusport.fr\/blog\/wp-content\/uploads\/2020\/06\/cropped-LOGO-DICODUSPORT-2020-SANS-FOND-SANS-TEXTE.png","contentUrl":"https:\/\/dicodusport.fr\/blog\/wp-content\/uploads\/2020\/06\/cropped-LOGO-DICODUSPORT-2020-SANS-FOND-SANS-TEXTE.png","width":512,"height":512,"caption":"Dicodusport"},"image":{"@id":"https:\/\/dicodusport.fr\/blog\/#\/schema\/logo\/image\/"},"sameAs":["https:\/\/www.facebook.com\/dicodusport","https:\/\/x.com\/dicodusport","https:\/\/www.instagram.com\/dicodusport\/","https:\/\/www.youtube.com\/channel\/UC7V2KZ5sd3htJivAbA4ZG3w"],"description":"Dicodusport est l'encyclop\u00e9die de l'actualit\u00e9 sportive.","email":"bonjour@dicodusport.fr","legalName":"DICODUSPORT","foundingDate":"2018-01-14","vatID":"FR71834470973","taxID":"83447097300043","numberOfEmployees":{"@type":"QuantitativeValue","minValue":"1","maxValue":"10"}},{"@type":"Person","@id":"https:\/\/dicodusport.fr\/blog\/#\/schema\/person\/55dcb50ad410894e431ed812bbb70191","name":"Nicolas Jacquemard","image":{"@type":"ImageObject","inLanguage":"fr-FR","@id":"https:\/\/dicodusport.fr\/blog\/#\/schema\/person\/image\/","url":"https:\/\/dicodusport.fr\/blog\/wp-content\/uploads\/2021\/05\/Nicolas-Jacquemard-150x150.jpeg","contentUrl":"https:\/\/dicodusport.fr\/blog\/wp-content\/uploads\/2021\/05\/Nicolas-Jacquemard-150x150.jpeg","caption":"Nicolas Jacquemard"},"description":"Passionn\u00e9 de sport et entrepreneur depuis mes 18 ans, la cr\u00e9ation de Dicodusport m'a sembl\u00e9 \u00e9vidente pour participer \u00e0 la m\u00e9diatisation d'un plus grand nombre de sports. Le chemin est long mais avec une \u00e9quipe des plus motiv\u00e9es et les Jeux Olympiques de Paris 2024 en point de mire, nous y arriverons ! Journaliste dans le monde du sport depuis plus de 5 ans, je traite aussi bien de football, de rugby, de biathlon que de cyclisme.","sameAs":["https:\/\/www.facebook.com\/dicodusport","https:\/\/x.com\/https:\/\/twitter.com\/Nico_Jacquemard"],"url":"https:\/\/dicodusport.fr\/blog\/author\/dicodusport\/"}]}},"_links":{"self":[{"href":"https:\/\/dicodusport.fr\/blog\/wp-json\/wp\/v2\/posts\/261642","targetHints":{"allow":["GET"]}}],"collection":[{"href":"https:\/\/dicodusport.fr\/blog\/wp-json\/wp\/v2\/posts"}],"about":[{"href":"https:\/\/dicodusport.fr\/blog\/wp-json\/wp\/v2\/types\/post"}],"author":[{"embeddable":true,"href":"https:\/\/dicodusport.fr\/blog\/wp-json\/wp\/v2\/users\/1"}],"replies":[{"embeddable":true,"href":"https:\/\/dicodusport.fr\/blog\/wp-json\/wp\/v2\/comments?post=261642"}],"version-history":[{"count":0,"href":"https:\/\/dicodusport.fr\/blog\/wp-json\/wp\/v2\/posts\/261642\/revisions"}],"wp:featuredmedia":[{"embeddable":true,"href":"https:\/\/dicodusport.fr\/blog\/wp-json\/wp\/v2\/media\/261644"}],"wp:attachment":[{"href":"https:\/\/dicodusport.fr\/blog\/wp-json\/wp\/v2\/media?parent=261642"}],"wp:term":[{"taxonomy":"category","embeddable":true,"href":"https:\/\/dicodusport.fr\/blog\/wp-json\/wp\/v2\/categories?post=261642"},{"taxonomy":"post_tag","embeddable":true,"href":"https:\/\/dicodusport.fr\/blog\/wp-json\/wp\/v2\/tags?post=261642"}],"curies":[{"name":"wp","href":"https:\/\/api.w.org\/{rel}","templated":true}]}}