{"id":261650,"date":"2022-09-13T17:09:50","date_gmt":"2022-09-13T15:09:50","guid":{"rendered":"https:\/\/dicodusport.fr\/blog\/?p=261650&#038;preview=true&#038;preview_id=261650"},"modified":"2022-09-13T17:20:47","modified_gmt":"2022-09-13T15:20:47","slug":"f1-2023-le-calendrier-previsionnel","status":"publish","type":"post","link":"https:\/\/dicodusport.fr\/blog\/f1-2023-le-calendrier-previsionnel\/","title":{"rendered":"F1 2023 : Le calendrier pr\u00e9visionnel"},"content":{"rendered":"<p style=\"text-align: justify;\"><b><i><a href=\"https:\/\/dicodusport.fr\/blog\/actualites\/sports-mecaniques\/formule-1\/f1-2023\/\">F1 2023<\/a> &#8211; Nos confr\u00e8res d&rsquo;<a href=\"https:\/\/www.autohebdo.fr\/actualites\/f1\/le-calendrier-f1-2023-prend-forme.html\" target=\"_blank\" rel=\"nofollow noopener\">AUTOhebdo<\/a> ont partag\u00e9 ce mardi le calendrier pr\u00e9visionnel de la saison de Formule 1 2023. 24 Grands Prix seraient au programme.<\/i><\/b><\/p>\n<p style=\"text-align: justify;\">Le <strong>calendrier F1 2023<\/strong> prend forme. Si l&rsquo;on savait d\u00e9j\u00e0 que le <strong>Grand Prix de France<\/strong> n&rsquo;en serait pas, Monaco et la Belgique, un temps menac\u00e9s, seront eux de la partie. Ainsi, selon <em>AUTOhebdo<\/em>, ce sont bien 24 Grands Prix qui seront disput\u00e9s la saison prochaine. Comme pr\u00e9vu, un troisi\u00e8me Grand Prix aura lieu aux \u00c9tats-Unis. Apr\u00e8s <strong>Miami<\/strong> (7 mai) et <strong>Austin<\/strong> (9 juillet), <strong>Las Vegas<\/strong> accueillera le cirque de la F1 le 18 novembre 2023.<\/p>\n<p style=\"text-align: justify;\">Comme en 2022, le <a href=\"https:\/\/dicodusport.fr\/blog\/f1-emilie-romagne-2022-horaires-programme-tv-et-resultats\/\"><strong>Grand Prix d&rsquo;\u00c9milie-Romagne \u00e0 Imola<\/strong><\/a> ouvrira le bal en Europe, mais pas avant le 21 mai. Celui-ci serait suivi dans un triple-header in\u00e9dit des <strong>GP de Monaco<\/strong> et d&rsquo;<strong>Espagne<\/strong>.<\/p>\n<h2 style=\"text-align: justify;\"><strong>Le calendrier pr\u00e9visionnel de la saison 2023 de F1<\/strong><\/h2>\n<p style=\"text-align: justify;\"><strong>5 mars :<\/strong> Grand Prix de Bahre\u00efn<br \/>\n<strong>19 mars :<\/strong> Grand Prix d\u2019Arabie Saoudite<\/p>\n<p style=\"text-align: justify;\"><strong>2 avril :<\/strong> Grand Prix d\u2019Australie<br \/>\n<strong>16 avril :<\/strong> Grand Prix de Chine<br \/>\n<strong>30 avril :<\/strong> Grand Prix d\u2019Azerba\u00efdjan<\/p>\n<p style=\"text-align: justify;\"><strong>7 mai :<\/strong> Grand Prix de Miami<br \/>\n<strong>21 mai :<\/strong> Grand Prix d\u2019\u00c9milie-Romagne<br \/>\n<strong>28 mai :<\/strong> Grand Prix de Monaco<\/p>\n<p style=\"text-align: justify;\"><strong>4 juin :<\/strong> Grand Prix d\u2019Espagne<br \/>\n<strong>18 juin :<\/strong> Grand Prix du Canada<\/p>\n<p style=\"text-align: justify;\"><strong>2 juillet :<\/strong> Grand Prix d\u2019Autriche<br \/>\n<strong>9 juillet :<\/strong> Grand Prix de Grande-Bretagne<br \/>\n<strong>23 juillet :<\/strong> Grand Prix de Hongrie<br \/>\n<strong>30 juillet :<\/strong> Grand Prix de Belgique<\/p>\n<p style=\"text-align: justify;\"><strong>27 ao\u00fbt :<\/strong> Grand Prix des Pays-Bas<\/p>\n<p style=\"text-align: justify;\"><strong>3 septembre :<\/strong> Grand Prix d\u2019Italie<br \/>\n<strong>17 septembre :<\/strong> Grand Prix de Singapour<br \/>\n<strong>24 septembre :<\/strong> Grand Prix du Japon<\/p>\n<p style=\"text-align: justify;\"><strong>8 octobre :<\/strong> Grand Prix du Qatar<br \/>\n<strong>22 octobre :<\/strong> Grand Prix des \u00c9tats-Unis<br \/>\n<strong>29 octobre :<\/strong> Grand Prix du Mexique<\/p>\n<p style=\"text-align: justify;\"><strong>5 novembre :<\/strong> Grand Prix du Br\u00e9sil<br \/>\n<strong>18 novembre :<\/strong> Grand Prix de Las Vegas<br \/>\n<strong>26 novembre :<\/strong> Grand Prix d\u2019Abou Dhabi<\/p>\n<blockquote class=\"twitter-tweet\">\n<p dir=\"ltr\" lang=\"fr\">Le calendrier pr\u00e9visionnel 2023 selon <a href=\"https:\/\/twitter.com\/autohebdo?ref_src=twsrc%5Etfw\">@autohebdo<\/a> :<\/p>\n<p>&#x1f1e7;&#x1f1ed;5\/03\u2070&#x1f1f8;&#x1f1e6;19\/03\u2070&#x1f1e6;&#x1f1fa;2\/04\u2070&#x1f1e8;&#x1f1f3;16\/04\u2070&#x1f1e6;&#x1f1ff;30\/04\u2070&#x1f1fa;&#x1f1f8;7\/05\u2070&#x1f1ee;&#x1f1f9;21\/05\u2070&#x1f1f2;&#x1f1e8;28\/05 \u2070&#x1f1ea;&#x1f1f8;4\/06 \u2070&#x1f1e8;&#x1f1e6;18\/06 \u2070&#x1f1e6;&#x1f1f9;2\/07 \u2070&#x1f1ec;&#x1f1e7;9\/07 \u2070&#x1f1ed;&#x1f1fa;23\/07\u2070&#x1f1e7;&#x1f1ea;30\/07\u2070&#x1f1f3;&#x1f1f1;27\/08\u2070&#x1f1ee;&#x1f1f9;3\/09\u2070&#x1f1f8;&#x1f1ec;17\/09\u2070&#x1f1ef;&#x1f1f5;24\/09\u2070&#x1f1f6;&#x1f1e6;08\/10\u2070&#x1f1fa;&#x1f1f8;22\/10\u2070&#x1f1f2;&#x1f1fd;29\/10\u2070&#x1f1e7;&#x1f1f7;5\/11\u2070&#x1f1fa;&#x1f1f8;18\/11 (Las Vegas)\u2070&#x1f1e6;&#x1f1ea;26\/11<\/p>\n<p>\u2014 Secteur F1 (@Secteur_F1) <a href=\"https:\/\/twitter.com\/Secteur_F1\/status\/1569690538978279425?ref_src=twsrc%5Etfw\">September 13, 2022<\/a><\/p><\/blockquote>\n<p><script async src=\"https:\/\/platform.twitter.com\/widgets.js\" charset=\"utf-8\"><\/script><\/p>\n<p>&nbsp;<\/p>\n","protected":false},"excerpt":{"rendered":"<p>F1 2023 &#8211; Nos confr\u00e8res d&rsquo;AUTOhebdo ont partag\u00e9 ce mardi le calendrier pr\u00e9visionnel de la saison de Formule 1 2023. 24 Grands Prix seraient au programme.<\/p>\n","protected":false},"author":4,"featured_media":261674,"comment_status":"open","ping_status":"closed","sticky":false,"template":"","format":"standard","meta":{"_acf_changed":false,"_daextam_enable_autolinks":"","footnotes":""},"categories":[8653],"tags":[3166],"class_list":["post-261650","post","type-post","status-publish","format-standard","has-post-thumbnail","hentry","category-formule-1","tag-f1"],"acf":[],"yoast_head":"<!-- This site is optimized with the Yoast SEO Premium plugin v26.7 (Yoast SEO v26.7) - https:\/\/yoast.com\/wordpress\/plugins\/seo\/ -->\n<title>F1 2023 : Le calendrier pr\u00e9visionnel<\/title>\n<meta name=\"description\" content=\"F1 2023 - Nos confr\u00e8res d&#039;AUTOhebdo ont partag\u00e9 ce mardi le calendrier pr\u00e9visionnel de la saison de Formule 1 2023.\" \/>\n<meta name=\"robots\" content=\"index, follow, max-snippet:-1, max-image-preview:large, max-video-preview:-1\" \/>\n<link rel=\"canonical\" href=\"https:\/\/dicodusport.fr\/blog\/f1-2023-le-calendrier-previsionnel\/\" \/>\n<meta property=\"og:locale\" content=\"fr_FR\" \/>\n<meta property=\"og:type\" content=\"article\" \/>\n<meta property=\"og:title\" content=\"F1 2023 : Le calendrier pr\u00e9visionnel\" \/>\n<meta property=\"og:description\" content=\"F1 2023 - Nos confr\u00e8res d&#039;AUTOhebdo ont partag\u00e9 ce mardi le calendrier pr\u00e9visionnel de la saison de Formule 1 2023.\" \/>\n<meta property=\"og:url\" content=\"https:\/\/dicodusport.fr\/blog\/f1-2023-le-calendrier-previsionnel\/\" \/>\n<meta property=\"og:site_name\" content=\"Dicodusport\" \/>\n<meta property=\"article:publisher\" content=\"https:\/\/www.facebook.com\/dicodusport\" \/>\n<meta property=\"article:author\" content=\"https:\/\/www.facebook.com\/florent.ostermann\" \/>\n<meta property=\"article:published_time\" content=\"2022-09-13T15:09:50+00:00\" \/>\n<meta property=\"article:modified_time\" content=\"2022-09-13T15:20:47+00:00\" \/>\n<meta property=\"og:image\" content=\"https:\/\/dicodusport.fr\/blog\/wp-content\/uploads\/2022\/09\/F1-2023-Le-calendrier-previsionnel.png\" \/>\n\t<meta property=\"og:image:width\" content=\"800\" \/>\n\t<meta property=\"og:image:height\" content=\"445\" \/>\n\t<meta property=\"og:image:type\" content=\"image\/png\" \/>\n<meta name=\"author\" content=\"Flo Ostermann\" \/>\n<meta name=\"twitter:card\" content=\"summary_large_image\" \/>\n<meta name=\"twitter:title\" content=\"F1 2023 : Le calendrier pr\u00e9visionnel\" \/>\n<meta name=\"twitter:creator\" content=\"@https:\/\/twitter.com\/FlOstermann\" \/>\n<meta name=\"twitter:site\" content=\"@dicodusport\" \/>\n<script type=\"application\/ld+json\" class=\"yoast-schema-graph\">{\"@context\":\"https:\/\/schema.org\",\"@graph\":[{\"@type\":\"NewsArticle\",\"@id\":\"https:\/\/dicodusport.fr\/blog\/f1-2023-le-calendrier-previsionnel\/#article\",\"isPartOf\":{\"@id\":\"https:\/\/dicodusport.fr\/blog\/f1-2023-le-calendrier-previsionnel\/\"},\"author\":{\"name\":\"Flo Ostermann\",\"@id\":\"https:\/\/dicodusport.fr\/blog\/#\/schema\/person\/cb02af4c173ce4a653b55e9baf388d4a\"},\"headline\":\"F1 2023 : Le calendrier pr\u00e9visionnel\",\"datePublished\":\"2022-09-13T15:09:50+00:00\",\"dateModified\":\"2022-09-13T15:20:47+00:00\",\"mainEntityOfPage\":{\"@id\":\"https:\/\/dicodusport.fr\/blog\/f1-2023-le-calendrier-previsionnel\/\"},\"wordCount\":435,\"commentCount\":0,\"publisher\":{\"@id\":\"https:\/\/dicodusport.fr\/blog\/#organization\"},\"image\":{\"@id\":\"https:\/\/dicodusport.fr\/blog\/f1-2023-le-calendrier-previsionnel\/#primaryimage\"},\"thumbnailUrl\":\"https:\/\/dicodusport.fr\/blog\/wp-content\/uploads\/2022\/09\/F1-2023-Le-calendrier-previsionnel.png\",\"keywords\":[\"F1\"],\"articleSection\":[\"Formule 1\"],\"inLanguage\":\"fr-FR\",\"potentialAction\":[{\"@type\":\"CommentAction\",\"name\":\"Comment\",\"target\":[\"https:\/\/dicodusport.fr\/blog\/f1-2023-le-calendrier-previsionnel\/#respond\"]}],\"copyrightYear\":\"2022\",\"copyrightHolder\":{\"@id\":\"https:\/\/dicodusport.fr\/blog\/#organization\"}},{\"@type\":\"WebPage\",\"@id\":\"https:\/\/dicodusport.fr\/blog\/f1-2023-le-calendrier-previsionnel\/\",\"url\":\"https:\/\/dicodusport.fr\/blog\/f1-2023-le-calendrier-previsionnel\/\",\"name\":\"F1 2023 : Le calendrier pr\u00e9visionnel\",\"isPartOf\":{\"@id\":\"https:\/\/dicodusport.fr\/blog\/#website\"},\"primaryImageOfPage\":{\"@id\":\"https:\/\/dicodusport.fr\/blog\/f1-2023-le-calendrier-previsionnel\/#primaryimage\"},\"image\":{\"@id\":\"https:\/\/dicodusport.fr\/blog\/f1-2023-le-calendrier-previsionnel\/#primaryimage\"},\"thumbnailUrl\":\"https:\/\/dicodusport.fr\/blog\/wp-content\/uploads\/2022\/09\/F1-2023-Le-calendrier-previsionnel.png\",\"datePublished\":\"2022-09-13T15:09:50+00:00\",\"dateModified\":\"2022-09-13T15:20:47+00:00\",\"description\":\"F1 2023 - Nos confr\u00e8res d'AUTOhebdo ont partag\u00e9 ce mardi le calendrier pr\u00e9visionnel de la saison de Formule 1 2023.\",\"breadcrumb\":{\"@id\":\"https:\/\/dicodusport.fr\/blog\/f1-2023-le-calendrier-previsionnel\/#breadcrumb\"},\"inLanguage\":\"fr-FR\",\"potentialAction\":[{\"@type\":\"ReadAction\",\"target\":[\"https:\/\/dicodusport.fr\/blog\/f1-2023-le-calendrier-previsionnel\/\"]}]},{\"@type\":\"ImageObject\",\"inLanguage\":\"fr-FR\",\"@id\":\"https:\/\/dicodusport.fr\/blog\/f1-2023-le-calendrier-previsionnel\/#primaryimage\",\"url\":\"https:\/\/dicodusport.fr\/blog\/wp-content\/uploads\/2022\/09\/F1-2023-Le-calendrier-previsionnel.png\",\"contentUrl\":\"https:\/\/dicodusport.fr\/blog\/wp-content\/uploads\/2022\/09\/F1-2023-Le-calendrier-previsionnel.png\",\"width\":800,\"height\":445,\"caption\":\"F1 2023 Le calendrier pr\u00e9visionnel\"},{\"@type\":\"BreadcrumbList\",\"@id\":\"https:\/\/dicodusport.fr\/blog\/f1-2023-le-calendrier-previsionnel\/#breadcrumb\",\"itemListElement\":[{\"@type\":\"ListItem\",\"position\":1,\"name\":\"Accueil\",\"item\":\"https:\/\/dicodusport.fr\/blog\/\"},{\"@type\":\"ListItem\",\"position\":2,\"name\":\"F1 2023 : Le calendrier pr\u00e9visionnel\"}]},{\"@type\":\"WebSite\",\"@id\":\"https:\/\/dicodusport.fr\/blog\/#website\",\"url\":\"https:\/\/dicodusport.fr\/blog\/\",\"name\":\"Dicodusport\",\"description\":\"L&#039;encyclop\u00e9die de l&#039;actualit\u00e9 sportive\",\"publisher\":{\"@id\":\"https:\/\/dicodusport.fr\/blog\/#organization\"},\"potentialAction\":[{\"@type\":\"SearchAction\",\"target\":{\"@type\":\"EntryPoint\",\"urlTemplate\":\"https:\/\/dicodusport.fr\/blog\/?s={search_term_string}\"},\"query-input\":{\"@type\":\"PropertyValueSpecification\",\"valueRequired\":true,\"valueName\":\"search_term_string\"}}],\"inLanguage\":\"fr-FR\"},{\"@type\":\"NewsMediaOrganization\",\"@id\":\"https:\/\/dicodusport.fr\/blog\/#organization\",\"name\":\"Dicodusport\",\"url\":\"https:\/\/dicodusport.fr\/blog\/\",\"logo\":{\"@type\":\"ImageObject\",\"inLanguage\":\"fr-FR\",\"@id\":\"https:\/\/dicodusport.fr\/blog\/#\/schema\/logo\/image\/\",\"url\":\"https:\/\/dicodusport.fr\/blog\/wp-content\/uploads\/2020\/06\/cropped-LOGO-DICODUSPORT-2020-SANS-FOND-SANS-TEXTE.png\",\"contentUrl\":\"https:\/\/dicodusport.fr\/blog\/wp-content\/uploads\/2020\/06\/cropped-LOGO-DICODUSPORT-2020-SANS-FOND-SANS-TEXTE.png\",\"width\":512,\"height\":512,\"caption\":\"Dicodusport\"},\"image\":{\"@id\":\"https:\/\/dicodusport.fr\/blog\/#\/schema\/logo\/image\/\"},\"sameAs\":[\"https:\/\/www.facebook.com\/dicodusport\",\"https:\/\/x.com\/dicodusport\",\"https:\/\/www.instagram.com\/dicodusport\/\",\"https:\/\/www.youtube.com\/channel\/UC7V2KZ5sd3htJivAbA4ZG3w\"],\"description\":\"Dicodusport est l'encyclop\u00e9die de l'actualit\u00e9 sportive.\",\"email\":\"bonjour@dicodusport.fr\",\"legalName\":\"DICODUSPORT\",\"foundingDate\":\"2018-01-14\",\"vatID\":\"FR71834470973\",\"taxID\":\"83447097300043\",\"numberOfEmployees\":{\"@type\":\"QuantitativeValue\",\"minValue\":\"1\",\"maxValue\":\"10\"}},{\"@type\":\"Person\",\"@id\":\"https:\/\/dicodusport.fr\/blog\/#\/schema\/person\/cb02af4c173ce4a653b55e9baf388d4a\",\"name\":\"Flo Ostermann\",\"image\":{\"@type\":\"ImageObject\",\"inLanguage\":\"fr-FR\",\"@id\":\"https:\/\/dicodusport.fr\/blog\/#\/schema\/person\/image\/\",\"url\":\"https:\/\/dicodusport.fr\/blog\/wp-content\/uploads\/2021\/05\/Flo-Ostermann-150x150.jpg\",\"contentUrl\":\"https:\/\/dicodusport.fr\/blog\/wp-content\/uploads\/2021\/05\/Flo-Ostermann-150x150.jpg\",\"caption\":\"Flo Ostermann\"},\"description\":\"Journaliste\/R\u00e9dacteur depuis septembre 2015 - Mes premiers souvenirs dans le sport ? Les envol\u00e9es du Stade Toulousain et les duels Villeneuve-Schumacher et H\u00e4kkinen-Schumacher \u00e0 la fin des ann\u00e9es 90, la Coupe du monde de football en 1998, l\u2019exploit du XV de France face aux All Blacks en 1999, mais aussi Richard C\u0153ur de Lion qui vole sur les montagnes du Tour de France. Bien parti pour devenir professeur d\u2019EPS, les \u00e9v\u00e9nements de la vie (et la flemme d\u2019animer des s\u00e9ances de 3x500 m\u00e8tres toute ma vie) m\u2019ont conduit \u00e0 revoir mes plans. Me voil\u00e0 depuis fin 2017 sur Dicodusport, m\u00e9dia gr\u00e2ce (et pour) lequel je partage ma passion : le sport dans tous ses \u00e9tats. Le tout accompagn\u00e9 par les fous furieux et folles furieuses cit\u00e9s sur cette page !\",\"sameAs\":[\"https:\/\/www.facebook.com\/florent.ostermann\",\"https:\/\/x.com\/https:\/\/twitter.com\/FlOstermann\",\"admin\"],\"url\":\"https:\/\/dicodusport.fr\/blog\/author\/flo\/\"}]}<\/script>\n<!-- \/ Yoast SEO Premium plugin. -->","yoast_head_json":{"title":"F1 2023 : Le calendrier pr\u00e9visionnel","description":"F1 2023 - Nos confr\u00e8res d'AUTOhebdo ont partag\u00e9 ce mardi le calendrier pr\u00e9visionnel de la saison de Formule 1 2023.","robots":{"index":"index","follow":"follow","max-snippet":"max-snippet:-1","max-image-preview":"max-image-preview:large","max-video-preview":"max-video-preview:-1"},"canonical":"https:\/\/dicodusport.fr\/blog\/f1-2023-le-calendrier-previsionnel\/","og_locale":"fr_FR","og_type":"article","og_title":"F1 2023 : Le calendrier pr\u00e9visionnel","og_description":"F1 2023 - Nos confr\u00e8res d'AUTOhebdo ont partag\u00e9 ce mardi le calendrier pr\u00e9visionnel de la saison de Formule 1 2023.","og_url":"https:\/\/dicodusport.fr\/blog\/f1-2023-le-calendrier-previsionnel\/","og_site_name":"Dicodusport","article_publisher":"https:\/\/www.facebook.com\/dicodusport","article_author":"https:\/\/www.facebook.com\/florent.ostermann","article_published_time":"2022-09-13T15:09:50+00:00","article_modified_time":"2022-09-13T15:20:47+00:00","og_image":[{"width":800,"height":445,"url":"https:\/\/dicodusport.fr\/blog\/wp-content\/uploads\/2022\/09\/F1-2023-Le-calendrier-previsionnel.png","type":"image\/png"}],"author":"Flo Ostermann","twitter_card":"summary_large_image","twitter_title":"F1 2023 : Le calendrier pr\u00e9visionnel","twitter_creator":"@https:\/\/twitter.com\/FlOstermann","twitter_site":"@dicodusport","schema":{"@context":"https:\/\/schema.org","@graph":[{"@type":"NewsArticle","@id":"https:\/\/dicodusport.fr\/blog\/f1-2023-le-calendrier-previsionnel\/#article","isPartOf":{"@id":"https:\/\/dicodusport.fr\/blog\/f1-2023-le-calendrier-previsionnel\/"},"author":{"name":"Flo Ostermann","@id":"https:\/\/dicodusport.fr\/blog\/#\/schema\/person\/cb02af4c173ce4a653b55e9baf388d4a"},"headline":"F1 2023 : Le calendrier pr\u00e9visionnel","datePublished":"2022-09-13T15:09:50+00:00","dateModified":"2022-09-13T15:20:47+00:00","mainEntityOfPage":{"@id":"https:\/\/dicodusport.fr\/blog\/f1-2023-le-calendrier-previsionnel\/"},"wordCount":435,"commentCount":0,"publisher":{"@id":"https:\/\/dicodusport.fr\/blog\/#organization"},"image":{"@id":"https:\/\/dicodusport.fr\/blog\/f1-2023-le-calendrier-previsionnel\/#primaryimage"},"thumbnailUrl":"https:\/\/dicodusport.fr\/blog\/wp-content\/uploads\/2022\/09\/F1-2023-Le-calendrier-previsionnel.png","keywords":["F1"],"articleSection":["Formule 1"],"inLanguage":"fr-FR","potentialAction":[{"@type":"CommentAction","name":"Comment","target":["https:\/\/dicodusport.fr\/blog\/f1-2023-le-calendrier-previsionnel\/#respond"]}],"copyrightYear":"2022","copyrightHolder":{"@id":"https:\/\/dicodusport.fr\/blog\/#organization"}},{"@type":"WebPage","@id":"https:\/\/dicodusport.fr\/blog\/f1-2023-le-calendrier-previsionnel\/","url":"https:\/\/dicodusport.fr\/blog\/f1-2023-le-calendrier-previsionnel\/","name":"F1 2023 : Le calendrier pr\u00e9visionnel","isPartOf":{"@id":"https:\/\/dicodusport.fr\/blog\/#website"},"primaryImageOfPage":{"@id":"https:\/\/dicodusport.fr\/blog\/f1-2023-le-calendrier-previsionnel\/#primaryimage"},"image":{"@id":"https:\/\/dicodusport.fr\/blog\/f1-2023-le-calendrier-previsionnel\/#primaryimage"},"thumbnailUrl":"https:\/\/dicodusport.fr\/blog\/wp-content\/uploads\/2022\/09\/F1-2023-Le-calendrier-previsionnel.png","datePublished":"2022-09-13T15:09:50+00:00","dateModified":"2022-09-13T15:20:47+00:00","description":"F1 2023 - Nos confr\u00e8res d'AUTOhebdo ont partag\u00e9 ce mardi le calendrier pr\u00e9visionnel de la saison de Formule 1 2023.","breadcrumb":{"@id":"https:\/\/dicodusport.fr\/blog\/f1-2023-le-calendrier-previsionnel\/#breadcrumb"},"inLanguage":"fr-FR","potentialAction":[{"@type":"ReadAction","target":["https:\/\/dicodusport.fr\/blog\/f1-2023-le-calendrier-previsionnel\/"]}]},{"@type":"ImageObject","inLanguage":"fr-FR","@id":"https:\/\/dicodusport.fr\/blog\/f1-2023-le-calendrier-previsionnel\/#primaryimage","url":"https:\/\/dicodusport.fr\/blog\/wp-content\/uploads\/2022\/09\/F1-2023-Le-calendrier-previsionnel.png","contentUrl":"https:\/\/dicodusport.fr\/blog\/wp-content\/uploads\/2022\/09\/F1-2023-Le-calendrier-previsionnel.png","width":800,"height":445,"caption":"F1 2023 Le calendrier pr\u00e9visionnel"},{"@type":"BreadcrumbList","@id":"https:\/\/dicodusport.fr\/blog\/f1-2023-le-calendrier-previsionnel\/#breadcrumb","itemListElement":[{"@type":"ListItem","position":1,"name":"Accueil","item":"https:\/\/dicodusport.fr\/blog\/"},{"@type":"ListItem","position":2,"name":"F1 2023 : Le calendrier pr\u00e9visionnel"}]},{"@type":"WebSite","@id":"https:\/\/dicodusport.fr\/blog\/#website","url":"https:\/\/dicodusport.fr\/blog\/","name":"Dicodusport","description":"L&#039;encyclop\u00e9die de l&#039;actualit\u00e9 sportive","publisher":{"@id":"https:\/\/dicodusport.fr\/blog\/#organization"},"potentialAction":[{"@type":"SearchAction","target":{"@type":"EntryPoint","urlTemplate":"https:\/\/dicodusport.fr\/blog\/?s={search_term_string}"},"query-input":{"@type":"PropertyValueSpecification","valueRequired":true,"valueName":"search_term_string"}}],"inLanguage":"fr-FR"},{"@type":"NewsMediaOrganization","@id":"https:\/\/dicodusport.fr\/blog\/#organization","name":"Dicodusport","url":"https:\/\/dicodusport.fr\/blog\/","logo":{"@type":"ImageObject","inLanguage":"fr-FR","@id":"https:\/\/dicodusport.fr\/blog\/#\/schema\/logo\/image\/","url":"https:\/\/dicodusport.fr\/blog\/wp-content\/uploads\/2020\/06\/cropped-LOGO-DICODUSPORT-2020-SANS-FOND-SANS-TEXTE.png","contentUrl":"https:\/\/dicodusport.fr\/blog\/wp-content\/uploads\/2020\/06\/cropped-LOGO-DICODUSPORT-2020-SANS-FOND-SANS-TEXTE.png","width":512,"height":512,"caption":"Dicodusport"},"image":{"@id":"https:\/\/dicodusport.fr\/blog\/#\/schema\/logo\/image\/"},"sameAs":["https:\/\/www.facebook.com\/dicodusport","https:\/\/x.com\/dicodusport","https:\/\/www.instagram.com\/dicodusport\/","https:\/\/www.youtube.com\/channel\/UC7V2KZ5sd3htJivAbA4ZG3w"],"description":"Dicodusport est l'encyclop\u00e9die de l'actualit\u00e9 sportive.","email":"bonjour@dicodusport.fr","legalName":"DICODUSPORT","foundingDate":"2018-01-14","vatID":"FR71834470973","taxID":"83447097300043","numberOfEmployees":{"@type":"QuantitativeValue","minValue":"1","maxValue":"10"}},{"@type":"Person","@id":"https:\/\/dicodusport.fr\/blog\/#\/schema\/person\/cb02af4c173ce4a653b55e9baf388d4a","name":"Flo Ostermann","image":{"@type":"ImageObject","inLanguage":"fr-FR","@id":"https:\/\/dicodusport.fr\/blog\/#\/schema\/person\/image\/","url":"https:\/\/dicodusport.fr\/blog\/wp-content\/uploads\/2021\/05\/Flo-Ostermann-150x150.jpg","contentUrl":"https:\/\/dicodusport.fr\/blog\/wp-content\/uploads\/2021\/05\/Flo-Ostermann-150x150.jpg","caption":"Flo Ostermann"},"description":"Journaliste\/R\u00e9dacteur depuis septembre 2015 - Mes premiers souvenirs dans le sport ? Les envol\u00e9es du Stade Toulousain et les duels Villeneuve-Schumacher et H\u00e4kkinen-Schumacher \u00e0 la fin des ann\u00e9es 90, la Coupe du monde de football en 1998, l\u2019exploit du XV de France face aux All Blacks en 1999, mais aussi Richard C\u0153ur de Lion qui vole sur les montagnes du Tour de France. Bien parti pour devenir professeur d\u2019EPS, les \u00e9v\u00e9nements de la vie (et la flemme d\u2019animer des s\u00e9ances de 3x500 m\u00e8tres toute ma vie) m\u2019ont conduit \u00e0 revoir mes plans. Me voil\u00e0 depuis fin 2017 sur Dicodusport, m\u00e9dia gr\u00e2ce (et pour) lequel je partage ma passion : le sport dans tous ses \u00e9tats. Le tout accompagn\u00e9 par les fous furieux et folles furieuses cit\u00e9s sur cette page !","sameAs":["https:\/\/www.facebook.com\/florent.ostermann","https:\/\/x.com\/https:\/\/twitter.com\/FlOstermann","admin"],"url":"https:\/\/dicodusport.fr\/blog\/author\/flo\/"}]}},"_links":{"self":[{"href":"https:\/\/dicodusport.fr\/blog\/wp-json\/wp\/v2\/posts\/261650","targetHints":{"allow":["GET"]}}],"collection":[{"href":"https:\/\/dicodusport.fr\/blog\/wp-json\/wp\/v2\/posts"}],"about":[{"href":"https:\/\/dicodusport.fr\/blog\/wp-json\/wp\/v2\/types\/post"}],"author":[{"embeddable":true,"href":"https:\/\/dicodusport.fr\/blog\/wp-json\/wp\/v2\/users\/4"}],"replies":[{"embeddable":true,"href":"https:\/\/dicodusport.fr\/blog\/wp-json\/wp\/v2\/comments?post=261650"}],"version-history":[{"count":0,"href":"https:\/\/dicodusport.fr\/blog\/wp-json\/wp\/v2\/posts\/261650\/revisions"}],"wp:featuredmedia":[{"embeddable":true,"href":"https:\/\/dicodusport.fr\/blog\/wp-json\/wp\/v2\/media\/261674"}],"wp:attachment":[{"href":"https:\/\/dicodusport.fr\/blog\/wp-json\/wp\/v2\/media?parent=261650"}],"wp:term":[{"taxonomy":"category","embeddable":true,"href":"https:\/\/dicodusport.fr\/blog\/wp-json\/wp\/v2\/categories?post=261650"},{"taxonomy":"post_tag","embeddable":true,"href":"https:\/\/dicodusport.fr\/blog\/wp-json\/wp\/v2\/tags?post=261650"}],"curies":[{"name":"wp","href":"https:\/\/api.w.org\/{rel}","templated":true}]}}