{"id":261750,"date":"2022-09-18T14:53:18","date_gmt":"2022-09-18T12:53:18","guid":{"rendered":"https:\/\/dicodusport.fr\/blog\/?p=261750&#038;preview=true&#038;preview_id=261750"},"modified":"2022-09-18T15:13:07","modified_gmt":"2022-09-18T13:13:07","slug":"motogp-aragon-2022-horaires-programme-tv-et-resultats","status":"publish","type":"post","link":"https:\/\/dicodusport.fr\/blog\/motogp-aragon-2022-horaires-programme-tv-et-resultats\/","title":{"rendered":"MotoGP Aragon 2022 : Les r\u00e9sultats complets"},"content":{"rendered":"<p style=\"text-align: justify;\"><em><strong><a href=\"https:\/\/dicodusport.fr\/blog\/actualites\/sports-mecaniques\/moto\/motogp-2022\/\">MOTOGP 2022<\/a> &#8211; Le Grand Prix d&rsquo;Aragon 2022 de MotoGP va se d\u00e9rouler ce week-end sur le circuit du Motorland<span class=\"tsp-di\">. Apr\u00e8s <a href=\"https:\/\/dicodusport.fr\/blog\/motogp-saint-marin-2022-nouvelle-victoire-de-francesco-bagnaia\/\">une belle vicoire de Francesco Bagnaia \u00e0 Misano<\/a>,<\/span> qui l&#8217;emportera cette fois-ci ? Programme TV, horaires, enjeux et r\u00e9sultats : soyez incollables avant la 15<sup>\u00e8me<\/sup> manche du Championnat du monde de MotoGP 2022.<\/strong><\/em><\/p>\n<p style=\"text-align: justify;\">Le\u00a0<strong>Grand Prix d&rsquo;Aragon<\/strong> est une \u00e9tape du <strong>championnat du monde de MotoGP<\/strong>, qui a \u00e9t\u00e9 inscrite au calendrier en 2010. Autrefois, le circuit routier ne convenait pas aux MotoGP.<\/p>\n<p style=\"text-align: justify;\">Fait rare, cette manche a \u00e9t\u00e9 remport\u00e9e quasiment uniquement par des Espagnols depuis 10 ans en cat\u00e9gorie reine. Parmi les pilotes vainqueurs, on retrouve la l\u00e9gende <strong>Marc M\u00e1rquez<\/strong> (Honda Repsol Team) qui l\u2019a gagn\u00e9e 5 fois (2013, 2016, 2017, 2018 et 2019) et\u00a0<strong>Jorge Lorenzo<\/strong> qui l\u2019a remport\u00e9e deux fois (2014, 2015). \u00c9galement,\u00a0<b>Dani Pedrosa\u00a0<\/b>compte une victoire sur ce circuit en 2012. L\u2019Australien\u00a0<strong>Casey Stoner<\/strong> est la seule exception et a remport\u00e9 les deux premiers Grands Prix (2010, 2011). La course de 2020 avait vu le Fran\u00e7ais <strong>Fabio Quartararo (Yamaha) <\/strong>d\u00e9crocher la pole position. Le jour de la course, l\u2019Espagnol\u00a0<strong>Alex Rins<\/strong>\u00a0avait pris l\u2019avantage avec sa Suzuki en r\u00e9sistant \u00e0 Alex Marquez jusqu\u2019au dernier tour.<\/p>\n<h2 style=\"text-align: justify;\">Premi\u00e8re victoire de Bagnaia en 2021<\/h2>\n<p style=\"text-align: justify;\">La derni\u00e8re \u00e9dition en 2021 avait vu l&rsquo;Italien <strong>Francesco Bagnaia<\/strong> prendre la pole position sur sa Ducati. Il a remport\u00e9 le lendemain sa premi\u00e8re victoire en MotoGP \u00e0 l&rsquo;issue d&rsquo;une lutte acharn\u00e9e contre <strong>Marc Marquez<\/strong>. Le pilote espagnol de Honda a termin\u00e9 deuxi\u00e8me et <strong>Joan Mir<\/strong> (Suzuki) a compl\u00e9t\u00e9 le podium. Les Fran\u00e7ais <strong>Fabio Quartararo<\/strong> (Yamaha) et <strong>Johann Zarco<\/strong> (Pramac Ducati) n&rsquo;avaient pas perform\u00e9 en finissant respectivement 8\u00e8me et 17\u00e8me. Aucun des deux Tricolores n&rsquo;est d&rsquo;ailleurs d\u00e9j\u00e0 mont\u00e9 sur le podium en MotoGP sur ce circuit.<\/p>\n<h2><iframe loading=\"lazy\" title=\"Duel au sommet ! - GP d'Aragon\" src=\"https:\/\/www.youtube.com\/embed\/K1oL7cBasDk\" width=\"956\" height=\"538\" frameborder=\"0\" allowfullscreen=\"allowfullscreen\"><\/iframe><\/h2>\n<h2 style=\"text-align: justify;\">Les sp\u00e9cificit\u00e9s du circuit<\/h2>\n<p style=\"text-align: justify;\">Un tour de ce circuit, c\u2019est 5,1 km ! Le circuit Motorland Aragon comporte 17 virages, 10 \u00e0 gauche et 7 \u00e0 droite. Il est consid\u00e9r\u00e9 comme un circuit moderne des sports m\u00e9caniques, et c\u2019est aussi l\u2019un des plus diversifi\u00e9s et complets. La course se d\u00e9roulera sur 23 tours, soit environ 117 km. La plus longue ligne droite mesure 968 m, o\u00f9 les pilotes atteignent g\u00e9n\u00e9ralement les 350 km\/h.<\/p>\n<div id=\"attachment_261771\" style=\"width: 793px\" class=\"wp-caption aligncenter\"><img loading=\"lazy\" decoding=\"async\" aria-describedby=\"caption-attachment-261771\" class=\"wp-image-261771 size-full\" src=\"https:\/\/dicodusport.fr\/blog\/wp-content\/uploads\/2022\/09\/MotoGP-Circuit-Motorland-Aragon.png\" alt=\"MotoGP - Circuit Motorland Aragon\" width=\"783\" height=\"568\" srcset=\"https:\/\/dicodusport.fr\/blog\/wp-content\/uploads\/2022\/09\/MotoGP-Circuit-Motorland-Aragon.png 783w, https:\/\/dicodusport.fr\/blog\/wp-content\/uploads\/2022\/09\/MotoGP-Circuit-Motorland-Aragon-300x218.png 300w, https:\/\/dicodusport.fr\/blog\/wp-content\/uploads\/2022\/09\/MotoGP-Circuit-Motorland-Aragon-768x557.png 768w\" sizes=\"auto, (max-width: 783px) 100vw, 783px\" \/><p id=\"caption-attachment-261771\" class=\"wp-caption-text\">MotoGP &#8211; Circuit Motorland Aragon<\/p><\/div>\n<p style=\"text-align: justify;\">C\u00f4t\u00e9 m\u00e9t\u00e9o, les conditions s\u2019annoncent tr\u00e8s difficiles. Comme dans une bonne partie de l&rsquo;Europe, l&rsquo;orage et la pluie sont attendus en fin de semaine. Si vendredi devrait \u00eatre \u00e9pargn\u00e9, ce ne sera pas le cas de samedi et dimanche. Les chances de pr\u00e9cipitations sont estim\u00e9es \u00e0 plus de 90%. Les temp\u00e9ratures oscilleront entre 20 et 26 degr\u00e9s.<\/p>\n<h2 style=\"text-align: justify;\">Les records<\/h2>\n<p style=\"text-align: justify;\"><strong>Francesco Bagnaia <\/strong>poss\u00e8de le record du tour sur ce circuit avec sa Ducati, avec un temps de 1:46.322 r\u00e9alis\u00e9 lors de sa pole position l&rsquo;ann\u00e9e derni\u00e8re. Son compatriote <strong>Franco Morbidelli<\/strong> s\u2019\u00e9tait offert le record du tour en course en 2020, avec un temps de 1:48.089 sur une Petronas Yamaha SRT. C&rsquo;est aussi <strong>Francesco Bagnaia<\/strong> qui poss\u00e8de le record de vitesse de pointe la plus \u00e9lev\u00e9e sur le circuit avec 351,8 km\/h r\u00e9alis\u00e9s en 2021 sur sa Ducati.<\/p>\n<h2 style=\"text-align: justify;\">Les enjeux<\/h2>\n<p style=\"text-align: justify;\">Cette saison est vraiment palpitante ! Le champion du monde fran\u00e7ais <strong>Fabio Quartararo<\/strong> a toujours \u00e0 c\u0153ur de d\u00e9fendre son titre avec sa Yamaha. <em>El Diablo<\/em> est mont\u00e9 en puissance au fil des courses. Il m\u00e8ne le classement du championnat du monde des pilotes avec 211 points. N\u00e9anmoins, il est encore loin d&rsquo;avoir gagn\u00e9. <strong>Francesco Bagnaia<\/strong> (Ducati) lui m\u00e8ne la vie dure ces derniers temps, avec quatre victoires d&rsquo;affil\u00e9e. Il est remont\u00e9 \u00e0 la deuxi\u00e8me place du championnat avec 181 points.<\/p>\n<p style=\"text-align: justify;\"><strong>Enea Bastianini<\/strong> (Gresini Racing) a d\u00e9croch\u00e9 ses trois premi\u00e8res victoires en MotoGP cette saison. Il revient en force depuis sa promotion chez Ducati officiel en 2023. N\u00e9anmoins, il stagne en quatri\u00e8me position du classement g\u00e9n\u00e9ral avec 138 points.\u00a0 <strong>Aleix Espargaro<\/strong> a quant \u00e0 lui \u00e9bloui tout le monde sur son Aprilia pour remporter sa premi\u00e8re victoire dans la cat\u00e9gorie, en Argentine. Depuis, il est constant et reste deuxi\u00e8me du classement g\u00e9n\u00e9ral avec 178 points, malgr\u00e9 sa grosse chute en Grande-Bretagne.<\/p>\n<p style=\"text-align: justify;\">N&rsquo;oublions pas les Pramac Ducati du Fran\u00e7ais <strong>Johann Zarco<\/strong> et de <strong>Jorge Martin<\/strong> ainsi que <strong>Jack Miller<\/strong> (Ducati) qui n&rsquo;ont pas dit leur dernier mot. Il faut \u00e9galement garder un \u0153il sur les KTM de <strong>Miguel Oliveira<\/strong> et <strong>Brad Binder<\/strong>, et les Suzuki de <strong>Joan Mir<\/strong> et <strong>Alex Rins<\/strong> qui savent nous surprendre.<\/p>\n<blockquote class=\"twitter-tweet\">\n<p dir=\"ltr\" lang=\"en\">The story so far&#8230; &#x1f4ca;<\/p>\n<p>Six races remain for it all to shake out! &#x1f440;<a href=\"https:\/\/twitter.com\/hashtag\/MotoGP?src=hash&amp;ref_src=twsrc%5Etfw\">#MotoGP<\/a> <a href=\"https:\/\/t.co\/HOkoCFm0Z4\">pic.twitter.com\/HOkoCFm0Z4<\/a><\/p>\n<p>\u2014 MotoGP&#x2122;&#x1f3c1; (@MotoGP) <a href=\"https:\/\/twitter.com\/MotoGP\/status\/1569340367899590657?ref_src=twsrc%5Etfw\">September 12, 2022<\/a><\/p><\/blockquote>\n<p><script async src=\"https:\/\/platform.twitter.com\/widgets.js\" charset=\"utf-8\"><\/script><\/p>\n<p style=\"text-align: justify;\">Les \u00e9preuves de Moto 2, Moto 3 et Moto E seront \u00e9galement \u00e0 suivre ce week-end. \u00c0 noter que le Fran\u00e7ais <strong>Lorenzo Fellon<\/strong> (SIC58 Squadra Corse) a d\u00e9croch\u00e9 ses premiers points en d\u00e9but de saison. Il a d\u00e9j\u00e0 un contrat dans une autre \u00e9quipe de la cat\u00e9gorie l&rsquo;ann\u00e9e prochaine.<\/p>\n<h2 style=\"text-align: justify;\">Le programme TV et horaires du Grand Prix d&rsquo;Aragon 2022 de MotoGP<\/h2>\n<table style=\"width: 100%; border-collapse: collapse;\">\n<tbody>\n<tr>\n<td style=\"background-color: #c80502; width: 800px; text-align: center; vertical-align: middle;\" colspan=\"6\"><span style=\"color: #ffffff;\"><strong>VENDREDI 16 SEPTEMBRE 2022<\/strong><\/span><\/td>\n<\/tr>\n<tr>\n<td style=\"text-align: center; vertical-align: middle; width: 20%; background-color: #000000;\"><span style=\"color: #ffffff; font-size: 0.9em;\"><strong>Horaire<\/strong><\/span><\/td>\n<td style=\"text-align: center; vertical-align: middle; width: 20%; background-color: #000000;\" colspan=\"2\"><span style=\"color: #ffffff;\"><span style=\"font-size: 0.9em;\"><b>\u00c9preuve<\/b><\/span><\/span><\/td>\n<td style=\"text-align: center; vertical-align: middle; width: 20%; background-color: #000000;\"><span style=\"color: #ffffff; font-size: 0.9em;\"><strong>Premier<\/strong><\/span><\/td>\n<td style=\"text-align: center; vertical-align: middle; width: 20%; background-color: #000000;\"><span style=\"color: #ffffff; font-size: 0.9em;\"><strong>Deuxi\u00e8me<\/strong><\/span><\/td>\n<td style=\"text-align: center; vertical-align: middle; width: 20%; background-color: #000000;\"><span style=\"color: #ffffff; font-size: 0.9em;\"><strong>Troisi\u00e8me<\/strong><\/span><\/td>\n<\/tr>\n<tr>\n<td style=\"text-align: center; vertical-align: middle; width: 20%;\"><strong>9H55 &#8211; 10H40<\/strong><\/td>\n<td style=\"text-align: center; vertical-align: middle; width: 20%;\" colspan=\"2\"><strong>Essais libres 1<span style=\"font-size: 0.9em;\"><em><span style=\"font-size: 0.8em;\"><br \/>\n<\/span><\/em><\/span><a href=\"https:\/\/fr.motorsport.com\/motogp\/results\/2022\/gp-daragon-539726\/?st=FP1\" target=\"_blank\" rel=\"nofollow noopener\"><span style=\"font-size: 0.9em;\"><em><span style=\"font-size: 0.8em;\">Classement<\/span><\/em><\/span><\/a><br \/>\n<\/strong><\/td>\n<td style=\"text-align: center; vertical-align: middle; width: 20%;\"><span style=\"font-size: 0.9em;\"><strong>&#x1f1ea;&#x1f1f8; ALEIX ESPARGARO<br \/>\n<\/strong><span style=\"font-size: 0.8em;\">APRILIA RACING<br \/>\n<strong><em>1:48.686<\/em><\/strong><br \/>\n<\/span><\/span><\/td>\n<td style=\"text-align: center; vertical-align: middle; width: 20%;\"><span style=\"font-size: 0.9em;\"><strong>&#x1f1ee;&#x1f1f9; FRANCESCO BAGNAIA<br \/>\n<\/strong><span style=\"font-size: 0.8em;\">DUCATI LENOVO TEAM<br \/>\n<strong><em>+0.012<\/em><\/strong><br \/>\n<\/span><\/span><\/td>\n<td style=\"text-align: center; vertical-align: middle; width: 20%;\"><span style=\"font-size: 0.9em;\"><strong>&#x1f1ea;&#x1f1f8; ALEX RINS<br \/>\n<\/strong><span style=\"font-size: 0.8em;\">TEAM SUZUKI ECSTAR<br \/>\n<strong><em>+0.089<\/em><\/strong><br \/>\n<\/span><\/span><\/td>\n<\/tr>\n<tr>\n<td style=\"text-align: center; vertical-align: middle; width: 20%;\"><strong>14H10 &#8211; 14H55<\/strong><\/td>\n<td style=\"text-align: center; vertical-align: middle;\" colspan=\"2\"><strong>Essais libres 2<br \/>\n<a href=\"https:\/\/fr.motorsport.com\/motogp\/results\/2022\/gp-daragon-539726\/?st=FP2\" target=\"_blank\" rel=\"nofollow noopener\"><span style=\"font-size: 0.9em;\"><em><span style=\"font-size: 0.8em;\">Classement<\/span><\/em><\/span><\/a><br \/>\n<\/strong><\/td>\n<td style=\"text-align: center; vertical-align: middle; width: 20%;\"><strong><span style=\"font-size: 0.9em;\">&#x1f1ea;&#x1f1f8; JORGE MARTIN<br \/>\n<\/span><\/strong><span style=\"font-size: 0.9em;\"><span style=\"font-size: 0.8em;\">PRAMAC RACING<br \/>\n<strong><em>1:47.402<\/em><\/strong><br \/>\n<\/span><\/span><\/td>\n<td style=\"text-align: center; vertical-align: middle; width: 20%;\"><span style=\"font-size: 0.9em;\"><strong>&#x1f1eb;&#x1f1f7; FABIO QUARTARARO<strong style=\"font-size: 14.4px;\"><br style=\"font-size: 14.4px;\" \/><\/strong><\/strong><span style=\"font-size: 0.8em;\">MONSTER ENERGY YAMAHA MOTOGP<br \/>\n<strong><em>+0.074<\/em><\/strong><br \/>\n<\/span><\/span><\/td>\n<td style=\"text-align: center; vertical-align: middle; width: 20%;\"><span style=\"font-size: 0.9em;\"><strong>&#x1f1eb;&#x1f1f7; JOHANN ZARCO<br \/>\n<\/strong><span style=\"font-size: 0.8em;\">PRAMAC RACING<br \/>\n<strong><em>+0.107<\/em><\/strong><br \/>\n<\/span><\/span><\/td>\n<\/tr>\n<tr>\n<td style=\"background-color: #c80502; width: 800px; text-align: center; vertical-align: middle;\" colspan=\"6\"><span style=\"color: #ffffff;\"><strong>SAMEDI 17 SEPTEMBRE 2022<\/strong><\/span><\/td>\n<\/tr>\n<tr>\n<td style=\"text-align: center; vertical-align: middle; width: 20%; background-color: #000000;\"><span style=\"color: #ffffff; font-size: 0.9em;\"><strong>Horaire<\/strong><\/span><\/td>\n<td style=\"text-align: center; vertical-align: middle; width: 20%; background-color: #000000;\" colspan=\"2\"><span style=\"color: #ffffff;\"><span style=\"font-size: 0.9em;\"><b>\u00c9preuve<\/b><\/span><\/span><\/td>\n<td style=\"text-align: center; vertical-align: middle; width: 20%; background-color: #000000;\"><span style=\"color: #ffffff; font-size: 0.9em;\"><strong>Premier<\/strong><\/span><\/td>\n<td style=\"text-align: center; vertical-align: middle; width: 20%; background-color: #000000;\"><span style=\"color: #ffffff; font-size: 0.9em;\"><strong>Deuxi\u00e8me<\/strong><\/span><\/td>\n<td style=\"text-align: center; vertical-align: middle; width: 20%; background-color: #000000;\"><span style=\"color: #ffffff; font-size: 0.9em;\"><strong>Troisi\u00e8me<\/strong><\/span><\/td>\n<\/tr>\n<tr>\n<td style=\"text-align: center; vertical-align: middle; width: 20%;\"><strong>9H55 &#8211; 10H40<\/strong><\/td>\n<td style=\"text-align: center; vertical-align: middle; width: 20%;\" colspan=\"2\"><strong>Essais libres 3<span style=\"font-size: 0.9em;\"><em><span style=\"font-size: 0.8em;\"><br \/>\n<\/span><\/em><\/span><a href=\"https:\/\/fr.motorsport.com\/motogp\/results\/2022\/gp-daragon-539726\/?st=FP3\" target=\"_blank\" rel=\"nofollow noopener\"><span style=\"font-size: 0.9em;\"><em><span style=\"font-size: 0.8em;\">Classement<\/span><\/em><\/span><\/a><br \/>\n<\/strong><\/td>\n<td style=\"text-align: center; vertical-align: middle; width: 20%;\"><span style=\"font-size: 0.9em;\"><strong>&#x1f1e6;&#x1f1fa; JACK MILLER<br \/>\n<\/strong><span style=\"font-size: 0.8em;\">DUCATI LENOVO TEAM<br \/>\n<strong><em>1:46.992<\/em><\/strong><br \/>\n<\/span><\/span><\/td>\n<td style=\"text-align: center; vertical-align: middle; width: 20%;\"><span style=\"font-size: 0.9em;\"><strong>&#x1f1ee;&#x1f1f9; FRANCESCO BAGNAIA<br \/>\n<\/strong><span style=\"font-size: 0.8em;\">DUCATI LENOVO TEAM<br \/>\n<strong><em>+0.030<\/em><\/strong><\/span><\/span><\/td>\n<td style=\"text-align: center; vertical-align: middle; width: 20%;\"><span style=\"font-size: 0.9em;\"><strong>&#x1f1ee;&#x1f1f9; MARCO BEZZECCHI<br \/>\n<\/strong><span style=\"font-size: 0.8em;\">MOONEY VR46 RACING TEAM<br \/>\n<strong><em>+0.056<\/em><\/strong><br \/>\n<\/span><\/span><\/td>\n<\/tr>\n<tr>\n<td style=\"text-align: center; vertical-align: middle; width: 20%;\"><strong>13H30 &#8211; 14H00<\/strong><\/td>\n<td style=\"text-align: center; vertical-align: middle;\" colspan=\"2\"><strong>Essais libres 4<br \/>\n<a href=\"https:\/\/fr.motorsport.com\/motogp\/results\/2022\/gp-daragon-539726\/?st=FP4\" target=\"_blank\" rel=\"nofollow noopener\"><span style=\"font-size: 0.9em;\"><em><span style=\"font-size: 0.8em;\">Classement<\/span><\/em><\/span><\/a><br \/>\n<\/strong><\/td>\n<td style=\"text-align: center; vertical-align: middle; width: 20%;\"><span style=\"font-size: 0.9em;\"><strong>&#x1f1f5;&#x1f1f9; MIGUEL OLIVEIRA<br \/>\n<\/strong><span style=\"font-size: 0.8em;\">RED BULL KTM FACTORY RACING<br \/>\n<strong><em>1:47.430<\/em><\/strong><br \/>\n<\/span><\/span><\/td>\n<td style=\"text-align: center; vertical-align: middle; width: 20%;\"><span style=\"font-size: 0.9em;\"><strong>&#x1f1ee;&#x1f1f9; MARCO BEZZECCHI<br \/>\n<\/strong><span style=\"font-size: 0.8em;\">MOONEY VR46 RACING TEAM<br \/>\n<strong><em>+0.010<\/em><\/strong><\/span><\/span><\/td>\n<td style=\"text-align: center; vertical-align: middle; width: 20%;\"><span style=\"font-size: 0.9em;\"><strong>&#x1f1eb;&#x1f1f7; FABIO QUARTARARO<strong style=\"font-size: 14.4px;\"><br style=\"font-size: 14.4px;\" \/><\/strong><\/strong><span style=\"font-size: 0.8em;\">MONSTER ENERGY YAMAHA MOTOGP<br \/>\n<strong><em>+0.153<\/em><\/strong><\/span><\/span><\/td>\n<\/tr>\n<tr>\n<td style=\"text-align: center; vertical-align: middle; width: 20%;\"><strong>14H10 &#8211; 14H25<\/strong><\/td>\n<td style=\"text-align: center; vertical-align: middle;\" colspan=\"2\"><strong>Qualifications 1<br \/>\n<a href=\"https:\/\/fr.motorsport.com\/motogp\/results\/2022\/gp-daragon-539726\/?st=Q1\" target=\"_blank\" rel=\"nofollow noopener\"><span style=\"font-size: 0.9em;\"><em><span style=\"font-size: 0.8em;\">Classement<\/span><\/em><\/span><\/a><br \/>\n<\/strong><\/td>\n<td style=\"text-align: center; vertical-align: middle; width: 20%;\"><span style=\"font-size: 0.9em;\"><strong>&#x1f1ea;&#x1f1f8; ALEIX ESPARGARO<br \/>\n<\/strong><span style=\"font-size: 0.8em;\">APRILIA RACING<br \/>\n<strong><em>1:46.569<\/em><\/strong><br \/>\n<\/span><\/span><\/td>\n<td style=\"text-align: center; vertical-align: middle; width: 20%;\"><span style=\"font-size: 0.9em;\"><strong>&#x1f1eb;&#x1f1f7; JOHANN ZARCO<br \/>\n<\/strong><span style=\"font-size: 0.8em;\">PRAMAC RACING<br \/>\n<strong><em>+0.274<\/em><\/strong><br \/>\n<\/span><\/span><\/td>\n<td style=\"text-align: center; vertical-align: middle; width: 20%;\"><span style=\"font-size: 0.9em;\"><strong>&#x1f1ea;&#x1f1f8; MARC MARQUEZ<br \/>\n<\/strong><span style=\"font-size: 0.8em;\">REPSOL HONDA TEAM<br \/>\n<strong><em>+0.340<\/em><\/strong><br \/>\n<\/span><\/span><\/td>\n<\/tr>\n<tr>\n<td style=\"text-align: center; vertical-align: middle; width: 20%;\"><strong>14H35 &#8211; 14H50<\/strong><\/td>\n<td style=\"text-align: center; vertical-align: middle; width: 20%;\" colspan=\"2\"><strong>Qualifications 2<br \/>\n<a href=\"https:\/\/fr.motorsport.com\/motogp\/results\/2022\/gp-daragon-539726\/?st=Q2\" target=\"_blank\" rel=\"nofollow noopener\"><span style=\"font-size: 0.9em;\"><em><span style=\"font-size: 0.8em;\">Classement<\/span><\/em><\/span><\/a><span style=\"font-size: 0.9em;\"><em><span style=\"font-size: 0.8em;\"> &#8211; <a href=\"https:\/\/dicodusport.fr\/blog\/motogp-aragon-2022-pole-position-et-record-pour-francesco-bagnaia\/\">R\u00e9sum\u00e9<\/a><\/span><\/em><\/span><br \/>\n<\/strong><\/td>\n<td style=\"text-align: center; vertical-align: middle; width: 20%;\"><span style=\"font-size: 0.9em;\"><strong>&#x1f1ee;&#x1f1f9; FRANCESCO BAGNAIA<br \/>\n<\/strong><span style=\"font-size: 0.8em;\">DUCATI LENOVO TEAM<br \/>\n<strong><em>1:46.069<\/em><\/strong><\/span><\/span><\/td>\n<td style=\"text-align: center; vertical-align: middle; width: 20%;\"><span style=\"font-size: 0.9em;\"><strong>&#x1f1e6;&#x1f1fa; JACK MILLER<br \/>\n<\/strong><span style=\"font-size: 0.8em;\">DUCATI LENOVO TEAM<br \/>\n<strong><em>+0.090<\/em><\/strong><\/span><\/span><\/td>\n<td style=\"text-align: center; vertical-align: middle; width: 20%;\"><span style=\"font-size: 0.9em;\"><strong>&#x1f1ee;&#x1f1f9; ENEA BASTIANINI<br \/>\n<\/strong><span style=\"font-size: 0.8em;\">GRESINI RACING MOTOGP<br \/>\n<strong><em>+0.244<\/em><\/strong><br \/>\n<\/span><\/span><\/td>\n<\/tr>\n<tr>\n<td style=\"background-color: #c80502; width: 800px; text-align: center; vertical-align: middle;\" colspan=\"6\"><span style=\"color: #ffffff;\"><strong>DIMANCHE 18 SEPTEMBRE 2022<\/strong><\/span><\/td>\n<\/tr>\n<tr>\n<td style=\"text-align: center; vertical-align: middle; width: 20%; background-color: #000000;\"><span style=\"color: #ffffff; font-size: 0.9em;\"><strong>Horaire<\/strong><\/span><\/td>\n<td style=\"text-align: center; vertical-align: middle; width: 20%; background-color: #000000;\" colspan=\"2\"><span style=\"color: #ffffff;\"><span style=\"font-size: 0.9em;\"><b>\u00c9preuve<\/b><\/span><\/span><\/td>\n<td style=\"text-align: center; vertical-align: middle; width: 20%; background-color: #000000;\"><span style=\"color: #ffffff; font-size: 0.9em;\"><strong>Premier<\/strong><\/span><\/td>\n<td style=\"text-align: center; vertical-align: middle; width: 20%; background-color: #000000;\"><span style=\"color: #ffffff; font-size: 0.9em;\"><strong>Deuxi\u00e8me<\/strong><\/span><\/td>\n<td style=\"text-align: center; vertical-align: middle; width: 20%; background-color: #000000;\"><span style=\"color: #ffffff; font-size: 0.9em;\"><strong>Troisi\u00e8me<\/strong><\/span><\/td>\n<\/tr>\n<tr>\n<td style=\"text-align: center; vertical-align: middle; width: 20%;\"><strong>9H40 &#8211; 10H00<\/strong><\/td>\n<td style=\"text-align: center; vertical-align: middle; width: 20%;\" colspan=\"2\"><strong>Warm-up<br \/>\n<a href=\"https:\/\/fr.motorsport.com\/motogp\/results\/2022\/gp-daragon-539726\/?st=W\"><span style=\"font-size: 0.9em;\"><em><span style=\"font-size: 0.8em;\">Classement<\/span><\/em><\/span><\/a><br \/>\n<\/strong><\/td>\n<td style=\"text-align: center; vertical-align: middle; width: 20%;\"><span style=\"font-size: 0.9em;\"><strong>&#x1f1ef;&#x1f1f5; TAKAAKI NAKAGAMI<br \/>\n<\/strong><span style=\"font-size: 0.8em;\">LCR HONDA<br \/>\n<strong><em>1:47.689<\/em><\/strong><br \/>\n<\/span><\/span><\/td>\n<td style=\"text-align: center; vertical-align: middle; width: 20%;\"><span style=\"font-size: 0.9em;\"><strong>&#x1f1ee;&#x1f1f9; ENEA BASTIANINI<br \/>\n<\/strong><span style=\"font-size: 0.8em;\">GRESINI RACING MOTOGP<br \/>\n<strong><em>+0.109<\/em><\/strong><\/span><\/span><\/td>\n<td style=\"text-align: center; vertical-align: middle; width: 20%;\"><span style=\"font-size: 0.9em;\"><strong>&#x1f1eb;&#x1f1f7; JOHANN ZARCO<br \/>\n<\/strong><span style=\"font-size: 0.8em;\">PRAMAC RACING<br \/>\n<strong><em>+0.293<\/em><\/strong><\/span><\/span><\/td>\n<\/tr>\n<tr>\n<td style=\"text-align: center; vertical-align: middle; width: 20%;\"><strong>14H00<\/strong><\/td>\n<td style=\"text-align: center; vertical-align: middle; width: 20%;\" colspan=\"2\"><strong>Course<\/strong><strong><span style=\"font-size: 0.9em;\"><em><span style=\"font-size: 0.8em;\"><br \/>\n<a href=\"https:\/\/dicodusport.fr\/blog\/motogp-aragon-2022-enea-bastianini-remporte-la-course\/\">R\u00e9sum\u00e9<\/a> &#8211; <a href=\"https:\/\/dicodusport.fr\/blog\/classement-motogp-grand-prix-aragon-2022\/\">Classement<\/a><br \/>\n<\/span><\/em><\/span><\/strong><\/td>\n<td style=\"text-align: center; vertical-align: middle; width: 20%;\"><span style=\"font-size: 0.9em;\"><strong>&#x1f1ee;&#x1f1f9; ENEA BASTIANINI<br \/>\n<\/strong><span style=\"font-size: 0.8em;\">GRESINI RACING MOTOGP<br \/>\n<strong><em>41:35.462<\/em><\/strong><br \/>\n<\/span><\/span><\/td>\n<td style=\"text-align: center; vertical-align: middle; width: 20%;\"><span style=\"font-size: 0.9em;\"><strong>&#x1f1ee;&#x1f1f9; FRANCESCO BAGNAIA<br \/>\n<\/strong><span style=\"font-size: 0.8em;\">DUCATI LENOVO TEAM<br \/>\n<strong><em>+0.042<\/em><\/strong><\/span><\/span><\/td>\n<td style=\"text-align: center; vertical-align: middle; width: 20%;\"><span style=\"font-size: 0.9em;\"><strong>&#x1f1ea;&#x1f1f8; ALEIX ESPARGARO<br \/>\n<\/strong><span style=\"font-size: 0.8em;\">APRILIA RACING<br \/>\n<strong><em>+6.139<\/em><\/strong><\/span><\/span><\/td>\n<\/tr>\n<\/tbody>\n<\/table>\n<h2 style=\"text-align: justify;\">Le retour de Marc Marquez \u00e0 domicile<\/h2>\n<p style=\"text-align: justify;\">C&rsquo;est officiel ! <strong>Marc Marquez<\/strong> (Repsol Honda Team) a annonc\u00e9 mardi son retour pour le Grand Prix d&rsquo;Aragon ce week-end. Apr\u00e8s son op\u00e9ration du bras qui l&rsquo;a fait souffrir durant de nombreux mois, le pilote espagnol a eu le feu vert pour rouler aux tests de Misano. Apr\u00e8s plusieurs tours et une forme qui semble \u00eatre revenue, l&rsquo;octuple champion du monde de moto sera sur la grille de d\u00e9part ce dimanche, \u00e0 domicile.<\/p>\n<blockquote class=\"twitter-tweet\">\n<p dir=\"ltr\" lang=\"en\">The story so far&#8230; &#x1f4ca;<\/p>\n<p>Six races remain for it all to shake out! &#x1f440;<a href=\"https:\/\/twitter.com\/hashtag\/MotoGP?src=hash&amp;ref_src=twsrc%5Etfw\">#MotoGP<\/a> <a href=\"https:\/\/t.co\/HOkoCFm0Z4\">pic.twitter.com\/HOkoCFm0Z4<\/a><\/p>\n<p>\u2014 MotoGP&#x2122;&#x1f3c1; (@MotoGP) <a href=\"https:\/\/twitter.com\/MotoGP\/status\/1569340367899590657?ref_src=twsrc%5Etfw\">September 12, 2022<\/a><\/p><\/blockquote>\n<p><script async src=\"https:\/\/platform.twitter.com\/widgets.js\" charset=\"utf-8\"><\/script><\/p>\n<h2 style=\"text-align: justify;\">\u00c0 lire aussi<\/h2>\n<ul>\n<li><a href=\"https:\/\/dicodusport.fr\/blog\/motogp-2022-classement-championnat-du-monde-des-pilotes\/\"><strong>MotoGP &#8211; Classement du championnat du monde des pilotes<\/strong><\/a><\/li>\n<li><a href=\"https:\/\/dicodusport.fr\/blog\/motogp-2022-calendrier-complet-et-resultats\/\"><strong>MotoGP &#8211; Calendrier complet et r\u00e9sultats<\/strong><\/a><\/li>\n<li><a href=\"https:\/\/dicodusport.fr\/blog\/motogp-salaires-10-pilotes-les-mieux-payes-2022\/\"><strong>Les 10 pilotes les mieux pay\u00e9s du MotoGP en 2022<\/strong><\/a><\/li>\n<\/ul>\n","protected":false},"excerpt":{"rendered":"<p>MOTOGP 2022 &#8211; Le Grand Prix d&rsquo;Aragon 2022 de MotoGP va se d\u00e9rouler ce week-end sur le circuit du Motorland. Apr\u00e8s une belle vicoire de Francesco Bagnaia \u00e0 Misano, qui l&#8217;emportera cette fois-ci ? Programme TV, horaires, enjeux et r\u00e9sultats : soyez incollables avant la 15\u00e8me manche du Championnat du monde de MotoGP 2022.<\/p>\n","protected":false},"author":54,"featured_media":261833,"comment_status":"open","ping_status":"closed","sticky":false,"template":"","format":"standard","meta":{"_acf_changed":false,"_daextam_enable_autolinks":"","footnotes":""},"categories":[47087],"tags":[19146,10938],"class_list":["post-261750","post","type-post","status-publish","format-standard","has-post-thumbnail","hentry","category-motogp","tag-grand-prix-daragon-motogp","tag-motogp"],"acf":[],"yoast_head":"<!-- This site is optimized with the Yoast SEO Premium plugin v26.7 (Yoast SEO v26.7) - https:\/\/yoast.com\/wordpress\/plugins\/seo\/ -->\n<title>MotoGP Aragon 2022 : Les r\u00e9sultats complets<\/title>\n<meta name=\"description\" content=\"Programme TV, enjeux, r\u00e9sultats : soyez incollables avant le Grand Prix d&#039;Aragon, 15\u00e8me manche du championnat du Monde de MotoGP 2022.\" \/>\n<meta name=\"robots\" content=\"index, follow, max-snippet:-1, max-image-preview:large, max-video-preview:-1\" \/>\n<link rel=\"canonical\" href=\"https:\/\/dicodusport.fr\/blog\/motogp-aragon-2022-horaires-programme-tv-et-resultats\/\" \/>\n<meta property=\"og:locale\" content=\"fr_FR\" \/>\n<meta property=\"og:type\" content=\"article\" \/>\n<meta property=\"og:title\" content=\"MotoGP Aragon 2022 : Les r\u00e9sultats complets\" \/>\n<meta property=\"og:description\" content=\"Programme TV, enjeux, r\u00e9sultats : soyez incollables avant le Grand Prix d&#039;Aragon, 15\u00e8me manche du championnat du Monde de MotoGP 2022.\" \/>\n<meta property=\"og:url\" content=\"https:\/\/dicodusport.fr\/blog\/motogp-aragon-2022-horaires-programme-tv-et-resultats\/\" \/>\n<meta property=\"og:site_name\" content=\"Dicodusport\" \/>\n<meta property=\"article:publisher\" content=\"https:\/\/www.facebook.com\/dicodusport\" \/>\n<meta property=\"article:author\" content=\"https:\/\/www.facebook.com\/roxane.lecacher\" \/>\n<meta property=\"article:published_time\" content=\"2022-09-18T12:53:18+00:00\" \/>\n<meta property=\"article:modified_time\" content=\"2022-09-18T13:13:07+00:00\" \/>\n<meta property=\"og:image\" content=\"https:\/\/dicodusport.fr\/blog\/wp-content\/uploads\/2022\/09\/MotoGP-Aragon-2022-Horaires-programme-TV-et-resultats.png\" \/>\n\t<meta property=\"og:image:width\" content=\"800\" \/>\n\t<meta property=\"og:image:height\" content=\"445\" \/>\n\t<meta property=\"og:image:type\" content=\"image\/png\" \/>\n<meta name=\"author\" content=\"Roxane Lecacher\" \/>\n<meta name=\"twitter:card\" content=\"summary_large_image\" \/>\n<meta name=\"twitter:title\" content=\"MotoGP Aragon 2022 : Les r\u00e9sultats complets\" \/>\n<meta name=\"twitter:creator\" content=\"@dicodusport\" \/>\n<meta name=\"twitter:site\" content=\"@dicodusport\" \/>\n<script type=\"application\/ld+json\" class=\"yoast-schema-graph\">{\"@context\":\"https:\/\/schema.org\",\"@graph\":[{\"@type\":\"NewsArticle\",\"@id\":\"https:\/\/dicodusport.fr\/blog\/motogp-aragon-2022-horaires-programme-tv-et-resultats\/#article\",\"isPartOf\":{\"@id\":\"https:\/\/dicodusport.fr\/blog\/motogp-aragon-2022-horaires-programme-tv-et-resultats\/\"},\"author\":{\"name\":\"Roxane Lecacher\",\"@id\":\"https:\/\/dicodusport.fr\/blog\/#\/schema\/person\/819fb2545dd2715bd7c0580d6d4b411a\"},\"headline\":\"MotoGP Aragon 2022 : Les r\u00e9sultats complets\",\"datePublished\":\"2022-09-18T12:53:18+00:00\",\"dateModified\":\"2022-09-18T13:13:07+00:00\",\"mainEntityOfPage\":{\"@id\":\"https:\/\/dicodusport.fr\/blog\/motogp-aragon-2022-horaires-programme-tv-et-resultats\/\"},\"wordCount\":1352,\"commentCount\":0,\"publisher\":{\"@id\":\"https:\/\/dicodusport.fr\/blog\/#organization\"},\"image\":{\"@id\":\"https:\/\/dicodusport.fr\/blog\/motogp-aragon-2022-horaires-programme-tv-et-resultats\/#primaryimage\"},\"thumbnailUrl\":\"https:\/\/dicodusport.fr\/blog\/wp-content\/uploads\/2022\/09\/MotoGP-Aragon-2022-Horaires-programme-TV-et-resultats.png\",\"keywords\":[\"Grand Prix d'Aragon MotoGP\",\"MotoGP\"],\"articleSection\":[\"MotoGP\"],\"inLanguage\":\"fr-FR\",\"potentialAction\":[{\"@type\":\"CommentAction\",\"name\":\"Comment\",\"target\":[\"https:\/\/dicodusport.fr\/blog\/motogp-aragon-2022-horaires-programme-tv-et-resultats\/#respond\"]}],\"copyrightYear\":\"2022\",\"copyrightHolder\":{\"@id\":\"https:\/\/dicodusport.fr\/blog\/#organization\"}},{\"@type\":\"WebPage\",\"@id\":\"https:\/\/dicodusport.fr\/blog\/motogp-aragon-2022-horaires-programme-tv-et-resultats\/\",\"url\":\"https:\/\/dicodusport.fr\/blog\/motogp-aragon-2022-horaires-programme-tv-et-resultats\/\",\"name\":\"MotoGP Aragon 2022 : Les r\u00e9sultats complets\",\"isPartOf\":{\"@id\":\"https:\/\/dicodusport.fr\/blog\/#website\"},\"primaryImageOfPage\":{\"@id\":\"https:\/\/dicodusport.fr\/blog\/motogp-aragon-2022-horaires-programme-tv-et-resultats\/#primaryimage\"},\"image\":{\"@id\":\"https:\/\/dicodusport.fr\/blog\/motogp-aragon-2022-horaires-programme-tv-et-resultats\/#primaryimage\"},\"thumbnailUrl\":\"https:\/\/dicodusport.fr\/blog\/wp-content\/uploads\/2022\/09\/MotoGP-Aragon-2022-Horaires-programme-TV-et-resultats.png\",\"datePublished\":\"2022-09-18T12:53:18+00:00\",\"dateModified\":\"2022-09-18T13:13:07+00:00\",\"description\":\"Programme TV, enjeux, r\u00e9sultats : soyez incollables avant le Grand Prix d'Aragon, 15\u00e8me manche du championnat du Monde de MotoGP 2022.\",\"breadcrumb\":{\"@id\":\"https:\/\/dicodusport.fr\/blog\/motogp-aragon-2022-horaires-programme-tv-et-resultats\/#breadcrumb\"},\"inLanguage\":\"fr-FR\",\"potentialAction\":[{\"@type\":\"ReadAction\",\"target\":[\"https:\/\/dicodusport.fr\/blog\/motogp-aragon-2022-horaires-programme-tv-et-resultats\/\"]}]},{\"@type\":\"ImageObject\",\"inLanguage\":\"fr-FR\",\"@id\":\"https:\/\/dicodusport.fr\/blog\/motogp-aragon-2022-horaires-programme-tv-et-resultats\/#primaryimage\",\"url\":\"https:\/\/dicodusport.fr\/blog\/wp-content\/uploads\/2022\/09\/MotoGP-Aragon-2022-Horaires-programme-TV-et-resultats.png\",\"contentUrl\":\"https:\/\/dicodusport.fr\/blog\/wp-content\/uploads\/2022\/09\/MotoGP-Aragon-2022-Horaires-programme-TV-et-resultats.png\",\"width\":800,\"height\":445,\"caption\":\"MotoGP Aragon 2022 Horaires, programme TV et r\u00e9sultats\"},{\"@type\":\"BreadcrumbList\",\"@id\":\"https:\/\/dicodusport.fr\/blog\/motogp-aragon-2022-horaires-programme-tv-et-resultats\/#breadcrumb\",\"itemListElement\":[{\"@type\":\"ListItem\",\"position\":1,\"name\":\"Accueil\",\"item\":\"https:\/\/dicodusport.fr\/blog\/\"},{\"@type\":\"ListItem\",\"position\":2,\"name\":\"MotoGP Aragon 2022 : Les r\u00e9sultats complets\"}]},{\"@type\":\"WebSite\",\"@id\":\"https:\/\/dicodusport.fr\/blog\/#website\",\"url\":\"https:\/\/dicodusport.fr\/blog\/\",\"name\":\"Dicodusport\",\"description\":\"L&#039;encyclop\u00e9die de l&#039;actualit\u00e9 sportive\",\"publisher\":{\"@id\":\"https:\/\/dicodusport.fr\/blog\/#organization\"},\"potentialAction\":[{\"@type\":\"SearchAction\",\"target\":{\"@type\":\"EntryPoint\",\"urlTemplate\":\"https:\/\/dicodusport.fr\/blog\/?s={search_term_string}\"},\"query-input\":{\"@type\":\"PropertyValueSpecification\",\"valueRequired\":true,\"valueName\":\"search_term_string\"}}],\"inLanguage\":\"fr-FR\"},{\"@type\":\"NewsMediaOrganization\",\"@id\":\"https:\/\/dicodusport.fr\/blog\/#organization\",\"name\":\"Dicodusport\",\"url\":\"https:\/\/dicodusport.fr\/blog\/\",\"logo\":{\"@type\":\"ImageObject\",\"inLanguage\":\"fr-FR\",\"@id\":\"https:\/\/dicodusport.fr\/blog\/#\/schema\/logo\/image\/\",\"url\":\"https:\/\/dicodusport.fr\/blog\/wp-content\/uploads\/2020\/06\/cropped-LOGO-DICODUSPORT-2020-SANS-FOND-SANS-TEXTE.png\",\"contentUrl\":\"https:\/\/dicodusport.fr\/blog\/wp-content\/uploads\/2020\/06\/cropped-LOGO-DICODUSPORT-2020-SANS-FOND-SANS-TEXTE.png\",\"width\":512,\"height\":512,\"caption\":\"Dicodusport\"},\"image\":{\"@id\":\"https:\/\/dicodusport.fr\/blog\/#\/schema\/logo\/image\/\"},\"sameAs\":[\"https:\/\/www.facebook.com\/dicodusport\",\"https:\/\/x.com\/dicodusport\",\"https:\/\/www.instagram.com\/dicodusport\/\",\"https:\/\/www.youtube.com\/channel\/UC7V2KZ5sd3htJivAbA4ZG3w\"],\"description\":\"Dicodusport est l'encyclop\u00e9die de l'actualit\u00e9 sportive.\",\"email\":\"bonjour@dicodusport.fr\",\"legalName\":\"DICODUSPORT\",\"foundingDate\":\"2018-01-14\",\"vatID\":\"FR71834470973\",\"taxID\":\"83447097300043\",\"numberOfEmployees\":{\"@type\":\"QuantitativeValue\",\"minValue\":\"1\",\"maxValue\":\"10\"}},{\"@type\":\"Person\",\"@id\":\"https:\/\/dicodusport.fr\/blog\/#\/schema\/person\/819fb2545dd2715bd7c0580d6d4b411a\",\"name\":\"Roxane Lecacher\",\"image\":{\"@type\":\"ImageObject\",\"inLanguage\":\"fr-FR\",\"@id\":\"https:\/\/dicodusport.fr\/blog\/#\/schema\/person\/image\/\",\"url\":\"https:\/\/dicodusport.fr\/blog\/wp-content\/uploads\/2021\/05\/Roxane-Lecacher-150x150.jpg\",\"contentUrl\":\"https:\/\/dicodusport.fr\/blog\/wp-content\/uploads\/2021\/05\/Roxane-Lecacher-150x150.jpg\",\"caption\":\"Roxane Lecacher\"},\"description\":\"Journaliste\/r\u00e9dactrice depuis janvier 2021 - N\u00e9e quelques jours avant la premi\u00e8re \u00e9toile des Bleus, je baigne dans une famille tr\u00e8s sportive. Je n\u2019ai eu d\u2019autres choix que de me passionner pour le sujet. Pratiquante de l\u2019athl\u00e9tisme depuis toute petite, j\u2019ai aussi un attrait tout particulier pour la Formule 1, le biathlon et le foot. Pendant les grands \u00e9v\u00e9nements, il est impossible de d\u00e9crocher de ma t\u00e9l\u00e9. C\u2019est \u00e0 travers Dicodusport que j\u2019aime d\u00e9sormais vous transmettre mes \u00e9motions et ma passion.\",\"sameAs\":[\"https:\/\/www.facebook.com\/roxane.lecacher\",\"https:\/\/fr.linkedin.com\/in\/roxane-lecacher-23368313b\"],\"url\":\"https:\/\/dicodusport.fr\/blog\/author\/roxanel\/\"}]}<\/script>\n<!-- \/ Yoast SEO Premium plugin. -->","yoast_head_json":{"title":"MotoGP Aragon 2022 : Les r\u00e9sultats complets","description":"Programme TV, enjeux, r\u00e9sultats : soyez incollables avant le Grand Prix d'Aragon, 15\u00e8me manche du championnat du Monde de MotoGP 2022.","robots":{"index":"index","follow":"follow","max-snippet":"max-snippet:-1","max-image-preview":"max-image-preview:large","max-video-preview":"max-video-preview:-1"},"canonical":"https:\/\/dicodusport.fr\/blog\/motogp-aragon-2022-horaires-programme-tv-et-resultats\/","og_locale":"fr_FR","og_type":"article","og_title":"MotoGP Aragon 2022 : Les r\u00e9sultats complets","og_description":"Programme TV, enjeux, r\u00e9sultats : soyez incollables avant le Grand Prix d'Aragon, 15\u00e8me manche du championnat du Monde de MotoGP 2022.","og_url":"https:\/\/dicodusport.fr\/blog\/motogp-aragon-2022-horaires-programme-tv-et-resultats\/","og_site_name":"Dicodusport","article_publisher":"https:\/\/www.facebook.com\/dicodusport","article_author":"https:\/\/www.facebook.com\/roxane.lecacher","article_published_time":"2022-09-18T12:53:18+00:00","article_modified_time":"2022-09-18T13:13:07+00:00","og_image":[{"width":800,"height":445,"url":"https:\/\/dicodusport.fr\/blog\/wp-content\/uploads\/2022\/09\/MotoGP-Aragon-2022-Horaires-programme-TV-et-resultats.png","type":"image\/png"}],"author":"Roxane Lecacher","twitter_card":"summary_large_image","twitter_title":"MotoGP Aragon 2022 : Les r\u00e9sultats complets","twitter_creator":"@dicodusport","twitter_site":"@dicodusport","schema":{"@context":"https:\/\/schema.org","@graph":[{"@type":"NewsArticle","@id":"https:\/\/dicodusport.fr\/blog\/motogp-aragon-2022-horaires-programme-tv-et-resultats\/#article","isPartOf":{"@id":"https:\/\/dicodusport.fr\/blog\/motogp-aragon-2022-horaires-programme-tv-et-resultats\/"},"author":{"name":"Roxane Lecacher","@id":"https:\/\/dicodusport.fr\/blog\/#\/schema\/person\/819fb2545dd2715bd7c0580d6d4b411a"},"headline":"MotoGP Aragon 2022 : Les r\u00e9sultats complets","datePublished":"2022-09-18T12:53:18+00:00","dateModified":"2022-09-18T13:13:07+00:00","mainEntityOfPage":{"@id":"https:\/\/dicodusport.fr\/blog\/motogp-aragon-2022-horaires-programme-tv-et-resultats\/"},"wordCount":1352,"commentCount":0,"publisher":{"@id":"https:\/\/dicodusport.fr\/blog\/#organization"},"image":{"@id":"https:\/\/dicodusport.fr\/blog\/motogp-aragon-2022-horaires-programme-tv-et-resultats\/#primaryimage"},"thumbnailUrl":"https:\/\/dicodusport.fr\/blog\/wp-content\/uploads\/2022\/09\/MotoGP-Aragon-2022-Horaires-programme-TV-et-resultats.png","keywords":["Grand Prix d'Aragon MotoGP","MotoGP"],"articleSection":["MotoGP"],"inLanguage":"fr-FR","potentialAction":[{"@type":"CommentAction","name":"Comment","target":["https:\/\/dicodusport.fr\/blog\/motogp-aragon-2022-horaires-programme-tv-et-resultats\/#respond"]}],"copyrightYear":"2022","copyrightHolder":{"@id":"https:\/\/dicodusport.fr\/blog\/#organization"}},{"@type":"WebPage","@id":"https:\/\/dicodusport.fr\/blog\/motogp-aragon-2022-horaires-programme-tv-et-resultats\/","url":"https:\/\/dicodusport.fr\/blog\/motogp-aragon-2022-horaires-programme-tv-et-resultats\/","name":"MotoGP Aragon 2022 : Les r\u00e9sultats complets","isPartOf":{"@id":"https:\/\/dicodusport.fr\/blog\/#website"},"primaryImageOfPage":{"@id":"https:\/\/dicodusport.fr\/blog\/motogp-aragon-2022-horaires-programme-tv-et-resultats\/#primaryimage"},"image":{"@id":"https:\/\/dicodusport.fr\/blog\/motogp-aragon-2022-horaires-programme-tv-et-resultats\/#primaryimage"},"thumbnailUrl":"https:\/\/dicodusport.fr\/blog\/wp-content\/uploads\/2022\/09\/MotoGP-Aragon-2022-Horaires-programme-TV-et-resultats.png","datePublished":"2022-09-18T12:53:18+00:00","dateModified":"2022-09-18T13:13:07+00:00","description":"Programme TV, enjeux, r\u00e9sultats : soyez incollables avant le Grand Prix d'Aragon, 15\u00e8me manche du championnat du Monde de MotoGP 2022.","breadcrumb":{"@id":"https:\/\/dicodusport.fr\/blog\/motogp-aragon-2022-horaires-programme-tv-et-resultats\/#breadcrumb"},"inLanguage":"fr-FR","potentialAction":[{"@type":"ReadAction","target":["https:\/\/dicodusport.fr\/blog\/motogp-aragon-2022-horaires-programme-tv-et-resultats\/"]}]},{"@type":"ImageObject","inLanguage":"fr-FR","@id":"https:\/\/dicodusport.fr\/blog\/motogp-aragon-2022-horaires-programme-tv-et-resultats\/#primaryimage","url":"https:\/\/dicodusport.fr\/blog\/wp-content\/uploads\/2022\/09\/MotoGP-Aragon-2022-Horaires-programme-TV-et-resultats.png","contentUrl":"https:\/\/dicodusport.fr\/blog\/wp-content\/uploads\/2022\/09\/MotoGP-Aragon-2022-Horaires-programme-TV-et-resultats.png","width":800,"height":445,"caption":"MotoGP Aragon 2022 Horaires, programme TV et r\u00e9sultats"},{"@type":"BreadcrumbList","@id":"https:\/\/dicodusport.fr\/blog\/motogp-aragon-2022-horaires-programme-tv-et-resultats\/#breadcrumb","itemListElement":[{"@type":"ListItem","position":1,"name":"Accueil","item":"https:\/\/dicodusport.fr\/blog\/"},{"@type":"ListItem","position":2,"name":"MotoGP Aragon 2022 : Les r\u00e9sultats complets"}]},{"@type":"WebSite","@id":"https:\/\/dicodusport.fr\/blog\/#website","url":"https:\/\/dicodusport.fr\/blog\/","name":"Dicodusport","description":"L&#039;encyclop\u00e9die de l&#039;actualit\u00e9 sportive","publisher":{"@id":"https:\/\/dicodusport.fr\/blog\/#organization"},"potentialAction":[{"@type":"SearchAction","target":{"@type":"EntryPoint","urlTemplate":"https:\/\/dicodusport.fr\/blog\/?s={search_term_string}"},"query-input":{"@type":"PropertyValueSpecification","valueRequired":true,"valueName":"search_term_string"}}],"inLanguage":"fr-FR"},{"@type":"NewsMediaOrganization","@id":"https:\/\/dicodusport.fr\/blog\/#organization","name":"Dicodusport","url":"https:\/\/dicodusport.fr\/blog\/","logo":{"@type":"ImageObject","inLanguage":"fr-FR","@id":"https:\/\/dicodusport.fr\/blog\/#\/schema\/logo\/image\/","url":"https:\/\/dicodusport.fr\/blog\/wp-content\/uploads\/2020\/06\/cropped-LOGO-DICODUSPORT-2020-SANS-FOND-SANS-TEXTE.png","contentUrl":"https:\/\/dicodusport.fr\/blog\/wp-content\/uploads\/2020\/06\/cropped-LOGO-DICODUSPORT-2020-SANS-FOND-SANS-TEXTE.png","width":512,"height":512,"caption":"Dicodusport"},"image":{"@id":"https:\/\/dicodusport.fr\/blog\/#\/schema\/logo\/image\/"},"sameAs":["https:\/\/www.facebook.com\/dicodusport","https:\/\/x.com\/dicodusport","https:\/\/www.instagram.com\/dicodusport\/","https:\/\/www.youtube.com\/channel\/UC7V2KZ5sd3htJivAbA4ZG3w"],"description":"Dicodusport est l'encyclop\u00e9die de l'actualit\u00e9 sportive.","email":"bonjour@dicodusport.fr","legalName":"DICODUSPORT","foundingDate":"2018-01-14","vatID":"FR71834470973","taxID":"83447097300043","numberOfEmployees":{"@type":"QuantitativeValue","minValue":"1","maxValue":"10"}},{"@type":"Person","@id":"https:\/\/dicodusport.fr\/blog\/#\/schema\/person\/819fb2545dd2715bd7c0580d6d4b411a","name":"Roxane Lecacher","image":{"@type":"ImageObject","inLanguage":"fr-FR","@id":"https:\/\/dicodusport.fr\/blog\/#\/schema\/person\/image\/","url":"https:\/\/dicodusport.fr\/blog\/wp-content\/uploads\/2021\/05\/Roxane-Lecacher-150x150.jpg","contentUrl":"https:\/\/dicodusport.fr\/blog\/wp-content\/uploads\/2021\/05\/Roxane-Lecacher-150x150.jpg","caption":"Roxane Lecacher"},"description":"Journaliste\/r\u00e9dactrice depuis janvier 2021 - N\u00e9e quelques jours avant la premi\u00e8re \u00e9toile des Bleus, je baigne dans une famille tr\u00e8s sportive. Je n\u2019ai eu d\u2019autres choix que de me passionner pour le sujet. Pratiquante de l\u2019athl\u00e9tisme depuis toute petite, j\u2019ai aussi un attrait tout particulier pour la Formule 1, le biathlon et le foot. Pendant les grands \u00e9v\u00e9nements, il est impossible de d\u00e9crocher de ma t\u00e9l\u00e9. C\u2019est \u00e0 travers Dicodusport que j\u2019aime d\u00e9sormais vous transmettre mes \u00e9motions et ma passion.","sameAs":["https:\/\/www.facebook.com\/roxane.lecacher","https:\/\/fr.linkedin.com\/in\/roxane-lecacher-23368313b"],"url":"https:\/\/dicodusport.fr\/blog\/author\/roxanel\/"}]}},"_links":{"self":[{"href":"https:\/\/dicodusport.fr\/blog\/wp-json\/wp\/v2\/posts\/261750","targetHints":{"allow":["GET"]}}],"collection":[{"href":"https:\/\/dicodusport.fr\/blog\/wp-json\/wp\/v2\/posts"}],"about":[{"href":"https:\/\/dicodusport.fr\/blog\/wp-json\/wp\/v2\/types\/post"}],"author":[{"embeddable":true,"href":"https:\/\/dicodusport.fr\/blog\/wp-json\/wp\/v2\/users\/54"}],"replies":[{"embeddable":true,"href":"https:\/\/dicodusport.fr\/blog\/wp-json\/wp\/v2\/comments?post=261750"}],"version-history":[{"count":0,"href":"https:\/\/dicodusport.fr\/blog\/wp-json\/wp\/v2\/posts\/261750\/revisions"}],"wp:featuredmedia":[{"embeddable":true,"href":"https:\/\/dicodusport.fr\/blog\/wp-json\/wp\/v2\/media\/261833"}],"wp:attachment":[{"href":"https:\/\/dicodusport.fr\/blog\/wp-json\/wp\/v2\/media?parent=261750"}],"wp:term":[{"taxonomy":"category","embeddable":true,"href":"https:\/\/dicodusport.fr\/blog\/wp-json\/wp\/v2\/categories?post=261750"},{"taxonomy":"post_tag","embeddable":true,"href":"https:\/\/dicodusport.fr\/blog\/wp-json\/wp\/v2\/tags?post=261750"}],"curies":[{"name":"wp","href":"https:\/\/api.w.org\/{rel}","templated":true}]}}