{"id":26218,"date":"2018-09-24T16:17:41","date_gmt":"2018-09-24T14:17:41","guid":{"rendered":"http:\/\/dicodusport.fr\/blog\/?p=26218"},"modified":"2018-09-24T16:52:43","modified_gmt":"2018-09-24T14:52:43","slug":"l-avenir-grenoblois-est-dans-le-pre-38-une-victoire-face-a-toulouse-pour-debuter-la-saison","status":"publish","type":"post","link":"https:\/\/dicodusport.fr\/blog\/l-avenir-grenoblois-est-dans-le-pre-38-une-victoire-face-a-toulouse-pour-debuter-la-saison\/","title":{"rendered":"L&rsquo;avenir grenoblois est dans le pr\u00e9 #38 : une victoire face \u00e0 Toulouse pour d\u00e9buter la saison"},"content":{"rendered":"<p style=\"text-align: justify;\"><em><b>Chaque semaine, la section\u00a0<\/b><span style=\"color: #0000ff;\"><a style=\"color: #0000ff;\" href=\"http:\/\/dicodusport.fr\/blog\/fc-grenoble-rugby-espoirs\/\">espoirs du FC Grenoble rugby<\/a><\/span><b>\u00a0viendra vous parler de son actualit\u00e9, de ses entra\u00eenements ou encore de ses matchs dans sa chronique \u00ab <\/b><span style=\"color: #0000ff;\"><a style=\"color: #0000ff;\" href=\"https:\/\/dicodusport.fr\/blog\/avenir-grenoblois-pre-toutes-semaines-dicodusport-fr\/\" target=\"_blank\" rel=\"noopener noreferrer\">L&rsquo;avenir grenoblois est dans le pr\u00e9<\/a>\u00a0<strong><span style=\"color: #000000;\">\u00bb<\/span><\/strong><\/span><b>. Pour ce nouvel \u00e9pisode, c&rsquo;est Valentin Sese, 2\u00e8me ligne du FCG espoirs, qui revient sur la victoire de son \u00e9quipe face au Stade Toulousain lors de la premi\u00e8re journ\u00e9e du championnat.\u00a0<\/b><\/em><\/p>\n<h4 style=\"text-align: justify;\"><span style=\"color: #000000;\"><span style=\"color: #0051a3;\">&#x2714;\u00a0<\/span><\/span><span style=\"color: #000000;\">Notre\u00a0semaine d&rsquo;entra\u00eenement<\/span><\/h4>\n<p style=\"text-align: justify;\">Lundi, nous avons eu une s\u00e9ance l\u00e9g\u00e8re avec de la vid\u00e9o, un peu de skills et de la r\u00e9cup\u00e9ration. Mardi, c&rsquo;\u00e9tait la grosse s\u00e9ance de la semaine, il y a eu des rucks, de la d\u00e9fense, du contact, on s&rsquo;est rentr\u00e9s dedans. Les avants ont\u00a0aussi boss\u00e9 la m\u00eal\u00e9e. Jeudi, les entra\u00eeneurs ont annonc\u00e9 le groupe pour le premier match, et ensuite on a commenc\u00e9 \u00e0 voir quelques r\u00e9glages pour la rencontre avec notamment pas mal de touches. Et vendredi, traditionnelle mise en place avec du travail de skills aussi.<\/p>\n<h4 style=\"text-align: justify;\"><span style=\"color: #000000;\"><span style=\"color: #0051a3;\">&#x2714;\u00a0<\/span><\/span><span style=\"color: #000000;\">Victoire face \u00e0 Toulouse<\/span><\/h4>\n<p style=\"text-align: justify;\">Il y avait des premi\u00e8res ann\u00e9es dans le groupe qui avaient vraiment envie de jouer ce match, \u00e7a a contribu\u00e9 \u00e0 la bonne ambiance avant la rencontre. On \u00e9tait vraiment dans\u00a0de bonnes conditions pour ce premier match.<\/p>\n<p style=\"text-align: justify;\">On marque assez rapidement pour mener au score mais ensuite, on a baiss\u00e9 de rythme et les Toulousains en ont profit\u00e9. Ils prennent m\u00eame l&rsquo;avantage avant la pause :\u00a0on rentre aux vestiaires men\u00e9s 15 \u00e0 10. Dans la deuxi\u00e8me partie de la premi\u00e8re mi-temps, on a \u00e9t\u00e9 mis en difficult\u00e9 sur des d\u00e9tails qui nous co\u00fbtent chers.<\/p>\n<p style=\"text-align: justify;\">En seconde p\u00e9riode, on est revenus aux fondamentaux, on a pris les contacts pour essayer d&rsquo;avancer et on a jou\u00e9 notre jeu. Tout le monde s&rsquo;est donn\u00e9 \u00e0 fond et \u00e7a a pay\u00e9 :\u00a0on est repass\u00e9s devant en milieu de deuxi\u00e8me mi-temps et on a marqu\u00e9 un dernier essai pour faire le break en fin de match .<\/p>\n<p style=\"text-align: justify;\">Globalement, pour un premier match, c&rsquo;est bien mais on doit faire mieux sur les prochains car cela ne passera pas comme \u00e7a \u00e0 chaque fois. Il faut qu&rsquo;on soit plus pr\u00e9cis sur pas mal de d\u00e9tails mais l&rsquo;\u00e9tat d&rsquo;esprit global \u00e9tait bon.<\/p>\n<p><span class=\"mGzM6ktlp4K\"><iframe loading=\"lazy\" title=\"FCG Espoirs - Toulouse : le r\u00e9sum\u00e9 vid\u00e9o\" width=\"740\" height=\"416\" src=\"https:\/\/www.youtube.com\/embed\/zl-3wtM-tJU?feature=oembed\" frameborder=\"0\" allow=\"accelerometer; autoplay; clipboard-write; encrypted-media; gyroscope; picture-in-picture; web-share\" allowfullscreen><\/iframe><\/span><\/p>\n<h4 style=\"text-align: justify;\"><span style=\"color: #000000;\"><span style=\"color: #0051a3;\">&#x2714; <span style=\"color: #000000;\">Deux questions \u00e0 Valentin Sese<\/span><\/span><\/span><\/h4>\n<h5 style=\"text-align: justify;\">Valentin, pourquoi avoir choisi de rejoindre Grenoble cette saison ?<\/h5>\n<p style=\"text-align: justify;\">C&rsquo;est un club qui met en avant les jeunes et qui aime produire du jeu. On m&rsquo;avait dit que le groupe \u00e9tait vraiment sympa, que je devrais m&rsquo;y plaire et c&rsquo;est le cas.<\/p>\n<h5 style=\"text-align: justify;\">Quels objectifs personnels et collectifs pour cette nouvelle saison ?<\/h5>\n<p style=\"text-align: justify;\">Collectivement, j&rsquo;ai envie qu&rsquo;on fasse une grosse saison pour se qualifier pour les phases finales. Personnellement, j&rsquo;aimerais participer \u00e0 quelques matchs avec les pros et cela passe par des grosses performances avec les espoirs.<\/p>\n<p style=\"text-align: justify;\"><strong><em>FC Grenoble Rugby Espoirs<\/em><br \/>\n<a style=\"color: #000000;\" href=\"https:\/\/www.facebook.com\/fcgEspoirs\/\" target=\"_blank\" rel=\"noopener noreferrer\"><img loading=\"lazy\" decoding=\"async\" class=\"alignnone wp-image-2909\" src=\"http:\/\/dicodusport.fr\/blog\/wp-content\/uploads\/2017\/07\/logo-facebook-150x150.png\" alt=\"\" width=\"40\" height=\"40\" \/><\/a><\/strong><\/p>\n","protected":false},"excerpt":{"rendered":"<p>Pour ce nouvel \u00e9pisode, c&rsquo;est Valentin Sese, 2\u00e8me ligne du FCG espoirs, qui revient sur la victoire de son \u00e9quipe face au Stade Toulousain lors de la premi\u00e8re journ\u00e9e du championnat. <\/p>\n","protected":false},"author":1,"featured_media":26224,"comment_status":"open","ping_status":"closed","sticky":false,"template":"","format":"standard","meta":{"_acf_changed":false,"_daextam_enable_autolinks":"","footnotes":""},"categories":[2016,2303],"tags":[2073,2074,1837,1947],"class_list":["post-26218","post","type-post","status-publish","format-standard","has-post-thumbnail","hentry","category-nos-champions","category-rugby","tag-fcg","tag-fcg-espoirs","tag-grenoble","tag-grenoble-rugby"],"acf":[],"yoast_head":"<!-- This site is optimized with the Yoast SEO Premium plugin v26.7 (Yoast SEO v26.7) - https:\/\/yoast.com\/wordpress\/plugins\/seo\/ -->\n<title>L&#039;avenir grenoblois est dans le pr\u00e9 #38 : une victoire face \u00e0 Toulouse pour d\u00e9buter la saison<\/title>\n<meta name=\"description\" content=\"Pour ce nouvel \u00e9pisode, c&#039;est Valentin Sese, 2\u00e8me ligne du FCG espoirs, qui revient sur la victoire de son \u00e9quipe face au Stade Toulousain.\" \/>\n<meta name=\"robots\" content=\"index, follow, max-snippet:-1, max-image-preview:large, max-video-preview:-1\" \/>\n<link rel=\"canonical\" href=\"https:\/\/dicodusport.fr\/blog\/l-avenir-grenoblois-est-dans-le-pre-38-une-victoire-face-a-toulouse-pour-debuter-la-saison\/\" \/>\n<meta property=\"og:locale\" content=\"fr_FR\" \/>\n<meta property=\"og:type\" content=\"article\" \/>\n<meta property=\"og:title\" content=\"L&#039;avenir grenoblois est dans le pr\u00e9 #38 : une victoire face \u00e0 Toulouse pour d\u00e9buter la saison\" \/>\n<meta property=\"og:description\" content=\"Pour ce nouvel \u00e9pisode, c&#039;est Valentin Sese, 2\u00e8me ligne du FCG espoirs, qui revient sur la victoire de son \u00e9quipe face au Stade Toulousain.\" \/>\n<meta property=\"og:url\" content=\"https:\/\/dicodusport.fr\/blog\/l-avenir-grenoblois-est-dans-le-pre-38-une-victoire-face-a-toulouse-pour-debuter-la-saison\/\" \/>\n<meta property=\"og:site_name\" content=\"Dicodusport\" \/>\n<meta property=\"article:publisher\" content=\"https:\/\/www.facebook.com\/dicodusport\" \/>\n<meta property=\"article:author\" content=\"https:\/\/www.facebook.com\/dicodusport\" \/>\n<meta property=\"article:published_time\" content=\"2018-09-24T14:17:41+00:00\" \/>\n<meta property=\"article:modified_time\" content=\"2018-09-24T14:52:43+00:00\" \/>\n<meta property=\"og:image\" content=\"https:\/\/dicodusport.fr\/blog\/wp-content\/uploads\/2018\/09\/Valentin-Sese-Grenoble.png\" \/>\n\t<meta property=\"og:image:width\" content=\"800\" \/>\n\t<meta property=\"og:image:height\" content=\"445\" \/>\n\t<meta property=\"og:image:type\" content=\"image\/png\" \/>\n<meta name=\"author\" content=\"Nicolas Jacquemard\" \/>\n<meta name=\"twitter:card\" content=\"summary_large_image\" \/>\n<meta name=\"twitter:creator\" content=\"@https:\/\/twitter.com\/Nico_Jacquemard\" \/>\n<meta name=\"twitter:site\" content=\"@dicodusport\" \/>\n<script type=\"application\/ld+json\" class=\"yoast-schema-graph\">{\"@context\":\"https:\/\/schema.org\",\"@graph\":[{\"@type\":\"NewsArticle\",\"@id\":\"https:\/\/dicodusport.fr\/blog\/l-avenir-grenoblois-est-dans-le-pre-38-une-victoire-face-a-toulouse-pour-debuter-la-saison\/#article\",\"isPartOf\":{\"@id\":\"https:\/\/dicodusport.fr\/blog\/l-avenir-grenoblois-est-dans-le-pre-38-une-victoire-face-a-toulouse-pour-debuter-la-saison\/\"},\"author\":{\"name\":\"Nicolas Jacquemard\",\"@id\":\"https:\/\/dicodusport.fr\/blog\/#\/schema\/person\/55dcb50ad410894e431ed812bbb70191\"},\"headline\":\"L&rsquo;avenir grenoblois est dans le pr\u00e9 #38 : une victoire face \u00e0 Toulouse pour d\u00e9buter la saison\",\"datePublished\":\"2018-09-24T14:17:41+00:00\",\"dateModified\":\"2018-09-24T14:52:43+00:00\",\"mainEntityOfPage\":{\"@id\":\"https:\/\/dicodusport.fr\/blog\/l-avenir-grenoblois-est-dans-le-pre-38-une-victoire-face-a-toulouse-pour-debuter-la-saison\/\"},\"wordCount\":516,\"commentCount\":0,\"publisher\":{\"@id\":\"https:\/\/dicodusport.fr\/blog\/#organization\"},\"image\":{\"@id\":\"https:\/\/dicodusport.fr\/blog\/l-avenir-grenoblois-est-dans-le-pre-38-une-victoire-face-a-toulouse-pour-debuter-la-saison\/#primaryimage\"},\"thumbnailUrl\":\"https:\/\/dicodusport.fr\/blog\/wp-content\/uploads\/2018\/09\/Valentin-Sese-Grenoble.png\",\"keywords\":[\"FCG\",\"FCG espoirs\",\"Grenoble\",\"grenoble rugby\"],\"articleSection\":[\"Nos champions\",\"Rugby\"],\"inLanguage\":\"fr-FR\",\"potentialAction\":[{\"@type\":\"CommentAction\",\"name\":\"Comment\",\"target\":[\"https:\/\/dicodusport.fr\/blog\/l-avenir-grenoblois-est-dans-le-pre-38-une-victoire-face-a-toulouse-pour-debuter-la-saison\/#respond\"]}],\"copyrightYear\":\"2018\",\"copyrightHolder\":{\"@id\":\"https:\/\/dicodusport.fr\/blog\/#organization\"}},{\"@type\":\"WebPage\",\"@id\":\"https:\/\/dicodusport.fr\/blog\/l-avenir-grenoblois-est-dans-le-pre-38-une-victoire-face-a-toulouse-pour-debuter-la-saison\/\",\"url\":\"https:\/\/dicodusport.fr\/blog\/l-avenir-grenoblois-est-dans-le-pre-38-une-victoire-face-a-toulouse-pour-debuter-la-saison\/\",\"name\":\"L'avenir grenoblois est dans le pr\u00e9 #38 : une victoire face \u00e0 Toulouse pour d\u00e9buter la saison\",\"isPartOf\":{\"@id\":\"https:\/\/dicodusport.fr\/blog\/#website\"},\"primaryImageOfPage\":{\"@id\":\"https:\/\/dicodusport.fr\/blog\/l-avenir-grenoblois-est-dans-le-pre-38-une-victoire-face-a-toulouse-pour-debuter-la-saison\/#primaryimage\"},\"image\":{\"@id\":\"https:\/\/dicodusport.fr\/blog\/l-avenir-grenoblois-est-dans-le-pre-38-une-victoire-face-a-toulouse-pour-debuter-la-saison\/#primaryimage\"},\"thumbnailUrl\":\"https:\/\/dicodusport.fr\/blog\/wp-content\/uploads\/2018\/09\/Valentin-Sese-Grenoble.png\",\"datePublished\":\"2018-09-24T14:17:41+00:00\",\"dateModified\":\"2018-09-24T14:52:43+00:00\",\"description\":\"Pour ce nouvel \u00e9pisode, c'est Valentin Sese, 2\u00e8me ligne du FCG espoirs, qui revient sur la victoire de son \u00e9quipe face au Stade Toulousain.\",\"breadcrumb\":{\"@id\":\"https:\/\/dicodusport.fr\/blog\/l-avenir-grenoblois-est-dans-le-pre-38-une-victoire-face-a-toulouse-pour-debuter-la-saison\/#breadcrumb\"},\"inLanguage\":\"fr-FR\",\"potentialAction\":[{\"@type\":\"ReadAction\",\"target\":[\"https:\/\/dicodusport.fr\/blog\/l-avenir-grenoblois-est-dans-le-pre-38-une-victoire-face-a-toulouse-pour-debuter-la-saison\/\"]}]},{\"@type\":\"ImageObject\",\"inLanguage\":\"fr-FR\",\"@id\":\"https:\/\/dicodusport.fr\/blog\/l-avenir-grenoblois-est-dans-le-pre-38-une-victoire-face-a-toulouse-pour-debuter-la-saison\/#primaryimage\",\"url\":\"https:\/\/dicodusport.fr\/blog\/wp-content\/uploads\/2018\/09\/Valentin-Sese-Grenoble.png\",\"contentUrl\":\"https:\/\/dicodusport.fr\/blog\/wp-content\/uploads\/2018\/09\/Valentin-Sese-Grenoble.png\",\"width\":800,\"height\":445},{\"@type\":\"BreadcrumbList\",\"@id\":\"https:\/\/dicodusport.fr\/blog\/l-avenir-grenoblois-est-dans-le-pre-38-une-victoire-face-a-toulouse-pour-debuter-la-saison\/#breadcrumb\",\"itemListElement\":[{\"@type\":\"ListItem\",\"position\":1,\"name\":\"Accueil\",\"item\":\"https:\/\/dicodusport.fr\/blog\/\"},{\"@type\":\"ListItem\",\"position\":2,\"name\":\"L&rsquo;avenir grenoblois est dans le pr\u00e9 #38 : une victoire face \u00e0 Toulouse pour d\u00e9buter la saison\"}]},{\"@type\":\"WebSite\",\"@id\":\"https:\/\/dicodusport.fr\/blog\/#website\",\"url\":\"https:\/\/dicodusport.fr\/blog\/\",\"name\":\"Dicodusport\",\"description\":\"L&#039;encyclop\u00e9die de l&#039;actualit\u00e9 sportive\",\"publisher\":{\"@id\":\"https:\/\/dicodusport.fr\/blog\/#organization\"},\"potentialAction\":[{\"@type\":\"SearchAction\",\"target\":{\"@type\":\"EntryPoint\",\"urlTemplate\":\"https:\/\/dicodusport.fr\/blog\/?s={search_term_string}\"},\"query-input\":{\"@type\":\"PropertyValueSpecification\",\"valueRequired\":true,\"valueName\":\"search_term_string\"}}],\"inLanguage\":\"fr-FR\"},{\"@type\":\"NewsMediaOrganization\",\"@id\":\"https:\/\/dicodusport.fr\/blog\/#organization\",\"name\":\"Dicodusport\",\"url\":\"https:\/\/dicodusport.fr\/blog\/\",\"logo\":{\"@type\":\"ImageObject\",\"inLanguage\":\"fr-FR\",\"@id\":\"https:\/\/dicodusport.fr\/blog\/#\/schema\/logo\/image\/\",\"url\":\"https:\/\/dicodusport.fr\/blog\/wp-content\/uploads\/2020\/06\/cropped-LOGO-DICODUSPORT-2020-SANS-FOND-SANS-TEXTE.png\",\"contentUrl\":\"https:\/\/dicodusport.fr\/blog\/wp-content\/uploads\/2020\/06\/cropped-LOGO-DICODUSPORT-2020-SANS-FOND-SANS-TEXTE.png\",\"width\":512,\"height\":512,\"caption\":\"Dicodusport\"},\"image\":{\"@id\":\"https:\/\/dicodusport.fr\/blog\/#\/schema\/logo\/image\/\"},\"sameAs\":[\"https:\/\/www.facebook.com\/dicodusport\",\"https:\/\/x.com\/dicodusport\",\"https:\/\/www.instagram.com\/dicodusport\/\",\"https:\/\/www.youtube.com\/channel\/UC7V2KZ5sd3htJivAbA4ZG3w\"],\"description\":\"Dicodusport est l'encyclop\u00e9die de l'actualit\u00e9 sportive.\",\"email\":\"bonjour@dicodusport.fr\",\"legalName\":\"DICODUSPORT\",\"foundingDate\":\"2018-01-14\",\"vatID\":\"FR71834470973\",\"taxID\":\"83447097300043\",\"numberOfEmployees\":{\"@type\":\"QuantitativeValue\",\"minValue\":\"1\",\"maxValue\":\"10\"}},{\"@type\":\"Person\",\"@id\":\"https:\/\/dicodusport.fr\/blog\/#\/schema\/person\/55dcb50ad410894e431ed812bbb70191\",\"name\":\"Nicolas Jacquemard\",\"image\":{\"@type\":\"ImageObject\",\"inLanguage\":\"fr-FR\",\"@id\":\"https:\/\/dicodusport.fr\/blog\/#\/schema\/person\/image\/\",\"url\":\"https:\/\/dicodusport.fr\/blog\/wp-content\/uploads\/2021\/05\/Nicolas-Jacquemard-150x150.jpeg\",\"contentUrl\":\"https:\/\/dicodusport.fr\/blog\/wp-content\/uploads\/2021\/05\/Nicolas-Jacquemard-150x150.jpeg\",\"caption\":\"Nicolas Jacquemard\"},\"description\":\"Passionn\u00e9 de sport et entrepreneur depuis mes 18 ans, la cr\u00e9ation de Dicodusport m'a sembl\u00e9 \u00e9vidente pour participer \u00e0 la m\u00e9diatisation d'un plus grand nombre de sports. Le chemin est long mais avec une \u00e9quipe des plus motiv\u00e9es et les Jeux Olympiques de Paris 2024 en point de mire, nous y arriverons ! Journaliste dans le monde du sport depuis plus de 5 ans, je traite aussi bien de football, de rugby, de biathlon que de cyclisme.\",\"sameAs\":[\"https:\/\/www.facebook.com\/dicodusport\",\"https:\/\/x.com\/https:\/\/twitter.com\/Nico_Jacquemard\"],\"url\":\"https:\/\/dicodusport.fr\/blog\/author\/dicodusport\/\"}]}<\/script>\n<!-- \/ Yoast SEO Premium plugin. -->","yoast_head_json":{"title":"L'avenir grenoblois est dans le pr\u00e9 #38 : une victoire face \u00e0 Toulouse pour d\u00e9buter la saison","description":"Pour ce nouvel \u00e9pisode, c'est Valentin Sese, 2\u00e8me ligne du FCG espoirs, qui revient sur la victoire de son \u00e9quipe face au Stade Toulousain.","robots":{"index":"index","follow":"follow","max-snippet":"max-snippet:-1","max-image-preview":"max-image-preview:large","max-video-preview":"max-video-preview:-1"},"canonical":"https:\/\/dicodusport.fr\/blog\/l-avenir-grenoblois-est-dans-le-pre-38-une-victoire-face-a-toulouse-pour-debuter-la-saison\/","og_locale":"fr_FR","og_type":"article","og_title":"L'avenir grenoblois est dans le pr\u00e9 #38 : une victoire face \u00e0 Toulouse pour d\u00e9buter la saison","og_description":"Pour ce nouvel \u00e9pisode, c'est Valentin Sese, 2\u00e8me ligne du FCG espoirs, qui revient sur la victoire de son \u00e9quipe face au Stade Toulousain.","og_url":"https:\/\/dicodusport.fr\/blog\/l-avenir-grenoblois-est-dans-le-pre-38-une-victoire-face-a-toulouse-pour-debuter-la-saison\/","og_site_name":"Dicodusport","article_publisher":"https:\/\/www.facebook.com\/dicodusport","article_author":"https:\/\/www.facebook.com\/dicodusport","article_published_time":"2018-09-24T14:17:41+00:00","article_modified_time":"2018-09-24T14:52:43+00:00","og_image":[{"width":800,"height":445,"url":"https:\/\/dicodusport.fr\/blog\/wp-content\/uploads\/2018\/09\/Valentin-Sese-Grenoble.png","type":"image\/png"}],"author":"Nicolas Jacquemard","twitter_card":"summary_large_image","twitter_creator":"@https:\/\/twitter.com\/Nico_Jacquemard","twitter_site":"@dicodusport","schema":{"@context":"https:\/\/schema.org","@graph":[{"@type":"NewsArticle","@id":"https:\/\/dicodusport.fr\/blog\/l-avenir-grenoblois-est-dans-le-pre-38-une-victoire-face-a-toulouse-pour-debuter-la-saison\/#article","isPartOf":{"@id":"https:\/\/dicodusport.fr\/blog\/l-avenir-grenoblois-est-dans-le-pre-38-une-victoire-face-a-toulouse-pour-debuter-la-saison\/"},"author":{"name":"Nicolas Jacquemard","@id":"https:\/\/dicodusport.fr\/blog\/#\/schema\/person\/55dcb50ad410894e431ed812bbb70191"},"headline":"L&rsquo;avenir grenoblois est dans le pr\u00e9 #38 : une victoire face \u00e0 Toulouse pour d\u00e9buter la saison","datePublished":"2018-09-24T14:17:41+00:00","dateModified":"2018-09-24T14:52:43+00:00","mainEntityOfPage":{"@id":"https:\/\/dicodusport.fr\/blog\/l-avenir-grenoblois-est-dans-le-pre-38-une-victoire-face-a-toulouse-pour-debuter-la-saison\/"},"wordCount":516,"commentCount":0,"publisher":{"@id":"https:\/\/dicodusport.fr\/blog\/#organization"},"image":{"@id":"https:\/\/dicodusport.fr\/blog\/l-avenir-grenoblois-est-dans-le-pre-38-une-victoire-face-a-toulouse-pour-debuter-la-saison\/#primaryimage"},"thumbnailUrl":"https:\/\/dicodusport.fr\/blog\/wp-content\/uploads\/2018\/09\/Valentin-Sese-Grenoble.png","keywords":["FCG","FCG espoirs","Grenoble","grenoble rugby"],"articleSection":["Nos champions","Rugby"],"inLanguage":"fr-FR","potentialAction":[{"@type":"CommentAction","name":"Comment","target":["https:\/\/dicodusport.fr\/blog\/l-avenir-grenoblois-est-dans-le-pre-38-une-victoire-face-a-toulouse-pour-debuter-la-saison\/#respond"]}],"copyrightYear":"2018","copyrightHolder":{"@id":"https:\/\/dicodusport.fr\/blog\/#organization"}},{"@type":"WebPage","@id":"https:\/\/dicodusport.fr\/blog\/l-avenir-grenoblois-est-dans-le-pre-38-une-victoire-face-a-toulouse-pour-debuter-la-saison\/","url":"https:\/\/dicodusport.fr\/blog\/l-avenir-grenoblois-est-dans-le-pre-38-une-victoire-face-a-toulouse-pour-debuter-la-saison\/","name":"L'avenir grenoblois est dans le pr\u00e9 #38 : une victoire face \u00e0 Toulouse pour d\u00e9buter la saison","isPartOf":{"@id":"https:\/\/dicodusport.fr\/blog\/#website"},"primaryImageOfPage":{"@id":"https:\/\/dicodusport.fr\/blog\/l-avenir-grenoblois-est-dans-le-pre-38-une-victoire-face-a-toulouse-pour-debuter-la-saison\/#primaryimage"},"image":{"@id":"https:\/\/dicodusport.fr\/blog\/l-avenir-grenoblois-est-dans-le-pre-38-une-victoire-face-a-toulouse-pour-debuter-la-saison\/#primaryimage"},"thumbnailUrl":"https:\/\/dicodusport.fr\/blog\/wp-content\/uploads\/2018\/09\/Valentin-Sese-Grenoble.png","datePublished":"2018-09-24T14:17:41+00:00","dateModified":"2018-09-24T14:52:43+00:00","description":"Pour ce nouvel \u00e9pisode, c'est Valentin Sese, 2\u00e8me ligne du FCG espoirs, qui revient sur la victoire de son \u00e9quipe face au Stade Toulousain.","breadcrumb":{"@id":"https:\/\/dicodusport.fr\/blog\/l-avenir-grenoblois-est-dans-le-pre-38-une-victoire-face-a-toulouse-pour-debuter-la-saison\/#breadcrumb"},"inLanguage":"fr-FR","potentialAction":[{"@type":"ReadAction","target":["https:\/\/dicodusport.fr\/blog\/l-avenir-grenoblois-est-dans-le-pre-38-une-victoire-face-a-toulouse-pour-debuter-la-saison\/"]}]},{"@type":"ImageObject","inLanguage":"fr-FR","@id":"https:\/\/dicodusport.fr\/blog\/l-avenir-grenoblois-est-dans-le-pre-38-une-victoire-face-a-toulouse-pour-debuter-la-saison\/#primaryimage","url":"https:\/\/dicodusport.fr\/blog\/wp-content\/uploads\/2018\/09\/Valentin-Sese-Grenoble.png","contentUrl":"https:\/\/dicodusport.fr\/blog\/wp-content\/uploads\/2018\/09\/Valentin-Sese-Grenoble.png","width":800,"height":445},{"@type":"BreadcrumbList","@id":"https:\/\/dicodusport.fr\/blog\/l-avenir-grenoblois-est-dans-le-pre-38-une-victoire-face-a-toulouse-pour-debuter-la-saison\/#breadcrumb","itemListElement":[{"@type":"ListItem","position":1,"name":"Accueil","item":"https:\/\/dicodusport.fr\/blog\/"},{"@type":"ListItem","position":2,"name":"L&rsquo;avenir grenoblois est dans le pr\u00e9 #38 : une victoire face \u00e0 Toulouse pour d\u00e9buter la saison"}]},{"@type":"WebSite","@id":"https:\/\/dicodusport.fr\/blog\/#website","url":"https:\/\/dicodusport.fr\/blog\/","name":"Dicodusport","description":"L&#039;encyclop\u00e9die de l&#039;actualit\u00e9 sportive","publisher":{"@id":"https:\/\/dicodusport.fr\/blog\/#organization"},"potentialAction":[{"@type":"SearchAction","target":{"@type":"EntryPoint","urlTemplate":"https:\/\/dicodusport.fr\/blog\/?s={search_term_string}"},"query-input":{"@type":"PropertyValueSpecification","valueRequired":true,"valueName":"search_term_string"}}],"inLanguage":"fr-FR"},{"@type":"NewsMediaOrganization","@id":"https:\/\/dicodusport.fr\/blog\/#organization","name":"Dicodusport","url":"https:\/\/dicodusport.fr\/blog\/","logo":{"@type":"ImageObject","inLanguage":"fr-FR","@id":"https:\/\/dicodusport.fr\/blog\/#\/schema\/logo\/image\/","url":"https:\/\/dicodusport.fr\/blog\/wp-content\/uploads\/2020\/06\/cropped-LOGO-DICODUSPORT-2020-SANS-FOND-SANS-TEXTE.png","contentUrl":"https:\/\/dicodusport.fr\/blog\/wp-content\/uploads\/2020\/06\/cropped-LOGO-DICODUSPORT-2020-SANS-FOND-SANS-TEXTE.png","width":512,"height":512,"caption":"Dicodusport"},"image":{"@id":"https:\/\/dicodusport.fr\/blog\/#\/schema\/logo\/image\/"},"sameAs":["https:\/\/www.facebook.com\/dicodusport","https:\/\/x.com\/dicodusport","https:\/\/www.instagram.com\/dicodusport\/","https:\/\/www.youtube.com\/channel\/UC7V2KZ5sd3htJivAbA4ZG3w"],"description":"Dicodusport est l'encyclop\u00e9die de l'actualit\u00e9 sportive.","email":"bonjour@dicodusport.fr","legalName":"DICODUSPORT","foundingDate":"2018-01-14","vatID":"FR71834470973","taxID":"83447097300043","numberOfEmployees":{"@type":"QuantitativeValue","minValue":"1","maxValue":"10"}},{"@type":"Person","@id":"https:\/\/dicodusport.fr\/blog\/#\/schema\/person\/55dcb50ad410894e431ed812bbb70191","name":"Nicolas Jacquemard","image":{"@type":"ImageObject","inLanguage":"fr-FR","@id":"https:\/\/dicodusport.fr\/blog\/#\/schema\/person\/image\/","url":"https:\/\/dicodusport.fr\/blog\/wp-content\/uploads\/2021\/05\/Nicolas-Jacquemard-150x150.jpeg","contentUrl":"https:\/\/dicodusport.fr\/blog\/wp-content\/uploads\/2021\/05\/Nicolas-Jacquemard-150x150.jpeg","caption":"Nicolas Jacquemard"},"description":"Passionn\u00e9 de sport et entrepreneur depuis mes 18 ans, la cr\u00e9ation de Dicodusport m'a sembl\u00e9 \u00e9vidente pour participer \u00e0 la m\u00e9diatisation d'un plus grand nombre de sports. Le chemin est long mais avec une \u00e9quipe des plus motiv\u00e9es et les Jeux Olympiques de Paris 2024 en point de mire, nous y arriverons ! Journaliste dans le monde du sport depuis plus de 5 ans, je traite aussi bien de football, de rugby, de biathlon que de cyclisme.","sameAs":["https:\/\/www.facebook.com\/dicodusport","https:\/\/x.com\/https:\/\/twitter.com\/Nico_Jacquemard"],"url":"https:\/\/dicodusport.fr\/blog\/author\/dicodusport\/"}]}},"_links":{"self":[{"href":"https:\/\/dicodusport.fr\/blog\/wp-json\/wp\/v2\/posts\/26218","targetHints":{"allow":["GET"]}}],"collection":[{"href":"https:\/\/dicodusport.fr\/blog\/wp-json\/wp\/v2\/posts"}],"about":[{"href":"https:\/\/dicodusport.fr\/blog\/wp-json\/wp\/v2\/types\/post"}],"author":[{"embeddable":true,"href":"https:\/\/dicodusport.fr\/blog\/wp-json\/wp\/v2\/users\/1"}],"replies":[{"embeddable":true,"href":"https:\/\/dicodusport.fr\/blog\/wp-json\/wp\/v2\/comments?post=26218"}],"version-history":[{"count":0,"href":"https:\/\/dicodusport.fr\/blog\/wp-json\/wp\/v2\/posts\/26218\/revisions"}],"wp:featuredmedia":[{"embeddable":true,"href":"https:\/\/dicodusport.fr\/blog\/wp-json\/wp\/v2\/media\/26224"}],"wp:attachment":[{"href":"https:\/\/dicodusport.fr\/blog\/wp-json\/wp\/v2\/media?parent=26218"}],"wp:term":[{"taxonomy":"category","embeddable":true,"href":"https:\/\/dicodusport.fr\/blog\/wp-json\/wp\/v2\/categories?post=26218"},{"taxonomy":"post_tag","embeddable":true,"href":"https:\/\/dicodusport.fr\/blog\/wp-json\/wp\/v2\/tags?post=26218"}],"curies":[{"name":"wp","href":"https:\/\/api.w.org\/{rel}","templated":true}]}}