{"id":262315,"date":"2022-09-16T11:04:27","date_gmt":"2022-09-16T09:04:27","guid":{"rendered":"https:\/\/dicodusport.fr\/blog\/?p=262315"},"modified":"2022-09-16T11:15:19","modified_gmt":"2022-09-16T09:15:19","slug":"retraite-de-roger-federer-retour-en-chiffres-sur-la-carriere-dune-icone","status":"publish","type":"post","link":"https:\/\/dicodusport.fr\/blog\/retraite-de-roger-federer-retour-en-chiffres-sur-la-carriere-dune-icone\/","title":{"rendered":"Retraite de Roger Federer : Retour en chiffres sur la carri\u00e8re d&rsquo;une ic\u00f4ne"},"content":{"rendered":"<p style=\"text-align: justify;\"><em><strong>SAISON ATP 2022 &#8211; Il fallait s&rsquo;y attendre, c&rsquo;\u00e9tait in\u00e9vitable, <a href=\"https:\/\/dicodusport.fr\/blog\/roger-federer-annonce-sa-retraite\/\">Roger Federer a annonc\u00e9 ce jeudi qu&rsquo;il mettra un terme \u00e0 sa carri\u00e8re<\/a> \u00e0 l&rsquo;issue de la Laver Cup la semaine prochaine. L&rsquo;occasion pour nous de revenir sur une carri\u00e8re qui a marqu\u00e9 l&rsquo;histoire du tennis, et du sport plus globalement.<\/strong><\/em><\/p>\n<h2 style=\"text-align: justify;\">2003, l&rsquo;ann\u00e9e de sa premi\u00e8re victoire en Grand Chelem<\/h2>\n<p style=\"text-align: justify;\">Apr\u00e8s une \u00e9volution constante en juniors, <strong>Roger Federer<\/strong> commence sa carri\u00e8re professionnelle en 1998 et fait ses d\u00e9buts sur le circuit ATP. Il commence alors une ascension fulgurante qui lui permettra en 1 an \u00e0 peine d&rsquo;entrer dans le top 100 du <strong>classement ATP<\/strong> en 1999, mais aussi de remporter son premier tournoi (<strong>Open de Brest<\/strong>). Il poursuit son ascension et entre en 2002 dans le top 10 du classement ATP, ann\u00e9e durant laquelle il remporte \u00e9galement son premier <strong>Masters 1000 \u00e0 Hambourg<\/strong>. Apr\u00e8s une \u00e9volution constante, la cons\u00e9cration a lieu en 2003, lorsqu&rsquo;il remporte le premier titre en <strong>Grand Chelem<\/strong> de sa jeune carri\u00e8re \u00e0 <strong>Wimbledon<\/strong>. Le premier d&rsquo;une longue s\u00e9rie.<\/p>\n<h2 style=\"text-align: justify;\">20, son nombre de titres en Grand Chelem<\/h2>\n<p style=\"text-align: justify;\">M\u00eame si ce record a \u00e9t\u00e9 d\u00e9pass\u00e9 depuis, Federer a \u00e9t\u00e9 le premier joueur \u00e0 atteindre la barre symbolique des 20 titres de Grand Chelem. Bien au-dessus de <strong>Pete Sampras<\/strong> et ses 14 tournois remport\u00e9s qui paraissaient difficilement battables \u00e0 l&rsquo;\u00e9poque. Le joueur suisse, capable d&rsquo;\u00e9voluer sur toutes les surfaces, est \u00e9galement l&rsquo;un des seuls joueurs \u00e0 avoir remport\u00e9 les 4 tournois majeurs. <strong>Il aura \u00e9galement particip\u00e9 aux demi-finales de 23 tournois du Grand Chelem cons\u00e9cutifs<\/strong>, preuve d&rsquo;une r\u00e9gularit\u00e9 remarquable.<\/p>\n<blockquote class=\"twitter-tweet\">\n<p dir=\"ltr\" lang=\"fr\">Roger Federer raconte sa victoire \u00e0 Roland-Garros en 2009 : <a href=\"https:\/\/t.co\/QStmQ8XG7W\">https:\/\/t.co\/QStmQ8XG7W<\/a> <a href=\"https:\/\/t.co\/e347lUtzo1\">pic.twitter.com\/e347lUtzo1<\/a><\/p>\n<p>\u2014 L&rsquo;\u00c9QUIPE (@lequipe) <a href=\"https:\/\/twitter.com\/lequipe\/status\/1132261280415399936?ref_src=twsrc%5Etfw\">May 25, 2019<\/a><\/p><\/blockquote>\n<p style=\"text-align: justify;\"><script async src=\"https:\/\/platform.twitter.com\/widgets.js\" charset=\"utf-8\"><\/script><\/p>\n<p style=\"text-align: justify;\">Il a d&rsquo;ailleurs disput\u00e9 au moins 5 finales dans chacun des tournois du Grand Chelem, et demeure le seul joueur \u00e0 avoir particip\u00e9 \u00e0 10 finales de Grand Chelem cons\u00e9cutives dans l&rsquo;\u00e8re Open entre <strong>Wimbledon<\/strong> 2005 et l&rsquo;<strong>US Open<\/strong> 2007. Il aura ainsi remport\u00e9 8 fois <strong>Wimbledon<\/strong>, ce qui reste un record, 6 fois l&rsquo;<strong>Open d&rsquo;Australie,<\/strong> 5 fois l&rsquo;<strong>US Open<\/strong> et une fois <strong>Roland-Garros<\/strong> lors de sa longue carri\u00e8re.<\/p>\n<h2 style=\"text-align: justify;\">310, son nombre de semaines en tant que n\u00b01 mondial<\/h2>\n<p style=\"text-align: justify;\">Une carri\u00e8re riche durant laquelle il aura occup\u00e9 la premi\u00e8re place du classement ATP pendant pas moins de <strong>310<\/strong> semaines. Il d\u00e9tient toujours le record du nombre de semaines cons\u00e9cutives \u00e0 occuper la premi\u00e8re marche du podium avec <strong>237<\/strong>. Il restera par ailleurs l&rsquo;ic\u00f4ne de toute une g\u00e9n\u00e9ration pour son style inimitable et tr\u00e8s esth\u00e9tique, mais aussi son efficacit\u00e9 puisqu&rsquo;il a prouv\u00e9 sa qualit\u00e9 en faisant tomber de nombreux records au cours de sa carri\u00e8re. C&rsquo;est donc une page qui se tourne pour le tennis mondial. Une de ses plus grandes ic\u00f4nes tire sa r\u00e9v\u00e9rence apr\u00e8s une carri\u00e8re d&rsquo;une dur\u00e9e de presque 24 ans.<\/p>\n<blockquote class=\"twitter-tweet\">\n<p dir=\"ltr\" lang=\"fr\">Nom: Roger Federer<br \/>\nProfession: joueur de tennis<br \/>\nParticularit\u00e9: g\u00e9nie <a href=\"https:\/\/t.co\/eVraQ1thhO\">pic.twitter.com\/eVraQ1thhO<\/a><\/p>\n<p>\u2014 Eurosport France (@Eurosport_FR) <a href=\"https:\/\/twitter.com\/Eurosport_FR\/status\/1570471192716271619?ref_src=twsrc%5Etfw\">September 15, 2022<\/a><\/p><\/blockquote>\n<p><script async src=\"https:\/\/platform.twitter.com\/widgets.js\" charset=\"utf-8\"><\/script><\/p>\n<h2 style=\"text-align: justify;\">103, son nombre de tournois remport\u00e9s<\/h2>\n<p style=\"text-align: justify;\">Au total, le joueur suisse aura remport\u00e9 pas moins de 103 tournois dont <strong>20 en<\/strong> <strong>Grand Chelem,<\/strong> mais aussi <strong>6<\/strong> <strong>Masters<\/strong> et pas moins de <strong>28<\/strong> <strong>Masters 1000<\/strong> au cours de sa carri\u00e8re. Il est ainsi le deuxi\u00e8me joueur \u00e0 avoir remport\u00e9 le plus de tournois apr\u00e8s <strong>Jimmy Connors<\/strong> et ses 109 victoires. Carri\u00e8re durant laquelle il aura tout connu, et tout remport\u00e9 ou presque. Puisqu&rsquo;il n&rsquo;aura pas remport\u00e9 la m\u00e9daille d&rsquo;or olympique malgr\u00e9 une finale en 2012.<\/p>\n<h2 style=\"text-align: justify;\">2, car Federer c&rsquo;est aussi un joueur de double<\/h2>\n<p style=\"text-align: justify;\">En effet, bien qu&rsquo;il ait marqu\u00e9 de son empreinte le circuit ATP en simple, Roger Federer \u00e9tait aussi un excellent joueur de double. Il aura ainsi remport\u00e9 pas moins de 8 titres en double dont la m\u00e9daille d&rsquo;or olympique \u00e0 <strong>P\u00e9kin<\/strong> 2008, aux c\u00f4t\u00e9s de <strong>Stanislas Wawrinka<\/strong>. Un niveau d&rsquo;excellence qu&rsquo;il montrera une nouvelle fois en remportant la <strong>Coupe Davis<\/strong> en 2014 avec la <strong>Suisse<\/strong>.<\/p>\n<h2 style=\"text-align: justify;\">40, son nombre de confrontations avec Rafael Nadal<\/h2>\n<p style=\"text-align: justify;\">L&rsquo;Espagnol \u00e9tait le meilleur ami \/ meilleur ennemi du Suisse sur le circuit. Cette rivalit\u00e9 a rythm\u00e9 les 20 derni\u00e8res ann\u00e9es sur le circuit ATP. \u00c0 leur cr\u00e9dit, des matchs l\u00e9gendaires, comme l&rsquo;inoubliable finale de Wimbledon 2008, remport\u00e9e <strong>9-7<\/strong> au cinqui\u00e8me set par l&rsquo;Espagnol \u00e0 la nuit tombante. Mais aussi celle de l&rsquo;Open d&rsquo;Australie 2017, date de la renaissance du Suisse. <strong>Rafael Nadal<\/strong> m\u00e8ne <strong>24-16<\/strong> dans ces confrontations, mais c&rsquo;est surtout une amiti\u00e9 irrempla\u00e7able qui est n\u00e9e au fur et \u00e0 mesure de ces matchs de l\u00e9gende.<\/p>\n<blockquote class=\"twitter-tweet\">\n<p dir=\"ltr\" lang=\"fr\">&#x1f5e3; Nadal sur Federer : \u00ab\u00a0Cher Roger, mon ami et rival. J&rsquo;aurais aim\u00e9 que ce jour n&rsquo;arrive jamais. C&rsquo;est un triste jour pour moi personnellement et pour le sport \u00e0 travers le monde. C&rsquo;\u00e9tait un plaisir mais aussi un honneur et un privil\u00e8ge de partager ces ann\u00e9es avec toi&#8230;\u00a0\u00bb &#x1f410;&#x2764;&#xfe0f; <a href=\"https:\/\/t.co\/l2SyX5Zmbz\">pic.twitter.com\/l2SyX5Zmbz<\/a><\/p>\n<p>\u2014 Univers Tennis &#x1f3be; (@UniversTennis) <a href=\"https:\/\/twitter.com\/UniversTennis\/status\/1570445607315152896?ref_src=twsrc%5Etfw\">September 15, 2022<\/a><\/p><\/blockquote>\n<p style=\"text-align: justify;\"><script async src=\"https:\/\/platform.twitter.com\/widgets.js\" charset=\"utf-8\"><\/script><\/p>\n<h2 style=\"text-align: justify;\">2022, l&rsquo;ann\u00e9e d&rsquo;une page qui se tourne<\/h2>\n<p style=\"text-align: justify;\">Apr\u00e8s un retour plusieurs fois repouss\u00e9, l&rsquo;annonce de sa retraite n&rsquo;\u00e9tait pas vraiment une surprise alors que le joueur suisse est \u00e2g\u00e9 de 41 ans. Ce dernier, couronn\u00e9 de succ\u00e8s et adul\u00e9 par les fans, restera comme l&rsquo;une des figures les plus embl\u00e9matiques de ce sport, gr\u00e2ce \u00e0 son jeu offensif, esth\u00e9tique, mais aussi son revers \u00e0 une main presque inimitable. Celui qui est consid\u00e9r\u00e9 comme l&rsquo;un des meilleurs joueurs de tous les temps avec <strong>Rafael Nadal<\/strong> et <strong>Novak Djokovic<\/strong> est donc le premier d&rsquo;entre eux \u00e0 arr\u00eater sa carri\u00e8re. Le symbole d&rsquo;une page qui se tourne, et d&rsquo;un changement de g\u00e9n\u00e9ration. En tout cas on peut dire que <strong>Roger Federer<\/strong> aura marqu\u00e9 de son empreinte l&rsquo;histoire de ce sport, et restera \u00e0 coup s\u00fbr une l\u00e9gende du tennis.<\/p>\n<blockquote class=\"twitter-tweet\">\n<p dir=\"ltr\" lang=\"en\">To my tennis family and beyond,<\/p>\n<p>With Love,<br \/>\nRoger <a href=\"https:\/\/t.co\/1UISwK1NIN\">pic.twitter.com\/1UISwK1NIN<\/a><\/p>\n<p>\u2014 Roger Federer (@rogerfederer) <a href=\"https:\/\/twitter.com\/rogerfederer\/status\/1570401710685945856?ref_src=twsrc%5Etfw\">September 15, 2022<\/a><\/p><\/blockquote>\n<p style=\"text-align: justify;\"><script async src=\"https:\/\/platform.twitter.com\/widgets.js\" charset=\"utf-8\"><\/script><\/p>\n","protected":false},"excerpt":{"rendered":"<p>SAISON ATP 2022 &#8211; Il fallait s&rsquo;y attendre, c&rsquo;\u00e9tait in\u00e9vitable, Roger Federer a annonc\u00e9 ce jeudi qu&rsquo;il mettra un terme \u00e0 sa carri\u00e8re \u00e0 l&rsquo;issue de la Laver Cup la semaine prochaine. L&rsquo;occasion pour nous de revenir sur une carri\u00e8re qui a marqu\u00e9 l&rsquo;histoire du tennis.<\/p>\n","protected":false},"author":72,"featured_media":262364,"comment_status":"open","ping_status":"closed","sticky":false,"template":"","format":"standard","meta":{"_acf_changed":false,"_daextam_enable_autolinks":"","footnotes":""},"categories":[2302],"tags":[965,24,136],"class_list":["post-262315","post","type-post","status-publish","format-standard","has-post-thumbnail","hentry","category-tennis","tag-roger-federer","tag-sport","tag-tennis"],"acf":[],"yoast_head":"<!-- This site is optimized with the Yoast SEO Premium plugin v26.7 (Yoast SEO v26.7) - https:\/\/yoast.com\/wordpress\/plugins\/seo\/ -->\n<title>Retraite de Roger Federer : Retour en chiffres sur la carri\u00e8re d&#039;une ic\u00f4ne<\/title>\n<meta name=\"description\" content=\"SAISON ATP 2022 - Roger Federer a annonc\u00e9 ce jeudi qu&#039;il mettra un terme \u00e0 sa carri\u00e8re \u00e0 l&#039;issue de la Laver Cup la semaine prochaine.\" \/>\n<meta name=\"robots\" content=\"index, follow, max-snippet:-1, max-image-preview:large, max-video-preview:-1\" \/>\n<link rel=\"canonical\" href=\"https:\/\/dicodusport.fr\/blog\/retraite-de-roger-federer-retour-en-chiffres-sur-la-carriere-dune-icone\/\" \/>\n<meta property=\"og:locale\" content=\"fr_FR\" \/>\n<meta property=\"og:type\" content=\"article\" \/>\n<meta property=\"og:title\" content=\"Retraite de Roger Federer : Retour en chiffres sur la carri\u00e8re d&#039;une ic\u00f4ne\" \/>\n<meta property=\"og:description\" content=\"SAISON ATP 2022 - Roger Federer a annonc\u00e9 ce jeudi qu&#039;il mettra un terme \u00e0 sa carri\u00e8re \u00e0 l&#039;issue de la Laver Cup la semaine prochaine.\" \/>\n<meta property=\"og:url\" content=\"https:\/\/dicodusport.fr\/blog\/retraite-de-roger-federer-retour-en-chiffres-sur-la-carriere-dune-icone\/\" \/>\n<meta property=\"og:site_name\" content=\"Dicodusport\" \/>\n<meta property=\"article:publisher\" content=\"https:\/\/www.facebook.com\/dicodusport\" \/>\n<meta property=\"article:published_time\" content=\"2022-09-16T09:04:27+00:00\" \/>\n<meta property=\"article:modified_time\" content=\"2022-09-16T09:15:19+00:00\" \/>\n<meta property=\"og:image\" content=\"https:\/\/dicodusport.fr\/blog\/wp-content\/uploads\/2022\/09\/Retraite-de-Roger-Federer-Retour-en-chiffres-sur-la-carriere-dune-icone.png\" \/>\n\t<meta property=\"og:image:width\" content=\"800\" \/>\n\t<meta property=\"og:image:height\" content=\"445\" \/>\n\t<meta property=\"og:image:type\" content=\"image\/png\" \/>\n<meta name=\"author\" content=\"Alexis Fernandez\" \/>\n<meta name=\"twitter:card\" content=\"summary_large_image\" \/>\n<meta name=\"twitter:title\" content=\"Retraite de Roger Federer : Retour en chiffres sur la carri\u00e8re d&#039;une ic\u00f4ne\" \/>\n<meta name=\"twitter:creator\" content=\"@dicodusport\" \/>\n<meta name=\"twitter:site\" content=\"@dicodusport\" \/>\n<script type=\"application\/ld+json\" class=\"yoast-schema-graph\">{\"@context\":\"https:\/\/schema.org\",\"@graph\":[{\"@type\":\"NewsArticle\",\"@id\":\"https:\/\/dicodusport.fr\/blog\/retraite-de-roger-federer-retour-en-chiffres-sur-la-carriere-dune-icone\/#article\",\"isPartOf\":{\"@id\":\"https:\/\/dicodusport.fr\/blog\/retraite-de-roger-federer-retour-en-chiffres-sur-la-carriere-dune-icone\/\"},\"author\":{\"name\":\"Alexis Fernandez\",\"@id\":\"https:\/\/dicodusport.fr\/blog\/#\/schema\/person\/fc51c9607eb9d1b5db48016b5b51b469\"},\"headline\":\"Retraite de Roger Federer : Retour en chiffres sur la carri\u00e8re d&rsquo;une ic\u00f4ne\",\"datePublished\":\"2022-09-16T09:04:27+00:00\",\"dateModified\":\"2022-09-16T09:15:19+00:00\",\"mainEntityOfPage\":{\"@id\":\"https:\/\/dicodusport.fr\/blog\/retraite-de-roger-federer-retour-en-chiffres-sur-la-carriere-dune-icone\/\"},\"wordCount\":1033,\"commentCount\":0,\"publisher\":{\"@id\":\"https:\/\/dicodusport.fr\/blog\/#organization\"},\"image\":{\"@id\":\"https:\/\/dicodusport.fr\/blog\/retraite-de-roger-federer-retour-en-chiffres-sur-la-carriere-dune-icone\/#primaryimage\"},\"thumbnailUrl\":\"https:\/\/dicodusport.fr\/blog\/wp-content\/uploads\/2022\/09\/Retraite-de-Roger-Federer-Retour-en-chiffres-sur-la-carriere-dune-icone.png\",\"keywords\":[\"Roger Federer\",\"sport\",\"Tennis\"],\"articleSection\":[\"Tennis\"],\"inLanguage\":\"fr-FR\",\"potentialAction\":[{\"@type\":\"CommentAction\",\"name\":\"Comment\",\"target\":[\"https:\/\/dicodusport.fr\/blog\/retraite-de-roger-federer-retour-en-chiffres-sur-la-carriere-dune-icone\/#respond\"]}],\"copyrightYear\":\"2022\",\"copyrightHolder\":{\"@id\":\"https:\/\/dicodusport.fr\/blog\/#organization\"}},{\"@type\":\"WebPage\",\"@id\":\"https:\/\/dicodusport.fr\/blog\/retraite-de-roger-federer-retour-en-chiffres-sur-la-carriere-dune-icone\/\",\"url\":\"https:\/\/dicodusport.fr\/blog\/retraite-de-roger-federer-retour-en-chiffres-sur-la-carriere-dune-icone\/\",\"name\":\"Retraite de Roger Federer : Retour en chiffres sur la carri\u00e8re d'une ic\u00f4ne\",\"isPartOf\":{\"@id\":\"https:\/\/dicodusport.fr\/blog\/#website\"},\"primaryImageOfPage\":{\"@id\":\"https:\/\/dicodusport.fr\/blog\/retraite-de-roger-federer-retour-en-chiffres-sur-la-carriere-dune-icone\/#primaryimage\"},\"image\":{\"@id\":\"https:\/\/dicodusport.fr\/blog\/retraite-de-roger-federer-retour-en-chiffres-sur-la-carriere-dune-icone\/#primaryimage\"},\"thumbnailUrl\":\"https:\/\/dicodusport.fr\/blog\/wp-content\/uploads\/2022\/09\/Retraite-de-Roger-Federer-Retour-en-chiffres-sur-la-carriere-dune-icone.png\",\"datePublished\":\"2022-09-16T09:04:27+00:00\",\"dateModified\":\"2022-09-16T09:15:19+00:00\",\"description\":\"SAISON ATP 2022 - Roger Federer a annonc\u00e9 ce jeudi qu'il mettra un terme \u00e0 sa carri\u00e8re \u00e0 l'issue de la Laver Cup la semaine prochaine.\",\"breadcrumb\":{\"@id\":\"https:\/\/dicodusport.fr\/blog\/retraite-de-roger-federer-retour-en-chiffres-sur-la-carriere-dune-icone\/#breadcrumb\"},\"inLanguage\":\"fr-FR\",\"potentialAction\":[{\"@type\":\"ReadAction\",\"target\":[\"https:\/\/dicodusport.fr\/blog\/retraite-de-roger-federer-retour-en-chiffres-sur-la-carriere-dune-icone\/\"]}]},{\"@type\":\"ImageObject\",\"inLanguage\":\"fr-FR\",\"@id\":\"https:\/\/dicodusport.fr\/blog\/retraite-de-roger-federer-retour-en-chiffres-sur-la-carriere-dune-icone\/#primaryimage\",\"url\":\"https:\/\/dicodusport.fr\/blog\/wp-content\/uploads\/2022\/09\/Retraite-de-Roger-Federer-Retour-en-chiffres-sur-la-carriere-dune-icone.png\",\"contentUrl\":\"https:\/\/dicodusport.fr\/blog\/wp-content\/uploads\/2022\/09\/Retraite-de-Roger-Federer-Retour-en-chiffres-sur-la-carriere-dune-icone.png\",\"width\":800,\"height\":445,\"caption\":\"Retraite de Roger Federer Retour en chiffres sur la carri\u00e8re d'une ic\u00f4ne\"},{\"@type\":\"BreadcrumbList\",\"@id\":\"https:\/\/dicodusport.fr\/blog\/retraite-de-roger-federer-retour-en-chiffres-sur-la-carriere-dune-icone\/#breadcrumb\",\"itemListElement\":[{\"@type\":\"ListItem\",\"position\":1,\"name\":\"Accueil\",\"item\":\"https:\/\/dicodusport.fr\/blog\/\"},{\"@type\":\"ListItem\",\"position\":2,\"name\":\"Retraite de Roger Federer : Retour en chiffres sur la carri\u00e8re d&rsquo;une ic\u00f4ne\"}]},{\"@type\":\"WebSite\",\"@id\":\"https:\/\/dicodusport.fr\/blog\/#website\",\"url\":\"https:\/\/dicodusport.fr\/blog\/\",\"name\":\"Dicodusport\",\"description\":\"L&#039;encyclop\u00e9die de l&#039;actualit\u00e9 sportive\",\"publisher\":{\"@id\":\"https:\/\/dicodusport.fr\/blog\/#organization\"},\"potentialAction\":[{\"@type\":\"SearchAction\",\"target\":{\"@type\":\"EntryPoint\",\"urlTemplate\":\"https:\/\/dicodusport.fr\/blog\/?s={search_term_string}\"},\"query-input\":{\"@type\":\"PropertyValueSpecification\",\"valueRequired\":true,\"valueName\":\"search_term_string\"}}],\"inLanguage\":\"fr-FR\"},{\"@type\":\"NewsMediaOrganization\",\"@id\":\"https:\/\/dicodusport.fr\/blog\/#organization\",\"name\":\"Dicodusport\",\"url\":\"https:\/\/dicodusport.fr\/blog\/\",\"logo\":{\"@type\":\"ImageObject\",\"inLanguage\":\"fr-FR\",\"@id\":\"https:\/\/dicodusport.fr\/blog\/#\/schema\/logo\/image\/\",\"url\":\"https:\/\/dicodusport.fr\/blog\/wp-content\/uploads\/2020\/06\/cropped-LOGO-DICODUSPORT-2020-SANS-FOND-SANS-TEXTE.png\",\"contentUrl\":\"https:\/\/dicodusport.fr\/blog\/wp-content\/uploads\/2020\/06\/cropped-LOGO-DICODUSPORT-2020-SANS-FOND-SANS-TEXTE.png\",\"width\":512,\"height\":512,\"caption\":\"Dicodusport\"},\"image\":{\"@id\":\"https:\/\/dicodusport.fr\/blog\/#\/schema\/logo\/image\/\"},\"sameAs\":[\"https:\/\/www.facebook.com\/dicodusport\",\"https:\/\/x.com\/dicodusport\",\"https:\/\/www.instagram.com\/dicodusport\/\",\"https:\/\/www.youtube.com\/channel\/UC7V2KZ5sd3htJivAbA4ZG3w\"],\"description\":\"Dicodusport est l'encyclop\u00e9die de l'actualit\u00e9 sportive.\",\"email\":\"bonjour@dicodusport.fr\",\"legalName\":\"DICODUSPORT\",\"foundingDate\":\"2018-01-14\",\"vatID\":\"FR71834470973\",\"taxID\":\"83447097300043\",\"numberOfEmployees\":{\"@type\":\"QuantitativeValue\",\"minValue\":\"1\",\"maxValue\":\"10\"}},{\"@type\":\"Person\",\"@id\":\"https:\/\/dicodusport.fr\/blog\/#\/schema\/person\/fc51c9607eb9d1b5db48016b5b51b469\",\"name\":\"Alexis Fernandez\",\"image\":{\"@type\":\"ImageObject\",\"inLanguage\":\"fr-FR\",\"@id\":\"https:\/\/dicodusport.fr\/blog\/#\/schema\/person\/image\/\",\"url\":\"https:\/\/dicodusport.fr\/blog\/wp-content\/uploads\/2022\/05\/1650645029885-150x150.jpg\",\"contentUrl\":\"https:\/\/dicodusport.fr\/blog\/wp-content\/uploads\/2022\/05\/1650645029885-150x150.jpg\",\"caption\":\"Alexis Fernandez\"},\"description\":\"R\u00e9dacteur depuis Mai 2022 - Passionn\u00e9 de sport depuis mon plus jeune \u00e2ge, j'essaie de retranscrire sa magie en \u00e9crivant \u2026\",\"url\":\"https:\/\/dicodusport.fr\/blog\/author\/alexis-f\/\"}]}<\/script>\n<!-- \/ Yoast SEO Premium plugin. -->","yoast_head_json":{"title":"Retraite de Roger Federer : Retour en chiffres sur la carri\u00e8re d'une ic\u00f4ne","description":"SAISON ATP 2022 - Roger Federer a annonc\u00e9 ce jeudi qu'il mettra un terme \u00e0 sa carri\u00e8re \u00e0 l'issue de la Laver Cup la semaine prochaine.","robots":{"index":"index","follow":"follow","max-snippet":"max-snippet:-1","max-image-preview":"max-image-preview:large","max-video-preview":"max-video-preview:-1"},"canonical":"https:\/\/dicodusport.fr\/blog\/retraite-de-roger-federer-retour-en-chiffres-sur-la-carriere-dune-icone\/","og_locale":"fr_FR","og_type":"article","og_title":"Retraite de Roger Federer : Retour en chiffres sur la carri\u00e8re d'une ic\u00f4ne","og_description":"SAISON ATP 2022 - Roger Federer a annonc\u00e9 ce jeudi qu'il mettra un terme \u00e0 sa carri\u00e8re \u00e0 l'issue de la Laver Cup la semaine prochaine.","og_url":"https:\/\/dicodusport.fr\/blog\/retraite-de-roger-federer-retour-en-chiffres-sur-la-carriere-dune-icone\/","og_site_name":"Dicodusport","article_publisher":"https:\/\/www.facebook.com\/dicodusport","article_published_time":"2022-09-16T09:04:27+00:00","article_modified_time":"2022-09-16T09:15:19+00:00","og_image":[{"width":800,"height":445,"url":"https:\/\/dicodusport.fr\/blog\/wp-content\/uploads\/2022\/09\/Retraite-de-Roger-Federer-Retour-en-chiffres-sur-la-carriere-dune-icone.png","type":"image\/png"}],"author":"Alexis Fernandez","twitter_card":"summary_large_image","twitter_title":"Retraite de Roger Federer : Retour en chiffres sur la carri\u00e8re d'une ic\u00f4ne","twitter_creator":"@dicodusport","twitter_site":"@dicodusport","schema":{"@context":"https:\/\/schema.org","@graph":[{"@type":"NewsArticle","@id":"https:\/\/dicodusport.fr\/blog\/retraite-de-roger-federer-retour-en-chiffres-sur-la-carriere-dune-icone\/#article","isPartOf":{"@id":"https:\/\/dicodusport.fr\/blog\/retraite-de-roger-federer-retour-en-chiffres-sur-la-carriere-dune-icone\/"},"author":{"name":"Alexis Fernandez","@id":"https:\/\/dicodusport.fr\/blog\/#\/schema\/person\/fc51c9607eb9d1b5db48016b5b51b469"},"headline":"Retraite de Roger Federer : Retour en chiffres sur la carri\u00e8re d&rsquo;une ic\u00f4ne","datePublished":"2022-09-16T09:04:27+00:00","dateModified":"2022-09-16T09:15:19+00:00","mainEntityOfPage":{"@id":"https:\/\/dicodusport.fr\/blog\/retraite-de-roger-federer-retour-en-chiffres-sur-la-carriere-dune-icone\/"},"wordCount":1033,"commentCount":0,"publisher":{"@id":"https:\/\/dicodusport.fr\/blog\/#organization"},"image":{"@id":"https:\/\/dicodusport.fr\/blog\/retraite-de-roger-federer-retour-en-chiffres-sur-la-carriere-dune-icone\/#primaryimage"},"thumbnailUrl":"https:\/\/dicodusport.fr\/blog\/wp-content\/uploads\/2022\/09\/Retraite-de-Roger-Federer-Retour-en-chiffres-sur-la-carriere-dune-icone.png","keywords":["Roger Federer","sport","Tennis"],"articleSection":["Tennis"],"inLanguage":"fr-FR","potentialAction":[{"@type":"CommentAction","name":"Comment","target":["https:\/\/dicodusport.fr\/blog\/retraite-de-roger-federer-retour-en-chiffres-sur-la-carriere-dune-icone\/#respond"]}],"copyrightYear":"2022","copyrightHolder":{"@id":"https:\/\/dicodusport.fr\/blog\/#organization"}},{"@type":"WebPage","@id":"https:\/\/dicodusport.fr\/blog\/retraite-de-roger-federer-retour-en-chiffres-sur-la-carriere-dune-icone\/","url":"https:\/\/dicodusport.fr\/blog\/retraite-de-roger-federer-retour-en-chiffres-sur-la-carriere-dune-icone\/","name":"Retraite de Roger Federer : Retour en chiffres sur la carri\u00e8re d'une ic\u00f4ne","isPartOf":{"@id":"https:\/\/dicodusport.fr\/blog\/#website"},"primaryImageOfPage":{"@id":"https:\/\/dicodusport.fr\/blog\/retraite-de-roger-federer-retour-en-chiffres-sur-la-carriere-dune-icone\/#primaryimage"},"image":{"@id":"https:\/\/dicodusport.fr\/blog\/retraite-de-roger-federer-retour-en-chiffres-sur-la-carriere-dune-icone\/#primaryimage"},"thumbnailUrl":"https:\/\/dicodusport.fr\/blog\/wp-content\/uploads\/2022\/09\/Retraite-de-Roger-Federer-Retour-en-chiffres-sur-la-carriere-dune-icone.png","datePublished":"2022-09-16T09:04:27+00:00","dateModified":"2022-09-16T09:15:19+00:00","description":"SAISON ATP 2022 - Roger Federer a annonc\u00e9 ce jeudi qu'il mettra un terme \u00e0 sa carri\u00e8re \u00e0 l'issue de la Laver Cup la semaine prochaine.","breadcrumb":{"@id":"https:\/\/dicodusport.fr\/blog\/retraite-de-roger-federer-retour-en-chiffres-sur-la-carriere-dune-icone\/#breadcrumb"},"inLanguage":"fr-FR","potentialAction":[{"@type":"ReadAction","target":["https:\/\/dicodusport.fr\/blog\/retraite-de-roger-federer-retour-en-chiffres-sur-la-carriere-dune-icone\/"]}]},{"@type":"ImageObject","inLanguage":"fr-FR","@id":"https:\/\/dicodusport.fr\/blog\/retraite-de-roger-federer-retour-en-chiffres-sur-la-carriere-dune-icone\/#primaryimage","url":"https:\/\/dicodusport.fr\/blog\/wp-content\/uploads\/2022\/09\/Retraite-de-Roger-Federer-Retour-en-chiffres-sur-la-carriere-dune-icone.png","contentUrl":"https:\/\/dicodusport.fr\/blog\/wp-content\/uploads\/2022\/09\/Retraite-de-Roger-Federer-Retour-en-chiffres-sur-la-carriere-dune-icone.png","width":800,"height":445,"caption":"Retraite de Roger Federer Retour en chiffres sur la carri\u00e8re d'une ic\u00f4ne"},{"@type":"BreadcrumbList","@id":"https:\/\/dicodusport.fr\/blog\/retraite-de-roger-federer-retour-en-chiffres-sur-la-carriere-dune-icone\/#breadcrumb","itemListElement":[{"@type":"ListItem","position":1,"name":"Accueil","item":"https:\/\/dicodusport.fr\/blog\/"},{"@type":"ListItem","position":2,"name":"Retraite de Roger Federer : Retour en chiffres sur la carri\u00e8re d&rsquo;une ic\u00f4ne"}]},{"@type":"WebSite","@id":"https:\/\/dicodusport.fr\/blog\/#website","url":"https:\/\/dicodusport.fr\/blog\/","name":"Dicodusport","description":"L&#039;encyclop\u00e9die de l&#039;actualit\u00e9 sportive","publisher":{"@id":"https:\/\/dicodusport.fr\/blog\/#organization"},"potentialAction":[{"@type":"SearchAction","target":{"@type":"EntryPoint","urlTemplate":"https:\/\/dicodusport.fr\/blog\/?s={search_term_string}"},"query-input":{"@type":"PropertyValueSpecification","valueRequired":true,"valueName":"search_term_string"}}],"inLanguage":"fr-FR"},{"@type":"NewsMediaOrganization","@id":"https:\/\/dicodusport.fr\/blog\/#organization","name":"Dicodusport","url":"https:\/\/dicodusport.fr\/blog\/","logo":{"@type":"ImageObject","inLanguage":"fr-FR","@id":"https:\/\/dicodusport.fr\/blog\/#\/schema\/logo\/image\/","url":"https:\/\/dicodusport.fr\/blog\/wp-content\/uploads\/2020\/06\/cropped-LOGO-DICODUSPORT-2020-SANS-FOND-SANS-TEXTE.png","contentUrl":"https:\/\/dicodusport.fr\/blog\/wp-content\/uploads\/2020\/06\/cropped-LOGO-DICODUSPORT-2020-SANS-FOND-SANS-TEXTE.png","width":512,"height":512,"caption":"Dicodusport"},"image":{"@id":"https:\/\/dicodusport.fr\/blog\/#\/schema\/logo\/image\/"},"sameAs":["https:\/\/www.facebook.com\/dicodusport","https:\/\/x.com\/dicodusport","https:\/\/www.instagram.com\/dicodusport\/","https:\/\/www.youtube.com\/channel\/UC7V2KZ5sd3htJivAbA4ZG3w"],"description":"Dicodusport est l'encyclop\u00e9die de l'actualit\u00e9 sportive.","email":"bonjour@dicodusport.fr","legalName":"DICODUSPORT","foundingDate":"2018-01-14","vatID":"FR71834470973","taxID":"83447097300043","numberOfEmployees":{"@type":"QuantitativeValue","minValue":"1","maxValue":"10"}},{"@type":"Person","@id":"https:\/\/dicodusport.fr\/blog\/#\/schema\/person\/fc51c9607eb9d1b5db48016b5b51b469","name":"Alexis Fernandez","image":{"@type":"ImageObject","inLanguage":"fr-FR","@id":"https:\/\/dicodusport.fr\/blog\/#\/schema\/person\/image\/","url":"https:\/\/dicodusport.fr\/blog\/wp-content\/uploads\/2022\/05\/1650645029885-150x150.jpg","contentUrl":"https:\/\/dicodusport.fr\/blog\/wp-content\/uploads\/2022\/05\/1650645029885-150x150.jpg","caption":"Alexis Fernandez"},"description":"R\u00e9dacteur depuis Mai 2022 - Passionn\u00e9 de sport depuis mon plus jeune \u00e2ge, j'essaie de retranscrire sa magie en \u00e9crivant \u2026","url":"https:\/\/dicodusport.fr\/blog\/author\/alexis-f\/"}]}},"_links":{"self":[{"href":"https:\/\/dicodusport.fr\/blog\/wp-json\/wp\/v2\/posts\/262315","targetHints":{"allow":["GET"]}}],"collection":[{"href":"https:\/\/dicodusport.fr\/blog\/wp-json\/wp\/v2\/posts"}],"about":[{"href":"https:\/\/dicodusport.fr\/blog\/wp-json\/wp\/v2\/types\/post"}],"author":[{"embeddable":true,"href":"https:\/\/dicodusport.fr\/blog\/wp-json\/wp\/v2\/users\/72"}],"replies":[{"embeddable":true,"href":"https:\/\/dicodusport.fr\/blog\/wp-json\/wp\/v2\/comments?post=262315"}],"version-history":[{"count":0,"href":"https:\/\/dicodusport.fr\/blog\/wp-json\/wp\/v2\/posts\/262315\/revisions"}],"wp:featuredmedia":[{"embeddable":true,"href":"https:\/\/dicodusport.fr\/blog\/wp-json\/wp\/v2\/media\/262364"}],"wp:attachment":[{"href":"https:\/\/dicodusport.fr\/blog\/wp-json\/wp\/v2\/media?parent=262315"}],"wp:term":[{"taxonomy":"category","embeddable":true,"href":"https:\/\/dicodusport.fr\/blog\/wp-json\/wp\/v2\/categories?post=262315"},{"taxonomy":"post_tag","embeddable":true,"href":"https:\/\/dicodusport.fr\/blog\/wp-json\/wp\/v2\/tags?post=262315"}],"curies":[{"name":"wp","href":"https:\/\/api.w.org\/{rel}","templated":true}]}}