{"id":262370,"date":"2023-03-19T13:15:44","date_gmt":"2023-03-19T12:15:44","guid":{"rendered":"https:\/\/dicodusport.fr\/blog\/?p=262370&#038;preview=true&#038;preview_id=262370"},"modified":"2023-03-19T13:15:38","modified_gmt":"2023-03-19T12:15:38","slug":"calendrier-et-resultats-coupe-du-monde-ski-alpin-femmes-2022-2023","status":"publish","type":"post","link":"https:\/\/dicodusport.fr\/blog\/calendrier-et-resultats-coupe-du-monde-ski-alpin-femmes-2022-2023\/","title":{"rendered":"Ski alpin femmes 2022-2023 &#8211; Palmar\u00e8s et r\u00e9sultats complets"},"content":{"rendered":"<p style=\"text-align: justify;\"><strong><em>COUPE DU MONDE DE SKI ALPIN FEMMES 2022-2023 &#8211; Descente, g\u00e9ant, slalom, Super-G : retrouvez le calendrier complet et les r\u00e9sultats de la saison de ski alpin.<\/em><\/strong><\/p>\n<p style=\"text-align: justify;\">Qui remportera le gros globe de la <strong>Coupe du monde de ski alpin femmes 2022-2023<\/strong> ? Tenante du titre et quadruple laur\u00e9ate du Graal, <strong>Mikaela Shiffrin<\/strong> tentera de r\u00e9aliser la passe de 5. Derri\u00e8re elle, et comme la saison pass\u00e9e, l&rsquo;Am\u00e9ricaine devra se d\u00e9faire de la Slovaque <b>Petra Vlhov\u00e1 <\/b>et de l&rsquo;Italienne <b>Federica Brignone<\/b>, qui seront \u00e0 n&rsquo;en pas douter ses deux plus grandes rivales pour cette saison 2022-2023.<\/p>\n<h2 style=\"text-align: justify;\">Calendrier et r\u00e9sultats de la Coupe du monde femmes de ski alpin 2022-2023<\/h2>\n<table style=\"width: 800px; border-collapse: collapse;\">\n<tbody>\n<tr>\n<td style=\"width: 800px; background-color: #099acf; text-align: center; vertical-align: middle;\" colspan=\"5\"><span style=\"color: #ffffff;\"><strong>DESCENTE<\/strong><\/span><\/td>\n<\/tr>\n<tr>\n<td style=\"background-color: #003850; text-align: center; vertical-align: middle; width: 160px;\"><span style=\"color: #ffffff; font-size: 0.9em;\"><strong>Date<\/strong><\/span><\/td>\n<td style=\"background-color: #003850; text-align: center; vertical-align: middle; width: 160px;\"><span style=\"color: #ffffff; font-size: 0.9em;\"><strong>Lieu<\/strong><\/span><\/td>\n<td style=\"background-color: #003850; text-align: center; vertical-align: middle; width: 160px;\"><span style=\"color: #ffffff; font-size: 0.9em;\"><strong>Vainqueur<\/strong><\/span><\/td>\n<td style=\"background-color: #003850; text-align: center; vertical-align: middle; width: 160px;\"><span style=\"color: #ffffff; font-size: 0.9em;\"><strong>Deuxi\u00e8me<\/strong><\/span><\/td>\n<td style=\"background-color: #003850; text-align: center; vertical-align: middle; width: 160px;\"><span style=\"color: #ffffff; font-size: 0.9em;\"><strong>Troisi\u00e8me<\/strong><\/span><\/td>\n<\/tr>\n<tr>\n<td style=\"text-align: center; vertical-align: middle; width: 160px;\"><span style=\"font-size: 0.9em;\"><b>Sam. 5 novembre<\/b><\/span><\/td>\n<td style=\"text-align: center; vertical-align: middle; width: 160px;\"><span style=\"font-size: 0.9em;\">\ud83c\udde8\ud83c\udded Zermatt\/Cervinia<\/span><\/td>\n<td style=\"text-align: center; vertical-align: middle; width: 480px;\" colspan=\"3\"><span style=\"font-size: 0.9em;\">\u00a0<\/span><span style=\"font-size: 0.9em;\"> <strong>ANNUL\u00c9E<\/strong><\/span><\/td>\n<\/tr>\n<tr>\n<td style=\"text-align: center; vertical-align: middle; width: 160px;\"><span style=\"font-size: 0.9em;\"><b>Dim. 6 novembre<\/b><\/span><\/td>\n<td style=\"text-align: center; vertical-align: middle; width: 160px;\"><span style=\"font-size: 0.9em;\">\ud83c\udde8\ud83c\udded Zermatt\/Cervinia<\/span><\/td>\n<td style=\"text-align: center; vertical-align: middle; width: 480px;\" colspan=\"3\"><span style=\"font-size: 0.9em;\">\u00a0<\/span><span style=\"font-size: 0.9em;\"> <strong>ANNUL\u00c9E<\/strong><\/span><\/td>\n<\/tr>\n<tr>\n<td style=\"text-align: center; vertical-align: middle; width: 160px;\"><span style=\"font-size: 0.9em;\"><b>Ven. 2 d\u00e9cembre<\/b><\/span><\/td>\n<td style=\"text-align: center; vertical-align: middle; width: 160px;\"><span style=\"font-size: 0.9em;\">\ud83c\udde8\ud83c\udde6 Lake Louise<br \/>\n<em><strong><span style=\"font-size: 0.8em;\"><a href=\"https:\/\/dicodusport.fr\/blog\/ski-alpin-lake-louise-sofia-goggia-gagne-la-premiere-descente\/\">R\u00e9sum\u00e9<\/a> &#8211; <a href=\"https:\/\/dicodusport.fr\/blog\/classement-descente-femmes-lake-louise-2022\/\">Classement<\/a><\/span><\/strong><\/em><br \/>\n<\/span><\/td>\n<td style=\"text-align: center; font-size: 0.8em; vertical-align: middle;\"><strong> \ud83c\uddee\ud83c\uddf9 SOFIA GOGGIA<\/strong><\/td>\n<td style=\"text-align: center; font-size: 0.8em; vertical-align: middle;\">\ud83c\udde8\ud83c\udded CORINNE SUTER<\/td>\n<td style=\"text-align: center; font-size: 0.8em; vertical-align: middle;\">\ud83c\udde6\ud83c\uddf9 CORNELIA HUETTER<\/td>\n<\/tr>\n<tr>\n<td style=\"text-align: center; vertical-align: middle; width: 160px;\"><span style=\"font-size: 0.9em;\"><b>Sam. 3 d\u00e9cembre<\/b><\/span><\/td>\n<td style=\"text-align: center; vertical-align: middle; width: 160px;\"><span style=\"font-size: 0.9em;\">\ud83c\udde8\ud83c\udde6 Lake Louise<br \/>\n<strong><em><span style=\"font-size: 0.8em;\"><a href=\"https:\/\/dicodusport.fr\/blog\/ski-alpin-lake-louise-le-double-pour-sofia-goggia-en-descente\/\">R\u00e9sum\u00e9<\/a> &#8211; <a href=\"https:\/\/dicodusport.fr\/blog\/classement-descente-femmes-lake-louise-2-2022\/\">Classement<\/a><\/span><\/em><\/strong><br \/>\n<\/span><\/td>\n<td style=\"text-align: center; font-size: 0.8em; vertical-align: middle;\"><strong> \ud83c\uddee\ud83c\uddf9 SOFIA GOGGIA<\/strong><\/td>\n<td style=\"text-align: center; font-size: 0.8em; vertical-align: middle;\">\ud83c\udde6\ud83c\uddf9 NINA ORTLIEB<\/td>\n<td style=\"text-align: center; font-size: 0.8em; vertical-align: middle;\">\ud83c\udde8\ud83c\udded CORINNE SUTER<\/td>\n<\/tr>\n<tr>\n<td style=\"text-align: center; vertical-align: middle; width: 160px;\"><span style=\"font-size: 0.9em;\"><b>Ven. 16 d\u00e9cembre<\/b><\/span><\/td>\n<td style=\"text-align: center; vertical-align: middle; width: 160px;\"><span style=\"font-size: 0.9em;\">\ud83c\udde8\ud83c\udded Saint-Moritz<br \/>\n<strong><em><span style=\"font-size: 0.8em;\"><a href=\"https:\/\/dicodusport.fr\/blog\/ski-alpin-saint-moritz-elena-curtoni-gagne-la-premiere-descente\/\">R\u00e9sum\u00e9<\/a> &#8211; <a href=\"https:\/\/dicodusport.fr\/blog\/classement-descente-femmes-saint-moritz-2022\/\">Classement<\/a><\/span><\/em><\/strong><br \/>\n<\/span><\/td>\n<td style=\"text-align: center; font-size: 0.8em; vertical-align: middle;\"><strong> \ud83c\uddee\ud83c\uddf9 ELENA CURTONI<\/strong><\/td>\n<td style=\"text-align: center; font-size: 0.8em; vertical-align: middle;\">\ud83c\uddee\ud83c\uddf9 SOFIA GOGGIA<\/td>\n<td style=\"text-align: center; font-size: 0.8em; vertical-align: middle;\">\ud83c\udde8\ud83c\udded CORINNE SUTER<\/td>\n<\/tr>\n<tr>\n<td style=\"text-align: center; vertical-align: middle; width: 160px;\"><span style=\"font-size: 0.9em;\"><b>Sam. 17 d\u00e9cembre<\/b><\/span><\/td>\n<td style=\"text-align: center; vertical-align: middle; width: 160px;\"><span style=\"font-size: 0.9em;\">\ud83c\udde8\ud83c\udded Saint-Moritz<br \/>\n<strong><em><span style=\"font-size: 0.8em;\"><a href=\"https:\/\/dicodusport.fr\/blog\/ski-alpin-saint-moritz-sofia-goggia-remporte-la-seconde-descente\/\">R\u00e9sum\u00e9<\/a> &#8211; <a href=\"https:\/\/dicodusport.fr\/blog\/classement-descente-femmes-saint-moritz-2-2022\/\">Classement<\/a><\/span><\/em><\/strong><br \/>\n<\/span><\/td>\n<td style=\"text-align: center; font-size: 0.8em; vertical-align: middle;\"><strong> \ud83c\uddee\ud83c\uddf9 SOFIA GOGGIA<\/strong><\/td>\n<td style=\"text-align: center; font-size: 0.8em; vertical-align: middle;\">\ud83c\uddf8\ud83c\uddee ILKA STUHEC<\/td>\n<td style=\"text-align: center; font-size: 0.8em; vertical-align: middle;\">\ud83c\udde9\ud83c\uddea KIRA WEIDLE<\/td>\n<\/tr>\n<tr>\n<td style=\"text-align: center; vertical-align: middle; width: 160px;\"><span style=\"font-size: 0.9em;\"><b>Ven. 20 janvier<\/b><\/span><\/td>\n<td style=\"text-align: center; vertical-align: middle; width: 160px;\"><span style=\"font-size: 0.9em;\">\ud83c\uddee\ud83c\uddf9 Cortina d&rsquo;Ampezzo<br \/>\n<strong><em><span style=\"font-size: 0.8em;\"><a href=\"https:\/\/dicodusport.fr\/blog\/descente-cortina-dampezzo-sofia-goggia-gagne-en-patronne\/\">R\u00e9sum\u00e9<\/a> &#8211; <a href=\"https:\/\/dicodusport.fr\/blog\/classement-descente-femmes-cortina-dampezzo-2023\/\">Classement<\/a><\/span><\/em><\/strong><br \/>\n<\/span><\/td>\n<td style=\"text-align: center; font-size: 0.8em; vertical-align: middle;\"><strong>\ud83c\uddee\ud83c\uddf9 SOFIA GOGGIA<\/strong><\/td>\n<td style=\"text-align: center; font-size: 0.8em; vertical-align: middle;\">\ud83c\uddf8\ud83c\uddee ILKA STUHEC<\/td>\n<td style=\"text-align: center; font-size: 0.8em; vertical-align: middle;\">\ud83c\udde9\ud83c\uddea KIRA WEIDLE<\/td>\n<\/tr>\n<tr>\n<td style=\"text-align: center; vertical-align: middle; width: 160px;\"><span style=\"font-size: 0.9em;\"><b>Sam. 21 janvier<\/b><\/span><\/td>\n<td style=\"text-align: center; vertical-align: middle; width: 160px;\"><span style=\"font-size: 0.9em;\">\ud83c\uddee\ud83c\uddf9 Cortina d&rsquo;Ampezzo<br \/>\n<strong><em><span style=\"font-size: 0.8em;\"><a href=\"https:\/\/dicodusport.fr\/blog\/descente-cortina-dampezzo-la-revenante-ilka-stuhec-simpose\/\">R\u00e9sum\u00e9<\/a> &#8211; <a href=\"https:\/\/dicodusport.fr\/blog\/classement-deuxieme-descente-femmes-cortina-d-ampezzo-2023\/\">Classement<\/a><\/span><\/em><\/strong><br \/>\n<\/span><\/td>\n<td style=\"text-align: center; font-size: 0.8em; vertical-align: middle;\"><strong>\ud83c\uddf8\ud83c\uddee ILKA STUHEC<\/strong><\/td>\n<td style=\"text-align: center; font-size: 0.8em; vertical-align: middle;\">\ud83c\uddf3\ud83c\uddf4 KAJSA VICKHOFF LIE<\/td>\n<td style=\"text-align: center; font-size: 0.8em; vertical-align: middle;\">\ud83c\uddee\ud83c\uddf9 ELENA CURTONI<\/td>\n<\/tr>\n<tr>\n<td style=\"text-align: center; vertical-align: middle; width: 160px;\"><span style=\"font-size: 0.9em;\"><b>Dim. 26 f\u00e9vrier<\/b><\/span><\/td>\n<td style=\"text-align: center; vertical-align: middle; width: 160px;\"><span style=\"font-size: 0.9em;\">\ud83c\udde8\ud83c\udded Crans Montana<br \/>\n<strong><em><span style=\"font-size: 0.8em;\"><a title=\"Descente Crans Montana : La victoire pour Sofia Goggia, doubl\u00e9 italien\" href=\"https:\/\/dicodusport.fr\/blog\/descente-crans-montana-la-victoire-pour-sofia-goggia-double-italien\/\" target=\"_blank\" rel=\"noopener\">R\u00e9sum\u00e9<\/a> &#8211; <a title=\"Classement Descente femmes Crans Montana 2023\" href=\"https:\/\/dicodusport.fr\/blog\/classement-descente-femmes-crans-montana-2023\/\" target=\"_blank\" rel=\"noopener\">Classement<\/a><\/span><\/em><\/strong><br \/>\n<\/span><\/td>\n<td style=\"text-align: center; font-size: 0.8em; vertical-align: middle;\"><strong>\ud83c\uddee\ud83c\uddf9 SOFIA GOGGIA<\/strong><\/td>\n<td style=\"text-align: center; font-size: 0.8em; vertical-align: middle;\">\ud83c\uddee\ud83c\uddf9 FEDERICA BRIGNONE<\/td>\n<td style=\"text-align: center; font-size: 0.8em; vertical-align: middle;\"><span style=\"font-size: 0.9em;\">\ud83c\uddeb\ud83c\uddf7 <\/span>LAURA GAUCHE<\/td>\n<\/tr>\n<tr>\n<td style=\"text-align: center; vertical-align: middle; width: 160px;\"><span style=\"font-size: 0.9em;\"><b>Sam. 4 mars<\/b><\/span><\/td>\n<td style=\"text-align: center; vertical-align: middle; width: 160px;\"><span style=\"font-size: 0.9em;\">\ud83c\uddf3\ud83c\uddf4 Kvitfjell<br \/>\n<strong><em><span style=\"font-size: 0.8em;\"><a href=\"https:\/\/dicodusport.fr\/blog\/descente-kvitfjell-grande-premiere-pour-kajsa-vickhoff-lie-5e-globe-de-cristal-pour-mikaela-shiffrin\/\">R\u00e9sum\u00e9<\/a> &#8211; <a href=\"https:\/\/dicodusport.fr\/blog\/classement-descente-femmes-kvitfjell-2023\/\">Classement<\/a><\/span><\/em><\/strong><br \/>\n<\/span><\/td>\n<td style=\"text-align: center; font-size: 0.8em; vertical-align: middle;\"><strong>\ud83c\uddf3\ud83c\uddf4 KAJSA VICKHOFF LIE<\/strong><\/td>\n<td style=\"text-align: center; font-size: 0.8em; vertical-align: middle;\">\ud83c\uddee\ud83c\uddf9 SOFIA GOGGIA<\/td>\n<td style=\"text-align: center; font-size: 0.8em; vertical-align: middle;\">\ud83c\udde8\ud83c\udded CORINNE SUTER<\/td>\n<\/tr>\n<tr>\n<td style=\"text-align: center; vertical-align: middle; width: 160px;\"><span style=\"font-size: 0.9em;\"><b>Mer. 15 mars<\/b><\/span><\/td>\n<td style=\"text-align: center; vertical-align: middle; width: 160px;\"><span style=\"font-size: 0.9em;\">\ud83c\udde6\ud83c\udde9 Soldeu (Finales)<br \/>\n<strong><em><span style=\"font-size: 0.8em;\"><a href=\"https:\/\/dicodusport.fr\/blog\/descente-finales-soldeu-ilka-stuhec-confirme-son-retour-au-premier-plan\/\">R\u00e9sum\u00e9<\/a> &#8211; <a href=\"https:\/\/dicodusport.fr\/blog\/finales-soldeu-2023-classement-descente-femmes\/\">Classement<\/a><\/span><\/em><\/strong><br \/>\n<\/span><\/td>\n<td style=\"text-align: center; font-size: 0.8em; vertical-align: middle;\"><strong>\ud83c\uddf8\ud83c\uddee ILKA STUHEC<\/strong><\/td>\n<td style=\"text-align: center; font-size: 0.8em; vertical-align: middle;\">\ud83c\uddee\ud83c\uddf9 SOFIA GOGGIA<\/td>\n<td style=\"text-align: center; font-size: 0.8em; vertical-align: middle;\">\ud83c\udde8\ud83c\udded LARA GUT-BEHRAMI<\/td>\n<\/tr>\n<tr>\n<td style=\"text-align: center; vertical-align: middle; width: 800px;\" colspan=\"5\"><span style=\"font-size: 0.9em;\"><strong>PETIT GLOBE :<\/strong> <strong>\ud83c\uddee\ud83c\uddf9 SOFIA GOGGIA<\/strong><\/span><\/td>\n<\/tr>\n<tr>\n<td style=\"width: 800px; background-color: #099acf; text-align: center; vertical-align: middle;\" colspan=\"5\"><span style=\"color: #ffffff;\"><strong>SUPER-G<\/strong><\/span><\/td>\n<\/tr>\n<tr>\n<td style=\"width: 160px; background-color: #003850; text-align: center; vertical-align: middle;\"><span style=\"color: #ffffff; font-size: 0.9em;\"><strong>Date<\/strong><\/span><\/td>\n<td style=\"width: 160px; background-color: #003850; text-align: center; vertical-align: middle;\"><span style=\"color: #ffffff; font-size: 0.9em;\"><strong>Lieu<\/strong><\/span><\/td>\n<td style=\"width: 160px; background-color: #003850; text-align: center; vertical-align: middle;\"><span style=\"color: #ffffff; font-size: 0.9em;\"><strong>Vainqueur<\/strong><\/span><\/td>\n<td style=\"width: 160px; background-color: #003850; text-align: center; vertical-align: middle;\"><span style=\"color: #ffffff; font-size: 0.9em;\"><strong>Deuxi\u00e8me<\/strong><\/span><\/td>\n<td style=\"width: 160px; background-color: #003850; text-align: center; vertical-align: middle;\"><span style=\"color: #ffffff; font-size: 0.9em;\"><strong>Troisi\u00e8me<\/strong><\/span><\/td>\n<\/tr>\n<tr>\n<td style=\"text-align: center; vertical-align: middle; width: 160px;\"><span style=\"font-size: 0.9em;\"><b>Dim. 4 d\u00e9cembre<\/b><\/span><\/td>\n<td style=\"text-align: center; vertical-align: middle; width: 160px;\"><span style=\"font-size: 0.9em;\">\ud83c\udde8\ud83c\udde6 Lake Louise<br \/>\n<strong><em><span style=\"font-size: 0.8em;\"><a href=\"https:\/\/dicodusport.fr\/blog\/ski-alpin-lake-louise-corinne-suter-simpose-sur-le-super-g\/\">R\u00e9sum\u00e9<\/a> &#8211; <a href=\"https:\/\/dicodusport.fr\/blog\/classement-super-g-femmes-lake-louise-2022\/\">Classement<\/a><\/span><\/em><\/strong><br \/>\n<\/span><\/td>\n<td style=\"text-align: center; font-size: 0.8em; vertical-align: middle;\"><strong> \ud83c\udde8\ud83c\udded CORINNE SUTER<\/strong><\/td>\n<td style=\"text-align: center; font-size: 0.8em; vertical-align: middle;\">\ud83c\udde6\ud83c\uddf9 CORNELIA HUETTER<\/td>\n<td style=\"text-align: center; font-size: 0.8em; vertical-align: middle;\">\ud83c\uddf3\ud83c\uddf4 RAGNHILD MOWINCKEL<\/td>\n<\/tr>\n<tr>\n<td style=\"text-align: center; vertical-align: middle; width: 160px;\"><span style=\"font-size: 0.9em;\"><b>Dim. 18 d\u00e9cembre<\/b><\/span><\/td>\n<td style=\"text-align: center; vertical-align: middle; width: 160px;\"><span style=\"font-size: 0.9em;\">\ud83c\udde8\ud83c\udded Saint-Moritz<br \/>\n<strong><em><span style=\"font-size: 0.8em;\"><a href=\"https:\/\/dicodusport.fr\/blog\/super-g-saint-moritz-romane-miradoli-sur-le-podium-mikaela-shiffrin-simpose\/\">R\u00e9sum\u00e9<\/a> &#8211; <a href=\"https:\/\/dicodusport.fr\/blog\/classement-super-g-femmes-saint-moritz-2022\/\">Classement<\/a><\/span><\/em><\/strong><br \/>\n<\/span><\/td>\n<td style=\"text-align: center; font-size: 0.8em; vertical-align: middle;\"><strong> \ud83c\uddfa\ud83c\uddf8 MIKAELA SHIFFRIN<\/strong><\/td>\n<td style=\"text-align: center; font-size: 0.8em; vertical-align: middle;\">\ud83c\uddee\ud83c\uddf9 ELENA CURTONI<\/td>\n<td style=\"text-align: center; font-size: 0.8em; vertical-align: middle;\">\ud83c\uddeb\ud83c\uddf7 ROMANE MIRADOLI<\/td>\n<\/tr>\n<tr>\n<td style=\"text-align: center; vertical-align: middle; width: 160px;\"><span style=\"font-size: 0.9em;\"><b>Sam. 14 janvier<\/b><\/span><\/td>\n<td style=\"text-align: center; vertical-align: middle; width: 160px;\"><span style=\"font-size: 0.9em;\">\ud83c\udde6\ud83c\uddf9 Saint-Anton<br \/>\n<strong><em><span style=\"font-size: 0.8em;\"><a href=\"https:\/\/dicodusport.fr\/blog\/super-g-st-anton-federica-brignone-signe-son-premier-succes-de-lhiver\/\">R\u00e9sum\u00e9<\/a> &#8211; <a href=\"https:\/\/dicodusport.fr\/blog\/classement-descente-femmes-st-anton-2023\/\">Classement<\/a><\/span><\/em><\/strong><br \/>\n<\/span><\/td>\n<td style=\"text-align: center; font-size: 0.8em; vertical-align: middle;\"><strong>\ud83c\uddee\ud83c\uddf9 FEDERICA BRIGNONE<\/strong><\/td>\n<td style=\"text-align: center; font-size: 0.8em; vertical-align: middle;\">\ud83c\udde8\ud83c\udded JOANA HAEHLEN<\/td>\n<td style=\"text-align: center; font-size: 0.8em; vertical-align: middle;\">\ud83c\udde8\ud83c\udded LARA GUT-BEHRAMI<\/td>\n<\/tr>\n<tr>\n<td style=\"text-align: center; vertical-align: middle; width: 160px;\"><span style=\"font-size: 0.9em;\"><b>Dim. 15 janvier<\/b><\/span><\/td>\n<td style=\"text-align: center; vertical-align: middle; width: 160px;\"><span style=\"font-size: 0.9em;\">\ud83c\udde6\ud83c\uddf9 Saint-Anton<br \/>\n<strong><em><span style=\"font-size: 0.8em;\"><a href=\"https:\/\/dicodusport.fr\/blog\/super-g-st-anton-lara-gut-behrami-devance-l-armada-italienne\/\">R\u00e9sum\u00e9<\/a> &#8211; <a href=\"https:\/\/dicodusport.fr\/blog\/classement-deuxieme-super-g-femmes-st-anton-2023\/\">Classement<\/a><\/span><\/em><\/strong><br \/>\n<\/span><\/td>\n<td style=\"text-align: center; font-size: 0.8em; vertical-align: middle;\"><strong>\ud83c\udde8\ud83c\udded LARA GUT-BEHRAMI<\/strong><\/td>\n<td style=\"text-align: center; font-size: 0.8em; vertical-align: middle;\">\ud83c\uddee\ud83c\uddf9 FEDERICA BRIGNONE<\/td>\n<td style=\"text-align: center; font-size: 0.8em; vertical-align: middle;\">\ud83c\uddee\ud83c\uddf9 MARTA BASSINO<\/td>\n<\/tr>\n<tr>\n<td style=\"text-align: center; vertical-align: middle; width: 160px;\"><span style=\"font-size: 0.9em;\"><b>Dim. 22 janvier<\/b><\/span><\/td>\n<td style=\"text-align: center; vertical-align: middle; width: 160px;\"><span style=\"font-size: 0.9em;\">\ud83c\uddee\ud83c\uddf9 Cortina d&rsquo;Ampezzo<br \/>\n<strong><em><span style=\"font-size: 0.8em;\"><a href=\"https:\/\/dicodusport.fr\/blog\/super-g-cortina-dampezzo-ragnhild-mowinckel-gagne-en-patronne\/\">R\u00e9sum\u00e9<\/a> &#8211; <a href=\"https:\/\/dicodusport.fr\/blog\/classement-super-g-femmes-cortina-dampezzo-2023\/\">Classement<\/a><\/span><\/em><\/strong><br \/>\n<\/span><\/td>\n<td style=\"text-align: center; font-size: 0.8em; vertical-align: middle;\"><strong>\ud83c\uddf3\ud83c\uddf4 RAGNHILD MOWINCKEL<\/strong><\/td>\n<td style=\"text-align: center; font-size: 0.8em; vertical-align: middle;\">\ud83c\udde6\ud83c\uddf9 CORNELIA HUETTER<\/td>\n<td style=\"text-align: center; font-size: 0.8em; vertical-align: middle;\">\ud83c\uddee\ud83c\uddf9 MARTA BASSINO<\/td>\n<\/tr>\n<tr>\n<td style=\"text-align: center; vertical-align: middle; width: 160px;\"><span style=\"font-size: 0.9em;\"><b>Dim. 26 f\u00e9vrier<\/b><\/span><\/td>\n<td style=\"text-align: center; vertical-align: middle; width: 160px;\"><span style=\"font-size: 0.9em;\">\ud83c\udde8\ud83c\udded Crans Montana<\/span><\/td>\n<td style=\"text-align: center; vertical-align: middle;\" colspan=\"3\"><span style=\"font-size: 0.9em;\"><strong>ANNUL\u00c9E<\/strong><\/span><\/td>\n<\/tr>\n<tr>\n<td style=\"text-align: center; vertical-align: middle; width: 160px;\"><span style=\"font-size: 0.9em;\"><b>Ven. 3 mars<\/b><\/span><\/td>\n<td style=\"text-align: center; vertical-align: middle; width: 160px;\"><span style=\"font-size: 0.9em;\">\ud83c\uddf3\ud83c\uddf4 Kvitfjell<br \/>\n<strong><em><span style=\"font-size: 0.8em;\"><a href=\"https:\/\/dicodusport.fr\/blog\/super-g-kvitfjell-succes-de-cornelia-hutter-en-norvege\/\">R\u00e9sum\u00e9<\/a> &#8211; <a href=\"https:\/\/dicodusport.fr\/blog\/classement-super-g-femmes-kvitfjell-2023\/\">Classement<\/a><\/span><\/em><\/strong><br \/>\n<\/span><\/td>\n<td style=\"text-align: center; font-size: 0.8em; vertical-align: middle;\"><strong>\ud83c\udde6\ud83c\uddf9 CORNELIA HUETTER<\/strong><\/td>\n<td style=\"text-align: center; font-size: 0.8em; vertical-align: middle;\">\ud83c\uddee\ud83c\uddf9 ELENA CURTONI<\/td>\n<td style=\"text-align: center; font-size: 0.8em; vertical-align: middle;\">\ud83c\udde8\ud83c\udded LARA GUT-BEHRAMI<\/td>\n<\/tr>\n<tr>\n<td style=\"text-align: center; vertical-align: middle; width: 160px;\"><span style=\"font-size: 0.9em;\"><b>Dim. 5 mars<\/b><\/span><\/td>\n<td style=\"text-align: center; vertical-align: middle; width: 160px;\"><span style=\"font-size: 0.9em;\">\ud83c\uddf3\ud83c\uddf4 Kvitfjell<br \/>\n<strong><em><span style=\"font-size: 0.8em;\"><a href=\"https:\/\/dicodusport.fr\/blog\/super-g-kvitfjell-triple-autrichien-et-victoire-de-nina-ortlieb\/\">R\u00e9sum\u00e9<\/a> &#8211; <a href=\"https:\/\/dicodusport.fr\/blog\/classement-du-super-g-femmes-kvitfjell-2023\/\">Classement<\/a><\/span><\/em><\/strong><\/span><span style=\"font-size: 0.9em;\"><br \/>\n<\/span><\/td>\n<td style=\"text-align: center; font-size: 0.8em; vertical-align: middle;\"><strong>\ud83c\udde6\ud83c\uddf9 NINA ORTLIEB<\/strong><\/td>\n<td style=\"text-align: center; font-size: 0.8em; vertical-align: middle;\">\ud83c\udde6\ud83c\uddf9 ST\u00c9PHANIE VENIER<\/td>\n<td style=\"text-align: center; font-size: 0.8em; vertical-align: middle;\">\ud83c\udde6\ud83c\uddf9 FRANZISKA GRITSCH<\/td>\n<\/tr>\n<tr>\n<td style=\"text-align: center; vertical-align: middle; width: 160px;\"><span style=\"font-size: 0.9em;\"><b>Jeu. 16 mars<\/b><\/span><\/td>\n<td style=\"text-align: center; vertical-align: middle; width: 160px;\"><span style=\"font-size: 0.9em;\">\ud83c\udde6\ud83c\udde9 Soldeu (Finales)<br \/>\n<strong><em><span style=\"font-size: 0.8em;\"><a href=\"https:\/\/dicodusport.fr\/blog\/super-g-finales-soldeu-la-victoire-et-le-petit-globe-pour-lara-gut-behrami\/\">R\u00e9sum\u00e9<\/a> &#8211; <a href=\"https:\/\/dicodusport.fr\/blog\/finales-soldeu-2023-classement-super-g-femmes\/\">Classement<\/a><\/span><\/em><\/strong><br \/>\n<\/span><\/td>\n<td style=\"text-align: center; font-size: 0.8em; vertical-align: middle;\"><strong>\ud83c\udde8\ud83c\udded LARA GUT-BEHRAMI<\/strong><\/td>\n<td style=\"text-align: center; font-size: 0.8em; vertical-align: middle;\">\ud83c\uddee\ud83c\uddf9 FEDERICA BRIGNONE<\/td>\n<td style=\"text-align: center; font-size: 0.8em; vertical-align: middle;\">\ud83c\uddf3\ud83c\uddf4 RAGNHILD MOWINCKEL<\/td>\n<\/tr>\n<tr>\n<td style=\"text-align: center; vertical-align: middle; width: 800px;\" colspan=\"5\"><span style=\"font-size: 0.9em;\"><strong>PETIT GLOBE :<\/strong> <strong>\ud83c\udde8\ud83c\udded LARA GUT-BEHRAMI<\/strong><\/span><\/td>\n<\/tr>\n<tr>\n<td style=\"width: 800px; background-color: #099acf; text-align: center; vertical-align: middle;\" colspan=\"5\"><span style=\"color: #ffffff;\"><strong>G\u00c9ANT<\/strong><\/span><\/td>\n<\/tr>\n<tr>\n<td style=\"width: 160px; background-color: #003850; text-align: center; vertical-align: middle;\"><span style=\"color: #ffffff; font-size: 0.9em;\"><strong>Date<\/strong><\/span><\/td>\n<td style=\"width: 160px; background-color: #003850; text-align: center; vertical-align: middle;\"><span style=\"color: #ffffff; font-size: 0.9em;\"><strong>Lieu<\/strong><\/span><\/td>\n<td style=\"width: 160px; background-color: #003850; text-align: center; vertical-align: middle;\"><span style=\"color: #ffffff; font-size: 0.9em;\"><strong>Vainqueur<\/strong><\/span><\/td>\n<td style=\"width: 160px; background-color: #003850; text-align: center; vertical-align: middle;\"><span style=\"color: #ffffff; font-size: 0.9em;\"><strong>Deuxi\u00e8me<\/strong><\/span><\/td>\n<td style=\"width: 160px; background-color: #003850; text-align: center; vertical-align: middle;\"><span style=\"color: #ffffff; font-size: 0.9em;\"><strong>Troisi\u00e8me<\/strong><\/span><\/td>\n<\/tr>\n<tr>\n<td style=\"text-align: center; vertical-align: middle; width: 160px;\"><span style=\"font-size: 0.9em;\"><b>Sam. 22 octobre<\/b><\/span><\/td>\n<td style=\"text-align: center; vertical-align: middle; width: 160px;\"><span style=\"font-size: 0.9em;\">\ud83c\udde6\ud83c\uddf9 S\u00f6lden<\/span><\/td>\n<td style=\"text-align: center; vertical-align: middle; width: 480px;\" colspan=\"3\"><span style=\"font-size: 0.9em;\"><strong>ANNUL\u00c9<\/strong><\/span><\/td>\n<\/tr>\n<tr>\n<td style=\"text-align: center; vertical-align: middle; width: 160px;\"><span style=\"font-size: 0.9em;\"><b>Sam. 26 novembre<\/b><\/span><\/td>\n<td style=\"text-align: center; vertical-align: middle; width: 160px;\"><span style=\"font-size: 0.9em;\">\ud83c\uddfa\ud83c\uddf8 Killington<br \/>\n<em><strong><span style=\"font-size: 0.8em;\"><a href=\"https:\/\/dicodusport.fr\/blog\/ski-alpin-killington-lara-gut-behrami-simpose-sur-le-geant\/\">R\u00e9sum\u00e9<\/a> &#8211; <a href=\"https:\/\/dicodusport.fr\/blog\/classement-geant-femmes-killington-2022\/\">Classement<\/a><\/span><\/strong><\/em><br \/>\n<\/span><\/td>\n<td style=\"text-align: center; vertical-align: middle; font-size: 0.8em;\"><strong>\ud83c\udde8\ud83c\udded LARA GUT-BEHRAMI<\/strong><\/td>\n<td style=\"text-align: center; vertical-align: middle; font-size: 0.8em;\">\ud83c\uddee\ud83c\uddf9 MARTA BASSINO<\/td>\n<td style=\"text-align: center; vertical-align: middle; font-size: 0.8em;\">\ud83c\uddf8\ud83c\uddea SARA HECTOR<\/td>\n<\/tr>\n<tr>\n<td style=\"text-align: center; vertical-align: middle; width: 160px;\"><span style=\"font-size: 0.9em;\"><b>Sam. 10 d\u00e9cembre<\/b><\/span><\/td>\n<td style=\"text-align: center; vertical-align: middle; width: 160px;\"><span style=\"font-size: 0.9em;\">\ud83c\uddee\ud83c\uddf9 Sestri\u00e8res<br \/>\n<em><strong><span style=\"font-size: 0.8em;\"><a href=\"https:\/\/dicodusport.fr\/blog\/geant-de-sestrieres-marta-bassino-simpose-a-domicile\/\">R\u00e9sum\u00e9<\/a> &#8211; <a href=\"https:\/\/dicodusport.fr\/blog\/classement-geant-femmes-sestrieres-2022\/\">Classement<\/a><\/span><\/strong><\/em><br \/>\n<\/span><\/td>\n<td style=\"text-align: center; vertical-align: middle; font-size: 0.8em;\"><strong> \ud83c\uddee\ud83c\uddf9 MARTA BASSINO<\/strong><\/td>\n<td style=\"text-align: center; vertical-align: middle; font-size: 0.8em;\">\ud83c\uddf8\ud83c\uddea SARA HECTOR<\/td>\n<td style=\"text-align: center; vertical-align: middle; font-size: 0.8em;\">\ud83c\uddf8\ud83c\uddf0 PETRA VLHOVA<\/td>\n<\/tr>\n<tr>\n<td style=\"text-align: center; vertical-align: middle; width: 160px;\"><span style=\"font-size: 0.9em;\"><b>Mar. 27 d\u00e9cembre<\/b><\/span><\/td>\n<td style=\"text-align: center; vertical-align: middle; width: 160px;\"><span style=\"font-size: 0.9em;\">\ud83c\udde6\ud83c\uddf9 Semmering<br \/>\n<em><strong><span style=\"font-size: 0.8em;\"><a title=\"G\u00e9ant Semmering : Mikaela Shiffrin au-dessus, Tessa Worley au pied du podium\" href=\"https:\/\/dicodusport.fr\/blog\/geant-semmering-mikaela-shiffrin-au-dessus-tessa-worley-au-pied-du-podium\/\" rel=\"\">R\u00e9sum\u00e9<\/a> &#8211; <a href=\"https:\/\/dicodusport.fr\/blog\/classement-geant-femmes-semmering-2022\/\">Classement<\/a><\/span><\/strong><\/em><br \/>\n<\/span><\/td>\n<td style=\"text-align: center; vertical-align: middle; font-size: 0.8em;\"><strong> \ud83c\uddfa\ud83c\uddf8 MIKAELA SHIFFRIN<\/strong><\/td>\n<td style=\"text-align: center; vertical-align: middle; font-size: 0.8em;\">\ud83c\uddf8\ud83c\uddf0 PETRA VLHOVA<\/td>\n<td style=\"text-align: center; vertical-align: middle; font-size: 0.8em;\">\ud83c\uddee\ud83c\uddf9 MARTA BASSINO<\/td>\n<\/tr>\n<tr>\n<td style=\"text-align: center; vertical-align: middle; width: 160px;\"><span style=\"font-size: 0.9em;\"><b>Mer. 28 d\u00e9cembre<\/b><\/span><\/td>\n<td style=\"text-align: center; vertical-align: middle; width: 160px;\"><span style=\"font-size: 0.9em;\">\ud83c\udde6\ud83c\uddf9 Semmering<br \/>\n<em><strong><span style=\"font-size: 0.8em;\"><a href=\"https:\/\/dicodusport.fr\/blog\/geant-de-semmering-mikaela-shiffrin-realise-le-double\/\">R\u00e9sum\u00e9<\/a> &#8211; <a href=\"https:\/\/dicodusport.fr\/blog\/classement-deuxieme-geant-femmes-semmering-2022\/\">Classement<\/a><\/span><\/strong><\/em><br \/>\n<\/span><\/td>\n<td style=\"text-align: center; vertical-align: middle; font-size: 0.8em;\"><strong>\ud83c\uddfa\ud83c\uddf8 MIKAELA SHIFFRIN\u00a0<\/strong><\/td>\n<td style=\"text-align: center; vertical-align: middle; font-size: 0.8em;\">\ud83c\udde8\ud83c\udded LARA GUT-BEHRAMI<\/td>\n<td style=\"text-align: center; vertical-align: middle; font-size: 0.8em;\">\ud83c\uddee\ud83c\uddf9 MARTA BASSINO<\/td>\n<\/tr>\n<tr>\n<td style=\"text-align: center; vertical-align: middle; width: 160px;\"><span style=\"font-size: 0.9em;\"><b>Sam. 7 janvier<\/b><\/span><\/td>\n<td style=\"text-align: center; vertical-align: middle; width: 160px;\"><span style=\"font-size: 0.9em;\">\ud83c\uddf8\ud83c\uddee Kranjska Gora<br \/>\n<em><strong><span style=\"font-size: 0.8em;\"><a href=\"https:\/\/dicodusport.fr\/blog\/geant-kranjska-gora-la-sensation-valerie-grenier-empoche-sa-premiere-victoire-en-coupe-du-monde\/\">R\u00e9sum\u00e9<\/a> &#8211; <a href=\"https:\/\/dicodusport.fr\/blog\/classement-geant-femmes-kranjska-gora-2023\/\">Classement<\/a><\/span><\/strong><\/em><br \/>\n<\/span><\/td>\n<td style=\"text-align: center; vertical-align: middle; font-size: 0.8em;\"><strong><span style=\"font-size: 0.9em;\">\ud83c\udde8\ud83c\udde6<\/span> VAL\u00c9RIE GRENIER<\/strong><\/td>\n<td style=\"text-align: center; vertical-align: middle; font-size: 0.8em;\">\ud83c\uddee\ud83c\uddf9 MARTA BASSINO<\/td>\n<td style=\"text-align: center; vertical-align: middle; font-size: 0.8em;\">\ud83c\uddf8\ud83c\uddf0 PETRA VLHOVA<\/td>\n<\/tr>\n<tr>\n<td style=\"text-align: center; vertical-align: middle; width: 160px;\"><span style=\"font-size: 0.9em;\"><b>Dim. 8 janvier<\/b><\/span><\/td>\n<td style=\"text-align: center; vertical-align: middle; width: 160px;\"><span style=\"font-size: 0.9em;\">\ud83c\uddf8\ud83c\uddee Kranjska Gora<br \/>\n<em><strong><span style=\"font-size: 0.8em;\"><a href=\"https:\/\/dicodusport.fr\/blog\/geant-kranjska-gora-mikaela-shiffrin-signe-son-82eme-succes-en-coupe-du-monde\/\">R\u00e9sum\u00e9<\/a> &#8211;<a href=\"https:\/\/dicodusport.fr\/blog\/classement-deuxieme-geant-femmes-kranjska-gora-2023\/\"> Classement<\/a><\/span><\/strong><\/em><br \/>\n<\/span><\/td>\n<td style=\"text-align: center; vertical-align: middle; font-size: 0.8em;\"><strong>\ud83c\uddfa\ud83c\uddf8 MIKAELA SHIFFRIN\u00a0<\/strong><\/td>\n<td style=\"text-align: center; vertical-align: middle; font-size: 0.8em;\">\ud83c\uddee\ud83c\uddf9 FEDERICA BRIGNONE<\/td>\n<td style=\"text-align: center; vertical-align: middle; font-size: 0.8em;\">\ud83c\udde8\ud83c\udded LARA GUT-BEHRAMI<\/td>\n<\/tr>\n<tr>\n<td style=\"text-align: center; vertical-align: middle; width: 160px;\"><span style=\"font-size: 0.9em;\"><b>Mar. 24 janvier<\/b><\/span><\/td>\n<td style=\"text-align: center; vertical-align: middle; width: 160px;\"><span style=\"font-size: 0.9em;\">\ud83c\uddee\ud83c\uddf9 Kronplatz<br \/>\n<em><strong><span style=\"font-size: 0.8em;\"><a href=\"https:\/\/dicodusport.fr\/blog\/geant-kronplatz-la-victoire-et-le-record-pour-mikaela-shiffrin\/\">R\u00e9sum\u00e9<\/a> &#8211; <a href=\"https:\/\/dicodusport.fr\/blog\/classement-geant-femmes-kronplatz-2023\/\">Classement<\/a><\/span><\/strong><\/em><br \/>\n<\/span><\/td>\n<td style=\"text-align: center; vertical-align: middle; font-size: 0.8em;\"><strong>\ud83c\uddfa\ud83c\uddf8 MIKAELA SHIFFRIN\u00a0<\/strong><\/td>\n<td style=\"text-align: center; vertical-align: middle; font-size: 0.8em;\">\ud83c\udde8\ud83c\udded LARA GUT-BEHRAMI<\/td>\n<td style=\"text-align: center; vertical-align: middle; font-size: 0.8em;\">\ud83c\uddee\ud83c\uddf9 FEDERICA BRIGNONE<\/td>\n<\/tr>\n<tr>\n<td style=\"text-align: center; vertical-align: middle; width: 160px;\"><span style=\"font-size: 0.9em;\"><b>Mer. 25 janvier<\/b><\/span><\/td>\n<td style=\"text-align: center; vertical-align: middle; width: 160px;\"><span style=\"font-size: 0.9em;\">\ud83c\uddee\ud83c\uddf9 Kronplatz<br \/>\n<em><strong><span style=\"font-size: 0.8em;\"><a href=\"https:\/\/dicodusport.fr\/blog\/geant-schladming-le-double-pour-mikaela-shiffrin\/\">R\u00e9sum\u00e9<\/a> &#8211; <a href=\"https:\/\/dicodusport.fr\/blog\/classement-deuxieme-geant-femmes-kronplatz-2023\/\">Classement<\/a><\/span><\/strong><\/em><br \/>\n<\/span><\/td>\n<td style=\"text-align: center; vertical-align: middle; font-size: 0.8em;\"><strong>\ud83c\uddfa\ud83c\uddf8 MIKAELA SHIFFRIN<\/strong><\/td>\n<td style=\"text-align: center; vertical-align: middle; font-size: 0.8em;\">\ud83c\uddf3\ud83c\uddf4 RAGNHILD MOWINCKEL<\/td>\n<td style=\"text-align: center; vertical-align: middle; font-size: 0.8em;\">\ud83c\uddf8\ud83c\uddea SARA HECTOR<\/td>\n<\/tr>\n<tr>\n<td style=\"text-align: center; vertical-align: middle; width: 160px;\"><span style=\"font-size: 0.9em;\"><b>Ven. 10 mars<\/b><\/span><\/td>\n<td style=\"text-align: center; vertical-align: middle; width: 160px;\"><span style=\"font-size: 0.9em;\">\ud83c\uddf8\ud83c\uddea Are<br \/>\n<em><strong><span style=\"font-size: 0.8em;\"><a href=\"https:\/\/dicodusport.fr\/blog\/geant-are-mikaela-shiffrin-gagne-et-egale-ingemar-stenmark\/\">R\u00e9sum\u00e9<\/a> &#8211; <a href=\"https:\/\/dicodusport.fr\/blog\/classement-geant-femmes-are-2023\/\">Classement<\/a><\/span><\/strong><\/em><br \/>\n<\/span><\/td>\n<td style=\"text-align: center; vertical-align: middle; font-size: 0.8em;\"><strong>\ud83c\uddfa\ud83c\uddf8 MIKAELA SHIFFRIN<\/strong><\/td>\n<td style=\"text-align: center; vertical-align: middle; font-size: 0.8em;\">\ud83c\uddee\ud83c\uddf9 FEDERICA BRIGNONE<\/td>\n<td style=\"text-align: center; vertical-align: middle; font-size: 0.8em;\">\ud83c\uddf8\ud83c\uddea SARA HECTOR<\/td>\n<\/tr>\n<tr>\n<td style=\"text-align: center; vertical-align: middle; width: 160px;\"><span style=\"font-size: 0.9em;\"><b>Dim. 19 mars<\/b><\/span><\/td>\n<td style=\"text-align: center; vertical-align: middle; width: 160px;\"><span style=\"font-size: 0.9em;\">\ud83c\udde6\ud83c\udde9 Soldeu (Finales)<br \/>\n<em><strong><span style=\"font-size: 0.8em;\"><a href=\"https:\/\/dicodusport.fr\/blog\/geant-finales-soldeu-mikaela-shiffrin-simpose-en-patronne\/\">R\u00e9sum\u00e9<\/a> &#8211; <a href=\"https:\/\/dicodusport.fr\/blog\/finales-soldeu-2023-classement-geant-femmes\/\">Classement<\/a><\/span><\/strong><\/em><br \/>\n<\/span><\/td>\n<td style=\"text-align: center; vertical-align: middle; font-size: 0.8em;\"><strong>\ud83c\uddfa\ud83c\uddf8 MIKAELA SHIFFRIN<\/strong><\/td>\n<td style=\"text-align: center; vertical-align: middle; font-size: 0.8em;\">\ud83c\uddf3\ud83c\uddf4 THEA LOUISE STJERNESUND<\/td>\n<td style=\"text-align: center; vertical-align: middle; font-size: 0.8em;\"><span style=\"font-size: 0.9em;\">\ud83c\udde8\ud83c\udde6<\/span> VAL\u00c9RIE GRENIER<\/td>\n<\/tr>\n<tr>\n<td style=\"text-align: center; vertical-align: middle; width: 800px;\" colspan=\"5\"><span style=\"font-size: 0.9em;\"><strong>PETIT GLOBE :<\/strong> <strong>\ud83c\uddfa\ud83c\uddf8 MIKAELA SHIFFRIN<\/strong><\/span><\/td>\n<\/tr>\n<tr>\n<td style=\"width: 800px; background-color: #099acf; text-align: center; vertical-align: middle;\" colspan=\"5\"><span style=\"color: #ffffff;\"><strong>SLALOM<\/strong><\/span><\/td>\n<\/tr>\n<tr>\n<td style=\"width: 160px; background-color: #003850; text-align: center; vertical-align: middle;\"><span style=\"color: #ffffff; font-size: 0.9em;\"><strong>Date<\/strong><\/span><\/td>\n<td style=\"width: 160px; background-color: #003850; text-align: center; vertical-align: middle;\"><span style=\"color: #ffffff; font-size: 0.9em;\"><strong>Lieu<\/strong><\/span><\/td>\n<td style=\"width: 160px; background-color: #003850; text-align: center; vertical-align: middle;\"><span style=\"color: #ffffff; font-size: 0.9em;\"><strong>Vainqueur<\/strong><\/span><\/td>\n<td style=\"width: 160px; background-color: #003850; text-align: center; vertical-align: middle;\"><span style=\"color: #ffffff; font-size: 0.9em;\"><strong>Deuxi\u00e8me<\/strong><\/span><\/td>\n<td style=\"width: 160px; background-color: #003850; text-align: center; vertical-align: middle;\"><span style=\"color: #ffffff; font-size: 0.9em;\"><strong>Troisi\u00e8me<\/strong><\/span><\/td>\n<\/tr>\n<tr>\n<td style=\"text-align: center; vertical-align: middle; width: 160px;\"><span style=\"font-size: 0.9em;\"><b>Sam. 19 novembre<\/b><\/span><\/td>\n<td style=\"text-align: center; vertical-align: middle; width: 160px;\"><span style=\"font-size: 0.9em;\">\ud83c\uddeb\ud83c\uddee Levi<br \/>\n<em><strong><span style=\"font-size: 0.8em;\"><a href=\"https:\/\/dicodusport.fr\/blog\/ski-alpin-levi-mikaela-shiffrin-remporte-le-premier-slalom\/\">R\u00e9sum\u00e9<\/a> &#8211; <a href=\"https:\/\/dicodusport.fr\/blog\/classement-slalom-femmes-levi-2022\/\">Classement<\/a><\/span><\/strong><\/em><br \/>\n<\/span><\/td>\n<td style=\"text-align: center; vertical-align: middle; font-size: 0.8em;\"><strong>\ud83c\uddfa\ud83c\uddf8 MIKAELA SHIFFRIN<\/strong><\/td>\n<td style=\"text-align: center; vertical-align: middle; font-size: 0.8em;\">\ud83c\uddf8\ud83c\uddea ANNA SWENN LARSSON<\/td>\n<td style=\"text-align: center; vertical-align: middle; font-size: 0.8em;\">\ud83c\uddf8\ud83c\uddf0 PETRA VLHOVA<\/td>\n<\/tr>\n<tr>\n<td style=\"text-align: center; vertical-align: middle; width: 160px;\"><span style=\"font-size: 0.9em;\"><b>Dim. 20 novembre<\/b><\/span><\/td>\n<td style=\"text-align: center; vertical-align: middle; width: 160px;\"><span style=\"font-size: 0.9em;\">\ud83c\uddeb\ud83c\uddee Levi<br \/>\n<em><strong><span style=\"font-size: 0.8em;\"><a href=\"https:\/\/dicodusport.fr\/blog\/ski-alpin-levi-le-double-de-mikaela-shiffrin-sur-le-slalom\/\">R\u00e9sum\u00e9<\/a> &#8211; <a href=\"https:\/\/dicodusport.fr\/blog\/classement-deuxieme-slalom-femmes-levi-2022\/\">Classement<\/a><\/span><\/strong><\/em><br \/>\n<\/span><\/td>\n<td style=\"text-align: center; vertical-align: middle; font-size: 0.8em;\"><strong>\ud83c\uddfa\ud83c\uddf8 MIKAELA SHIFFRIN<\/strong><\/td>\n<td style=\"text-align: center; vertical-align: middle; font-size: 0.8em;\">\ud83c\udde8\ud83c\udded WENDY HOLDENER<\/td>\n<td style=\"text-align: center; vertical-align: middle; font-size: 0.8em;\">\ud83c\uddf8\ud83c\uddf0 PETRA VLHOVA<\/td>\n<\/tr>\n<tr>\n<td style=\"text-align: center; vertical-align: middle; width: 160px;\"><span style=\"font-size: 0.9em;\"><b>Dim. 27 novembre<\/b><\/span><\/td>\n<td style=\"text-align: center; vertical-align: middle; width: 160px;\"><span style=\"font-size: 0.9em;\">\ud83c\uddfa\ud83c\uddf8 Killington<br \/>\n<em><strong><span style=\"font-size: 0.8em;\"><a href=\"https:\/\/dicodusport.fr\/blog\/ski-alpin-killington-wendy-holdener-et-anna-swenn-larsson-remportent-le-slalom\/\">R\u00e9sum\u00e9<\/a> &#8211; <a href=\"https:\/\/dicodusport.fr\/blog\/classement-slalom-femmes-killington-2022\/\">Classement<\/a><\/span><\/strong><\/em><br \/>\n<\/span><\/td>\n<td style=\"text-align: center; vertical-align: middle; font-size: 0.8em;\"><strong>\ud83c\uddf8\ud83c\uddea ANNA SWENN LARSSON<\/strong><br \/>\n<strong>\ud83c\udde8\ud83c\udded WENDY HOLDENER<\/strong><\/td>\n<td style=\"text-align: center; vertical-align: middle; font-size: 0.8em;\">&#8211;<\/td>\n<td style=\"text-align: center; vertical-align: middle; font-size: 0.8em;\">\ud83c\udde6\ud83c\uddf9 KATHARINA TRUPPE<\/td>\n<\/tr>\n<tr>\n<td style=\"text-align: center; vertical-align: middle; width: 160px;\"><span style=\"font-size: 0.9em;\"><b>Dim. 11 d\u00e9cembre<\/b><\/span><\/td>\n<td style=\"text-align: center; vertical-align: middle; width: 160px;\"><span style=\"font-size: 0.9em;\">\ud83c\uddee\ud83c\uddf9 Sestri\u00e8res<br \/>\n<em><strong><span style=\"font-size: 0.8em;\"><a title=\"Slalom de Sestri\u00e8res : Wendy Holdener patronne du jour en Italie\" href=\"https:\/\/dicodusport.fr\/blog\/slalom-de-sestrieres-wendy-holdener-patronne-du-jour-en-italie\/\" rel=\"\">R\u00e9sum\u00e9<\/a> &#8211; <a title=\"Classement Slalom femmes Sestri\u00e8res 2022\" href=\"https:\/\/dicodusport.fr\/blog\/classement-slalom-femmes-sestrieres-2022\/\" rel=\"\">Classement<\/a><\/span><\/strong><\/em><br \/>\n<\/span><\/td>\n<td style=\"text-align: center; vertical-align: middle; font-size: 0.8em;\"><strong>\ud83c\udde8\ud83c\udded WENDY HOLDENER<\/strong><\/td>\n<td style=\"text-align: center; vertical-align: middle; font-size: 0.8em;\">\ud83c\uddfa\ud83c\uddf8 MIKAELA SHIFFRIN<\/td>\n<td style=\"text-align: center; vertical-align: middle; font-size: 0.8em;\">\ud83c\uddf8\ud83c\uddf0 PETRA VLHOVA<\/td>\n<\/tr>\n<tr>\n<td style=\"text-align: center; vertical-align: middle; width: 160px;\"><span style=\"font-size: 0.9em;\"><b>Jeu. 29 d\u00e9cembre<\/b><\/span><\/td>\n<td style=\"text-align: center; vertical-align: middle; width: 160px;\"><span style=\"font-size: 0.9em;\">\ud83c\udde6\ud83c\uddf9 Semmering<br \/>\n<em><strong><span style=\"font-size: 0.8em;\"><a href=\"https:\/\/dicodusport.fr\/blog\/slalom-de-semmering-80eme-victoire-en-coupe-du-monde-pou-mikaela-shiffrin\/\">R\u00e9sum\u00e9<\/a> &#8211; <a href=\"https:\/\/dicodusport.fr\/blog\/classement-slalom-femmes-semmering-2022\/\">Classement<\/a><\/span><\/strong><\/em><br \/>\n<\/span><\/td>\n<td style=\"text-align: center; vertical-align: middle; font-size: 0.8em;\"><strong>\ud83c\uddfa\ud83c\uddf8 MIKAELA SHIFFRIN<\/strong><\/td>\n<td style=\"text-align: center; vertical-align: middle; font-size: 0.8em;\">\ud83c\uddfa\ud83c\uddf8 PAULA MOLTZAN<\/td>\n<td style=\"text-align: center; vertical-align: middle; font-size: 0.8em;\">\ud83c\udde9\ud83c\uddea LENA DUERR<\/td>\n<\/tr>\n<tr>\n<td style=\"text-align: center; vertical-align: middle; width: 160px;\"><span style=\"font-size: 0.9em;\"><b>Mer. 4 janvier<\/b><\/span><\/td>\n<td style=\"text-align: center; vertical-align: middle; width: 160px;\"><span style=\"font-size: 0.9em;\">\ud83c\udded\ud83c\uddf7 Zagreb<br \/>\n<em><strong><span style=\"font-size: 0.8em;\"><a href=\"https:\/\/dicodusport.fr\/blog\/slalom-zagreb-cinquieme-succes-daffilee-pour-une-mikaela-shiffrin-intouchable\/\">R\u00e9sum\u00e9<\/a> &#8211; <a href=\"https:\/\/dicodusport.fr\/blog\/classement-slalom-femmes-zagreb-2022\/\">Classement<\/a><\/span><\/strong><\/em><br \/>\n<\/span><\/td>\n<td style=\"text-align: center; vertical-align: middle; font-size: 0.8em;\"><strong>\ud83c\uddfa\ud83c\uddf8 MIKAELA SHIFFRIN<\/strong><\/td>\n<td style=\"text-align: center; vertical-align: middle; font-size: 0.8em;\">\ud83c\uddf8\ud83c\uddf0 PETRA VLHOVA<\/td>\n<td style=\"text-align: center; vertical-align: middle; font-size: 0.8em;\">\u00a0\ud83c\uddf8\ud83c\uddea ANNA SWENN LARSSON<\/td>\n<\/tr>\n<tr>\n<td style=\"text-align: center; vertical-align: middle; width: 160px;\"><span style=\"font-size: 0.9em;\"><b>Jeu. 5 janvier<\/b><\/span><\/td>\n<td style=\"text-align: center; vertical-align: middle; width: 160px;\"><span style=\"font-size: 0.9em;\">\ud83c\udded\ud83c\uddf7 Zagreb<\/span><\/td>\n<td style=\"text-align: center; vertical-align: middle; width: 160px;\" colspan=\"3\"><span style=\"font-size: 0.9em;\"><strong>ANNUL\u00c9<\/strong><\/span><\/td>\n<\/tr>\n<tr>\n<td style=\"text-align: center; vertical-align: middle; width: 160px;\"><span style=\"font-size: 0.9em;\"><b>Mar. 10 janvier<\/b><\/span><\/td>\n<td style=\"text-align: center; vertical-align: middle; width: 160px;\"><span style=\"font-size: 0.9em;\">\ud83c\udde6\ud83c\uddf9 Flachau<br \/>\n<em><strong><span style=\"font-size: 0.8em;\"><a href=\"https:\/\/dicodusport.fr\/blog\/slalom-flachau-petra-vlhova-prive-mikaela-shiffrin-du-record\/\">R\u00e9sum\u00e9<\/a> &#8211; <a href=\"https:\/\/dicodusport.fr\/blog\/classement-slalom-femmes-flachau-2023\/\">Classement<\/a><\/span><\/strong><\/em><br \/>\n<\/span><\/td>\n<td style=\"text-align: center; vertical-align: middle; width: 160px; font-size: 0.8em;\"><strong>\ud83c\uddf8\ud83c\uddf0 PETRA VLHOVA<\/strong><\/td>\n<td style=\"text-align: center; vertical-align: middle; width: 160px; font-size: 0.8em;\">\ud83c\uddfa\ud83c\uddf8 MIKAELA SHIFFRIN<\/td>\n<td style=\"text-align: center; vertical-align: middle; width: 160px; font-size: 0.8em;\">\ud83c\udde9\ud83c\uddea LENA DUERR<\/td>\n<\/tr>\n<tr>\n<td style=\"text-align: center; vertical-align: middle; width: 160px;\"><span style=\"font-size: 0.9em;\"><b>Sam. 28 janvier<\/b><\/span><\/td>\n<td style=\"text-align: center; vertical-align: middle; width: 160px;\"><span style=\"font-size: 0.9em;\">\ud83c\udde8\ud83c\uddff \u0160pindler\u016fv Ml\u00fdn<br \/>\n<em><strong><span style=\"font-size: 0.8em;\"><a href=\"https:\/\/dicodusport.fr\/blog\/slalom-spindleruv-mlyn-mikaela-shiffrin-signe-sa-85eme-victoire-en-coupe-du-monde\/\">R\u00e9sum\u00e9<\/a> &#8211; <a href=\"https:\/\/dicodusport.fr\/blog\/classement-slalom-femmes-spindleruv-mlyn-2023\/\">Classement<\/a><\/span><\/strong><\/em><br \/>\n<\/span><\/td>\n<td style=\"text-align: center; vertical-align: middle; width: 160px; font-size: 0.8em;\"><strong>\ud83c\uddfa\ud83c\uddf8 MIKAELA SHIFFRIN<\/strong><\/td>\n<td style=\"text-align: center; vertical-align: middle; width: 160px; font-size: 0.8em;\">\ud83c\udde9\ud83c\uddea LENA DUERR<\/td>\n<td style=\"text-align: center; vertical-align: middle; width: 160px; font-size: 0.8em;\">\ud83c\udde8\ud83c\udded WENDY HOLDENER<\/td>\n<\/tr>\n<tr>\n<td style=\"text-align: center; vertical-align: middle; width: 160px;\"><span style=\"font-size: 0.9em;\"><b>Dim. 29 janvier<\/b><\/span><\/td>\n<td style=\"text-align: center; vertical-align: middle; width: 160px;\"><span style=\"font-size: 0.9em;\">\ud83c\udde8\ud83c\uddff \u0160pindler\u016fv Ml\u00fdn<br \/>\n<em><strong><span style=\"font-size: 0.8em;\"><a href=\"https:\/\/dicodusport.fr\/blog\/slalom-spindleruv-mlyn-lena-duerr-domine-mikaela-shiffrin\/\">R\u00e9sum\u00e9<\/a> &#8211; <a href=\"https:\/\/dicodusport.fr\/blog\/classement-deuxieme-slalom-femmes-spindleruv-mlyn-2023\/\">Classement<\/a><\/span><\/strong><\/em><br \/>\n<\/span><\/td>\n<td style=\"text-align: center; vertical-align: middle; width: 160px; font-size: 0.8em;\"><strong>\ud83c\udde9\ud83c\uddea LENA DUERR<\/strong><\/td>\n<td style=\"text-align: center; vertical-align: middle; width: 160px; font-size: 0.8em;\">\ud83c\uddfa\ud83c\uddf8 MIKAELA SHIFFRIN<\/td>\n<td style=\"text-align: center; vertical-align: middle; width: 160px; font-size: 0.8em;\">\ud83c\udded\ud83c\uddf7 ZRINKA LJUTIC<\/td>\n<\/tr>\n<tr>\n<td style=\"text-align: center; vertical-align: middle; width: 160px;\"><span style=\"font-size: 0.9em;\"><b>Sam. 11 mars<\/b><\/span><\/td>\n<td style=\"text-align: center; vertical-align: middle; width: 160px;\"><span style=\"font-size: 0.9em;\">\ud83c\uddf8\ud83c\uddea Are<br \/>\n<em><strong><span style=\"font-size: 0.8em;\"><a href=\"https:\/\/dicodusport.fr\/blog\/slalom-are-87e-succes-en-coupe-du-monde-pour-une-mikaela-shiffrin-historique\/\">R\u00e9sum\u00e9<\/a> &#8211; <a href=\"https:\/\/dicodusport.fr\/blog\/classement-slalom-femmes-are-2023\/\">Classement<\/a><\/span><\/strong><\/em><br \/>\n<\/span><\/td>\n<td style=\"text-align: center; vertical-align: middle; width: 160px; font-size: 0.8em;\"><strong>\ud83c\uddfa\ud83c\uddf8 MIKAELA SHIFFRIN<\/strong><\/td>\n<td style=\"text-align: center; vertical-align: middle; width: 160px; font-size: 0.8em;\">\ud83c\udde8\ud83c\udded WENDY HOLDENER<\/td>\n<td style=\"text-align: center; vertical-align: middle; width: 160px; font-size: 0.8em;\">\ud83c\uddf8\ud83c\uddea ANNA SWENN LARSSON<\/td>\n<\/tr>\n<tr>\n<td style=\"text-align: center; vertical-align: middle; width: 160px;\"><span style=\"font-size: 0.9em;\"><b>Sam. 18 mars<\/b><\/span><\/td>\n<td style=\"text-align: center; vertical-align: middle; width: 160px;\"><span style=\"font-size: 0.9em;\">\ud83c\udde6\ud83c\udde9 Soldeu (Finales)<br \/>\n<a href=\"https:\/\/dicodusport.fr\/blog\/finales-soldeu-2023-classement-slalom-femmes\/\"><em><strong><span style=\"font-size: 0.8em;\">Classement<\/span><\/strong><\/em><\/a><br \/>\n<\/span><\/td>\n<td style=\"text-align: center; vertical-align: middle; width: 160px; font-size: 0.8em;\"><strong>\ud83c\uddf8\ud83c\uddf0 PETRA VLHOVA<\/strong><\/td>\n<td style=\"text-align: center; vertical-align: middle; width: 160px; font-size: 0.8em;\">\ud83c\udded\ud83c\uddf7 LEONA POPOVIC<\/td>\n<td style=\"text-align: center; vertical-align: middle; width: 160px; font-size: 0.8em;\">\ud83c\uddfa\ud83c\uddf8 MIKAELA SHIFFRIN<\/td>\n<\/tr>\n<tr>\n<td style=\"text-align: center; vertical-align: middle; width: 800px;\" colspan=\"5\"><span style=\"font-size: 0.9em;\"><strong>PETIT GLOBE :<\/strong> <strong>\ud83c\uddfa\ud83c\uddf8 MIKAELA SHIFFRIN<\/strong><\/span><\/td>\n<\/tr>\n<tr>\n<td style=\"width: 800px; background-color: #099acf; text-align: center; vertical-align: middle;\" colspan=\"5\"><span style=\"color: #ffffff;\"><strong>PARALL\u00c8LE<\/strong><\/span><\/td>\n<\/tr>\n<tr>\n<td style=\"width: 160px; background-color: #003850; text-align: center; vertical-align: middle;\"><span style=\"color: #ffffff; font-size: 0.9em;\"><strong>Date<\/strong><\/span><\/td>\n<td style=\"width: 160px; background-color: #003850; text-align: center; vertical-align: middle;\"><span style=\"color: #ffffff; font-size: 0.9em;\"><strong>Lieu<\/strong><\/span><\/td>\n<td style=\"width: 160px; background-color: #003850; text-align: center; vertical-align: middle;\"><span style=\"color: #ffffff; font-size: 0.9em;\"><strong>Vainqueur<\/strong><\/span><\/td>\n<td style=\"width: 160px; background-color: #003850; text-align: center; vertical-align: middle;\"><span style=\"color: #ffffff; font-size: 0.9em;\"><strong>Deuxi\u00e8me<\/strong><\/span><\/td>\n<td style=\"width: 160px; background-color: #003850; text-align: center; vertical-align: middle;\"><span style=\"color: #ffffff; font-size: 0.9em;\"><strong>Troisi\u00e8me<\/strong><\/span><\/td>\n<\/tr>\n<tr>\n<td style=\"text-align: center; vertical-align: middle; width: 160px;\"><span style=\"font-size: 0.9em;\"><b>Sam. 12 novembre<\/b><\/span><\/td>\n<td style=\"text-align: center; vertical-align: middle; width: 160px;\"><span style=\"font-size: 0.9em;\">\ud83c\udde6\ud83c\uddf9 Lech<\/span><\/td>\n<td style=\"text-align: center; vertical-align: middle; width: 480px;\" colspan=\"3\"><span style=\"font-size: 0.9em;\"><strong>ANNUL\u00c9<\/strong><\/span><\/td>\n<\/tr>\n<tr>\n<td style=\"text-align: center; vertical-align: middle; width: 160px;\"><span style=\"font-size: 0.9em;\"><b>Jeu. 16 mars<\/b><\/span><\/td>\n<td style=\"text-align: center; vertical-align: middle; width: 160px;\"><span style=\"font-size: 0.9em;\">\ud83c\udde6\ud83c\udde9 Soldeu (Finales)<\/span><\/td>\n<td style=\"text-align: center; vertical-align: middle; width: 160px;\" colspan=\"3\"><span style=\"font-size: 0.9em;\"><strong>ANNUL\u00c9<\/strong>\u00a0<\/span><\/td>\n<\/tr>\n<\/tbody>\n<\/table>\n<ul>\n<li style=\"text-align: justify;\"><strong>\u00c0 lire aussi &#8211; <a href=\"https:\/\/dicodusport.fr\/blog\/classement-general-femmes-coupe-du-monde-ski-alpin-2022-2023\/\">Le classement g\u00e9n\u00e9ral de la Coupe du monde de ski alpin<\/a><\/strong><\/li>\n<\/ul>\n","protected":false},"excerpt":{"rendered":"<p>COUPE DU MONDE DE SKI ALPIN FEMMES 2022-2023 &#8211; Descente, g\u00e9ant, slalom, Super-G : retrouvez le calendrier complet et les r\u00e9sultats de la saison de ski alpin.<\/p>\n","protected":false},"author":4,"featured_media":361676,"comment_status":"open","ping_status":"closed","sticky":false,"template":"","format":"standard","meta":{"_acf_changed":false,"_daextam_enable_autolinks":"","footnotes":""},"categories":[47084],"tags":[12586,2233],"class_list":["post-262370","post","type-post","status-publish","format-standard","has-post-thumbnail","hentry","category-coupe-du-monde-ski-alpin","tag-coupe-du-monde-de-ski-alpin","tag-ski-alpin"],"acf":[],"yoast_head":"<!-- This site is optimized with the Yoast SEO Premium plugin v26.7 (Yoast SEO v26.7) - https:\/\/yoast.com\/wordpress\/plugins\/seo\/ -->\n<title>Ski alpin femmes 2022-2023 - Palmar\u00e8s et r\u00e9sultats complets<\/title>\n<meta name=\"description\" content=\"COUPE DU MONDE DE SKI ALPIN FEMMES 2022-2023 - Descente, g\u00e9ant, slalom, Super-G : le calendrier complet et les r\u00e9sultats de la saison.\" \/>\n<meta name=\"robots\" content=\"index, follow, max-snippet:-1, max-image-preview:large, max-video-preview:-1\" \/>\n<link rel=\"canonical\" href=\"https:\/\/dicodusport.fr\/blog\/calendrier-et-resultats-coupe-du-monde-ski-alpin-femmes-2022-2023\/\" \/>\n<meta property=\"og:locale\" content=\"fr_FR\" \/>\n<meta property=\"og:type\" content=\"article\" \/>\n<meta property=\"og:title\" content=\"Ski alpin femmes 2022-2023 - Palmar\u00e8s et r\u00e9sultats complets\" \/>\n<meta property=\"og:description\" content=\"COUPE DU MONDE DE SKI ALPIN FEMMES 2022-2023 - Descente, g\u00e9ant, slalom, Super-G : le calendrier complet et les r\u00e9sultats de la saison.\" \/>\n<meta property=\"og:url\" content=\"https:\/\/dicodusport.fr\/blog\/calendrier-et-resultats-coupe-du-monde-ski-alpin-femmes-2022-2023\/\" \/>\n<meta property=\"og:site_name\" content=\"Dicodusport\" \/>\n<meta property=\"article:publisher\" content=\"https:\/\/www.facebook.com\/dicodusport\" \/>\n<meta property=\"article:author\" content=\"https:\/\/www.facebook.com\/florent.ostermann\" \/>\n<meta property=\"article:published_time\" content=\"2023-03-19T12:15:44+00:00\" \/>\n<meta property=\"og:image\" content=\"https:\/\/dicodusport.fr\/blog\/wp-content\/uploads\/2023\/03\/Descente-Kvitfjell-Grande-premiere-pour-Kajsa-Vickhoff-Lie-5e-globe-de-cristal-pour-Mikaela-Shiffrin-.png\" \/>\n\t<meta property=\"og:image:width\" content=\"800\" \/>\n\t<meta property=\"og:image:height\" content=\"445\" \/>\n\t<meta property=\"og:image:type\" content=\"image\/png\" \/>\n<meta name=\"author\" content=\"Flo Ostermann\" \/>\n<meta name=\"twitter:card\" content=\"summary_large_image\" \/>\n<meta name=\"twitter:title\" content=\"Ski alpin femmes 2022-2023 - Palmar\u00e8s et r\u00e9sultats complets\" \/>\n<meta name=\"twitter:creator\" content=\"@https:\/\/twitter.com\/FlOstermann\" \/>\n<meta name=\"twitter:site\" content=\"@dicodusport\" \/>\n<script type=\"application\/ld+json\" class=\"yoast-schema-graph\">{\"@context\":\"https:\/\/schema.org\",\"@graph\":[{\"@type\":\"NewsArticle\",\"@id\":\"https:\/\/dicodusport.fr\/blog\/calendrier-et-resultats-coupe-du-monde-ski-alpin-femmes-2022-2023\/#article\",\"isPartOf\":{\"@id\":\"https:\/\/dicodusport.fr\/blog\/calendrier-et-resultats-coupe-du-monde-ski-alpin-femmes-2022-2023\/\"},\"author\":{\"name\":\"Flo Ostermann\",\"@id\":\"https:\/\/dicodusport.fr\/blog\/#\/schema\/person\/cb02af4c173ce4a653b55e9baf388d4a\"},\"headline\":\"Ski alpin femmes 2022-2023 &#8211; Palmar\u00e8s et r\u00e9sultats complets\",\"datePublished\":\"2023-03-19T12:15:44+00:00\",\"mainEntityOfPage\":{\"@id\":\"https:\/\/dicodusport.fr\/blog\/calendrier-et-resultats-coupe-du-monde-ski-alpin-femmes-2022-2023\/\"},\"wordCount\":777,\"commentCount\":0,\"publisher\":{\"@id\":\"https:\/\/dicodusport.fr\/blog\/#organization\"},\"image\":{\"@id\":\"https:\/\/dicodusport.fr\/blog\/calendrier-et-resultats-coupe-du-monde-ski-alpin-femmes-2022-2023\/#primaryimage\"},\"thumbnailUrl\":\"https:\/\/dicodusport.fr\/blog\/wp-content\/uploads\/2023\/03\/Descente-Kvitfjell-Grande-premiere-pour-Kajsa-Vickhoff-Lie-5e-globe-de-cristal-pour-Mikaela-Shiffrin-.png\",\"keywords\":[\"Coupe du monde de ski alpin\",\"Ski alpin\"],\"articleSection\":[\"Coupe du monde de ski alpin\"],\"inLanguage\":\"fr-FR\",\"potentialAction\":[{\"@type\":\"CommentAction\",\"name\":\"Comment\",\"target\":[\"https:\/\/dicodusport.fr\/blog\/calendrier-et-resultats-coupe-du-monde-ski-alpin-femmes-2022-2023\/#respond\"]}],\"copyrightYear\":\"2023\",\"copyrightHolder\":{\"@id\":\"https:\/\/dicodusport.fr\/blog\/#organization\"}},{\"@type\":\"WebPage\",\"@id\":\"https:\/\/dicodusport.fr\/blog\/calendrier-et-resultats-coupe-du-monde-ski-alpin-femmes-2022-2023\/\",\"url\":\"https:\/\/dicodusport.fr\/blog\/calendrier-et-resultats-coupe-du-monde-ski-alpin-femmes-2022-2023\/\",\"name\":\"Ski alpin femmes 2022-2023 - Palmar\u00e8s et r\u00e9sultats complets\",\"isPartOf\":{\"@id\":\"https:\/\/dicodusport.fr\/blog\/#website\"},\"primaryImageOfPage\":{\"@id\":\"https:\/\/dicodusport.fr\/blog\/calendrier-et-resultats-coupe-du-monde-ski-alpin-femmes-2022-2023\/#primaryimage\"},\"image\":{\"@id\":\"https:\/\/dicodusport.fr\/blog\/calendrier-et-resultats-coupe-du-monde-ski-alpin-femmes-2022-2023\/#primaryimage\"},\"thumbnailUrl\":\"https:\/\/dicodusport.fr\/blog\/wp-content\/uploads\/2023\/03\/Descente-Kvitfjell-Grande-premiere-pour-Kajsa-Vickhoff-Lie-5e-globe-de-cristal-pour-Mikaela-Shiffrin-.png\",\"datePublished\":\"2023-03-19T12:15:44+00:00\",\"description\":\"COUPE DU MONDE DE SKI ALPIN FEMMES 2022-2023 - Descente, g\u00e9ant, slalom, Super-G : le calendrier complet et les r\u00e9sultats de la saison.\",\"breadcrumb\":{\"@id\":\"https:\/\/dicodusport.fr\/blog\/calendrier-et-resultats-coupe-du-monde-ski-alpin-femmes-2022-2023\/#breadcrumb\"},\"inLanguage\":\"fr-FR\",\"potentialAction\":[{\"@type\":\"ReadAction\",\"target\":[\"https:\/\/dicodusport.fr\/blog\/calendrier-et-resultats-coupe-du-monde-ski-alpin-femmes-2022-2023\/\"]}]},{\"@type\":\"ImageObject\",\"inLanguage\":\"fr-FR\",\"@id\":\"https:\/\/dicodusport.fr\/blog\/calendrier-et-resultats-coupe-du-monde-ski-alpin-femmes-2022-2023\/#primaryimage\",\"url\":\"https:\/\/dicodusport.fr\/blog\/wp-content\/uploads\/2023\/03\/Descente-Kvitfjell-Grande-premiere-pour-Kajsa-Vickhoff-Lie-5e-globe-de-cristal-pour-Mikaela-Shiffrin-.png\",\"contentUrl\":\"https:\/\/dicodusport.fr\/blog\/wp-content\/uploads\/2023\/03\/Descente-Kvitfjell-Grande-premiere-pour-Kajsa-Vickhoff-Lie-5e-globe-de-cristal-pour-Mikaela-Shiffrin-.png\",\"width\":800,\"height\":445,\"caption\":\"Descente Kvitfjell Grande premi\u00e8re pour Kajsa Vickhoff Lie, 5e globe de cristal pour Mikaela Shiffrin !\"},{\"@type\":\"BreadcrumbList\",\"@id\":\"https:\/\/dicodusport.fr\/blog\/calendrier-et-resultats-coupe-du-monde-ski-alpin-femmes-2022-2023\/#breadcrumb\",\"itemListElement\":[{\"@type\":\"ListItem\",\"position\":1,\"name\":\"Accueil\",\"item\":\"https:\/\/dicodusport.fr\/blog\/\"},{\"@type\":\"ListItem\",\"position\":2,\"name\":\"Ski alpin femmes 2022-2023 &#8211; Palmar\u00e8s et r\u00e9sultats complets\"}]},{\"@type\":\"WebSite\",\"@id\":\"https:\/\/dicodusport.fr\/blog\/#website\",\"url\":\"https:\/\/dicodusport.fr\/blog\/\",\"name\":\"Dicodusport\",\"description\":\"L&#039;encyclop\u00e9die de l&#039;actualit\u00e9 sportive\",\"publisher\":{\"@id\":\"https:\/\/dicodusport.fr\/blog\/#organization\"},\"potentialAction\":[{\"@type\":\"SearchAction\",\"target\":{\"@type\":\"EntryPoint\",\"urlTemplate\":\"https:\/\/dicodusport.fr\/blog\/?s={search_term_string}\"},\"query-input\":{\"@type\":\"PropertyValueSpecification\",\"valueRequired\":true,\"valueName\":\"search_term_string\"}}],\"inLanguage\":\"fr-FR\"},{\"@type\":\"NewsMediaOrganization\",\"@id\":\"https:\/\/dicodusport.fr\/blog\/#organization\",\"name\":\"Dicodusport\",\"url\":\"https:\/\/dicodusport.fr\/blog\/\",\"logo\":{\"@type\":\"ImageObject\",\"inLanguage\":\"fr-FR\",\"@id\":\"https:\/\/dicodusport.fr\/blog\/#\/schema\/logo\/image\/\",\"url\":\"https:\/\/dicodusport.fr\/blog\/wp-content\/uploads\/2020\/06\/cropped-LOGO-DICODUSPORT-2020-SANS-FOND-SANS-TEXTE.png\",\"contentUrl\":\"https:\/\/dicodusport.fr\/blog\/wp-content\/uploads\/2020\/06\/cropped-LOGO-DICODUSPORT-2020-SANS-FOND-SANS-TEXTE.png\",\"width\":512,\"height\":512,\"caption\":\"Dicodusport\"},\"image\":{\"@id\":\"https:\/\/dicodusport.fr\/blog\/#\/schema\/logo\/image\/\"},\"sameAs\":[\"https:\/\/www.facebook.com\/dicodusport\",\"https:\/\/x.com\/dicodusport\",\"https:\/\/www.instagram.com\/dicodusport\/\",\"https:\/\/www.youtube.com\/channel\/UC7V2KZ5sd3htJivAbA4ZG3w\"],\"description\":\"Dicodusport est l'encyclop\u00e9die de l'actualit\u00e9 sportive.\",\"email\":\"bonjour@dicodusport.fr\",\"legalName\":\"DICODUSPORT\",\"foundingDate\":\"2018-01-14\",\"vatID\":\"FR71834470973\",\"taxID\":\"83447097300043\",\"numberOfEmployees\":{\"@type\":\"QuantitativeValue\",\"minValue\":\"1\",\"maxValue\":\"10\"}},{\"@type\":\"Person\",\"@id\":\"https:\/\/dicodusport.fr\/blog\/#\/schema\/person\/cb02af4c173ce4a653b55e9baf388d4a\",\"name\":\"Flo Ostermann\",\"image\":{\"@type\":\"ImageObject\",\"inLanguage\":\"fr-FR\",\"@id\":\"https:\/\/dicodusport.fr\/blog\/#\/schema\/person\/image\/\",\"url\":\"https:\/\/dicodusport.fr\/blog\/wp-content\/uploads\/2021\/05\/Flo-Ostermann-150x150.jpg\",\"contentUrl\":\"https:\/\/dicodusport.fr\/blog\/wp-content\/uploads\/2021\/05\/Flo-Ostermann-150x150.jpg\",\"caption\":\"Flo Ostermann\"},\"description\":\"Journaliste\/R\u00e9dacteur depuis septembre 2015 - Mes premiers souvenirs dans le sport ? Les envol\u00e9es du Stade Toulousain et les duels Villeneuve-Schumacher et H\u00e4kkinen-Schumacher \u00e0 la fin des ann\u00e9es 90, la Coupe du monde de football en 1998, l\u2019exploit du XV de France face aux All Blacks en 1999, mais aussi Richard C\u0153ur de Lion qui vole sur les montagnes du Tour de France. Bien parti pour devenir professeur d\u2019EPS, les \u00e9v\u00e9nements de la vie (et la flemme d\u2019animer des s\u00e9ances de 3x500 m\u00e8tres toute ma vie) m\u2019ont conduit \u00e0 revoir mes plans. Me voil\u00e0 depuis fin 2017 sur Dicodusport, m\u00e9dia gr\u00e2ce (et pour) lequel je partage ma passion : le sport dans tous ses \u00e9tats. Le tout accompagn\u00e9 par les fous furieux et folles furieuses cit\u00e9s sur cette page !\",\"sameAs\":[\"https:\/\/www.facebook.com\/florent.ostermann\",\"https:\/\/x.com\/https:\/\/twitter.com\/FlOstermann\",\"admin\"],\"url\":\"https:\/\/dicodusport.fr\/blog\/author\/flo\/\"}]}<\/script>\n<!-- \/ Yoast SEO Premium plugin. -->","yoast_head_json":{"title":"Ski alpin femmes 2022-2023 - Palmar\u00e8s et r\u00e9sultats complets","description":"COUPE DU MONDE DE SKI ALPIN FEMMES 2022-2023 - Descente, g\u00e9ant, slalom, Super-G : le calendrier complet et les r\u00e9sultats de la saison.","robots":{"index":"index","follow":"follow","max-snippet":"max-snippet:-1","max-image-preview":"max-image-preview:large","max-video-preview":"max-video-preview:-1"},"canonical":"https:\/\/dicodusport.fr\/blog\/calendrier-et-resultats-coupe-du-monde-ski-alpin-femmes-2022-2023\/","og_locale":"fr_FR","og_type":"article","og_title":"Ski alpin femmes 2022-2023 - Palmar\u00e8s et r\u00e9sultats complets","og_description":"COUPE DU MONDE DE SKI ALPIN FEMMES 2022-2023 - Descente, g\u00e9ant, slalom, Super-G : le calendrier complet et les r\u00e9sultats de la saison.","og_url":"https:\/\/dicodusport.fr\/blog\/calendrier-et-resultats-coupe-du-monde-ski-alpin-femmes-2022-2023\/","og_site_name":"Dicodusport","article_publisher":"https:\/\/www.facebook.com\/dicodusport","article_author":"https:\/\/www.facebook.com\/florent.ostermann","article_published_time":"2023-03-19T12:15:44+00:00","og_image":[{"width":800,"height":445,"url":"https:\/\/dicodusport.fr\/blog\/wp-content\/uploads\/2023\/03\/Descente-Kvitfjell-Grande-premiere-pour-Kajsa-Vickhoff-Lie-5e-globe-de-cristal-pour-Mikaela-Shiffrin-.png","type":"image\/png"}],"author":"Flo Ostermann","twitter_card":"summary_large_image","twitter_title":"Ski alpin femmes 2022-2023 - Palmar\u00e8s et r\u00e9sultats complets","twitter_creator":"@https:\/\/twitter.com\/FlOstermann","twitter_site":"@dicodusport","schema":{"@context":"https:\/\/schema.org","@graph":[{"@type":"NewsArticle","@id":"https:\/\/dicodusport.fr\/blog\/calendrier-et-resultats-coupe-du-monde-ski-alpin-femmes-2022-2023\/#article","isPartOf":{"@id":"https:\/\/dicodusport.fr\/blog\/calendrier-et-resultats-coupe-du-monde-ski-alpin-femmes-2022-2023\/"},"author":{"name":"Flo Ostermann","@id":"https:\/\/dicodusport.fr\/blog\/#\/schema\/person\/cb02af4c173ce4a653b55e9baf388d4a"},"headline":"Ski alpin femmes 2022-2023 &#8211; Palmar\u00e8s et r\u00e9sultats complets","datePublished":"2023-03-19T12:15:44+00:00","mainEntityOfPage":{"@id":"https:\/\/dicodusport.fr\/blog\/calendrier-et-resultats-coupe-du-monde-ski-alpin-femmes-2022-2023\/"},"wordCount":777,"commentCount":0,"publisher":{"@id":"https:\/\/dicodusport.fr\/blog\/#organization"},"image":{"@id":"https:\/\/dicodusport.fr\/blog\/calendrier-et-resultats-coupe-du-monde-ski-alpin-femmes-2022-2023\/#primaryimage"},"thumbnailUrl":"https:\/\/dicodusport.fr\/blog\/wp-content\/uploads\/2023\/03\/Descente-Kvitfjell-Grande-premiere-pour-Kajsa-Vickhoff-Lie-5e-globe-de-cristal-pour-Mikaela-Shiffrin-.png","keywords":["Coupe du monde de ski alpin","Ski alpin"],"articleSection":["Coupe du monde de ski alpin"],"inLanguage":"fr-FR","potentialAction":[{"@type":"CommentAction","name":"Comment","target":["https:\/\/dicodusport.fr\/blog\/calendrier-et-resultats-coupe-du-monde-ski-alpin-femmes-2022-2023\/#respond"]}],"copyrightYear":"2023","copyrightHolder":{"@id":"https:\/\/dicodusport.fr\/blog\/#organization"}},{"@type":"WebPage","@id":"https:\/\/dicodusport.fr\/blog\/calendrier-et-resultats-coupe-du-monde-ski-alpin-femmes-2022-2023\/","url":"https:\/\/dicodusport.fr\/blog\/calendrier-et-resultats-coupe-du-monde-ski-alpin-femmes-2022-2023\/","name":"Ski alpin femmes 2022-2023 - Palmar\u00e8s et r\u00e9sultats complets","isPartOf":{"@id":"https:\/\/dicodusport.fr\/blog\/#website"},"primaryImageOfPage":{"@id":"https:\/\/dicodusport.fr\/blog\/calendrier-et-resultats-coupe-du-monde-ski-alpin-femmes-2022-2023\/#primaryimage"},"image":{"@id":"https:\/\/dicodusport.fr\/blog\/calendrier-et-resultats-coupe-du-monde-ski-alpin-femmes-2022-2023\/#primaryimage"},"thumbnailUrl":"https:\/\/dicodusport.fr\/blog\/wp-content\/uploads\/2023\/03\/Descente-Kvitfjell-Grande-premiere-pour-Kajsa-Vickhoff-Lie-5e-globe-de-cristal-pour-Mikaela-Shiffrin-.png","datePublished":"2023-03-19T12:15:44+00:00","description":"COUPE DU MONDE DE SKI ALPIN FEMMES 2022-2023 - Descente, g\u00e9ant, slalom, Super-G : le calendrier complet et les r\u00e9sultats de la saison.","breadcrumb":{"@id":"https:\/\/dicodusport.fr\/blog\/calendrier-et-resultats-coupe-du-monde-ski-alpin-femmes-2022-2023\/#breadcrumb"},"inLanguage":"fr-FR","potentialAction":[{"@type":"ReadAction","target":["https:\/\/dicodusport.fr\/blog\/calendrier-et-resultats-coupe-du-monde-ski-alpin-femmes-2022-2023\/"]}]},{"@type":"ImageObject","inLanguage":"fr-FR","@id":"https:\/\/dicodusport.fr\/blog\/calendrier-et-resultats-coupe-du-monde-ski-alpin-femmes-2022-2023\/#primaryimage","url":"https:\/\/dicodusport.fr\/blog\/wp-content\/uploads\/2023\/03\/Descente-Kvitfjell-Grande-premiere-pour-Kajsa-Vickhoff-Lie-5e-globe-de-cristal-pour-Mikaela-Shiffrin-.png","contentUrl":"https:\/\/dicodusport.fr\/blog\/wp-content\/uploads\/2023\/03\/Descente-Kvitfjell-Grande-premiere-pour-Kajsa-Vickhoff-Lie-5e-globe-de-cristal-pour-Mikaela-Shiffrin-.png","width":800,"height":445,"caption":"Descente Kvitfjell Grande premi\u00e8re pour Kajsa Vickhoff Lie, 5e globe de cristal pour Mikaela Shiffrin !"},{"@type":"BreadcrumbList","@id":"https:\/\/dicodusport.fr\/blog\/calendrier-et-resultats-coupe-du-monde-ski-alpin-femmes-2022-2023\/#breadcrumb","itemListElement":[{"@type":"ListItem","position":1,"name":"Accueil","item":"https:\/\/dicodusport.fr\/blog\/"},{"@type":"ListItem","position":2,"name":"Ski alpin femmes 2022-2023 &#8211; Palmar\u00e8s et r\u00e9sultats complets"}]},{"@type":"WebSite","@id":"https:\/\/dicodusport.fr\/blog\/#website","url":"https:\/\/dicodusport.fr\/blog\/","name":"Dicodusport","description":"L&#039;encyclop\u00e9die de l&#039;actualit\u00e9 sportive","publisher":{"@id":"https:\/\/dicodusport.fr\/blog\/#organization"},"potentialAction":[{"@type":"SearchAction","target":{"@type":"EntryPoint","urlTemplate":"https:\/\/dicodusport.fr\/blog\/?s={search_term_string}"},"query-input":{"@type":"PropertyValueSpecification","valueRequired":true,"valueName":"search_term_string"}}],"inLanguage":"fr-FR"},{"@type":"NewsMediaOrganization","@id":"https:\/\/dicodusport.fr\/blog\/#organization","name":"Dicodusport","url":"https:\/\/dicodusport.fr\/blog\/","logo":{"@type":"ImageObject","inLanguage":"fr-FR","@id":"https:\/\/dicodusport.fr\/blog\/#\/schema\/logo\/image\/","url":"https:\/\/dicodusport.fr\/blog\/wp-content\/uploads\/2020\/06\/cropped-LOGO-DICODUSPORT-2020-SANS-FOND-SANS-TEXTE.png","contentUrl":"https:\/\/dicodusport.fr\/blog\/wp-content\/uploads\/2020\/06\/cropped-LOGO-DICODUSPORT-2020-SANS-FOND-SANS-TEXTE.png","width":512,"height":512,"caption":"Dicodusport"},"image":{"@id":"https:\/\/dicodusport.fr\/blog\/#\/schema\/logo\/image\/"},"sameAs":["https:\/\/www.facebook.com\/dicodusport","https:\/\/x.com\/dicodusport","https:\/\/www.instagram.com\/dicodusport\/","https:\/\/www.youtube.com\/channel\/UC7V2KZ5sd3htJivAbA4ZG3w"],"description":"Dicodusport est l'encyclop\u00e9die de l'actualit\u00e9 sportive.","email":"bonjour@dicodusport.fr","legalName":"DICODUSPORT","foundingDate":"2018-01-14","vatID":"FR71834470973","taxID":"83447097300043","numberOfEmployees":{"@type":"QuantitativeValue","minValue":"1","maxValue":"10"}},{"@type":"Person","@id":"https:\/\/dicodusport.fr\/blog\/#\/schema\/person\/cb02af4c173ce4a653b55e9baf388d4a","name":"Flo Ostermann","image":{"@type":"ImageObject","inLanguage":"fr-FR","@id":"https:\/\/dicodusport.fr\/blog\/#\/schema\/person\/image\/","url":"https:\/\/dicodusport.fr\/blog\/wp-content\/uploads\/2021\/05\/Flo-Ostermann-150x150.jpg","contentUrl":"https:\/\/dicodusport.fr\/blog\/wp-content\/uploads\/2021\/05\/Flo-Ostermann-150x150.jpg","caption":"Flo Ostermann"},"description":"Journaliste\/R\u00e9dacteur depuis septembre 2015 - Mes premiers souvenirs dans le sport ? Les envol\u00e9es du Stade Toulousain et les duels Villeneuve-Schumacher et H\u00e4kkinen-Schumacher \u00e0 la fin des ann\u00e9es 90, la Coupe du monde de football en 1998, l\u2019exploit du XV de France face aux All Blacks en 1999, mais aussi Richard C\u0153ur de Lion qui vole sur les montagnes du Tour de France. Bien parti pour devenir professeur d\u2019EPS, les \u00e9v\u00e9nements de la vie (et la flemme d\u2019animer des s\u00e9ances de 3x500 m\u00e8tres toute ma vie) m\u2019ont conduit \u00e0 revoir mes plans. Me voil\u00e0 depuis fin 2017 sur Dicodusport, m\u00e9dia gr\u00e2ce (et pour) lequel je partage ma passion : le sport dans tous ses \u00e9tats. Le tout accompagn\u00e9 par les fous furieux et folles furieuses cit\u00e9s sur cette page !","sameAs":["https:\/\/www.facebook.com\/florent.ostermann","https:\/\/x.com\/https:\/\/twitter.com\/FlOstermann","admin"],"url":"https:\/\/dicodusport.fr\/blog\/author\/flo\/"}]}},"_links":{"self":[{"href":"https:\/\/dicodusport.fr\/blog\/wp-json\/wp\/v2\/posts\/262370","targetHints":{"allow":["GET"]}}],"collection":[{"href":"https:\/\/dicodusport.fr\/blog\/wp-json\/wp\/v2\/posts"}],"about":[{"href":"https:\/\/dicodusport.fr\/blog\/wp-json\/wp\/v2\/types\/post"}],"author":[{"embeddable":true,"href":"https:\/\/dicodusport.fr\/blog\/wp-json\/wp\/v2\/users\/4"}],"replies":[{"embeddable":true,"href":"https:\/\/dicodusport.fr\/blog\/wp-json\/wp\/v2\/comments?post=262370"}],"version-history":[{"count":0,"href":"https:\/\/dicodusport.fr\/blog\/wp-json\/wp\/v2\/posts\/262370\/revisions"}],"wp:featuredmedia":[{"embeddable":true,"href":"https:\/\/dicodusport.fr\/blog\/wp-json\/wp\/v2\/media\/361676"}],"wp:attachment":[{"href":"https:\/\/dicodusport.fr\/blog\/wp-json\/wp\/v2\/media?parent=262370"}],"wp:term":[{"taxonomy":"category","embeddable":true,"href":"https:\/\/dicodusport.fr\/blog\/wp-json\/wp\/v2\/categories?post=262370"},{"taxonomy":"post_tag","embeddable":true,"href":"https:\/\/dicodusport.fr\/blog\/wp-json\/wp\/v2\/tags?post=262370"}],"curies":[{"name":"wp","href":"https:\/\/api.w.org\/{rel}","templated":true}]}}