{"id":262526,"date":"2022-09-16T13:55:07","date_gmt":"2022-09-16T11:55:07","guid":{"rendered":"https:\/\/dicodusport.fr\/blog\/?p=262526&#038;preview=true&#038;preview_id=262526"},"modified":"2022-09-16T14:45:57","modified_gmt":"2022-09-16T12:45:57","slug":"biathlon-la-russie-et-la-bielorussie-restent-ecartees-des-competitions-organisees-par-libu","status":"publish","type":"post","link":"https:\/\/dicodusport.fr\/blog\/biathlon-la-russie-et-la-bielorussie-restent-ecartees-des-competitions-organisees-par-libu\/","title":{"rendered":"Biathlon : La Russie et la Bi\u00e9lorussie restent \u00e9cart\u00e9es des comp\u00e9titions organis\u00e9es par l&rsquo;IBU"},"content":{"rendered":"<p style=\"text-align: justify;\"><b><i><a href=\"https:\/\/dicodusport.fr\/blog\/actualites\/biathlon\/coupe-du-monde-biathlon-2022-2023\/\">COUPE DU MONDE DE BIATHLON 2022-2023<\/a> &#8211; Ce vendredi, l&rsquo;IBU a enterin\u00e9 la prolongation de la suspension des athl\u00e8tes russes et bi\u00e9lorusses pour les \u00e9preuves de Coupe du monde 2022-2023. M\u00eame chose pour les autres comp\u00e9titions organis\u00e9es par la f\u00e9d\u00e9ration internationale, dont l&rsquo;IBU Cup.<\/i><\/b><\/p>\n<p style=\"text-align: justify;\">C&rsquo;\u00e9tait attendu, c&rsquo;est d\u00e9sormais officiel. Les biathl\u00e8tes russes et bi\u00e9lorusses ne sont pas autoris\u00e9s \u00e0 disputer les \u00e9preuves de biathlon, organis\u00e9es par la <strong>f\u00e9d\u00e9ration internationale de biathlon (IBU)<\/strong>. Cette derni\u00e8re l&rsquo;a d\u00e9cid\u00e9 ce vendredi, lors de son congr\u00e8s annuel qui se tient \u00e0 Salzbourg (Autriche). En r\u00e9sum\u00e9, <strong>Coupe du monde<\/strong>, <a href=\"https:\/\/dicodusport.fr\/blog\/biathlon-ibu-cup-2022-2023-le-calendrier-complet\/\"><strong>IBU Cup<\/strong><\/a> et <strong>Junior Cup<\/strong> se d\u00e9rouleront sans les athl\u00e8tes de ces deux pays. M\u00eame chose pour les championnats d&rsquo;Europe (Arber, 26-30 janvier 2023) et les Mondiaux \u00e0 Oberhof (8-19 f\u00e9vrier 2023). Une d\u00e9cision officialis\u00e9e suite \u00e0 un vote, lors duquel la suspension a \u00e9t\u00e9 largement choisie (39 votes oui, 2 votes non et 5 abstentions). Une suspension qui fait suite, \u00e9videmment, \u00e0 la guerre men\u00e9e par les deux pays en Ukraine.<\/p>\n<h2 style=\"text-align: justify;\">Ce que dit l&rsquo;IBU<\/h2>\n<blockquote>\n<p style=\"text-align: justify;\">Le Congr\u00e8s de l\u2019IBU a adopt\u00e9 la motion soumise par le Comit\u00e9 ex\u00e9cutif pour confirmer la d\u00e9cision du 1er mars 2022 de ne pas autoriser la participation d\u2019athl\u00e8tes ou d\u2019officiels russes ou bi\u00e9lorusses \u00e0 ses \u00e9v\u00e9nements internationaux jusqu\u2019\u00e0 nouvel ordre. &#8211; <strong>Propos repris par Biathlon Live<\/strong><\/p>\n<\/blockquote>\n<blockquote class=\"twitter-tweet\">\n<p dir=\"ltr\" lang=\"en\">The IBU Congress has adopted the motion submitted by the Executive Board to confirm the EB decision dated 01 March 2022 to not allow participation of any Russian or Belarusian athletes or Officials at its International Events until further notice.<\/p>\n<p>Yes: 39<br \/>\nNo: 2<br \/>\nAbstained: 5 <a href=\"https:\/\/t.co\/sjMlgwyM9v\">pic.twitter.com\/sjMlgwyM9v<\/a><\/p>\n<p>\u2014 International Biathlon Union (@biathlonworld) <a href=\"https:\/\/twitter.com\/biathlonworld\/status\/1570719697720717312?ref_src=twsrc%5Etfw\">September 16, 2022<\/a><\/p><\/blockquote>\n<p><script async src=\"https:\/\/platform.twitter.com\/widgets.js\" charset=\"utf-8\"><\/script><\/p>\n<p>&nbsp;<\/p>\n","protected":false},"excerpt":{"rendered":"<p>COUPE DU MONDE DE BIATHLON 2022-2023 &#8211; Ce vendredi, l&rsquo;IBU a enterin\u00e9 la prolongation de la suspension des athl\u00e8tes russes et bi\u00e9lorusses pour les \u00e9preuves de Coupe du monde 2022-2023. M\u00eame chose pour les autres comp\u00e9titions organis\u00e9es par la f\u00e9d\u00e9ration internationale, dont l&rsquo;IBU Cup.<\/p>\n","protected":false},"author":4,"featured_media":262530,"comment_status":"open","ping_status":"closed","sticky":false,"template":"","format":"standard","meta":{"_acf_changed":false,"_daextam_enable_autolinks":"","footnotes":""},"categories":[47040],"tags":[2427,2695,2694],"class_list":["post-262526","post","type-post","status-publish","format-standard","has-post-thumbnail","hentry","category-coupe-du-monde-de-biathlon","tag-biathlon","tag-coupe-du-monde-de-biathlon","tag-ibu"],"acf":[],"yoast_head":"<!-- This site is optimized with the Yoast SEO Premium plugin v26.7 (Yoast SEO v26.7) - https:\/\/yoast.com\/wordpress\/plugins\/seo\/ -->\n<title>Biathlon : La Russie et la Bi\u00e9lorussie restent \u00e9cart\u00e9es des comp\u00e9titions organis\u00e9es par l&#039;IBU<\/title>\n<meta name=\"description\" content=\"COUPE DU MONDE DE BIATHLON 2022-2023 - Ce vendredi, l&#039;IBU a enterin\u00e9 la prolongation de la suspension des athl\u00e8tes russes et bi\u00e9lorusses.\" \/>\n<meta name=\"robots\" content=\"index, follow, max-snippet:-1, max-image-preview:large, max-video-preview:-1\" \/>\n<link rel=\"canonical\" href=\"https:\/\/dicodusport.fr\/blog\/biathlon-la-russie-et-la-bielorussie-restent-ecartees-des-competitions-organisees-par-libu\/\" \/>\n<meta property=\"og:locale\" content=\"fr_FR\" \/>\n<meta property=\"og:type\" content=\"article\" \/>\n<meta property=\"og:title\" content=\"Biathlon : La Russie et la Bi\u00e9lorussie restent \u00e9cart\u00e9es des comp\u00e9titions organis\u00e9es par l&#039;IBU\" \/>\n<meta property=\"og:description\" content=\"COUPE DU MONDE DE BIATHLON 2022-2023 - Ce vendredi, l&#039;IBU a enterin\u00e9 la prolongation de la suspension des athl\u00e8tes russes et bi\u00e9lorusses.\" \/>\n<meta property=\"og:url\" content=\"https:\/\/dicodusport.fr\/blog\/biathlon-la-russie-et-la-bielorussie-restent-ecartees-des-competitions-organisees-par-libu\/\" \/>\n<meta property=\"og:site_name\" content=\"Dicodusport\" \/>\n<meta property=\"article:publisher\" content=\"https:\/\/www.facebook.com\/dicodusport\" \/>\n<meta property=\"article:author\" content=\"https:\/\/www.facebook.com\/florent.ostermann\" \/>\n<meta property=\"article:published_time\" content=\"2022-09-16T11:55:07+00:00\" \/>\n<meta property=\"article:modified_time\" content=\"2022-09-16T12:45:57+00:00\" \/>\n<meta property=\"og:image\" content=\"https:\/\/dicodusport.fr\/blog\/wp-content\/uploads\/2022\/09\/Biathlon-La-Russie-et-la-Bielorussie-restent-ecartees-des-competitions-organisees-par-lIBU.png\" \/>\n\t<meta property=\"og:image:width\" content=\"800\" \/>\n\t<meta property=\"og:image:height\" content=\"445\" \/>\n\t<meta property=\"og:image:type\" content=\"image\/png\" \/>\n<meta name=\"author\" content=\"Flo Ostermann\" \/>\n<meta name=\"twitter:card\" content=\"summary_large_image\" \/>\n<meta name=\"twitter:title\" content=\"Biathlon : La Russie et la Bi\u00e9lorussie restent \u00e9cart\u00e9es des comp\u00e9titions organis\u00e9es par l&#039;IBU\" \/>\n<meta name=\"twitter:creator\" content=\"@https:\/\/twitter.com\/FlOstermann\" \/>\n<meta name=\"twitter:site\" content=\"@dicodusport\" \/>\n<script type=\"application\/ld+json\" class=\"yoast-schema-graph\">{\"@context\":\"https:\/\/schema.org\",\"@graph\":[{\"@type\":\"NewsArticle\",\"@id\":\"https:\/\/dicodusport.fr\/blog\/biathlon-la-russie-et-la-bielorussie-restent-ecartees-des-competitions-organisees-par-libu\/#article\",\"isPartOf\":{\"@id\":\"https:\/\/dicodusport.fr\/blog\/biathlon-la-russie-et-la-bielorussie-restent-ecartees-des-competitions-organisees-par-libu\/\"},\"author\":{\"name\":\"Flo Ostermann\",\"@id\":\"https:\/\/dicodusport.fr\/blog\/#\/schema\/person\/cb02af4c173ce4a653b55e9baf388d4a\"},\"headline\":\"Biathlon : La Russie et la Bi\u00e9lorussie restent \u00e9cart\u00e9es des comp\u00e9titions organis\u00e9es par l&rsquo;IBU\",\"datePublished\":\"2022-09-16T11:55:07+00:00\",\"dateModified\":\"2022-09-16T12:45:57+00:00\",\"mainEntityOfPage\":{\"@id\":\"https:\/\/dicodusport.fr\/blog\/biathlon-la-russie-et-la-bielorussie-restent-ecartees-des-competitions-organisees-par-libu\/\"},\"wordCount\":315,\"commentCount\":0,\"publisher\":{\"@id\":\"https:\/\/dicodusport.fr\/blog\/#organization\"},\"image\":{\"@id\":\"https:\/\/dicodusport.fr\/blog\/biathlon-la-russie-et-la-bielorussie-restent-ecartees-des-competitions-organisees-par-libu\/#primaryimage\"},\"thumbnailUrl\":\"https:\/\/dicodusport.fr\/blog\/wp-content\/uploads\/2022\/09\/Biathlon-La-Russie-et-la-Bielorussie-restent-ecartees-des-competitions-organisees-par-lIBU.png\",\"keywords\":[\"Biathlon\",\"Coupe du monde de Biathlon\",\"IBU\"],\"articleSection\":[\"Coupe du monde de biathlon\"],\"inLanguage\":\"fr-FR\",\"potentialAction\":[{\"@type\":\"CommentAction\",\"name\":\"Comment\",\"target\":[\"https:\/\/dicodusport.fr\/blog\/biathlon-la-russie-et-la-bielorussie-restent-ecartees-des-competitions-organisees-par-libu\/#respond\"]}],\"copyrightYear\":\"2022\",\"copyrightHolder\":{\"@id\":\"https:\/\/dicodusport.fr\/blog\/#organization\"}},{\"@type\":\"WebPage\",\"@id\":\"https:\/\/dicodusport.fr\/blog\/biathlon-la-russie-et-la-bielorussie-restent-ecartees-des-competitions-organisees-par-libu\/\",\"url\":\"https:\/\/dicodusport.fr\/blog\/biathlon-la-russie-et-la-bielorussie-restent-ecartees-des-competitions-organisees-par-libu\/\",\"name\":\"Biathlon : La Russie et la Bi\u00e9lorussie restent \u00e9cart\u00e9es des comp\u00e9titions organis\u00e9es par l'IBU\",\"isPartOf\":{\"@id\":\"https:\/\/dicodusport.fr\/blog\/#website\"},\"primaryImageOfPage\":{\"@id\":\"https:\/\/dicodusport.fr\/blog\/biathlon-la-russie-et-la-bielorussie-restent-ecartees-des-competitions-organisees-par-libu\/#primaryimage\"},\"image\":{\"@id\":\"https:\/\/dicodusport.fr\/blog\/biathlon-la-russie-et-la-bielorussie-restent-ecartees-des-competitions-organisees-par-libu\/#primaryimage\"},\"thumbnailUrl\":\"https:\/\/dicodusport.fr\/blog\/wp-content\/uploads\/2022\/09\/Biathlon-La-Russie-et-la-Bielorussie-restent-ecartees-des-competitions-organisees-par-lIBU.png\",\"datePublished\":\"2022-09-16T11:55:07+00:00\",\"dateModified\":\"2022-09-16T12:45:57+00:00\",\"description\":\"COUPE DU MONDE DE BIATHLON 2022-2023 - Ce vendredi, l'IBU a enterin\u00e9 la prolongation de la suspension des athl\u00e8tes russes et bi\u00e9lorusses.\",\"breadcrumb\":{\"@id\":\"https:\/\/dicodusport.fr\/blog\/biathlon-la-russie-et-la-bielorussie-restent-ecartees-des-competitions-organisees-par-libu\/#breadcrumb\"},\"inLanguage\":\"fr-FR\",\"potentialAction\":[{\"@type\":\"ReadAction\",\"target\":[\"https:\/\/dicodusport.fr\/blog\/biathlon-la-russie-et-la-bielorussie-restent-ecartees-des-competitions-organisees-par-libu\/\"]}]},{\"@type\":\"ImageObject\",\"inLanguage\":\"fr-FR\",\"@id\":\"https:\/\/dicodusport.fr\/blog\/biathlon-la-russie-et-la-bielorussie-restent-ecartees-des-competitions-organisees-par-libu\/#primaryimage\",\"url\":\"https:\/\/dicodusport.fr\/blog\/wp-content\/uploads\/2022\/09\/Biathlon-La-Russie-et-la-Bielorussie-restent-ecartees-des-competitions-organisees-par-lIBU.png\",\"contentUrl\":\"https:\/\/dicodusport.fr\/blog\/wp-content\/uploads\/2022\/09\/Biathlon-La-Russie-et-la-Bielorussie-restent-ecartees-des-competitions-organisees-par-lIBU.png\",\"width\":800,\"height\":445,\"caption\":\"Biathlon La Russie et la Bi\u00e9lorussie restent \u00e9cart\u00e9es des comp\u00e9titions organis\u00e9es par l'IBU\"},{\"@type\":\"BreadcrumbList\",\"@id\":\"https:\/\/dicodusport.fr\/blog\/biathlon-la-russie-et-la-bielorussie-restent-ecartees-des-competitions-organisees-par-libu\/#breadcrumb\",\"itemListElement\":[{\"@type\":\"ListItem\",\"position\":1,\"name\":\"Accueil\",\"item\":\"https:\/\/dicodusport.fr\/blog\/\"},{\"@type\":\"ListItem\",\"position\":2,\"name\":\"Biathlon : La Russie et la Bi\u00e9lorussie restent \u00e9cart\u00e9es des comp\u00e9titions organis\u00e9es par l&rsquo;IBU\"}]},{\"@type\":\"WebSite\",\"@id\":\"https:\/\/dicodusport.fr\/blog\/#website\",\"url\":\"https:\/\/dicodusport.fr\/blog\/\",\"name\":\"Dicodusport\",\"description\":\"L&#039;encyclop\u00e9die de l&#039;actualit\u00e9 sportive\",\"publisher\":{\"@id\":\"https:\/\/dicodusport.fr\/blog\/#organization\"},\"potentialAction\":[{\"@type\":\"SearchAction\",\"target\":{\"@type\":\"EntryPoint\",\"urlTemplate\":\"https:\/\/dicodusport.fr\/blog\/?s={search_term_string}\"},\"query-input\":{\"@type\":\"PropertyValueSpecification\",\"valueRequired\":true,\"valueName\":\"search_term_string\"}}],\"inLanguage\":\"fr-FR\"},{\"@type\":\"NewsMediaOrganization\",\"@id\":\"https:\/\/dicodusport.fr\/blog\/#organization\",\"name\":\"Dicodusport\",\"url\":\"https:\/\/dicodusport.fr\/blog\/\",\"logo\":{\"@type\":\"ImageObject\",\"inLanguage\":\"fr-FR\",\"@id\":\"https:\/\/dicodusport.fr\/blog\/#\/schema\/logo\/image\/\",\"url\":\"https:\/\/dicodusport.fr\/blog\/wp-content\/uploads\/2020\/06\/cropped-LOGO-DICODUSPORT-2020-SANS-FOND-SANS-TEXTE.png\",\"contentUrl\":\"https:\/\/dicodusport.fr\/blog\/wp-content\/uploads\/2020\/06\/cropped-LOGO-DICODUSPORT-2020-SANS-FOND-SANS-TEXTE.png\",\"width\":512,\"height\":512,\"caption\":\"Dicodusport\"},\"image\":{\"@id\":\"https:\/\/dicodusport.fr\/blog\/#\/schema\/logo\/image\/\"},\"sameAs\":[\"https:\/\/www.facebook.com\/dicodusport\",\"https:\/\/x.com\/dicodusport\",\"https:\/\/www.instagram.com\/dicodusport\/\",\"https:\/\/www.youtube.com\/channel\/UC7V2KZ5sd3htJivAbA4ZG3w\"],\"description\":\"Dicodusport est l'encyclop\u00e9die de l'actualit\u00e9 sportive.\",\"email\":\"bonjour@dicodusport.fr\",\"legalName\":\"DICODUSPORT\",\"foundingDate\":\"2018-01-14\",\"vatID\":\"FR71834470973\",\"taxID\":\"83447097300043\",\"numberOfEmployees\":{\"@type\":\"QuantitativeValue\",\"minValue\":\"1\",\"maxValue\":\"10\"}},{\"@type\":\"Person\",\"@id\":\"https:\/\/dicodusport.fr\/blog\/#\/schema\/person\/cb02af4c173ce4a653b55e9baf388d4a\",\"name\":\"Flo Ostermann\",\"image\":{\"@type\":\"ImageObject\",\"inLanguage\":\"fr-FR\",\"@id\":\"https:\/\/dicodusport.fr\/blog\/#\/schema\/person\/image\/\",\"url\":\"https:\/\/dicodusport.fr\/blog\/wp-content\/uploads\/2021\/05\/Flo-Ostermann-150x150.jpg\",\"contentUrl\":\"https:\/\/dicodusport.fr\/blog\/wp-content\/uploads\/2021\/05\/Flo-Ostermann-150x150.jpg\",\"caption\":\"Flo Ostermann\"},\"description\":\"Journaliste\/R\u00e9dacteur depuis septembre 2015 - Mes premiers souvenirs dans le sport ? Les envol\u00e9es du Stade Toulousain et les duels Villeneuve-Schumacher et H\u00e4kkinen-Schumacher \u00e0 la fin des ann\u00e9es 90, la Coupe du monde de football en 1998, l\u2019exploit du XV de France face aux All Blacks en 1999, mais aussi Richard C\u0153ur de Lion qui vole sur les montagnes du Tour de France. Bien parti pour devenir professeur d\u2019EPS, les \u00e9v\u00e9nements de la vie (et la flemme d\u2019animer des s\u00e9ances de 3x500 m\u00e8tres toute ma vie) m\u2019ont conduit \u00e0 revoir mes plans. Me voil\u00e0 depuis fin 2017 sur Dicodusport, m\u00e9dia gr\u00e2ce (et pour) lequel je partage ma passion : le sport dans tous ses \u00e9tats. Le tout accompagn\u00e9 par les fous furieux et folles furieuses cit\u00e9s sur cette page !\",\"sameAs\":[\"https:\/\/www.facebook.com\/florent.ostermann\",\"https:\/\/x.com\/https:\/\/twitter.com\/FlOstermann\",\"admin\"],\"url\":\"https:\/\/dicodusport.fr\/blog\/author\/flo\/\"}]}<\/script>\n<!-- \/ Yoast SEO Premium plugin. -->","yoast_head_json":{"title":"Biathlon : La Russie et la Bi\u00e9lorussie restent \u00e9cart\u00e9es des comp\u00e9titions organis\u00e9es par l'IBU","description":"COUPE DU MONDE DE BIATHLON 2022-2023 - Ce vendredi, l'IBU a enterin\u00e9 la prolongation de la suspension des athl\u00e8tes russes et bi\u00e9lorusses.","robots":{"index":"index","follow":"follow","max-snippet":"max-snippet:-1","max-image-preview":"max-image-preview:large","max-video-preview":"max-video-preview:-1"},"canonical":"https:\/\/dicodusport.fr\/blog\/biathlon-la-russie-et-la-bielorussie-restent-ecartees-des-competitions-organisees-par-libu\/","og_locale":"fr_FR","og_type":"article","og_title":"Biathlon : La Russie et la Bi\u00e9lorussie restent \u00e9cart\u00e9es des comp\u00e9titions organis\u00e9es par l'IBU","og_description":"COUPE DU MONDE DE BIATHLON 2022-2023 - Ce vendredi, l'IBU a enterin\u00e9 la prolongation de la suspension des athl\u00e8tes russes et bi\u00e9lorusses.","og_url":"https:\/\/dicodusport.fr\/blog\/biathlon-la-russie-et-la-bielorussie-restent-ecartees-des-competitions-organisees-par-libu\/","og_site_name":"Dicodusport","article_publisher":"https:\/\/www.facebook.com\/dicodusport","article_author":"https:\/\/www.facebook.com\/florent.ostermann","article_published_time":"2022-09-16T11:55:07+00:00","article_modified_time":"2022-09-16T12:45:57+00:00","og_image":[{"width":800,"height":445,"url":"https:\/\/dicodusport.fr\/blog\/wp-content\/uploads\/2022\/09\/Biathlon-La-Russie-et-la-Bielorussie-restent-ecartees-des-competitions-organisees-par-lIBU.png","type":"image\/png"}],"author":"Flo Ostermann","twitter_card":"summary_large_image","twitter_title":"Biathlon : La Russie et la Bi\u00e9lorussie restent \u00e9cart\u00e9es des comp\u00e9titions organis\u00e9es par l'IBU","twitter_creator":"@https:\/\/twitter.com\/FlOstermann","twitter_site":"@dicodusport","schema":{"@context":"https:\/\/schema.org","@graph":[{"@type":"NewsArticle","@id":"https:\/\/dicodusport.fr\/blog\/biathlon-la-russie-et-la-bielorussie-restent-ecartees-des-competitions-organisees-par-libu\/#article","isPartOf":{"@id":"https:\/\/dicodusport.fr\/blog\/biathlon-la-russie-et-la-bielorussie-restent-ecartees-des-competitions-organisees-par-libu\/"},"author":{"name":"Flo Ostermann","@id":"https:\/\/dicodusport.fr\/blog\/#\/schema\/person\/cb02af4c173ce4a653b55e9baf388d4a"},"headline":"Biathlon : La Russie et la Bi\u00e9lorussie restent \u00e9cart\u00e9es des comp\u00e9titions organis\u00e9es par l&rsquo;IBU","datePublished":"2022-09-16T11:55:07+00:00","dateModified":"2022-09-16T12:45:57+00:00","mainEntityOfPage":{"@id":"https:\/\/dicodusport.fr\/blog\/biathlon-la-russie-et-la-bielorussie-restent-ecartees-des-competitions-organisees-par-libu\/"},"wordCount":315,"commentCount":0,"publisher":{"@id":"https:\/\/dicodusport.fr\/blog\/#organization"},"image":{"@id":"https:\/\/dicodusport.fr\/blog\/biathlon-la-russie-et-la-bielorussie-restent-ecartees-des-competitions-organisees-par-libu\/#primaryimage"},"thumbnailUrl":"https:\/\/dicodusport.fr\/blog\/wp-content\/uploads\/2022\/09\/Biathlon-La-Russie-et-la-Bielorussie-restent-ecartees-des-competitions-organisees-par-lIBU.png","keywords":["Biathlon","Coupe du monde de Biathlon","IBU"],"articleSection":["Coupe du monde de biathlon"],"inLanguage":"fr-FR","potentialAction":[{"@type":"CommentAction","name":"Comment","target":["https:\/\/dicodusport.fr\/blog\/biathlon-la-russie-et-la-bielorussie-restent-ecartees-des-competitions-organisees-par-libu\/#respond"]}],"copyrightYear":"2022","copyrightHolder":{"@id":"https:\/\/dicodusport.fr\/blog\/#organization"}},{"@type":"WebPage","@id":"https:\/\/dicodusport.fr\/blog\/biathlon-la-russie-et-la-bielorussie-restent-ecartees-des-competitions-organisees-par-libu\/","url":"https:\/\/dicodusport.fr\/blog\/biathlon-la-russie-et-la-bielorussie-restent-ecartees-des-competitions-organisees-par-libu\/","name":"Biathlon : La Russie et la Bi\u00e9lorussie restent \u00e9cart\u00e9es des comp\u00e9titions organis\u00e9es par l'IBU","isPartOf":{"@id":"https:\/\/dicodusport.fr\/blog\/#website"},"primaryImageOfPage":{"@id":"https:\/\/dicodusport.fr\/blog\/biathlon-la-russie-et-la-bielorussie-restent-ecartees-des-competitions-organisees-par-libu\/#primaryimage"},"image":{"@id":"https:\/\/dicodusport.fr\/blog\/biathlon-la-russie-et-la-bielorussie-restent-ecartees-des-competitions-organisees-par-libu\/#primaryimage"},"thumbnailUrl":"https:\/\/dicodusport.fr\/blog\/wp-content\/uploads\/2022\/09\/Biathlon-La-Russie-et-la-Bielorussie-restent-ecartees-des-competitions-organisees-par-lIBU.png","datePublished":"2022-09-16T11:55:07+00:00","dateModified":"2022-09-16T12:45:57+00:00","description":"COUPE DU MONDE DE BIATHLON 2022-2023 - Ce vendredi, l'IBU a enterin\u00e9 la prolongation de la suspension des athl\u00e8tes russes et bi\u00e9lorusses.","breadcrumb":{"@id":"https:\/\/dicodusport.fr\/blog\/biathlon-la-russie-et-la-bielorussie-restent-ecartees-des-competitions-organisees-par-libu\/#breadcrumb"},"inLanguage":"fr-FR","potentialAction":[{"@type":"ReadAction","target":["https:\/\/dicodusport.fr\/blog\/biathlon-la-russie-et-la-bielorussie-restent-ecartees-des-competitions-organisees-par-libu\/"]}]},{"@type":"ImageObject","inLanguage":"fr-FR","@id":"https:\/\/dicodusport.fr\/blog\/biathlon-la-russie-et-la-bielorussie-restent-ecartees-des-competitions-organisees-par-libu\/#primaryimage","url":"https:\/\/dicodusport.fr\/blog\/wp-content\/uploads\/2022\/09\/Biathlon-La-Russie-et-la-Bielorussie-restent-ecartees-des-competitions-organisees-par-lIBU.png","contentUrl":"https:\/\/dicodusport.fr\/blog\/wp-content\/uploads\/2022\/09\/Biathlon-La-Russie-et-la-Bielorussie-restent-ecartees-des-competitions-organisees-par-lIBU.png","width":800,"height":445,"caption":"Biathlon La Russie et la Bi\u00e9lorussie restent \u00e9cart\u00e9es des comp\u00e9titions organis\u00e9es par l'IBU"},{"@type":"BreadcrumbList","@id":"https:\/\/dicodusport.fr\/blog\/biathlon-la-russie-et-la-bielorussie-restent-ecartees-des-competitions-organisees-par-libu\/#breadcrumb","itemListElement":[{"@type":"ListItem","position":1,"name":"Accueil","item":"https:\/\/dicodusport.fr\/blog\/"},{"@type":"ListItem","position":2,"name":"Biathlon : La Russie et la Bi\u00e9lorussie restent \u00e9cart\u00e9es des comp\u00e9titions organis\u00e9es par l&rsquo;IBU"}]},{"@type":"WebSite","@id":"https:\/\/dicodusport.fr\/blog\/#website","url":"https:\/\/dicodusport.fr\/blog\/","name":"Dicodusport","description":"L&#039;encyclop\u00e9die de l&#039;actualit\u00e9 sportive","publisher":{"@id":"https:\/\/dicodusport.fr\/blog\/#organization"},"potentialAction":[{"@type":"SearchAction","target":{"@type":"EntryPoint","urlTemplate":"https:\/\/dicodusport.fr\/blog\/?s={search_term_string}"},"query-input":{"@type":"PropertyValueSpecification","valueRequired":true,"valueName":"search_term_string"}}],"inLanguage":"fr-FR"},{"@type":"NewsMediaOrganization","@id":"https:\/\/dicodusport.fr\/blog\/#organization","name":"Dicodusport","url":"https:\/\/dicodusport.fr\/blog\/","logo":{"@type":"ImageObject","inLanguage":"fr-FR","@id":"https:\/\/dicodusport.fr\/blog\/#\/schema\/logo\/image\/","url":"https:\/\/dicodusport.fr\/blog\/wp-content\/uploads\/2020\/06\/cropped-LOGO-DICODUSPORT-2020-SANS-FOND-SANS-TEXTE.png","contentUrl":"https:\/\/dicodusport.fr\/blog\/wp-content\/uploads\/2020\/06\/cropped-LOGO-DICODUSPORT-2020-SANS-FOND-SANS-TEXTE.png","width":512,"height":512,"caption":"Dicodusport"},"image":{"@id":"https:\/\/dicodusport.fr\/blog\/#\/schema\/logo\/image\/"},"sameAs":["https:\/\/www.facebook.com\/dicodusport","https:\/\/x.com\/dicodusport","https:\/\/www.instagram.com\/dicodusport\/","https:\/\/www.youtube.com\/channel\/UC7V2KZ5sd3htJivAbA4ZG3w"],"description":"Dicodusport est l'encyclop\u00e9die de l'actualit\u00e9 sportive.","email":"bonjour@dicodusport.fr","legalName":"DICODUSPORT","foundingDate":"2018-01-14","vatID":"FR71834470973","taxID":"83447097300043","numberOfEmployees":{"@type":"QuantitativeValue","minValue":"1","maxValue":"10"}},{"@type":"Person","@id":"https:\/\/dicodusport.fr\/blog\/#\/schema\/person\/cb02af4c173ce4a653b55e9baf388d4a","name":"Flo Ostermann","image":{"@type":"ImageObject","inLanguage":"fr-FR","@id":"https:\/\/dicodusport.fr\/blog\/#\/schema\/person\/image\/","url":"https:\/\/dicodusport.fr\/blog\/wp-content\/uploads\/2021\/05\/Flo-Ostermann-150x150.jpg","contentUrl":"https:\/\/dicodusport.fr\/blog\/wp-content\/uploads\/2021\/05\/Flo-Ostermann-150x150.jpg","caption":"Flo Ostermann"},"description":"Journaliste\/R\u00e9dacteur depuis septembre 2015 - Mes premiers souvenirs dans le sport ? Les envol\u00e9es du Stade Toulousain et les duels Villeneuve-Schumacher et H\u00e4kkinen-Schumacher \u00e0 la fin des ann\u00e9es 90, la Coupe du monde de football en 1998, l\u2019exploit du XV de France face aux All Blacks en 1999, mais aussi Richard C\u0153ur de Lion qui vole sur les montagnes du Tour de France. Bien parti pour devenir professeur d\u2019EPS, les \u00e9v\u00e9nements de la vie (et la flemme d\u2019animer des s\u00e9ances de 3x500 m\u00e8tres toute ma vie) m\u2019ont conduit \u00e0 revoir mes plans. Me voil\u00e0 depuis fin 2017 sur Dicodusport, m\u00e9dia gr\u00e2ce (et pour) lequel je partage ma passion : le sport dans tous ses \u00e9tats. Le tout accompagn\u00e9 par les fous furieux et folles furieuses cit\u00e9s sur cette page !","sameAs":["https:\/\/www.facebook.com\/florent.ostermann","https:\/\/x.com\/https:\/\/twitter.com\/FlOstermann","admin"],"url":"https:\/\/dicodusport.fr\/blog\/author\/flo\/"}]}},"_links":{"self":[{"href":"https:\/\/dicodusport.fr\/blog\/wp-json\/wp\/v2\/posts\/262526","targetHints":{"allow":["GET"]}}],"collection":[{"href":"https:\/\/dicodusport.fr\/blog\/wp-json\/wp\/v2\/posts"}],"about":[{"href":"https:\/\/dicodusport.fr\/blog\/wp-json\/wp\/v2\/types\/post"}],"author":[{"embeddable":true,"href":"https:\/\/dicodusport.fr\/blog\/wp-json\/wp\/v2\/users\/4"}],"replies":[{"embeddable":true,"href":"https:\/\/dicodusport.fr\/blog\/wp-json\/wp\/v2\/comments?post=262526"}],"version-history":[{"count":0,"href":"https:\/\/dicodusport.fr\/blog\/wp-json\/wp\/v2\/posts\/262526\/revisions"}],"wp:featuredmedia":[{"embeddable":true,"href":"https:\/\/dicodusport.fr\/blog\/wp-json\/wp\/v2\/media\/262530"}],"wp:attachment":[{"href":"https:\/\/dicodusport.fr\/blog\/wp-json\/wp\/v2\/media?parent=262526"}],"wp:term":[{"taxonomy":"category","embeddable":true,"href":"https:\/\/dicodusport.fr\/blog\/wp-json\/wp\/v2\/categories?post=262526"},{"taxonomy":"post_tag","embeddable":true,"href":"https:\/\/dicodusport.fr\/blog\/wp-json\/wp\/v2\/tags?post=262526"}],"curies":[{"name":"wp","href":"https:\/\/api.w.org\/{rel}","templated":true}]}}