{"id":262535,"date":"2022-09-16T15:52:10","date_gmt":"2022-09-16T13:52:10","guid":{"rendered":"https:\/\/dicodusport.fr\/blog\/?p=262535&#038;preview=true&#038;preview_id=262535"},"modified":"2022-09-16T16:24:21","modified_gmt":"2022-09-16T14:24:21","slug":"tour-du-luxembourg-mattias-skjelmose-jensen-fait-coup-double-sur-le-chrono-de-la-4eme-etape","status":"publish","type":"post","link":"https:\/\/dicodusport.fr\/blog\/tour-du-luxembourg-mattias-skjelmose-jensen-fait-coup-double-sur-le-chrono-de-la-4eme-etape\/","title":{"rendered":"Tour du Luxembourg : Mattias Skjelmose Jensen fait coup double sur le chrono de la 4\u00e8me \u00e9tape"},"content":{"rendered":"<p style=\"text-align: justify;\"><em><strong><a href=\"https:\/\/dicodusport.fr\/blog\/actualites\/cyclisme\/cyclisme-sur-route-2022\/\">CYCLISME SUR ROUTE 2022<\/a> &#8211; Mattias Skjelmose Jensen (Trek Segafredo) a remport\u00e9 la quatri\u00e8me \u00e9tape du 82\u00e8me Tour du Luxembourg \u00e0 Remich<\/strong><\/em><em><strong><span class=\"tojvnm2t a6sixzi8 abs2jz4q a8s20v7p t1p8iaqh k5wvi7nf q3lfd5jv pk4s997a bipmatt0 cebpdrjk qowsmv63 owwhemhu dp1hu0rb dhp61c6y iyyx5f41\"><span class=\"f7rl1if4 adechonz f6oz4yja dahkl6ri axrg9lpx rufpak1n qtovjlwq qbmienfq rfyhaz4c rdmi1yqr ohrdq8us nswx41af fawcizw8 l1aqi3e3 sdu1flz4\">. Il a devanc\u00e9 K\u00e9vin Vauquelin (Arkea Samsic) et Morten Hulgaard (Uno-X Pro Cyling).<\/span><\/span><\/strong><\/em><em><strong><span class=\"tojvnm2t a6sixzi8 abs2jz4q a8s20v7p t1p8iaqh k5wvi7nf q3lfd5jv pk4s997a bipmatt0 cebpdrjk qowsmv63 owwhemhu dp1hu0rb dhp61c6y iyyx5f41\"><span class=\"f7rl1if4 adechonz f6oz4yja dahkl6ri axrg9lpx rufpak1n qtovjlwq qbmienfq rfyhaz4c rdmi1yqr ohrdq8us nswx41af fawcizw8 l1aqi3e3 sdu1flz4\"> Mattias Skjelmose Jensen prend les commandes du g\u00e9n\u00e9ral.<br \/>\n<\/span><\/span><\/strong><\/em><\/p>\n<p style=\"text-align: justify;\">Au d\u00e9part, ils \u00e9taient 36 coureurs en 18 secondes au classement g\u00e9n\u00e9ral. Mais, ce contre-la-montre de 26,1 kilom\u00e8tres autour de Remich a permis de faire des \u00e9carts entre les pr\u00e9tendants. Le parcours proposait deux belles bosses dans la premi\u00e8re moiti\u00e9 avant un final tout plat le long de la Moselle.<\/p>\n<h2 style=\"text-align: justify;\">Les jeunes au pouvoir<\/h2>\n<p style=\"text-align: justify;\">3e du Tour de Wallonie et du Tour de La Provence cette saison, <strong>Mattias Skjelmose Jensen<\/strong> (Trek Segafredo) est parti tr\u00e8s fort sur une route mouill\u00e9e. Le Danois de 21 ans s&rsquo;\u00e9tait montr\u00e9 le plus rapide au temps interm\u00e9diaire apr\u00e8s les deux c\u00f4tes, avec 1 seconde d&rsquo;avance sur <strong>Benjamin Thomas<\/strong> (Cofidis). Finalement, <strong>Skjelmose Jensen<\/strong> a acc\u00e9l\u00e9r\u00e9 dans la partie finale pour r\u00e9aliser le meilleur temps en 34 minutes 5 secondes et 95 centi\u00e8mes, signant pour la m\u00eame occasion sa premi\u00e8re victoire professionnelle.<\/p>\n<p style=\"text-align: justify;\">Ensuite, le jeune coureur fran\u00e7ais de 21 ans <strong>K\u00e9vin Vauquelin<\/strong> (Arkea Samsic) a r\u00e9alis\u00e9 le deuxi\u00e8me chrono en 34 minutes 8 secondes et 28 secondes. Le natif de Bayeux a confirm\u00e9 ses excellents r\u00e9sultats depuis le d\u00e9but de saison, avec notamment une deuxi\u00e8me place sur le dernier Tour du Poitou-Charentes derri\u00e8re <strong>Stefan K\u00fcng<\/strong>. Un autre Danois a compl\u00e9t\u00e9 le podium de l&rsquo;\u00e9tape du jour : <strong>Morten Hulgaard<\/strong> (Uno-X Pro Cycling) troisi\u00e8me \u00e0 13 secondes. Ce dernier \u00e9tait parti sous des conditions tr\u00e8s humides \u00e0 cause d&rsquo;un orage.<\/p>\n<h2 style=\"text-align: justify;\">Des fortunes diverses pour les Fran\u00e7ais<\/h2>\n<p style=\"text-align: justify;\">La d\u00e9ception est venue de <strong>Benjamin Thomas<\/strong> (Cofidis) puisque le laur\u00e9at des Boucles de la Mayenne a connu une crevaison juste apr\u00e8s l&rsquo;interm\u00e9diaire apr\u00e8s une excellente premi\u00e8re partie de course. Il a fini 13\u00e8me \u00e0 45 secondes.<\/p>\n<p style=\"text-align: justify;\">Enfin, du c\u00f4t\u00e9 de <strong>Valentin Madouas<\/strong> (Groupama FDJ), le maillot jaune a limit\u00e9 la casse avec le 10e chrono \u00e0 39 secondes. Au classement g\u00e9n\u00e9ral, <strong>Mattias Skjelmose Jensen<\/strong> (Trek Segafredo) a pris les commandes du g\u00e9n\u00e9ral avant la derni\u00e8re \u00e9tape de demain avec un final accident\u00e9 dans la ville de Luxembourg. <strong>K\u00e9vin Vauquelin<\/strong> (Arkea Samsic) accuse un retard de 3 secondes devant <strong>Sjoerd Bax<\/strong> (Alpecin Deceuninck), 3e \u00e0 14 secondes, et <strong>Valentin Madouas<\/strong> (Groupama FDJ), 4e \u00e0 21 secondes.<\/p>\n<h2 style=\"text-align: justify;\">\u00c0 lire aussi<\/h2>\n<ul>\n<li style=\"text-align: justify;\"><a href=\"https:\/\/dicodusport.fr\/blog\/tour-du-luxembourg-2022-classement-4eme-etape\/\"><strong>Le classement de la 4\u00e8me \u00e9tape du Tour du Luxembourg 2022<\/strong><\/a><\/li>\n<li style=\"text-align: justify;\"><a href=\"https:\/\/dicodusport.fr\/blog\/tour-du-luxembourg-2022-classement-general\/\"><strong>Le classement g\u00e9n\u00e9ral du Tour du Luxembourg 2022<\/strong><\/a><\/li>\n<\/ul>\n","protected":false},"excerpt":{"rendered":"<p>CYCLISME SUR ROUTE 2022 &#8211; Mattias Skjelmose Jensen (Trek Segafredo) a remport\u00e9 la quatri\u00e8me \u00e9tape du 82\u00e8me Tour du Luxembourg \u00e0 Remich. Il a devanc\u00e9 Kevin Vauquelin (Arkea Samsic) et Morten Hulgaard (Uno-X Pro Cyling). Mattias Skjelmose Jensen prend les commandes du g\u00e9n\u00e9ral.<\/p>\n","protected":false},"author":48,"featured_media":262574,"comment_status":"open","ping_status":"closed","sticky":false,"template":"","format":"standard","meta":{"_acf_changed":false,"_daextam_enable_autolinks":"","footnotes":""},"categories":[46994],"tags":[574,19186],"class_list":["post-262535","post","type-post","status-publish","format-standard","has-post-thumbnail","hentry","category-cyclisme-sur-route","tag-cyclisme","tag-tour-du-luxembourg"],"acf":[],"yoast_head":"<!-- This site is optimized with the Yoast SEO Premium plugin v26.7 (Yoast SEO v26.7) - https:\/\/yoast.com\/wordpress\/plugins\/seo\/ -->\n<title>Tour du Luxembourg : Mattias Skjelmose Jensen fait coup double sur le chrono de la 4\u00e8me \u00e9tape<\/title>\n<meta name=\"description\" content=\"CYCLISME SUR ROUTE 2022 - Mattias Skjelmose Jensen (Trek Segafredo) a remport\u00e9 la quatri\u00e8me \u00e9tape du 82\u00e8me Tour du Luxembourg \u00e0 Remich.\" \/>\n<meta name=\"robots\" content=\"index, follow, max-snippet:-1, max-image-preview:large, max-video-preview:-1\" \/>\n<link rel=\"canonical\" href=\"https:\/\/dicodusport.fr\/blog\/tour-du-luxembourg-mattias-skjelmose-jensen-fait-coup-double-sur-le-chrono-de-la-4eme-etape\/\" \/>\n<meta property=\"og:locale\" content=\"fr_FR\" \/>\n<meta property=\"og:type\" content=\"article\" \/>\n<meta property=\"og:title\" content=\"Tour du Luxembourg : Mattias Skjelmose Jensen fait coup double sur le chrono de la 4\u00e8me \u00e9tape\" \/>\n<meta property=\"og:description\" content=\"CYCLISME SUR ROUTE 2022 - Mattias Skjelmose Jensen (Trek Segafredo) a remport\u00e9 la quatri\u00e8me \u00e9tape du 82\u00e8me Tour du Luxembourg \u00e0 Remich.\" \/>\n<meta property=\"og:url\" content=\"https:\/\/dicodusport.fr\/blog\/tour-du-luxembourg-mattias-skjelmose-jensen-fait-coup-double-sur-le-chrono-de-la-4eme-etape\/\" \/>\n<meta property=\"og:site_name\" content=\"Dicodusport\" \/>\n<meta property=\"article:publisher\" content=\"https:\/\/www.facebook.com\/dicodusport\" \/>\n<meta property=\"article:author\" content=\"https:\/\/www.facebook.com\/groups\/LesRoisDuPeloton\" \/>\n<meta property=\"article:published_time\" content=\"2022-09-16T13:52:10+00:00\" \/>\n<meta property=\"article:modified_time\" content=\"2022-09-16T14:24:21+00:00\" \/>\n<meta property=\"og:image\" content=\"https:\/\/dicodusport.fr\/blog\/wp-content\/uploads\/2022\/09\/Tour-du-Luxembourg-Mattias-Skjelmose-Jensen-fait-coup-double-sur-le-chrono-de-la-4eme-etape.png\" \/>\n\t<meta property=\"og:image:width\" content=\"800\" \/>\n\t<meta property=\"og:image:height\" content=\"445\" \/>\n\t<meta property=\"og:image:type\" content=\"image\/png\" \/>\n<meta name=\"author\" content=\"Emilien Descampiaux\" \/>\n<meta name=\"twitter:card\" content=\"summary_large_image\" \/>\n<meta name=\"twitter:title\" content=\"Tour du Luxembourg : Mattias Skjelmose Jensen fait coup double sur le chrono de la 4\u00e8me \u00e9tape\" \/>\n<meta name=\"twitter:creator\" content=\"@https:\/\/twitter.com\/LRoisDuPeloton\" \/>\n<meta name=\"twitter:site\" content=\"@dicodusport\" \/>\n<script type=\"application\/ld+json\" class=\"yoast-schema-graph\">{\"@context\":\"https:\/\/schema.org\",\"@graph\":[{\"@type\":\"NewsArticle\",\"@id\":\"https:\/\/dicodusport.fr\/blog\/tour-du-luxembourg-mattias-skjelmose-jensen-fait-coup-double-sur-le-chrono-de-la-4eme-etape\/#article\",\"isPartOf\":{\"@id\":\"https:\/\/dicodusport.fr\/blog\/tour-du-luxembourg-mattias-skjelmose-jensen-fait-coup-double-sur-le-chrono-de-la-4eme-etape\/\"},\"author\":{\"name\":\"Emilien Descampiaux\",\"@id\":\"https:\/\/dicodusport.fr\/blog\/#\/schema\/person\/6db4bae06b171592211be385b32876a7\"},\"headline\":\"Tour du Luxembourg : Mattias Skjelmose Jensen fait coup double sur le chrono de la 4\u00e8me \u00e9tape\",\"datePublished\":\"2022-09-16T13:52:10+00:00\",\"dateModified\":\"2022-09-16T14:24:21+00:00\",\"mainEntityOfPage\":{\"@id\":\"https:\/\/dicodusport.fr\/blog\/tour-du-luxembourg-mattias-skjelmose-jensen-fait-coup-double-sur-le-chrono-de-la-4eme-etape\/\"},\"wordCount\":450,\"commentCount\":0,\"publisher\":{\"@id\":\"https:\/\/dicodusport.fr\/blog\/#organization\"},\"image\":{\"@id\":\"https:\/\/dicodusport.fr\/blog\/tour-du-luxembourg-mattias-skjelmose-jensen-fait-coup-double-sur-le-chrono-de-la-4eme-etape\/#primaryimage\"},\"thumbnailUrl\":\"https:\/\/dicodusport.fr\/blog\/wp-content\/uploads\/2022\/09\/Tour-du-Luxembourg-Mattias-Skjelmose-Jensen-fait-coup-double-sur-le-chrono-de-la-4eme-etape.png\",\"keywords\":[\"Cyclisme\",\"Tour du Luxembourg\"],\"articleSection\":[\"Cyclisme sur route\"],\"inLanguage\":\"fr-FR\",\"potentialAction\":[{\"@type\":\"CommentAction\",\"name\":\"Comment\",\"target\":[\"https:\/\/dicodusport.fr\/blog\/tour-du-luxembourg-mattias-skjelmose-jensen-fait-coup-double-sur-le-chrono-de-la-4eme-etape\/#respond\"]}],\"copyrightYear\":\"2022\",\"copyrightHolder\":{\"@id\":\"https:\/\/dicodusport.fr\/blog\/#organization\"}},{\"@type\":\"WebPage\",\"@id\":\"https:\/\/dicodusport.fr\/blog\/tour-du-luxembourg-mattias-skjelmose-jensen-fait-coup-double-sur-le-chrono-de-la-4eme-etape\/\",\"url\":\"https:\/\/dicodusport.fr\/blog\/tour-du-luxembourg-mattias-skjelmose-jensen-fait-coup-double-sur-le-chrono-de-la-4eme-etape\/\",\"name\":\"Tour du Luxembourg : Mattias Skjelmose Jensen fait coup double sur le chrono de la 4\u00e8me \u00e9tape\",\"isPartOf\":{\"@id\":\"https:\/\/dicodusport.fr\/blog\/#website\"},\"primaryImageOfPage\":{\"@id\":\"https:\/\/dicodusport.fr\/blog\/tour-du-luxembourg-mattias-skjelmose-jensen-fait-coup-double-sur-le-chrono-de-la-4eme-etape\/#primaryimage\"},\"image\":{\"@id\":\"https:\/\/dicodusport.fr\/blog\/tour-du-luxembourg-mattias-skjelmose-jensen-fait-coup-double-sur-le-chrono-de-la-4eme-etape\/#primaryimage\"},\"thumbnailUrl\":\"https:\/\/dicodusport.fr\/blog\/wp-content\/uploads\/2022\/09\/Tour-du-Luxembourg-Mattias-Skjelmose-Jensen-fait-coup-double-sur-le-chrono-de-la-4eme-etape.png\",\"datePublished\":\"2022-09-16T13:52:10+00:00\",\"dateModified\":\"2022-09-16T14:24:21+00:00\",\"description\":\"CYCLISME SUR ROUTE 2022 - Mattias Skjelmose Jensen (Trek Segafredo) a remport\u00e9 la quatri\u00e8me \u00e9tape du 82\u00e8me Tour du Luxembourg \u00e0 Remich.\",\"breadcrumb\":{\"@id\":\"https:\/\/dicodusport.fr\/blog\/tour-du-luxembourg-mattias-skjelmose-jensen-fait-coup-double-sur-le-chrono-de-la-4eme-etape\/#breadcrumb\"},\"inLanguage\":\"fr-FR\",\"potentialAction\":[{\"@type\":\"ReadAction\",\"target\":[\"https:\/\/dicodusport.fr\/blog\/tour-du-luxembourg-mattias-skjelmose-jensen-fait-coup-double-sur-le-chrono-de-la-4eme-etape\/\"]}]},{\"@type\":\"ImageObject\",\"inLanguage\":\"fr-FR\",\"@id\":\"https:\/\/dicodusport.fr\/blog\/tour-du-luxembourg-mattias-skjelmose-jensen-fait-coup-double-sur-le-chrono-de-la-4eme-etape\/#primaryimage\",\"url\":\"https:\/\/dicodusport.fr\/blog\/wp-content\/uploads\/2022\/09\/Tour-du-Luxembourg-Mattias-Skjelmose-Jensen-fait-coup-double-sur-le-chrono-de-la-4eme-etape.png\",\"contentUrl\":\"https:\/\/dicodusport.fr\/blog\/wp-content\/uploads\/2022\/09\/Tour-du-Luxembourg-Mattias-Skjelmose-Jensen-fait-coup-double-sur-le-chrono-de-la-4eme-etape.png\",\"width\":800,\"height\":445,\"caption\":\"Tour du Luxembourg Mattias Skjelmose Jensen fait coup double sur le chrono de la 4\u00e8me \u00e9tape\"},{\"@type\":\"BreadcrumbList\",\"@id\":\"https:\/\/dicodusport.fr\/blog\/tour-du-luxembourg-mattias-skjelmose-jensen-fait-coup-double-sur-le-chrono-de-la-4eme-etape\/#breadcrumb\",\"itemListElement\":[{\"@type\":\"ListItem\",\"position\":1,\"name\":\"Accueil\",\"item\":\"https:\/\/dicodusport.fr\/blog\/\"},{\"@type\":\"ListItem\",\"position\":2,\"name\":\"Tour du Luxembourg : Mattias Skjelmose Jensen fait coup double sur le chrono de la 4\u00e8me \u00e9tape\"}]},{\"@type\":\"WebSite\",\"@id\":\"https:\/\/dicodusport.fr\/blog\/#website\",\"url\":\"https:\/\/dicodusport.fr\/blog\/\",\"name\":\"Dicodusport\",\"description\":\"L&#039;encyclop\u00e9die de l&#039;actualit\u00e9 sportive\",\"publisher\":{\"@id\":\"https:\/\/dicodusport.fr\/blog\/#organization\"},\"potentialAction\":[{\"@type\":\"SearchAction\",\"target\":{\"@type\":\"EntryPoint\",\"urlTemplate\":\"https:\/\/dicodusport.fr\/blog\/?s={search_term_string}\"},\"query-input\":{\"@type\":\"PropertyValueSpecification\",\"valueRequired\":true,\"valueName\":\"search_term_string\"}}],\"inLanguage\":\"fr-FR\"},{\"@type\":\"NewsMediaOrganization\",\"@id\":\"https:\/\/dicodusport.fr\/blog\/#organization\",\"name\":\"Dicodusport\",\"url\":\"https:\/\/dicodusport.fr\/blog\/\",\"logo\":{\"@type\":\"ImageObject\",\"inLanguage\":\"fr-FR\",\"@id\":\"https:\/\/dicodusport.fr\/blog\/#\/schema\/logo\/image\/\",\"url\":\"https:\/\/dicodusport.fr\/blog\/wp-content\/uploads\/2020\/06\/cropped-LOGO-DICODUSPORT-2020-SANS-FOND-SANS-TEXTE.png\",\"contentUrl\":\"https:\/\/dicodusport.fr\/blog\/wp-content\/uploads\/2020\/06\/cropped-LOGO-DICODUSPORT-2020-SANS-FOND-SANS-TEXTE.png\",\"width\":512,\"height\":512,\"caption\":\"Dicodusport\"},\"image\":{\"@id\":\"https:\/\/dicodusport.fr\/blog\/#\/schema\/logo\/image\/\"},\"sameAs\":[\"https:\/\/www.facebook.com\/dicodusport\",\"https:\/\/x.com\/dicodusport\",\"https:\/\/www.instagram.com\/dicodusport\/\",\"https:\/\/www.youtube.com\/channel\/UC7V2KZ5sd3htJivAbA4ZG3w\"],\"description\":\"Dicodusport est l'encyclop\u00e9die de l'actualit\u00e9 sportive.\",\"email\":\"bonjour@dicodusport.fr\",\"legalName\":\"DICODUSPORT\",\"foundingDate\":\"2018-01-14\",\"vatID\":\"FR71834470973\",\"taxID\":\"83447097300043\",\"numberOfEmployees\":{\"@type\":\"QuantitativeValue\",\"minValue\":\"1\",\"maxValue\":\"10\"}},{\"@type\":\"Person\",\"@id\":\"https:\/\/dicodusport.fr\/blog\/#\/schema\/person\/6db4bae06b171592211be385b32876a7\",\"name\":\"Emilien Descampiaux\",\"image\":{\"@type\":\"ImageObject\",\"inLanguage\":\"fr-FR\",\"@id\":\"https:\/\/dicodusport.fr\/blog\/#\/schema\/person\/image\/\",\"url\":\"https:\/\/dicodusport.fr\/blog\/wp-content\/uploads\/2021\/05\/Emilien-Descampiaux-150x150.jpg\",\"contentUrl\":\"https:\/\/dicodusport.fr\/blog\/wp-content\/uploads\/2021\/05\/Emilien-Descampiaux-150x150.jpg\",\"caption\":\"Emilien Descampiaux\"},\"description\":\"Journaliste\/r\u00e9dacteur depuis 2014 - Fan de la classe de Frank Vandenbroucke, je vis cyclisme (et de ses paysages) depuis plus de 20 ans. Je suis tr\u00e8s impliqu\u00e9 sur mes diff\u00e9rents r\u00e9seaux sociaux pour partager ma passion sur le monde et l'Histoire de la bicyclette avec ma voix sur les images en noir et blanc du succ\u00e8s de Rik Van Steenbergen lors du Ronde sur le V\u00e9lodrome de Gand.\",\"sameAs\":[\"https:\/\/www.facebook.com\/groups\/LesRoisDuPeloton\",\"https:\/\/x.com\/https:\/\/twitter.com\/LRoisDuPeloton\"],\"url\":\"https:\/\/dicodusport.fr\/blog\/author\/emiliend\/\"}]}<\/script>\n<!-- \/ Yoast SEO Premium plugin. -->","yoast_head_json":{"title":"Tour du Luxembourg : Mattias Skjelmose Jensen fait coup double sur le chrono de la 4\u00e8me \u00e9tape","description":"CYCLISME SUR ROUTE 2022 - Mattias Skjelmose Jensen (Trek Segafredo) a remport\u00e9 la quatri\u00e8me \u00e9tape du 82\u00e8me Tour du Luxembourg \u00e0 Remich.","robots":{"index":"index","follow":"follow","max-snippet":"max-snippet:-1","max-image-preview":"max-image-preview:large","max-video-preview":"max-video-preview:-1"},"canonical":"https:\/\/dicodusport.fr\/blog\/tour-du-luxembourg-mattias-skjelmose-jensen-fait-coup-double-sur-le-chrono-de-la-4eme-etape\/","og_locale":"fr_FR","og_type":"article","og_title":"Tour du Luxembourg : Mattias Skjelmose Jensen fait coup double sur le chrono de la 4\u00e8me \u00e9tape","og_description":"CYCLISME SUR ROUTE 2022 - Mattias Skjelmose Jensen (Trek Segafredo) a remport\u00e9 la quatri\u00e8me \u00e9tape du 82\u00e8me Tour du Luxembourg \u00e0 Remich.","og_url":"https:\/\/dicodusport.fr\/blog\/tour-du-luxembourg-mattias-skjelmose-jensen-fait-coup-double-sur-le-chrono-de-la-4eme-etape\/","og_site_name":"Dicodusport","article_publisher":"https:\/\/www.facebook.com\/dicodusport","article_author":"https:\/\/www.facebook.com\/groups\/LesRoisDuPeloton","article_published_time":"2022-09-16T13:52:10+00:00","article_modified_time":"2022-09-16T14:24:21+00:00","og_image":[{"width":800,"height":445,"url":"https:\/\/dicodusport.fr\/blog\/wp-content\/uploads\/2022\/09\/Tour-du-Luxembourg-Mattias-Skjelmose-Jensen-fait-coup-double-sur-le-chrono-de-la-4eme-etape.png","type":"image\/png"}],"author":"Emilien Descampiaux","twitter_card":"summary_large_image","twitter_title":"Tour du Luxembourg : Mattias Skjelmose Jensen fait coup double sur le chrono de la 4\u00e8me \u00e9tape","twitter_creator":"@https:\/\/twitter.com\/LRoisDuPeloton","twitter_site":"@dicodusport","schema":{"@context":"https:\/\/schema.org","@graph":[{"@type":"NewsArticle","@id":"https:\/\/dicodusport.fr\/blog\/tour-du-luxembourg-mattias-skjelmose-jensen-fait-coup-double-sur-le-chrono-de-la-4eme-etape\/#article","isPartOf":{"@id":"https:\/\/dicodusport.fr\/blog\/tour-du-luxembourg-mattias-skjelmose-jensen-fait-coup-double-sur-le-chrono-de-la-4eme-etape\/"},"author":{"name":"Emilien Descampiaux","@id":"https:\/\/dicodusport.fr\/blog\/#\/schema\/person\/6db4bae06b171592211be385b32876a7"},"headline":"Tour du Luxembourg : Mattias Skjelmose Jensen fait coup double sur le chrono de la 4\u00e8me \u00e9tape","datePublished":"2022-09-16T13:52:10+00:00","dateModified":"2022-09-16T14:24:21+00:00","mainEntityOfPage":{"@id":"https:\/\/dicodusport.fr\/blog\/tour-du-luxembourg-mattias-skjelmose-jensen-fait-coup-double-sur-le-chrono-de-la-4eme-etape\/"},"wordCount":450,"commentCount":0,"publisher":{"@id":"https:\/\/dicodusport.fr\/blog\/#organization"},"image":{"@id":"https:\/\/dicodusport.fr\/blog\/tour-du-luxembourg-mattias-skjelmose-jensen-fait-coup-double-sur-le-chrono-de-la-4eme-etape\/#primaryimage"},"thumbnailUrl":"https:\/\/dicodusport.fr\/blog\/wp-content\/uploads\/2022\/09\/Tour-du-Luxembourg-Mattias-Skjelmose-Jensen-fait-coup-double-sur-le-chrono-de-la-4eme-etape.png","keywords":["Cyclisme","Tour du Luxembourg"],"articleSection":["Cyclisme sur route"],"inLanguage":"fr-FR","potentialAction":[{"@type":"CommentAction","name":"Comment","target":["https:\/\/dicodusport.fr\/blog\/tour-du-luxembourg-mattias-skjelmose-jensen-fait-coup-double-sur-le-chrono-de-la-4eme-etape\/#respond"]}],"copyrightYear":"2022","copyrightHolder":{"@id":"https:\/\/dicodusport.fr\/blog\/#organization"}},{"@type":"WebPage","@id":"https:\/\/dicodusport.fr\/blog\/tour-du-luxembourg-mattias-skjelmose-jensen-fait-coup-double-sur-le-chrono-de-la-4eme-etape\/","url":"https:\/\/dicodusport.fr\/blog\/tour-du-luxembourg-mattias-skjelmose-jensen-fait-coup-double-sur-le-chrono-de-la-4eme-etape\/","name":"Tour du Luxembourg : Mattias Skjelmose Jensen fait coup double sur le chrono de la 4\u00e8me \u00e9tape","isPartOf":{"@id":"https:\/\/dicodusport.fr\/blog\/#website"},"primaryImageOfPage":{"@id":"https:\/\/dicodusport.fr\/blog\/tour-du-luxembourg-mattias-skjelmose-jensen-fait-coup-double-sur-le-chrono-de-la-4eme-etape\/#primaryimage"},"image":{"@id":"https:\/\/dicodusport.fr\/blog\/tour-du-luxembourg-mattias-skjelmose-jensen-fait-coup-double-sur-le-chrono-de-la-4eme-etape\/#primaryimage"},"thumbnailUrl":"https:\/\/dicodusport.fr\/blog\/wp-content\/uploads\/2022\/09\/Tour-du-Luxembourg-Mattias-Skjelmose-Jensen-fait-coup-double-sur-le-chrono-de-la-4eme-etape.png","datePublished":"2022-09-16T13:52:10+00:00","dateModified":"2022-09-16T14:24:21+00:00","description":"CYCLISME SUR ROUTE 2022 - Mattias Skjelmose Jensen (Trek Segafredo) a remport\u00e9 la quatri\u00e8me \u00e9tape du 82\u00e8me Tour du Luxembourg \u00e0 Remich.","breadcrumb":{"@id":"https:\/\/dicodusport.fr\/blog\/tour-du-luxembourg-mattias-skjelmose-jensen-fait-coup-double-sur-le-chrono-de-la-4eme-etape\/#breadcrumb"},"inLanguage":"fr-FR","potentialAction":[{"@type":"ReadAction","target":["https:\/\/dicodusport.fr\/blog\/tour-du-luxembourg-mattias-skjelmose-jensen-fait-coup-double-sur-le-chrono-de-la-4eme-etape\/"]}]},{"@type":"ImageObject","inLanguage":"fr-FR","@id":"https:\/\/dicodusport.fr\/blog\/tour-du-luxembourg-mattias-skjelmose-jensen-fait-coup-double-sur-le-chrono-de-la-4eme-etape\/#primaryimage","url":"https:\/\/dicodusport.fr\/blog\/wp-content\/uploads\/2022\/09\/Tour-du-Luxembourg-Mattias-Skjelmose-Jensen-fait-coup-double-sur-le-chrono-de-la-4eme-etape.png","contentUrl":"https:\/\/dicodusport.fr\/blog\/wp-content\/uploads\/2022\/09\/Tour-du-Luxembourg-Mattias-Skjelmose-Jensen-fait-coup-double-sur-le-chrono-de-la-4eme-etape.png","width":800,"height":445,"caption":"Tour du Luxembourg Mattias Skjelmose Jensen fait coup double sur le chrono de la 4\u00e8me \u00e9tape"},{"@type":"BreadcrumbList","@id":"https:\/\/dicodusport.fr\/blog\/tour-du-luxembourg-mattias-skjelmose-jensen-fait-coup-double-sur-le-chrono-de-la-4eme-etape\/#breadcrumb","itemListElement":[{"@type":"ListItem","position":1,"name":"Accueil","item":"https:\/\/dicodusport.fr\/blog\/"},{"@type":"ListItem","position":2,"name":"Tour du Luxembourg : Mattias Skjelmose Jensen fait coup double sur le chrono de la 4\u00e8me \u00e9tape"}]},{"@type":"WebSite","@id":"https:\/\/dicodusport.fr\/blog\/#website","url":"https:\/\/dicodusport.fr\/blog\/","name":"Dicodusport","description":"L&#039;encyclop\u00e9die de l&#039;actualit\u00e9 sportive","publisher":{"@id":"https:\/\/dicodusport.fr\/blog\/#organization"},"potentialAction":[{"@type":"SearchAction","target":{"@type":"EntryPoint","urlTemplate":"https:\/\/dicodusport.fr\/blog\/?s={search_term_string}"},"query-input":{"@type":"PropertyValueSpecification","valueRequired":true,"valueName":"search_term_string"}}],"inLanguage":"fr-FR"},{"@type":"NewsMediaOrganization","@id":"https:\/\/dicodusport.fr\/blog\/#organization","name":"Dicodusport","url":"https:\/\/dicodusport.fr\/blog\/","logo":{"@type":"ImageObject","inLanguage":"fr-FR","@id":"https:\/\/dicodusport.fr\/blog\/#\/schema\/logo\/image\/","url":"https:\/\/dicodusport.fr\/blog\/wp-content\/uploads\/2020\/06\/cropped-LOGO-DICODUSPORT-2020-SANS-FOND-SANS-TEXTE.png","contentUrl":"https:\/\/dicodusport.fr\/blog\/wp-content\/uploads\/2020\/06\/cropped-LOGO-DICODUSPORT-2020-SANS-FOND-SANS-TEXTE.png","width":512,"height":512,"caption":"Dicodusport"},"image":{"@id":"https:\/\/dicodusport.fr\/blog\/#\/schema\/logo\/image\/"},"sameAs":["https:\/\/www.facebook.com\/dicodusport","https:\/\/x.com\/dicodusport","https:\/\/www.instagram.com\/dicodusport\/","https:\/\/www.youtube.com\/channel\/UC7V2KZ5sd3htJivAbA4ZG3w"],"description":"Dicodusport est l'encyclop\u00e9die de l'actualit\u00e9 sportive.","email":"bonjour@dicodusport.fr","legalName":"DICODUSPORT","foundingDate":"2018-01-14","vatID":"FR71834470973","taxID":"83447097300043","numberOfEmployees":{"@type":"QuantitativeValue","minValue":"1","maxValue":"10"}},{"@type":"Person","@id":"https:\/\/dicodusport.fr\/blog\/#\/schema\/person\/6db4bae06b171592211be385b32876a7","name":"Emilien Descampiaux","image":{"@type":"ImageObject","inLanguage":"fr-FR","@id":"https:\/\/dicodusport.fr\/blog\/#\/schema\/person\/image\/","url":"https:\/\/dicodusport.fr\/blog\/wp-content\/uploads\/2021\/05\/Emilien-Descampiaux-150x150.jpg","contentUrl":"https:\/\/dicodusport.fr\/blog\/wp-content\/uploads\/2021\/05\/Emilien-Descampiaux-150x150.jpg","caption":"Emilien Descampiaux"},"description":"Journaliste\/r\u00e9dacteur depuis 2014 - Fan de la classe de Frank Vandenbroucke, je vis cyclisme (et de ses paysages) depuis plus de 20 ans. Je suis tr\u00e8s impliqu\u00e9 sur mes diff\u00e9rents r\u00e9seaux sociaux pour partager ma passion sur le monde et l'Histoire de la bicyclette avec ma voix sur les images en noir et blanc du succ\u00e8s de Rik Van Steenbergen lors du Ronde sur le V\u00e9lodrome de Gand.","sameAs":["https:\/\/www.facebook.com\/groups\/LesRoisDuPeloton","https:\/\/x.com\/https:\/\/twitter.com\/LRoisDuPeloton"],"url":"https:\/\/dicodusport.fr\/blog\/author\/emiliend\/"}]}},"_links":{"self":[{"href":"https:\/\/dicodusport.fr\/blog\/wp-json\/wp\/v2\/posts\/262535","targetHints":{"allow":["GET"]}}],"collection":[{"href":"https:\/\/dicodusport.fr\/blog\/wp-json\/wp\/v2\/posts"}],"about":[{"href":"https:\/\/dicodusport.fr\/blog\/wp-json\/wp\/v2\/types\/post"}],"author":[{"embeddable":true,"href":"https:\/\/dicodusport.fr\/blog\/wp-json\/wp\/v2\/users\/48"}],"replies":[{"embeddable":true,"href":"https:\/\/dicodusport.fr\/blog\/wp-json\/wp\/v2\/comments?post=262535"}],"version-history":[{"count":0,"href":"https:\/\/dicodusport.fr\/blog\/wp-json\/wp\/v2\/posts\/262535\/revisions"}],"wp:featuredmedia":[{"embeddable":true,"href":"https:\/\/dicodusport.fr\/blog\/wp-json\/wp\/v2\/media\/262574"}],"wp:attachment":[{"href":"https:\/\/dicodusport.fr\/blog\/wp-json\/wp\/v2\/media?parent=262535"}],"wp:term":[{"taxonomy":"category","embeddable":true,"href":"https:\/\/dicodusport.fr\/blog\/wp-json\/wp\/v2\/categories?post=262535"},{"taxonomy":"post_tag","embeddable":true,"href":"https:\/\/dicodusport.fr\/blog\/wp-json\/wp\/v2\/tags?post=262535"}],"curies":[{"name":"wp","href":"https:\/\/api.w.org\/{rel}","templated":true}]}}