{"id":262756,"date":"2022-09-17T14:55:19","date_gmt":"2022-09-17T12:55:19","guid":{"rendered":"https:\/\/dicodusport.fr\/blog\/?p=262756&#038;preview=true&#038;preview_id=262756"},"modified":"2022-09-17T15:58:56","modified_gmt":"2022-09-17T13:58:56","slug":"grille-de-depart-grand-prix-aragon-motogp-2022","status":"publish","type":"post","link":"https:\/\/dicodusport.fr\/blog\/grille-de-depart-grand-prix-aragon-motogp-2022\/","title":{"rendered":"Grille de d\u00e9part Grand Prix Aragon MotoGP 2022"},"content":{"rendered":"<p style=\"text-align: justify;\"><strong><em><a href=\"https:\/\/dicodusport.fr\/blog\/motogp-aragon-2022-horaires-programme-tv-et-resultats\/\">MOTOGP &#8211; GRAND PRIX D&rsquo;ARAGON 2022<\/a> &#8211; D\u00e9couvrez la grille de d\u00e9part du Grand Prix d&rsquo;Aragon 2022, apr\u00e8s les qualifications qui ont eu lieu ce samedi 17 septembre 2022.<\/em><\/strong><\/p>\n<hr \/>\n<h2 style=\"text-align: center;\">Grille de d\u00e9part<\/h2>\n<hr \/>\n<table style=\"width: 800px; border-collapse: collapse;\">\n<tbody>\n<tr>\n<td style=\"vertical-align: top; text-align: center; border-style: none; width: 266.66px; background-color: #ffffff; height: 120px;\"><span style=\"font-size: 0.9em;\"><strong><img loading=\"lazy\" decoding=\"async\" class=\"alignnone wp-image-223587\" src=\"https:\/\/dicodusport.fr\/blog\/wp-content\/uploads\/2020\/11\/Moto-DUCATI-LENOVO-TEAM.png\" alt=\"\" width=\"55\" height=\"24\" \/><br \/>\n1. &#x1f1ee;&#x1f1f9; FRANCESCO BAGNAIA<br \/>\n<\/strong><span style=\"font-size: 0.8em;\">DUCATI LENOVO TEAM<\/span><\/span><\/td>\n<td style=\"vertical-align: middle; text-align: center; border-style: none; width: 266.66px; background-color: #ffffff; height: 100px;\"><span style=\"font-size: 0.9em;\"><strong><img loading=\"lazy\" decoding=\"async\" class=\"alignnone wp-image-223587\" src=\"https:\/\/dicodusport.fr\/blog\/wp-content\/uploads\/2020\/11\/Moto-DUCATI-LENOVO-TEAM.png\" alt=\"\" width=\"55\" height=\"24\" \/><br \/>\n2. &#x1f1e6;&#x1f1fa; JACK MILLER<br \/>\n<\/strong><span style=\"font-size: 0.8em;\">DUCATI LENOVO TEAM<\/span><\/span><\/td>\n<td style=\"vertical-align: bottom; text-align: center; border-style: none; width: 266.66px; background-color: #ffffff; height: 100px;\"><span style=\"font-size: 0.9em;\"><strong><img loading=\"lazy\" decoding=\"async\" class=\"alignnone wp-image-223596\" src=\"https:\/\/dicodusport.fr\/blog\/wp-content\/uploads\/2020\/11\/Moto-GRESINI-RACING-MOTOGP.png\" alt=\"\" width=\"55\" height=\"24\" \/><br \/>\n3. &#x1f1ee;&#x1f1f9; ENEA BASTIANINI<br \/>\n<\/strong><span style=\"font-size: 0.8em;\">GRESINI RACING MOTOGP<\/span><\/span><\/td>\n<\/tr>\n<tr>\n<td style=\"text-align: center; border-style: none; vertical-align: top; width: 266.66px; background-color: #ffffff; height: 120px;\"><span style=\"font-size: 0.9em;\"><strong><img loading=\"lazy\" decoding=\"async\" class=\"alignnone wp-image-223589\" src=\"https:\/\/dicodusport.fr\/blog\/wp-content\/uploads\/2020\/11\/Moto-APRILIA-RACING.png\" alt=\"\" width=\"55\" height=\"24\" \/><br \/>\n4. &#x1f1ea;&#x1f1f8; ALEIX ESPARGARO<br \/>\n<\/strong><span style=\"font-size: 0.8em;\">APRILIA RACING<\/span><\/span><\/td>\n<td style=\"text-align: center; border-style: none; vertical-align: middle; width: 266.66px; background-color: #ffffff; height: 100px;\"><span style=\"font-size: 0.9em;\"><strong><img loading=\"lazy\" decoding=\"async\" class=\"alignnone wp-image-223584\" src=\"https:\/\/dicodusport.fr\/blog\/wp-content\/uploads\/2020\/11\/Moto-PRAMAC-RACING.png\" alt=\"\" width=\"55\" height=\"24\" \/><br \/>\n5. &#x1f1eb;&#x1f1f7; JOHANN ZARCO<br \/>\n<\/strong><span style=\"font-size: 0.8em;\">PRAMAC RACING<\/span><\/span><\/td>\n<td style=\"text-align: center; border-style: none; vertical-align: bottom; width: 266.66px; background-color: #ffffff; height: 100px;\"><span style=\"font-size: 0.9em;\"><strong><img loading=\"lazy\" decoding=\"async\" class=\"alignnone wp-image-223588\" src=\"https:\/\/dicodusport.fr\/blog\/wp-content\/uploads\/2020\/11\/Moto-MONSTER-ENERGY-YAMAHA-MOTOGP.png\" alt=\"\" width=\"55\" height=\"24\" \/><br \/>\n6. &#x1f1eb;&#x1f1f7; FABIO QUARTARARO<strong style=\"font-size: 14.4px;\"><br style=\"font-size: 14.4px;\" \/><\/strong><\/strong><span style=\"font-size: 0.8em;\">MONSTER ENERGY YAMAHA MOTOGP<\/span><\/span><\/td>\n<\/tr>\n<tr>\n<td style=\"text-align: center; border-style: none; vertical-align: top; width: 266.66px; background-color: #ffffff; height: 120px;\"><span style=\"font-size: 0.9em;\"><strong><img loading=\"lazy\" decoding=\"async\" class=\"alignnone wp-image-223590\" src=\"https:\/\/dicodusport.fr\/blog\/wp-content\/uploads\/2020\/11\/Moto-MOONEY-VR46-RACING-TEAM.png\" alt=\"\" width=\"55\" height=\"24\" \/><br \/>\n7. &#x1f1ee;&#x1f1f9; MARCO BEZZECCHI<br \/>\n<\/strong><span style=\"font-size: 0.8em;\">MOONEY VR46 RACING TEAM<\/span><\/span><\/td>\n<td style=\"text-align: center; border-style: none; vertical-align: middle; width: 266.66px; background-color: #ffffff; height: 100px;\"><strong><span style=\"font-size: 0.9em;\"><img loading=\"lazy\" decoding=\"async\" class=\"alignnone wp-image-223584\" src=\"https:\/\/dicodusport.fr\/blog\/wp-content\/uploads\/2020\/11\/Moto-PRAMAC-RACING.png\" alt=\"\" width=\"55\" height=\"24\" \/><br \/>\n8. &#x1f1ea;&#x1f1f8; JORGE MARTIN<br \/>\n<\/span><\/strong><span style=\"font-size: 0.9em;\"><span style=\"font-size: 0.8em;\">PRAMAC RACING<\/span><\/span><\/td>\n<td style=\"text-align: center; border-style: none; vertical-align: bottom; width: 266.66px; background-color: #ffffff; height: 100px;\"><span style=\"font-size: 0.9em;\"><strong><img loading=\"lazy\" decoding=\"async\" class=\"alignnone wp-image-223586\" src=\"https:\/\/dicodusport.fr\/blog\/wp-content\/uploads\/2020\/11\/Moto-TEAM-SUZUKI-ECSTAR.png\" alt=\"\" width=\"55\" height=\"24\" \/><br \/>\n9. &#x1f1ea;&#x1f1f8; ALEX RINS<br \/>\n<\/strong><span style=\"font-size: 0.8em;\">TEAM SUZUKI ECSTAR<\/span><\/span><\/td>\n<\/tr>\n<tr>\n<td style=\"text-align: center; border-style: none; vertical-align: top; width: 266.66px; background-color: #ffffff; height: 120px;\"><span style=\"font-size: 0.9em;\"><strong><img loading=\"lazy\" decoding=\"async\" class=\"alignnone wp-image-223593\" src=\"https:\/\/dicodusport.fr\/blog\/wp-content\/uploads\/2020\/11\/Moto-RED-BULL-KTM-FACTORY-RACING.png\" alt=\"\" width=\"55\" height=\"24\" \/><br \/>\n10. &#x1f1ff;&#x1f1e6; BRAD BINDER<br style=\"font-size: 14.4px;\" \/><\/strong><span style=\"font-size: 0.8em;\">RED BULL KTM FACTORY RACING<\/span><\/span><\/td>\n<td style=\"text-align: center; border-style: none; vertical-align: middle; width: 266.66px; background-color: #ffffff; height: 100px;\"><span style=\"font-size: 0.9em;\"><strong><img loading=\"lazy\" decoding=\"async\" class=\"alignnone wp-image-223593\" src=\"https:\/\/dicodusport.fr\/blog\/wp-content\/uploads\/2020\/11\/Moto-RED-BULL-KTM-FACTORY-RACING.png\" alt=\"\" width=\"55\" height=\"24\" \/><br \/>\n11. &#x1f1f5;&#x1f1f9; MIGUEL OLIVEIRA<br \/>\n<\/strong><span style=\"font-size: 0.8em;\">RED BULL KTM FACTORY RACING<\/span><\/span><\/td>\n<td style=\"text-align: center; border-style: none; vertical-align: bottom; width: 266.66px; background-color: #ffffff; height: 100px;\"><span style=\"font-size: 0.9em;\"><strong><img loading=\"lazy\" decoding=\"async\" class=\"alignnone wp-image-223592\" src=\"https:\/\/dicodusport.fr\/blog\/wp-content\/uploads\/2020\/11\/Moto-LCR-HONDA.png\" alt=\"\" width=\"55\" height=\"24\" \/><br \/>\n12. &#x1f1ef;&#x1f1f5; TAKAAKI NAKAGAMI<br \/>\n<\/strong><span style=\"font-size: 0.8em;\">LCR HONDA<\/span><\/span><\/td>\n<\/tr>\n<tr>\n<td style=\"text-align: center; border-style: none; vertical-align: top; width: 266.66px; background-color: #ffffff; height: 120px;\"><span style=\"font-size: 0.9em;\"><strong><img loading=\"lazy\" decoding=\"async\" class=\"alignnone wp-image-223594\" src=\"https:\/\/dicodusport.fr\/blog\/wp-content\/uploads\/2020\/11\/Moto-REPSOL-HONDA-TEAM.png\" alt=\"\" width=\"55\" height=\"24\" \/><br \/>\n13. &#x1f1ea;&#x1f1f8; MARC MARQUEZ<br \/>\n<\/strong><span style=\"font-size: 0.8em;\">REPSOL HONDA TEAM<\/span><\/span><\/td>\n<td style=\"text-align: center; border-style: none; vertical-align: middle; width: 266.66px; background-color: #ffffff; height: 100px;\"><span style=\"font-size: 0.9em;\"><strong><img loading=\"lazy\" decoding=\"async\" class=\"alignnone wp-image-223590\" src=\"https:\/\/dicodusport.fr\/blog\/wp-content\/uploads\/2020\/11\/Moto-MOONEY-VR46-RACING-TEAM.png\" alt=\"\" width=\"55\" height=\"24\" \/><br \/>\n14. &#x1f1ee;&#x1f1f9; LUCA MARINI<br \/>\n<\/strong><span style=\"font-size: 0.8em;\">MOONEY VR46 RACING TEAM<\/span><\/span><\/td>\n<td style=\"text-align: center; border-style: none; vertical-align: bottom; width: 266.66px; background-color: #ffffff; height: 100px;\"><span style=\"font-size: 0.9em;\"><strong><img loading=\"lazy\" decoding=\"async\" class=\"alignnone wp-image-223596\" src=\"https:\/\/dicodusport.fr\/blog\/wp-content\/uploads\/2020\/11\/Moto-GRESINI-RACING-MOTOGP.png\" alt=\"\" width=\"55\" height=\"24\" \/><br \/>\n15. &#x1f1ee;&#x1f1f9; FABIO DI GIANNANTONIO<br \/>\n<\/strong><span style=\"font-size: 0.8em;\">GRESINI RACING MOTOGP<\/span><\/span><\/td>\n<\/tr>\n<tr>\n<td style=\"text-align: center; border-style: none; vertical-align: top; width: 266.66px; background-color: #ffffff; height: 120px;\"><span style=\"font-size: 0.9em;\"><strong><img loading=\"lazy\" decoding=\"async\" class=\"alignnone wp-image-223589\" src=\"https:\/\/dicodusport.fr\/blog\/wp-content\/uploads\/2020\/11\/Moto-APRILIA-RACING.png\" alt=\"\" width=\"55\" height=\"24\" \/><br \/>\n16. &#x1f1ea;&#x1f1f8; MAVERICK VINALES <br style=\"font-size: 14.4px;\" \/><\/strong><span style=\"font-size: 0.8em;\">APRILIA RACING<\/span><\/span><\/td>\n<td style=\"text-align: center; border-style: none; vertical-align: middle; width: 266.66px; background-color: #ffffff; height: 100px;\"><span style=\"font-size: 0.9em;\"><strong><img loading=\"lazy\" decoding=\"async\" class=\"alignnone wp-image-223592\" src=\"https:\/\/dicodusport.fr\/blog\/wp-content\/uploads\/2020\/11\/Moto-LCR-HONDA.png\" alt=\"\" width=\"55\" height=\"24\" \/><br \/>\n17. &#x1f1ea;&#x1f1f8; ALEX MARQUEZ<br \/>\n<\/strong><span style=\"font-size: 0.8em;\">LCR HONDA<\/span><\/span><\/td>\n<td style=\"text-align: center; border-style: none; vertical-align: bottom; width: 266.66px; background-color: #ffffff; height: 100px;\"><span style=\"font-size: 0.9em;\"><strong><img loading=\"lazy\" decoding=\"async\" class=\"alignnone wp-image-223594\" src=\"https:\/\/dicodusport.fr\/blog\/wp-content\/uploads\/2020\/11\/Moto-REPSOL-HONDA-TEAM.png\" alt=\"\" width=\"55\" height=\"24\" \/><br \/>\n18. &#x1f1ea;&#x1f1f8; POL ESPARGARO<br \/>\n<\/strong><span style=\"font-size: 0.8em;\">REPSOL HONDA TEAM<\/span><\/span><\/td>\n<\/tr>\n<tr>\n<td style=\"text-align: center; border-style: none; vertical-align: top; width: 266.66px; background-color: #ffffff; height: 120px;\"><strong style=\"font-size: 0.9em;\"><img loading=\"lazy\" decoding=\"async\" class=\"alignnone wp-image-223599\" src=\"https:\/\/dicodusport.fr\/blog\/wp-content\/uploads\/2020\/11\/Moto-WITHU-YAMAHA-RNF-MOTOGP-TEAM.png\" alt=\"\" width=\"55\" height=\"24\" \/><br \/>\n<span style=\"font-size: 0.9em;\"><strong>19. &#x1f1ec;&#x1f1e7; CAL CRUTCHLOW<\/strong><\/span><\/strong><br \/>\n<span style=\"font-size: 0.9em;\"><span style=\"font-size: 0.8em;\">WITHU YAMAHA RNF MOTOGP TEAM<\/span><\/span><\/td>\n<td style=\"text-align: center; border-style: none; vertical-align: middle; width: 266.66px; background-color: #ffffff; height: 100px;\"><span style=\"font-size: 0.9em;\"><strong><img loading=\"lazy\" decoding=\"async\" class=\"alignnone wp-image-223588\" src=\"https:\/\/dicodusport.fr\/blog\/wp-content\/uploads\/2020\/11\/Moto-MONSTER-ENERGY-YAMAHA-MOTOGP.png\" alt=\"\" width=\"55\" height=\"24\" \/><br \/>\n20. &#x1f1ee;&#x1f1f9; FRANCO MORBIDELLI<br \/>\n<\/strong><span style=\"font-size: 0.8em;\">MONSTER ENERGY YAMAHA MOTOGP<\/span><\/span><\/td>\n<td style=\"text-align: center; border-style: none; vertical-align: bottom; width: 266.66px; background-color: #ffffff; height: 100px;\"><span style=\"font-size: 0.9em;\"><strong><img loading=\"lazy\" decoding=\"async\" class=\"alignnone wp-image-223598\" src=\"https:\/\/dicodusport.fr\/blog\/wp-content\/uploads\/2020\/11\/Moto-TECH-3-KTM-FACTORY-RACING.png\" alt=\"\" width=\"55\" height=\"24\" \/><br \/>\n21. &#x1f1ea;&#x1f1f8; RAUL FERNANDEZ<br \/>\n<\/strong><span style=\"font-size: 0.8em;\">TECH 3 KTM FACTORY RACING<\/span><\/span><\/td>\n<\/tr>\n<tr>\n<td style=\"text-align: center; border-style: none; vertical-align: top; width: 266.66px; background-color: #ffffff; height: 120px;\"><span style=\"font-size: 0.9em;\"><strong><span style=\"font-size: 1.0em;\"><img loading=\"lazy\" decoding=\"async\" class=\"alignnone wp-image-223598\" src=\"https:\/\/dicodusport.fr\/blog\/wp-content\/uploads\/2020\/11\/Moto-TECH-3-KTM-FACTORY-RACING.png\" alt=\"\" width=\"55\" height=\"24\" \/><br \/>\n22. &#x1f1e6;&#x1f1fa;<\/span> REMY GARDNER<br \/>\n<\/strong><span style=\"font-size: 0.8em;\">TECH 3 KTM FACTORY RACING<\/span><\/span><\/td>\n<td style=\"text-align: center; border-style: none; vertical-align: middle; width: 266.66px; background-color: #ffffff; height: 100px;\"><span style=\"font-size: 0.9em;\"><strong><strong style=\"font-size: 0.9em;\"><img loading=\"lazy\" decoding=\"async\" class=\"alignnone wp-image-223599\" src=\"https:\/\/dicodusport.fr\/blog\/wp-content\/uploads\/2020\/11\/Moto-WITHU-YAMAHA-RNF-MOTOGP-TEAM.png\" alt=\"\" width=\"55\" height=\"24\" \/><\/strong><br \/>\n23. &#x1f1ff;&#x1f1e6; DARRYN BINDER<br style=\"font-size: 14.4px;\" \/><\/strong><span style=\"font-size: 0.8em;\">WITHU YAMAHA RNF MOTOGP TEAM<\/span><\/span><\/td>\n<td style=\"text-align: center; border-style: none; vertical-align: bottom; width: 266.66px; background-color: #ffffff; height: 100px;\"><\/td>\n<\/tr>\n<\/tbody>\n<\/table>\n<hr \/>\n<h2 style=\"text-align: justify;\">\u00c0 lire aussi<\/h2>\n<ul>\n<li style=\"text-align: justify;\"><a href=\"https:\/\/dicodusport.fr\/blog\/motogp-2022-calendrier-complet-et-resultats\/\"><strong>MotoGP \u2013 Championnat du monde 2022 : Calendrier et r\u00e9sultats<\/strong><\/a><\/li>\n<\/ul>\n<p><span class=\"Wjd1Tv6tmoTOazbm2FpJN7KDLBS2uQzVFteXRPUcVKNS308evZkiowU6CLjDC8Q4Yqg7sYqc4nyZryIbRhfEMGliAhHBx\"><\/p>\n<blockquote class=\"wp-embedded-content\" data-secret=\"gINUa6sncN\"><p><a href=\"https:\/\/dicodusport.fr\/blog\/motogp-salaires-10-pilotes-les-mieux-payes-2022\/\">MotoGP : Les salaires des 10 pilotes les mieux pay\u00e9s en 2022<\/a><\/p><\/blockquote>\n<p><iframe loading=\"lazy\" class=\"wp-embedded-content\" sandbox=\"allow-scripts\" security=\"restricted\" style=\"position: absolute; clip: rect(1px, 1px, 1px, 1px);\" title=\"\u00ab\u00a0MotoGP : Les salaires des 10 pilotes les mieux pay\u00e9s en 2022\u00a0\u00bb &#8212; Dicodusport\" src=\"https:\/\/dicodusport.fr\/blog\/motogp-salaires-10-pilotes-les-mieux-payes-2022\/embed\/#?secret=YF6C13OZbA#?secret=gINUa6sncN\" data-secret=\"gINUa6sncN\" width=\"600\" height=\"338\" frameborder=\"0\" marginwidth=\"0\" marginheight=\"0\" scrolling=\"no\"><\/iframe><\/span><\/p>\n","protected":false},"excerpt":{"rendered":"<p>MOTOGP &#8211; GRAND PRIX D&rsquo;ARAGON 2022 &#8211; D\u00e9couvrez la grille de d\u00e9part du Grand Prix d&rsquo;Aragon 2022, apr\u00e8s les qualifications qui ont eu lieu ce samedi 17 septembre 2022.<\/p>\n","protected":false},"author":4,"featured_media":262758,"comment_status":"open","ping_status":"closed","sticky":false,"template":"","format":"standard","meta":{"_acf_changed":false,"_daextam_enable_autolinks":"","footnotes":""},"categories":[47087],"tags":[12087,19146,10938,19126],"class_list":["post-262756","post","type-post","status-publish","format-standard","has-post-thumbnail","hentry","category-motogp","tag-grand-prix-daragon","tag-grand-prix-daragon-motogp","tag-motogp","tag-motogp-aragon"],"acf":[],"yoast_head":"<!-- This site is optimized with the Yoast SEO Premium plugin v26.7 (Yoast SEO v26.7) - https:\/\/yoast.com\/wordpress\/plugins\/seo\/ -->\n<title>- Grille de d\u00e9part Grand Prix Aragon MotoGP 2022 - Dicodusport<\/title>\n<meta name=\"description\" content=\"MOTOGP - GRAND PRIX D&#039;ARAGON 2022 - D\u00e9couvrez la grille de d\u00e9part compl\u00e8te du Grand Prix d&#039;Aragon MotoGP 2022.\" \/>\n<meta name=\"robots\" content=\"index, follow, max-snippet:-1, max-image-preview:large, max-video-preview:-1\" \/>\n<link rel=\"canonical\" href=\"https:\/\/dicodusport.fr\/blog\/grille-de-depart-grand-prix-aragon-motogp-2022\/\" \/>\n<meta property=\"og:locale\" content=\"fr_FR\" \/>\n<meta property=\"og:type\" content=\"article\" \/>\n<meta property=\"og:title\" content=\"Grille de d\u00e9part Grand Prix Aragon MotoGP 2022\" \/>\n<meta property=\"og:description\" content=\"MOTOGP - GRAND PRIX D&#039;ARAGON 2022 - D\u00e9couvrez la grille de d\u00e9part compl\u00e8te du Grand Prix d&#039;Aragon MotoGP 2022.\" \/>\n<meta property=\"og:url\" content=\"https:\/\/dicodusport.fr\/blog\/grille-de-depart-grand-prix-aragon-motogp-2022\/\" \/>\n<meta property=\"og:site_name\" content=\"Dicodusport\" \/>\n<meta property=\"article:publisher\" content=\"https:\/\/www.facebook.com\/dicodusport\" \/>\n<meta property=\"article:author\" content=\"https:\/\/www.facebook.com\/florent.ostermann\" \/>\n<meta property=\"article:published_time\" content=\"2022-09-17T12:55:19+00:00\" \/>\n<meta property=\"article:modified_time\" content=\"2022-09-17T13:58:56+00:00\" \/>\n<meta property=\"og:image\" content=\"https:\/\/dicodusport.fr\/blog\/wp-content\/uploads\/2022\/09\/Grille-de-depart-Grand-Prix-Aragon-MotoGP-2022.png\" \/>\n\t<meta property=\"og:image:width\" content=\"1200\" \/>\n\t<meta property=\"og:image:height\" content=\"670\" \/>\n\t<meta property=\"og:image:type\" content=\"image\/png\" \/>\n<meta name=\"author\" content=\"Flo Ostermann\" \/>\n<meta name=\"twitter:card\" content=\"summary_large_image\" \/>\n<meta name=\"twitter:title\" content=\"Grille de d\u00e9part Grand Prix Aragon MotoGP 2022\" \/>\n<meta name=\"twitter:creator\" content=\"@https:\/\/twitter.com\/FlOstermann\" \/>\n<meta name=\"twitter:site\" content=\"@dicodusport\" \/>\n<script type=\"application\/ld+json\" class=\"yoast-schema-graph\">{\"@context\":\"https:\/\/schema.org\",\"@graph\":[{\"@type\":\"NewsArticle\",\"@id\":\"https:\/\/dicodusport.fr\/blog\/grille-de-depart-grand-prix-aragon-motogp-2022\/#article\",\"isPartOf\":{\"@id\":\"https:\/\/dicodusport.fr\/blog\/grille-de-depart-grand-prix-aragon-motogp-2022\/\"},\"author\":{\"name\":\"Flo Ostermann\",\"@id\":\"https:\/\/dicodusport.fr\/blog\/#\/schema\/person\/cb02af4c173ce4a653b55e9baf388d4a\"},\"headline\":\"Grille de d\u00e9part Grand Prix Aragon MotoGP 2022\",\"datePublished\":\"2022-09-17T12:55:19+00:00\",\"dateModified\":\"2022-09-17T13:58:56+00:00\",\"mainEntityOfPage\":{\"@id\":\"https:\/\/dicodusport.fr\/blog\/grille-de-depart-grand-prix-aragon-motogp-2022\/\"},\"wordCount\":322,\"commentCount\":0,\"publisher\":{\"@id\":\"https:\/\/dicodusport.fr\/blog\/#organization\"},\"image\":{\"@id\":\"https:\/\/dicodusport.fr\/blog\/grille-de-depart-grand-prix-aragon-motogp-2022\/#primaryimage\"},\"thumbnailUrl\":\"https:\/\/dicodusport.fr\/blog\/wp-content\/uploads\/2022\/09\/Grille-de-depart-Grand-Prix-Aragon-MotoGP-2022.png\",\"keywords\":[\"Grand Prix d'Aragon\",\"Grand Prix d'Aragon MotoGP\",\"MotoGP\",\"MotoGP Aragon\"],\"articleSection\":[\"MotoGP\"],\"inLanguage\":\"fr-FR\",\"potentialAction\":[{\"@type\":\"CommentAction\",\"name\":\"Comment\",\"target\":[\"https:\/\/dicodusport.fr\/blog\/grille-de-depart-grand-prix-aragon-motogp-2022\/#respond\"]}],\"copyrightYear\":\"2022\",\"copyrightHolder\":{\"@id\":\"https:\/\/dicodusport.fr\/blog\/#organization\"}},{\"@type\":\"WebPage\",\"@id\":\"https:\/\/dicodusport.fr\/blog\/grille-de-depart-grand-prix-aragon-motogp-2022\/\",\"url\":\"https:\/\/dicodusport.fr\/blog\/grille-de-depart-grand-prix-aragon-motogp-2022\/\",\"name\":\"- Grille de d\u00e9part Grand Prix Aragon MotoGP 2022 - Dicodusport\",\"isPartOf\":{\"@id\":\"https:\/\/dicodusport.fr\/blog\/#website\"},\"primaryImageOfPage\":{\"@id\":\"https:\/\/dicodusport.fr\/blog\/grille-de-depart-grand-prix-aragon-motogp-2022\/#primaryimage\"},\"image\":{\"@id\":\"https:\/\/dicodusport.fr\/blog\/grille-de-depart-grand-prix-aragon-motogp-2022\/#primaryimage\"},\"thumbnailUrl\":\"https:\/\/dicodusport.fr\/blog\/wp-content\/uploads\/2022\/09\/Grille-de-depart-Grand-Prix-Aragon-MotoGP-2022.png\",\"datePublished\":\"2022-09-17T12:55:19+00:00\",\"dateModified\":\"2022-09-17T13:58:56+00:00\",\"description\":\"MOTOGP - GRAND PRIX D'ARAGON 2022 - D\u00e9couvrez la grille de d\u00e9part compl\u00e8te du Grand Prix d'Aragon MotoGP 2022.\",\"breadcrumb\":{\"@id\":\"https:\/\/dicodusport.fr\/blog\/grille-de-depart-grand-prix-aragon-motogp-2022\/#breadcrumb\"},\"inLanguage\":\"fr-FR\",\"potentialAction\":[{\"@type\":\"ReadAction\",\"target\":[\"https:\/\/dicodusport.fr\/blog\/grille-de-depart-grand-prix-aragon-motogp-2022\/\"]}]},{\"@type\":\"ImageObject\",\"inLanguage\":\"fr-FR\",\"@id\":\"https:\/\/dicodusport.fr\/blog\/grille-de-depart-grand-prix-aragon-motogp-2022\/#primaryimage\",\"url\":\"https:\/\/dicodusport.fr\/blog\/wp-content\/uploads\/2022\/09\/Grille-de-depart-Grand-Prix-Aragon-MotoGP-2022.png\",\"contentUrl\":\"https:\/\/dicodusport.fr\/blog\/wp-content\/uploads\/2022\/09\/Grille-de-depart-Grand-Prix-Aragon-MotoGP-2022.png\",\"width\":1200,\"height\":670,\"caption\":\"Grille de d\u00e9part Grand Prix Aragon MotoGP 2022\"},{\"@type\":\"BreadcrumbList\",\"@id\":\"https:\/\/dicodusport.fr\/blog\/grille-de-depart-grand-prix-aragon-motogp-2022\/#breadcrumb\",\"itemListElement\":[{\"@type\":\"ListItem\",\"position\":1,\"name\":\"Accueil\",\"item\":\"https:\/\/dicodusport.fr\/blog\/\"},{\"@type\":\"ListItem\",\"position\":2,\"name\":\"Grille de d\u00e9part Grand Prix Aragon MotoGP 2022\"}]},{\"@type\":\"WebSite\",\"@id\":\"https:\/\/dicodusport.fr\/blog\/#website\",\"url\":\"https:\/\/dicodusport.fr\/blog\/\",\"name\":\"Dicodusport\",\"description\":\"L&#039;encyclop\u00e9die de l&#039;actualit\u00e9 sportive\",\"publisher\":{\"@id\":\"https:\/\/dicodusport.fr\/blog\/#organization\"},\"potentialAction\":[{\"@type\":\"SearchAction\",\"target\":{\"@type\":\"EntryPoint\",\"urlTemplate\":\"https:\/\/dicodusport.fr\/blog\/?s={search_term_string}\"},\"query-input\":{\"@type\":\"PropertyValueSpecification\",\"valueRequired\":true,\"valueName\":\"search_term_string\"}}],\"inLanguage\":\"fr-FR\"},{\"@type\":\"NewsMediaOrganization\",\"@id\":\"https:\/\/dicodusport.fr\/blog\/#organization\",\"name\":\"Dicodusport\",\"url\":\"https:\/\/dicodusport.fr\/blog\/\",\"logo\":{\"@type\":\"ImageObject\",\"inLanguage\":\"fr-FR\",\"@id\":\"https:\/\/dicodusport.fr\/blog\/#\/schema\/logo\/image\/\",\"url\":\"https:\/\/dicodusport.fr\/blog\/wp-content\/uploads\/2020\/06\/cropped-LOGO-DICODUSPORT-2020-SANS-FOND-SANS-TEXTE.png\",\"contentUrl\":\"https:\/\/dicodusport.fr\/blog\/wp-content\/uploads\/2020\/06\/cropped-LOGO-DICODUSPORT-2020-SANS-FOND-SANS-TEXTE.png\",\"width\":512,\"height\":512,\"caption\":\"Dicodusport\"},\"image\":{\"@id\":\"https:\/\/dicodusport.fr\/blog\/#\/schema\/logo\/image\/\"},\"sameAs\":[\"https:\/\/www.facebook.com\/dicodusport\",\"https:\/\/x.com\/dicodusport\",\"https:\/\/www.instagram.com\/dicodusport\/\",\"https:\/\/www.youtube.com\/channel\/UC7V2KZ5sd3htJivAbA4ZG3w\"],\"description\":\"Dicodusport est l'encyclop\u00e9die de l'actualit\u00e9 sportive.\",\"email\":\"bonjour@dicodusport.fr\",\"legalName\":\"DICODUSPORT\",\"foundingDate\":\"2018-01-14\",\"vatID\":\"FR71834470973\",\"taxID\":\"83447097300043\",\"numberOfEmployees\":{\"@type\":\"QuantitativeValue\",\"minValue\":\"1\",\"maxValue\":\"10\"}},{\"@type\":\"Person\",\"@id\":\"https:\/\/dicodusport.fr\/blog\/#\/schema\/person\/cb02af4c173ce4a653b55e9baf388d4a\",\"name\":\"Flo Ostermann\",\"image\":{\"@type\":\"ImageObject\",\"inLanguage\":\"fr-FR\",\"@id\":\"https:\/\/dicodusport.fr\/blog\/#\/schema\/person\/image\/\",\"url\":\"https:\/\/dicodusport.fr\/blog\/wp-content\/uploads\/2021\/05\/Flo-Ostermann-150x150.jpg\",\"contentUrl\":\"https:\/\/dicodusport.fr\/blog\/wp-content\/uploads\/2021\/05\/Flo-Ostermann-150x150.jpg\",\"caption\":\"Flo Ostermann\"},\"description\":\"Journaliste\/R\u00e9dacteur depuis septembre 2015 - Mes premiers souvenirs dans le sport ? Les envol\u00e9es du Stade Toulousain et les duels Villeneuve-Schumacher et H\u00e4kkinen-Schumacher \u00e0 la fin des ann\u00e9es 90, la Coupe du monde de football en 1998, l\u2019exploit du XV de France face aux All Blacks en 1999, mais aussi Richard C\u0153ur de Lion qui vole sur les montagnes du Tour de France. Bien parti pour devenir professeur d\u2019EPS, les \u00e9v\u00e9nements de la vie (et la flemme d\u2019animer des s\u00e9ances de 3x500 m\u00e8tres toute ma vie) m\u2019ont conduit \u00e0 revoir mes plans. Me voil\u00e0 depuis fin 2017 sur Dicodusport, m\u00e9dia gr\u00e2ce (et pour) lequel je partage ma passion : le sport dans tous ses \u00e9tats. Le tout accompagn\u00e9 par les fous furieux et folles furieuses cit\u00e9s sur cette page !\",\"sameAs\":[\"https:\/\/www.facebook.com\/florent.ostermann\",\"https:\/\/x.com\/https:\/\/twitter.com\/FlOstermann\",\"admin\"],\"url\":\"https:\/\/dicodusport.fr\/blog\/author\/flo\/\"}]}<\/script>\n<!-- \/ Yoast SEO Premium plugin. -->","yoast_head_json":{"title":"- Grille de d\u00e9part Grand Prix Aragon MotoGP 2022 - Dicodusport","description":"MOTOGP - GRAND PRIX D'ARAGON 2022 - D\u00e9couvrez la grille de d\u00e9part compl\u00e8te du Grand Prix d'Aragon MotoGP 2022.","robots":{"index":"index","follow":"follow","max-snippet":"max-snippet:-1","max-image-preview":"max-image-preview:large","max-video-preview":"max-video-preview:-1"},"canonical":"https:\/\/dicodusport.fr\/blog\/grille-de-depart-grand-prix-aragon-motogp-2022\/","og_locale":"fr_FR","og_type":"article","og_title":"Grille de d\u00e9part Grand Prix Aragon MotoGP 2022","og_description":"MOTOGP - GRAND PRIX D'ARAGON 2022 - D\u00e9couvrez la grille de d\u00e9part compl\u00e8te du Grand Prix d'Aragon MotoGP 2022.","og_url":"https:\/\/dicodusport.fr\/blog\/grille-de-depart-grand-prix-aragon-motogp-2022\/","og_site_name":"Dicodusport","article_publisher":"https:\/\/www.facebook.com\/dicodusport","article_author":"https:\/\/www.facebook.com\/florent.ostermann","article_published_time":"2022-09-17T12:55:19+00:00","article_modified_time":"2022-09-17T13:58:56+00:00","og_image":[{"width":1200,"height":670,"url":"https:\/\/dicodusport.fr\/blog\/wp-content\/uploads\/2022\/09\/Grille-de-depart-Grand-Prix-Aragon-MotoGP-2022.png","type":"image\/png"}],"author":"Flo Ostermann","twitter_card":"summary_large_image","twitter_title":"Grille de d\u00e9part Grand Prix Aragon MotoGP 2022","twitter_creator":"@https:\/\/twitter.com\/FlOstermann","twitter_site":"@dicodusport","schema":{"@context":"https:\/\/schema.org","@graph":[{"@type":"NewsArticle","@id":"https:\/\/dicodusport.fr\/blog\/grille-de-depart-grand-prix-aragon-motogp-2022\/#article","isPartOf":{"@id":"https:\/\/dicodusport.fr\/blog\/grille-de-depart-grand-prix-aragon-motogp-2022\/"},"author":{"name":"Flo Ostermann","@id":"https:\/\/dicodusport.fr\/blog\/#\/schema\/person\/cb02af4c173ce4a653b55e9baf388d4a"},"headline":"Grille de d\u00e9part Grand Prix Aragon MotoGP 2022","datePublished":"2022-09-17T12:55:19+00:00","dateModified":"2022-09-17T13:58:56+00:00","mainEntityOfPage":{"@id":"https:\/\/dicodusport.fr\/blog\/grille-de-depart-grand-prix-aragon-motogp-2022\/"},"wordCount":322,"commentCount":0,"publisher":{"@id":"https:\/\/dicodusport.fr\/blog\/#organization"},"image":{"@id":"https:\/\/dicodusport.fr\/blog\/grille-de-depart-grand-prix-aragon-motogp-2022\/#primaryimage"},"thumbnailUrl":"https:\/\/dicodusport.fr\/blog\/wp-content\/uploads\/2022\/09\/Grille-de-depart-Grand-Prix-Aragon-MotoGP-2022.png","keywords":["Grand Prix d'Aragon","Grand Prix d'Aragon MotoGP","MotoGP","MotoGP Aragon"],"articleSection":["MotoGP"],"inLanguage":"fr-FR","potentialAction":[{"@type":"CommentAction","name":"Comment","target":["https:\/\/dicodusport.fr\/blog\/grille-de-depart-grand-prix-aragon-motogp-2022\/#respond"]}],"copyrightYear":"2022","copyrightHolder":{"@id":"https:\/\/dicodusport.fr\/blog\/#organization"}},{"@type":"WebPage","@id":"https:\/\/dicodusport.fr\/blog\/grille-de-depart-grand-prix-aragon-motogp-2022\/","url":"https:\/\/dicodusport.fr\/blog\/grille-de-depart-grand-prix-aragon-motogp-2022\/","name":"- Grille de d\u00e9part Grand Prix Aragon MotoGP 2022 - Dicodusport","isPartOf":{"@id":"https:\/\/dicodusport.fr\/blog\/#website"},"primaryImageOfPage":{"@id":"https:\/\/dicodusport.fr\/blog\/grille-de-depart-grand-prix-aragon-motogp-2022\/#primaryimage"},"image":{"@id":"https:\/\/dicodusport.fr\/blog\/grille-de-depart-grand-prix-aragon-motogp-2022\/#primaryimage"},"thumbnailUrl":"https:\/\/dicodusport.fr\/blog\/wp-content\/uploads\/2022\/09\/Grille-de-depart-Grand-Prix-Aragon-MotoGP-2022.png","datePublished":"2022-09-17T12:55:19+00:00","dateModified":"2022-09-17T13:58:56+00:00","description":"MOTOGP - GRAND PRIX D'ARAGON 2022 - D\u00e9couvrez la grille de d\u00e9part compl\u00e8te du Grand Prix d'Aragon MotoGP 2022.","breadcrumb":{"@id":"https:\/\/dicodusport.fr\/blog\/grille-de-depart-grand-prix-aragon-motogp-2022\/#breadcrumb"},"inLanguage":"fr-FR","potentialAction":[{"@type":"ReadAction","target":["https:\/\/dicodusport.fr\/blog\/grille-de-depart-grand-prix-aragon-motogp-2022\/"]}]},{"@type":"ImageObject","inLanguage":"fr-FR","@id":"https:\/\/dicodusport.fr\/blog\/grille-de-depart-grand-prix-aragon-motogp-2022\/#primaryimage","url":"https:\/\/dicodusport.fr\/blog\/wp-content\/uploads\/2022\/09\/Grille-de-depart-Grand-Prix-Aragon-MotoGP-2022.png","contentUrl":"https:\/\/dicodusport.fr\/blog\/wp-content\/uploads\/2022\/09\/Grille-de-depart-Grand-Prix-Aragon-MotoGP-2022.png","width":1200,"height":670,"caption":"Grille de d\u00e9part Grand Prix Aragon MotoGP 2022"},{"@type":"BreadcrumbList","@id":"https:\/\/dicodusport.fr\/blog\/grille-de-depart-grand-prix-aragon-motogp-2022\/#breadcrumb","itemListElement":[{"@type":"ListItem","position":1,"name":"Accueil","item":"https:\/\/dicodusport.fr\/blog\/"},{"@type":"ListItem","position":2,"name":"Grille de d\u00e9part Grand Prix Aragon MotoGP 2022"}]},{"@type":"WebSite","@id":"https:\/\/dicodusport.fr\/blog\/#website","url":"https:\/\/dicodusport.fr\/blog\/","name":"Dicodusport","description":"L&#039;encyclop\u00e9die de l&#039;actualit\u00e9 sportive","publisher":{"@id":"https:\/\/dicodusport.fr\/blog\/#organization"},"potentialAction":[{"@type":"SearchAction","target":{"@type":"EntryPoint","urlTemplate":"https:\/\/dicodusport.fr\/blog\/?s={search_term_string}"},"query-input":{"@type":"PropertyValueSpecification","valueRequired":true,"valueName":"search_term_string"}}],"inLanguage":"fr-FR"},{"@type":"NewsMediaOrganization","@id":"https:\/\/dicodusport.fr\/blog\/#organization","name":"Dicodusport","url":"https:\/\/dicodusport.fr\/blog\/","logo":{"@type":"ImageObject","inLanguage":"fr-FR","@id":"https:\/\/dicodusport.fr\/blog\/#\/schema\/logo\/image\/","url":"https:\/\/dicodusport.fr\/blog\/wp-content\/uploads\/2020\/06\/cropped-LOGO-DICODUSPORT-2020-SANS-FOND-SANS-TEXTE.png","contentUrl":"https:\/\/dicodusport.fr\/blog\/wp-content\/uploads\/2020\/06\/cropped-LOGO-DICODUSPORT-2020-SANS-FOND-SANS-TEXTE.png","width":512,"height":512,"caption":"Dicodusport"},"image":{"@id":"https:\/\/dicodusport.fr\/blog\/#\/schema\/logo\/image\/"},"sameAs":["https:\/\/www.facebook.com\/dicodusport","https:\/\/x.com\/dicodusport","https:\/\/www.instagram.com\/dicodusport\/","https:\/\/www.youtube.com\/channel\/UC7V2KZ5sd3htJivAbA4ZG3w"],"description":"Dicodusport est l'encyclop\u00e9die de l'actualit\u00e9 sportive.","email":"bonjour@dicodusport.fr","legalName":"DICODUSPORT","foundingDate":"2018-01-14","vatID":"FR71834470973","taxID":"83447097300043","numberOfEmployees":{"@type":"QuantitativeValue","minValue":"1","maxValue":"10"}},{"@type":"Person","@id":"https:\/\/dicodusport.fr\/blog\/#\/schema\/person\/cb02af4c173ce4a653b55e9baf388d4a","name":"Flo Ostermann","image":{"@type":"ImageObject","inLanguage":"fr-FR","@id":"https:\/\/dicodusport.fr\/blog\/#\/schema\/person\/image\/","url":"https:\/\/dicodusport.fr\/blog\/wp-content\/uploads\/2021\/05\/Flo-Ostermann-150x150.jpg","contentUrl":"https:\/\/dicodusport.fr\/blog\/wp-content\/uploads\/2021\/05\/Flo-Ostermann-150x150.jpg","caption":"Flo Ostermann"},"description":"Journaliste\/R\u00e9dacteur depuis septembre 2015 - Mes premiers souvenirs dans le sport ? Les envol\u00e9es du Stade Toulousain et les duels Villeneuve-Schumacher et H\u00e4kkinen-Schumacher \u00e0 la fin des ann\u00e9es 90, la Coupe du monde de football en 1998, l\u2019exploit du XV de France face aux All Blacks en 1999, mais aussi Richard C\u0153ur de Lion qui vole sur les montagnes du Tour de France. Bien parti pour devenir professeur d\u2019EPS, les \u00e9v\u00e9nements de la vie (et la flemme d\u2019animer des s\u00e9ances de 3x500 m\u00e8tres toute ma vie) m\u2019ont conduit \u00e0 revoir mes plans. Me voil\u00e0 depuis fin 2017 sur Dicodusport, m\u00e9dia gr\u00e2ce (et pour) lequel je partage ma passion : le sport dans tous ses \u00e9tats. Le tout accompagn\u00e9 par les fous furieux et folles furieuses cit\u00e9s sur cette page !","sameAs":["https:\/\/www.facebook.com\/florent.ostermann","https:\/\/x.com\/https:\/\/twitter.com\/FlOstermann","admin"],"url":"https:\/\/dicodusport.fr\/blog\/author\/flo\/"}]}},"_links":{"self":[{"href":"https:\/\/dicodusport.fr\/blog\/wp-json\/wp\/v2\/posts\/262756","targetHints":{"allow":["GET"]}}],"collection":[{"href":"https:\/\/dicodusport.fr\/blog\/wp-json\/wp\/v2\/posts"}],"about":[{"href":"https:\/\/dicodusport.fr\/blog\/wp-json\/wp\/v2\/types\/post"}],"author":[{"embeddable":true,"href":"https:\/\/dicodusport.fr\/blog\/wp-json\/wp\/v2\/users\/4"}],"replies":[{"embeddable":true,"href":"https:\/\/dicodusport.fr\/blog\/wp-json\/wp\/v2\/comments?post=262756"}],"version-history":[{"count":0,"href":"https:\/\/dicodusport.fr\/blog\/wp-json\/wp\/v2\/posts\/262756\/revisions"}],"wp:featuredmedia":[{"embeddable":true,"href":"https:\/\/dicodusport.fr\/blog\/wp-json\/wp\/v2\/media\/262758"}],"wp:attachment":[{"href":"https:\/\/dicodusport.fr\/blog\/wp-json\/wp\/v2\/media?parent=262756"}],"wp:term":[{"taxonomy":"category","embeddable":true,"href":"https:\/\/dicodusport.fr\/blog\/wp-json\/wp\/v2\/categories?post=262756"},{"taxonomy":"post_tag","embeddable":true,"href":"https:\/\/dicodusport.fr\/blog\/wp-json\/wp\/v2\/tags?post=262756"}],"curies":[{"name":"wp","href":"https:\/\/api.w.org\/{rel}","templated":true}]}}