{"id":262760,"date":"2022-09-17T12:38:15","date_gmt":"2022-09-17T10:38:15","guid":{"rendered":"https:\/\/dicodusport.fr\/blog\/?p=262760&#038;preview=true&#038;preview_id=262760"},"modified":"2022-09-17T17:58:51","modified_gmt":"2022-09-17T15:58:51","slug":"vtt-mondiaux-marathon-2022-pauline-ferrand-prevot-championne-du-monde","status":"publish","type":"post","link":"https:\/\/dicodusport.fr\/blog\/vtt-mondiaux-marathon-2022-pauline-ferrand-prevot-championne-du-monde\/","title":{"rendered":"VTT Mondiaux Marathon 2022 : Pauline Ferrand-Pr\u00e9vot championne du monde !"},"content":{"rendered":"<p style=\"text-align: justify;\"><b><i>VTT &#8211; Ce samedi, la Fran\u00e7aise Pauline Ferrand-Pr\u00e9vot est devenue championne du monde de VTT Marathon \u00e0 Haderslev (Danemark). Double m\u00e9daill\u00e9e d&rsquo;or aux Gets en Mountain Bike il y a trois semaines, la Champenoise a devanc\u00e9 au sprint la Britannique Annie Last et la Suissesse Jolanda Neff. Au terme des 87,5 km de course, PFP s&rsquo;adjuge un deuxi\u00e8me titre mondial de la sp\u00e9cialit\u00e9, apr\u00e8s celui acquis en 2019.<\/i><\/b><\/p>\n<p style=\"text-align: justify;\">Le tripl\u00e9 pour <strong>Pauline Ferrand-Pr\u00e9vot<\/strong> ! L&rsquo;ann\u00e9e folle se poursuit pour la Champenoise ! Sacr\u00e9e championne du monde sur <a href=\"https:\/\/dicodusport.fr\/blog\/mondiaux-vtt-xcc-2022-pauline-ferrand-prevot-championne-du-monde\/\">la short-track<\/a> et <a href=\"https:\/\/dicodusport.fr\/blog\/mondiaux-vtt-xco-2022-quatrieme-titre-mondial-xco-pour-pauline-ferrand-prevot\/\">la course XCO<\/a> aux Gets il y a trois semaines pour un doubl\u00e9 in\u00e9dit, la Fran\u00e7aise est all\u00e9e d\u00e9crocher ce samedi le titre mondial en <strong>VTT Marathon<\/strong>, au Danemark. Sur un parcours long de 87,5 km autour des localit\u00e9s d&rsquo;Haderslev et Hammelev au sud du territoire danois, <strong>Pauline Ferrand-Pr\u00e9vot<\/strong> a fait parler son exp\u00e9rience. Sur un circuit exigeant mais sans longues mont\u00e9es, tout s&rsquo;est jou\u00e9 dans le final.<\/p>\n<h2 style=\"text-align: justify;\">PFP encore au sommet<\/h2>\n<p style=\"text-align: justify;\">\u00c0 20 km du terme, elles n&rsquo;\u00e9taient plus que 4 \u00e0 pouvoir se jouer la victoire. <strong>PFP<\/strong> donc, mais aussi sa grande rivale suissesse <strong>Jolanda Neff<\/strong>, la Britannique <strong>Annie Last<\/strong> et la locale <strong>Sofie Heby Pedersen<\/strong>. Sans qu&rsquo;aucune de ces quatre concurrentes ne parviennent \u00e0 faire la diff\u00e9rence, le titre s&rsquo;est jou\u00e9 au sprint. Plus puissante, <strong>Pauline Ferrand-Pr\u00e9vot<\/strong> a r\u00e9sist\u00e9 \u00e0 <strong>Annie Last<\/strong>. <strong>Jolanda Neff<\/strong>, trop juste dans les derniers 200 m\u00e8tres, prend donc le bronze, elle qui avait rafl\u00e9 le titre de la sp\u00e9cialit\u00e9 en 2016. \u00c0 noter que la p\u00e9pite du VTT autrichien, <strong>Mona<\/strong> <b>Mitterwallner<\/b> (20 ans), titr\u00e9e l&rsquo;an dernier \u00e0 Capoliveri (Italie), a craqu\u00e9 \u00e0 un peu plus de 20 km de l&rsquo;arriv\u00e9e. Elle terminera finalement \u00e0 la 7\u00e8me place, \u00e0 3:46 de la laur\u00e9ate du jour.<\/p>\n<p style=\"text-align: justify;\">Avec ce nouveau titre, <strong>Pauline Ferrand-Pr\u00e9vot<\/strong> devient championne du monde pour la 15\u00e8me fois de sa carri\u00e8re, toutes disciplines (route, VTT, cyclo-cross) et cat\u00e9gories (\u00e9lites, juniors, espoirs) confondues. Un palmar\u00e8s gargantuesque donc, qu&rsquo;elle pourrait bien garnir un peu plus dans trois semaines, lors des Mondiaux de Gravel, en V\u00e9n\u00e9tie (Italie). Car oui, la R\u00e9moise est annonc\u00e9e sur l&rsquo;\u00e9preuve. Avec toujours la soif de victoire(s).<\/p>\n<blockquote class=\"twitter-tweet\">\n<p dir=\"ltr\" lang=\"pl\">&#x1f308; <a href=\"https:\/\/twitter.com\/FERRANDPREVOT?ref_src=twsrc%5Etfw\">@FERRANDPREVOT<\/a> &#x1f308;<\/p>\n<p>2022 UCI MTB Marathon World Champion! &#x1f4aa;<a href=\"https:\/\/twitter.com\/hashtag\/Haderslev2022?src=hash&amp;ref_src=twsrc%5Etfw\">#Haderslev2022<\/a> <a href=\"https:\/\/t.co\/rOxjBOjldi\">pic.twitter.com\/rOxjBOjldi<\/a><\/p>\n<p>\u2014 UCI MTB (@UCI_MTB) <a href=\"https:\/\/twitter.com\/UCI_MTB\/status\/1571085412655042566?ref_src=twsrc%5Etfw\">September 17, 2022<\/a><\/p><\/blockquote>\n<p><script async src=\"https:\/\/platform.twitter.com\/widgets.js\" charset=\"utf-8\"><\/script><\/p>\n<p style=\"text-align: justify;\">\u00c0 noter que chez les hommes, le titre est revenu \u00e0 l&rsquo;un des grands messieurs des Mondiaux des Gets il y a trois semaines. Le N\u00e9o-Z\u00e9landais <strong>Sam Gaze<\/strong>, sacr\u00e9 sur la short-track, a en effet rafl\u00e9 la mise devant le tenant du titre, l&rsquo;Allemand Andreas Seewald. Le Danois <strong>Simon Andreassen<\/strong> prend le bronze.<\/p>\n","protected":false},"excerpt":{"rendered":"<p>VTT &#8211; Ce samedi, la Fran\u00e7aise Pauline Ferrand-Pr\u00e9vot est devenue championne du monde de VTT Marathon \u00e0 Haderslev (Danemark). Double m\u00e9daill\u00e9e d&rsquo;or aux Gets en Mountain Bike il y a trois semaines, la R\u00e9moise a devanc\u00e9 au sprint la Britannique Annie Last et la Suissesse Jolanda Neff.<\/p>\n","protected":false},"author":4,"featured_media":262911,"comment_status":"open","ping_status":"closed","sticky":false,"template":"","format":"standard","meta":{"_acf_changed":false,"_daextam_enable_autolinks":"","footnotes":""},"categories":[10279],"tags":[1340,24,692],"class_list":["post-262760","post","type-post","status-publish","format-standard","has-post-thumbnail","hentry","category-vtt","tag-pauline-ferrand-prevot","tag-sport","tag-vtt"],"acf":[],"yoast_head":"<!-- This site is optimized with the Yoast SEO Premium plugin v26.7 (Yoast SEO v26.7) - https:\/\/yoast.com\/wordpress\/plugins\/seo\/ -->\n<title>VTT Mondiaux Marathon 2022 : Pauline Ferrand-Pr\u00e9vot championne du monde !<\/title>\n<meta name=\"description\" content=\"VTT - Ce samedi, la Fran\u00e7aise Pauline Ferrand-Pr\u00e9vot est devenue championne du monde de VTT Marathon \u00e0 Haderslev (Danemark).\" \/>\n<meta name=\"robots\" content=\"index, follow, max-snippet:-1, max-image-preview:large, max-video-preview:-1\" \/>\n<link rel=\"canonical\" href=\"https:\/\/dicodusport.fr\/blog\/vtt-mondiaux-marathon-2022-pauline-ferrand-prevot-championne-du-monde\/\" \/>\n<meta property=\"og:locale\" content=\"fr_FR\" \/>\n<meta property=\"og:type\" content=\"article\" \/>\n<meta property=\"og:title\" content=\"VTT Mondiaux Marathon 2022 : Pauline Ferrand-Pr\u00e9vot championne du monde !\" \/>\n<meta property=\"og:description\" content=\"VTT - Ce samedi, la Fran\u00e7aise Pauline Ferrand-Pr\u00e9vot est devenue championne du monde de VTT Marathon \u00e0 Haderslev (Danemark).\" \/>\n<meta property=\"og:url\" content=\"https:\/\/dicodusport.fr\/blog\/vtt-mondiaux-marathon-2022-pauline-ferrand-prevot-championne-du-monde\/\" \/>\n<meta property=\"og:site_name\" content=\"Dicodusport\" \/>\n<meta property=\"article:publisher\" content=\"https:\/\/www.facebook.com\/dicodusport\" \/>\n<meta property=\"article:author\" content=\"https:\/\/www.facebook.com\/florent.ostermann\" \/>\n<meta property=\"article:published_time\" content=\"2022-09-17T10:38:15+00:00\" \/>\n<meta property=\"article:modified_time\" content=\"2022-09-17T15:58:51+00:00\" \/>\n<meta property=\"og:image\" content=\"https:\/\/dicodusport.fr\/blog\/wp-content\/uploads\/2022\/09\/VTT-Mondiaux-Marathon-2022-Pauline-Ferrand-Prevot-championne-du-monde-1.png\" \/>\n\t<meta property=\"og:image:width\" content=\"800\" \/>\n\t<meta property=\"og:image:height\" content=\"445\" \/>\n\t<meta property=\"og:image:type\" content=\"image\/png\" \/>\n<meta name=\"author\" content=\"Flo Ostermann\" \/>\n<meta name=\"twitter:card\" content=\"summary_large_image\" \/>\n<meta name=\"twitter:title\" content=\"VTT Mondiaux Marathon 2022 : Pauline Ferrand-Pr\u00e9vot championne du monde !\" \/>\n<meta name=\"twitter:creator\" content=\"@https:\/\/twitter.com\/FlOstermann\" \/>\n<meta name=\"twitter:site\" content=\"@dicodusport\" \/>\n<script type=\"application\/ld+json\" class=\"yoast-schema-graph\">{\"@context\":\"https:\/\/schema.org\",\"@graph\":[{\"@type\":\"NewsArticle\",\"@id\":\"https:\/\/dicodusport.fr\/blog\/vtt-mondiaux-marathon-2022-pauline-ferrand-prevot-championne-du-monde\/#article\",\"isPartOf\":{\"@id\":\"https:\/\/dicodusport.fr\/blog\/vtt-mondiaux-marathon-2022-pauline-ferrand-prevot-championne-du-monde\/\"},\"author\":{\"name\":\"Flo Ostermann\",\"@id\":\"https:\/\/dicodusport.fr\/blog\/#\/schema\/person\/cb02af4c173ce4a653b55e9baf388d4a\"},\"headline\":\"VTT Mondiaux Marathon 2022 : Pauline Ferrand-Pr\u00e9vot championne du monde !\",\"datePublished\":\"2022-09-17T10:38:15+00:00\",\"dateModified\":\"2022-09-17T15:58:51+00:00\",\"mainEntityOfPage\":{\"@id\":\"https:\/\/dicodusport.fr\/blog\/vtt-mondiaux-marathon-2022-pauline-ferrand-prevot-championne-du-monde\/\"},\"wordCount\":469,\"commentCount\":0,\"publisher\":{\"@id\":\"https:\/\/dicodusport.fr\/blog\/#organization\"},\"image\":{\"@id\":\"https:\/\/dicodusport.fr\/blog\/vtt-mondiaux-marathon-2022-pauline-ferrand-prevot-championne-du-monde\/#primaryimage\"},\"thumbnailUrl\":\"https:\/\/dicodusport.fr\/blog\/wp-content\/uploads\/2022\/09\/VTT-Mondiaux-Marathon-2022-Pauline-Ferrand-Prevot-championne-du-monde-1.png\",\"keywords\":[\"Pauline Ferrand-Pr\u00e9vot\",\"sport\",\"VTT\"],\"articleSection\":[\"VTT\"],\"inLanguage\":\"fr-FR\",\"potentialAction\":[{\"@type\":\"CommentAction\",\"name\":\"Comment\",\"target\":[\"https:\/\/dicodusport.fr\/blog\/vtt-mondiaux-marathon-2022-pauline-ferrand-prevot-championne-du-monde\/#respond\"]}],\"copyrightYear\":\"2022\",\"copyrightHolder\":{\"@id\":\"https:\/\/dicodusport.fr\/blog\/#organization\"}},{\"@type\":\"WebPage\",\"@id\":\"https:\/\/dicodusport.fr\/blog\/vtt-mondiaux-marathon-2022-pauline-ferrand-prevot-championne-du-monde\/\",\"url\":\"https:\/\/dicodusport.fr\/blog\/vtt-mondiaux-marathon-2022-pauline-ferrand-prevot-championne-du-monde\/\",\"name\":\"VTT Mondiaux Marathon 2022 : Pauline Ferrand-Pr\u00e9vot championne du monde !\",\"isPartOf\":{\"@id\":\"https:\/\/dicodusport.fr\/blog\/#website\"},\"primaryImageOfPage\":{\"@id\":\"https:\/\/dicodusport.fr\/blog\/vtt-mondiaux-marathon-2022-pauline-ferrand-prevot-championne-du-monde\/#primaryimage\"},\"image\":{\"@id\":\"https:\/\/dicodusport.fr\/blog\/vtt-mondiaux-marathon-2022-pauline-ferrand-prevot-championne-du-monde\/#primaryimage\"},\"thumbnailUrl\":\"https:\/\/dicodusport.fr\/blog\/wp-content\/uploads\/2022\/09\/VTT-Mondiaux-Marathon-2022-Pauline-Ferrand-Prevot-championne-du-monde-1.png\",\"datePublished\":\"2022-09-17T10:38:15+00:00\",\"dateModified\":\"2022-09-17T15:58:51+00:00\",\"description\":\"VTT - Ce samedi, la Fran\u00e7aise Pauline Ferrand-Pr\u00e9vot est devenue championne du monde de VTT Marathon \u00e0 Haderslev (Danemark).\",\"breadcrumb\":{\"@id\":\"https:\/\/dicodusport.fr\/blog\/vtt-mondiaux-marathon-2022-pauline-ferrand-prevot-championne-du-monde\/#breadcrumb\"},\"inLanguage\":\"fr-FR\",\"potentialAction\":[{\"@type\":\"ReadAction\",\"target\":[\"https:\/\/dicodusport.fr\/blog\/vtt-mondiaux-marathon-2022-pauline-ferrand-prevot-championne-du-monde\/\"]}]},{\"@type\":\"ImageObject\",\"inLanguage\":\"fr-FR\",\"@id\":\"https:\/\/dicodusport.fr\/blog\/vtt-mondiaux-marathon-2022-pauline-ferrand-prevot-championne-du-monde\/#primaryimage\",\"url\":\"https:\/\/dicodusport.fr\/blog\/wp-content\/uploads\/2022\/09\/VTT-Mondiaux-Marathon-2022-Pauline-Ferrand-Prevot-championne-du-monde-1.png\",\"contentUrl\":\"https:\/\/dicodusport.fr\/blog\/wp-content\/uploads\/2022\/09\/VTT-Mondiaux-Marathon-2022-Pauline-Ferrand-Prevot-championne-du-monde-1.png\",\"width\":800,\"height\":445,\"caption\":\"VTT Mondiaux Marathon 2022 Pauline Ferrand-Pr\u00e9vot championne du monde ! (1)\"},{\"@type\":\"BreadcrumbList\",\"@id\":\"https:\/\/dicodusport.fr\/blog\/vtt-mondiaux-marathon-2022-pauline-ferrand-prevot-championne-du-monde\/#breadcrumb\",\"itemListElement\":[{\"@type\":\"ListItem\",\"position\":1,\"name\":\"Accueil\",\"item\":\"https:\/\/dicodusport.fr\/blog\/\"},{\"@type\":\"ListItem\",\"position\":2,\"name\":\"VTT Mondiaux Marathon 2022 : Pauline Ferrand-Pr\u00e9vot championne du monde !\"}]},{\"@type\":\"WebSite\",\"@id\":\"https:\/\/dicodusport.fr\/blog\/#website\",\"url\":\"https:\/\/dicodusport.fr\/blog\/\",\"name\":\"Dicodusport\",\"description\":\"L&#039;encyclop\u00e9die de l&#039;actualit\u00e9 sportive\",\"publisher\":{\"@id\":\"https:\/\/dicodusport.fr\/blog\/#organization\"},\"potentialAction\":[{\"@type\":\"SearchAction\",\"target\":{\"@type\":\"EntryPoint\",\"urlTemplate\":\"https:\/\/dicodusport.fr\/blog\/?s={search_term_string}\"},\"query-input\":{\"@type\":\"PropertyValueSpecification\",\"valueRequired\":true,\"valueName\":\"search_term_string\"}}],\"inLanguage\":\"fr-FR\"},{\"@type\":\"NewsMediaOrganization\",\"@id\":\"https:\/\/dicodusport.fr\/blog\/#organization\",\"name\":\"Dicodusport\",\"url\":\"https:\/\/dicodusport.fr\/blog\/\",\"logo\":{\"@type\":\"ImageObject\",\"inLanguage\":\"fr-FR\",\"@id\":\"https:\/\/dicodusport.fr\/blog\/#\/schema\/logo\/image\/\",\"url\":\"https:\/\/dicodusport.fr\/blog\/wp-content\/uploads\/2020\/06\/cropped-LOGO-DICODUSPORT-2020-SANS-FOND-SANS-TEXTE.png\",\"contentUrl\":\"https:\/\/dicodusport.fr\/blog\/wp-content\/uploads\/2020\/06\/cropped-LOGO-DICODUSPORT-2020-SANS-FOND-SANS-TEXTE.png\",\"width\":512,\"height\":512,\"caption\":\"Dicodusport\"},\"image\":{\"@id\":\"https:\/\/dicodusport.fr\/blog\/#\/schema\/logo\/image\/\"},\"sameAs\":[\"https:\/\/www.facebook.com\/dicodusport\",\"https:\/\/x.com\/dicodusport\",\"https:\/\/www.instagram.com\/dicodusport\/\",\"https:\/\/www.youtube.com\/channel\/UC7V2KZ5sd3htJivAbA4ZG3w\"],\"description\":\"Dicodusport est l'encyclop\u00e9die de l'actualit\u00e9 sportive.\",\"email\":\"bonjour@dicodusport.fr\",\"legalName\":\"DICODUSPORT\",\"foundingDate\":\"2018-01-14\",\"vatID\":\"FR71834470973\",\"taxID\":\"83447097300043\",\"numberOfEmployees\":{\"@type\":\"QuantitativeValue\",\"minValue\":\"1\",\"maxValue\":\"10\"}},{\"@type\":\"Person\",\"@id\":\"https:\/\/dicodusport.fr\/blog\/#\/schema\/person\/cb02af4c173ce4a653b55e9baf388d4a\",\"name\":\"Flo Ostermann\",\"image\":{\"@type\":\"ImageObject\",\"inLanguage\":\"fr-FR\",\"@id\":\"https:\/\/dicodusport.fr\/blog\/#\/schema\/person\/image\/\",\"url\":\"https:\/\/dicodusport.fr\/blog\/wp-content\/uploads\/2021\/05\/Flo-Ostermann-150x150.jpg\",\"contentUrl\":\"https:\/\/dicodusport.fr\/blog\/wp-content\/uploads\/2021\/05\/Flo-Ostermann-150x150.jpg\",\"caption\":\"Flo Ostermann\"},\"description\":\"Journaliste\/R\u00e9dacteur depuis septembre 2015 - Mes premiers souvenirs dans le sport ? Les envol\u00e9es du Stade Toulousain et les duels Villeneuve-Schumacher et H\u00e4kkinen-Schumacher \u00e0 la fin des ann\u00e9es 90, la Coupe du monde de football en 1998, l\u2019exploit du XV de France face aux All Blacks en 1999, mais aussi Richard C\u0153ur de Lion qui vole sur les montagnes du Tour de France. Bien parti pour devenir professeur d\u2019EPS, les \u00e9v\u00e9nements de la vie (et la flemme d\u2019animer des s\u00e9ances de 3x500 m\u00e8tres toute ma vie) m\u2019ont conduit \u00e0 revoir mes plans. Me voil\u00e0 depuis fin 2017 sur Dicodusport, m\u00e9dia gr\u00e2ce (et pour) lequel je partage ma passion : le sport dans tous ses \u00e9tats. Le tout accompagn\u00e9 par les fous furieux et folles furieuses cit\u00e9s sur cette page !\",\"sameAs\":[\"https:\/\/www.facebook.com\/florent.ostermann\",\"https:\/\/x.com\/https:\/\/twitter.com\/FlOstermann\",\"admin\"],\"url\":\"https:\/\/dicodusport.fr\/blog\/author\/flo\/\"}]}<\/script>\n<!-- \/ Yoast SEO Premium plugin. -->","yoast_head_json":{"title":"VTT Mondiaux Marathon 2022 : Pauline Ferrand-Pr\u00e9vot championne du monde !","description":"VTT - Ce samedi, la Fran\u00e7aise Pauline Ferrand-Pr\u00e9vot est devenue championne du monde de VTT Marathon \u00e0 Haderslev (Danemark).","robots":{"index":"index","follow":"follow","max-snippet":"max-snippet:-1","max-image-preview":"max-image-preview:large","max-video-preview":"max-video-preview:-1"},"canonical":"https:\/\/dicodusport.fr\/blog\/vtt-mondiaux-marathon-2022-pauline-ferrand-prevot-championne-du-monde\/","og_locale":"fr_FR","og_type":"article","og_title":"VTT Mondiaux Marathon 2022 : Pauline Ferrand-Pr\u00e9vot championne du monde !","og_description":"VTT - Ce samedi, la Fran\u00e7aise Pauline Ferrand-Pr\u00e9vot est devenue championne du monde de VTT Marathon \u00e0 Haderslev (Danemark).","og_url":"https:\/\/dicodusport.fr\/blog\/vtt-mondiaux-marathon-2022-pauline-ferrand-prevot-championne-du-monde\/","og_site_name":"Dicodusport","article_publisher":"https:\/\/www.facebook.com\/dicodusport","article_author":"https:\/\/www.facebook.com\/florent.ostermann","article_published_time":"2022-09-17T10:38:15+00:00","article_modified_time":"2022-09-17T15:58:51+00:00","og_image":[{"width":800,"height":445,"url":"https:\/\/dicodusport.fr\/blog\/wp-content\/uploads\/2022\/09\/VTT-Mondiaux-Marathon-2022-Pauline-Ferrand-Prevot-championne-du-monde-1.png","type":"image\/png"}],"author":"Flo Ostermann","twitter_card":"summary_large_image","twitter_title":"VTT Mondiaux Marathon 2022 : Pauline Ferrand-Pr\u00e9vot championne du monde !","twitter_creator":"@https:\/\/twitter.com\/FlOstermann","twitter_site":"@dicodusport","schema":{"@context":"https:\/\/schema.org","@graph":[{"@type":"NewsArticle","@id":"https:\/\/dicodusport.fr\/blog\/vtt-mondiaux-marathon-2022-pauline-ferrand-prevot-championne-du-monde\/#article","isPartOf":{"@id":"https:\/\/dicodusport.fr\/blog\/vtt-mondiaux-marathon-2022-pauline-ferrand-prevot-championne-du-monde\/"},"author":{"name":"Flo Ostermann","@id":"https:\/\/dicodusport.fr\/blog\/#\/schema\/person\/cb02af4c173ce4a653b55e9baf388d4a"},"headline":"VTT Mondiaux Marathon 2022 : Pauline Ferrand-Pr\u00e9vot championne du monde !","datePublished":"2022-09-17T10:38:15+00:00","dateModified":"2022-09-17T15:58:51+00:00","mainEntityOfPage":{"@id":"https:\/\/dicodusport.fr\/blog\/vtt-mondiaux-marathon-2022-pauline-ferrand-prevot-championne-du-monde\/"},"wordCount":469,"commentCount":0,"publisher":{"@id":"https:\/\/dicodusport.fr\/blog\/#organization"},"image":{"@id":"https:\/\/dicodusport.fr\/blog\/vtt-mondiaux-marathon-2022-pauline-ferrand-prevot-championne-du-monde\/#primaryimage"},"thumbnailUrl":"https:\/\/dicodusport.fr\/blog\/wp-content\/uploads\/2022\/09\/VTT-Mondiaux-Marathon-2022-Pauline-Ferrand-Prevot-championne-du-monde-1.png","keywords":["Pauline Ferrand-Pr\u00e9vot","sport","VTT"],"articleSection":["VTT"],"inLanguage":"fr-FR","potentialAction":[{"@type":"CommentAction","name":"Comment","target":["https:\/\/dicodusport.fr\/blog\/vtt-mondiaux-marathon-2022-pauline-ferrand-prevot-championne-du-monde\/#respond"]}],"copyrightYear":"2022","copyrightHolder":{"@id":"https:\/\/dicodusport.fr\/blog\/#organization"}},{"@type":"WebPage","@id":"https:\/\/dicodusport.fr\/blog\/vtt-mondiaux-marathon-2022-pauline-ferrand-prevot-championne-du-monde\/","url":"https:\/\/dicodusport.fr\/blog\/vtt-mondiaux-marathon-2022-pauline-ferrand-prevot-championne-du-monde\/","name":"VTT Mondiaux Marathon 2022 : Pauline Ferrand-Pr\u00e9vot championne du monde !","isPartOf":{"@id":"https:\/\/dicodusport.fr\/blog\/#website"},"primaryImageOfPage":{"@id":"https:\/\/dicodusport.fr\/blog\/vtt-mondiaux-marathon-2022-pauline-ferrand-prevot-championne-du-monde\/#primaryimage"},"image":{"@id":"https:\/\/dicodusport.fr\/blog\/vtt-mondiaux-marathon-2022-pauline-ferrand-prevot-championne-du-monde\/#primaryimage"},"thumbnailUrl":"https:\/\/dicodusport.fr\/blog\/wp-content\/uploads\/2022\/09\/VTT-Mondiaux-Marathon-2022-Pauline-Ferrand-Prevot-championne-du-monde-1.png","datePublished":"2022-09-17T10:38:15+00:00","dateModified":"2022-09-17T15:58:51+00:00","description":"VTT - Ce samedi, la Fran\u00e7aise Pauline Ferrand-Pr\u00e9vot est devenue championne du monde de VTT Marathon \u00e0 Haderslev (Danemark).","breadcrumb":{"@id":"https:\/\/dicodusport.fr\/blog\/vtt-mondiaux-marathon-2022-pauline-ferrand-prevot-championne-du-monde\/#breadcrumb"},"inLanguage":"fr-FR","potentialAction":[{"@type":"ReadAction","target":["https:\/\/dicodusport.fr\/blog\/vtt-mondiaux-marathon-2022-pauline-ferrand-prevot-championne-du-monde\/"]}]},{"@type":"ImageObject","inLanguage":"fr-FR","@id":"https:\/\/dicodusport.fr\/blog\/vtt-mondiaux-marathon-2022-pauline-ferrand-prevot-championne-du-monde\/#primaryimage","url":"https:\/\/dicodusport.fr\/blog\/wp-content\/uploads\/2022\/09\/VTT-Mondiaux-Marathon-2022-Pauline-Ferrand-Prevot-championne-du-monde-1.png","contentUrl":"https:\/\/dicodusport.fr\/blog\/wp-content\/uploads\/2022\/09\/VTT-Mondiaux-Marathon-2022-Pauline-Ferrand-Prevot-championne-du-monde-1.png","width":800,"height":445,"caption":"VTT Mondiaux Marathon 2022 Pauline Ferrand-Pr\u00e9vot championne du monde ! (1)"},{"@type":"BreadcrumbList","@id":"https:\/\/dicodusport.fr\/blog\/vtt-mondiaux-marathon-2022-pauline-ferrand-prevot-championne-du-monde\/#breadcrumb","itemListElement":[{"@type":"ListItem","position":1,"name":"Accueil","item":"https:\/\/dicodusport.fr\/blog\/"},{"@type":"ListItem","position":2,"name":"VTT Mondiaux Marathon 2022 : Pauline Ferrand-Pr\u00e9vot championne du monde !"}]},{"@type":"WebSite","@id":"https:\/\/dicodusport.fr\/blog\/#website","url":"https:\/\/dicodusport.fr\/blog\/","name":"Dicodusport","description":"L&#039;encyclop\u00e9die de l&#039;actualit\u00e9 sportive","publisher":{"@id":"https:\/\/dicodusport.fr\/blog\/#organization"},"potentialAction":[{"@type":"SearchAction","target":{"@type":"EntryPoint","urlTemplate":"https:\/\/dicodusport.fr\/blog\/?s={search_term_string}"},"query-input":{"@type":"PropertyValueSpecification","valueRequired":true,"valueName":"search_term_string"}}],"inLanguage":"fr-FR"},{"@type":"NewsMediaOrganization","@id":"https:\/\/dicodusport.fr\/blog\/#organization","name":"Dicodusport","url":"https:\/\/dicodusport.fr\/blog\/","logo":{"@type":"ImageObject","inLanguage":"fr-FR","@id":"https:\/\/dicodusport.fr\/blog\/#\/schema\/logo\/image\/","url":"https:\/\/dicodusport.fr\/blog\/wp-content\/uploads\/2020\/06\/cropped-LOGO-DICODUSPORT-2020-SANS-FOND-SANS-TEXTE.png","contentUrl":"https:\/\/dicodusport.fr\/blog\/wp-content\/uploads\/2020\/06\/cropped-LOGO-DICODUSPORT-2020-SANS-FOND-SANS-TEXTE.png","width":512,"height":512,"caption":"Dicodusport"},"image":{"@id":"https:\/\/dicodusport.fr\/blog\/#\/schema\/logo\/image\/"},"sameAs":["https:\/\/www.facebook.com\/dicodusport","https:\/\/x.com\/dicodusport","https:\/\/www.instagram.com\/dicodusport\/","https:\/\/www.youtube.com\/channel\/UC7V2KZ5sd3htJivAbA4ZG3w"],"description":"Dicodusport est l'encyclop\u00e9die de l'actualit\u00e9 sportive.","email":"bonjour@dicodusport.fr","legalName":"DICODUSPORT","foundingDate":"2018-01-14","vatID":"FR71834470973","taxID":"83447097300043","numberOfEmployees":{"@type":"QuantitativeValue","minValue":"1","maxValue":"10"}},{"@type":"Person","@id":"https:\/\/dicodusport.fr\/blog\/#\/schema\/person\/cb02af4c173ce4a653b55e9baf388d4a","name":"Flo Ostermann","image":{"@type":"ImageObject","inLanguage":"fr-FR","@id":"https:\/\/dicodusport.fr\/blog\/#\/schema\/person\/image\/","url":"https:\/\/dicodusport.fr\/blog\/wp-content\/uploads\/2021\/05\/Flo-Ostermann-150x150.jpg","contentUrl":"https:\/\/dicodusport.fr\/blog\/wp-content\/uploads\/2021\/05\/Flo-Ostermann-150x150.jpg","caption":"Flo Ostermann"},"description":"Journaliste\/R\u00e9dacteur depuis septembre 2015 - Mes premiers souvenirs dans le sport ? Les envol\u00e9es du Stade Toulousain et les duels Villeneuve-Schumacher et H\u00e4kkinen-Schumacher \u00e0 la fin des ann\u00e9es 90, la Coupe du monde de football en 1998, l\u2019exploit du XV de France face aux All Blacks en 1999, mais aussi Richard C\u0153ur de Lion qui vole sur les montagnes du Tour de France. Bien parti pour devenir professeur d\u2019EPS, les \u00e9v\u00e9nements de la vie (et la flemme d\u2019animer des s\u00e9ances de 3x500 m\u00e8tres toute ma vie) m\u2019ont conduit \u00e0 revoir mes plans. Me voil\u00e0 depuis fin 2017 sur Dicodusport, m\u00e9dia gr\u00e2ce (et pour) lequel je partage ma passion : le sport dans tous ses \u00e9tats. Le tout accompagn\u00e9 par les fous furieux et folles furieuses cit\u00e9s sur cette page !","sameAs":["https:\/\/www.facebook.com\/florent.ostermann","https:\/\/x.com\/https:\/\/twitter.com\/FlOstermann","admin"],"url":"https:\/\/dicodusport.fr\/blog\/author\/flo\/"}]}},"_links":{"self":[{"href":"https:\/\/dicodusport.fr\/blog\/wp-json\/wp\/v2\/posts\/262760","targetHints":{"allow":["GET"]}}],"collection":[{"href":"https:\/\/dicodusport.fr\/blog\/wp-json\/wp\/v2\/posts"}],"about":[{"href":"https:\/\/dicodusport.fr\/blog\/wp-json\/wp\/v2\/types\/post"}],"author":[{"embeddable":true,"href":"https:\/\/dicodusport.fr\/blog\/wp-json\/wp\/v2\/users\/4"}],"replies":[{"embeddable":true,"href":"https:\/\/dicodusport.fr\/blog\/wp-json\/wp\/v2\/comments?post=262760"}],"version-history":[{"count":0,"href":"https:\/\/dicodusport.fr\/blog\/wp-json\/wp\/v2\/posts\/262760\/revisions"}],"wp:featuredmedia":[{"embeddable":true,"href":"https:\/\/dicodusport.fr\/blog\/wp-json\/wp\/v2\/media\/262911"}],"wp:attachment":[{"href":"https:\/\/dicodusport.fr\/blog\/wp-json\/wp\/v2\/media?parent=262760"}],"wp:term":[{"taxonomy":"category","embeddable":true,"href":"https:\/\/dicodusport.fr\/blog\/wp-json\/wp\/v2\/categories?post=262760"},{"taxonomy":"post_tag","embeddable":true,"href":"https:\/\/dicodusport.fr\/blog\/wp-json\/wp\/v2\/tags?post=262760"}],"curies":[{"name":"wp","href":"https:\/\/api.w.org\/{rel}","templated":true}]}}