{"id":262792,"date":"2022-09-17T20:10:57","date_gmt":"2022-09-17T18:10:57","guid":{"rendered":"https:\/\/dicodusport.fr\/blog\/?p=262792&#038;preview=true&#038;preview_id=262792"},"modified":"2022-09-18T10:26:00","modified_gmt":"2022-09-18T08:26:00","slug":"coupe-davis-2022-la-france-bat-la-belgique-pour-lhonneur","status":"publish","type":"post","link":"https:\/\/dicodusport.fr\/blog\/coupe-davis-2022-la-france-bat-la-belgique-pour-lhonneur\/","title":{"rendered":"Coupe Davis 2022 : La France bat la Belgique pour l&rsquo;honneur"},"content":{"rendered":"<p style=\"text-align: justify;\"><strong><em><a title=\"Coupe Davis 2022 Phase de groupes : Programme et r\u00e9sultats\" href=\"https:\/\/dicodusport.fr\/blog\/coupe-davis-2022-phase-de-groupes-programme-et-resultats\/\" target=\"_blank\" rel=\"noopener\">COUPE DAVIS<\/a> &#8211; D\u00e9j\u00e0 \u00e9limin\u00e9s de la course aux phases finales, les Bleus ont sauv\u00e9 la face en battant difficilement la Belgique (2-1), et \u00e9vitent la derni\u00e8re place de la poule. N\u00e9anmoins, cette semaine reste une d\u00e9ception pour la bande \u00e0 S\u00e9bastien Grosjean.\u00a0<\/em><\/strong><\/p>\n<p style=\"text-align: justify;\">Apr\u00e8s deux d\u00e9faites contre <a href=\"https:\/\/dicodusport.fr\/blog\/coupe-davis-2022-les-bleus-sinclinent-face-a-lallemagne\/\">l&rsquo;Allemagne<\/a> et <a href=\"https:\/\/dicodusport.fr\/blog\/coupe-davis-2022-battue-par-laustralie-la-france-est-pratiquement-eliminee\/\">l&rsquo;Australie<\/a>, le seul espoir de qualification des Bleus passait par un succ\u00e8s de la Belgique contre les Allemands hier. Mais m\u00eame si le coup est pass\u00e9 pr\u00e8s, il n&rsquo;en a rien \u00e9t\u00e9, et les faibles chances fran\u00e7aises se sont \u00e9vanouies. Cons\u00e9quence, la France et la Belgique s&rsquo;affrontaient pour l&rsquo;honneur aujourd&rsquo;hui, et surtout pour \u00e9viter le z\u00e9ro point\u00e9 et la derni\u00e8re place.<\/p>\n<h2 style=\"text-align: justify;\">Gasquet facile, Bonzi encore trop court<\/h2>\n<p style=\"text-align: justify;\">C&rsquo;est <strong>Richard Gasquet<\/strong> qui ouvrait les d\u00e9bats contre le modeste <strong>Michael Geerts<\/strong>, 268\u00e8me mondial. Un adversaire bien trop tendre pour <em>Ritchie<\/em>, qui l&rsquo;a emport\u00e9 logiquement <strong>6-3, 6-3<\/strong>. <strong>Benjamin Bonzi<\/strong> est ensuite entr\u00e9 sur le court, pour tenter d&rsquo;enfin d\u00e9crocher un succ\u00e8s cette semaine, apr\u00e8s deux d\u00e9faites am\u00e8res. Probl\u00e8me, c&rsquo;est un<strong> David Goffin<\/strong> en pleine renaissance qui lui faisait face.<\/p>\n<blockquote class=\"twitter-tweet\">\n<p dir=\"ltr\" lang=\"fr\">Richard Gasquet s&rsquo;impose 6-3, 6-3 face \u00e0 Michael Geerts et apporte le premier point pour la France face \u00e0 la Belgique dans cette derni\u00e8re rencontre de la phase de groupes de la Coupe Davis.<\/p>\n<p>En direct sur L&rsquo;\u00c9quipe live : <a href=\"https:\/\/t.co\/oA7tjzD8QK\">https:\/\/t.co\/oA7tjzD8QK<\/a> <a href=\"https:\/\/twitter.com\/hashtag\/lequipeTENNIS?src=hash&amp;ref_src=twsrc%5Etfw\">#lequipeTENNIS<\/a> <a href=\"https:\/\/t.co\/y48bg4cSGU\">pic.twitter.com\/y48bg4cSGU<\/a><\/p>\n<p>\u2014 L&rsquo;\u00c9QUIPE (@lequipe) <a href=\"https:\/\/twitter.com\/lequipe\/status\/1571130565331505152?ref_src=twsrc%5Etfw\">September 17, 2022<\/a><\/p><\/blockquote>\n<p style=\"text-align: justify;\"><script async src=\"https:\/\/platform.twitter.com\/widgets.js\" charset=\"utf-8\"><\/script><\/p>\n<p style=\"text-align: justify;\">Et une nouvelle fois, le Tricolore pourra nourrir d&rsquo;immenses regrets. Alors que <strong>David Goffin<\/strong> dominait et servait pour le match \u00e0 <strong>6-3, 5-4, Benjamin Bonzi<\/strong> a renvers\u00e9 la vapeur et align\u00e9 trois jeux pour gagner la manche. Mais il a pay\u00e9 la not\u00e9 d&rsquo;entr\u00e9e de troisi\u00e8me set, devant courir apr\u00e8s le score pour finalement chuter <strong>6-3, 5-7, 6-3<\/strong>. La semaine du Fran\u00e7ais ne pouvait pas \u00eatre plus frustrante.<\/p>\n<h2 style=\"text-align: justify;\">Le double s&rsquo;en sort<\/h2>\n<p style=\"text-align: justify;\">Une nouvelle fois, le double devait d\u00e9cider du sort de la rencontre. Et cette fois, <strong>Nicolas Mahut<\/strong> et <strong>Arthur Rinderknech<\/strong> ont pris le match par le bon bout. Un break rapide et ils ont tenu l&rsquo;avantage pour gagner la premi\u00e8re manche <strong>6-3<\/strong>. L&rsquo;affaire a \u00e9t\u00e9 plus serr\u00e9e en deuxi\u00e8me manche. Aucune \u00e9quipe n&rsquo;a l\u00e2ch\u00e9 son engagement, et l&rsquo;affaire s&rsquo;est jou\u00e9e au tie-break. Un jeu d\u00e9cisif dans lequel les Bleus, bien partis, ont toutefois d\u00fb sauver une balle de set avant d&rsquo;enfin lever les bras (<strong>6-3, 7-6<\/strong>).<\/p>\n<p style=\"text-align: justify;\">Ainsi, l&rsquo;\u00e9quipe de France ne rentrera pas bredouille de sa semaine \u00e0 Hambourg. Mais l&rsquo;objectif qualification n&rsquo;est pas atteint. Face \u00e0 une Allemagne sans <strong>Alexander Zverev<\/strong>, et une Australie sans<strong> Nick Kyrgios<\/strong>, la porte \u00e9tait pourtant ouverte. Mais les Bleus n&rsquo;ont pas su l&rsquo;enfoncer, n\u00e9gociant mal les moments chauds, alors qu&rsquo;au vu des sc\u00e9narios, trois victoires n&rsquo;auraient pas \u00e9t\u00e9 usurp\u00e9es. On a l&rsquo;impression que tout s&rsquo;est jou\u00e9 lors du tout premier match, perdu par <strong>Benjamin Bonzi<\/strong> &#8211; pas en r\u00e9ussite cette semaine &#8211; apr\u00e8s avoir eu des balles de match. Il y aura du travail pour <strong>S\u00e9bastien Grosjean<\/strong> afin de recr\u00e9er une vraie \u00e9mulation dans cette \u00e9quipe.<\/p>\n","protected":false},"excerpt":{"rendered":"<p>COUPE DAVIS &#8211; D\u00e9j\u00e0 \u00e9limin\u00e9s de la course aux phases finales, les Bleus ont sauv\u00e9 la face en battant difficilement la Belgique (2-1), et \u00e9vitent la derni\u00e8re place de la poule. N\u00e9anmoins, cette semaine reste une d\u00e9ception pour la bande \u00e0 S\u00e9bastien Grosjean.\u00a0<\/p>\n","protected":false},"author":59,"featured_media":262952,"comment_status":"open","ping_status":"closed","sticky":false,"template":"","format":"standard","meta":{"_acf_changed":false,"_daextam_enable_autolinks":"","footnotes":""},"categories":[2302],"tags":[9674,2571,2541,2542],"class_list":["post-262792","post","type-post","status-publish","format-standard","has-post-thumbnail","hentry","category-tennis","tag-arthur-rinderknech","tag-benjamin-bonzi","tag-nicolas-mahut","tag-richard-gasquet"],"acf":[],"yoast_head":"<!-- This site is optimized with the Yoast SEO Premium plugin v26.7 (Yoast SEO v26.7) - https:\/\/yoast.com\/wordpress\/plugins\/seo\/ -->\n<title>Coupe Davis 2022 : La France bat la Belgique pour l&#039;honneur<\/title>\n<meta name=\"description\" content=\"COUPE DAVIS - D\u00e9j\u00e0 \u00e9limin\u00e9s de la course aux phases finales, les Bleus ont sauv\u00e9 la face en battant difficilement la Belgique (2-1)\" \/>\n<meta name=\"robots\" content=\"index, follow, max-snippet:-1, max-image-preview:large, max-video-preview:-1\" \/>\n<link rel=\"canonical\" href=\"https:\/\/dicodusport.fr\/blog\/coupe-davis-2022-la-france-bat-la-belgique-pour-lhonneur\/\" \/>\n<meta property=\"og:locale\" content=\"fr_FR\" \/>\n<meta property=\"og:type\" content=\"article\" \/>\n<meta property=\"og:title\" content=\"Coupe Davis 2022 : La France bat la Belgique pour l&#039;honneur\" \/>\n<meta property=\"og:description\" content=\"COUPE DAVIS - D\u00e9j\u00e0 \u00e9limin\u00e9s de la course aux phases finales, les Bleus ont sauv\u00e9 la face en battant difficilement la Belgique (2-1)\" \/>\n<meta property=\"og:url\" content=\"https:\/\/dicodusport.fr\/blog\/coupe-davis-2022-la-france-bat-la-belgique-pour-lhonneur\/\" \/>\n<meta property=\"og:site_name\" content=\"Dicodusport\" \/>\n<meta property=\"article:publisher\" content=\"https:\/\/www.facebook.com\/dicodusport\" \/>\n<meta property=\"article:author\" content=\"https:\/\/www.facebook.com\/sebastien.gente\/\" \/>\n<meta property=\"article:published_time\" content=\"2022-09-17T18:10:57+00:00\" \/>\n<meta property=\"article:modified_time\" content=\"2022-09-18T08:26:00+00:00\" \/>\n<meta property=\"og:image\" content=\"https:\/\/dicodusport.fr\/blog\/wp-content\/uploads\/2022\/09\/Coupe-Davis-2022-La-France-bat-la-Belgique-pour-lhonneur.png\" \/>\n\t<meta property=\"og:image:width\" content=\"800\" \/>\n\t<meta property=\"og:image:height\" content=\"445\" \/>\n\t<meta property=\"og:image:type\" content=\"image\/png\" \/>\n<meta name=\"author\" content=\"S\u00e9bastien Gente\" \/>\n<meta name=\"twitter:card\" content=\"summary_large_image\" \/>\n<meta name=\"twitter:title\" content=\"Coupe Davis 2022 : La France bat la Belgique pour l&#039;honneur\" \/>\n<meta name=\"twitter:creator\" content=\"@https:\/\/twitter.com\/globulo24\" \/>\n<meta name=\"twitter:site\" content=\"@dicodusport\" \/>\n<script type=\"application\/ld+json\" class=\"yoast-schema-graph\">{\"@context\":\"https:\/\/schema.org\",\"@graph\":[{\"@type\":\"NewsArticle\",\"@id\":\"https:\/\/dicodusport.fr\/blog\/coupe-davis-2022-la-france-bat-la-belgique-pour-lhonneur\/#article\",\"isPartOf\":{\"@id\":\"https:\/\/dicodusport.fr\/blog\/coupe-davis-2022-la-france-bat-la-belgique-pour-lhonneur\/\"},\"author\":{\"name\":\"S\u00e9bastien Gente\",\"@id\":\"https:\/\/dicodusport.fr\/blog\/#\/schema\/person\/627966a6cde45dbd8c5e36ac85d783da\"},\"headline\":\"Coupe Davis 2022 : La France bat la Belgique pour l&rsquo;honneur\",\"datePublished\":\"2022-09-17T18:10:57+00:00\",\"dateModified\":\"2022-09-18T08:26:00+00:00\",\"mainEntityOfPage\":{\"@id\":\"https:\/\/dicodusport.fr\/blog\/coupe-davis-2022-la-france-bat-la-belgique-pour-lhonneur\/\"},\"wordCount\":571,\"commentCount\":0,\"publisher\":{\"@id\":\"https:\/\/dicodusport.fr\/blog\/#organization\"},\"image\":{\"@id\":\"https:\/\/dicodusport.fr\/blog\/coupe-davis-2022-la-france-bat-la-belgique-pour-lhonneur\/#primaryimage\"},\"thumbnailUrl\":\"https:\/\/dicodusport.fr\/blog\/wp-content\/uploads\/2022\/09\/Coupe-Davis-2022-La-France-bat-la-Belgique-pour-lhonneur.png\",\"keywords\":[\"Arthur Rinderknech\",\"Benjamin Bonzi\",\"Nicolas Mahut\",\"Richard Gasquet\"],\"articleSection\":[\"Tennis\"],\"inLanguage\":\"fr-FR\",\"potentialAction\":[{\"@type\":\"CommentAction\",\"name\":\"Comment\",\"target\":[\"https:\/\/dicodusport.fr\/blog\/coupe-davis-2022-la-france-bat-la-belgique-pour-lhonneur\/#respond\"]}],\"copyrightYear\":\"2022\",\"copyrightHolder\":{\"@id\":\"https:\/\/dicodusport.fr\/blog\/#organization\"}},{\"@type\":\"WebPage\",\"@id\":\"https:\/\/dicodusport.fr\/blog\/coupe-davis-2022-la-france-bat-la-belgique-pour-lhonneur\/\",\"url\":\"https:\/\/dicodusport.fr\/blog\/coupe-davis-2022-la-france-bat-la-belgique-pour-lhonneur\/\",\"name\":\"Coupe Davis 2022 : La France bat la Belgique pour l'honneur\",\"isPartOf\":{\"@id\":\"https:\/\/dicodusport.fr\/blog\/#website\"},\"primaryImageOfPage\":{\"@id\":\"https:\/\/dicodusport.fr\/blog\/coupe-davis-2022-la-france-bat-la-belgique-pour-lhonneur\/#primaryimage\"},\"image\":{\"@id\":\"https:\/\/dicodusport.fr\/blog\/coupe-davis-2022-la-france-bat-la-belgique-pour-lhonneur\/#primaryimage\"},\"thumbnailUrl\":\"https:\/\/dicodusport.fr\/blog\/wp-content\/uploads\/2022\/09\/Coupe-Davis-2022-La-France-bat-la-Belgique-pour-lhonneur.png\",\"datePublished\":\"2022-09-17T18:10:57+00:00\",\"dateModified\":\"2022-09-18T08:26:00+00:00\",\"description\":\"COUPE DAVIS - D\u00e9j\u00e0 \u00e9limin\u00e9s de la course aux phases finales, les Bleus ont sauv\u00e9 la face en battant difficilement la Belgique (2-1)\",\"breadcrumb\":{\"@id\":\"https:\/\/dicodusport.fr\/blog\/coupe-davis-2022-la-france-bat-la-belgique-pour-lhonneur\/#breadcrumb\"},\"inLanguage\":\"fr-FR\",\"potentialAction\":[{\"@type\":\"ReadAction\",\"target\":[\"https:\/\/dicodusport.fr\/blog\/coupe-davis-2022-la-france-bat-la-belgique-pour-lhonneur\/\"]}]},{\"@type\":\"ImageObject\",\"inLanguage\":\"fr-FR\",\"@id\":\"https:\/\/dicodusport.fr\/blog\/coupe-davis-2022-la-france-bat-la-belgique-pour-lhonneur\/#primaryimage\",\"url\":\"https:\/\/dicodusport.fr\/blog\/wp-content\/uploads\/2022\/09\/Coupe-Davis-2022-La-France-bat-la-Belgique-pour-lhonneur.png\",\"contentUrl\":\"https:\/\/dicodusport.fr\/blog\/wp-content\/uploads\/2022\/09\/Coupe-Davis-2022-La-France-bat-la-Belgique-pour-lhonneur.png\",\"width\":800,\"height\":445,\"caption\":\"Coupe Davis 2022 La France bat la Belgique pour l'honneur\"},{\"@type\":\"BreadcrumbList\",\"@id\":\"https:\/\/dicodusport.fr\/blog\/coupe-davis-2022-la-france-bat-la-belgique-pour-lhonneur\/#breadcrumb\",\"itemListElement\":[{\"@type\":\"ListItem\",\"position\":1,\"name\":\"Accueil\",\"item\":\"https:\/\/dicodusport.fr\/blog\/\"},{\"@type\":\"ListItem\",\"position\":2,\"name\":\"Coupe Davis 2022 : La France bat la Belgique pour l&rsquo;honneur\"}]},{\"@type\":\"WebSite\",\"@id\":\"https:\/\/dicodusport.fr\/blog\/#website\",\"url\":\"https:\/\/dicodusport.fr\/blog\/\",\"name\":\"Dicodusport\",\"description\":\"L&#039;encyclop\u00e9die de l&#039;actualit\u00e9 sportive\",\"publisher\":{\"@id\":\"https:\/\/dicodusport.fr\/blog\/#organization\"},\"potentialAction\":[{\"@type\":\"SearchAction\",\"target\":{\"@type\":\"EntryPoint\",\"urlTemplate\":\"https:\/\/dicodusport.fr\/blog\/?s={search_term_string}\"},\"query-input\":{\"@type\":\"PropertyValueSpecification\",\"valueRequired\":true,\"valueName\":\"search_term_string\"}}],\"inLanguage\":\"fr-FR\"},{\"@type\":\"NewsMediaOrganization\",\"@id\":\"https:\/\/dicodusport.fr\/blog\/#organization\",\"name\":\"Dicodusport\",\"url\":\"https:\/\/dicodusport.fr\/blog\/\",\"logo\":{\"@type\":\"ImageObject\",\"inLanguage\":\"fr-FR\",\"@id\":\"https:\/\/dicodusport.fr\/blog\/#\/schema\/logo\/image\/\",\"url\":\"https:\/\/dicodusport.fr\/blog\/wp-content\/uploads\/2020\/06\/cropped-LOGO-DICODUSPORT-2020-SANS-FOND-SANS-TEXTE.png\",\"contentUrl\":\"https:\/\/dicodusport.fr\/blog\/wp-content\/uploads\/2020\/06\/cropped-LOGO-DICODUSPORT-2020-SANS-FOND-SANS-TEXTE.png\",\"width\":512,\"height\":512,\"caption\":\"Dicodusport\"},\"image\":{\"@id\":\"https:\/\/dicodusport.fr\/blog\/#\/schema\/logo\/image\/\"},\"sameAs\":[\"https:\/\/www.facebook.com\/dicodusport\",\"https:\/\/x.com\/dicodusport\",\"https:\/\/www.instagram.com\/dicodusport\/\",\"https:\/\/www.youtube.com\/channel\/UC7V2KZ5sd3htJivAbA4ZG3w\"],\"description\":\"Dicodusport est l'encyclop\u00e9die de l'actualit\u00e9 sportive.\",\"email\":\"bonjour@dicodusport.fr\",\"legalName\":\"DICODUSPORT\",\"foundingDate\":\"2018-01-14\",\"vatID\":\"FR71834470973\",\"taxID\":\"83447097300043\",\"numberOfEmployees\":{\"@type\":\"QuantitativeValue\",\"minValue\":\"1\",\"maxValue\":\"10\"}},{\"@type\":\"Person\",\"@id\":\"https:\/\/dicodusport.fr\/blog\/#\/schema\/person\/627966a6cde45dbd8c5e36ac85d783da\",\"name\":\"S\u00e9bastien Gente\",\"image\":{\"@type\":\"ImageObject\",\"inLanguage\":\"fr-FR\",\"@id\":\"https:\/\/dicodusport.fr\/blog\/#\/schema\/person\/image\/\",\"url\":\"https:\/\/dicodusport.fr\/blog\/wp-content\/uploads\/2021\/09\/1510990_10205810251400683_4124423575079401707_n-150x150.jpg\",\"contentUrl\":\"https:\/\/dicodusport.fr\/blog\/wp-content\/uploads\/2021\/09\/1510990_10205810251400683_4124423575079401707_n-150x150.jpg\",\"caption\":\"S\u00e9bastien Gente\"},\"description\":\"John Stockton, Gianni Bugno, Zinedine Zidane, Steffi Graf, Frode Andresen, St\u00e9phane Stoecklin, Davis Kamoga, Primoz Peterka, Werner Schlager et Aur\u00e9lien Rougerie. Point commun entre ces sportifs? Ils m'ont fait r\u00eaver et ont berc\u00e9 mon adolescence. Je suis un fondu de sports et j'essaie de retranscrire ma passion \u00e0 travers mes articles. Originaire du P\u00e9rigord, ma passion pour les Girondins, les Jaunards et les Jazzmen transpire dans mes \u00e9crits. \u00c0 Dicodusport depuis 2021, je d\u00e9niche les sports m\u00e9connus dans lesquels la France brille, et il y en a !\",\"sameAs\":[\"https:\/\/www.facebook.com\/sebastien.gente\/\",\"https:\/\/www.instagram.com\/sebgente\/\",\"https:\/\/www.linkedin.com\/in\/sbastien-gente-a29583169\/\",\"https:\/\/x.com\/https:\/\/twitter.com\/globulo24\",\"SebastienGente\"],\"worksFor\":\"S\u00e9bastien GENTE\",\"url\":\"https:\/\/dicodusport.fr\/blog\/author\/sebastiengente\/\"}]}<\/script>\n<!-- \/ Yoast SEO Premium plugin. -->","yoast_head_json":{"title":"Coupe Davis 2022 : La France bat la Belgique pour l'honneur","description":"COUPE DAVIS - D\u00e9j\u00e0 \u00e9limin\u00e9s de la course aux phases finales, les Bleus ont sauv\u00e9 la face en battant difficilement la Belgique (2-1)","robots":{"index":"index","follow":"follow","max-snippet":"max-snippet:-1","max-image-preview":"max-image-preview:large","max-video-preview":"max-video-preview:-1"},"canonical":"https:\/\/dicodusport.fr\/blog\/coupe-davis-2022-la-france-bat-la-belgique-pour-lhonneur\/","og_locale":"fr_FR","og_type":"article","og_title":"Coupe Davis 2022 : La France bat la Belgique pour l'honneur","og_description":"COUPE DAVIS - D\u00e9j\u00e0 \u00e9limin\u00e9s de la course aux phases finales, les Bleus ont sauv\u00e9 la face en battant difficilement la Belgique (2-1)","og_url":"https:\/\/dicodusport.fr\/blog\/coupe-davis-2022-la-france-bat-la-belgique-pour-lhonneur\/","og_site_name":"Dicodusport","article_publisher":"https:\/\/www.facebook.com\/dicodusport","article_author":"https:\/\/www.facebook.com\/sebastien.gente\/","article_published_time":"2022-09-17T18:10:57+00:00","article_modified_time":"2022-09-18T08:26:00+00:00","og_image":[{"width":800,"height":445,"url":"https:\/\/dicodusport.fr\/blog\/wp-content\/uploads\/2022\/09\/Coupe-Davis-2022-La-France-bat-la-Belgique-pour-lhonneur.png","type":"image\/png"}],"author":"S\u00e9bastien Gente","twitter_card":"summary_large_image","twitter_title":"Coupe Davis 2022 : La France bat la Belgique pour l'honneur","twitter_creator":"@https:\/\/twitter.com\/globulo24","twitter_site":"@dicodusport","schema":{"@context":"https:\/\/schema.org","@graph":[{"@type":"NewsArticle","@id":"https:\/\/dicodusport.fr\/blog\/coupe-davis-2022-la-france-bat-la-belgique-pour-lhonneur\/#article","isPartOf":{"@id":"https:\/\/dicodusport.fr\/blog\/coupe-davis-2022-la-france-bat-la-belgique-pour-lhonneur\/"},"author":{"name":"S\u00e9bastien Gente","@id":"https:\/\/dicodusport.fr\/blog\/#\/schema\/person\/627966a6cde45dbd8c5e36ac85d783da"},"headline":"Coupe Davis 2022 : La France bat la Belgique pour l&rsquo;honneur","datePublished":"2022-09-17T18:10:57+00:00","dateModified":"2022-09-18T08:26:00+00:00","mainEntityOfPage":{"@id":"https:\/\/dicodusport.fr\/blog\/coupe-davis-2022-la-france-bat-la-belgique-pour-lhonneur\/"},"wordCount":571,"commentCount":0,"publisher":{"@id":"https:\/\/dicodusport.fr\/blog\/#organization"},"image":{"@id":"https:\/\/dicodusport.fr\/blog\/coupe-davis-2022-la-france-bat-la-belgique-pour-lhonneur\/#primaryimage"},"thumbnailUrl":"https:\/\/dicodusport.fr\/blog\/wp-content\/uploads\/2022\/09\/Coupe-Davis-2022-La-France-bat-la-Belgique-pour-lhonneur.png","keywords":["Arthur Rinderknech","Benjamin Bonzi","Nicolas Mahut","Richard Gasquet"],"articleSection":["Tennis"],"inLanguage":"fr-FR","potentialAction":[{"@type":"CommentAction","name":"Comment","target":["https:\/\/dicodusport.fr\/blog\/coupe-davis-2022-la-france-bat-la-belgique-pour-lhonneur\/#respond"]}],"copyrightYear":"2022","copyrightHolder":{"@id":"https:\/\/dicodusport.fr\/blog\/#organization"}},{"@type":"WebPage","@id":"https:\/\/dicodusport.fr\/blog\/coupe-davis-2022-la-france-bat-la-belgique-pour-lhonneur\/","url":"https:\/\/dicodusport.fr\/blog\/coupe-davis-2022-la-france-bat-la-belgique-pour-lhonneur\/","name":"Coupe Davis 2022 : La France bat la Belgique pour l'honneur","isPartOf":{"@id":"https:\/\/dicodusport.fr\/blog\/#website"},"primaryImageOfPage":{"@id":"https:\/\/dicodusport.fr\/blog\/coupe-davis-2022-la-france-bat-la-belgique-pour-lhonneur\/#primaryimage"},"image":{"@id":"https:\/\/dicodusport.fr\/blog\/coupe-davis-2022-la-france-bat-la-belgique-pour-lhonneur\/#primaryimage"},"thumbnailUrl":"https:\/\/dicodusport.fr\/blog\/wp-content\/uploads\/2022\/09\/Coupe-Davis-2022-La-France-bat-la-Belgique-pour-lhonneur.png","datePublished":"2022-09-17T18:10:57+00:00","dateModified":"2022-09-18T08:26:00+00:00","description":"COUPE DAVIS - D\u00e9j\u00e0 \u00e9limin\u00e9s de la course aux phases finales, les Bleus ont sauv\u00e9 la face en battant difficilement la Belgique (2-1)","breadcrumb":{"@id":"https:\/\/dicodusport.fr\/blog\/coupe-davis-2022-la-france-bat-la-belgique-pour-lhonneur\/#breadcrumb"},"inLanguage":"fr-FR","potentialAction":[{"@type":"ReadAction","target":["https:\/\/dicodusport.fr\/blog\/coupe-davis-2022-la-france-bat-la-belgique-pour-lhonneur\/"]}]},{"@type":"ImageObject","inLanguage":"fr-FR","@id":"https:\/\/dicodusport.fr\/blog\/coupe-davis-2022-la-france-bat-la-belgique-pour-lhonneur\/#primaryimage","url":"https:\/\/dicodusport.fr\/blog\/wp-content\/uploads\/2022\/09\/Coupe-Davis-2022-La-France-bat-la-Belgique-pour-lhonneur.png","contentUrl":"https:\/\/dicodusport.fr\/blog\/wp-content\/uploads\/2022\/09\/Coupe-Davis-2022-La-France-bat-la-Belgique-pour-lhonneur.png","width":800,"height":445,"caption":"Coupe Davis 2022 La France bat la Belgique pour l'honneur"},{"@type":"BreadcrumbList","@id":"https:\/\/dicodusport.fr\/blog\/coupe-davis-2022-la-france-bat-la-belgique-pour-lhonneur\/#breadcrumb","itemListElement":[{"@type":"ListItem","position":1,"name":"Accueil","item":"https:\/\/dicodusport.fr\/blog\/"},{"@type":"ListItem","position":2,"name":"Coupe Davis 2022 : La France bat la Belgique pour l&rsquo;honneur"}]},{"@type":"WebSite","@id":"https:\/\/dicodusport.fr\/blog\/#website","url":"https:\/\/dicodusport.fr\/blog\/","name":"Dicodusport","description":"L&#039;encyclop\u00e9die de l&#039;actualit\u00e9 sportive","publisher":{"@id":"https:\/\/dicodusport.fr\/blog\/#organization"},"potentialAction":[{"@type":"SearchAction","target":{"@type":"EntryPoint","urlTemplate":"https:\/\/dicodusport.fr\/blog\/?s={search_term_string}"},"query-input":{"@type":"PropertyValueSpecification","valueRequired":true,"valueName":"search_term_string"}}],"inLanguage":"fr-FR"},{"@type":"NewsMediaOrganization","@id":"https:\/\/dicodusport.fr\/blog\/#organization","name":"Dicodusport","url":"https:\/\/dicodusport.fr\/blog\/","logo":{"@type":"ImageObject","inLanguage":"fr-FR","@id":"https:\/\/dicodusport.fr\/blog\/#\/schema\/logo\/image\/","url":"https:\/\/dicodusport.fr\/blog\/wp-content\/uploads\/2020\/06\/cropped-LOGO-DICODUSPORT-2020-SANS-FOND-SANS-TEXTE.png","contentUrl":"https:\/\/dicodusport.fr\/blog\/wp-content\/uploads\/2020\/06\/cropped-LOGO-DICODUSPORT-2020-SANS-FOND-SANS-TEXTE.png","width":512,"height":512,"caption":"Dicodusport"},"image":{"@id":"https:\/\/dicodusport.fr\/blog\/#\/schema\/logo\/image\/"},"sameAs":["https:\/\/www.facebook.com\/dicodusport","https:\/\/x.com\/dicodusport","https:\/\/www.instagram.com\/dicodusport\/","https:\/\/www.youtube.com\/channel\/UC7V2KZ5sd3htJivAbA4ZG3w"],"description":"Dicodusport est l'encyclop\u00e9die de l'actualit\u00e9 sportive.","email":"bonjour@dicodusport.fr","legalName":"DICODUSPORT","foundingDate":"2018-01-14","vatID":"FR71834470973","taxID":"83447097300043","numberOfEmployees":{"@type":"QuantitativeValue","minValue":"1","maxValue":"10"}},{"@type":"Person","@id":"https:\/\/dicodusport.fr\/blog\/#\/schema\/person\/627966a6cde45dbd8c5e36ac85d783da","name":"S\u00e9bastien Gente","image":{"@type":"ImageObject","inLanguage":"fr-FR","@id":"https:\/\/dicodusport.fr\/blog\/#\/schema\/person\/image\/","url":"https:\/\/dicodusport.fr\/blog\/wp-content\/uploads\/2021\/09\/1510990_10205810251400683_4124423575079401707_n-150x150.jpg","contentUrl":"https:\/\/dicodusport.fr\/blog\/wp-content\/uploads\/2021\/09\/1510990_10205810251400683_4124423575079401707_n-150x150.jpg","caption":"S\u00e9bastien Gente"},"description":"John Stockton, Gianni Bugno, Zinedine Zidane, Steffi Graf, Frode Andresen, St\u00e9phane Stoecklin, Davis Kamoga, Primoz Peterka, Werner Schlager et Aur\u00e9lien Rougerie. Point commun entre ces sportifs? Ils m'ont fait r\u00eaver et ont berc\u00e9 mon adolescence. Je suis un fondu de sports et j'essaie de retranscrire ma passion \u00e0 travers mes articles. Originaire du P\u00e9rigord, ma passion pour les Girondins, les Jaunards et les Jazzmen transpire dans mes \u00e9crits. \u00c0 Dicodusport depuis 2021, je d\u00e9niche les sports m\u00e9connus dans lesquels la France brille, et il y en a !","sameAs":["https:\/\/www.facebook.com\/sebastien.gente\/","https:\/\/www.instagram.com\/sebgente\/","https:\/\/www.linkedin.com\/in\/sbastien-gente-a29583169\/","https:\/\/x.com\/https:\/\/twitter.com\/globulo24","SebastienGente"],"worksFor":"S\u00e9bastien GENTE","url":"https:\/\/dicodusport.fr\/blog\/author\/sebastiengente\/"}]}},"_links":{"self":[{"href":"https:\/\/dicodusport.fr\/blog\/wp-json\/wp\/v2\/posts\/262792","targetHints":{"allow":["GET"]}}],"collection":[{"href":"https:\/\/dicodusport.fr\/blog\/wp-json\/wp\/v2\/posts"}],"about":[{"href":"https:\/\/dicodusport.fr\/blog\/wp-json\/wp\/v2\/types\/post"}],"author":[{"embeddable":true,"href":"https:\/\/dicodusport.fr\/blog\/wp-json\/wp\/v2\/users\/59"}],"replies":[{"embeddable":true,"href":"https:\/\/dicodusport.fr\/blog\/wp-json\/wp\/v2\/comments?post=262792"}],"version-history":[{"count":0,"href":"https:\/\/dicodusport.fr\/blog\/wp-json\/wp\/v2\/posts\/262792\/revisions"}],"wp:featuredmedia":[{"embeddable":true,"href":"https:\/\/dicodusport.fr\/blog\/wp-json\/wp\/v2\/media\/262952"}],"wp:attachment":[{"href":"https:\/\/dicodusport.fr\/blog\/wp-json\/wp\/v2\/media?parent=262792"}],"wp:term":[{"taxonomy":"category","embeddable":true,"href":"https:\/\/dicodusport.fr\/blog\/wp-json\/wp\/v2\/categories?post=262792"},{"taxonomy":"post_tag","embeddable":true,"href":"https:\/\/dicodusport.fr\/blog\/wp-json\/wp\/v2\/tags?post=262792"}],"curies":[{"name":"wp","href":"https:\/\/api.w.org\/{rel}","templated":true}]}}