{"id":263189,"date":"2022-09-18T15:34:41","date_gmt":"2022-09-18T13:34:41","guid":{"rendered":"https:\/\/dicodusport.fr\/blog\/?p=263189&#038;preview=true&#038;preview_id=263189"},"modified":"2022-09-18T15:44:58","modified_gmt":"2022-09-18T13:44:58","slug":"handball-ligue-des-champions-metz-partage-les-points-a-bucarest","status":"publish","type":"post","link":"https:\/\/dicodusport.fr\/blog\/handball-ligue-des-champions-metz-partage-les-points-a-bucarest\/","title":{"rendered":"Handball Ligue des Champions : Metz partage les points \u00e0 Bucarest"},"content":{"rendered":"<p style=\"text-align: justify;\"><i><b><a href=\"https:\/\/dicodusport.fr\/blog\/calendrier-et-resultats-ligue-des-champions-handball-femmes-2022-2023\/\">LIGUE DES CHAMPIONS FEMMES DE HANDBALL<\/a> &#8211; Apr\u00e8s avoir men\u00e9 pendant toute la rencontre, Metz Handball doit se contenter d&rsquo;un match nul (32-32) sur le parquet du Rapid Bucarest. Les 11 buts de Bruna de Paula n&rsquo;ont pas suffi pour empocher la victoire.<\/b><\/i><\/p>\n<p style=\"text-align: justify;\"><span style=\"font-weight: 400;\">Metz Handball se d\u00e9place aujourd&rsquo;hui en Roumanie pour y affronter le Rapid Bucarest. Les Fran\u00e7aises, victorieuses de leur premi\u00e8re rencontre de Ligue des Champions, retrouvent deux vieilles connaissances : <\/span><b>Orlane<\/b> <b>Kanor <\/b><span style=\"font-weight: 400;\">et <\/span><b>Alexandra Lacrab\u00e8re<\/b><span style=\"font-weight: 400;\">. Justement, le jeu de l&rsquo;\u00e9quipe roumaine passe essentiellement par les deux tricolores. <\/span><b>Kanor<\/b><span style=\"font-weight: 400;\"> et <\/span><b>Lacrab\u00e8re<\/b><span style=\"font-weight: 400;\"> dictent le jeu et terminent la plupart des actions. Les gardiennes ne se mettent pas tellement en avant sur ces premi\u00e8res minutes, <\/span><b>Hatadou Sako <\/b><span style=\"font-weight: 400;\">stoppe quelques tirs adverses par rapport \u00e0 sa vis-\u00e0-vis <\/span><b>Ivana Kapitanovic<\/b><span style=\"font-weight: 400;\">. L&rsquo;\u00e9cart se fait ici, Metz se d\u00e9tache imm\u00e9diatement gr\u00e2ce \u00e0 sa force offensive (<strong>7-12, 15\u00e8me<\/strong>).<\/span><\/p>\n<blockquote class=\"twitter-tweet\">\n<p dir=\"ltr\" lang=\"en\">A fast re-start for <a href=\"https:\/\/twitter.com\/MetzHandball?ref_src=twsrc%5Etfw\">@MetzHandball<\/a> off a fastbreak, with <a href=\"https:\/\/twitter.com\/BrunaPaula_?ref_src=twsrc%5Etfw\">@BrunaPaula_<\/a> in a starring role &#x1f320;<a href=\"https:\/\/twitter.com\/hashtag\/ehfcl?src=hash&amp;ref_src=twsrc%5Etfw\">#ehfcl<\/a> <a href=\"https:\/\/twitter.com\/hashtag\/HandmadeHistory?src=hash&amp;ref_src=twsrc%5Etfw\">#HandmadeHistory<\/a> <a href=\"https:\/\/t.co\/WP5W6Zbw0x\">pic.twitter.com\/WP5W6Zbw0x<\/a><\/p>\n<p>\u2014 EHF Champions League (@ehfcl) <a href=\"https:\/\/twitter.com\/ehfcl\/status\/1571483649006096384?ref_src=twsrc%5Etfw\">September 18, 2022<\/a><\/p><\/blockquote>\n<p style=\"text-align: justify;\"><script async src=\"https:\/\/platform.twitter.com\/widgets.js\" charset=\"utf-8\"><\/script><br \/>\n<span style=\"font-weight: 400;\">Cette premi\u00e8re mi-temps est \u00e0 tout \u00e9vidence prolifique, Bucarest a le plus grand mal \u00e0 bloquer les attaques messines. La vari\u00e9t\u00e9 des solutions trouv\u00e9es par les joueuses d&rsquo;<\/span><b>Emmanuel<\/b> <b>Mayonnade<\/b><span style=\"font-weight: 400;\"> fait que les Roumaines se font souvent battre dans leur dos ou pi\u00e9ger par des intervalles pris par Metz. La diff\u00e9rence entre les deux formations reste cons\u00e9quente \u00e0 quelques instants de la mi-temps (<strong>14-19, 25\u00e8me<\/strong>).<\/span><\/p>\n<h2 style=\"text-align: justify;\">Metz prend le large<\/h2>\n<p style=\"text-align: justify;\"><b>Sarah Bouktit<\/b><span style=\"font-weight: 400;\">, comme la semaine derni\u00e8re contre Storhamar, fait \u00e0 peu pr\u00e8s ce qu&rsquo;elle veut sur la ligne des 6 m\u00e8tres (5\/6 au shoot) et son \u00e9quipe passe la barre des vingt buts avant la fin des trente premi\u00e8res minutes,<strong> 21-16<\/strong>. D\u00e8s la reprise, Bucarest retrouve peu \u00e0 peu son r\u00e9el niveau. Plus de duret\u00e9 d\u00e9fensive et une 1-5 homme \u00e0 homme qui g\u00eane le sch\u00e9ma offensif des Messines. Sauf que <\/span><b>Bruna de Paula<\/b><span style=\"font-weight: 400;\"> et ses appuis de feu m\u00e8nent la vie dure au Rapid. 7 buts apr\u00e8s 40 minutes, la Br\u00e9silienne permet \u00e0 Metz de garder de l&rsquo;avance (<strong>21-25, 42\u00e8me<\/strong>).<\/span><\/p>\n<blockquote class=\"twitter-tweet\">\n<p dir=\"ltr\" lang=\"en\">&#x1f62e; Amazing saves from Hatadou Sako in a really tight match between <a href=\"https:\/\/twitter.com\/hashtag\/RapidBucuresti?src=hash&amp;ref_src=twsrc%5Etfw\">#RapidBucuresti<\/a> and <a href=\"https:\/\/twitter.com\/MetzHandball?ref_src=twsrc%5Etfw\">@MetzHandball<\/a> <a href=\"https:\/\/twitter.com\/hashtag\/ehfcl?src=hash&amp;ref_src=twsrc%5Etfw\">#ehfcl<\/a> <a href=\"https:\/\/twitter.com\/hashtag\/HandmadeHistory?src=hash&amp;ref_src=twsrc%5Etfw\">#HandmadeHistory<\/a> <a href=\"https:\/\/t.co\/5OkwnzGtgi\">pic.twitter.com\/5OkwnzGtgi<\/a><\/p>\n<p>\u2014 EHF Champions League (@ehfcl) <a href=\"https:\/\/twitter.com\/ehfcl\/status\/1571488752999989248?ref_src=twsrc%5Etfw\">September 18, 2022<\/a><\/p><\/blockquote>\n<p style=\"text-align: justify;\"><script async src=\"https:\/\/platform.twitter.com\/widgets.js\" charset=\"utf-8\"><\/script><\/p>\n<h2 style=\"text-align: justify;\">Le Rapid s&rsquo;est bien arrach\u00e9<\/h2>\n<p style=\"text-align: justify;\"><span style=\"font-weight: 400;\">Les Roumaines ne s&rsquo;avouent pas vaincues et r\u00e9duisent l&rsquo;\u00e9cart au minimum avant m\u00eame d&rsquo;\u00e9galiser avec 6 minutes au tableau d&rsquo;affichage. Metz joue avec le feu et va se br\u00fbler les ailes. Emmen\u00e9 par une <\/span><b>Orlane Kanor <\/b><span style=\"font-weight: 400;\">plus en confiance sur la fin de match, le Rapid Bucarest arrache un match nul apr\u00e8s avoir \u00e9t\u00e9 derri\u00e8re tout au long de la partie. <\/span><b>De Paula<\/b><span style=\"font-weight: 400;\"> a port\u00e9 son \u00e9quipe avec 11 r\u00e9alisations mais n&rsquo;a pas pu emp\u00eacher le retour au score. Samedi prochain, Metz ira \u00e0 Gy\u00f6r pour la 3e journ\u00e9e de la Ligue des Champions. Un nouveau rendez-vous ardu pour les Lorraines.<\/span><\/p>\n","protected":false},"excerpt":{"rendered":"<p>LIGUE DES CHAMPIONS FEMMES DE HANDBALL &#8211; Apr\u00e8s avoir men\u00e9 pendant toute la rencontre, Metz Handball doit se contenter d&rsquo;un match nul (32-32) sur le parquet du Rapid Bucarest. Les 11 buts de Bruna de Paula n&rsquo;ont pas suffi pour empocher la victoire.<\/p>\n","protected":false},"author":61,"featured_media":263251,"comment_status":"open","ping_status":"closed","sticky":false,"template":"","format":"standard","meta":{"_acf_changed":false,"_daextam_enable_autolinks":"","footnotes":""},"categories":[2304],"tags":[2662,405,419,1746],"class_list":["post-263189","post","type-post","status-publish","format-standard","has-post-thumbnail","hentry","category-handball","tag-ehfcl","tag-handball","tag-ligue-des-champions","tag-metz"],"acf":[],"yoast_head":"<!-- This site is optimized with the Yoast SEO Premium plugin v26.7 (Yoast SEO v26.7) - https:\/\/yoast.com\/wordpress\/plugins\/seo\/ -->\n<title>Handball Ligue des Champions : Metz partage les points \u00e0 Bucarest<\/title>\n<meta name=\"description\" content=\"Apr\u00e8s avoir men\u00e9 pendant toute la rencontre, Metz Handball doit se contenter d&#039;un match nul (32-32) sur le parquet du Rapid Bucarest.\" \/>\n<meta name=\"robots\" content=\"index, follow, max-snippet:-1, max-image-preview:large, max-video-preview:-1\" \/>\n<link rel=\"canonical\" href=\"https:\/\/dicodusport.fr\/blog\/handball-ligue-des-champions-metz-partage-les-points-a-bucarest\/\" \/>\n<meta property=\"og:locale\" content=\"fr_FR\" \/>\n<meta property=\"og:type\" content=\"article\" \/>\n<meta property=\"og:title\" content=\"Handball Ligue des Champions : Metz partage les points \u00e0 Bucarest\" \/>\n<meta property=\"og:description\" content=\"Apr\u00e8s avoir men\u00e9 pendant toute la rencontre, Metz Handball doit se contenter d&#039;un match nul (32-32) sur le parquet du Rapid Bucarest.\" \/>\n<meta property=\"og:url\" content=\"https:\/\/dicodusport.fr\/blog\/handball-ligue-des-champions-metz-partage-les-points-a-bucarest\/\" \/>\n<meta property=\"og:site_name\" content=\"Dicodusport\" \/>\n<meta property=\"article:publisher\" content=\"https:\/\/www.facebook.com\/dicodusport\" \/>\n<meta property=\"article:published_time\" content=\"2022-09-18T13:34:41+00:00\" \/>\n<meta property=\"article:modified_time\" content=\"2022-09-18T13:44:58+00:00\" \/>\n<meta property=\"og:image\" content=\"https:\/\/dicodusport.fr\/blog\/wp-content\/uploads\/2022\/09\/Handball-Ligue-des-Champions-Metz-partage-les-points-a-Bucarest.png\" \/>\n\t<meta property=\"og:image:width\" content=\"800\" \/>\n\t<meta property=\"og:image:height\" content=\"445\" \/>\n\t<meta property=\"og:image:type\" content=\"image\/png\" \/>\n<meta name=\"author\" content=\"Pierre Gorce\" \/>\n<meta name=\"twitter:card\" content=\"summary_large_image\" \/>\n<meta name=\"twitter:title\" content=\"Handball Ligue des Champions : Metz partage les points \u00e0 Bucarest\" \/>\n<meta name=\"twitter:creator\" content=\"@https:\/\/twitter.com\/pierregorce12\" \/>\n<meta name=\"twitter:site\" content=\"@dicodusport\" \/>\n<script type=\"application\/ld+json\" class=\"yoast-schema-graph\">{\"@context\":\"https:\/\/schema.org\",\"@graph\":[{\"@type\":\"NewsArticle\",\"@id\":\"https:\/\/dicodusport.fr\/blog\/handball-ligue-des-champions-metz-partage-les-points-a-bucarest\/#article\",\"isPartOf\":{\"@id\":\"https:\/\/dicodusport.fr\/blog\/handball-ligue-des-champions-metz-partage-les-points-a-bucarest\/\"},\"author\":{\"name\":\"Pierre Gorce\",\"@id\":\"https:\/\/dicodusport.fr\/blog\/#\/schema\/person\/0eaf70b33d703a1a66b1155ac1bda018\"},\"headline\":\"Handball Ligue des Champions : Metz partage les points \u00e0 Bucarest\",\"datePublished\":\"2022-09-18T13:34:41+00:00\",\"dateModified\":\"2022-09-18T13:44:58+00:00\",\"mainEntityOfPage\":{\"@id\":\"https:\/\/dicodusport.fr\/blog\/handball-ligue-des-champions-metz-partage-les-points-a-bucarest\/\"},\"wordCount\":518,\"commentCount\":0,\"publisher\":{\"@id\":\"https:\/\/dicodusport.fr\/blog\/#organization\"},\"image\":{\"@id\":\"https:\/\/dicodusport.fr\/blog\/handball-ligue-des-champions-metz-partage-les-points-a-bucarest\/#primaryimage\"},\"thumbnailUrl\":\"https:\/\/dicodusport.fr\/blog\/wp-content\/uploads\/2022\/09\/Handball-Ligue-des-Champions-Metz-partage-les-points-a-Bucarest.png\",\"keywords\":[\"EHFCL\",\"Handball\",\"Ligue des champions\",\"Metz\"],\"articleSection\":[\"Handball\"],\"inLanguage\":\"fr-FR\",\"potentialAction\":[{\"@type\":\"CommentAction\",\"name\":\"Comment\",\"target\":[\"https:\/\/dicodusport.fr\/blog\/handball-ligue-des-champions-metz-partage-les-points-a-bucarest\/#respond\"]}],\"copyrightYear\":\"2022\",\"copyrightHolder\":{\"@id\":\"https:\/\/dicodusport.fr\/blog\/#organization\"}},{\"@type\":\"WebPage\",\"@id\":\"https:\/\/dicodusport.fr\/blog\/handball-ligue-des-champions-metz-partage-les-points-a-bucarest\/\",\"url\":\"https:\/\/dicodusport.fr\/blog\/handball-ligue-des-champions-metz-partage-les-points-a-bucarest\/\",\"name\":\"Handball Ligue des Champions : Metz partage les points \u00e0 Bucarest\",\"isPartOf\":{\"@id\":\"https:\/\/dicodusport.fr\/blog\/#website\"},\"primaryImageOfPage\":{\"@id\":\"https:\/\/dicodusport.fr\/blog\/handball-ligue-des-champions-metz-partage-les-points-a-bucarest\/#primaryimage\"},\"image\":{\"@id\":\"https:\/\/dicodusport.fr\/blog\/handball-ligue-des-champions-metz-partage-les-points-a-bucarest\/#primaryimage\"},\"thumbnailUrl\":\"https:\/\/dicodusport.fr\/blog\/wp-content\/uploads\/2022\/09\/Handball-Ligue-des-Champions-Metz-partage-les-points-a-Bucarest.png\",\"datePublished\":\"2022-09-18T13:34:41+00:00\",\"dateModified\":\"2022-09-18T13:44:58+00:00\",\"description\":\"Apr\u00e8s avoir men\u00e9 pendant toute la rencontre, Metz Handball doit se contenter d'un match nul (32-32) sur le parquet du Rapid Bucarest.\",\"breadcrumb\":{\"@id\":\"https:\/\/dicodusport.fr\/blog\/handball-ligue-des-champions-metz-partage-les-points-a-bucarest\/#breadcrumb\"},\"inLanguage\":\"fr-FR\",\"potentialAction\":[{\"@type\":\"ReadAction\",\"target\":[\"https:\/\/dicodusport.fr\/blog\/handball-ligue-des-champions-metz-partage-les-points-a-bucarest\/\"]}]},{\"@type\":\"ImageObject\",\"inLanguage\":\"fr-FR\",\"@id\":\"https:\/\/dicodusport.fr\/blog\/handball-ligue-des-champions-metz-partage-les-points-a-bucarest\/#primaryimage\",\"url\":\"https:\/\/dicodusport.fr\/blog\/wp-content\/uploads\/2022\/09\/Handball-Ligue-des-Champions-Metz-partage-les-points-a-Bucarest.png\",\"contentUrl\":\"https:\/\/dicodusport.fr\/blog\/wp-content\/uploads\/2022\/09\/Handball-Ligue-des-Champions-Metz-partage-les-points-a-Bucarest.png\",\"width\":800,\"height\":445,\"caption\":\"Handball Ligue des Champions Metz partage les points \u00e0 Bucarest\"},{\"@type\":\"BreadcrumbList\",\"@id\":\"https:\/\/dicodusport.fr\/blog\/handball-ligue-des-champions-metz-partage-les-points-a-bucarest\/#breadcrumb\",\"itemListElement\":[{\"@type\":\"ListItem\",\"position\":1,\"name\":\"Accueil\",\"item\":\"https:\/\/dicodusport.fr\/blog\/\"},{\"@type\":\"ListItem\",\"position\":2,\"name\":\"Handball Ligue des Champions : Metz partage les points \u00e0 Bucarest\"}]},{\"@type\":\"WebSite\",\"@id\":\"https:\/\/dicodusport.fr\/blog\/#website\",\"url\":\"https:\/\/dicodusport.fr\/blog\/\",\"name\":\"Dicodusport\",\"description\":\"L&#039;encyclop\u00e9die de l&#039;actualit\u00e9 sportive\",\"publisher\":{\"@id\":\"https:\/\/dicodusport.fr\/blog\/#organization\"},\"potentialAction\":[{\"@type\":\"SearchAction\",\"target\":{\"@type\":\"EntryPoint\",\"urlTemplate\":\"https:\/\/dicodusport.fr\/blog\/?s={search_term_string}\"},\"query-input\":{\"@type\":\"PropertyValueSpecification\",\"valueRequired\":true,\"valueName\":\"search_term_string\"}}],\"inLanguage\":\"fr-FR\"},{\"@type\":\"NewsMediaOrganization\",\"@id\":\"https:\/\/dicodusport.fr\/blog\/#organization\",\"name\":\"Dicodusport\",\"url\":\"https:\/\/dicodusport.fr\/blog\/\",\"logo\":{\"@type\":\"ImageObject\",\"inLanguage\":\"fr-FR\",\"@id\":\"https:\/\/dicodusport.fr\/blog\/#\/schema\/logo\/image\/\",\"url\":\"https:\/\/dicodusport.fr\/blog\/wp-content\/uploads\/2020\/06\/cropped-LOGO-DICODUSPORT-2020-SANS-FOND-SANS-TEXTE.png\",\"contentUrl\":\"https:\/\/dicodusport.fr\/blog\/wp-content\/uploads\/2020\/06\/cropped-LOGO-DICODUSPORT-2020-SANS-FOND-SANS-TEXTE.png\",\"width\":512,\"height\":512,\"caption\":\"Dicodusport\"},\"image\":{\"@id\":\"https:\/\/dicodusport.fr\/blog\/#\/schema\/logo\/image\/\"},\"sameAs\":[\"https:\/\/www.facebook.com\/dicodusport\",\"https:\/\/x.com\/dicodusport\",\"https:\/\/www.instagram.com\/dicodusport\/\",\"https:\/\/www.youtube.com\/channel\/UC7V2KZ5sd3htJivAbA4ZG3w\"],\"description\":\"Dicodusport est l'encyclop\u00e9die de l'actualit\u00e9 sportive.\",\"email\":\"bonjour@dicodusport.fr\",\"legalName\":\"DICODUSPORT\",\"foundingDate\":\"2018-01-14\",\"vatID\":\"FR71834470973\",\"taxID\":\"83447097300043\",\"numberOfEmployees\":{\"@type\":\"QuantitativeValue\",\"minValue\":\"1\",\"maxValue\":\"10\"}},{\"@type\":\"Person\",\"@id\":\"https:\/\/dicodusport.fr\/blog\/#\/schema\/person\/0eaf70b33d703a1a66b1155ac1bda018\",\"name\":\"Pierre Gorce\",\"image\":{\"@type\":\"ImageObject\",\"inLanguage\":\"fr-FR\",\"@id\":\"https:\/\/dicodusport.fr\/blog\/#\/schema\/person\/image\/\",\"url\":\"https:\/\/dicodusport.fr\/blog\/wp-content\/uploads\/2022\/03\/IMG_20211214_233053_722-150x150.jpg\",\"contentUrl\":\"https:\/\/dicodusport.fr\/blog\/wp-content\/uploads\/2022\/03\/IMG_20211214_233053_722-150x150.jpg\",\"caption\":\"Pierre Gorce\"},\"description\":\"Couteau suisse venant tout droit de Haute-Savoie. Habitu\u00e9 \u00e0 regarder du sport depuis petit, j'en ai maintenant fait mon m\u00e9tier. Des sports d'hiver au surf, en passant par le tennis, la F1, le handball et l'athl\u00e9tisme, j'essaie d'avoir mes yeux sur l'enti\u00e8ret\u00e9 de l'actualit\u00e9. Jeune homme berc\u00e9 par les exploits de Jean-Baptiste Grange, Sebastian Vettel et des Experts. Membre de la g\u00e9n\u00e9ration 1999 comme Luka Doncic, Sydney McLaughlin, Lando Norris et Loana Lecomte, mais avec beaucoup moins de talent qu'eux.\",\"sameAs\":[\"https:\/\/x.com\/https:\/\/twitter.com\/pierregorce12\"],\"birthDate\":\"1999-08-29\",\"url\":\"https:\/\/dicodusport.fr\/blog\/author\/pierreg\/\"}]}<\/script>\n<!-- \/ Yoast SEO Premium plugin. -->","yoast_head_json":{"title":"Handball Ligue des Champions : Metz partage les points \u00e0 Bucarest","description":"Apr\u00e8s avoir men\u00e9 pendant toute la rencontre, Metz Handball doit se contenter d'un match nul (32-32) sur le parquet du Rapid Bucarest.","robots":{"index":"index","follow":"follow","max-snippet":"max-snippet:-1","max-image-preview":"max-image-preview:large","max-video-preview":"max-video-preview:-1"},"canonical":"https:\/\/dicodusport.fr\/blog\/handball-ligue-des-champions-metz-partage-les-points-a-bucarest\/","og_locale":"fr_FR","og_type":"article","og_title":"Handball Ligue des Champions : Metz partage les points \u00e0 Bucarest","og_description":"Apr\u00e8s avoir men\u00e9 pendant toute la rencontre, Metz Handball doit se contenter d'un match nul (32-32) sur le parquet du Rapid Bucarest.","og_url":"https:\/\/dicodusport.fr\/blog\/handball-ligue-des-champions-metz-partage-les-points-a-bucarest\/","og_site_name":"Dicodusport","article_publisher":"https:\/\/www.facebook.com\/dicodusport","article_published_time":"2022-09-18T13:34:41+00:00","article_modified_time":"2022-09-18T13:44:58+00:00","og_image":[{"width":800,"height":445,"url":"https:\/\/dicodusport.fr\/blog\/wp-content\/uploads\/2022\/09\/Handball-Ligue-des-Champions-Metz-partage-les-points-a-Bucarest.png","type":"image\/png"}],"author":"Pierre Gorce","twitter_card":"summary_large_image","twitter_title":"Handball Ligue des Champions : Metz partage les points \u00e0 Bucarest","twitter_creator":"@https:\/\/twitter.com\/pierregorce12","twitter_site":"@dicodusport","schema":{"@context":"https:\/\/schema.org","@graph":[{"@type":"NewsArticle","@id":"https:\/\/dicodusport.fr\/blog\/handball-ligue-des-champions-metz-partage-les-points-a-bucarest\/#article","isPartOf":{"@id":"https:\/\/dicodusport.fr\/blog\/handball-ligue-des-champions-metz-partage-les-points-a-bucarest\/"},"author":{"name":"Pierre Gorce","@id":"https:\/\/dicodusport.fr\/blog\/#\/schema\/person\/0eaf70b33d703a1a66b1155ac1bda018"},"headline":"Handball Ligue des Champions : Metz partage les points \u00e0 Bucarest","datePublished":"2022-09-18T13:34:41+00:00","dateModified":"2022-09-18T13:44:58+00:00","mainEntityOfPage":{"@id":"https:\/\/dicodusport.fr\/blog\/handball-ligue-des-champions-metz-partage-les-points-a-bucarest\/"},"wordCount":518,"commentCount":0,"publisher":{"@id":"https:\/\/dicodusport.fr\/blog\/#organization"},"image":{"@id":"https:\/\/dicodusport.fr\/blog\/handball-ligue-des-champions-metz-partage-les-points-a-bucarest\/#primaryimage"},"thumbnailUrl":"https:\/\/dicodusport.fr\/blog\/wp-content\/uploads\/2022\/09\/Handball-Ligue-des-Champions-Metz-partage-les-points-a-Bucarest.png","keywords":["EHFCL","Handball","Ligue des champions","Metz"],"articleSection":["Handball"],"inLanguage":"fr-FR","potentialAction":[{"@type":"CommentAction","name":"Comment","target":["https:\/\/dicodusport.fr\/blog\/handball-ligue-des-champions-metz-partage-les-points-a-bucarest\/#respond"]}],"copyrightYear":"2022","copyrightHolder":{"@id":"https:\/\/dicodusport.fr\/blog\/#organization"}},{"@type":"WebPage","@id":"https:\/\/dicodusport.fr\/blog\/handball-ligue-des-champions-metz-partage-les-points-a-bucarest\/","url":"https:\/\/dicodusport.fr\/blog\/handball-ligue-des-champions-metz-partage-les-points-a-bucarest\/","name":"Handball Ligue des Champions : Metz partage les points \u00e0 Bucarest","isPartOf":{"@id":"https:\/\/dicodusport.fr\/blog\/#website"},"primaryImageOfPage":{"@id":"https:\/\/dicodusport.fr\/blog\/handball-ligue-des-champions-metz-partage-les-points-a-bucarest\/#primaryimage"},"image":{"@id":"https:\/\/dicodusport.fr\/blog\/handball-ligue-des-champions-metz-partage-les-points-a-bucarest\/#primaryimage"},"thumbnailUrl":"https:\/\/dicodusport.fr\/blog\/wp-content\/uploads\/2022\/09\/Handball-Ligue-des-Champions-Metz-partage-les-points-a-Bucarest.png","datePublished":"2022-09-18T13:34:41+00:00","dateModified":"2022-09-18T13:44:58+00:00","description":"Apr\u00e8s avoir men\u00e9 pendant toute la rencontre, Metz Handball doit se contenter d'un match nul (32-32) sur le parquet du Rapid Bucarest.","breadcrumb":{"@id":"https:\/\/dicodusport.fr\/blog\/handball-ligue-des-champions-metz-partage-les-points-a-bucarest\/#breadcrumb"},"inLanguage":"fr-FR","potentialAction":[{"@type":"ReadAction","target":["https:\/\/dicodusport.fr\/blog\/handball-ligue-des-champions-metz-partage-les-points-a-bucarest\/"]}]},{"@type":"ImageObject","inLanguage":"fr-FR","@id":"https:\/\/dicodusport.fr\/blog\/handball-ligue-des-champions-metz-partage-les-points-a-bucarest\/#primaryimage","url":"https:\/\/dicodusport.fr\/blog\/wp-content\/uploads\/2022\/09\/Handball-Ligue-des-Champions-Metz-partage-les-points-a-Bucarest.png","contentUrl":"https:\/\/dicodusport.fr\/blog\/wp-content\/uploads\/2022\/09\/Handball-Ligue-des-Champions-Metz-partage-les-points-a-Bucarest.png","width":800,"height":445,"caption":"Handball Ligue des Champions Metz partage les points \u00e0 Bucarest"},{"@type":"BreadcrumbList","@id":"https:\/\/dicodusport.fr\/blog\/handball-ligue-des-champions-metz-partage-les-points-a-bucarest\/#breadcrumb","itemListElement":[{"@type":"ListItem","position":1,"name":"Accueil","item":"https:\/\/dicodusport.fr\/blog\/"},{"@type":"ListItem","position":2,"name":"Handball Ligue des Champions : Metz partage les points \u00e0 Bucarest"}]},{"@type":"WebSite","@id":"https:\/\/dicodusport.fr\/blog\/#website","url":"https:\/\/dicodusport.fr\/blog\/","name":"Dicodusport","description":"L&#039;encyclop\u00e9die de l&#039;actualit\u00e9 sportive","publisher":{"@id":"https:\/\/dicodusport.fr\/blog\/#organization"},"potentialAction":[{"@type":"SearchAction","target":{"@type":"EntryPoint","urlTemplate":"https:\/\/dicodusport.fr\/blog\/?s={search_term_string}"},"query-input":{"@type":"PropertyValueSpecification","valueRequired":true,"valueName":"search_term_string"}}],"inLanguage":"fr-FR"},{"@type":"NewsMediaOrganization","@id":"https:\/\/dicodusport.fr\/blog\/#organization","name":"Dicodusport","url":"https:\/\/dicodusport.fr\/blog\/","logo":{"@type":"ImageObject","inLanguage":"fr-FR","@id":"https:\/\/dicodusport.fr\/blog\/#\/schema\/logo\/image\/","url":"https:\/\/dicodusport.fr\/blog\/wp-content\/uploads\/2020\/06\/cropped-LOGO-DICODUSPORT-2020-SANS-FOND-SANS-TEXTE.png","contentUrl":"https:\/\/dicodusport.fr\/blog\/wp-content\/uploads\/2020\/06\/cropped-LOGO-DICODUSPORT-2020-SANS-FOND-SANS-TEXTE.png","width":512,"height":512,"caption":"Dicodusport"},"image":{"@id":"https:\/\/dicodusport.fr\/blog\/#\/schema\/logo\/image\/"},"sameAs":["https:\/\/www.facebook.com\/dicodusport","https:\/\/x.com\/dicodusport","https:\/\/www.instagram.com\/dicodusport\/","https:\/\/www.youtube.com\/channel\/UC7V2KZ5sd3htJivAbA4ZG3w"],"description":"Dicodusport est l'encyclop\u00e9die de l'actualit\u00e9 sportive.","email":"bonjour@dicodusport.fr","legalName":"DICODUSPORT","foundingDate":"2018-01-14","vatID":"FR71834470973","taxID":"83447097300043","numberOfEmployees":{"@type":"QuantitativeValue","minValue":"1","maxValue":"10"}},{"@type":"Person","@id":"https:\/\/dicodusport.fr\/blog\/#\/schema\/person\/0eaf70b33d703a1a66b1155ac1bda018","name":"Pierre Gorce","image":{"@type":"ImageObject","inLanguage":"fr-FR","@id":"https:\/\/dicodusport.fr\/blog\/#\/schema\/person\/image\/","url":"https:\/\/dicodusport.fr\/blog\/wp-content\/uploads\/2022\/03\/IMG_20211214_233053_722-150x150.jpg","contentUrl":"https:\/\/dicodusport.fr\/blog\/wp-content\/uploads\/2022\/03\/IMG_20211214_233053_722-150x150.jpg","caption":"Pierre Gorce"},"description":"Couteau suisse venant tout droit de Haute-Savoie. Habitu\u00e9 \u00e0 regarder du sport depuis petit, j'en ai maintenant fait mon m\u00e9tier. Des sports d'hiver au surf, en passant par le tennis, la F1, le handball et l'athl\u00e9tisme, j'essaie d'avoir mes yeux sur l'enti\u00e8ret\u00e9 de l'actualit\u00e9. Jeune homme berc\u00e9 par les exploits de Jean-Baptiste Grange, Sebastian Vettel et des Experts. Membre de la g\u00e9n\u00e9ration 1999 comme Luka Doncic, Sydney McLaughlin, Lando Norris et Loana Lecomte, mais avec beaucoup moins de talent qu'eux.","sameAs":["https:\/\/x.com\/https:\/\/twitter.com\/pierregorce12"],"birthDate":"1999-08-29","url":"https:\/\/dicodusport.fr\/blog\/author\/pierreg\/"}]}},"_links":{"self":[{"href":"https:\/\/dicodusport.fr\/blog\/wp-json\/wp\/v2\/posts\/263189","targetHints":{"allow":["GET"]}}],"collection":[{"href":"https:\/\/dicodusport.fr\/blog\/wp-json\/wp\/v2\/posts"}],"about":[{"href":"https:\/\/dicodusport.fr\/blog\/wp-json\/wp\/v2\/types\/post"}],"author":[{"embeddable":true,"href":"https:\/\/dicodusport.fr\/blog\/wp-json\/wp\/v2\/users\/61"}],"replies":[{"embeddable":true,"href":"https:\/\/dicodusport.fr\/blog\/wp-json\/wp\/v2\/comments?post=263189"}],"version-history":[{"count":0,"href":"https:\/\/dicodusport.fr\/blog\/wp-json\/wp\/v2\/posts\/263189\/revisions"}],"wp:featuredmedia":[{"embeddable":true,"href":"https:\/\/dicodusport.fr\/blog\/wp-json\/wp\/v2\/media\/263251"}],"wp:attachment":[{"href":"https:\/\/dicodusport.fr\/blog\/wp-json\/wp\/v2\/media?parent=263189"}],"wp:term":[{"taxonomy":"category","embeddable":true,"href":"https:\/\/dicodusport.fr\/blog\/wp-json\/wp\/v2\/categories?post=263189"},{"taxonomy":"post_tag","embeddable":true,"href":"https:\/\/dicodusport.fr\/blog\/wp-json\/wp\/v2\/tags?post=263189"}],"curies":[{"name":"wp","href":"https:\/\/api.w.org\/{rel}","templated":true}]}}