{"id":263198,"date":"2022-09-18T14:20:36","date_gmt":"2022-09-18T12:20:36","guid":{"rendered":"https:\/\/dicodusport.fr\/blog\/?p=263198&#038;preview=true&#038;preview_id=263198"},"modified":"2022-09-18T14:26:10","modified_gmt":"2022-09-18T12:26:10","slug":"video-la-terrible-chute-de-fabio-quartararo-apres-un-contact-avec-marc-marquez","status":"publish","type":"post","link":"https:\/\/dicodusport.fr\/blog\/video-la-terrible-chute-de-fabio-quartararo-apres-un-contact-avec-marc-marquez\/","title":{"rendered":"[Vid\u00e9o] La terrible chute de Fabio Quartararo apr\u00e8s un contact avec Marc Marquez"},"content":{"rendered":"<p style=\"text-align: justify;\"><strong><em><a href=\"https:\/\/dicodusport.fr\/blog\/motogp-pays-bas-2022-horaires-programme-tv-et-resultats\/\">MOTO GP D&rsquo;ARAGON 2022<\/a> &#8211; Fabio Quartararo (Yamaha) a chut\u00e9 et abandonn\u00e9 d\u00e8s le premier tour du Grand Prix d&rsquo;Aragon ce dimanche, apr\u00e8s un contact avec Marc Marquez (Honda).\u00a0 \u00a0<\/em><\/strong><\/p>\n<p style=\"text-align: justify;\"><strong>Fabio Quartararo<\/strong> va bien, mais il a perdu tr\u00e8s gros avec cet abandon en voyant la concurrence revenir au classement g\u00e9n\u00e9ral des pilotes, <strong>Pecco Bagnaia<\/strong> (Ducati) en t\u00eate. <strong>Marc Marquez<\/strong> (Honda) a perdu l&rsquo;arri\u00e8re et le Fran\u00e7ais n&rsquo;a pas pu \u00e9viter l&rsquo;Espagnol, avant d&rsquo;\u00eatre propuls\u00e9 au sol.<\/p>\n<blockquote class=\"twitter-tweet\">\n<p dir=\"ltr\" lang=\"fr\">OHHH ! \u00c9norme chute de Fabio Quartararo, qui reste sur le c\u00f4t\u00e9 de la piste.<br \/>\nAvant que Nakagami ne tombe. Les 2 pilotes sont OK &#x2705;<\/p>\n<p>Quel d\u00e9but de course ! &#x1f631;<a href=\"https:\/\/twitter.com\/hashtag\/AragonGP?src=hash&amp;ref_src=twsrc%5Etfw\">#AragonGP<\/a> &#x1f1ea;&#x1f1f8; | <a href=\"https:\/\/twitter.com\/hashtag\/MotoGP?src=hash&amp;ref_src=twsrc%5Etfw\">#MotoGP<\/a> <a href=\"https:\/\/t.co\/yQXgoeiUKk\">pic.twitter.com\/yQXgoeiUKk<\/a><\/p>\n<p>\u2014 CANAL+ MotoGP&#x2122; (@CanalplusMotoGP) <a href=\"https:\/\/twitter.com\/CanalplusMotoGP\/status\/1571470356199645190?ref_src=twsrc%5Etfw\">September 18, 2022<\/a><\/p><\/blockquote>\n<p><script async src=\"https:\/\/platform.twitter.com\/widgets.js\" charset=\"utf-8\"><\/script><\/p>\n","protected":false},"excerpt":{"rendered":"<p>MOTO GP D&rsquo;ARAGON 2022 &#8211; Fabio Quartararo (Yamaha) a chut\u00e9 et abandonn\u00e9 d\u00e8s le premier tour du Grand Prix d&rsquo;Aragon ce dimanche, apr\u00e8s un contact avec Marc Marquez (Honda).\u00a0 \u00a0<\/p>\n","protected":false},"author":1,"featured_media":263201,"comment_status":"open","ping_status":"closed","sticky":false,"template":"","format":"standard","meta":{"_acf_changed":false,"_daextam_enable_autolinks":"","footnotes":""},"categories":[47087],"tags":[5205,4736,19126],"class_list":["post-263198","post","type-post","status-publish","format-standard","has-post-thumbnail","hentry","category-motogp","tag-fabio-quartararo","tag-moto-gp","tag-motogp-aragon"],"acf":[],"yoast_head":"<!-- This site is optimized with the Yoast SEO Premium plugin v26.7 (Yoast SEO v26.7) - https:\/\/yoast.com\/wordpress\/plugins\/seo\/ -->\n<title>[Vid\u00e9o] La terrible chute de Fabio Quartararo apr\u00e8s un contact avec Marc Marquez<\/title>\n<meta name=\"description\" content=\"MOTO GP D&#039;ARAGON 2022 - Fabio Quartararo (Yamaha) a chut\u00e9 et abandonn\u00e9 d\u00e8s le premier tour du Grand Prix d&#039;Aragon.\" \/>\n<meta name=\"robots\" content=\"index, follow, max-snippet:-1, max-image-preview:large, max-video-preview:-1\" \/>\n<link rel=\"canonical\" href=\"https:\/\/dicodusport.fr\/blog\/video-la-terrible-chute-de-fabio-quartararo-apres-un-contact-avec-marc-marquez\/\" \/>\n<meta property=\"og:locale\" content=\"fr_FR\" \/>\n<meta property=\"og:type\" content=\"article\" \/>\n<meta property=\"og:title\" content=\"[Vid\u00e9o] La terrible chute de Fabio Quartararo apr\u00e8s un contact avec Marc Marquez\" \/>\n<meta property=\"og:description\" content=\"MOTO GP D&#039;ARAGON 2022 - Fabio Quartararo (Yamaha) a chut\u00e9 et abandonn\u00e9 d\u00e8s le premier tour du Grand Prix d&#039;Aragon.\" \/>\n<meta property=\"og:url\" content=\"https:\/\/dicodusport.fr\/blog\/video-la-terrible-chute-de-fabio-quartararo-apres-un-contact-avec-marc-marquez\/\" \/>\n<meta property=\"og:site_name\" content=\"Dicodusport\" \/>\n<meta property=\"article:publisher\" content=\"https:\/\/www.facebook.com\/dicodusport\" \/>\n<meta property=\"article:author\" content=\"https:\/\/www.facebook.com\/dicodusport\" \/>\n<meta property=\"article:published_time\" content=\"2022-09-18T12:20:36+00:00\" \/>\n<meta property=\"article:modified_time\" content=\"2022-09-18T12:26:10+00:00\" \/>\n<meta property=\"og:image\" content=\"https:\/\/dicodusport.fr\/blog\/wp-content\/uploads\/2022\/09\/Vide\u0301o-La-terrible-chute-de-Fabio-Quartararo-apre\u0300s-un-contact-avec-Marc-Marquez.png\" \/>\n\t<meta property=\"og:image:width\" content=\"800\" \/>\n\t<meta property=\"og:image:height\" content=\"445\" \/>\n\t<meta property=\"og:image:type\" content=\"image\/png\" \/>\n<meta name=\"author\" content=\"Nicolas Jacquemard\" \/>\n<meta name=\"twitter:card\" content=\"summary_large_image\" \/>\n<meta name=\"twitter:title\" content=\"[Vid\u00e9o] La terrible chute de Fabio Quartararo apr\u00e8s un contact avec Marc Marquez\" \/>\n<meta name=\"twitter:creator\" content=\"@https:\/\/twitter.com\/Nico_Jacquemard\" \/>\n<meta name=\"twitter:site\" content=\"@dicodusport\" \/>\n<script type=\"application\/ld+json\" class=\"yoast-schema-graph\">{\"@context\":\"https:\/\/schema.org\",\"@graph\":[{\"@type\":\"NewsArticle\",\"@id\":\"https:\/\/dicodusport.fr\/blog\/video-la-terrible-chute-de-fabio-quartararo-apres-un-contact-avec-marc-marquez\/#article\",\"isPartOf\":{\"@id\":\"https:\/\/dicodusport.fr\/blog\/video-la-terrible-chute-de-fabio-quartararo-apres-un-contact-avec-marc-marquez\/\"},\"author\":{\"name\":\"Nicolas Jacquemard\",\"@id\":\"https:\/\/dicodusport.fr\/blog\/#\/schema\/person\/55dcb50ad410894e431ed812bbb70191\"},\"headline\":\"[Vid\u00e9o] La terrible chute de Fabio Quartararo apr\u00e8s un contact avec Marc Marquez\",\"datePublished\":\"2022-09-18T12:20:36+00:00\",\"dateModified\":\"2022-09-18T12:26:10+00:00\",\"mainEntityOfPage\":{\"@id\":\"https:\/\/dicodusport.fr\/blog\/video-la-terrible-chute-de-fabio-quartararo-apres-un-contact-avec-marc-marquez\/\"},\"wordCount\":153,\"commentCount\":1,\"publisher\":{\"@id\":\"https:\/\/dicodusport.fr\/blog\/#organization\"},\"image\":{\"@id\":\"https:\/\/dicodusport.fr\/blog\/video-la-terrible-chute-de-fabio-quartararo-apres-un-contact-avec-marc-marquez\/#primaryimage\"},\"thumbnailUrl\":\"https:\/\/dicodusport.fr\/blog\/wp-content\/uploads\/2022\/09\/Vide\u0301o-La-terrible-chute-de-Fabio-Quartararo-apre\u0300s-un-contact-avec-Marc-Marquez.png\",\"keywords\":[\"Fabio Quartararo\",\"Moto GP\",\"MotoGP Aragon\"],\"articleSection\":[\"MotoGP\"],\"inLanguage\":\"fr-FR\",\"potentialAction\":[{\"@type\":\"CommentAction\",\"name\":\"Comment\",\"target\":[\"https:\/\/dicodusport.fr\/blog\/video-la-terrible-chute-de-fabio-quartararo-apres-un-contact-avec-marc-marquez\/#respond\"]}],\"copyrightYear\":\"2022\",\"copyrightHolder\":{\"@id\":\"https:\/\/dicodusport.fr\/blog\/#organization\"}},{\"@type\":\"WebPage\",\"@id\":\"https:\/\/dicodusport.fr\/blog\/video-la-terrible-chute-de-fabio-quartararo-apres-un-contact-avec-marc-marquez\/\",\"url\":\"https:\/\/dicodusport.fr\/blog\/video-la-terrible-chute-de-fabio-quartararo-apres-un-contact-avec-marc-marquez\/\",\"name\":\"[Vid\u00e9o] La terrible chute de Fabio Quartararo apr\u00e8s un contact avec Marc Marquez\",\"isPartOf\":{\"@id\":\"https:\/\/dicodusport.fr\/blog\/#website\"},\"primaryImageOfPage\":{\"@id\":\"https:\/\/dicodusport.fr\/blog\/video-la-terrible-chute-de-fabio-quartararo-apres-un-contact-avec-marc-marquez\/#primaryimage\"},\"image\":{\"@id\":\"https:\/\/dicodusport.fr\/blog\/video-la-terrible-chute-de-fabio-quartararo-apres-un-contact-avec-marc-marquez\/#primaryimage\"},\"thumbnailUrl\":\"https:\/\/dicodusport.fr\/blog\/wp-content\/uploads\/2022\/09\/Vide\u0301o-La-terrible-chute-de-Fabio-Quartararo-apre\u0300s-un-contact-avec-Marc-Marquez.png\",\"datePublished\":\"2022-09-18T12:20:36+00:00\",\"dateModified\":\"2022-09-18T12:26:10+00:00\",\"description\":\"MOTO GP D'ARAGON 2022 - Fabio Quartararo (Yamaha) a chut\u00e9 et abandonn\u00e9 d\u00e8s le premier tour du Grand Prix d'Aragon.\",\"breadcrumb\":{\"@id\":\"https:\/\/dicodusport.fr\/blog\/video-la-terrible-chute-de-fabio-quartararo-apres-un-contact-avec-marc-marquez\/#breadcrumb\"},\"inLanguage\":\"fr-FR\",\"potentialAction\":[{\"@type\":\"ReadAction\",\"target\":[\"https:\/\/dicodusport.fr\/blog\/video-la-terrible-chute-de-fabio-quartararo-apres-un-contact-avec-marc-marquez\/\"]}]},{\"@type\":\"ImageObject\",\"inLanguage\":\"fr-FR\",\"@id\":\"https:\/\/dicodusport.fr\/blog\/video-la-terrible-chute-de-fabio-quartararo-apres-un-contact-avec-marc-marquez\/#primaryimage\",\"url\":\"https:\/\/dicodusport.fr\/blog\/wp-content\/uploads\/2022\/09\/Vide\u0301o-La-terrible-chute-de-Fabio-Quartararo-apre\u0300s-un-contact-avec-Marc-Marquez.png\",\"contentUrl\":\"https:\/\/dicodusport.fr\/blog\/wp-content\/uploads\/2022\/09\/Vide\u0301o-La-terrible-chute-de-Fabio-Quartararo-apre\u0300s-un-contact-avec-Marc-Marquez.png\",\"width\":800,\"height\":445},{\"@type\":\"BreadcrumbList\",\"@id\":\"https:\/\/dicodusport.fr\/blog\/video-la-terrible-chute-de-fabio-quartararo-apres-un-contact-avec-marc-marquez\/#breadcrumb\",\"itemListElement\":[{\"@type\":\"ListItem\",\"position\":1,\"name\":\"Accueil\",\"item\":\"https:\/\/dicodusport.fr\/blog\/\"},{\"@type\":\"ListItem\",\"position\":2,\"name\":\"[Vid\u00e9o] La terrible chute de Fabio Quartararo apr\u00e8s un contact avec Marc Marquez\"}]},{\"@type\":\"WebSite\",\"@id\":\"https:\/\/dicodusport.fr\/blog\/#website\",\"url\":\"https:\/\/dicodusport.fr\/blog\/\",\"name\":\"Dicodusport\",\"description\":\"L&#039;encyclop\u00e9die de l&#039;actualit\u00e9 sportive\",\"publisher\":{\"@id\":\"https:\/\/dicodusport.fr\/blog\/#organization\"},\"potentialAction\":[{\"@type\":\"SearchAction\",\"target\":{\"@type\":\"EntryPoint\",\"urlTemplate\":\"https:\/\/dicodusport.fr\/blog\/?s={search_term_string}\"},\"query-input\":{\"@type\":\"PropertyValueSpecification\",\"valueRequired\":true,\"valueName\":\"search_term_string\"}}],\"inLanguage\":\"fr-FR\"},{\"@type\":\"NewsMediaOrganization\",\"@id\":\"https:\/\/dicodusport.fr\/blog\/#organization\",\"name\":\"Dicodusport\",\"url\":\"https:\/\/dicodusport.fr\/blog\/\",\"logo\":{\"@type\":\"ImageObject\",\"inLanguage\":\"fr-FR\",\"@id\":\"https:\/\/dicodusport.fr\/blog\/#\/schema\/logo\/image\/\",\"url\":\"https:\/\/dicodusport.fr\/blog\/wp-content\/uploads\/2020\/06\/cropped-LOGO-DICODUSPORT-2020-SANS-FOND-SANS-TEXTE.png\",\"contentUrl\":\"https:\/\/dicodusport.fr\/blog\/wp-content\/uploads\/2020\/06\/cropped-LOGO-DICODUSPORT-2020-SANS-FOND-SANS-TEXTE.png\",\"width\":512,\"height\":512,\"caption\":\"Dicodusport\"},\"image\":{\"@id\":\"https:\/\/dicodusport.fr\/blog\/#\/schema\/logo\/image\/\"},\"sameAs\":[\"https:\/\/www.facebook.com\/dicodusport\",\"https:\/\/x.com\/dicodusport\",\"https:\/\/www.instagram.com\/dicodusport\/\",\"https:\/\/www.youtube.com\/channel\/UC7V2KZ5sd3htJivAbA4ZG3w\"],\"description\":\"Dicodusport est l'encyclop\u00e9die de l'actualit\u00e9 sportive.\",\"email\":\"bonjour@dicodusport.fr\",\"legalName\":\"DICODUSPORT\",\"foundingDate\":\"2018-01-14\",\"vatID\":\"FR71834470973\",\"taxID\":\"83447097300043\",\"numberOfEmployees\":{\"@type\":\"QuantitativeValue\",\"minValue\":\"1\",\"maxValue\":\"10\"}},{\"@type\":\"Person\",\"@id\":\"https:\/\/dicodusport.fr\/blog\/#\/schema\/person\/55dcb50ad410894e431ed812bbb70191\",\"name\":\"Nicolas Jacquemard\",\"image\":{\"@type\":\"ImageObject\",\"inLanguage\":\"fr-FR\",\"@id\":\"https:\/\/dicodusport.fr\/blog\/#\/schema\/person\/image\/\",\"url\":\"https:\/\/dicodusport.fr\/blog\/wp-content\/uploads\/2021\/05\/Nicolas-Jacquemard-150x150.jpeg\",\"contentUrl\":\"https:\/\/dicodusport.fr\/blog\/wp-content\/uploads\/2021\/05\/Nicolas-Jacquemard-150x150.jpeg\",\"caption\":\"Nicolas Jacquemard\"},\"description\":\"Passionn\u00e9 de sport et entrepreneur depuis mes 18 ans, la cr\u00e9ation de Dicodusport m'a sembl\u00e9 \u00e9vidente pour participer \u00e0 la m\u00e9diatisation d'un plus grand nombre de sports. Le chemin est long mais avec une \u00e9quipe des plus motiv\u00e9es et les Jeux Olympiques de Paris 2024 en point de mire, nous y arriverons ! Journaliste dans le monde du sport depuis plus de 5 ans, je traite aussi bien de football, de rugby, de biathlon que de cyclisme.\",\"sameAs\":[\"https:\/\/www.facebook.com\/dicodusport\",\"https:\/\/x.com\/https:\/\/twitter.com\/Nico_Jacquemard\"],\"url\":\"https:\/\/dicodusport.fr\/blog\/author\/dicodusport\/\"}]}<\/script>\n<!-- \/ Yoast SEO Premium plugin. -->","yoast_head_json":{"title":"[Vid\u00e9o] La terrible chute de Fabio Quartararo apr\u00e8s un contact avec Marc Marquez","description":"MOTO GP D'ARAGON 2022 - Fabio Quartararo (Yamaha) a chut\u00e9 et abandonn\u00e9 d\u00e8s le premier tour du Grand Prix d'Aragon.","robots":{"index":"index","follow":"follow","max-snippet":"max-snippet:-1","max-image-preview":"max-image-preview:large","max-video-preview":"max-video-preview:-1"},"canonical":"https:\/\/dicodusport.fr\/blog\/video-la-terrible-chute-de-fabio-quartararo-apres-un-contact-avec-marc-marquez\/","og_locale":"fr_FR","og_type":"article","og_title":"[Vid\u00e9o] La terrible chute de Fabio Quartararo apr\u00e8s un contact avec Marc Marquez","og_description":"MOTO GP D'ARAGON 2022 - Fabio Quartararo (Yamaha) a chut\u00e9 et abandonn\u00e9 d\u00e8s le premier tour du Grand Prix d'Aragon.","og_url":"https:\/\/dicodusport.fr\/blog\/video-la-terrible-chute-de-fabio-quartararo-apres-un-contact-avec-marc-marquez\/","og_site_name":"Dicodusport","article_publisher":"https:\/\/www.facebook.com\/dicodusport","article_author":"https:\/\/www.facebook.com\/dicodusport","article_published_time":"2022-09-18T12:20:36+00:00","article_modified_time":"2022-09-18T12:26:10+00:00","og_image":[{"width":800,"height":445,"url":"https:\/\/dicodusport.fr\/blog\/wp-content\/uploads\/2022\/09\/Vide\u0301o-La-terrible-chute-de-Fabio-Quartararo-apre\u0300s-un-contact-avec-Marc-Marquez.png","type":"image\/png"}],"author":"Nicolas Jacquemard","twitter_card":"summary_large_image","twitter_title":"[Vid\u00e9o] La terrible chute de Fabio Quartararo apr\u00e8s un contact avec Marc Marquez","twitter_creator":"@https:\/\/twitter.com\/Nico_Jacquemard","twitter_site":"@dicodusport","schema":{"@context":"https:\/\/schema.org","@graph":[{"@type":"NewsArticle","@id":"https:\/\/dicodusport.fr\/blog\/video-la-terrible-chute-de-fabio-quartararo-apres-un-contact-avec-marc-marquez\/#article","isPartOf":{"@id":"https:\/\/dicodusport.fr\/blog\/video-la-terrible-chute-de-fabio-quartararo-apres-un-contact-avec-marc-marquez\/"},"author":{"name":"Nicolas Jacquemard","@id":"https:\/\/dicodusport.fr\/blog\/#\/schema\/person\/55dcb50ad410894e431ed812bbb70191"},"headline":"[Vid\u00e9o] La terrible chute de Fabio Quartararo apr\u00e8s un contact avec Marc Marquez","datePublished":"2022-09-18T12:20:36+00:00","dateModified":"2022-09-18T12:26:10+00:00","mainEntityOfPage":{"@id":"https:\/\/dicodusport.fr\/blog\/video-la-terrible-chute-de-fabio-quartararo-apres-un-contact-avec-marc-marquez\/"},"wordCount":153,"commentCount":1,"publisher":{"@id":"https:\/\/dicodusport.fr\/blog\/#organization"},"image":{"@id":"https:\/\/dicodusport.fr\/blog\/video-la-terrible-chute-de-fabio-quartararo-apres-un-contact-avec-marc-marquez\/#primaryimage"},"thumbnailUrl":"https:\/\/dicodusport.fr\/blog\/wp-content\/uploads\/2022\/09\/Vide\u0301o-La-terrible-chute-de-Fabio-Quartararo-apre\u0300s-un-contact-avec-Marc-Marquez.png","keywords":["Fabio Quartararo","Moto GP","MotoGP Aragon"],"articleSection":["MotoGP"],"inLanguage":"fr-FR","potentialAction":[{"@type":"CommentAction","name":"Comment","target":["https:\/\/dicodusport.fr\/blog\/video-la-terrible-chute-de-fabio-quartararo-apres-un-contact-avec-marc-marquez\/#respond"]}],"copyrightYear":"2022","copyrightHolder":{"@id":"https:\/\/dicodusport.fr\/blog\/#organization"}},{"@type":"WebPage","@id":"https:\/\/dicodusport.fr\/blog\/video-la-terrible-chute-de-fabio-quartararo-apres-un-contact-avec-marc-marquez\/","url":"https:\/\/dicodusport.fr\/blog\/video-la-terrible-chute-de-fabio-quartararo-apres-un-contact-avec-marc-marquez\/","name":"[Vid\u00e9o] La terrible chute de Fabio Quartararo apr\u00e8s un contact avec Marc Marquez","isPartOf":{"@id":"https:\/\/dicodusport.fr\/blog\/#website"},"primaryImageOfPage":{"@id":"https:\/\/dicodusport.fr\/blog\/video-la-terrible-chute-de-fabio-quartararo-apres-un-contact-avec-marc-marquez\/#primaryimage"},"image":{"@id":"https:\/\/dicodusport.fr\/blog\/video-la-terrible-chute-de-fabio-quartararo-apres-un-contact-avec-marc-marquez\/#primaryimage"},"thumbnailUrl":"https:\/\/dicodusport.fr\/blog\/wp-content\/uploads\/2022\/09\/Vide\u0301o-La-terrible-chute-de-Fabio-Quartararo-apre\u0300s-un-contact-avec-Marc-Marquez.png","datePublished":"2022-09-18T12:20:36+00:00","dateModified":"2022-09-18T12:26:10+00:00","description":"MOTO GP D'ARAGON 2022 - Fabio Quartararo (Yamaha) a chut\u00e9 et abandonn\u00e9 d\u00e8s le premier tour du Grand Prix d'Aragon.","breadcrumb":{"@id":"https:\/\/dicodusport.fr\/blog\/video-la-terrible-chute-de-fabio-quartararo-apres-un-contact-avec-marc-marquez\/#breadcrumb"},"inLanguage":"fr-FR","potentialAction":[{"@type":"ReadAction","target":["https:\/\/dicodusport.fr\/blog\/video-la-terrible-chute-de-fabio-quartararo-apres-un-contact-avec-marc-marquez\/"]}]},{"@type":"ImageObject","inLanguage":"fr-FR","@id":"https:\/\/dicodusport.fr\/blog\/video-la-terrible-chute-de-fabio-quartararo-apres-un-contact-avec-marc-marquez\/#primaryimage","url":"https:\/\/dicodusport.fr\/blog\/wp-content\/uploads\/2022\/09\/Vide\u0301o-La-terrible-chute-de-Fabio-Quartararo-apre\u0300s-un-contact-avec-Marc-Marquez.png","contentUrl":"https:\/\/dicodusport.fr\/blog\/wp-content\/uploads\/2022\/09\/Vide\u0301o-La-terrible-chute-de-Fabio-Quartararo-apre\u0300s-un-contact-avec-Marc-Marquez.png","width":800,"height":445},{"@type":"BreadcrumbList","@id":"https:\/\/dicodusport.fr\/blog\/video-la-terrible-chute-de-fabio-quartararo-apres-un-contact-avec-marc-marquez\/#breadcrumb","itemListElement":[{"@type":"ListItem","position":1,"name":"Accueil","item":"https:\/\/dicodusport.fr\/blog\/"},{"@type":"ListItem","position":2,"name":"[Vid\u00e9o] La terrible chute de Fabio Quartararo apr\u00e8s un contact avec Marc Marquez"}]},{"@type":"WebSite","@id":"https:\/\/dicodusport.fr\/blog\/#website","url":"https:\/\/dicodusport.fr\/blog\/","name":"Dicodusport","description":"L&#039;encyclop\u00e9die de l&#039;actualit\u00e9 sportive","publisher":{"@id":"https:\/\/dicodusport.fr\/blog\/#organization"},"potentialAction":[{"@type":"SearchAction","target":{"@type":"EntryPoint","urlTemplate":"https:\/\/dicodusport.fr\/blog\/?s={search_term_string}"},"query-input":{"@type":"PropertyValueSpecification","valueRequired":true,"valueName":"search_term_string"}}],"inLanguage":"fr-FR"},{"@type":"NewsMediaOrganization","@id":"https:\/\/dicodusport.fr\/blog\/#organization","name":"Dicodusport","url":"https:\/\/dicodusport.fr\/blog\/","logo":{"@type":"ImageObject","inLanguage":"fr-FR","@id":"https:\/\/dicodusport.fr\/blog\/#\/schema\/logo\/image\/","url":"https:\/\/dicodusport.fr\/blog\/wp-content\/uploads\/2020\/06\/cropped-LOGO-DICODUSPORT-2020-SANS-FOND-SANS-TEXTE.png","contentUrl":"https:\/\/dicodusport.fr\/blog\/wp-content\/uploads\/2020\/06\/cropped-LOGO-DICODUSPORT-2020-SANS-FOND-SANS-TEXTE.png","width":512,"height":512,"caption":"Dicodusport"},"image":{"@id":"https:\/\/dicodusport.fr\/blog\/#\/schema\/logo\/image\/"},"sameAs":["https:\/\/www.facebook.com\/dicodusport","https:\/\/x.com\/dicodusport","https:\/\/www.instagram.com\/dicodusport\/","https:\/\/www.youtube.com\/channel\/UC7V2KZ5sd3htJivAbA4ZG3w"],"description":"Dicodusport est l'encyclop\u00e9die de l'actualit\u00e9 sportive.","email":"bonjour@dicodusport.fr","legalName":"DICODUSPORT","foundingDate":"2018-01-14","vatID":"FR71834470973","taxID":"83447097300043","numberOfEmployees":{"@type":"QuantitativeValue","minValue":"1","maxValue":"10"}},{"@type":"Person","@id":"https:\/\/dicodusport.fr\/blog\/#\/schema\/person\/55dcb50ad410894e431ed812bbb70191","name":"Nicolas Jacquemard","image":{"@type":"ImageObject","inLanguage":"fr-FR","@id":"https:\/\/dicodusport.fr\/blog\/#\/schema\/person\/image\/","url":"https:\/\/dicodusport.fr\/blog\/wp-content\/uploads\/2021\/05\/Nicolas-Jacquemard-150x150.jpeg","contentUrl":"https:\/\/dicodusport.fr\/blog\/wp-content\/uploads\/2021\/05\/Nicolas-Jacquemard-150x150.jpeg","caption":"Nicolas Jacquemard"},"description":"Passionn\u00e9 de sport et entrepreneur depuis mes 18 ans, la cr\u00e9ation de Dicodusport m'a sembl\u00e9 \u00e9vidente pour participer \u00e0 la m\u00e9diatisation d'un plus grand nombre de sports. Le chemin est long mais avec une \u00e9quipe des plus motiv\u00e9es et les Jeux Olympiques de Paris 2024 en point de mire, nous y arriverons ! Journaliste dans le monde du sport depuis plus de 5 ans, je traite aussi bien de football, de rugby, de biathlon que de cyclisme.","sameAs":["https:\/\/www.facebook.com\/dicodusport","https:\/\/x.com\/https:\/\/twitter.com\/Nico_Jacquemard"],"url":"https:\/\/dicodusport.fr\/blog\/author\/dicodusport\/"}]}},"_links":{"self":[{"href":"https:\/\/dicodusport.fr\/blog\/wp-json\/wp\/v2\/posts\/263198","targetHints":{"allow":["GET"]}}],"collection":[{"href":"https:\/\/dicodusport.fr\/blog\/wp-json\/wp\/v2\/posts"}],"about":[{"href":"https:\/\/dicodusport.fr\/blog\/wp-json\/wp\/v2\/types\/post"}],"author":[{"embeddable":true,"href":"https:\/\/dicodusport.fr\/blog\/wp-json\/wp\/v2\/users\/1"}],"replies":[{"embeddable":true,"href":"https:\/\/dicodusport.fr\/blog\/wp-json\/wp\/v2\/comments?post=263198"}],"version-history":[{"count":0,"href":"https:\/\/dicodusport.fr\/blog\/wp-json\/wp\/v2\/posts\/263198\/revisions"}],"wp:featuredmedia":[{"embeddable":true,"href":"https:\/\/dicodusport.fr\/blog\/wp-json\/wp\/v2\/media\/263201"}],"wp:attachment":[{"href":"https:\/\/dicodusport.fr\/blog\/wp-json\/wp\/v2\/media?parent=263198"}],"wp:term":[{"taxonomy":"category","embeddable":true,"href":"https:\/\/dicodusport.fr\/blog\/wp-json\/wp\/v2\/categories?post=263198"},{"taxonomy":"post_tag","embeddable":true,"href":"https:\/\/dicodusport.fr\/blog\/wp-json\/wp\/v2\/tags?post=263198"}],"curies":[{"name":"wp","href":"https:\/\/api.w.org\/{rel}","templated":true}]}}